{"id":16552,"date":"2018-07-05T10:52:32","date_gmt":"2018-07-05T08:52:32","guid":{"rendered":"https:\/\/www.jazzzeitung.de\/cms\/?p=16552"},"modified":"2018-07-04T10:56:43","modified_gmt":"2018-07-04T08:56:43","slug":"jazz-oratorium-von-und-mit-battista-lena-beim-mannheimer-sommer","status":"publish","type":"post","link":"https:\/\/www.jazzzeitung.de\/cms\/2018\/07\/jazz-oratorium-von-und-mit-battista-lena-beim-mannheimer-sommer\/","title":{"rendered":"+++ Konzertkalender H\u00fcrth +++ Jazz-Oratorium von und mit Battista Lena beim \u201eMannheimer Sommer\u201c +++"},"content":{"rendered":"<p>Im Rahmen der Konzert-Reihe \u00ab<strong>JAZZSOMMER spezial<\/strong>\u00bb heizt der Jazzclub H\u00fcrth im Juli 2018 Musikfreunden mit<strong> zwei Open-air-Konzerten<\/strong> ein. Auf dem ehemaligen Schulhof des historischen Geb\u00e4udes in der Herm\u00fclheimer Stra\u00dfe, in dem sich auch der gem\u00fctliche Jazzkeller befindet, spielt am <strong>20. Juli<\/strong> \u00ab<strong>Portofino<\/strong>\u00bb auf einer Freilichtb\u00fchne. Seit f\u00fcnfzehn Jahren steht die Band f\u00fcr <strong>Latin-Jazz vom Feinsten.<\/strong> Erstmals in H\u00fcrth wird \u00abPortofino\u00bb mit seiner neuen S\u00e4ngerin <strong>Marioka Mu\u00f1iz<\/strong> auftreten. Aus ihrer nordargentinischen Heimat bringt Mu\u00f1iz balladenhafte, melancholische Kl\u00e4nge mit, die dem eing\u00e4ngigen \u00abPortofino\u00bb-Mix aus Tango, Danz\u00f3n und Salsa neue W\u00fcrze geben. Band-Gr\u00fcndungsmitglied <strong>Marcus Seibert<\/strong> freut sich \u00fcber den Neuzugang: \u201eMarioka ist eine junge S\u00e4ngerin, die frisch in Deutschland ist und mit ihren musikalischen Erfahrungen hervorragend unser Ensemble erg\u00e4nzt, das sich ganz und gar dem Latin-Jazz verschrieben hat\u201c, meint Seibert und f\u00fcgt hinzu: \u201eErstmals sind wir auch mit Mona Roth in H\u00fcrth, die am Keyboard die Salsa-Einfl\u00fcsse unseres Sounds verst\u00e4rkt. Auch das Publikum, das uns schon l\u00e4nger kennt, darf sich also auf neue Kl\u00e4nge in gewohnter Qualit\u00e4t freuen. Musikfreunde erhalten vor allem im zweiten Teil unseres Konzerts Gelegenheit, das Tanzbein zu schwingen.\u201c In H\u00fcrth wird Marcus Seibert leider verhindert sein. Mit Posaunist <strong>Benjamin Degen<\/strong> hat sich aber ein hervorragender Ersatz gefunden, dem der Latin-Jazz genauso eine Herzensangelegenheit ist wie seinen Kollegen.<\/p>\n<p>Ein <strong>Wiedersehen mit Musik-Legende Joe Cocker <\/strong>erwartet das Publikum am <strong>21. Juli <\/strong>beim zweiten Open-air-Konzert des Jazzclubs. Die Band \u00ab<strong>Cocker on the Rocks \u2013 A Tribute to Joe<\/strong>\u00bb ist auf die Musik Joe Cockers spezialisiert. Den Musikern rund um S\u00e4nger Herbert Gottschlich geht es darum, die gro\u00dfen Momente aus der Karriere des britischen Rock- und Bluess\u00e4ngers, der in diesem Jahr 74 geworden w\u00e4re, wieder lebendig werden zu lassen. \u201eUnser S\u00e4nger Herbert lebt Joe Cocker, dessen Musik pure Emotion war\u201c, unterstreicht Bernd Immel, Keyboarder des Ensembles. \u201eWir sind eine Tribute-Band, die sich bewusst an Joes Live-Konzerten orientiert \u2013 dazu geh\u00f6ren insbesondere auch sein Konzert von 1997 auf der Berliner Waldb\u00fchne oder sein Auftritt bei Woodstock, der n\u00e4chstes Jahr \u00fcbrigens 50 Jahre her sein wird. Ein Open-air-Konzert in H\u00fcrth ist nat\u00fcrlich eine wunderbare Gelegenheit, genau an diese Sternstunden der Musik anzukn\u00fcpfen\u201c, so Immel weiter.<\/p>\n<p>Weiter Infos unter <a href=\"http:\/\/www.jazzclub-huerth.de\">www.jazzclub-huerth.de<\/a><\/p>\n<p>+++<\/p>\n<p><strong>Im Rahmen des Mannheimer Sommers 2018<\/strong>, das Europ\u00e4ische Festival f\u00fcr Musik und Theater, das j\u00e4hrlich vom Mannheimer Nationaltheater veranstaltet wird, findet am 18. Juli ein Jazz-Oratorium von und mit Battista Lena statt. Der italienische Film- und Jazz-Komponist stellt dabei sein Album \u201eI cosmonauti russi\u201c vor, das der Inspiration aus der Toskana entstanden und f\u00fcr Sprecher, S\u00e4ngerin, Jazzband und Blasorchester konzipiert ist. Es bietet Jazz zwischen Futurismus und Folklore, Street-March-Themen\u00a0 und Latin-Rythmen. Zur Band um Battista Lena geh\u00f6ren unter anderen der Klarinettist Gabriele Mirabassi und Trompeter Enrico Rava. Die preisgek\u00f6rnte Mannheimer Bl\u00e4serphilharmonie wird sich der 45-k\u00f6pfigen toskanischen Band Sonora an diesem Abend anschlie\u00dfen und das Jazz-Oratorium im Opernhaus des Nationaltheaters Mannheims gestalten.<\/p>\n<p>Battista Lena und Enrice Rava geben au\u00dferdem am 19. Juli ein Konzert im Theatercaf\u00e9 des Nationaltheaters. Der Eintritt dazu ist frei.<\/p>\n<p>Weitere Informationen: <a href=\"https:\/\/www.nationaltheater-mannheim.de\/de\/stueck_details.php?SID=3149\">www.nationaltheater-mannheim.de<\/a><\/p>\n","protected":false},"excerpt":{"rendered":"<p>Im Rahmen der Konzert-Reihe \u00abJAZZSOMMER spezial\u00bb heizt der Jazzclub H\u00fcrth im Juli 2018 Musikfreunden mit zwei Open-air-Konzerten ein. Auf dem ehemaligen Schulhof des historischen Geb\u00e4udes in der Herm\u00fclheimer Stra\u00dfe, in dem sich auch der gem\u00fctliche Jazzkeller befindet, spielt am 20. Juli \u00abPortofino\u00bb auf einer Freilichtb\u00fchne. Seit f\u00fcnfzehn Jahren steht die Band f\u00fcr Latin-Jazz vom Feinsten. Erstmals in H\u00fcrth wird \u00abPortofino\u00bb mit seiner neuen S\u00e4ngerin Marioka Mu\u00f1iz auftreten. Aus ihrer nordargentinischen Heimat bringt Mu\u00f1iz balladenhafte, melancholische Kl\u00e4nge mit, die dem eing\u00e4ngigen \u00abPortofino\u00bb-Mix aus Tango, Danz\u00f3n und Salsa neue W\u00fcrze geben. Band-Gr\u00fcndungsmitglied Marcus Seibert freut sich \u00fcber den Neuzugang: \u201eMarioka ist eine junge S\u00e4ngerin, die frisch in Deutschland ist und mit ihren musikalischen Erfahrungen hervorragend unser Ensemble erg\u00e4nzt, das sich ganz und gar dem Latin-Jazz verschrieben hat\u201c, meint Seibert und f\u00fcgt hinzu: \u201eErstmals sind wir auch mit Mona Roth in H\u00fcrth, die am Keyboard die Salsa-Einfl\u00fcsse unseres Sounds verst\u00e4rkt. Auch das Publikum, das uns schon l\u00e4nger kennt, darf sich also auf neue Kl\u00e4nge in gewohnter Qualit\u00e4t freuen. Musikfreunde erhalten vor allem im zweiten Teil unseres Konzerts Gelegenheit, das Tanzbein zu schwingen.\u201c In H\u00fcrth wird Marcus Seibert leider &hellip;<\/p>\n","protected":false},"author":18,"featured_media":16578,"comment_status":"open","ping_status":"closed","sticky":false,"template":"","format":"standard","meta":{"_jetpack_memberships_contains_paid_content":false,"footnotes":"","jetpack_publicize_message":"","jetpack_publicize_feature_enabled":true,"jetpack_social_post_already_shared":false,"jetpack_social_options":{"image_generator_settings":{"template":"highway","default_image_id":0,"font":"","enabled":false},"version":2}},"categories":[633],"tags":[2013,1613,2012,3,2009,2010,322,374,2011],"coauthors":[695],"class_list":["post-16552","post","type-post","status-publish","format-standard","has-post-thumbnail","hentry","category-nachrichten","tag-battiasta-lena","tag-enrico-rava","tag-europaeisches-festival-fuer-musik-und-theater","tag-festival","tag-jazzclub-huerth","tag-joe-cocker","tag-konzert-2","tag-mannheim","tag-mannheimer-sommer"],"yoast_head":"<!-- This site is optimized with the Yoast SEO plugin v27.5 - https:\/\/yoast.com\/product\/yoast-seo-wordpress\/ -->\n<title>+++ Konzertkalender H\u00fcrth +++ Jazz-Oratorium von und mit Battista Lena beim \u201eMannheimer Sommer\u201c +++ - JazzZeitung<\/title>\n<meta name=\"robots\" content=\"index, follow, max-snippet:-1, max-image-preview:large, max-video-preview:-1\" \/>\n<link rel=\"canonical\" href=\"https:\/\/www.jazzzeitung.de\/cms\/2018\/07\/jazz-oratorium-von-und-mit-battista-lena-beim-mannheimer-sommer\/\" \/>\n<meta property=\"og:locale\" content=\"de_DE\" \/>\n<meta property=\"og:type\" content=\"article\" \/>\n<meta property=\"og:title\" content=\"+++ Konzertkalender H\u00fcrth +++ Jazz-Oratorium von und mit Battista Lena beim \u201eMannheimer Sommer\u201c +++ - JazzZeitung\" \/>\n<meta property=\"og:description\" content=\"Im Rahmen der Konzert-Reihe \u00abJAZZSOMMER spezial\u00bb heizt der Jazzclub H\u00fcrth im Juli 2018 Musikfreunden mit zwei Open-air-Konzerten ein. Auf dem ehemaligen Schulhof des historischen Geb\u00e4udes in der Herm\u00fclheimer Stra\u00dfe, in dem sich auch der gem\u00fctliche Jazzkeller befindet, spielt am 20. Juli \u00abPortofino\u00bb auf einer Freilichtb\u00fchne. Seit f\u00fcnfzehn Jahren steht die Band f\u00fcr Latin-Jazz vom Feinsten. Erstmals in H\u00fcrth wird \u00abPortofino\u00bb mit seiner neuen S\u00e4ngerin Marioka Mu\u00f1iz auftreten. Aus ihrer nordargentinischen Heimat bringt Mu\u00f1iz balladenhafte, melancholische Kl\u00e4nge mit, die dem eing\u00e4ngigen \u00abPortofino\u00bb-Mix aus Tango, Danz\u00f3n und Salsa neue W\u00fcrze geben. Band-Gr\u00fcndungsmitglied Marcus Seibert freut sich \u00fcber den Neuzugang: \u201eMarioka ist eine junge S\u00e4ngerin, die frisch in Deutschland ist und mit ihren musikalischen Erfahrungen hervorragend unser Ensemble erg\u00e4nzt, das sich ganz und gar dem Latin-Jazz verschrieben hat\u201c, meint Seibert und f\u00fcgt hinzu: \u201eErstmals sind wir auch mit Mona Roth in H\u00fcrth, die am Keyboard die Salsa-Einfl\u00fcsse unseres Sounds verst\u00e4rkt. Auch das Publikum, das uns schon l\u00e4nger kennt, darf sich also auf neue Kl\u00e4nge in gewohnter Qualit\u00e4t freuen. Musikfreunde erhalten vor allem im zweiten Teil unseres Konzerts Gelegenheit, das Tanzbein zu schwingen.\u201c In H\u00fcrth wird Marcus Seibert leider &hellip;\" \/>\n<meta property=\"og:url\" content=\"https:\/\/www.jazzzeitung.de\/cms\/2018\/07\/jazz-oratorium-von-und-mit-battista-lena-beim-mannheimer-sommer\/\" \/>\n<meta property=\"og:site_name\" content=\"JazzZeitung\" \/>\n<meta property=\"article:publisher\" content=\"https:\/\/www.facebook.com\/JazzZeitung\/\" \/>\n<meta property=\"article:published_time\" content=\"2018-07-05T08:52:32+00:00\" \/>\n<meta property=\"og:image\" content=\"https:\/\/www.jazzzeitung.de\/cms\/wp-content\/uploads\/2018\/07\/21.07.2018-Cocker-on-the-Rocks2-Foto-Ralf-k\u00f6nig-900x565.jpg\" \/>\n\t<meta property=\"og:image:width\" content=\"900\" \/>\n\t<meta property=\"og:image:height\" content=\"565\" \/>\n\t<meta property=\"og:image:type\" content=\"image\/jpeg\" \/>\n<meta name=\"author\" content=\"Redaktion JazzZeitung\" \/>\n<script type=\"application\/ld+json\" class=\"yoast-schema-graph\">{\"@context\":\"https:\\\/\\\/schema.org\",\"@graph\":[{\"@type\":\"Article\",\"@id\":\"https:\\\/\\\/www.jazzzeitung.de\\\/cms\\\/2018\\\/07\\\/jazz-oratorium-von-und-mit-battista-lena-beim-mannheimer-sommer\\\/#article\",\"isPartOf\":{\"@id\":\"https:\\\/\\\/www.jazzzeitung.de\\\/cms\\\/2018\\\/07\\\/jazz-oratorium-von-und-mit-battista-lena-beim-mannheimer-sommer\\\/\"},\"author\":{\"name\":\"Redaktion JazzZeitung\",\"@id\":\"https:\\\/\\\/www.jazzzeitung.de\\\/cms\\\/#\\\/schema\\\/person\\\/2245b36b9cd1d24cea10f01c031fb92b\"},\"headline\":\"+++ Konzertkalender H\u00fcrth +++ Jazz-Oratorium von und mit Battista Lena beim \u201eMannheimer Sommer\u201c +++\",\"datePublished\":\"2018-07-05T08:52:32+00:00\",\"mainEntityOfPage\":{\"@id\":\"https:\\\/\\\/www.jazzzeitung.de\\\/cms\\\/2018\\\/07\\\/jazz-oratorium-von-und-mit-battista-lena-beim-mannheimer-sommer\\\/\"},\"wordCount\":544,\"commentCount\":0,\"publisher\":{\"@id\":\"https:\\\/\\\/www.jazzzeitung.de\\\/cms\\\/#organization\"},\"image\":{\"@id\":\"https:\\\/\\\/www.jazzzeitung.de\\\/cms\\\/2018\\\/07\\\/jazz-oratorium-von-und-mit-battista-lena-beim-mannheimer-sommer\\\/#primaryimage\"},\"thumbnailUrl\":\"https:\\\/\\\/i0.wp.com\\\/www.jazzzeitung.de\\\/cms\\\/wp-content\\\/uploads\\\/2018\\\/07\\\/21.07.2018-Cocker-on-the-Rocks2-Foto-Ralf-k%C3%B6nig.jpg?fit=4780%2C3003&ssl=1\",\"keywords\":[\"Battiasta Lena\",\"Enrico Rava\",\"Europ\u00e4isches Festival f\u00fcr Musik und Theater\",\"Festival\",\"Jazzclub H\u00fcrth\",\"Joe Cocker\",\"Konzert\",\"Mannheim\",\"Mannheimer Sommer\"],\"articleSection\":[\"News\"],\"inLanguage\":\"de\",\"potentialAction\":[{\"@type\":\"CommentAction\",\"name\":\"Comment\",\"target\":[\"https:\\\/\\\/www.jazzzeitung.de\\\/cms\\\/2018\\\/07\\\/jazz-oratorium-von-und-mit-battista-lena-beim-mannheimer-sommer\\\/#respond\"]}]},{\"@type\":\"WebPage\",\"@id\":\"https:\\\/\\\/www.jazzzeitung.de\\\/cms\\\/2018\\\/07\\\/jazz-oratorium-von-und-mit-battista-lena-beim-mannheimer-sommer\\\/\",\"url\":\"https:\\\/\\\/www.jazzzeitung.de\\\/cms\\\/2018\\\/07\\\/jazz-oratorium-von-und-mit-battista-lena-beim-mannheimer-sommer\\\/\",\"name\":\"+++ Konzertkalender H\u00fcrth +++ Jazz-Oratorium von und mit Battista Lena beim \u201eMannheimer Sommer\u201c +++ - JazzZeitung\",\"isPartOf\":{\"@id\":\"https:\\\/\\\/www.jazzzeitung.de\\\/cms\\\/#website\"},\"primaryImageOfPage\":{\"@id\":\"https:\\\/\\\/www.jazzzeitung.de\\\/cms\\\/2018\\\/07\\\/jazz-oratorium-von-und-mit-battista-lena-beim-mannheimer-sommer\\\/#primaryimage\"},\"image\":{\"@id\":\"https:\\\/\\\/www.jazzzeitung.de\\\/cms\\\/2018\\\/07\\\/jazz-oratorium-von-und-mit-battista-lena-beim-mannheimer-sommer\\\/#primaryimage\"},\"thumbnailUrl\":\"https:\\\/\\\/i0.wp.com\\\/www.jazzzeitung.de\\\/cms\\\/wp-content\\\/uploads\\\/2018\\\/07\\\/21.07.2018-Cocker-on-the-Rocks2-Foto-Ralf-k%C3%B6nig.jpg?fit=4780%2C3003&ssl=1\",\"datePublished\":\"2018-07-05T08:52:32+00:00\",\"breadcrumb\":{\"@id\":\"https:\\\/\\\/www.jazzzeitung.de\\\/cms\\\/2018\\\/07\\\/jazz-oratorium-von-und-mit-battista-lena-beim-mannheimer-sommer\\\/#breadcrumb\"},\"inLanguage\":\"de\",\"potentialAction\":[{\"@type\":\"ReadAction\",\"target\":[\"https:\\\/\\\/www.jazzzeitung.de\\\/cms\\\/2018\\\/07\\\/jazz-oratorium-von-und-mit-battista-lena-beim-mannheimer-sommer\\\/\"]}]},{\"@type\":\"ImageObject\",\"inLanguage\":\"de\",\"@id\":\"https:\\\/\\\/www.jazzzeitung.de\\\/cms\\\/2018\\\/07\\\/jazz-oratorium-von-und-mit-battista-lena-beim-mannheimer-sommer\\\/#primaryimage\",\"url\":\"https:\\\/\\\/i0.wp.com\\\/www.jazzzeitung.de\\\/cms\\\/wp-content\\\/uploads\\\/2018\\\/07\\\/21.07.2018-Cocker-on-the-Rocks2-Foto-Ralf-k%C3%B6nig.jpg?fit=4780%2C3003&ssl=1\",\"contentUrl\":\"https:\\\/\\\/i0.wp.com\\\/www.jazzzeitung.de\\\/cms\\\/wp-content\\\/uploads\\\/2018\\\/07\\\/21.07.2018-Cocker-on-the-Rocks2-Foto-Ralf-k%C3%B6nig.jpg?fit=4780%2C3003&ssl=1\",\"width\":4780,\"height\":3003},{\"@type\":\"BreadcrumbList\",\"@id\":\"https:\\\/\\\/www.jazzzeitung.de\\\/cms\\\/2018\\\/07\\\/jazz-oratorium-von-und-mit-battista-lena-beim-mannheimer-sommer\\\/#breadcrumb\",\"itemListElement\":[{\"@type\":\"ListItem\",\"position\":1,\"name\":\"Startseite\",\"item\":\"https:\\\/\\\/www.jazzzeitung.de\\\/cms\\\/\"},{\"@type\":\"ListItem\",\"position\":2,\"name\":\"+++ Konzertkalender H\u00fcrth +++ Jazz-Oratorium von und mit Battista Lena beim \u201eMannheimer Sommer\u201c +++\"}]},{\"@type\":\"WebSite\",\"@id\":\"https:\\\/\\\/www.jazzzeitung.de\\\/cms\\\/#website\",\"url\":\"https:\\\/\\\/www.jazzzeitung.de\\\/cms\\\/\",\"name\":\"JazzZeitung\",\"description\":\"Jazz-News und Jazz-Kontroverses\",\"publisher\":{\"@id\":\"https:\\\/\\\/www.jazzzeitung.de\\\/cms\\\/#organization\"},\"potentialAction\":[{\"@type\":\"SearchAction\",\"target\":{\"@type\":\"EntryPoint\",\"urlTemplate\":\"https:\\\/\\\/www.jazzzeitung.de\\\/cms\\\/?s={search_term_string}\"},\"query-input\":{\"@type\":\"PropertyValueSpecification\",\"valueRequired\":true,\"valueName\":\"search_term_string\"}}],\"inLanguage\":\"de\"},{\"@type\":\"Organization\",\"@id\":\"https:\\\/\\\/www.jazzzeitung.de\\\/cms\\\/#organization\",\"name\":\"JazzZeitung online\",\"url\":\"https:\\\/\\\/www.jazzzeitung.de\\\/cms\\\/\",\"logo\":{\"@type\":\"ImageObject\",\"inLanguage\":\"de\",\"@id\":\"https:\\\/\\\/www.jazzzeitung.de\\\/cms\\\/#\\\/schema\\\/logo\\\/image\\\/\",\"url\":\"https:\\\/\\\/i0.wp.com\\\/www.jazzzeitung.de\\\/cms\\\/wp-content\\\/uploads\\\/2015\\\/08\\\/JAZZZEITUNGDE_Logo_Neu.png?fit=499%2C200&ssl=1\",\"contentUrl\":\"https:\\\/\\\/i0.wp.com\\\/www.jazzzeitung.de\\\/cms\\\/wp-content\\\/uploads\\\/2015\\\/08\\\/JAZZZEITUNGDE_Logo_Neu.png?fit=499%2C200&ssl=1\",\"width\":499,\"height\":200,\"caption\":\"JazzZeitung online\"},\"image\":{\"@id\":\"https:\\\/\\\/www.jazzzeitung.de\\\/cms\\\/#\\\/schema\\\/logo\\\/image\\\/\"},\"sameAs\":[\"https:\\\/\\\/www.facebook.com\\\/JazzZeitung\\\/\"]},{\"@type\":\"Person\",\"@id\":\"https:\\\/\\\/www.jazzzeitung.de\\\/cms\\\/#\\\/schema\\\/person\\\/2245b36b9cd1d24cea10f01c031fb92b\",\"name\":\"Redaktion JazzZeitung\",\"image\":{\"@type\":\"ImageObject\",\"inLanguage\":\"de\",\"@id\":\"https:\\\/\\\/i0.wp.com\\\/www.jazzzeitung.de\\\/cms\\\/wp-content\\\/uploads\\\/2015\\\/08\\\/JAZZZEITUNGDE_Logo_Neu.png?resize=96%2C96&ssl=159975dcacb611b5700bd619b5daf0a7a\",\"url\":\"https:\\\/\\\/i0.wp.com\\\/www.jazzzeitung.de\\\/cms\\\/wp-content\\\/uploads\\\/2015\\\/08\\\/JAZZZEITUNGDE_Logo_Neu.png?resize=96%2C96&ssl=1\",\"contentUrl\":\"https:\\\/\\\/i0.wp.com\\\/www.jazzzeitung.de\\\/cms\\\/wp-content\\\/uploads\\\/2015\\\/08\\\/JAZZZEITUNGDE_Logo_Neu.png?resize=96%2C96&ssl=1\",\"caption\":\"Redaktion JazzZeitung\"},\"description\":\"Artikel der Redaktion der JazzZeitung.\",\"sameAs\":[\"http:\\\/\\\/www.jazzzeitung.de\\\/cms\\\/\"],\"url\":\"https:\\\/\\\/www.jazzzeitung.de\\\/cms\\\/author\\\/redaktion\\\/\"}]}<\/script>\n<!-- \/ Yoast SEO plugin. -->","yoast_head_json":{"title":"+++ Konzertkalender H\u00fcrth +++ Jazz-Oratorium von und mit Battista Lena beim \u201eMannheimer Sommer\u201c +++ - JazzZeitung","robots":{"index":"index","follow":"follow","max-snippet":"max-snippet:-1","max-image-preview":"max-image-preview:large","max-video-preview":"max-video-preview:-1"},"canonical":"https:\/\/www.jazzzeitung.de\/cms\/2018\/07\/jazz-oratorium-von-und-mit-battista-lena-beim-mannheimer-sommer\/","og_locale":"de_DE","og_type":"article","og_title":"+++ Konzertkalender H\u00fcrth +++ Jazz-Oratorium von und mit Battista Lena beim \u201eMannheimer Sommer\u201c +++ - JazzZeitung","og_description":"Im Rahmen der Konzert-Reihe \u00abJAZZSOMMER spezial\u00bb heizt der Jazzclub H\u00fcrth im Juli 2018 Musikfreunden mit zwei Open-air-Konzerten ein. Auf dem ehemaligen Schulhof des historischen Geb\u00e4udes in der Herm\u00fclheimer Stra\u00dfe, in dem sich auch der gem\u00fctliche Jazzkeller befindet, spielt am 20. Juli \u00abPortofino\u00bb auf einer Freilichtb\u00fchne. Seit f\u00fcnfzehn Jahren steht die Band f\u00fcr Latin-Jazz vom Feinsten. Erstmals in H\u00fcrth wird \u00abPortofino\u00bb mit seiner neuen S\u00e4ngerin Marioka Mu\u00f1iz auftreten. Aus ihrer nordargentinischen Heimat bringt Mu\u00f1iz balladenhafte, melancholische Kl\u00e4nge mit, die dem eing\u00e4ngigen \u00abPortofino\u00bb-Mix aus Tango, Danz\u00f3n und Salsa neue W\u00fcrze geben. Band-Gr\u00fcndungsmitglied Marcus Seibert freut sich \u00fcber den Neuzugang: \u201eMarioka ist eine junge S\u00e4ngerin, die frisch in Deutschland ist und mit ihren musikalischen Erfahrungen hervorragend unser Ensemble erg\u00e4nzt, das sich ganz und gar dem Latin-Jazz verschrieben hat\u201c, meint Seibert und f\u00fcgt hinzu: \u201eErstmals sind wir auch mit Mona Roth in H\u00fcrth, die am Keyboard die Salsa-Einfl\u00fcsse unseres Sounds verst\u00e4rkt. Auch das Publikum, das uns schon l\u00e4nger kennt, darf sich also auf neue Kl\u00e4nge in gewohnter Qualit\u00e4t freuen. Musikfreunde erhalten vor allem im zweiten Teil unseres Konzerts Gelegenheit, das Tanzbein zu schwingen.\u201c In H\u00fcrth wird Marcus Seibert leider &hellip;","og_url":"https:\/\/www.jazzzeitung.de\/cms\/2018\/07\/jazz-oratorium-von-und-mit-battista-lena-beim-mannheimer-sommer\/","og_site_name":"JazzZeitung","article_publisher":"https:\/\/www.facebook.com\/JazzZeitung\/","article_published_time":"2018-07-05T08:52:32+00:00","og_image":[{"width":900,"height":565,"url":"https:\/\/www.jazzzeitung.de\/cms\/wp-content\/uploads\/2018\/07\/21.07.2018-Cocker-on-the-Rocks2-Foto-Ralf-k\u00f6nig-900x565.jpg","type":"image\/jpeg"}],"author":"Redaktion JazzZeitung","schema":{"@context":"https:\/\/schema.org","@graph":[{"@type":"Article","@id":"https:\/\/www.jazzzeitung.de\/cms\/2018\/07\/jazz-oratorium-von-und-mit-battista-lena-beim-mannheimer-sommer\/#article","isPartOf":{"@id":"https:\/\/www.jazzzeitung.de\/cms\/2018\/07\/jazz-oratorium-von-und-mit-battista-lena-beim-mannheimer-sommer\/"},"author":{"name":"Redaktion JazzZeitung","@id":"https:\/\/www.jazzzeitung.de\/cms\/#\/schema\/person\/2245b36b9cd1d24cea10f01c031fb92b"},"headline":"+++ Konzertkalender H\u00fcrth +++ Jazz-Oratorium von und mit Battista Lena beim \u201eMannheimer Sommer\u201c +++","datePublished":"2018-07-05T08:52:32+00:00","mainEntityOfPage":{"@id":"https:\/\/www.jazzzeitung.de\/cms\/2018\/07\/jazz-oratorium-von-und-mit-battista-lena-beim-mannheimer-sommer\/"},"wordCount":544,"commentCount":0,"publisher":{"@id":"https:\/\/www.jazzzeitung.de\/cms\/#organization"},"image":{"@id":"https:\/\/www.jazzzeitung.de\/cms\/2018\/07\/jazz-oratorium-von-und-mit-battista-lena-beim-mannheimer-sommer\/#primaryimage"},"thumbnailUrl":"https:\/\/i0.wp.com\/www.jazzzeitung.de\/cms\/wp-content\/uploads\/2018\/07\/21.07.2018-Cocker-on-the-Rocks2-Foto-Ralf-k%C3%B6nig.jpg?fit=4780%2C3003&ssl=1","keywords":["Battiasta Lena","Enrico Rava","Europ\u00e4isches Festival f\u00fcr Musik und Theater","Festival","Jazzclub H\u00fcrth","Joe Cocker","Konzert","Mannheim","Mannheimer Sommer"],"articleSection":["News"],"inLanguage":"de","potentialAction":[{"@type":"CommentAction","name":"Comment","target":["https:\/\/www.jazzzeitung.de\/cms\/2018\/07\/jazz-oratorium-von-und-mit-battista-lena-beim-mannheimer-sommer\/#respond"]}]},{"@type":"WebPage","@id":"https:\/\/www.jazzzeitung.de\/cms\/2018\/07\/jazz-oratorium-von-und-mit-battista-lena-beim-mannheimer-sommer\/","url":"https:\/\/www.jazzzeitung.de\/cms\/2018\/07\/jazz-oratorium-von-und-mit-battista-lena-beim-mannheimer-sommer\/","name":"+++ Konzertkalender H\u00fcrth +++ Jazz-Oratorium von und mit Battista Lena beim \u201eMannheimer Sommer\u201c +++ - JazzZeitung","isPartOf":{"@id":"https:\/\/www.jazzzeitung.de\/cms\/#website"},"primaryImageOfPage":{"@id":"https:\/\/www.jazzzeitung.de\/cms\/2018\/07\/jazz-oratorium-von-und-mit-battista-lena-beim-mannheimer-sommer\/#primaryimage"},"image":{"@id":"https:\/\/www.jazzzeitung.de\/cms\/2018\/07\/jazz-oratorium-von-und-mit-battista-lena-beim-mannheimer-sommer\/#primaryimage"},"thumbnailUrl":"https:\/\/i0.wp.com\/www.jazzzeitung.de\/cms\/wp-content\/uploads\/2018\/07\/21.07.2018-Cocker-on-the-Rocks2-Foto-Ralf-k%C3%B6nig.jpg?fit=4780%2C3003&ssl=1","datePublished":"2018-07-05T08:52:32+00:00","breadcrumb":{"@id":"https:\/\/www.jazzzeitung.de\/cms\/2018\/07\/jazz-oratorium-von-und-mit-battista-lena-beim-mannheimer-sommer\/#breadcrumb"},"inLanguage":"de","potentialAction":[{"@type":"ReadAction","target":["https:\/\/www.jazzzeitung.de\/cms\/2018\/07\/jazz-oratorium-von-und-mit-battista-lena-beim-mannheimer-sommer\/"]}]},{"@type":"ImageObject","inLanguage":"de","@id":"https:\/\/www.jazzzeitung.de\/cms\/2018\/07\/jazz-oratorium-von-und-mit-battista-lena-beim-mannheimer-sommer\/#primaryimage","url":"https:\/\/i0.wp.com\/www.jazzzeitung.de\/cms\/wp-content\/uploads\/2018\/07\/21.07.2018-Cocker-on-the-Rocks2-Foto-Ralf-k%C3%B6nig.jpg?fit=4780%2C3003&ssl=1","contentUrl":"https:\/\/i0.wp.com\/www.jazzzeitung.de\/cms\/wp-content\/uploads\/2018\/07\/21.07.2018-Cocker-on-the-Rocks2-Foto-Ralf-k%C3%B6nig.jpg?fit=4780%2C3003&ssl=1","width":4780,"height":3003},{"@type":"BreadcrumbList","@id":"https:\/\/www.jazzzeitung.de\/cms\/2018\/07\/jazz-oratorium-von-und-mit-battista-lena-beim-mannheimer-sommer\/#breadcrumb","itemListElement":[{"@type":"ListItem","position":1,"name":"Startseite","item":"https:\/\/www.jazzzeitung.de\/cms\/"},{"@type":"ListItem","position":2,"name":"+++ Konzertkalender H\u00fcrth +++ Jazz-Oratorium von und mit Battista Lena beim \u201eMannheimer Sommer\u201c +++"}]},{"@type":"WebSite","@id":"https:\/\/www.jazzzeitung.de\/cms\/#website","url":"https:\/\/www.jazzzeitung.de\/cms\/","name":"JazzZeitung","description":"Jazz-News und Jazz-Kontroverses","publisher":{"@id":"https:\/\/www.jazzzeitung.de\/cms\/#organization"},"potentialAction":[{"@type":"SearchAction","target":{"@type":"EntryPoint","urlTemplate":"https:\/\/www.jazzzeitung.de\/cms\/?s={search_term_string}"},"query-input":{"@type":"PropertyValueSpecification","valueRequired":true,"valueName":"search_term_string"}}],"inLanguage":"de"},{"@type":"Organization","@id":"https:\/\/www.jazzzeitung.de\/cms\/#organization","name":"JazzZeitung online","url":"https:\/\/www.jazzzeitung.de\/cms\/","logo":{"@type":"ImageObject","inLanguage":"de","@id":"https:\/\/www.jazzzeitung.de\/cms\/#\/schema\/logo\/image\/","url":"https:\/\/i0.wp.com\/www.jazzzeitung.de\/cms\/wp-content\/uploads\/2015\/08\/JAZZZEITUNGDE_Logo_Neu.png?fit=499%2C200&ssl=1","contentUrl":"https:\/\/i0.wp.com\/www.jazzzeitung.de\/cms\/wp-content\/uploads\/2015\/08\/JAZZZEITUNGDE_Logo_Neu.png?fit=499%2C200&ssl=1","width":499,"height":200,"caption":"JazzZeitung online"},"image":{"@id":"https:\/\/www.jazzzeitung.de\/cms\/#\/schema\/logo\/image\/"},"sameAs":["https:\/\/www.facebook.com\/JazzZeitung\/"]},{"@type":"Person","@id":"https:\/\/www.jazzzeitung.de\/cms\/#\/schema\/person\/2245b36b9cd1d24cea10f01c031fb92b","name":"Redaktion JazzZeitung","image":{"@type":"ImageObject","inLanguage":"de","@id":"https:\/\/i0.wp.com\/www.jazzzeitung.de\/cms\/wp-content\/uploads\/2015\/08\/JAZZZEITUNGDE_Logo_Neu.png?resize=96%2C96&ssl=159975dcacb611b5700bd619b5daf0a7a","url":"https:\/\/i0.wp.com\/www.jazzzeitung.de\/cms\/wp-content\/uploads\/2015\/08\/JAZZZEITUNGDE_Logo_Neu.png?resize=96%2C96&ssl=1","contentUrl":"https:\/\/i0.wp.com\/www.jazzzeitung.de\/cms\/wp-content\/uploads\/2015\/08\/JAZZZEITUNGDE_Logo_Neu.png?resize=96%2C96&ssl=1","caption":"Redaktion JazzZeitung"},"description":"Artikel der Redaktion der JazzZeitung.","sameAs":["http:\/\/www.jazzzeitung.de\/cms\/"],"url":"https:\/\/www.jazzzeitung.de\/cms\/author\/redaktion\/"}]}},"wp-worthy-pixel":{"ignored":false,"public":null,"server":null,"url":null},"wp-worthy-type":"normal","jetpack_publicize_connections":[],"cc_featured_image_caption":{"caption_text":"","source_text":"","source_url":""},"jetpack_featured_media_url":"https:\/\/i0.wp.com\/www.jazzzeitung.de\/cms\/wp-content\/uploads\/2018\/07\/21.07.2018-Cocker-on-the-Rocks2-Foto-Ralf-k%C3%B6nig.jpg?fit=4780%2C3003&ssl=1","jetpack_shortlink":"https:\/\/wp.me\/p3KEcT-4iY","jetpack-related-posts":[{"id":16696,"url":"https:\/\/www.jazzzeitung.de\/cms\/2018\/07\/open-air-premiere-am-jazzkeller-huerth\/","url_meta":{"origin":16552,"position":0},"title":"Open-Air-Premiere am Jazzkeller H\u00fcrth","author":"Redaktion JazzZeitung","date":"24. Juli 2018","format":false,"excerpt":"Im Rahmen seiner Konzert-Reihe \u00abJAZZSOMMER spezial\u00bb pr\u00e4sentierte der Jazzclub H\u00fcrth am Wochenende eine Premiere: Zum ersten Mal in der Geschichte des Vereins fanden Konzerte nicht im, sondern am Jazzkeller statt. Zum Auftakt des Open-Air-Events am Freitag hatte der Jazzclub die K\u00f6lner Latin-Formation \u00abPortofino\u00bb auf den Hof des Geb\u00e4udes geladen, in\u2026","rel":"","context":"In &quot;Bericht&quot;","block_context":{"text":"Bericht","link":"https:\/\/www.jazzzeitung.de\/cms\/thema\/bericht\/"},"img":{"alt_text":"","src":"https:\/\/i0.wp.com\/www.jazzzeitung.de\/cms\/wp-content\/uploads\/2018\/07\/CockerRocks-OpenAir-2018.jpg?fit=1200%2C549&ssl=1&resize=350%2C200","width":350,"height":200,"srcset":"https:\/\/i0.wp.com\/www.jazzzeitung.de\/cms\/wp-content\/uploads\/2018\/07\/CockerRocks-OpenAir-2018.jpg?fit=1200%2C549&ssl=1&resize=350%2C200 1x, https:\/\/i0.wp.com\/www.jazzzeitung.de\/cms\/wp-content\/uploads\/2018\/07\/CockerRocks-OpenAir-2018.jpg?fit=1200%2C549&ssl=1&resize=525%2C300 1.5x, https:\/\/i0.wp.com\/www.jazzzeitung.de\/cms\/wp-content\/uploads\/2018\/07\/CockerRocks-OpenAir-2018.jpg?fit=1200%2C549&ssl=1&resize=700%2C400 2x, https:\/\/i0.wp.com\/www.jazzzeitung.de\/cms\/wp-content\/uploads\/2018\/07\/CockerRocks-OpenAir-2018.jpg?fit=1200%2C549&ssl=1&resize=1050%2C600 3x"},"classes":[]},{"id":16255,"url":"https:\/\/www.jazzzeitung.de\/cms\/2018\/06\/news-antragsverfahren-fuer-jazzfoerderung-des-landes-baden-wuerttemberg-gestartetalter-wirt-laedt-zu-konzert-der-latin-funk-factorydas-jazzsommer-spezial-des-jazzclub-huerth-e-v\/","url_meta":{"origin":16552,"position":1},"title":"+++NEWS+++ Antragsverfahren f\u00fcr Jazzf\u00f6rderung des Landes Baden-W\u00fcrttemberg gestartet+++Alter Wirt l\u00e4dt zu Konzert der Latin Funk Factory+++Das \u201eJAZZSOMMER spezial\u201c des Jazzclub H\u00fcrth e.V.+++","author":"Redaktion JazzZeitung","date":"6. Juni 2018","format":false,"excerpt":"Antragsverfahren der Jazzf\u00f6rderung des Landes Baden-W\u00fcrttemberg startet Man wolle das Qualit\u00e4tsniveau von Jazz \u201emade in Baden-W\u00fcrttemberg\u201c weiter unterst\u00fctzen, hie\u00df es am Freitag, den 1. Juni, von der Staatssekret\u00e4rin Petra Olschowski. So wurde jeweils eine Ausschreibung zur \u201eF\u00f6rderung von Auftritten baden-w\u00fcrttembergischer Jazzmusikerinnen und Jazzmusikern au\u00dferhalb von Baden-W\u00fcrttemberg\u201c \u00a0und f\u00fcr die \u201eBaden-W\u00fcrttemberg\u2026","rel":"","context":"In &quot;News&quot;","block_context":{"text":"News","link":"https:\/\/www.jazzzeitung.de\/cms\/thema\/nachrichten\/"},"img":{"alt_text":"","src":"https:\/\/i0.wp.com\/www.jazzzeitung.de\/cms\/wp-content\/uploads\/2018\/06\/Alter-Wirt-Hohenbrunn.jpg?fit=1200%2C715&ssl=1&resize=350%2C200","width":350,"height":200,"srcset":"https:\/\/i0.wp.com\/www.jazzzeitung.de\/cms\/wp-content\/uploads\/2018\/06\/Alter-Wirt-Hohenbrunn.jpg?fit=1200%2C715&ssl=1&resize=350%2C200 1x, https:\/\/i0.wp.com\/www.jazzzeitung.de\/cms\/wp-content\/uploads\/2018\/06\/Alter-Wirt-Hohenbrunn.jpg?fit=1200%2C715&ssl=1&resize=525%2C300 1.5x, https:\/\/i0.wp.com\/www.jazzzeitung.de\/cms\/wp-content\/uploads\/2018\/06\/Alter-Wirt-Hohenbrunn.jpg?fit=1200%2C715&ssl=1&resize=700%2C400 2x, https:\/\/i0.wp.com\/www.jazzzeitung.de\/cms\/wp-content\/uploads\/2018\/06\/Alter-Wirt-Hohenbrunn.jpg?fit=1200%2C715&ssl=1&resize=1050%2C600 3x"},"classes":[]},{"id":22838,"url":"https:\/\/www.jazzzeitung.de\/cms\/2020\/06\/newsbrazzooka-gibt-konzert-im-raven-straubingjazzclub-huerth-mit-huerthsuedtirol-festival-merano-als-eins-der-ersten-festivals\/","url_meta":{"origin":16552,"position":2},"title":"news+++Brazzooka im Raven Straubing+++Jazzclub H\u00fcrth mit #H\u00dcRTH+++","author":"Redaktion JazzZeitung","date":"25. Juni 2020","format":false,"excerpt":"Erstes Indoor- Konzert im Straubinger Musikclub Raven seit Langem Die Funk- und Soul-Combo BRAZZOOKA gibt heute Abend das erste Konzert mit Publikum im Straubinger Musikclub Raven. Die neunk\u00f6pfige Band aus dem Raum Regensburg bewegt sich stilsicher durch mehr als f\u00fcnf Jahrzehnte einschl\u00e4giger Musikgeschichte: Im Repertoire finden sich Titel von Tower\u2026","rel":"","context":"In &quot;News&quot;","block_context":{"text":"News","link":"https:\/\/www.jazzzeitung.de\/cms\/thema\/nachrichten\/"},"img":{"alt_text":"","src":"https:\/\/i0.wp.com\/www.jazzzeitung.de\/cms\/wp-content\/uploads\/2020\/06\/Brazzooka-Landshut-%C2%A9Stefan-Freytag.jpg?fit=1200%2C800&ssl=1&resize=350%2C200","width":350,"height":200,"srcset":"https:\/\/i0.wp.com\/www.jazzzeitung.de\/cms\/wp-content\/uploads\/2020\/06\/Brazzooka-Landshut-%C2%A9Stefan-Freytag.jpg?fit=1200%2C800&ssl=1&resize=350%2C200 1x, https:\/\/i0.wp.com\/www.jazzzeitung.de\/cms\/wp-content\/uploads\/2020\/06\/Brazzooka-Landshut-%C2%A9Stefan-Freytag.jpg?fit=1200%2C800&ssl=1&resize=525%2C300 1.5x, https:\/\/i0.wp.com\/www.jazzzeitung.de\/cms\/wp-content\/uploads\/2020\/06\/Brazzooka-Landshut-%C2%A9Stefan-Freytag.jpg?fit=1200%2C800&ssl=1&resize=700%2C400 2x, https:\/\/i0.wp.com\/www.jazzzeitung.de\/cms\/wp-content\/uploads\/2020\/06\/Brazzooka-Landshut-%C2%A9Stefan-Freytag.jpg?fit=1200%2C800&ssl=1&resize=1050%2C600 3x"},"classes":[]},{"id":13054,"url":"https:\/\/www.jazzzeitung.de\/cms\/2017\/07\/rock-meets-jazz-im-berli-kino-in-huerth\/","url_meta":{"origin":16552,"position":3},"title":"Rock Meets Jazz im Berli Kino in H\u00fcrth","author":"Redaktion JazzZeitung","date":"17. Juli 2017","format":false,"excerpt":"Gleich vier Bands wollen bei \u201eROCK meets JAZZ\u201c im Berli Kino die Grenzen zwischen den Stilrichtungen \u00fcberwinden: Oslo, Max Schrebb Coverband, Pangea Ultra und The Dude's Quartett. \u201eDie Musik verbindet uns und deshalb wollen wir das Experiment wagen und \u00fcber die Stilrichtungen hinweg junge Musiker zusammen bringen.\u201c erl\u00e4utert G\u00fcnter Reiners,\u2026","rel":"","context":"In &quot;News&quot;","block_context":{"text":"News","link":"https:\/\/www.jazzzeitung.de\/cms\/thema\/nachrichten\/"},"img":{"alt_text":"","src":"https:\/\/i0.wp.com\/www.jazzzeitung.de\/cms\/wp-content\/uploads\/2017\/07\/Pangea-Ultima-f%C3%BCr-PM-%C2%AEPollert-150x150.jpg?resize=350%2C200&ssl=1","width":350,"height":200},"classes":[]},{"id":18960,"url":"https:\/\/www.jazzzeitung.de\/cms\/2019\/03\/von-ersatz-kann-keine-rede-sein\/","url_meta":{"origin":16552,"position":4},"title":"\u201eVon Ersatz kann keine Rede sein!\u201c &#8211; &#8222;Latin meets Gypsy&#8220; begeisterte im Jazzkeller H\u00fcrth","author":"Redaktion JazzZeitung","date":"20. M\u00e4rz 2019","format":false,"excerpt":"Nachdem das Ensemble \u00abglobalBEAT\u00bb das letzte Mal 2016 f\u00fcr den Jazzclub in H\u00fcrth aufgetreten war, h\u00e4tte die Formation rund um den Chapman-Stick-Virtuosen Christian Becker am Wochenende eigentlich erneut im Jazzkeller auf der Herm\u00fclheimer Stra\u00dfe spielen sollen. Leider sagte \u00abglobalBEAT\u00bb acht Stunden vor Konzertbeginn krankheitsbedingt ab. Da stellte sich f\u00fcr G\u00fcnter\u2026","rel":"","context":"In &quot;Bericht&quot;","block_context":{"text":"Bericht","link":"https:\/\/www.jazzzeitung.de\/cms\/thema\/bericht\/"},"img":{"alt_text":"","src":"https:\/\/i0.wp.com\/www.jazzzeitung.de\/cms\/wp-content\/uploads\/2019\/03\/DSC06760.jpg?fit=1200%2C803&ssl=1&resize=350%2C200","width":350,"height":200,"srcset":"https:\/\/i0.wp.com\/www.jazzzeitung.de\/cms\/wp-content\/uploads\/2019\/03\/DSC06760.jpg?fit=1200%2C803&ssl=1&resize=350%2C200 1x, https:\/\/i0.wp.com\/www.jazzzeitung.de\/cms\/wp-content\/uploads\/2019\/03\/DSC06760.jpg?fit=1200%2C803&ssl=1&resize=525%2C300 1.5x, https:\/\/i0.wp.com\/www.jazzzeitung.de\/cms\/wp-content\/uploads\/2019\/03\/DSC06760.jpg?fit=1200%2C803&ssl=1&resize=700%2C400 2x, https:\/\/i0.wp.com\/www.jazzzeitung.de\/cms\/wp-content\/uploads\/2019\/03\/DSC06760.jpg?fit=1200%2C803&ssl=1&resize=1050%2C600 3x"},"classes":[]},{"id":26695,"url":"https:\/\/www.jazzzeitung.de\/cms\/2022\/02\/news-4\/","url_meta":{"origin":16552,"position":5},"title":"+++ news +++ Jazzfestival Saalfelden +++ Bigband-Konzert Weimar +++ Absage H\u00fcrth +++ Bazzooka in Straubing +++","author":"Redaktion JazzZeitung","date":"3. Februar 2022","format":false,"excerpt":"+++ Jazzfestival Saalfelden - Start des Ticketverkaufs +++ Vom 18.-21. August wird das Jazzfestivals Saalfelden in seiner 42. Ausgabe stattfinden. Mehr als 60 Konzerte an unterschiedlichen Spielorten sind geplant. Mit dabei sind u.a. Isaiah Collier & The Chosen Few, Alba Careta Group, Christoph Cech Jazz Orchestra Project, Trondheim Jazz Orchestra\u2026","rel":"","context":"In &quot;News&quot;","block_context":{"text":"News","link":"https:\/\/www.jazzzeitung.de\/cms\/thema\/nachrichten\/"},"img":{"alt_text":"","src":"https:\/\/i0.wp.com\/www.jazzzeitung.de\/cms\/wp-content\/uploads\/2022\/02\/Isaiah-Collier-1.jpeg?fit=1200%2C800&ssl=1&resize=350%2C200","width":350,"height":200,"srcset":"https:\/\/i0.wp.com\/www.jazzzeitung.de\/cms\/wp-content\/uploads\/2022\/02\/Isaiah-Collier-1.jpeg?fit=1200%2C800&ssl=1&resize=350%2C200 1x, https:\/\/i0.wp.com\/www.jazzzeitung.de\/cms\/wp-content\/uploads\/2022\/02\/Isaiah-Collier-1.jpeg?fit=1200%2C800&ssl=1&resize=525%2C300 1.5x, https:\/\/i0.wp.com\/www.jazzzeitung.de\/cms\/wp-content\/uploads\/2022\/02\/Isaiah-Collier-1.jpeg?fit=1200%2C800&ssl=1&resize=700%2C400 2x, https:\/\/i0.wp.com\/www.jazzzeitung.de\/cms\/wp-content\/uploads\/2022\/02\/Isaiah-Collier-1.jpeg?fit=1200%2C800&ssl=1&resize=1050%2C600 3x"},"classes":[]}],"jetpack_sharing_enabled":true,"_links":{"self":[{"href":"https:\/\/www.jazzzeitung.de\/cms\/wp-json\/wp\/v2\/posts\/16552","targetHints":{"allow":["GET"]}}],"collection":[{"href":"https:\/\/www.jazzzeitung.de\/cms\/wp-json\/wp\/v2\/posts"}],"about":[{"href":"https:\/\/www.jazzzeitung.de\/cms\/wp-json\/wp\/v2\/types\/post"}],"author":[{"embeddable":true,"href":"https:\/\/www.jazzzeitung.de\/cms\/wp-json\/wp\/v2\/users\/18"}],"replies":[{"embeddable":true,"href":"https:\/\/www.jazzzeitung.de\/cms\/wp-json\/wp\/v2\/comments?post=16552"}],"version-history":[{"count":3,"href":"https:\/\/www.jazzzeitung.de\/cms\/wp-json\/wp\/v2\/posts\/16552\/revisions"}],"predecessor-version":[{"id":16579,"href":"https:\/\/www.jazzzeitung.de\/cms\/wp-json\/wp\/v2\/posts\/16552\/revisions\/16579"}],"wp:featuredmedia":[{"embeddable":true,"href":"https:\/\/www.jazzzeitung.de\/cms\/wp-json\/wp\/v2\/media\/16578"}],"wp:attachment":[{"href":"https:\/\/www.jazzzeitung.de\/cms\/wp-json\/wp\/v2\/media?parent=16552"}],"wp:term":[{"taxonomy":"category","embeddable":true,"href":"https:\/\/www.jazzzeitung.de\/cms\/wp-json\/wp\/v2\/categories?post=16552"},{"taxonomy":"post_tag","embeddable":true,"href":"https:\/\/www.jazzzeitung.de\/cms\/wp-json\/wp\/v2\/tags?post=16552"},{"taxonomy":"author","embeddable":true,"href":"https:\/\/www.jazzzeitung.de\/cms\/wp-json\/wp\/v2\/coauthors?post=16552"}],"curies":[{"name":"wp","href":"https:\/\/api.w.org\/{rel}","templated":true}]}}