{"id":16438,"date":"2018-06-20T11:05:18","date_gmt":"2018-06-20T09:05:18","guid":{"rendered":"https:\/\/www.jazzzeitung.de\/cms\/?p=16438"},"modified":"2018-06-20T10:24:14","modified_gmt":"2018-06-20T08:24:14","slug":"news-freisinger-jazzfest-201825-jahre-internationales-oldtime-jazz-festival-in-speyer","status":"publish","type":"post","link":"https:\/\/www.jazzzeitung.de\/cms\/2018\/06\/news-freisinger-jazzfest-201825-jahre-internationales-oldtime-jazz-festival-in-speyer\/","title":{"rendered":"+++NEWS+++ Freisinger Jazzfest 2018+++25 Jahre Internationales Oldtime Jazz Festival in Speyer+++"},"content":{"rendered":"<p><strong> 3. Freisinger Jazzfest<\/strong><br \/>\nAm Freitag den 6. Juli veranstaltet der Freisinger Kulturverein 3klang e.V. das 3. Freisinger Jazzfest. Im lauschigen Garten des Europ\u00e4ischen K\u00fcnstlerhauses Schafhof in Freising stehen an diesem Abend <a href=\"http:\/\/www.clauskochjazz.de\/\">Claus Koch &amp; Boperators<\/a> (\u201eA Tribute to Blue Note&#8220;), Stephan Holstein\u2019s \u201eClarinetology\u201c sowie<a href=\"https:\/\/soundcloud.com\/user-816216587\"> Isabel Casas y Nueva Vista<\/a> auf der Open Air-B\u00fchne. Der Eintritt f\u00fcr diesen Jazz-Event ist frei!<\/p>\n<p>Weitere Informationen: <a href=\"http:\/\/www.3klangev.de\">www.3klangev.de<\/a><\/p>\n<p>&nbsp;<\/p>\n<p><strong>\u00a0<\/strong><strong>25 Jahre Internationales Oldtime Jazz Festival in Speyer<br \/>\n<\/strong>Das Internationale Oldtime Jazz Festival in Speyer l\u00e4dt im 25. Jahr seines Bestehens vom 16. bis 19.\u00a0August 2018 in den Innenhof des historischen Rathauses. Unter dem Motto \u201efrisch und frech, ungest\u00fcm und galant, traditionsbewusst und doch jung&#8220; wird vier Tage tanzbarer Jazz pr\u00e4sentiert.<\/p>\n<p>Zum Auftakt des Festivals betritt mit <a href=\"https:\/\/harald-krueger.de\/\">Kr\u00fcger Rockt!<\/a> am Donnerstag, dem 16.\u00a0August, die B\u00fchne. Der bekannte Heidelberger Boogie Woogie Pianist Harald \u201eLee&#8220; Kr\u00fcger maltr\u00e4tiert das Piano mit H\u00e4nden, F\u00fc\u00dfen und anderen K\u00f6rperteilen. Zu h\u00f6ren gibt es Typisches f\u00fcr die F\u00fcnfziger: Schnulze, Doo-Wop, Boogie und Rockabilly. Am Freitag werden die Besucher von den <a href=\"https:\/\/soundcloud.com\/mamashakers\">Mama Shakers<\/a> empfangen. Die f\u00fcnf jungen, temperamentvollen K\u00fcnstler kommen aus Frankreich, Schweden und der T\u00fcrkei haben sich in Paris kennengelernt und aus Liebe zum ganz alten, wilden Jazz der \u201eRoaring Twenties&#8220; vor zwei Jahren ihre Band gegr\u00fcndet. Am Samstagmittag stehen Die <a href=\"http:\/\/www.bluetenweg-jazzer.de\/\">Original-Bl\u00fctenweg-Jazzer<\/a> auf der B\u00fchne und abends folgen ihnen dann die <a href=\"http:\/\/www.whiskydenker.de\/\">Whiskydenker<\/a> (Titelbild). Mit den <a href=\"https:\/\/www.polizei.rlp.de\/de\/die-polizei\/ueber-uns\/die-organisation\/landespolizeiorchester\/die-ensembles\/\">Men in Blue<\/a>, der Brass-Band des Landespolizeiorchesters Rheinland-Pfalz, klingt das Festival am Sonntag aus. Sie machen ernsthafte Musik, aber spielen funky und mit viel Spa\u00df Jazzklassiker, Hits der 70er und 80er Jahre sowie Highlights aus den aktuellen Charts.<\/p>\n<p>Weitere Informationen: <a href=\"https:\/\/www.speyer.de\/sv_speyer\/de\/Kultur\/Musik\/Oldtime%20Jazz%20Festival\/\">www.speyer.de<\/a><\/p>\n","protected":false},"excerpt":{"rendered":"<p>3. Freisinger Jazzfest Am Freitag den 6. Juli veranstaltet der Freisinger Kulturverein 3klang e.V. das 3. Freisinger Jazzfest. Im lauschigen Garten des Europ\u00e4ischen K\u00fcnstlerhauses Schafhof in Freising stehen an diesem Abend Claus Koch &amp; Boperators (\u201eA Tribute to Blue Note&#8220;), Stephan Holstein\u2019s \u201eClarinetology\u201c sowie Isabel Casas y Nueva Vista auf der Open Air-B\u00fchne. Der Eintritt f\u00fcr diesen Jazz-Event ist frei! Weitere Informationen: www.3klangev.de &nbsp; \u00a025 Jahre Internationales Oldtime Jazz Festival in Speyer Das Internationale Oldtime Jazz Festival in Speyer l\u00e4dt im 25. Jahr seines Bestehens vom 16. bis 19.\u00a0August 2018 in den Innenhof des historischen Rathauses. Unter dem Motto \u201efrisch und frech, ungest\u00fcm und galant, traditionsbewusst und doch jung&#8220; wird vier Tage tanzbarer Jazz pr\u00e4sentiert. Zum Auftakt des Festivals betritt mit Kr\u00fcger Rockt! am Donnerstag, dem 16.\u00a0August, die B\u00fchne. Der bekannte Heidelberger Boogie Woogie Pianist Harald \u201eLee&#8220; Kr\u00fcger maltr\u00e4tiert das Piano mit H\u00e4nden, F\u00fc\u00dfen und anderen K\u00f6rperteilen. Zu h\u00f6ren gibt es Typisches f\u00fcr die F\u00fcnfziger: Schnulze, Doo-Wop, Boogie und Rockabilly. Am Freitag werden die Besucher von den Mama Shakers empfangen. Die f\u00fcnf jungen, temperamentvollen K\u00fcnstler kommen aus Frankreich, Schweden und der T\u00fcrkei haben sich in &hellip;<\/p>\n","protected":false},"author":18,"featured_media":16442,"comment_status":"open","ping_status":"closed","sticky":false,"template":"","format":"standard","meta":{"_jetpack_memberships_contains_paid_content":false,"footnotes":"","jetpack_publicize_message":"","jetpack_publicize_feature_enabled":true,"jetpack_social_post_already_shared":false,"jetpack_social_options":{"image_generator_settings":{"template":"highway","default_image_id":0,"font":"","enabled":false},"version":2}},"categories":[633],"tags":[1959,1763,1104,83,1585,120,3,682,1422,1876,751,1425,1499,1951,775,431,442,494,535],"coauthors":[695],"class_list":["post-16438","post","type-post","status-publish","format-standard","has-post-thumbnail","hentry","category-nachrichten","tag-1959","tag-bass","tag-blue-note","tag-blues","tag-claus-koch","tag-club","tag-festival","tag-festivals","tag-gesang","tag-jazz","tag-jazzfest","tag-jung","tag-kuenstlerische-leitung","tag-news","tag-open","tag-paris","tag-piano","tag-schweden","tag-swing"],"yoast_head":"<!-- This site is optimized with the Yoast SEO plugin v27.5 - https:\/\/yoast.com\/product\/yoast-seo-wordpress\/ -->\n<title>+++NEWS+++ Freisinger Jazzfest 2018+++25 Jahre Internationales Oldtime Jazz Festival in Speyer+++ - JazzZeitung<\/title>\n<meta name=\"robots\" content=\"index, follow, max-snippet:-1, max-image-preview:large, max-video-preview:-1\" \/>\n<link rel=\"canonical\" href=\"https:\/\/www.jazzzeitung.de\/cms\/2018\/06\/news-freisinger-jazzfest-201825-jahre-internationales-oldtime-jazz-festival-in-speyer\/\" \/>\n<meta property=\"og:locale\" content=\"de_DE\" \/>\n<meta property=\"og:type\" content=\"article\" \/>\n<meta property=\"og:title\" content=\"+++NEWS+++ Freisinger Jazzfest 2018+++25 Jahre Internationales Oldtime Jazz Festival in Speyer+++ - JazzZeitung\" \/>\n<meta property=\"og:description\" content=\"3. Freisinger Jazzfest Am Freitag den 6. Juli veranstaltet der Freisinger Kulturverein 3klang e.V. das 3. Freisinger Jazzfest. Im lauschigen Garten des Europ\u00e4ischen K\u00fcnstlerhauses Schafhof in Freising stehen an diesem Abend Claus Koch &amp; Boperators (\u201eA Tribute to Blue Note&#8220;), Stephan Holstein\u2019s \u201eClarinetology\u201c sowie Isabel Casas y Nueva Vista auf der Open Air-B\u00fchne. Der Eintritt f\u00fcr diesen Jazz-Event ist frei! Weitere Informationen: www.3klangev.de &nbsp; \u00a025 Jahre Internationales Oldtime Jazz Festival in Speyer Das Internationale Oldtime Jazz Festival in Speyer l\u00e4dt im 25. Jahr seines Bestehens vom 16. bis 19.\u00a0August 2018 in den Innenhof des historischen Rathauses. Unter dem Motto \u201efrisch und frech, ungest\u00fcm und galant, traditionsbewusst und doch jung&#8220; wird vier Tage tanzbarer Jazz pr\u00e4sentiert. Zum Auftakt des Festivals betritt mit Kr\u00fcger Rockt! am Donnerstag, dem 16.\u00a0August, die B\u00fchne. Der bekannte Heidelberger Boogie Woogie Pianist Harald \u201eLee&#8220; Kr\u00fcger maltr\u00e4tiert das Piano mit H\u00e4nden, F\u00fc\u00dfen und anderen K\u00f6rperteilen. Zu h\u00f6ren gibt es Typisches f\u00fcr die F\u00fcnfziger: Schnulze, Doo-Wop, Boogie und Rockabilly. Am Freitag werden die Besucher von den Mama Shakers empfangen. Die f\u00fcnf jungen, temperamentvollen K\u00fcnstler kommen aus Frankreich, Schweden und der T\u00fcrkei haben sich in &hellip;\" \/>\n<meta property=\"og:url\" content=\"https:\/\/www.jazzzeitung.de\/cms\/2018\/06\/news-freisinger-jazzfest-201825-jahre-internationales-oldtime-jazz-festival-in-speyer\/\" \/>\n<meta property=\"og:site_name\" content=\"JazzZeitung\" \/>\n<meta property=\"article:publisher\" content=\"https:\/\/www.facebook.com\/JazzZeitung\/\" \/>\n<meta property=\"article:published_time\" content=\"2018-06-20T09:05:18+00:00\" \/>\n<meta property=\"og:image\" content=\"https:\/\/i0.wp.com\/www.jazzzeitung.de\/cms\/wp-content\/uploads\/2018\/06\/Whiskydenker-\u00a9-Bj\u00f6rn-M\u00fcller.jpg?fit=2233%2C1369&ssl=1\" \/>\n\t<meta property=\"og:image:width\" content=\"2233\" \/>\n\t<meta property=\"og:image:height\" content=\"1369\" \/>\n\t<meta property=\"og:image:type\" content=\"image\/jpeg\" \/>\n<meta name=\"author\" content=\"Redaktion JazzZeitung\" \/>\n<script type=\"application\/ld+json\" class=\"yoast-schema-graph\">{\"@context\":\"https:\\\/\\\/schema.org\",\"@graph\":[{\"@type\":\"Article\",\"@id\":\"https:\\\/\\\/www.jazzzeitung.de\\\/cms\\\/2018\\\/06\\\/news-freisinger-jazzfest-201825-jahre-internationales-oldtime-jazz-festival-in-speyer\\\/#article\",\"isPartOf\":{\"@id\":\"https:\\\/\\\/www.jazzzeitung.de\\\/cms\\\/2018\\\/06\\\/news-freisinger-jazzfest-201825-jahre-internationales-oldtime-jazz-festival-in-speyer\\\/\"},\"author\":{\"name\":\"Redaktion JazzZeitung\",\"@id\":\"https:\\\/\\\/www.jazzzeitung.de\\\/cms\\\/#\\\/schema\\\/person\\\/2245b36b9cd1d24cea10f01c031fb92b\"},\"headline\":\"+++NEWS+++ Freisinger Jazzfest 2018+++25 Jahre Internationales Oldtime Jazz Festival in Speyer+++\",\"datePublished\":\"2018-06-20T09:05:18+00:00\",\"mainEntityOfPage\":{\"@id\":\"https:\\\/\\\/www.jazzzeitung.de\\\/cms\\\/2018\\\/06\\\/news-freisinger-jazzfest-201825-jahre-internationales-oldtime-jazz-festival-in-speyer\\\/\"},\"wordCount\":295,\"commentCount\":0,\"publisher\":{\"@id\":\"https:\\\/\\\/www.jazzzeitung.de\\\/cms\\\/#organization\"},\"image\":{\"@id\":\"https:\\\/\\\/www.jazzzeitung.de\\\/cms\\\/2018\\\/06\\\/news-freisinger-jazzfest-201825-jahre-internationales-oldtime-jazz-festival-in-speyer\\\/#primaryimage\"},\"thumbnailUrl\":\"https:\\\/\\\/i0.wp.com\\\/www.jazzzeitung.de\\\/cms\\\/wp-content\\\/uploads\\\/2018\\\/06\\\/Whiskydenker-%C2%A9-Bj%C3%B6rn-M%C3%BCller.jpg?fit=2233%2C1369&ssl=1\",\"keywords\":[\"2018\",\"Bass\",\"Blue Note\",\"Blues\",\"Claus Koch\",\"Club\",\"Festival\",\"Festivals\",\"Gesang\",\"Jazz\",\"Jazzfest\",\"Jung\",\"K\u00fcnstlerische Leitung\",\"News\",\"open\",\"Paris\",\"Piano\",\"Schweden\",\"Swing\"],\"articleSection\":[\"News\"],\"inLanguage\":\"de\",\"potentialAction\":[{\"@type\":\"CommentAction\",\"name\":\"Comment\",\"target\":[\"https:\\\/\\\/www.jazzzeitung.de\\\/cms\\\/2018\\\/06\\\/news-freisinger-jazzfest-201825-jahre-internationales-oldtime-jazz-festival-in-speyer\\\/#respond\"]}]},{\"@type\":\"WebPage\",\"@id\":\"https:\\\/\\\/www.jazzzeitung.de\\\/cms\\\/2018\\\/06\\\/news-freisinger-jazzfest-201825-jahre-internationales-oldtime-jazz-festival-in-speyer\\\/\",\"url\":\"https:\\\/\\\/www.jazzzeitung.de\\\/cms\\\/2018\\\/06\\\/news-freisinger-jazzfest-201825-jahre-internationales-oldtime-jazz-festival-in-speyer\\\/\",\"name\":\"+++NEWS+++ Freisinger Jazzfest 2018+++25 Jahre Internationales Oldtime Jazz Festival in Speyer+++ - JazzZeitung\",\"isPartOf\":{\"@id\":\"https:\\\/\\\/www.jazzzeitung.de\\\/cms\\\/#website\"},\"primaryImageOfPage\":{\"@id\":\"https:\\\/\\\/www.jazzzeitung.de\\\/cms\\\/2018\\\/06\\\/news-freisinger-jazzfest-201825-jahre-internationales-oldtime-jazz-festival-in-speyer\\\/#primaryimage\"},\"image\":{\"@id\":\"https:\\\/\\\/www.jazzzeitung.de\\\/cms\\\/2018\\\/06\\\/news-freisinger-jazzfest-201825-jahre-internationales-oldtime-jazz-festival-in-speyer\\\/#primaryimage\"},\"thumbnailUrl\":\"https:\\\/\\\/i0.wp.com\\\/www.jazzzeitung.de\\\/cms\\\/wp-content\\\/uploads\\\/2018\\\/06\\\/Whiskydenker-%C2%A9-Bj%C3%B6rn-M%C3%BCller.jpg?fit=2233%2C1369&ssl=1\",\"datePublished\":\"2018-06-20T09:05:18+00:00\",\"breadcrumb\":{\"@id\":\"https:\\\/\\\/www.jazzzeitung.de\\\/cms\\\/2018\\\/06\\\/news-freisinger-jazzfest-201825-jahre-internationales-oldtime-jazz-festival-in-speyer\\\/#breadcrumb\"},\"inLanguage\":\"de\",\"potentialAction\":[{\"@type\":\"ReadAction\",\"target\":[\"https:\\\/\\\/www.jazzzeitung.de\\\/cms\\\/2018\\\/06\\\/news-freisinger-jazzfest-201825-jahre-internationales-oldtime-jazz-festival-in-speyer\\\/\"]}]},{\"@type\":\"ImageObject\",\"inLanguage\":\"de\",\"@id\":\"https:\\\/\\\/www.jazzzeitung.de\\\/cms\\\/2018\\\/06\\\/news-freisinger-jazzfest-201825-jahre-internationales-oldtime-jazz-festival-in-speyer\\\/#primaryimage\",\"url\":\"https:\\\/\\\/i0.wp.com\\\/www.jazzzeitung.de\\\/cms\\\/wp-content\\\/uploads\\\/2018\\\/06\\\/Whiskydenker-%C2%A9-Bj%C3%B6rn-M%C3%BCller.jpg?fit=2233%2C1369&ssl=1\",\"contentUrl\":\"https:\\\/\\\/i0.wp.com\\\/www.jazzzeitung.de\\\/cms\\\/wp-content\\\/uploads\\\/2018\\\/06\\\/Whiskydenker-%C2%A9-Bj%C3%B6rn-M%C3%BCller.jpg?fit=2233%2C1369&ssl=1\",\"width\":2233,\"height\":1369},{\"@type\":\"BreadcrumbList\",\"@id\":\"https:\\\/\\\/www.jazzzeitung.de\\\/cms\\\/2018\\\/06\\\/news-freisinger-jazzfest-201825-jahre-internationales-oldtime-jazz-festival-in-speyer\\\/#breadcrumb\",\"itemListElement\":[{\"@type\":\"ListItem\",\"position\":1,\"name\":\"Startseite\",\"item\":\"https:\\\/\\\/www.jazzzeitung.de\\\/cms\\\/\"},{\"@type\":\"ListItem\",\"position\":2,\"name\":\"+++NEWS+++ Freisinger Jazzfest 2018+++25 Jahre Internationales Oldtime Jazz Festival in Speyer+++\"}]},{\"@type\":\"WebSite\",\"@id\":\"https:\\\/\\\/www.jazzzeitung.de\\\/cms\\\/#website\",\"url\":\"https:\\\/\\\/www.jazzzeitung.de\\\/cms\\\/\",\"name\":\"JazzZeitung\",\"description\":\"Jazz-News und Jazz-Kontroverses\",\"publisher\":{\"@id\":\"https:\\\/\\\/www.jazzzeitung.de\\\/cms\\\/#organization\"},\"potentialAction\":[{\"@type\":\"SearchAction\",\"target\":{\"@type\":\"EntryPoint\",\"urlTemplate\":\"https:\\\/\\\/www.jazzzeitung.de\\\/cms\\\/?s={search_term_string}\"},\"query-input\":{\"@type\":\"PropertyValueSpecification\",\"valueRequired\":true,\"valueName\":\"search_term_string\"}}],\"inLanguage\":\"de\"},{\"@type\":\"Organization\",\"@id\":\"https:\\\/\\\/www.jazzzeitung.de\\\/cms\\\/#organization\",\"name\":\"JazzZeitung online\",\"url\":\"https:\\\/\\\/www.jazzzeitung.de\\\/cms\\\/\",\"logo\":{\"@type\":\"ImageObject\",\"inLanguage\":\"de\",\"@id\":\"https:\\\/\\\/www.jazzzeitung.de\\\/cms\\\/#\\\/schema\\\/logo\\\/image\\\/\",\"url\":\"https:\\\/\\\/i0.wp.com\\\/www.jazzzeitung.de\\\/cms\\\/wp-content\\\/uploads\\\/2015\\\/08\\\/JAZZZEITUNGDE_Logo_Neu.png?fit=499%2C200&ssl=1\",\"contentUrl\":\"https:\\\/\\\/i0.wp.com\\\/www.jazzzeitung.de\\\/cms\\\/wp-content\\\/uploads\\\/2015\\\/08\\\/JAZZZEITUNGDE_Logo_Neu.png?fit=499%2C200&ssl=1\",\"width\":499,\"height\":200,\"caption\":\"JazzZeitung online\"},\"image\":{\"@id\":\"https:\\\/\\\/www.jazzzeitung.de\\\/cms\\\/#\\\/schema\\\/logo\\\/image\\\/\"},\"sameAs\":[\"https:\\\/\\\/www.facebook.com\\\/JazzZeitung\\\/\"]},{\"@type\":\"Person\",\"@id\":\"https:\\\/\\\/www.jazzzeitung.de\\\/cms\\\/#\\\/schema\\\/person\\\/2245b36b9cd1d24cea10f01c031fb92b\",\"name\":\"Redaktion JazzZeitung\",\"image\":{\"@type\":\"ImageObject\",\"inLanguage\":\"de\",\"@id\":\"https:\\\/\\\/i0.wp.com\\\/www.jazzzeitung.de\\\/cms\\\/wp-content\\\/uploads\\\/2015\\\/08\\\/JAZZZEITUNGDE_Logo_Neu.png?resize=96%2C96&ssl=159975dcacb611b5700bd619b5daf0a7a\",\"url\":\"https:\\\/\\\/i0.wp.com\\\/www.jazzzeitung.de\\\/cms\\\/wp-content\\\/uploads\\\/2015\\\/08\\\/JAZZZEITUNGDE_Logo_Neu.png?resize=96%2C96&ssl=1\",\"contentUrl\":\"https:\\\/\\\/i0.wp.com\\\/www.jazzzeitung.de\\\/cms\\\/wp-content\\\/uploads\\\/2015\\\/08\\\/JAZZZEITUNGDE_Logo_Neu.png?resize=96%2C96&ssl=1\",\"caption\":\"Redaktion JazzZeitung\"},\"description\":\"Artikel der Redaktion der JazzZeitung.\",\"sameAs\":[\"http:\\\/\\\/www.jazzzeitung.de\\\/cms\\\/\"],\"url\":\"https:\\\/\\\/www.jazzzeitung.de\\\/cms\\\/author\\\/redaktion\\\/\"}]}<\/script>\n<!-- \/ Yoast SEO plugin. -->","yoast_head_json":{"title":"+++NEWS+++ Freisinger Jazzfest 2018+++25 Jahre Internationales Oldtime Jazz Festival in Speyer+++ - JazzZeitung","robots":{"index":"index","follow":"follow","max-snippet":"max-snippet:-1","max-image-preview":"max-image-preview:large","max-video-preview":"max-video-preview:-1"},"canonical":"https:\/\/www.jazzzeitung.de\/cms\/2018\/06\/news-freisinger-jazzfest-201825-jahre-internationales-oldtime-jazz-festival-in-speyer\/","og_locale":"de_DE","og_type":"article","og_title":"+++NEWS+++ Freisinger Jazzfest 2018+++25 Jahre Internationales Oldtime Jazz Festival in Speyer+++ - JazzZeitung","og_description":"3. Freisinger Jazzfest Am Freitag den 6. Juli veranstaltet der Freisinger Kulturverein 3klang e.V. das 3. Freisinger Jazzfest. Im lauschigen Garten des Europ\u00e4ischen K\u00fcnstlerhauses Schafhof in Freising stehen an diesem Abend Claus Koch &amp; Boperators (\u201eA Tribute to Blue Note&#8220;), Stephan Holstein\u2019s \u201eClarinetology\u201c sowie Isabel Casas y Nueva Vista auf der Open Air-B\u00fchne. Der Eintritt f\u00fcr diesen Jazz-Event ist frei! Weitere Informationen: www.3klangev.de &nbsp; \u00a025 Jahre Internationales Oldtime Jazz Festival in Speyer Das Internationale Oldtime Jazz Festival in Speyer l\u00e4dt im 25. Jahr seines Bestehens vom 16. bis 19.\u00a0August 2018 in den Innenhof des historischen Rathauses. Unter dem Motto \u201efrisch und frech, ungest\u00fcm und galant, traditionsbewusst und doch jung&#8220; wird vier Tage tanzbarer Jazz pr\u00e4sentiert. Zum Auftakt des Festivals betritt mit Kr\u00fcger Rockt! am Donnerstag, dem 16.\u00a0August, die B\u00fchne. Der bekannte Heidelberger Boogie Woogie Pianist Harald \u201eLee&#8220; Kr\u00fcger maltr\u00e4tiert das Piano mit H\u00e4nden, F\u00fc\u00dfen und anderen K\u00f6rperteilen. Zu h\u00f6ren gibt es Typisches f\u00fcr die F\u00fcnfziger: Schnulze, Doo-Wop, Boogie und Rockabilly. Am Freitag werden die Besucher von den Mama Shakers empfangen. Die f\u00fcnf jungen, temperamentvollen K\u00fcnstler kommen aus Frankreich, Schweden und der T\u00fcrkei haben sich in &hellip;","og_url":"https:\/\/www.jazzzeitung.de\/cms\/2018\/06\/news-freisinger-jazzfest-201825-jahre-internationales-oldtime-jazz-festival-in-speyer\/","og_site_name":"JazzZeitung","article_publisher":"https:\/\/www.facebook.com\/JazzZeitung\/","article_published_time":"2018-06-20T09:05:18+00:00","og_image":[{"width":2233,"height":1369,"url":"https:\/\/i0.wp.com\/www.jazzzeitung.de\/cms\/wp-content\/uploads\/2018\/06\/Whiskydenker-\u00a9-Bj\u00f6rn-M\u00fcller.jpg?fit=2233%2C1369&ssl=1","type":"image\/jpeg"}],"author":"Redaktion JazzZeitung","schema":{"@context":"https:\/\/schema.org","@graph":[{"@type":"Article","@id":"https:\/\/www.jazzzeitung.de\/cms\/2018\/06\/news-freisinger-jazzfest-201825-jahre-internationales-oldtime-jazz-festival-in-speyer\/#article","isPartOf":{"@id":"https:\/\/www.jazzzeitung.de\/cms\/2018\/06\/news-freisinger-jazzfest-201825-jahre-internationales-oldtime-jazz-festival-in-speyer\/"},"author":{"name":"Redaktion JazzZeitung","@id":"https:\/\/www.jazzzeitung.de\/cms\/#\/schema\/person\/2245b36b9cd1d24cea10f01c031fb92b"},"headline":"+++NEWS+++ Freisinger Jazzfest 2018+++25 Jahre Internationales Oldtime Jazz Festival in Speyer+++","datePublished":"2018-06-20T09:05:18+00:00","mainEntityOfPage":{"@id":"https:\/\/www.jazzzeitung.de\/cms\/2018\/06\/news-freisinger-jazzfest-201825-jahre-internationales-oldtime-jazz-festival-in-speyer\/"},"wordCount":295,"commentCount":0,"publisher":{"@id":"https:\/\/www.jazzzeitung.de\/cms\/#organization"},"image":{"@id":"https:\/\/www.jazzzeitung.de\/cms\/2018\/06\/news-freisinger-jazzfest-201825-jahre-internationales-oldtime-jazz-festival-in-speyer\/#primaryimage"},"thumbnailUrl":"https:\/\/i0.wp.com\/www.jazzzeitung.de\/cms\/wp-content\/uploads\/2018\/06\/Whiskydenker-%C2%A9-Bj%C3%B6rn-M%C3%BCller.jpg?fit=2233%2C1369&ssl=1","keywords":["2018","Bass","Blue Note","Blues","Claus Koch","Club","Festival","Festivals","Gesang","Jazz","Jazzfest","Jung","K\u00fcnstlerische Leitung","News","open","Paris","Piano","Schweden","Swing"],"articleSection":["News"],"inLanguage":"de","potentialAction":[{"@type":"CommentAction","name":"Comment","target":["https:\/\/www.jazzzeitung.de\/cms\/2018\/06\/news-freisinger-jazzfest-201825-jahre-internationales-oldtime-jazz-festival-in-speyer\/#respond"]}]},{"@type":"WebPage","@id":"https:\/\/www.jazzzeitung.de\/cms\/2018\/06\/news-freisinger-jazzfest-201825-jahre-internationales-oldtime-jazz-festival-in-speyer\/","url":"https:\/\/www.jazzzeitung.de\/cms\/2018\/06\/news-freisinger-jazzfest-201825-jahre-internationales-oldtime-jazz-festival-in-speyer\/","name":"+++NEWS+++ Freisinger Jazzfest 2018+++25 Jahre Internationales Oldtime Jazz Festival in Speyer+++ - JazzZeitung","isPartOf":{"@id":"https:\/\/www.jazzzeitung.de\/cms\/#website"},"primaryImageOfPage":{"@id":"https:\/\/www.jazzzeitung.de\/cms\/2018\/06\/news-freisinger-jazzfest-201825-jahre-internationales-oldtime-jazz-festival-in-speyer\/#primaryimage"},"image":{"@id":"https:\/\/www.jazzzeitung.de\/cms\/2018\/06\/news-freisinger-jazzfest-201825-jahre-internationales-oldtime-jazz-festival-in-speyer\/#primaryimage"},"thumbnailUrl":"https:\/\/i0.wp.com\/www.jazzzeitung.de\/cms\/wp-content\/uploads\/2018\/06\/Whiskydenker-%C2%A9-Bj%C3%B6rn-M%C3%BCller.jpg?fit=2233%2C1369&ssl=1","datePublished":"2018-06-20T09:05:18+00:00","breadcrumb":{"@id":"https:\/\/www.jazzzeitung.de\/cms\/2018\/06\/news-freisinger-jazzfest-201825-jahre-internationales-oldtime-jazz-festival-in-speyer\/#breadcrumb"},"inLanguage":"de","potentialAction":[{"@type":"ReadAction","target":["https:\/\/www.jazzzeitung.de\/cms\/2018\/06\/news-freisinger-jazzfest-201825-jahre-internationales-oldtime-jazz-festival-in-speyer\/"]}]},{"@type":"ImageObject","inLanguage":"de","@id":"https:\/\/www.jazzzeitung.de\/cms\/2018\/06\/news-freisinger-jazzfest-201825-jahre-internationales-oldtime-jazz-festival-in-speyer\/#primaryimage","url":"https:\/\/i0.wp.com\/www.jazzzeitung.de\/cms\/wp-content\/uploads\/2018\/06\/Whiskydenker-%C2%A9-Bj%C3%B6rn-M%C3%BCller.jpg?fit=2233%2C1369&ssl=1","contentUrl":"https:\/\/i0.wp.com\/www.jazzzeitung.de\/cms\/wp-content\/uploads\/2018\/06\/Whiskydenker-%C2%A9-Bj%C3%B6rn-M%C3%BCller.jpg?fit=2233%2C1369&ssl=1","width":2233,"height":1369},{"@type":"BreadcrumbList","@id":"https:\/\/www.jazzzeitung.de\/cms\/2018\/06\/news-freisinger-jazzfest-201825-jahre-internationales-oldtime-jazz-festival-in-speyer\/#breadcrumb","itemListElement":[{"@type":"ListItem","position":1,"name":"Startseite","item":"https:\/\/www.jazzzeitung.de\/cms\/"},{"@type":"ListItem","position":2,"name":"+++NEWS+++ Freisinger Jazzfest 2018+++25 Jahre Internationales Oldtime Jazz Festival in Speyer+++"}]},{"@type":"WebSite","@id":"https:\/\/www.jazzzeitung.de\/cms\/#website","url":"https:\/\/www.jazzzeitung.de\/cms\/","name":"JazzZeitung","description":"Jazz-News und Jazz-Kontroverses","publisher":{"@id":"https:\/\/www.jazzzeitung.de\/cms\/#organization"},"potentialAction":[{"@type":"SearchAction","target":{"@type":"EntryPoint","urlTemplate":"https:\/\/www.jazzzeitung.de\/cms\/?s={search_term_string}"},"query-input":{"@type":"PropertyValueSpecification","valueRequired":true,"valueName":"search_term_string"}}],"inLanguage":"de"},{"@type":"Organization","@id":"https:\/\/www.jazzzeitung.de\/cms\/#organization","name":"JazzZeitung online","url":"https:\/\/www.jazzzeitung.de\/cms\/","logo":{"@type":"ImageObject","inLanguage":"de","@id":"https:\/\/www.jazzzeitung.de\/cms\/#\/schema\/logo\/image\/","url":"https:\/\/i0.wp.com\/www.jazzzeitung.de\/cms\/wp-content\/uploads\/2015\/08\/JAZZZEITUNGDE_Logo_Neu.png?fit=499%2C200&ssl=1","contentUrl":"https:\/\/i0.wp.com\/www.jazzzeitung.de\/cms\/wp-content\/uploads\/2015\/08\/JAZZZEITUNGDE_Logo_Neu.png?fit=499%2C200&ssl=1","width":499,"height":200,"caption":"JazzZeitung online"},"image":{"@id":"https:\/\/www.jazzzeitung.de\/cms\/#\/schema\/logo\/image\/"},"sameAs":["https:\/\/www.facebook.com\/JazzZeitung\/"]},{"@type":"Person","@id":"https:\/\/www.jazzzeitung.de\/cms\/#\/schema\/person\/2245b36b9cd1d24cea10f01c031fb92b","name":"Redaktion JazzZeitung","image":{"@type":"ImageObject","inLanguage":"de","@id":"https:\/\/i0.wp.com\/www.jazzzeitung.de\/cms\/wp-content\/uploads\/2015\/08\/JAZZZEITUNGDE_Logo_Neu.png?resize=96%2C96&ssl=159975dcacb611b5700bd619b5daf0a7a","url":"https:\/\/i0.wp.com\/www.jazzzeitung.de\/cms\/wp-content\/uploads\/2015\/08\/JAZZZEITUNGDE_Logo_Neu.png?resize=96%2C96&ssl=1","contentUrl":"https:\/\/i0.wp.com\/www.jazzzeitung.de\/cms\/wp-content\/uploads\/2015\/08\/JAZZZEITUNGDE_Logo_Neu.png?resize=96%2C96&ssl=1","caption":"Redaktion JazzZeitung"},"description":"Artikel der Redaktion der JazzZeitung.","sameAs":["http:\/\/www.jazzzeitung.de\/cms\/"],"url":"https:\/\/www.jazzzeitung.de\/cms\/author\/redaktion\/"}]}},"wp-worthy-pixel":{"ignored":false,"public":null,"server":null,"url":null},"wp-worthy-type":"normal","jetpack_publicize_connections":[],"cc_featured_image_caption":{"caption_text":"","source_text":"","source_url":""},"jetpack_featured_media_url":"https:\/\/i0.wp.com\/www.jazzzeitung.de\/cms\/wp-content\/uploads\/2018\/06\/Whiskydenker-%C2%A9-Bj%C3%B6rn-M%C3%BCller.jpg?fit=2233%2C1369&ssl=1","jetpack_shortlink":"https:\/\/wp.me\/p3KEcT-4h8","jetpack-related-posts":[{"id":9390,"url":"https:\/\/www.jazzzeitung.de\/cms\/2016\/05\/freisinger-jazzfest-startet-3-juni\/","url_meta":{"origin":16438,"position":0},"title":"Freisinger Jazzfest startet am 3. Juni","author":"Redaktion JazzZeitung","date":"25. Mai 2016","format":false,"excerpt":"Am Freitag den 3. Juni l\u00e4dt der Freisinger Kulturverein 3klang e.V. im Rahmen seines Geburtstagsfestes zum Freisinger Jazz Fest in das 3klang-Kulturzelt auf dem alten Schulhof St. Georg zwischen Christopher-Paudi\u00df-Platz und der Angerbadergasse ein. Ab 18.30 Uhr\u00a0sind in dieser Jazz Nacht \u201eLive on Stage\u201c Roman\u2019s Elefantentanz, ein Projekt des Freisinger\u2026","rel":"","context":"In &quot;News&quot;","block_context":{"text":"News","link":"https:\/\/www.jazzzeitung.de\/cms\/thema\/nachrichten\/"},"img":{"alt_text":"","src":"https:\/\/i0.wp.com\/www.jazzzeitung.de\/cms\/wp-content\/uploads\/2016\/05\/Dusko-Goykovich.jpg?resize=350%2C200","width":350,"height":200},"classes":[]},{"id":9566,"url":"https:\/\/www.jazzzeitung.de\/cms\/2016\/06\/23-internationales-oldtime-jazz-festival-speyer\/","url_meta":{"origin":16438,"position":1},"title":"23. Internationales Oldtime Jazz Festival Speyer","author":"Redaktion JazzZeitung","date":"23. Juni 2016","format":false,"excerpt":"Frisch und frech, ungest\u00fcm und galant, traditionsbewusst und doch jung \u2013 so pr\u00e4sentiert sich das beliebte Internationale Oldtime Jazz Festival der Stadt Speyer auch in seiner 23. Auflage. Mitten in den Hundstagen, vom 18. bis 21. August 2016, ist im Innenhof des historischen Rathauses ein Hauch von S\u00fcdstaaten-Atmosph\u00e4re zu sp\u00fcren.\u2026","rel":"","context":"In &quot;News&quot;","block_context":{"text":"News","link":"https:\/\/www.jazzzeitung.de\/cms\/thema\/nachrichten\/"},"img":{"alt_text":"Premier Swingtett bunt","src":"https:\/\/i0.wp.com\/www.jazzzeitung.de\/cms\/wp-content\/uploads\/2016\/06\/Premier-Swingtett-bunt-150x150.jpg?resize=350%2C200","width":350,"height":200},"classes":[]},{"id":19857,"url":"https:\/\/www.jazzzeitung.de\/cms\/2019\/07\/news-romeo-franz-ensemble-beim-freisinger-jazzfest-im-schafhof-43-leipziger-jazztage-mit-herbie-hancock\/","url_meta":{"origin":16438,"position":2},"title":"+++ news +++ Romeo Franz Ensemble beim Freisinger Jazzfest im Schafhof +++ Herbie Hancock als Nachz\u00fcgler bei den 43. Leipziger Jazztagen +++","author":"Redaktion JazzZeitung","date":"2. Juli 2019","format":false,"excerpt":"Nach den beiden Musiksommern im Schafhof 2017 und 2018, zu denen jeweils \u00fcber 1.000 Besuchern kaman, l\u00e4dt der Verein 3klang e.V. am 5. und 6. Juli 2019 zum 3. Musiksommer im Schafhof ein. Am Freitag den 5. Juli beginnt das Wochenende mit dem 4. Freisinger Jazzfest. Zwischen 19.00\u00a0 und 23.00\u2026","rel":"","context":"In &quot;News&quot;","block_context":{"text":"News","link":"https:\/\/www.jazzzeitung.de\/cms\/thema\/nachrichten\/"},"img":{"alt_text":"","src":"https:\/\/i0.wp.com\/www.jazzzeitung.de\/cms\/wp-content\/uploads\/2019\/06\/Romeo-Franz1.jpg?fit=1200%2C798&ssl=1&resize=350%2C200","width":350,"height":200,"srcset":"https:\/\/i0.wp.com\/www.jazzzeitung.de\/cms\/wp-content\/uploads\/2019\/06\/Romeo-Franz1.jpg?fit=1200%2C798&ssl=1&resize=350%2C200 1x, https:\/\/i0.wp.com\/www.jazzzeitung.de\/cms\/wp-content\/uploads\/2019\/06\/Romeo-Franz1.jpg?fit=1200%2C798&ssl=1&resize=525%2C300 1.5x, https:\/\/i0.wp.com\/www.jazzzeitung.de\/cms\/wp-content\/uploads\/2019\/06\/Romeo-Franz1.jpg?fit=1200%2C798&ssl=1&resize=700%2C400 2x, https:\/\/i0.wp.com\/www.jazzzeitung.de\/cms\/wp-content\/uploads\/2019\/06\/Romeo-Franz1.jpg?fit=1200%2C798&ssl=1&resize=1050%2C600 3x"},"classes":[]},{"id":9525,"url":"https:\/\/www.jazzzeitung.de\/cms\/2016\/06\/news-vivavoce-ingolstadtoldtime-jazz-speyer\/","url_meta":{"origin":16438,"position":3},"title":"News: +++Jazz-Sommerfest in K\u00f6ln+++Oldtime Jazz in Speyer+++Viva Voce in Ingolstadt+++","author":"Redaktion JazzZeitung","date":"19. Juni 2016","format":false,"excerpt":"Sommerfest der Offenen Jazzhausschule K\u00f6ln geht noch bis 8. Juli Die Offene Jazzhausschule ist weder aus K\u00f6ln noch aus der deutschen Jazzlandschaft wegzudenken. Mit innovativen Arbeitsans\u00e4tzen etablierte sich 1980 die Offene Jazz Haus Schule als freies Zentrum f\u00fcr Improvisierte und Popul\u00e4re Musik K\u00f6ln \u2013 initiiert von Musikern aus dem Kreis\u2026","rel":"","context":"In &quot;News&quot;","block_context":{"text":"News","link":"https:\/\/www.jazzzeitung.de\/cms\/thema\/nachrichten\/"},"img":{"alt_text":"","src":"https:\/\/i0.wp.com\/www.jazzzeitung.de\/cms\/wp-content\/uploads\/2016\/06\/MARSHALL_COOPER_Press_Instruments_2014_Copyright_Simon_Hegenberg_web.jpg?fit=945%2C1200&ssl=1&resize=350%2C200","width":350,"height":200,"srcset":"https:\/\/i0.wp.com\/www.jazzzeitung.de\/cms\/wp-content\/uploads\/2016\/06\/MARSHALL_COOPER_Press_Instruments_2014_Copyright_Simon_Hegenberg_web.jpg?fit=945%2C1200&ssl=1&resize=350%2C200 1x, https:\/\/i0.wp.com\/www.jazzzeitung.de\/cms\/wp-content\/uploads\/2016\/06\/MARSHALL_COOPER_Press_Instruments_2014_Copyright_Simon_Hegenberg_web.jpg?fit=945%2C1200&ssl=1&resize=525%2C300 1.5x, https:\/\/i0.wp.com\/www.jazzzeitung.de\/cms\/wp-content\/uploads\/2016\/06\/MARSHALL_COOPER_Press_Instruments_2014_Copyright_Simon_Hegenberg_web.jpg?fit=945%2C1200&ssl=1&resize=700%2C400 2x"},"classes":[]},{"id":12764,"url":"https:\/\/www.jazzzeitung.de\/cms\/2017\/06\/news-jazz-initiative-wuerzburg-hat-eine-neue-website\/","url_meta":{"origin":16438,"position":4},"title":"+++ News +++ \u00bbKomm mit ans Meer!\u00ab &#8211; JazzBaltica 2017 beginnt +++ Jazz Initiative W\u00fcrzburg hat eine neue Website +++ Preistr\u00e4gerkonzert: Erster Jazzpreis Berlin 2017 f\u00fcr Gebhard Ullmann +++ Internationales Oldtime Jazz Festival in Speyer im August +++","author":"Redaktion JazzZeitung","date":"24. Juni 2017","format":false,"excerpt":"+++ \u00bbKomm mit ans Meer!\u00ab - JazzBaltica 2017 beginnt +++ Das Schleswig-Holstein Musik Festival beginnt heute, 22.06.2017 mit Nils Landgren mit dem \u00bbupptakt\u00ab in der 73Bar im Maritim Seehotel in Timmendorfer Strand auf JazzBaltica 2017 und morgen, Freitag 23.06. startet das internationale Jazzfestival auf dem Gel\u00e4nde der Niendorfer Evers-Werft und\u2026","rel":"","context":"In &quot;News&quot;","block_context":{"text":"News","link":"https:\/\/www.jazzzeitung.de\/cms\/thema\/nachrichten\/"},"img":{"alt_text":"","src":"https:\/\/i0.wp.com\/www.jazzzeitung.de\/cms\/wp-content\/uploads\/2017\/06\/Gebhard-Ullmann-Foto-Ole-Jensen-150x150.jpg?resize=350%2C200&ssl=1","width":350,"height":200},"classes":[]},{"id":14914,"url":"https:\/\/www.jazzzeitung.de\/cms\/2018\/01\/newszweites-nachtschwaermer-konzert-am-samstag-im-gustav-siegle-hausjazztime-freising-praesentiert-bettina-maiers-globe\/","url_meta":{"origin":16438,"position":5},"title":"+++News+++Zweites Nachtschw\u00e4rmer-Konzert am Samstag im Gustav-Siegle-Haus+++JazzTime Freising pr\u00e4sentiert Bettina Maiers GLOBE+++","author":"Redaktion JazzZeitung","date":"27. Januar 2018","format":false,"excerpt":"+++Zweites Nachtschw\u00e4rmer-Konzert heute im Gustav-Siegle-Haus+++ Zum zweiten Nachtschw\u00e4rmer-Konzert im Gustav-Siegle Haus am Samstag, 27. Januar 2018 pr\u00e4sentieren Sebastian Studnitzky & Band und die Stuttgarter Philharmoniker unter Leitung des Dirigenten Ekkehard Klemm Studnitzkys \u201eMEMENTO - Orchestral Experience.\u201c Schon immer war Studnitzky als Wanderer zwischen den Genres Jazz, Klassik und Elektro unterwegs.\u2026","rel":"","context":"In &quot;News&quot;","block_context":{"text":"News","link":"https:\/\/www.jazzzeitung.de\/cms\/thema\/nachrichten\/"},"img":{"alt_text":"","src":"https:\/\/i0.wp.com\/www.jazzzeitung.de\/cms\/wp-content\/uploads\/2018\/01\/2018_01_27_Studnitzky-%C2%A9-Sevi-Tsoni.jpeg?fit=480%2C630&ssl=1&resize=350%2C200","width":350,"height":200},"classes":[]}],"jetpack_sharing_enabled":true,"_links":{"self":[{"href":"https:\/\/www.jazzzeitung.de\/cms\/wp-json\/wp\/v2\/posts\/16438","targetHints":{"allow":["GET"]}}],"collection":[{"href":"https:\/\/www.jazzzeitung.de\/cms\/wp-json\/wp\/v2\/posts"}],"about":[{"href":"https:\/\/www.jazzzeitung.de\/cms\/wp-json\/wp\/v2\/types\/post"}],"author":[{"embeddable":true,"href":"https:\/\/www.jazzzeitung.de\/cms\/wp-json\/wp\/v2\/users\/18"}],"replies":[{"embeddable":true,"href":"https:\/\/www.jazzzeitung.de\/cms\/wp-json\/wp\/v2\/comments?post=16438"}],"version-history":[{"count":7,"href":"https:\/\/www.jazzzeitung.de\/cms\/wp-json\/wp\/v2\/posts\/16438\/revisions"}],"predecessor-version":[{"id":16440,"href":"https:\/\/www.jazzzeitung.de\/cms\/wp-json\/wp\/v2\/posts\/16438\/revisions\/16440"}],"wp:featuredmedia":[{"embeddable":true,"href":"https:\/\/www.jazzzeitung.de\/cms\/wp-json\/wp\/v2\/media\/16442"}],"wp:attachment":[{"href":"https:\/\/www.jazzzeitung.de\/cms\/wp-json\/wp\/v2\/media?parent=16438"}],"wp:term":[{"taxonomy":"category","embeddable":true,"href":"https:\/\/www.jazzzeitung.de\/cms\/wp-json\/wp\/v2\/categories?post=16438"},{"taxonomy":"post_tag","embeddable":true,"href":"https:\/\/www.jazzzeitung.de\/cms\/wp-json\/wp\/v2\/tags?post=16438"},{"taxonomy":"author","embeddable":true,"href":"https:\/\/www.jazzzeitung.de\/cms\/wp-json\/wp\/v2\/coauthors?post=16438"}],"curies":[{"name":"wp","href":"https:\/\/api.w.org\/{rel}","templated":true}]}}