{"id":16388,"date":"2018-06-16T12:05:47","date_gmt":"2018-06-16T10:05:47","guid":{"rendered":"https:\/\/www.jazzzeitung.de\/cms\/?p=16388"},"modified":"2018-06-12T16:34:38","modified_gmt":"2018-06-12T14:34:38","slug":"aki-takase-erhaelt-den-jazzpreis-berlin-2018","status":"publish","type":"post","link":"https:\/\/www.jazzzeitung.de\/cms\/2018\/06\/aki-takase-erhaelt-den-jazzpreis-berlin-2018\/","title":{"rendered":"Aki Takase erh\u00e4lt den Jazzpreis Berlin 2018"},"content":{"rendered":"<p>Das Kulturradio vom rbb und die Kulturverwaltung des Berliner Senats zeichnen die Pianistin Aki Takase mit dem Jazzpreis Berlin 2018 aus. Der mit 15.000 Euro dotierte Preis wird bei einem \u00f6ffentlichen Konzert am Dienstag, 26. Juni 2018, ab 20.00 Uhr, im Kleinen Sendesaal des rbb verliehen.<\/p>\n<p>Die 1948 in Japan geborene Pianistin, Aki Takase, erlebte ihren internationalen Durchbruch 1981 beim Jazzfest Berlin. 1987 verlegte die Musikerin ihren Lebensmittelpunkt nach Berlin, wo sie die Szene seither mit internationaler Ausstrahlung ma\u00dfgeblich mitgestaltet.<\/p>\n<p>Freiheit und Form seien f\u00fcr Aki Takase keine Gegens\u00e4tze, sondern miteinander verwobene Ebenen ihrer Musik, hei\u00dft es in der Begr\u00fcndung der Jury. Zudem besteche ihre Musik durch Humor \u2013 jenseits jeglicher Effekthascherei.<\/p>\n<p>Im Preistr\u00e4gerkonzert spielt Aki Takase solistisch, im Duo mit dem Bassklarinettisten Rudi Mahall und pr\u00e4sentiert Ausschnitte aus einem gemeinsamen Programm mit Yoko Tawada (Autorin). Tawada ist eine in Berlin lebende, mehrfach preisgekr\u00f6nte japanische Schriftstellerin, die auf Deutsch und Japanisch schreibt.<\/p>\n<p>Auf <a href=\"http:\/\/www.kulturradio.de\">www.kulturradio.de<\/a> kann die Veranstaltung im Video-Livestream verfolgt werden.<\/p>\n","protected":false},"excerpt":{"rendered":"<p>Das Kulturradio vom rbb und die Kulturverwaltung des Berliner Senats zeichnen die Pianistin Aki Takase mit dem Jazzpreis Berlin 2018 aus. Der mit 15.000 Euro dotierte Preis wird bei einem \u00f6ffentlichen Konzert am Dienstag, 26. Juni 2018, ab 20.00 Uhr, im Kleinen Sendesaal des rbb verliehen. Die 1948 in Japan geborene Pianistin, Aki Takase, erlebte ihren internationalen Durchbruch 1981 beim Jazzfest Berlin. 1987 verlegte die Musikerin ihren Lebensmittelpunkt nach Berlin, wo sie die Szene seither mit internationaler Ausstrahlung ma\u00dfgeblich mitgestaltet. Freiheit und Form seien f\u00fcr Aki Takase keine Gegens\u00e4tze, sondern miteinander verwobene Ebenen ihrer Musik, hei\u00dft es in der Begr\u00fcndung der Jury. Zudem besteche ihre Musik durch Humor \u2013 jenseits jeglicher Effekthascherei. Im Preistr\u00e4gerkonzert spielt Aki Takase solistisch, im Duo mit dem Bassklarinettisten Rudi Mahall und pr\u00e4sentiert Ausschnitte aus einem gemeinsamen Programm mit Yoko Tawada (Autorin). Tawada ist eine in Berlin lebende, mehrfach preisgekr\u00f6nte japanische Schriftstellerin, die auf Deutsch und Japanisch schreibt. Auf www.kulturradio.de kann die Veranstaltung im Video-Livestream verfolgt werden.<\/p>\n","protected":false},"author":18,"featured_media":16390,"comment_status":"open","ping_status":"closed","sticky":false,"template":"","format":"standard","meta":{"_jetpack_memberships_contains_paid_content":false,"footnotes":"","jetpack_publicize_message":"","jetpack_publicize_feature_enabled":true,"jetpack_social_post_already_shared":false,"jetpack_social_options":{"image_generator_settings":{"template":"highway","default_image_id":0,"font":"","enabled":false},"version":2}},"categories":[633],"tags":[1959,32,66,1406,251,751,272,1423,1948,322,1502,480,579],"coauthors":[695],"class_list":["post-16388","post","type-post","status-publish","format-standard","has-post-thumbnail","hentry","category-nachrichten","tag-1959","tag-aki-takase","tag-berlin","tag-duo","tag-japan","tag-jazzfest","tag-jazzfest-berlin","tag-jazzpreis","tag-jazzpreis-berlin","tag-konzert-2","tag-preis","tag-rudi-mahall","tag-video"],"yoast_head":"<!-- This site is optimized with the Yoast SEO plugin v27.5 - https:\/\/yoast.com\/product\/yoast-seo-wordpress\/ -->\n<title>Aki Takase erh\u00e4lt den Jazzpreis Berlin 2018 - JazzZeitung<\/title>\n<meta name=\"robots\" content=\"index, follow, max-snippet:-1, max-image-preview:large, max-video-preview:-1\" \/>\n<link rel=\"canonical\" href=\"https:\/\/www.jazzzeitung.de\/cms\/2018\/06\/aki-takase-erhaelt-den-jazzpreis-berlin-2018\/\" \/>\n<meta property=\"og:locale\" content=\"de_DE\" \/>\n<meta property=\"og:type\" content=\"article\" \/>\n<meta property=\"og:title\" content=\"Aki Takase erh\u00e4lt den Jazzpreis Berlin 2018 - JazzZeitung\" \/>\n<meta property=\"og:description\" content=\"Das Kulturradio vom rbb und die Kulturverwaltung des Berliner Senats zeichnen die Pianistin Aki Takase mit dem Jazzpreis Berlin 2018 aus. Der mit 15.000 Euro dotierte Preis wird bei einem \u00f6ffentlichen Konzert am Dienstag, 26. Juni 2018, ab 20.00 Uhr, im Kleinen Sendesaal des rbb verliehen. Die 1948 in Japan geborene Pianistin, Aki Takase, erlebte ihren internationalen Durchbruch 1981 beim Jazzfest Berlin. 1987 verlegte die Musikerin ihren Lebensmittelpunkt nach Berlin, wo sie die Szene seither mit internationaler Ausstrahlung ma\u00dfgeblich mitgestaltet. Freiheit und Form seien f\u00fcr Aki Takase keine Gegens\u00e4tze, sondern miteinander verwobene Ebenen ihrer Musik, hei\u00dft es in der Begr\u00fcndung der Jury. Zudem besteche ihre Musik durch Humor \u2013 jenseits jeglicher Effekthascherei. Im Preistr\u00e4gerkonzert spielt Aki Takase solistisch, im Duo mit dem Bassklarinettisten Rudi Mahall und pr\u00e4sentiert Ausschnitte aus einem gemeinsamen Programm mit Yoko Tawada (Autorin). Tawada ist eine in Berlin lebende, mehrfach preisgekr\u00f6nte japanische Schriftstellerin, die auf Deutsch und Japanisch schreibt. Auf www.kulturradio.de kann die Veranstaltung im Video-Livestream verfolgt werden.\" \/>\n<meta property=\"og:url\" content=\"https:\/\/www.jazzzeitung.de\/cms\/2018\/06\/aki-takase-erhaelt-den-jazzpreis-berlin-2018\/\" \/>\n<meta property=\"og:site_name\" content=\"JazzZeitung\" \/>\n<meta property=\"article:publisher\" content=\"https:\/\/www.facebook.com\/JazzZeitung\/\" \/>\n<meta property=\"article:published_time\" content=\"2018-06-16T10:05:47+00:00\" \/>\n<meta property=\"og:image\" content=\"https:\/\/www.jazzzeitung.de\/cms\/wp-content\/uploads\/2018\/06\/2015-744x600.jpg\" \/>\n\t<meta property=\"og:image:width\" content=\"744\" \/>\n\t<meta property=\"og:image:height\" content=\"600\" \/>\n\t<meta property=\"og:image:type\" content=\"image\/jpeg\" \/>\n<meta name=\"author\" content=\"Redaktion JazzZeitung\" \/>\n<script type=\"application\/ld+json\" class=\"yoast-schema-graph\">{\"@context\":\"https:\\\/\\\/schema.org\",\"@graph\":[{\"@type\":\"Article\",\"@id\":\"https:\\\/\\\/www.jazzzeitung.de\\\/cms\\\/2018\\\/06\\\/aki-takase-erhaelt-den-jazzpreis-berlin-2018\\\/#article\",\"isPartOf\":{\"@id\":\"https:\\\/\\\/www.jazzzeitung.de\\\/cms\\\/2018\\\/06\\\/aki-takase-erhaelt-den-jazzpreis-berlin-2018\\\/\"},\"author\":{\"name\":\"Redaktion JazzZeitung\",\"@id\":\"https:\\\/\\\/www.jazzzeitung.de\\\/cms\\\/#\\\/schema\\\/person\\\/2245b36b9cd1d24cea10f01c031fb92b\"},\"headline\":\"Aki Takase erh\u00e4lt den Jazzpreis Berlin 2018\",\"datePublished\":\"2018-06-16T10:05:47+00:00\",\"mainEntityOfPage\":{\"@id\":\"https:\\\/\\\/www.jazzzeitung.de\\\/cms\\\/2018\\\/06\\\/aki-takase-erhaelt-den-jazzpreis-berlin-2018\\\/\"},\"wordCount\":169,\"commentCount\":0,\"publisher\":{\"@id\":\"https:\\\/\\\/www.jazzzeitung.de\\\/cms\\\/#organization\"},\"image\":{\"@id\":\"https:\\\/\\\/www.jazzzeitung.de\\\/cms\\\/2018\\\/06\\\/aki-takase-erhaelt-den-jazzpreis-berlin-2018\\\/#primaryimage\"},\"thumbnailUrl\":\"https:\\\/\\\/i0.wp.com\\\/www.jazzzeitung.de\\\/cms\\\/wp-content\\\/uploads\\\/2018\\\/06\\\/2015.jpg?fit=4137%2C3335&ssl=1\",\"keywords\":[\"2018\",\"Aki Takase\",\"Berlin\",\"duo\",\"Japan\",\"Jazzfest\",\"Jazzfest Berlin\",\"Jazzpreis\",\"Jazzpreis Berlin\",\"Konzert\",\"Preis\",\"Rudi Mahall\",\"Video\"],\"articleSection\":[\"News\"],\"inLanguage\":\"de\",\"potentialAction\":[{\"@type\":\"CommentAction\",\"name\":\"Comment\",\"target\":[\"https:\\\/\\\/www.jazzzeitung.de\\\/cms\\\/2018\\\/06\\\/aki-takase-erhaelt-den-jazzpreis-berlin-2018\\\/#respond\"]}]},{\"@type\":\"WebPage\",\"@id\":\"https:\\\/\\\/www.jazzzeitung.de\\\/cms\\\/2018\\\/06\\\/aki-takase-erhaelt-den-jazzpreis-berlin-2018\\\/\",\"url\":\"https:\\\/\\\/www.jazzzeitung.de\\\/cms\\\/2018\\\/06\\\/aki-takase-erhaelt-den-jazzpreis-berlin-2018\\\/\",\"name\":\"Aki Takase erh\u00e4lt den Jazzpreis Berlin 2018 - JazzZeitung\",\"isPartOf\":{\"@id\":\"https:\\\/\\\/www.jazzzeitung.de\\\/cms\\\/#website\"},\"primaryImageOfPage\":{\"@id\":\"https:\\\/\\\/www.jazzzeitung.de\\\/cms\\\/2018\\\/06\\\/aki-takase-erhaelt-den-jazzpreis-berlin-2018\\\/#primaryimage\"},\"image\":{\"@id\":\"https:\\\/\\\/www.jazzzeitung.de\\\/cms\\\/2018\\\/06\\\/aki-takase-erhaelt-den-jazzpreis-berlin-2018\\\/#primaryimage\"},\"thumbnailUrl\":\"https:\\\/\\\/i0.wp.com\\\/www.jazzzeitung.de\\\/cms\\\/wp-content\\\/uploads\\\/2018\\\/06\\\/2015.jpg?fit=4137%2C3335&ssl=1\",\"datePublished\":\"2018-06-16T10:05:47+00:00\",\"breadcrumb\":{\"@id\":\"https:\\\/\\\/www.jazzzeitung.de\\\/cms\\\/2018\\\/06\\\/aki-takase-erhaelt-den-jazzpreis-berlin-2018\\\/#breadcrumb\"},\"inLanguage\":\"de\",\"potentialAction\":[{\"@type\":\"ReadAction\",\"target\":[\"https:\\\/\\\/www.jazzzeitung.de\\\/cms\\\/2018\\\/06\\\/aki-takase-erhaelt-den-jazzpreis-berlin-2018\\\/\"]}]},{\"@type\":\"ImageObject\",\"inLanguage\":\"de\",\"@id\":\"https:\\\/\\\/www.jazzzeitung.de\\\/cms\\\/2018\\\/06\\\/aki-takase-erhaelt-den-jazzpreis-berlin-2018\\\/#primaryimage\",\"url\":\"https:\\\/\\\/i0.wp.com\\\/www.jazzzeitung.de\\\/cms\\\/wp-content\\\/uploads\\\/2018\\\/06\\\/2015.jpg?fit=4137%2C3335&ssl=1\",\"contentUrl\":\"https:\\\/\\\/i0.wp.com\\\/www.jazzzeitung.de\\\/cms\\\/wp-content\\\/uploads\\\/2018\\\/06\\\/2015.jpg?fit=4137%2C3335&ssl=1\",\"width\":4137,\"height\":3335},{\"@type\":\"BreadcrumbList\",\"@id\":\"https:\\\/\\\/www.jazzzeitung.de\\\/cms\\\/2018\\\/06\\\/aki-takase-erhaelt-den-jazzpreis-berlin-2018\\\/#breadcrumb\",\"itemListElement\":[{\"@type\":\"ListItem\",\"position\":1,\"name\":\"Startseite\",\"item\":\"https:\\\/\\\/www.jazzzeitung.de\\\/cms\\\/\"},{\"@type\":\"ListItem\",\"position\":2,\"name\":\"Aki Takase erh\u00e4lt den Jazzpreis Berlin 2018\"}]},{\"@type\":\"WebSite\",\"@id\":\"https:\\\/\\\/www.jazzzeitung.de\\\/cms\\\/#website\",\"url\":\"https:\\\/\\\/www.jazzzeitung.de\\\/cms\\\/\",\"name\":\"JazzZeitung\",\"description\":\"Jazz-News und Jazz-Kontroverses\",\"publisher\":{\"@id\":\"https:\\\/\\\/www.jazzzeitung.de\\\/cms\\\/#organization\"},\"potentialAction\":[{\"@type\":\"SearchAction\",\"target\":{\"@type\":\"EntryPoint\",\"urlTemplate\":\"https:\\\/\\\/www.jazzzeitung.de\\\/cms\\\/?s={search_term_string}\"},\"query-input\":{\"@type\":\"PropertyValueSpecification\",\"valueRequired\":true,\"valueName\":\"search_term_string\"}}],\"inLanguage\":\"de\"},{\"@type\":\"Organization\",\"@id\":\"https:\\\/\\\/www.jazzzeitung.de\\\/cms\\\/#organization\",\"name\":\"JazzZeitung online\",\"url\":\"https:\\\/\\\/www.jazzzeitung.de\\\/cms\\\/\",\"logo\":{\"@type\":\"ImageObject\",\"inLanguage\":\"de\",\"@id\":\"https:\\\/\\\/www.jazzzeitung.de\\\/cms\\\/#\\\/schema\\\/logo\\\/image\\\/\",\"url\":\"https:\\\/\\\/i0.wp.com\\\/www.jazzzeitung.de\\\/cms\\\/wp-content\\\/uploads\\\/2015\\\/08\\\/JAZZZEITUNGDE_Logo_Neu.png?fit=499%2C200&ssl=1\",\"contentUrl\":\"https:\\\/\\\/i0.wp.com\\\/www.jazzzeitung.de\\\/cms\\\/wp-content\\\/uploads\\\/2015\\\/08\\\/JAZZZEITUNGDE_Logo_Neu.png?fit=499%2C200&ssl=1\",\"width\":499,\"height\":200,\"caption\":\"JazzZeitung online\"},\"image\":{\"@id\":\"https:\\\/\\\/www.jazzzeitung.de\\\/cms\\\/#\\\/schema\\\/logo\\\/image\\\/\"},\"sameAs\":[\"https:\\\/\\\/www.facebook.com\\\/JazzZeitung\\\/\"]},{\"@type\":\"Person\",\"@id\":\"https:\\\/\\\/www.jazzzeitung.de\\\/cms\\\/#\\\/schema\\\/person\\\/2245b36b9cd1d24cea10f01c031fb92b\",\"name\":\"Redaktion JazzZeitung\",\"image\":{\"@type\":\"ImageObject\",\"inLanguage\":\"de\",\"@id\":\"https:\\\/\\\/i0.wp.com\\\/www.jazzzeitung.de\\\/cms\\\/wp-content\\\/uploads\\\/2015\\\/08\\\/JAZZZEITUNGDE_Logo_Neu.png?resize=96%2C96&ssl=159975dcacb611b5700bd619b5daf0a7a\",\"url\":\"https:\\\/\\\/i0.wp.com\\\/www.jazzzeitung.de\\\/cms\\\/wp-content\\\/uploads\\\/2015\\\/08\\\/JAZZZEITUNGDE_Logo_Neu.png?resize=96%2C96&ssl=1\",\"contentUrl\":\"https:\\\/\\\/i0.wp.com\\\/www.jazzzeitung.de\\\/cms\\\/wp-content\\\/uploads\\\/2015\\\/08\\\/JAZZZEITUNGDE_Logo_Neu.png?resize=96%2C96&ssl=1\",\"caption\":\"Redaktion JazzZeitung\"},\"description\":\"Artikel der Redaktion der JazzZeitung.\",\"sameAs\":[\"http:\\\/\\\/www.jazzzeitung.de\\\/cms\\\/\"],\"url\":\"https:\\\/\\\/www.jazzzeitung.de\\\/cms\\\/author\\\/redaktion\\\/\"}]}<\/script>\n<!-- \/ Yoast SEO plugin. -->","yoast_head_json":{"title":"Aki Takase erh\u00e4lt den Jazzpreis Berlin 2018 - JazzZeitung","robots":{"index":"index","follow":"follow","max-snippet":"max-snippet:-1","max-image-preview":"max-image-preview:large","max-video-preview":"max-video-preview:-1"},"canonical":"https:\/\/www.jazzzeitung.de\/cms\/2018\/06\/aki-takase-erhaelt-den-jazzpreis-berlin-2018\/","og_locale":"de_DE","og_type":"article","og_title":"Aki Takase erh\u00e4lt den Jazzpreis Berlin 2018 - JazzZeitung","og_description":"Das Kulturradio vom rbb und die Kulturverwaltung des Berliner Senats zeichnen die Pianistin Aki Takase mit dem Jazzpreis Berlin 2018 aus. Der mit 15.000 Euro dotierte Preis wird bei einem \u00f6ffentlichen Konzert am Dienstag, 26. Juni 2018, ab 20.00 Uhr, im Kleinen Sendesaal des rbb verliehen. Die 1948 in Japan geborene Pianistin, Aki Takase, erlebte ihren internationalen Durchbruch 1981 beim Jazzfest Berlin. 1987 verlegte die Musikerin ihren Lebensmittelpunkt nach Berlin, wo sie die Szene seither mit internationaler Ausstrahlung ma\u00dfgeblich mitgestaltet. Freiheit und Form seien f\u00fcr Aki Takase keine Gegens\u00e4tze, sondern miteinander verwobene Ebenen ihrer Musik, hei\u00dft es in der Begr\u00fcndung der Jury. Zudem besteche ihre Musik durch Humor \u2013 jenseits jeglicher Effekthascherei. Im Preistr\u00e4gerkonzert spielt Aki Takase solistisch, im Duo mit dem Bassklarinettisten Rudi Mahall und pr\u00e4sentiert Ausschnitte aus einem gemeinsamen Programm mit Yoko Tawada (Autorin). Tawada ist eine in Berlin lebende, mehrfach preisgekr\u00f6nte japanische Schriftstellerin, die auf Deutsch und Japanisch schreibt. Auf www.kulturradio.de kann die Veranstaltung im Video-Livestream verfolgt werden.","og_url":"https:\/\/www.jazzzeitung.de\/cms\/2018\/06\/aki-takase-erhaelt-den-jazzpreis-berlin-2018\/","og_site_name":"JazzZeitung","article_publisher":"https:\/\/www.facebook.com\/JazzZeitung\/","article_published_time":"2018-06-16T10:05:47+00:00","og_image":[{"width":744,"height":600,"url":"https:\/\/www.jazzzeitung.de\/cms\/wp-content\/uploads\/2018\/06\/2015-744x600.jpg","type":"image\/jpeg"}],"author":"Redaktion JazzZeitung","schema":{"@context":"https:\/\/schema.org","@graph":[{"@type":"Article","@id":"https:\/\/www.jazzzeitung.de\/cms\/2018\/06\/aki-takase-erhaelt-den-jazzpreis-berlin-2018\/#article","isPartOf":{"@id":"https:\/\/www.jazzzeitung.de\/cms\/2018\/06\/aki-takase-erhaelt-den-jazzpreis-berlin-2018\/"},"author":{"name":"Redaktion JazzZeitung","@id":"https:\/\/www.jazzzeitung.de\/cms\/#\/schema\/person\/2245b36b9cd1d24cea10f01c031fb92b"},"headline":"Aki Takase erh\u00e4lt den Jazzpreis Berlin 2018","datePublished":"2018-06-16T10:05:47+00:00","mainEntityOfPage":{"@id":"https:\/\/www.jazzzeitung.de\/cms\/2018\/06\/aki-takase-erhaelt-den-jazzpreis-berlin-2018\/"},"wordCount":169,"commentCount":0,"publisher":{"@id":"https:\/\/www.jazzzeitung.de\/cms\/#organization"},"image":{"@id":"https:\/\/www.jazzzeitung.de\/cms\/2018\/06\/aki-takase-erhaelt-den-jazzpreis-berlin-2018\/#primaryimage"},"thumbnailUrl":"https:\/\/i0.wp.com\/www.jazzzeitung.de\/cms\/wp-content\/uploads\/2018\/06\/2015.jpg?fit=4137%2C3335&ssl=1","keywords":["2018","Aki Takase","Berlin","duo","Japan","Jazzfest","Jazzfest Berlin","Jazzpreis","Jazzpreis Berlin","Konzert","Preis","Rudi Mahall","Video"],"articleSection":["News"],"inLanguage":"de","potentialAction":[{"@type":"CommentAction","name":"Comment","target":["https:\/\/www.jazzzeitung.de\/cms\/2018\/06\/aki-takase-erhaelt-den-jazzpreis-berlin-2018\/#respond"]}]},{"@type":"WebPage","@id":"https:\/\/www.jazzzeitung.de\/cms\/2018\/06\/aki-takase-erhaelt-den-jazzpreis-berlin-2018\/","url":"https:\/\/www.jazzzeitung.de\/cms\/2018\/06\/aki-takase-erhaelt-den-jazzpreis-berlin-2018\/","name":"Aki Takase erh\u00e4lt den Jazzpreis Berlin 2018 - JazzZeitung","isPartOf":{"@id":"https:\/\/www.jazzzeitung.de\/cms\/#website"},"primaryImageOfPage":{"@id":"https:\/\/www.jazzzeitung.de\/cms\/2018\/06\/aki-takase-erhaelt-den-jazzpreis-berlin-2018\/#primaryimage"},"image":{"@id":"https:\/\/www.jazzzeitung.de\/cms\/2018\/06\/aki-takase-erhaelt-den-jazzpreis-berlin-2018\/#primaryimage"},"thumbnailUrl":"https:\/\/i0.wp.com\/www.jazzzeitung.de\/cms\/wp-content\/uploads\/2018\/06\/2015.jpg?fit=4137%2C3335&ssl=1","datePublished":"2018-06-16T10:05:47+00:00","breadcrumb":{"@id":"https:\/\/www.jazzzeitung.de\/cms\/2018\/06\/aki-takase-erhaelt-den-jazzpreis-berlin-2018\/#breadcrumb"},"inLanguage":"de","potentialAction":[{"@type":"ReadAction","target":["https:\/\/www.jazzzeitung.de\/cms\/2018\/06\/aki-takase-erhaelt-den-jazzpreis-berlin-2018\/"]}]},{"@type":"ImageObject","inLanguage":"de","@id":"https:\/\/www.jazzzeitung.de\/cms\/2018\/06\/aki-takase-erhaelt-den-jazzpreis-berlin-2018\/#primaryimage","url":"https:\/\/i0.wp.com\/www.jazzzeitung.de\/cms\/wp-content\/uploads\/2018\/06\/2015.jpg?fit=4137%2C3335&ssl=1","contentUrl":"https:\/\/i0.wp.com\/www.jazzzeitung.de\/cms\/wp-content\/uploads\/2018\/06\/2015.jpg?fit=4137%2C3335&ssl=1","width":4137,"height":3335},{"@type":"BreadcrumbList","@id":"https:\/\/www.jazzzeitung.de\/cms\/2018\/06\/aki-takase-erhaelt-den-jazzpreis-berlin-2018\/#breadcrumb","itemListElement":[{"@type":"ListItem","position":1,"name":"Startseite","item":"https:\/\/www.jazzzeitung.de\/cms\/"},{"@type":"ListItem","position":2,"name":"Aki Takase erh\u00e4lt den Jazzpreis Berlin 2018"}]},{"@type":"WebSite","@id":"https:\/\/www.jazzzeitung.de\/cms\/#website","url":"https:\/\/www.jazzzeitung.de\/cms\/","name":"JazzZeitung","description":"Jazz-News und Jazz-Kontroverses","publisher":{"@id":"https:\/\/www.jazzzeitung.de\/cms\/#organization"},"potentialAction":[{"@type":"SearchAction","target":{"@type":"EntryPoint","urlTemplate":"https:\/\/www.jazzzeitung.de\/cms\/?s={search_term_string}"},"query-input":{"@type":"PropertyValueSpecification","valueRequired":true,"valueName":"search_term_string"}}],"inLanguage":"de"},{"@type":"Organization","@id":"https:\/\/www.jazzzeitung.de\/cms\/#organization","name":"JazzZeitung online","url":"https:\/\/www.jazzzeitung.de\/cms\/","logo":{"@type":"ImageObject","inLanguage":"de","@id":"https:\/\/www.jazzzeitung.de\/cms\/#\/schema\/logo\/image\/","url":"https:\/\/i0.wp.com\/www.jazzzeitung.de\/cms\/wp-content\/uploads\/2015\/08\/JAZZZEITUNGDE_Logo_Neu.png?fit=499%2C200&ssl=1","contentUrl":"https:\/\/i0.wp.com\/www.jazzzeitung.de\/cms\/wp-content\/uploads\/2015\/08\/JAZZZEITUNGDE_Logo_Neu.png?fit=499%2C200&ssl=1","width":499,"height":200,"caption":"JazzZeitung online"},"image":{"@id":"https:\/\/www.jazzzeitung.de\/cms\/#\/schema\/logo\/image\/"},"sameAs":["https:\/\/www.facebook.com\/JazzZeitung\/"]},{"@type":"Person","@id":"https:\/\/www.jazzzeitung.de\/cms\/#\/schema\/person\/2245b36b9cd1d24cea10f01c031fb92b","name":"Redaktion JazzZeitung","image":{"@type":"ImageObject","inLanguage":"de","@id":"https:\/\/i0.wp.com\/www.jazzzeitung.de\/cms\/wp-content\/uploads\/2015\/08\/JAZZZEITUNGDE_Logo_Neu.png?resize=96%2C96&ssl=159975dcacb611b5700bd619b5daf0a7a","url":"https:\/\/i0.wp.com\/www.jazzzeitung.de\/cms\/wp-content\/uploads\/2015\/08\/JAZZZEITUNGDE_Logo_Neu.png?resize=96%2C96&ssl=1","contentUrl":"https:\/\/i0.wp.com\/www.jazzzeitung.de\/cms\/wp-content\/uploads\/2015\/08\/JAZZZEITUNGDE_Logo_Neu.png?resize=96%2C96&ssl=1","caption":"Redaktion JazzZeitung"},"description":"Artikel der Redaktion der JazzZeitung.","sameAs":["http:\/\/www.jazzzeitung.de\/cms\/"],"url":"https:\/\/www.jazzzeitung.de\/cms\/author\/redaktion\/"}]}},"wp-worthy-pixel":{"ignored":false,"public":null,"server":null,"url":null},"wp-worthy-type":"normal","jetpack_publicize_connections":[],"cc_featured_image_caption":{"caption_text":"","source_text":"","source_url":""},"jetpack_featured_media_url":"https:\/\/i0.wp.com\/www.jazzzeitung.de\/cms\/wp-content\/uploads\/2018\/06\/2015.jpg?fit=4137%2C3335&ssl=1","jetpack_shortlink":"https:\/\/wp.me\/p3KEcT-4gk","jetpack-related-posts":[{"id":15181,"url":"https:\/\/www.jazzzeitung.de\/cms\/2018\/02\/jazzpreis-berlin-2018-rbb-und-land-berlin-zeichnen-aki-takase-aus\/","url_meta":{"origin":16388,"position":0},"title":"Jazzpreis Berlin 2018: rbb und Land Berlin zeichnen Aki Takase aus","author":"Martin Hufner","date":"28. Februar 2018","format":false,"excerpt":"Pressemitteilung: Die Pianistin und Komponistin Aki Takase erh\u00e4lt den Jazzpreis Berlin 2018. Der Rundfunk Berlin-Brandenburg (rbb) und das Land Berlin vergeben die mit 15.000 Euro dotierte Auszeichnung. Aki Takase, 1948 in Japan geboren, erlebte ihren internationalen Durchbruch 1981 beim Jazzfest Berlin. 1987 verlegte die Musikerin ihren Lebensmittelpunkt nach Berlin, wo\u2026","rel":"","context":"In &quot;News&quot;","block_context":{"text":"News","link":"https:\/\/www.jazzzeitung.de\/cms\/thema\/nachrichten\/"},"img":{"alt_text":"Pianistin und Komponistin Aki Takase erh\u00e4lt Jazzpreis Berlin 2018. \u00a9 rbb\/Kazue Yokoi","src":"https:\/\/i0.wp.com\/www.jazzzeitung.de\/cms\/wp-content\/uploads\/2018\/02\/rbb_takase.jpg?fit=1200%2C854&ssl=1&resize=350%2C200","width":350,"height":200,"srcset":"https:\/\/i0.wp.com\/www.jazzzeitung.de\/cms\/wp-content\/uploads\/2018\/02\/rbb_takase.jpg?fit=1200%2C854&ssl=1&resize=350%2C200 1x, https:\/\/i0.wp.com\/www.jazzzeitung.de\/cms\/wp-content\/uploads\/2018\/02\/rbb_takase.jpg?fit=1200%2C854&ssl=1&resize=525%2C300 1.5x, https:\/\/i0.wp.com\/www.jazzzeitung.de\/cms\/wp-content\/uploads\/2018\/02\/rbb_takase.jpg?fit=1200%2C854&ssl=1&resize=700%2C400 2x, https:\/\/i0.wp.com\/www.jazzzeitung.de\/cms\/wp-content\/uploads\/2018\/02\/rbb_takase.jpg?fit=1200%2C854&ssl=1&resize=1050%2C600 3x"},"classes":[]},{"id":25830,"url":"https:\/\/www.jazzzeitung.de\/cms\/2021\/09\/albert-mangelsdorff-preis-2021-geht-an-aki-takase\/","url_meta":{"origin":16388,"position":1},"title":"Albert-Mangelsdorff-Preis 2021 geht an Aki Takase","author":"Redaktion JazzZeitung","date":"20. September 2021","format":false,"excerpt":"Die Berliner Pianistin Aki Takase wird von der Deutschen Jazzunion mit dem Albert-Mangelsdorff-Preis 2021 f\u00fcr ihr Lebenswerk und ihre Verdienste f\u00fcr den Jazz in Deutschland ausgezeichnet. Die Preisverleihung mit Konzert der Preistr\u00e4gerin findet am 5. November 2021 im Rahmen des Jazzfest Berlin statt, dessen Gesamtprogramm am 30. September ver\u00f6ffentlicht wird.\u2026","rel":"","context":"In &quot;News&quot;","block_context":{"text":"News","link":"https:\/\/www.jazzzeitung.de\/cms\/thema\/nachrichten\/"},"img":{"alt_text":"","src":"https:\/\/i0.wp.com\/www.jazzzeitung.de\/cms\/wp-content\/uploads\/2021\/09\/AkiTakaseByZigaKoritnik-scaled-1-e1632125752971.jpg?fit=1200%2C1023&ssl=1&resize=350%2C200","width":350,"height":200,"srcset":"https:\/\/i0.wp.com\/www.jazzzeitung.de\/cms\/wp-content\/uploads\/2021\/09\/AkiTakaseByZigaKoritnik-scaled-1-e1632125752971.jpg?fit=1200%2C1023&ssl=1&resize=350%2C200 1x, https:\/\/i0.wp.com\/www.jazzzeitung.de\/cms\/wp-content\/uploads\/2021\/09\/AkiTakaseByZigaKoritnik-scaled-1-e1632125752971.jpg?fit=1200%2C1023&ssl=1&resize=525%2C300 1.5x, https:\/\/i0.wp.com\/www.jazzzeitung.de\/cms\/wp-content\/uploads\/2021\/09\/AkiTakaseByZigaKoritnik-scaled-1-e1632125752971.jpg?fit=1200%2C1023&ssl=1&resize=700%2C400 2x, https:\/\/i0.wp.com\/www.jazzzeitung.de\/cms\/wp-content\/uploads\/2021\/09\/AkiTakaseByZigaKoritnik-scaled-1-e1632125752971.jpg?fit=1200%2C1023&ssl=1&resize=1050%2C600 3x"},"classes":[]},{"id":26578,"url":"https:\/\/www.jazzzeitung.de\/cms\/2022\/01\/zwei-furiose-geister-im-gleichklang\/","url_meta":{"origin":16388,"position":2},"title":"Zwei furiose Geister im Gleichklang","author":"Michael Scheiner","date":"22. Januar 2022","format":false,"excerpt":"Regensburg. \u201eFurios, es war einfach furios!\u201c Es ist eine Mischung aus Staunen, Begeisterung und Ehrfurcht, die sich im Gesicht der Jazzclub-Besucherin widerspiegelt. \u201eIch konnte nur noch ihre H\u00e4nde anschauen\u201c, stimmt die Begleiterin in das Lob \u00fcber das Konzert der Berliner Pianistin Aki Takase mit dem Saxofonisten Daniel Erdmann ein. Nach\u2026","rel":"","context":"In &quot;Bericht&quot;","block_context":{"text":"Bericht","link":"https:\/\/www.jazzzeitung.de\/cms\/thema\/bericht\/"},"img":{"alt_text":"","src":"https:\/\/i0.wp.com\/www.jazzzeitung.de\/cms\/wp-content\/uploads\/2022\/01\/takase-aki_56.jpg?fit=1200%2C800&ssl=1&resize=350%2C200","width":350,"height":200,"srcset":"https:\/\/i0.wp.com\/www.jazzzeitung.de\/cms\/wp-content\/uploads\/2022\/01\/takase-aki_56.jpg?fit=1200%2C800&ssl=1&resize=350%2C200 1x, https:\/\/i0.wp.com\/www.jazzzeitung.de\/cms\/wp-content\/uploads\/2022\/01\/takase-aki_56.jpg?fit=1200%2C800&ssl=1&resize=525%2C300 1.5x, https:\/\/i0.wp.com\/www.jazzzeitung.de\/cms\/wp-content\/uploads\/2022\/01\/takase-aki_56.jpg?fit=1200%2C800&ssl=1&resize=700%2C400 2x, https:\/\/i0.wp.com\/www.jazzzeitung.de\/cms\/wp-content\/uploads\/2022\/01\/takase-aki_56.jpg?fit=1200%2C800&ssl=1&resize=1050%2C600 3x"},"classes":[]},{"id":17625,"url":"https:\/\/www.jazzzeitung.de\/cms\/2018\/10\/jazzpreis-berlin-2019-an-axel-doerner\/","url_meta":{"origin":16388,"position":3},"title":"Jazzpreis Berlin 2019 an Axel D\u00f6rner","author":"Redaktion JazzZeitung","date":"30. Oktober 2018","format":false,"excerpt":"Kulturradio vom rbb und die Senatsverwaltung f\u00fcr Kultur und Europa vergeben den Jazzpreis Berlin an den Trompeter Axel D\u00f6rner. Der mit 15.000 Euro dotierte Preis wird im Rahmen eines \u00f6ffentlichen Konzertes am Donnerstag, 27. Juni 2019, ab 20.00 Uhr, im Kleinen Sendesaal des rbb verliehen. Axel D\u00f6rner, am 1964 in\u2026","rel":"","context":"In &quot;News&quot;","block_context":{"text":"News","link":"https:\/\/www.jazzzeitung.de\/cms\/thema\/nachrichten\/"},"img":{"alt_text":"Jazzpreis Berlin an Trompeter Axel D\u00f6rner. Foto: Hufner Jazzpreis Berlin an Trompeter Axel D\u00f6rner. Foto: Hufner","src":"https:\/\/i0.wp.com\/www.jazzzeitung.de\/cms\/wp-content\/uploads\/2018\/10\/axel_doerner_c_hufner.jpg?fit=1200%2C697&ssl=1&resize=350%2C200","width":350,"height":200,"srcset":"https:\/\/i0.wp.com\/www.jazzzeitung.de\/cms\/wp-content\/uploads\/2018\/10\/axel_doerner_c_hufner.jpg?fit=1200%2C697&ssl=1&resize=350%2C200 1x, https:\/\/i0.wp.com\/www.jazzzeitung.de\/cms\/wp-content\/uploads\/2018\/10\/axel_doerner_c_hufner.jpg?fit=1200%2C697&ssl=1&resize=525%2C300 1.5x, https:\/\/i0.wp.com\/www.jazzzeitung.de\/cms\/wp-content\/uploads\/2018\/10\/axel_doerner_c_hufner.jpg?fit=1200%2C697&ssl=1&resize=700%2C400 2x, https:\/\/i0.wp.com\/www.jazzzeitung.de\/cms\/wp-content\/uploads\/2018\/10\/axel_doerner_c_hufner.jpg?fit=1200%2C697&ssl=1&resize=1050%2C600 3x"},"classes":[]},{"id":4826,"url":"https:\/\/www.jazzzeitung.de\/cms\/2014\/11\/bildergalerie-teil-2-jazzfest-berlin-31-10-2014\/","url_meta":{"origin":16388,"position":4},"title":"Bildergalerie Teil 2: Jazzfest Berlin, 31.10.2014","author":"Redaktion JazzZeitung","date":"6. November 2014","format":false,"excerpt":"Fotos von Ralf Dombrowski, danke! Unter anderem mit Aki Takase, Alexander Schlippenbach, Get The Blessing und dem Soweto Kinch Trio... Bericht unter http:\/\/www.nmz.de\/online\/blick-zurueck-nach-vorn-das-jazzfest-berlin-feierte-sein-50-jaehriges-jubilaeum \u00a0 \u00a0","rel":"","context":"In &quot;Galerie&quot;","block_context":{"text":"Galerie","link":"https:\/\/www.jazzzeitung.de\/cms\/thema\/galerie\/"},"img":{"alt_text":"","src":"https:\/\/i0.wp.com\/www.jazzzeitung.de\/cms\/wp-content\/uploads\/2014\/11\/0K3A0020-GTB-Jim-Barr-dombr.jpg?resize=350%2C200","width":350,"height":200,"srcset":"https:\/\/i0.wp.com\/www.jazzzeitung.de\/cms\/wp-content\/uploads\/2014\/11\/0K3A0020-GTB-Jim-Barr-dombr.jpg?resize=350%2C200 1x, https:\/\/i0.wp.com\/www.jazzzeitung.de\/cms\/wp-content\/uploads\/2014\/11\/0K3A0020-GTB-Jim-Barr-dombr.jpg?resize=525%2C300 1.5x, https:\/\/i0.wp.com\/www.jazzzeitung.de\/cms\/wp-content\/uploads\/2014\/11\/0K3A0020-GTB-Jim-Barr-dombr.jpg?resize=700%2C400 2x, https:\/\/i0.wp.com\/www.jazzzeitung.de\/cms\/wp-content\/uploads\/2014\/11\/0K3A0020-GTB-Jim-Barr-dombr.jpg?resize=1050%2C600 3x"},"classes":[]},{"id":33814,"url":"https:\/\/www.jazzzeitung.de\/cms\/2026\/04\/aki-takase-erhaelt-den-deutschen-jazzpreis-2026-fuer-ihr-lebenswerk\/","url_meta":{"origin":16388,"position":5},"title":"Aki Takase erh\u00e4lt den Deutschen Jazzpreis 2026 f\u00fcr ihr Lebenswerk","author":"Redaktion JazzZeitung","date":"15. April 2026","format":false,"excerpt":"Aki Takase erh\u00e4lt den Deutschen Jazzpreis 2026 f\u00fcr ihr Lebenswerk","rel":"","context":"In &quot;News&quot;","block_context":{"text":"News","link":"https:\/\/www.jazzzeitung.de\/cms\/thema\/nachrichten\/"},"img":{"alt_text":"Aki Takase. \u00a9 Frank Siemers","src":"https:\/\/i0.wp.com\/www.jazzzeitung.de\/cms\/wp-content\/uploads\/2026\/04\/Aki-Takase-by-frank-siemers-scaled.jpeg?fit=1200%2C1137&ssl=1&resize=350%2C200","width":350,"height":200,"srcset":"https:\/\/i0.wp.com\/www.jazzzeitung.de\/cms\/wp-content\/uploads\/2026\/04\/Aki-Takase-by-frank-siemers-scaled.jpeg?fit=1200%2C1137&ssl=1&resize=350%2C200 1x, https:\/\/i0.wp.com\/www.jazzzeitung.de\/cms\/wp-content\/uploads\/2026\/04\/Aki-Takase-by-frank-siemers-scaled.jpeg?fit=1200%2C1137&ssl=1&resize=525%2C300 1.5x, https:\/\/i0.wp.com\/www.jazzzeitung.de\/cms\/wp-content\/uploads\/2026\/04\/Aki-Takase-by-frank-siemers-scaled.jpeg?fit=1200%2C1137&ssl=1&resize=700%2C400 2x, https:\/\/i0.wp.com\/www.jazzzeitung.de\/cms\/wp-content\/uploads\/2026\/04\/Aki-Takase-by-frank-siemers-scaled.jpeg?fit=1200%2C1137&ssl=1&resize=1050%2C600 3x"},"classes":[]}],"jetpack_sharing_enabled":true,"_links":{"self":[{"href":"https:\/\/www.jazzzeitung.de\/cms\/wp-json\/wp\/v2\/posts\/16388","targetHints":{"allow":["GET"]}}],"collection":[{"href":"https:\/\/www.jazzzeitung.de\/cms\/wp-json\/wp\/v2\/posts"}],"about":[{"href":"https:\/\/www.jazzzeitung.de\/cms\/wp-json\/wp\/v2\/types\/post"}],"author":[{"embeddable":true,"href":"https:\/\/www.jazzzeitung.de\/cms\/wp-json\/wp\/v2\/users\/18"}],"replies":[{"embeddable":true,"href":"https:\/\/www.jazzzeitung.de\/cms\/wp-json\/wp\/v2\/comments?post=16388"}],"version-history":[{"count":2,"href":"https:\/\/www.jazzzeitung.de\/cms\/wp-json\/wp\/v2\/posts\/16388\/revisions"}],"predecessor-version":[{"id":16396,"href":"https:\/\/www.jazzzeitung.de\/cms\/wp-json\/wp\/v2\/posts\/16388\/revisions\/16396"}],"wp:featuredmedia":[{"embeddable":true,"href":"https:\/\/www.jazzzeitung.de\/cms\/wp-json\/wp\/v2\/media\/16390"}],"wp:attachment":[{"href":"https:\/\/www.jazzzeitung.de\/cms\/wp-json\/wp\/v2\/media?parent=16388"}],"wp:term":[{"taxonomy":"category","embeddable":true,"href":"https:\/\/www.jazzzeitung.de\/cms\/wp-json\/wp\/v2\/categories?post=16388"},{"taxonomy":"post_tag","embeddable":true,"href":"https:\/\/www.jazzzeitung.de\/cms\/wp-json\/wp\/v2\/tags?post=16388"},{"taxonomy":"author","embeddable":true,"href":"https:\/\/www.jazzzeitung.de\/cms\/wp-json\/wp\/v2\/coauthors?post=16388"}],"curies":[{"name":"wp","href":"https:\/\/api.w.org\/{rel}","templated":true}]}}