{"id":1637,"date":"2012-03-23T00:41:05","date_gmt":"2012-03-22T23:41:05","guid":{"rendered":"http:\/\/blogs.nmz.de\/jazz\/?p=1637"},"modified":"2013-07-17T16:58:24","modified_gmt":"2013-07-17T14:58:24","slug":"sven-regener-der-unheimliche-hulk-des-urheberrechts","status":"publish","type":"post","link":"https:\/\/www.jazzzeitung.de\/cms\/2012\/03\/sven-regener-der-unheimliche-hulk-des-urheberrechts\/","title":{"rendered":"Sven Regener: Der unheimliche Hulk des Urheberrechts"},"content":{"rendered":"<p style=\"text-align: justify;\">Der Wutb\u00fcrger an sich tummelt sich nicht nur auf schw\u00e4bischen Bahnh\u00f6fen \u2013 auch in Tonstudios wird der eine oder andere zum unheimlichen Hulk,\u00a0 wenn er daran erinnert wird, dass es im Zeitalter der unbegrenzten Downloads viel zu leicht ist, Schindluder mit geistigem Eigentum zu treiben. Zuletzt beobachtet bei Sven Regener von Element of Crime, als Z\u00fcndfunk-Autor Erich Renz anrief, um Regeners Meinung zum Urheberrecht zu erfragen&#8230;<\/p>\n<p style=\"text-align: justify;\"><a href=\"http:\/\/www.br.de\/radio\/bayern2\/sendungen\/zuendfunk\/pop-platten\/sven-regener-urheberrecht100.html\" target=\"_blank\">http:\/\/www.br.de\/radio\/bayern2\/sendungen\/zuendfunk\/regener_interview100.html<\/a><\/p>\n<p style=\"text-align: justify;\">Gro\u00dfer Sport! Wobei die Antwort durch den kulturpolitischen Sprecher der von Regener angegriffenen Piratenpartei Christoph Lauer \u2013 nein, nicht der &#8222;Urheber&#8220;-Lauer, den schreibt man mit &#8218;f&#8216; \u2013 nicht ausblieb. F\u00fcr die Piraten, ist das, was Regener so erbost, und was er als &#8222;ins Gesicht der Urheber pinkeln&#8220; bezeichnet, lediglich eine Kriminalisierung derer, die sich der hehren Sache verschrieben haben, &#8222;ohne kommerzielles Interesse Wissen zu teilen&#8220;.<\/p>\n<p style=\"text-align: justify;\">Hm, bei dieser Pharis\u00e4er-Attit\u00fcde k\u00f6nnte man fast ein bisschen w\u00fctend werden. Vielleicht sollte ich vorsorglich mein Shirt ausziehen. Nur f\u00fcr den Fall, dass ich es &#8222;Hulk&#8220; Regener gleichtue&#8230;<\/p>\n","protected":false},"excerpt":{"rendered":"<p>Der Wutb\u00fcrger an sich tummelt sich nicht nur auf schw\u00e4bischen Bahnh\u00f6fen \u2013 auch in Tonstudios wird der eine oder andere zum unheimlichen Hulk,  wenn er daran erinnert wird, dass es im Zeitalter der unbegrenzten Downloads viel zu leicht ist, Schindluder mit geistigem Eigentum zu treiben. Zuletzt beobachtet bei Sven Regener von Element of Crime, als Z\u00fcndfunk-Autor Erich Renz anrief, um Regeners Meinung zum Urheberrecht zu erfragen&#8230;<\/p>\n","protected":false},"author":4,"featured_media":0,"comment_status":"open","ping_status":"open","sticky":false,"template":"","format":"standard","meta":{"_jetpack_memberships_contains_paid_content":false,"footnotes":"","jetpack_publicize_message":"","jetpack_publicize_feature_enabled":true,"jetpack_social_post_already_shared":false,"jetpack_social_options":{"image_generator_settings":{"template":"highway","default_image_id":0,"font":"","enabled":false},"version":2}},"categories":[82],"tags":[56,114,167,444,533,574,604,611],"coauthors":[],"class_list":["post-1637","post","type-post","status-publish","format-standard","hentry","category-blog","tag-bayerischer-rundfunk","tag-christoph-lauer","tag-erich-renz","tag-piraten","tag-sven-regener","tag-urheberrecht","tag-wutrede","tag-zundfunk"],"yoast_head":"<!-- This site is optimized with the Yoast SEO plugin v27.5 - https:\/\/yoast.com\/product\/yoast-seo-wordpress\/ -->\n<title>Sven Regener: Der unheimliche Hulk des Urheberrechts - JazzZeitung<\/title>\n<meta name=\"robots\" content=\"index, follow, max-snippet:-1, max-image-preview:large, max-video-preview:-1\" \/>\n<link rel=\"canonical\" href=\"https:\/\/www.jazzzeitung.de\/cms\/2012\/03\/sven-regener-der-unheimliche-hulk-des-urheberrechts\/\" \/>\n<meta property=\"og:locale\" content=\"de_DE\" \/>\n<meta property=\"og:type\" content=\"article\" \/>\n<meta property=\"og:title\" content=\"Sven Regener: Der unheimliche Hulk des Urheberrechts - JazzZeitung\" \/>\n<meta property=\"og:description\" content=\"Der Wutb\u00fcrger an sich tummelt sich nicht nur auf schw\u00e4bischen Bahnh\u00f6fen \u2013 auch in Tonstudios wird der eine oder andere zum unheimlichen Hulk, wenn er daran erinnert wird, dass es im Zeitalter der unbegrenzten Downloads viel zu leicht ist, Schindluder mit geistigem Eigentum zu treiben. Zuletzt beobachtet bei Sven Regener von Element of Crime, als Z\u00fcndfunk-Autor Erich Renz anrief, um Regeners Meinung zum Urheberrecht zu erfragen...\" \/>\n<meta property=\"og:url\" content=\"https:\/\/www.jazzzeitung.de\/cms\/2012\/03\/sven-regener-der-unheimliche-hulk-des-urheberrechts\/\" \/>\n<meta property=\"og:site_name\" content=\"JazzZeitung\" \/>\n<meta property=\"article:publisher\" content=\"https:\/\/www.facebook.com\/JazzZeitung\/\" \/>\n<meta property=\"article:published_time\" content=\"2012-03-22T23:41:05+00:00\" \/>\n<meta property=\"article:modified_time\" content=\"2013-07-17T14:58:24+00:00\" \/>\n<meta property=\"og:image\" content=\"https:\/\/i0.wp.com\/www.jazzzeitung.de\/cms\/wp-content\/uploads\/2012\/01\/ipad-logo-200.png?fit=200%2C200&ssl=1\" \/>\n\t<meta property=\"og:image:width\" content=\"200\" \/>\n\t<meta property=\"og:image:height\" content=\"200\" \/>\n\t<meta property=\"og:image:type\" content=\"image\/png\" \/>\n<meta name=\"author\" content=\"J\u00f6rg Lichtinger\" \/>\n<script type=\"application\/ld+json\" class=\"yoast-schema-graph\">{\"@context\":\"https:\\\/\\\/schema.org\",\"@graph\":[{\"@type\":\"Article\",\"@id\":\"https:\\\/\\\/www.jazzzeitung.de\\\/cms\\\/2012\\\/03\\\/sven-regener-der-unheimliche-hulk-des-urheberrechts\\\/#article\",\"isPartOf\":{\"@id\":\"https:\\\/\\\/www.jazzzeitung.de\\\/cms\\\/2012\\\/03\\\/sven-regener-der-unheimliche-hulk-des-urheberrechts\\\/\"},\"author\":{\"name\":\"J\u00f6rg Lichtinger\",\"@id\":\"https:\\\/\\\/www.jazzzeitung.de\\\/cms\\\/#\\\/schema\\\/person\\\/4c5aaf486bdcd85db94b9a8b9e026bad\"},\"headline\":\"Sven Regener: Der unheimliche Hulk des Urheberrechts\",\"datePublished\":\"2012-03-22T23:41:05+00:00\",\"dateModified\":\"2013-07-17T14:58:24+00:00\",\"mainEntityOfPage\":{\"@id\":\"https:\\\/\\\/www.jazzzeitung.de\\\/cms\\\/2012\\\/03\\\/sven-regener-der-unheimliche-hulk-des-urheberrechts\\\/\"},\"wordCount\":186,\"commentCount\":1,\"publisher\":{\"@id\":\"https:\\\/\\\/www.jazzzeitung.de\\\/cms\\\/#organization\"},\"keywords\":[\"Bayerischer Rundfunk\",\"Christoph Lauer\",\"Erich Renz\",\"Piraten\",\"Sven Regener\",\"Urheberrecht\",\"Wutrede\",\"Z\u00fcndfunk\"],\"articleSection\":[\"Blog\"],\"inLanguage\":\"de\",\"potentialAction\":[{\"@type\":\"CommentAction\",\"name\":\"Comment\",\"target\":[\"https:\\\/\\\/www.jazzzeitung.de\\\/cms\\\/2012\\\/03\\\/sven-regener-der-unheimliche-hulk-des-urheberrechts\\\/#respond\"]}]},{\"@type\":\"WebPage\",\"@id\":\"https:\\\/\\\/www.jazzzeitung.de\\\/cms\\\/2012\\\/03\\\/sven-regener-der-unheimliche-hulk-des-urheberrechts\\\/\",\"url\":\"https:\\\/\\\/www.jazzzeitung.de\\\/cms\\\/2012\\\/03\\\/sven-regener-der-unheimliche-hulk-des-urheberrechts\\\/\",\"name\":\"Sven Regener: Der unheimliche Hulk des Urheberrechts - JazzZeitung\",\"isPartOf\":{\"@id\":\"https:\\\/\\\/www.jazzzeitung.de\\\/cms\\\/#website\"},\"datePublished\":\"2012-03-22T23:41:05+00:00\",\"dateModified\":\"2013-07-17T14:58:24+00:00\",\"breadcrumb\":{\"@id\":\"https:\\\/\\\/www.jazzzeitung.de\\\/cms\\\/2012\\\/03\\\/sven-regener-der-unheimliche-hulk-des-urheberrechts\\\/#breadcrumb\"},\"inLanguage\":\"de\",\"potentialAction\":[{\"@type\":\"ReadAction\",\"target\":[\"https:\\\/\\\/www.jazzzeitung.de\\\/cms\\\/2012\\\/03\\\/sven-regener-der-unheimliche-hulk-des-urheberrechts\\\/\"]}]},{\"@type\":\"BreadcrumbList\",\"@id\":\"https:\\\/\\\/www.jazzzeitung.de\\\/cms\\\/2012\\\/03\\\/sven-regener-der-unheimliche-hulk-des-urheberrechts\\\/#breadcrumb\",\"itemListElement\":[{\"@type\":\"ListItem\",\"position\":1,\"name\":\"Startseite\",\"item\":\"https:\\\/\\\/www.jazzzeitung.de\\\/cms\\\/\"},{\"@type\":\"ListItem\",\"position\":2,\"name\":\"Sven Regener: Der unheimliche Hulk des Urheberrechts\"}]},{\"@type\":\"WebSite\",\"@id\":\"https:\\\/\\\/www.jazzzeitung.de\\\/cms\\\/#website\",\"url\":\"https:\\\/\\\/www.jazzzeitung.de\\\/cms\\\/\",\"name\":\"JazzZeitung\",\"description\":\"Jazz-News und Jazz-Kontroverses\",\"publisher\":{\"@id\":\"https:\\\/\\\/www.jazzzeitung.de\\\/cms\\\/#organization\"},\"potentialAction\":[{\"@type\":\"SearchAction\",\"target\":{\"@type\":\"EntryPoint\",\"urlTemplate\":\"https:\\\/\\\/www.jazzzeitung.de\\\/cms\\\/?s={search_term_string}\"},\"query-input\":{\"@type\":\"PropertyValueSpecification\",\"valueRequired\":true,\"valueName\":\"search_term_string\"}}],\"inLanguage\":\"de\"},{\"@type\":\"Organization\",\"@id\":\"https:\\\/\\\/www.jazzzeitung.de\\\/cms\\\/#organization\",\"name\":\"JazzZeitung online\",\"url\":\"https:\\\/\\\/www.jazzzeitung.de\\\/cms\\\/\",\"logo\":{\"@type\":\"ImageObject\",\"inLanguage\":\"de\",\"@id\":\"https:\\\/\\\/www.jazzzeitung.de\\\/cms\\\/#\\\/schema\\\/logo\\\/image\\\/\",\"url\":\"https:\\\/\\\/i0.wp.com\\\/www.jazzzeitung.de\\\/cms\\\/wp-content\\\/uploads\\\/2015\\\/08\\\/JAZZZEITUNGDE_Logo_Neu.png?fit=499%2C200&ssl=1\",\"contentUrl\":\"https:\\\/\\\/i0.wp.com\\\/www.jazzzeitung.de\\\/cms\\\/wp-content\\\/uploads\\\/2015\\\/08\\\/JAZZZEITUNGDE_Logo_Neu.png?fit=499%2C200&ssl=1\",\"width\":499,\"height\":200,\"caption\":\"JazzZeitung online\"},\"image\":{\"@id\":\"https:\\\/\\\/www.jazzzeitung.de\\\/cms\\\/#\\\/schema\\\/logo\\\/image\\\/\"},\"sameAs\":[\"https:\\\/\\\/www.facebook.com\\\/JazzZeitung\\\/\"]},{\"@type\":\"Person\",\"@id\":\"https:\\\/\\\/www.jazzzeitung.de\\\/cms\\\/#\\\/schema\\\/person\\\/4c5aaf486bdcd85db94b9a8b9e026bad\",\"name\":\"J\u00f6rg Lichtinger\",\"image\":{\"@type\":\"ImageObject\",\"inLanguage\":\"de\",\"@id\":\"https:\\\/\\\/secure.gravatar.com\\\/avatar\\\/8d1d484eb77cf370a1620f9866681cdba540c9b8439ce96ea0c830dd3b59936c?s=96&d=wp_user_avatar&r=ge66dff7680db2349fb79ae0cb2d734e3\",\"url\":\"https:\\\/\\\/secure.gravatar.com\\\/avatar\\\/8d1d484eb77cf370a1620f9866681cdba540c9b8439ce96ea0c830dd3b59936c?s=96&d=wp_user_avatar&r=g\",\"contentUrl\":\"https:\\\/\\\/secure.gravatar.com\\\/avatar\\\/8d1d484eb77cf370a1620f9866681cdba540c9b8439ce96ea0c830dd3b59936c?s=96&d=wp_user_avatar&r=g\",\"caption\":\"J\u00f6rg Lichtinger\"},\"url\":\"https:\\\/\\\/www.jazzzeitung.de\\\/cms\\\/author\\\/lichtinger\\\/\"}]}<\/script>\n<!-- \/ Yoast SEO plugin. -->","yoast_head_json":{"title":"Sven Regener: Der unheimliche Hulk des Urheberrechts - JazzZeitung","robots":{"index":"index","follow":"follow","max-snippet":"max-snippet:-1","max-image-preview":"max-image-preview:large","max-video-preview":"max-video-preview:-1"},"canonical":"https:\/\/www.jazzzeitung.de\/cms\/2012\/03\/sven-regener-der-unheimliche-hulk-des-urheberrechts\/","og_locale":"de_DE","og_type":"article","og_title":"Sven Regener: Der unheimliche Hulk des Urheberrechts - JazzZeitung","og_description":"Der Wutb\u00fcrger an sich tummelt sich nicht nur auf schw\u00e4bischen Bahnh\u00f6fen \u2013 auch in Tonstudios wird der eine oder andere zum unheimlichen Hulk, wenn er daran erinnert wird, dass es im Zeitalter der unbegrenzten Downloads viel zu leicht ist, Schindluder mit geistigem Eigentum zu treiben. Zuletzt beobachtet bei Sven Regener von Element of Crime, als Z\u00fcndfunk-Autor Erich Renz anrief, um Regeners Meinung zum Urheberrecht zu erfragen...","og_url":"https:\/\/www.jazzzeitung.de\/cms\/2012\/03\/sven-regener-der-unheimliche-hulk-des-urheberrechts\/","og_site_name":"JazzZeitung","article_publisher":"https:\/\/www.facebook.com\/JazzZeitung\/","article_published_time":"2012-03-22T23:41:05+00:00","article_modified_time":"2013-07-17T14:58:24+00:00","og_image":[{"width":200,"height":200,"url":"https:\/\/i0.wp.com\/www.jazzzeitung.de\/cms\/wp-content\/uploads\/2012\/01\/ipad-logo-200.png?fit=200%2C200&ssl=1","type":"image\/png"}],"author":"J\u00f6rg Lichtinger","schema":{"@context":"https:\/\/schema.org","@graph":[{"@type":"Article","@id":"https:\/\/www.jazzzeitung.de\/cms\/2012\/03\/sven-regener-der-unheimliche-hulk-des-urheberrechts\/#article","isPartOf":{"@id":"https:\/\/www.jazzzeitung.de\/cms\/2012\/03\/sven-regener-der-unheimliche-hulk-des-urheberrechts\/"},"author":{"name":"J\u00f6rg Lichtinger","@id":"https:\/\/www.jazzzeitung.de\/cms\/#\/schema\/person\/4c5aaf486bdcd85db94b9a8b9e026bad"},"headline":"Sven Regener: Der unheimliche Hulk des Urheberrechts","datePublished":"2012-03-22T23:41:05+00:00","dateModified":"2013-07-17T14:58:24+00:00","mainEntityOfPage":{"@id":"https:\/\/www.jazzzeitung.de\/cms\/2012\/03\/sven-regener-der-unheimliche-hulk-des-urheberrechts\/"},"wordCount":186,"commentCount":1,"publisher":{"@id":"https:\/\/www.jazzzeitung.de\/cms\/#organization"},"keywords":["Bayerischer Rundfunk","Christoph Lauer","Erich Renz","Piraten","Sven Regener","Urheberrecht","Wutrede","Z\u00fcndfunk"],"articleSection":["Blog"],"inLanguage":"de","potentialAction":[{"@type":"CommentAction","name":"Comment","target":["https:\/\/www.jazzzeitung.de\/cms\/2012\/03\/sven-regener-der-unheimliche-hulk-des-urheberrechts\/#respond"]}]},{"@type":"WebPage","@id":"https:\/\/www.jazzzeitung.de\/cms\/2012\/03\/sven-regener-der-unheimliche-hulk-des-urheberrechts\/","url":"https:\/\/www.jazzzeitung.de\/cms\/2012\/03\/sven-regener-der-unheimliche-hulk-des-urheberrechts\/","name":"Sven Regener: Der unheimliche Hulk des Urheberrechts - JazzZeitung","isPartOf":{"@id":"https:\/\/www.jazzzeitung.de\/cms\/#website"},"datePublished":"2012-03-22T23:41:05+00:00","dateModified":"2013-07-17T14:58:24+00:00","breadcrumb":{"@id":"https:\/\/www.jazzzeitung.de\/cms\/2012\/03\/sven-regener-der-unheimliche-hulk-des-urheberrechts\/#breadcrumb"},"inLanguage":"de","potentialAction":[{"@type":"ReadAction","target":["https:\/\/www.jazzzeitung.de\/cms\/2012\/03\/sven-regener-der-unheimliche-hulk-des-urheberrechts\/"]}]},{"@type":"BreadcrumbList","@id":"https:\/\/www.jazzzeitung.de\/cms\/2012\/03\/sven-regener-der-unheimliche-hulk-des-urheberrechts\/#breadcrumb","itemListElement":[{"@type":"ListItem","position":1,"name":"Startseite","item":"https:\/\/www.jazzzeitung.de\/cms\/"},{"@type":"ListItem","position":2,"name":"Sven Regener: Der unheimliche Hulk des Urheberrechts"}]},{"@type":"WebSite","@id":"https:\/\/www.jazzzeitung.de\/cms\/#website","url":"https:\/\/www.jazzzeitung.de\/cms\/","name":"JazzZeitung","description":"Jazz-News und Jazz-Kontroverses","publisher":{"@id":"https:\/\/www.jazzzeitung.de\/cms\/#organization"},"potentialAction":[{"@type":"SearchAction","target":{"@type":"EntryPoint","urlTemplate":"https:\/\/www.jazzzeitung.de\/cms\/?s={search_term_string}"},"query-input":{"@type":"PropertyValueSpecification","valueRequired":true,"valueName":"search_term_string"}}],"inLanguage":"de"},{"@type":"Organization","@id":"https:\/\/www.jazzzeitung.de\/cms\/#organization","name":"JazzZeitung online","url":"https:\/\/www.jazzzeitung.de\/cms\/","logo":{"@type":"ImageObject","inLanguage":"de","@id":"https:\/\/www.jazzzeitung.de\/cms\/#\/schema\/logo\/image\/","url":"https:\/\/i0.wp.com\/www.jazzzeitung.de\/cms\/wp-content\/uploads\/2015\/08\/JAZZZEITUNGDE_Logo_Neu.png?fit=499%2C200&ssl=1","contentUrl":"https:\/\/i0.wp.com\/www.jazzzeitung.de\/cms\/wp-content\/uploads\/2015\/08\/JAZZZEITUNGDE_Logo_Neu.png?fit=499%2C200&ssl=1","width":499,"height":200,"caption":"JazzZeitung online"},"image":{"@id":"https:\/\/www.jazzzeitung.de\/cms\/#\/schema\/logo\/image\/"},"sameAs":["https:\/\/www.facebook.com\/JazzZeitung\/"]},{"@type":"Person","@id":"https:\/\/www.jazzzeitung.de\/cms\/#\/schema\/person\/4c5aaf486bdcd85db94b9a8b9e026bad","name":"J\u00f6rg Lichtinger","image":{"@type":"ImageObject","inLanguage":"de","@id":"https:\/\/secure.gravatar.com\/avatar\/8d1d484eb77cf370a1620f9866681cdba540c9b8439ce96ea0c830dd3b59936c?s=96&d=wp_user_avatar&r=ge66dff7680db2349fb79ae0cb2d734e3","url":"https:\/\/secure.gravatar.com\/avatar\/8d1d484eb77cf370a1620f9866681cdba540c9b8439ce96ea0c830dd3b59936c?s=96&d=wp_user_avatar&r=g","contentUrl":"https:\/\/secure.gravatar.com\/avatar\/8d1d484eb77cf370a1620f9866681cdba540c9b8439ce96ea0c830dd3b59936c?s=96&d=wp_user_avatar&r=g","caption":"J\u00f6rg Lichtinger"},"url":"https:\/\/www.jazzzeitung.de\/cms\/author\/lichtinger\/"}]}},"wp-worthy-pixel":{"ignored":false,"public":null,"server":null,"url":null},"wp-worthy-type":"normal","jetpack_publicize_connections":[],"cc_featured_image_caption":{"caption_text":false,"source_text":false,"source_url":false},"jetpack_featured_media_url":"","jetpack_shortlink":"https:\/\/wp.me\/p3KEcT-qp","jetpack-related-posts":[{"id":2980,"url":"https:\/\/www.jazzzeitung.de\/cms\/2013\/11\/whitey-kicks-ass\/","url_meta":{"origin":1637,"position":0},"title":"Whitey kicks some ass!","author":"J\u00f6rg Lichtinger","date":"8. November 2013","format":false,"excerpt":"Es ist mal wieder passiert! Einem internationalen Urheber ist der Hals zu dick geworden, \u00e4hnlich Sven Regener, unserem deutschen unheimlichen Hulk des Urheberrechts im letzten Jahr. Diesmal hat der britische K\u00fcnstler Whitey rot gesehen, als er offenbar von der Londoner TV-Produktionsfirma Betty angefragt wurde, seine Musik umsonst f\u00fcr eines ihrer\u2026","rel":"","context":"In &quot;Blog&quot;","block_context":{"text":"Blog","link":"https:\/\/www.jazzzeitung.de\/cms\/thema\/blog\/"},"img":{"alt_text":"","src":"","width":0,"height":0},"classes":[]},{"id":9091,"url":"https:\/\/www.jazzzeitung.de\/cms\/2016\/04\/von-terzen-und-improvisationen-von-oja-bis-yeehaw-vier-konzerte-zwei-abenden\/","url_meta":{"origin":1637,"position":1},"title":"Jazz+ Festival: zwischen herzigen Terzen und freien Improvisationen","author":"Redaktion JazzZeitung","date":"29. April 2016","format":false,"excerpt":"Vier Konzerte an zwei Abenden, mal frei improvisiert, mal mit herzigen Terzen: das PLUS ist Programm beim Jazz+ Festival. Jazzmusiker, die das Programm f\u00fcr eine Konzertreihe oder ein Festival zusammenstellen, das klingt nach optimaler L\u00f6sung: Die wissen, was interessant ist und kennen sich aus in der Szene. Wenn's gut geht.\u2026","rel":"","context":"In &quot;News&quot;","block_context":{"text":"News","link":"https:\/\/www.jazzzeitung.de\/cms\/thema\/nachrichten\/"},"img":{"alt_text":"Trio Lauer-Westergaard-Smith. Foto: Benedikt Lauer","src":"https:\/\/i0.wp.com\/www.jazzzeitung.de\/cms\/wp-content\/uploads\/2016\/04\/lauer-westergaard-smith-2-foto-by-benedikt-lauer.jpg?resize=350%2C200","width":350,"height":200,"srcset":"https:\/\/i0.wp.com\/www.jazzzeitung.de\/cms\/wp-content\/uploads\/2016\/04\/lauer-westergaard-smith-2-foto-by-benedikt-lauer.jpg?resize=350%2C200 1x, https:\/\/i0.wp.com\/www.jazzzeitung.de\/cms\/wp-content\/uploads\/2016\/04\/lauer-westergaard-smith-2-foto-by-benedikt-lauer.jpg?resize=525%2C300 1.5x, https:\/\/i0.wp.com\/www.jazzzeitung.de\/cms\/wp-content\/uploads\/2016\/04\/lauer-westergaard-smith-2-foto-by-benedikt-lauer.jpg?resize=700%2C400 2x"},"classes":[]},{"id":702,"url":"https:\/\/www.jazzzeitung.de\/cms\/2011\/01\/eintritt-frei-in-runde-drei-bmw-welt-jazz-award\/","url_meta":{"origin":1637,"position":2},"title":"Eintritt frei in runde drei: BMW Welt Jazz Award 2011","author":"J\u00f6rg Lichtinger","date":"23. Januar 2011","format":false,"excerpt":"Am 23. Januar 2011 haben mit der Performance von Wanja Slavin Lotus Eaters die Konzerte des BMW Welt Jazz Award 2011 begonnen. An zwei Sonntagen im Monat finden bis zum 13. M\u00e4rz noch f\u00fcnf weitere Jazz Matineen im Doppelkegel der BMW Welt statt. Nach dem Gesangsschwerpunkt im letzten Jahr, stellen\u2026","rel":"","context":"In &quot;Blog&quot;","block_context":{"text":"Blog","link":"https:\/\/www.jazzzeitung.de\/cms\/thema\/blog\/"},"img":{"alt_text":"Konzert im Doppelkegel bei den Jazzwochen 2007","src":"https:\/\/i0.wp.com\/www.jazzzeitung.de\/cms\/wp-content\/uploads\/2011\/01\/Lichtinger_BMW_Masters-of-Jazz-300x224.jpg?resize=350%2C200","width":350,"height":200},"classes":[]},{"id":30722,"url":"https:\/\/www.jazzzeitung.de\/cms\/2024\/03\/emotional-schimmerndes-amulett-das-neue-album-jasper-vant-hofs\/","url_meta":{"origin":1637,"position":3},"title":"Emotional schimmerndes Amulett: Das neue Album Jasper Van\u00b4t Hofs","author":"Redaktion JazzZeitung","date":"27. M\u00e4rz 2024","format":false,"excerpt":"Demn\u00e4chst wird er 77. Ans Aufh\u00f6ren aber scheint der Niederl\u00e4nder Jasper van\u00b4t Hof keine Sekunde seiner Lebenszeit zu verschwenden. Das Kreative, das Musik machen, erfinden, kreieren ist offenbar die beste Voraussetzung, damit das Leben f\u00fcr ihn seit \u00fcber f\u00fcnf Jahrzehnten genie\u00dfbar bleibt und es versch\u00f6nert. Aktueller Ausdruck dieser Lebenslust\u00a0 ist\u2026","rel":"","context":"In &quot;Rezension&quot;","block_context":{"text":"Rezension","link":"https:\/\/www.jazzzeitung.de\/cms\/thema\/rezension\/"},"img":{"alt_text":"","src":"https:\/\/i0.wp.com\/www.jazzzeitung.de\/cms\/wp-content\/uploads\/2024\/03\/IMG_9200.jpg?fit=1200%2C1070&ssl=1&resize=350%2C200","width":350,"height":200,"srcset":"https:\/\/i0.wp.com\/www.jazzzeitung.de\/cms\/wp-content\/uploads\/2024\/03\/IMG_9200.jpg?fit=1200%2C1070&ssl=1&resize=350%2C200 1x, https:\/\/i0.wp.com\/www.jazzzeitung.de\/cms\/wp-content\/uploads\/2024\/03\/IMG_9200.jpg?fit=1200%2C1070&ssl=1&resize=525%2C300 1.5x, https:\/\/i0.wp.com\/www.jazzzeitung.de\/cms\/wp-content\/uploads\/2024\/03\/IMG_9200.jpg?fit=1200%2C1070&ssl=1&resize=700%2C400 2x, https:\/\/i0.wp.com\/www.jazzzeitung.de\/cms\/wp-content\/uploads\/2024\/03\/IMG_9200.jpg?fit=1200%2C1070&ssl=1&resize=1050%2C600 3x"},"classes":[]},{"id":33141,"url":"https:\/\/www.jazzzeitung.de\/cms\/2025\/10\/bill-petry-zu-gast-bei-sven-fallers-talk-jazz\/","url_meta":{"origin":1637,"position":4},"title":"Bill Petry zu Gast bei Sven Fallers &#8222;Talk &#038; Jazz&#8220;","author":"Andreas Kolb","date":"2. Oktober 2025","format":false,"excerpt":"In seinem Projekt \u201eTalk & Jazz\u201c begr\u00fc\u00dft der Bassist Sven Faller K\u00fcnstlerinnen und K\u00fcnstler zu unterhaltsamen Gespr\u00e4chen und gemeinsamem Musizieren live vor Publikum. Zu seinen G\u00e4sten z\u00e4hlten bisher C\u00e9line Rudolph, Marialy Pacheco, Dominik Gl\u00f6bl, Bill Petry, Viviane de Farias, Georg Ringsgwandl, Luis Borda, Anna Maria Sturm, Mulo Francel und C\u00e9cile\u2026","rel":"","context":"In &quot;Bericht&quot;","block_context":{"text":"Bericht","link":"https:\/\/www.jazzzeitung.de\/cms\/thema\/bericht\/"},"img":{"alt_text":"","src":"https:\/\/i0.wp.com\/www.jazzzeitung.de\/cms\/wp-content\/uploads\/2025\/10\/20251001_201212-Korrektur-scaled.jpg?fit=1200%2C900&ssl=1&resize=350%2C200","width":350,"height":200,"srcset":"https:\/\/i0.wp.com\/www.jazzzeitung.de\/cms\/wp-content\/uploads\/2025\/10\/20251001_201212-Korrektur-scaled.jpg?fit=1200%2C900&ssl=1&resize=350%2C200 1x, https:\/\/i0.wp.com\/www.jazzzeitung.de\/cms\/wp-content\/uploads\/2025\/10\/20251001_201212-Korrektur-scaled.jpg?fit=1200%2C900&ssl=1&resize=525%2C300 1.5x, https:\/\/i0.wp.com\/www.jazzzeitung.de\/cms\/wp-content\/uploads\/2025\/10\/20251001_201212-Korrektur-scaled.jpg?fit=1200%2C900&ssl=1&resize=700%2C400 2x, https:\/\/i0.wp.com\/www.jazzzeitung.de\/cms\/wp-content\/uploads\/2025\/10\/20251001_201212-Korrektur-scaled.jpg?fit=1200%2C900&ssl=1&resize=1050%2C600 3x"},"classes":[]},{"id":18960,"url":"https:\/\/www.jazzzeitung.de\/cms\/2019\/03\/von-ersatz-kann-keine-rede-sein\/","url_meta":{"origin":1637,"position":5},"title":"\u201eVon Ersatz kann keine Rede sein!\u201c &#8211; &#8222;Latin meets Gypsy&#8220; begeisterte im Jazzkeller H\u00fcrth","author":"Redaktion JazzZeitung","date":"20. M\u00e4rz 2019","format":false,"excerpt":"Nachdem das Ensemble \u00abglobalBEAT\u00bb das letzte Mal 2016 f\u00fcr den Jazzclub in H\u00fcrth aufgetreten war, h\u00e4tte die Formation rund um den Chapman-Stick-Virtuosen Christian Becker am Wochenende eigentlich erneut im Jazzkeller auf der Herm\u00fclheimer Stra\u00dfe spielen sollen. Leider sagte \u00abglobalBEAT\u00bb acht Stunden vor Konzertbeginn krankheitsbedingt ab. Da stellte sich f\u00fcr G\u00fcnter\u2026","rel":"","context":"In &quot;Bericht&quot;","block_context":{"text":"Bericht","link":"https:\/\/www.jazzzeitung.de\/cms\/thema\/bericht\/"},"img":{"alt_text":"","src":"https:\/\/i0.wp.com\/www.jazzzeitung.de\/cms\/wp-content\/uploads\/2019\/03\/DSC06760.jpg?fit=1200%2C803&ssl=1&resize=350%2C200","width":350,"height":200,"srcset":"https:\/\/i0.wp.com\/www.jazzzeitung.de\/cms\/wp-content\/uploads\/2019\/03\/DSC06760.jpg?fit=1200%2C803&ssl=1&resize=350%2C200 1x, https:\/\/i0.wp.com\/www.jazzzeitung.de\/cms\/wp-content\/uploads\/2019\/03\/DSC06760.jpg?fit=1200%2C803&ssl=1&resize=525%2C300 1.5x, https:\/\/i0.wp.com\/www.jazzzeitung.de\/cms\/wp-content\/uploads\/2019\/03\/DSC06760.jpg?fit=1200%2C803&ssl=1&resize=700%2C400 2x, https:\/\/i0.wp.com\/www.jazzzeitung.de\/cms\/wp-content\/uploads\/2019\/03\/DSC06760.jpg?fit=1200%2C803&ssl=1&resize=1050%2C600 3x"},"classes":[]}],"jetpack_sharing_enabled":true,"_links":{"self":[{"href":"https:\/\/www.jazzzeitung.de\/cms\/wp-json\/wp\/v2\/posts\/1637","targetHints":{"allow":["GET"]}}],"collection":[{"href":"https:\/\/www.jazzzeitung.de\/cms\/wp-json\/wp\/v2\/posts"}],"about":[{"href":"https:\/\/www.jazzzeitung.de\/cms\/wp-json\/wp\/v2\/types\/post"}],"author":[{"embeddable":true,"href":"https:\/\/www.jazzzeitung.de\/cms\/wp-json\/wp\/v2\/users\/4"}],"replies":[{"embeddable":true,"href":"https:\/\/www.jazzzeitung.de\/cms\/wp-json\/wp\/v2\/comments?post=1637"}],"version-history":[{"count":1,"href":"https:\/\/www.jazzzeitung.de\/cms\/wp-json\/wp\/v2\/posts\/1637\/revisions"}],"predecessor-version":[{"id":1858,"href":"https:\/\/www.jazzzeitung.de\/cms\/wp-json\/wp\/v2\/posts\/1637\/revisions\/1858"}],"wp:attachment":[{"href":"https:\/\/www.jazzzeitung.de\/cms\/wp-json\/wp\/v2\/media?parent=1637"}],"wp:term":[{"taxonomy":"category","embeddable":true,"href":"https:\/\/www.jazzzeitung.de\/cms\/wp-json\/wp\/v2\/categories?post=1637"},{"taxonomy":"post_tag","embeddable":true,"href":"https:\/\/www.jazzzeitung.de\/cms\/wp-json\/wp\/v2\/tags?post=1637"},{"taxonomy":"author","embeddable":true,"href":"https:\/\/www.jazzzeitung.de\/cms\/wp-json\/wp\/v2\/coauthors?post=1637"}],"curies":[{"name":"wp","href":"https:\/\/api.w.org\/{rel}","templated":true}]}}