{"id":16285,"date":"2018-06-14T11:25:57","date_gmt":"2018-06-14T09:25:57","guid":{"rendered":"https:\/\/www.jazzzeitung.de\/cms\/?p=16285"},"modified":"2018-06-13T16:47:11","modified_gmt":"2018-06-13T14:47:11","slug":"26-jahre-internationaler-augsburger-jazzsommer-11-juli-12-august-2018","status":"publish","type":"post","link":"https:\/\/www.jazzzeitung.de\/cms\/2018\/06\/26-jahre-internationaler-augsburger-jazzsommer-11-juli-12-august-2018\/","title":{"rendered":"Jazz in der Botanik: Der Internationaler Augsburger Jazzsommer 2018 l\u00e4dt zu Konzerten mit besonderem Flair"},"content":{"rendered":"<p>Mit Auftritten von Instrumentalisten aus aller Welt und Gastspiele aufstrebender Nachwuchsk\u00fcnstler bietet der Internationale Augsburger Jazzsommer seit mehr als einem Vierteljahrhundert Live-Jazz aus der ganzen Welt eine B\u00fchne. Zwischen dem 11. Juli und 12. August erwarten die Besucher des <a href=\"https:\/\/www.augsburger-jazzsommer.de\/\">Internationalen Augsburger Jazzsommer<\/a> vier Wochen lang Konzerte vor der Naturkulisse des Botanischen Gartens. Der langj\u00e4hrige k\u00fcnstlerische Leiter des Augsburger Jazzsommers, Christian Stock, ist auch dieses Jahr f\u00fcr ein anspruchsvolles Programm verantwortlich.<\/p>\n<p>Der Festivalauftakt \u00a0am 11. Juli ist bereits eines der Highlights: Das <a href=\"http:\/\/vijay-iyer.com\/projects\/vijay-iyer-sextet\/\">Vijay Iyer Sextet<\/a> des namensgebenden New Yorker Pianisten\/Komponisten l\u00e4sst eine Klangwelt entstehen, die mal aufregend explosiv\u00a0 und mal\u00a0 elegische Z\u00fcge tr\u00e4gt. Einer lieb gewonnenen Tradition folgend, bereichert Bassist und Festivalleiter Christian Stock auch 2018 das Programm. Das <a href=\"http:\/\/www.stockchristian.de\/projekte4-trio.html\">Christian Stock Trio<\/a> wird dabei durch <a href=\"http:\/\/www.billyharper.com\/\">Billy Harper<\/a> zum Quartett erweitert und bildet das musikalische Fundament f\u00fcr den \u201enagelscharfen\u201c Sound des texanischen Tenor-Saxofonisten. <a href=\"http:\/\/schriefl.eu\/bands\/six-alps-and-jazz\">Matthias Schriefls &#8222;Six Alps &amp; Jazz&#8220;<\/a> und das <a href=\"http:\/\/www.florianfavre.com\/project\/florian-favre-trio\/\">Florian Favre Trio<\/a> laden im Rahmen des Internationalen Augsburger Jazzsommer zu einem Doppelkonzert. W\u00e4hrend Schriefl die Musik seiner Allg\u00e4uer Heimat in furchtlosen Hier-und-Jetzt-Jazz \u00fcberf\u00fchrt, besticht der groovende, melodische Jazz des jungen Schweizer Ensembles mit viel Mut zur Improvisation.<\/p>\n<div class=\"tiled-gallery type-rectangular tiled-gallery-unresized\" data-original-width=\"840\" data-carousel-extra='{&quot;blog_id&quot;:1,&quot;permalink&quot;:&quot;https:\\\/\\\/www.jazzzeitung.de\\\/cms\\\/2018\\\/06\\\/26-jahre-internationaler-augsburger-jazzsommer-11-juli-12-august-2018\\\/&quot;,&quot;likes_blog_id&quot;:55446655}' itemscope itemtype=\"http:\/\/schema.org\/ImageGallery\" > <div class=\"gallery-row\" style=\"width: 840px; height: 528px;\" data-original-width=\"840\" data-original-height=\"528\" > <div class=\"gallery-group images-1\" style=\"width: 488px; height: 528px;\" data-original-width=\"488\" data-original-height=\"528\" > <div class=\"tiled-gallery-item tiled-gallery-item-large\" itemprop=\"associatedMedia\" itemscope itemtype=\"http:\/\/schema.org\/ImageObject\"> <a href=\"https:\/\/www.jazzzeitung.de\/cms\/2018\/06\/26-jahre-internationaler-augsburger-jazzsommer-11-juli-12-august-2018\/b1-vijayiyer_fotojimmykatz\/\" border=\"0\" itemprop=\"url\"> <meta itemprop=\"width\" content=\"484\"> <meta itemprop=\"height\" content=\"524\"> <img decoding=\"async\" class=\"\" data-attachment-id=\"16292\" data-orig-file=\"https:\/\/www.jazzzeitung.de\/cms\/wp-content\/uploads\/2018\/06\/b1-VijayIyer_FotoJimmyKatz.jpg\" data-orig-size=\"2000,2166\" data-comments-opened=\"1\" data-image-meta=\"{&quot;aperture&quot;:&quot;2.8&quot;,&quot;credit&quot;:&quot;&quot;,&quot;camera&quot;:&quot;Canon EOS 5D Mark II&quot;,&quot;caption&quot;:&quot;&quot;,&quot;created_timestamp&quot;:&quot;1322524337&quot;,&quot;copyright&quot;:&quot;&quot;,&quot;focal_length&quot;:&quot;23&quot;,&quot;iso&quot;:&quot;1600&quot;,&quot;shutter_speed&quot;:&quot;0.033333333333333&quot;,&quot;title&quot;:&quot;&quot;,&quot;orientation&quot;:&quot;1&quot;}\" data-image-title=\"b1-VijayIyer_FotoJimmyKatz\" data-image-description=\"\" data-medium-file=\"https:\/\/i0.wp.com\/www.jazzzeitung.de\/cms\/wp-content\/uploads\/2018\/06\/b1-VijayIyer_FotoJimmyKatz.jpg?fit=277%2C300&#038;ssl=1\" data-large-file=\"https:\/\/i0.wp.com\/www.jazzzeitung.de\/cms\/wp-content\/uploads\/2018\/06\/b1-VijayIyer_FotoJimmyKatz.jpg?fit=554%2C600&#038;ssl=1\" src=\"https:\/\/i0.wp.com\/www.jazzzeitung.de\/cms\/wp-content\/uploads\/2018\/06\/b1-VijayIyer_FotoJimmyKatz.jpg?w=484&#038;h=524&#038;ssl=1\" srcset=\"https:\/\/i0.wp.com\/www.jazzzeitung.de\/cms\/wp-content\/uploads\/2018\/06\/b1-VijayIyer_FotoJimmyKatz.jpg?w=2000&amp;ssl=1 2000w, https:\/\/i0.wp.com\/www.jazzzeitung.de\/cms\/wp-content\/uploads\/2018\/06\/b1-VijayIyer_FotoJimmyKatz.jpg?resize=277%2C300&amp;ssl=1 277w, https:\/\/i0.wp.com\/www.jazzzeitung.de\/cms\/wp-content\/uploads\/2018\/06\/b1-VijayIyer_FotoJimmyKatz.jpg?resize=768%2C832&amp;ssl=1 768w, https:\/\/i0.wp.com\/www.jazzzeitung.de\/cms\/wp-content\/uploads\/2018\/06\/b1-VijayIyer_FotoJimmyKatz.jpg?resize=554%2C600&amp;ssl=1 554w, https:\/\/i0.wp.com\/www.jazzzeitung.de\/cms\/wp-content\/uploads\/2018\/06\/b1-VijayIyer_FotoJimmyKatz.jpg?resize=600%2C650&amp;ssl=1 600w, https:\/\/i0.wp.com\/www.jazzzeitung.de\/cms\/wp-content\/uploads\/2018\/06\/b1-VijayIyer_FotoJimmyKatz.jpg?w=1680&amp;ssl=1 1680w\" width=\"484\" height=\"524\" loading=\"lazy\" data-original-width=\"484\" data-original-height=\"524\" itemprop=\"http:\/\/schema.org\/image\" title=\"b1-VijayIyer_FotoJimmyKatz\" alt=\"Der New Yorker Pianist &amp; Komponinst Vijay Iyer\" style=\"width: 484px; height: 524px;\" \/> <\/a> <div class=\"tiled-gallery-caption\" itemprop=\"caption description\"> Der New Yorker Pianist &#038; Komponinst Vijay Iyer <\/div> <\/div> <\/div> <!-- close group --> <div class=\"gallery-group images-1\" style=\"width: 352px; height: 528px;\" data-original-width=\"352\" data-original-height=\"528\" > <div class=\"tiled-gallery-item tiled-gallery-item-large\" itemprop=\"associatedMedia\" itemscope itemtype=\"http:\/\/schema.org\/ImageObject\"> <a href=\"https:\/\/www.jazzzeitung.de\/cms\/2018\/06\/26-jahre-internationaler-augsburger-jazzsommer-11-juli-12-august-2018\/b3a_sixalpsjazz_fotogerhardrichter\/\" border=\"0\" itemprop=\"url\"> <meta itemprop=\"width\" content=\"348\"> <meta itemprop=\"height\" content=\"524\"> <img decoding=\"async\" class=\"\" data-attachment-id=\"16293\" data-orig-file=\"https:\/\/www.jazzzeitung.de\/cms\/wp-content\/uploads\/2018\/06\/b3a_SixAlpsJazz_FotoGerhardRichter.jpg\" data-orig-size=\"1772,2664\" data-comments-opened=\"1\" data-image-meta=\"{&quot;aperture&quot;:&quot;0&quot;,&quot;credit&quot;:&quot;&quot;,&quot;camera&quot;:&quot;&quot;,&quot;caption&quot;:&quot;&quot;,&quot;created_timestamp&quot;:&quot;0&quot;,&quot;copyright&quot;:&quot;&quot;,&quot;focal_length&quot;:&quot;0&quot;,&quot;iso&quot;:&quot;0&quot;,&quot;shutter_speed&quot;:&quot;0&quot;,&quot;title&quot;:&quot;&quot;,&quot;orientation&quot;:&quot;1&quot;}\" data-image-title=\"b3a_SixAlps&amp;#038;Jazz_FotoGerhardRichter\" data-image-description=\"\" data-medium-file=\"https:\/\/i0.wp.com\/www.jazzzeitung.de\/cms\/wp-content\/uploads\/2018\/06\/b3a_SixAlpsJazz_FotoGerhardRichter.jpg?fit=200%2C300&#038;ssl=1\" data-large-file=\"https:\/\/i0.wp.com\/www.jazzzeitung.de\/cms\/wp-content\/uploads\/2018\/06\/b3a_SixAlpsJazz_FotoGerhardRichter.jpg?fit=399%2C600&#038;ssl=1\" src=\"https:\/\/i0.wp.com\/www.jazzzeitung.de\/cms\/wp-content\/uploads\/2018\/06\/b3a_SixAlpsJazz_FotoGerhardRichter.jpg?w=348&#038;h=524&#038;ssl=1\" srcset=\"https:\/\/i0.wp.com\/www.jazzzeitung.de\/cms\/wp-content\/uploads\/2018\/06\/b3a_SixAlpsJazz_FotoGerhardRichter.jpg?w=1772&amp;ssl=1 1772w, https:\/\/i0.wp.com\/www.jazzzeitung.de\/cms\/wp-content\/uploads\/2018\/06\/b3a_SixAlpsJazz_FotoGerhardRichter.jpg?resize=200%2C300&amp;ssl=1 200w, https:\/\/i0.wp.com\/www.jazzzeitung.de\/cms\/wp-content\/uploads\/2018\/06\/b3a_SixAlpsJazz_FotoGerhardRichter.jpg?resize=768%2C1155&amp;ssl=1 768w, https:\/\/i0.wp.com\/www.jazzzeitung.de\/cms\/wp-content\/uploads\/2018\/06\/b3a_SixAlpsJazz_FotoGerhardRichter.jpg?resize=399%2C600&amp;ssl=1 399w, https:\/\/i0.wp.com\/www.jazzzeitung.de\/cms\/wp-content\/uploads\/2018\/06\/b3a_SixAlpsJazz_FotoGerhardRichter.jpg?resize=600%2C902&amp;ssl=1 600w, https:\/\/i0.wp.com\/www.jazzzeitung.de\/cms\/wp-content\/uploads\/2018\/06\/b3a_SixAlpsJazz_FotoGerhardRichter.jpg?w=1680&amp;ssl=1 1680w\" width=\"348\" height=\"524\" loading=\"lazy\" data-original-width=\"348\" data-original-height=\"524\" itemprop=\"http:\/\/schema.org\/image\" title=\"b3a_SixAlps&amp;Jazz_FotoGerhardRichter\" alt=\"Matthias Schriefls &quot;Six Alps &amp; Jazz&quot; aus dem Allg\u00e4u\" style=\"width: 348px; height: 524px;\" \/> <\/a> <div class=\"tiled-gallery-caption\" itemprop=\"caption description\"> Matthias Schriefls &#8222;Six Alps &#038; Jazz&#8220; aus dem Allg\u00e4u <\/div> <\/div> <\/div> <!-- close group --> <\/div> <!-- close row --> <\/div>\n<p>Das <a href=\"http:\/\/andysheppard.co.uk\/\">Andy Sheppard Quartet<\/a> l\u00e4utet am 25. Juli die Halbzeit des diesj\u00e4hrigen Jazzsommers ein. Losgel\u00f6st von Konventionen, schafft der britische Tenor-\/Sopransaxophonist hingebungsvolle Musik von meditativer Qualit\u00e4t. Einen weiteren Glanzmoment stellt der Auftritt von <a href=\"http:\/\/www.joelovano.com\/\">Joe Lovano and Dave Douglas Quintet \u2018Sound Prints\u2019<\/a> dar. An Saxophon und Trompete schlagen sie eine Br\u00fccke zwischen Avantgarde und Tradition und stellen im Quintett Reminiszenzen an Wayne Shorter und neue Eigenkompositionen live vor. Abgerundet wird das vierw\u00f6chige Programm vom Schweden <a href=\"http:\/\/www.bobostenson.com\/\">Bo Gustav \u201eBobo\u201c Stenson<\/a>. Sein Bobo Stenson Trio sorgt mit klar konturiertem, lyrischem Pianospiel, kraftvoll geerdeten, klug phrasierten Basslinien und fantasievollem Drumming f\u00fcr den prominent besetzten Ausklang der sechsteiligen Freiluftreihe im Botanischen Garten.<\/p>\n<p>Weitere Informationen unter: <a href=\"http:\/\/www.internationaler-jazzsommer.de\">www.internationaler-jazzsommer.de<\/a> &amp; <a href=\"http:\/\/www.augsburger-jazzsommer.de\">www.augsburger-jazzsommer.de<\/a><\/p>\n","protected":false},"excerpt":{"rendered":"<p>Mit Auftritten von Instrumentalisten aus aller Welt und Gastspiele aufstrebender Nachwuchsk\u00fcnstler bietet der Internationale Augsburger Jazzsommer seit mehr als einem Vierteljahrhundert Live-Jazz aus der ganzen Welt eine B\u00fchne. Zwischen dem 11. Juli und 12. August erwarten die Besucher des Internationalen Augsburger Jazzsommer vier Wochen lang Konzerte vor der Naturkulisse des Botanischen Gartens. Der langj\u00e4hrige k\u00fcnstlerische Leiter des Augsburger Jazzsommers, Christian Stock, ist auch dieses Jahr f\u00fcr ein anspruchsvolles Programm verantwortlich. Der Festivalauftakt \u00a0am 11. Juli ist bereits eines der Highlights: Das Vijay Iyer Sextet des namensgebenden New Yorker Pianisten\/Komponisten l\u00e4sst eine Klangwelt entstehen, die mal aufregend explosiv\u00a0 und mal\u00a0 elegische Z\u00fcge tr\u00e4gt. Einer lieb gewonnenen Tradition folgend, bereichert Bassist und Festivalleiter Christian Stock auch 2018 das Programm. Das Christian Stock Trio wird dabei durch Billy Harper zum Quartett erweitert und bildet das musikalische Fundament f\u00fcr den \u201enagelscharfen\u201c Sound des texanischen Tenor-Saxofonisten. Matthias Schriefls &#8222;Six Alps &amp; Jazz&#8220; und das Florian Favre Trio laden im Rahmen des Internationalen Augsburger Jazzsommer zu einem Doppelkonzert. W\u00e4hrend Schriefl die Musik seiner Allg\u00e4uer Heimat in furchtlosen Hier-und-Jetzt-Jazz \u00fcberf\u00fchrt, besticht der groovende, melodische Jazz des jungen Schweizer Ensembles mit viel Mut &hellip;<\/p>\n","protected":false},"author":18,"featured_media":16288,"comment_status":"open","ping_status":"closed","sticky":false,"template":"","format":"standard","meta":{"_jetpack_memberships_contains_paid_content":false,"footnotes":"","jetpack_publicize_message":"","jetpack_publicize_feature_enabled":true,"jetpack_social_post_already_shared":false,"jetpack_social_options":{"image_generator_settings":{"template":"highway","default_image_id":0,"font":"","enabled":false},"version":2}},"categories":[633],"tags":[1959,1833,1131,1709,1007,1876,285,323,1672,1965,494,1356],"coauthors":[695],"class_list":["post-16285","post","type-post","status-publish","format-standard","has-post-thumbnail","hentry","category-nachrichten","tag-1959","tag-bobo-stenson","tag-dave-douglas","tag-florian-favre","tag-improvisation","tag-jazz","tag-jazzsommer","tag-konzerte","tag-live","tag-quartett","tag-schweden","tag-trio"],"yoast_head":"<!-- This site is optimized with the Yoast SEO plugin v27.5 - https:\/\/yoast.com\/product\/yoast-seo-wordpress\/ -->\n<title>Jazz in der Botanik: Der Internationaler Augsburger Jazzsommer 2018 l\u00e4dt zu Konzerten mit besonderem Flair - JazzZeitung<\/title>\n<meta name=\"robots\" content=\"index, follow, max-snippet:-1, max-image-preview:large, max-video-preview:-1\" \/>\n<link rel=\"canonical\" href=\"https:\/\/www.jazzzeitung.de\/cms\/2018\/06\/26-jahre-internationaler-augsburger-jazzsommer-11-juli-12-august-2018\/\" \/>\n<meta property=\"og:locale\" content=\"de_DE\" \/>\n<meta property=\"og:type\" content=\"article\" \/>\n<meta property=\"og:title\" content=\"Jazz in der Botanik: Der Internationaler Augsburger Jazzsommer 2018 l\u00e4dt zu Konzerten mit besonderem Flair - JazzZeitung\" \/>\n<meta property=\"og:description\" content=\"Mit Auftritten von Instrumentalisten aus aller Welt und Gastspiele aufstrebender Nachwuchsk\u00fcnstler bietet der Internationale Augsburger Jazzsommer seit mehr als einem Vierteljahrhundert Live-Jazz aus der ganzen Welt eine B\u00fchne. Zwischen dem 11. Juli und 12. August erwarten die Besucher des Internationalen Augsburger Jazzsommer vier Wochen lang Konzerte vor der Naturkulisse des Botanischen Gartens. Der langj\u00e4hrige k\u00fcnstlerische Leiter des Augsburger Jazzsommers, Christian Stock, ist auch dieses Jahr f\u00fcr ein anspruchsvolles Programm verantwortlich. Der Festivalauftakt \u00a0am 11. Juli ist bereits eines der Highlights: Das Vijay Iyer Sextet des namensgebenden New Yorker Pianisten\/Komponisten l\u00e4sst eine Klangwelt entstehen, die mal aufregend explosiv\u00a0 und mal\u00a0 elegische Z\u00fcge tr\u00e4gt. Einer lieb gewonnenen Tradition folgend, bereichert Bassist und Festivalleiter Christian Stock auch 2018 das Programm. Das Christian Stock Trio wird dabei durch Billy Harper zum Quartett erweitert und bildet das musikalische Fundament f\u00fcr den \u201enagelscharfen\u201c Sound des texanischen Tenor-Saxofonisten. Matthias Schriefls &#8222;Six Alps &amp; Jazz&#8220; und das Florian Favre Trio laden im Rahmen des Internationalen Augsburger Jazzsommer zu einem Doppelkonzert. W\u00e4hrend Schriefl die Musik seiner Allg\u00e4uer Heimat in furchtlosen Hier-und-Jetzt-Jazz \u00fcberf\u00fchrt, besticht der groovende, melodische Jazz des jungen Schweizer Ensembles mit viel Mut &hellip;\" \/>\n<meta property=\"og:url\" content=\"https:\/\/www.jazzzeitung.de\/cms\/2018\/06\/26-jahre-internationaler-augsburger-jazzsommer-11-juli-12-august-2018\/\" \/>\n<meta property=\"og:site_name\" content=\"JazzZeitung\" \/>\n<meta property=\"article:publisher\" content=\"https:\/\/www.facebook.com\/JazzZeitung\/\" \/>\n<meta property=\"article:published_time\" content=\"2018-06-14T09:25:57+00:00\" \/>\n<meta property=\"og:image\" content=\"https:\/\/i0.wp.com\/www.jazzzeitung.de\/cms\/wp-content\/uploads\/2018\/06\/Logo_Jazzsommer_2018.jpg?fit=1683%2C906&ssl=1\" \/>\n\t<meta property=\"og:image:width\" content=\"1683\" \/>\n\t<meta property=\"og:image:height\" content=\"906\" \/>\n\t<meta property=\"og:image:type\" content=\"image\/jpeg\" \/>\n<meta name=\"author\" content=\"Redaktion JazzZeitung\" \/>\n<script type=\"application\/ld+json\" class=\"yoast-schema-graph\">{\"@context\":\"https:\\\/\\\/schema.org\",\"@graph\":[{\"@type\":\"Article\",\"@id\":\"https:\\\/\\\/www.jazzzeitung.de\\\/cms\\\/2018\\\/06\\\/26-jahre-internationaler-augsburger-jazzsommer-11-juli-12-august-2018\\\/#article\",\"isPartOf\":{\"@id\":\"https:\\\/\\\/www.jazzzeitung.de\\\/cms\\\/2018\\\/06\\\/26-jahre-internationaler-augsburger-jazzsommer-11-juli-12-august-2018\\\/\"},\"author\":{\"name\":\"Redaktion JazzZeitung\",\"@id\":\"https:\\\/\\\/www.jazzzeitung.de\\\/cms\\\/#\\\/schema\\\/person\\\/2245b36b9cd1d24cea10f01c031fb92b\"},\"headline\":\"Jazz in der Botanik: Der Internationaler Augsburger Jazzsommer 2018 l\u00e4dt zu Konzerten mit besonderem Flair\",\"datePublished\":\"2018-06-14T09:25:57+00:00\",\"mainEntityOfPage\":{\"@id\":\"https:\\\/\\\/www.jazzzeitung.de\\\/cms\\\/2018\\\/06\\\/26-jahre-internationaler-augsburger-jazzsommer-11-juli-12-august-2018\\\/\"},\"wordCount\":339,\"commentCount\":0,\"publisher\":{\"@id\":\"https:\\\/\\\/www.jazzzeitung.de\\\/cms\\\/#organization\"},\"image\":{\"@id\":\"https:\\\/\\\/www.jazzzeitung.de\\\/cms\\\/2018\\\/06\\\/26-jahre-internationaler-augsburger-jazzsommer-11-juli-12-august-2018\\\/#primaryimage\"},\"thumbnailUrl\":\"https:\\\/\\\/i0.wp.com\\\/www.jazzzeitung.de\\\/cms\\\/wp-content\\\/uploads\\\/2018\\\/06\\\/Logo_Jazzsommer_2018.jpg?fit=1683%2C906&ssl=1\",\"keywords\":[\"2018\",\"Bobo Stenson\",\"Dave Douglas\",\"Florian Favre\",\"Improvisation\",\"Jazz\",\"Jazzsommer\",\"Konzerte\",\"Live\",\"Quartett\",\"Schweden\",\"trio\"],\"articleSection\":[\"News\"],\"inLanguage\":\"de\",\"potentialAction\":[{\"@type\":\"CommentAction\",\"name\":\"Comment\",\"target\":[\"https:\\\/\\\/www.jazzzeitung.de\\\/cms\\\/2018\\\/06\\\/26-jahre-internationaler-augsburger-jazzsommer-11-juli-12-august-2018\\\/#respond\"]}]},{\"@type\":\"WebPage\",\"@id\":\"https:\\\/\\\/www.jazzzeitung.de\\\/cms\\\/2018\\\/06\\\/26-jahre-internationaler-augsburger-jazzsommer-11-juli-12-august-2018\\\/\",\"url\":\"https:\\\/\\\/www.jazzzeitung.de\\\/cms\\\/2018\\\/06\\\/26-jahre-internationaler-augsburger-jazzsommer-11-juli-12-august-2018\\\/\",\"name\":\"Jazz in der Botanik: Der Internationaler Augsburger Jazzsommer 2018 l\u00e4dt zu Konzerten mit besonderem Flair - JazzZeitung\",\"isPartOf\":{\"@id\":\"https:\\\/\\\/www.jazzzeitung.de\\\/cms\\\/#website\"},\"primaryImageOfPage\":{\"@id\":\"https:\\\/\\\/www.jazzzeitung.de\\\/cms\\\/2018\\\/06\\\/26-jahre-internationaler-augsburger-jazzsommer-11-juli-12-august-2018\\\/#primaryimage\"},\"image\":{\"@id\":\"https:\\\/\\\/www.jazzzeitung.de\\\/cms\\\/2018\\\/06\\\/26-jahre-internationaler-augsburger-jazzsommer-11-juli-12-august-2018\\\/#primaryimage\"},\"thumbnailUrl\":\"https:\\\/\\\/i0.wp.com\\\/www.jazzzeitung.de\\\/cms\\\/wp-content\\\/uploads\\\/2018\\\/06\\\/Logo_Jazzsommer_2018.jpg?fit=1683%2C906&ssl=1\",\"datePublished\":\"2018-06-14T09:25:57+00:00\",\"breadcrumb\":{\"@id\":\"https:\\\/\\\/www.jazzzeitung.de\\\/cms\\\/2018\\\/06\\\/26-jahre-internationaler-augsburger-jazzsommer-11-juli-12-august-2018\\\/#breadcrumb\"},\"inLanguage\":\"de\",\"potentialAction\":[{\"@type\":\"ReadAction\",\"target\":[\"https:\\\/\\\/www.jazzzeitung.de\\\/cms\\\/2018\\\/06\\\/26-jahre-internationaler-augsburger-jazzsommer-11-juli-12-august-2018\\\/\"]}]},{\"@type\":\"ImageObject\",\"inLanguage\":\"de\",\"@id\":\"https:\\\/\\\/www.jazzzeitung.de\\\/cms\\\/2018\\\/06\\\/26-jahre-internationaler-augsburger-jazzsommer-11-juli-12-august-2018\\\/#primaryimage\",\"url\":\"https:\\\/\\\/i0.wp.com\\\/www.jazzzeitung.de\\\/cms\\\/wp-content\\\/uploads\\\/2018\\\/06\\\/Logo_Jazzsommer_2018.jpg?fit=1683%2C906&ssl=1\",\"contentUrl\":\"https:\\\/\\\/i0.wp.com\\\/www.jazzzeitung.de\\\/cms\\\/wp-content\\\/uploads\\\/2018\\\/06\\\/Logo_Jazzsommer_2018.jpg?fit=1683%2C906&ssl=1\",\"width\":1683,\"height\":906},{\"@type\":\"BreadcrumbList\",\"@id\":\"https:\\\/\\\/www.jazzzeitung.de\\\/cms\\\/2018\\\/06\\\/26-jahre-internationaler-augsburger-jazzsommer-11-juli-12-august-2018\\\/#breadcrumb\",\"itemListElement\":[{\"@type\":\"ListItem\",\"position\":1,\"name\":\"Startseite\",\"item\":\"https:\\\/\\\/www.jazzzeitung.de\\\/cms\\\/\"},{\"@type\":\"ListItem\",\"position\":2,\"name\":\"Jazz in der Botanik: Der Internationaler Augsburger Jazzsommer 2018 l\u00e4dt zu Konzerten mit besonderem Flair\"}]},{\"@type\":\"WebSite\",\"@id\":\"https:\\\/\\\/www.jazzzeitung.de\\\/cms\\\/#website\",\"url\":\"https:\\\/\\\/www.jazzzeitung.de\\\/cms\\\/\",\"name\":\"JazzZeitung\",\"description\":\"Jazz-News und Jazz-Kontroverses\",\"publisher\":{\"@id\":\"https:\\\/\\\/www.jazzzeitung.de\\\/cms\\\/#organization\"},\"potentialAction\":[{\"@type\":\"SearchAction\",\"target\":{\"@type\":\"EntryPoint\",\"urlTemplate\":\"https:\\\/\\\/www.jazzzeitung.de\\\/cms\\\/?s={search_term_string}\"},\"query-input\":{\"@type\":\"PropertyValueSpecification\",\"valueRequired\":true,\"valueName\":\"search_term_string\"}}],\"inLanguage\":\"de\"},{\"@type\":\"Organization\",\"@id\":\"https:\\\/\\\/www.jazzzeitung.de\\\/cms\\\/#organization\",\"name\":\"JazzZeitung online\",\"url\":\"https:\\\/\\\/www.jazzzeitung.de\\\/cms\\\/\",\"logo\":{\"@type\":\"ImageObject\",\"inLanguage\":\"de\",\"@id\":\"https:\\\/\\\/www.jazzzeitung.de\\\/cms\\\/#\\\/schema\\\/logo\\\/image\\\/\",\"url\":\"https:\\\/\\\/i0.wp.com\\\/www.jazzzeitung.de\\\/cms\\\/wp-content\\\/uploads\\\/2015\\\/08\\\/JAZZZEITUNGDE_Logo_Neu.png?fit=499%2C200&ssl=1\",\"contentUrl\":\"https:\\\/\\\/i0.wp.com\\\/www.jazzzeitung.de\\\/cms\\\/wp-content\\\/uploads\\\/2015\\\/08\\\/JAZZZEITUNGDE_Logo_Neu.png?fit=499%2C200&ssl=1\",\"width\":499,\"height\":200,\"caption\":\"JazzZeitung online\"},\"image\":{\"@id\":\"https:\\\/\\\/www.jazzzeitung.de\\\/cms\\\/#\\\/schema\\\/logo\\\/image\\\/\"},\"sameAs\":[\"https:\\\/\\\/www.facebook.com\\\/JazzZeitung\\\/\"]},{\"@type\":\"Person\",\"@id\":\"https:\\\/\\\/www.jazzzeitung.de\\\/cms\\\/#\\\/schema\\\/person\\\/2245b36b9cd1d24cea10f01c031fb92b\",\"name\":\"Redaktion JazzZeitung\",\"image\":{\"@type\":\"ImageObject\",\"inLanguage\":\"de\",\"@id\":\"https:\\\/\\\/i0.wp.com\\\/www.jazzzeitung.de\\\/cms\\\/wp-content\\\/uploads\\\/2015\\\/08\\\/JAZZZEITUNGDE_Logo_Neu.png?resize=96%2C96&ssl=159975dcacb611b5700bd619b5daf0a7a\",\"url\":\"https:\\\/\\\/i0.wp.com\\\/www.jazzzeitung.de\\\/cms\\\/wp-content\\\/uploads\\\/2015\\\/08\\\/JAZZZEITUNGDE_Logo_Neu.png?resize=96%2C96&ssl=1\",\"contentUrl\":\"https:\\\/\\\/i0.wp.com\\\/www.jazzzeitung.de\\\/cms\\\/wp-content\\\/uploads\\\/2015\\\/08\\\/JAZZZEITUNGDE_Logo_Neu.png?resize=96%2C96&ssl=1\",\"caption\":\"Redaktion JazzZeitung\"},\"description\":\"Artikel der Redaktion der JazzZeitung.\",\"sameAs\":[\"http:\\\/\\\/www.jazzzeitung.de\\\/cms\\\/\"],\"url\":\"https:\\\/\\\/www.jazzzeitung.de\\\/cms\\\/author\\\/redaktion\\\/\"}]}<\/script>\n<!-- \/ Yoast SEO plugin. -->","yoast_head_json":{"title":"Jazz in der Botanik: Der Internationaler Augsburger Jazzsommer 2018 l\u00e4dt zu Konzerten mit besonderem Flair - JazzZeitung","robots":{"index":"index","follow":"follow","max-snippet":"max-snippet:-1","max-image-preview":"max-image-preview:large","max-video-preview":"max-video-preview:-1"},"canonical":"https:\/\/www.jazzzeitung.de\/cms\/2018\/06\/26-jahre-internationaler-augsburger-jazzsommer-11-juli-12-august-2018\/","og_locale":"de_DE","og_type":"article","og_title":"Jazz in der Botanik: Der Internationaler Augsburger Jazzsommer 2018 l\u00e4dt zu Konzerten mit besonderem Flair - JazzZeitung","og_description":"Mit Auftritten von Instrumentalisten aus aller Welt und Gastspiele aufstrebender Nachwuchsk\u00fcnstler bietet der Internationale Augsburger Jazzsommer seit mehr als einem Vierteljahrhundert Live-Jazz aus der ganzen Welt eine B\u00fchne. Zwischen dem 11. Juli und 12. August erwarten die Besucher des Internationalen Augsburger Jazzsommer vier Wochen lang Konzerte vor der Naturkulisse des Botanischen Gartens. Der langj\u00e4hrige k\u00fcnstlerische Leiter des Augsburger Jazzsommers, Christian Stock, ist auch dieses Jahr f\u00fcr ein anspruchsvolles Programm verantwortlich. Der Festivalauftakt \u00a0am 11. Juli ist bereits eines der Highlights: Das Vijay Iyer Sextet des namensgebenden New Yorker Pianisten\/Komponisten l\u00e4sst eine Klangwelt entstehen, die mal aufregend explosiv\u00a0 und mal\u00a0 elegische Z\u00fcge tr\u00e4gt. Einer lieb gewonnenen Tradition folgend, bereichert Bassist und Festivalleiter Christian Stock auch 2018 das Programm. Das Christian Stock Trio wird dabei durch Billy Harper zum Quartett erweitert und bildet das musikalische Fundament f\u00fcr den \u201enagelscharfen\u201c Sound des texanischen Tenor-Saxofonisten. Matthias Schriefls &#8222;Six Alps &amp; Jazz&#8220; und das Florian Favre Trio laden im Rahmen des Internationalen Augsburger Jazzsommer zu einem Doppelkonzert. W\u00e4hrend Schriefl die Musik seiner Allg\u00e4uer Heimat in furchtlosen Hier-und-Jetzt-Jazz \u00fcberf\u00fchrt, besticht der groovende, melodische Jazz des jungen Schweizer Ensembles mit viel Mut &hellip;","og_url":"https:\/\/www.jazzzeitung.de\/cms\/2018\/06\/26-jahre-internationaler-augsburger-jazzsommer-11-juli-12-august-2018\/","og_site_name":"JazzZeitung","article_publisher":"https:\/\/www.facebook.com\/JazzZeitung\/","article_published_time":"2018-06-14T09:25:57+00:00","og_image":[{"width":1683,"height":906,"url":"https:\/\/i0.wp.com\/www.jazzzeitung.de\/cms\/wp-content\/uploads\/2018\/06\/Logo_Jazzsommer_2018.jpg?fit=1683%2C906&ssl=1","type":"image\/jpeg"}],"author":"Redaktion JazzZeitung","schema":{"@context":"https:\/\/schema.org","@graph":[{"@type":"Article","@id":"https:\/\/www.jazzzeitung.de\/cms\/2018\/06\/26-jahre-internationaler-augsburger-jazzsommer-11-juli-12-august-2018\/#article","isPartOf":{"@id":"https:\/\/www.jazzzeitung.de\/cms\/2018\/06\/26-jahre-internationaler-augsburger-jazzsommer-11-juli-12-august-2018\/"},"author":{"name":"Redaktion JazzZeitung","@id":"https:\/\/www.jazzzeitung.de\/cms\/#\/schema\/person\/2245b36b9cd1d24cea10f01c031fb92b"},"headline":"Jazz in der Botanik: Der Internationaler Augsburger Jazzsommer 2018 l\u00e4dt zu Konzerten mit besonderem Flair","datePublished":"2018-06-14T09:25:57+00:00","mainEntityOfPage":{"@id":"https:\/\/www.jazzzeitung.de\/cms\/2018\/06\/26-jahre-internationaler-augsburger-jazzsommer-11-juli-12-august-2018\/"},"wordCount":339,"commentCount":0,"publisher":{"@id":"https:\/\/www.jazzzeitung.de\/cms\/#organization"},"image":{"@id":"https:\/\/www.jazzzeitung.de\/cms\/2018\/06\/26-jahre-internationaler-augsburger-jazzsommer-11-juli-12-august-2018\/#primaryimage"},"thumbnailUrl":"https:\/\/i0.wp.com\/www.jazzzeitung.de\/cms\/wp-content\/uploads\/2018\/06\/Logo_Jazzsommer_2018.jpg?fit=1683%2C906&ssl=1","keywords":["2018","Bobo Stenson","Dave Douglas","Florian Favre","Improvisation","Jazz","Jazzsommer","Konzerte","Live","Quartett","Schweden","trio"],"articleSection":["News"],"inLanguage":"de","potentialAction":[{"@type":"CommentAction","name":"Comment","target":["https:\/\/www.jazzzeitung.de\/cms\/2018\/06\/26-jahre-internationaler-augsburger-jazzsommer-11-juli-12-august-2018\/#respond"]}]},{"@type":"WebPage","@id":"https:\/\/www.jazzzeitung.de\/cms\/2018\/06\/26-jahre-internationaler-augsburger-jazzsommer-11-juli-12-august-2018\/","url":"https:\/\/www.jazzzeitung.de\/cms\/2018\/06\/26-jahre-internationaler-augsburger-jazzsommer-11-juli-12-august-2018\/","name":"Jazz in der Botanik: Der Internationaler Augsburger Jazzsommer 2018 l\u00e4dt zu Konzerten mit besonderem Flair - JazzZeitung","isPartOf":{"@id":"https:\/\/www.jazzzeitung.de\/cms\/#website"},"primaryImageOfPage":{"@id":"https:\/\/www.jazzzeitung.de\/cms\/2018\/06\/26-jahre-internationaler-augsburger-jazzsommer-11-juli-12-august-2018\/#primaryimage"},"image":{"@id":"https:\/\/www.jazzzeitung.de\/cms\/2018\/06\/26-jahre-internationaler-augsburger-jazzsommer-11-juli-12-august-2018\/#primaryimage"},"thumbnailUrl":"https:\/\/i0.wp.com\/www.jazzzeitung.de\/cms\/wp-content\/uploads\/2018\/06\/Logo_Jazzsommer_2018.jpg?fit=1683%2C906&ssl=1","datePublished":"2018-06-14T09:25:57+00:00","breadcrumb":{"@id":"https:\/\/www.jazzzeitung.de\/cms\/2018\/06\/26-jahre-internationaler-augsburger-jazzsommer-11-juli-12-august-2018\/#breadcrumb"},"inLanguage":"de","potentialAction":[{"@type":"ReadAction","target":["https:\/\/www.jazzzeitung.de\/cms\/2018\/06\/26-jahre-internationaler-augsburger-jazzsommer-11-juli-12-august-2018\/"]}]},{"@type":"ImageObject","inLanguage":"de","@id":"https:\/\/www.jazzzeitung.de\/cms\/2018\/06\/26-jahre-internationaler-augsburger-jazzsommer-11-juli-12-august-2018\/#primaryimage","url":"https:\/\/i0.wp.com\/www.jazzzeitung.de\/cms\/wp-content\/uploads\/2018\/06\/Logo_Jazzsommer_2018.jpg?fit=1683%2C906&ssl=1","contentUrl":"https:\/\/i0.wp.com\/www.jazzzeitung.de\/cms\/wp-content\/uploads\/2018\/06\/Logo_Jazzsommer_2018.jpg?fit=1683%2C906&ssl=1","width":1683,"height":906},{"@type":"BreadcrumbList","@id":"https:\/\/www.jazzzeitung.de\/cms\/2018\/06\/26-jahre-internationaler-augsburger-jazzsommer-11-juli-12-august-2018\/#breadcrumb","itemListElement":[{"@type":"ListItem","position":1,"name":"Startseite","item":"https:\/\/www.jazzzeitung.de\/cms\/"},{"@type":"ListItem","position":2,"name":"Jazz in der Botanik: Der Internationaler Augsburger Jazzsommer 2018 l\u00e4dt zu Konzerten mit besonderem Flair"}]},{"@type":"WebSite","@id":"https:\/\/www.jazzzeitung.de\/cms\/#website","url":"https:\/\/www.jazzzeitung.de\/cms\/","name":"JazzZeitung","description":"Jazz-News und Jazz-Kontroverses","publisher":{"@id":"https:\/\/www.jazzzeitung.de\/cms\/#organization"},"potentialAction":[{"@type":"SearchAction","target":{"@type":"EntryPoint","urlTemplate":"https:\/\/www.jazzzeitung.de\/cms\/?s={search_term_string}"},"query-input":{"@type":"PropertyValueSpecification","valueRequired":true,"valueName":"search_term_string"}}],"inLanguage":"de"},{"@type":"Organization","@id":"https:\/\/www.jazzzeitung.de\/cms\/#organization","name":"JazzZeitung online","url":"https:\/\/www.jazzzeitung.de\/cms\/","logo":{"@type":"ImageObject","inLanguage":"de","@id":"https:\/\/www.jazzzeitung.de\/cms\/#\/schema\/logo\/image\/","url":"https:\/\/i0.wp.com\/www.jazzzeitung.de\/cms\/wp-content\/uploads\/2015\/08\/JAZZZEITUNGDE_Logo_Neu.png?fit=499%2C200&ssl=1","contentUrl":"https:\/\/i0.wp.com\/www.jazzzeitung.de\/cms\/wp-content\/uploads\/2015\/08\/JAZZZEITUNGDE_Logo_Neu.png?fit=499%2C200&ssl=1","width":499,"height":200,"caption":"JazzZeitung online"},"image":{"@id":"https:\/\/www.jazzzeitung.de\/cms\/#\/schema\/logo\/image\/"},"sameAs":["https:\/\/www.facebook.com\/JazzZeitung\/"]},{"@type":"Person","@id":"https:\/\/www.jazzzeitung.de\/cms\/#\/schema\/person\/2245b36b9cd1d24cea10f01c031fb92b","name":"Redaktion JazzZeitung","image":{"@type":"ImageObject","inLanguage":"de","@id":"https:\/\/i0.wp.com\/www.jazzzeitung.de\/cms\/wp-content\/uploads\/2015\/08\/JAZZZEITUNGDE_Logo_Neu.png?resize=96%2C96&ssl=159975dcacb611b5700bd619b5daf0a7a","url":"https:\/\/i0.wp.com\/www.jazzzeitung.de\/cms\/wp-content\/uploads\/2015\/08\/JAZZZEITUNGDE_Logo_Neu.png?resize=96%2C96&ssl=1","contentUrl":"https:\/\/i0.wp.com\/www.jazzzeitung.de\/cms\/wp-content\/uploads\/2015\/08\/JAZZZEITUNGDE_Logo_Neu.png?resize=96%2C96&ssl=1","caption":"Redaktion JazzZeitung"},"description":"Artikel der Redaktion der JazzZeitung.","sameAs":["http:\/\/www.jazzzeitung.de\/cms\/"],"url":"https:\/\/www.jazzzeitung.de\/cms\/author\/redaktion\/"}]}},"wp-worthy-pixel":{"ignored":false,"public":null,"server":null,"url":null},"wp-worthy-type":"normal","jetpack_publicize_connections":[],"cc_featured_image_caption":{"caption_text":"","source_text":"","source_url":""},"jetpack_featured_media_url":"https:\/\/i0.wp.com\/www.jazzzeitung.de\/cms\/wp-content\/uploads\/2018\/06\/Logo_Jazzsommer_2018.jpg?fit=1683%2C906&ssl=1","jetpack_shortlink":"https:\/\/wp.me\/p3KEcT-4eF","jetpack-related-posts":[{"id":27347,"url":"https:\/\/www.jazzzeitung.de\/cms\/2022\/05\/augsburger-jazzsommer-jazz-beim-dulkhaeusle-konzerte-auf-schloss-hoefling\/","url_meta":{"origin":16285,"position":0},"title":"+++ Augsburger Jazzsommer +++ Jazz beim Dulkh\u00e4usle +++ Konzerte auf Schloss H\u00f6fling +++","author":"Redaktion JazzZeitung","date":"18. Mai 2022","format":false,"excerpt":"+++ 30. Internationaler Augsburger Jazzsommer +++ Der Internationale Augsburger Jazzsommer wird 30 und feiert vom 6. Juli bis 10. August 2022 mit einem Live-Jazz-Programm im Botanischen Garten und im Brunnenhof Jubil\u00e4um. US-Saxofonist Kenny Garrett (6.7.), der legend\u00e4re britische Jazz-Gitarrist John McLaughlin (13.7.), die in Brooklyn lebende franz\u00f6sische S\u00e4ngerin Cyrille Aim\u00e9e\u2026","rel":"","context":"In &quot;News&quot;","block_context":{"text":"News","link":"https:\/\/www.jazzzeitung.de\/cms\/thema\/nachrichten\/"},"img":{"alt_text":"","src":"https:\/\/i0.wp.com\/www.jazzzeitung.de\/cms\/wp-content\/uploads\/2022\/05\/Hermeto-Pascoal-Grupo-by-Gabriel-Quintao-scaled.jpg?fit=1200%2C679&ssl=1&resize=350%2C200","width":350,"height":200,"srcset":"https:\/\/i0.wp.com\/www.jazzzeitung.de\/cms\/wp-content\/uploads\/2022\/05\/Hermeto-Pascoal-Grupo-by-Gabriel-Quintao-scaled.jpg?fit=1200%2C679&ssl=1&resize=350%2C200 1x, https:\/\/i0.wp.com\/www.jazzzeitung.de\/cms\/wp-content\/uploads\/2022\/05\/Hermeto-Pascoal-Grupo-by-Gabriel-Quintao-scaled.jpg?fit=1200%2C679&ssl=1&resize=525%2C300 1.5x, https:\/\/i0.wp.com\/www.jazzzeitung.de\/cms\/wp-content\/uploads\/2022\/05\/Hermeto-Pascoal-Grupo-by-Gabriel-Quintao-scaled.jpg?fit=1200%2C679&ssl=1&resize=700%2C400 2x, https:\/\/i0.wp.com\/www.jazzzeitung.de\/cms\/wp-content\/uploads\/2022\/05\/Hermeto-Pascoal-Grupo-by-Gabriel-Quintao-scaled.jpg?fit=1200%2C679&ssl=1&resize=1050%2C600 3x"},"classes":[]},{"id":28140,"url":"https:\/\/www.jazzzeitung.de\/cms\/2022\/08\/jazz-im-garten-der-30-internationale-augsburger-jazzsommer-2022\/","url_meta":{"origin":16285,"position":1},"title":"Jazz im Garten: Der 30. Internationale Augsburger Jazzsommer 2022","author":"Thomas J. Krebs","date":"17. August 2022","format":false,"excerpt":"1993 aus der Taufe gehoben, wurde aus den Sommernachtskonzerten im Botanischen Garten der Stadt Augsburg zwei Jahre sp\u00e4ter der Augsburger Jazzsommer und schlie\u00dflich der Internationale Augsburger Jazzsommer. Beeindruckend, wer unter dem Dach des Pavillons des Botanischen Gartens bereits aufgetreten ist: angefangen von Michel Petrucciani, \u00fcber McCoy Tyner, Charles Lloyd, Steve\u2026","rel":"","context":"In &quot;Bericht&quot;","block_context":{"text":"Bericht","link":"https:\/\/www.jazzzeitung.de\/cms\/thema\/bericht\/"},"img":{"alt_text":"","src":"https:\/\/i0.wp.com\/www.jazzzeitung.de\/cms\/wp-content\/uploads\/2022\/08\/AUFMACHER-P1957628-McLaughlin-4th-Dimension-Foto-TJ-Krebs.jpg?fit=1200%2C800&ssl=1&resize=350%2C200","width":350,"height":200,"srcset":"https:\/\/i0.wp.com\/www.jazzzeitung.de\/cms\/wp-content\/uploads\/2022\/08\/AUFMACHER-P1957628-McLaughlin-4th-Dimension-Foto-TJ-Krebs.jpg?fit=1200%2C800&ssl=1&resize=350%2C200 1x, https:\/\/i0.wp.com\/www.jazzzeitung.de\/cms\/wp-content\/uploads\/2022\/08\/AUFMACHER-P1957628-McLaughlin-4th-Dimension-Foto-TJ-Krebs.jpg?fit=1200%2C800&ssl=1&resize=525%2C300 1.5x, https:\/\/i0.wp.com\/www.jazzzeitung.de\/cms\/wp-content\/uploads\/2022\/08\/AUFMACHER-P1957628-McLaughlin-4th-Dimension-Foto-TJ-Krebs.jpg?fit=1200%2C800&ssl=1&resize=700%2C400 2x, https:\/\/i0.wp.com\/www.jazzzeitung.de\/cms\/wp-content\/uploads\/2022\/08\/AUFMACHER-P1957628-McLaughlin-4th-Dimension-Foto-TJ-Krebs.jpg?fit=1200%2C800&ssl=1&resize=1050%2C600 3x"},"classes":[]},{"id":20335,"url":"https:\/\/www.jazzzeitung.de\/cms\/2019\/08\/das-miteinander-bestimmt-auch-dieses-jahr-den-augsburger-jazzsommer\/","url_meta":{"origin":16285,"position":2},"title":"Das Miteinander bestimmt auch dieses Jahr den Augsburger Jazzsommer","author":"Thomas J. Krebs","date":"10. August 2019","format":false,"excerpt":"Seit 27 Jahren findet der internationale Jazzsommer in Augsburg statt. Und auch dieses Jahr war das Programm wieder erlesen und f\u00fcr jeden Geschmack etwas mit dabei. Einziger Wermutstropfen: Christian Stock legt nach nunmehr 27 Ausgaben des Festivals sein Amt als k\u00fcnstlerischer Leiter nieder, um nach all den erf\u00fcllten aber auch\u2026","rel":"","context":"In &quot;Bericht&quot;","block_context":{"text":"Bericht","link":"https:\/\/www.jazzzeitung.de\/cms\/thema\/bericht\/"},"img":{"alt_text":"","src":"https:\/\/i0.wp.com\/www.jazzzeitung.de\/cms\/wp-content\/uploads\/2019\/08\/P1415391-Potter-Cohen-Impression-Foto-TJ-Krebs.jpg?fit=1200%2C800&ssl=1&resize=350%2C200","width":350,"height":200,"srcset":"https:\/\/i0.wp.com\/www.jazzzeitung.de\/cms\/wp-content\/uploads\/2019\/08\/P1415391-Potter-Cohen-Impression-Foto-TJ-Krebs.jpg?fit=1200%2C800&ssl=1&resize=350%2C200 1x, https:\/\/i0.wp.com\/www.jazzzeitung.de\/cms\/wp-content\/uploads\/2019\/08\/P1415391-Potter-Cohen-Impression-Foto-TJ-Krebs.jpg?fit=1200%2C800&ssl=1&resize=525%2C300 1.5x, https:\/\/i0.wp.com\/www.jazzzeitung.de\/cms\/wp-content\/uploads\/2019\/08\/P1415391-Potter-Cohen-Impression-Foto-TJ-Krebs.jpg?fit=1200%2C800&ssl=1&resize=700%2C400 2x, https:\/\/i0.wp.com\/www.jazzzeitung.de\/cms\/wp-content\/uploads\/2019\/08\/P1415391-Potter-Cohen-Impression-Foto-TJ-Krebs.jpg?fit=1200%2C800&ssl=1&resize=1050%2C600 3x"},"classes":[]},{"id":22930,"url":"https:\/\/www.jazzzeitung.de\/cms\/2020\/07\/newsjazzin-erftstadt28-internationaler-augsburger-jazzsommer\/","url_meta":{"origin":16285,"position":3},"title":"+++News:+++Jazzclub BIX in Stuttgart+++Jazzin&#8216; Erftstadt+++28. Internationaler Augsburger Jazzsommer+++","author":"Redaktion JazzZeitung","date":"13. Juli 2020","format":false,"excerpt":"+++Stuttgarter Jazzclub BIX+++ Wie alle Jazz-Locations im Bundesgebiet hat auch der Stuttgarter Jazzclub Juni endlich die Restart-Taste gedr\u00fcckt. Im Juli geht es weiter im \u00a0BIX mit zwei sehr unterschiedlichen Konzerten. Das Soul Diamonds-Konzert mit Fola Dada am Freitag, den 17.7. , ist leider schon ausverkauft Karten gibt es noch. F\u00fcr\u2026","rel":"","context":"In &quot;News&quot;","block_context":{"text":"News","link":"https:\/\/www.jazzzeitung.de\/cms\/thema\/nachrichten\/"},"img":{"alt_text":"","src":"https:\/\/i0.wp.com\/www.jazzzeitung.de\/cms\/wp-content\/uploads\/2020\/07\/P1459615-Glashaus-im-Botanischen-Garten-Foto-TJ-Krebs.jpg?fit=1200%2C800&ssl=1&resize=350%2C200","width":350,"height":200,"srcset":"https:\/\/i0.wp.com\/www.jazzzeitung.de\/cms\/wp-content\/uploads\/2020\/07\/P1459615-Glashaus-im-Botanischen-Garten-Foto-TJ-Krebs.jpg?fit=1200%2C800&ssl=1&resize=350%2C200 1x, https:\/\/i0.wp.com\/www.jazzzeitung.de\/cms\/wp-content\/uploads\/2020\/07\/P1459615-Glashaus-im-Botanischen-Garten-Foto-TJ-Krebs.jpg?fit=1200%2C800&ssl=1&resize=525%2C300 1.5x, https:\/\/i0.wp.com\/www.jazzzeitung.de\/cms\/wp-content\/uploads\/2020\/07\/P1459615-Glashaus-im-Botanischen-Garten-Foto-TJ-Krebs.jpg?fit=1200%2C800&ssl=1&resize=700%2C400 2x, https:\/\/i0.wp.com\/www.jazzzeitung.de\/cms\/wp-content\/uploads\/2020\/07\/P1459615-Glashaus-im-Botanischen-Garten-Foto-TJ-Krebs.jpg?fit=1200%2C800&ssl=1&resize=1050%2C600 3x"},"classes":[]},{"id":29638,"url":"https:\/\/www.jazzzeitung.de\/cms\/2023\/06\/der-kommende-jazzfestivalsommer-in-augsburg-unterfoehring-und-im-bayerischen-hof\/","url_meta":{"origin":16285,"position":4},"title":"Der kommende Jazzfestivalsommer in Augsburg, Unterf\u00f6hring und im Bayerischen Hof","author":"Thomas J. Krebs","date":"19. Juni 2023","format":false,"excerpt":"Im Sommer hat man oft Entscheidungsn\u00f6te was Festivals betrifft. Auch der Jazz hat im Juli und August im s\u00fcddeutschen Raum einiges an Festivals zu bieten, und dieses Jahr gibt es beim Internationalen Augsburger Jazzsommer, dem Internationalen Jazzweekend Unterf\u00f6hring, sowie dem Jazzsommer im Bayerischen Hof so gut wie kaum \u00dcberschneidungen. Offensichtlich\u2026","rel":"","context":"In &quot;News&quot;","block_context":{"text":"News","link":"https:\/\/www.jazzzeitung.de\/cms\/thema\/nachrichten\/"},"img":{"alt_text":"","src":"https:\/\/i0.wp.com\/www.jazzzeitung.de\/cms\/wp-content\/uploads\/2023\/06\/BO1_2022_LakeciaBenjamin_EL_003-copyright-Elizabeth-Leitzell-scaled.jpg?fit=1186%2C1200&ssl=1&resize=350%2C200","width":350,"height":200,"srcset":"https:\/\/i0.wp.com\/www.jazzzeitung.de\/cms\/wp-content\/uploads\/2023\/06\/BO1_2022_LakeciaBenjamin_EL_003-copyright-Elizabeth-Leitzell-scaled.jpg?fit=1186%2C1200&ssl=1&resize=350%2C200 1x, https:\/\/i0.wp.com\/www.jazzzeitung.de\/cms\/wp-content\/uploads\/2023\/06\/BO1_2022_LakeciaBenjamin_EL_003-copyright-Elizabeth-Leitzell-scaled.jpg?fit=1186%2C1200&ssl=1&resize=525%2C300 1.5x, https:\/\/i0.wp.com\/www.jazzzeitung.de\/cms\/wp-content\/uploads\/2023\/06\/BO1_2022_LakeciaBenjamin_EL_003-copyright-Elizabeth-Leitzell-scaled.jpg?fit=1186%2C1200&ssl=1&resize=700%2C400 2x, https:\/\/i0.wp.com\/www.jazzzeitung.de\/cms\/wp-content\/uploads\/2023\/06\/BO1_2022_LakeciaBenjamin_EL_003-copyright-Elizabeth-Leitzell-scaled.jpg?fit=1186%2C1200&ssl=1&resize=1050%2C600 3x"},"classes":[]},{"id":16980,"url":"https:\/\/www.jazzzeitung.de\/cms\/2018\/08\/so-klingt-der-sommer-der-26-internationale-augsburger-jazzsommer-2018\/","url_meta":{"origin":16285,"position":5},"title":"So klingt der Sommer: der 26. Internationale Augsburger Jazzsommer 2018","author":"Redaktion JazzZeitung","date":"17. August 2018","format":false,"excerpt":"Der diesj\u00e4hrige 26. Augsburger Jazzsommer war, nomen est omen, in der Tat \u201ehot\u201c - wettertechnisch wie musikalisch! Vor gut 12 Jahren konnten zuletzt alle Konzerte Open Air im Rosenpavillon des Botanischen Gartens stattfinden, ohne auf das Gro\u00dfe Glashaus ausweichen zu m\u00fcssen. Das Wettergl\u00fcck war sowohl Musikern wie dem Publikum hold:\u2026","rel":"","context":"In &quot;Bericht&quot;","block_context":{"text":"Bericht","link":"https:\/\/www.jazzzeitung.de\/cms\/thema\/bericht\/"},"img":{"alt_text":"","src":"https:\/\/i0.wp.com\/www.jazzzeitung.de\/cms\/wp-content\/uploads\/2018\/08\/Six-Alps-Jazz-Foto-Thomas-J.-Krebs-jazzphotoagency%40web.de_.jpg?fit=1200%2C800&ssl=1&resize=350%2C200","width":350,"height":200,"srcset":"https:\/\/i0.wp.com\/www.jazzzeitung.de\/cms\/wp-content\/uploads\/2018\/08\/Six-Alps-Jazz-Foto-Thomas-J.-Krebs-jazzphotoagency%40web.de_.jpg?fit=1200%2C800&ssl=1&resize=350%2C200 1x, https:\/\/i0.wp.com\/www.jazzzeitung.de\/cms\/wp-content\/uploads\/2018\/08\/Six-Alps-Jazz-Foto-Thomas-J.-Krebs-jazzphotoagency%40web.de_.jpg?fit=1200%2C800&ssl=1&resize=525%2C300 1.5x, https:\/\/i0.wp.com\/www.jazzzeitung.de\/cms\/wp-content\/uploads\/2018\/08\/Six-Alps-Jazz-Foto-Thomas-J.-Krebs-jazzphotoagency%40web.de_.jpg?fit=1200%2C800&ssl=1&resize=700%2C400 2x, https:\/\/i0.wp.com\/www.jazzzeitung.de\/cms\/wp-content\/uploads\/2018\/08\/Six-Alps-Jazz-Foto-Thomas-J.-Krebs-jazzphotoagency%40web.de_.jpg?fit=1200%2C800&ssl=1&resize=1050%2C600 3x"},"classes":[]}],"jetpack_sharing_enabled":true,"_links":{"self":[{"href":"https:\/\/www.jazzzeitung.de\/cms\/wp-json\/wp\/v2\/posts\/16285","targetHints":{"allow":["GET"]}}],"collection":[{"href":"https:\/\/www.jazzzeitung.de\/cms\/wp-json\/wp\/v2\/posts"}],"about":[{"href":"https:\/\/www.jazzzeitung.de\/cms\/wp-json\/wp\/v2\/types\/post"}],"author":[{"embeddable":true,"href":"https:\/\/www.jazzzeitung.de\/cms\/wp-json\/wp\/v2\/users\/18"}],"replies":[{"embeddable":true,"href":"https:\/\/www.jazzzeitung.de\/cms\/wp-json\/wp\/v2\/comments?post=16285"}],"version-history":[{"count":14,"href":"https:\/\/www.jazzzeitung.de\/cms\/wp-json\/wp\/v2\/posts\/16285\/revisions"}],"predecessor-version":[{"id":16400,"href":"https:\/\/www.jazzzeitung.de\/cms\/wp-json\/wp\/v2\/posts\/16285\/revisions\/16400"}],"wp:featuredmedia":[{"embeddable":true,"href":"https:\/\/www.jazzzeitung.de\/cms\/wp-json\/wp\/v2\/media\/16288"}],"wp:attachment":[{"href":"https:\/\/www.jazzzeitung.de\/cms\/wp-json\/wp\/v2\/media?parent=16285"}],"wp:term":[{"taxonomy":"category","embeddable":true,"href":"https:\/\/www.jazzzeitung.de\/cms\/wp-json\/wp\/v2\/categories?post=16285"},{"taxonomy":"post_tag","embeddable":true,"href":"https:\/\/www.jazzzeitung.de\/cms\/wp-json\/wp\/v2\/tags?post=16285"},{"taxonomy":"author","embeddable":true,"href":"https:\/\/www.jazzzeitung.de\/cms\/wp-json\/wp\/v2\/coauthors?post=16285"}],"curies":[{"name":"wp","href":"https:\/\/api.w.org\/{rel}","templated":true}]}}