{"id":16193,"date":"2018-05-30T11:32:22","date_gmt":"2018-05-30T09:32:22","guid":{"rendered":"https:\/\/www.jazzzeitung.de\/cms\/?p=16193"},"modified":"2018-06-10T11:19:05","modified_gmt":"2018-06-10T09:19:05","slug":"besondere-wertschaetzung-des-jazz-in-norwegen-eindruecke-vom-nutshell-festival-und-nettjazz-festival","status":"publish","type":"post","link":"https:\/\/www.jazzzeitung.de\/cms\/2018\/05\/besondere-wertschaetzung-des-jazz-in-norwegen-eindruecke-vom-nutshell-festival-und-nettjazz-festival\/","title":{"rendered":"Jazzland Norwegen: Eindr\u00fccke vom Nutshell Festival und Nettjazz Festival"},"content":{"rendered":"<p>Es hat mehrere Gr\u00fcnde, dass die Jazzwelt die norwegischen K\u00fcnstler gut kennt. Dazu geh\u00f6ren auf der einen Seite nat\u00fcrlich Kreativit\u00e4t, Originalit\u00e4t, spielerisches K\u00f6nnen. Auf der anderen Seite aber lassen sich Institutionen wie Music Norway oder das West Norway Jazz Centre nicht lumpen und veranstalten umfangreiche Events mit internationalen G\u00e4sten, die die K\u00fcnstler aus dem eigenen Land auf besonders nachdr\u00fcckliche Weise vorstellen. Es ist einfach etwas anderes, wenn man, wie im vergangenen Jahr, Trygve Seim sein Solo-Saxofon am Bug eines Wikinger-Bootes spielen h\u00f6rt, w\u00e4hrend das Gef\u00e4hrt gerade einen Fjord entlang schippert. Oder wenn Erland Dahlen, wie in diesem Jahr, sein Schlagzeug vor dem pittoresk verzierten Chor der Vangskyrkja Kirche trommelt. Oder wenn das Indie-Jazz-Quartett Rune Your Day seine karg-energischen Klangr\u00e4ume bei einer Garden Party mit Blick auf den malerischen See von Voss entfaltet. Das Auge h\u00f6rt mit, das Gehirn kodiert angenehme Stimmungen mit der musikalischen Erfahrung, und die Offenheit w\u00e4chst, sich mit ausgerechnet dieser Spielart des europ\u00e4ischen Jazz zu besch\u00e4ftigen. Das kann es nicht alleine sein, aber es ist eindeutig ein spannenderes Gesamtpaket, als eine CD aus dem Posterumschlag zu holen.<\/p>\n<p>Au\u00dferdem zeugt es von einer \u00f6ffentlichen Wertsch\u00e4tzung, die ein Land seinen K\u00fcnstlern entgegenbringt. Schon deshalb sind Veranstaltungen wie das Showcase-Festival Nutshell spezielle Termine im Jahresablauf, vor allem, wenn sie sich auch noch mit einem weiteren Festival wie dem <a href=\"http:\/\/www.nightjazz.no\/\">Nattjazz<\/a> in Bergen kombinieren lassen, das seit Freitag und noch bis in den Juni hinein vor allem einheimische K\u00fcnstler auf die B\u00fchne der ehemaligen Sardinenfabrik USF Verftet bringt. Spannend war dabei die stilistisch Ausrichtung der jungen K\u00fcnstler, die pr\u00e4sentiert wurden. Galten lange Zeit nach der Phase des freien, experimentellen Spiels die Kombinationen mit Rockmusik, Electronics oder Folk als die typischen Spielstile, mit denen man aus Skandinavien im allgemeinen und Norwegen im Speziellen rechnen konnte, waren diesmal modern traditionelle Ensembles in der \u00dcberzahl. Das Sextett Bounce Alarm etwa bewegte sich mit zwei Saxofonen und Trompete als Frontline im Klanggemenge zwischen vorsichtiger Ausweitung der Ensembleform, Elementen der aktuellen Folkkomposition und energisch improvisierenden Passagen. Durchaus \u00e4hnlich, wenn auch gestalterisch zugleich lakonischer und experimentierfreudiger arbeitete das Concept Quintett der Saxofonistin Hanna Paulsberg sich an vergleichbarem akustisch modernem Material ab. Erland Dahlens Solo-Programm entwickelte sich zu einem energetischen Trommel- und Glocken-Gewitter, w\u00e4hrend das Klaviertrio von Dag Aresnen in der Spielkultur geschmackvoll in der Nachfolge der modernen Jazzromantiker agierte.<\/p>\n<div class=\"tiled-gallery type-rectangular tiled-gallery-unresized\" data-original-width=\"840\" data-carousel-extra='{&quot;blog_id&quot;:1,&quot;permalink&quot;:&quot;https:\\\/\\\/www.jazzzeitung.de\\\/cms\\\/2018\\\/05\\\/besondere-wertschaetzung-des-jazz-in-norwegen-eindruecke-vom-nutshell-festival-und-nettjazz-festival\\\/&quot;,&quot;likes_blog_id&quot;:55446655}' itemscope itemtype=\"http:\/\/schema.org\/ImageGallery\" > <div class=\"gallery-row\" style=\"width: 840px; height: 369px;\" data-original-width=\"840\" data-original-height=\"369\" > <div class=\"gallery-group images-1\" style=\"width: 565px; height: 369px;\" data-original-width=\"565\" data-original-height=\"369\" > <div class=\"tiled-gallery-item tiled-gallery-item-large\" itemprop=\"associatedMedia\" itemscope itemtype=\"http:\/\/schema.org\/ImageObject\"> <a href=\"https:\/\/www.jazzzeitung.de\/cms\/2018\/05\/besondere-wertschaetzung-des-jazz-in-norwegen-eindruecke-vom-nutshell-festival-und-nettjazz-festival\/dsc00002-bounce-alarm-dombr\/\" border=\"0\" itemprop=\"url\"> <meta itemprop=\"width\" content=\"561\"> <meta itemprop=\"height\" content=\"365\"> <img decoding=\"async\" class=\"\" data-attachment-id=\"16194\" data-orig-file=\"https:\/\/www.jazzzeitung.de\/cms\/wp-content\/uploads\/2018\/05\/DSC00002-Bounce-Alarm-dombr.jpg\" data-orig-size=\"1280,833\" data-comments-opened=\"1\" data-image-meta=\"{&quot;aperture&quot;:&quot;2&quot;,&quot;credit&quot;:&quot;&quot;,&quot;camera&quot;:&quot;ILCE-6000&quot;,&quot;caption&quot;:&quot;&quot;,&quot;created_timestamp&quot;:&quot;1527164583&quot;,&quot;copyright&quot;:&quot;&quot;,&quot;focal_length&quot;:&quot;50&quot;,&quot;iso&quot;:&quot;2500&quot;,&quot;shutter_speed&quot;:&quot;0.0125&quot;,&quot;title&quot;:&quot;&quot;,&quot;orientation&quot;:&quot;1&quot;}\" data-image-title=\"DSC00002, Bounce Alarm (dombr)\" data-image-description=\"\" data-medium-file=\"https:\/\/i0.wp.com\/www.jazzzeitung.de\/cms\/wp-content\/uploads\/2018\/05\/DSC00002-Bounce-Alarm-dombr.jpg?fit=300%2C195&#038;ssl=1\" data-large-file=\"https:\/\/i0.wp.com\/www.jazzzeitung.de\/cms\/wp-content\/uploads\/2018\/05\/DSC00002-Bounce-Alarm-dombr.jpg?fit=840%2C547&#038;ssl=1\" src=\"https:\/\/i0.wp.com\/www.jazzzeitung.de\/cms\/wp-content\/uploads\/2018\/05\/DSC00002-Bounce-Alarm-dombr.jpg?w=561&#038;h=365&#038;ssl=1\" srcset=\"https:\/\/i0.wp.com\/www.jazzzeitung.de\/cms\/wp-content\/uploads\/2018\/05\/DSC00002-Bounce-Alarm-dombr.jpg?w=1280&amp;ssl=1 1280w, https:\/\/i0.wp.com\/www.jazzzeitung.de\/cms\/wp-content\/uploads\/2018\/05\/DSC00002-Bounce-Alarm-dombr.jpg?resize=300%2C195&amp;ssl=1 300w, https:\/\/i0.wp.com\/www.jazzzeitung.de\/cms\/wp-content\/uploads\/2018\/05\/DSC00002-Bounce-Alarm-dombr.jpg?resize=768%2C500&amp;ssl=1 768w, https:\/\/i0.wp.com\/www.jazzzeitung.de\/cms\/wp-content\/uploads\/2018\/05\/DSC00002-Bounce-Alarm-dombr.jpg?resize=900%2C586&amp;ssl=1 900w, https:\/\/i0.wp.com\/www.jazzzeitung.de\/cms\/wp-content\/uploads\/2018\/05\/DSC00002-Bounce-Alarm-dombr.jpg?resize=600%2C390&amp;ssl=1 600w\" width=\"561\" height=\"365\" loading=\"lazy\" data-original-width=\"561\" data-original-height=\"365\" itemprop=\"http:\/\/schema.org\/image\" title=\"DSC00002, Bounce Alarm (dombr)\" alt=\"Bounce Alarm. Foto: R. Dombrowski\" style=\"width: 561px; height: 365px;\" \/> <\/a> <div class=\"tiled-gallery-caption\" itemprop=\"caption description\"> Bounce Alarm. Foto: R. Dombrowski <\/div> <\/div> <\/div> <!-- close group --> <div class=\"gallery-group images-2\" style=\"width: 275px; height: 369px;\" data-original-width=\"275\" data-original-height=\"369\" > <div class=\"tiled-gallery-item tiled-gallery-item-large\" itemprop=\"associatedMedia\" itemscope itemtype=\"http:\/\/schema.org\/ImageObject\"> <a href=\"https:\/\/www.jazzzeitung.de\/cms\/2018\/05\/besondere-wertschaetzung-des-jazz-in-norwegen-eindruecke-vom-nutshell-festival-und-nettjazz-festival\/dsc00072-erland-dahlen-dombr\/\" border=\"0\" itemprop=\"url\"> <meta itemprop=\"width\" content=\"271\"> <meta itemprop=\"height\" content=\"181\"> <img decoding=\"async\" class=\"\" data-attachment-id=\"16195\" data-orig-file=\"https:\/\/www.jazzzeitung.de\/cms\/wp-content\/uploads\/2018\/05\/DSC00072-Erland-Dahlen-dombr.jpg\" data-orig-size=\"1280,853\" data-comments-opened=\"1\" data-image-meta=\"{&quot;aperture&quot;:&quot;2&quot;,&quot;credit&quot;:&quot;&quot;,&quot;camera&quot;:&quot;ILCE-6000&quot;,&quot;caption&quot;:&quot;&quot;,&quot;created_timestamp&quot;:&quot;1527176666&quot;,&quot;copyright&quot;:&quot;&quot;,&quot;focal_length&quot;:&quot;50&quot;,&quot;iso&quot;:&quot;2000&quot;,&quot;shutter_speed&quot;:&quot;0.008&quot;,&quot;title&quot;:&quot;&quot;,&quot;orientation&quot;:&quot;1&quot;}\" data-image-title=\"DSC00072, Erland Dahlen (dombr)\" data-image-description=\"\" data-medium-file=\"https:\/\/i0.wp.com\/www.jazzzeitung.de\/cms\/wp-content\/uploads\/2018\/05\/DSC00072-Erland-Dahlen-dombr.jpg?fit=300%2C200&#038;ssl=1\" data-large-file=\"https:\/\/i0.wp.com\/www.jazzzeitung.de\/cms\/wp-content\/uploads\/2018\/05\/DSC00072-Erland-Dahlen-dombr.jpg?fit=840%2C560&#038;ssl=1\" src=\"https:\/\/i0.wp.com\/www.jazzzeitung.de\/cms\/wp-content\/uploads\/2018\/05\/DSC00072-Erland-Dahlen-dombr.jpg?w=271&#038;h=181&#038;ssl=1\" srcset=\"https:\/\/i0.wp.com\/www.jazzzeitung.de\/cms\/wp-content\/uploads\/2018\/05\/DSC00072-Erland-Dahlen-dombr.jpg?w=1280&amp;ssl=1 1280w, https:\/\/i0.wp.com\/www.jazzzeitung.de\/cms\/wp-content\/uploads\/2018\/05\/DSC00072-Erland-Dahlen-dombr.jpg?resize=300%2C200&amp;ssl=1 300w, https:\/\/i0.wp.com\/www.jazzzeitung.de\/cms\/wp-content\/uploads\/2018\/05\/DSC00072-Erland-Dahlen-dombr.jpg?resize=768%2C512&amp;ssl=1 768w, https:\/\/i0.wp.com\/www.jazzzeitung.de\/cms\/wp-content\/uploads\/2018\/05\/DSC00072-Erland-Dahlen-dombr.jpg?resize=900%2C600&amp;ssl=1 900w, https:\/\/i0.wp.com\/www.jazzzeitung.de\/cms\/wp-content\/uploads\/2018\/05\/DSC00072-Erland-Dahlen-dombr.jpg?resize=600%2C400&amp;ssl=1 600w, https:\/\/i0.wp.com\/www.jazzzeitung.de\/cms\/wp-content\/uploads\/2018\/05\/DSC00072-Erland-Dahlen-dombr.jpg?resize=120%2C80&amp;ssl=1 120w\" width=\"271\" height=\"181\" loading=\"lazy\" data-original-width=\"271\" data-original-height=\"181\" itemprop=\"http:\/\/schema.org\/image\" title=\"DSC00072, Erland Dahlen (dombr)\" alt=\"Erland Dahlen. Foto: R. Dombrowski\" style=\"width: 271px; height: 181px;\" \/> <\/a> <div class=\"tiled-gallery-caption\" itemprop=\"caption description\"> Erland Dahlen. Foto: R. Dombrowski <\/div> <\/div> <div class=\"tiled-gallery-item tiled-gallery-item-large\" itemprop=\"associatedMedia\" itemscope itemtype=\"http:\/\/schema.org\/ImageObject\"> <a href=\"https:\/\/www.jazzzeitung.de\/cms\/2018\/05\/besondere-wertschaetzung-des-jazz-in-norwegen-eindruecke-vom-nutshell-festival-und-nettjazz-festival\/dsc00328-dag-arnesen-dombr\/\" border=\"0\" itemprop=\"url\"> <meta itemprop=\"width\" content=\"271\"> <meta itemprop=\"height\" content=\"180\"> <img decoding=\"async\" class=\"\" data-attachment-id=\"16197\" data-orig-file=\"https:\/\/www.jazzzeitung.de\/cms\/wp-content\/uploads\/2018\/05\/DSC00328-Dag-Arnesen-dombr.jpg\" data-orig-size=\"1280,853\" data-comments-opened=\"1\" data-image-meta=\"{&quot;aperture&quot;:&quot;5.6&quot;,&quot;credit&quot;:&quot;&quot;,&quot;camera&quot;:&quot;ILCE-6000&quot;,&quot;caption&quot;:&quot;&quot;,&quot;created_timestamp&quot;:&quot;1527248671&quot;,&quot;copyright&quot;:&quot;&quot;,&quot;focal_length&quot;:&quot;98&quot;,&quot;iso&quot;:&quot;1600&quot;,&quot;shutter_speed&quot;:&quot;0.008&quot;,&quot;title&quot;:&quot;&quot;,&quot;orientation&quot;:&quot;0&quot;}\" data-image-title=\"DSC00328, Dag Arnesen (dombr)\" data-image-description=\"\" data-medium-file=\"https:\/\/i0.wp.com\/www.jazzzeitung.de\/cms\/wp-content\/uploads\/2018\/05\/DSC00328-Dag-Arnesen-dombr.jpg?fit=300%2C200&#038;ssl=1\" data-large-file=\"https:\/\/i0.wp.com\/www.jazzzeitung.de\/cms\/wp-content\/uploads\/2018\/05\/DSC00328-Dag-Arnesen-dombr.jpg?fit=840%2C560&#038;ssl=1\" src=\"https:\/\/i0.wp.com\/www.jazzzeitung.de\/cms\/wp-content\/uploads\/2018\/05\/DSC00328-Dag-Arnesen-dombr.jpg?w=271&#038;h=180&#038;ssl=1\" srcset=\"https:\/\/i0.wp.com\/www.jazzzeitung.de\/cms\/wp-content\/uploads\/2018\/05\/DSC00328-Dag-Arnesen-dombr.jpg?w=1280&amp;ssl=1 1280w, https:\/\/i0.wp.com\/www.jazzzeitung.de\/cms\/wp-content\/uploads\/2018\/05\/DSC00328-Dag-Arnesen-dombr.jpg?resize=300%2C200&amp;ssl=1 300w, https:\/\/i0.wp.com\/www.jazzzeitung.de\/cms\/wp-content\/uploads\/2018\/05\/DSC00328-Dag-Arnesen-dombr.jpg?resize=768%2C512&amp;ssl=1 768w, https:\/\/i0.wp.com\/www.jazzzeitung.de\/cms\/wp-content\/uploads\/2018\/05\/DSC00328-Dag-Arnesen-dombr.jpg?resize=900%2C600&amp;ssl=1 900w, https:\/\/i0.wp.com\/www.jazzzeitung.de\/cms\/wp-content\/uploads\/2018\/05\/DSC00328-Dag-Arnesen-dombr.jpg?resize=600%2C400&amp;ssl=1 600w, https:\/\/i0.wp.com\/www.jazzzeitung.de\/cms\/wp-content\/uploads\/2018\/05\/DSC00328-Dag-Arnesen-dombr.jpg?resize=120%2C80&amp;ssl=1 120w\" width=\"271\" height=\"180\" loading=\"lazy\" data-original-width=\"271\" data-original-height=\"180\" itemprop=\"http:\/\/schema.org\/image\" title=\"DSC00328, Dag Arnesen (dombr)\" alt=\"Dag Arnesen. Foto: R. Dombrowski\" style=\"width: 271px; height: 180px;\" \/> <\/a> <div class=\"tiled-gallery-caption\" itemprop=\"caption description\"> Dag Arnesen. Foto: R. Dombrowski <\/div> <\/div> <\/div> <!-- close group --> <\/div> <!-- close row --> <div class=\"gallery-row\" style=\"width: 840px; height: 188px;\" data-original-width=\"840\" data-original-height=\"188\" > <div class=\"gallery-group images-1\" style=\"width: 280px; height: 188px;\" data-original-width=\"280\" data-original-height=\"188\" > <div class=\"tiled-gallery-item tiled-gallery-item-large\" itemprop=\"associatedMedia\" itemscope itemtype=\"http:\/\/schema.org\/ImageObject\"> <a href=\"https:\/\/www.jazzzeitung.de\/cms\/2018\/05\/besondere-wertschaetzung-des-jazz-in-norwegen-eindruecke-vom-nutshell-festival-und-nettjazz-festival\/dsc00358-troldhaugen-hall-dombr\/\" border=\"0\" itemprop=\"url\"> <meta itemprop=\"width\" content=\"276\"> <meta itemprop=\"height\" content=\"184\"> <img decoding=\"async\" class=\"\" data-attachment-id=\"16198\" data-orig-file=\"https:\/\/www.jazzzeitung.de\/cms\/wp-content\/uploads\/2018\/05\/DSC00358-Troldhaugen-Hall-dombr.jpg\" data-orig-size=\"1280,853\" data-comments-opened=\"1\" data-image-meta=\"{&quot;aperture&quot;:&quot;4&quot;,&quot;credit&quot;:&quot;&quot;,&quot;camera&quot;:&quot;ILCE-6000&quot;,&quot;caption&quot;:&quot;&quot;,&quot;created_timestamp&quot;:&quot;1527250159&quot;,&quot;copyright&quot;:&quot;&quot;,&quot;focal_length&quot;:&quot;21&quot;,&quot;iso&quot;:&quot;100&quot;,&quot;shutter_speed&quot;:&quot;0.016666666666667&quot;,&quot;title&quot;:&quot;&quot;,&quot;orientation&quot;:&quot;0&quot;}\" data-image-title=\"DSC00358, Troldhaugen Hall (dombr)\" data-image-description=\"\" data-medium-file=\"https:\/\/i0.wp.com\/www.jazzzeitung.de\/cms\/wp-content\/uploads\/2018\/05\/DSC00358-Troldhaugen-Hall-dombr.jpg?fit=300%2C200&#038;ssl=1\" data-large-file=\"https:\/\/i0.wp.com\/www.jazzzeitung.de\/cms\/wp-content\/uploads\/2018\/05\/DSC00358-Troldhaugen-Hall-dombr.jpg?fit=840%2C560&#038;ssl=1\" src=\"https:\/\/i0.wp.com\/www.jazzzeitung.de\/cms\/wp-content\/uploads\/2018\/05\/DSC00358-Troldhaugen-Hall-dombr.jpg?w=276&#038;h=184&#038;ssl=1\" srcset=\"https:\/\/i0.wp.com\/www.jazzzeitung.de\/cms\/wp-content\/uploads\/2018\/05\/DSC00358-Troldhaugen-Hall-dombr.jpg?w=1280&amp;ssl=1 1280w, https:\/\/i0.wp.com\/www.jazzzeitung.de\/cms\/wp-content\/uploads\/2018\/05\/DSC00358-Troldhaugen-Hall-dombr.jpg?resize=300%2C200&amp;ssl=1 300w, https:\/\/i0.wp.com\/www.jazzzeitung.de\/cms\/wp-content\/uploads\/2018\/05\/DSC00358-Troldhaugen-Hall-dombr.jpg?resize=768%2C512&amp;ssl=1 768w, https:\/\/i0.wp.com\/www.jazzzeitung.de\/cms\/wp-content\/uploads\/2018\/05\/DSC00358-Troldhaugen-Hall-dombr.jpg?resize=900%2C600&amp;ssl=1 900w, https:\/\/i0.wp.com\/www.jazzzeitung.de\/cms\/wp-content\/uploads\/2018\/05\/DSC00358-Troldhaugen-Hall-dombr.jpg?resize=600%2C400&amp;ssl=1 600w, https:\/\/i0.wp.com\/www.jazzzeitung.de\/cms\/wp-content\/uploads\/2018\/05\/DSC00358-Troldhaugen-Hall-dombr.jpg?resize=120%2C80&amp;ssl=1 120w\" width=\"276\" height=\"184\" loading=\"lazy\" data-original-width=\"276\" data-original-height=\"184\" itemprop=\"http:\/\/schema.org\/image\" title=\"DSC00358, Troldhaugen Hall (dombr)\" alt=\"Troldhaugen Hall. Foto: R. Dombrowski\" style=\"width: 276px; height: 184px;\" \/> <\/a> <div class=\"tiled-gallery-caption\" itemprop=\"caption description\"> Troldhaugen Hall. Foto: R. Dombrowski <\/div> <\/div> <\/div> <!-- close group --> <div class=\"gallery-group images-1\" style=\"width: 280px; height: 188px;\" data-original-width=\"280\" data-original-height=\"188\" > <div class=\"tiled-gallery-item tiled-gallery-item-large\" itemprop=\"associatedMedia\" itemscope itemtype=\"http:\/\/schema.org\/ImageObject\"> <a href=\"https:\/\/www.jazzzeitung.de\/cms\/2018\/05\/besondere-wertschaetzung-des-jazz-in-norwegen-eindruecke-vom-nutshell-festival-und-nettjazz-festival\/dsc00405-andre-roligheten-4-dombr\/\" border=\"0\" itemprop=\"url\"> <meta itemprop=\"width\" content=\"276\"> <meta itemprop=\"height\" content=\"184\"> <img decoding=\"async\" class=\"\" data-attachment-id=\"16199\" data-orig-file=\"https:\/\/www.jazzzeitung.de\/cms\/wp-content\/uploads\/2018\/05\/DSC00405-Andre-Roligheten-4-dombr.jpg\" data-orig-size=\"1280,853\" data-comments-opened=\"1\" data-image-meta=\"{&quot;aperture&quot;:&quot;5.6&quot;,&quot;credit&quot;:&quot;&quot;,&quot;camera&quot;:&quot;ILCE-6000&quot;,&quot;caption&quot;:&quot;&quot;,&quot;created_timestamp&quot;:&quot;1527270460&quot;,&quot;copyright&quot;:&quot;&quot;,&quot;focal_length&quot;:&quot;56&quot;,&quot;iso&quot;:&quot;3200&quot;,&quot;shutter_speed&quot;:&quot;0.008&quot;,&quot;title&quot;:&quot;&quot;,&quot;orientation&quot;:&quot;1&quot;}\" data-image-title=\"DSC00405, Andre Roligheten 4 (dombr)\" data-image-description=\"\" data-medium-file=\"https:\/\/i0.wp.com\/www.jazzzeitung.de\/cms\/wp-content\/uploads\/2018\/05\/DSC00405-Andre-Roligheten-4-dombr.jpg?fit=300%2C200&#038;ssl=1\" data-large-file=\"https:\/\/i0.wp.com\/www.jazzzeitung.de\/cms\/wp-content\/uploads\/2018\/05\/DSC00405-Andre-Roligheten-4-dombr.jpg?fit=840%2C560&#038;ssl=1\" src=\"https:\/\/i0.wp.com\/www.jazzzeitung.de\/cms\/wp-content\/uploads\/2018\/05\/DSC00405-Andre-Roligheten-4-dombr.jpg?w=276&#038;h=184&#038;ssl=1\" srcset=\"https:\/\/i0.wp.com\/www.jazzzeitung.de\/cms\/wp-content\/uploads\/2018\/05\/DSC00405-Andre-Roligheten-4-dombr.jpg?w=1280&amp;ssl=1 1280w, https:\/\/i0.wp.com\/www.jazzzeitung.de\/cms\/wp-content\/uploads\/2018\/05\/DSC00405-Andre-Roligheten-4-dombr.jpg?resize=300%2C200&amp;ssl=1 300w, https:\/\/i0.wp.com\/www.jazzzeitung.de\/cms\/wp-content\/uploads\/2018\/05\/DSC00405-Andre-Roligheten-4-dombr.jpg?resize=768%2C512&amp;ssl=1 768w, https:\/\/i0.wp.com\/www.jazzzeitung.de\/cms\/wp-content\/uploads\/2018\/05\/DSC00405-Andre-Roligheten-4-dombr.jpg?resize=900%2C600&amp;ssl=1 900w, https:\/\/i0.wp.com\/www.jazzzeitung.de\/cms\/wp-content\/uploads\/2018\/05\/DSC00405-Andre-Roligheten-4-dombr.jpg?resize=600%2C400&amp;ssl=1 600w, https:\/\/i0.wp.com\/www.jazzzeitung.de\/cms\/wp-content\/uploads\/2018\/05\/DSC00405-Andre-Roligheten-4-dombr.jpg?resize=120%2C80&amp;ssl=1 120w\" width=\"276\" height=\"184\" loading=\"lazy\" data-original-width=\"276\" data-original-height=\"184\" itemprop=\"http:\/\/schema.org\/image\" title=\"DSC00405, Andre Roligheten 4 (dombr)\" alt=\"Andre Roligheten 4. Foto: R. Dombrowski\" style=\"width: 276px; height: 184px;\" \/> <\/a> <div class=\"tiled-gallery-caption\" itemprop=\"caption description\"> Andre Roligheten 4. Foto: R. Dombrowski <\/div> <\/div> <\/div> <!-- close group --> <div class=\"gallery-group images-1\" style=\"width: 280px; height: 188px;\" data-original-width=\"280\" data-original-height=\"188\" > <div class=\"tiled-gallery-item tiled-gallery-item-large\" itemprop=\"associatedMedia\" itemscope itemtype=\"http:\/\/schema.org\/ImageObject\"> <a href=\"https:\/\/www.jazzzeitung.de\/cms\/2018\/05\/besondere-wertschaetzung-des-jazz-in-norwegen-eindruecke-vom-nutshell-festival-und-nettjazz-festival\/dsc00531-frode-haltli-dombr\/\" border=\"0\" itemprop=\"url\"> <meta itemprop=\"width\" content=\"276\"> <meta itemprop=\"height\" content=\"184\"> <img decoding=\"async\" class=\"\" data-attachment-id=\"16200\" data-orig-file=\"https:\/\/www.jazzzeitung.de\/cms\/wp-content\/uploads\/2018\/05\/DSC00531-Frode-Haltli-dombr.jpg\" data-orig-size=\"1280,853\" data-comments-opened=\"1\" data-image-meta=\"{&quot;aperture&quot;:&quot;2.2&quot;,&quot;credit&quot;:&quot;&quot;,&quot;camera&quot;:&quot;ILCE-6000&quot;,&quot;caption&quot;:&quot;&quot;,&quot;created_timestamp&quot;:&quot;1527285721&quot;,&quot;copyright&quot;:&quot;&quot;,&quot;focal_length&quot;:&quot;50&quot;,&quot;iso&quot;:&quot;2000&quot;,&quot;shutter_speed&quot;:&quot;0.01&quot;,&quot;title&quot;:&quot;&quot;,&quot;orientation&quot;:&quot;1&quot;}\" data-image-title=\"DSC00531, Frode Haltli (dombr)\" data-image-description=\"\" data-medium-file=\"https:\/\/i0.wp.com\/www.jazzzeitung.de\/cms\/wp-content\/uploads\/2018\/05\/DSC00531-Frode-Haltli-dombr.jpg?fit=300%2C200&#038;ssl=1\" data-large-file=\"https:\/\/i0.wp.com\/www.jazzzeitung.de\/cms\/wp-content\/uploads\/2018\/05\/DSC00531-Frode-Haltli-dombr.jpg?fit=840%2C560&#038;ssl=1\" src=\"https:\/\/i0.wp.com\/www.jazzzeitung.de\/cms\/wp-content\/uploads\/2018\/05\/DSC00531-Frode-Haltli-dombr.jpg?w=276&#038;h=184&#038;ssl=1\" srcset=\"https:\/\/i0.wp.com\/www.jazzzeitung.de\/cms\/wp-content\/uploads\/2018\/05\/DSC00531-Frode-Haltli-dombr.jpg?w=1280&amp;ssl=1 1280w, https:\/\/i0.wp.com\/www.jazzzeitung.de\/cms\/wp-content\/uploads\/2018\/05\/DSC00531-Frode-Haltli-dombr.jpg?resize=300%2C200&amp;ssl=1 300w, https:\/\/i0.wp.com\/www.jazzzeitung.de\/cms\/wp-content\/uploads\/2018\/05\/DSC00531-Frode-Haltli-dombr.jpg?resize=768%2C512&amp;ssl=1 768w, https:\/\/i0.wp.com\/www.jazzzeitung.de\/cms\/wp-content\/uploads\/2018\/05\/DSC00531-Frode-Haltli-dombr.jpg?resize=900%2C600&amp;ssl=1 900w, https:\/\/i0.wp.com\/www.jazzzeitung.de\/cms\/wp-content\/uploads\/2018\/05\/DSC00531-Frode-Haltli-dombr.jpg?resize=600%2C400&amp;ssl=1 600w, https:\/\/i0.wp.com\/www.jazzzeitung.de\/cms\/wp-content\/uploads\/2018\/05\/DSC00531-Frode-Haltli-dombr.jpg?resize=120%2C80&amp;ssl=1 120w\" width=\"276\" height=\"184\" loading=\"lazy\" data-original-width=\"276\" data-original-height=\"184\" itemprop=\"http:\/\/schema.org\/image\" title=\"DSC00531, Frode Haltli (dombr)\" alt=\"Frode Haltli. Foto: R. Dombrowski\" style=\"width: 276px; height: 184px;\" \/> <\/a> <div class=\"tiled-gallery-caption\" itemprop=\"caption description\"> Frode Haltli. Foto: R. Dombrowski <\/div> <\/div> <\/div> <!-- close group --> <\/div> <!-- close row --> <div class=\"gallery-row\" style=\"width: 840px; height: 595px;\" data-original-width=\"840\" data-original-height=\"595\" > <div class=\"gallery-group images-2\" style=\"width: 444px; height: 595px;\" data-original-width=\"444\" data-original-height=\"595\" > <div class=\"tiled-gallery-item tiled-gallery-item-large\" itemprop=\"associatedMedia\" itemscope itemtype=\"http:\/\/schema.org\/ImageObject\"> <a href=\"https:\/\/www.jazzzeitung.de\/cms\/2018\/05\/besondere-wertschaetzung-des-jazz-in-norwegen-eindruecke-vom-nutshell-festival-und-nettjazz-festival\/dsc00692-elisabeth-lid-troen-dombr\/\" border=\"0\" itemprop=\"url\"> <meta itemprop=\"width\" content=\"440\"> <meta itemprop=\"height\" content=\"294\"> <img decoding=\"async\" class=\"\" data-attachment-id=\"16201\" data-orig-file=\"https:\/\/www.jazzzeitung.de\/cms\/wp-content\/uploads\/2018\/05\/DSC00692-Elisabeth-Lid-Troen-dombr.jpg\" data-orig-size=\"1280,853\" data-comments-opened=\"1\" data-image-meta=\"{&quot;aperture&quot;:&quot;2.2&quot;,&quot;credit&quot;:&quot;&quot;,&quot;camera&quot;:&quot;ILCE-6000&quot;,&quot;caption&quot;:&quot;&quot;,&quot;created_timestamp&quot;:&quot;1527292027&quot;,&quot;copyright&quot;:&quot;&quot;,&quot;focal_length&quot;:&quot;50&quot;,&quot;iso&quot;:&quot;3200&quot;,&quot;shutter_speed&quot;:&quot;0.01&quot;,&quot;title&quot;:&quot;&quot;,&quot;orientation&quot;:&quot;1&quot;}\" data-image-title=\"DSC00692, Elisabeth Lid Troen (dombr)\" data-image-description=\"\" data-medium-file=\"https:\/\/i0.wp.com\/www.jazzzeitung.de\/cms\/wp-content\/uploads\/2018\/05\/DSC00692-Elisabeth-Lid-Troen-dombr.jpg?fit=300%2C200&#038;ssl=1\" data-large-file=\"https:\/\/i0.wp.com\/www.jazzzeitung.de\/cms\/wp-content\/uploads\/2018\/05\/DSC00692-Elisabeth-Lid-Troen-dombr.jpg?fit=840%2C560&#038;ssl=1\" src=\"https:\/\/i0.wp.com\/www.jazzzeitung.de\/cms\/wp-content\/uploads\/2018\/05\/DSC00692-Elisabeth-Lid-Troen-dombr.jpg?w=440&#038;h=294&#038;ssl=1\" srcset=\"https:\/\/i0.wp.com\/www.jazzzeitung.de\/cms\/wp-content\/uploads\/2018\/05\/DSC00692-Elisabeth-Lid-Troen-dombr.jpg?w=1280&amp;ssl=1 1280w, https:\/\/i0.wp.com\/www.jazzzeitung.de\/cms\/wp-content\/uploads\/2018\/05\/DSC00692-Elisabeth-Lid-Troen-dombr.jpg?resize=300%2C200&amp;ssl=1 300w, https:\/\/i0.wp.com\/www.jazzzeitung.de\/cms\/wp-content\/uploads\/2018\/05\/DSC00692-Elisabeth-Lid-Troen-dombr.jpg?resize=768%2C512&amp;ssl=1 768w, https:\/\/i0.wp.com\/www.jazzzeitung.de\/cms\/wp-content\/uploads\/2018\/05\/DSC00692-Elisabeth-Lid-Troen-dombr.jpg?resize=900%2C600&amp;ssl=1 900w, https:\/\/i0.wp.com\/www.jazzzeitung.de\/cms\/wp-content\/uploads\/2018\/05\/DSC00692-Elisabeth-Lid-Troen-dombr.jpg?resize=600%2C400&amp;ssl=1 600w, https:\/\/i0.wp.com\/www.jazzzeitung.de\/cms\/wp-content\/uploads\/2018\/05\/DSC00692-Elisabeth-Lid-Troen-dombr.jpg?resize=120%2C80&amp;ssl=1 120w\" width=\"440\" height=\"294\" loading=\"lazy\" data-original-width=\"440\" data-original-height=\"294\" itemprop=\"http:\/\/schema.org\/image\" title=\"DSC00692, Elisabeth Lid Troen (dombr)\" alt=\"Elisabeth Lid Tr\u00f8en, Tr\u00f8en\/Arnesen Quartet auf dem Natjazz. Foto: R. Dombrowski\" style=\"width: 440px; height: 294px;\" \/> <\/a> <div class=\"tiled-gallery-caption\" itemprop=\"caption description\"> Elisabeth Lid Tr\u00f8en, Tr\u00f8en\/Arnesen Quartet auf dem Natjazz. Foto: R. Dombrowski <\/div> <\/div> <div class=\"tiled-gallery-item tiled-gallery-item-large\" itemprop=\"associatedMedia\" itemscope itemtype=\"http:\/\/schema.org\/ImageObject\"> <a href=\"https:\/\/www.jazzzeitung.de\/cms\/2018\/05\/besondere-wertschaetzung-des-jazz-in-norwegen-eindruecke-vom-nutshell-festival-und-nettjazz-festival\/dsc00731-havard-wiik-dombr\/\" border=\"0\" itemprop=\"url\"> <meta itemprop=\"width\" content=\"440\"> <meta itemprop=\"height\" content=\"293\"> <img decoding=\"async\" class=\"\" data-attachment-id=\"16202\" data-orig-file=\"https:\/\/www.jazzzeitung.de\/cms\/wp-content\/uploads\/2018\/05\/DSC00731-Havard-Wiik-dombr.jpg\" data-orig-size=\"1280,853\" data-comments-opened=\"1\" data-image-meta=\"{&quot;aperture&quot;:&quot;5&quot;,&quot;credit&quot;:&quot;&quot;,&quot;camera&quot;:&quot;ILCE-6000&quot;,&quot;caption&quot;:&quot;&quot;,&quot;created_timestamp&quot;:&quot;1527333488&quot;,&quot;copyright&quot;:&quot;&quot;,&quot;focal_length&quot;:&quot;84&quot;,&quot;iso&quot;:&quot;3200&quot;,&quot;shutter_speed&quot;:&quot;0.008&quot;,&quot;title&quot;:&quot;&quot;,&quot;orientation&quot;:&quot;0&quot;}\" data-image-title=\"DSC00731, Havard Wiik (dombr)\" data-image-description=\"\" data-medium-file=\"https:\/\/i0.wp.com\/www.jazzzeitung.de\/cms\/wp-content\/uploads\/2018\/05\/DSC00731-Havard-Wiik-dombr.jpg?fit=300%2C200&#038;ssl=1\" data-large-file=\"https:\/\/i0.wp.com\/www.jazzzeitung.de\/cms\/wp-content\/uploads\/2018\/05\/DSC00731-Havard-Wiik-dombr.jpg?fit=840%2C560&#038;ssl=1\" src=\"https:\/\/i0.wp.com\/www.jazzzeitung.de\/cms\/wp-content\/uploads\/2018\/05\/DSC00731-Havard-Wiik-dombr.jpg?w=440&#038;h=293&#038;ssl=1\" srcset=\"https:\/\/i0.wp.com\/www.jazzzeitung.de\/cms\/wp-content\/uploads\/2018\/05\/DSC00731-Havard-Wiik-dombr.jpg?w=1280&amp;ssl=1 1280w, https:\/\/i0.wp.com\/www.jazzzeitung.de\/cms\/wp-content\/uploads\/2018\/05\/DSC00731-Havard-Wiik-dombr.jpg?resize=300%2C200&amp;ssl=1 300w, https:\/\/i0.wp.com\/www.jazzzeitung.de\/cms\/wp-content\/uploads\/2018\/05\/DSC00731-Havard-Wiik-dombr.jpg?resize=768%2C512&amp;ssl=1 768w, https:\/\/i0.wp.com\/www.jazzzeitung.de\/cms\/wp-content\/uploads\/2018\/05\/DSC00731-Havard-Wiik-dombr.jpg?resize=900%2C600&amp;ssl=1 900w, https:\/\/i0.wp.com\/www.jazzzeitung.de\/cms\/wp-content\/uploads\/2018\/05\/DSC00731-Havard-Wiik-dombr.jpg?resize=600%2C400&amp;ssl=1 600w, https:\/\/i0.wp.com\/www.jazzzeitung.de\/cms\/wp-content\/uploads\/2018\/05\/DSC00731-Havard-Wiik-dombr.jpg?resize=120%2C80&amp;ssl=1 120w\" width=\"440\" height=\"293\" loading=\"lazy\" data-original-width=\"440\" data-original-height=\"293\" itemprop=\"http:\/\/schema.org\/image\" title=\"DSC00731, Havard Wiik (dombr)\" alt=\"H\u00e5vard Wiik. Foto: R. Dombrowski\" style=\"width: 440px; height: 293px;\" \/> <\/a> <div class=\"tiled-gallery-caption\" itemprop=\"caption description\"> H\u00e5vard Wiik. Foto: R. Dombrowski <\/div> <\/div> <\/div> <!-- close group --> <div class=\"gallery-group images-1\" style=\"width: 396px; height: 595px;\" data-original-width=\"396\" data-original-height=\"595\" > <div class=\"tiled-gallery-item tiled-gallery-item-large\" itemprop=\"associatedMedia\" itemscope itemtype=\"http:\/\/schema.org\/ImageObject\"> <a href=\"https:\/\/www.jazzzeitung.de\/cms\/2018\/05\/besondere-wertschaetzung-des-jazz-in-norwegen-eindruecke-vom-nutshell-festival-und-nettjazz-festival\/dsc01069-erlend-apneseth-dombr\/\" border=\"0\" itemprop=\"url\"> <meta itemprop=\"width\" content=\"392\"> <meta itemprop=\"height\" content=\"591\"> <img decoding=\"async\" class=\"\" data-attachment-id=\"16204\" data-orig-file=\"https:\/\/www.jazzzeitung.de\/cms\/wp-content\/uploads\/2018\/05\/DSC01069-Erlend-Apneseth-dombr.jpg\" data-orig-size=\"848,1280\" data-comments-opened=\"1\" data-image-meta=\"{&quot;aperture&quot;:&quot;2&quot;,&quot;credit&quot;:&quot;&quot;,&quot;camera&quot;:&quot;ILCE-6000&quot;,&quot;caption&quot;:&quot;&quot;,&quot;created_timestamp&quot;:&quot;1527374297&quot;,&quot;copyright&quot;:&quot;&quot;,&quot;focal_length&quot;:&quot;50&quot;,&quot;iso&quot;:&quot;3200&quot;,&quot;shutter_speed&quot;:&quot;0.0125&quot;,&quot;title&quot;:&quot;&quot;,&quot;orientation&quot;:&quot;1&quot;}\" data-image-title=\"DSC01069, Erlend Apneseth (dombr)\" data-image-description=\"\" data-medium-file=\"https:\/\/i0.wp.com\/www.jazzzeitung.de\/cms\/wp-content\/uploads\/2018\/05\/DSC01069-Erlend-Apneseth-dombr.jpg?fit=199%2C300&#038;ssl=1\" data-large-file=\"https:\/\/i0.wp.com\/www.jazzzeitung.de\/cms\/wp-content\/uploads\/2018\/05\/DSC01069-Erlend-Apneseth-dombr.jpg?fit=398%2C600&#038;ssl=1\" src=\"https:\/\/i0.wp.com\/www.jazzzeitung.de\/cms\/wp-content\/uploads\/2018\/05\/DSC01069-Erlend-Apneseth-dombr.jpg?w=392&#038;h=591&#038;ssl=1\" srcset=\"https:\/\/i0.wp.com\/www.jazzzeitung.de\/cms\/wp-content\/uploads\/2018\/05\/DSC01069-Erlend-Apneseth-dombr.jpg?w=848&amp;ssl=1 848w, https:\/\/i0.wp.com\/www.jazzzeitung.de\/cms\/wp-content\/uploads\/2018\/05\/DSC01069-Erlend-Apneseth-dombr.jpg?resize=199%2C300&amp;ssl=1 199w, https:\/\/i0.wp.com\/www.jazzzeitung.de\/cms\/wp-content\/uploads\/2018\/05\/DSC01069-Erlend-Apneseth-dombr.jpg?resize=768%2C1159&amp;ssl=1 768w, https:\/\/i0.wp.com\/www.jazzzeitung.de\/cms\/wp-content\/uploads\/2018\/05\/DSC01069-Erlend-Apneseth-dombr.jpg?resize=398%2C600&amp;ssl=1 398w, https:\/\/i0.wp.com\/www.jazzzeitung.de\/cms\/wp-content\/uploads\/2018\/05\/DSC01069-Erlend-Apneseth-dombr.jpg?resize=600%2C906&amp;ssl=1 600w\" width=\"392\" height=\"591\" loading=\"lazy\" data-original-width=\"392\" data-original-height=\"591\" itemprop=\"http:\/\/schema.org\/image\" title=\"DSC01069, Erlend Apneseth (dombr)\" alt=\"Erlend Apneseth, der mit der Norwegischen Gruppe Frode Haltli Avant Folk und seinem Trio auf dem Nattjazz auftrat. Foto: R. Dombrowski\" style=\"width: 392px; height: 591px;\" \/> <\/a> <div class=\"tiled-gallery-caption\" itemprop=\"caption description\"> Erlend Apneseth, der mit der Norwegischen Gruppe Frode Haltli Avant Folk und seinem Trio auf dem Nattjazz auftrat. Foto: R. Dombrowski <\/div> <\/div> <\/div> <!-- close group --> <\/div> <!-- close row --> <div class=\"gallery-row\" style=\"width: 840px; height: 167px;\" data-original-width=\"840\" data-original-height=\"167\" > <div class=\"gallery-group images-1\" style=\"width: 238px; height: 167px;\" data-original-width=\"238\" data-original-height=\"167\" > <div class=\"tiled-gallery-item tiled-gallery-item-small\" itemprop=\"associatedMedia\" itemscope itemtype=\"http:\/\/schema.org\/ImageObject\"> <a href=\"https:\/\/www.jazzzeitung.de\/cms\/2018\/05\/besondere-wertschaetzung-des-jazz-in-norwegen-eindruecke-vom-nutshell-festival-und-nettjazz-festival\/dsc01229-goran-kajfes-magnus-broo-dombr\/\" border=\"0\" itemprop=\"url\"> <meta itemprop=\"width\" content=\"234\"> <meta itemprop=\"height\" content=\"163\"> <img decoding=\"async\" class=\"\" data-attachment-id=\"16206\" data-orig-file=\"https:\/\/www.jazzzeitung.de\/cms\/wp-content\/uploads\/2018\/05\/DSC01229-Goran-Kajfes-Magnus-Broo-dombr.jpg\" data-orig-size=\"1280,890\" data-comments-opened=\"1\" data-image-meta=\"{&quot;aperture&quot;:&quot;2&quot;,&quot;credit&quot;:&quot;&quot;,&quot;camera&quot;:&quot;ILCE-6000&quot;,&quot;caption&quot;:&quot;&quot;,&quot;created_timestamp&quot;:&quot;1527380232&quot;,&quot;copyright&quot;:&quot;&quot;,&quot;focal_length&quot;:&quot;50&quot;,&quot;iso&quot;:&quot;3200&quot;,&quot;shutter_speed&quot;:&quot;0.0125&quot;,&quot;title&quot;:&quot;&quot;,&quot;orientation&quot;:&quot;0&quot;}\" data-image-title=\"DSC01229, Goran Kajfes, Magnus Broo (dombr)\" data-image-description=\"\" data-medium-file=\"https:\/\/i0.wp.com\/www.jazzzeitung.de\/cms\/wp-content\/uploads\/2018\/05\/DSC01229-Goran-Kajfes-Magnus-Broo-dombr.jpg?fit=300%2C209&#038;ssl=1\" data-large-file=\"https:\/\/i0.wp.com\/www.jazzzeitung.de\/cms\/wp-content\/uploads\/2018\/05\/DSC01229-Goran-Kajfes-Magnus-Broo-dombr.jpg?fit=840%2C584&#038;ssl=1\" src=\"https:\/\/i0.wp.com\/www.jazzzeitung.de\/cms\/wp-content\/uploads\/2018\/05\/DSC01229-Goran-Kajfes-Magnus-Broo-dombr.jpg?w=234&#038;h=163&#038;ssl=1\" srcset=\"https:\/\/i0.wp.com\/www.jazzzeitung.de\/cms\/wp-content\/uploads\/2018\/05\/DSC01229-Goran-Kajfes-Magnus-Broo-dombr.jpg?w=1280&amp;ssl=1 1280w, https:\/\/i0.wp.com\/www.jazzzeitung.de\/cms\/wp-content\/uploads\/2018\/05\/DSC01229-Goran-Kajfes-Magnus-Broo-dombr.jpg?resize=300%2C209&amp;ssl=1 300w, https:\/\/i0.wp.com\/www.jazzzeitung.de\/cms\/wp-content\/uploads\/2018\/05\/DSC01229-Goran-Kajfes-Magnus-Broo-dombr.jpg?resize=768%2C534&amp;ssl=1 768w, https:\/\/i0.wp.com\/www.jazzzeitung.de\/cms\/wp-content\/uploads\/2018\/05\/DSC01229-Goran-Kajfes-Magnus-Broo-dombr.jpg?resize=863%2C600&amp;ssl=1 863w, https:\/\/i0.wp.com\/www.jazzzeitung.de\/cms\/wp-content\/uploads\/2018\/05\/DSC01229-Goran-Kajfes-Magnus-Broo-dombr.jpg?resize=600%2C417&amp;ssl=1 600w\" width=\"234\" height=\"163\" loading=\"lazy\" data-original-width=\"234\" data-original-height=\"163\" itemprop=\"http:\/\/schema.org\/image\" title=\"DSC01229, Goran Kajfes, Magnus Broo (dombr)\" alt=\"Goran Kajfes &amp; Magnus Broo von Angles 9 auf dem Nattjazz. Foto: R. Dombrowski\" style=\"width: 234px; height: 163px;\" \/> <\/a> <div class=\"tiled-gallery-caption\" itemprop=\"caption description\"> Goran Kajfes &#038; Magnus Broo von Angles 9 auf dem Nattjazz. Foto: R. Dombrowski <\/div> <\/div> <\/div> <!-- close group --> <div class=\"gallery-group images-1\" style=\"width: 110px; height: 167px;\" data-original-width=\"110\" data-original-height=\"167\" > <div class=\"tiled-gallery-item tiled-gallery-item-small\" itemprop=\"associatedMedia\" itemscope itemtype=\"http:\/\/schema.org\/ImageObject\"> <a href=\"https:\/\/www.jazzzeitung.de\/cms\/2018\/05\/besondere-wertschaetzung-des-jazz-in-norwegen-eindruecke-vom-nutshell-festival-und-nettjazz-festival\/dsc01213-matthias-stahl-dombr\/\" border=\"0\" itemprop=\"url\"> <meta itemprop=\"width\" content=\"106\"> <meta itemprop=\"height\" content=\"163\"> <img decoding=\"async\" class=\"\" data-attachment-id=\"16205\" data-orig-file=\"https:\/\/www.jazzzeitung.de\/cms\/wp-content\/uploads\/2018\/05\/DSC01213-Matthias-Stahl-dombr.jpg\" data-orig-size=\"833,1280\" data-comments-opened=\"1\" data-image-meta=\"{&quot;aperture&quot;:&quot;2&quot;,&quot;credit&quot;:&quot;&quot;,&quot;camera&quot;:&quot;ILCE-6000&quot;,&quot;caption&quot;:&quot;&quot;,&quot;created_timestamp&quot;:&quot;1527379881&quot;,&quot;copyright&quot;:&quot;&quot;,&quot;focal_length&quot;:&quot;50&quot;,&quot;iso&quot;:&quot;1250&quot;,&quot;shutter_speed&quot;:&quot;0.0125&quot;,&quot;title&quot;:&quot;&quot;,&quot;orientation&quot;:&quot;1&quot;}\" data-image-title=\"DSC01213, Matthias Stahl (dombr)\" data-image-description=\"\" data-medium-file=\"https:\/\/i0.wp.com\/www.jazzzeitung.de\/cms\/wp-content\/uploads\/2018\/05\/DSC01213-Matthias-Stahl-dombr.jpg?fit=195%2C300&#038;ssl=1\" data-large-file=\"https:\/\/i0.wp.com\/www.jazzzeitung.de\/cms\/wp-content\/uploads\/2018\/05\/DSC01213-Matthias-Stahl-dombr.jpg?fit=390%2C600&#038;ssl=1\" src=\"https:\/\/i0.wp.com\/www.jazzzeitung.de\/cms\/wp-content\/uploads\/2018\/05\/DSC01213-Matthias-Stahl-dombr.jpg?w=106&#038;h=163&#038;ssl=1\" srcset=\"https:\/\/i0.wp.com\/www.jazzzeitung.de\/cms\/wp-content\/uploads\/2018\/05\/DSC01213-Matthias-Stahl-dombr.jpg?w=833&amp;ssl=1 833w, https:\/\/i0.wp.com\/www.jazzzeitung.de\/cms\/wp-content\/uploads\/2018\/05\/DSC01213-Matthias-Stahl-dombr.jpg?resize=195%2C300&amp;ssl=1 195w, https:\/\/i0.wp.com\/www.jazzzeitung.de\/cms\/wp-content\/uploads\/2018\/05\/DSC01213-Matthias-Stahl-dombr.jpg?resize=768%2C1180&amp;ssl=1 768w, https:\/\/i0.wp.com\/www.jazzzeitung.de\/cms\/wp-content\/uploads\/2018\/05\/DSC01213-Matthias-Stahl-dombr.jpg?resize=390%2C600&amp;ssl=1 390w, https:\/\/i0.wp.com\/www.jazzzeitung.de\/cms\/wp-content\/uploads\/2018\/05\/DSC01213-Matthias-Stahl-dombr.jpg?resize=600%2C922&amp;ssl=1 600w\" width=\"106\" height=\"163\" loading=\"lazy\" data-original-width=\"106\" data-original-height=\"163\" itemprop=\"http:\/\/schema.org\/image\" title=\"DSC01213, Matthias Stahl (dombr)\" alt=\"Matthias St\u00e5hl. Foto: R. Dombrowski\" style=\"width: 106px; height: 163px;\" \/> <\/a> <div class=\"tiled-gallery-caption\" itemprop=\"caption description\"> Matthias St\u00e5hl. Foto: R. Dombrowski <\/div> <\/div> <\/div> <!-- close group --> <div class=\"gallery-group images-1\" style=\"width: 250px; height: 167px;\" data-original-width=\"250\" data-original-height=\"167\" > <div class=\"tiled-gallery-item tiled-gallery-item-small\" itemprop=\"associatedMedia\" itemscope itemtype=\"http:\/\/schema.org\/ImageObject\"> <a href=\"https:\/\/www.jazzzeitung.de\/cms\/2018\/05\/besondere-wertschaetzung-des-jazz-in-norwegen-eindruecke-vom-nutshell-festival-und-nettjazz-festival\/dsc09931-oyunn-dombr\/\" border=\"0\" itemprop=\"url\"> <meta itemprop=\"width\" content=\"246\"> <meta itemprop=\"height\" content=\"163\"> <img decoding=\"async\" class=\"\" data-attachment-id=\"16207\" data-orig-file=\"https:\/\/www.jazzzeitung.de\/cms\/wp-content\/uploads\/2018\/05\/DSC09931-Oyunn-dombr.jpg\" data-orig-size=\"1280,847\" data-comments-opened=\"1\" data-image-meta=\"{&quot;aperture&quot;:&quot;2&quot;,&quot;credit&quot;:&quot;&quot;,&quot;camera&quot;:&quot;ILCE-6000&quot;,&quot;caption&quot;:&quot;&quot;,&quot;created_timestamp&quot;:&quot;1527114641&quot;,&quot;copyright&quot;:&quot;&quot;,&quot;focal_length&quot;:&quot;50&quot;,&quot;iso&quot;:&quot;1600&quot;,&quot;shutter_speed&quot;:&quot;0.0125&quot;,&quot;title&quot;:&quot;&quot;,&quot;orientation&quot;:&quot;1&quot;}\" data-image-title=\"DSC09931, Oyunn (dombr)\" data-image-description=\"\" data-medium-file=\"https:\/\/i0.wp.com\/www.jazzzeitung.de\/cms\/wp-content\/uploads\/2018\/05\/DSC09931-Oyunn-dombr.jpg?fit=300%2C199&#038;ssl=1\" data-large-file=\"https:\/\/i0.wp.com\/www.jazzzeitung.de\/cms\/wp-content\/uploads\/2018\/05\/DSC09931-Oyunn-dombr.jpg?fit=840%2C556&#038;ssl=1\" src=\"https:\/\/i0.wp.com\/www.jazzzeitung.de\/cms\/wp-content\/uploads\/2018\/05\/DSC09931-Oyunn-dombr.jpg?w=246&#038;h=163&#038;ssl=1\" srcset=\"https:\/\/i0.wp.com\/www.jazzzeitung.de\/cms\/wp-content\/uploads\/2018\/05\/DSC09931-Oyunn-dombr.jpg?w=1280&amp;ssl=1 1280w, https:\/\/i0.wp.com\/www.jazzzeitung.de\/cms\/wp-content\/uploads\/2018\/05\/DSC09931-Oyunn-dombr.jpg?resize=300%2C199&amp;ssl=1 300w, https:\/\/i0.wp.com\/www.jazzzeitung.de\/cms\/wp-content\/uploads\/2018\/05\/DSC09931-Oyunn-dombr.jpg?resize=768%2C508&amp;ssl=1 768w, https:\/\/i0.wp.com\/www.jazzzeitung.de\/cms\/wp-content\/uploads\/2018\/05\/DSC09931-Oyunn-dombr.jpg?resize=900%2C596&amp;ssl=1 900w, https:\/\/i0.wp.com\/www.jazzzeitung.de\/cms\/wp-content\/uploads\/2018\/05\/DSC09931-Oyunn-dombr.jpg?resize=600%2C397&amp;ssl=1 600w, https:\/\/i0.wp.com\/www.jazzzeitung.de\/cms\/wp-content\/uploads\/2018\/05\/DSC09931-Oyunn-dombr.jpg?resize=120%2C80&amp;ssl=1 120w\" width=\"246\" height=\"163\" loading=\"lazy\" data-original-width=\"246\" data-original-height=\"163\" itemprop=\"http:\/\/schema.org\/image\" title=\"DSC09931, Oyunn (dombr)\" alt=\"\u00d8yunn. Foto: R. Dombrowski\" style=\"width: 246px; height: 163px;\" \/> <\/a> <div class=\"tiled-gallery-caption\" itemprop=\"caption description\"> \u00d8yunn. Foto: R. Dombrowski <\/div> <\/div> <\/div> <!-- close group --> <div class=\"gallery-group images-1\" style=\"width: 242px; height: 167px;\" data-original-width=\"242\" data-original-height=\"167\" > <div class=\"tiled-gallery-item tiled-gallery-item-small\" itemprop=\"associatedMedia\" itemscope itemtype=\"http:\/\/schema.org\/ImageObject\"> <a href=\"https:\/\/www.jazzzeitung.de\/cms\/2018\/05\/besondere-wertschaetzung-des-jazz-in-norwegen-eindruecke-vom-nutshell-festival-und-nettjazz-festival\/dsc01023-nils-okland-dombr\/\" border=\"0\" itemprop=\"url\"> <meta itemprop=\"width\" content=\"238\"> <meta itemprop=\"height\" content=\"163\"> <img decoding=\"async\" class=\"\" data-attachment-id=\"16203\" data-orig-file=\"https:\/\/www.jazzzeitung.de\/cms\/wp-content\/uploads\/2018\/05\/DSC01023-Nils-Okland-dombr.jpg\" data-orig-size=\"1280,873\" data-comments-opened=\"1\" data-image-meta=\"{&quot;aperture&quot;:&quot;5.6&quot;,&quot;credit&quot;:&quot;&quot;,&quot;camera&quot;:&quot;ILCE-6000&quot;,&quot;caption&quot;:&quot;&quot;,&quot;created_timestamp&quot;:&quot;1527372637&quot;,&quot;copyright&quot;:&quot;&quot;,&quot;focal_length&quot;:&quot;91&quot;,&quot;iso&quot;:&quot;3200&quot;,&quot;shutter_speed&quot;:&quot;0.01&quot;,&quot;title&quot;:&quot;&quot;,&quot;orientation&quot;:&quot;1&quot;}\" data-image-title=\"DSC01023, Nils Okland (dombr)\" data-image-description=\"\" data-medium-file=\"https:\/\/i0.wp.com\/www.jazzzeitung.de\/cms\/wp-content\/uploads\/2018\/05\/DSC01023-Nils-Okland-dombr.jpg?fit=300%2C205&#038;ssl=1\" data-large-file=\"https:\/\/i0.wp.com\/www.jazzzeitung.de\/cms\/wp-content\/uploads\/2018\/05\/DSC01023-Nils-Okland-dombr.jpg?fit=840%2C573&#038;ssl=1\" src=\"https:\/\/i0.wp.com\/www.jazzzeitung.de\/cms\/wp-content\/uploads\/2018\/05\/DSC01023-Nils-Okland-dombr.jpg?w=238&#038;h=163&#038;ssl=1\" srcset=\"https:\/\/i0.wp.com\/www.jazzzeitung.de\/cms\/wp-content\/uploads\/2018\/05\/DSC01023-Nils-Okland-dombr.jpg?w=1280&amp;ssl=1 1280w, https:\/\/i0.wp.com\/www.jazzzeitung.de\/cms\/wp-content\/uploads\/2018\/05\/DSC01023-Nils-Okland-dombr.jpg?resize=300%2C205&amp;ssl=1 300w, https:\/\/i0.wp.com\/www.jazzzeitung.de\/cms\/wp-content\/uploads\/2018\/05\/DSC01023-Nils-Okland-dombr.jpg?resize=768%2C524&amp;ssl=1 768w, https:\/\/i0.wp.com\/www.jazzzeitung.de\/cms\/wp-content\/uploads\/2018\/05\/DSC01023-Nils-Okland-dombr.jpg?resize=880%2C600&amp;ssl=1 880w, https:\/\/i0.wp.com\/www.jazzzeitung.de\/cms\/wp-content\/uploads\/2018\/05\/DSC01023-Nils-Okland-dombr.jpg?resize=600%2C409&amp;ssl=1 600w\" width=\"238\" height=\"163\" loading=\"lazy\" data-original-width=\"238\" data-original-height=\"163\" itemprop=\"http:\/\/schema.org\/image\" title=\"DSC01023, Nils Okland (dombr)\" alt=\"Nils \u00d8kland, Nils \u00d8kland Band auf dem Nattjazz. Foto: R. Dombrowski\" style=\"width: 238px; height: 163px;\" \/> <\/a> <div class=\"tiled-gallery-caption\" itemprop=\"caption description\"> Nils \u00d8kland, Nils \u00d8kland Band auf dem Nattjazz. Foto: R. Dombrowski <\/div> <\/div> <\/div> <!-- close group --> <\/div> <!-- close row --> <\/div>\n<p>Aber es ging auch anders und emphatischer. Das Trio um den Pianisten H\u00e5vard Wiik zum Beispiel schaffte es, trotz der K\u00fcrze eines Showcase-Konzerts wunderbar viel Witz in die Dekonstruktion des Pianoformats zu packen. Und der Saxofonist Andr\u00e9 Roligheten durfte gleich zweimal seine Rolle als wichtige neue Gestalt in der Modern Szene des Landes bekr\u00e4ftigen, zum einen als bis in freie Spiel hinein navigierender Bandleader seines eigenen Quartetts, das mit sperrigen, sich \u00fcber lange B\u00f6gen entwickelnden Kompositionen an die Siebziger ankn\u00fcpfte. Au\u00dferdem war er einer der beiden Saxofonisten des Quartetts Rune Your Day, das in der Mischung aus pr\u00e4zise entwickelter Arrangementkargheit und Indie-Soundappeal die \u00fcberzeugendste Figur des Nutshell Events machte. Demgegen\u00fcber wirkten die Stars des Er\u00f6ffnungswochenende des Nattjazz Festivals schon beinahe wie Kollegen von gestern. Denn wenn ein Frode Haltli sein Akkordeon auspackte, um atmosph\u00e4rischen Avant Folk anzubieten, oder auch Geiger wie Nils \u00d8kland, Erlend Apneset oder Old Kvernberg ihre Hardanger Fiddle in die Hand nahmen, um mal mehr, mal weniger energisch an der Atmo des Nordens zu schrauben, entsprach das eher dem Soundklischee als die Musik, die die jungen, aus dem Klanginventar der Jazzmoderne sch\u00f6pfenden Musiker und Musikerinnen entwickelten.<\/p>\n<p>Text &amp; Fotos: Ralf Dombrowski<br \/>\nTitelbild: Rune Your Day<\/p>\n","protected":false},"excerpt":{"rendered":"<p>Es hat mehrere Gr\u00fcnde, dass die Jazzwelt die norwegischen K\u00fcnstler gut kennt. Dazu geh\u00f6ren auf der einen Seite nat\u00fcrlich Kreativit\u00e4t, Originalit\u00e4t, spielerisches K\u00f6nnen. Auf der anderen Seite aber lassen sich Institutionen wie Music Norway oder das West Norway Jazz Centre nicht lumpen und veranstalten umfangreiche Events mit internationalen G\u00e4sten, die die K\u00fcnstler aus dem eigenen Land auf besonders nachdr\u00fcckliche Weise vorstellen. Es ist einfach etwas anderes, wenn man, wie im vergangenen Jahr, Trygve Seim sein Solo-Saxofon am Bug eines Wikinger-Bootes spielen h\u00f6rt, w\u00e4hrend das Gef\u00e4hrt gerade einen Fjord entlang schippert. Oder wenn Erland Dahlen, wie in diesem Jahr, sein Schlagzeug vor dem pittoresk verzierten Chor der Vangskyrkja Kirche trommelt. Oder wenn das Indie-Jazz-Quartett Rune Your Day seine karg-energischen Klangr\u00e4ume bei einer Garden Party mit Blick auf den malerischen See von Voss entfaltet. Das Auge h\u00f6rt mit, das Gehirn kodiert angenehme Stimmungen mit der musikalischen Erfahrung, und die Offenheit w\u00e4chst, sich mit ausgerechnet dieser Spielart des europ\u00e4ischen Jazz zu besch\u00e4ftigen. Das kann es nicht alleine sein, aber es ist eindeutig ein spannenderes Gesamtpaket, als eine CD aus dem Posterumschlag zu holen. Au\u00dferdem zeugt es von einer &hellip;<\/p>\n","protected":false},"author":18,"featured_media":16209,"comment_status":"open","ping_status":"closed","sticky":false,"template":"","format":"standard","meta":{"_jetpack_memberships_contains_paid_content":false,"footnotes":"","jetpack_publicize_message":"","jetpack_publicize_feature_enabled":true,"jetpack_social_post_already_shared":false,"jetpack_social_options":{"image_generator_settings":{"template":"highway","default_image_id":0,"font":"","enabled":false},"version":2}},"categories":[1053],"tags":[33,109,3,682,1911,1876,1768,1965,146,1564,1356,1976],"coauthors":[695],"class_list":["post-16193","post","type-post","status-publish","format-standard","has-post-thumbnail","hentry","category-bericht","tag-akkordeon","tag-cd","tag-festival","tag-festivals","tag-fotos","tag-jazz","tag-klaviertrio","tag-quartett","tag-dombrowski","tag-schlagzeug","tag-trio","tag-veranstaltungen"],"yoast_head":"<!-- This site is optimized with the Yoast SEO plugin v27.5 - https:\/\/yoast.com\/product\/yoast-seo-wordpress\/ -->\n<title>Jazzland Norwegen: Eindr\u00fccke vom Nutshell Festival und Nettjazz Festival - JazzZeitung<\/title>\n<meta name=\"robots\" content=\"index, follow, max-snippet:-1, max-image-preview:large, max-video-preview:-1\" \/>\n<link rel=\"canonical\" href=\"https:\/\/www.jazzzeitung.de\/cms\/2018\/05\/besondere-wertschaetzung-des-jazz-in-norwegen-eindruecke-vom-nutshell-festival-und-nettjazz-festival\/\" \/>\n<meta property=\"og:locale\" content=\"de_DE\" \/>\n<meta property=\"og:type\" content=\"article\" \/>\n<meta property=\"og:title\" content=\"Jazzland Norwegen: Eindr\u00fccke vom Nutshell Festival und Nettjazz Festival - JazzZeitung\" \/>\n<meta property=\"og:description\" content=\"Es hat mehrere Gr\u00fcnde, dass die Jazzwelt die norwegischen K\u00fcnstler gut kennt. Dazu geh\u00f6ren auf der einen Seite nat\u00fcrlich Kreativit\u00e4t, Originalit\u00e4t, spielerisches K\u00f6nnen. Auf der anderen Seite aber lassen sich Institutionen wie Music Norway oder das West Norway Jazz Centre nicht lumpen und veranstalten umfangreiche Events mit internationalen G\u00e4sten, die die K\u00fcnstler aus dem eigenen Land auf besonders nachdr\u00fcckliche Weise vorstellen. Es ist einfach etwas anderes, wenn man, wie im vergangenen Jahr, Trygve Seim sein Solo-Saxofon am Bug eines Wikinger-Bootes spielen h\u00f6rt, w\u00e4hrend das Gef\u00e4hrt gerade einen Fjord entlang schippert. Oder wenn Erland Dahlen, wie in diesem Jahr, sein Schlagzeug vor dem pittoresk verzierten Chor der Vangskyrkja Kirche trommelt. Oder wenn das Indie-Jazz-Quartett Rune Your Day seine karg-energischen Klangr\u00e4ume bei einer Garden Party mit Blick auf den malerischen See von Voss entfaltet. Das Auge h\u00f6rt mit, das Gehirn kodiert angenehme Stimmungen mit der musikalischen Erfahrung, und die Offenheit w\u00e4chst, sich mit ausgerechnet dieser Spielart des europ\u00e4ischen Jazz zu besch\u00e4ftigen. Das kann es nicht alleine sein, aber es ist eindeutig ein spannenderes Gesamtpaket, als eine CD aus dem Posterumschlag zu holen. Au\u00dferdem zeugt es von einer &hellip;\" \/>\n<meta property=\"og:url\" content=\"https:\/\/www.jazzzeitung.de\/cms\/2018\/05\/besondere-wertschaetzung-des-jazz-in-norwegen-eindruecke-vom-nutshell-festival-und-nettjazz-festival\/\" \/>\n<meta property=\"og:site_name\" content=\"JazzZeitung\" \/>\n<meta property=\"article:publisher\" content=\"https:\/\/www.facebook.com\/JazzZeitung\/\" \/>\n<meta property=\"article:published_time\" content=\"2018-05-30T09:32:22+00:00\" \/>\n<meta property=\"article:modified_time\" content=\"2018-06-10T09:19:05+00:00\" \/>\n<meta property=\"og:image\" content=\"https:\/\/i0.wp.com\/www.jazzzeitung.de\/cms\/wp-content\/uploads\/2018\/05\/DSC00217-Rune-Your-Day-dombr.jpg?fit=1280%2C846&ssl=1\" \/>\n\t<meta property=\"og:image:width\" content=\"1280\" \/>\n\t<meta property=\"og:image:height\" content=\"846\" \/>\n\t<meta property=\"og:image:type\" content=\"image\/jpeg\" \/>\n<meta name=\"author\" content=\"Redaktion JazzZeitung\" \/>\n<script type=\"application\/ld+json\" class=\"yoast-schema-graph\">{\"@context\":\"https:\\\/\\\/schema.org\",\"@graph\":[{\"@type\":\"Article\",\"@id\":\"https:\\\/\\\/www.jazzzeitung.de\\\/cms\\\/2018\\\/05\\\/besondere-wertschaetzung-des-jazz-in-norwegen-eindruecke-vom-nutshell-festival-und-nettjazz-festival\\\/#article\",\"isPartOf\":{\"@id\":\"https:\\\/\\\/www.jazzzeitung.de\\\/cms\\\/2018\\\/05\\\/besondere-wertschaetzung-des-jazz-in-norwegen-eindruecke-vom-nutshell-festival-und-nettjazz-festival\\\/\"},\"author\":{\"name\":\"Redaktion JazzZeitung\",\"@id\":\"https:\\\/\\\/www.jazzzeitung.de\\\/cms\\\/#\\\/schema\\\/person\\\/2245b36b9cd1d24cea10f01c031fb92b\"},\"headline\":\"Jazzland Norwegen: Eindr\u00fccke vom Nutshell Festival und Nettjazz Festival\",\"datePublished\":\"2018-05-30T09:32:22+00:00\",\"dateModified\":\"2018-06-10T09:19:05+00:00\",\"mainEntityOfPage\":{\"@id\":\"https:\\\/\\\/www.jazzzeitung.de\\\/cms\\\/2018\\\/05\\\/besondere-wertschaetzung-des-jazz-in-norwegen-eindruecke-vom-nutshell-festival-und-nettjazz-festival\\\/\"},\"wordCount\":630,\"commentCount\":0,\"publisher\":{\"@id\":\"https:\\\/\\\/www.jazzzeitung.de\\\/cms\\\/#organization\"},\"image\":{\"@id\":\"https:\\\/\\\/www.jazzzeitung.de\\\/cms\\\/2018\\\/05\\\/besondere-wertschaetzung-des-jazz-in-norwegen-eindruecke-vom-nutshell-festival-und-nettjazz-festival\\\/#primaryimage\"},\"thumbnailUrl\":\"https:\\\/\\\/i0.wp.com\\\/www.jazzzeitung.de\\\/cms\\\/wp-content\\\/uploads\\\/2018\\\/05\\\/DSC00217-Rune-Your-Day-dombr.jpg?fit=1280%2C846&ssl=1\",\"keywords\":[\"Akkordeon\",\"CD\",\"Festival\",\"Festivals\",\"Fotos\",\"Jazz\",\"Klaviertrio\",\"Quartett\",\"Ralf Dombrowski\",\"Schlagzeug\",\"trio\",\"Veranstaltungen\"],\"articleSection\":[\"Bericht\"],\"inLanguage\":\"de\",\"potentialAction\":[{\"@type\":\"CommentAction\",\"name\":\"Comment\",\"target\":[\"https:\\\/\\\/www.jazzzeitung.de\\\/cms\\\/2018\\\/05\\\/besondere-wertschaetzung-des-jazz-in-norwegen-eindruecke-vom-nutshell-festival-und-nettjazz-festival\\\/#respond\"]}]},{\"@type\":\"WebPage\",\"@id\":\"https:\\\/\\\/www.jazzzeitung.de\\\/cms\\\/2018\\\/05\\\/besondere-wertschaetzung-des-jazz-in-norwegen-eindruecke-vom-nutshell-festival-und-nettjazz-festival\\\/\",\"url\":\"https:\\\/\\\/www.jazzzeitung.de\\\/cms\\\/2018\\\/05\\\/besondere-wertschaetzung-des-jazz-in-norwegen-eindruecke-vom-nutshell-festival-und-nettjazz-festival\\\/\",\"name\":\"Jazzland Norwegen: Eindr\u00fccke vom Nutshell Festival und Nettjazz Festival - JazzZeitung\",\"isPartOf\":{\"@id\":\"https:\\\/\\\/www.jazzzeitung.de\\\/cms\\\/#website\"},\"primaryImageOfPage\":{\"@id\":\"https:\\\/\\\/www.jazzzeitung.de\\\/cms\\\/2018\\\/05\\\/besondere-wertschaetzung-des-jazz-in-norwegen-eindruecke-vom-nutshell-festival-und-nettjazz-festival\\\/#primaryimage\"},\"image\":{\"@id\":\"https:\\\/\\\/www.jazzzeitung.de\\\/cms\\\/2018\\\/05\\\/besondere-wertschaetzung-des-jazz-in-norwegen-eindruecke-vom-nutshell-festival-und-nettjazz-festival\\\/#primaryimage\"},\"thumbnailUrl\":\"https:\\\/\\\/i0.wp.com\\\/www.jazzzeitung.de\\\/cms\\\/wp-content\\\/uploads\\\/2018\\\/05\\\/DSC00217-Rune-Your-Day-dombr.jpg?fit=1280%2C846&ssl=1\",\"datePublished\":\"2018-05-30T09:32:22+00:00\",\"dateModified\":\"2018-06-10T09:19:05+00:00\",\"breadcrumb\":{\"@id\":\"https:\\\/\\\/www.jazzzeitung.de\\\/cms\\\/2018\\\/05\\\/besondere-wertschaetzung-des-jazz-in-norwegen-eindruecke-vom-nutshell-festival-und-nettjazz-festival\\\/#breadcrumb\"},\"inLanguage\":\"de\",\"potentialAction\":[{\"@type\":\"ReadAction\",\"target\":[\"https:\\\/\\\/www.jazzzeitung.de\\\/cms\\\/2018\\\/05\\\/besondere-wertschaetzung-des-jazz-in-norwegen-eindruecke-vom-nutshell-festival-und-nettjazz-festival\\\/\"]}]},{\"@type\":\"ImageObject\",\"inLanguage\":\"de\",\"@id\":\"https:\\\/\\\/www.jazzzeitung.de\\\/cms\\\/2018\\\/05\\\/besondere-wertschaetzung-des-jazz-in-norwegen-eindruecke-vom-nutshell-festival-und-nettjazz-festival\\\/#primaryimage\",\"url\":\"https:\\\/\\\/i0.wp.com\\\/www.jazzzeitung.de\\\/cms\\\/wp-content\\\/uploads\\\/2018\\\/05\\\/DSC00217-Rune-Your-Day-dombr.jpg?fit=1280%2C846&ssl=1\",\"contentUrl\":\"https:\\\/\\\/i0.wp.com\\\/www.jazzzeitung.de\\\/cms\\\/wp-content\\\/uploads\\\/2018\\\/05\\\/DSC00217-Rune-Your-Day-dombr.jpg?fit=1280%2C846&ssl=1\",\"width\":1280,\"height\":846},{\"@type\":\"BreadcrumbList\",\"@id\":\"https:\\\/\\\/www.jazzzeitung.de\\\/cms\\\/2018\\\/05\\\/besondere-wertschaetzung-des-jazz-in-norwegen-eindruecke-vom-nutshell-festival-und-nettjazz-festival\\\/#breadcrumb\",\"itemListElement\":[{\"@type\":\"ListItem\",\"position\":1,\"name\":\"Startseite\",\"item\":\"https:\\\/\\\/www.jazzzeitung.de\\\/cms\\\/\"},{\"@type\":\"ListItem\",\"position\":2,\"name\":\"Jazzland Norwegen: Eindr\u00fccke vom Nutshell Festival und Nettjazz Festival\"}]},{\"@type\":\"WebSite\",\"@id\":\"https:\\\/\\\/www.jazzzeitung.de\\\/cms\\\/#website\",\"url\":\"https:\\\/\\\/www.jazzzeitung.de\\\/cms\\\/\",\"name\":\"JazzZeitung\",\"description\":\"Jazz-News und Jazz-Kontroverses\",\"publisher\":{\"@id\":\"https:\\\/\\\/www.jazzzeitung.de\\\/cms\\\/#organization\"},\"potentialAction\":[{\"@type\":\"SearchAction\",\"target\":{\"@type\":\"EntryPoint\",\"urlTemplate\":\"https:\\\/\\\/www.jazzzeitung.de\\\/cms\\\/?s={search_term_string}\"},\"query-input\":{\"@type\":\"PropertyValueSpecification\",\"valueRequired\":true,\"valueName\":\"search_term_string\"}}],\"inLanguage\":\"de\"},{\"@type\":\"Organization\",\"@id\":\"https:\\\/\\\/www.jazzzeitung.de\\\/cms\\\/#organization\",\"name\":\"JazzZeitung online\",\"url\":\"https:\\\/\\\/www.jazzzeitung.de\\\/cms\\\/\",\"logo\":{\"@type\":\"ImageObject\",\"inLanguage\":\"de\",\"@id\":\"https:\\\/\\\/www.jazzzeitung.de\\\/cms\\\/#\\\/schema\\\/logo\\\/image\\\/\",\"url\":\"https:\\\/\\\/i0.wp.com\\\/www.jazzzeitung.de\\\/cms\\\/wp-content\\\/uploads\\\/2015\\\/08\\\/JAZZZEITUNGDE_Logo_Neu.png?fit=499%2C200&ssl=1\",\"contentUrl\":\"https:\\\/\\\/i0.wp.com\\\/www.jazzzeitung.de\\\/cms\\\/wp-content\\\/uploads\\\/2015\\\/08\\\/JAZZZEITUNGDE_Logo_Neu.png?fit=499%2C200&ssl=1\",\"width\":499,\"height\":200,\"caption\":\"JazzZeitung online\"},\"image\":{\"@id\":\"https:\\\/\\\/www.jazzzeitung.de\\\/cms\\\/#\\\/schema\\\/logo\\\/image\\\/\"},\"sameAs\":[\"https:\\\/\\\/www.facebook.com\\\/JazzZeitung\\\/\"]},{\"@type\":\"Person\",\"@id\":\"https:\\\/\\\/www.jazzzeitung.de\\\/cms\\\/#\\\/schema\\\/person\\\/2245b36b9cd1d24cea10f01c031fb92b\",\"name\":\"Redaktion JazzZeitung\",\"image\":{\"@type\":\"ImageObject\",\"inLanguage\":\"de\",\"@id\":\"https:\\\/\\\/i0.wp.com\\\/www.jazzzeitung.de\\\/cms\\\/wp-content\\\/uploads\\\/2015\\\/08\\\/JAZZZEITUNGDE_Logo_Neu.png?resize=96%2C96&ssl=159975dcacb611b5700bd619b5daf0a7a\",\"url\":\"https:\\\/\\\/i0.wp.com\\\/www.jazzzeitung.de\\\/cms\\\/wp-content\\\/uploads\\\/2015\\\/08\\\/JAZZZEITUNGDE_Logo_Neu.png?resize=96%2C96&ssl=1\",\"contentUrl\":\"https:\\\/\\\/i0.wp.com\\\/www.jazzzeitung.de\\\/cms\\\/wp-content\\\/uploads\\\/2015\\\/08\\\/JAZZZEITUNGDE_Logo_Neu.png?resize=96%2C96&ssl=1\",\"caption\":\"Redaktion JazzZeitung\"},\"description\":\"Artikel der Redaktion der JazzZeitung.\",\"sameAs\":[\"http:\\\/\\\/www.jazzzeitung.de\\\/cms\\\/\"],\"url\":\"https:\\\/\\\/www.jazzzeitung.de\\\/cms\\\/author\\\/redaktion\\\/\"}]}<\/script>\n<!-- \/ Yoast SEO plugin. -->","yoast_head_json":{"title":"Jazzland Norwegen: Eindr\u00fccke vom Nutshell Festival und Nettjazz Festival - JazzZeitung","robots":{"index":"index","follow":"follow","max-snippet":"max-snippet:-1","max-image-preview":"max-image-preview:large","max-video-preview":"max-video-preview:-1"},"canonical":"https:\/\/www.jazzzeitung.de\/cms\/2018\/05\/besondere-wertschaetzung-des-jazz-in-norwegen-eindruecke-vom-nutshell-festival-und-nettjazz-festival\/","og_locale":"de_DE","og_type":"article","og_title":"Jazzland Norwegen: Eindr\u00fccke vom Nutshell Festival und Nettjazz Festival - JazzZeitung","og_description":"Es hat mehrere Gr\u00fcnde, dass die Jazzwelt die norwegischen K\u00fcnstler gut kennt. Dazu geh\u00f6ren auf der einen Seite nat\u00fcrlich Kreativit\u00e4t, Originalit\u00e4t, spielerisches K\u00f6nnen. Auf der anderen Seite aber lassen sich Institutionen wie Music Norway oder das West Norway Jazz Centre nicht lumpen und veranstalten umfangreiche Events mit internationalen G\u00e4sten, die die K\u00fcnstler aus dem eigenen Land auf besonders nachdr\u00fcckliche Weise vorstellen. Es ist einfach etwas anderes, wenn man, wie im vergangenen Jahr, Trygve Seim sein Solo-Saxofon am Bug eines Wikinger-Bootes spielen h\u00f6rt, w\u00e4hrend das Gef\u00e4hrt gerade einen Fjord entlang schippert. Oder wenn Erland Dahlen, wie in diesem Jahr, sein Schlagzeug vor dem pittoresk verzierten Chor der Vangskyrkja Kirche trommelt. Oder wenn das Indie-Jazz-Quartett Rune Your Day seine karg-energischen Klangr\u00e4ume bei einer Garden Party mit Blick auf den malerischen See von Voss entfaltet. Das Auge h\u00f6rt mit, das Gehirn kodiert angenehme Stimmungen mit der musikalischen Erfahrung, und die Offenheit w\u00e4chst, sich mit ausgerechnet dieser Spielart des europ\u00e4ischen Jazz zu besch\u00e4ftigen. Das kann es nicht alleine sein, aber es ist eindeutig ein spannenderes Gesamtpaket, als eine CD aus dem Posterumschlag zu holen. Au\u00dferdem zeugt es von einer &hellip;","og_url":"https:\/\/www.jazzzeitung.de\/cms\/2018\/05\/besondere-wertschaetzung-des-jazz-in-norwegen-eindruecke-vom-nutshell-festival-und-nettjazz-festival\/","og_site_name":"JazzZeitung","article_publisher":"https:\/\/www.facebook.com\/JazzZeitung\/","article_published_time":"2018-05-30T09:32:22+00:00","article_modified_time":"2018-06-10T09:19:05+00:00","og_image":[{"width":1280,"height":846,"url":"https:\/\/i0.wp.com\/www.jazzzeitung.de\/cms\/wp-content\/uploads\/2018\/05\/DSC00217-Rune-Your-Day-dombr.jpg?fit=1280%2C846&ssl=1","type":"image\/jpeg"}],"author":"Redaktion JazzZeitung","schema":{"@context":"https:\/\/schema.org","@graph":[{"@type":"Article","@id":"https:\/\/www.jazzzeitung.de\/cms\/2018\/05\/besondere-wertschaetzung-des-jazz-in-norwegen-eindruecke-vom-nutshell-festival-und-nettjazz-festival\/#article","isPartOf":{"@id":"https:\/\/www.jazzzeitung.de\/cms\/2018\/05\/besondere-wertschaetzung-des-jazz-in-norwegen-eindruecke-vom-nutshell-festival-und-nettjazz-festival\/"},"author":{"name":"Redaktion JazzZeitung","@id":"https:\/\/www.jazzzeitung.de\/cms\/#\/schema\/person\/2245b36b9cd1d24cea10f01c031fb92b"},"headline":"Jazzland Norwegen: Eindr\u00fccke vom Nutshell Festival und Nettjazz Festival","datePublished":"2018-05-30T09:32:22+00:00","dateModified":"2018-06-10T09:19:05+00:00","mainEntityOfPage":{"@id":"https:\/\/www.jazzzeitung.de\/cms\/2018\/05\/besondere-wertschaetzung-des-jazz-in-norwegen-eindruecke-vom-nutshell-festival-und-nettjazz-festival\/"},"wordCount":630,"commentCount":0,"publisher":{"@id":"https:\/\/www.jazzzeitung.de\/cms\/#organization"},"image":{"@id":"https:\/\/www.jazzzeitung.de\/cms\/2018\/05\/besondere-wertschaetzung-des-jazz-in-norwegen-eindruecke-vom-nutshell-festival-und-nettjazz-festival\/#primaryimage"},"thumbnailUrl":"https:\/\/i0.wp.com\/www.jazzzeitung.de\/cms\/wp-content\/uploads\/2018\/05\/DSC00217-Rune-Your-Day-dombr.jpg?fit=1280%2C846&ssl=1","keywords":["Akkordeon","CD","Festival","Festivals","Fotos","Jazz","Klaviertrio","Quartett","Ralf Dombrowski","Schlagzeug","trio","Veranstaltungen"],"articleSection":["Bericht"],"inLanguage":"de","potentialAction":[{"@type":"CommentAction","name":"Comment","target":["https:\/\/www.jazzzeitung.de\/cms\/2018\/05\/besondere-wertschaetzung-des-jazz-in-norwegen-eindruecke-vom-nutshell-festival-und-nettjazz-festival\/#respond"]}]},{"@type":"WebPage","@id":"https:\/\/www.jazzzeitung.de\/cms\/2018\/05\/besondere-wertschaetzung-des-jazz-in-norwegen-eindruecke-vom-nutshell-festival-und-nettjazz-festival\/","url":"https:\/\/www.jazzzeitung.de\/cms\/2018\/05\/besondere-wertschaetzung-des-jazz-in-norwegen-eindruecke-vom-nutshell-festival-und-nettjazz-festival\/","name":"Jazzland Norwegen: Eindr\u00fccke vom Nutshell Festival und Nettjazz Festival - JazzZeitung","isPartOf":{"@id":"https:\/\/www.jazzzeitung.de\/cms\/#website"},"primaryImageOfPage":{"@id":"https:\/\/www.jazzzeitung.de\/cms\/2018\/05\/besondere-wertschaetzung-des-jazz-in-norwegen-eindruecke-vom-nutshell-festival-und-nettjazz-festival\/#primaryimage"},"image":{"@id":"https:\/\/www.jazzzeitung.de\/cms\/2018\/05\/besondere-wertschaetzung-des-jazz-in-norwegen-eindruecke-vom-nutshell-festival-und-nettjazz-festival\/#primaryimage"},"thumbnailUrl":"https:\/\/i0.wp.com\/www.jazzzeitung.de\/cms\/wp-content\/uploads\/2018\/05\/DSC00217-Rune-Your-Day-dombr.jpg?fit=1280%2C846&ssl=1","datePublished":"2018-05-30T09:32:22+00:00","dateModified":"2018-06-10T09:19:05+00:00","breadcrumb":{"@id":"https:\/\/www.jazzzeitung.de\/cms\/2018\/05\/besondere-wertschaetzung-des-jazz-in-norwegen-eindruecke-vom-nutshell-festival-und-nettjazz-festival\/#breadcrumb"},"inLanguage":"de","potentialAction":[{"@type":"ReadAction","target":["https:\/\/www.jazzzeitung.de\/cms\/2018\/05\/besondere-wertschaetzung-des-jazz-in-norwegen-eindruecke-vom-nutshell-festival-und-nettjazz-festival\/"]}]},{"@type":"ImageObject","inLanguage":"de","@id":"https:\/\/www.jazzzeitung.de\/cms\/2018\/05\/besondere-wertschaetzung-des-jazz-in-norwegen-eindruecke-vom-nutshell-festival-und-nettjazz-festival\/#primaryimage","url":"https:\/\/i0.wp.com\/www.jazzzeitung.de\/cms\/wp-content\/uploads\/2018\/05\/DSC00217-Rune-Your-Day-dombr.jpg?fit=1280%2C846&ssl=1","contentUrl":"https:\/\/i0.wp.com\/www.jazzzeitung.de\/cms\/wp-content\/uploads\/2018\/05\/DSC00217-Rune-Your-Day-dombr.jpg?fit=1280%2C846&ssl=1","width":1280,"height":846},{"@type":"BreadcrumbList","@id":"https:\/\/www.jazzzeitung.de\/cms\/2018\/05\/besondere-wertschaetzung-des-jazz-in-norwegen-eindruecke-vom-nutshell-festival-und-nettjazz-festival\/#breadcrumb","itemListElement":[{"@type":"ListItem","position":1,"name":"Startseite","item":"https:\/\/www.jazzzeitung.de\/cms\/"},{"@type":"ListItem","position":2,"name":"Jazzland Norwegen: Eindr\u00fccke vom Nutshell Festival und Nettjazz Festival"}]},{"@type":"WebSite","@id":"https:\/\/www.jazzzeitung.de\/cms\/#website","url":"https:\/\/www.jazzzeitung.de\/cms\/","name":"JazzZeitung","description":"Jazz-News und Jazz-Kontroverses","publisher":{"@id":"https:\/\/www.jazzzeitung.de\/cms\/#organization"},"potentialAction":[{"@type":"SearchAction","target":{"@type":"EntryPoint","urlTemplate":"https:\/\/www.jazzzeitung.de\/cms\/?s={search_term_string}"},"query-input":{"@type":"PropertyValueSpecification","valueRequired":true,"valueName":"search_term_string"}}],"inLanguage":"de"},{"@type":"Organization","@id":"https:\/\/www.jazzzeitung.de\/cms\/#organization","name":"JazzZeitung online","url":"https:\/\/www.jazzzeitung.de\/cms\/","logo":{"@type":"ImageObject","inLanguage":"de","@id":"https:\/\/www.jazzzeitung.de\/cms\/#\/schema\/logo\/image\/","url":"https:\/\/i0.wp.com\/www.jazzzeitung.de\/cms\/wp-content\/uploads\/2015\/08\/JAZZZEITUNGDE_Logo_Neu.png?fit=499%2C200&ssl=1","contentUrl":"https:\/\/i0.wp.com\/www.jazzzeitung.de\/cms\/wp-content\/uploads\/2015\/08\/JAZZZEITUNGDE_Logo_Neu.png?fit=499%2C200&ssl=1","width":499,"height":200,"caption":"JazzZeitung online"},"image":{"@id":"https:\/\/www.jazzzeitung.de\/cms\/#\/schema\/logo\/image\/"},"sameAs":["https:\/\/www.facebook.com\/JazzZeitung\/"]},{"@type":"Person","@id":"https:\/\/www.jazzzeitung.de\/cms\/#\/schema\/person\/2245b36b9cd1d24cea10f01c031fb92b","name":"Redaktion JazzZeitung","image":{"@type":"ImageObject","inLanguage":"de","@id":"https:\/\/i0.wp.com\/www.jazzzeitung.de\/cms\/wp-content\/uploads\/2015\/08\/JAZZZEITUNGDE_Logo_Neu.png?resize=96%2C96&ssl=159975dcacb611b5700bd619b5daf0a7a","url":"https:\/\/i0.wp.com\/www.jazzzeitung.de\/cms\/wp-content\/uploads\/2015\/08\/JAZZZEITUNGDE_Logo_Neu.png?resize=96%2C96&ssl=1","contentUrl":"https:\/\/i0.wp.com\/www.jazzzeitung.de\/cms\/wp-content\/uploads\/2015\/08\/JAZZZEITUNGDE_Logo_Neu.png?resize=96%2C96&ssl=1","caption":"Redaktion JazzZeitung"},"description":"Artikel der Redaktion der JazzZeitung.","sameAs":["http:\/\/www.jazzzeitung.de\/cms\/"],"url":"https:\/\/www.jazzzeitung.de\/cms\/author\/redaktion\/"}]}},"wp-worthy-pixel":{"ignored":false,"public":null,"server":null,"url":null},"wp-worthy-type":"normal","jetpack_publicize_connections":[],"cc_featured_image_caption":{"caption_text":"","source_text":"","source_url":""},"jetpack_featured_media_url":"https:\/\/i0.wp.com\/www.jazzzeitung.de\/cms\/wp-content\/uploads\/2018\/05\/DSC00217-Rune-Your-Day-dombr.jpg?fit=1280%2C846&ssl=1","jetpack_shortlink":"https:\/\/wp.me\/p3KEcT-4db","jetpack-related-posts":[{"id":16599,"url":"https:\/\/www.jazzzeitung.de\/cms\/2018\/07\/wo-jazzer-neues-schaffen\/","url_meta":{"origin":16193,"position":0},"title":"Nordlichter in S\u00fcdtirol &#8211; ein Festival f\u00fcr Entdecker","author":"Redaktion JazzZeitung","date":"10. Juli 2018","format":false,"excerpt":"Grob gesagt gibt es zwei Typen von Jazzh\u00f6rern: Die einen wollen das h\u00f6ren, was sie schon immer geh\u00f6rt haben. Im Extremfall reisen sie ihren Idolen von Konzert zu Konzert, von Stadt zu Stadt nach. Besonders beliebt sind Klavier-Ikonen wie Keith Jarrett, Brad Mehldau, Herbie Hancock oder Jamie Cullum. Aber auch\u2026","rel":"","context":"In &quot;Bericht&quot;","block_context":{"text":"Bericht","link":"https:\/\/www.jazzzeitung.de\/cms\/thema\/bericht\/"},"img":{"alt_text":"","src":"https:\/\/i0.wp.com\/www.jazzzeitung.de\/cms\/wp-content\/uploads\/2018\/07\/024_Elifantree%C2%A9FotovanLoon.jpg?fit=1200%2C799&ssl=1&resize=350%2C200","width":350,"height":200,"srcset":"https:\/\/i0.wp.com\/www.jazzzeitung.de\/cms\/wp-content\/uploads\/2018\/07\/024_Elifantree%C2%A9FotovanLoon.jpg?fit=1200%2C799&ssl=1&resize=350%2C200 1x, https:\/\/i0.wp.com\/www.jazzzeitung.de\/cms\/wp-content\/uploads\/2018\/07\/024_Elifantree%C2%A9FotovanLoon.jpg?fit=1200%2C799&ssl=1&resize=525%2C300 1.5x, https:\/\/i0.wp.com\/www.jazzzeitung.de\/cms\/wp-content\/uploads\/2018\/07\/024_Elifantree%C2%A9FotovanLoon.jpg?fit=1200%2C799&ssl=1&resize=700%2C400 2x, https:\/\/i0.wp.com\/www.jazzzeitung.de\/cms\/wp-content\/uploads\/2018\/07\/024_Elifantree%C2%A9FotovanLoon.jpg?fit=1200%2C799&ssl=1&resize=1050%2C600 3x"},"classes":[]},{"id":28566,"url":"https:\/\/www.jazzzeitung.de\/cms\/2022\/10\/sparks-and-visions-festival-regensburg\/","url_meta":{"origin":16193,"position":1},"title":"Neu! Das Sparks &#038; Visions Festival Regensburg","author":"Redaktion JazzZeitung","date":"28. Oktober 2022","format":false,"excerpt":"Vom 27. bis 29. Januar 2023 findet im Theater Regensburg erstmals das internationale Jazzfestival Sparks & Visions statt. Anl\u00e4sslich dessen hat Patrick Erb mit der Veranstalterin und k\u00fcnstlerischen Leiterin, Anastasia Wolkenstein, gesprochen. Sie haben Ihr Festival Sparks & Visions genannt, also in etwa \u201eFunken & Visionen\/Blicke\/Traumbilder\u201c. Was bedeutet der Titel?\u2026","rel":"","context":"In &quot;Bericht&quot;","block_context":{"text":"Bericht","link":"https:\/\/www.jazzzeitung.de\/cms\/thema\/bericht\/"},"img":{"alt_text":"","src":"https:\/\/i0.wp.com\/www.jazzzeitung.de\/cms\/wp-content\/uploads\/2022\/10\/Anastasia-Wolkenstein_credit-PeterHundert_012_2400px-web-sRGB.jpg?fit=1200%2C800&ssl=1&resize=350%2C200","width":350,"height":200,"srcset":"https:\/\/i0.wp.com\/www.jazzzeitung.de\/cms\/wp-content\/uploads\/2022\/10\/Anastasia-Wolkenstein_credit-PeterHundert_012_2400px-web-sRGB.jpg?fit=1200%2C800&ssl=1&resize=350%2C200 1x, https:\/\/i0.wp.com\/www.jazzzeitung.de\/cms\/wp-content\/uploads\/2022\/10\/Anastasia-Wolkenstein_credit-PeterHundert_012_2400px-web-sRGB.jpg?fit=1200%2C800&ssl=1&resize=525%2C300 1.5x, https:\/\/i0.wp.com\/www.jazzzeitung.de\/cms\/wp-content\/uploads\/2022\/10\/Anastasia-Wolkenstein_credit-PeterHundert_012_2400px-web-sRGB.jpg?fit=1200%2C800&ssl=1&resize=700%2C400 2x, https:\/\/i0.wp.com\/www.jazzzeitung.de\/cms\/wp-content\/uploads\/2022\/10\/Anastasia-Wolkenstein_credit-PeterHundert_012_2400px-web-sRGB.jpg?fit=1200%2C800&ssl=1&resize=1050%2C600 3x"},"classes":[]},{"id":26117,"url":"https:\/\/www.jazzzeitung.de\/cms\/2021\/11\/classical-beyond-festival-zeigt-stummfilme-mit-live-musik-euphorium-internationales-mini-festival-fuer-zeitgenoessisch-improvisierte-musik-3-tage-jazz-beim-jazzfestival-saalfelden\/","url_meta":{"origin":16193,"position":2},"title":"+++ Classical &#038; Beyond Festival zeigt Stummfilme mit Live-Musik +++ EUPHORIUM: Internationales Mini-Festival f\u00fcr zeitgen\u00f6ssisch improvisierte Musik +++ 3 Tage Jazz beim Jazzfestival Saalfelden +++","author":"Redaktion JazzZeitung","date":"9. November 2021","format":false,"excerpt":"+++ Festival Classical & Beyond in Ottobrunn +++ Beim vierten Classical & Beyond Festival am 12. & 13. November im Wolf-Ferrari Haus in Ottobrunn werden ungew\u00f6hnliche Konzertbesetzungen und kreative K\u00fcnstlerinnen und K\u00fcnstler pr\u00e4sentiert. Dieses Jahr erklingt an den beiden Abenden um jeweils 20 Uhr Live-Musik zu Stummfilmklassikern. Am Freitag, dem\u2026","rel":"","context":"In &quot;News&quot;","block_context":{"text":"News","link":"https:\/\/www.jazzzeitung.de\/cms\/thema\/nachrichten\/"},"img":{"alt_text":"","src":"https:\/\/i0.wp.com\/www.jazzzeitung.de\/cms\/wp-content\/uploads\/2021\/11\/VICTHAMIN-3_Reza-Majdodin-scaled.jpg?fit=1200%2C768&ssl=1&resize=350%2C200","width":350,"height":200,"srcset":"https:\/\/i0.wp.com\/www.jazzzeitung.de\/cms\/wp-content\/uploads\/2021\/11\/VICTHAMIN-3_Reza-Majdodin-scaled.jpg?fit=1200%2C768&ssl=1&resize=350%2C200 1x, https:\/\/i0.wp.com\/www.jazzzeitung.de\/cms\/wp-content\/uploads\/2021\/11\/VICTHAMIN-3_Reza-Majdodin-scaled.jpg?fit=1200%2C768&ssl=1&resize=525%2C300 1.5x, https:\/\/i0.wp.com\/www.jazzzeitung.de\/cms\/wp-content\/uploads\/2021\/11\/VICTHAMIN-3_Reza-Majdodin-scaled.jpg?fit=1200%2C768&ssl=1&resize=700%2C400 2x, https:\/\/i0.wp.com\/www.jazzzeitung.de\/cms\/wp-content\/uploads\/2021\/11\/VICTHAMIN-3_Reza-Majdodin-scaled.jpg?fit=1200%2C768&ssl=1&resize=1050%2C600 3x"},"classes":[]},{"id":5220,"url":"https:\/\/www.jazzzeitung.de\/cms\/2015\/01\/breaking-news-vinyl-verkaufszahlen-hoch-wie-nie-grammies-fuer-die-lebenswerke-wayne-shorters-und-george-weins-neue-funktionen-auf-nrwjazz-net\/","url_meta":{"origin":16193,"position":3},"title":"Breaking News +++ Vinyl-Verkaufszahlen hoch wie nie +++ Grammies f\u00fcr die Lebenswerke Wayne Shorters und George Weins +++ Neue Funktionen auf nrwjazz.net +++","author":"Redaktion JazzZeitung","date":"14. Januar 2015","format":false,"excerpt":"Seit das Marktforschungsunternehmen Nielsen Soundscan 1991 damit begann, Vinyl-Verkaufszahlen zu erfassen, war der Absatz noch nie so gro\u00df wie im Jahr 2014. Allein in den USA wurden 9,2 Millionen Schallplatten verkauft. Seit 2008 h\u00e4lt nun dieser \u00fcberraschende Trend an. Auch die Jazz-K\u00fcnstler kommen nicht um die schwarzen Platten herum: Popul\u00e4re\u2026","rel":"","context":"In &quot;News&quot;","block_context":{"text":"News","link":"https:\/\/www.jazzzeitung.de\/cms\/thema\/nachrichten\/"},"img":{"alt_text":"Comeback f\u00fcr Black. Foto: Julian Krenz ","src":"https:\/\/i0.wp.com\/www.jazzzeitung.de\/cms\/wp-content\/uploads\/2015\/01\/Jazzzeitung-150x150.jpg?resize=350%2C200","width":350,"height":200},"classes":[]},{"id":8662,"url":"https:\/\/www.jazzzeitung.de\/cms\/2016\/03\/feinster-jazz-bonn-und-der-pfalz\/","url_meta":{"origin":16193,"position":4},"title":"Feinster Jazz in der Pfalz und in Bonn","author":"Redaktion JazzZeitung","date":"9. M\u00e4rz 2016","format":false,"excerpt":"Im Zeitraum vom 25. Juni bis 30. Juli 2016 findet das 20-j\u00e4hrige Jubil\u00e4um des Palatia Jazz Festivals an den sch\u00f6nsten historischen Spielst\u00e4tten in der Weinpfalz statt. Internationale und deutsche Jazzensembles bieten ein aufregendes Musikprogramm und zum Einlass gibt es jeweils ein kleines Jazzkulinarium, bei welchem sich jeder Gast mit Wein\u2026","rel":"","context":"In &quot;News&quot;","block_context":{"text":"News","link":"https:\/\/www.jazzzeitung.de\/cms\/thema\/nachrichten\/"},"img":{"alt_text":"","src":"https:\/\/i0.wp.com\/www.jazzzeitung.de\/cms\/wp-content\/uploads\/2016\/03\/160625_main_contrabass_01.jpg?fit=1200%2C821&ssl=1&resize=350%2C200","width":350,"height":200,"srcset":"https:\/\/i0.wp.com\/www.jazzzeitung.de\/cms\/wp-content\/uploads\/2016\/03\/160625_main_contrabass_01.jpg?fit=1200%2C821&ssl=1&resize=350%2C200 1x, https:\/\/i0.wp.com\/www.jazzzeitung.de\/cms\/wp-content\/uploads\/2016\/03\/160625_main_contrabass_01.jpg?fit=1200%2C821&ssl=1&resize=525%2C300 1.5x, https:\/\/i0.wp.com\/www.jazzzeitung.de\/cms\/wp-content\/uploads\/2016\/03\/160625_main_contrabass_01.jpg?fit=1200%2C821&ssl=1&resize=700%2C400 2x, https:\/\/i0.wp.com\/www.jazzzeitung.de\/cms\/wp-content\/uploads\/2016\/03\/160625_main_contrabass_01.jpg?fit=1200%2C821&ssl=1&resize=1050%2C600 3x"},"classes":[]},{"id":23240,"url":"https:\/\/www.jazzzeitung.de\/cms\/2020\/08\/auf-sicht-in-die-zukunft-fahren-das-aussergewoehnliche-look-into-the-future-iii-festival-in-burghausen\/","url_meta":{"origin":16193,"position":5},"title":"Auf Sicht in die Zukunft fahren \u2013 Das au\u00dfergew\u00f6hnliche \u201eLook Into The Future III\u201c-Festival in Burghausen","author":"Redaktion JazzZeitung","date":"26. August 2020","format":false,"excerpt":"Einen viel aktuelleren Festivaltitel kann man derzeit wohl kaum finden als \u201eLook Into The Future\u201c. So nennen die Br\u00fcder Johannes Tonio und Cornelius Claudio Kreusch das seit drei Jahren von ihnen f\u00fcr die Stadt Burghausen kuratierte Format, das aktuelle Musik aus allen Genres mit anderen Kunstgattungen im eindrucksvollen Ambiente des\u2026","rel":"","context":"In &quot;Bericht&quot;","block_context":{"text":"Bericht","link":"https:\/\/www.jazzzeitung.de\/cms\/thema\/bericht\/"},"img":{"alt_text":"","src":"https:\/\/i0.wp.com\/www.jazzzeitung.de\/cms\/wp-content\/uploads\/2020\/08\/IFFM3-2-rotated.jpg?fit=1200%2C600&ssl=1&resize=350%2C200","width":350,"height":200,"srcset":"https:\/\/i0.wp.com\/www.jazzzeitung.de\/cms\/wp-content\/uploads\/2020\/08\/IFFM3-2-rotated.jpg?fit=1200%2C600&ssl=1&resize=350%2C200 1x, https:\/\/i0.wp.com\/www.jazzzeitung.de\/cms\/wp-content\/uploads\/2020\/08\/IFFM3-2-rotated.jpg?fit=1200%2C600&ssl=1&resize=525%2C300 1.5x, https:\/\/i0.wp.com\/www.jazzzeitung.de\/cms\/wp-content\/uploads\/2020\/08\/IFFM3-2-rotated.jpg?fit=1200%2C600&ssl=1&resize=700%2C400 2x, https:\/\/i0.wp.com\/www.jazzzeitung.de\/cms\/wp-content\/uploads\/2020\/08\/IFFM3-2-rotated.jpg?fit=1200%2C600&ssl=1&resize=1050%2C600 3x"},"classes":[]}],"jetpack_sharing_enabled":true,"_links":{"self":[{"href":"https:\/\/www.jazzzeitung.de\/cms\/wp-json\/wp\/v2\/posts\/16193","targetHints":{"allow":["GET"]}}],"collection":[{"href":"https:\/\/www.jazzzeitung.de\/cms\/wp-json\/wp\/v2\/posts"}],"about":[{"href":"https:\/\/www.jazzzeitung.de\/cms\/wp-json\/wp\/v2\/types\/post"}],"author":[{"embeddable":true,"href":"https:\/\/www.jazzzeitung.de\/cms\/wp-json\/wp\/v2\/users\/18"}],"replies":[{"embeddable":true,"href":"https:\/\/www.jazzzeitung.de\/cms\/wp-json\/wp\/v2\/comments?post=16193"}],"version-history":[{"count":5,"href":"https:\/\/www.jazzzeitung.de\/cms\/wp-json\/wp\/v2\/posts\/16193\/revisions"}],"predecessor-version":[{"id":16216,"href":"https:\/\/www.jazzzeitung.de\/cms\/wp-json\/wp\/v2\/posts\/16193\/revisions\/16216"}],"wp:featuredmedia":[{"embeddable":true,"href":"https:\/\/www.jazzzeitung.de\/cms\/wp-json\/wp\/v2\/media\/16209"}],"wp:attachment":[{"href":"https:\/\/www.jazzzeitung.de\/cms\/wp-json\/wp\/v2\/media?parent=16193"}],"wp:term":[{"taxonomy":"category","embeddable":true,"href":"https:\/\/www.jazzzeitung.de\/cms\/wp-json\/wp\/v2\/categories?post=16193"},{"taxonomy":"post_tag","embeddable":true,"href":"https:\/\/www.jazzzeitung.de\/cms\/wp-json\/wp\/v2\/tags?post=16193"},{"taxonomy":"author","embeddable":true,"href":"https:\/\/www.jazzzeitung.de\/cms\/wp-json\/wp\/v2\/coauthors?post=16193"}],"curies":[{"name":"wp","href":"https:\/\/api.w.org\/{rel}","templated":true}]}}