{"id":16189,"date":"2018-06-03T12:00:32","date_gmt":"2018-06-03T10:00:32","guid":{"rendered":"https:\/\/www.jazzzeitung.de\/cms\/?p=16189"},"modified":"2018-05-28T19:06:08","modified_gmt":"2018-05-28T17:06:08","slug":"die-jazz-radiowoche-vom-04-06-bis-10-06-2018","status":"publish","type":"post","link":"https:\/\/www.jazzzeitung.de\/cms\/2018\/06\/die-jazz-radiowoche-vom-04-06-bis-10-06-2018\/","title":{"rendered":"Die Jazz-Radiowoche vom 04.06. bis 10.06.2018"},"content":{"rendered":"<p>Ein kleiner Blick in die Jazzwoche 23 im Radio. Mit unserem besonderen Service: Frauen im Jazz \u2013 in dieser Woche einen Hauch besser. Knapp vier Eintr\u00e4ge!<\/p>\n<ul>\n<li>06.18 | 22:04 bis 00:00 | WDR 3<br \/>\n<strong>WDR 3 Jazz &amp; World: Sarah Vaughan at Mister Kelly\u00b4s, Chicago<\/strong><\/li>\n<li>06.28 | 19:35 bis 20:00 | MDR Kultur<br \/>\n<strong>MDR KULTUR \u2013 Jazz Lounge: Peggy Lee, Vocal<\/strong><\/li>\n<li>06.18 | 19:04 bis 20:00 | hr2-kultur<br \/>\n<strong>Live Jazz: Angelika Niescier feat. Tyshawn Sorey (Albert-Mangelsdorff-Preisverleihungs-Konzert)<\/strong><\/li>\n<li>06.18 | 23.04 \u2013 24.00 | rbb-kulturradio<br \/>\n<strong>Late Night Jazz: Jazzfest Berlin 2017 \u2013 Berlin-London Conversations 3<\/strong><\/li>\n<\/ul>\n<p>Die \u00dcbersicht zum <a href=\"https:\/\/service.conbrio.de\/service\/download\/278\/\">Download als PDF<\/a>. Alle Angaben ohne Gew\u00e4hr.<\/p>\n<hr \/>\n<h2>Jazz im Radio (Fernsehen)<\/h2>\n<ul>\n<li><strong>SR2<\/strong> \u2013 <a href=\"http:\/\/www.sr.de\/sr\/sr2\/sendungen_a-z\/uebersicht\/jazznow\/index.html\">JazzNow<\/a> \u2013 Sonntags von 20.04 bis 22.30 Uhr<\/li>\n<li><strong>BR-KLASSIK \u2013 <\/strong><a href=\"https:\/\/www.br-klassik.de\/themen\/jazz-und-weltmusik\/jazztime-die-ganze-welt-des-jazz-100.html\">Jazztime<\/a><strong> \u2013 <\/strong>Von Montag bis Freitag t\u00e4glich um 23.05 Uhr<\/li>\n<li><strong>rbb-kulturradio<\/strong> \u2013 <a href=\"https:\/\/www.kulturradio.de\/programm\/schema\/sendungen\/late_night_jazz.html\">Late Night Jazz<\/a> \u2013 Sa und So 23:04 \u2013 24:00 Uhr<\/li>\n<li><strong>hr2-kultur<\/strong> \u2013 <a href=\"http:\/\/www.hr2.de\/musik\/jazz\/index.html\">Jazz in hr2-kultur<\/a> \u2013 t\u00e4glich<\/li>\n<li><strong>SWR2<\/strong> \u2013 <a href=\"https:\/\/www.swr.de\/swr2\/programm\/sendungen\/jazz\/startseite-mit-vorschau\/-\/id=659242\/did=13778140\/nid=659242\/13ttn4d\/index.html\">Jazz<\/a> \u2013 t\u00e4glich<\/li>\n<li><strong>WDR3<\/strong> \u2013 <a href=\"http:\/\/www1.wdr.de\/radio\/wdr3\/programm\/sendungen\/wdr3-jazz-world\/index.html\">JAZZ &amp; WORLD<\/a> \u2013 Improvisiertes zum Tagesausklang \u2013 Montag bis Freitag, 22.04 \u2013 0:00 Uhr<\/li>\n<li><strong>Deutschlandfunk<\/strong> \u2013 <a href=\"http:\/\/www.deutschlandfunk.de\/jazz.747.de.html\">Jazz (\u00dcberblick)<\/a> \u2013 <a href=\"http:\/\/www.deutschlandfunk.de\/jazz-live.822.de.html\">Jazz Live<\/a>, <a href=\"http:\/\/www.deutschlandfunk.de\/jazzfacts.824.de.html\">JazzFacts<\/a> und <a href=\"http:\/\/www.deutschlandfunk.de\/milestones.1805.de.html\">Milestones<\/a><\/li>\n<li><strong>Deutschlandfunk Kultur<\/strong> \u2013 <a href=\"http:\/\/www.deutschlandfunkkultur.de\/jazz.1142.de.html\">Jazz<\/a> \u2013 diverse Sendetermine<\/li>\n<li><strong>ARTE TV<\/strong> \u2013 <a href=\"https:\/\/www.arte.tv\/de\/videos\/arte-concert\/jazz\/?xtor=AD-6-%5bMV_CFR_ARTE_DE_Google_GEN_GDN%5d-%5bGDN_GEN_Arte_Concerts_Jazz%5d-C-%5bjazz%20musik%5d\">Jazz<\/a><\/li>\n<\/ul>\n<hr \/>\n<h2>04.06.2018<\/h2>\n<hr \/>\n<p>17:50 bis 18:00 | SWR 2<br \/>\n<strong>SWR2 Jazz vor Sechs<\/strong><\/p>\n<p>19:04 bis 20:00 | hr2-kultur<br \/>\n<strong>H\u00f6rbar: Musik grenzenlos<\/strong><\/p>\n<p>19:35 bis 20:00 | MDR Kultur<br \/>\n<strong>MDR KULTUR \u2013 Jazz Lounge: Rod Stewart, Vocal<\/strong><\/p>\n<p>20:05 bis 22:00 | MDR Kultur<br \/>\n<strong>MDR KULTUR im Konzert: My Name Is Prince \u2013 Erinnerungen zum 60. <\/strong><strong>Geburtstag<\/strong><\/p>\n<p>22:04 bis 00:00 | WDR 3<br \/>\n<strong>WDR 3 Jazz &amp; World: Sarah Vaughan at Mister Kelly\u00b4s, Chicago<\/strong><\/p>\n<p style=\"padding-left: 30px;\">Aufnahmen vom 6. bis 8. August 1957 aus dem Mr. Kelly\u00b4s Jazz Club, Chicago<\/p>\n<p>22:05 bis 23:00 | NDR Info<br \/>\n<strong>Play Jazz!Das Jazzmagazin \u2013 Mit Thomas Haak<\/strong><\/p>\n<p style=\"padding-left: 30px;\">Das Magazin aus der Welt des Jazz. Auf dem Programm stehen aktuelle CDs (darunter das \u201eAlbum der Woche\u201c) und Klassiker, Portr\u00e4ts von K\u00fcnstlern und Plattenfirmen, Konzerte, B\u00fccher und Filme.<\/p>\n<p style=\"padding-left: 30px;\">Play Jazz! sp\u00fcrt Trends nach und erinnert in der Rubrik \u201eRemember\u201c an die gro\u00dfen Momente der Jazzgeschichte. Im \u201eFenster nach Europa\u201c gibt es regelm\u00e4\u00dfig H\u00f6hepunkte von allen bedeutenden europ\u00e4ischen Jazzfestivals.<\/p>\n<p style=\"padding-left: 30px;\">Play Jazz! blickt auf die Jazz Szene im Sendegebiet und informiert in Interviews und Reportagen \u00fcber die Arbeit von Clubs, Jazzinitiativen und Festivals in Norddeutschland.<\/p>\n<p>22:30 bis 23:00 | hr2-kultur<br \/>\n<strong>Jazz Now: Aus dem Dschungel der Neuver\u00f6ffentlichungen<\/strong><\/p>\n<p style=\"padding-left: 30px;\">Am Mikrofon: Guenter Hottmann. Heute mit: Paulo Morello: Sambop | Alfredo Rodriguez: The Little Dream | Duduka Da Fonseca: Duduka Da Fonseca plays Dom Salvador | Stefano Bollani: Que bom | Rom\u00e1n Fili\u00fa: Quarteria | Sonny Troup\u00e9 Quartet Add 2: Refelts Denses |<\/p>\n<p>23:05 bis 00:00 | BR-KLASSIK<br \/>\n<strong>Jazztime: Jazztoday: Zum 70. Geburtstag des Saxophonisten Paquito D&#8217;Rivera<\/strong><\/p>\n<hr \/>\n<h2>05.06.2018<\/h2>\n<hr \/>\n<p>01:05 bis 05:00 | Deutschlandfunk Kultur<br \/>\n<strong>Tonart: Jazz \u2013 Moderation: Vincent Neumann<\/strong><\/p>\n<p>17:50 bis 18:00 | SWR 2<br \/>\n<strong>SWR2 Jazz vor Sechs<\/strong><\/p>\n<p>19:35 bis 20:00 | MDR Kultur<br \/>\n<strong>MDR KULTUR \u2013 Jazz Lounge: Mix<\/strong><\/p>\n<p>21:03 bis 22:00 | SWR 2<br \/>\n<strong>SWR2 Jazz Session: My Favorite Discs<\/strong><\/p>\n<p style=\"padding-left: 30px;\">Von Nina Polaschegg. Pers\u00f6nliche Lieblingsalben aus der \u00e4lteren oder j\u00fcngeren Jazzgeschichte werden in der Reihe \u201eMy Favorite Discs\u201c regelm\u00e4\u00dfig vorgestellt: von den Autorinnen und Autoren unserer SWR2-Jazzredaktion. Legend\u00e4re Klassiker oder bekannte Favoriten \u2013 warum gerade ein bestimmtes Album sie so beeindruckt hat, erkl\u00e4ren sie in dieser Sendung.<\/p>\n<p>21:05 bis 22:00 | Deutschlandfunk<br \/>\n<strong>Jazz Live: Pablo Held Trio (2\/2)<\/strong><\/p>\n<p style=\"padding-left: 30px;\">Pablo Held, Piano; Robert Landfermann, Kontrabass; Jonas Burgwinkel, Schlagzeug. Aufnahme vom 25.3.2018 aus dem Jazzclub Freiburg<\/p>\n<p style=\"padding-left: 30px;\">Am Mikrofon: Harald Rehmann. \u00dcber ein Jahrzehnt lang sind sie nun schon eines der leuchtendsten Aush\u00e4ngeschilder der Jazzszene Deutschlands: Pablo Held, Robert Landfermann und Jonas Burgwinkel, die meisterlichen Instrumentalisten des Pablo Held Trios.<\/p>\n<p style=\"padding-left: 30px;\">Auch wenn jeder der Drei ganz unterschiedliche eigene Projekte verfolgt und das Publikum mit Aufnahmen und Konzerten vom Solo bis zur Gro\u00dfformation immer wieder aufs Neue verbl\u00fcfft, finden sie sich nach wie vor regelm\u00e4\u00dfig zu gemeinsamen Abenteuern im gestaltenreichen Wunderland zeitgen\u00f6ssischer Jazzimprovisation zusammen. Hier experimentiert das Pablo Held Trio mit der Spontaneit\u00e4t langer, intuitiver Strecken des Ensemblespiels ebenso wie mit Transformationen thematischer Vorgaben, ja sogar mit neuen Wegen der freien Interpretation klassischer Werke. Auf jeden Fall birgt eine Begegnung mit der Musik von Held, Landfermann und Burgwinkel stets ein gro\u00dfes Potenzial an Spannung, Faszination und \u00dcberraschung.<\/p>\n<p>22:00 bis 00:00 | Bremen Zwei<br \/>\n<strong>Jazz Grooves<\/strong><\/p>\n<p style=\"padding-left: 30px;\">Die ganze Welt des Jazz. Blue Note, Big Band, Neuerscheinungen und bekannte Stars \u2013 und Tipps zum Konzertgeschehen in Bremen und der Region.<\/p>\n<p>22:04 bis 00:00 | WDR 3<br \/>\n<strong>WDR 3 Jazz &amp; World: Das schwedische Neo-Folk Trio V\u00e4sen<\/strong><\/p>\n<p style=\"padding-left: 30px;\">Aufnahme vom 7. Juli 2012 vom Traumzeit-Festival Duisburg. Virtuoser Norden \u2013 Von Cecilia Aguirre<\/p>\n<p>22:05 bis 23:00 | NDR Info<br \/>\n<strong>Play Jazz! Das Jazzmagazin \u2013 Mit Thomas Haak<\/strong><\/p>\n<p>22:30 bis 23:00 | hr2-kultur<br \/>\n<strong>Jazzgroove: An den R\u00e4ndern des Jazz | Am Mikrofon: Guenter Hottmann<\/strong><\/p>\n<p>23:05 bis 00:00 | BR-KLASSIK<br \/>\n<strong>Jazztime: News &amp; Roots: Something Else: Julian \u201eCannonball\u201c Adderley (1928-75)<\/strong><\/p>\n<p style=\"padding-left: 30px;\">Henning Sieverts portr\u00e4tiert den gro\u00dfen amerikanischen Altsaxophonisten in Aufnahmen aus den 1950er und 60er Jahren. Mit Nancy Wilson, Miles Davis, Nat Adderley, Hank Jones, Bobby Timmons und anderen<\/p>\n<hr \/>\n<h2>06.06.2018<\/h2>\n<hr \/>\n<p>17:50 bis 18:00 | SWR 2<br \/>\n<strong>SWR2 Jazz vor Sechs<\/strong><\/p>\n<p>19:05 bis 20:00 | BR-KLASSIK<br \/>\n<strong>Classic Sounds in Jazz: \u201eFly me to the moon\u201c \u2013 Wenn der Jazz auf Reisen geht<\/strong><\/p>\n<p style=\"padding-left: 30px;\">Aufnahmen mit Dizzy Gillespie, Diana Krall, Frederik K\u00f6ster, Bud Shank und anderen. Moderation und Auswahl: Beate Sampson<\/p>\n<p>19:35 bis 20:00 | MDR Kultur<br \/>\n<strong>MDR KULTUR \u2013 Jazz Lounge: Buddy DeFranco, Klarinette<\/strong><\/p>\n<p>22:04 bis 00:00 | WDR 3<br \/>\n<strong>WDR 3 Jazz &amp; World: Stan Getz und J.J. Johnson \u201eat the Opera House\u201c<\/strong><\/p>\n<p style=\"padding-left: 30px;\">Aufnahmen vom 29. September 1957 aus Chicago und vom 7. Oktober 1957 aus Los Angeles. The Sound \u2013 Der Tenorsaxofonist Stan Getz. Von Thomas Mau<\/p>\n<p>22:05 bis 23:00 | NDR Info<br \/>\n<strong>Play Jazz! Das Jazzmagazin \u2013 Mit Thomas Haak<\/strong><\/p>\n<p>22:30 bis 23:00 | hr2-kultur<br \/>\n<strong>Jazzfacts: What&#8217;s going on? \u2013 Features, Interviews und was die Szene bewegt<\/strong><\/p>\n<p>23:05 bis 00:00 | BR-KLASSIK<br \/>\n<strong>Jazztime: Jazz aus N\u00fcrnberg: Jazz &amp; Beyond<\/strong><\/p>\n<p style=\"padding-left: 30px;\">Musikalisch ohne festen Wohnsitz \u2013 die Klangreisen des Akkordeonisten Klaus Paier und der Cellistin Asja Valcic. Moderation und Auswahl: Ulrich M\u00f6ller-Arnsberg<\/p>\n<p style=\"padding-left: 30px;\">\u201eCinema Scenes\u201c hei\u00dft das aktuelle Programm des Wiener Akkordeonisten Klaus Paier und der kroatischen Cellistin Anja Valcic. Seit mehr als zehn Jahren sind die beiden musikalisch zwischen Tango, Jazz, Balkan-Folklore und Filmmusik unterwegs. Immer darauf bedacht, die mit ihren Instrumenten verbundenen Klischees hinter sich zu lassen. So lernte die klassisch ausgebildete Valcic ihr Cello ebenso als Improvisationsinstrument wie auch f\u00fcr Walking Bass zu benutzen. Klaus Paier wiederum, der mit dem Akkordeon als Volksmusikinstrument aufwuchs, eiferte franz\u00f6sischen Musette-Akkordeonisten und argentinischen Tango-Bandoneonisten nach, um f\u00fcr sich neue Klangwelten zu er\u00f6ffnen. F\u00fcr die j\u00fcngste Produktion hat sich das Duo zum Quartett erweitert. Mit dem Bassisten Stefan Gfrerrer und dem Schlagzeuger Roman Werni ergeben sich neue M\u00f6glichkeiten auf der Reise in musikalisches Neuland. Unter dem Titel \u201eMusikalisch ohne festen Wohnsitz\u201c stellt Ulrich M\u00f6ller-Arnsberg in der heutigen \u201eJazz and Beyond-Ausgabe\u201c das ungew\u00f6hnliche Quartett vor.<\/p>\n<hr \/>\n<h2>07.06.2018<\/h2>\n<hr \/>\n<p>17:50 bis 18:00 | SWR 2<br \/>\n<strong>SWR2 Jazz vor Sechs<\/strong><\/p>\n<p>19:35 bis 20:00 | MDR Kultur<br \/>\n<strong>MDR KULTUR \u2013 Jazz Lounge: Mix<\/strong><\/p>\n<p>21:00 bis 22:00 | MDR Kultur<br \/>\n<strong>MDR KULTUR \u2013 Jazz: What&#8217;s New?<\/strong><\/p>\n<p>21:05 bis 22:00 | Deutschlandfunk<br \/>\n<strong>JazzFacts: Neues von der Improvisierten Musik \u2013 Am Mikrofon: Karsten M\u00fctzelfeldt<\/strong><\/p>\n<p>22:04 bis 00:00 | WDR 3<br \/>\n<strong>WDR 3 Jazz &amp; World: Szene NRW \u2013 Aktuelles aus der Region<\/strong><\/p>\n<p style=\"padding-left: 30px;\">Klangart Wuppertal. Preview Jazz: Sebastian von Haugwitz. Preview World: Tom Daun<\/p>\n<p>22:05 bis 23:00 | NDR Info<br \/>\n<strong>Play Jazz! Das Jazzmagazin \u2013 Mit Thomas Haak<\/strong><\/p>\n<p>22:30 bis 23:00 | hr2-kultur<br \/>\n<strong>Jazz Now: Aus dem Dschungel der Neuver\u00f6ffentlichungen. Am Mikrofon: Guenter Hottmann<\/strong><\/p>\n<p>23:03 bis 00:00 | SWR 2<br \/>\n<strong>SWR2 NOWJazz: Magazin<\/strong><\/p>\n<p style=\"padding-left: 30px;\">Von G\u00fcnther Huesmann. Neues aus der Welt des Jazz wird im NOWJazz Magazin von SWR2 regelm\u00e4\u00dfig pr\u00e4sentiert. Wie immer erwarten Sie in dieser Sendung Informationen \u00fcber bevorstehende Events, Rezensionen \u00fcber Festivals, Buchbesprechungen und jede Menge brandneuer Alben.<\/p>\n<p>23:05 bis 00:00 | BR-KLASSIK<br \/>\n<strong>Jazztime: All that Jazz \u2013 Mit Ssirus Pakzad<\/strong><\/p>\n<hr \/>\n<h2>08.06.2018<\/h2>\n<hr \/>\n<p>17:50 bis 18:00 | SWR 2<br \/>\n<strong>SWR2 Jazz vor Sechs<\/strong><\/p>\n<p>19:35 bis 20:00 | MDR Kultur<br \/>\n<strong>MDR KULTUR \u2013 Jazz Lounge: Peggy Lee, Vocal<\/strong><\/p>\n<p>22:05 bis 23:00 | NDR Info<br \/>\n<strong>Jazz Special: ECHO Jazz 2018 virtuell auf NDR Info<\/strong><\/p>\n<p style=\"padding-left: 30px;\">Mit Felix Tenbaum und Jessica Schlage. Die NDR Jazzredaktion \u201everleiht\u201c den Preis, der einmal ECHO Jazz hie\u00df, im Radio. Nat\u00fcrlich rein virtuell, denn die ECHO Jazz Feier ist offiziell abgesagt worden. Eigentlich sollte sie am 31. Mai in Hamburg stattfinden. Aber nach dem Skandal um den ECHO Pop und dem Preis f\u00fcr die Rapper Farid Bang und Kollegah hat der Bundesverband Musikindustrie beschlossen, die Verleihung ausfallen zu lassen und alle ECHOs zu reformieren \u2013 auch wenn der ECHO Jazz nach eigenen Regeln funktionierte: Er war eine eigenst\u00e4ndige Preisvergabe mit einer rein qualitativen Jury-Entscheidung. So kam die Absage auch f\u00fcr die K\u00fcnstler \u00fcberraschend. Sie haben gewonnen, aber es wird ihnen kein Preis \u00fcbergeben. Ohne \u00d6ffentlichkeit gibt es keine Wahrnehmung. Das wollen wir \u00e4ndern. Wir k\u00f6nnen den 19 Preistr\u00e4gerInnen zwar nicht den ECHO Jazz \u00fcberreichen \u2013 schlie\u00dflich gibt es ihn ja nicht mehr \u2013 aber wir k\u00f6nnen ihre Musik spielen. Jessica Schlage und Felix Tenbaum sprechen mit den K\u00fcnstlern und stellen ihre ausgezeichneten CDs vor.<\/p>\n<p>22:30 bis 23:00 | hr2-kultur<br \/>\n<strong>Swingtime mit Bill Ramsey: As time goes by | Ein Jahrhundert in Schwingungen <\/strong><\/p>\n<p>23:05 bis 00:00 | BR-KLASSIK<br \/>\n<strong>Jazztime BR Jazzclub: Blues, Jazz und ein bisschen Britney Spears<\/strong><\/p>\n<p style=\"padding-left: 30px;\">Das Trio des Gitarristen Tobias Hoffmann mit Bassist Frank Sch\u00f6nhofer und Schlagzeuger Etienne Nillesen und seinen schr\u00e4g-groovenden Versionen von Jazzstandards und Popsongs aufgezeichnet beim \u201eJazz+\u201c Festival in der M\u00fcnchner Seidlvilla am 4. Mai 2018. Moderation und Auswahl: Ulrich Habersetzer<\/p>\n<p>23:30 bis 00:00 | SWR 2<br \/>\n<strong>SWR2 NOWJazz Update: Sonic Wilderness<\/strong><\/p>\n<p style=\"padding-left: 30px;\">Von Ulrich Kriest. Diese Reihe auf dem freit\u00e4glichen NOWJazz Update Sendeplatz f\u00fchrt in abenteuerliche Zwischenwelten des Jazz. Ob Improv, Electronica, Klangkunst, Noise oder Rock \u2013 f\u00fcr die atmosph\u00e4rischen Mixes gibt es nur eine Regel: Die Lust am musikalischen Abenteuer muss h\u00f6rbar sein.<\/p>\n<hr \/>\n<h2>09.06.2018<\/h2>\n<hr \/>\n<p>17:05 bis 17:55 Bayern 2<br \/>\n<strong>Jazz &amp; Politik: Politisches Feuilleton<\/strong><\/p>\n<p>18:05 bis 19:00 | BR-KLASSIK<br \/>\n<strong>Jazz und mehr: Die Feurigen<\/strong><\/p>\n<p style=\"padding-left: 30px;\">Mit Musik von Gabriele Mirabassi, Cecil Taylor, Musica Antiqua K\u00f6ln und anderen. Moderation und Auswahl: Roland Spiegel<\/p>\n<p>19:04 bis 20:00 | hr2-kultur<br \/>\n<strong>Live Jazz: Angelika Niescier feat. Tyshawn Sorey (Albert-Mangelsdorff-Preisverleihungs-Konzert)<\/strong><\/p>\n<p style=\"padding-left: 30px;\">Angelika Niescier feat. Tyshawn Sorey || Angelika Niescier, as | Tyshawn Sorey, dr | Chris Tordini, b | Albert-Mangelsdorff-Preisverleihung (Deutscher Jazzpreis) an Angelika Niecier, Jazzfest Berlin 2017 \u201eIn All Languages\u201c, Haus der Berliner Festspiele, Gro\u00dfe B\u00fchne, November 2017 || Tyshawn Sorey &amp; Gebhard Ullmann | Tyshawn Sorey, dr, p, tb | Gebhard Ullmann, ts, bcl | Jazzfest Berlin 2017 \u201eIn All Languages\u201c, Haus der Berliner Festspiele, Seitenb\u00fchne, November 2017. Am Mikrofon: Claus Gnichwitz<\/p>\n<p>19:30 bis 20:00 | MDR Kultur<br \/>\n<strong>MDR KULTUR \u2013 Jazz Lounge: Mix<\/strong><\/p>\n<p>20:15 bis 21:00 | NDR Info<br \/>\n<strong>Jazz Klassiker: H\u00f6rerw\u00fcnsche \u2013 Mit Marianne Therstappen<\/strong><\/p>\n<p>22:03 bis 23:00 | SWR 2<br \/>\n<strong>SWR2 Jazztime: Spinning Wheel \u2013 Die Geschichte der amerikanischen Band Blood, Sweat &amp; Tears<\/strong><\/p>\n<p style=\"padding-left: 30px;\">Von Odilo Clausnitzer. Wenn von den Anf\u00e4ngen des Jazzrock die Rede ist, f\u00e4llt h\u00e4ufig auch der Name Blood, Sweat &amp; Tears. Die zun\u00e4chst achtk\u00f6pfige Band aus New York verband als eine der ersten erfolgreich Jazz, Rock, Soul und Blues. Gegr\u00fcndet wurde sie 1967 von dem Schlagzeuger Bobby Colomby und dem Gitarristen Steve Katz. Der Bluesmusiker Al Kooper schwang sich zum Leader auf und formte die Band zu einer psychedelischen Rockgruppe nach seinem Geschmack. Schon 1968 aber wurde Kooper durch den S\u00e4nger David Clayton-Thomas abgel\u00f6st. Dessen kraftvolle Stimme blieb mit Unterbrechungen bis zum Schluss pr\u00e4gend f\u00fcr den Sound der Band. Der ging nun st\u00e4rker in Richtung Soul und Jazz. Akustisches Aush\u00e4ngeschild von Blood, Sweat &amp; Tears wurde der druckvolle und prominent herausgestellte Bl\u00e4sersatz. Im Laufe der Jahre durchliefen ihn namhafte Musiker wie Randy Brecker, Lew Soloff und Tom Malone. Zeitweise geh\u00f6rten au\u00dferdem Jazzgr\u00f6\u00dfen wie Jaco Pastorius, Joe Henderson und Mike Stern zur h\u00e4ufig wechselnden Besetzung. Einige Hits der Formation schafften es bis an Spitzenpositionen der Popcharts \u2013 darunter ihr wohl gr\u00f6\u00dfter Erfolg, \u201eSpinning Wheel\u201c. In der SWR2 Jazztime unternehmen wir einen Streifzug durch die Band-Geschichte.<\/p>\n<p>22:04 bis 00:00 | WDR 3<br \/>\n<strong>WDR 3 Open Sounds: Studio Elektronische Musik \u2013 nexus [24]: Gruppo di improvvisazione nuova consonanza<\/strong><\/p>\n<p>23.04 \u2013 24.00 | rbb-kulturradio<br \/>\n<strong>Late Night Jazz: Jazzfest Berlin 2017 \u2013 Berlin-London Conversations 3<\/strong><\/p>\n<p style=\"padding-left: 30px;\">Bei der dritten und letzten Begegnung von Musikerinnen und Musikern der Jazzszenen aus Berlin und London fanden Silke Eberhard (sax), Sarah Tandy (p), Daniel Casimir (b) und Kay L\u00fcbke (dr) zusammen. Die klassisch ausgebildete und preisgekr\u00f6nte Pianistin fand erst relativ sp\u00e4t zum Jazz, geh\u00f6rt aber \u2013 wie auch der Bassist Daniel Casimir, der u.a. in Sarah Tandys Trio spielt \u2013 inzwischen zu den Aktivposten der Londoner Szene. In Berlin spielen auch Silke Eberhard und Kay L\u00fcbke in verschiedenen Bands zusammen. An diesem Abend kam es zur ersten musikalischen Begegnung in dieser Quartett-Besetzung. Konzertaufnahme vom 4. November 2017, Jazzclub A-TRANE\u201c<\/p>\n<hr \/>\n<h2>10.06.2018<\/h2>\n<hr \/>\n<p>00:05 bis 02:00 | Bayern 2<br \/>\n<strong>radioJazznacht: Zum 75. Geburtstag des Pianisten Kenny Barron \u2013 Von und mit Marcus A. Woelfle<\/strong><\/p>\n<p>00:05 bis 06:00 | WDR 3<br \/>\n<strong>WDR 3\/\u00d61 Jazznacht: Miles, Hippies, Free Jazz<\/strong><\/p>\n<p style=\"padding-left: 30px;\">Mit Musik von Miles Davis, Gary Burton, Larry Coryell, John Stevens, Peter Br\u00f6tzmann, Chick Corea, Herbie Hancok und John McLaughlin<\/p>\n<p>19:04 bis 20:00 | hr2-kultur<br \/>\n<strong>hr-Bigband: Konzerte und Produktionen u.a. mit: \u201eJugglers Parade\u201c \u2013 Dave Holland &amp; hr-Bigband<\/strong><\/p>\n<p style=\"padding-left: 30px;\">Konzerte und Produktionen u.a. mit: Konzerte und Produktionen u.a. mit: \u201eJugglers Parade\u201c \u2013 Dave Holland &amp; hr-Bigband, cond. &amp; arr. by Jim McNeely, Centralstation Darmstadt, Mai 2017, Teil 1. Am Mikrofon: Matthias Spindler<\/p>\n<p>19:35 bis 20:00 | SWR 2<br \/>\n<strong>SWR2 Jazz: Mr. Lucky \u2013 Die Streifz\u00fcge des Klarinettisten Buddy DeFranco zwischen Swing und Bop<\/strong><\/p>\n<p style=\"padding-left: 30px;\">Von Gerd Filtgen. Schon in jungen Jahren war Buddy DeFranco (1923-2014) vom Sound des Swing fasziniert. Wie sein gro\u00dfes Vorbild Benny Goodman lernte er das Klarinettenspiel. Mit welchem Elan er relativ schnell eine beeindruckende Technik auf dem Instrument entwickelte, unterstreicht eine seiner ersten Auszeichnungen. Bereits als Vierzehnj\u00e4hriger gewann Buddy DeFranco den seine Karriere f\u00f6rdernden Tommy Dorsey National Swing Contest. Als Twen wirkte er in namhaften Bigbands mit, unter anderem bei Gene Krupa, Tommy Dorsey und Count Basie. Umso \u00fcberraschender war sein Deb\u00fct als Leader im Jahr 1949. Mit seinem Orchester kreierte DeFranco eine Musik, die an Miles Davis \u201eBirth Of The Cool\u201c erinnert. In der Folgezeit behauptete er seine Stellung als einer der wichtigsten Klarinettisten des Modern Jazz. Dennoch hatte er auch kein Problem, sich sporadisch wieder im Swing-Ambiente zu bewegen.<\/p>\n<p>20:04 bis 22:30 | SR2 KulturRadio<br \/>\n<strong>JazzNow: Jazz live with friends \u2013 Silent Explosion Orchestra (Teil 1)<\/strong><\/p>\n<p>22:05 bis 23:00 | NDR Info<br \/>\n<strong>Jazz NDR Bigband: NDR Bigband feat. <\/strong><strong>Thomas Quasthoff \u201eNice &#8217;n&#8216; Easy\u201c<\/strong><\/p>\n<p>23.04 \u2013 24.00 | rbb-kulturradio<br \/>\n<strong>Late Night Jazz: Jazz Diskothek \u2013 News from Jazz &amp; Blues \u2013 JAZZ AM KAISERSTEG<\/strong><\/p>\n","protected":false},"excerpt":{"rendered":"<p>Ein kleiner Blick in die Jazzwoche 23 im Radio. Mit unserem besonderen Service: Frauen im Jazz \u2013 in dieser Woche einen Hauch besser. Knapp vier Eintr\u00e4ge! 06.18 | 22:04 bis 00:00 | WDR 3 WDR 3 Jazz &amp; World: Sarah Vaughan at Mister Kelly\u00b4s, Chicago 06.28 | 19:35 bis 20:00 | MDR Kultur MDR KULTUR \u2013 Jazz Lounge: Peggy Lee, Vocal 06.18 | 19:04 bis 20:00 | hr2-kultur Live Jazz: Angelika Niescier feat. Tyshawn Sorey (Albert-Mangelsdorff-Preisverleihungs-Konzert) 06.18 | 23.04 \u2013 24.00 | rbb-kulturradio Late Night Jazz: Jazzfest Berlin 2017 \u2013 Berlin-London Conversations 3 Die \u00dcbersicht zum Download als PDF. Alle Angaben ohne Gew\u00e4hr. Jazz im Radio (Fernsehen) SR2 \u2013 JazzNow \u2013 Sonntags von 20.04 bis 22.30 Uhr BR-KLASSIK \u2013 Jazztime \u2013 Von Montag bis Freitag t\u00e4glich um 23.05 Uhr rbb-kulturradio \u2013 Late Night Jazz \u2013 Sa und So 23:04 \u2013 24:00 Uhr hr2-kultur \u2013 Jazz in hr2-kultur \u2013 t\u00e4glich SWR2 \u2013 Jazz \u2013 t\u00e4glich WDR3 \u2013 JAZZ &amp; WORLD \u2013 Improvisiertes zum Tagesausklang \u2013 Montag bis Freitag, 22.04 \u2013 0:00 Uhr Deutschlandfunk \u2013 Jazz (\u00dcberblick) \u2013 Jazz Live, JazzFacts und Milestones Deutschlandfunk Kultur \u2013 Jazz &hellip;<\/p>\n","protected":false},"author":2,"featured_media":16028,"comment_status":"open","ping_status":"closed","sticky":false,"template":"","format":"standard","meta":{"_jetpack_memberships_contains_paid_content":false,"footnotes":"","jetpack_publicize_message":"","jetpack_publicize_feature_enabled":true,"jetpack_social_post_already_shared":false,"jetpack_social_options":{"image_generator_settings":{"template":"highway","default_image_id":0,"font":"","enabled":false},"version":2}},"categories":[633,452],"tags":[1629],"coauthors":[680],"class_list":["post-16189","post","type-post","status-publish","format-standard","has-post-thumbnail","hentry","category-nachrichten","category-radio","tag-jazz-im-radio"],"yoast_head":"<!-- This site is optimized with the Yoast SEO plugin v27.5 - https:\/\/yoast.com\/product\/yoast-seo-wordpress\/ -->\n<title>Die Jazz-Radiowoche vom 04.06. bis 10.06.2018 - JazzZeitung<\/title>\n<meta name=\"robots\" content=\"index, follow, max-snippet:-1, max-image-preview:large, max-video-preview:-1\" \/>\n<link rel=\"canonical\" href=\"https:\/\/www.jazzzeitung.de\/cms\/2018\/06\/die-jazz-radiowoche-vom-04-06-bis-10-06-2018\/\" \/>\n<meta property=\"og:locale\" content=\"de_DE\" \/>\n<meta property=\"og:type\" content=\"article\" \/>\n<meta property=\"og:title\" content=\"Die Jazz-Radiowoche vom 04.06. bis 10.06.2018 - JazzZeitung\" \/>\n<meta property=\"og:description\" content=\"Ein kleiner Blick in die Jazzwoche 23 im Radio. Mit unserem besonderen Service: Frauen im Jazz \u2013 in dieser Woche einen Hauch besser. Knapp vier Eintr\u00e4ge! 06.18 | 22:04 bis 00:00 | WDR 3 WDR 3 Jazz &amp; World: Sarah Vaughan at Mister Kelly\u00b4s, Chicago 06.28 | 19:35 bis 20:00 | MDR Kultur MDR KULTUR \u2013 Jazz Lounge: Peggy Lee, Vocal 06.18 | 19:04 bis 20:00 | hr2-kultur Live Jazz: Angelika Niescier feat. Tyshawn Sorey (Albert-Mangelsdorff-Preisverleihungs-Konzert) 06.18 | 23.04 \u2013 24.00 | rbb-kulturradio Late Night Jazz: Jazzfest Berlin 2017 \u2013 Berlin-London Conversations 3 Die \u00dcbersicht zum Download als PDF. Alle Angaben ohne Gew\u00e4hr. Jazz im Radio (Fernsehen) SR2 \u2013 JazzNow \u2013 Sonntags von 20.04 bis 22.30 Uhr BR-KLASSIK \u2013 Jazztime \u2013 Von Montag bis Freitag t\u00e4glich um 23.05 Uhr rbb-kulturradio \u2013 Late Night Jazz \u2013 Sa und So 23:04 \u2013 24:00 Uhr hr2-kultur \u2013 Jazz in hr2-kultur \u2013 t\u00e4glich SWR2 \u2013 Jazz \u2013 t\u00e4glich WDR3 \u2013 JAZZ &amp; WORLD \u2013 Improvisiertes zum Tagesausklang \u2013 Montag bis Freitag, 22.04 \u2013 0:00 Uhr Deutschlandfunk \u2013 Jazz (\u00dcberblick) \u2013 Jazz Live, JazzFacts und Milestones Deutschlandfunk Kultur \u2013 Jazz &hellip;\" \/>\n<meta property=\"og:url\" content=\"https:\/\/www.jazzzeitung.de\/cms\/2018\/06\/die-jazz-radiowoche-vom-04-06-bis-10-06-2018\/\" \/>\n<meta property=\"og:site_name\" content=\"JazzZeitung\" \/>\n<meta property=\"article:publisher\" content=\"https:\/\/www.facebook.com\/JazzZeitung\/\" \/>\n<meta property=\"article:author\" content=\"https:\/\/www.facebook.com\/hufner\" \/>\n<meta property=\"article:published_time\" content=\"2018-06-03T10:00:32+00:00\" \/>\n<meta property=\"og:image\" content=\"https:\/\/i0.wp.com\/www.jazzzeitung.de\/cms\/wp-content\/uploads\/2018\/05\/radio-jazz_journalisten.jpg?fit=2048%2C1536&ssl=1\" \/>\n\t<meta property=\"og:image:width\" content=\"2048\" \/>\n\t<meta property=\"og:image:height\" content=\"1536\" \/>\n\t<meta property=\"og:image:type\" content=\"image\/jpeg\" \/>\n<meta name=\"author\" content=\"Huflaikhan\" \/>\n<script type=\"application\/ld+json\" class=\"yoast-schema-graph\">{\"@context\":\"https:\\\/\\\/schema.org\",\"@graph\":[{\"@type\":\"Article\",\"@id\":\"https:\\\/\\\/www.jazzzeitung.de\\\/cms\\\/2018\\\/06\\\/die-jazz-radiowoche-vom-04-06-bis-10-06-2018\\\/#article\",\"isPartOf\":{\"@id\":\"https:\\\/\\\/www.jazzzeitung.de\\\/cms\\\/2018\\\/06\\\/die-jazz-radiowoche-vom-04-06-bis-10-06-2018\\\/\"},\"author\":{\"name\":\"Huflaikhan\",\"@id\":\"https:\\\/\\\/www.jazzzeitung.de\\\/cms\\\/#\\\/schema\\\/person\\\/1ba404714b9455401502bc409a7df45e\"},\"headline\":\"Die Jazz-Radiowoche vom 04.06. bis 10.06.2018\",\"datePublished\":\"2018-06-03T10:00:32+00:00\",\"mainEntityOfPage\":{\"@id\":\"https:\\\/\\\/www.jazzzeitung.de\\\/cms\\\/2018\\\/06\\\/die-jazz-radiowoche-vom-04-06-bis-10-06-2018\\\/\"},\"wordCount\":2219,\"commentCount\":0,\"publisher\":{\"@id\":\"https:\\\/\\\/www.jazzzeitung.de\\\/cms\\\/#organization\"},\"image\":{\"@id\":\"https:\\\/\\\/www.jazzzeitung.de\\\/cms\\\/2018\\\/06\\\/die-jazz-radiowoche-vom-04-06-bis-10-06-2018\\\/#primaryimage\"},\"thumbnailUrl\":\"https:\\\/\\\/i0.wp.com\\\/www.jazzzeitung.de\\\/cms\\\/wp-content\\\/uploads\\\/2018\\\/05\\\/radio-jazz_journalisten.jpg?fit=2048%2C1536&ssl=1\",\"keywords\":[\"Jazz im Radio\"],\"articleSection\":[\"News\",\"Radio\"],\"inLanguage\":\"de\",\"potentialAction\":[{\"@type\":\"CommentAction\",\"name\":\"Comment\",\"target\":[\"https:\\\/\\\/www.jazzzeitung.de\\\/cms\\\/2018\\\/06\\\/die-jazz-radiowoche-vom-04-06-bis-10-06-2018\\\/#respond\"]}]},{\"@type\":\"WebPage\",\"@id\":\"https:\\\/\\\/www.jazzzeitung.de\\\/cms\\\/2018\\\/06\\\/die-jazz-radiowoche-vom-04-06-bis-10-06-2018\\\/\",\"url\":\"https:\\\/\\\/www.jazzzeitung.de\\\/cms\\\/2018\\\/06\\\/die-jazz-radiowoche-vom-04-06-bis-10-06-2018\\\/\",\"name\":\"Die Jazz-Radiowoche vom 04.06. bis 10.06.2018 - JazzZeitung\",\"isPartOf\":{\"@id\":\"https:\\\/\\\/www.jazzzeitung.de\\\/cms\\\/#website\"},\"primaryImageOfPage\":{\"@id\":\"https:\\\/\\\/www.jazzzeitung.de\\\/cms\\\/2018\\\/06\\\/die-jazz-radiowoche-vom-04-06-bis-10-06-2018\\\/#primaryimage\"},\"image\":{\"@id\":\"https:\\\/\\\/www.jazzzeitung.de\\\/cms\\\/2018\\\/06\\\/die-jazz-radiowoche-vom-04-06-bis-10-06-2018\\\/#primaryimage\"},\"thumbnailUrl\":\"https:\\\/\\\/i0.wp.com\\\/www.jazzzeitung.de\\\/cms\\\/wp-content\\\/uploads\\\/2018\\\/05\\\/radio-jazz_journalisten.jpg?fit=2048%2C1536&ssl=1\",\"datePublished\":\"2018-06-03T10:00:32+00:00\",\"breadcrumb\":{\"@id\":\"https:\\\/\\\/www.jazzzeitung.de\\\/cms\\\/2018\\\/06\\\/die-jazz-radiowoche-vom-04-06-bis-10-06-2018\\\/#breadcrumb\"},\"inLanguage\":\"de\",\"potentialAction\":[{\"@type\":\"ReadAction\",\"target\":[\"https:\\\/\\\/www.jazzzeitung.de\\\/cms\\\/2018\\\/06\\\/die-jazz-radiowoche-vom-04-06-bis-10-06-2018\\\/\"]}]},{\"@type\":\"ImageObject\",\"inLanguage\":\"de\",\"@id\":\"https:\\\/\\\/www.jazzzeitung.de\\\/cms\\\/2018\\\/06\\\/die-jazz-radiowoche-vom-04-06-bis-10-06-2018\\\/#primaryimage\",\"url\":\"https:\\\/\\\/i0.wp.com\\\/www.jazzzeitung.de\\\/cms\\\/wp-content\\\/uploads\\\/2018\\\/05\\\/radio-jazz_journalisten.jpg?fit=2048%2C1536&ssl=1\",\"contentUrl\":\"https:\\\/\\\/i0.wp.com\\\/www.jazzzeitung.de\\\/cms\\\/wp-content\\\/uploads\\\/2018\\\/05\\\/radio-jazz_journalisten.jpg?fit=2048%2C1536&ssl=1\",\"width\":2048,\"height\":1536,\"caption\":\"Jazz im Radio. Foto\\\/Montage: Hufner\"},{\"@type\":\"BreadcrumbList\",\"@id\":\"https:\\\/\\\/www.jazzzeitung.de\\\/cms\\\/2018\\\/06\\\/die-jazz-radiowoche-vom-04-06-bis-10-06-2018\\\/#breadcrumb\",\"itemListElement\":[{\"@type\":\"ListItem\",\"position\":1,\"name\":\"Startseite\",\"item\":\"https:\\\/\\\/www.jazzzeitung.de\\\/cms\\\/\"},{\"@type\":\"ListItem\",\"position\":2,\"name\":\"Die Jazz-Radiowoche vom 04.06. bis 10.06.2018\"}]},{\"@type\":\"WebSite\",\"@id\":\"https:\\\/\\\/www.jazzzeitung.de\\\/cms\\\/#website\",\"url\":\"https:\\\/\\\/www.jazzzeitung.de\\\/cms\\\/\",\"name\":\"JazzZeitung\",\"description\":\"Jazz-News und Jazz-Kontroverses\",\"publisher\":{\"@id\":\"https:\\\/\\\/www.jazzzeitung.de\\\/cms\\\/#organization\"},\"potentialAction\":[{\"@type\":\"SearchAction\",\"target\":{\"@type\":\"EntryPoint\",\"urlTemplate\":\"https:\\\/\\\/www.jazzzeitung.de\\\/cms\\\/?s={search_term_string}\"},\"query-input\":{\"@type\":\"PropertyValueSpecification\",\"valueRequired\":true,\"valueName\":\"search_term_string\"}}],\"inLanguage\":\"de\"},{\"@type\":\"Organization\",\"@id\":\"https:\\\/\\\/www.jazzzeitung.de\\\/cms\\\/#organization\",\"name\":\"JazzZeitung online\",\"url\":\"https:\\\/\\\/www.jazzzeitung.de\\\/cms\\\/\",\"logo\":{\"@type\":\"ImageObject\",\"inLanguage\":\"de\",\"@id\":\"https:\\\/\\\/www.jazzzeitung.de\\\/cms\\\/#\\\/schema\\\/logo\\\/image\\\/\",\"url\":\"https:\\\/\\\/i0.wp.com\\\/www.jazzzeitung.de\\\/cms\\\/wp-content\\\/uploads\\\/2015\\\/08\\\/JAZZZEITUNGDE_Logo_Neu.png?fit=499%2C200&ssl=1\",\"contentUrl\":\"https:\\\/\\\/i0.wp.com\\\/www.jazzzeitung.de\\\/cms\\\/wp-content\\\/uploads\\\/2015\\\/08\\\/JAZZZEITUNGDE_Logo_Neu.png?fit=499%2C200&ssl=1\",\"width\":499,\"height\":200,\"caption\":\"JazzZeitung online\"},\"image\":{\"@id\":\"https:\\\/\\\/www.jazzzeitung.de\\\/cms\\\/#\\\/schema\\\/logo\\\/image\\\/\"},\"sameAs\":[\"https:\\\/\\\/www.facebook.com\\\/JazzZeitung\\\/\"]},{\"@type\":\"Person\",\"@id\":\"https:\\\/\\\/www.jazzzeitung.de\\\/cms\\\/#\\\/schema\\\/person\\\/1ba404714b9455401502bc409a7df45e\",\"name\":\"Huflaikhan\",\"image\":{\"@type\":\"ImageObject\",\"inLanguage\":\"de\",\"@id\":\"https:\\\/\\\/i0.wp.com\\\/www.jazzzeitung.de\\\/cms\\\/wp-content\\\/uploads\\\/2013\\\/11\\\/huf-06.jpg?resize=96%2C96&ssl=18afacd5aa7627f2840c013425f5a4164\",\"url\":\"https:\\\/\\\/i0.wp.com\\\/www.jazzzeitung.de\\\/cms\\\/wp-content\\\/uploads\\\/2013\\\/11\\\/huf-06.jpg?resize=96%2C96&ssl=1\",\"contentUrl\":\"https:\\\/\\\/i0.wp.com\\\/www.jazzzeitung.de\\\/cms\\\/wp-content\\\/uploads\\\/2013\\\/11\\\/huf-06.jpg?resize=96%2C96&ssl=1\",\"caption\":\"Huflaikhan\"},\"description\":\"Huflaikhan (aka Martin Hufner) hat Musikwissenschaft, Philosophie und Psychologie in Gie\u00dfen studiert und mit einer Arbeit \u00fcber Adorno und die Zw\u00f6lftontechnik promoviert. Seit 1995 ist er freiberuflich als Autor, Fotograf und Netzmacher unterwegs.\",\"sameAs\":[\"https:\\\/\\\/www.kritische-masse.de\\\/logbuch\",\"https:\\\/\\\/www.facebook.com\\\/hufner\"],\"url\":\"https:\\\/\\\/www.jazzzeitung.de\\\/cms\\\/author\\\/hufi\\\/\"}]}<\/script>\n<!-- \/ Yoast SEO plugin. -->","yoast_head_json":{"title":"Die Jazz-Radiowoche vom 04.06. bis 10.06.2018 - JazzZeitung","robots":{"index":"index","follow":"follow","max-snippet":"max-snippet:-1","max-image-preview":"max-image-preview:large","max-video-preview":"max-video-preview:-1"},"canonical":"https:\/\/www.jazzzeitung.de\/cms\/2018\/06\/die-jazz-radiowoche-vom-04-06-bis-10-06-2018\/","og_locale":"de_DE","og_type":"article","og_title":"Die Jazz-Radiowoche vom 04.06. bis 10.06.2018 - JazzZeitung","og_description":"Ein kleiner Blick in die Jazzwoche 23 im Radio. Mit unserem besonderen Service: Frauen im Jazz \u2013 in dieser Woche einen Hauch besser. Knapp vier Eintr\u00e4ge! 06.18 | 22:04 bis 00:00 | WDR 3 WDR 3 Jazz &amp; World: Sarah Vaughan at Mister Kelly\u00b4s, Chicago 06.28 | 19:35 bis 20:00 | MDR Kultur MDR KULTUR \u2013 Jazz Lounge: Peggy Lee, Vocal 06.18 | 19:04 bis 20:00 | hr2-kultur Live Jazz: Angelika Niescier feat. Tyshawn Sorey (Albert-Mangelsdorff-Preisverleihungs-Konzert) 06.18 | 23.04 \u2013 24.00 | rbb-kulturradio Late Night Jazz: Jazzfest Berlin 2017 \u2013 Berlin-London Conversations 3 Die \u00dcbersicht zum Download als PDF. Alle Angaben ohne Gew\u00e4hr. Jazz im Radio (Fernsehen) SR2 \u2013 JazzNow \u2013 Sonntags von 20.04 bis 22.30 Uhr BR-KLASSIK \u2013 Jazztime \u2013 Von Montag bis Freitag t\u00e4glich um 23.05 Uhr rbb-kulturradio \u2013 Late Night Jazz \u2013 Sa und So 23:04 \u2013 24:00 Uhr hr2-kultur \u2013 Jazz in hr2-kultur \u2013 t\u00e4glich SWR2 \u2013 Jazz \u2013 t\u00e4glich WDR3 \u2013 JAZZ &amp; WORLD \u2013 Improvisiertes zum Tagesausklang \u2013 Montag bis Freitag, 22.04 \u2013 0:00 Uhr Deutschlandfunk \u2013 Jazz (\u00dcberblick) \u2013 Jazz Live, JazzFacts und Milestones Deutschlandfunk Kultur \u2013 Jazz &hellip;","og_url":"https:\/\/www.jazzzeitung.de\/cms\/2018\/06\/die-jazz-radiowoche-vom-04-06-bis-10-06-2018\/","og_site_name":"JazzZeitung","article_publisher":"https:\/\/www.facebook.com\/JazzZeitung\/","article_author":"https:\/\/www.facebook.com\/hufner","article_published_time":"2018-06-03T10:00:32+00:00","og_image":[{"width":2048,"height":1536,"url":"https:\/\/i0.wp.com\/www.jazzzeitung.de\/cms\/wp-content\/uploads\/2018\/05\/radio-jazz_journalisten.jpg?fit=2048%2C1536&ssl=1","type":"image\/jpeg"}],"author":"Huflaikhan","schema":{"@context":"https:\/\/schema.org","@graph":[{"@type":"Article","@id":"https:\/\/www.jazzzeitung.de\/cms\/2018\/06\/die-jazz-radiowoche-vom-04-06-bis-10-06-2018\/#article","isPartOf":{"@id":"https:\/\/www.jazzzeitung.de\/cms\/2018\/06\/die-jazz-radiowoche-vom-04-06-bis-10-06-2018\/"},"author":{"name":"Huflaikhan","@id":"https:\/\/www.jazzzeitung.de\/cms\/#\/schema\/person\/1ba404714b9455401502bc409a7df45e"},"headline":"Die Jazz-Radiowoche vom 04.06. bis 10.06.2018","datePublished":"2018-06-03T10:00:32+00:00","mainEntityOfPage":{"@id":"https:\/\/www.jazzzeitung.de\/cms\/2018\/06\/die-jazz-radiowoche-vom-04-06-bis-10-06-2018\/"},"wordCount":2219,"commentCount":0,"publisher":{"@id":"https:\/\/www.jazzzeitung.de\/cms\/#organization"},"image":{"@id":"https:\/\/www.jazzzeitung.de\/cms\/2018\/06\/die-jazz-radiowoche-vom-04-06-bis-10-06-2018\/#primaryimage"},"thumbnailUrl":"https:\/\/i0.wp.com\/www.jazzzeitung.de\/cms\/wp-content\/uploads\/2018\/05\/radio-jazz_journalisten.jpg?fit=2048%2C1536&ssl=1","keywords":["Jazz im Radio"],"articleSection":["News","Radio"],"inLanguage":"de","potentialAction":[{"@type":"CommentAction","name":"Comment","target":["https:\/\/www.jazzzeitung.de\/cms\/2018\/06\/die-jazz-radiowoche-vom-04-06-bis-10-06-2018\/#respond"]}]},{"@type":"WebPage","@id":"https:\/\/www.jazzzeitung.de\/cms\/2018\/06\/die-jazz-radiowoche-vom-04-06-bis-10-06-2018\/","url":"https:\/\/www.jazzzeitung.de\/cms\/2018\/06\/die-jazz-radiowoche-vom-04-06-bis-10-06-2018\/","name":"Die Jazz-Radiowoche vom 04.06. bis 10.06.2018 - JazzZeitung","isPartOf":{"@id":"https:\/\/www.jazzzeitung.de\/cms\/#website"},"primaryImageOfPage":{"@id":"https:\/\/www.jazzzeitung.de\/cms\/2018\/06\/die-jazz-radiowoche-vom-04-06-bis-10-06-2018\/#primaryimage"},"image":{"@id":"https:\/\/www.jazzzeitung.de\/cms\/2018\/06\/die-jazz-radiowoche-vom-04-06-bis-10-06-2018\/#primaryimage"},"thumbnailUrl":"https:\/\/i0.wp.com\/www.jazzzeitung.de\/cms\/wp-content\/uploads\/2018\/05\/radio-jazz_journalisten.jpg?fit=2048%2C1536&ssl=1","datePublished":"2018-06-03T10:00:32+00:00","breadcrumb":{"@id":"https:\/\/www.jazzzeitung.de\/cms\/2018\/06\/die-jazz-radiowoche-vom-04-06-bis-10-06-2018\/#breadcrumb"},"inLanguage":"de","potentialAction":[{"@type":"ReadAction","target":["https:\/\/www.jazzzeitung.de\/cms\/2018\/06\/die-jazz-radiowoche-vom-04-06-bis-10-06-2018\/"]}]},{"@type":"ImageObject","inLanguage":"de","@id":"https:\/\/www.jazzzeitung.de\/cms\/2018\/06\/die-jazz-radiowoche-vom-04-06-bis-10-06-2018\/#primaryimage","url":"https:\/\/i0.wp.com\/www.jazzzeitung.de\/cms\/wp-content\/uploads\/2018\/05\/radio-jazz_journalisten.jpg?fit=2048%2C1536&ssl=1","contentUrl":"https:\/\/i0.wp.com\/www.jazzzeitung.de\/cms\/wp-content\/uploads\/2018\/05\/radio-jazz_journalisten.jpg?fit=2048%2C1536&ssl=1","width":2048,"height":1536,"caption":"Jazz im Radio. Foto\/Montage: Hufner"},{"@type":"BreadcrumbList","@id":"https:\/\/www.jazzzeitung.de\/cms\/2018\/06\/die-jazz-radiowoche-vom-04-06-bis-10-06-2018\/#breadcrumb","itemListElement":[{"@type":"ListItem","position":1,"name":"Startseite","item":"https:\/\/www.jazzzeitung.de\/cms\/"},{"@type":"ListItem","position":2,"name":"Die Jazz-Radiowoche vom 04.06. bis 10.06.2018"}]},{"@type":"WebSite","@id":"https:\/\/www.jazzzeitung.de\/cms\/#website","url":"https:\/\/www.jazzzeitung.de\/cms\/","name":"JazzZeitung","description":"Jazz-News und Jazz-Kontroverses","publisher":{"@id":"https:\/\/www.jazzzeitung.de\/cms\/#organization"},"potentialAction":[{"@type":"SearchAction","target":{"@type":"EntryPoint","urlTemplate":"https:\/\/www.jazzzeitung.de\/cms\/?s={search_term_string}"},"query-input":{"@type":"PropertyValueSpecification","valueRequired":true,"valueName":"search_term_string"}}],"inLanguage":"de"},{"@type":"Organization","@id":"https:\/\/www.jazzzeitung.de\/cms\/#organization","name":"JazzZeitung online","url":"https:\/\/www.jazzzeitung.de\/cms\/","logo":{"@type":"ImageObject","inLanguage":"de","@id":"https:\/\/www.jazzzeitung.de\/cms\/#\/schema\/logo\/image\/","url":"https:\/\/i0.wp.com\/www.jazzzeitung.de\/cms\/wp-content\/uploads\/2015\/08\/JAZZZEITUNGDE_Logo_Neu.png?fit=499%2C200&ssl=1","contentUrl":"https:\/\/i0.wp.com\/www.jazzzeitung.de\/cms\/wp-content\/uploads\/2015\/08\/JAZZZEITUNGDE_Logo_Neu.png?fit=499%2C200&ssl=1","width":499,"height":200,"caption":"JazzZeitung online"},"image":{"@id":"https:\/\/www.jazzzeitung.de\/cms\/#\/schema\/logo\/image\/"},"sameAs":["https:\/\/www.facebook.com\/JazzZeitung\/"]},{"@type":"Person","@id":"https:\/\/www.jazzzeitung.de\/cms\/#\/schema\/person\/1ba404714b9455401502bc409a7df45e","name":"Huflaikhan","image":{"@type":"ImageObject","inLanguage":"de","@id":"https:\/\/i0.wp.com\/www.jazzzeitung.de\/cms\/wp-content\/uploads\/2013\/11\/huf-06.jpg?resize=96%2C96&ssl=18afacd5aa7627f2840c013425f5a4164","url":"https:\/\/i0.wp.com\/www.jazzzeitung.de\/cms\/wp-content\/uploads\/2013\/11\/huf-06.jpg?resize=96%2C96&ssl=1","contentUrl":"https:\/\/i0.wp.com\/www.jazzzeitung.de\/cms\/wp-content\/uploads\/2013\/11\/huf-06.jpg?resize=96%2C96&ssl=1","caption":"Huflaikhan"},"description":"Huflaikhan (aka Martin Hufner) hat Musikwissenschaft, Philosophie und Psychologie in Gie\u00dfen studiert und mit einer Arbeit \u00fcber Adorno und die Zw\u00f6lftontechnik promoviert. Seit 1995 ist er freiberuflich als Autor, Fotograf und Netzmacher unterwegs.","sameAs":["https:\/\/www.kritische-masse.de\/logbuch","https:\/\/www.facebook.com\/hufner"],"url":"https:\/\/www.jazzzeitung.de\/cms\/author\/hufi\/"}]}},"wp-worthy-pixel":{"ignored":false,"public":null,"server":null,"url":null},"wp-worthy-type":"normal","jetpack_publicize_connections":[],"cc_featured_image_caption":{"caption_text":"Jazz im Radio","source_text":"Foto\/Montage: Hufner","source_url":"https:\/\/www.musikkritik.org"},"jetpack_featured_media_url":"https:\/\/i0.wp.com\/www.jazzzeitung.de\/cms\/wp-content\/uploads\/2018\/05\/radio-jazz_journalisten.jpg?fit=2048%2C1536&ssl=1","jetpack_shortlink":"https:\/\/wp.me\/p3KEcT-4d7","jetpack-related-posts":[{"id":22236,"url":"https:\/\/www.jazzzeitung.de\/cms\/2020\/03\/die-jazz-radiowoche-vom-30-03-20-bis-05-04-20\/","url_meta":{"origin":16189,"position":0},"title":"Die Jazz-Radiowoche vom 30.03.20 bis 05.04.20","author":"Martin Hufner","date":"29. M\u00e4rz 2020","format":false,"excerpt":"Ein kleiner Blick in die Jazzwoche 14 im Radio. Alle Angaben ohne Gew\u00e4hr. Jazz im Radio (Fernsehen) SR2 \u2013 JazzNow \u2013 Sonntags von 20.04 bis 22.30 Uhr BR-KLASSIK \u2013 Jazztime \u2013 Von Montag bis Freitag t\u00e4glich um 23.05 Uhr rbb-kultur \u2013 Late Night Jazz \u2013 Sa und So 23:04 \u2013\u2026","rel":"","context":"In &quot;News&quot;","block_context":{"text":"News","link":"https:\/\/www.jazzzeitung.de\/cms\/thema\/nachrichten\/"},"img":{"alt_text":"Jazz im Radio. Foto: Hufner","src":"https:\/\/i0.wp.com\/www.jazzzeitung.de\/cms\/wp-content\/uploads\/2019\/03\/jazz_im_radio.jpg?fit=1200%2C773&ssl=1&resize=350%2C200","width":350,"height":200,"srcset":"https:\/\/i0.wp.com\/www.jazzzeitung.de\/cms\/wp-content\/uploads\/2019\/03\/jazz_im_radio.jpg?fit=1200%2C773&ssl=1&resize=350%2C200 1x, https:\/\/i0.wp.com\/www.jazzzeitung.de\/cms\/wp-content\/uploads\/2019\/03\/jazz_im_radio.jpg?fit=1200%2C773&ssl=1&resize=525%2C300 1.5x, https:\/\/i0.wp.com\/www.jazzzeitung.de\/cms\/wp-content\/uploads\/2019\/03\/jazz_im_radio.jpg?fit=1200%2C773&ssl=1&resize=700%2C400 2x, https:\/\/i0.wp.com\/www.jazzzeitung.de\/cms\/wp-content\/uploads\/2019\/03\/jazz_im_radio.jpg?fit=1200%2C773&ssl=1&resize=1050%2C600 3x"},"classes":[]},{"id":14640,"url":"https:\/\/www.jazzzeitung.de\/cms\/2018\/01\/die-jazz-radiowoche-vom-08-01-bis-14-01-2018\/","url_meta":{"origin":16189,"position":1},"title":"Die Jazz-Radiowoche vom 08.01. bis 14.01.2018","author":"Redaktion JazzZeitung","date":"7. Januar 2018","format":false,"excerpt":"Ein subjektiver Blick in die Jazzwoche 2 im Radio. Unter anderem mit: Martin Tingvall, Shelly Manne, Sister Rosetta Tharpe, Parisien \u2013 Peirani \u2013 Wollny \u2013 Schaerer, Alan Pasqua und die WDR Big Band, Scott Hamilton, Andreas Heuser, Kinga Glyk \/ Jaco Pastorius, Roger Hanschel, Ruth Brown, Timo Lassy, Klaus Doldinger\u2026","rel":"","context":"In &quot;News&quot;","block_context":{"text":"News","link":"https:\/\/www.jazzzeitung.de\/cms\/thema\/nachrichten\/"},"img":{"alt_text":"Jazz im Radio","src":"https:\/\/i0.wp.com\/www.jazzzeitung.de\/cms\/wp-content\/uploads\/2017\/10\/radio-jazz-neu.jpg?fit=1200%2C900&ssl=1&resize=350%2C200","width":350,"height":200,"srcset":"https:\/\/i0.wp.com\/www.jazzzeitung.de\/cms\/wp-content\/uploads\/2017\/10\/radio-jazz-neu.jpg?fit=1200%2C900&ssl=1&resize=350%2C200 1x, https:\/\/i0.wp.com\/www.jazzzeitung.de\/cms\/wp-content\/uploads\/2017\/10\/radio-jazz-neu.jpg?fit=1200%2C900&ssl=1&resize=525%2C300 1.5x, https:\/\/i0.wp.com\/www.jazzzeitung.de\/cms\/wp-content\/uploads\/2017\/10\/radio-jazz-neu.jpg?fit=1200%2C900&ssl=1&resize=700%2C400 2x, https:\/\/i0.wp.com\/www.jazzzeitung.de\/cms\/wp-content\/uploads\/2017\/10\/radio-jazz-neu.jpg?fit=1200%2C900&ssl=1&resize=1050%2C600 3x"},"classes":[]},{"id":21609,"url":"https:\/\/www.jazzzeitung.de\/cms\/2020\/01\/die-jazz-radiowoche-vom-06-01-20-bis-12-01-20-notausgabe\/","url_meta":{"origin":16189,"position":2},"title":"Die Jazz-Radiowoche vom 06.01.20 bis 12.01.20 (Notausgabe)","author":"Martin Hufner","date":"5. Januar 2020","format":false,"excerpt":"Ein kleiner Blick in die Jazzwoche 02 im Radio. Notausgabe! Die \u00dcbersicht zum Download als PDF. Alle Angaben ohne Gew\u00e4hr. Jazz im Radio (Fernsehen) SR2 \u2013 JazzNow \u2013 Sonntags von 20.04 bis 22.30 Uhr BR-KLASSIK \u2013 Jazztime \u2013 Von Montag bis Freitag t\u00e4glich um 23.05 Uhr rbb-kultur \u2013 Late Night\u2026","rel":"","context":"In &quot;News&quot;","block_context":{"text":"News","link":"https:\/\/www.jazzzeitung.de\/cms\/thema\/nachrichten\/"},"img":{"alt_text":"Jazz im Radio. Foto: Hufner","src":"https:\/\/i0.wp.com\/www.jazzzeitung.de\/cms\/wp-content\/uploads\/2019\/03\/jazz_im_radio.jpg?fit=1200%2C773&ssl=1&resize=350%2C200","width":350,"height":200,"srcset":"https:\/\/i0.wp.com\/www.jazzzeitung.de\/cms\/wp-content\/uploads\/2019\/03\/jazz_im_radio.jpg?fit=1200%2C773&ssl=1&resize=350%2C200 1x, https:\/\/i0.wp.com\/www.jazzzeitung.de\/cms\/wp-content\/uploads\/2019\/03\/jazz_im_radio.jpg?fit=1200%2C773&ssl=1&resize=525%2C300 1.5x, https:\/\/i0.wp.com\/www.jazzzeitung.de\/cms\/wp-content\/uploads\/2019\/03\/jazz_im_radio.jpg?fit=1200%2C773&ssl=1&resize=700%2C400 2x, https:\/\/i0.wp.com\/www.jazzzeitung.de\/cms\/wp-content\/uploads\/2019\/03\/jazz_im_radio.jpg?fit=1200%2C773&ssl=1&resize=1050%2C600 3x"},"classes":[]},{"id":14426,"url":"https:\/\/www.jazzzeitung.de\/cms\/2017\/12\/die-jazz-radiowoche-vom-04-12-bis-10-12-2017\/","url_meta":{"origin":16189,"position":3},"title":"Die Jazz-Radiowoche vom 04.12. bis 10.12.2017","author":"Martin Hufner","date":"3. Dezember 2017","format":false,"excerpt":"Ein subjektiver Blick in die Jazzwoche 49 im Radio. Unter anderem mit: Jacques Loussier, 50 Jahre Stax Records, David \u201eFathead\u201c Newman, Neuer Bigbandjazz aus Deutschland, Enjoy Jazz Presseclub, Julia H\u00fclsmann Quartet & Anna-Lena Schnabel, Orchester Kurt Edelhagen, Stacey Kent, Viktoria Tolstoy und die WDR Big Band, Ethan Iverson und sein\u2026","rel":"","context":"In &quot;Radio&quot;","block_context":{"text":"Radio","link":"https:\/\/www.jazzzeitung.de\/cms\/thema\/radio\/"},"img":{"alt_text":"Jazz im Radio","src":"https:\/\/i0.wp.com\/www.jazzzeitung.de\/cms\/wp-content\/uploads\/2017\/10\/radio-jazz-neu.jpg?fit=1200%2C900&ssl=1&resize=350%2C200","width":350,"height":200,"srcset":"https:\/\/i0.wp.com\/www.jazzzeitung.de\/cms\/wp-content\/uploads\/2017\/10\/radio-jazz-neu.jpg?fit=1200%2C900&ssl=1&resize=350%2C200 1x, https:\/\/i0.wp.com\/www.jazzzeitung.de\/cms\/wp-content\/uploads\/2017\/10\/radio-jazz-neu.jpg?fit=1200%2C900&ssl=1&resize=525%2C300 1.5x, https:\/\/i0.wp.com\/www.jazzzeitung.de\/cms\/wp-content\/uploads\/2017\/10\/radio-jazz-neu.jpg?fit=1200%2C900&ssl=1&resize=700%2C400 2x, https:\/\/i0.wp.com\/www.jazzzeitung.de\/cms\/wp-content\/uploads\/2017\/10\/radio-jazz-neu.jpg?fit=1200%2C900&ssl=1&resize=1050%2C600 3x"},"classes":[]},{"id":16563,"url":"https:\/\/www.jazzzeitung.de\/cms\/2018\/07\/die-jazz-radiowoche-vom-09-07-bis-15-07-2018\/","url_meta":{"origin":16189,"position":4},"title":"Die Jazz-Radiowoche vom 09.07. bis 15.07.2018","author":"Huflaikhan","date":"8. Juli 2018","format":false,"excerpt":"Ein kleiner Blick in die Jazzwoche 28 im Radio. Mit unserem besonderen Service: Frauen im Jazz \u2013 in dieser Woche tats\u00e4chlich ein bisschen was los. 10|07|18 - 17:50 bis 18:00 | SWR 2 SWR2 Jazz vor Sechs \u2013 Marilyn Mazur: Wings in July 10|07|18 - 22:04 bis 00:00 | WDR\u2026","rel":"","context":"In &quot;News&quot;","block_context":{"text":"News","link":"https:\/\/www.jazzzeitung.de\/cms\/thema\/nachrichten\/"},"img":{"alt_text":"Jazz im Radio","src":"https:\/\/i0.wp.com\/www.jazzzeitung.de\/cms\/wp-content\/uploads\/2017\/10\/radio-jazz-neu.jpg?fit=1200%2C900&ssl=1&resize=350%2C200","width":350,"height":200,"srcset":"https:\/\/i0.wp.com\/www.jazzzeitung.de\/cms\/wp-content\/uploads\/2017\/10\/radio-jazz-neu.jpg?fit=1200%2C900&ssl=1&resize=350%2C200 1x, https:\/\/i0.wp.com\/www.jazzzeitung.de\/cms\/wp-content\/uploads\/2017\/10\/radio-jazz-neu.jpg?fit=1200%2C900&ssl=1&resize=525%2C300 1.5x, https:\/\/i0.wp.com\/www.jazzzeitung.de\/cms\/wp-content\/uploads\/2017\/10\/radio-jazz-neu.jpg?fit=1200%2C900&ssl=1&resize=700%2C400 2x, https:\/\/i0.wp.com\/www.jazzzeitung.de\/cms\/wp-content\/uploads\/2017\/10\/radio-jazz-neu.jpg?fit=1200%2C900&ssl=1&resize=1050%2C600 3x"},"classes":[]},{"id":14264,"url":"https:\/\/www.jazzzeitung.de\/cms\/2017\/11\/die-jazz-radiowoche-vom-20-11-bis-26-11-2017\/","url_meta":{"origin":16189,"position":5},"title":"Die Jazz-Radiowoche vom 20.11. bis 26.11.2017","author":"Martin Hufner","date":"19. November 2017","format":false,"excerpt":"Ein subjektiver Blick in die Jazzwoche 47 im Radio. Unter anderem: Chris Botti, Neuentdeckungen vom Reeperbahnfestival, Pianist Horace Parlan, Lisbeth Quartett, Oliwood, Hornung Trio, Akut-Festival, Nik B\u00e4rtsch's Ronin und hr-Bigband, Bundesjazzorchester, Margaret Whiting, Ant\u00f4nio Carlos Jobim, Duke Ellington, Big Circle, Airelle Besson, 24. Dortmunder Jazztage, Schweizer Pianist Florian Favre, Sylvie\u2026","rel":"","context":"In &quot;News&quot;","block_context":{"text":"News","link":"https:\/\/www.jazzzeitung.de\/cms\/thema\/nachrichten\/"},"img":{"alt_text":"Jazz im Radio","src":"https:\/\/i0.wp.com\/www.jazzzeitung.de\/cms\/wp-content\/uploads\/2017\/10\/radio-jazz-neu.jpg?fit=1200%2C900&ssl=1&resize=350%2C200","width":350,"height":200,"srcset":"https:\/\/i0.wp.com\/www.jazzzeitung.de\/cms\/wp-content\/uploads\/2017\/10\/radio-jazz-neu.jpg?fit=1200%2C900&ssl=1&resize=350%2C200 1x, https:\/\/i0.wp.com\/www.jazzzeitung.de\/cms\/wp-content\/uploads\/2017\/10\/radio-jazz-neu.jpg?fit=1200%2C900&ssl=1&resize=525%2C300 1.5x, https:\/\/i0.wp.com\/www.jazzzeitung.de\/cms\/wp-content\/uploads\/2017\/10\/radio-jazz-neu.jpg?fit=1200%2C900&ssl=1&resize=700%2C400 2x, https:\/\/i0.wp.com\/www.jazzzeitung.de\/cms\/wp-content\/uploads\/2017\/10\/radio-jazz-neu.jpg?fit=1200%2C900&ssl=1&resize=1050%2C600 3x"},"classes":[]}],"jetpack_sharing_enabled":true,"_links":{"self":[{"href":"https:\/\/www.jazzzeitung.de\/cms\/wp-json\/wp\/v2\/posts\/16189","targetHints":{"allow":["GET"]}}],"collection":[{"href":"https:\/\/www.jazzzeitung.de\/cms\/wp-json\/wp\/v2\/posts"}],"about":[{"href":"https:\/\/www.jazzzeitung.de\/cms\/wp-json\/wp\/v2\/types\/post"}],"author":[{"embeddable":true,"href":"https:\/\/www.jazzzeitung.de\/cms\/wp-json\/wp\/v2\/users\/2"}],"replies":[{"embeddable":true,"href":"https:\/\/www.jazzzeitung.de\/cms\/wp-json\/wp\/v2\/comments?post=16189"}],"version-history":[{"count":3,"href":"https:\/\/www.jazzzeitung.de\/cms\/wp-json\/wp\/v2\/posts\/16189\/revisions"}],"predecessor-version":[{"id":16192,"href":"https:\/\/www.jazzzeitung.de\/cms\/wp-json\/wp\/v2\/posts\/16189\/revisions\/16192"}],"wp:featuredmedia":[{"embeddable":true,"href":"https:\/\/www.jazzzeitung.de\/cms\/wp-json\/wp\/v2\/media\/16028"}],"wp:attachment":[{"href":"https:\/\/www.jazzzeitung.de\/cms\/wp-json\/wp\/v2\/media?parent=16189"}],"wp:term":[{"taxonomy":"category","embeddable":true,"href":"https:\/\/www.jazzzeitung.de\/cms\/wp-json\/wp\/v2\/categories?post=16189"},{"taxonomy":"post_tag","embeddable":true,"href":"https:\/\/www.jazzzeitung.de\/cms\/wp-json\/wp\/v2\/tags?post=16189"},{"taxonomy":"author","embeddable":true,"href":"https:\/\/www.jazzzeitung.de\/cms\/wp-json\/wp\/v2\/coauthors?post=16189"}],"curies":[{"name":"wp","href":"https:\/\/api.w.org\/{rel}","templated":true}]}}