{"id":16120,"date":"2018-05-24T11:48:46","date_gmt":"2018-05-24T09:48:46","guid":{"rendered":"https:\/\/www.jazzzeitung.de\/cms\/?p=16120"},"modified":"2018-05-23T10:46:26","modified_gmt":"2018-05-23T08:46:26","slug":"erfreuliche-neuerungen-in-der-gema-fuer-jazzmusiker","status":"publish","type":"post","link":"https:\/\/www.jazzzeitung.de\/cms\/2018\/05\/erfreuliche-neuerungen-in-der-gema-fuer-jazzmusiker\/","title":{"rendered":"Erfreuliche Neuerungen f\u00fcr Jazzmusiker in der GEMA"},"content":{"rendered":"<p><strong>Es gibt erfreuliche Ergebnisse der GEMA-Mitgliederversammlung vergangener Woche zu melden. Neben einer bedeutenden Satzungs\u00e4nderung und der Wiederwahl von UDJ-Mitgliedern in Aufsichtsrat und Sitzungsgeldkommission wurden mehrere UDJ-Mitgliedern als Delegierte der Angeschlossenen und Au\u00dferordentlichen Mitgliedern gew\u00e4hlt.<br \/>\n<\/strong>Bei der angesprochenen Satzungs\u00e4nderung handelt es sich um die k\u00fcnftig h\u00f6here Einstufung anspruchsvollerer Jazzkompositionen. \u201eEs wird eine zus\u00e4tzliche Kategorie f\u00fcr \u201eKonzertwerke besonderer Komplexit\u00e4t&#8220; eingef\u00fchrt, bei der entsprechende Jazzkompositionen eine h\u00f6here Bewertung erhalten k\u00f6nnen&#8220;, erkl\u00e4rt UDJ-Vorstand Wolfgang Lackerschmid. \u201eDas bedeutet nicht zuletzt eine bessere Verg\u00fctung von Auff\u00fchrungen dieser Werke.&#8220; Die bisherige Kategorie f\u00fcr \u201enormale&#8220; Jazzkompositionen mit Konzertcharakter bleibt weiterhin bestehen.<\/p>\n<p>Lackerschmid (Titelbild) wurde im Rahmen der GEMA-Mitgliederversammlung erneut in die Sitzungsgeldkommission gew\u00e4hlt. Auch UDJ-Mitglied Jochen Schmidt-Hambrock wurde \u00a0erneut in den Aufsichtsrat gew\u00e4hlt. Zudem z\u00e4hlen nun mehrere JazzmusikerInnen zu den Delegierten der Angeschlossenen und Au\u00dferordentlichen GEMA-Mitglieder, darunter die UDJ-Mitglieder Silke Eberhard, Stefanie Schlesinger sowie Andreas Dombert, der dar\u00fcber hinaus in den Wertungsausschuss gew\u00e4hlt wurde.<\/p>\n<p>\u201eWir freuen uns \u00fcber die starke Repr\u00e4sentanz des Jazz in der GEMA und w\u00fcnschen allen gew\u00e4hlten Kolleginnen und Kollegen viel Erfolg f\u00fcr diese\u00a0wichtige Arbeit!&#8220; sagte Nikolaus Neuser, Vorsitzender der Union Deutscher Jazzmusiker.<\/p>\n","protected":false},"excerpt":{"rendered":"<p>Es gibt erfreuliche Ergebnisse der GEMA-Mitgliederversammlung vergangener Woche zu melden. Neben einer bedeutenden Satzungs\u00e4nderung und der Wiederwahl von UDJ-Mitgliedern in Aufsichtsrat und Sitzungsgeldkommission wurden mehrere UDJ-Mitgliedern als Delegierte der Angeschlossenen und Au\u00dferordentlichen Mitgliedern gew\u00e4hlt. Bei der angesprochenen Satzungs\u00e4nderung handelt es sich um die k\u00fcnftig h\u00f6here Einstufung anspruchsvollerer Jazzkompositionen. \u201eEs wird eine zus\u00e4tzliche Kategorie f\u00fcr \u201eKonzertwerke besonderer Komplexit\u00e4t&#8220; eingef\u00fchrt, bei der entsprechende Jazzkompositionen eine h\u00f6here Bewertung erhalten k\u00f6nnen&#8220;, erkl\u00e4rt UDJ-Vorstand Wolfgang Lackerschmid. \u201eDas bedeutet nicht zuletzt eine bessere Verg\u00fctung von Auff\u00fchrungen dieser Werke.&#8220; Die bisherige Kategorie f\u00fcr \u201enormale&#8220; Jazzkompositionen mit Konzertcharakter bleibt weiterhin bestehen. Lackerschmid (Titelbild) wurde im Rahmen der GEMA-Mitgliederversammlung erneut in die Sitzungsgeldkommission gew\u00e4hlt. Auch UDJ-Mitglied Jochen Schmidt-Hambrock wurde \u00a0erneut in den Aufsichtsrat gew\u00e4hlt. Zudem z\u00e4hlen nun mehrere JazzmusikerInnen zu den Delegierten der Angeschlossenen und Au\u00dferordentlichen GEMA-Mitglieder, darunter die UDJ-Mitglieder Silke Eberhard, Stefanie Schlesinger sowie Andreas Dombert, der dar\u00fcber hinaus in den Wertungsausschuss gew\u00e4hlt wurde. \u201eWir freuen uns \u00fcber die starke Repr\u00e4sentanz des Jazz in der GEMA und w\u00fcnschen allen gew\u00e4hlten Kolleginnen und Kollegen viel Erfolg f\u00fcr diese\u00a0wichtige Arbeit!&#8220; sagte Nikolaus Neuser, Vorsitzender der Union Deutscher Jazzmusiker.<\/p>\n","protected":false},"author":18,"featured_media":16123,"comment_status":"open","ping_status":"closed","sticky":false,"template":"","format":"standard","meta":{"_jetpack_memberships_contains_paid_content":false,"footnotes":"","jetpack_publicize_message":"","jetpack_publicize_feature_enabled":true,"jetpack_social_post_already_shared":false,"jetpack_social_options":{"image_generator_settings":{"template":"highway","default_image_id":0,"font":"","enabled":false},"version":2}},"categories":[633],"tags":[941,194,1876,281,798,1303,1682,565,571,1469],"coauthors":[695],"class_list":["post-16120","post","type-post","status-publish","format-standard","has-post-thumbnail","hentry","category-nachrichten","tag-andreas-dombert","tag-gema","tag-jazz","tag-jazzmusiker","tag-jazzmusikerinnen","tag-nikolaus-neuser","tag-silke-eberhard","tag-udj","tag-union-deutscher-jazzmusiker","tag-wolfgang-lackerschmid"],"yoast_head":"<!-- This site is optimized with the Yoast SEO plugin v27.5 - https:\/\/yoast.com\/product\/yoast-seo-wordpress\/ -->\n<title>Erfreuliche Neuerungen f\u00fcr Jazzmusiker in der GEMA - JazzZeitung<\/title>\n<meta name=\"robots\" content=\"index, follow, max-snippet:-1, max-image-preview:large, max-video-preview:-1\" \/>\n<link rel=\"canonical\" href=\"https:\/\/www.jazzzeitung.de\/cms\/2018\/05\/erfreuliche-neuerungen-in-der-gema-fuer-jazzmusiker\/\" \/>\n<meta property=\"og:locale\" content=\"de_DE\" \/>\n<meta property=\"og:type\" content=\"article\" \/>\n<meta property=\"og:title\" content=\"Erfreuliche Neuerungen f\u00fcr Jazzmusiker in der GEMA - JazzZeitung\" \/>\n<meta property=\"og:description\" content=\"Es gibt erfreuliche Ergebnisse der GEMA-Mitgliederversammlung vergangener Woche zu melden. Neben einer bedeutenden Satzungs\u00e4nderung und der Wiederwahl von UDJ-Mitgliedern in Aufsichtsrat und Sitzungsgeldkommission wurden mehrere UDJ-Mitgliedern als Delegierte der Angeschlossenen und Au\u00dferordentlichen Mitgliedern gew\u00e4hlt. Bei der angesprochenen Satzungs\u00e4nderung handelt es sich um die k\u00fcnftig h\u00f6here Einstufung anspruchsvollerer Jazzkompositionen. \u201eEs wird eine zus\u00e4tzliche Kategorie f\u00fcr \u201eKonzertwerke besonderer Komplexit\u00e4t&#8220; eingef\u00fchrt, bei der entsprechende Jazzkompositionen eine h\u00f6here Bewertung erhalten k\u00f6nnen&#8220;, erkl\u00e4rt UDJ-Vorstand Wolfgang Lackerschmid. \u201eDas bedeutet nicht zuletzt eine bessere Verg\u00fctung von Auff\u00fchrungen dieser Werke.&#8220; Die bisherige Kategorie f\u00fcr \u201enormale&#8220; Jazzkompositionen mit Konzertcharakter bleibt weiterhin bestehen. Lackerschmid (Titelbild) wurde im Rahmen der GEMA-Mitgliederversammlung erneut in die Sitzungsgeldkommission gew\u00e4hlt. Auch UDJ-Mitglied Jochen Schmidt-Hambrock wurde \u00a0erneut in den Aufsichtsrat gew\u00e4hlt. Zudem z\u00e4hlen nun mehrere JazzmusikerInnen zu den Delegierten der Angeschlossenen und Au\u00dferordentlichen GEMA-Mitglieder, darunter die UDJ-Mitglieder Silke Eberhard, Stefanie Schlesinger sowie Andreas Dombert, der dar\u00fcber hinaus in den Wertungsausschuss gew\u00e4hlt wurde. \u201eWir freuen uns \u00fcber die starke Repr\u00e4sentanz des Jazz in der GEMA und w\u00fcnschen allen gew\u00e4hlten Kolleginnen und Kollegen viel Erfolg f\u00fcr diese\u00a0wichtige Arbeit!&#8220; sagte Nikolaus Neuser, Vorsitzender der Union Deutscher Jazzmusiker.\" \/>\n<meta property=\"og:url\" content=\"https:\/\/www.jazzzeitung.de\/cms\/2018\/05\/erfreuliche-neuerungen-in-der-gema-fuer-jazzmusiker\/\" \/>\n<meta property=\"og:site_name\" content=\"JazzZeitung\" \/>\n<meta property=\"article:publisher\" content=\"https:\/\/www.facebook.com\/JazzZeitung\/\" \/>\n<meta property=\"article:published_time\" content=\"2018-05-24T09:48:46+00:00\" \/>\n<meta property=\"og:image\" content=\"https:\/\/i0.wp.com\/www.jazzzeitung.de\/cms\/wp-content\/uploads\/2018\/05\/Wolfgang_Lackerschmid_c_Christian_Hartmann.jpg?fit=2048%2C1366&ssl=1\" \/>\n\t<meta property=\"og:image:width\" content=\"2048\" \/>\n\t<meta property=\"og:image:height\" content=\"1366\" \/>\n\t<meta property=\"og:image:type\" content=\"image\/jpeg\" \/>\n<meta name=\"author\" content=\"Redaktion JazzZeitung\" \/>\n<script type=\"application\/ld+json\" class=\"yoast-schema-graph\">{\"@context\":\"https:\\\/\\\/schema.org\",\"@graph\":[{\"@type\":\"Article\",\"@id\":\"https:\\\/\\\/www.jazzzeitung.de\\\/cms\\\/2018\\\/05\\\/erfreuliche-neuerungen-in-der-gema-fuer-jazzmusiker\\\/#article\",\"isPartOf\":{\"@id\":\"https:\\\/\\\/www.jazzzeitung.de\\\/cms\\\/2018\\\/05\\\/erfreuliche-neuerungen-in-der-gema-fuer-jazzmusiker\\\/\"},\"author\":{\"name\":\"Redaktion JazzZeitung\",\"@id\":\"https:\\\/\\\/www.jazzzeitung.de\\\/cms\\\/#\\\/schema\\\/person\\\/2245b36b9cd1d24cea10f01c031fb92b\"},\"headline\":\"Erfreuliche Neuerungen f\u00fcr Jazzmusiker in der GEMA\",\"datePublished\":\"2018-05-24T09:48:46+00:00\",\"mainEntityOfPage\":{\"@id\":\"https:\\\/\\\/www.jazzzeitung.de\\\/cms\\\/2018\\\/05\\\/erfreuliche-neuerungen-in-der-gema-fuer-jazzmusiker\\\/\"},\"wordCount\":213,\"commentCount\":0,\"publisher\":{\"@id\":\"https:\\\/\\\/www.jazzzeitung.de\\\/cms\\\/#organization\"},\"image\":{\"@id\":\"https:\\\/\\\/www.jazzzeitung.de\\\/cms\\\/2018\\\/05\\\/erfreuliche-neuerungen-in-der-gema-fuer-jazzmusiker\\\/#primaryimage\"},\"thumbnailUrl\":\"https:\\\/\\\/i0.wp.com\\\/www.jazzzeitung.de\\\/cms\\\/wp-content\\\/uploads\\\/2018\\\/05\\\/Wolfgang_Lackerschmid_c_Christian_Hartmann.jpg?fit=2048%2C1366&ssl=1\",\"keywords\":[\"Andreas Dombert\",\"GEMA\",\"Jazz\",\"Jazzmusiker\",\"Jazzmusikerinnen\",\"Nikolaus Neuser\",\"Silke Eberhard\",\"UdJ\",\"Union deutscher Jazzmusiker\",\"Wolfgang Lackerschmid\"],\"articleSection\":[\"News\"],\"inLanguage\":\"de\",\"potentialAction\":[{\"@type\":\"CommentAction\",\"name\":\"Comment\",\"target\":[\"https:\\\/\\\/www.jazzzeitung.de\\\/cms\\\/2018\\\/05\\\/erfreuliche-neuerungen-in-der-gema-fuer-jazzmusiker\\\/#respond\"]}]},{\"@type\":\"WebPage\",\"@id\":\"https:\\\/\\\/www.jazzzeitung.de\\\/cms\\\/2018\\\/05\\\/erfreuliche-neuerungen-in-der-gema-fuer-jazzmusiker\\\/\",\"url\":\"https:\\\/\\\/www.jazzzeitung.de\\\/cms\\\/2018\\\/05\\\/erfreuliche-neuerungen-in-der-gema-fuer-jazzmusiker\\\/\",\"name\":\"Erfreuliche Neuerungen f\u00fcr Jazzmusiker in der GEMA - JazzZeitung\",\"isPartOf\":{\"@id\":\"https:\\\/\\\/www.jazzzeitung.de\\\/cms\\\/#website\"},\"primaryImageOfPage\":{\"@id\":\"https:\\\/\\\/www.jazzzeitung.de\\\/cms\\\/2018\\\/05\\\/erfreuliche-neuerungen-in-der-gema-fuer-jazzmusiker\\\/#primaryimage\"},\"image\":{\"@id\":\"https:\\\/\\\/www.jazzzeitung.de\\\/cms\\\/2018\\\/05\\\/erfreuliche-neuerungen-in-der-gema-fuer-jazzmusiker\\\/#primaryimage\"},\"thumbnailUrl\":\"https:\\\/\\\/i0.wp.com\\\/www.jazzzeitung.de\\\/cms\\\/wp-content\\\/uploads\\\/2018\\\/05\\\/Wolfgang_Lackerschmid_c_Christian_Hartmann.jpg?fit=2048%2C1366&ssl=1\",\"datePublished\":\"2018-05-24T09:48:46+00:00\",\"breadcrumb\":{\"@id\":\"https:\\\/\\\/www.jazzzeitung.de\\\/cms\\\/2018\\\/05\\\/erfreuliche-neuerungen-in-der-gema-fuer-jazzmusiker\\\/#breadcrumb\"},\"inLanguage\":\"de\",\"potentialAction\":[{\"@type\":\"ReadAction\",\"target\":[\"https:\\\/\\\/www.jazzzeitung.de\\\/cms\\\/2018\\\/05\\\/erfreuliche-neuerungen-in-der-gema-fuer-jazzmusiker\\\/\"]}]},{\"@type\":\"ImageObject\",\"inLanguage\":\"de\",\"@id\":\"https:\\\/\\\/www.jazzzeitung.de\\\/cms\\\/2018\\\/05\\\/erfreuliche-neuerungen-in-der-gema-fuer-jazzmusiker\\\/#primaryimage\",\"url\":\"https:\\\/\\\/i0.wp.com\\\/www.jazzzeitung.de\\\/cms\\\/wp-content\\\/uploads\\\/2018\\\/05\\\/Wolfgang_Lackerschmid_c_Christian_Hartmann.jpg?fit=2048%2C1366&ssl=1\",\"contentUrl\":\"https:\\\/\\\/i0.wp.com\\\/www.jazzzeitung.de\\\/cms\\\/wp-content\\\/uploads\\\/2018\\\/05\\\/Wolfgang_Lackerschmid_c_Christian_Hartmann.jpg?fit=2048%2C1366&ssl=1\",\"width\":2048,\"height\":1366},{\"@type\":\"BreadcrumbList\",\"@id\":\"https:\\\/\\\/www.jazzzeitung.de\\\/cms\\\/2018\\\/05\\\/erfreuliche-neuerungen-in-der-gema-fuer-jazzmusiker\\\/#breadcrumb\",\"itemListElement\":[{\"@type\":\"ListItem\",\"position\":1,\"name\":\"Startseite\",\"item\":\"https:\\\/\\\/www.jazzzeitung.de\\\/cms\\\/\"},{\"@type\":\"ListItem\",\"position\":2,\"name\":\"Erfreuliche Neuerungen f\u00fcr Jazzmusiker in der GEMA\"}]},{\"@type\":\"WebSite\",\"@id\":\"https:\\\/\\\/www.jazzzeitung.de\\\/cms\\\/#website\",\"url\":\"https:\\\/\\\/www.jazzzeitung.de\\\/cms\\\/\",\"name\":\"JazzZeitung\",\"description\":\"Jazz-News und Jazz-Kontroverses\",\"publisher\":{\"@id\":\"https:\\\/\\\/www.jazzzeitung.de\\\/cms\\\/#organization\"},\"potentialAction\":[{\"@type\":\"SearchAction\",\"target\":{\"@type\":\"EntryPoint\",\"urlTemplate\":\"https:\\\/\\\/www.jazzzeitung.de\\\/cms\\\/?s={search_term_string}\"},\"query-input\":{\"@type\":\"PropertyValueSpecification\",\"valueRequired\":true,\"valueName\":\"search_term_string\"}}],\"inLanguage\":\"de\"},{\"@type\":\"Organization\",\"@id\":\"https:\\\/\\\/www.jazzzeitung.de\\\/cms\\\/#organization\",\"name\":\"JazzZeitung online\",\"url\":\"https:\\\/\\\/www.jazzzeitung.de\\\/cms\\\/\",\"logo\":{\"@type\":\"ImageObject\",\"inLanguage\":\"de\",\"@id\":\"https:\\\/\\\/www.jazzzeitung.de\\\/cms\\\/#\\\/schema\\\/logo\\\/image\\\/\",\"url\":\"https:\\\/\\\/i0.wp.com\\\/www.jazzzeitung.de\\\/cms\\\/wp-content\\\/uploads\\\/2015\\\/08\\\/JAZZZEITUNGDE_Logo_Neu.png?fit=499%2C200&ssl=1\",\"contentUrl\":\"https:\\\/\\\/i0.wp.com\\\/www.jazzzeitung.de\\\/cms\\\/wp-content\\\/uploads\\\/2015\\\/08\\\/JAZZZEITUNGDE_Logo_Neu.png?fit=499%2C200&ssl=1\",\"width\":499,\"height\":200,\"caption\":\"JazzZeitung online\"},\"image\":{\"@id\":\"https:\\\/\\\/www.jazzzeitung.de\\\/cms\\\/#\\\/schema\\\/logo\\\/image\\\/\"},\"sameAs\":[\"https:\\\/\\\/www.facebook.com\\\/JazzZeitung\\\/\"]},{\"@type\":\"Person\",\"@id\":\"https:\\\/\\\/www.jazzzeitung.de\\\/cms\\\/#\\\/schema\\\/person\\\/2245b36b9cd1d24cea10f01c031fb92b\",\"name\":\"Redaktion JazzZeitung\",\"image\":{\"@type\":\"ImageObject\",\"inLanguage\":\"de\",\"@id\":\"https:\\\/\\\/i0.wp.com\\\/www.jazzzeitung.de\\\/cms\\\/wp-content\\\/uploads\\\/2015\\\/08\\\/JAZZZEITUNGDE_Logo_Neu.png?resize=96%2C96&ssl=159975dcacb611b5700bd619b5daf0a7a\",\"url\":\"https:\\\/\\\/i0.wp.com\\\/www.jazzzeitung.de\\\/cms\\\/wp-content\\\/uploads\\\/2015\\\/08\\\/JAZZZEITUNGDE_Logo_Neu.png?resize=96%2C96&ssl=1\",\"contentUrl\":\"https:\\\/\\\/i0.wp.com\\\/www.jazzzeitung.de\\\/cms\\\/wp-content\\\/uploads\\\/2015\\\/08\\\/JAZZZEITUNGDE_Logo_Neu.png?resize=96%2C96&ssl=1\",\"caption\":\"Redaktion JazzZeitung\"},\"description\":\"Artikel der Redaktion der JazzZeitung.\",\"sameAs\":[\"http:\\\/\\\/www.jazzzeitung.de\\\/cms\\\/\"],\"url\":\"https:\\\/\\\/www.jazzzeitung.de\\\/cms\\\/author\\\/redaktion\\\/\"}]}<\/script>\n<!-- \/ Yoast SEO plugin. -->","yoast_head_json":{"title":"Erfreuliche Neuerungen f\u00fcr Jazzmusiker in der GEMA - JazzZeitung","robots":{"index":"index","follow":"follow","max-snippet":"max-snippet:-1","max-image-preview":"max-image-preview:large","max-video-preview":"max-video-preview:-1"},"canonical":"https:\/\/www.jazzzeitung.de\/cms\/2018\/05\/erfreuliche-neuerungen-in-der-gema-fuer-jazzmusiker\/","og_locale":"de_DE","og_type":"article","og_title":"Erfreuliche Neuerungen f\u00fcr Jazzmusiker in der GEMA - JazzZeitung","og_description":"Es gibt erfreuliche Ergebnisse der GEMA-Mitgliederversammlung vergangener Woche zu melden. Neben einer bedeutenden Satzungs\u00e4nderung und der Wiederwahl von UDJ-Mitgliedern in Aufsichtsrat und Sitzungsgeldkommission wurden mehrere UDJ-Mitgliedern als Delegierte der Angeschlossenen und Au\u00dferordentlichen Mitgliedern gew\u00e4hlt. Bei der angesprochenen Satzungs\u00e4nderung handelt es sich um die k\u00fcnftig h\u00f6here Einstufung anspruchsvollerer Jazzkompositionen. \u201eEs wird eine zus\u00e4tzliche Kategorie f\u00fcr \u201eKonzertwerke besonderer Komplexit\u00e4t&#8220; eingef\u00fchrt, bei der entsprechende Jazzkompositionen eine h\u00f6here Bewertung erhalten k\u00f6nnen&#8220;, erkl\u00e4rt UDJ-Vorstand Wolfgang Lackerschmid. \u201eDas bedeutet nicht zuletzt eine bessere Verg\u00fctung von Auff\u00fchrungen dieser Werke.&#8220; Die bisherige Kategorie f\u00fcr \u201enormale&#8220; Jazzkompositionen mit Konzertcharakter bleibt weiterhin bestehen. Lackerschmid (Titelbild) wurde im Rahmen der GEMA-Mitgliederversammlung erneut in die Sitzungsgeldkommission gew\u00e4hlt. Auch UDJ-Mitglied Jochen Schmidt-Hambrock wurde \u00a0erneut in den Aufsichtsrat gew\u00e4hlt. Zudem z\u00e4hlen nun mehrere JazzmusikerInnen zu den Delegierten der Angeschlossenen und Au\u00dferordentlichen GEMA-Mitglieder, darunter die UDJ-Mitglieder Silke Eberhard, Stefanie Schlesinger sowie Andreas Dombert, der dar\u00fcber hinaus in den Wertungsausschuss gew\u00e4hlt wurde. \u201eWir freuen uns \u00fcber die starke Repr\u00e4sentanz des Jazz in der GEMA und w\u00fcnschen allen gew\u00e4hlten Kolleginnen und Kollegen viel Erfolg f\u00fcr diese\u00a0wichtige Arbeit!&#8220; sagte Nikolaus Neuser, Vorsitzender der Union Deutscher Jazzmusiker.","og_url":"https:\/\/www.jazzzeitung.de\/cms\/2018\/05\/erfreuliche-neuerungen-in-der-gema-fuer-jazzmusiker\/","og_site_name":"JazzZeitung","article_publisher":"https:\/\/www.facebook.com\/JazzZeitung\/","article_published_time":"2018-05-24T09:48:46+00:00","og_image":[{"width":2048,"height":1366,"url":"https:\/\/i0.wp.com\/www.jazzzeitung.de\/cms\/wp-content\/uploads\/2018\/05\/Wolfgang_Lackerschmid_c_Christian_Hartmann.jpg?fit=2048%2C1366&ssl=1","type":"image\/jpeg"}],"author":"Redaktion JazzZeitung","schema":{"@context":"https:\/\/schema.org","@graph":[{"@type":"Article","@id":"https:\/\/www.jazzzeitung.de\/cms\/2018\/05\/erfreuliche-neuerungen-in-der-gema-fuer-jazzmusiker\/#article","isPartOf":{"@id":"https:\/\/www.jazzzeitung.de\/cms\/2018\/05\/erfreuliche-neuerungen-in-der-gema-fuer-jazzmusiker\/"},"author":{"name":"Redaktion JazzZeitung","@id":"https:\/\/www.jazzzeitung.de\/cms\/#\/schema\/person\/2245b36b9cd1d24cea10f01c031fb92b"},"headline":"Erfreuliche Neuerungen f\u00fcr Jazzmusiker in der GEMA","datePublished":"2018-05-24T09:48:46+00:00","mainEntityOfPage":{"@id":"https:\/\/www.jazzzeitung.de\/cms\/2018\/05\/erfreuliche-neuerungen-in-der-gema-fuer-jazzmusiker\/"},"wordCount":213,"commentCount":0,"publisher":{"@id":"https:\/\/www.jazzzeitung.de\/cms\/#organization"},"image":{"@id":"https:\/\/www.jazzzeitung.de\/cms\/2018\/05\/erfreuliche-neuerungen-in-der-gema-fuer-jazzmusiker\/#primaryimage"},"thumbnailUrl":"https:\/\/i0.wp.com\/www.jazzzeitung.de\/cms\/wp-content\/uploads\/2018\/05\/Wolfgang_Lackerschmid_c_Christian_Hartmann.jpg?fit=2048%2C1366&ssl=1","keywords":["Andreas Dombert","GEMA","Jazz","Jazzmusiker","Jazzmusikerinnen","Nikolaus Neuser","Silke Eberhard","UdJ","Union deutscher Jazzmusiker","Wolfgang Lackerschmid"],"articleSection":["News"],"inLanguage":"de","potentialAction":[{"@type":"CommentAction","name":"Comment","target":["https:\/\/www.jazzzeitung.de\/cms\/2018\/05\/erfreuliche-neuerungen-in-der-gema-fuer-jazzmusiker\/#respond"]}]},{"@type":"WebPage","@id":"https:\/\/www.jazzzeitung.de\/cms\/2018\/05\/erfreuliche-neuerungen-in-der-gema-fuer-jazzmusiker\/","url":"https:\/\/www.jazzzeitung.de\/cms\/2018\/05\/erfreuliche-neuerungen-in-der-gema-fuer-jazzmusiker\/","name":"Erfreuliche Neuerungen f\u00fcr Jazzmusiker in der GEMA - JazzZeitung","isPartOf":{"@id":"https:\/\/www.jazzzeitung.de\/cms\/#website"},"primaryImageOfPage":{"@id":"https:\/\/www.jazzzeitung.de\/cms\/2018\/05\/erfreuliche-neuerungen-in-der-gema-fuer-jazzmusiker\/#primaryimage"},"image":{"@id":"https:\/\/www.jazzzeitung.de\/cms\/2018\/05\/erfreuliche-neuerungen-in-der-gema-fuer-jazzmusiker\/#primaryimage"},"thumbnailUrl":"https:\/\/i0.wp.com\/www.jazzzeitung.de\/cms\/wp-content\/uploads\/2018\/05\/Wolfgang_Lackerschmid_c_Christian_Hartmann.jpg?fit=2048%2C1366&ssl=1","datePublished":"2018-05-24T09:48:46+00:00","breadcrumb":{"@id":"https:\/\/www.jazzzeitung.de\/cms\/2018\/05\/erfreuliche-neuerungen-in-der-gema-fuer-jazzmusiker\/#breadcrumb"},"inLanguage":"de","potentialAction":[{"@type":"ReadAction","target":["https:\/\/www.jazzzeitung.de\/cms\/2018\/05\/erfreuliche-neuerungen-in-der-gema-fuer-jazzmusiker\/"]}]},{"@type":"ImageObject","inLanguage":"de","@id":"https:\/\/www.jazzzeitung.de\/cms\/2018\/05\/erfreuliche-neuerungen-in-der-gema-fuer-jazzmusiker\/#primaryimage","url":"https:\/\/i0.wp.com\/www.jazzzeitung.de\/cms\/wp-content\/uploads\/2018\/05\/Wolfgang_Lackerschmid_c_Christian_Hartmann.jpg?fit=2048%2C1366&ssl=1","contentUrl":"https:\/\/i0.wp.com\/www.jazzzeitung.de\/cms\/wp-content\/uploads\/2018\/05\/Wolfgang_Lackerschmid_c_Christian_Hartmann.jpg?fit=2048%2C1366&ssl=1","width":2048,"height":1366},{"@type":"BreadcrumbList","@id":"https:\/\/www.jazzzeitung.de\/cms\/2018\/05\/erfreuliche-neuerungen-in-der-gema-fuer-jazzmusiker\/#breadcrumb","itemListElement":[{"@type":"ListItem","position":1,"name":"Startseite","item":"https:\/\/www.jazzzeitung.de\/cms\/"},{"@type":"ListItem","position":2,"name":"Erfreuliche Neuerungen f\u00fcr Jazzmusiker in der GEMA"}]},{"@type":"WebSite","@id":"https:\/\/www.jazzzeitung.de\/cms\/#website","url":"https:\/\/www.jazzzeitung.de\/cms\/","name":"JazzZeitung","description":"Jazz-News und Jazz-Kontroverses","publisher":{"@id":"https:\/\/www.jazzzeitung.de\/cms\/#organization"},"potentialAction":[{"@type":"SearchAction","target":{"@type":"EntryPoint","urlTemplate":"https:\/\/www.jazzzeitung.de\/cms\/?s={search_term_string}"},"query-input":{"@type":"PropertyValueSpecification","valueRequired":true,"valueName":"search_term_string"}}],"inLanguage":"de"},{"@type":"Organization","@id":"https:\/\/www.jazzzeitung.de\/cms\/#organization","name":"JazzZeitung online","url":"https:\/\/www.jazzzeitung.de\/cms\/","logo":{"@type":"ImageObject","inLanguage":"de","@id":"https:\/\/www.jazzzeitung.de\/cms\/#\/schema\/logo\/image\/","url":"https:\/\/i0.wp.com\/www.jazzzeitung.de\/cms\/wp-content\/uploads\/2015\/08\/JAZZZEITUNGDE_Logo_Neu.png?fit=499%2C200&ssl=1","contentUrl":"https:\/\/i0.wp.com\/www.jazzzeitung.de\/cms\/wp-content\/uploads\/2015\/08\/JAZZZEITUNGDE_Logo_Neu.png?fit=499%2C200&ssl=1","width":499,"height":200,"caption":"JazzZeitung online"},"image":{"@id":"https:\/\/www.jazzzeitung.de\/cms\/#\/schema\/logo\/image\/"},"sameAs":["https:\/\/www.facebook.com\/JazzZeitung\/"]},{"@type":"Person","@id":"https:\/\/www.jazzzeitung.de\/cms\/#\/schema\/person\/2245b36b9cd1d24cea10f01c031fb92b","name":"Redaktion JazzZeitung","image":{"@type":"ImageObject","inLanguage":"de","@id":"https:\/\/i0.wp.com\/www.jazzzeitung.de\/cms\/wp-content\/uploads\/2015\/08\/JAZZZEITUNGDE_Logo_Neu.png?resize=96%2C96&ssl=159975dcacb611b5700bd619b5daf0a7a","url":"https:\/\/i0.wp.com\/www.jazzzeitung.de\/cms\/wp-content\/uploads\/2015\/08\/JAZZZEITUNGDE_Logo_Neu.png?resize=96%2C96&ssl=1","contentUrl":"https:\/\/i0.wp.com\/www.jazzzeitung.de\/cms\/wp-content\/uploads\/2015\/08\/JAZZZEITUNGDE_Logo_Neu.png?resize=96%2C96&ssl=1","caption":"Redaktion JazzZeitung"},"description":"Artikel der Redaktion der JazzZeitung.","sameAs":["http:\/\/www.jazzzeitung.de\/cms\/"],"url":"https:\/\/www.jazzzeitung.de\/cms\/author\/redaktion\/"}]}},"wp-worthy-pixel":{"ignored":false,"public":null,"server":null,"url":null},"wp-worthy-type":"normal","jetpack_publicize_connections":[],"cc_featured_image_caption":{"caption_text":"","source_text":"","source_url":""},"jetpack_featured_media_url":"https:\/\/i0.wp.com\/www.jazzzeitung.de\/cms\/wp-content\/uploads\/2018\/05\/Wolfgang_Lackerschmid_c_Christian_Hartmann.jpg?fit=2048%2C1366&ssl=1","jetpack_shortlink":"https:\/\/wp.me\/p3KEcT-4c0","jetpack-related-posts":[{"id":19073,"url":"https:\/\/www.jazzzeitung.de\/cms\/2019\/04\/neue-urheberrechtsrichtlinie-und-der-jazz-workshop-und-podiumsdiskussion-auf-der-frankfurter-musikmesse\/","url_meta":{"origin":16120,"position":0},"title":"Neue Urheberrechtsrichtlinie und der Jazz: Workshop und Podiumsdiskussion auf der Frankfurter Musikmesse","author":"Redaktion JazzZeitung","date":"2. April 2019","format":false,"excerpt":"Die Union Deutscher Jazzmusiker (UDJ) l\u00e4dt am 03. 04. 2019 zu zwei Veranstaltungen zur neuen Urheberrechtsrichtlinie auf der Frankfurter Musikmesse ein. Nach dem das EU-Parlament vergangene Woche der neuen Urheberrechtsnovelle zugestimmt hat, sollen im Rahmen eines \u201eOpen Space\u201c-Workshops aktuelle Fragestellungen zum Thema Urheberrecht und Rechteverwertung im digitalen Umfeld\u00a0 diskutiert und\u2026","rel":"","context":"In &quot;News&quot;","block_context":{"text":"News","link":"https:\/\/www.jazzzeitung.de\/cms\/thema\/nachrichten\/"},"img":{"alt_text":"","src":"","width":0,"height":0},"classes":[]},{"id":10223,"url":"https:\/\/www.jazzzeitung.de\/cms\/2016\/10\/23-udj-jazzforum-17-18-november-2016-im-stadtgarten-koeln\/","url_meta":{"origin":16120,"position":1},"title":"23. UDJ-Jazzforum am 17.\/18. November 2016 im Stadtgarten K\u00f6ln","author":"Redaktion JazzZeitung","date":"14. Oktober 2016","format":false,"excerpt":"Am 17. und 18. November 2016 wird das 23. UDJ-Jazzforum MusikerInnen, Kulturschaffende und JazzliebhaberInnen aus ganz Deutschland in den Stadtgarten K\u00f6ln locken. Die Union Deutscher Jazzmusiker ist das Sprachrohr der Jazzmusikerinnen und -musiker in Deutschland. Im Alltag tritt die UDJ als Interessenvereinigung seit \u00fcber 40 Jahren vorrangig bundespolitisch in Erscheinung\u2026","rel":"","context":"In &quot;News&quot;","block_context":{"text":"News","link":"https:\/\/www.jazzzeitung.de\/cms\/thema\/nachrichten\/"},"img":{"alt_text":"","src":"https:\/\/i0.wp.com\/www.jazzzeitung.de\/cms\/wp-content\/uploads\/2016\/10\/JAZZFORUM-WEB_765x1082.jpg?fit=765%2C1082&ssl=1&resize=350%2C200","width":350,"height":200,"srcset":"https:\/\/i0.wp.com\/www.jazzzeitung.de\/cms\/wp-content\/uploads\/2016\/10\/JAZZFORUM-WEB_765x1082.jpg?fit=765%2C1082&ssl=1&resize=350%2C200 1x, https:\/\/i0.wp.com\/www.jazzzeitung.de\/cms\/wp-content\/uploads\/2016\/10\/JAZZFORUM-WEB_765x1082.jpg?fit=765%2C1082&ssl=1&resize=525%2C300 1.5x, https:\/\/i0.wp.com\/www.jazzzeitung.de\/cms\/wp-content\/uploads\/2016\/10\/JAZZFORUM-WEB_765x1082.jpg?fit=765%2C1082&ssl=1&resize=700%2C400 2x"},"classes":[]},{"id":3386,"url":"https:\/\/www.jazzzeitung.de\/cms\/2014\/01\/beruf-jazzmusiker-6-gema-und-gvl\/","url_meta":{"origin":16120,"position":2},"title":"Beruf: Jazzmusiker (6) &#8211; GEMA und GVL","author":"Benjamin Schaefer","date":"15. Januar 2014","format":false,"excerpt":"Wie schon in der vorangegangenen Folge meines Blogs geht es auch diesmal um Institutionen, die f\u00fcr uns Musiker von zentraler Wichtigkeit sind: die Gesellschaft f\u00fcr mechanische Auff\u00fchrungsrechte (GEMA) und die Gesellschaft zur Verwertung von Leistungsschutzrechten (GVL). Beide Institutionen \u00fcbernehmen f\u00fcr uns Aufgaben, die wir als Einzelpersonen niemals bew\u00e4ltigen k\u00f6nnten: Sie\u2026","rel":"","context":"In &quot;Blog&quot;","block_context":{"text":"Blog","link":"https:\/\/www.jazzzeitung.de\/cms\/thema\/blog\/"},"img":{"alt_text":"","src":"","width":0,"height":0},"classes":[]},{"id":3462,"url":"https:\/\/www.jazzzeitung.de\/cms\/2014\/02\/beruf-jazzmusiker-7-ksk\/","url_meta":{"origin":16120,"position":3},"title":"Beruf: Jazzmusiker (7) &#8211; KSK","author":"Benjamin Schaefer","date":"1. Februar 2014","format":false,"excerpt":"Nachdem es in den beiden letzten Folgen meines Blogs um f\u00fcr Jazzmusiker wichtige Institutionen (UDJ beziehungsweise GEMA und GVL) ging, hier nun der dritte und letzte \u201eorganisatorische\u201c Teil, diesmal zum Thema KSK. Jazzmusiker sind in der Regel freiberuflich t\u00e4tig und erwirtschaften ihre Einnahmen aus Nicht-Angestelltenverh\u00e4ltnissen. Sie haben also keinen Arbeitgeber,\u2026","rel":"","context":"In &quot;Blog&quot;","block_context":{"text":"Blog","link":"https:\/\/www.jazzzeitung.de\/cms\/thema\/blog\/"},"img":{"alt_text":"","src":"","width":0,"height":0},"classes":[]},{"id":18903,"url":"https:\/\/www.jazzzeitung.de\/cms\/2019\/03\/laura-block-verstaerkt-udj-geschaeftsstelle-im-bereich-gleichstellung-von-frauen-im-jazz\/","url_meta":{"origin":16120,"position":4},"title":"Laura Block verst\u00e4rkt UDJ-Gesch\u00e4ftsstelle im Bereich Gleichstellung von Frauen im Jazz","author":"Redaktion JazzZeitung","date":"9. M\u00e4rz 2019","format":false,"excerpt":"Gleichstellung von Frauen im Jazz ist aktuell eines der wichtigsten Themen, f\u00fcr die sich die Union Deutscher Jazzmusiker e.V. (UDJ) als \u201eSprachrohr der Jazzmusikerinnen und Jazzmusiker in Deutschland\" einsetzt. Zum Jahresbeginn 2019 hat das Team der Gesch\u00e4ftsstelle in Berlin nun Verst\u00e4rkung bekommen: Die promovierte Sozialwissenschaftlerin Laura Block ist seit Januar\u2026","rel":"","context":"In &quot;News&quot;","block_context":{"text":"News","link":"https:\/\/www.jazzzeitung.de\/cms\/thema\/nachrichten\/"},"img":{"alt_text":"","src":"https:\/\/i0.wp.com\/www.jazzzeitung.de\/cms\/wp-content\/uploads\/2019\/03\/25bc0c91-5930-40a9-9c11-96afc256849a-e1552037230758.jpg?fit=897%2C1200&ssl=1&resize=350%2C200","width":350,"height":200,"srcset":"https:\/\/i0.wp.com\/www.jazzzeitung.de\/cms\/wp-content\/uploads\/2019\/03\/25bc0c91-5930-40a9-9c11-96afc256849a-e1552037230758.jpg?fit=897%2C1200&ssl=1&resize=350%2C200 1x, https:\/\/i0.wp.com\/www.jazzzeitung.de\/cms\/wp-content\/uploads\/2019\/03\/25bc0c91-5930-40a9-9c11-96afc256849a-e1552037230758.jpg?fit=897%2C1200&ssl=1&resize=525%2C300 1.5x, https:\/\/i0.wp.com\/www.jazzzeitung.de\/cms\/wp-content\/uploads\/2019\/03\/25bc0c91-5930-40a9-9c11-96afc256849a-e1552037230758.jpg?fit=897%2C1200&ssl=1&resize=700%2C400 2x"},"classes":[]},{"id":3252,"url":"https:\/\/www.jazzzeitung.de\/cms\/2014\/01\/beruf-jazzmusiker-5-zusammen-ist-man-weniger-allein\/","url_meta":{"origin":16120,"position":5},"title":"Beruf: Jazzmusiker (5) &#8211; Zusammen ist man weniger allein","author":"Benjamin Schaefer","date":"1. Januar 2014","format":false,"excerpt":"Jazzmusiker sind oft als Einzelk\u00e4mpfer unterwegs in einem Arbeitsfeld, das sehr auf den \u201eganz eigenen, pers\u00f6nlichen Stil\u201c fixiert ist. Jeder sucht f\u00fcr sich nach einer Nische, einer Marktl\u00fccke, in der er sich sein Auskommen sichern kann. Und die Kollegen sind immer auch ein St\u00fcck weit Konkurrenten. Wollen wir unser Werk\u2026","rel":"","context":"In &quot;Blog&quot;","block_context":{"text":"Blog","link":"https:\/\/www.jazzzeitung.de\/cms\/thema\/blog\/"},"img":{"alt_text":"","src":"","width":0,"height":0},"classes":[]}],"jetpack_sharing_enabled":true,"_links":{"self":[{"href":"https:\/\/www.jazzzeitung.de\/cms\/wp-json\/wp\/v2\/posts\/16120","targetHints":{"allow":["GET"]}}],"collection":[{"href":"https:\/\/www.jazzzeitung.de\/cms\/wp-json\/wp\/v2\/posts"}],"about":[{"href":"https:\/\/www.jazzzeitung.de\/cms\/wp-json\/wp\/v2\/types\/post"}],"author":[{"embeddable":true,"href":"https:\/\/www.jazzzeitung.de\/cms\/wp-json\/wp\/v2\/users\/18"}],"replies":[{"embeddable":true,"href":"https:\/\/www.jazzzeitung.de\/cms\/wp-json\/wp\/v2\/comments?post=16120"}],"version-history":[{"count":4,"href":"https:\/\/www.jazzzeitung.de\/cms\/wp-json\/wp\/v2\/posts\/16120\/revisions"}],"predecessor-version":[{"id":16122,"href":"https:\/\/www.jazzzeitung.de\/cms\/wp-json\/wp\/v2\/posts\/16120\/revisions\/16122"}],"wp:featuredmedia":[{"embeddable":true,"href":"https:\/\/www.jazzzeitung.de\/cms\/wp-json\/wp\/v2\/media\/16123"}],"wp:attachment":[{"href":"https:\/\/www.jazzzeitung.de\/cms\/wp-json\/wp\/v2\/media?parent=16120"}],"wp:term":[{"taxonomy":"category","embeddable":true,"href":"https:\/\/www.jazzzeitung.de\/cms\/wp-json\/wp\/v2\/categories?post=16120"},{"taxonomy":"post_tag","embeddable":true,"href":"https:\/\/www.jazzzeitung.de\/cms\/wp-json\/wp\/v2\/tags?post=16120"},{"taxonomy":"author","embeddable":true,"href":"https:\/\/www.jazzzeitung.de\/cms\/wp-json\/wp\/v2\/coauthors?post=16120"}],"curies":[{"name":"wp","href":"https:\/\/api.w.org\/{rel}","templated":true}]}}