{"id":16031,"date":"2018-05-15T11:16:00","date_gmt":"2018-05-15T09:16:00","guid":{"rendered":"https:\/\/www.jazzzeitung.de\/cms\/?p=16031"},"modified":"2018-05-15T10:28:14","modified_gmt":"2018-05-15T08:28:14","slug":"news-musik-verbaende-kritisieren-reduzierung-des-etats-fuer-den-applaus-udj-sieht-echo-jazz-neuauflage-als-chance","status":"publish","type":"post","link":"https:\/\/www.jazzzeitung.de\/cms\/2018\/05\/news-musik-verbaende-kritisieren-reduzierung-des-etats-fuer-den-applaus-udj-sieht-echo-jazz-neuauflage-als-chance\/","title":{"rendered":"+++News+++ Musik-Verb\u00e4nde kritisieren Reduzierung des Etats f\u00fcr den APPLAUS+++ UDJ sieht ECHO JAZZ-Neuauflage als Chance+++"},"content":{"rendered":"<p><strong>Musik-Verb\u00e4nde warnen vor Reduzierung des Etats f\u00fcr den Spielst\u00e4ttenprogrammpreis APPLAUS<br \/>\n<\/strong>Anl\u00e4sslich des Starts der Antragsphase beim <a href=\"http:\/\/initiative-musik.de\/spielstaettenpreis_applaus.html\">APPLAUS<\/a> kritisieren die Bundeskonferenz Jazz und LiveKomm gemeinsam mit weiteren Partnern die drohende Halbierung des Budgets des Spielst\u00e4ttenprogrammpreises. Konnten im vergangenen Jahr noch 86 Clubs und Veranstaltungsreihen mit insgesamt 1,8 Millionen Euro werden, ist im Haushaltentwurf 2018 nur noch die H\u00e4lfte der Gelder vorgesehen.<\/p>\n<p>Es stehe der wichtige Schwung auf dem Spiel, mit dem in den vergangenen Jahren in ganz Deutschland die Landschaft der Musik-Clubs belebt wurde. An den vielen pr\u00e4mierten Orten hochwertiger Live-Musik aus den bisherigen Jahren des Preises, sind die positiven Effekte des APPLAUS un\u00fcbersehbar. Durch ein h\u00f6heres Budget k\u00f6nnten mehr preisw\u00fcrdige Programme mit h\u00f6heren Preisgeldern ausgezeichnet werden. Folglich k\u00f6nne es nicht nur mehr ausgezeichnete Spielst\u00e4tten geben, die den Preis \u00fcberaus verdient hatten, sondern k\u00f6nnten diese auch zus\u00e4tzliche Konzerte mit h\u00f6heren Gagen f\u00fcr die Musiker*innen durchf\u00fchren.<\/p>\n<p>Als gemeinsamer Preis f\u00fcr Jazz, Rock und Pop ist APPLAUS ein gelungenes Beispiel der Zusammenarbeit zum Teil sehr unterschiedlicher Musikgenres und Szenen. Er w\u00fcrdigt die herausragende kulturelle Leistung der kleinen Spielst\u00e4tten des Jazz, Rock und Pop, st\u00e4rkt sie strukturell und l\u00e4sst ihnen kommunal wie regional h\u00f6here Aufmerksamkeit zukommen.<\/p>\n<p><strong><br \/>\nNach der Absage des diesj\u00e4hrigen ECHO JAZZ sieht die Union Deutscher Jazzmusiker (UDJ) in einem Neustart des Preises eine gro\u00dfe Chance<\/strong><\/p>\n<p>\u201eDie geplante Neuausrichtung ist eine gro\u00dfe Chance, eine erfolgreiche, auf Qualit\u00e4t ausgerichtete und von der Jazz-Szene akzeptierte Auszeichnung der Musikwirtschaft zu konzipieren, an dessen Entwicklung ma\u00dfgeblich auch die Musikerinnen und Musiker beteiligt sein sollten.&#8220;, so Nikolaus Neuser, Vorsitzender der <a href=\"http:\/\/www.u-d-j.de\/\">Union Deutscher Jazzmusiker<\/a>. Neuser verwies in diesem Zusammenhang darauf, dass der ECHO JAZZ bereits vor der aktuellen Diskussion um den Musikpreis ECHO, die wenig mit der Jazz-Version des Preises zu tun habe, wiederholt in der Kritik stand.<\/p>\n<p>Die Union Deutscher Jazzmusiker wurde 1973 von renommierten Pers\u00f6nlichkeiten der deutschen Jazzszene ins Leben gerufen und versteht sich als Sprachrohr der Jazzmusikerinnen und Jazzmusiker in Deutschland. Sie ist es auch, die in zweij\u00e4hrigem Turnus den \u201eAlbert-Mangelsdorff-Preis&#8220; vergibt, der als \u201eDeutscher Jazzpreis&#8220; die wichtigste Auszeichnung f\u00fcr Jazz im deutschsprachigen Raum ist.<\/p>\n","protected":false},"excerpt":{"rendered":"<p>Musik-Verb\u00e4nde warnen vor Reduzierung des Etats f\u00fcr den Spielst\u00e4ttenprogrammpreis APPLAUS Anl\u00e4sslich des Starts der Antragsphase beim APPLAUS kritisieren die Bundeskonferenz Jazz und LiveKomm gemeinsam mit weiteren Partnern die drohende Halbierung des Budgets des Spielst\u00e4ttenprogrammpreises. Konnten im vergangenen Jahr noch 86 Clubs und Veranstaltungsreihen mit insgesamt 1,8 Millionen Euro werden, ist im Haushaltentwurf 2018 nur noch die H\u00e4lfte der Gelder vorgesehen. Es stehe der wichtige Schwung auf dem Spiel, mit dem in den vergangenen Jahren in ganz Deutschland die Landschaft der Musik-Clubs belebt wurde. An den vielen pr\u00e4mierten Orten hochwertiger Live-Musik aus den bisherigen Jahren des Preises, sind die positiven Effekte des APPLAUS un\u00fcbersehbar. Durch ein h\u00f6heres Budget k\u00f6nnten mehr preisw\u00fcrdige Programme mit h\u00f6heren Preisgeldern ausgezeichnet werden. Folglich k\u00f6nne es nicht nur mehr ausgezeichnete Spielst\u00e4tten geben, die den Preis \u00fcberaus verdient hatten, sondern k\u00f6nnten diese auch zus\u00e4tzliche Konzerte mit h\u00f6heren Gagen f\u00fcr die Musiker*innen durchf\u00fchren. Als gemeinsamer Preis f\u00fcr Jazz, Rock und Pop ist APPLAUS ein gelungenes Beispiel der Zusammenarbeit zum Teil sehr unterschiedlicher Musikgenres und Szenen. Er w\u00fcrdigt die herausragende kulturelle Leistung der kleinen Spielst\u00e4tten des Jazz, Rock und Pop, st\u00e4rkt sie strukturell und l\u00e4sst &hellip;<\/p>\n","protected":false},"author":18,"featured_media":16034,"comment_status":"open","ping_status":"closed","sticky":false,"template":"","format":"standard","meta":{"_jetpack_memberships_contains_paid_content":false,"footnotes":"","jetpack_publicize_message":"","jetpack_publicize_feature_enabled":true,"jetpack_social_post_already_shared":false,"jetpack_social_options":{"image_generator_settings":{"template":"highway","default_image_id":0,"font":"","enabled":false},"version":2}},"categories":[633],"tags":[1959,734,1315,102,1192,735,137,980,157,1876,281,798,1423,1978,323,1415,1672,1951,1303,447,1502,1250,708,565,571],"coauthors":[695],"class_list":["post-16031","post","type-post","status-publish","format-standard","has-post-thumbnail","hentry","category-nachrichten","tag-1959","tag-albert-mangelsdorff-preis","tag-applaus","tag-bundeskonferenz-jazz","tag-clubs","tag-deutscher-jazzpreis","tag-deutschland","tag-echo","tag-echo-jazz","tag-jazz","tag-jazzmusiker","tag-jazzmusikerinnen","tag-jazzpreis","tag-jazzszene","tag-konzerte","tag-kritik","tag-live","tag-news","tag-nikolaus-neuser","tag-pop","tag-preis","tag-rock","tag-spielstaettenprogrammpreis","tag-udj","tag-union-deutscher-jazzmusiker"],"yoast_head":"<!-- This site is optimized with the Yoast SEO plugin v27.5 - https:\/\/yoast.com\/product\/yoast-seo-wordpress\/ -->\n<title>+++News+++ Musik-Verb\u00e4nde kritisieren Reduzierung des Etats f\u00fcr den APPLAUS+++ UDJ sieht ECHO JAZZ-Neuauflage als Chance+++ - JazzZeitung<\/title>\n<meta name=\"robots\" content=\"index, follow, max-snippet:-1, max-image-preview:large, max-video-preview:-1\" \/>\n<link rel=\"canonical\" href=\"https:\/\/www.jazzzeitung.de\/cms\/2018\/05\/news-musik-verbaende-kritisieren-reduzierung-des-etats-fuer-den-applaus-udj-sieht-echo-jazz-neuauflage-als-chance\/\" \/>\n<meta property=\"og:locale\" content=\"de_DE\" \/>\n<meta property=\"og:type\" content=\"article\" \/>\n<meta property=\"og:title\" content=\"+++News+++ Musik-Verb\u00e4nde kritisieren Reduzierung des Etats f\u00fcr den APPLAUS+++ UDJ sieht ECHO JAZZ-Neuauflage als Chance+++ - JazzZeitung\" \/>\n<meta property=\"og:description\" content=\"Musik-Verb\u00e4nde warnen vor Reduzierung des Etats f\u00fcr den Spielst\u00e4ttenprogrammpreis APPLAUS Anl\u00e4sslich des Starts der Antragsphase beim APPLAUS kritisieren die Bundeskonferenz Jazz und LiveKomm gemeinsam mit weiteren Partnern die drohende Halbierung des Budgets des Spielst\u00e4ttenprogrammpreises. Konnten im vergangenen Jahr noch 86 Clubs und Veranstaltungsreihen mit insgesamt 1,8 Millionen Euro werden, ist im Haushaltentwurf 2018 nur noch die H\u00e4lfte der Gelder vorgesehen. Es stehe der wichtige Schwung auf dem Spiel, mit dem in den vergangenen Jahren in ganz Deutschland die Landschaft der Musik-Clubs belebt wurde. An den vielen pr\u00e4mierten Orten hochwertiger Live-Musik aus den bisherigen Jahren des Preises, sind die positiven Effekte des APPLAUS un\u00fcbersehbar. Durch ein h\u00f6heres Budget k\u00f6nnten mehr preisw\u00fcrdige Programme mit h\u00f6heren Preisgeldern ausgezeichnet werden. Folglich k\u00f6nne es nicht nur mehr ausgezeichnete Spielst\u00e4tten geben, die den Preis \u00fcberaus verdient hatten, sondern k\u00f6nnten diese auch zus\u00e4tzliche Konzerte mit h\u00f6heren Gagen f\u00fcr die Musiker*innen durchf\u00fchren. Als gemeinsamer Preis f\u00fcr Jazz, Rock und Pop ist APPLAUS ein gelungenes Beispiel der Zusammenarbeit zum Teil sehr unterschiedlicher Musikgenres und Szenen. Er w\u00fcrdigt die herausragende kulturelle Leistung der kleinen Spielst\u00e4tten des Jazz, Rock und Pop, st\u00e4rkt sie strukturell und l\u00e4sst &hellip;\" \/>\n<meta property=\"og:url\" content=\"https:\/\/www.jazzzeitung.de\/cms\/2018\/05\/news-musik-verbaende-kritisieren-reduzierung-des-etats-fuer-den-applaus-udj-sieht-echo-jazz-neuauflage-als-chance\/\" \/>\n<meta property=\"og:site_name\" content=\"JazzZeitung\" \/>\n<meta property=\"article:publisher\" content=\"https:\/\/www.facebook.com\/JazzZeitung\/\" \/>\n<meta property=\"article:published_time\" content=\"2018-05-15T09:16:00+00:00\" \/>\n<meta property=\"og:image\" content=\"https:\/\/i0.wp.com\/www.jazzzeitung.de\/cms\/wp-content\/uploads\/2018\/05\/Wuestenhagen_echojazz2013_56201_12718_5a09ab00b0.jpg?fit=1200%2C779&ssl=1\" \/>\n\t<meta property=\"og:image:width\" content=\"1200\" \/>\n\t<meta property=\"og:image:height\" content=\"779\" \/>\n\t<meta property=\"og:image:type\" content=\"image\/jpeg\" \/>\n<meta name=\"author\" content=\"Redaktion JazzZeitung\" \/>\n<script type=\"application\/ld+json\" class=\"yoast-schema-graph\">{\"@context\":\"https:\\\/\\\/schema.org\",\"@graph\":[{\"@type\":\"Article\",\"@id\":\"https:\\\/\\\/www.jazzzeitung.de\\\/cms\\\/2018\\\/05\\\/news-musik-verbaende-kritisieren-reduzierung-des-etats-fuer-den-applaus-udj-sieht-echo-jazz-neuauflage-als-chance\\\/#article\",\"isPartOf\":{\"@id\":\"https:\\\/\\\/www.jazzzeitung.de\\\/cms\\\/2018\\\/05\\\/news-musik-verbaende-kritisieren-reduzierung-des-etats-fuer-den-applaus-udj-sieht-echo-jazz-neuauflage-als-chance\\\/\"},\"author\":{\"name\":\"Redaktion JazzZeitung\",\"@id\":\"https:\\\/\\\/www.jazzzeitung.de\\\/cms\\\/#\\\/schema\\\/person\\\/2245b36b9cd1d24cea10f01c031fb92b\"},\"headline\":\"+++News+++ Musik-Verb\u00e4nde kritisieren Reduzierung des Etats f\u00fcr den APPLAUS+++ UDJ sieht ECHO JAZZ-Neuauflage als Chance+++\",\"datePublished\":\"2018-05-15T09:16:00+00:00\",\"mainEntityOfPage\":{\"@id\":\"https:\\\/\\\/www.jazzzeitung.de\\\/cms\\\/2018\\\/05\\\/news-musik-verbaende-kritisieren-reduzierung-des-etats-fuer-den-applaus-udj-sieht-echo-jazz-neuauflage-als-chance\\\/\"},\"wordCount\":386,\"commentCount\":1,\"publisher\":{\"@id\":\"https:\\\/\\\/www.jazzzeitung.de\\\/cms\\\/#organization\"},\"image\":{\"@id\":\"https:\\\/\\\/www.jazzzeitung.de\\\/cms\\\/2018\\\/05\\\/news-musik-verbaende-kritisieren-reduzierung-des-etats-fuer-den-applaus-udj-sieht-echo-jazz-neuauflage-als-chance\\\/#primaryimage\"},\"thumbnailUrl\":\"https:\\\/\\\/i0.wp.com\\\/www.jazzzeitung.de\\\/cms\\\/wp-content\\\/uploads\\\/2018\\\/05\\\/Wuestenhagen_echojazz2013_56201_12718_5a09ab00b0.jpg?fit=1200%2C779&ssl=1\",\"keywords\":[\"2018\",\"Albert-Mangelsdorff-Preis\",\"APPLAUS\",\"Bundeskonferenz Jazz\",\"Clubs\",\"Deutscher Jazzpreis\",\"Deutschland\",\"ECHO\",\"Echo Jazz\",\"Jazz\",\"Jazzmusiker\",\"Jazzmusikerinnen\",\"Jazzpreis\",\"Jazzszene\",\"Konzerte\",\"Kritik\",\"Live\",\"News\",\"Nikolaus Neuser\",\"Pop\",\"Preis\",\"Rock\",\"Spielst\u00e4ttenprogrammpreis\",\"UdJ\",\"Union deutscher Jazzmusiker\"],\"articleSection\":[\"News\"],\"inLanguage\":\"de\",\"potentialAction\":[{\"@type\":\"CommentAction\",\"name\":\"Comment\",\"target\":[\"https:\\\/\\\/www.jazzzeitung.de\\\/cms\\\/2018\\\/05\\\/news-musik-verbaende-kritisieren-reduzierung-des-etats-fuer-den-applaus-udj-sieht-echo-jazz-neuauflage-als-chance\\\/#respond\"]}]},{\"@type\":\"WebPage\",\"@id\":\"https:\\\/\\\/www.jazzzeitung.de\\\/cms\\\/2018\\\/05\\\/news-musik-verbaende-kritisieren-reduzierung-des-etats-fuer-den-applaus-udj-sieht-echo-jazz-neuauflage-als-chance\\\/\",\"url\":\"https:\\\/\\\/www.jazzzeitung.de\\\/cms\\\/2018\\\/05\\\/news-musik-verbaende-kritisieren-reduzierung-des-etats-fuer-den-applaus-udj-sieht-echo-jazz-neuauflage-als-chance\\\/\",\"name\":\"+++News+++ Musik-Verb\u00e4nde kritisieren Reduzierung des Etats f\u00fcr den APPLAUS+++ UDJ sieht ECHO JAZZ-Neuauflage als Chance+++ - JazzZeitung\",\"isPartOf\":{\"@id\":\"https:\\\/\\\/www.jazzzeitung.de\\\/cms\\\/#website\"},\"primaryImageOfPage\":{\"@id\":\"https:\\\/\\\/www.jazzzeitung.de\\\/cms\\\/2018\\\/05\\\/news-musik-verbaende-kritisieren-reduzierung-des-etats-fuer-den-applaus-udj-sieht-echo-jazz-neuauflage-als-chance\\\/#primaryimage\"},\"image\":{\"@id\":\"https:\\\/\\\/www.jazzzeitung.de\\\/cms\\\/2018\\\/05\\\/news-musik-verbaende-kritisieren-reduzierung-des-etats-fuer-den-applaus-udj-sieht-echo-jazz-neuauflage-als-chance\\\/#primaryimage\"},\"thumbnailUrl\":\"https:\\\/\\\/i0.wp.com\\\/www.jazzzeitung.de\\\/cms\\\/wp-content\\\/uploads\\\/2018\\\/05\\\/Wuestenhagen_echojazz2013_56201_12718_5a09ab00b0.jpg?fit=1200%2C779&ssl=1\",\"datePublished\":\"2018-05-15T09:16:00+00:00\",\"breadcrumb\":{\"@id\":\"https:\\\/\\\/www.jazzzeitung.de\\\/cms\\\/2018\\\/05\\\/news-musik-verbaende-kritisieren-reduzierung-des-etats-fuer-den-applaus-udj-sieht-echo-jazz-neuauflage-als-chance\\\/#breadcrumb\"},\"inLanguage\":\"de\",\"potentialAction\":[{\"@type\":\"ReadAction\",\"target\":[\"https:\\\/\\\/www.jazzzeitung.de\\\/cms\\\/2018\\\/05\\\/news-musik-verbaende-kritisieren-reduzierung-des-etats-fuer-den-applaus-udj-sieht-echo-jazz-neuauflage-als-chance\\\/\"]}]},{\"@type\":\"ImageObject\",\"inLanguage\":\"de\",\"@id\":\"https:\\\/\\\/www.jazzzeitung.de\\\/cms\\\/2018\\\/05\\\/news-musik-verbaende-kritisieren-reduzierung-des-etats-fuer-den-applaus-udj-sieht-echo-jazz-neuauflage-als-chance\\\/#primaryimage\",\"url\":\"https:\\\/\\\/i0.wp.com\\\/www.jazzzeitung.de\\\/cms\\\/wp-content\\\/uploads\\\/2018\\\/05\\\/Wuestenhagen_echojazz2013_56201_12718_5a09ab00b0.jpg?fit=1200%2C779&ssl=1\",\"contentUrl\":\"https:\\\/\\\/i0.wp.com\\\/www.jazzzeitung.de\\\/cms\\\/wp-content\\\/uploads\\\/2018\\\/05\\\/Wuestenhagen_echojazz2013_56201_12718_5a09ab00b0.jpg?fit=1200%2C779&ssl=1\",\"width\":1200,\"height\":779},{\"@type\":\"BreadcrumbList\",\"@id\":\"https:\\\/\\\/www.jazzzeitung.de\\\/cms\\\/2018\\\/05\\\/news-musik-verbaende-kritisieren-reduzierung-des-etats-fuer-den-applaus-udj-sieht-echo-jazz-neuauflage-als-chance\\\/#breadcrumb\",\"itemListElement\":[{\"@type\":\"ListItem\",\"position\":1,\"name\":\"Startseite\",\"item\":\"https:\\\/\\\/www.jazzzeitung.de\\\/cms\\\/\"},{\"@type\":\"ListItem\",\"position\":2,\"name\":\"+++News+++ Musik-Verb\u00e4nde kritisieren Reduzierung des Etats f\u00fcr den APPLAUS+++ UDJ sieht ECHO JAZZ-Neuauflage als Chance+++\"}]},{\"@type\":\"WebSite\",\"@id\":\"https:\\\/\\\/www.jazzzeitung.de\\\/cms\\\/#website\",\"url\":\"https:\\\/\\\/www.jazzzeitung.de\\\/cms\\\/\",\"name\":\"JazzZeitung\",\"description\":\"Jazz-News und Jazz-Kontroverses\",\"publisher\":{\"@id\":\"https:\\\/\\\/www.jazzzeitung.de\\\/cms\\\/#organization\"},\"potentialAction\":[{\"@type\":\"SearchAction\",\"target\":{\"@type\":\"EntryPoint\",\"urlTemplate\":\"https:\\\/\\\/www.jazzzeitung.de\\\/cms\\\/?s={search_term_string}\"},\"query-input\":{\"@type\":\"PropertyValueSpecification\",\"valueRequired\":true,\"valueName\":\"search_term_string\"}}],\"inLanguage\":\"de\"},{\"@type\":\"Organization\",\"@id\":\"https:\\\/\\\/www.jazzzeitung.de\\\/cms\\\/#organization\",\"name\":\"JazzZeitung online\",\"url\":\"https:\\\/\\\/www.jazzzeitung.de\\\/cms\\\/\",\"logo\":{\"@type\":\"ImageObject\",\"inLanguage\":\"de\",\"@id\":\"https:\\\/\\\/www.jazzzeitung.de\\\/cms\\\/#\\\/schema\\\/logo\\\/image\\\/\",\"url\":\"https:\\\/\\\/i0.wp.com\\\/www.jazzzeitung.de\\\/cms\\\/wp-content\\\/uploads\\\/2015\\\/08\\\/JAZZZEITUNGDE_Logo_Neu.png?fit=499%2C200&ssl=1\",\"contentUrl\":\"https:\\\/\\\/i0.wp.com\\\/www.jazzzeitung.de\\\/cms\\\/wp-content\\\/uploads\\\/2015\\\/08\\\/JAZZZEITUNGDE_Logo_Neu.png?fit=499%2C200&ssl=1\",\"width\":499,\"height\":200,\"caption\":\"JazzZeitung online\"},\"image\":{\"@id\":\"https:\\\/\\\/www.jazzzeitung.de\\\/cms\\\/#\\\/schema\\\/logo\\\/image\\\/\"},\"sameAs\":[\"https:\\\/\\\/www.facebook.com\\\/JazzZeitung\\\/\"]},{\"@type\":\"Person\",\"@id\":\"https:\\\/\\\/www.jazzzeitung.de\\\/cms\\\/#\\\/schema\\\/person\\\/2245b36b9cd1d24cea10f01c031fb92b\",\"name\":\"Redaktion JazzZeitung\",\"image\":{\"@type\":\"ImageObject\",\"inLanguage\":\"de\",\"@id\":\"https:\\\/\\\/i0.wp.com\\\/www.jazzzeitung.de\\\/cms\\\/wp-content\\\/uploads\\\/2015\\\/08\\\/JAZZZEITUNGDE_Logo_Neu.png?resize=96%2C96&ssl=159975dcacb611b5700bd619b5daf0a7a\",\"url\":\"https:\\\/\\\/i0.wp.com\\\/www.jazzzeitung.de\\\/cms\\\/wp-content\\\/uploads\\\/2015\\\/08\\\/JAZZZEITUNGDE_Logo_Neu.png?resize=96%2C96&ssl=1\",\"contentUrl\":\"https:\\\/\\\/i0.wp.com\\\/www.jazzzeitung.de\\\/cms\\\/wp-content\\\/uploads\\\/2015\\\/08\\\/JAZZZEITUNGDE_Logo_Neu.png?resize=96%2C96&ssl=1\",\"caption\":\"Redaktion JazzZeitung\"},\"description\":\"Artikel der Redaktion der JazzZeitung.\",\"sameAs\":[\"http:\\\/\\\/www.jazzzeitung.de\\\/cms\\\/\"],\"url\":\"https:\\\/\\\/www.jazzzeitung.de\\\/cms\\\/author\\\/redaktion\\\/\"}]}<\/script>\n<!-- \/ Yoast SEO plugin. -->","yoast_head_json":{"title":"+++News+++ Musik-Verb\u00e4nde kritisieren Reduzierung des Etats f\u00fcr den APPLAUS+++ UDJ sieht ECHO JAZZ-Neuauflage als Chance+++ - JazzZeitung","robots":{"index":"index","follow":"follow","max-snippet":"max-snippet:-1","max-image-preview":"max-image-preview:large","max-video-preview":"max-video-preview:-1"},"canonical":"https:\/\/www.jazzzeitung.de\/cms\/2018\/05\/news-musik-verbaende-kritisieren-reduzierung-des-etats-fuer-den-applaus-udj-sieht-echo-jazz-neuauflage-als-chance\/","og_locale":"de_DE","og_type":"article","og_title":"+++News+++ Musik-Verb\u00e4nde kritisieren Reduzierung des Etats f\u00fcr den APPLAUS+++ UDJ sieht ECHO JAZZ-Neuauflage als Chance+++ - JazzZeitung","og_description":"Musik-Verb\u00e4nde warnen vor Reduzierung des Etats f\u00fcr den Spielst\u00e4ttenprogrammpreis APPLAUS Anl\u00e4sslich des Starts der Antragsphase beim APPLAUS kritisieren die Bundeskonferenz Jazz und LiveKomm gemeinsam mit weiteren Partnern die drohende Halbierung des Budgets des Spielst\u00e4ttenprogrammpreises. Konnten im vergangenen Jahr noch 86 Clubs und Veranstaltungsreihen mit insgesamt 1,8 Millionen Euro werden, ist im Haushaltentwurf 2018 nur noch die H\u00e4lfte der Gelder vorgesehen. Es stehe der wichtige Schwung auf dem Spiel, mit dem in den vergangenen Jahren in ganz Deutschland die Landschaft der Musik-Clubs belebt wurde. An den vielen pr\u00e4mierten Orten hochwertiger Live-Musik aus den bisherigen Jahren des Preises, sind die positiven Effekte des APPLAUS un\u00fcbersehbar. Durch ein h\u00f6heres Budget k\u00f6nnten mehr preisw\u00fcrdige Programme mit h\u00f6heren Preisgeldern ausgezeichnet werden. Folglich k\u00f6nne es nicht nur mehr ausgezeichnete Spielst\u00e4tten geben, die den Preis \u00fcberaus verdient hatten, sondern k\u00f6nnten diese auch zus\u00e4tzliche Konzerte mit h\u00f6heren Gagen f\u00fcr die Musiker*innen durchf\u00fchren. Als gemeinsamer Preis f\u00fcr Jazz, Rock und Pop ist APPLAUS ein gelungenes Beispiel der Zusammenarbeit zum Teil sehr unterschiedlicher Musikgenres und Szenen. Er w\u00fcrdigt die herausragende kulturelle Leistung der kleinen Spielst\u00e4tten des Jazz, Rock und Pop, st\u00e4rkt sie strukturell und l\u00e4sst &hellip;","og_url":"https:\/\/www.jazzzeitung.de\/cms\/2018\/05\/news-musik-verbaende-kritisieren-reduzierung-des-etats-fuer-den-applaus-udj-sieht-echo-jazz-neuauflage-als-chance\/","og_site_name":"JazzZeitung","article_publisher":"https:\/\/www.facebook.com\/JazzZeitung\/","article_published_time":"2018-05-15T09:16:00+00:00","og_image":[{"width":1200,"height":779,"url":"https:\/\/i0.wp.com\/www.jazzzeitung.de\/cms\/wp-content\/uploads\/2018\/05\/Wuestenhagen_echojazz2013_56201_12718_5a09ab00b0.jpg?fit=1200%2C779&ssl=1","type":"image\/jpeg"}],"author":"Redaktion JazzZeitung","schema":{"@context":"https:\/\/schema.org","@graph":[{"@type":"Article","@id":"https:\/\/www.jazzzeitung.de\/cms\/2018\/05\/news-musik-verbaende-kritisieren-reduzierung-des-etats-fuer-den-applaus-udj-sieht-echo-jazz-neuauflage-als-chance\/#article","isPartOf":{"@id":"https:\/\/www.jazzzeitung.de\/cms\/2018\/05\/news-musik-verbaende-kritisieren-reduzierung-des-etats-fuer-den-applaus-udj-sieht-echo-jazz-neuauflage-als-chance\/"},"author":{"name":"Redaktion JazzZeitung","@id":"https:\/\/www.jazzzeitung.de\/cms\/#\/schema\/person\/2245b36b9cd1d24cea10f01c031fb92b"},"headline":"+++News+++ Musik-Verb\u00e4nde kritisieren Reduzierung des Etats f\u00fcr den APPLAUS+++ UDJ sieht ECHO JAZZ-Neuauflage als Chance+++","datePublished":"2018-05-15T09:16:00+00:00","mainEntityOfPage":{"@id":"https:\/\/www.jazzzeitung.de\/cms\/2018\/05\/news-musik-verbaende-kritisieren-reduzierung-des-etats-fuer-den-applaus-udj-sieht-echo-jazz-neuauflage-als-chance\/"},"wordCount":386,"commentCount":1,"publisher":{"@id":"https:\/\/www.jazzzeitung.de\/cms\/#organization"},"image":{"@id":"https:\/\/www.jazzzeitung.de\/cms\/2018\/05\/news-musik-verbaende-kritisieren-reduzierung-des-etats-fuer-den-applaus-udj-sieht-echo-jazz-neuauflage-als-chance\/#primaryimage"},"thumbnailUrl":"https:\/\/i0.wp.com\/www.jazzzeitung.de\/cms\/wp-content\/uploads\/2018\/05\/Wuestenhagen_echojazz2013_56201_12718_5a09ab00b0.jpg?fit=1200%2C779&ssl=1","keywords":["2018","Albert-Mangelsdorff-Preis","APPLAUS","Bundeskonferenz Jazz","Clubs","Deutscher Jazzpreis","Deutschland","ECHO","Echo Jazz","Jazz","Jazzmusiker","Jazzmusikerinnen","Jazzpreis","Jazzszene","Konzerte","Kritik","Live","News","Nikolaus Neuser","Pop","Preis","Rock","Spielst\u00e4ttenprogrammpreis","UdJ","Union deutscher Jazzmusiker"],"articleSection":["News"],"inLanguage":"de","potentialAction":[{"@type":"CommentAction","name":"Comment","target":["https:\/\/www.jazzzeitung.de\/cms\/2018\/05\/news-musik-verbaende-kritisieren-reduzierung-des-etats-fuer-den-applaus-udj-sieht-echo-jazz-neuauflage-als-chance\/#respond"]}]},{"@type":"WebPage","@id":"https:\/\/www.jazzzeitung.de\/cms\/2018\/05\/news-musik-verbaende-kritisieren-reduzierung-des-etats-fuer-den-applaus-udj-sieht-echo-jazz-neuauflage-als-chance\/","url":"https:\/\/www.jazzzeitung.de\/cms\/2018\/05\/news-musik-verbaende-kritisieren-reduzierung-des-etats-fuer-den-applaus-udj-sieht-echo-jazz-neuauflage-als-chance\/","name":"+++News+++ Musik-Verb\u00e4nde kritisieren Reduzierung des Etats f\u00fcr den APPLAUS+++ UDJ sieht ECHO JAZZ-Neuauflage als Chance+++ - JazzZeitung","isPartOf":{"@id":"https:\/\/www.jazzzeitung.de\/cms\/#website"},"primaryImageOfPage":{"@id":"https:\/\/www.jazzzeitung.de\/cms\/2018\/05\/news-musik-verbaende-kritisieren-reduzierung-des-etats-fuer-den-applaus-udj-sieht-echo-jazz-neuauflage-als-chance\/#primaryimage"},"image":{"@id":"https:\/\/www.jazzzeitung.de\/cms\/2018\/05\/news-musik-verbaende-kritisieren-reduzierung-des-etats-fuer-den-applaus-udj-sieht-echo-jazz-neuauflage-als-chance\/#primaryimage"},"thumbnailUrl":"https:\/\/i0.wp.com\/www.jazzzeitung.de\/cms\/wp-content\/uploads\/2018\/05\/Wuestenhagen_echojazz2013_56201_12718_5a09ab00b0.jpg?fit=1200%2C779&ssl=1","datePublished":"2018-05-15T09:16:00+00:00","breadcrumb":{"@id":"https:\/\/www.jazzzeitung.de\/cms\/2018\/05\/news-musik-verbaende-kritisieren-reduzierung-des-etats-fuer-den-applaus-udj-sieht-echo-jazz-neuauflage-als-chance\/#breadcrumb"},"inLanguage":"de","potentialAction":[{"@type":"ReadAction","target":["https:\/\/www.jazzzeitung.de\/cms\/2018\/05\/news-musik-verbaende-kritisieren-reduzierung-des-etats-fuer-den-applaus-udj-sieht-echo-jazz-neuauflage-als-chance\/"]}]},{"@type":"ImageObject","inLanguage":"de","@id":"https:\/\/www.jazzzeitung.de\/cms\/2018\/05\/news-musik-verbaende-kritisieren-reduzierung-des-etats-fuer-den-applaus-udj-sieht-echo-jazz-neuauflage-als-chance\/#primaryimage","url":"https:\/\/i0.wp.com\/www.jazzzeitung.de\/cms\/wp-content\/uploads\/2018\/05\/Wuestenhagen_echojazz2013_56201_12718_5a09ab00b0.jpg?fit=1200%2C779&ssl=1","contentUrl":"https:\/\/i0.wp.com\/www.jazzzeitung.de\/cms\/wp-content\/uploads\/2018\/05\/Wuestenhagen_echojazz2013_56201_12718_5a09ab00b0.jpg?fit=1200%2C779&ssl=1","width":1200,"height":779},{"@type":"BreadcrumbList","@id":"https:\/\/www.jazzzeitung.de\/cms\/2018\/05\/news-musik-verbaende-kritisieren-reduzierung-des-etats-fuer-den-applaus-udj-sieht-echo-jazz-neuauflage-als-chance\/#breadcrumb","itemListElement":[{"@type":"ListItem","position":1,"name":"Startseite","item":"https:\/\/www.jazzzeitung.de\/cms\/"},{"@type":"ListItem","position":2,"name":"+++News+++ Musik-Verb\u00e4nde kritisieren Reduzierung des Etats f\u00fcr den APPLAUS+++ UDJ sieht ECHO JAZZ-Neuauflage als Chance+++"}]},{"@type":"WebSite","@id":"https:\/\/www.jazzzeitung.de\/cms\/#website","url":"https:\/\/www.jazzzeitung.de\/cms\/","name":"JazzZeitung","description":"Jazz-News und Jazz-Kontroverses","publisher":{"@id":"https:\/\/www.jazzzeitung.de\/cms\/#organization"},"potentialAction":[{"@type":"SearchAction","target":{"@type":"EntryPoint","urlTemplate":"https:\/\/www.jazzzeitung.de\/cms\/?s={search_term_string}"},"query-input":{"@type":"PropertyValueSpecification","valueRequired":true,"valueName":"search_term_string"}}],"inLanguage":"de"},{"@type":"Organization","@id":"https:\/\/www.jazzzeitung.de\/cms\/#organization","name":"JazzZeitung online","url":"https:\/\/www.jazzzeitung.de\/cms\/","logo":{"@type":"ImageObject","inLanguage":"de","@id":"https:\/\/www.jazzzeitung.de\/cms\/#\/schema\/logo\/image\/","url":"https:\/\/i0.wp.com\/www.jazzzeitung.de\/cms\/wp-content\/uploads\/2015\/08\/JAZZZEITUNGDE_Logo_Neu.png?fit=499%2C200&ssl=1","contentUrl":"https:\/\/i0.wp.com\/www.jazzzeitung.de\/cms\/wp-content\/uploads\/2015\/08\/JAZZZEITUNGDE_Logo_Neu.png?fit=499%2C200&ssl=1","width":499,"height":200,"caption":"JazzZeitung online"},"image":{"@id":"https:\/\/www.jazzzeitung.de\/cms\/#\/schema\/logo\/image\/"},"sameAs":["https:\/\/www.facebook.com\/JazzZeitung\/"]},{"@type":"Person","@id":"https:\/\/www.jazzzeitung.de\/cms\/#\/schema\/person\/2245b36b9cd1d24cea10f01c031fb92b","name":"Redaktion JazzZeitung","image":{"@type":"ImageObject","inLanguage":"de","@id":"https:\/\/i0.wp.com\/www.jazzzeitung.de\/cms\/wp-content\/uploads\/2015\/08\/JAZZZEITUNGDE_Logo_Neu.png?resize=96%2C96&ssl=159975dcacb611b5700bd619b5daf0a7a","url":"https:\/\/i0.wp.com\/www.jazzzeitung.de\/cms\/wp-content\/uploads\/2015\/08\/JAZZZEITUNGDE_Logo_Neu.png?resize=96%2C96&ssl=1","contentUrl":"https:\/\/i0.wp.com\/www.jazzzeitung.de\/cms\/wp-content\/uploads\/2015\/08\/JAZZZEITUNGDE_Logo_Neu.png?resize=96%2C96&ssl=1","caption":"Redaktion JazzZeitung"},"description":"Artikel der Redaktion der JazzZeitung.","sameAs":["http:\/\/www.jazzzeitung.de\/cms\/"],"url":"https:\/\/www.jazzzeitung.de\/cms\/author\/redaktion\/"}]}},"wp-worthy-pixel":{"ignored":false,"public":null,"server":null,"url":null},"wp-worthy-type":"normal","jetpack_publicize_connections":[],"cc_featured_image_caption":{"caption_text":"","source_text":"","source_url":""},"jetpack_featured_media_url":"https:\/\/i0.wp.com\/www.jazzzeitung.de\/cms\/wp-content\/uploads\/2018\/05\/Wuestenhagen_echojazz2013_56201_12718_5a09ab00b0.jpg?fit=1200%2C779&ssl=1","jetpack_shortlink":"https:\/\/wp.me\/p3KEcT-4az","jetpack-related-posts":[{"id":11186,"url":"https:\/\/www.jazzzeitung.de\/cms\/2016\/11\/bundestag-verdoppelt-preisgelder-fuer-den-spielstaettenprogrammpreis-applaus\/","url_meta":{"origin":16031,"position":0},"title":"Bundestag verdoppelt Preisgelder f\u00fcr den Spielst\u00e4ttenprogrammpreis APPLAUS","author":"Redaktion JazzZeitung","date":"23. November 2016","format":false,"excerpt":"Pressemeldung der BK Jazz: In einem Ma\u00dfnahmenpaket hat der Deutsche Bundestag in seiner heutigen Sitzung 8,2 Millionen Euro zus\u00e4tzliche F\u00f6rderung f\u00fcr Jazz, Rock und Pop beschlossen. Dabei werden auch die Preisgelder beim Spielst\u00e4ttenprogrammpreis APPLAUS im f\u00fcnften Jahr seines Bestehens auf 2 Mio. Euro verdoppelt. \u201eMit der Verdopplung der Preisgelder wird\u2026","rel":"","context":"In &quot;News&quot;","block_context":{"text":"News","link":"https:\/\/www.jazzzeitung.de\/cms\/thema\/nachrichten\/"},"img":{"alt_text":"Kulturlobbyisten und -macher. Foto: Hufner","src":"https:\/\/i0.wp.com\/www.jazzzeitung.de\/cms\/wp-content\/uploads\/2016\/11\/initiative_musik_team_c_hufner.jpg?fit=1200%2C815&ssl=1&resize=350%2C200","width":350,"height":200,"srcset":"https:\/\/i0.wp.com\/www.jazzzeitung.de\/cms\/wp-content\/uploads\/2016\/11\/initiative_musik_team_c_hufner.jpg?fit=1200%2C815&ssl=1&resize=350%2C200 1x, https:\/\/i0.wp.com\/www.jazzzeitung.de\/cms\/wp-content\/uploads\/2016\/11\/initiative_musik_team_c_hufner.jpg?fit=1200%2C815&ssl=1&resize=525%2C300 1.5x, https:\/\/i0.wp.com\/www.jazzzeitung.de\/cms\/wp-content\/uploads\/2016\/11\/initiative_musik_team_c_hufner.jpg?fit=1200%2C815&ssl=1&resize=700%2C400 2x, https:\/\/i0.wp.com\/www.jazzzeitung.de\/cms\/wp-content\/uploads\/2016\/11\/initiative_musik_team_c_hufner.jpg?fit=1200%2C815&ssl=1&resize=1050%2C600 3x"},"classes":[]},{"id":9153,"url":"https:\/\/www.jazzzeitung.de\/cms\/2016\/05\/bundeskonferenz-jazz-waehlt-neue-sprecher-und-sieht-bedarf-bei-laendern-und-kommunen\/","url_meta":{"origin":16031,"position":1},"title":"Bundeskonferenz Jazz w\u00e4hlt neue Sprecher und diskutiert \u00fcber die Konsequenzen der UDJ-Jazzstudie 2016","author":"Redaktion JazzZeitung","date":"3. Mai 2016","format":false,"excerpt":"Bei ihrer Fr\u00fchjahrssitzung haben die Mitglieder der Bundeskonferenz Jazz (BK Jazz) Felix Falk, Wolfram Knauer und Melanie Rossmann zu ihren neuen Sprechern gew\u00e4hlt. Melanie Rossmann \u00fcbernimmt als Vertreterin der Bereiche Agenturen und K\u00fcnstlerf\u00f6rderung das Amt von Franziska Buhre, die nicht erneut angetreten war. Felix Falk, Saxophonist und stellvertretender Vorsitzender der\u2026","rel":"","context":"In &quot;News&quot;","block_context":{"text":"News","link":"https:\/\/www.jazzzeitung.de\/cms\/thema\/nachrichten\/"},"img":{"alt_text":"logo_bkjazz_w200","src":"https:\/\/i0.wp.com\/www.jazzzeitung.de\/cms\/wp-content\/uploads\/2016\/05\/logo_bkjazz_w200.jpg?resize=350%2C200","width":350,"height":200},"classes":[]},{"id":13976,"url":"https:\/\/www.jazzzeitung.de\/cms\/2017\/10\/bundeskonferenz-jazz-beglueckwuenscht-applaus-gewinner-2017\/","url_meta":{"origin":16031,"position":2},"title":"Bundeskonferenz Jazz begl\u00fcckw\u00fcnscht APPLAUS-Gewinner 2017","author":"Redaktion JazzZeitung","date":"23. Oktober 2017","format":false,"excerpt":"Die Bundeskonferenz Jazz begl\u00fcckw\u00fcnscht die 86 Clubs und Veranstaltungsreihen, die am 25. Oktober bei der Preisverleihung im Alten Schlachthof in Dresden mit insgesamt 1,8 Millionen Euro Preisgeld von Kulturstaatsministerin Monika Gr\u00fctters mit dem Spielst\u00e4ttenprogrammpreis APPLAUS, dem h\u00f6chstdotierten Bundesmusikpreis, ausgezeichnet werden. \u201eUnser Dank geht an die vielen mutigen Programmmacher*innen, die jenseits\u2026","rel":"","context":"In &quot;News&quot;","block_context":{"text":"News","link":"https:\/\/www.jazzzeitung.de\/cms\/thema\/nachrichten\/"},"img":{"alt_text":"jazz_news. Motiv. Foto: Hufner","src":"https:\/\/i0.wp.com\/www.jazzzeitung.de\/cms\/wp-content\/uploads\/2017\/10\/jazz_news.jpg?fit=1200%2C873&ssl=1&resize=350%2C200","width":350,"height":200,"srcset":"https:\/\/i0.wp.com\/www.jazzzeitung.de\/cms\/wp-content\/uploads\/2017\/10\/jazz_news.jpg?fit=1200%2C873&ssl=1&resize=350%2C200 1x, https:\/\/i0.wp.com\/www.jazzzeitung.de\/cms\/wp-content\/uploads\/2017\/10\/jazz_news.jpg?fit=1200%2C873&ssl=1&resize=525%2C300 1.5x, https:\/\/i0.wp.com\/www.jazzzeitung.de\/cms\/wp-content\/uploads\/2017\/10\/jazz_news.jpg?fit=1200%2C873&ssl=1&resize=700%2C400 2x, https:\/\/i0.wp.com\/www.jazzzeitung.de\/cms\/wp-content\/uploads\/2017\/10\/jazz_news.jpg?fit=1200%2C873&ssl=1&resize=1050%2C600 3x"},"classes":[]},{"id":16574,"url":"https:\/\/www.jazzzeitung.de\/cms\/2018\/07\/bundestag-beschliesst-zusaetzliche-gelder-zur-foerderung-von-pop-rock-und-jazz\/","url_meta":{"origin":16031,"position":3},"title":"Bundestag beschlie\u00dft zus\u00e4tzliche Gelder zur F\u00f6rderung von Pop, Rock und Jazz","author":"Redaktion JazzZeitung","date":"7. Juli 2018","format":false,"excerpt":"Der Haushaltsausschuss des Deutschen Bundestags hat in seiner\u00a0Bereinigungssitzung eine Aufstockung der Musikf\u00f6rderung beschlossen. Darin\u00a0enthalten sind zus\u00e4tzliche 4,15 Millionen Euro, die der Bund der Initiative Musik\u00a0f\u00fcr die Jahre 2018 und 2019 bereitstellt.\u00a0Kulturstaatsministerin Prof. Monika Gr\u00fctters: \u201eMit den zus\u00e4tzlichen Geldern\u00a0f\u00fcr die Initiative Musik wollen wir vor allem die vielen kleineren Clubs im\u00a0ganzen\u2026","rel":"","context":"In &quot;News&quot;","block_context":{"text":"News","link":"https:\/\/www.jazzzeitung.de\/cms\/thema\/nachrichten\/"},"img":{"alt_text":"","src":"https:\/\/i0.wp.com\/www.jazzzeitung.de\/cms\/wp-content\/uploads\/2018\/07\/MonikaGr%C3%BCtters_Christof-Rieken.jpg?fit=1200%2C799&ssl=1&resize=350%2C200","width":350,"height":200,"srcset":"https:\/\/i0.wp.com\/www.jazzzeitung.de\/cms\/wp-content\/uploads\/2018\/07\/MonikaGr%C3%BCtters_Christof-Rieken.jpg?fit=1200%2C799&ssl=1&resize=350%2C200 1x, https:\/\/i0.wp.com\/www.jazzzeitung.de\/cms\/wp-content\/uploads\/2018\/07\/MonikaGr%C3%BCtters_Christof-Rieken.jpg?fit=1200%2C799&ssl=1&resize=525%2C300 1.5x, https:\/\/i0.wp.com\/www.jazzzeitung.de\/cms\/wp-content\/uploads\/2018\/07\/MonikaGr%C3%BCtters_Christof-Rieken.jpg?fit=1200%2C799&ssl=1&resize=700%2C400 2x, https:\/\/i0.wp.com\/www.jazzzeitung.de\/cms\/wp-content\/uploads\/2018\/07\/MonikaGr%C3%BCtters_Christof-Rieken.jpg?fit=1200%2C799&ssl=1&resize=1050%2C600 3x"},"classes":[]},{"id":3039,"url":"https:\/\/www.jazzzeitung.de\/cms\/2013\/11\/jahre-und-jahre-jazz-lobby-der-lange-weg-zum-spielstaettenprogrammpreis\/","url_meta":{"origin":16031,"position":4},"title":"\u201eJahre und Jahre Jazz-Lobby\u201c: Der lange Weg zum Spielst\u00e4ttenprogrammpreis","author":"Redaktion JazzZeitung","date":"19. November 2013","format":false,"excerpt":"Felix Falk, Saxophonist, stellvertretender Vorsitzender der Union Deutscher Jazzmusiker, Sprecher der Bundeskonferenz Jazz und Jurymitglied des Spielst\u00e4ttenprogrammpreises im Gespr\u00e4ch. - Der neu eingerichtete Spielst\u00e4ttenprogrammpreis Rock, Pop und Jazz wurde in diesem Jahr zum ersten Mal verliehen. Vom Bundestag mit einer Million Euro finanziert, durch Kulturstaatsminister Bernd Neumann in Hamburg am\u2026","rel":"","context":"In &quot;JazzZeitung (print)&quot;","block_context":{"text":"JazzZeitung (print)","link":"https:\/\/www.jazzzeitung.de\/cms\/thema\/archiv\/jazzzeitung-print\/"},"img":{"alt_text":"Felix Falk","src":"https:\/\/i0.wp.com\/www.jazzzeitung.de\/cms\/wp-content\/uploads\/2013\/11\/felix-falk-pf1_sw-150x150.jpg?resize=350%2C200","width":350,"height":200},"classes":[]},{"id":7344,"url":"https:\/\/www.jazzzeitung.de\/cms\/2015\/10\/vom-applaus-allein-lebt-es-sich-schlecht\/","url_meta":{"origin":16031,"position":5},"title":"Dieser Applaus ist Geld wert","author":"Redaktion JazzZeitung","date":"13. Oktober 2015","format":false,"excerpt":"Am gestrigen Abend zeichnete Kulturstaatsministerin Monika Gr\u00fctters zum dritten Mal herausragende Livemusikprogramme mit dem sogenannten Spielst\u00e4ttenprogrammpreis der Initiative Musik aus. Dieser firmiert erstmals unter dem neuen Namen APPLAUS \u2013 ein K\u00fcrzel f\u00fcr \u201aAuszeichnung der Programmplanung unabh\u00e4ngiger Spielst\u00e4tten\u2018. Mit der Verleihung des bundesweiten Preises sind F\u00f6rderungen in H\u00f6he von 905.000 Euro\u2026","rel":"","context":"In &quot;Bericht&quot;","block_context":{"text":"Bericht","link":"https:\/\/www.jazzzeitung.de\/cms\/thema\/bericht\/"},"img":{"alt_text":"Moderatorin Nina Sonnenberg uznd Staatsministerin Monika Gr\u00fctters gratulierten 64 APPLAUS-Preistr\u00e4gern. Foto: Ralf Dombrowski\/Initiative Musik ","src":"https:\/\/i0.wp.com\/www.jazzzeitung.de\/cms\/wp-content\/uploads\/2015\/10\/Gr%C3%BCtterSonnenberg-150x150.jpg?resize=350%2C200","width":350,"height":200},"classes":[]}],"jetpack_sharing_enabled":true,"_links":{"self":[{"href":"https:\/\/www.jazzzeitung.de\/cms\/wp-json\/wp\/v2\/posts\/16031","targetHints":{"allow":["GET"]}}],"collection":[{"href":"https:\/\/www.jazzzeitung.de\/cms\/wp-json\/wp\/v2\/posts"}],"about":[{"href":"https:\/\/www.jazzzeitung.de\/cms\/wp-json\/wp\/v2\/types\/post"}],"author":[{"embeddable":true,"href":"https:\/\/www.jazzzeitung.de\/cms\/wp-json\/wp\/v2\/users\/18"}],"replies":[{"embeddable":true,"href":"https:\/\/www.jazzzeitung.de\/cms\/wp-json\/wp\/v2\/comments?post=16031"}],"version-history":[{"count":6,"href":"https:\/\/www.jazzzeitung.de\/cms\/wp-json\/wp\/v2\/posts\/16031\/revisions"}],"predecessor-version":[{"id":16033,"href":"https:\/\/www.jazzzeitung.de\/cms\/wp-json\/wp\/v2\/posts\/16031\/revisions\/16033"}],"wp:featuredmedia":[{"embeddable":true,"href":"https:\/\/www.jazzzeitung.de\/cms\/wp-json\/wp\/v2\/media\/16034"}],"wp:attachment":[{"href":"https:\/\/www.jazzzeitung.de\/cms\/wp-json\/wp\/v2\/media?parent=16031"}],"wp:term":[{"taxonomy":"category","embeddable":true,"href":"https:\/\/www.jazzzeitung.de\/cms\/wp-json\/wp\/v2\/categories?post=16031"},{"taxonomy":"post_tag","embeddable":true,"href":"https:\/\/www.jazzzeitung.de\/cms\/wp-json\/wp\/v2\/tags?post=16031"},{"taxonomy":"author","embeddable":true,"href":"https:\/\/www.jazzzeitung.de\/cms\/wp-json\/wp\/v2\/coauthors?post=16031"}],"curies":[{"name":"wp","href":"https:\/\/api.w.org\/{rel}","templated":true}]}}