{"id":1592,"date":"2012-03-08T01:53:37","date_gmt":"2012-03-08T00:53:37","guid":{"rendered":"http:\/\/blogs.nmz.de\/jazz\/?p=1592"},"modified":"2012-03-08T01:53:37","modified_gmt":"2012-03-08T00:53:37","slug":"wer-kann-noch-konzertkritik-pladoyer-fur-ein-ungeliebtes-genre","status":"publish","type":"post","link":"https:\/\/www.jazzzeitung.de\/cms\/2012\/03\/wer-kann-noch-konzertkritik-pladoyer-fur-ein-ungeliebtes-genre\/","title":{"rendered":"Wer kann noch Konzertkritik? \u2013 Pl\u00e4doyer f\u00fcr ein ungeliebtes Genre"},"content":{"rendered":"<p>In der <strong><em><a href=\"http:\/\/www.jazzzeitung.de\/jazz\/2012\/01\/titelstory.shtml\" target=\"_blank\">Titelstory der aktuellen Jazzzeitung (2012\/01)<\/a><\/em><\/strong> hat sich BR-Jazzredakteur Roland Spiegel Gedanken \u00fcber die Magie des Live-Augenblicks im Jazz gemacht, der in Zeiten von werbelastigen Vorberichten und Promotiontexten viel zu selten in Worte gefasst wird. Ein Pl\u00e4doyer f\u00fcr die gute alte Konzertkritik&#8230;<\/p>\n<figure id=\"attachment_1595\" aria-describedby=\"caption-attachment-1595\" style=\"width: 300px\" class=\"wp-caption alignnone\"><a href=\"https:\/\/i0.wp.com\/www.jazzzeitung.de\/cms\/wp-content\/uploads\/2012\/03\/titelbild-cecil-taylor.jpg\"><img data-recalc-dims=\"1\" loading=\"lazy\" decoding=\"async\" data-attachment-id=\"1595\" data-permalink=\"https:\/\/www.jazzzeitung.de\/cms\/2012\/03\/wer-kann-noch-konzertkritik-pladoyer-fur-ein-ungeliebtes-genre\/titelbild-cecil-taylor\/\" data-orig-file=\"https:\/\/i0.wp.com\/www.jazzzeitung.de\/cms\/wp-content\/uploads\/2012\/03\/titelbild-cecil-taylor.jpg?fit=900%2C602&amp;ssl=1\" data-orig-size=\"900,602\" data-comments-opened=\"1\" data-image-meta=\"{&quot;aperture&quot;:&quot;0&quot;,&quot;credit&quot;:&quot;&quot;,&quot;camera&quot;:&quot;&quot;,&quot;caption&quot;:&quot;&quot;,&quot;created_timestamp&quot;:&quot;0&quot;,&quot;copyright&quot;:&quot;&quot;,&quot;focal_length&quot;:&quot;0&quot;,&quot;iso&quot;:&quot;0&quot;,&quot;shutter_speed&quot;:&quot;0&quot;,&quot;title&quot;:&quot;&quot;}\" data-image-title=\"Cecil Taylor. Foto: Ssirus W. Pakzad\" data-image-description=\"\" data-image-caption=\"\" data-large-file=\"https:\/\/i0.wp.com\/www.jazzzeitung.de\/cms\/wp-content\/uploads\/2012\/03\/titelbild-cecil-taylor.jpg?fit=840%2C562&amp;ssl=1\" class=\"size-medium wp-image-1595 \" title=\"Cecil Taylor im Neuburger Birdland im November 2011. Foto: Ssirus W. Pakzad\" src=\"https:\/\/i0.wp.com\/www.jazzzeitung.de\/cms\/wp-content\/uploads\/2012\/03\/titelbild-cecil-taylor-300x200.jpg?resize=300%2C200\" alt=\"Cecil Taylor im Neuburger Birdland im November 2011. Foto: Ssirus W. Pakzad\" width=\"300\" height=\"200\" srcset=\"https:\/\/i0.wp.com\/www.jazzzeitung.de\/cms\/wp-content\/uploads\/2012\/03\/titelbild-cecil-taylor.jpg?resize=300%2C200&amp;ssl=1 300w, https:\/\/i0.wp.com\/www.jazzzeitung.de\/cms\/wp-content\/uploads\/2012\/03\/titelbild-cecil-taylor.jpg?w=900&amp;ssl=1 900w\" sizes=\"auto, (max-width: 300px) 100vw, 300px\" \/><\/a><figcaption id=\"caption-attachment-1595\" class=\"wp-caption-text\">Cecil Taylor im Neuburger Birdland im November 2011. Foto: Ssirus W. Pakzad<\/figcaption><\/figure>\n","protected":false},"excerpt":{"rendered":"<p>In der Titelstory der aktuellen Jazzzeitung (2012\/01) hat sich BR-Jazzredakteur Roland Spiegel Gedanken \u00fcber die Magie des Live-Augenblicks im Jazz gemacht, der in Zeiten von werbelastigen Vorberichten und Promotiontexten viel zu selten in Worte gefasst wird. Ein Pl\u00e4doyer f\u00fcr die gute alte Konzertkritik&#8230;<\/p>\n","protected":false},"author":4,"featured_media":0,"comment_status":"open","ping_status":"open","sticky":false,"template":"","format":"standard","meta":{"_jetpack_memberships_contains_paid_content":false,"footnotes":"","jetpack_publicize_message":"","jetpack_publicize_feature_enabled":true,"jetpack_social_post_already_shared":false,"jetpack_social_options":{"image_generator_settings":{"template":"highway","default_image_id":0,"font":"","enabled":false},"version":2}},"categories":[82],"tags":[56,294,324,473,510,530],"coauthors":[],"class_list":["post-1592","post","type-post","status-publish","format-standard","hentry","category-blog","tag-bayerischer-rundfunk","tag-jazzzeitung","tag-konzertkritik","tag-roland-spiegel","tag-spiegel","tag-sueddeutsche"],"yoast_head":"<!-- This site is optimized with the Yoast SEO plugin v27.5 - https:\/\/yoast.com\/product\/yoast-seo-wordpress\/ -->\n<title>Wer kann noch Konzertkritik? \u2013 Pl\u00e4doyer f\u00fcr ein ungeliebtes Genre - JazzZeitung<\/title>\n<meta name=\"robots\" content=\"index, follow, max-snippet:-1, max-image-preview:large, max-video-preview:-1\" \/>\n<link rel=\"canonical\" href=\"https:\/\/www.jazzzeitung.de\/cms\/2012\/03\/wer-kann-noch-konzertkritik-pladoyer-fur-ein-ungeliebtes-genre\/\" \/>\n<meta property=\"og:locale\" content=\"de_DE\" \/>\n<meta property=\"og:type\" content=\"article\" \/>\n<meta property=\"og:title\" content=\"Wer kann noch Konzertkritik? \u2013 Pl\u00e4doyer f\u00fcr ein ungeliebtes Genre - JazzZeitung\" \/>\n<meta property=\"og:description\" content=\"In der Titelstory der aktuellen Jazzzeitung (2012\/01) hat sich BR-Jazzredakteur Roland Spiegel Gedanken \u00fcber die Magie des Live-Augenblicks im Jazz gemacht, der in Zeiten von werbelastigen Vorberichten und Promotiontexten viel zu selten in Worte gefasst wird. Ein Pl\u00e4doyer f\u00fcr die gute alte Konzertkritik&#8230;\" \/>\n<meta property=\"og:url\" content=\"https:\/\/www.jazzzeitung.de\/cms\/2012\/03\/wer-kann-noch-konzertkritik-pladoyer-fur-ein-ungeliebtes-genre\/\" \/>\n<meta property=\"og:site_name\" content=\"JazzZeitung\" \/>\n<meta property=\"article:publisher\" content=\"https:\/\/www.facebook.com\/JazzZeitung\/\" \/>\n<meta property=\"article:published_time\" content=\"2012-03-08T00:53:37+00:00\" \/>\n<meta property=\"og:image\" content=\"http:\/\/www.jazzzeitung.de\/cms\/wp-content\/uploads\/2012\/03\/titelbild-cecil-taylor-300x200.jpg\" \/>\n<meta name=\"author\" content=\"J\u00f6rg Lichtinger\" \/>\n<script type=\"application\/ld+json\" class=\"yoast-schema-graph\">{\"@context\":\"https:\\\/\\\/schema.org\",\"@graph\":[{\"@type\":\"Article\",\"@id\":\"https:\\\/\\\/www.jazzzeitung.de\\\/cms\\\/2012\\\/03\\\/wer-kann-noch-konzertkritik-pladoyer-fur-ein-ungeliebtes-genre\\\/#article\",\"isPartOf\":{\"@id\":\"https:\\\/\\\/www.jazzzeitung.de\\\/cms\\\/2012\\\/03\\\/wer-kann-noch-konzertkritik-pladoyer-fur-ein-ungeliebtes-genre\\\/\"},\"author\":{\"name\":\"J\u00f6rg Lichtinger\",\"@id\":\"https:\\\/\\\/www.jazzzeitung.de\\\/cms\\\/#\\\/schema\\\/person\\\/4c5aaf486bdcd85db94b9a8b9e026bad\"},\"headline\":\"Wer kann noch Konzertkritik? \u2013 Pl\u00e4doyer f\u00fcr ein ungeliebtes Genre\",\"datePublished\":\"2012-03-08T00:53:37+00:00\",\"mainEntityOfPage\":{\"@id\":\"https:\\\/\\\/www.jazzzeitung.de\\\/cms\\\/2012\\\/03\\\/wer-kann-noch-konzertkritik-pladoyer-fur-ein-ungeliebtes-genre\\\/\"},\"wordCount\":74,\"commentCount\":1,\"publisher\":{\"@id\":\"https:\\\/\\\/www.jazzzeitung.de\\\/cms\\\/#organization\"},\"image\":{\"@id\":\"https:\\\/\\\/www.jazzzeitung.de\\\/cms\\\/2012\\\/03\\\/wer-kann-noch-konzertkritik-pladoyer-fur-ein-ungeliebtes-genre\\\/#primaryimage\"},\"thumbnailUrl\":\"http:\\\/\\\/www.jazzzeitung.de\\\/cms\\\/wp-content\\\/uploads\\\/2012\\\/03\\\/titelbild-cecil-taylor-300x200.jpg\",\"keywords\":[\"Bayerischer Rundfunk\",\"Jazzzeitung\",\"Konzertkritik\",\"Roland Spiegel\",\"Spiegel\",\"S\u00fcddeutsche\"],\"articleSection\":[\"Blog\"],\"inLanguage\":\"de\",\"potentialAction\":[{\"@type\":\"CommentAction\",\"name\":\"Comment\",\"target\":[\"https:\\\/\\\/www.jazzzeitung.de\\\/cms\\\/2012\\\/03\\\/wer-kann-noch-konzertkritik-pladoyer-fur-ein-ungeliebtes-genre\\\/#respond\"]}]},{\"@type\":\"WebPage\",\"@id\":\"https:\\\/\\\/www.jazzzeitung.de\\\/cms\\\/2012\\\/03\\\/wer-kann-noch-konzertkritik-pladoyer-fur-ein-ungeliebtes-genre\\\/\",\"url\":\"https:\\\/\\\/www.jazzzeitung.de\\\/cms\\\/2012\\\/03\\\/wer-kann-noch-konzertkritik-pladoyer-fur-ein-ungeliebtes-genre\\\/\",\"name\":\"Wer kann noch Konzertkritik? \u2013 Pl\u00e4doyer f\u00fcr ein ungeliebtes Genre - JazzZeitung\",\"isPartOf\":{\"@id\":\"https:\\\/\\\/www.jazzzeitung.de\\\/cms\\\/#website\"},\"primaryImageOfPage\":{\"@id\":\"https:\\\/\\\/www.jazzzeitung.de\\\/cms\\\/2012\\\/03\\\/wer-kann-noch-konzertkritik-pladoyer-fur-ein-ungeliebtes-genre\\\/#primaryimage\"},\"image\":{\"@id\":\"https:\\\/\\\/www.jazzzeitung.de\\\/cms\\\/2012\\\/03\\\/wer-kann-noch-konzertkritik-pladoyer-fur-ein-ungeliebtes-genre\\\/#primaryimage\"},\"thumbnailUrl\":\"http:\\\/\\\/www.jazzzeitung.de\\\/cms\\\/wp-content\\\/uploads\\\/2012\\\/03\\\/titelbild-cecil-taylor-300x200.jpg\",\"datePublished\":\"2012-03-08T00:53:37+00:00\",\"breadcrumb\":{\"@id\":\"https:\\\/\\\/www.jazzzeitung.de\\\/cms\\\/2012\\\/03\\\/wer-kann-noch-konzertkritik-pladoyer-fur-ein-ungeliebtes-genre\\\/#breadcrumb\"},\"inLanguage\":\"de\",\"potentialAction\":[{\"@type\":\"ReadAction\",\"target\":[\"https:\\\/\\\/www.jazzzeitung.de\\\/cms\\\/2012\\\/03\\\/wer-kann-noch-konzertkritik-pladoyer-fur-ein-ungeliebtes-genre\\\/\"]}]},{\"@type\":\"ImageObject\",\"inLanguage\":\"de\",\"@id\":\"https:\\\/\\\/www.jazzzeitung.de\\\/cms\\\/2012\\\/03\\\/wer-kann-noch-konzertkritik-pladoyer-fur-ein-ungeliebtes-genre\\\/#primaryimage\",\"url\":\"http:\\\/\\\/www.jazzzeitung.de\\\/cms\\\/wp-content\\\/uploads\\\/2012\\\/03\\\/titelbild-cecil-taylor-300x200.jpg\",\"contentUrl\":\"http:\\\/\\\/www.jazzzeitung.de\\\/cms\\\/wp-content\\\/uploads\\\/2012\\\/03\\\/titelbild-cecil-taylor-300x200.jpg\"},{\"@type\":\"BreadcrumbList\",\"@id\":\"https:\\\/\\\/www.jazzzeitung.de\\\/cms\\\/2012\\\/03\\\/wer-kann-noch-konzertkritik-pladoyer-fur-ein-ungeliebtes-genre\\\/#breadcrumb\",\"itemListElement\":[{\"@type\":\"ListItem\",\"position\":1,\"name\":\"Startseite\",\"item\":\"https:\\\/\\\/www.jazzzeitung.de\\\/cms\\\/\"},{\"@type\":\"ListItem\",\"position\":2,\"name\":\"Wer kann noch Konzertkritik? \u2013 Pl\u00e4doyer f\u00fcr ein ungeliebtes Genre\"}]},{\"@type\":\"WebSite\",\"@id\":\"https:\\\/\\\/www.jazzzeitung.de\\\/cms\\\/#website\",\"url\":\"https:\\\/\\\/www.jazzzeitung.de\\\/cms\\\/\",\"name\":\"JazzZeitung\",\"description\":\"Jazz-News und Jazz-Kontroverses\",\"publisher\":{\"@id\":\"https:\\\/\\\/www.jazzzeitung.de\\\/cms\\\/#organization\"},\"potentialAction\":[{\"@type\":\"SearchAction\",\"target\":{\"@type\":\"EntryPoint\",\"urlTemplate\":\"https:\\\/\\\/www.jazzzeitung.de\\\/cms\\\/?s={search_term_string}\"},\"query-input\":{\"@type\":\"PropertyValueSpecification\",\"valueRequired\":true,\"valueName\":\"search_term_string\"}}],\"inLanguage\":\"de\"},{\"@type\":\"Organization\",\"@id\":\"https:\\\/\\\/www.jazzzeitung.de\\\/cms\\\/#organization\",\"name\":\"JazzZeitung online\",\"url\":\"https:\\\/\\\/www.jazzzeitung.de\\\/cms\\\/\",\"logo\":{\"@type\":\"ImageObject\",\"inLanguage\":\"de\",\"@id\":\"https:\\\/\\\/www.jazzzeitung.de\\\/cms\\\/#\\\/schema\\\/logo\\\/image\\\/\",\"url\":\"https:\\\/\\\/i0.wp.com\\\/www.jazzzeitung.de\\\/cms\\\/wp-content\\\/uploads\\\/2015\\\/08\\\/JAZZZEITUNGDE_Logo_Neu.png?fit=499%2C200&ssl=1\",\"contentUrl\":\"https:\\\/\\\/i0.wp.com\\\/www.jazzzeitung.de\\\/cms\\\/wp-content\\\/uploads\\\/2015\\\/08\\\/JAZZZEITUNGDE_Logo_Neu.png?fit=499%2C200&ssl=1\",\"width\":499,\"height\":200,\"caption\":\"JazzZeitung online\"},\"image\":{\"@id\":\"https:\\\/\\\/www.jazzzeitung.de\\\/cms\\\/#\\\/schema\\\/logo\\\/image\\\/\"},\"sameAs\":[\"https:\\\/\\\/www.facebook.com\\\/JazzZeitung\\\/\"]},{\"@type\":\"Person\",\"@id\":\"https:\\\/\\\/www.jazzzeitung.de\\\/cms\\\/#\\\/schema\\\/person\\\/4c5aaf486bdcd85db94b9a8b9e026bad\",\"name\":\"J\u00f6rg Lichtinger\",\"image\":{\"@type\":\"ImageObject\",\"inLanguage\":\"de\",\"@id\":\"https:\\\/\\\/secure.gravatar.com\\\/avatar\\\/8d1d484eb77cf370a1620f9866681cdba540c9b8439ce96ea0c830dd3b59936c?s=96&d=wp_user_avatar&r=ge66dff7680db2349fb79ae0cb2d734e3\",\"url\":\"https:\\\/\\\/secure.gravatar.com\\\/avatar\\\/8d1d484eb77cf370a1620f9866681cdba540c9b8439ce96ea0c830dd3b59936c?s=96&d=wp_user_avatar&r=g\",\"contentUrl\":\"https:\\\/\\\/secure.gravatar.com\\\/avatar\\\/8d1d484eb77cf370a1620f9866681cdba540c9b8439ce96ea0c830dd3b59936c?s=96&d=wp_user_avatar&r=g\",\"caption\":\"J\u00f6rg Lichtinger\"},\"url\":\"https:\\\/\\\/www.jazzzeitung.de\\\/cms\\\/author\\\/lichtinger\\\/\"}]}<\/script>\n<!-- \/ Yoast SEO plugin. -->","yoast_head_json":{"title":"Wer kann noch Konzertkritik? \u2013 Pl\u00e4doyer f\u00fcr ein ungeliebtes Genre - JazzZeitung","robots":{"index":"index","follow":"follow","max-snippet":"max-snippet:-1","max-image-preview":"max-image-preview:large","max-video-preview":"max-video-preview:-1"},"canonical":"https:\/\/www.jazzzeitung.de\/cms\/2012\/03\/wer-kann-noch-konzertkritik-pladoyer-fur-ein-ungeliebtes-genre\/","og_locale":"de_DE","og_type":"article","og_title":"Wer kann noch Konzertkritik? \u2013 Pl\u00e4doyer f\u00fcr ein ungeliebtes Genre - JazzZeitung","og_description":"In der Titelstory der aktuellen Jazzzeitung (2012\/01) hat sich BR-Jazzredakteur Roland Spiegel Gedanken \u00fcber die Magie des Live-Augenblicks im Jazz gemacht, der in Zeiten von werbelastigen Vorberichten und Promotiontexten viel zu selten in Worte gefasst wird. Ein Pl\u00e4doyer f\u00fcr die gute alte Konzertkritik&#8230;","og_url":"https:\/\/www.jazzzeitung.de\/cms\/2012\/03\/wer-kann-noch-konzertkritik-pladoyer-fur-ein-ungeliebtes-genre\/","og_site_name":"JazzZeitung","article_publisher":"https:\/\/www.facebook.com\/JazzZeitung\/","article_published_time":"2012-03-08T00:53:37+00:00","og_image":[{"url":"http:\/\/www.jazzzeitung.de\/cms\/wp-content\/uploads\/2012\/03\/titelbild-cecil-taylor-300x200.jpg","type":"","width":"","height":""}],"author":"J\u00f6rg Lichtinger","schema":{"@context":"https:\/\/schema.org","@graph":[{"@type":"Article","@id":"https:\/\/www.jazzzeitung.de\/cms\/2012\/03\/wer-kann-noch-konzertkritik-pladoyer-fur-ein-ungeliebtes-genre\/#article","isPartOf":{"@id":"https:\/\/www.jazzzeitung.de\/cms\/2012\/03\/wer-kann-noch-konzertkritik-pladoyer-fur-ein-ungeliebtes-genre\/"},"author":{"name":"J\u00f6rg Lichtinger","@id":"https:\/\/www.jazzzeitung.de\/cms\/#\/schema\/person\/4c5aaf486bdcd85db94b9a8b9e026bad"},"headline":"Wer kann noch Konzertkritik? \u2013 Pl\u00e4doyer f\u00fcr ein ungeliebtes Genre","datePublished":"2012-03-08T00:53:37+00:00","mainEntityOfPage":{"@id":"https:\/\/www.jazzzeitung.de\/cms\/2012\/03\/wer-kann-noch-konzertkritik-pladoyer-fur-ein-ungeliebtes-genre\/"},"wordCount":74,"commentCount":1,"publisher":{"@id":"https:\/\/www.jazzzeitung.de\/cms\/#organization"},"image":{"@id":"https:\/\/www.jazzzeitung.de\/cms\/2012\/03\/wer-kann-noch-konzertkritik-pladoyer-fur-ein-ungeliebtes-genre\/#primaryimage"},"thumbnailUrl":"http:\/\/www.jazzzeitung.de\/cms\/wp-content\/uploads\/2012\/03\/titelbild-cecil-taylor-300x200.jpg","keywords":["Bayerischer Rundfunk","Jazzzeitung","Konzertkritik","Roland Spiegel","Spiegel","S\u00fcddeutsche"],"articleSection":["Blog"],"inLanguage":"de","potentialAction":[{"@type":"CommentAction","name":"Comment","target":["https:\/\/www.jazzzeitung.de\/cms\/2012\/03\/wer-kann-noch-konzertkritik-pladoyer-fur-ein-ungeliebtes-genre\/#respond"]}]},{"@type":"WebPage","@id":"https:\/\/www.jazzzeitung.de\/cms\/2012\/03\/wer-kann-noch-konzertkritik-pladoyer-fur-ein-ungeliebtes-genre\/","url":"https:\/\/www.jazzzeitung.de\/cms\/2012\/03\/wer-kann-noch-konzertkritik-pladoyer-fur-ein-ungeliebtes-genre\/","name":"Wer kann noch Konzertkritik? \u2013 Pl\u00e4doyer f\u00fcr ein ungeliebtes Genre - JazzZeitung","isPartOf":{"@id":"https:\/\/www.jazzzeitung.de\/cms\/#website"},"primaryImageOfPage":{"@id":"https:\/\/www.jazzzeitung.de\/cms\/2012\/03\/wer-kann-noch-konzertkritik-pladoyer-fur-ein-ungeliebtes-genre\/#primaryimage"},"image":{"@id":"https:\/\/www.jazzzeitung.de\/cms\/2012\/03\/wer-kann-noch-konzertkritik-pladoyer-fur-ein-ungeliebtes-genre\/#primaryimage"},"thumbnailUrl":"http:\/\/www.jazzzeitung.de\/cms\/wp-content\/uploads\/2012\/03\/titelbild-cecil-taylor-300x200.jpg","datePublished":"2012-03-08T00:53:37+00:00","breadcrumb":{"@id":"https:\/\/www.jazzzeitung.de\/cms\/2012\/03\/wer-kann-noch-konzertkritik-pladoyer-fur-ein-ungeliebtes-genre\/#breadcrumb"},"inLanguage":"de","potentialAction":[{"@type":"ReadAction","target":["https:\/\/www.jazzzeitung.de\/cms\/2012\/03\/wer-kann-noch-konzertkritik-pladoyer-fur-ein-ungeliebtes-genre\/"]}]},{"@type":"ImageObject","inLanguage":"de","@id":"https:\/\/www.jazzzeitung.de\/cms\/2012\/03\/wer-kann-noch-konzertkritik-pladoyer-fur-ein-ungeliebtes-genre\/#primaryimage","url":"http:\/\/www.jazzzeitung.de\/cms\/wp-content\/uploads\/2012\/03\/titelbild-cecil-taylor-300x200.jpg","contentUrl":"http:\/\/www.jazzzeitung.de\/cms\/wp-content\/uploads\/2012\/03\/titelbild-cecil-taylor-300x200.jpg"},{"@type":"BreadcrumbList","@id":"https:\/\/www.jazzzeitung.de\/cms\/2012\/03\/wer-kann-noch-konzertkritik-pladoyer-fur-ein-ungeliebtes-genre\/#breadcrumb","itemListElement":[{"@type":"ListItem","position":1,"name":"Startseite","item":"https:\/\/www.jazzzeitung.de\/cms\/"},{"@type":"ListItem","position":2,"name":"Wer kann noch Konzertkritik? \u2013 Pl\u00e4doyer f\u00fcr ein ungeliebtes Genre"}]},{"@type":"WebSite","@id":"https:\/\/www.jazzzeitung.de\/cms\/#website","url":"https:\/\/www.jazzzeitung.de\/cms\/","name":"JazzZeitung","description":"Jazz-News und Jazz-Kontroverses","publisher":{"@id":"https:\/\/www.jazzzeitung.de\/cms\/#organization"},"potentialAction":[{"@type":"SearchAction","target":{"@type":"EntryPoint","urlTemplate":"https:\/\/www.jazzzeitung.de\/cms\/?s={search_term_string}"},"query-input":{"@type":"PropertyValueSpecification","valueRequired":true,"valueName":"search_term_string"}}],"inLanguage":"de"},{"@type":"Organization","@id":"https:\/\/www.jazzzeitung.de\/cms\/#organization","name":"JazzZeitung online","url":"https:\/\/www.jazzzeitung.de\/cms\/","logo":{"@type":"ImageObject","inLanguage":"de","@id":"https:\/\/www.jazzzeitung.de\/cms\/#\/schema\/logo\/image\/","url":"https:\/\/i0.wp.com\/www.jazzzeitung.de\/cms\/wp-content\/uploads\/2015\/08\/JAZZZEITUNGDE_Logo_Neu.png?fit=499%2C200&ssl=1","contentUrl":"https:\/\/i0.wp.com\/www.jazzzeitung.de\/cms\/wp-content\/uploads\/2015\/08\/JAZZZEITUNGDE_Logo_Neu.png?fit=499%2C200&ssl=1","width":499,"height":200,"caption":"JazzZeitung online"},"image":{"@id":"https:\/\/www.jazzzeitung.de\/cms\/#\/schema\/logo\/image\/"},"sameAs":["https:\/\/www.facebook.com\/JazzZeitung\/"]},{"@type":"Person","@id":"https:\/\/www.jazzzeitung.de\/cms\/#\/schema\/person\/4c5aaf486bdcd85db94b9a8b9e026bad","name":"J\u00f6rg Lichtinger","image":{"@type":"ImageObject","inLanguage":"de","@id":"https:\/\/secure.gravatar.com\/avatar\/8d1d484eb77cf370a1620f9866681cdba540c9b8439ce96ea0c830dd3b59936c?s=96&d=wp_user_avatar&r=ge66dff7680db2349fb79ae0cb2d734e3","url":"https:\/\/secure.gravatar.com\/avatar\/8d1d484eb77cf370a1620f9866681cdba540c9b8439ce96ea0c830dd3b59936c?s=96&d=wp_user_avatar&r=g","contentUrl":"https:\/\/secure.gravatar.com\/avatar\/8d1d484eb77cf370a1620f9866681cdba540c9b8439ce96ea0c830dd3b59936c?s=96&d=wp_user_avatar&r=g","caption":"J\u00f6rg Lichtinger"},"url":"https:\/\/www.jazzzeitung.de\/cms\/author\/lichtinger\/"}]}},"wp-worthy-pixel":{"ignored":false,"public":null,"server":null,"url":null},"wp-worthy-type":"normal","jetpack_publicize_connections":[],"cc_featured_image_caption":{"caption_text":false,"source_text":false,"source_url":false},"jetpack_featured_media_url":"","jetpack_shortlink":"https:\/\/wp.me\/p3KEcT-pG","jetpack-related-posts":[{"id":9171,"url":"https:\/\/www.jazzzeitung.de\/cms\/2016\/05\/bmw-welt-jazz-award-2016-maria-rios-moore-gewinnt-mit-band\/","url_meta":{"origin":1592,"position":0},"title":"Indra Rios-Moore und Band gewinnen den BMW Welt Jazz Award 2016","author":"Redaktion JazzZeitung","date":"9. Mai 2016","format":"gallery","excerpt":"M\u00fcnchen. Die Sieger des BMW Welt Jazz Award 2016 stehen fest: Das amerikanisch-d\u00e4nische Ensemble von S\u00e4ngerin Indra Rios-Moore hat sich am Samstagabend im Abschlusskonzert gegen die amerikanisch-schweizerische Gruppe Stucky-Doran-Studer-Tacuma durchgesetzt. Den Hauptpreis \u00fcberreichte Ian Robertson, Mitglied des Vorstands der BMW AG. Unter dem diesj\u00e4hrigen Motto \u201eInspired by Legends\u201c begeisterten beide\u2026","rel":"","context":"In &quot;Galerie&quot;","block_context":{"text":"Galerie","link":"https:\/\/www.jazzzeitung.de\/cms\/thema\/galerie\/"},"img":{"alt_text":"","src":"https:\/\/i0.wp.com\/www.jazzzeitung.de\/cms\/wp-content\/uploads\/2016\/05\/P1750208-BMW-Welt-Jazz-Award-2016-Foto-TJ-Krebs.jpg?resize=350%2C200","width":350,"height":200,"srcset":"https:\/\/i0.wp.com\/www.jazzzeitung.de\/cms\/wp-content\/uploads\/2016\/05\/P1750208-BMW-Welt-Jazz-Award-2016-Foto-TJ-Krebs.jpg?resize=350%2C200 1x, https:\/\/i0.wp.com\/www.jazzzeitung.de\/cms\/wp-content\/uploads\/2016\/05\/P1750208-BMW-Welt-Jazz-Award-2016-Foto-TJ-Krebs.jpg?resize=525%2C300 1.5x, https:\/\/i0.wp.com\/www.jazzzeitung.de\/cms\/wp-content\/uploads\/2016\/05\/P1750208-BMW-Welt-Jazz-Award-2016-Foto-TJ-Krebs.jpg?resize=700%2C400 2x"},"classes":[]},{"id":5715,"url":"https:\/\/www.jazzzeitung.de\/cms\/2015\/03\/majestaetisches-orchester-im-doppelkegel\/","url_meta":{"origin":1592,"position":1},"title":"&#8222;Majest\u00e4tisches&#8220; Orchester im Doppelkegel","author":"Redaktion JazzZeitung","date":"16. M\u00e4rz 2015","format":false,"excerpt":"Der schwedische Gitarrist Carl M\u00f6rner Ringstr\u00f6m trat mit seinem Majestic Orchester (William Larsson an den Keyboards, Paul Hinz am Bass und Daniel Johansson am Schlagzeug) beim BMW Welt Jazz Award auf. Thomas Krebs fotografierte den virtuosen Auftritt im Doppelkegel f\u00fcr die JazzZeitung. Eine ausf\u00fchrliche Konzertkritik von Ssirus W. Pakzad hier.","rel":"","context":"In &quot;Galerie&quot;","block_context":{"text":"Galerie","link":"https:\/\/www.jazzzeitung.de\/cms\/thema\/galerie\/"},"img":{"alt_text":"","src":"https:\/\/i0.wp.com\/www.jazzzeitung.de\/cms\/wp-content\/uploads\/2015\/03\/P1470586-Ringstr%C3%B6m-Copyright-TJ-Krebs-jazzphotoagency%40web.de_.jpg?fit=682%2C1024&ssl=1&resize=350%2C200","width":350,"height":200,"srcset":"https:\/\/i0.wp.com\/www.jazzzeitung.de\/cms\/wp-content\/uploads\/2015\/03\/P1470586-Ringstr%C3%B6m-Copyright-TJ-Krebs-jazzphotoagency%40web.de_.jpg?fit=682%2C1024&ssl=1&resize=350%2C200 1x, https:\/\/i0.wp.com\/www.jazzzeitung.de\/cms\/wp-content\/uploads\/2015\/03\/P1470586-Ringstr%C3%B6m-Copyright-TJ-Krebs-jazzphotoagency%40web.de_.jpg?fit=682%2C1024&ssl=1&resize=525%2C300 1.5x"},"classes":[]},{"id":5646,"url":"https:\/\/www.jazzzeitung.de\/cms\/2015\/03\/manu-codija-trio-bei-den-bmw-welt-jazz-awards\/","url_meta":{"origin":1592,"position":2},"title":"Manu Codjia Trio bei den BMW Welt Jazz Awards","author":"Redaktion JazzZeitung","date":"9. M\u00e4rz 2015","format":false,"excerpt":"Gestern spielte der franz\u00f6sische Gitarrist Manu Codjia mit seinem Trio im Doppelkegel der BMW Welt. Dabei \u00fcberzeugte er zusammen mit Bassist J\u00e9r\u00f4me Regard und Schlagzeuger Philippe Garcia mit und pr\u00e4sentierte ein \"Potpourri\" aus gecoverten Hits der letzten drei Jahrzente. Thomas J. Krebs war vor Ort und liefert einige Impressionen des\u2026","rel":"","context":"In &quot;Galerie&quot;","block_context":{"text":"Galerie","link":"https:\/\/www.jazzzeitung.de\/cms\/thema\/galerie\/"},"img":{"alt_text":"","src":"https:\/\/i0.wp.com\/www.jazzzeitung.de\/cms\/wp-content\/uploads\/2015\/03\/09-Manu-Codjia-P1460828-Copyright-TJ-Krebs-jazzphotoagency%40web.de_.jpg?fit=800%2C1200&ssl=1&resize=350%2C200","width":350,"height":200,"srcset":"https:\/\/i0.wp.com\/www.jazzzeitung.de\/cms\/wp-content\/uploads\/2015\/03\/09-Manu-Codjia-P1460828-Copyright-TJ-Krebs-jazzphotoagency%40web.de_.jpg?fit=800%2C1200&ssl=1&resize=350%2C200 1x, https:\/\/i0.wp.com\/www.jazzzeitung.de\/cms\/wp-content\/uploads\/2015\/03\/09-Manu-Codjia-P1460828-Copyright-TJ-Krebs-jazzphotoagency%40web.de_.jpg?fit=800%2C1200&ssl=1&resize=525%2C300 1.5x, https:\/\/i0.wp.com\/www.jazzzeitung.de\/cms\/wp-content\/uploads\/2015\/03\/09-Manu-Codjia-P1460828-Copyright-TJ-Krebs-jazzphotoagency%40web.de_.jpg?fit=800%2C1200&ssl=1&resize=700%2C400 2x"},"classes":[]},{"id":22031,"url":"https:\/\/www.jazzzeitung.de\/cms\/2020\/02\/bmw-welt-jazz-award-2020-das-trio-reis-demuth-wiltgen-bestreitet-das-fuenfte-dienstagskonzert\/","url_meta":{"origin":1592,"position":3},"title":"BMW Welt Jazz Award 2020: Das Trio Reis-Demuth-Wiltgen bestreitet das f\u00fcnfte Dienstagskonzert","author":"Redaktion JazzZeitung","date":"27. Februar 2020","format":false,"excerpt":"Als f\u00fcnfte Band im Entscheid des BMW Welt Jazz Award war vor voll besetztem Haus das Trio des Pianisten Michel Reis, des Bassisten Marc Demuth und des Schlagzeugers Paul Wiltgen zu Gast. Pulsierende Pattern, m\u00e4chtig sich auft\u00fcrmende Klangkaskaden - nur unterbrochen von dem Motto \"The Melody at Night\" geschuldeten inspirierten\u2026","rel":"","context":"In &quot;Galerie&quot;","block_context":{"text":"Galerie","link":"https:\/\/www.jazzzeitung.de\/cms\/thema\/galerie\/"},"img":{"alt_text":"","src":"https:\/\/i0.wp.com\/www.jazzzeitung.de\/cms\/wp-content\/uploads\/2020\/02\/P1716598-Reis-Demuth-Wiltgen-Trio-Foto-TJ-Krebs.jpg?fit=1200%2C823&ssl=1&resize=350%2C200","width":350,"height":200,"srcset":"https:\/\/i0.wp.com\/www.jazzzeitung.de\/cms\/wp-content\/uploads\/2020\/02\/P1716598-Reis-Demuth-Wiltgen-Trio-Foto-TJ-Krebs.jpg?fit=1200%2C823&ssl=1&resize=350%2C200 1x, https:\/\/i0.wp.com\/www.jazzzeitung.de\/cms\/wp-content\/uploads\/2020\/02\/P1716598-Reis-Demuth-Wiltgen-Trio-Foto-TJ-Krebs.jpg?fit=1200%2C823&ssl=1&resize=525%2C300 1.5x, https:\/\/i0.wp.com\/www.jazzzeitung.de\/cms\/wp-content\/uploads\/2020\/02\/P1716598-Reis-Demuth-Wiltgen-Trio-Foto-TJ-Krebs.jpg?fit=1200%2C823&ssl=1&resize=700%2C400 2x, https:\/\/i0.wp.com\/www.jazzzeitung.de\/cms\/wp-content\/uploads\/2020\/02\/P1716598-Reis-Demuth-Wiltgen-Trio-Foto-TJ-Krebs.jpg?fit=1200%2C823&ssl=1&resize=1050%2C600 3x"},"classes":[]},{"id":15719,"url":"https:\/\/www.jazzzeitung.de\/cms\/2018\/04\/konzertkritik-galvin-trio\/","url_meta":{"origin":1592,"position":4},"title":"Konzertkritik: das Elliot Galvin Trio im Leeren Beutel","author":"Redaktion JazzZeitung","date":"25. April 2018","format":false,"excerpt":"Eine geh\u00f6rige Portion Enthusiasmus und k\u00fcnstlerischer Ehrgeiz. Abgesehen von Musikalit\u00e4t und technischer Brillanz, sind das die Eigenschaften die das britische Elliot Galvin Trio nach Regensburg gef\u00fchrt haben m\u00fcssen. Zwischen London, wo sie \u00f6fter auftreten, Manchester und Paris, dort gastieren sie demn\u00e4chst, war der Leere Beutel der einzige Auftrittsort in ganz\u2026","rel":"","context":"In &quot;Bericht&quot;","block_context":{"text":"Bericht","link":"https:\/\/www.jazzzeitung.de\/cms\/thema\/bericht\/"},"img":{"alt_text":"","src":"https:\/\/i0.wp.com\/www.jazzzeitung.de\/cms\/wp-content\/uploads\/2018\/04\/Galvin-Elliot_70.jpg?fit=1200%2C800&ssl=1&resize=350%2C200","width":350,"height":200,"srcset":"https:\/\/i0.wp.com\/www.jazzzeitung.de\/cms\/wp-content\/uploads\/2018\/04\/Galvin-Elliot_70.jpg?fit=1200%2C800&ssl=1&resize=350%2C200 1x, https:\/\/i0.wp.com\/www.jazzzeitung.de\/cms\/wp-content\/uploads\/2018\/04\/Galvin-Elliot_70.jpg?fit=1200%2C800&ssl=1&resize=525%2C300 1.5x, https:\/\/i0.wp.com\/www.jazzzeitung.de\/cms\/wp-content\/uploads\/2018\/04\/Galvin-Elliot_70.jpg?fit=1200%2C800&ssl=1&resize=700%2C400 2x, https:\/\/i0.wp.com\/www.jazzzeitung.de\/cms\/wp-content\/uploads\/2018\/04\/Galvin-Elliot_70.jpg?fit=1200%2C800&ssl=1&resize=1050%2C600 3x"},"classes":[]},{"id":5451,"url":"https:\/\/www.jazzzeitung.de\/cms\/2015\/02\/camila-meza-bei-den-bmw-welt-jazz-awards\/","url_meta":{"origin":1592,"position":5},"title":"Camila Meza beim BMW Welt Jazz Award","author":"Redaktion JazzZeitung","date":"9. Februar 2015","format":false,"excerpt":"Die junge Chilenin Camila Meza ist ein neues Gesicht in der europ\u00e4ischen Jazzwelt: Tats\u00e4chlich war der Gig der singenden Gitarristin am gestrigen Sonntagvormittag anl\u00e4sslich des BMW Welt Jazz Awards in Doppelkegel der BMW Welt ihr erster Trip nach M\u00fcnchen. Sie gilt derzeit als einer der angesagtesten Newcomer der New Yorker\u2026","rel":"","context":"In &quot;News&quot;","block_context":{"text":"News","link":"https:\/\/www.jazzzeitung.de\/cms\/thema\/nachrichten\/"},"img":{"alt_text":"Scott und Oh","src":"https:\/\/i0.wp.com\/www.jazzzeitung.de\/cms\/wp-content\/uploads\/2015\/02\/0K3A4948_Oh_Scott.jpg?resize=350%2C200","width":350,"height":200,"srcset":"https:\/\/i0.wp.com\/www.jazzzeitung.de\/cms\/wp-content\/uploads\/2015\/02\/0K3A4948_Oh_Scott.jpg?resize=350%2C200 1x, https:\/\/i0.wp.com\/www.jazzzeitung.de\/cms\/wp-content\/uploads\/2015\/02\/0K3A4948_Oh_Scott.jpg?resize=525%2C300 1.5x, https:\/\/i0.wp.com\/www.jazzzeitung.de\/cms\/wp-content\/uploads\/2015\/02\/0K3A4948_Oh_Scott.jpg?resize=700%2C400 2x, https:\/\/i0.wp.com\/www.jazzzeitung.de\/cms\/wp-content\/uploads\/2015\/02\/0K3A4948_Oh_Scott.jpg?resize=1050%2C600 3x"},"classes":[]}],"jetpack_sharing_enabled":true,"_links":{"self":[{"href":"https:\/\/www.jazzzeitung.de\/cms\/wp-json\/wp\/v2\/posts\/1592","targetHints":{"allow":["GET"]}}],"collection":[{"href":"https:\/\/www.jazzzeitung.de\/cms\/wp-json\/wp\/v2\/posts"}],"about":[{"href":"https:\/\/www.jazzzeitung.de\/cms\/wp-json\/wp\/v2\/types\/post"}],"author":[{"embeddable":true,"href":"https:\/\/www.jazzzeitung.de\/cms\/wp-json\/wp\/v2\/users\/4"}],"replies":[{"embeddable":true,"href":"https:\/\/www.jazzzeitung.de\/cms\/wp-json\/wp\/v2\/comments?post=1592"}],"version-history":[{"count":0,"href":"https:\/\/www.jazzzeitung.de\/cms\/wp-json\/wp\/v2\/posts\/1592\/revisions"}],"wp:attachment":[{"href":"https:\/\/www.jazzzeitung.de\/cms\/wp-json\/wp\/v2\/media?parent=1592"}],"wp:term":[{"taxonomy":"category","embeddable":true,"href":"https:\/\/www.jazzzeitung.de\/cms\/wp-json\/wp\/v2\/categories?post=1592"},{"taxonomy":"post_tag","embeddable":true,"href":"https:\/\/www.jazzzeitung.de\/cms\/wp-json\/wp\/v2\/tags?post=1592"},{"taxonomy":"author","embeddable":true,"href":"https:\/\/www.jazzzeitung.de\/cms\/wp-json\/wp\/v2\/coauthors?post=1592"}],"curies":[{"name":"wp","href":"https:\/\/api.w.org\/{rel}","templated":true}]}}