{"id":15868,"date":"2018-05-05T15:00:17","date_gmt":"2018-05-05T13:00:17","guid":{"rendered":"https:\/\/www.jazzzeitung.de\/cms\/?p=15868"},"modified":"2018-05-06T12:10:50","modified_gmt":"2018-05-06T10:10:50","slug":"15868","status":"publish","type":"post","link":"https:\/\/www.jazzzeitung.de\/cms\/2018\/05\/15868\/","title":{"rendered":"Zeitgen\u00f6ssischer Jazz beim 32. April Jazz Festival im finnischen Espoo"},"content":{"rendered":"<p>Von Helsinki ist es nicht weit nach Espoo. Man kann sogar mit der neu gebauten S-Bahn fahren, es m\u00fcssten also von allein gen\u00fcgend Zuh\u00f6rer kommen, wenn in der Nachbarschaft der Hauptstadt Musiker wie Ambrose Akinmusire oder Bobo Stenson zu Gast sind. \u201eEs ist trotz allem eine Herausforderung\u201c, meint Matti Lappalainen, der Anfang des Jahrzehnts die k\u00fcnstlerische Leitung des <a href=\"http:\/\/apriljazz.fi\/en\/\">April Jazz Festivals<\/a> von seinem gleichnamigen, aber nicht verwandten Vorg\u00e4nger \u00fcbernommen hat. \u201eWir wollen die S\u00e4le nat\u00fcrlich voll bekommen, und daher versuche ich, eine Mischung von internationalen Musikern und K\u00fcnstlern aus Finnland hinzubekommen, die viele Menschen interessiert\u201c. In diesem Jahr jedenfalls kann er sich nicht beklagen. Der Gro\u00dfteil der Konzerte, die er f\u00fcr die 32. Ausgabe des April Jazz auf das Programm gesetzt hat, waren ausverkauft. Ein wenig kann er sich also zur\u00fccklehnen, denn das Konzept der Stil-Mixtur von Modernit\u00e4t, Popularit\u00e4t und heimischer Verwurzelung ging auf.<\/p>\n<p>So kam zum Beispiel die britische S\u00e4ngerin Laura Mvula in die Stadt und f\u00fcllte den gro\u00dfen Saal des Kulturzentrums mit einer minimalistisch arrangierten Variante von Soul, die der Musik trotz scherzender Ansagen zu viel Ernst verhalf. Der Pianist Iiro Rantala traf sich mit dem Bassisten Dan Berglund, dem Schlagzeuger Magnus \u00d6str\u00f6m und der Tapiola Sinfonietta und brachte das Widmungsprogramm \u201eE.S.T. Symphony\u201c mit viel Emphase auf die B\u00fchne. Der Gitarrist Marc Ribot dekonstruierte mit Ceramic Dog zuverl\u00e4ssig die Normalit\u00e4t jazzrockigen Triospiels, w\u00e4hrend der Pianist Bobo Stenson so entspannt wie schon lange nicht mehr mit seinem langj\u00e4hrigen Trio zwischen vielschichtig ineinandergreifenden Kompositionen und pr\u00e4sentem Spielspa\u00df pendelte. Viele der finnischen Projekte bezogen sich inhaltlich, stilistisch oder auch in beidem auf die eigene Jazz- und Pop-Vergangenheit, wie etwa das frei l\u00e4rmende Quintett des Gitarristen Raoul Bj\u00f6rkenheim, das im EMMA-Museum f\u00fcr moderne Kunst zwischen schalkhaftem Free-Get\u00f6se und wuchtigen Gitarren-Saxofon-Ausbr\u00fcchen vermittelte. Das Trio des Saxofonisten Mikko Innanen wiederum folgte im Naturmuseum Haltia im Stil der postmodernen Sp\u00e4tachtziger der finnischen Folklore und deutete manches Volkslied aus der Perspektive schrullig improvisierenden Musikantentums.<\/p>\n<div class=\"tiled-gallery type-rectangular tiled-gallery-unresized\" data-original-width=\"840\" data-carousel-extra='{&quot;blog_id&quot;:1,&quot;permalink&quot;:&quot;https:\\\/\\\/www.jazzzeitung.de\\\/cms\\\/2018\\\/05\\\/15868\\\/&quot;,&quot;likes_blog_id&quot;:55446655}' itemscope itemtype=\"http:\/\/schema.org\/ImageGallery\" > <div class=\"gallery-row\" style=\"width: 840px; height: 401px;\" data-original-width=\"840\" data-original-height=\"401\" > <div class=\"gallery-group images-1\" style=\"width: 600px; height: 401px;\" data-original-width=\"600\" data-original-height=\"401\" > <div class=\"tiled-gallery-item tiled-gallery-item-large\" itemprop=\"associatedMedia\" itemscope itemtype=\"http:\/\/schema.org\/ImageObject\"> <a href=\"https:\/\/www.jazzzeitung.de\/cms\/2018\/05\/15868\/camane-april-jazz-espoo-fin-foto-ralf-dombrowski\/\" border=\"0\" itemprop=\"url\"> <meta itemprop=\"width\" content=\"596\"> <meta itemprop=\"height\" content=\"397\"> <img decoding=\"async\" class=\"\" data-attachment-id=\"15869\" data-orig-file=\"https:\/\/www.jazzzeitung.de\/cms\/wp-content\/uploads\/2018\/05\/0K3A5987-Caman\u00e9-dombr.jpg\" data-orig-size=\"1280,853\" data-comments-opened=\"1\" data-image-meta=\"{&quot;aperture&quot;:&quot;4&quot;,&quot;credit&quot;:&quot;&quot;,&quot;camera&quot;:&quot;Canon EOS 5D Mark III&quot;,&quot;caption&quot;:&quot;Caman\\u00e9, April Jazz Espoo (FIN), Foto Ralf Dombrowski&quot;,&quot;created_timestamp&quot;:&quot;1524765261&quot;,&quot;copyright&quot;:&quot;&quot;,&quot;focal_length&quot;:&quot;70&quot;,&quot;iso&quot;:&quot;6400&quot;,&quot;shutter_speed&quot;:&quot;0.005&quot;,&quot;title&quot;:&quot;Caman\\u00e9, April Jazz Espoo (FIN), Foto Ralf Dombrowski&quot;,&quot;orientation&quot;:&quot;1&quot;}\" data-image-title=\"Caman\u00e9, April Jazz Espoo (FIN), Foto Ralf Dombrowski\" data-image-description=\"\" data-medium-file=\"https:\/\/i0.wp.com\/www.jazzzeitung.de\/cms\/wp-content\/uploads\/2018\/05\/0K3A5987-Caman%C3%A9-dombr.jpg?fit=300%2C200&#038;ssl=1\" data-large-file=\"https:\/\/i0.wp.com\/www.jazzzeitung.de\/cms\/wp-content\/uploads\/2018\/05\/0K3A5987-Caman%C3%A9-dombr.jpg?fit=840%2C560&#038;ssl=1\" src=\"https:\/\/i0.wp.com\/www.jazzzeitung.de\/cms\/wp-content\/uploads\/2018\/05\/0K3A5987-Caman%C3%A9-dombr.jpg?w=596&#038;h=397&#038;ssl=1\" width=\"596\" height=\"397\" loading=\"lazy\" data-original-width=\"596\" data-original-height=\"397\" itemprop=\"http:\/\/schema.org\/image\" title=\"Caman\u00e9, April Jazz Espoo (FIN), Foto Ralf Dombrowski\" alt=\"Caman\u00e9. Foto: R. Dombrowski\" style=\"width: 596px; height: 397px;\" \/> <\/a> <div class=\"tiled-gallery-caption\" itemprop=\"caption description\"> Caman\u00e9. Foto: R. Dombrowski <\/div> <\/div> <\/div> <!-- close group --> <div class=\"gallery-group images-2\" style=\"width: 240px; height: 401px;\" data-original-width=\"240\" data-original-height=\"401\" > <div class=\"tiled-gallery-item tiled-gallery-item-small\" itemprop=\"associatedMedia\" itemscope itemtype=\"http:\/\/schema.org\/ImageObject\"> <a href=\"https:\/\/www.jazzzeitung.de\/cms\/2018\/05\/15868\/bobo-stenson-trio-april-jazz-espoo-fin-foto-ralf-dombrowski-2\/\" border=\"0\" itemprop=\"url\"> <meta itemprop=\"width\" content=\"236\"> <meta itemprop=\"height\" content=\"236\"> <img decoding=\"async\" class=\"\" data-attachment-id=\"15895\" data-orig-file=\"https:\/\/www.jazzzeitung.de\/cms\/wp-content\/uploads\/2018\/05\/0K3A7235-Jormin-dombr.jpg\" data-orig-size=\"1280,1280\" data-comments-opened=\"1\" data-image-meta=\"{&quot;aperture&quot;:&quot;4&quot;,&quot;credit&quot;:&quot;&quot;,&quot;camera&quot;:&quot;Canon EOS 5D Mark III&quot;,&quot;caption&quot;:&quot;Bobo Stenson Trio, April Jazz Espoo (FIN), Foto Ralf Dombrowski&quot;,&quot;created_timestamp&quot;:&quot;1524944265&quot;,&quot;copyright&quot;:&quot;&quot;,&quot;focal_length&quot;:&quot;140&quot;,&quot;iso&quot;:&quot;12800&quot;,&quot;shutter_speed&quot;:&quot;0.005&quot;,&quot;title&quot;:&quot;Bobo Stenson Trio, April Jazz Espoo (FIN), Foto Ralf Dombrowski&quot;,&quot;orientation&quot;:&quot;0&quot;}\" data-image-title=\"Bobo Stenson Trio, April Jazz Espoo (FIN), Foto Ralf Dombrowski\" data-image-description=\"\" data-medium-file=\"https:\/\/i0.wp.com\/www.jazzzeitung.de\/cms\/wp-content\/uploads\/2018\/05\/0K3A7235-Jormin-dombr.jpg?fit=300%2C300&#038;ssl=1\" data-large-file=\"https:\/\/i0.wp.com\/www.jazzzeitung.de\/cms\/wp-content\/uploads\/2018\/05\/0K3A7235-Jormin-dombr.jpg?fit=600%2C600&#038;ssl=1\" src=\"https:\/\/i0.wp.com\/www.jazzzeitung.de\/cms\/wp-content\/uploads\/2018\/05\/0K3A7235-Jormin-dombr.jpg?w=236&#038;h=236&#038;crop=1&#038;ssl=1\" srcset=\"https:\/\/i0.wp.com\/www.jazzzeitung.de\/cms\/wp-content\/uploads\/2018\/05\/0K3A7235-Jormin-dombr.jpg?w=1280&amp;ssl=1 1280w, https:\/\/i0.wp.com\/www.jazzzeitung.de\/cms\/wp-content\/uploads\/2018\/05\/0K3A7235-Jormin-dombr.jpg?resize=150%2C150&amp;ssl=1 150w, https:\/\/i0.wp.com\/www.jazzzeitung.de\/cms\/wp-content\/uploads\/2018\/05\/0K3A7235-Jormin-dombr.jpg?resize=300%2C300&amp;ssl=1 300w, https:\/\/i0.wp.com\/www.jazzzeitung.de\/cms\/wp-content\/uploads\/2018\/05\/0K3A7235-Jormin-dombr.jpg?resize=768%2C768&amp;ssl=1 768w, https:\/\/i0.wp.com\/www.jazzzeitung.de\/cms\/wp-content\/uploads\/2018\/05\/0K3A7235-Jormin-dombr.jpg?resize=600%2C600&amp;ssl=1 600w\" width=\"236\" height=\"236\" loading=\"lazy\" data-original-width=\"236\" data-original-height=\"236\" itemprop=\"http:\/\/schema.org\/image\" title=\"Bobo Stenson Trio, April Jazz Espoo (FIN), Foto Ralf Dombrowski\" alt=\"Anders Jormin, Bobo Stenson Trio. Foto: R. Dombrowski\" style=\"width: 236px; height: 236px;\" \/> <\/a> <div class=\"tiled-gallery-caption\" itemprop=\"caption description\"> Anders Jormin, Bobo Stenson Trio. Foto: R. Dombrowski <\/div> <\/div> <div class=\"tiled-gallery-item tiled-gallery-item-small\" itemprop=\"associatedMedia\" itemscope itemtype=\"http:\/\/schema.org\/ImageObject\"> <a href=\"https:\/\/www.jazzzeitung.de\/cms\/2018\/05\/15868\/bobo-stenson-trio-april-jazz-espoo-fin-foto-ralf-dombrowski\/\" border=\"0\" itemprop=\"url\"> <meta itemprop=\"width\" content=\"236\"> <meta itemprop=\"height\" content=\"157\"> <img decoding=\"async\" class=\"\" data-attachment-id=\"15894\" data-orig-file=\"https:\/\/www.jazzzeitung.de\/cms\/wp-content\/uploads\/2018\/05\/0K3A7217-Stenson-dombr.jpg\" data-orig-size=\"1280,853\" data-comments-opened=\"1\" data-image-meta=\"{&quot;aperture&quot;:&quot;4&quot;,&quot;credit&quot;:&quot;&quot;,&quot;camera&quot;:&quot;Canon EOS 5D Mark III&quot;,&quot;caption&quot;:&quot;Bobo Stenson Trio, April Jazz Espoo (FIN), Foto Ralf Dombrowski&quot;,&quot;created_timestamp&quot;:&quot;1524944018&quot;,&quot;copyright&quot;:&quot;&quot;,&quot;focal_length&quot;:&quot;200&quot;,&quot;iso&quot;:&quot;12800&quot;,&quot;shutter_speed&quot;:&quot;0.005&quot;,&quot;title&quot;:&quot;Bobo Stenson Trio, April Jazz Espoo (FIN), Foto Ralf Dombrowski&quot;,&quot;orientation&quot;:&quot;1&quot;}\" data-image-title=\"Bobo Stenson Trio, April Jazz Espoo (FIN), Foto Ralf Dombrowski\" data-image-description=\"\" data-medium-file=\"https:\/\/i0.wp.com\/www.jazzzeitung.de\/cms\/wp-content\/uploads\/2018\/05\/0K3A7217-Stenson-dombr.jpg?fit=300%2C200&#038;ssl=1\" data-large-file=\"https:\/\/i0.wp.com\/www.jazzzeitung.de\/cms\/wp-content\/uploads\/2018\/05\/0K3A7217-Stenson-dombr.jpg?fit=840%2C560&#038;ssl=1\" src=\"https:\/\/i0.wp.com\/www.jazzzeitung.de\/cms\/wp-content\/uploads\/2018\/05\/0K3A7217-Stenson-dombr.jpg?w=236&#038;h=157&#038;ssl=1\" srcset=\"https:\/\/i0.wp.com\/www.jazzzeitung.de\/cms\/wp-content\/uploads\/2018\/05\/0K3A7217-Stenson-dombr.jpg?w=1280&amp;ssl=1 1280w, https:\/\/i0.wp.com\/www.jazzzeitung.de\/cms\/wp-content\/uploads\/2018\/05\/0K3A7217-Stenson-dombr.jpg?resize=300%2C200&amp;ssl=1 300w, https:\/\/i0.wp.com\/www.jazzzeitung.de\/cms\/wp-content\/uploads\/2018\/05\/0K3A7217-Stenson-dombr.jpg?resize=768%2C512&amp;ssl=1 768w, https:\/\/i0.wp.com\/www.jazzzeitung.de\/cms\/wp-content\/uploads\/2018\/05\/0K3A7217-Stenson-dombr.jpg?resize=900%2C600&amp;ssl=1 900w, https:\/\/i0.wp.com\/www.jazzzeitung.de\/cms\/wp-content\/uploads\/2018\/05\/0K3A7217-Stenson-dombr.jpg?resize=600%2C400&amp;ssl=1 600w, https:\/\/i0.wp.com\/www.jazzzeitung.de\/cms\/wp-content\/uploads\/2018\/05\/0K3A7217-Stenson-dombr.jpg?resize=120%2C80&amp;ssl=1 120w\" width=\"236\" height=\"157\" loading=\"lazy\" data-original-width=\"236\" data-original-height=\"157\" itemprop=\"http:\/\/schema.org\/image\" title=\"Bobo Stenson Trio, April Jazz Espoo (FIN), Foto Ralf Dombrowski\" alt=\"Bobo Stenson, Bobo Stenson Trio. Foto: R. Dombrowski\" style=\"width: 236px; height: 157px;\" \/> <\/a> <div class=\"tiled-gallery-caption\" itemprop=\"caption description\"> Bobo Stenson, Bobo Stenson Trio. Foto: R. Dombrowski <\/div> <\/div> <\/div> <!-- close group --> <\/div> <!-- close row --> <div class=\"gallery-row\" style=\"width: 840px; height: 560px;\" data-original-width=\"840\" data-original-height=\"560\" > <div class=\"gallery-group images-2\" style=\"width: 419px; height: 560px;\" data-original-width=\"419\" data-original-height=\"560\" > <div class=\"tiled-gallery-item tiled-gallery-item-large\" itemprop=\"associatedMedia\" itemscope itemtype=\"http:\/\/schema.org\/ImageObject\"> <a href=\"https:\/\/www.jazzzeitung.de\/cms\/2018\/05\/15868\/bobo-stenson-trio-april-jazz-espoo-fin-foto-ralf-dombrowski-3\/\" border=\"0\" itemprop=\"url\"> <meta itemprop=\"width\" content=\"415\"> <meta itemprop=\"height\" content=\"281\"> <img decoding=\"async\" class=\"\" data-attachment-id=\"15896\" data-orig-file=\"https:\/\/www.jazzzeitung.de\/cms\/wp-content\/uploads\/2018\/05\/0K3A7278-F\u00e4lt-dombr.jpg\" data-orig-size=\"1280,868\" data-comments-opened=\"1\" data-image-meta=\"{&quot;aperture&quot;:&quot;4&quot;,&quot;credit&quot;:&quot;&quot;,&quot;camera&quot;:&quot;Canon EOS 5D Mark III&quot;,&quot;caption&quot;:&quot;Bobo Stenson Trio, April Jazz Espoo (FIN), Foto Ralf Dombrowski&quot;,&quot;created_timestamp&quot;:&quot;1524945371&quot;,&quot;copyright&quot;:&quot;&quot;,&quot;focal_length&quot;:&quot;145&quot;,&quot;iso&quot;:&quot;12800&quot;,&quot;shutter_speed&quot;:&quot;0.005&quot;,&quot;title&quot;:&quot;Bobo Stenson Trio, April Jazz Espoo (FIN), Foto Ralf Dombrowski&quot;,&quot;orientation&quot;:&quot;1&quot;}\" data-image-title=\"Bobo Stenson Trio, April Jazz Espoo (FIN), Foto Ralf Dombrowski\" data-image-description=\"\" data-medium-file=\"https:\/\/i0.wp.com\/www.jazzzeitung.de\/cms\/wp-content\/uploads\/2018\/05\/0K3A7278-F%C3%A4lt-dombr.jpg?fit=300%2C203&#038;ssl=1\" data-large-file=\"https:\/\/i0.wp.com\/www.jazzzeitung.de\/cms\/wp-content\/uploads\/2018\/05\/0K3A7278-F%C3%A4lt-dombr.jpg?fit=840%2C569&#038;ssl=1\" src=\"https:\/\/i0.wp.com\/www.jazzzeitung.de\/cms\/wp-content\/uploads\/2018\/05\/0K3A7278-F%C3%A4lt-dombr.jpg?w=415&#038;h=281&#038;ssl=1\" width=\"415\" height=\"281\" loading=\"lazy\" data-original-width=\"415\" data-original-height=\"281\" itemprop=\"http:\/\/schema.org\/image\" title=\"Bobo Stenson Trio, April Jazz Espoo (FIN), Foto Ralf Dombrowski\" alt=\"Jon F\u00e4lt, Bobo Stenson Trio. Foto: R. Dombrowski\" style=\"width: 415px; height: 281px;\" \/> <\/a> <div class=\"tiled-gallery-caption\" itemprop=\"caption description\"> Jon F\u00e4lt, Bobo Stenson Trio. Foto: R. Dombrowski <\/div> <\/div> <div class=\"tiled-gallery-item tiled-gallery-item-large\" itemprop=\"associatedMedia\" itemscope itemtype=\"http:\/\/schema.org\/ImageObject\"> <a href=\"https:\/\/www.jazzzeitung.de\/cms\/2018\/05\/15868\/bobo-stenson-clinic-april-jazz-espoo-fin-foto-ralf-dombrowski\/\" border=\"0\" itemprop=\"url\"> <meta itemprop=\"width\" content=\"415\"> <meta itemprop=\"height\" content=\"271\"> <img decoding=\"async\" class=\"\" data-attachment-id=\"15887\" data-orig-file=\"https:\/\/www.jazzzeitung.de\/cms\/wp-content\/uploads\/2018\/05\/0K3A6993-Stenson-Clinic-dombr.jpg\" data-orig-size=\"1280,835\" data-comments-opened=\"1\" data-image-meta=\"{&quot;aperture&quot;:&quot;4&quot;,&quot;credit&quot;:&quot;&quot;,&quot;camera&quot;:&quot;Canon EOS 5D Mark III&quot;,&quot;caption&quot;:&quot;Bobo Stenson Clinic, April Jazz Espoo (FIN), Foto Ralf Dombrowski&quot;,&quot;created_timestamp&quot;:&quot;1524927867&quot;,&quot;copyright&quot;:&quot;&quot;,&quot;focal_length&quot;:&quot;105&quot;,&quot;iso&quot;:&quot;3200&quot;,&quot;shutter_speed&quot;:&quot;0.008&quot;,&quot;title&quot;:&quot;Bobo Stenson Clinic, April Jazz Espoo (FIN), Foto Ralf Dombrowski&quot;,&quot;orientation&quot;:&quot;1&quot;}\" data-image-title=\"Bobo Stenson Clinic, April Jazz Espoo (FIN), Foto Ralf Dombrowski\" data-image-description=\"\" data-medium-file=\"https:\/\/i0.wp.com\/www.jazzzeitung.de\/cms\/wp-content\/uploads\/2018\/05\/0K3A6993-Stenson-Clinic-dombr.jpg?fit=300%2C196&#038;ssl=1\" data-large-file=\"https:\/\/i0.wp.com\/www.jazzzeitung.de\/cms\/wp-content\/uploads\/2018\/05\/0K3A6993-Stenson-Clinic-dombr.jpg?fit=840%2C548&#038;ssl=1\" src=\"https:\/\/i0.wp.com\/www.jazzzeitung.de\/cms\/wp-content\/uploads\/2018\/05\/0K3A6993-Stenson-Clinic-dombr.jpg?w=415&#038;h=271&#038;ssl=1\" srcset=\"https:\/\/i0.wp.com\/www.jazzzeitung.de\/cms\/wp-content\/uploads\/2018\/05\/0K3A6993-Stenson-Clinic-dombr.jpg?w=1280&amp;ssl=1 1280w, https:\/\/i0.wp.com\/www.jazzzeitung.de\/cms\/wp-content\/uploads\/2018\/05\/0K3A6993-Stenson-Clinic-dombr.jpg?resize=300%2C196&amp;ssl=1 300w, https:\/\/i0.wp.com\/www.jazzzeitung.de\/cms\/wp-content\/uploads\/2018\/05\/0K3A6993-Stenson-Clinic-dombr.jpg?resize=768%2C501&amp;ssl=1 768w, https:\/\/i0.wp.com\/www.jazzzeitung.de\/cms\/wp-content\/uploads\/2018\/05\/0K3A6993-Stenson-Clinic-dombr.jpg?resize=900%2C587&amp;ssl=1 900w, https:\/\/i0.wp.com\/www.jazzzeitung.de\/cms\/wp-content\/uploads\/2018\/05\/0K3A6993-Stenson-Clinic-dombr.jpg?resize=600%2C391&amp;ssl=1 600w\" width=\"415\" height=\"271\" loading=\"lazy\" data-original-width=\"415\" data-original-height=\"271\" itemprop=\"http:\/\/schema.org\/image\" title=\"Bobo Stenson Clinic, April Jazz Espoo (FIN), Foto Ralf Dombrowski\" alt=\"In Clinic: Bobo Stenson als Workshopleiter. Foto: R. Dombrowski\" style=\"width: 415px; height: 271px;\" \/> <\/a> <div class=\"tiled-gallery-caption\" itemprop=\"caption description\"> In Clinic: Bobo Stenson als Workshopleiter. Foto: R. Dombrowski <\/div> <\/div> <\/div> <!-- close group --> <div class=\"gallery-group images-1\" style=\"width: 421px; height: 560px;\" data-original-width=\"421\" data-original-height=\"560\" > <div class=\"tiled-gallery-item tiled-gallery-item-large\" itemprop=\"associatedMedia\" itemscope itemtype=\"http:\/\/schema.org\/ImageObject\"> <a href=\"https:\/\/www.jazzzeitung.de\/cms\/2018\/05\/15868\/laura-mvula-april-jazz-espoo-fin-foto-ralf-dombrowski\/\" border=\"0\" itemprop=\"url\"> <meta itemprop=\"width\" content=\"417\"> <meta itemprop=\"height\" content=\"556\"> <img decoding=\"async\" class=\"\" data-attachment-id=\"15891\" data-orig-file=\"https:\/\/www.jazzzeitung.de\/cms\/wp-content\/uploads\/2018\/05\/0K3A7128-Mvula-dombr.jpg\" data-orig-size=\"960,1280\" data-comments-opened=\"1\" data-image-meta=\"{&quot;aperture&quot;:&quot;4&quot;,&quot;credit&quot;:&quot;&quot;,&quot;camera&quot;:&quot;Canon EOS 5D Mark III&quot;,&quot;caption&quot;:&quot;Laura Mvula, April Jazz Espoo (FIN), Foto Ralf Dombrowski&quot;,&quot;created_timestamp&quot;:&quot;1524940768&quot;,&quot;copyright&quot;:&quot;&quot;,&quot;focal_length&quot;:&quot;200&quot;,&quot;iso&quot;:&quot;3200&quot;,&quot;shutter_speed&quot;:&quot;0.005&quot;,&quot;title&quot;:&quot;Laura Mvula, April Jazz Espoo (FIN), Foto Ralf Dombrowski&quot;,&quot;orientation&quot;:&quot;1&quot;}\" data-image-title=\"Laura Mvula, April Jazz Espoo (FIN), Foto Ralf Dombrowski\" data-image-description=\"\" data-medium-file=\"https:\/\/i0.wp.com\/www.jazzzeitung.de\/cms\/wp-content\/uploads\/2018\/05\/0K3A7128-Mvula-dombr.jpg?fit=225%2C300&#038;ssl=1\" data-large-file=\"https:\/\/i0.wp.com\/www.jazzzeitung.de\/cms\/wp-content\/uploads\/2018\/05\/0K3A7128-Mvula-dombr.jpg?fit=450%2C600&#038;ssl=1\" src=\"https:\/\/i0.wp.com\/www.jazzzeitung.de\/cms\/wp-content\/uploads\/2018\/05\/0K3A7128-Mvula-dombr.jpg?w=417&#038;h=556&#038;ssl=1\" srcset=\"https:\/\/i0.wp.com\/www.jazzzeitung.de\/cms\/wp-content\/uploads\/2018\/05\/0K3A7128-Mvula-dombr.jpg?w=960&amp;ssl=1 960w, https:\/\/i0.wp.com\/www.jazzzeitung.de\/cms\/wp-content\/uploads\/2018\/05\/0K3A7128-Mvula-dombr.jpg?resize=225%2C300&amp;ssl=1 225w, https:\/\/i0.wp.com\/www.jazzzeitung.de\/cms\/wp-content\/uploads\/2018\/05\/0K3A7128-Mvula-dombr.jpg?resize=768%2C1024&amp;ssl=1 768w, https:\/\/i0.wp.com\/www.jazzzeitung.de\/cms\/wp-content\/uploads\/2018\/05\/0K3A7128-Mvula-dombr.jpg?resize=450%2C600&amp;ssl=1 450w, https:\/\/i0.wp.com\/www.jazzzeitung.de\/cms\/wp-content\/uploads\/2018\/05\/0K3A7128-Mvula-dombr.jpg?resize=600%2C800&amp;ssl=1 600w\" width=\"417\" height=\"556\" loading=\"lazy\" data-original-width=\"417\" data-original-height=\"556\" itemprop=\"http:\/\/schema.org\/image\" title=\"Laura Mvula, April Jazz Espoo (FIN), Foto Ralf Dombrowski\" alt=\"Laura Mvula. Foto: R. Dombrowski\" style=\"width: 417px; height: 556px;\" \/> <\/a> <div class=\"tiled-gallery-caption\" itemprop=\"caption description\"> Laura Mvula. Foto: R. Dombrowski <\/div> <\/div> <\/div> <!-- close group --> <\/div> <!-- close row --> <div class=\"gallery-row\" style=\"width: 840px; height: 676px;\" data-original-width=\"840\" data-original-height=\"676\" > <div class=\"gallery-group images-1\" style=\"width: 508px; height: 676px;\" data-original-width=\"508\" data-original-height=\"676\" > <div class=\"tiled-gallery-item tiled-gallery-item-large\" itemprop=\"associatedMedia\" itemscope itemtype=\"http:\/\/schema.org\/ImageObject\"> <a href=\"https:\/\/www.jazzzeitung.de\/cms\/2018\/05\/15868\/ambrose-akinmusire-quartet-april-jazz-espoo-fin-foto-ralf-dombrowski-2\/\" border=\"0\" itemprop=\"url\"> <meta itemprop=\"width\" content=\"504\"> <meta itemprop=\"height\" content=\"672\"> <img decoding=\"async\" class=\"\" data-attachment-id=\"15884\" data-orig-file=\"https:\/\/www.jazzzeitung.de\/cms\/wp-content\/uploads\/2018\/05\/0K3A6735-Raghava-dombr.jpg\" data-orig-size=\"960,1280\" data-comments-opened=\"1\" data-image-meta=\"{&quot;aperture&quot;:&quot;4&quot;,&quot;credit&quot;:&quot;&quot;,&quot;camera&quot;:&quot;Canon EOS 5D Mark III&quot;,&quot;caption&quot;:&quot;Ambrose Akinmusire Quartet, April Jazz Espoo (FIN), Foto Ralf Dombrowski&quot;,&quot;created_timestamp&quot;:&quot;1524860253&quot;,&quot;copyright&quot;:&quot;&quot;,&quot;focal_length&quot;:&quot;105&quot;,&quot;iso&quot;:&quot;3200&quot;,&quot;shutter_speed&quot;:&quot;0.005&quot;,&quot;title&quot;:&quot;Ambrose Akinmusire Quartet, April Jazz Espoo (FIN), Foto Ralf Dombrowski&quot;,&quot;orientation&quot;:&quot;1&quot;}\" data-image-title=\"Ambrose Akinmusire Quartet, April Jazz Espoo (FIN), Foto Ralf Dombrowski\" data-image-description=\"\" data-medium-file=\"https:\/\/i0.wp.com\/www.jazzzeitung.de\/cms\/wp-content\/uploads\/2018\/05\/0K3A6735-Raghava-dombr.jpg?fit=225%2C300&#038;ssl=1\" data-large-file=\"https:\/\/i0.wp.com\/www.jazzzeitung.de\/cms\/wp-content\/uploads\/2018\/05\/0K3A6735-Raghava-dombr.jpg?fit=450%2C600&#038;ssl=1\" src=\"https:\/\/i0.wp.com\/www.jazzzeitung.de\/cms\/wp-content\/uploads\/2018\/05\/0K3A6735-Raghava-dombr.jpg?w=504&#038;h=672&#038;ssl=1\" srcset=\"https:\/\/i0.wp.com\/www.jazzzeitung.de\/cms\/wp-content\/uploads\/2018\/05\/0K3A6735-Raghava-dombr.jpg?w=960&amp;ssl=1 960w, https:\/\/i0.wp.com\/www.jazzzeitung.de\/cms\/wp-content\/uploads\/2018\/05\/0K3A6735-Raghava-dombr.jpg?resize=225%2C300&amp;ssl=1 225w, https:\/\/i0.wp.com\/www.jazzzeitung.de\/cms\/wp-content\/uploads\/2018\/05\/0K3A6735-Raghava-dombr.jpg?resize=768%2C1024&amp;ssl=1 768w, https:\/\/i0.wp.com\/www.jazzzeitung.de\/cms\/wp-content\/uploads\/2018\/05\/0K3A6735-Raghava-dombr.jpg?resize=450%2C600&amp;ssl=1 450w, https:\/\/i0.wp.com\/www.jazzzeitung.de\/cms\/wp-content\/uploads\/2018\/05\/0K3A6735-Raghava-dombr.jpg?resize=600%2C800&amp;ssl=1 600w\" width=\"504\" height=\"672\" loading=\"lazy\" data-original-width=\"504\" data-original-height=\"672\" itemprop=\"http:\/\/schema.org\/image\" title=\"Ambrose Akinmusire Quartet, April Jazz Espoo (FIN), Foto Ralf Dombrowski\" alt=\"Harish Raghava, Ambrose Akinmusire Quartet. Foto: R. Dombrowski\" style=\"width: 504px; height: 672px;\" \/> <\/a> <div class=\"tiled-gallery-caption\" itemprop=\"caption description\"> Harish Raghava, Ambrose Akinmusire Quartet. Foto: R. Dombrowski <\/div> <\/div> <\/div> <!-- close group --> <div class=\"gallery-group images-3\" style=\"width: 332px; height: 676px;\" data-original-width=\"332\" data-original-height=\"676\" > <div class=\"tiled-gallery-item tiled-gallery-item-large\" itemprop=\"associatedMedia\" itemscope itemtype=\"http:\/\/schema.org\/ImageObject\"> <a href=\"https:\/\/www.jazzzeitung.de\/cms\/2018\/05\/15868\/ambrose-akinmusire-quartet-april-jazz-espoo-fin-foto-ralf-dombrowski\/\" border=\"0\" itemprop=\"url\"> <meta itemprop=\"width\" content=\"328\"> <meta itemprop=\"height\" content=\"216\"> <img decoding=\"async\" class=\"\" data-attachment-id=\"15883\" data-orig-file=\"https:\/\/www.jazzzeitung.de\/cms\/wp-content\/uploads\/2018\/05\/0K3A6707-Akinmusire-dombr.jpg\" data-orig-size=\"1280,845\" data-comments-opened=\"1\" data-image-meta=\"{&quot;aperture&quot;:&quot;4&quot;,&quot;credit&quot;:&quot;&quot;,&quot;camera&quot;:&quot;Canon EOS 5D Mark III&quot;,&quot;caption&quot;:&quot;Ambrose Akinmusire Quartet, April Jazz Espoo (FIN), Foto Ralf Dombrowski&quot;,&quot;created_timestamp&quot;:&quot;1524859827&quot;,&quot;copyright&quot;:&quot;&quot;,&quot;focal_length&quot;:&quot;140&quot;,&quot;iso&quot;:&quot;3200&quot;,&quot;shutter_speed&quot;:&quot;0.005&quot;,&quot;title&quot;:&quot;Ambrose Akinmusire Quartet, April Jazz Espoo (FIN), Foto Ralf Dombrowski&quot;,&quot;orientation&quot;:&quot;1&quot;}\" data-image-title=\"Ambrose Akinmusire Quartet, April Jazz Espoo (FIN), Foto Ralf Dombrowski\" data-image-description=\"\" data-medium-file=\"https:\/\/i0.wp.com\/www.jazzzeitung.de\/cms\/wp-content\/uploads\/2018\/05\/0K3A6707-Akinmusire-dombr.jpg?fit=300%2C198&#038;ssl=1\" data-large-file=\"https:\/\/i0.wp.com\/www.jazzzeitung.de\/cms\/wp-content\/uploads\/2018\/05\/0K3A6707-Akinmusire-dombr.jpg?fit=840%2C554&#038;ssl=1\" src=\"https:\/\/i0.wp.com\/www.jazzzeitung.de\/cms\/wp-content\/uploads\/2018\/05\/0K3A6707-Akinmusire-dombr.jpg?w=328&#038;h=216&#038;ssl=1\" srcset=\"https:\/\/i0.wp.com\/www.jazzzeitung.de\/cms\/wp-content\/uploads\/2018\/05\/0K3A6707-Akinmusire-dombr.jpg?w=1280&amp;ssl=1 1280w, https:\/\/i0.wp.com\/www.jazzzeitung.de\/cms\/wp-content\/uploads\/2018\/05\/0K3A6707-Akinmusire-dombr.jpg?resize=300%2C198&amp;ssl=1 300w, https:\/\/i0.wp.com\/www.jazzzeitung.de\/cms\/wp-content\/uploads\/2018\/05\/0K3A6707-Akinmusire-dombr.jpg?resize=768%2C507&amp;ssl=1 768w, https:\/\/i0.wp.com\/www.jazzzeitung.de\/cms\/wp-content\/uploads\/2018\/05\/0K3A6707-Akinmusire-dombr.jpg?resize=900%2C594&amp;ssl=1 900w, https:\/\/i0.wp.com\/www.jazzzeitung.de\/cms\/wp-content\/uploads\/2018\/05\/0K3A6707-Akinmusire-dombr.jpg?resize=600%2C396&amp;ssl=1 600w, https:\/\/i0.wp.com\/www.jazzzeitung.de\/cms\/wp-content\/uploads\/2018\/05\/0K3A6707-Akinmusire-dombr.jpg?resize=120%2C80&amp;ssl=1 120w\" width=\"328\" height=\"216\" loading=\"lazy\" data-original-width=\"328\" data-original-height=\"216\" itemprop=\"http:\/\/schema.org\/image\" title=\"Ambrose Akinmusire Quartet, April Jazz Espoo (FIN), Foto Ralf Dombrowski\" alt=\"Ambrose Akinmusire, Ambrose Akinmusire Quartet. Foto: R. Dombrowski\" style=\"width: 328px; height: 216px;\" \/> <\/a> <div class=\"tiled-gallery-caption\" itemprop=\"caption description\"> Ambrose Akinmusire, Ambrose Akinmusire Quartet. Foto: R. Dombrowski <\/div> <\/div> <div class=\"tiled-gallery-item tiled-gallery-item-large\" itemprop=\"associatedMedia\" itemscope itemtype=\"http:\/\/schema.org\/ImageObject\"> <a href=\"https:\/\/www.jazzzeitung.de\/cms\/2018\/05\/15868\/jusitn-brown-april-jazz-espoo-fin-foto-ralf-dombrowski\/\" border=\"0\" itemprop=\"url\"> <meta itemprop=\"width\" content=\"328\"> <meta itemprop=\"height\" content=\"219\"> <img decoding=\"async\" class=\"\" data-attachment-id=\"15876\" data-orig-file=\"https:\/\/www.jazzzeitung.de\/cms\/wp-content\/uploads\/2018\/05\/0K3A6506-Justin-Brown-Clinic-dombr.jpg\" data-orig-size=\"1280,853\" data-comments-opened=\"1\" data-image-meta=\"{&quot;aperture&quot;:&quot;4&quot;,&quot;credit&quot;:&quot;&quot;,&quot;camera&quot;:&quot;Canon EOS 5D Mark III&quot;,&quot;caption&quot;:&quot;Jusitn Brown, April Jazz Espoo (FIN), Foto Ralf Dombrowski&quot;,&quot;created_timestamp&quot;:&quot;1524844967&quot;,&quot;copyright&quot;:&quot;&quot;,&quot;focal_length&quot;:&quot;200&quot;,&quot;iso&quot;:&quot;8000&quot;,&quot;shutter_speed&quot;:&quot;0.004&quot;,&quot;title&quot;:&quot;Jusitn Brown, April Jazz Espoo (FIN), Foto Ralf Dombrowski&quot;,&quot;orientation&quot;:&quot;0&quot;}\" data-image-title=\"Jusitn Brown, April Jazz Espoo (FIN), Foto Ralf Dombrowski\" data-image-description=\"\" data-medium-file=\"https:\/\/i0.wp.com\/www.jazzzeitung.de\/cms\/wp-content\/uploads\/2018\/05\/0K3A6506-Justin-Brown-Clinic-dombr.jpg?fit=300%2C200&#038;ssl=1\" data-large-file=\"https:\/\/i0.wp.com\/www.jazzzeitung.de\/cms\/wp-content\/uploads\/2018\/05\/0K3A6506-Justin-Brown-Clinic-dombr.jpg?fit=840%2C560&#038;ssl=1\" src=\"https:\/\/i0.wp.com\/www.jazzzeitung.de\/cms\/wp-content\/uploads\/2018\/05\/0K3A6506-Justin-Brown-Clinic-dombr.jpg?w=328&#038;h=219&#038;ssl=1\" srcset=\"https:\/\/i0.wp.com\/www.jazzzeitung.de\/cms\/wp-content\/uploads\/2018\/05\/0K3A6506-Justin-Brown-Clinic-dombr.jpg?w=1280&amp;ssl=1 1280w, https:\/\/i0.wp.com\/www.jazzzeitung.de\/cms\/wp-content\/uploads\/2018\/05\/0K3A6506-Justin-Brown-Clinic-dombr.jpg?resize=300%2C200&amp;ssl=1 300w, https:\/\/i0.wp.com\/www.jazzzeitung.de\/cms\/wp-content\/uploads\/2018\/05\/0K3A6506-Justin-Brown-Clinic-dombr.jpg?resize=768%2C512&amp;ssl=1 768w, https:\/\/i0.wp.com\/www.jazzzeitung.de\/cms\/wp-content\/uploads\/2018\/05\/0K3A6506-Justin-Brown-Clinic-dombr.jpg?resize=900%2C600&amp;ssl=1 900w, https:\/\/i0.wp.com\/www.jazzzeitung.de\/cms\/wp-content\/uploads\/2018\/05\/0K3A6506-Justin-Brown-Clinic-dombr.jpg?resize=600%2C400&amp;ssl=1 600w, https:\/\/i0.wp.com\/www.jazzzeitung.de\/cms\/wp-content\/uploads\/2018\/05\/0K3A6506-Justin-Brown-Clinic-dombr.jpg?resize=120%2C80&amp;ssl=1 120w\" width=\"328\" height=\"219\" loading=\"lazy\" data-original-width=\"328\" data-original-height=\"219\" itemprop=\"http:\/\/schema.org\/image\" title=\"Jusitn Brown, April Jazz Espoo (FIN), Foto Ralf Dombrowski\" alt=\"Jusitn Brown, Ambrose Akinmusire Quartet, in Clinic. Foto: R. Dombrowski\" style=\"width: 328px; height: 219px;\" \/> <\/a> <div class=\"tiled-gallery-caption\" itemprop=\"caption description\"> Jusitn Brown, Ambrose Akinmusire Quartet, in Clinic. Foto: R. Dombrowski <\/div> <\/div> <div class=\"tiled-gallery-item tiled-gallery-item-large\" itemprop=\"associatedMedia\" itemscope itemtype=\"http:\/\/schema.org\/ImageObject\"> <a href=\"https:\/\/www.jazzzeitung.de\/cms\/2018\/05\/15868\/0k3a6549-akinmusire-clinic-dombr\/\" border=\"0\" itemprop=\"url\"> <meta itemprop=\"width\" content=\"328\"> <meta itemprop=\"height\" content=\"229\"> <img decoding=\"async\" class=\"\" data-attachment-id=\"15878\" data-orig-file=\"https:\/\/www.jazzzeitung.de\/cms\/wp-content\/uploads\/2018\/05\/0K3A6549-Akinmusire-Clinic-dombr.jpg\" data-orig-size=\"1280,894\" data-comments-opened=\"1\" data-image-meta=\"{&quot;aperture&quot;:&quot;4&quot;,&quot;credit&quot;:&quot;&quot;,&quot;camera&quot;:&quot;Canon EOS 5D Mark III&quot;,&quot;caption&quot;:&quot;&quot;,&quot;created_timestamp&quot;:&quot;1524846004&quot;,&quot;copyright&quot;:&quot;&quot;,&quot;focal_length&quot;:&quot;70&quot;,&quot;iso&quot;:&quot;8000&quot;,&quot;shutter_speed&quot;:&quot;0.00625&quot;,&quot;title&quot;:&quot;&quot;,&quot;orientation&quot;:&quot;1&quot;}\" data-image-title=\"0K3A6549, Akinmusire, Clinic (dombr)\" data-image-description=\"\" data-medium-file=\"https:\/\/i0.wp.com\/www.jazzzeitung.de\/cms\/wp-content\/uploads\/2018\/05\/0K3A6549-Akinmusire-Clinic-dombr.jpg?fit=300%2C210&#038;ssl=1\" data-large-file=\"https:\/\/i0.wp.com\/www.jazzzeitung.de\/cms\/wp-content\/uploads\/2018\/05\/0K3A6549-Akinmusire-Clinic-dombr.jpg?fit=840%2C587&#038;ssl=1\" src=\"https:\/\/i0.wp.com\/www.jazzzeitung.de\/cms\/wp-content\/uploads\/2018\/05\/0K3A6549-Akinmusire-Clinic-dombr.jpg?w=328&#038;h=229&#038;ssl=1\" srcset=\"https:\/\/i0.wp.com\/www.jazzzeitung.de\/cms\/wp-content\/uploads\/2018\/05\/0K3A6549-Akinmusire-Clinic-dombr.jpg?w=1280&amp;ssl=1 1280w, https:\/\/i0.wp.com\/www.jazzzeitung.de\/cms\/wp-content\/uploads\/2018\/05\/0K3A6549-Akinmusire-Clinic-dombr.jpg?resize=300%2C210&amp;ssl=1 300w, https:\/\/i0.wp.com\/www.jazzzeitung.de\/cms\/wp-content\/uploads\/2018\/05\/0K3A6549-Akinmusire-Clinic-dombr.jpg?resize=768%2C536&amp;ssl=1 768w, https:\/\/i0.wp.com\/www.jazzzeitung.de\/cms\/wp-content\/uploads\/2018\/05\/0K3A6549-Akinmusire-Clinic-dombr.jpg?resize=859%2C600&amp;ssl=1 859w, https:\/\/i0.wp.com\/www.jazzzeitung.de\/cms\/wp-content\/uploads\/2018\/05\/0K3A6549-Akinmusire-Clinic-dombr.jpg?resize=600%2C419&amp;ssl=1 600w\" width=\"328\" height=\"229\" loading=\"lazy\" data-original-width=\"328\" data-original-height=\"229\" itemprop=\"http:\/\/schema.org\/image\" title=\"0K3A6549, Akinmusire, Clinic (dombr)\" alt=\"Ambrose Akinmusire. Foto: R. Dombrowski\" style=\"width: 328px; height: 229px;\" \/> <\/a> <div class=\"tiled-gallery-caption\" itemprop=\"caption description\"> Ambrose Akinmusire. Foto: R. Dombrowski <\/div> <\/div> <\/div> <!-- close group --> <\/div> <!-- close row --> <div class=\"gallery-row\" style=\"width: 840px; height: 277px;\" data-original-width=\"840\" data-original-height=\"277\" > <div class=\"gallery-group images-1\" style=\"width: 429px; height: 277px;\" data-original-width=\"429\" data-original-height=\"277\" > <div class=\"tiled-gallery-item tiled-gallery-item-large\" itemprop=\"associatedMedia\" itemscope itemtype=\"http:\/\/schema.org\/ImageObject\"> <a href=\"https:\/\/www.jazzzeitung.de\/cms\/2018\/05\/15868\/0k3a6606-elefantree-dombr\/\" border=\"0\" itemprop=\"url\"> <meta itemprop=\"width\" content=\"425\"> <meta itemprop=\"height\" content=\"273\"> <img decoding=\"async\" class=\"\" data-attachment-id=\"15880\" data-orig-file=\"https:\/\/www.jazzzeitung.de\/cms\/wp-content\/uploads\/2018\/05\/0K3A6606-Elefantree-dombr.jpg\" data-orig-size=\"1280,822\" data-comments-opened=\"1\" data-image-meta=\"{&quot;aperture&quot;:&quot;4&quot;,&quot;credit&quot;:&quot;&quot;,&quot;camera&quot;:&quot;Canon EOS 5D Mark III&quot;,&quot;caption&quot;:&quot;&quot;,&quot;created_timestamp&quot;:&quot;1524852050&quot;,&quot;copyright&quot;:&quot;&quot;,&quot;focal_length&quot;:&quot;200&quot;,&quot;iso&quot;:&quot;4000&quot;,&quot;shutter_speed&quot;:&quot;0.005&quot;,&quot;title&quot;:&quot;&quot;,&quot;orientation&quot;:&quot;1&quot;}\" data-image-title=\"0K3A6606, Elefantree (dombr)\" data-image-description=\"\" data-medium-file=\"https:\/\/i0.wp.com\/www.jazzzeitung.de\/cms\/wp-content\/uploads\/2018\/05\/0K3A6606-Elefantree-dombr.jpg?fit=300%2C193&#038;ssl=1\" data-large-file=\"https:\/\/i0.wp.com\/www.jazzzeitung.de\/cms\/wp-content\/uploads\/2018\/05\/0K3A6606-Elefantree-dombr.jpg?fit=840%2C539&#038;ssl=1\" src=\"https:\/\/i0.wp.com\/www.jazzzeitung.de\/cms\/wp-content\/uploads\/2018\/05\/0K3A6606-Elefantree-dombr.jpg?w=425&#038;h=273&#038;ssl=1\" srcset=\"https:\/\/i0.wp.com\/www.jazzzeitung.de\/cms\/wp-content\/uploads\/2018\/05\/0K3A6606-Elefantree-dombr.jpg?w=1280&amp;ssl=1 1280w, https:\/\/i0.wp.com\/www.jazzzeitung.de\/cms\/wp-content\/uploads\/2018\/05\/0K3A6606-Elefantree-dombr.jpg?resize=300%2C193&amp;ssl=1 300w, https:\/\/i0.wp.com\/www.jazzzeitung.de\/cms\/wp-content\/uploads\/2018\/05\/0K3A6606-Elefantree-dombr.jpg?resize=768%2C493&amp;ssl=1 768w, https:\/\/i0.wp.com\/www.jazzzeitung.de\/cms\/wp-content\/uploads\/2018\/05\/0K3A6606-Elefantree-dombr.jpg?resize=900%2C578&amp;ssl=1 900w, https:\/\/i0.wp.com\/www.jazzzeitung.de\/cms\/wp-content\/uploads\/2018\/05\/0K3A6606-Elefantree-dombr.jpg?resize=600%2C385&amp;ssl=1 600w\" width=\"425\" height=\"273\" loading=\"lazy\" data-original-width=\"425\" data-original-height=\"273\" itemprop=\"http:\/\/schema.org\/image\" title=\"0K3A6606, Elefantree (dombr)\" alt=\"Anni Elif Egecioglu, Elefantree. Foto: R. Dombrowksi\" style=\"width: 425px; height: 273px;\" \/> <\/a> <div class=\"tiled-gallery-caption\" itemprop=\"caption description\"> Anni Elif Egecioglu, Elefantree. Foto: R. Dombrowksi <\/div> <\/div> <\/div> <!-- close group --> <div class=\"gallery-group images-1\" style=\"width: 411px; height: 277px;\" data-original-width=\"411\" data-original-height=\"277\" > <div class=\"tiled-gallery-item tiled-gallery-item-large\" itemprop=\"associatedMedia\" itemscope itemtype=\"http:\/\/schema.org\/ImageObject\"> <a href=\"https:\/\/www.jazzzeitung.de\/cms\/2018\/05\/15868\/0k3a6189-espoo-big-band-taipale-dombr\/\" border=\"0\" itemprop=\"url\"> <meta itemprop=\"width\" content=\"407\"> <meta itemprop=\"height\" content=\"273\"> <img decoding=\"async\" class=\"\" data-attachment-id=\"15874\" data-orig-file=\"https:\/\/www.jazzzeitung.de\/cms\/wp-content\/uploads\/2018\/05\/0K3A6189-Espoo-Big-Band-Taipale-dombr.jpg\" data-orig-size=\"1280,859\" data-comments-opened=\"1\" data-image-meta=\"{&quot;aperture&quot;:&quot;4&quot;,&quot;credit&quot;:&quot;&quot;,&quot;camera&quot;:&quot;Canon EOS 5D Mark III&quot;,&quot;caption&quot;:&quot;Espoo Big Band. Lenni-Kalle Taipale, April Jazz Espoo (FIN), Foto Ralf Dombrowski&quot;,&quot;created_timestamp&quot;:&quot;1524772819&quot;,&quot;copyright&quot;:&quot;&quot;,&quot;focal_length&quot;:&quot;168&quot;,&quot;iso&quot;:&quot;12800&quot;,&quot;shutter_speed&quot;:&quot;0.00625&quot;,&quot;title&quot;:&quot;&quot;,&quot;orientation&quot;:&quot;1&quot;}\" data-image-title=\"0K3A6189, Espoo Big Band, Taipale (dombr)\" data-image-description=\"\" data-medium-file=\"https:\/\/i0.wp.com\/www.jazzzeitung.de\/cms\/wp-content\/uploads\/2018\/05\/0K3A6189-Espoo-Big-Band-Taipale-dombr.jpg?fit=300%2C201&#038;ssl=1\" data-large-file=\"https:\/\/i0.wp.com\/www.jazzzeitung.de\/cms\/wp-content\/uploads\/2018\/05\/0K3A6189-Espoo-Big-Band-Taipale-dombr.jpg?fit=840%2C564&#038;ssl=1\" src=\"https:\/\/i0.wp.com\/www.jazzzeitung.de\/cms\/wp-content\/uploads\/2018\/05\/0K3A6189-Espoo-Big-Band-Taipale-dombr.jpg?w=407&#038;h=273&#038;ssl=1\" srcset=\"https:\/\/i0.wp.com\/www.jazzzeitung.de\/cms\/wp-content\/uploads\/2018\/05\/0K3A6189-Espoo-Big-Band-Taipale-dombr.jpg?w=1280&amp;ssl=1 1280w, https:\/\/i0.wp.com\/www.jazzzeitung.de\/cms\/wp-content\/uploads\/2018\/05\/0K3A6189-Espoo-Big-Band-Taipale-dombr.jpg?resize=300%2C201&amp;ssl=1 300w, https:\/\/i0.wp.com\/www.jazzzeitung.de\/cms\/wp-content\/uploads\/2018\/05\/0K3A6189-Espoo-Big-Band-Taipale-dombr.jpg?resize=768%2C515&amp;ssl=1 768w, https:\/\/i0.wp.com\/www.jazzzeitung.de\/cms\/wp-content\/uploads\/2018\/05\/0K3A6189-Espoo-Big-Band-Taipale-dombr.jpg?resize=894%2C600&amp;ssl=1 894w, https:\/\/i0.wp.com\/www.jazzzeitung.de\/cms\/wp-content\/uploads\/2018\/05\/0K3A6189-Espoo-Big-Band-Taipale-dombr.jpg?resize=600%2C403&amp;ssl=1 600w, https:\/\/i0.wp.com\/www.jazzzeitung.de\/cms\/wp-content\/uploads\/2018\/05\/0K3A6189-Espoo-Big-Band-Taipale-dombr.jpg?resize=120%2C80&amp;ssl=1 120w\" width=\"407\" height=\"273\" loading=\"lazy\" data-original-width=\"407\" data-original-height=\"273\" itemprop=\"http:\/\/schema.org\/image\" title=\"0K3A6189, Espoo Big Band, Taipale (dombr)\" alt=\"Lenni-Kalle Taipale, Espoo Big Band. Foto: R. Dombrowski\" style=\"width: 407px; height: 273px;\" \/> <\/a> <div class=\"tiled-gallery-caption\" itemprop=\"caption description\"> Lenni-Kalle Taipale, Espoo Big Band. Foto: R. Dombrowski <\/div> <\/div> <\/div> <!-- close group --> <\/div> <!-- close row --> <div class=\"gallery-row\" style=\"width: 840px; height: 373px;\" data-original-width=\"840\" data-original-height=\"373\" > <div class=\"gallery-group images-1\" style=\"width: 558px; height: 373px;\" data-original-width=\"558\" data-original-height=\"373\" > <div class=\"tiled-gallery-item tiled-gallery-item-large\" itemprop=\"associatedMedia\" itemscope itemtype=\"http:\/\/schema.org\/ImageObject\"> <a href=\"https:\/\/www.jazzzeitung.de\/cms\/2018\/05\/15868\/espoo-big-band-marzi-nyman-april-jazz-espoo-fin-foto-ralf-dombrowski\/\" border=\"0\" itemprop=\"url\"> <meta itemprop=\"width\" content=\"554\"> <meta itemprop=\"height\" content=\"369\"> <img decoding=\"async\" class=\"\" data-attachment-id=\"15875\" data-orig-file=\"https:\/\/www.jazzzeitung.de\/cms\/wp-content\/uploads\/2018\/05\/0K3A6194-Espoo-Big-Band-Nyman-dombr.jpg\" data-orig-size=\"1280,853\" data-comments-opened=\"1\" data-image-meta=\"{&quot;aperture&quot;:&quot;4&quot;,&quot;credit&quot;:&quot;&quot;,&quot;camera&quot;:&quot;Canon EOS 5D Mark III&quot;,&quot;caption&quot;:&quot;Espoo Big Band, Marzi Nyman, April Jazz Espoo (FIN), Foto Ralf Dombrowski&quot;,&quot;created_timestamp&quot;:&quot;1524772960&quot;,&quot;copyright&quot;:&quot;&quot;,&quot;focal_length&quot;:&quot;200&quot;,&quot;iso&quot;:&quot;12800&quot;,&quot;shutter_speed&quot;:&quot;0.00625&quot;,&quot;title&quot;:&quot;Espoo Big Band, Marzi Nyman, April Jazz Espoo (FIN), Foto Ralf Dombrowski&quot;,&quot;orientation&quot;:&quot;1&quot;}\" data-image-title=\"Espoo Big Band, Marzi Nyman, April Jazz Espoo (FIN), Foto Ralf Dombrowski\" data-image-description=\"\" data-medium-file=\"https:\/\/i0.wp.com\/www.jazzzeitung.de\/cms\/wp-content\/uploads\/2018\/05\/0K3A6194-Espoo-Big-Band-Nyman-dombr.jpg?fit=300%2C200&#038;ssl=1\" data-large-file=\"https:\/\/i0.wp.com\/www.jazzzeitung.de\/cms\/wp-content\/uploads\/2018\/05\/0K3A6194-Espoo-Big-Band-Nyman-dombr.jpg?fit=840%2C560&#038;ssl=1\" src=\"https:\/\/i0.wp.com\/www.jazzzeitung.de\/cms\/wp-content\/uploads\/2018\/05\/0K3A6194-Espoo-Big-Band-Nyman-dombr.jpg?w=554&#038;h=369&#038;ssl=1\" srcset=\"https:\/\/i0.wp.com\/www.jazzzeitung.de\/cms\/wp-content\/uploads\/2018\/05\/0K3A6194-Espoo-Big-Band-Nyman-dombr.jpg?w=1280&amp;ssl=1 1280w, https:\/\/i0.wp.com\/www.jazzzeitung.de\/cms\/wp-content\/uploads\/2018\/05\/0K3A6194-Espoo-Big-Band-Nyman-dombr.jpg?resize=300%2C200&amp;ssl=1 300w, https:\/\/i0.wp.com\/www.jazzzeitung.de\/cms\/wp-content\/uploads\/2018\/05\/0K3A6194-Espoo-Big-Band-Nyman-dombr.jpg?resize=768%2C512&amp;ssl=1 768w, https:\/\/i0.wp.com\/www.jazzzeitung.de\/cms\/wp-content\/uploads\/2018\/05\/0K3A6194-Espoo-Big-Band-Nyman-dombr.jpg?resize=900%2C600&amp;ssl=1 900w, https:\/\/i0.wp.com\/www.jazzzeitung.de\/cms\/wp-content\/uploads\/2018\/05\/0K3A6194-Espoo-Big-Band-Nyman-dombr.jpg?resize=600%2C400&amp;ssl=1 600w, https:\/\/i0.wp.com\/www.jazzzeitung.de\/cms\/wp-content\/uploads\/2018\/05\/0K3A6194-Espoo-Big-Band-Nyman-dombr.jpg?resize=120%2C80&amp;ssl=1 120w\" width=\"554\" height=\"369\" loading=\"lazy\" data-original-width=\"554\" data-original-height=\"369\" itemprop=\"http:\/\/schema.org\/image\" title=\"Espoo Big Band, Marzi Nyman, April Jazz Espoo (FIN), Foto Ralf Dombrowski\" alt=\"Marzi Nyman, Espoo Big Band. Foto: R. Dombrowski\" style=\"width: 554px; height: 369px;\" \/> <\/a> <div class=\"tiled-gallery-caption\" itemprop=\"caption description\"> Marzi Nyman, Espoo Big Band. Foto: R. Dombrowski <\/div> <\/div> <\/div> <!-- close group --> <div class=\"gallery-group images-2\" style=\"width: 282px; height: 373px;\" data-original-width=\"282\" data-original-height=\"373\" > <div class=\"tiled-gallery-item tiled-gallery-item-large\" itemprop=\"associatedMedia\" itemscope itemtype=\"http:\/\/schema.org\/ImageObject\"> <a href=\"https:\/\/www.jazzzeitung.de\/cms\/2018\/05\/15868\/ilmiliekki-quartet-april-jazz-espoo-fin-foto-ralf-dombrowski\/\" border=\"0\" itemprop=\"url\"> <meta itemprop=\"width\" content=\"278\"> <meta itemprop=\"height\" content=\"180\"> <img decoding=\"async\" class=\"\" data-attachment-id=\"15888\" data-orig-file=\"https:\/\/www.jazzzeitung.de\/cms\/wp-content\/uploads\/2018\/05\/0K3A7026-Ilmiliekki-Quartet-dombr.jpg\" data-orig-size=\"1280,828\" data-comments-opened=\"1\" data-image-meta=\"{&quot;aperture&quot;:&quot;4&quot;,&quot;credit&quot;:&quot;&quot;,&quot;camera&quot;:&quot;Canon EOS 5D Mark III&quot;,&quot;caption&quot;:&quot;Ilmiliekki Quartet, April Jazz Espoo (FIN), Foto Ralf Dombrowski&quot;,&quot;created_timestamp&quot;:&quot;1524936019&quot;,&quot;copyright&quot;:&quot;&quot;,&quot;focal_length&quot;:&quot;145&quot;,&quot;iso&quot;:&quot;12800&quot;,&quot;shutter_speed&quot;:&quot;0.005&quot;,&quot;title&quot;:&quot;Ilmiliekki Quartet, April Jazz Espoo (FIN), Foto Ralf Dombrowski&quot;,&quot;orientation&quot;:&quot;1&quot;}\" data-image-title=\"Ilmiliekki Quartet, April Jazz Espoo (FIN), Foto Ralf Dombrowski\" data-image-description=\"\" data-medium-file=\"https:\/\/i0.wp.com\/www.jazzzeitung.de\/cms\/wp-content\/uploads\/2018\/05\/0K3A7026-Ilmiliekki-Quartet-dombr.jpg?fit=300%2C194&#038;ssl=1\" data-large-file=\"https:\/\/i0.wp.com\/www.jazzzeitung.de\/cms\/wp-content\/uploads\/2018\/05\/0K3A7026-Ilmiliekki-Quartet-dombr.jpg?fit=840%2C543&#038;ssl=1\" src=\"https:\/\/i0.wp.com\/www.jazzzeitung.de\/cms\/wp-content\/uploads\/2018\/05\/0K3A7026-Ilmiliekki-Quartet-dombr.jpg?w=278&#038;h=180&#038;ssl=1\" srcset=\"https:\/\/i0.wp.com\/www.jazzzeitung.de\/cms\/wp-content\/uploads\/2018\/05\/0K3A7026-Ilmiliekki-Quartet-dombr.jpg?w=1280&amp;ssl=1 1280w, https:\/\/i0.wp.com\/www.jazzzeitung.de\/cms\/wp-content\/uploads\/2018\/05\/0K3A7026-Ilmiliekki-Quartet-dombr.jpg?resize=300%2C194&amp;ssl=1 300w, https:\/\/i0.wp.com\/www.jazzzeitung.de\/cms\/wp-content\/uploads\/2018\/05\/0K3A7026-Ilmiliekki-Quartet-dombr.jpg?resize=768%2C497&amp;ssl=1 768w, https:\/\/i0.wp.com\/www.jazzzeitung.de\/cms\/wp-content\/uploads\/2018\/05\/0K3A7026-Ilmiliekki-Quartet-dombr.jpg?resize=900%2C582&amp;ssl=1 900w, https:\/\/i0.wp.com\/www.jazzzeitung.de\/cms\/wp-content\/uploads\/2018\/05\/0K3A7026-Ilmiliekki-Quartet-dombr.jpg?resize=600%2C388&amp;ssl=1 600w\" width=\"278\" height=\"180\" loading=\"lazy\" data-original-width=\"278\" data-original-height=\"180\" itemprop=\"http:\/\/schema.org\/image\" title=\"Ilmiliekki Quartet, April Jazz Espoo (FIN), Foto Ralf Dombrowski\" alt=\"Verneri Pohjola, Ilmiliekki Quartet. Foto: R. Dombrowski\" style=\"width: 278px; height: 180px;\" \/> <\/a> <div class=\"tiled-gallery-caption\" itemprop=\"caption description\"> Verneri Pohjola, Ilmiliekki Quartet. Foto: R. Dombrowski <\/div> <\/div> <div class=\"tiled-gallery-item tiled-gallery-item-large\" itemprop=\"associatedMedia\" itemscope itemtype=\"http:\/\/schema.org\/ImageObject\"> <a href=\"https:\/\/www.jazzzeitung.de\/cms\/2018\/05\/15868\/ilmiliekki-quartet-april-jazz-espoo-fin-foto-ralf-dombrowski-2\/\" border=\"0\" itemprop=\"url\"> <meta itemprop=\"width\" content=\"278\"> <meta itemprop=\"height\" content=\"185\"> <img decoding=\"async\" class=\"\" data-attachment-id=\"15889\" data-orig-file=\"https:\/\/www.jazzzeitung.de\/cms\/wp-content\/uploads\/2018\/05\/0K3A7029-Ilmiliekki-Quartet-dombr.jpg\" data-orig-size=\"1280,853\" data-comments-opened=\"1\" data-image-meta=\"{&quot;aperture&quot;:&quot;4&quot;,&quot;credit&quot;:&quot;&quot;,&quot;camera&quot;:&quot;Canon EOS 5D Mark III&quot;,&quot;caption&quot;:&quot;Ilmiliekki Quartet, April Jazz Espoo (FIN), Foto Ralf Dombrowski&quot;,&quot;created_timestamp&quot;:&quot;1524936115&quot;,&quot;copyright&quot;:&quot;&quot;,&quot;focal_length&quot;:&quot;126&quot;,&quot;iso&quot;:&quot;12800&quot;,&quot;shutter_speed&quot;:&quot;0.005&quot;,&quot;title&quot;:&quot;Ilmiliekki Quartet, April Jazz Espoo (FIN), Foto Ralf Dombrowski&quot;,&quot;orientation&quot;:&quot;1&quot;}\" data-image-title=\"Ilmiliekki Quartet, April Jazz Espoo (FIN), Foto Ralf Dombrowski\" data-image-description=\"\" data-medium-file=\"https:\/\/i0.wp.com\/www.jazzzeitung.de\/cms\/wp-content\/uploads\/2018\/05\/0K3A7029-Ilmiliekki-Quartet-dombr.jpg?fit=300%2C200&#038;ssl=1\" data-large-file=\"https:\/\/i0.wp.com\/www.jazzzeitung.de\/cms\/wp-content\/uploads\/2018\/05\/0K3A7029-Ilmiliekki-Quartet-dombr.jpg?fit=840%2C560&#038;ssl=1\" src=\"https:\/\/i0.wp.com\/www.jazzzeitung.de\/cms\/wp-content\/uploads\/2018\/05\/0K3A7029-Ilmiliekki-Quartet-dombr.jpg?w=278&#038;h=185&#038;ssl=1\" srcset=\"https:\/\/i0.wp.com\/www.jazzzeitung.de\/cms\/wp-content\/uploads\/2018\/05\/0K3A7029-Ilmiliekki-Quartet-dombr.jpg?w=1280&amp;ssl=1 1280w, https:\/\/i0.wp.com\/www.jazzzeitung.de\/cms\/wp-content\/uploads\/2018\/05\/0K3A7029-Ilmiliekki-Quartet-dombr.jpg?resize=300%2C200&amp;ssl=1 300w, https:\/\/i0.wp.com\/www.jazzzeitung.de\/cms\/wp-content\/uploads\/2018\/05\/0K3A7029-Ilmiliekki-Quartet-dombr.jpg?resize=768%2C512&amp;ssl=1 768w, https:\/\/i0.wp.com\/www.jazzzeitung.de\/cms\/wp-content\/uploads\/2018\/05\/0K3A7029-Ilmiliekki-Quartet-dombr.jpg?resize=900%2C600&amp;ssl=1 900w, https:\/\/i0.wp.com\/www.jazzzeitung.de\/cms\/wp-content\/uploads\/2018\/05\/0K3A7029-Ilmiliekki-Quartet-dombr.jpg?resize=600%2C400&amp;ssl=1 600w, https:\/\/i0.wp.com\/www.jazzzeitung.de\/cms\/wp-content\/uploads\/2018\/05\/0K3A7029-Ilmiliekki-Quartet-dombr.jpg?resize=120%2C80&amp;ssl=1 120w\" width=\"278\" height=\"185\" loading=\"lazy\" data-original-width=\"278\" data-original-height=\"185\" itemprop=\"http:\/\/schema.org\/image\" title=\"Ilmiliekki Quartet, April Jazz Espoo (FIN), Foto Ralf Dombrowski\" alt=\"Antti L\u00f6tj\u00f6nen und Olavi Louhivuori, Ilmiliekki Quartet. Foto: R. Dombrowski\" style=\"width: 278px; height: 185px;\" \/> <\/a> <div class=\"tiled-gallery-caption\" itemprop=\"caption description\"> Antti L\u00f6tj\u00f6nen und Olavi Louhivuori, Ilmiliekki Quartet. Foto: R. Dombrowski <\/div> <\/div> <\/div> <!-- close group --> <\/div> <!-- close row --> <div class=\"gallery-row\" style=\"width: 840px; height: 289px;\" data-original-width=\"840\" data-original-height=\"289\" > <div class=\"gallery-group images-1\" style=\"width: 432px; height: 289px;\" data-original-width=\"432\" data-original-height=\"289\" > <div class=\"tiled-gallery-item tiled-gallery-item-large\" itemprop=\"associatedMedia\" itemscope itemtype=\"http:\/\/schema.org\/ImageObject\"> <a href=\"https:\/\/www.jazzzeitung.de\/cms\/2018\/05\/15868\/0k3a6866-mikko-innanen-trio-dombr\/\" border=\"0\" itemprop=\"url\"> <meta itemprop=\"width\" content=\"428\"> <meta itemprop=\"height\" content=\"285\"> <img decoding=\"async\" class=\"\" data-attachment-id=\"15885\" data-orig-file=\"https:\/\/www.jazzzeitung.de\/cms\/wp-content\/uploads\/2018\/05\/0K3A6866-Mikko-Innanen-Trio-dombr.jpg\" data-orig-size=\"1280,853\" data-comments-opened=\"1\" data-image-meta=\"{&quot;aperture&quot;:&quot;4&quot;,&quot;credit&quot;:&quot;&quot;,&quot;camera&quot;:&quot;Canon EOS 5D Mark III&quot;,&quot;caption&quot;:&quot;&quot;,&quot;created_timestamp&quot;:&quot;1524913294&quot;,&quot;copyright&quot;:&quot;&quot;,&quot;focal_length&quot;:&quot;45&quot;,&quot;iso&quot;:&quot;6400&quot;,&quot;shutter_speed&quot;:&quot;0.008&quot;,&quot;title&quot;:&quot;&quot;,&quot;orientation&quot;:&quot;1&quot;}\" data-image-title=\"0K3A6866, Mikko Innanen Trio (dombr)\" data-image-description=\"\" data-medium-file=\"https:\/\/i0.wp.com\/www.jazzzeitung.de\/cms\/wp-content\/uploads\/2018\/05\/0K3A6866-Mikko-Innanen-Trio-dombr.jpg?fit=300%2C200&#038;ssl=1\" data-large-file=\"https:\/\/i0.wp.com\/www.jazzzeitung.de\/cms\/wp-content\/uploads\/2018\/05\/0K3A6866-Mikko-Innanen-Trio-dombr.jpg?fit=840%2C560&#038;ssl=1\" src=\"https:\/\/i0.wp.com\/www.jazzzeitung.de\/cms\/wp-content\/uploads\/2018\/05\/0K3A6866-Mikko-Innanen-Trio-dombr.jpg?w=428&#038;h=285&#038;ssl=1\" srcset=\"https:\/\/i0.wp.com\/www.jazzzeitung.de\/cms\/wp-content\/uploads\/2018\/05\/0K3A6866-Mikko-Innanen-Trio-dombr.jpg?w=1280&amp;ssl=1 1280w, https:\/\/i0.wp.com\/www.jazzzeitung.de\/cms\/wp-content\/uploads\/2018\/05\/0K3A6866-Mikko-Innanen-Trio-dombr.jpg?resize=300%2C200&amp;ssl=1 300w, https:\/\/i0.wp.com\/www.jazzzeitung.de\/cms\/wp-content\/uploads\/2018\/05\/0K3A6866-Mikko-Innanen-Trio-dombr.jpg?resize=768%2C512&amp;ssl=1 768w, https:\/\/i0.wp.com\/www.jazzzeitung.de\/cms\/wp-content\/uploads\/2018\/05\/0K3A6866-Mikko-Innanen-Trio-dombr.jpg?resize=900%2C600&amp;ssl=1 900w, https:\/\/i0.wp.com\/www.jazzzeitung.de\/cms\/wp-content\/uploads\/2018\/05\/0K3A6866-Mikko-Innanen-Trio-dombr.jpg?resize=600%2C400&amp;ssl=1 600w, https:\/\/i0.wp.com\/www.jazzzeitung.de\/cms\/wp-content\/uploads\/2018\/05\/0K3A6866-Mikko-Innanen-Trio-dombr.jpg?resize=120%2C80&amp;ssl=1 120w\" width=\"428\" height=\"285\" loading=\"lazy\" data-original-width=\"428\" data-original-height=\"285\" itemprop=\"http:\/\/schema.org\/image\" title=\"0K3A6866, Mikko Innanen Trio (dombr)\" alt=\"Mikko Innanen Trio. Foto: R. Dombrowski\" style=\"width: 428px; height: 285px;\" \/> <\/a> <div class=\"tiled-gallery-caption\" itemprop=\"caption description\"> Mikko Innanen Trio. Foto: R. Dombrowski <\/div> <\/div> <\/div> <!-- close group --> <div class=\"gallery-group images-1\" style=\"width: 408px; height: 289px;\" data-original-width=\"408\" data-original-height=\"289\" > <div class=\"tiled-gallery-item tiled-gallery-item-large\" itemprop=\"associatedMedia\" itemscope itemtype=\"http:\/\/schema.org\/ImageObject\"> <a href=\"https:\/\/www.jazzzeitung.de\/cms\/2018\/05\/15868\/teemu-viinikainen-april-jazz-espoo-fin-foto-ralf-dombrowski\/\" border=\"0\" itemprop=\"url\"> <meta itemprop=\"width\" content=\"404\"> <meta itemprop=\"height\" content=\"285\"> <img decoding=\"async\" class=\"\" data-attachment-id=\"15872\" data-orig-file=\"https:\/\/www.jazzzeitung.de\/cms\/wp-content\/uploads\/2018\/05\/0K3A6087-Viinikainen-dombr.jpg\" data-orig-size=\"1280,903\" data-comments-opened=\"1\" data-image-meta=\"{&quot;aperture&quot;:&quot;4&quot;,&quot;credit&quot;:&quot;&quot;,&quot;camera&quot;:&quot;Canon EOS 5D Mark III&quot;,&quot;caption&quot;:&quot;Teemu Viinikainen, April Jazz Espoo (FIN), Foto Ralf Dombrowski&quot;,&quot;created_timestamp&quot;:&quot;1524766866&quot;,&quot;copyright&quot;:&quot;&quot;,&quot;focal_length&quot;:&quot;172&quot;,&quot;iso&quot;:&quot;3200&quot;,&quot;shutter_speed&quot;:&quot;0.00625&quot;,&quot;title&quot;:&quot;Teemu Viinikainen, April Jazz Espoo (FIN), Foto Ralf Dombrowski&quot;,&quot;orientation&quot;:&quot;1&quot;}\" data-image-title=\"Teemu Viinikainen, April Jazz Espoo (FIN), Foto Ralf Dombrowski\" data-image-description=\"\" data-medium-file=\"https:\/\/i0.wp.com\/www.jazzzeitung.de\/cms\/wp-content\/uploads\/2018\/05\/0K3A6087-Viinikainen-dombr.jpg?fit=300%2C212&#038;ssl=1\" data-large-file=\"https:\/\/i0.wp.com\/www.jazzzeitung.de\/cms\/wp-content\/uploads\/2018\/05\/0K3A6087-Viinikainen-dombr.jpg?fit=840%2C593&#038;ssl=1\" src=\"https:\/\/i0.wp.com\/www.jazzzeitung.de\/cms\/wp-content\/uploads\/2018\/05\/0K3A6087-Viinikainen-dombr.jpg?w=404&#038;h=285&#038;ssl=1\" srcset=\"https:\/\/i0.wp.com\/www.jazzzeitung.de\/cms\/wp-content\/uploads\/2018\/05\/0K3A6087-Viinikainen-dombr.jpg?w=1280&amp;ssl=1 1280w, https:\/\/i0.wp.com\/www.jazzzeitung.de\/cms\/wp-content\/uploads\/2018\/05\/0K3A6087-Viinikainen-dombr.jpg?resize=300%2C212&amp;ssl=1 300w, https:\/\/i0.wp.com\/www.jazzzeitung.de\/cms\/wp-content\/uploads\/2018\/05\/0K3A6087-Viinikainen-dombr.jpg?resize=768%2C542&amp;ssl=1 768w, https:\/\/i0.wp.com\/www.jazzzeitung.de\/cms\/wp-content\/uploads\/2018\/05\/0K3A6087-Viinikainen-dombr.jpg?resize=850%2C600&amp;ssl=1 850w, https:\/\/i0.wp.com\/www.jazzzeitung.de\/cms\/wp-content\/uploads\/2018\/05\/0K3A6087-Viinikainen-dombr.jpg?resize=600%2C423&amp;ssl=1 600w\" width=\"404\" height=\"285\" loading=\"lazy\" data-original-width=\"404\" data-original-height=\"285\" itemprop=\"http:\/\/schema.org\/image\" title=\"Teemu Viinikainen, April Jazz Espoo (FIN), Foto Ralf Dombrowski\" alt=\"Teemu Viinikainen. Foto: R. Dombrowski\" style=\"width: 404px; height: 285px;\" \/> <\/a> <div class=\"tiled-gallery-caption\" itemprop=\"caption description\"> Teemu Viinikainen. Foto: R. Dombrowski <\/div> <\/div> <\/div> <!-- close group --> <\/div> <!-- close row --> <\/div>\n<p>Vor allem an zwei Momenten jedoch griffen die Anspr\u00fcche besonders stimmig ineinander. Denn der New Yorker Trompeter Ambrose Akinmusire erkl\u00e4rte nicht nur in einer Clinic die Hintergr\u00fcnde seiner auf philosophisch-emotionaler Reflexion basierenden Kunst, sondern stellte sie auch im Konzert im kleinen Saal \u201aCaf\u00e9 Louhi&#8216; vor. Sein zwischen Polyrhythmik, Klangschichtung und kontrolliertem Flow changierendes Quartett dokumentierte eine Facette zeitgen\u00f6ssischer Darstellungskompetenz, die bei aller Komplexit\u00e4t die Intellektualit\u00e4t zugunsten des energetischen Augenblicks hinter sich zu lassen verstand. Das Ilmiliekki Quartet um den Trompeter Verneri Pohjola schlie\u00dflich verk\u00f6rperte punktgenau die Idee von April Jazz. Stilistisch modern auf kammerjazziger Basis, musikalisch ausgewogen zwischen Elementen der Konzentration und Entspannung, geschichtlich verankert in der finnischen Szene und zugleich international ein Begriff, flogen der Band im Sellosali die Sympathien des Publikums nur so zu. So kann Matti Lappailainen zufrieden sein mit April Jazz 2018 \u2013 und sich an die Arbeit machen, um im folgenden Jahr wieder eine \u00e4hnlich konzise Mischung nach Espoo zu holen.<\/p>\n<p>Text: <em>Ralf Dombrowksi<\/em><\/p>\n","protected":false},"excerpt":{"rendered":"<p>Von Helsinki ist es nicht weit nach Espoo. Man kann sogar mit der neu gebauten S-Bahn fahren, es m\u00fcssten also von allein gen\u00fcgend Zuh\u00f6rer kommen, wenn in der Nachbarschaft der Hauptstadt Musiker wie Ambrose Akinmusire oder Bobo Stenson zu Gast sind. \u201eEs ist trotz allem eine Herausforderung\u201c, meint Matti Lappalainen, der Anfang des Jahrzehnts die k\u00fcnstlerische Leitung des April Jazz Festivals von seinem gleichnamigen, aber nicht verwandten Vorg\u00e4nger \u00fcbernommen hat. \u201eWir wollen die S\u00e4le nat\u00fcrlich voll bekommen, und daher versuche ich, eine Mischung von internationalen Musikern und K\u00fcnstlern aus Finnland hinzubekommen, die viele Menschen interessiert\u201c. In diesem Jahr jedenfalls kann er sich nicht beklagen. Der Gro\u00dfteil der Konzerte, die er f\u00fcr die 32. Ausgabe des April Jazz auf das Programm gesetzt hat, waren ausverkauft. Ein wenig kann er sich also zur\u00fccklehnen, denn das Konzept der Stil-Mixtur von Modernit\u00e4t, Popularit\u00e4t und heimischer Verwurzelung ging auf. So kam zum Beispiel die britische S\u00e4ngerin Laura Mvula in die Stadt und f\u00fcllte den gro\u00dfen Saal des Kulturzentrums mit einer minimalistisch arrangierten Variante von Soul, die der Musik trotz scherzender Ansagen zu viel Ernst verhalf. Der Pianist Iiro Rantala traf &hellip;<\/p>\n","protected":false},"author":18,"featured_media":15893,"comment_status":"open","ping_status":"closed","sticky":false,"template":"","format":"standard","meta":{"_jetpack_memberships_contains_paid_content":false,"footnotes":"","jetpack_publicize_message":"","jetpack_publicize_feature_enabled":true,"jetpack_social_post_already_shared":false,"jetpack_social_options":{"image_generator_settings":{"template":"highway","default_image_id":0,"font":"","enabled":false},"version":2}},"categories":[1053],"tags":[1959,1218,1833,3,682,1046,1876,322,323,1499,367,447,1965,873,1356],"coauthors":[658],"class_list":["post-15868","post","type-post","status-publish","format-standard","has-post-thumbnail","hentry","category-bericht","tag-1959","tag-ambrose-akinmusire","tag-bobo-stenson","tag-festival","tag-festivals","tag-iiro-rantala","tag-jazz","tag-konzert-2","tag-konzerte","tag-kuenstlerische-leitung","tag-magnus-oestroem","tag-pop","tag-quartett","tag-ralf-dombrowksi","tag-trio"],"yoast_head":"<!-- This site is optimized with the Yoast SEO plugin v27.5 - https:\/\/yoast.com\/product\/yoast-seo-wordpress\/ -->\n<title>Zeitgen\u00f6ssischer Jazz beim 32. April Jazz Festival im finnischen Espoo - JazzZeitung<\/title>\n<meta name=\"robots\" content=\"index, follow, max-snippet:-1, max-image-preview:large, max-video-preview:-1\" \/>\n<link rel=\"canonical\" href=\"https:\/\/www.jazzzeitung.de\/cms\/2018\/05\/15868\/\" \/>\n<meta property=\"og:locale\" content=\"de_DE\" \/>\n<meta property=\"og:type\" content=\"article\" \/>\n<meta property=\"og:title\" content=\"Zeitgen\u00f6ssischer Jazz beim 32. April Jazz Festival im finnischen Espoo - JazzZeitung\" \/>\n<meta property=\"og:description\" content=\"Von Helsinki ist es nicht weit nach Espoo. Man kann sogar mit der neu gebauten S-Bahn fahren, es m\u00fcssten also von allein gen\u00fcgend Zuh\u00f6rer kommen, wenn in der Nachbarschaft der Hauptstadt Musiker wie Ambrose Akinmusire oder Bobo Stenson zu Gast sind. \u201eEs ist trotz allem eine Herausforderung\u201c, meint Matti Lappalainen, der Anfang des Jahrzehnts die k\u00fcnstlerische Leitung des April Jazz Festivals von seinem gleichnamigen, aber nicht verwandten Vorg\u00e4nger \u00fcbernommen hat. \u201eWir wollen die S\u00e4le nat\u00fcrlich voll bekommen, und daher versuche ich, eine Mischung von internationalen Musikern und K\u00fcnstlern aus Finnland hinzubekommen, die viele Menschen interessiert\u201c. In diesem Jahr jedenfalls kann er sich nicht beklagen. Der Gro\u00dfteil der Konzerte, die er f\u00fcr die 32. Ausgabe des April Jazz auf das Programm gesetzt hat, waren ausverkauft. Ein wenig kann er sich also zur\u00fccklehnen, denn das Konzept der Stil-Mixtur von Modernit\u00e4t, Popularit\u00e4t und heimischer Verwurzelung ging auf. So kam zum Beispiel die britische S\u00e4ngerin Laura Mvula in die Stadt und f\u00fcllte den gro\u00dfen Saal des Kulturzentrums mit einer minimalistisch arrangierten Variante von Soul, die der Musik trotz scherzender Ansagen zu viel Ernst verhalf. Der Pianist Iiro Rantala traf &hellip;\" \/>\n<meta property=\"og:url\" content=\"https:\/\/www.jazzzeitung.de\/cms\/2018\/05\/15868\/\" \/>\n<meta property=\"og:site_name\" content=\"JazzZeitung\" \/>\n<meta property=\"article:publisher\" content=\"https:\/\/www.facebook.com\/JazzZeitung\/\" \/>\n<meta property=\"article:published_time\" content=\"2018-05-05T13:00:17+00:00\" \/>\n<meta property=\"article:modified_time\" content=\"2018-05-06T10:10:50+00:00\" \/>\n<meta property=\"og:image\" content=\"https:\/\/i0.wp.com\/www.jazzzeitung.de\/cms\/wp-content\/uploads\/2018\/05\/0K3A7160-Bobo-Stenson-Trio-dombr.jpg?fit=1280%2C853&ssl=1\" \/>\n\t<meta property=\"og:image:width\" content=\"1280\" \/>\n\t<meta property=\"og:image:height\" content=\"853\" \/>\n\t<meta property=\"og:image:type\" content=\"image\/jpeg\" \/>\n<meta name=\"author\" content=\"Ralf Dombrowski\" \/>\n<script type=\"application\/ld+json\" class=\"yoast-schema-graph\">{\"@context\":\"https:\\\/\\\/schema.org\",\"@graph\":[{\"@type\":\"Article\",\"@id\":\"https:\\\/\\\/www.jazzzeitung.de\\\/cms\\\/2018\\\/05\\\/15868\\\/#article\",\"isPartOf\":{\"@id\":\"https:\\\/\\\/www.jazzzeitung.de\\\/cms\\\/2018\\\/05\\\/15868\\\/\"},\"author\":{\"name\":\"Redaktion JazzZeitung\",\"@id\":\"https:\\\/\\\/www.jazzzeitung.de\\\/cms\\\/#\\\/schema\\\/person\\\/2245b36b9cd1d24cea10f01c031fb92b\"},\"headline\":\"Zeitgen\u00f6ssischer Jazz beim 32. April Jazz Festival im finnischen Espoo\",\"datePublished\":\"2018-05-05T13:00:17+00:00\",\"dateModified\":\"2018-05-06T10:10:50+00:00\",\"mainEntityOfPage\":{\"@id\":\"https:\\\/\\\/www.jazzzeitung.de\\\/cms\\\/2018\\\/05\\\/15868\\\/\"},\"wordCount\":527,\"commentCount\":0,\"publisher\":{\"@id\":\"https:\\\/\\\/www.jazzzeitung.de\\\/cms\\\/#organization\"},\"image\":{\"@id\":\"https:\\\/\\\/www.jazzzeitung.de\\\/cms\\\/2018\\\/05\\\/15868\\\/#primaryimage\"},\"thumbnailUrl\":\"https:\\\/\\\/i0.wp.com\\\/www.jazzzeitung.de\\\/cms\\\/wp-content\\\/uploads\\\/2018\\\/05\\\/0K3A7160-Bobo-Stenson-Trio-dombr.jpg?fit=1280%2C853&ssl=1\",\"keywords\":[\"2018\",\"Ambrose Akinmusire\",\"Bobo Stenson\",\"Festival\",\"Festivals\",\"Iiro Rantala\",\"Jazz\",\"Konzert\",\"Konzerte\",\"K\u00fcnstlerische Leitung\",\"Magnus \u00d6str\u00f6m\",\"Pop\",\"Quartett\",\"Ralf Dombrowksi\",\"trio\"],\"articleSection\":[\"Bericht\"],\"inLanguage\":\"de\",\"potentialAction\":[{\"@type\":\"CommentAction\",\"name\":\"Comment\",\"target\":[\"https:\\\/\\\/www.jazzzeitung.de\\\/cms\\\/2018\\\/05\\\/15868\\\/#respond\"]}]},{\"@type\":\"WebPage\",\"@id\":\"https:\\\/\\\/www.jazzzeitung.de\\\/cms\\\/2018\\\/05\\\/15868\\\/\",\"url\":\"https:\\\/\\\/www.jazzzeitung.de\\\/cms\\\/2018\\\/05\\\/15868\\\/\",\"name\":\"Zeitgen\u00f6ssischer Jazz beim 32. April Jazz Festival im finnischen Espoo - JazzZeitung\",\"isPartOf\":{\"@id\":\"https:\\\/\\\/www.jazzzeitung.de\\\/cms\\\/#website\"},\"primaryImageOfPage\":{\"@id\":\"https:\\\/\\\/www.jazzzeitung.de\\\/cms\\\/2018\\\/05\\\/15868\\\/#primaryimage\"},\"image\":{\"@id\":\"https:\\\/\\\/www.jazzzeitung.de\\\/cms\\\/2018\\\/05\\\/15868\\\/#primaryimage\"},\"thumbnailUrl\":\"https:\\\/\\\/i0.wp.com\\\/www.jazzzeitung.de\\\/cms\\\/wp-content\\\/uploads\\\/2018\\\/05\\\/0K3A7160-Bobo-Stenson-Trio-dombr.jpg?fit=1280%2C853&ssl=1\",\"datePublished\":\"2018-05-05T13:00:17+00:00\",\"dateModified\":\"2018-05-06T10:10:50+00:00\",\"breadcrumb\":{\"@id\":\"https:\\\/\\\/www.jazzzeitung.de\\\/cms\\\/2018\\\/05\\\/15868\\\/#breadcrumb\"},\"inLanguage\":\"de\",\"potentialAction\":[{\"@type\":\"ReadAction\",\"target\":[\"https:\\\/\\\/www.jazzzeitung.de\\\/cms\\\/2018\\\/05\\\/15868\\\/\"]}]},{\"@type\":\"ImageObject\",\"inLanguage\":\"de\",\"@id\":\"https:\\\/\\\/www.jazzzeitung.de\\\/cms\\\/2018\\\/05\\\/15868\\\/#primaryimage\",\"url\":\"https:\\\/\\\/i0.wp.com\\\/www.jazzzeitung.de\\\/cms\\\/wp-content\\\/uploads\\\/2018\\\/05\\\/0K3A7160-Bobo-Stenson-Trio-dombr.jpg?fit=1280%2C853&ssl=1\",\"contentUrl\":\"https:\\\/\\\/i0.wp.com\\\/www.jazzzeitung.de\\\/cms\\\/wp-content\\\/uploads\\\/2018\\\/05\\\/0K3A7160-Bobo-Stenson-Trio-dombr.jpg?fit=1280%2C853&ssl=1\",\"width\":1280,\"height\":853},{\"@type\":\"BreadcrumbList\",\"@id\":\"https:\\\/\\\/www.jazzzeitung.de\\\/cms\\\/2018\\\/05\\\/15868\\\/#breadcrumb\",\"itemListElement\":[{\"@type\":\"ListItem\",\"position\":1,\"name\":\"Startseite\",\"item\":\"https:\\\/\\\/www.jazzzeitung.de\\\/cms\\\/\"},{\"@type\":\"ListItem\",\"position\":2,\"name\":\"Zeitgen\u00f6ssischer Jazz beim 32. April Jazz Festival im finnischen Espoo\"}]},{\"@type\":\"WebSite\",\"@id\":\"https:\\\/\\\/www.jazzzeitung.de\\\/cms\\\/#website\",\"url\":\"https:\\\/\\\/www.jazzzeitung.de\\\/cms\\\/\",\"name\":\"JazzZeitung\",\"description\":\"Jazz-News und Jazz-Kontroverses\",\"publisher\":{\"@id\":\"https:\\\/\\\/www.jazzzeitung.de\\\/cms\\\/#organization\"},\"potentialAction\":[{\"@type\":\"SearchAction\",\"target\":{\"@type\":\"EntryPoint\",\"urlTemplate\":\"https:\\\/\\\/www.jazzzeitung.de\\\/cms\\\/?s={search_term_string}\"},\"query-input\":{\"@type\":\"PropertyValueSpecification\",\"valueRequired\":true,\"valueName\":\"search_term_string\"}}],\"inLanguage\":\"de\"},{\"@type\":\"Organization\",\"@id\":\"https:\\\/\\\/www.jazzzeitung.de\\\/cms\\\/#organization\",\"name\":\"JazzZeitung online\",\"url\":\"https:\\\/\\\/www.jazzzeitung.de\\\/cms\\\/\",\"logo\":{\"@type\":\"ImageObject\",\"inLanguage\":\"de\",\"@id\":\"https:\\\/\\\/www.jazzzeitung.de\\\/cms\\\/#\\\/schema\\\/logo\\\/image\\\/\",\"url\":\"https:\\\/\\\/i0.wp.com\\\/www.jazzzeitung.de\\\/cms\\\/wp-content\\\/uploads\\\/2015\\\/08\\\/JAZZZEITUNGDE_Logo_Neu.png?fit=499%2C200&ssl=1\",\"contentUrl\":\"https:\\\/\\\/i0.wp.com\\\/www.jazzzeitung.de\\\/cms\\\/wp-content\\\/uploads\\\/2015\\\/08\\\/JAZZZEITUNGDE_Logo_Neu.png?fit=499%2C200&ssl=1\",\"width\":499,\"height\":200,\"caption\":\"JazzZeitung online\"},\"image\":{\"@id\":\"https:\\\/\\\/www.jazzzeitung.de\\\/cms\\\/#\\\/schema\\\/logo\\\/image\\\/\"},\"sameAs\":[\"https:\\\/\\\/www.facebook.com\\\/JazzZeitung\\\/\"]},{\"@type\":\"Person\",\"@id\":\"https:\\\/\\\/www.jazzzeitung.de\\\/cms\\\/#\\\/schema\\\/person\\\/2245b36b9cd1d24cea10f01c031fb92b\",\"name\":\"Redaktion JazzZeitung\",\"image\":{\"@type\":\"ImageObject\",\"inLanguage\":\"de\",\"@id\":\"https:\\\/\\\/i0.wp.com\\\/www.jazzzeitung.de\\\/cms\\\/wp-content\\\/uploads\\\/2015\\\/08\\\/JAZZZEITUNGDE_Logo_Neu.png?resize=96%2C96&ssl=159975dcacb611b5700bd619b5daf0a7a\",\"url\":\"https:\\\/\\\/i0.wp.com\\\/www.jazzzeitung.de\\\/cms\\\/wp-content\\\/uploads\\\/2015\\\/08\\\/JAZZZEITUNGDE_Logo_Neu.png?resize=96%2C96&ssl=1\",\"contentUrl\":\"https:\\\/\\\/i0.wp.com\\\/www.jazzzeitung.de\\\/cms\\\/wp-content\\\/uploads\\\/2015\\\/08\\\/JAZZZEITUNGDE_Logo_Neu.png?resize=96%2C96&ssl=1\",\"caption\":\"Redaktion JazzZeitung\"},\"description\":\"Artikel der Redaktion der JazzZeitung.\",\"sameAs\":[\"http:\\\/\\\/www.jazzzeitung.de\\\/cms\\\/\"],\"url\":\"https:\\\/\\\/www.jazzzeitung.de\\\/cms\\\/author\\\/redaktion\\\/\"}]}<\/script>\n<!-- \/ Yoast SEO plugin. -->","yoast_head_json":{"title":"Zeitgen\u00f6ssischer Jazz beim 32. April Jazz Festival im finnischen Espoo - JazzZeitung","robots":{"index":"index","follow":"follow","max-snippet":"max-snippet:-1","max-image-preview":"max-image-preview:large","max-video-preview":"max-video-preview:-1"},"canonical":"https:\/\/www.jazzzeitung.de\/cms\/2018\/05\/15868\/","og_locale":"de_DE","og_type":"article","og_title":"Zeitgen\u00f6ssischer Jazz beim 32. April Jazz Festival im finnischen Espoo - JazzZeitung","og_description":"Von Helsinki ist es nicht weit nach Espoo. Man kann sogar mit der neu gebauten S-Bahn fahren, es m\u00fcssten also von allein gen\u00fcgend Zuh\u00f6rer kommen, wenn in der Nachbarschaft der Hauptstadt Musiker wie Ambrose Akinmusire oder Bobo Stenson zu Gast sind. \u201eEs ist trotz allem eine Herausforderung\u201c, meint Matti Lappalainen, der Anfang des Jahrzehnts die k\u00fcnstlerische Leitung des April Jazz Festivals von seinem gleichnamigen, aber nicht verwandten Vorg\u00e4nger \u00fcbernommen hat. \u201eWir wollen die S\u00e4le nat\u00fcrlich voll bekommen, und daher versuche ich, eine Mischung von internationalen Musikern und K\u00fcnstlern aus Finnland hinzubekommen, die viele Menschen interessiert\u201c. In diesem Jahr jedenfalls kann er sich nicht beklagen. Der Gro\u00dfteil der Konzerte, die er f\u00fcr die 32. Ausgabe des April Jazz auf das Programm gesetzt hat, waren ausverkauft. Ein wenig kann er sich also zur\u00fccklehnen, denn das Konzept der Stil-Mixtur von Modernit\u00e4t, Popularit\u00e4t und heimischer Verwurzelung ging auf. So kam zum Beispiel die britische S\u00e4ngerin Laura Mvula in die Stadt und f\u00fcllte den gro\u00dfen Saal des Kulturzentrums mit einer minimalistisch arrangierten Variante von Soul, die der Musik trotz scherzender Ansagen zu viel Ernst verhalf. Der Pianist Iiro Rantala traf &hellip;","og_url":"https:\/\/www.jazzzeitung.de\/cms\/2018\/05\/15868\/","og_site_name":"JazzZeitung","article_publisher":"https:\/\/www.facebook.com\/JazzZeitung\/","article_published_time":"2018-05-05T13:00:17+00:00","article_modified_time":"2018-05-06T10:10:50+00:00","og_image":[{"width":1280,"height":853,"url":"https:\/\/i0.wp.com\/www.jazzzeitung.de\/cms\/wp-content\/uploads\/2018\/05\/0K3A7160-Bobo-Stenson-Trio-dombr.jpg?fit=1280%2C853&ssl=1","type":"image\/jpeg"}],"author":"Ralf Dombrowski","schema":{"@context":"https:\/\/schema.org","@graph":[{"@type":"Article","@id":"https:\/\/www.jazzzeitung.de\/cms\/2018\/05\/15868\/#article","isPartOf":{"@id":"https:\/\/www.jazzzeitung.de\/cms\/2018\/05\/15868\/"},"author":{"name":"Redaktion JazzZeitung","@id":"https:\/\/www.jazzzeitung.de\/cms\/#\/schema\/person\/2245b36b9cd1d24cea10f01c031fb92b"},"headline":"Zeitgen\u00f6ssischer Jazz beim 32. April Jazz Festival im finnischen Espoo","datePublished":"2018-05-05T13:00:17+00:00","dateModified":"2018-05-06T10:10:50+00:00","mainEntityOfPage":{"@id":"https:\/\/www.jazzzeitung.de\/cms\/2018\/05\/15868\/"},"wordCount":527,"commentCount":0,"publisher":{"@id":"https:\/\/www.jazzzeitung.de\/cms\/#organization"},"image":{"@id":"https:\/\/www.jazzzeitung.de\/cms\/2018\/05\/15868\/#primaryimage"},"thumbnailUrl":"https:\/\/i0.wp.com\/www.jazzzeitung.de\/cms\/wp-content\/uploads\/2018\/05\/0K3A7160-Bobo-Stenson-Trio-dombr.jpg?fit=1280%2C853&ssl=1","keywords":["2018","Ambrose Akinmusire","Bobo Stenson","Festival","Festivals","Iiro Rantala","Jazz","Konzert","Konzerte","K\u00fcnstlerische Leitung","Magnus \u00d6str\u00f6m","Pop","Quartett","Ralf Dombrowksi","trio"],"articleSection":["Bericht"],"inLanguage":"de","potentialAction":[{"@type":"CommentAction","name":"Comment","target":["https:\/\/www.jazzzeitung.de\/cms\/2018\/05\/15868\/#respond"]}]},{"@type":"WebPage","@id":"https:\/\/www.jazzzeitung.de\/cms\/2018\/05\/15868\/","url":"https:\/\/www.jazzzeitung.de\/cms\/2018\/05\/15868\/","name":"Zeitgen\u00f6ssischer Jazz beim 32. April Jazz Festival im finnischen Espoo - JazzZeitung","isPartOf":{"@id":"https:\/\/www.jazzzeitung.de\/cms\/#website"},"primaryImageOfPage":{"@id":"https:\/\/www.jazzzeitung.de\/cms\/2018\/05\/15868\/#primaryimage"},"image":{"@id":"https:\/\/www.jazzzeitung.de\/cms\/2018\/05\/15868\/#primaryimage"},"thumbnailUrl":"https:\/\/i0.wp.com\/www.jazzzeitung.de\/cms\/wp-content\/uploads\/2018\/05\/0K3A7160-Bobo-Stenson-Trio-dombr.jpg?fit=1280%2C853&ssl=1","datePublished":"2018-05-05T13:00:17+00:00","dateModified":"2018-05-06T10:10:50+00:00","breadcrumb":{"@id":"https:\/\/www.jazzzeitung.de\/cms\/2018\/05\/15868\/#breadcrumb"},"inLanguage":"de","potentialAction":[{"@type":"ReadAction","target":["https:\/\/www.jazzzeitung.de\/cms\/2018\/05\/15868\/"]}]},{"@type":"ImageObject","inLanguage":"de","@id":"https:\/\/www.jazzzeitung.de\/cms\/2018\/05\/15868\/#primaryimage","url":"https:\/\/i0.wp.com\/www.jazzzeitung.de\/cms\/wp-content\/uploads\/2018\/05\/0K3A7160-Bobo-Stenson-Trio-dombr.jpg?fit=1280%2C853&ssl=1","contentUrl":"https:\/\/i0.wp.com\/www.jazzzeitung.de\/cms\/wp-content\/uploads\/2018\/05\/0K3A7160-Bobo-Stenson-Trio-dombr.jpg?fit=1280%2C853&ssl=1","width":1280,"height":853},{"@type":"BreadcrumbList","@id":"https:\/\/www.jazzzeitung.de\/cms\/2018\/05\/15868\/#breadcrumb","itemListElement":[{"@type":"ListItem","position":1,"name":"Startseite","item":"https:\/\/www.jazzzeitung.de\/cms\/"},{"@type":"ListItem","position":2,"name":"Zeitgen\u00f6ssischer Jazz beim 32. April Jazz Festival im finnischen Espoo"}]},{"@type":"WebSite","@id":"https:\/\/www.jazzzeitung.de\/cms\/#website","url":"https:\/\/www.jazzzeitung.de\/cms\/","name":"JazzZeitung","description":"Jazz-News und Jazz-Kontroverses","publisher":{"@id":"https:\/\/www.jazzzeitung.de\/cms\/#organization"},"potentialAction":[{"@type":"SearchAction","target":{"@type":"EntryPoint","urlTemplate":"https:\/\/www.jazzzeitung.de\/cms\/?s={search_term_string}"},"query-input":{"@type":"PropertyValueSpecification","valueRequired":true,"valueName":"search_term_string"}}],"inLanguage":"de"},{"@type":"Organization","@id":"https:\/\/www.jazzzeitung.de\/cms\/#organization","name":"JazzZeitung online","url":"https:\/\/www.jazzzeitung.de\/cms\/","logo":{"@type":"ImageObject","inLanguage":"de","@id":"https:\/\/www.jazzzeitung.de\/cms\/#\/schema\/logo\/image\/","url":"https:\/\/i0.wp.com\/www.jazzzeitung.de\/cms\/wp-content\/uploads\/2015\/08\/JAZZZEITUNGDE_Logo_Neu.png?fit=499%2C200&ssl=1","contentUrl":"https:\/\/i0.wp.com\/www.jazzzeitung.de\/cms\/wp-content\/uploads\/2015\/08\/JAZZZEITUNGDE_Logo_Neu.png?fit=499%2C200&ssl=1","width":499,"height":200,"caption":"JazzZeitung online"},"image":{"@id":"https:\/\/www.jazzzeitung.de\/cms\/#\/schema\/logo\/image\/"},"sameAs":["https:\/\/www.facebook.com\/JazzZeitung\/"]},{"@type":"Person","@id":"https:\/\/www.jazzzeitung.de\/cms\/#\/schema\/person\/2245b36b9cd1d24cea10f01c031fb92b","name":"Redaktion JazzZeitung","image":{"@type":"ImageObject","inLanguage":"de","@id":"https:\/\/i0.wp.com\/www.jazzzeitung.de\/cms\/wp-content\/uploads\/2015\/08\/JAZZZEITUNGDE_Logo_Neu.png?resize=96%2C96&ssl=159975dcacb611b5700bd619b5daf0a7a","url":"https:\/\/i0.wp.com\/www.jazzzeitung.de\/cms\/wp-content\/uploads\/2015\/08\/JAZZZEITUNGDE_Logo_Neu.png?resize=96%2C96&ssl=1","contentUrl":"https:\/\/i0.wp.com\/www.jazzzeitung.de\/cms\/wp-content\/uploads\/2015\/08\/JAZZZEITUNGDE_Logo_Neu.png?resize=96%2C96&ssl=1","caption":"Redaktion JazzZeitung"},"description":"Artikel der Redaktion der JazzZeitung.","sameAs":["http:\/\/www.jazzzeitung.de\/cms\/"],"url":"https:\/\/www.jazzzeitung.de\/cms\/author\/redaktion\/"}]}},"wp-worthy-pixel":{"ignored":false,"public":null,"server":null,"url":null},"wp-worthy-type":"normal","jetpack_publicize_connections":[],"cc_featured_image_caption":{"caption_text":"","source_text":"","source_url":""},"jetpack_featured_media_url":"https:\/\/i0.wp.com\/www.jazzzeitung.de\/cms\/wp-content\/uploads\/2018\/05\/0K3A7160-Bobo-Stenson-Trio-dombr.jpg?fit=1280%2C853&ssl=1","jetpack_shortlink":"https:\/\/wp.me\/s3KEcT-15868","jetpack-related-posts":[{"id":18010,"url":"https:\/\/www.jazzzeitung.de\/cms\/2018\/12\/5-klavier-festival-in-ottobrunn-mit-bobo-stenson-ketil-bjornstad-martial-solal-am-13-14-dezember\/","url_meta":{"origin":15868,"position":0},"title":"5. Klavier Festival in Ottobrunn mit Bobo Stenson, Ketil Bj\u00f8rnstad &#038; Martial Solal am 13. &#038; 14. Dezember","author":"Redaktion JazzZeitung","date":"4. Dezember 2018","format":false,"excerpt":"Im Dezember finden in Ottobrunn seit nunmehr 5 Jahren Piano Abende der besonderen Art statt. Im Rahmen des Jubil\u00e4ums \u201e10 Jahre Ottobrunner Konzerte\u201c wird das diesj\u00e4hrige Klavier Festival im Wolf-Ferrari-Haus am Donnerstag, den 13. Dezember von zwei ganz besonderen ECM-Pianisten er\u00f6ffnet: dem Schweden Bobo Stenson, der u.a. in Formationen mit\u2026","rel":"","context":"In &quot;News&quot;","block_context":{"text":"News","link":"https:\/\/www.jazzzeitung.de\/cms\/thema\/nachrichten\/"},"img":{"alt_text":"","src":"https:\/\/i0.wp.com\/www.jazzzeitung.de\/cms\/wp-content\/uploads\/2018\/12\/2Martial-Solal-Foto-TJ-Krebs-jazzphotoagency%40web.de_-e1543850441340.jpg?fit=500%2C688&ssl=1&resize=350%2C200","width":350,"height":200},"classes":[]},{"id":16285,"url":"https:\/\/www.jazzzeitung.de\/cms\/2018\/06\/26-jahre-internationaler-augsburger-jazzsommer-11-juli-12-august-2018\/","url_meta":{"origin":15868,"position":1},"title":"Jazz in der Botanik: Der Internationaler Augsburger Jazzsommer 2018 l\u00e4dt zu Konzerten mit besonderem Flair","author":"Redaktion JazzZeitung","date":"14. Juni 2018","format":false,"excerpt":"Mit Auftritten von Instrumentalisten aus aller Welt und Gastspiele aufstrebender Nachwuchsk\u00fcnstler bietet der Internationale Augsburger Jazzsommer seit mehr als einem Vierteljahrhundert Live-Jazz aus der ganzen Welt eine B\u00fchne. Zwischen dem 11. Juli und 12. August erwarten die Besucher des Internationalen Augsburger Jazzsommer vier Wochen lang Konzerte vor der Naturkulisse des\u2026","rel":"","context":"In &quot;News&quot;","block_context":{"text":"News","link":"https:\/\/www.jazzzeitung.de\/cms\/thema\/nachrichten\/"},"img":{"alt_text":"","src":"https:\/\/i0.wp.com\/www.jazzzeitung.de\/cms\/wp-content\/uploads\/2018\/06\/Logo_Jazzsommer_2018.jpg?fit=1200%2C646&ssl=1&resize=350%2C200","width":350,"height":200,"srcset":"https:\/\/i0.wp.com\/www.jazzzeitung.de\/cms\/wp-content\/uploads\/2018\/06\/Logo_Jazzsommer_2018.jpg?fit=1200%2C646&ssl=1&resize=350%2C200 1x, https:\/\/i0.wp.com\/www.jazzzeitung.de\/cms\/wp-content\/uploads\/2018\/06\/Logo_Jazzsommer_2018.jpg?fit=1200%2C646&ssl=1&resize=525%2C300 1.5x, https:\/\/i0.wp.com\/www.jazzzeitung.de\/cms\/wp-content\/uploads\/2018\/06\/Logo_Jazzsommer_2018.jpg?fit=1200%2C646&ssl=1&resize=700%2C400 2x, https:\/\/i0.wp.com\/www.jazzzeitung.de\/cms\/wp-content\/uploads\/2018\/06\/Logo_Jazzsommer_2018.jpg?fit=1200%2C646&ssl=1&resize=1050%2C600 3x"},"classes":[]},{"id":18173,"url":"https:\/\/www.jazzzeitung.de\/cms\/2018\/12\/nachlese-zum-5-ottobrunner-klavier-festival\/","url_meta":{"origin":15868,"position":2},"title":"Nachlese zum 5. Ottobrunner Klavier-Festival","author":"Redaktion JazzZeitung","date":"19. Dezember 2018","format":false,"excerpt":"Das mittlerweile f\u00fcnfte Klavier-Festival war gleichzeitig auch der Abschluss des 10-j\u00e4hrigen Jubil\u00e4ums der Ottobrunner Konzerte. An zwei Abenden gaben drei au\u00dferordentliche, stilbildende Pianisten jeweils eine Solo-Performance am Steinway. Ketil Bj\u00f8rnstad & Bobo Stenson traten am ersten Abend auf, und den zweiten Abend schlie\u00dflich bestritt Pianolegende Martial Solal. Ketil Bj\u00f8rnstad spielte\u2026","rel":"","context":"In &quot;Bericht&quot;","block_context":{"text":"Bericht","link":"https:\/\/www.jazzzeitung.de\/cms\/thema\/bericht\/"},"img":{"alt_text":"","src":"https:\/\/i0.wp.com\/www.jazzzeitung.de\/cms\/wp-content\/uploads\/2018\/12\/P11224505-Bjornstad.jpg?fit=1200%2C800&ssl=1&resize=350%2C200","width":350,"height":200,"srcset":"https:\/\/i0.wp.com\/www.jazzzeitung.de\/cms\/wp-content\/uploads\/2018\/12\/P11224505-Bjornstad.jpg?fit=1200%2C800&ssl=1&resize=350%2C200 1x, https:\/\/i0.wp.com\/www.jazzzeitung.de\/cms\/wp-content\/uploads\/2018\/12\/P11224505-Bjornstad.jpg?fit=1200%2C800&ssl=1&resize=525%2C300 1.5x, https:\/\/i0.wp.com\/www.jazzzeitung.de\/cms\/wp-content\/uploads\/2018\/12\/P11224505-Bjornstad.jpg?fit=1200%2C800&ssl=1&resize=700%2C400 2x, https:\/\/i0.wp.com\/www.jazzzeitung.de\/cms\/wp-content\/uploads\/2018\/12\/P11224505-Bjornstad.jpg?fit=1200%2C800&ssl=1&resize=1050%2C600 3x"},"classes":[]},{"id":12142,"url":"https:\/\/www.jazzzeitung.de\/cms\/2017\/04\/jazzfest-berlin-berliner-festspiele-berufen-nadin-deventer-als-neue-kuenstlerische-leiterin-ab-2018\/","url_meta":{"origin":15868,"position":3},"title":"Jazzfest Berlin: Berliner Festspiele berufen Nadin Deventer als neue k\u00fcnstlerische Leiterin ab 2018","author":"Redaktion JazzZeitung","date":"14. April 2017","format":false,"excerpt":"Seit seiner Gr\u00fcndung als \u201eBerliner Jazztage\u201c 1964 z\u00e4hlt das Jazzfest Berlin zu Europas renommiertesten Festivals seiner Art, wobei zu seiner Tradition stets Innovation und politische Themen geh\u00f6ren. Nach der dreij\u00e4hrigen Festivalleitung von Richard Williams \u00fcbernimmt ab 2018 die Kuratorin Nadin Deventer die k\u00fcnstlerische Leitung des Jazzfest Berlin. Thomas Oberender, Intendant\u2026","rel":"","context":"In &quot;News&quot;","block_context":{"text":"News","link":"https:\/\/www.jazzzeitung.de\/cms\/thema\/nachrichten\/"},"img":{"alt_text":"Nadin Deventer. K\u00fcnstlerische Leiterin Jazzfest Berlin ab 2018. Foto: \u00a9 Camille Blake","src":"https:\/\/i0.wp.com\/www.jazzzeitung.de\/cms\/wp-content\/uploads\/2017\/04\/deventer_c_camille_blake-150x150.jpg?resize=350%2C200","width":350,"height":200},"classes":[]},{"id":15994,"url":"https:\/\/www.jazzzeitung.de\/cms\/2018\/05\/15994\/","url_meta":{"origin":15868,"position":4},"title":"Preisvergabe des diesj\u00e4hrigen ECHO Jazz abgesagt","author":"Redaktion JazzZeitung","date":"11. Mai 2018","format":false,"excerpt":"Nachdem Ende April angek\u00fcndigt wurde, die Preisvergabe des diesj\u00e4hrigen ECHO Jazz w\u00fcrde in kleinerem Rahmen ohne TV-\u00dcbertragung stattfinden, meldete die Deutsche Phono-Akademie jetzt auf der Homepage, dass die Verleihung des Musikpreises g\u00e4nzlich entf\u00e4llt. \"Angesichts der bevorstehenden Neupositionierung der deutschen Musikpreise ist es konsequent, die diesj\u00e4hrige Verleihung ausfallen zu lassen und\u2026","rel":"","context":"In &quot;News&quot;","block_context":{"text":"News","link":"https:\/\/www.jazzzeitung.de\/cms\/thema\/nachrichten\/"},"img":{"alt_text":"Menzels Schwester Emilie im Schlaf. Um 1848, \u00d6l auf Papier, aif Leinwand, 46,8 \u00d7 60 cm Adolf Friedrich Erdmann von Menzel. Hamburg, Kunsthalle","src":"https:\/\/i0.wp.com\/www.jazzzeitung.de\/cms\/wp-content\/uploads\/2018\/05\/menzel_schlaf.jpg?fit=1200%2C922&ssl=1&resize=350%2C200","width":350,"height":200,"srcset":"https:\/\/i0.wp.com\/www.jazzzeitung.de\/cms\/wp-content\/uploads\/2018\/05\/menzel_schlaf.jpg?fit=1200%2C922&ssl=1&resize=350%2C200 1x, https:\/\/i0.wp.com\/www.jazzzeitung.de\/cms\/wp-content\/uploads\/2018\/05\/menzel_schlaf.jpg?fit=1200%2C922&ssl=1&resize=525%2C300 1.5x, https:\/\/i0.wp.com\/www.jazzzeitung.de\/cms\/wp-content\/uploads\/2018\/05\/menzel_schlaf.jpg?fit=1200%2C922&ssl=1&resize=700%2C400 2x, https:\/\/i0.wp.com\/www.jazzzeitung.de\/cms\/wp-content\/uploads\/2018\/05\/menzel_schlaf.jpg?fit=1200%2C922&ssl=1&resize=1050%2C600 3x"},"classes":[]},{"id":7664,"url":"https:\/\/www.jazzzeitung.de\/cms\/2015\/11\/jazzfest-berlin-2015-diwan-der-kontinente-louis-moholo-moholo-quartet-und-ambrose-akinmusire-quartet-mit-theo-bleckmann\/","url_meta":{"origin":15868,"position":5},"title":"Jazzfest Berlin 2015 \u2013 Diwan der Kontinente, Louis Moholo-Moholo Quartet und Ambrose Akinmusire Quartet mit Theo Bleckmann","author":"Huflaikhan","date":"9. November 2015","format":false,"excerpt":"Ulf Drechsel er\u00f6ffnete den letzten Tag des 52. Jazzfests Berlin mit einem Hinweis auf die Situation der Fl\u00fcchtlingsbewegungen der Gegenwart. Er verwies auf die Mitverantwortung des Westens daran, was sich an Trag\u00f6dien abspielt. Jazz steht auch in politischer Verantwortung. Danke f\u00fcr diese Worte, Ulf Drechsel. Damit konnte er \u00fcberleiten zum\u2026","rel":"","context":"In &quot;Bericht&quot;","block_context":{"text":"Bericht","link":"https:\/\/www.jazzzeitung.de\/cms\/thema\/bericht\/"},"img":{"alt_text":"Louis Moholo-Moholo Quartet. 51. Jazzfest Berlin. Foto: Petra Basche","src":"https:\/\/i0.wp.com\/www.jazzzeitung.de\/cms\/wp-content\/uploads\/2015\/11\/jazzfest2015_pepa_moholo_162.jpg?fit=1200%2C801&ssl=1&resize=350%2C200","width":350,"height":200,"srcset":"https:\/\/i0.wp.com\/www.jazzzeitung.de\/cms\/wp-content\/uploads\/2015\/11\/jazzfest2015_pepa_moholo_162.jpg?fit=1200%2C801&ssl=1&resize=350%2C200 1x, https:\/\/i0.wp.com\/www.jazzzeitung.de\/cms\/wp-content\/uploads\/2015\/11\/jazzfest2015_pepa_moholo_162.jpg?fit=1200%2C801&ssl=1&resize=525%2C300 1.5x, https:\/\/i0.wp.com\/www.jazzzeitung.de\/cms\/wp-content\/uploads\/2015\/11\/jazzfest2015_pepa_moholo_162.jpg?fit=1200%2C801&ssl=1&resize=700%2C400 2x, https:\/\/i0.wp.com\/www.jazzzeitung.de\/cms\/wp-content\/uploads\/2015\/11\/jazzfest2015_pepa_moholo_162.jpg?fit=1200%2C801&ssl=1&resize=1050%2C600 3x"},"classes":[]}],"jetpack_sharing_enabled":true,"_links":{"self":[{"href":"https:\/\/www.jazzzeitung.de\/cms\/wp-json\/wp\/v2\/posts\/15868","targetHints":{"allow":["GET"]}}],"collection":[{"href":"https:\/\/www.jazzzeitung.de\/cms\/wp-json\/wp\/v2\/posts"}],"about":[{"href":"https:\/\/www.jazzzeitung.de\/cms\/wp-json\/wp\/v2\/types\/post"}],"author":[{"embeddable":true,"href":"https:\/\/www.jazzzeitung.de\/cms\/wp-json\/wp\/v2\/users\/18"}],"replies":[{"embeddable":true,"href":"https:\/\/www.jazzzeitung.de\/cms\/wp-json\/wp\/v2\/comments?post=15868"}],"version-history":[{"count":11,"href":"https:\/\/www.jazzzeitung.de\/cms\/wp-json\/wp\/v2\/posts\/15868\/revisions"}],"predecessor-version":[{"id":15909,"href":"https:\/\/www.jazzzeitung.de\/cms\/wp-json\/wp\/v2\/posts\/15868\/revisions\/15909"}],"wp:featuredmedia":[{"embeddable":true,"href":"https:\/\/www.jazzzeitung.de\/cms\/wp-json\/wp\/v2\/media\/15893"}],"wp:attachment":[{"href":"https:\/\/www.jazzzeitung.de\/cms\/wp-json\/wp\/v2\/media?parent=15868"}],"wp:term":[{"taxonomy":"category","embeddable":true,"href":"https:\/\/www.jazzzeitung.de\/cms\/wp-json\/wp\/v2\/categories?post=15868"},{"taxonomy":"post_tag","embeddable":true,"href":"https:\/\/www.jazzzeitung.de\/cms\/wp-json\/wp\/v2\/tags?post=15868"},{"taxonomy":"author","embeddable":true,"href":"https:\/\/www.jazzzeitung.de\/cms\/wp-json\/wp\/v2\/coauthors?post=15868"}],"curies":[{"name":"wp","href":"https:\/\/api.w.org\/{rel}","templated":true}]}}