{"id":15810,"date":"2018-05-03T11:13:52","date_gmt":"2018-05-03T09:13:52","guid":{"rendered":"https:\/\/www.jazzzeitung.de\/cms\/?p=15810"},"modified":"2018-05-06T12:12:59","modified_gmt":"2018-05-06T10:12:59","slug":"15810","status":"publish","type":"post","link":"https:\/\/www.jazzzeitung.de\/cms\/2018\/05\/15810\/","title":{"rendered":"Energieb\u00fcndel China Moses \u00fcberzeugt mit funky Jazzsoul im Stadttheater Regensburg"},"content":{"rendered":"<p><strong>Von der B\u00fchne in die Bar \u2013 <\/strong>Die in Paris lebende S\u00e4ngerin China Moses brachte das Publikum im Theater Regensburg mit Souljazz, Funk und erotischen Balladen zum tanzen.<\/p>\n<p>Wer sich sch\u00fctteln muss, wenn er etwas von \u201ePowerfrau\u201c oder noch schlimmer \u201ePowerfrauen\u201c h\u00f6rt, war bei China Moses goldrichtig. Der Auftritt der S\u00e4ngerin mit ihrer Band im Theater Regensburg war die \u201epure Energie!\u201c Mit dieser Einsch\u00e4tzung unter einem Videoausschnitt auf Facebook war die Autorin nicht lange allein. \u201eSuper\u201c mit riesigem Ausrufezeichen und \u201edas Konzert war der Hammer\u201c lauten weitere Kommentare. \u00c4hnlich enthusiastische \u00c4u\u00dferungen waren auch direkt nach dem Konzert in den G\u00e4ngen und Foyers des prunkvollen Hauses am Regensburger Bismarckplatz zu h\u00f6ren, quer durch alle Altersgruppen.<\/p>\n<p>Tats\u00e4chlich waren es wenige Minuten, in denen Moses auf der B\u00fchne nicht in Bewegung war. Da sa\u00df sie neben dem Fl\u00fcgel auf einem Barhocker und interpretierte mit rauhem Gef\u00fchl ruhige Balladen. Aber selbst da hielt es die quirlige Frau nur solange aus, wie sie selbst sang. Beim ersten Solo eines Bandmitglieds stand sie bereits wieder auf den Beinen und wippte oder tanzte im Takt einer coolen Improvisation. Und von denen gab es einige: Bassist Neil Charles aus London, gleicherma\u00dfen findig und vielseitig auf dem akustischen wie dem elektrischen Instrument, feuerte kr\u00e4ftig pulsierende Breitseiten ab, w\u00e4hrend der fantastische Trompeter Josiah Woodson mit atemberaubender Coolness komplexe Linien zauberte. Dabei gab der schlanke Musiker, der sich zudem auf der E-Gitarre als einf\u00fchlsamer und stimmungsvoller Sounderfinder erwies, mit einer ikonenhaften Miles-Davis-Pose auch ein eindrucksvolles Bild ab. Im zweiten Teil stellte sich der litauische Schlagzeuger Marijus Aleksa ebenfalls solistisch als virtuoser, dynamisch zur\u00fcckgenommener Tempospezialist vor, der mit Trommelwirbeln und Beckenkl\u00e4ngen viel zu erz\u00e4hlen hat. Wie der Londoner Joe Armon-Jones, ein eloquenter Pianist, der bis an die Grenze des Freejazz geht, ist Aleksa schon l\u00e4ngere Zeit bei Moses. Zusammen bilden sie das musikalische R\u00fcckgrat der Band und bieten der S\u00e4ngerin ein gleicherma\u00dfen stabiles, wie loderndes Fundament f\u00fcr ihren wandlungsf\u00e4higen Gesang.<\/p>\n<p>&nbsp;<\/p>\n<div class=\"tiled-gallery type-rectangular tiled-gallery-unresized\" data-original-width=\"840\" data-carousel-extra='{&quot;blog_id&quot;:1,&quot;permalink&quot;:&quot;https:\\\/\\\/www.jazzzeitung.de\\\/cms\\\/2018\\\/05\\\/15810\\\/&quot;,&quot;likes_blog_id&quot;:55446655}' itemscope itemtype=\"http:\/\/schema.org\/ImageGallery\" > <div class=\"gallery-row\" style=\"width: 840px; height: 391px;\" data-original-width=\"840\" data-original-height=\"391\" > <div class=\"gallery-group images-1\" style=\"width: 578px; height: 391px;\" data-original-width=\"578\" data-original-height=\"391\" > <div class=\"tiled-gallery-item tiled-gallery-item-large\" itemprop=\"associatedMedia\" itemscope itemtype=\"http:\/\/schema.org\/ImageObject\"> <a href=\"https:\/\/www.jazzzeitung.de\/cms\/2018\/05\/15810\/moses-band_75\/\" border=\"0\" itemprop=\"url\"> <meta itemprop=\"width\" content=\"574\"> <meta itemprop=\"height\" content=\"387\"> <img decoding=\"async\" class=\"\" data-attachment-id=\"15824\" data-orig-file=\"https:\/\/www.jazzzeitung.de\/cms\/wp-content\/uploads\/2018\/05\/Moses-Band_75.jpg\" data-orig-size=\"2362,1593\" data-comments-opened=\"1\" data-image-meta=\"{&quot;aperture&quot;:&quot;4.5&quot;,&quot;credit&quot;:&quot;MICHAEL Scheiner&quot;,&quot;camera&quot;:&quot;NIKON D7200&quot;,&quot;caption&quot;:&quot;&quot;,&quot;created_timestamp&quot;:&quot;1524858449&quot;,&quot;copyright&quot;:&quot;Michael Scheiner&quot;,&quot;focal_length&quot;:&quot;26&quot;,&quot;iso&quot;:&quot;3200&quot;,&quot;shutter_speed&quot;:&quot;0.016666666666667&quot;,&quot;title&quot;:&quot;&quot;,&quot;orientation&quot;:&quot;1&quot;}\" data-image-title=\"Moses-Band_75\" data-image-description=\"\" data-medium-file=\"https:\/\/i0.wp.com\/www.jazzzeitung.de\/cms\/wp-content\/uploads\/2018\/05\/Moses-Band_75.jpg?fit=300%2C202&#038;ssl=1\" data-large-file=\"https:\/\/i0.wp.com\/www.jazzzeitung.de\/cms\/wp-content\/uploads\/2018\/05\/Moses-Band_75.jpg?fit=840%2C566&#038;ssl=1\" src=\"https:\/\/i0.wp.com\/www.jazzzeitung.de\/cms\/wp-content\/uploads\/2018\/05\/Moses-Band_75.jpg?w=574&#038;h=387&#038;ssl=1\" srcset=\"https:\/\/i0.wp.com\/www.jazzzeitung.de\/cms\/wp-content\/uploads\/2018\/05\/Moses-Band_75.jpg?w=2362&amp;ssl=1 2362w, https:\/\/i0.wp.com\/www.jazzzeitung.de\/cms\/wp-content\/uploads\/2018\/05\/Moses-Band_75.jpg?resize=300%2C202&amp;ssl=1 300w, https:\/\/i0.wp.com\/www.jazzzeitung.de\/cms\/wp-content\/uploads\/2018\/05\/Moses-Band_75.jpg?resize=768%2C518&amp;ssl=1 768w, https:\/\/i0.wp.com\/www.jazzzeitung.de\/cms\/wp-content\/uploads\/2018\/05\/Moses-Band_75.jpg?resize=890%2C600&amp;ssl=1 890w, https:\/\/i0.wp.com\/www.jazzzeitung.de\/cms\/wp-content\/uploads\/2018\/05\/Moses-Band_75.jpg?resize=600%2C405&amp;ssl=1 600w, https:\/\/i0.wp.com\/www.jazzzeitung.de\/cms\/wp-content\/uploads\/2018\/05\/Moses-Band_75.jpg?resize=120%2C80&amp;ssl=1 120w, https:\/\/i0.wp.com\/www.jazzzeitung.de\/cms\/wp-content\/uploads\/2018\/05\/Moses-Band_75.jpg?w=1680&amp;ssl=1 1680w\" width=\"574\" height=\"387\" loading=\"lazy\" data-original-width=\"574\" data-original-height=\"387\" itemprop=\"http:\/\/schema.org\/image\" title=\"Moses-Band_75\" alt=\"Moses&#039; Band im Theater Regensburg. Foto: Scheiner\" style=\"width: 574px; height: 387px;\" \/> <\/a> <div class=\"tiled-gallery-caption\" itemprop=\"caption description\"> Moses&#8216; Band im Theater Regensburg. Foto: Scheiner <\/div> <\/div> <\/div> <!-- close group --> <div class=\"gallery-group images-1\" style=\"width: 262px; height: 391px;\" data-original-width=\"262\" data-original-height=\"391\" > <div class=\"tiled-gallery-item tiled-gallery-item-large\" itemprop=\"associatedMedia\" itemscope itemtype=\"http:\/\/schema.org\/ImageObject\"> <a href=\"https:\/\/www.jazzzeitung.de\/cms\/2018\/05\/15810\/charles-neil_54\/\" border=\"0\" itemprop=\"url\"> <meta itemprop=\"width\" content=\"258\"> <meta itemprop=\"height\" content=\"387\"> <img decoding=\"async\" class=\"\" data-attachment-id=\"15822\" data-orig-file=\"https:\/\/www.jazzzeitung.de\/cms\/wp-content\/uploads\/2018\/05\/Charles-Neil_54.jpg\" data-orig-size=\"1574,2362\" data-comments-opened=\"1\" data-image-meta=\"{&quot;aperture&quot;:&quot;6.3&quot;,&quot;credit&quot;:&quot;MICHAEL Scheiner&quot;,&quot;camera&quot;:&quot;NIKON D7200&quot;,&quot;caption&quot;:&quot;&quot;,&quot;created_timestamp&quot;:&quot;1524857551&quot;,&quot;copyright&quot;:&quot;Michael Scheiner&quot;,&quot;focal_length&quot;:&quot;155&quot;,&quot;iso&quot;:&quot;3200&quot;,&quot;shutter_speed&quot;:&quot;0.0125&quot;,&quot;title&quot;:&quot;&quot;,&quot;orientation&quot;:&quot;1&quot;}\" data-image-title=\"Charles-Neil_54\" data-image-description=\"\" data-medium-file=\"https:\/\/i0.wp.com\/www.jazzzeitung.de\/cms\/wp-content\/uploads\/2018\/05\/Charles-Neil_54.jpg?fit=200%2C300&#038;ssl=1\" data-large-file=\"https:\/\/i0.wp.com\/www.jazzzeitung.de\/cms\/wp-content\/uploads\/2018\/05\/Charles-Neil_54.jpg?fit=400%2C600&#038;ssl=1\" src=\"https:\/\/i0.wp.com\/www.jazzzeitung.de\/cms\/wp-content\/uploads\/2018\/05\/Charles-Neil_54.jpg?w=258&#038;h=387&#038;ssl=1\" srcset=\"https:\/\/i0.wp.com\/www.jazzzeitung.de\/cms\/wp-content\/uploads\/2018\/05\/Charles-Neil_54.jpg?w=1574&amp;ssl=1 1574w, https:\/\/i0.wp.com\/www.jazzzeitung.de\/cms\/wp-content\/uploads\/2018\/05\/Charles-Neil_54.jpg?resize=200%2C300&amp;ssl=1 200w, https:\/\/i0.wp.com\/www.jazzzeitung.de\/cms\/wp-content\/uploads\/2018\/05\/Charles-Neil_54.jpg?resize=768%2C1152&amp;ssl=1 768w, https:\/\/i0.wp.com\/www.jazzzeitung.de\/cms\/wp-content\/uploads\/2018\/05\/Charles-Neil_54.jpg?resize=400%2C600&amp;ssl=1 400w, https:\/\/i0.wp.com\/www.jazzzeitung.de\/cms\/wp-content\/uploads\/2018\/05\/Charles-Neil_54.jpg?resize=600%2C900&amp;ssl=1 600w\" width=\"258\" height=\"387\" loading=\"lazy\" data-original-width=\"258\" data-original-height=\"387\" itemprop=\"http:\/\/schema.org\/image\" title=\"Charles-Neil_54\" alt=\"Neil Charles. Foto: Scheiner\" style=\"width: 258px; height: 387px;\" \/> <\/a> <div class=\"tiled-gallery-caption\" itemprop=\"caption description\"> Neil Charles. Foto: Scheiner <\/div> <\/div> <\/div> <!-- close group --> <\/div> <!-- close row --> <div class=\"gallery-row\" style=\"width: 840px; height: 388px;\" data-original-width=\"840\" data-original-height=\"388\" > <div class=\"gallery-group images-1\" style=\"width: 580px; height: 388px;\" data-original-width=\"580\" data-original-height=\"388\" > <div class=\"tiled-gallery-item tiled-gallery-item-large\" itemprop=\"associatedMedia\" itemscope itemtype=\"http:\/\/schema.org\/ImageObject\"> <a href=\"https:\/\/www.jazzzeitung.de\/cms\/2018\/05\/15810\/moses-china_334\/\" border=\"0\" itemprop=\"url\"> <meta itemprop=\"width\" content=\"576\"> <meta itemprop=\"height\" content=\"384\"> <img decoding=\"async\" class=\"\" data-attachment-id=\"15820\" data-orig-file=\"https:\/\/www.jazzzeitung.de\/cms\/wp-content\/uploads\/2018\/05\/Moses-china_334.jpg\" data-orig-size=\"2362,1574\" data-comments-opened=\"1\" data-image-meta=\"{&quot;aperture&quot;:&quot;13&quot;,&quot;credit&quot;:&quot;MICHAEL Scheiner&quot;,&quot;camera&quot;:&quot;NIKON D7200&quot;,&quot;caption&quot;:&quot;&quot;,&quot;created_timestamp&quot;:&quot;1524862845&quot;,&quot;copyright&quot;:&quot;Michael Scheiner&quot;,&quot;focal_length&quot;:&quot;130&quot;,&quot;iso&quot;:&quot;3200&quot;,&quot;shutter_speed&quot;:&quot;0.01&quot;,&quot;title&quot;:&quot;&quot;,&quot;orientation&quot;:&quot;1&quot;}\" data-image-title=\"Moses-china_334\" data-image-description=\"\" data-medium-file=\"https:\/\/i0.wp.com\/www.jazzzeitung.de\/cms\/wp-content\/uploads\/2018\/05\/Moses-china_334.jpg?fit=300%2C200&#038;ssl=1\" data-large-file=\"https:\/\/i0.wp.com\/www.jazzzeitung.de\/cms\/wp-content\/uploads\/2018\/05\/Moses-china_334.jpg?fit=840%2C560&#038;ssl=1\" src=\"https:\/\/i0.wp.com\/www.jazzzeitung.de\/cms\/wp-content\/uploads\/2018\/05\/Moses-china_334.jpg?w=576&#038;h=384&#038;ssl=1\" srcset=\"https:\/\/i0.wp.com\/www.jazzzeitung.de\/cms\/wp-content\/uploads\/2018\/05\/Moses-china_334.jpg?w=2362&amp;ssl=1 2362w, https:\/\/i0.wp.com\/www.jazzzeitung.de\/cms\/wp-content\/uploads\/2018\/05\/Moses-china_334.jpg?resize=300%2C200&amp;ssl=1 300w, https:\/\/i0.wp.com\/www.jazzzeitung.de\/cms\/wp-content\/uploads\/2018\/05\/Moses-china_334.jpg?resize=768%2C512&amp;ssl=1 768w, https:\/\/i0.wp.com\/www.jazzzeitung.de\/cms\/wp-content\/uploads\/2018\/05\/Moses-china_334.jpg?resize=900%2C600&amp;ssl=1 900w, https:\/\/i0.wp.com\/www.jazzzeitung.de\/cms\/wp-content\/uploads\/2018\/05\/Moses-china_334.jpg?resize=600%2C400&amp;ssl=1 600w, https:\/\/i0.wp.com\/www.jazzzeitung.de\/cms\/wp-content\/uploads\/2018\/05\/Moses-china_334.jpg?resize=120%2C80&amp;ssl=1 120w, https:\/\/i0.wp.com\/www.jazzzeitung.de\/cms\/wp-content\/uploads\/2018\/05\/Moses-china_334.jpg?w=1680&amp;ssl=1 1680w\" width=\"576\" height=\"384\" loading=\"lazy\" data-original-width=\"576\" data-original-height=\"384\" itemprop=\"http:\/\/schema.org\/image\" title=\"Moses-china_334\" alt=\"China Moses. Foto: Scheiner\" style=\"width: 576px; height: 384px;\" \/> <\/a> <div class=\"tiled-gallery-caption\" itemprop=\"caption description\"> China Moses. Foto: Scheiner <\/div> <\/div> <\/div> <!-- close group --> <div class=\"gallery-group images-1\" style=\"width: 260px; height: 388px;\" data-original-width=\"260\" data-original-height=\"388\" > <div class=\"tiled-gallery-item tiled-gallery-item-large\" itemprop=\"associatedMedia\" itemscope itemtype=\"http:\/\/schema.org\/ImageObject\"> <a href=\"https:\/\/www.jazzzeitung.de\/cms\/2018\/05\/15810\/woodson-josiah_21\/\" border=\"0\" itemprop=\"url\"> <meta itemprop=\"width\" content=\"256\"> <meta itemprop=\"height\" content=\"384\"> <img decoding=\"async\" class=\"\" data-attachment-id=\"15827\" data-orig-file=\"https:\/\/www.jazzzeitung.de\/cms\/wp-content\/uploads\/2018\/05\/Woodson-Josiah_21.jpg\" data-orig-size=\"1574,2362\" data-comments-opened=\"1\" data-image-meta=\"{&quot;aperture&quot;:&quot;6.3&quot;,&quot;credit&quot;:&quot;MICHAEL Scheiner&quot;,&quot;camera&quot;:&quot;NIKON D7200&quot;,&quot;caption&quot;:&quot;&quot;,&quot;created_timestamp&quot;:&quot;1524856578&quot;,&quot;copyright&quot;:&quot;Michael Scheiner&quot;,&quot;focal_length&quot;:&quot;185&quot;,&quot;iso&quot;:&quot;3200&quot;,&quot;shutter_speed&quot;:&quot;0.016666666666667&quot;,&quot;title&quot;:&quot;&quot;,&quot;orientation&quot;:&quot;1&quot;}\" data-image-title=\"Woodson-Josiah_21\" data-image-description=\"\" data-medium-file=\"https:\/\/i0.wp.com\/www.jazzzeitung.de\/cms\/wp-content\/uploads\/2018\/05\/Woodson-Josiah_21.jpg?fit=200%2C300&#038;ssl=1\" data-large-file=\"https:\/\/i0.wp.com\/www.jazzzeitung.de\/cms\/wp-content\/uploads\/2018\/05\/Woodson-Josiah_21.jpg?fit=400%2C600&#038;ssl=1\" src=\"https:\/\/i0.wp.com\/www.jazzzeitung.de\/cms\/wp-content\/uploads\/2018\/05\/Woodson-Josiah_21.jpg?w=256&#038;h=384&#038;ssl=1\" srcset=\"https:\/\/i0.wp.com\/www.jazzzeitung.de\/cms\/wp-content\/uploads\/2018\/05\/Woodson-Josiah_21.jpg?w=1574&amp;ssl=1 1574w, https:\/\/i0.wp.com\/www.jazzzeitung.de\/cms\/wp-content\/uploads\/2018\/05\/Woodson-Josiah_21.jpg?resize=200%2C300&amp;ssl=1 200w, https:\/\/i0.wp.com\/www.jazzzeitung.de\/cms\/wp-content\/uploads\/2018\/05\/Woodson-Josiah_21.jpg?resize=768%2C1152&amp;ssl=1 768w, https:\/\/i0.wp.com\/www.jazzzeitung.de\/cms\/wp-content\/uploads\/2018\/05\/Woodson-Josiah_21.jpg?resize=400%2C600&amp;ssl=1 400w, https:\/\/i0.wp.com\/www.jazzzeitung.de\/cms\/wp-content\/uploads\/2018\/05\/Woodson-Josiah_21.jpg?resize=600%2C900&amp;ssl=1 600w\" width=\"256\" height=\"384\" loading=\"lazy\" data-original-width=\"256\" data-original-height=\"384\" itemprop=\"http:\/\/schema.org\/image\" title=\"Woodson-Josiah_21\" alt=\"Josiah Woodson. Foto: Scheiner\" style=\"width: 256px; height: 384px;\" \/> <\/a> <div class=\"tiled-gallery-caption\" itemprop=\"caption description\"> Josiah Woodson. Foto: Scheiner <\/div> <\/div> <\/div> <!-- close group --> <\/div> <!-- close row --> <div class=\"gallery-row\" style=\"width: 840px; height: 238px;\" data-original-width=\"840\" data-original-height=\"238\" > <div class=\"gallery-group images-1\" style=\"width: 161px; height: 238px;\" data-original-width=\"161\" data-original-height=\"238\" > <div class=\"tiled-gallery-item tiled-gallery-item-small\" itemprop=\"associatedMedia\" itemscope itemtype=\"http:\/\/schema.org\/ImageObject\"> <a href=\"https:\/\/www.jazzzeitung.de\/cms\/2018\/05\/15810\/moses-china_72\/\" border=\"0\" itemprop=\"url\"> <meta itemprop=\"width\" content=\"157\"> <meta itemprop=\"height\" content=\"234\"> <img decoding=\"async\" class=\"\" data-attachment-id=\"15817\" data-orig-file=\"https:\/\/www.jazzzeitung.de\/cms\/wp-content\/uploads\/2018\/05\/Moses-china_72.jpg\" data-orig-size=\"1587,2362\" data-comments-opened=\"1\" data-image-meta=\"{&quot;aperture&quot;:&quot;6&quot;,&quot;credit&quot;:&quot;MICHAEL Scheiner&quot;,&quot;camera&quot;:&quot;NIKON D7200&quot;,&quot;caption&quot;:&quot;&quot;,&quot;created_timestamp&quot;:&quot;1524858071&quot;,&quot;copyright&quot;:&quot;Michael Scheiner&quot;,&quot;focal_length&quot;:&quot;130&quot;,&quot;iso&quot;:&quot;3200&quot;,&quot;shutter_speed&quot;:&quot;0.016666666666667&quot;,&quot;title&quot;:&quot;&quot;,&quot;orientation&quot;:&quot;1&quot;}\" data-image-title=\"Moses-china_72\" data-image-description=\"\" data-medium-file=\"https:\/\/i0.wp.com\/www.jazzzeitung.de\/cms\/wp-content\/uploads\/2018\/05\/Moses-china_72.jpg?fit=202%2C300&#038;ssl=1\" data-large-file=\"https:\/\/i0.wp.com\/www.jazzzeitung.de\/cms\/wp-content\/uploads\/2018\/05\/Moses-china_72.jpg?fit=403%2C600&#038;ssl=1\" src=\"https:\/\/i0.wp.com\/www.jazzzeitung.de\/cms\/wp-content\/uploads\/2018\/05\/Moses-china_72.jpg?w=157&#038;h=234&#038;ssl=1\" srcset=\"https:\/\/i0.wp.com\/www.jazzzeitung.de\/cms\/wp-content\/uploads\/2018\/05\/Moses-china_72.jpg?w=1587&amp;ssl=1 1587w, https:\/\/i0.wp.com\/www.jazzzeitung.de\/cms\/wp-content\/uploads\/2018\/05\/Moses-china_72.jpg?resize=202%2C300&amp;ssl=1 202w, https:\/\/i0.wp.com\/www.jazzzeitung.de\/cms\/wp-content\/uploads\/2018\/05\/Moses-china_72.jpg?resize=768%2C1143&amp;ssl=1 768w, https:\/\/i0.wp.com\/www.jazzzeitung.de\/cms\/wp-content\/uploads\/2018\/05\/Moses-china_72.jpg?resize=403%2C600&amp;ssl=1 403w, https:\/\/i0.wp.com\/www.jazzzeitung.de\/cms\/wp-content\/uploads\/2018\/05\/Moses-china_72.jpg?resize=600%2C893&amp;ssl=1 600w\" width=\"157\" height=\"234\" loading=\"lazy\" data-original-width=\"157\" data-original-height=\"234\" itemprop=\"http:\/\/schema.org\/image\" title=\"Moses-china_72\" alt=\"Seltener Anblick: China Moses. Foto: Scheiner\" style=\"width: 157px; height: 234px;\" \/> <\/a> <div class=\"tiled-gallery-caption\" itemprop=\"caption description\"> Seltener Anblick: China Moses. Foto: Scheiner <\/div> <\/div> <\/div> <!-- close group --> <div class=\"gallery-group images-1\" style=\"width: 160px; height: 238px;\" data-original-width=\"160\" data-original-height=\"238\" > <div class=\"tiled-gallery-item tiled-gallery-item-small\" itemprop=\"associatedMedia\" itemscope itemtype=\"http:\/\/schema.org\/ImageObject\"> <a href=\"https:\/\/www.jazzzeitung.de\/cms\/2018\/05\/15810\/jones-joe-armon_15\/\" border=\"0\" itemprop=\"url\"> <meta itemprop=\"width\" content=\"156\"> <meta itemprop=\"height\" content=\"234\"> <img decoding=\"async\" class=\"\" data-attachment-id=\"15823\" data-orig-file=\"https:\/\/www.jazzzeitung.de\/cms\/wp-content\/uploads\/2018\/05\/Jones-Joe-Armon_15.jpg\" data-orig-size=\"1574,2362\" data-comments-opened=\"1\" data-image-meta=\"{&quot;aperture&quot;:&quot;6.3&quot;,&quot;credit&quot;:&quot;MICHAEL Scheiner&quot;,&quot;camera&quot;:&quot;NIKON D7200&quot;,&quot;caption&quot;:&quot;&quot;,&quot;created_timestamp&quot;:&quot;1524856529&quot;,&quot;copyright&quot;:&quot;Michael Scheiner&quot;,&quot;focal_length&quot;:&quot;210&quot;,&quot;iso&quot;:&quot;3200&quot;,&quot;shutter_speed&quot;:&quot;0.0125&quot;,&quot;title&quot;:&quot;&quot;,&quot;orientation&quot;:&quot;1&quot;}\" data-image-title=\"Jones-Joe-Armon_15\" data-image-description=\"\" data-medium-file=\"https:\/\/i0.wp.com\/www.jazzzeitung.de\/cms\/wp-content\/uploads\/2018\/05\/Jones-Joe-Armon_15.jpg?fit=200%2C300&#038;ssl=1\" data-large-file=\"https:\/\/i0.wp.com\/www.jazzzeitung.de\/cms\/wp-content\/uploads\/2018\/05\/Jones-Joe-Armon_15.jpg?fit=400%2C600&#038;ssl=1\" src=\"https:\/\/i0.wp.com\/www.jazzzeitung.de\/cms\/wp-content\/uploads\/2018\/05\/Jones-Joe-Armon_15.jpg?w=156&#038;h=234&#038;ssl=1\" srcset=\"https:\/\/i0.wp.com\/www.jazzzeitung.de\/cms\/wp-content\/uploads\/2018\/05\/Jones-Joe-Armon_15.jpg?w=1574&amp;ssl=1 1574w, https:\/\/i0.wp.com\/www.jazzzeitung.de\/cms\/wp-content\/uploads\/2018\/05\/Jones-Joe-Armon_15.jpg?resize=200%2C300&amp;ssl=1 200w, https:\/\/i0.wp.com\/www.jazzzeitung.de\/cms\/wp-content\/uploads\/2018\/05\/Jones-Joe-Armon_15.jpg?resize=768%2C1152&amp;ssl=1 768w, https:\/\/i0.wp.com\/www.jazzzeitung.de\/cms\/wp-content\/uploads\/2018\/05\/Jones-Joe-Armon_15.jpg?resize=400%2C600&amp;ssl=1 400w, https:\/\/i0.wp.com\/www.jazzzeitung.de\/cms\/wp-content\/uploads\/2018\/05\/Jones-Joe-Armon_15.jpg?resize=600%2C900&amp;ssl=1 600w\" width=\"156\" height=\"234\" loading=\"lazy\" data-original-width=\"156\" data-original-height=\"234\" itemprop=\"http:\/\/schema.org\/image\" title=\"Jones-Joe-Armon_15\" alt=\"Joe Armon-Jones. Foto: Scheiner\" style=\"width: 156px; height: 234px;\" \/> <\/a> <div class=\"tiled-gallery-caption\" itemprop=\"caption description\"> Joe Armon-Jones. Foto: Scheiner <\/div> <\/div> <\/div> <!-- close group --> <div class=\"gallery-group images-1\" style=\"width: 160px; height: 238px;\" data-original-width=\"160\" data-original-height=\"238\" > <div class=\"tiled-gallery-item tiled-gallery-item-small\" itemprop=\"associatedMedia\" itemscope itemtype=\"http:\/\/schema.org\/ImageObject\"> <a href=\"https:\/\/www.jazzzeitung.de\/cms\/2018\/05\/15810\/woodson-josiah_52\/\" border=\"0\" itemprop=\"url\"> <meta itemprop=\"width\" content=\"156\"> <meta itemprop=\"height\" content=\"234\"> <img decoding=\"async\" class=\"\" data-attachment-id=\"15818\" data-orig-file=\"https:\/\/www.jazzzeitung.de\/cms\/wp-content\/uploads\/2018\/05\/Woodson-Josiah_52.jpg\" data-orig-size=\"1572,2362\" data-comments-opened=\"1\" data-image-meta=\"{&quot;aperture&quot;:&quot;6.3&quot;,&quot;credit&quot;:&quot;MICHAEL Scheiner&quot;,&quot;camera&quot;:&quot;NIKON D7200&quot;,&quot;caption&quot;:&quot;&quot;,&quot;created_timestamp&quot;:&quot;1524857516&quot;,&quot;copyright&quot;:&quot;Michael Scheiner&quot;,&quot;focal_length&quot;:&quot;75&quot;,&quot;iso&quot;:&quot;3200&quot;,&quot;shutter_speed&quot;:&quot;0.0125&quot;,&quot;title&quot;:&quot;&quot;,&quot;orientation&quot;:&quot;1&quot;}\" data-image-title=\"Woodson-Josiah_52\" data-image-description=\"\" data-medium-file=\"https:\/\/i0.wp.com\/www.jazzzeitung.de\/cms\/wp-content\/uploads\/2018\/05\/Woodson-Josiah_52.jpg?fit=200%2C300&#038;ssl=1\" data-large-file=\"https:\/\/i0.wp.com\/www.jazzzeitung.de\/cms\/wp-content\/uploads\/2018\/05\/Woodson-Josiah_52.jpg?fit=399%2C600&#038;ssl=1\" src=\"https:\/\/i0.wp.com\/www.jazzzeitung.de\/cms\/wp-content\/uploads\/2018\/05\/Woodson-Josiah_52.jpg?w=156&#038;h=234&#038;ssl=1\" srcset=\"https:\/\/i0.wp.com\/www.jazzzeitung.de\/cms\/wp-content\/uploads\/2018\/05\/Woodson-Josiah_52.jpg?w=1572&amp;ssl=1 1572w, https:\/\/i0.wp.com\/www.jazzzeitung.de\/cms\/wp-content\/uploads\/2018\/05\/Woodson-Josiah_52.jpg?resize=200%2C300&amp;ssl=1 200w, https:\/\/i0.wp.com\/www.jazzzeitung.de\/cms\/wp-content\/uploads\/2018\/05\/Woodson-Josiah_52.jpg?resize=768%2C1154&amp;ssl=1 768w, https:\/\/i0.wp.com\/www.jazzzeitung.de\/cms\/wp-content\/uploads\/2018\/05\/Woodson-Josiah_52.jpg?resize=399%2C600&amp;ssl=1 399w, https:\/\/i0.wp.com\/www.jazzzeitung.de\/cms\/wp-content\/uploads\/2018\/05\/Woodson-Josiah_52.jpg?resize=600%2C902&amp;ssl=1 600w\" width=\"156\" height=\"234\" loading=\"lazy\" data-original-width=\"156\" data-original-height=\"234\" itemprop=\"http:\/\/schema.org\/image\" title=\"Woodson-Josiah_52\" alt=\"Josiah Woodson gibt den Blick auf Schlagzeuger Marijus Aleksa frei. Foto: Scheiner\" style=\"width: 156px; height: 234px;\" \/> <\/a> <div class=\"tiled-gallery-caption\" itemprop=\"caption description\"> Josiah Woodson gibt den Blick auf Schlagzeuger Marijus Aleksa frei. Foto: Scheiner <\/div> <\/div> <\/div> <!-- close group --> <div class=\"gallery-group images-1\" style=\"width: 359px; height: 238px;\" data-original-width=\"359\" data-original-height=\"238\" > <div class=\"tiled-gallery-item tiled-gallery-item-large\" itemprop=\"associatedMedia\" itemscope itemtype=\"http:\/\/schema.org\/ImageObject\"> <a href=\"https:\/\/www.jazzzeitung.de\/cms\/2018\/05\/15810\/moses-china_200\/\" border=\"0\" itemprop=\"url\"> <meta itemprop=\"width\" content=\"355\"> <meta itemprop=\"height\" content=\"234\"> <img decoding=\"async\" class=\"\" data-attachment-id=\"15825\" data-orig-file=\"https:\/\/www.jazzzeitung.de\/cms\/wp-content\/uploads\/2018\/05\/Moses-china_200.jpg\" data-orig-size=\"2362,1560\" data-comments-opened=\"1\" data-image-meta=\"{&quot;aperture&quot;:&quot;6.3&quot;,&quot;credit&quot;:&quot;MICHAEL Scheiner&quot;,&quot;camera&quot;:&quot;NIKON D7200&quot;,&quot;caption&quot;:&quot;&quot;,&quot;created_timestamp&quot;:&quot;1524856421&quot;,&quot;copyright&quot;:&quot;Michael Scheiner&quot;,&quot;focal_length&quot;:&quot;210&quot;,&quot;iso&quot;:&quot;3200&quot;,&quot;shutter_speed&quot;:&quot;0.0125&quot;,&quot;title&quot;:&quot;&quot;,&quot;orientation&quot;:&quot;1&quot;}\" data-image-title=\"Moses-china_200\" data-image-description=\"\" data-medium-file=\"https:\/\/i0.wp.com\/www.jazzzeitung.de\/cms\/wp-content\/uploads\/2018\/05\/Moses-china_200.jpg?fit=300%2C198&#038;ssl=1\" data-large-file=\"https:\/\/i0.wp.com\/www.jazzzeitung.de\/cms\/wp-content\/uploads\/2018\/05\/Moses-china_200.jpg?fit=840%2C554&#038;ssl=1\" src=\"https:\/\/i0.wp.com\/www.jazzzeitung.de\/cms\/wp-content\/uploads\/2018\/05\/Moses-china_200.jpg?w=355&#038;h=234&#038;ssl=1\" srcset=\"https:\/\/i0.wp.com\/www.jazzzeitung.de\/cms\/wp-content\/uploads\/2018\/05\/Moses-china_200.jpg?w=2362&amp;ssl=1 2362w, https:\/\/i0.wp.com\/www.jazzzeitung.de\/cms\/wp-content\/uploads\/2018\/05\/Moses-china_200.jpg?resize=300%2C198&amp;ssl=1 300w, https:\/\/i0.wp.com\/www.jazzzeitung.de\/cms\/wp-content\/uploads\/2018\/05\/Moses-china_200.jpg?resize=768%2C507&amp;ssl=1 768w, https:\/\/i0.wp.com\/www.jazzzeitung.de\/cms\/wp-content\/uploads\/2018\/05\/Moses-china_200.jpg?resize=900%2C594&amp;ssl=1 900w, https:\/\/i0.wp.com\/www.jazzzeitung.de\/cms\/wp-content\/uploads\/2018\/05\/Moses-china_200.jpg?resize=600%2C396&amp;ssl=1 600w, https:\/\/i0.wp.com\/www.jazzzeitung.de\/cms\/wp-content\/uploads\/2018\/05\/Moses-china_200.jpg?resize=120%2C80&amp;ssl=1 120w, https:\/\/i0.wp.com\/www.jazzzeitung.de\/cms\/wp-content\/uploads\/2018\/05\/Moses-china_200.jpg?w=1680&amp;ssl=1 1680w\" width=\"355\" height=\"234\" loading=\"lazy\" data-original-width=\"355\" data-original-height=\"234\" itemprop=\"http:\/\/schema.org\/image\" title=\"Moses-china_200\" alt=\"China Moses. Foto: Scheiner\" style=\"width: 355px; height: 234px;\" \/> <\/a> <div class=\"tiled-gallery-caption\" itemprop=\"caption description\"> China Moses. Foto: Scheiner <\/div> <\/div> <\/div> <!-- close group --> <\/div> <!-- close row --> <\/div>\n<p>Ausgestattet mit einer m\u00e4chtigen, ungemein ausdrucksstarken Stimme, k\u00f6nnte Moses sich stocksteif hinstellen und w\u00fcrde noch \u00fcberzeugen. Das aber w\u00fcrde ihrem Temperament und dem hochgesteckten Anspruch zu entertainen, ihr Publikum \u2013 gut \u2013 zu unterhalten, komplett zuwiderlaufen. Die in Paris lebende Amerikanerin ist ein wahres Energieb\u00fcndel und eine Entertainerin par excellence. Als vortreffliche Interpretin von Songs der gro\u00dfen Dinah Washington machte sie sich vor knapp einem Jahrzehnt schlagartig einen Namen. Mit ihrem letzten Album \u201eNightingales\u201c, dessen Songs im Mittelpunkt des Jazz-im-Theater-Konzertes standen, verschob sie ihren k\u00fcnstlerischen Fokus. Weg vom reinen Jazz geht sie seither mit eigenen Songs in Richtung Soulpop, einem harschen Rhythm&#8217;n&#8217;Blues und funky Jazzsoul, der selbst im gesitteten Musentempel Leute auf die F\u00fcsse brachte. So schoben in den R\u00e4ngen einige Zuh\u00f6rer die l\u00e4stigen St\u00fchle beiseite und tanzten zu \u201eDisconnected\u201c und \u201eWatch Out\u201c. Wurden schon bei Moses\u00b4 ironisch inszeniertem Song \u201eHangover\u201c \u00fcber einen Barbesuch mit zuviel Drinks Erinnerungen an Janis Joplin mit ihrer unglaublichen Intensit\u00e4t wach, kn\u00fcpfte China Moses mit der Zugabe direkt an die verehrte Rockikone an. Das ungeduldige \u201eMove over\u201c \u00fcber einen inkonsequenten Ex-Liebhaber ist ein fr\u00fches feministisches Statement. Damit passt es entschieden zu Moses als starker Frau, die trinkt, raucht und gern in Bars Zeit verbringt, wor\u00fcber sie mit hinrei\u00dfender Intensit\u00e4t und erotischer Leidenschaft singt und in langen Moderationen erz\u00e4hlt.<\/p>\n<p>Von Michael Scheiner<\/p>\n<p><em>Infos: China Moses erlebte mit ihrem Tribute-Album \u201eThis One\u00b4s For Dinah\u201c, das sie mit dem franz\u00f6sischen Pianisten Raphael Lemonnier produzierte ihren Durchbruch. Sie ist Tochter der Jazzs\u00e4ngerin Dee Dee Bridgewater und dem fr\u00fch verstorbenen Regisseur Gilbert Moses und ver\u00f6ffentlichte mit 18 Jahren ihre erste Single \u201eTime\u201c. Moses arbeitet zudem als Fernsehmoderatorin in Frankreich, wo sie mit ihrer Familie lebt. <\/em><\/p>\n","protected":false},"excerpt":{"rendered":"<p>Von der B\u00fchne in die Bar \u2013 Die in Paris lebende S\u00e4ngerin China Moses brachte das Publikum im Theater Regensburg mit Souljazz, Funk und erotischen Balladen zum tanzen. Wer sich sch\u00fctteln muss, wenn er etwas von \u201ePowerfrau\u201c oder noch schlimmer \u201ePowerfrauen\u201c h\u00f6rt, war bei China Moses goldrichtig. Der Auftritt der S\u00e4ngerin mit ihrer Band im Theater Regensburg war die \u201epure Energie!\u201c Mit dieser Einsch\u00e4tzung unter einem Videoausschnitt auf Facebook war die Autorin nicht lange allein. \u201eSuper\u201c mit riesigem Ausrufezeichen und \u201edas Konzert war der Hammer\u201c lauten weitere Kommentare. \u00c4hnlich enthusiastische \u00c4u\u00dferungen waren auch direkt nach dem Konzert in den G\u00e4ngen und Foyers des prunkvollen Hauses am Regensburger Bismarckplatz zu h\u00f6ren, quer durch alle Altersgruppen. Tats\u00e4chlich waren es wenige Minuten, in denen Moses auf der B\u00fchne nicht in Bewegung war. Da sa\u00df sie neben dem Fl\u00fcgel auf einem Barhocker und interpretierte mit rauhem Gef\u00fchl ruhige Balladen. Aber selbst da hielt es die quirlige Frau nur solange aus, wie sie selbst sang. Beim ersten Solo eines Bandmitglieds stand sie bereits wieder auf den Beinen und wippte oder tanzte im Takt einer coolen Improvisation. Und von denen gab &hellip;<\/p>\n","protected":false},"author":37,"featured_media":15813,"comment_status":"open","ping_status":"closed","sticky":false,"template":"","format":"standard","meta":{"_jetpack_memberships_contains_paid_content":false,"footnotes":"","jetpack_publicize_message":"","jetpack_publicize_feature_enabled":true,"jetpack_social_post_already_shared":false,"jetpack_social_options":{"image_generator_settings":{"template":"highway","default_image_id":0,"font":"","enabled":false},"version":2}},"categories":[1053],"tags":[83,1467,922,1598,1422,1007,322,387,1797],"coauthors":[1765],"class_list":["post-15810","post","type-post","status-publish","format-standard","has-post-thumbnail","hentry","category-bericht","tag-blues","tag-china-moses","tag-dee-dee-bridgewater","tag-freejazz","tag-gesang","tag-improvisation","tag-konzert-2","tag-michael-scheiner","tag-regensburg"],"yoast_head":"<!-- This site is optimized with the Yoast SEO plugin v27.5 - https:\/\/yoast.com\/product\/yoast-seo-wordpress\/ -->\n<title>Energieb\u00fcndel China Moses \u00fcberzeugt mit funky Jazzsoul im Stadttheater Regensburg - JazzZeitung<\/title>\n<meta name=\"robots\" content=\"index, follow, max-snippet:-1, max-image-preview:large, max-video-preview:-1\" \/>\n<link rel=\"canonical\" href=\"https:\/\/www.jazzzeitung.de\/cms\/2018\/05\/15810\/\" \/>\n<meta property=\"og:locale\" content=\"de_DE\" \/>\n<meta property=\"og:type\" content=\"article\" \/>\n<meta property=\"og:title\" content=\"Energieb\u00fcndel China Moses \u00fcberzeugt mit funky Jazzsoul im Stadttheater Regensburg - JazzZeitung\" \/>\n<meta property=\"og:description\" content=\"Von der B\u00fchne in die Bar \u2013 Die in Paris lebende S\u00e4ngerin China Moses brachte das Publikum im Theater Regensburg mit Souljazz, Funk und erotischen Balladen zum tanzen. Wer sich sch\u00fctteln muss, wenn er etwas von \u201ePowerfrau\u201c oder noch schlimmer \u201ePowerfrauen\u201c h\u00f6rt, war bei China Moses goldrichtig. Der Auftritt der S\u00e4ngerin mit ihrer Band im Theater Regensburg war die \u201epure Energie!\u201c Mit dieser Einsch\u00e4tzung unter einem Videoausschnitt auf Facebook war die Autorin nicht lange allein. \u201eSuper\u201c mit riesigem Ausrufezeichen und \u201edas Konzert war der Hammer\u201c lauten weitere Kommentare. \u00c4hnlich enthusiastische \u00c4u\u00dferungen waren auch direkt nach dem Konzert in den G\u00e4ngen und Foyers des prunkvollen Hauses am Regensburger Bismarckplatz zu h\u00f6ren, quer durch alle Altersgruppen. Tats\u00e4chlich waren es wenige Minuten, in denen Moses auf der B\u00fchne nicht in Bewegung war. Da sa\u00df sie neben dem Fl\u00fcgel auf einem Barhocker und interpretierte mit rauhem Gef\u00fchl ruhige Balladen. Aber selbst da hielt es die quirlige Frau nur solange aus, wie sie selbst sang. Beim ersten Solo eines Bandmitglieds stand sie bereits wieder auf den Beinen und wippte oder tanzte im Takt einer coolen Improvisation. Und von denen gab &hellip;\" \/>\n<meta property=\"og:url\" content=\"https:\/\/www.jazzzeitung.de\/cms\/2018\/05\/15810\/\" \/>\n<meta property=\"og:site_name\" content=\"JazzZeitung\" \/>\n<meta property=\"article:publisher\" content=\"https:\/\/www.facebook.com\/JazzZeitung\/\" \/>\n<meta property=\"article:published_time\" content=\"2018-05-03T09:13:52+00:00\" \/>\n<meta property=\"article:modified_time\" content=\"2018-05-06T10:12:59+00:00\" \/>\n<meta property=\"og:image\" content=\"https:\/\/www.jazzzeitung.de\/cms\/wp-content\/uploads\/2018\/05\/Moses-china_94-895x600.jpg\" \/>\n\t<meta property=\"og:image:width\" content=\"895\" \/>\n\t<meta property=\"og:image:height\" content=\"600\" \/>\n\t<meta property=\"og:image:type\" content=\"image\/jpeg\" \/>\n<meta name=\"author\" content=\"Michael Scheiner\" \/>\n<script type=\"application\/ld+json\" class=\"yoast-schema-graph\">{\"@context\":\"https:\\\/\\\/schema.org\",\"@graph\":[{\"@type\":\"Article\",\"@id\":\"https:\\\/\\\/www.jazzzeitung.de\\\/cms\\\/2018\\\/05\\\/15810\\\/#article\",\"isPartOf\":{\"@id\":\"https:\\\/\\\/www.jazzzeitung.de\\\/cms\\\/2018\\\/05\\\/15810\\\/\"},\"author\":{\"name\":\"Michael Scheiner\",\"@id\":\"https:\\\/\\\/www.jazzzeitung.de\\\/cms\\\/#\\\/schema\\\/person\\\/a0bebd4d1728041629a3cbd7790f87fb\"},\"headline\":\"Energieb\u00fcndel China Moses \u00fcberzeugt mit funky Jazzsoul im Stadttheater Regensburg\",\"datePublished\":\"2018-05-03T09:13:52+00:00\",\"dateModified\":\"2018-05-06T10:12:59+00:00\",\"mainEntityOfPage\":{\"@id\":\"https:\\\/\\\/www.jazzzeitung.de\\\/cms\\\/2018\\\/05\\\/15810\\\/\"},\"wordCount\":657,\"commentCount\":0,\"publisher\":{\"@id\":\"https:\\\/\\\/www.jazzzeitung.de\\\/cms\\\/#organization\"},\"image\":{\"@id\":\"https:\\\/\\\/www.jazzzeitung.de\\\/cms\\\/2018\\\/05\\\/15810\\\/#primaryimage\"},\"thumbnailUrl\":\"https:\\\/\\\/i0.wp.com\\\/www.jazzzeitung.de\\\/cms\\\/wp-content\\\/uploads\\\/2018\\\/05\\\/Moses-china_94.jpg?fit=2348%2C1574&ssl=1\",\"keywords\":[\"Blues\",\"China Moses\",\"Dee Dee Bridgewater\",\"Freejazz\",\"Gesang\",\"Improvisation\",\"Konzert\",\"Michael Scheiner\",\"Regensburg\"],\"articleSection\":[\"Bericht\"],\"inLanguage\":\"de\",\"potentialAction\":[{\"@type\":\"CommentAction\",\"name\":\"Comment\",\"target\":[\"https:\\\/\\\/www.jazzzeitung.de\\\/cms\\\/2018\\\/05\\\/15810\\\/#respond\"]}]},{\"@type\":\"WebPage\",\"@id\":\"https:\\\/\\\/www.jazzzeitung.de\\\/cms\\\/2018\\\/05\\\/15810\\\/\",\"url\":\"https:\\\/\\\/www.jazzzeitung.de\\\/cms\\\/2018\\\/05\\\/15810\\\/\",\"name\":\"Energieb\u00fcndel China Moses \u00fcberzeugt mit funky Jazzsoul im Stadttheater Regensburg - JazzZeitung\",\"isPartOf\":{\"@id\":\"https:\\\/\\\/www.jazzzeitung.de\\\/cms\\\/#website\"},\"primaryImageOfPage\":{\"@id\":\"https:\\\/\\\/www.jazzzeitung.de\\\/cms\\\/2018\\\/05\\\/15810\\\/#primaryimage\"},\"image\":{\"@id\":\"https:\\\/\\\/www.jazzzeitung.de\\\/cms\\\/2018\\\/05\\\/15810\\\/#primaryimage\"},\"thumbnailUrl\":\"https:\\\/\\\/i0.wp.com\\\/www.jazzzeitung.de\\\/cms\\\/wp-content\\\/uploads\\\/2018\\\/05\\\/Moses-china_94.jpg?fit=2348%2C1574&ssl=1\",\"datePublished\":\"2018-05-03T09:13:52+00:00\",\"dateModified\":\"2018-05-06T10:12:59+00:00\",\"breadcrumb\":{\"@id\":\"https:\\\/\\\/www.jazzzeitung.de\\\/cms\\\/2018\\\/05\\\/15810\\\/#breadcrumb\"},\"inLanguage\":\"de\",\"potentialAction\":[{\"@type\":\"ReadAction\",\"target\":[\"https:\\\/\\\/www.jazzzeitung.de\\\/cms\\\/2018\\\/05\\\/15810\\\/\"]}]},{\"@type\":\"ImageObject\",\"inLanguage\":\"de\",\"@id\":\"https:\\\/\\\/www.jazzzeitung.de\\\/cms\\\/2018\\\/05\\\/15810\\\/#primaryimage\",\"url\":\"https:\\\/\\\/i0.wp.com\\\/www.jazzzeitung.de\\\/cms\\\/wp-content\\\/uploads\\\/2018\\\/05\\\/Moses-china_94.jpg?fit=2348%2C1574&ssl=1\",\"contentUrl\":\"https:\\\/\\\/i0.wp.com\\\/www.jazzzeitung.de\\\/cms\\\/wp-content\\\/uploads\\\/2018\\\/05\\\/Moses-china_94.jpg?fit=2348%2C1574&ssl=1\",\"width\":2348,\"height\":1574,\"caption\":\"China Moses\"},{\"@type\":\"BreadcrumbList\",\"@id\":\"https:\\\/\\\/www.jazzzeitung.de\\\/cms\\\/2018\\\/05\\\/15810\\\/#breadcrumb\",\"itemListElement\":[{\"@type\":\"ListItem\",\"position\":1,\"name\":\"Startseite\",\"item\":\"https:\\\/\\\/www.jazzzeitung.de\\\/cms\\\/\"},{\"@type\":\"ListItem\",\"position\":2,\"name\":\"Energieb\u00fcndel China Moses \u00fcberzeugt mit funky Jazzsoul im Stadttheater Regensburg\"}]},{\"@type\":\"WebSite\",\"@id\":\"https:\\\/\\\/www.jazzzeitung.de\\\/cms\\\/#website\",\"url\":\"https:\\\/\\\/www.jazzzeitung.de\\\/cms\\\/\",\"name\":\"JazzZeitung\",\"description\":\"Jazz-News und Jazz-Kontroverses\",\"publisher\":{\"@id\":\"https:\\\/\\\/www.jazzzeitung.de\\\/cms\\\/#organization\"},\"potentialAction\":[{\"@type\":\"SearchAction\",\"target\":{\"@type\":\"EntryPoint\",\"urlTemplate\":\"https:\\\/\\\/www.jazzzeitung.de\\\/cms\\\/?s={search_term_string}\"},\"query-input\":{\"@type\":\"PropertyValueSpecification\",\"valueRequired\":true,\"valueName\":\"search_term_string\"}}],\"inLanguage\":\"de\"},{\"@type\":\"Organization\",\"@id\":\"https:\\\/\\\/www.jazzzeitung.de\\\/cms\\\/#organization\",\"name\":\"JazzZeitung online\",\"url\":\"https:\\\/\\\/www.jazzzeitung.de\\\/cms\\\/\",\"logo\":{\"@type\":\"ImageObject\",\"inLanguage\":\"de\",\"@id\":\"https:\\\/\\\/www.jazzzeitung.de\\\/cms\\\/#\\\/schema\\\/logo\\\/image\\\/\",\"url\":\"https:\\\/\\\/i0.wp.com\\\/www.jazzzeitung.de\\\/cms\\\/wp-content\\\/uploads\\\/2015\\\/08\\\/JAZZZEITUNGDE_Logo_Neu.png?fit=499%2C200&ssl=1\",\"contentUrl\":\"https:\\\/\\\/i0.wp.com\\\/www.jazzzeitung.de\\\/cms\\\/wp-content\\\/uploads\\\/2015\\\/08\\\/JAZZZEITUNGDE_Logo_Neu.png?fit=499%2C200&ssl=1\",\"width\":499,\"height\":200,\"caption\":\"JazzZeitung online\"},\"image\":{\"@id\":\"https:\\\/\\\/www.jazzzeitung.de\\\/cms\\\/#\\\/schema\\\/logo\\\/image\\\/\"},\"sameAs\":[\"https:\\\/\\\/www.facebook.com\\\/JazzZeitung\\\/\"]},{\"@type\":\"Person\",\"@id\":\"https:\\\/\\\/www.jazzzeitung.de\\\/cms\\\/#\\\/schema\\\/person\\\/a0bebd4d1728041629a3cbd7790f87fb\",\"name\":\"Michael Scheiner\",\"image\":{\"@type\":\"ImageObject\",\"inLanguage\":\"de\",\"@id\":\"https:\\\/\\\/secure.gravatar.com\\\/avatar\\\/c2d6ac12f682c419867cf3f803880bb41d5b23007d3670820aa9a6e7b5f6ec8d?s=96&d=wp_user_avatar&r=gdabb1b10453880983dfc53da7552ec76\",\"url\":\"https:\\\/\\\/secure.gravatar.com\\\/avatar\\\/c2d6ac12f682c419867cf3f803880bb41d5b23007d3670820aa9a6e7b5f6ec8d?s=96&d=wp_user_avatar&r=g\",\"contentUrl\":\"https:\\\/\\\/secure.gravatar.com\\\/avatar\\\/c2d6ac12f682c419867cf3f803880bb41d5b23007d3670820aa9a6e7b5f6ec8d?s=96&d=wp_user_avatar&r=g\",\"caption\":\"Michael Scheiner\"},\"sameAs\":[\"http:\\\/\\\/www.michaelscheiner.de\"],\"url\":\"https:\\\/\\\/www.jazzzeitung.de\\\/cms\\\/author\\\/mscheiner\\\/\"}]}<\/script>\n<!-- \/ Yoast SEO plugin. -->","yoast_head_json":{"title":"Energieb\u00fcndel China Moses \u00fcberzeugt mit funky Jazzsoul im Stadttheater Regensburg - JazzZeitung","robots":{"index":"index","follow":"follow","max-snippet":"max-snippet:-1","max-image-preview":"max-image-preview:large","max-video-preview":"max-video-preview:-1"},"canonical":"https:\/\/www.jazzzeitung.de\/cms\/2018\/05\/15810\/","og_locale":"de_DE","og_type":"article","og_title":"Energieb\u00fcndel China Moses \u00fcberzeugt mit funky Jazzsoul im Stadttheater Regensburg - JazzZeitung","og_description":"Von der B\u00fchne in die Bar \u2013 Die in Paris lebende S\u00e4ngerin China Moses brachte das Publikum im Theater Regensburg mit Souljazz, Funk und erotischen Balladen zum tanzen. Wer sich sch\u00fctteln muss, wenn er etwas von \u201ePowerfrau\u201c oder noch schlimmer \u201ePowerfrauen\u201c h\u00f6rt, war bei China Moses goldrichtig. Der Auftritt der S\u00e4ngerin mit ihrer Band im Theater Regensburg war die \u201epure Energie!\u201c Mit dieser Einsch\u00e4tzung unter einem Videoausschnitt auf Facebook war die Autorin nicht lange allein. \u201eSuper\u201c mit riesigem Ausrufezeichen und \u201edas Konzert war der Hammer\u201c lauten weitere Kommentare. \u00c4hnlich enthusiastische \u00c4u\u00dferungen waren auch direkt nach dem Konzert in den G\u00e4ngen und Foyers des prunkvollen Hauses am Regensburger Bismarckplatz zu h\u00f6ren, quer durch alle Altersgruppen. Tats\u00e4chlich waren es wenige Minuten, in denen Moses auf der B\u00fchne nicht in Bewegung war. Da sa\u00df sie neben dem Fl\u00fcgel auf einem Barhocker und interpretierte mit rauhem Gef\u00fchl ruhige Balladen. Aber selbst da hielt es die quirlige Frau nur solange aus, wie sie selbst sang. Beim ersten Solo eines Bandmitglieds stand sie bereits wieder auf den Beinen und wippte oder tanzte im Takt einer coolen Improvisation. Und von denen gab &hellip;","og_url":"https:\/\/www.jazzzeitung.de\/cms\/2018\/05\/15810\/","og_site_name":"JazzZeitung","article_publisher":"https:\/\/www.facebook.com\/JazzZeitung\/","article_published_time":"2018-05-03T09:13:52+00:00","article_modified_time":"2018-05-06T10:12:59+00:00","og_image":[{"width":895,"height":600,"url":"https:\/\/www.jazzzeitung.de\/cms\/wp-content\/uploads\/2018\/05\/Moses-china_94-895x600.jpg","type":"image\/jpeg"}],"author":"Michael Scheiner","schema":{"@context":"https:\/\/schema.org","@graph":[{"@type":"Article","@id":"https:\/\/www.jazzzeitung.de\/cms\/2018\/05\/15810\/#article","isPartOf":{"@id":"https:\/\/www.jazzzeitung.de\/cms\/2018\/05\/15810\/"},"author":{"name":"Michael Scheiner","@id":"https:\/\/www.jazzzeitung.de\/cms\/#\/schema\/person\/a0bebd4d1728041629a3cbd7790f87fb"},"headline":"Energieb\u00fcndel China Moses \u00fcberzeugt mit funky Jazzsoul im Stadttheater Regensburg","datePublished":"2018-05-03T09:13:52+00:00","dateModified":"2018-05-06T10:12:59+00:00","mainEntityOfPage":{"@id":"https:\/\/www.jazzzeitung.de\/cms\/2018\/05\/15810\/"},"wordCount":657,"commentCount":0,"publisher":{"@id":"https:\/\/www.jazzzeitung.de\/cms\/#organization"},"image":{"@id":"https:\/\/www.jazzzeitung.de\/cms\/2018\/05\/15810\/#primaryimage"},"thumbnailUrl":"https:\/\/i0.wp.com\/www.jazzzeitung.de\/cms\/wp-content\/uploads\/2018\/05\/Moses-china_94.jpg?fit=2348%2C1574&ssl=1","keywords":["Blues","China Moses","Dee Dee Bridgewater","Freejazz","Gesang","Improvisation","Konzert","Michael Scheiner","Regensburg"],"articleSection":["Bericht"],"inLanguage":"de","potentialAction":[{"@type":"CommentAction","name":"Comment","target":["https:\/\/www.jazzzeitung.de\/cms\/2018\/05\/15810\/#respond"]}]},{"@type":"WebPage","@id":"https:\/\/www.jazzzeitung.de\/cms\/2018\/05\/15810\/","url":"https:\/\/www.jazzzeitung.de\/cms\/2018\/05\/15810\/","name":"Energieb\u00fcndel China Moses \u00fcberzeugt mit funky Jazzsoul im Stadttheater Regensburg - JazzZeitung","isPartOf":{"@id":"https:\/\/www.jazzzeitung.de\/cms\/#website"},"primaryImageOfPage":{"@id":"https:\/\/www.jazzzeitung.de\/cms\/2018\/05\/15810\/#primaryimage"},"image":{"@id":"https:\/\/www.jazzzeitung.de\/cms\/2018\/05\/15810\/#primaryimage"},"thumbnailUrl":"https:\/\/i0.wp.com\/www.jazzzeitung.de\/cms\/wp-content\/uploads\/2018\/05\/Moses-china_94.jpg?fit=2348%2C1574&ssl=1","datePublished":"2018-05-03T09:13:52+00:00","dateModified":"2018-05-06T10:12:59+00:00","breadcrumb":{"@id":"https:\/\/www.jazzzeitung.de\/cms\/2018\/05\/15810\/#breadcrumb"},"inLanguage":"de","potentialAction":[{"@type":"ReadAction","target":["https:\/\/www.jazzzeitung.de\/cms\/2018\/05\/15810\/"]}]},{"@type":"ImageObject","inLanguage":"de","@id":"https:\/\/www.jazzzeitung.de\/cms\/2018\/05\/15810\/#primaryimage","url":"https:\/\/i0.wp.com\/www.jazzzeitung.de\/cms\/wp-content\/uploads\/2018\/05\/Moses-china_94.jpg?fit=2348%2C1574&ssl=1","contentUrl":"https:\/\/i0.wp.com\/www.jazzzeitung.de\/cms\/wp-content\/uploads\/2018\/05\/Moses-china_94.jpg?fit=2348%2C1574&ssl=1","width":2348,"height":1574,"caption":"China Moses"},{"@type":"BreadcrumbList","@id":"https:\/\/www.jazzzeitung.de\/cms\/2018\/05\/15810\/#breadcrumb","itemListElement":[{"@type":"ListItem","position":1,"name":"Startseite","item":"https:\/\/www.jazzzeitung.de\/cms\/"},{"@type":"ListItem","position":2,"name":"Energieb\u00fcndel China Moses \u00fcberzeugt mit funky Jazzsoul im Stadttheater Regensburg"}]},{"@type":"WebSite","@id":"https:\/\/www.jazzzeitung.de\/cms\/#website","url":"https:\/\/www.jazzzeitung.de\/cms\/","name":"JazzZeitung","description":"Jazz-News und Jazz-Kontroverses","publisher":{"@id":"https:\/\/www.jazzzeitung.de\/cms\/#organization"},"potentialAction":[{"@type":"SearchAction","target":{"@type":"EntryPoint","urlTemplate":"https:\/\/www.jazzzeitung.de\/cms\/?s={search_term_string}"},"query-input":{"@type":"PropertyValueSpecification","valueRequired":true,"valueName":"search_term_string"}}],"inLanguage":"de"},{"@type":"Organization","@id":"https:\/\/www.jazzzeitung.de\/cms\/#organization","name":"JazzZeitung online","url":"https:\/\/www.jazzzeitung.de\/cms\/","logo":{"@type":"ImageObject","inLanguage":"de","@id":"https:\/\/www.jazzzeitung.de\/cms\/#\/schema\/logo\/image\/","url":"https:\/\/i0.wp.com\/www.jazzzeitung.de\/cms\/wp-content\/uploads\/2015\/08\/JAZZZEITUNGDE_Logo_Neu.png?fit=499%2C200&ssl=1","contentUrl":"https:\/\/i0.wp.com\/www.jazzzeitung.de\/cms\/wp-content\/uploads\/2015\/08\/JAZZZEITUNGDE_Logo_Neu.png?fit=499%2C200&ssl=1","width":499,"height":200,"caption":"JazzZeitung online"},"image":{"@id":"https:\/\/www.jazzzeitung.de\/cms\/#\/schema\/logo\/image\/"},"sameAs":["https:\/\/www.facebook.com\/JazzZeitung\/"]},{"@type":"Person","@id":"https:\/\/www.jazzzeitung.de\/cms\/#\/schema\/person\/a0bebd4d1728041629a3cbd7790f87fb","name":"Michael Scheiner","image":{"@type":"ImageObject","inLanguage":"de","@id":"https:\/\/secure.gravatar.com\/avatar\/c2d6ac12f682c419867cf3f803880bb41d5b23007d3670820aa9a6e7b5f6ec8d?s=96&d=wp_user_avatar&r=gdabb1b10453880983dfc53da7552ec76","url":"https:\/\/secure.gravatar.com\/avatar\/c2d6ac12f682c419867cf3f803880bb41d5b23007d3670820aa9a6e7b5f6ec8d?s=96&d=wp_user_avatar&r=g","contentUrl":"https:\/\/secure.gravatar.com\/avatar\/c2d6ac12f682c419867cf3f803880bb41d5b23007d3670820aa9a6e7b5f6ec8d?s=96&d=wp_user_avatar&r=g","caption":"Michael Scheiner"},"sameAs":["http:\/\/www.michaelscheiner.de"],"url":"https:\/\/www.jazzzeitung.de\/cms\/author\/mscheiner\/"}]}},"wp-worthy-pixel":{"ignored":false,"public":null,"server":null,"url":null},"wp-worthy-type":"normal","jetpack_publicize_connections":[],"cc_featured_image_caption":{"caption_text":"","source_text":"","source_url":""},"jetpack_featured_media_url":"https:\/\/i0.wp.com\/www.jazzzeitung.de\/cms\/wp-content\/uploads\/2018\/05\/Moses-china_94.jpg?fit=2348%2C1574&ssl=1","jetpack_shortlink":"https:\/\/wp.me\/s3KEcT-15810","jetpack-related-posts":[{"id":29366,"url":"https:\/\/www.jazzzeitung.de\/cms\/2023\/04\/poetische-jazzsongs-mit-humor-und-tiefe\/","url_meta":{"origin":15810,"position":0},"title":"Poetische Jazzsongs mit Humor und Tiefe","author":"Michael Scheiner","date":"25. April 2023","format":false,"excerpt":"Konzert. Um ein Haar w\u00e4re der gro\u00dfartige Auftritt von S\u00e4ngerin Efrat Alony Covid zum Opfer gefallen. \u00a0 Regensburg. Nach au\u00dfen schrill, nach innen poetisch, tr\u00e4umerisch und oft alles andere als geradlinig. Efrat Alonys Songs besch\u00e4ftigen sich auf vielf\u00e4ltige Weise mit Eindr\u00fccken und ihrer Sicht auf die Welt um sie herum\u2026","rel":"","context":"In &quot;Bericht&quot;","block_context":{"text":"Bericht","link":"https:\/\/www.jazzzeitung.de\/cms\/thema\/bericht\/"},"img":{"alt_text":"","src":"https:\/\/i0.wp.com\/www.jazzzeitung.de\/cms\/wp-content\/uploads\/2023\/04\/alony-band_12.jpg?fit=1200%2C769&ssl=1&resize=350%2C200","width":350,"height":200,"srcset":"https:\/\/i0.wp.com\/www.jazzzeitung.de\/cms\/wp-content\/uploads\/2023\/04\/alony-band_12.jpg?fit=1200%2C769&ssl=1&resize=350%2C200 1x, https:\/\/i0.wp.com\/www.jazzzeitung.de\/cms\/wp-content\/uploads\/2023\/04\/alony-band_12.jpg?fit=1200%2C769&ssl=1&resize=525%2C300 1.5x, https:\/\/i0.wp.com\/www.jazzzeitung.de\/cms\/wp-content\/uploads\/2023\/04\/alony-band_12.jpg?fit=1200%2C769&ssl=1&resize=700%2C400 2x, https:\/\/i0.wp.com\/www.jazzzeitung.de\/cms\/wp-content\/uploads\/2023\/04\/alony-band_12.jpg?fit=1200%2C769&ssl=1&resize=1050%2C600 3x"},"classes":[]},{"id":14054,"url":"https:\/\/www.jazzzeitung.de\/cms\/2017\/11\/lyambiko-im-jazzclub-regensburg-relaxte-swingsongs-ueber-die-liebe\/","url_meta":{"origin":15810,"position":1},"title":"Lyambiko im Jazzclub Regensburg: Relaxte Swingsongs \u00fcber die Liebe","author":"Michael Scheiner","date":"2. November 2017","format":false,"excerpt":"An den Fl\u00fcgel gelehnt, sang sie als Zugabe \u201eM\u00fctterlein\u201c. Ohne Mikro, nur mit der Kraft ihrer wandlungsf\u00e4higen Stimme. Freilich nicht in der deutschen Originalversion von Fred Rauch und Gerhard Winkler, sondern in der englischen Interpretation \u201eAnswer Me (My Love)\u201c von Carl Sigman. Damit landete der gro\u00dfe Nat King Cole 1954\u2026","rel":"","context":"In &quot;Bericht&quot;","block_context":{"text":"Bericht","link":"https:\/\/www.jazzzeitung.de\/cms\/thema\/bericht\/"},"img":{"alt_text":"Lyambiko mit Band im Jazzclub Leerer beutel. Foto: Michael Scheiner","src":"https:\/\/i0.wp.com\/www.jazzzeitung.de\/cms\/wp-content\/uploads\/2017\/11\/Lyambiko-Band_86.jpg?fit=1200%2C795&ssl=1&resize=350%2C200","width":350,"height":200,"srcset":"https:\/\/i0.wp.com\/www.jazzzeitung.de\/cms\/wp-content\/uploads\/2017\/11\/Lyambiko-Band_86.jpg?fit=1200%2C795&ssl=1&resize=350%2C200 1x, https:\/\/i0.wp.com\/www.jazzzeitung.de\/cms\/wp-content\/uploads\/2017\/11\/Lyambiko-Band_86.jpg?fit=1200%2C795&ssl=1&resize=525%2C300 1.5x, https:\/\/i0.wp.com\/www.jazzzeitung.de\/cms\/wp-content\/uploads\/2017\/11\/Lyambiko-Band_86.jpg?fit=1200%2C795&ssl=1&resize=700%2C400 2x, https:\/\/i0.wp.com\/www.jazzzeitung.de\/cms\/wp-content\/uploads\/2017\/11\/Lyambiko-Band_86.jpg?fit=1200%2C795&ssl=1&resize=1050%2C600 3x"},"classes":[]},{"id":5862,"url":"https:\/\/www.jazzzeitung.de\/cms\/2015\/04\/news-markus-luepertz-im-leeren-beutel-regensburg-oregon-quartett-der-max-reger-halle-weiden-nik-baertsch-im-grillo-theater-essen\/","url_meta":{"origin":15810,"position":2},"title":"News: Markus L\u00fcpertz im Leeren Beutel in Regensburg +++ OREGON-Quartett in der Max-Reger-Halle in Weiden +++ Nik B\u00e4rtsch im Grillo-Theater in Essen","author":"Redaktion JazzZeitung","date":"3. April 2015","format":false,"excerpt":"Markus L\u00fcpertz und TTT zu Gast in Regensburgs Leerem Beutel Am Montag den 06. April (20 Uhr) veranstaltet der Jazzclub Regensburg im Leeren Beutel ein Konzert des deutschen Malers, Autors und Jazzmusikers Markus L\u00fcpertz. Das Jazzensemble TTT ist die Farbpalette, die MARKUS L\u00dcPERTZ zur Verf\u00fcgung steht, und deren M\u00f6glichkeiten an\u2026","rel":"","context":"In &quot;News&quot;","block_context":{"text":"News","link":"https:\/\/www.jazzzeitung.de\/cms\/thema\/nachrichten\/"},"img":{"alt_text":"Malerf\u00fcrst Markus L\u00fcpertz als Bandleader. Foto: Thorsten Wulff","src":"https:\/\/i0.wp.com\/www.jazzzeitung.de\/cms\/wp-content\/uploads\/2015\/04\/jc-20150406-L%C3%BCpertz-2-%C2%A9-Thorsten-Wulff.jpg?fit=799%2C1200&ssl=1&resize=350%2C200","width":350,"height":200,"srcset":"https:\/\/i0.wp.com\/www.jazzzeitung.de\/cms\/wp-content\/uploads\/2015\/04\/jc-20150406-L%C3%BCpertz-2-%C2%A9-Thorsten-Wulff.jpg?fit=799%2C1200&ssl=1&resize=350%2C200 1x, https:\/\/i0.wp.com\/www.jazzzeitung.de\/cms\/wp-content\/uploads\/2015\/04\/jc-20150406-L%C3%BCpertz-2-%C2%A9-Thorsten-Wulff.jpg?fit=799%2C1200&ssl=1&resize=525%2C300 1.5x, https:\/\/i0.wp.com\/www.jazzzeitung.de\/cms\/wp-content\/uploads\/2015\/04\/jc-20150406-L%C3%BCpertz-2-%C2%A9-Thorsten-Wulff.jpg?fit=799%2C1200&ssl=1&resize=700%2C400 2x"},"classes":[]},{"id":18156,"url":"https:\/\/www.jazzzeitung.de\/cms\/2018\/12\/magnetische-sternstunde-der-musik-das-lorenz-kellhuber-new-trio-im-stadttheater-regensburg\/","url_meta":{"origin":15810,"position":3},"title":"Magnetische Sternstunde der Musik: Das Lorenz Kellhuber New Trio im Stadttheater Regensburg","author":"Redaktion JazzZeitung","date":"21. Dezember 2018","format":false,"excerpt":"Regensburg. Verpufft, beiseite geschoben, weggewischt. Jeglicher Vorbehalt, ob ein reines Instrumentalkonzert bei den Zuh\u00f6rern auch ankommt, war schlussendlich atomisiert. Anf\u00e4nglich sorgte sich Pianist Lorenz Kellhuber im Theater Regensburg noch, dass Besucher sein Konzert mit dem New Trio vorzeitig verlassen k\u00f6nnten. Am Ende konnte die euphorisierte Menge kaum noch mit Zugaben\u2026","rel":"","context":"In &quot;Bericht&quot;","block_context":{"text":"Bericht","link":"https:\/\/www.jazzzeitung.de\/cms\/thema\/bericht\/"},"img":{"alt_text":"","src":"https:\/\/i0.wp.com\/www.jazzzeitung.de\/cms\/wp-content\/uploads\/2018\/12\/Trio-Kellhuber_37.jpeg?fit=567%2C370&ssl=1&resize=350%2C200","width":350,"height":200,"srcset":"https:\/\/i0.wp.com\/www.jazzzeitung.de\/cms\/wp-content\/uploads\/2018\/12\/Trio-Kellhuber_37.jpeg?fit=567%2C370&ssl=1&resize=350%2C200 1x, https:\/\/i0.wp.com\/www.jazzzeitung.de\/cms\/wp-content\/uploads\/2018\/12\/Trio-Kellhuber_37.jpeg?fit=567%2C370&ssl=1&resize=525%2C300 1.5x"},"classes":[]},{"id":27829,"url":"https:\/\/www.jazzzeitung.de\/cms\/2022\/07\/impressionen-vom-bayerischen-jazzweekend-regensburg-2022\/","url_meta":{"origin":15810,"position":4},"title":"Impressionen vom Bayerischen Jazzweekend Regensburg 2022","author":"Juan Martin Koch","date":"18. Juli 2022","format":false,"excerpt":"Alles neu beim Bayerischen Jazzweekend? Beim offenohrigen Schlendern durch die Regensburger Altstadt deutete der erste Eindruck eher nicht darauf hin. Da f\u00fchlte sich an den zu vorr\u00fcckender Stunde immer st\u00e4rker sich f\u00fcllenden Open-Air-Locations eigentlich alles so an wie immer: Entspannte, gute Stimmung bei Jazz und Jazzverwandtem jeglicher Couleur von semiprofessionell\u2026","rel":"","context":"In &quot;Galerie&quot;","block_context":{"text":"Galerie","link":"https:\/\/www.jazzzeitung.de\/cms\/thema\/galerie\/"},"img":{"alt_text":"","src":"https:\/\/i0.wp.com\/www.jazzzeitung.de\/cms\/wp-content\/uploads\/2022\/07\/JW-2022-Banner-c-JM-Koch.jpg?fit=960%2C720&ssl=1&resize=350%2C200","width":350,"height":200,"srcset":"https:\/\/i0.wp.com\/www.jazzzeitung.de\/cms\/wp-content\/uploads\/2022\/07\/JW-2022-Banner-c-JM-Koch.jpg?fit=960%2C720&ssl=1&resize=350%2C200 1x, https:\/\/i0.wp.com\/www.jazzzeitung.de\/cms\/wp-content\/uploads\/2022\/07\/JW-2022-Banner-c-JM-Koch.jpg?fit=960%2C720&ssl=1&resize=525%2C300 1.5x, https:\/\/i0.wp.com\/www.jazzzeitung.de\/cms\/wp-content\/uploads\/2022\/07\/JW-2022-Banner-c-JM-Koch.jpg?fit=960%2C720&ssl=1&resize=700%2C400 2x"},"classes":[]},{"id":10017,"url":"https:\/\/www.jazzzeitung.de\/cms\/2016\/09\/news20-festival-frei-improvisierter-musik-horst-seehofer-wird-schirmherr-des-1-bayerische-landesjazzfestivalsjazz-session-im-rahmen-des-kulturherbst-oberstaufen\/","url_meta":{"origin":15810,"position":5},"title":"News+++Horst Seehofer wird Schirmherr des 1. Bayerischen Landesjazzfestivals+++20. Festival Frei Improvisierter Musik+++Jazz-Session im Rahmen des Kulturherbst Oberstaufen+++","author":"Redaktion JazzZeitung","date":"14. September 2016","format":false,"excerpt":"Ministerpr\u00e4sident Horst Seehofer \u00fcbernimmt die Schirmherrschaft f\u00fcr das 1. Bayerische Landesjazzfestival in Regensburg Mit der \u00dcbernahme der Schirmherrschaft f\u00fcr das 1. Bayerische Landesjazzfestival vom 21.10 \u2013 23.10.16 in Regensburg unterstreicht der bayerische Ministerpr\u00e4sident, wie hoch der Stellenwert des Jazz auch f\u00fcr die bayerische Staatsregierung ist. Denn neben dem Kulturfond Bayern\u2026","rel":"","context":"In &quot;News&quot;","block_context":{"text":"News","link":"https:\/\/www.jazzzeitung.de\/cms\/thema\/nachrichten\/"},"img":{"alt_text":"Ron Carter ist am 22.10.16 im Rahmen des 1. Landesjazzfestivals in Regensburg im Konzert zu erleben","src":"https:\/\/i0.wp.com\/www.jazzzeitung.de\/cms\/wp-content\/uploads\/2016\/09\/RonCarter1_300rgb-150x150.jpg?resize=350%2C200","width":350,"height":200},"classes":[]}],"jetpack_sharing_enabled":true,"_links":{"self":[{"href":"https:\/\/www.jazzzeitung.de\/cms\/wp-json\/wp\/v2\/posts\/15810","targetHints":{"allow":["GET"]}}],"collection":[{"href":"https:\/\/www.jazzzeitung.de\/cms\/wp-json\/wp\/v2\/posts"}],"about":[{"href":"https:\/\/www.jazzzeitung.de\/cms\/wp-json\/wp\/v2\/types\/post"}],"author":[{"embeddable":true,"href":"https:\/\/www.jazzzeitung.de\/cms\/wp-json\/wp\/v2\/users\/37"}],"replies":[{"embeddable":true,"href":"https:\/\/www.jazzzeitung.de\/cms\/wp-json\/wp\/v2\/comments?post=15810"}],"version-history":[{"count":14,"href":"https:\/\/www.jazzzeitung.de\/cms\/wp-json\/wp\/v2\/posts\/15810\/revisions"}],"predecessor-version":[{"id":15934,"href":"https:\/\/www.jazzzeitung.de\/cms\/wp-json\/wp\/v2\/posts\/15810\/revisions\/15934"}],"wp:featuredmedia":[{"embeddable":true,"href":"https:\/\/www.jazzzeitung.de\/cms\/wp-json\/wp\/v2\/media\/15813"}],"wp:attachment":[{"href":"https:\/\/www.jazzzeitung.de\/cms\/wp-json\/wp\/v2\/media?parent=15810"}],"wp:term":[{"taxonomy":"category","embeddable":true,"href":"https:\/\/www.jazzzeitung.de\/cms\/wp-json\/wp\/v2\/categories?post=15810"},{"taxonomy":"post_tag","embeddable":true,"href":"https:\/\/www.jazzzeitung.de\/cms\/wp-json\/wp\/v2\/tags?post=15810"},{"taxonomy":"author","embeddable":true,"href":"https:\/\/www.jazzzeitung.de\/cms\/wp-json\/wp\/v2\/coauthors?post=15810"}],"curies":[{"name":"wp","href":"https:\/\/api.w.org\/{rel}","templated":true}]}}