{"id":15759,"date":"2018-04-26T11:48:33","date_gmt":"2018-04-26T09:48:33","guid":{"rendered":"https:\/\/www.jazzzeitung.de\/cms\/?p=15759"},"modified":"2018-04-27T11:48:13","modified_gmt":"2018-04-27T09:48:13","slug":"news-udj-waehlt-saxofonistin-komponistin-christina-fuchs-in-den-vorstandjazz-award-in-gold-fuer-quadro-nuevo-cairo-stepsinternationales-jazz-weekend-unterfoehring","status":"publish","type":"post","link":"https:\/\/www.jazzzeitung.de\/cms\/2018\/04\/news-udj-waehlt-saxofonistin-komponistin-christina-fuchs-in-den-vorstandjazz-award-in-gold-fuer-quadro-nuevo-cairo-stepsinternationales-jazz-weekend-unterfoehring\/","title":{"rendered":"+++News+++ UDJ w\u00e4hlt Saxofonistin &#038; Komponistin Christina Fuchs in den Vorstand+++Jazz Award in Gold f\u00fcr Quadro Nuevo &#038; Cairo Steps+++Internationales Jazz Weekend Unterf\u00f6hring+++"},"content":{"rendered":"<p><strong>Union Deutscher Jazzmusiker w\u00e4hlt K\u00f6lner Saxofonistin und Komponistin Christina Fuchs in den Vorstand<br \/>\n<\/strong>Bei einer Mitgliederversammlung im Rahmen der <a href=\"http:\/\/www.jazzahead.de\">jazzahead! 2018<\/a> in Bremen wurde die Jazzmusikerin Christina Fuchs am 21. April als Nachfolgerin von Silke Eberhardt in den Vorstand der UDJ gew\u00e4hlt. \u201eWir sch\u00e4tzen uns gl\u00fccklich, mit Christina Fuchs eine ebenso berufspolitisch erfahrene wie k\u00fcnstlerisch renommierte Kollegin im Vorstand zu begr\u00fc\u00dfen&#8220;, sagte Nikolaus Neuser, Vorsitzender der Union Deutscher Jazzmusiker.<\/p>\n<p>Urspr\u00fcnglich studierte die 1963 in M\u00fcnchen geborene und in Freiburg aufgewachsene Saxofonistin Germanistik und Geschichte. Schlie\u00dflich studierte sie jedoch Komposition bei Joachim Ullrich und Siegrief Koepf in K\u00f6ln. Ab 1999 setzte sie ihre Studien in New York bei Maria Schneider, Jim McNeely und Michael Abene, sowie George Russell in Boston fort.<br \/>\nFuchs wurde mit nationalen und internationalen Kompositionspreise wie dem WDR Jazzpreis 2014 ausgezeichnet. Sie arbeitete in Leitungsfunktion mit der NDR und der WDR Big Band, lange Jahre mit dem United Women&#8217;s Orchestra sowie dem Christina Fuchs\/Soundscapes Orchestra. F\u00fcr den WDR hat Christina Fuchs etliche Filmmusiken geschrieben.\u00a0 Als Saxofonistin und Klarinettistin leitet sie federf\u00fchrend die Ensembles &#8222;No Tango Quartet&#8220;, &#8222;No Tango &amp; Strings&#8220;, \u201eFlux Music&#8220; und &#8222;KontraSax&#8220;.<\/p>\n<p>\u201eIm Vorstand der UDJ m\u00f6chte ich aktiv daran mitarbeiten, den Jazz in Deutschland politisch und strukturell zu st\u00e4rken!&#8220;, sagte Christina Fuchs nach ihrer Wahl. \u201eEin besonderes Schwerpunktthema ist f\u00fcr mich die St\u00e4rkung der Urheberrechte im Jazz.&#8220;<\/p>\n<p>&nbsp;<\/p>\n<p><strong>Jazz Award in Gold f\u00fcr Quadro Nuevo und Cairo Steps<\/strong><\/p>\n<p>Nachdem vor einem Jahr die gemeinsame CD \u201eFlying carpet\u201c bei GLM Music ver\u00f6ffentlicht wurde, haben nun die Ensembles Quadro Nuevo und Cairo Steps am 19.April 2018 den Jazz Award von GLM Music \u00fcberreicht bekommen. Der Preisverleihung ging ein gemeinsames Konzert mit Gastauftritt der Kultusministerin \u00c4gyptens und Fl\u00f6tistin Ines Abdel Dayem im Kammermusiksaal der Berliner Philharmonie voraus. Ines Abdel Dayem nahm den Jazz Award an diesem Abend stellvertretend f\u00fcr die in \u00c4gypten beheimateten Musiker von Cairo Steps entgegen.<\/p>\n<figure id=\"attachment_15765\" aria-describedby=\"caption-attachment-15765\" style=\"width: 680px\" class=\"wp-caption aligncenter\"><a href=\"https:\/\/i0.wp.com\/www.jazzzeitung.de\/cms\/wp-content\/uploads\/2018\/04\/pressefoto-quadronuevo-flyingcarpet-cairosteps-05-1.jpg?ssl=1\"><img data-recalc-dims=\"1\" loading=\"lazy\" decoding=\"async\" data-attachment-id=\"15765\" data-permalink=\"https:\/\/www.jazzzeitung.de\/cms\/2018\/04\/news-udj-waehlt-saxofonistin-komponistin-christina-fuchs-in-den-vorstandjazz-award-in-gold-fuer-quadro-nuevo-cairo-stepsinternationales-jazz-weekend-unterfoehring\/pressefoto-quadronuevo-flyingcarpet-cairosteps-05-1\/\" data-orig-file=\"https:\/\/i0.wp.com\/www.jazzzeitung.de\/cms\/wp-content\/uploads\/2018\/04\/pressefoto-quadronuevo-flyingcarpet-cairosteps-05-1.jpg?fit=5315%2C3983&amp;ssl=1\" data-orig-size=\"5315,3983\" data-comments-opened=\"1\" data-image-meta=\"{&quot;aperture&quot;:&quot;0&quot;,&quot;credit&quot;:&quot;&quot;,&quot;camera&quot;:&quot;&quot;,&quot;caption&quot;:&quot;&quot;,&quot;created_timestamp&quot;:&quot;0&quot;,&quot;copyright&quot;:&quot;&quot;,&quot;focal_length&quot;:&quot;0&quot;,&quot;iso&quot;:&quot;0&quot;,&quot;shutter_speed&quot;:&quot;0&quot;,&quot;title&quot;:&quot;&quot;,&quot;orientation&quot;:&quot;1&quot;}\" data-image-title=\"pressefoto-quadronuevo-flyingcarpet-cairosteps-05-1\" data-image-description=\"\" data-image-caption=\"\" data-large-file=\"https:\/\/i0.wp.com\/www.jazzzeitung.de\/cms\/wp-content\/uploads\/2018\/04\/pressefoto-quadronuevo-flyingcarpet-cairosteps-05-1.jpg?fit=801%2C600&amp;ssl=1\" class=\"wp-image-15765\" src=\"https:\/\/i0.wp.com\/www.jazzzeitung.de\/cms\/wp-content\/uploads\/2018\/04\/pressefoto-quadronuevo-flyingcarpet-cairosteps-05-1.jpg?resize=680%2C510&#038;ssl=1\" alt=\"\" width=\"680\" height=\"510\" srcset=\"https:\/\/i0.wp.com\/www.jazzzeitung.de\/cms\/wp-content\/uploads\/2018\/04\/pressefoto-quadronuevo-flyingcarpet-cairosteps-05-1.jpg?resize=300%2C225&amp;ssl=1 300w, https:\/\/i0.wp.com\/www.jazzzeitung.de\/cms\/wp-content\/uploads\/2018\/04\/pressefoto-quadronuevo-flyingcarpet-cairosteps-05-1.jpg?resize=768%2C576&amp;ssl=1 768w, https:\/\/i0.wp.com\/www.jazzzeitung.de\/cms\/wp-content\/uploads\/2018\/04\/pressefoto-quadronuevo-flyingcarpet-cairosteps-05-1.jpg?resize=801%2C600&amp;ssl=1 801w, https:\/\/i0.wp.com\/www.jazzzeitung.de\/cms\/wp-content\/uploads\/2018\/04\/pressefoto-quadronuevo-flyingcarpet-cairosteps-05-1.jpg?resize=600%2C450&amp;ssl=1 600w, https:\/\/i0.wp.com\/www.jazzzeitung.de\/cms\/wp-content\/uploads\/2018\/04\/pressefoto-quadronuevo-flyingcarpet-cairosteps-05-1.jpg?w=1680&amp;ssl=1 1680w, https:\/\/i0.wp.com\/www.jazzzeitung.de\/cms\/wp-content\/uploads\/2018\/04\/pressefoto-quadronuevo-flyingcarpet-cairosteps-05-1.jpg?w=2520&amp;ssl=1 2520w\" sizes=\"auto, (max-width: 680px) 100vw, 680px\" \/><\/a><figcaption id=\"caption-attachment-15765\" class=\"wp-caption-text\">Quadro Nuevo und Cairo Steps mit ihrem Projekt &#8222;Flying Carpet&#8220;. Foto: quadronuevo.de<\/figcaption><\/figure>\n<p>&nbsp;<\/p>\n<p><strong>Internationales Jazz Weekend Unterf\u00f6hring<\/strong><\/p>\n<p>Mitte Juli ist es wieder so weit: Das B\u00fcrgerhaus Unterf\u00f6hring l\u00e4dt vom 12. \u2013 15. Juli 2018 zum Internationalen Jazzweekend.<\/p>\n<p>Das Programm kann sich sehen lassen: neben einem Jazz-Kinderkonzert, wird die polnische Bassistin Kinga Glyk ihr Album \u201eDream\u201c pr\u00e4sentieren. Au\u00dferdem kann man sich auf ein Konzert von Kurt Elling feat. Marquis Hill (trp) freuen. Abschlie\u00dfend findet am Sonntag ein kostenfreies Konzert des \u00f6sterreichischen Dickbauer Collective statt.<br \/>\nWeitere Infos unter <a href=\"http:\/\/www.buergerhaus-unterfoehring.de\">www.buergerhaus-unterfoehring.de<\/a><\/p>\n","protected":false},"excerpt":{"rendered":"<p>Union Deutscher Jazzmusiker w\u00e4hlt K\u00f6lner Saxofonistin und Komponistin Christina Fuchs in den Vorstand Bei einer Mitgliederversammlung im Rahmen der jazzahead! 2018 in Bremen wurde die Jazzmusikerin Christina Fuchs am 21. April als Nachfolgerin von Silke Eberhardt in den Vorstand der UDJ gew\u00e4hlt. \u201eWir sch\u00e4tzen uns gl\u00fccklich, mit Christina Fuchs eine ebenso berufspolitisch erfahrene wie k\u00fcnstlerisch renommierte Kollegin im Vorstand zu begr\u00fc\u00dfen&#8220;, sagte Nikolaus Neuser, Vorsitzender der Union Deutscher Jazzmusiker. Urspr\u00fcnglich studierte die 1963 in M\u00fcnchen geborene und in Freiburg aufgewachsene Saxofonistin Germanistik und Geschichte. Schlie\u00dflich studierte sie jedoch Komposition bei Joachim Ullrich und Siegrief Koepf in K\u00f6ln. Ab 1999 setzte sie ihre Studien in New York bei Maria Schneider, Jim McNeely und Michael Abene, sowie George Russell in Boston fort. Fuchs wurde mit nationalen und internationalen Kompositionspreise wie dem WDR Jazzpreis 2014 ausgezeichnet. Sie arbeitete in Leitungsfunktion mit der NDR und der WDR Big Band, lange Jahre mit dem United Women&#8217;s Orchestra sowie dem Christina Fuchs\/Soundscapes Orchestra. F\u00fcr den WDR hat Christina Fuchs etliche Filmmusiken geschrieben.\u00a0 Als Saxofonistin und Klarinettistin leitet sie federf\u00fchrend die Ensembles &#8222;No Tango Quartet&#8220;, &#8222;No Tango &amp; Strings&#8220;, \u201eFlux Music&#8220; und &hellip;<\/p>\n","protected":false},"author":18,"featured_media":15764,"comment_status":"open","ping_status":"closed","sticky":false,"template":"","format":"standard","meta":{"_jetpack_memberships_contains_paid_content":false,"footnotes":"","jetpack_publicize_message":"","jetpack_publicize_feature_enabled":true,"jetpack_social_post_already_shared":false,"jetpack_social_options":{"image_generator_settings":{"template":"highway","default_image_id":0,"font":"","enabled":false},"version":2}},"categories":[633],"tags":[1959,34,71,95,109,137,198,842,933,1876,254,268,281,1423,291,1764,852,322,336,1225,1080,401,410,904,1951,1303,450,451,565,571,589],"coauthors":[695],"class_list":["post-15759","post","type-post","status-publish","format-standard","has-post-thumbnail","hentry","category-nachrichten","tag-1959","tag-album","tag-big-band","tag-bremen","tag-cd","tag-deutschland","tag-geschichte","tag-glm","tag-glm-music","tag-jazz","tag-jazz-award","tag-jazzahead","tag-jazzmusiker","tag-jazzpreis","tag-jazzweekend","tag-kinga-glyk","tag-koeln","tag-konzert-2","tag-kurt-elling","tag-maria-schneider","tag-michael-abene","tag-muenchen","tag-ndr","tag-new-york","tag-news","tag-nikolaus-neuser","tag-preisverleihung","tag-quadro-nuevo","tag-udj","tag-union-deutscher-jazzmusiker","tag-wdr"],"yoast_head":"<!-- This site is optimized with the Yoast SEO plugin v27.5 - https:\/\/yoast.com\/product\/yoast-seo-wordpress\/ -->\n<title>+++News+++ UDJ w\u00e4hlt Saxofonistin &amp; Komponistin Christina Fuchs in den Vorstand+++Jazz Award in Gold f\u00fcr Quadro Nuevo &amp; Cairo Steps+++Internationales Jazz Weekend Unterf\u00f6hring+++ - JazzZeitung<\/title>\n<meta name=\"robots\" content=\"index, follow, max-snippet:-1, max-image-preview:large, max-video-preview:-1\" \/>\n<link rel=\"canonical\" href=\"https:\/\/www.jazzzeitung.de\/cms\/2018\/04\/news-udj-waehlt-saxofonistin-komponistin-christina-fuchs-in-den-vorstandjazz-award-in-gold-fuer-quadro-nuevo-cairo-stepsinternationales-jazz-weekend-unterfoehring\/\" \/>\n<meta property=\"og:locale\" content=\"de_DE\" \/>\n<meta property=\"og:type\" content=\"article\" \/>\n<meta property=\"og:title\" content=\"+++News+++ UDJ w\u00e4hlt Saxofonistin &amp; Komponistin Christina Fuchs in den Vorstand+++Jazz Award in Gold f\u00fcr Quadro Nuevo &amp; Cairo Steps+++Internationales Jazz Weekend Unterf\u00f6hring+++ - JazzZeitung\" \/>\n<meta property=\"og:description\" content=\"Union Deutscher Jazzmusiker w\u00e4hlt K\u00f6lner Saxofonistin und Komponistin Christina Fuchs in den Vorstand Bei einer Mitgliederversammlung im Rahmen der jazzahead! 2018 in Bremen wurde die Jazzmusikerin Christina Fuchs am 21. April als Nachfolgerin von Silke Eberhardt in den Vorstand der UDJ gew\u00e4hlt. \u201eWir sch\u00e4tzen uns gl\u00fccklich, mit Christina Fuchs eine ebenso berufspolitisch erfahrene wie k\u00fcnstlerisch renommierte Kollegin im Vorstand zu begr\u00fc\u00dfen&#8220;, sagte Nikolaus Neuser, Vorsitzender der Union Deutscher Jazzmusiker. Urspr\u00fcnglich studierte die 1963 in M\u00fcnchen geborene und in Freiburg aufgewachsene Saxofonistin Germanistik und Geschichte. Schlie\u00dflich studierte sie jedoch Komposition bei Joachim Ullrich und Siegrief Koepf in K\u00f6ln. Ab 1999 setzte sie ihre Studien in New York bei Maria Schneider, Jim McNeely und Michael Abene, sowie George Russell in Boston fort. Fuchs wurde mit nationalen und internationalen Kompositionspreise wie dem WDR Jazzpreis 2014 ausgezeichnet. Sie arbeitete in Leitungsfunktion mit der NDR und der WDR Big Band, lange Jahre mit dem United Women&#8217;s Orchestra sowie dem Christina Fuchs\/Soundscapes Orchestra. F\u00fcr den WDR hat Christina Fuchs etliche Filmmusiken geschrieben.\u00a0 Als Saxofonistin und Klarinettistin leitet sie federf\u00fchrend die Ensembles &#8222;No Tango Quartet&#8220;, &#8222;No Tango &amp; Strings&#8220;, \u201eFlux Music&#8220; und &hellip;\" \/>\n<meta property=\"og:url\" content=\"https:\/\/www.jazzzeitung.de\/cms\/2018\/04\/news-udj-waehlt-saxofonistin-komponistin-christina-fuchs-in-den-vorstandjazz-award-in-gold-fuer-quadro-nuevo-cairo-stepsinternationales-jazz-weekend-unterfoehring\/\" \/>\n<meta property=\"og:site_name\" content=\"JazzZeitung\" \/>\n<meta property=\"article:publisher\" content=\"https:\/\/www.facebook.com\/JazzZeitung\/\" \/>\n<meta property=\"article:published_time\" content=\"2018-04-26T09:48:33+00:00\" \/>\n<meta property=\"article:modified_time\" content=\"2018-04-27T09:48:13+00:00\" \/>\n<meta property=\"og:image\" content=\"https:\/\/i0.wp.com\/www.jazzzeitung.de\/cms\/wp-content\/uploads\/2018\/04\/Christina-Fuchs2.jpeg?fit=1280%2C853&ssl=1\" \/>\n\t<meta property=\"og:image:width\" content=\"1280\" \/>\n\t<meta property=\"og:image:height\" content=\"853\" \/>\n\t<meta property=\"og:image:type\" content=\"image\/jpeg\" \/>\n<meta name=\"author\" content=\"Redaktion JazzZeitung\" \/>\n<script type=\"application\/ld+json\" class=\"yoast-schema-graph\">{\"@context\":\"https:\\\/\\\/schema.org\",\"@graph\":[{\"@type\":\"Article\",\"@id\":\"https:\\\/\\\/www.jazzzeitung.de\\\/cms\\\/2018\\\/04\\\/news-udj-waehlt-saxofonistin-komponistin-christina-fuchs-in-den-vorstandjazz-award-in-gold-fuer-quadro-nuevo-cairo-stepsinternationales-jazz-weekend-unterfoehring\\\/#article\",\"isPartOf\":{\"@id\":\"https:\\\/\\\/www.jazzzeitung.de\\\/cms\\\/2018\\\/04\\\/news-udj-waehlt-saxofonistin-komponistin-christina-fuchs-in-den-vorstandjazz-award-in-gold-fuer-quadro-nuevo-cairo-stepsinternationales-jazz-weekend-unterfoehring\\\/\"},\"author\":{\"name\":\"Redaktion JazzZeitung\",\"@id\":\"https:\\\/\\\/www.jazzzeitung.de\\\/cms\\\/#\\\/schema\\\/person\\\/2245b36b9cd1d24cea10f01c031fb92b\"},\"headline\":\"+++News+++ UDJ w\u00e4hlt Saxofonistin &#038; Komponistin Christina Fuchs in den Vorstand+++Jazz Award in Gold f\u00fcr Quadro Nuevo &#038; Cairo Steps+++Internationales Jazz Weekend Unterf\u00f6hring+++\",\"datePublished\":\"2018-04-26T09:48:33+00:00\",\"dateModified\":\"2018-04-27T09:48:13+00:00\",\"mainEntityOfPage\":{\"@id\":\"https:\\\/\\\/www.jazzzeitung.de\\\/cms\\\/2018\\\/04\\\/news-udj-waehlt-saxofonistin-komponistin-christina-fuchs-in-den-vorstandjazz-award-in-gold-fuer-quadro-nuevo-cairo-stepsinternationales-jazz-weekend-unterfoehring\\\/\"},\"wordCount\":453,\"commentCount\":0,\"publisher\":{\"@id\":\"https:\\\/\\\/www.jazzzeitung.de\\\/cms\\\/#organization\"},\"image\":{\"@id\":\"https:\\\/\\\/www.jazzzeitung.de\\\/cms\\\/2018\\\/04\\\/news-udj-waehlt-saxofonistin-komponistin-christina-fuchs-in-den-vorstandjazz-award-in-gold-fuer-quadro-nuevo-cairo-stepsinternationales-jazz-weekend-unterfoehring\\\/#primaryimage\"},\"thumbnailUrl\":\"https:\\\/\\\/i0.wp.com\\\/www.jazzzeitung.de\\\/cms\\\/wp-content\\\/uploads\\\/2018\\\/04\\\/Christina-Fuchs2.jpeg?fit=1280%2C853&ssl=1\",\"keywords\":[\"2018\",\"Album\",\"Big Band\",\"Bremen\",\"CD\",\"Deutschland\",\"Geschichte\",\"GLM\",\"GLM Music\",\"Jazz\",\"Jazz Award\",\"Jazzahead\",\"Jazzmusiker\",\"Jazzpreis\",\"Jazzweekend\",\"Kinga Glyk\",\"K\u00f6ln\",\"Konzert\",\"Kurt Elling\",\"Maria Schneider\",\"Michael Abene\",\"M\u00fcnchen\",\"NDR\",\"New York\",\"News\",\"Nikolaus Neuser\",\"Preisverleihung\",\"Quadro Nuevo\",\"UdJ\",\"Union deutscher Jazzmusiker\",\"WDR\"],\"articleSection\":[\"News\"],\"inLanguage\":\"de\",\"potentialAction\":[{\"@type\":\"CommentAction\",\"name\":\"Comment\",\"target\":[\"https:\\\/\\\/www.jazzzeitung.de\\\/cms\\\/2018\\\/04\\\/news-udj-waehlt-saxofonistin-komponistin-christina-fuchs-in-den-vorstandjazz-award-in-gold-fuer-quadro-nuevo-cairo-stepsinternationales-jazz-weekend-unterfoehring\\\/#respond\"]}]},{\"@type\":\"WebPage\",\"@id\":\"https:\\\/\\\/www.jazzzeitung.de\\\/cms\\\/2018\\\/04\\\/news-udj-waehlt-saxofonistin-komponistin-christina-fuchs-in-den-vorstandjazz-award-in-gold-fuer-quadro-nuevo-cairo-stepsinternationales-jazz-weekend-unterfoehring\\\/\",\"url\":\"https:\\\/\\\/www.jazzzeitung.de\\\/cms\\\/2018\\\/04\\\/news-udj-waehlt-saxofonistin-komponistin-christina-fuchs-in-den-vorstandjazz-award-in-gold-fuer-quadro-nuevo-cairo-stepsinternationales-jazz-weekend-unterfoehring\\\/\",\"name\":\"+++News+++ UDJ w\u00e4hlt Saxofonistin & Komponistin Christina Fuchs in den Vorstand+++Jazz Award in Gold f\u00fcr Quadro Nuevo & Cairo Steps+++Internationales Jazz Weekend Unterf\u00f6hring+++ - JazzZeitung\",\"isPartOf\":{\"@id\":\"https:\\\/\\\/www.jazzzeitung.de\\\/cms\\\/#website\"},\"primaryImageOfPage\":{\"@id\":\"https:\\\/\\\/www.jazzzeitung.de\\\/cms\\\/2018\\\/04\\\/news-udj-waehlt-saxofonistin-komponistin-christina-fuchs-in-den-vorstandjazz-award-in-gold-fuer-quadro-nuevo-cairo-stepsinternationales-jazz-weekend-unterfoehring\\\/#primaryimage\"},\"image\":{\"@id\":\"https:\\\/\\\/www.jazzzeitung.de\\\/cms\\\/2018\\\/04\\\/news-udj-waehlt-saxofonistin-komponistin-christina-fuchs-in-den-vorstandjazz-award-in-gold-fuer-quadro-nuevo-cairo-stepsinternationales-jazz-weekend-unterfoehring\\\/#primaryimage\"},\"thumbnailUrl\":\"https:\\\/\\\/i0.wp.com\\\/www.jazzzeitung.de\\\/cms\\\/wp-content\\\/uploads\\\/2018\\\/04\\\/Christina-Fuchs2.jpeg?fit=1280%2C853&ssl=1\",\"datePublished\":\"2018-04-26T09:48:33+00:00\",\"dateModified\":\"2018-04-27T09:48:13+00:00\",\"breadcrumb\":{\"@id\":\"https:\\\/\\\/www.jazzzeitung.de\\\/cms\\\/2018\\\/04\\\/news-udj-waehlt-saxofonistin-komponistin-christina-fuchs-in-den-vorstandjazz-award-in-gold-fuer-quadro-nuevo-cairo-stepsinternationales-jazz-weekend-unterfoehring\\\/#breadcrumb\"},\"inLanguage\":\"de\",\"potentialAction\":[{\"@type\":\"ReadAction\",\"target\":[\"https:\\\/\\\/www.jazzzeitung.de\\\/cms\\\/2018\\\/04\\\/news-udj-waehlt-saxofonistin-komponistin-christina-fuchs-in-den-vorstandjazz-award-in-gold-fuer-quadro-nuevo-cairo-stepsinternationales-jazz-weekend-unterfoehring\\\/\"]}]},{\"@type\":\"ImageObject\",\"inLanguage\":\"de\",\"@id\":\"https:\\\/\\\/www.jazzzeitung.de\\\/cms\\\/2018\\\/04\\\/news-udj-waehlt-saxofonistin-komponistin-christina-fuchs-in-den-vorstandjazz-award-in-gold-fuer-quadro-nuevo-cairo-stepsinternationales-jazz-weekend-unterfoehring\\\/#primaryimage\",\"url\":\"https:\\\/\\\/i0.wp.com\\\/www.jazzzeitung.de\\\/cms\\\/wp-content\\\/uploads\\\/2018\\\/04\\\/Christina-Fuchs2.jpeg?fit=1280%2C853&ssl=1\",\"contentUrl\":\"https:\\\/\\\/i0.wp.com\\\/www.jazzzeitung.de\\\/cms\\\/wp-content\\\/uploads\\\/2018\\\/04\\\/Christina-Fuchs2.jpeg?fit=1280%2C853&ssl=1\",\"width\":1280,\"height\":853},{\"@type\":\"BreadcrumbList\",\"@id\":\"https:\\\/\\\/www.jazzzeitung.de\\\/cms\\\/2018\\\/04\\\/news-udj-waehlt-saxofonistin-komponistin-christina-fuchs-in-den-vorstandjazz-award-in-gold-fuer-quadro-nuevo-cairo-stepsinternationales-jazz-weekend-unterfoehring\\\/#breadcrumb\",\"itemListElement\":[{\"@type\":\"ListItem\",\"position\":1,\"name\":\"Startseite\",\"item\":\"https:\\\/\\\/www.jazzzeitung.de\\\/cms\\\/\"},{\"@type\":\"ListItem\",\"position\":2,\"name\":\"+++News+++ UDJ w\u00e4hlt Saxofonistin &#038; Komponistin Christina Fuchs in den Vorstand+++Jazz Award in Gold f\u00fcr Quadro Nuevo &#038; Cairo Steps+++Internationales Jazz Weekend Unterf\u00f6hring+++\"}]},{\"@type\":\"WebSite\",\"@id\":\"https:\\\/\\\/www.jazzzeitung.de\\\/cms\\\/#website\",\"url\":\"https:\\\/\\\/www.jazzzeitung.de\\\/cms\\\/\",\"name\":\"JazzZeitung\",\"description\":\"Jazz-News und Jazz-Kontroverses\",\"publisher\":{\"@id\":\"https:\\\/\\\/www.jazzzeitung.de\\\/cms\\\/#organization\"},\"potentialAction\":[{\"@type\":\"SearchAction\",\"target\":{\"@type\":\"EntryPoint\",\"urlTemplate\":\"https:\\\/\\\/www.jazzzeitung.de\\\/cms\\\/?s={search_term_string}\"},\"query-input\":{\"@type\":\"PropertyValueSpecification\",\"valueRequired\":true,\"valueName\":\"search_term_string\"}}],\"inLanguage\":\"de\"},{\"@type\":\"Organization\",\"@id\":\"https:\\\/\\\/www.jazzzeitung.de\\\/cms\\\/#organization\",\"name\":\"JazzZeitung online\",\"url\":\"https:\\\/\\\/www.jazzzeitung.de\\\/cms\\\/\",\"logo\":{\"@type\":\"ImageObject\",\"inLanguage\":\"de\",\"@id\":\"https:\\\/\\\/www.jazzzeitung.de\\\/cms\\\/#\\\/schema\\\/logo\\\/image\\\/\",\"url\":\"https:\\\/\\\/i0.wp.com\\\/www.jazzzeitung.de\\\/cms\\\/wp-content\\\/uploads\\\/2015\\\/08\\\/JAZZZEITUNGDE_Logo_Neu.png?fit=499%2C200&ssl=1\",\"contentUrl\":\"https:\\\/\\\/i0.wp.com\\\/www.jazzzeitung.de\\\/cms\\\/wp-content\\\/uploads\\\/2015\\\/08\\\/JAZZZEITUNGDE_Logo_Neu.png?fit=499%2C200&ssl=1\",\"width\":499,\"height\":200,\"caption\":\"JazzZeitung online\"},\"image\":{\"@id\":\"https:\\\/\\\/www.jazzzeitung.de\\\/cms\\\/#\\\/schema\\\/logo\\\/image\\\/\"},\"sameAs\":[\"https:\\\/\\\/www.facebook.com\\\/JazzZeitung\\\/\"]},{\"@type\":\"Person\",\"@id\":\"https:\\\/\\\/www.jazzzeitung.de\\\/cms\\\/#\\\/schema\\\/person\\\/2245b36b9cd1d24cea10f01c031fb92b\",\"name\":\"Redaktion JazzZeitung\",\"image\":{\"@type\":\"ImageObject\",\"inLanguage\":\"de\",\"@id\":\"https:\\\/\\\/i0.wp.com\\\/www.jazzzeitung.de\\\/cms\\\/wp-content\\\/uploads\\\/2015\\\/08\\\/JAZZZEITUNGDE_Logo_Neu.png?resize=96%2C96&ssl=159975dcacb611b5700bd619b5daf0a7a\",\"url\":\"https:\\\/\\\/i0.wp.com\\\/www.jazzzeitung.de\\\/cms\\\/wp-content\\\/uploads\\\/2015\\\/08\\\/JAZZZEITUNGDE_Logo_Neu.png?resize=96%2C96&ssl=1\",\"contentUrl\":\"https:\\\/\\\/i0.wp.com\\\/www.jazzzeitung.de\\\/cms\\\/wp-content\\\/uploads\\\/2015\\\/08\\\/JAZZZEITUNGDE_Logo_Neu.png?resize=96%2C96&ssl=1\",\"caption\":\"Redaktion JazzZeitung\"},\"description\":\"Artikel der Redaktion der JazzZeitung.\",\"sameAs\":[\"http:\\\/\\\/www.jazzzeitung.de\\\/cms\\\/\"],\"url\":\"https:\\\/\\\/www.jazzzeitung.de\\\/cms\\\/author\\\/redaktion\\\/\"}]}<\/script>\n<!-- \/ Yoast SEO plugin. -->","yoast_head_json":{"title":"+++News+++ UDJ w\u00e4hlt Saxofonistin & Komponistin Christina Fuchs in den Vorstand+++Jazz Award in Gold f\u00fcr Quadro Nuevo & Cairo Steps+++Internationales Jazz Weekend Unterf\u00f6hring+++ - JazzZeitung","robots":{"index":"index","follow":"follow","max-snippet":"max-snippet:-1","max-image-preview":"max-image-preview:large","max-video-preview":"max-video-preview:-1"},"canonical":"https:\/\/www.jazzzeitung.de\/cms\/2018\/04\/news-udj-waehlt-saxofonistin-komponistin-christina-fuchs-in-den-vorstandjazz-award-in-gold-fuer-quadro-nuevo-cairo-stepsinternationales-jazz-weekend-unterfoehring\/","og_locale":"de_DE","og_type":"article","og_title":"+++News+++ UDJ w\u00e4hlt Saxofonistin & Komponistin Christina Fuchs in den Vorstand+++Jazz Award in Gold f\u00fcr Quadro Nuevo & Cairo Steps+++Internationales Jazz Weekend Unterf\u00f6hring+++ - JazzZeitung","og_description":"Union Deutscher Jazzmusiker w\u00e4hlt K\u00f6lner Saxofonistin und Komponistin Christina Fuchs in den Vorstand Bei einer Mitgliederversammlung im Rahmen der jazzahead! 2018 in Bremen wurde die Jazzmusikerin Christina Fuchs am 21. April als Nachfolgerin von Silke Eberhardt in den Vorstand der UDJ gew\u00e4hlt. \u201eWir sch\u00e4tzen uns gl\u00fccklich, mit Christina Fuchs eine ebenso berufspolitisch erfahrene wie k\u00fcnstlerisch renommierte Kollegin im Vorstand zu begr\u00fc\u00dfen&#8220;, sagte Nikolaus Neuser, Vorsitzender der Union Deutscher Jazzmusiker. Urspr\u00fcnglich studierte die 1963 in M\u00fcnchen geborene und in Freiburg aufgewachsene Saxofonistin Germanistik und Geschichte. Schlie\u00dflich studierte sie jedoch Komposition bei Joachim Ullrich und Siegrief Koepf in K\u00f6ln. Ab 1999 setzte sie ihre Studien in New York bei Maria Schneider, Jim McNeely und Michael Abene, sowie George Russell in Boston fort. Fuchs wurde mit nationalen und internationalen Kompositionspreise wie dem WDR Jazzpreis 2014 ausgezeichnet. Sie arbeitete in Leitungsfunktion mit der NDR und der WDR Big Band, lange Jahre mit dem United Women&#8217;s Orchestra sowie dem Christina Fuchs\/Soundscapes Orchestra. F\u00fcr den WDR hat Christina Fuchs etliche Filmmusiken geschrieben.\u00a0 Als Saxofonistin und Klarinettistin leitet sie federf\u00fchrend die Ensembles &#8222;No Tango Quartet&#8220;, &#8222;No Tango &amp; Strings&#8220;, \u201eFlux Music&#8220; und &hellip;","og_url":"https:\/\/www.jazzzeitung.de\/cms\/2018\/04\/news-udj-waehlt-saxofonistin-komponistin-christina-fuchs-in-den-vorstandjazz-award-in-gold-fuer-quadro-nuevo-cairo-stepsinternationales-jazz-weekend-unterfoehring\/","og_site_name":"JazzZeitung","article_publisher":"https:\/\/www.facebook.com\/JazzZeitung\/","article_published_time":"2018-04-26T09:48:33+00:00","article_modified_time":"2018-04-27T09:48:13+00:00","og_image":[{"width":1280,"height":853,"url":"https:\/\/i0.wp.com\/www.jazzzeitung.de\/cms\/wp-content\/uploads\/2018\/04\/Christina-Fuchs2.jpeg?fit=1280%2C853&ssl=1","type":"image\/jpeg"}],"author":"Redaktion JazzZeitung","schema":{"@context":"https:\/\/schema.org","@graph":[{"@type":"Article","@id":"https:\/\/www.jazzzeitung.de\/cms\/2018\/04\/news-udj-waehlt-saxofonistin-komponistin-christina-fuchs-in-den-vorstandjazz-award-in-gold-fuer-quadro-nuevo-cairo-stepsinternationales-jazz-weekend-unterfoehring\/#article","isPartOf":{"@id":"https:\/\/www.jazzzeitung.de\/cms\/2018\/04\/news-udj-waehlt-saxofonistin-komponistin-christina-fuchs-in-den-vorstandjazz-award-in-gold-fuer-quadro-nuevo-cairo-stepsinternationales-jazz-weekend-unterfoehring\/"},"author":{"name":"Redaktion JazzZeitung","@id":"https:\/\/www.jazzzeitung.de\/cms\/#\/schema\/person\/2245b36b9cd1d24cea10f01c031fb92b"},"headline":"+++News+++ UDJ w\u00e4hlt Saxofonistin &#038; Komponistin Christina Fuchs in den Vorstand+++Jazz Award in Gold f\u00fcr Quadro Nuevo &#038; Cairo Steps+++Internationales Jazz Weekend Unterf\u00f6hring+++","datePublished":"2018-04-26T09:48:33+00:00","dateModified":"2018-04-27T09:48:13+00:00","mainEntityOfPage":{"@id":"https:\/\/www.jazzzeitung.de\/cms\/2018\/04\/news-udj-waehlt-saxofonistin-komponistin-christina-fuchs-in-den-vorstandjazz-award-in-gold-fuer-quadro-nuevo-cairo-stepsinternationales-jazz-weekend-unterfoehring\/"},"wordCount":453,"commentCount":0,"publisher":{"@id":"https:\/\/www.jazzzeitung.de\/cms\/#organization"},"image":{"@id":"https:\/\/www.jazzzeitung.de\/cms\/2018\/04\/news-udj-waehlt-saxofonistin-komponistin-christina-fuchs-in-den-vorstandjazz-award-in-gold-fuer-quadro-nuevo-cairo-stepsinternationales-jazz-weekend-unterfoehring\/#primaryimage"},"thumbnailUrl":"https:\/\/i0.wp.com\/www.jazzzeitung.de\/cms\/wp-content\/uploads\/2018\/04\/Christina-Fuchs2.jpeg?fit=1280%2C853&ssl=1","keywords":["2018","Album","Big Band","Bremen","CD","Deutschland","Geschichte","GLM","GLM Music","Jazz","Jazz Award","Jazzahead","Jazzmusiker","Jazzpreis","Jazzweekend","Kinga Glyk","K\u00f6ln","Konzert","Kurt Elling","Maria Schneider","Michael Abene","M\u00fcnchen","NDR","New York","News","Nikolaus Neuser","Preisverleihung","Quadro Nuevo","UdJ","Union deutscher Jazzmusiker","WDR"],"articleSection":["News"],"inLanguage":"de","potentialAction":[{"@type":"CommentAction","name":"Comment","target":["https:\/\/www.jazzzeitung.de\/cms\/2018\/04\/news-udj-waehlt-saxofonistin-komponistin-christina-fuchs-in-den-vorstandjazz-award-in-gold-fuer-quadro-nuevo-cairo-stepsinternationales-jazz-weekend-unterfoehring\/#respond"]}]},{"@type":"WebPage","@id":"https:\/\/www.jazzzeitung.de\/cms\/2018\/04\/news-udj-waehlt-saxofonistin-komponistin-christina-fuchs-in-den-vorstandjazz-award-in-gold-fuer-quadro-nuevo-cairo-stepsinternationales-jazz-weekend-unterfoehring\/","url":"https:\/\/www.jazzzeitung.de\/cms\/2018\/04\/news-udj-waehlt-saxofonistin-komponistin-christina-fuchs-in-den-vorstandjazz-award-in-gold-fuer-quadro-nuevo-cairo-stepsinternationales-jazz-weekend-unterfoehring\/","name":"+++News+++ UDJ w\u00e4hlt Saxofonistin & Komponistin Christina Fuchs in den Vorstand+++Jazz Award in Gold f\u00fcr Quadro Nuevo & Cairo Steps+++Internationales Jazz Weekend Unterf\u00f6hring+++ - JazzZeitung","isPartOf":{"@id":"https:\/\/www.jazzzeitung.de\/cms\/#website"},"primaryImageOfPage":{"@id":"https:\/\/www.jazzzeitung.de\/cms\/2018\/04\/news-udj-waehlt-saxofonistin-komponistin-christina-fuchs-in-den-vorstandjazz-award-in-gold-fuer-quadro-nuevo-cairo-stepsinternationales-jazz-weekend-unterfoehring\/#primaryimage"},"image":{"@id":"https:\/\/www.jazzzeitung.de\/cms\/2018\/04\/news-udj-waehlt-saxofonistin-komponistin-christina-fuchs-in-den-vorstandjazz-award-in-gold-fuer-quadro-nuevo-cairo-stepsinternationales-jazz-weekend-unterfoehring\/#primaryimage"},"thumbnailUrl":"https:\/\/i0.wp.com\/www.jazzzeitung.de\/cms\/wp-content\/uploads\/2018\/04\/Christina-Fuchs2.jpeg?fit=1280%2C853&ssl=1","datePublished":"2018-04-26T09:48:33+00:00","dateModified":"2018-04-27T09:48:13+00:00","breadcrumb":{"@id":"https:\/\/www.jazzzeitung.de\/cms\/2018\/04\/news-udj-waehlt-saxofonistin-komponistin-christina-fuchs-in-den-vorstandjazz-award-in-gold-fuer-quadro-nuevo-cairo-stepsinternationales-jazz-weekend-unterfoehring\/#breadcrumb"},"inLanguage":"de","potentialAction":[{"@type":"ReadAction","target":["https:\/\/www.jazzzeitung.de\/cms\/2018\/04\/news-udj-waehlt-saxofonistin-komponistin-christina-fuchs-in-den-vorstandjazz-award-in-gold-fuer-quadro-nuevo-cairo-stepsinternationales-jazz-weekend-unterfoehring\/"]}]},{"@type":"ImageObject","inLanguage":"de","@id":"https:\/\/www.jazzzeitung.de\/cms\/2018\/04\/news-udj-waehlt-saxofonistin-komponistin-christina-fuchs-in-den-vorstandjazz-award-in-gold-fuer-quadro-nuevo-cairo-stepsinternationales-jazz-weekend-unterfoehring\/#primaryimage","url":"https:\/\/i0.wp.com\/www.jazzzeitung.de\/cms\/wp-content\/uploads\/2018\/04\/Christina-Fuchs2.jpeg?fit=1280%2C853&ssl=1","contentUrl":"https:\/\/i0.wp.com\/www.jazzzeitung.de\/cms\/wp-content\/uploads\/2018\/04\/Christina-Fuchs2.jpeg?fit=1280%2C853&ssl=1","width":1280,"height":853},{"@type":"BreadcrumbList","@id":"https:\/\/www.jazzzeitung.de\/cms\/2018\/04\/news-udj-waehlt-saxofonistin-komponistin-christina-fuchs-in-den-vorstandjazz-award-in-gold-fuer-quadro-nuevo-cairo-stepsinternationales-jazz-weekend-unterfoehring\/#breadcrumb","itemListElement":[{"@type":"ListItem","position":1,"name":"Startseite","item":"https:\/\/www.jazzzeitung.de\/cms\/"},{"@type":"ListItem","position":2,"name":"+++News+++ UDJ w\u00e4hlt Saxofonistin &#038; Komponistin Christina Fuchs in den Vorstand+++Jazz Award in Gold f\u00fcr Quadro Nuevo &#038; Cairo Steps+++Internationales Jazz Weekend Unterf\u00f6hring+++"}]},{"@type":"WebSite","@id":"https:\/\/www.jazzzeitung.de\/cms\/#website","url":"https:\/\/www.jazzzeitung.de\/cms\/","name":"JazzZeitung","description":"Jazz-News und Jazz-Kontroverses","publisher":{"@id":"https:\/\/www.jazzzeitung.de\/cms\/#organization"},"potentialAction":[{"@type":"SearchAction","target":{"@type":"EntryPoint","urlTemplate":"https:\/\/www.jazzzeitung.de\/cms\/?s={search_term_string}"},"query-input":{"@type":"PropertyValueSpecification","valueRequired":true,"valueName":"search_term_string"}}],"inLanguage":"de"},{"@type":"Organization","@id":"https:\/\/www.jazzzeitung.de\/cms\/#organization","name":"JazzZeitung online","url":"https:\/\/www.jazzzeitung.de\/cms\/","logo":{"@type":"ImageObject","inLanguage":"de","@id":"https:\/\/www.jazzzeitung.de\/cms\/#\/schema\/logo\/image\/","url":"https:\/\/i0.wp.com\/www.jazzzeitung.de\/cms\/wp-content\/uploads\/2015\/08\/JAZZZEITUNGDE_Logo_Neu.png?fit=499%2C200&ssl=1","contentUrl":"https:\/\/i0.wp.com\/www.jazzzeitung.de\/cms\/wp-content\/uploads\/2015\/08\/JAZZZEITUNGDE_Logo_Neu.png?fit=499%2C200&ssl=1","width":499,"height":200,"caption":"JazzZeitung online"},"image":{"@id":"https:\/\/www.jazzzeitung.de\/cms\/#\/schema\/logo\/image\/"},"sameAs":["https:\/\/www.facebook.com\/JazzZeitung\/"]},{"@type":"Person","@id":"https:\/\/www.jazzzeitung.de\/cms\/#\/schema\/person\/2245b36b9cd1d24cea10f01c031fb92b","name":"Redaktion JazzZeitung","image":{"@type":"ImageObject","inLanguage":"de","@id":"https:\/\/i0.wp.com\/www.jazzzeitung.de\/cms\/wp-content\/uploads\/2015\/08\/JAZZZEITUNGDE_Logo_Neu.png?resize=96%2C96&ssl=159975dcacb611b5700bd619b5daf0a7a","url":"https:\/\/i0.wp.com\/www.jazzzeitung.de\/cms\/wp-content\/uploads\/2015\/08\/JAZZZEITUNGDE_Logo_Neu.png?resize=96%2C96&ssl=1","contentUrl":"https:\/\/i0.wp.com\/www.jazzzeitung.de\/cms\/wp-content\/uploads\/2015\/08\/JAZZZEITUNGDE_Logo_Neu.png?resize=96%2C96&ssl=1","caption":"Redaktion JazzZeitung"},"description":"Artikel der Redaktion der JazzZeitung.","sameAs":["http:\/\/www.jazzzeitung.de\/cms\/"],"url":"https:\/\/www.jazzzeitung.de\/cms\/author\/redaktion\/"}]}},"wp-worthy-pixel":{"ignored":false,"public":null,"server":null,"url":null},"wp-worthy-type":"normal","jetpack_publicize_connections":[],"cc_featured_image_caption":{"caption_text":"","source_text":"","source_url":""},"jetpack_featured_media_url":"https:\/\/i0.wp.com\/www.jazzzeitung.de\/cms\/wp-content\/uploads\/2018\/04\/Christina-Fuchs2.jpeg?fit=1280%2C853&ssl=1","jetpack_shortlink":"https:\/\/wp.me\/p3KEcT-46b","jetpack-related-posts":[{"id":9052,"url":"https:\/\/www.jazzzeitung.de\/cms\/2016\/04\/news-neuer-udj-vorstand-jazzahead-abschlussbericht-benny-green-trio-im-esslinger-jazzkeller\/","url_meta":{"origin":15759,"position":0},"title":"+++News +++ neuer UDJ-Vorstand +++ jazzahead! Abschlussbericht +++ Benny Green Trio im Esslinger Jazzkeller +++","author":"Redaktion JazzZeitung","date":"26. April 2016","format":false,"excerpt":"+++ Union Deutscher Jazzmusiker w\u00e4hlt Anette von Eichel und Wolfgang Lackerschmid in Vorstand +++ Berlin, 25. April 2016 -\u00a0 Auf der j\u00e4hrlichen Mitgliederversammlung der Union Deutscher Jazzmusiker in Bremen w\u00e4hlten die Mitglieder mit der S\u00e4ngerin Anette von Eichel und dem Vibraphonisten Wolfgang Lackerschmid zwei hochprofilierte Musiker\/innen aus K\u00f6ln und Augsburg\u2026","rel":"","context":"In &quot;News&quot;","block_context":{"text":"News","link":"https:\/\/www.jazzzeitung.de\/cms\/thema\/nachrichten\/"},"img":{"alt_text":"Benny-Green-mg-8334-020315-by-Ron-Jones-1048x982","src":"https:\/\/i0.wp.com\/www.jazzzeitung.de\/cms\/wp-content\/uploads\/2016\/04\/Benny-Green-mg-8334-020315-by-Ron-Jones-1048x982-150x150.jpg?resize=350%2C200","width":350,"height":200},"classes":[]},{"id":3780,"url":"https:\/\/www.jazzzeitung.de\/cms\/2014\/04\/udj-fordert-bessere-bedingungen-fuer-kuenstler-auf-der-jazzahead\/","url_meta":{"origin":15759,"position":1},"title":"UDJ fordert bessere Bedingungen f\u00fcr K\u00fcnstler auf der jazzahead!","author":"Redaktion JazzZeitung","date":"24. April 2014","format":false,"excerpt":"Anl\u00e4sslich der Musikmesse jazzahead! in Bremen fordert die Union Deutscher Jazzmusiker bessere Bedingungen bei den Showcases im Rahmen der German Jazz Expo. \u201eEs ist nicht vertretbar, dass Musikerinnen und Musikern weder Hotel- und Reisekosten erstattet werden, noch eine Verg\u00fctung f\u00fcr den Rundfunkmitschnitt der \u00f6ffentlich-rechtlichen Sendeanstalten gezahlt wird; von einer Gage\u2026","rel":"","context":"In &quot;News&quot;","block_context":{"text":"News","link":"https:\/\/www.jazzzeitung.de\/cms\/thema\/nachrichten\/"},"img":{"alt_text":"UDJ_Logo_Final","src":"https:\/\/i0.wp.com\/www.jazzzeitung.de\/cms\/wp-content\/uploads\/2014\/04\/UDJ_Logo_CMYK-nur_kugel-150x150.jpg?resize=350%2C200","width":350,"height":200},"classes":[]},{"id":18903,"url":"https:\/\/www.jazzzeitung.de\/cms\/2019\/03\/laura-block-verstaerkt-udj-geschaeftsstelle-im-bereich-gleichstellung-von-frauen-im-jazz\/","url_meta":{"origin":15759,"position":2},"title":"Laura Block verst\u00e4rkt UDJ-Gesch\u00e4ftsstelle im Bereich Gleichstellung von Frauen im Jazz","author":"Redaktion JazzZeitung","date":"9. M\u00e4rz 2019","format":false,"excerpt":"Gleichstellung von Frauen im Jazz ist aktuell eines der wichtigsten Themen, f\u00fcr die sich die Union Deutscher Jazzmusiker e.V. (UDJ) als \u201eSprachrohr der Jazzmusikerinnen und Jazzmusiker in Deutschland\" einsetzt. Zum Jahresbeginn 2019 hat das Team der Gesch\u00e4ftsstelle in Berlin nun Verst\u00e4rkung bekommen: Die promovierte Sozialwissenschaftlerin Laura Block ist seit Januar\u2026","rel":"","context":"In &quot;News&quot;","block_context":{"text":"News","link":"https:\/\/www.jazzzeitung.de\/cms\/thema\/nachrichten\/"},"img":{"alt_text":"","src":"https:\/\/i0.wp.com\/www.jazzzeitung.de\/cms\/wp-content\/uploads\/2019\/03\/25bc0c91-5930-40a9-9c11-96afc256849a-e1552037230758.jpg?fit=897%2C1200&ssl=1&resize=350%2C200","width":350,"height":200,"srcset":"https:\/\/i0.wp.com\/www.jazzzeitung.de\/cms\/wp-content\/uploads\/2019\/03\/25bc0c91-5930-40a9-9c11-96afc256849a-e1552037230758.jpg?fit=897%2C1200&ssl=1&resize=350%2C200 1x, https:\/\/i0.wp.com\/www.jazzzeitung.de\/cms\/wp-content\/uploads\/2019\/03\/25bc0c91-5930-40a9-9c11-96afc256849a-e1552037230758.jpg?fit=897%2C1200&ssl=1&resize=525%2C300 1.5x, https:\/\/i0.wp.com\/www.jazzzeitung.de\/cms\/wp-content\/uploads\/2019\/03\/25bc0c91-5930-40a9-9c11-96afc256849a-e1552037230758.jpg?fit=897%2C1200&ssl=1&resize=700%2C400 2x"},"classes":[]},{"id":16120,"url":"https:\/\/www.jazzzeitung.de\/cms\/2018\/05\/erfreuliche-neuerungen-in-der-gema-fuer-jazzmusiker\/","url_meta":{"origin":15759,"position":3},"title":"Erfreuliche Neuerungen f\u00fcr Jazzmusiker in der GEMA","author":"Redaktion JazzZeitung","date":"24. Mai 2018","format":false,"excerpt":"Es gibt erfreuliche Ergebnisse der GEMA-Mitgliederversammlung vergangener Woche zu melden. Neben einer bedeutenden Satzungs\u00e4nderung und der Wiederwahl von UDJ-Mitgliedern in Aufsichtsrat und Sitzungsgeldkommission wurden mehrere UDJ-Mitgliedern als Delegierte der Angeschlossenen und Au\u00dferordentlichen Mitgliedern gew\u00e4hlt. Bei der angesprochenen Satzungs\u00e4nderung handelt es sich um die k\u00fcnftig h\u00f6here Einstufung anspruchsvollerer Jazzkompositionen. \u201eEs wird\u2026","rel":"","context":"In &quot;News&quot;","block_context":{"text":"News","link":"https:\/\/www.jazzzeitung.de\/cms\/thema\/nachrichten\/"},"img":{"alt_text":"","src":"https:\/\/i0.wp.com\/www.jazzzeitung.de\/cms\/wp-content\/uploads\/2018\/05\/Wolfgang_Lackerschmid_c_Christian_Hartmann.jpg?fit=1200%2C800&ssl=1&resize=350%2C200","width":350,"height":200,"srcset":"https:\/\/i0.wp.com\/www.jazzzeitung.de\/cms\/wp-content\/uploads\/2018\/05\/Wolfgang_Lackerschmid_c_Christian_Hartmann.jpg?fit=1200%2C800&ssl=1&resize=350%2C200 1x, https:\/\/i0.wp.com\/www.jazzzeitung.de\/cms\/wp-content\/uploads\/2018\/05\/Wolfgang_Lackerschmid_c_Christian_Hartmann.jpg?fit=1200%2C800&ssl=1&resize=525%2C300 1.5x, https:\/\/i0.wp.com\/www.jazzzeitung.de\/cms\/wp-content\/uploads\/2018\/05\/Wolfgang_Lackerschmid_c_Christian_Hartmann.jpg?fit=1200%2C800&ssl=1&resize=700%2C400 2x, https:\/\/i0.wp.com\/www.jazzzeitung.de\/cms\/wp-content\/uploads\/2018\/05\/Wolfgang_Lackerschmid_c_Christian_Hartmann.jpg?fit=1200%2C800&ssl=1&resize=1050%2C600 3x"},"classes":[]},{"id":18804,"url":"https:\/\/www.jazzzeitung.de\/cms\/2019\/03\/die-jazzahead-fachmesse-2019-gestaltet-ihren-german-market-komplett-neu\/","url_meta":{"origin":15759,"position":4},"title":"Die jazzahead! Fachmesse 2019 gestaltet ihren German Market komplett neu","author":"Redaktion JazzZeitung","date":"1. M\u00e4rz 2019","format":false,"excerpt":"Die jazzahead! geht vom 25.-28. April in die 14. Runde. Im Zentrum steht dieses Jahr der Jazz in und aus Deutschland und die Bem\u00fchungen der Messe und ihrer Partner, insbesondere der Union Deutscher Jazzmusiker (UDJ), diesen zu mehr Sichtbarkeit im internationalen Kontext zu verhelfen. \u201eSeit dem Jahr 2012 b\u00fcndeln wir\u2026","rel":"","context":"In &quot;News&quot;","block_context":{"text":"News","link":"https:\/\/www.jazzzeitung.de\/cms\/thema\/nachrichten\/"},"img":{"alt_text":"","src":"https:\/\/i0.wp.com\/www.jazzzeitung.de\/cms\/wp-content\/uploads\/2019\/02\/jazzahead2018_cJanRathke_MesseBremen-1.jpg?fit=1200%2C600&ssl=1&resize=350%2C200","width":350,"height":200,"srcset":"https:\/\/i0.wp.com\/www.jazzzeitung.de\/cms\/wp-content\/uploads\/2019\/02\/jazzahead2018_cJanRathke_MesseBremen-1.jpg?fit=1200%2C600&ssl=1&resize=350%2C200 1x, https:\/\/i0.wp.com\/www.jazzzeitung.de\/cms\/wp-content\/uploads\/2019\/02\/jazzahead2018_cJanRathke_MesseBremen-1.jpg?fit=1200%2C600&ssl=1&resize=525%2C300 1.5x, https:\/\/i0.wp.com\/www.jazzzeitung.de\/cms\/wp-content\/uploads\/2019\/02\/jazzahead2018_cJanRathke_MesseBremen-1.jpg?fit=1200%2C600&ssl=1&resize=700%2C400 2x, https:\/\/i0.wp.com\/www.jazzzeitung.de\/cms\/wp-content\/uploads\/2019\/02\/jazzahead2018_cJanRathke_MesseBremen-1.jpg?fit=1200%2C600&ssl=1&resize=1050%2C600 3x"},"classes":[]},{"id":15775,"url":"https:\/\/www.jazzzeitung.de\/cms\/2018\/04\/radio-tipp-jazzfest-berlin-2017-albert-mangelsdorff-preis-fuer-angelika-niescier\/","url_meta":{"origin":15759,"position":5},"title":"Radio-Tipp: Jazzfest Berlin 2017 \u2013 Albert Mangelsdorff-Preis f\u00fcr Angelika Niescier","author":"Martin Hufner","date":"27. April 2018","format":false,"excerpt":"Im Zweijahres-Turnus vergibt die Union Deutscher Jazzmusiker (UDJ) seit 1994 den Deutschen Jazzpreis, benannt nach dem Posaunisten Albert Mangelsdorff. Gestiftet wird der mit 15.000 \u20ac dotierte Preis von der GEMA-Stiftung, der GVL, dem F\u00f6rderungs- und Hilfsfonds des Deutschen Komponistenverbands und dem F\u00f6rderkreis Jazz. Im Rahmen des Jazzfestes Berlin erhielt ihn\u2026","rel":"","context":"In &quot;Radio&quot;","block_context":{"text":"Radio","link":"https:\/\/www.jazzzeitung.de\/cms\/thema\/radio\/"},"img":{"alt_text":"Angelika Niescier im Trio und Albert Mangelsdorff Preis der UdJ. Foto: Petra Basche","src":"https:\/\/i0.wp.com\/www.jazzzeitung.de\/cms\/wp-content\/uploads\/2017\/11\/Jazzfest-Berlin-2017_Niescier_Mangelsdorff-Preis_0001-12.jpg?fit=1200%2C900&ssl=1&resize=350%2C200","width":350,"height":200,"srcset":"https:\/\/i0.wp.com\/www.jazzzeitung.de\/cms\/wp-content\/uploads\/2017\/11\/Jazzfest-Berlin-2017_Niescier_Mangelsdorff-Preis_0001-12.jpg?fit=1200%2C900&ssl=1&resize=350%2C200 1x, https:\/\/i0.wp.com\/www.jazzzeitung.de\/cms\/wp-content\/uploads\/2017\/11\/Jazzfest-Berlin-2017_Niescier_Mangelsdorff-Preis_0001-12.jpg?fit=1200%2C900&ssl=1&resize=525%2C300 1.5x, https:\/\/i0.wp.com\/www.jazzzeitung.de\/cms\/wp-content\/uploads\/2017\/11\/Jazzfest-Berlin-2017_Niescier_Mangelsdorff-Preis_0001-12.jpg?fit=1200%2C900&ssl=1&resize=700%2C400 2x, https:\/\/i0.wp.com\/www.jazzzeitung.de\/cms\/wp-content\/uploads\/2017\/11\/Jazzfest-Berlin-2017_Niescier_Mangelsdorff-Preis_0001-12.jpg?fit=1200%2C900&ssl=1&resize=1050%2C600 3x"},"classes":[]}],"jetpack_sharing_enabled":true,"_links":{"self":[{"href":"https:\/\/www.jazzzeitung.de\/cms\/wp-json\/wp\/v2\/posts\/15759","targetHints":{"allow":["GET"]}}],"collection":[{"href":"https:\/\/www.jazzzeitung.de\/cms\/wp-json\/wp\/v2\/posts"}],"about":[{"href":"https:\/\/www.jazzzeitung.de\/cms\/wp-json\/wp\/v2\/types\/post"}],"author":[{"embeddable":true,"href":"https:\/\/www.jazzzeitung.de\/cms\/wp-json\/wp\/v2\/users\/18"}],"replies":[{"embeddable":true,"href":"https:\/\/www.jazzzeitung.de\/cms\/wp-json\/wp\/v2\/comments?post=15759"}],"version-history":[{"count":9,"href":"https:\/\/www.jazzzeitung.de\/cms\/wp-json\/wp\/v2\/posts\/15759\/revisions"}],"predecessor-version":[{"id":15779,"href":"https:\/\/www.jazzzeitung.de\/cms\/wp-json\/wp\/v2\/posts\/15759\/revisions\/15779"}],"wp:featuredmedia":[{"embeddable":true,"href":"https:\/\/www.jazzzeitung.de\/cms\/wp-json\/wp\/v2\/media\/15764"}],"wp:attachment":[{"href":"https:\/\/www.jazzzeitung.de\/cms\/wp-json\/wp\/v2\/media?parent=15759"}],"wp:term":[{"taxonomy":"category","embeddable":true,"href":"https:\/\/www.jazzzeitung.de\/cms\/wp-json\/wp\/v2\/categories?post=15759"},{"taxonomy":"post_tag","embeddable":true,"href":"https:\/\/www.jazzzeitung.de\/cms\/wp-json\/wp\/v2\/tags?post=15759"},{"taxonomy":"author","embeddable":true,"href":"https:\/\/www.jazzzeitung.de\/cms\/wp-json\/wp\/v2\/coauthors?post=15759"}],"curies":[{"name":"wp","href":"https:\/\/api.w.org\/{rel}","templated":true}]}}