{"id":15719,"date":"2018-04-25T11:10:58","date_gmt":"2018-04-25T09:10:58","guid":{"rendered":"https:\/\/www.jazzzeitung.de\/cms\/?p=15719"},"modified":"2018-04-27T11:14:57","modified_gmt":"2018-04-27T09:14:57","slug":"konzertkritik-galvin-trio","status":"publish","type":"post","link":"https:\/\/www.jazzzeitung.de\/cms\/2018\/04\/konzertkritik-galvin-trio\/","title":{"rendered":"Konzertkritik: das Elliot Galvin Trio im Leeren Beutel"},"content":{"rendered":"<p><strong>Eine geh\u00f6rige Portion Enthusiasmus und k\u00fcnstlerischer Ehrgeiz. Abgesehen von Musikalit\u00e4t und technischer Brillanz, sind das die Eigenschaften die das britische Elliot Galvin Trio nach Regensburg gef\u00fchrt haben m\u00fcssen. Zwischen London, wo sie \u00f6fter auftreten, Manchester und Paris, dort gastieren sie demn\u00e4chst, war der Leere Beutel der einzige Auftrittsort in ganz Deutschland. Und der Jazzclub hat mit den, auf dem Kontinent noch unbekannten, jungen Musikern eine gute Nase f\u00fcr Talente bewiesen.<\/strong><\/p>\n<p>Das Konzert, schwach besucht zwar, offenbarte ein frisches, unkonventionelles und ungemein vielseitiges Trio. Das braucht dann auch weder Vergleiche mit anderen Jungstars wie Michael Wollny oder Lorenz Kellhuber zu scheuen, noch gr\u00fcndelt es in flachen Gew\u00e4ssern wie manche angesehene Jazztrios. Seit den Erfolgen von Trios wie E.S.T. oder von Brad Mehldau geh\u00f6rt diese Besetzung wieder zu den beliebtesten im Jazz und stellt entsprechend gro\u00dfe Anforderungen an junge Musiker. Der 27-j\u00e4hrige Elliot Galvin wurde bereits w\u00e4hrend des Studiums am renommierten Trinity College of Music mit Django Bates verglichen, einem der wichtigsten Masterminds des zeitgen\u00f6ssischen englischen Jazz. Mit ihm hat der blitzsaubere Pianist und Komponist einen gewissen Hang zum Eklektizismus gemeinsam. Dieser macht weder vor klassischen Bez\u00fcgen, Blues oder Marschrhythmen, noch vor sakral anmutenden Stimmungen oder freejazzartigen Ausbr\u00fcchen Halt. Ein wenig spr\u00f6de stiegen Tom McCredie an Kontrabass und Galvin mit ruhigen schwebenden Klangexperimenten ein, bevor sich Schlagzeuger Corrie Dick zu Wort meldet und deutlich machte, der Groove hat auch noch Platz in der \u201eNew Model Army\u201c. Die fast neoklassisch anmutende Komposition verdichtet sich in \u00fcberlagernden Rhythmen und ist aus dem \u00a0Album \u201eThe Influencing Machine\u201c. Das thematische Konzeptalbum verbindet auf geradezu geniale, man kann auch sagen verr\u00fcckte Weise Medizingeschichte und aktuelle Fragen technischer Manipulierbarkeit von uns allen. Ideengeber f\u00fcr Galvins musikalische Reisen ins Gehirn war ein gleichnamiges Buch von Mike Jay \u00fcber James Tilly Matthews, der als erster umf\u00e4nglich dokumentierter Fall von paranoider Schizophrenie in die Medizingeschichte einging. Dessen Wahnideen von Maschinen kontrolliert zu sein, haben Galvin animiert Parallelen zum Einfluss heutiger digitaler Technik musikalisch zu reflektieren. Das klingt ziemlich abgefahren und ist es in gewisser Weise auch. Komplexe St\u00fccke, intellektuell herausfordernd, wechseln mit einfachen Melodien voll lichter Stimmungen und gradlinigen Songs, von Dick weniger kraftvoll, als mit federnder Eleganz vorw\u00e4rts getrieben.<\/p>\n<p>Was den abwechslungsreichen Sound der Briten besonders macht, ist etwas, was gemeinhin als typisch britisch angesehen wird. In vielen St\u00fccken gurgelt ein skurriler Humor, der auch in Titeln wie \u201ePlanet Ping Pong\u201c und \u201eSociety of Universal Harmony\u201c steckt. Galvin selbst, ein gl\u00e4nzender Interpret seiner tiefgreifenden Ideen, setzt neben elektronischen Sounds auf dem Keyboard auch Kinderspielzeug und Plastikinstrumente konzeptionell und f\u00fcr kuriose Effekte ein. In Dick und McCredie, der mit weichem Spiel bezaubert und auf einigen St\u00fccken \u00fcberraschend auch eine punkig gef\u00e4rbte E-Gitarre spielt, hat der Bandleader gleichwertige Partner, die solistisch aber auch mit einem punktgenauen Zusammenspiel \u00fcberzeugen und begeistern. Bleibt zu w\u00fcnschen, dass der Club sich vom geringen ersten Besuch nicht abschrecken l\u00e4sst die aufstrebenden Talente im Auge zu behalten und erneut einzuladen.<\/p>\n<p>Von Michael Scheiner<\/p>\n<div class=\"tiled-gallery type-rectangular tiled-gallery-unresized\" data-original-width=\"840\" data-carousel-extra='{&quot;blog_id&quot;:1,&quot;permalink&quot;:&quot;https:\\\/\\\/www.jazzzeitung.de\\\/cms\\\/2018\\\/04\\\/konzertkritik-galvin-trio\\\/&quot;,&quot;likes_blog_id&quot;:55446655}' itemscope itemtype=\"http:\/\/schema.org\/ImageGallery\" > <div class=\"gallery-row\" style=\"width: 840px; height: 388px;\" data-original-width=\"840\" data-original-height=\"388\" > <div class=\"gallery-group images-1\" style=\"width: 580px; height: 388px;\" data-original-width=\"580\" data-original-height=\"388\" > <div class=\"tiled-gallery-item tiled-gallery-item-large\" itemprop=\"associatedMedia\" itemscope itemtype=\"http:\/\/schema.org\/ImageObject\"> <a href=\"https:\/\/www.jazzzeitung.de\/cms\/2018\/04\/konzertkritik-galvin-trio\/galvin-elliot_70\/\" border=\"0\" itemprop=\"url\"> <meta itemprop=\"width\" content=\"576\"> <meta itemprop=\"height\" content=\"384\"> <img decoding=\"async\" class=\"\" data-attachment-id=\"15725\" data-orig-file=\"https:\/\/www.jazzzeitung.de\/cms\/wp-content\/uploads\/2018\/04\/Galvin-Elliot_70.jpg\" data-orig-size=\"2362,1575\" data-comments-opened=\"1\" data-image-meta=\"{&quot;aperture&quot;:&quot;4.8&quot;,&quot;credit&quot;:&quot;MICHAEL Scheiner&quot;,&quot;camera&quot;:&quot;NIKON D7200&quot;,&quot;caption&quot;:&quot;&quot;,&quot;created_timestamp&quot;:&quot;1524169523&quot;,&quot;copyright&quot;:&quot;Michael Scheiner&quot;,&quot;focal_length&quot;:&quot;52&quot;,&quot;iso&quot;:&quot;3200&quot;,&quot;shutter_speed&quot;:&quot;0.016666666666667&quot;,&quot;title&quot;:&quot;&quot;,&quot;orientation&quot;:&quot;1&quot;}\" data-image-title=\"Galvin-Elliot_70\" data-image-description=\"\" data-medium-file=\"https:\/\/i0.wp.com\/www.jazzzeitung.de\/cms\/wp-content\/uploads\/2018\/04\/Galvin-Elliot_70.jpg?fit=300%2C200&#038;ssl=1\" data-large-file=\"https:\/\/i0.wp.com\/www.jazzzeitung.de\/cms\/wp-content\/uploads\/2018\/04\/Galvin-Elliot_70.jpg?fit=840%2C560&#038;ssl=1\" src=\"https:\/\/i0.wp.com\/www.jazzzeitung.de\/cms\/wp-content\/uploads\/2018\/04\/Galvin-Elliot_70.jpg?w=576&#038;h=384&#038;ssl=1\" srcset=\"https:\/\/i0.wp.com\/www.jazzzeitung.de\/cms\/wp-content\/uploads\/2018\/04\/Galvin-Elliot_70.jpg?w=2362&amp;ssl=1 2362w, https:\/\/i0.wp.com\/www.jazzzeitung.de\/cms\/wp-content\/uploads\/2018\/04\/Galvin-Elliot_70.jpg?resize=300%2C200&amp;ssl=1 300w, https:\/\/i0.wp.com\/www.jazzzeitung.de\/cms\/wp-content\/uploads\/2018\/04\/Galvin-Elliot_70.jpg?resize=768%2C512&amp;ssl=1 768w, https:\/\/i0.wp.com\/www.jazzzeitung.de\/cms\/wp-content\/uploads\/2018\/04\/Galvin-Elliot_70.jpg?resize=900%2C600&amp;ssl=1 900w, https:\/\/i0.wp.com\/www.jazzzeitung.de\/cms\/wp-content\/uploads\/2018\/04\/Galvin-Elliot_70.jpg?resize=600%2C400&amp;ssl=1 600w, https:\/\/i0.wp.com\/www.jazzzeitung.de\/cms\/wp-content\/uploads\/2018\/04\/Galvin-Elliot_70.jpg?resize=120%2C80&amp;ssl=1 120w, https:\/\/i0.wp.com\/www.jazzzeitung.de\/cms\/wp-content\/uploads\/2018\/04\/Galvin-Elliot_70.jpg?w=1680&amp;ssl=1 1680w\" width=\"576\" height=\"384\" loading=\"lazy\" data-original-width=\"576\" data-original-height=\"384\" itemprop=\"http:\/\/schema.org\/image\" title=\"Galvin-Elliot_70\" alt=\"Elliot Galvin. Foto: Michael Schreiner\" style=\"width: 576px; height: 384px;\" \/> <\/a> <div class=\"tiled-gallery-caption\" itemprop=\"caption description\"> Elliot Galvin. Foto: Michael Schreiner <\/div> <\/div> <\/div> <!-- close group --> <div class=\"gallery-group images-1\" style=\"width: 260px; height: 388px;\" data-original-width=\"260\" data-original-height=\"388\" > <div class=\"tiled-gallery-item tiled-gallery-item-large\" itemprop=\"associatedMedia\" itemscope itemtype=\"http:\/\/schema.org\/ImageObject\"> <a href=\"https:\/\/www.jazzzeitung.de\/cms\/2018\/04\/konzertkritik-galvin-trio\/dick-corrie_34\/\" border=\"0\" itemprop=\"url\"> <meta itemprop=\"width\" content=\"256\"> <meta itemprop=\"height\" content=\"384\"> <img decoding=\"async\" class=\"\" data-attachment-id=\"15721\" data-orig-file=\"https:\/\/www.jazzzeitung.de\/cms\/wp-content\/uploads\/2018\/04\/Dick-Corrie_34.jpg\" data-orig-size=\"1575,2362\" data-comments-opened=\"1\" data-image-meta=\"{&quot;aperture&quot;:&quot;7.1&quot;,&quot;credit&quot;:&quot;MICHAEL Scheiner&quot;,&quot;camera&quot;:&quot;NIKON D7200&quot;,&quot;caption&quot;:&quot;&quot;,&quot;created_timestamp&quot;:&quot;1524166707&quot;,&quot;copyright&quot;:&quot;Michael Scheiner&quot;,&quot;focal_length&quot;:&quot;52&quot;,&quot;iso&quot;:&quot;3200&quot;,&quot;shutter_speed&quot;:&quot;0.0125&quot;,&quot;title&quot;:&quot;&quot;,&quot;orientation&quot;:&quot;1&quot;}\" data-image-title=\"Dick-Corrie_34\" data-image-description=\"\" data-medium-file=\"https:\/\/i0.wp.com\/www.jazzzeitung.de\/cms\/wp-content\/uploads\/2018\/04\/Dick-Corrie_34.jpg?fit=200%2C300&#038;ssl=1\" data-large-file=\"https:\/\/i0.wp.com\/www.jazzzeitung.de\/cms\/wp-content\/uploads\/2018\/04\/Dick-Corrie_34.jpg?fit=400%2C600&#038;ssl=1\" src=\"https:\/\/i0.wp.com\/www.jazzzeitung.de\/cms\/wp-content\/uploads\/2018\/04\/Dick-Corrie_34.jpg?w=256&#038;h=384&#038;ssl=1\" srcset=\"https:\/\/i0.wp.com\/www.jazzzeitung.de\/cms\/wp-content\/uploads\/2018\/04\/Dick-Corrie_34.jpg?w=1575&amp;ssl=1 1575w, https:\/\/i0.wp.com\/www.jazzzeitung.de\/cms\/wp-content\/uploads\/2018\/04\/Dick-Corrie_34.jpg?resize=200%2C300&amp;ssl=1 200w, https:\/\/i0.wp.com\/www.jazzzeitung.de\/cms\/wp-content\/uploads\/2018\/04\/Dick-Corrie_34.jpg?resize=768%2C1152&amp;ssl=1 768w, https:\/\/i0.wp.com\/www.jazzzeitung.de\/cms\/wp-content\/uploads\/2018\/04\/Dick-Corrie_34.jpg?resize=400%2C600&amp;ssl=1 400w, https:\/\/i0.wp.com\/www.jazzzeitung.de\/cms\/wp-content\/uploads\/2018\/04\/Dick-Corrie_34.jpg?resize=600%2C900&amp;ssl=1 600w\" width=\"256\" height=\"384\" loading=\"lazy\" data-original-width=\"256\" data-original-height=\"384\" itemprop=\"http:\/\/schema.org\/image\" title=\"Dick-Corrie_34\" alt=\"Corrie Dick. Foto: Michael Schreiner\" style=\"width: 256px; height: 384px;\" \/> <\/a> <div class=\"tiled-gallery-caption\" itemprop=\"caption description\"> Corrie Dick. Foto: Michael Schreiner <\/div> <\/div> <\/div> <!-- close group --> <\/div> <!-- close row --> <div class=\"gallery-row\" style=\"width: 840px; height: 239px;\" data-original-width=\"840\" data-original-height=\"239\" > <div class=\"gallery-group images-1\" style=\"width: 161px; height: 239px;\" data-original-width=\"161\" data-original-height=\"239\" > <div class=\"tiled-gallery-item tiled-gallery-item-small\" itemprop=\"associatedMedia\" itemscope itemtype=\"http:\/\/schema.org\/ImageObject\"> <a href=\"https:\/\/www.jazzzeitung.de\/cms\/2018\/04\/konzertkritik-galvin-trio\/galvin-elliot_28\/\" border=\"0\" itemprop=\"url\"> <meta itemprop=\"width\" content=\"157\"> <meta itemprop=\"height\" content=\"235\"> <img decoding=\"async\" class=\"\" data-attachment-id=\"15722\" data-orig-file=\"https:\/\/www.jazzzeitung.de\/cms\/wp-content\/uploads\/2018\/04\/Galvin-Elliot_28.jpg\" data-orig-size=\"1575,2362\" data-comments-opened=\"1\" data-image-meta=\"{&quot;aperture&quot;:&quot;5&quot;,&quot;credit&quot;:&quot;MICHAEL Scheiner&quot;,&quot;camera&quot;:&quot;NIKON D7200&quot;,&quot;caption&quot;:&quot;&quot;,&quot;created_timestamp&quot;:&quot;1524166430&quot;,&quot;copyright&quot;:&quot;Michael Scheiner&quot;,&quot;focal_length&quot;:&quot;52&quot;,&quot;iso&quot;:&quot;3200&quot;,&quot;shutter_speed&quot;:&quot;0.0125&quot;,&quot;title&quot;:&quot;&quot;,&quot;orientation&quot;:&quot;1&quot;}\" data-image-title=\"Galvin-Elliot_28\" data-image-description=\"\" data-medium-file=\"https:\/\/i0.wp.com\/www.jazzzeitung.de\/cms\/wp-content\/uploads\/2018\/04\/Galvin-Elliot_28.jpg?fit=200%2C300&#038;ssl=1\" data-large-file=\"https:\/\/i0.wp.com\/www.jazzzeitung.de\/cms\/wp-content\/uploads\/2018\/04\/Galvin-Elliot_28.jpg?fit=400%2C600&#038;ssl=1\" src=\"https:\/\/i0.wp.com\/www.jazzzeitung.de\/cms\/wp-content\/uploads\/2018\/04\/Galvin-Elliot_28.jpg?w=157&#038;h=235&#038;ssl=1\" srcset=\"https:\/\/i0.wp.com\/www.jazzzeitung.de\/cms\/wp-content\/uploads\/2018\/04\/Galvin-Elliot_28.jpg?w=1575&amp;ssl=1 1575w, https:\/\/i0.wp.com\/www.jazzzeitung.de\/cms\/wp-content\/uploads\/2018\/04\/Galvin-Elliot_28.jpg?resize=200%2C300&amp;ssl=1 200w, https:\/\/i0.wp.com\/www.jazzzeitung.de\/cms\/wp-content\/uploads\/2018\/04\/Galvin-Elliot_28.jpg?resize=768%2C1152&amp;ssl=1 768w, https:\/\/i0.wp.com\/www.jazzzeitung.de\/cms\/wp-content\/uploads\/2018\/04\/Galvin-Elliot_28.jpg?resize=400%2C600&amp;ssl=1 400w, https:\/\/i0.wp.com\/www.jazzzeitung.de\/cms\/wp-content\/uploads\/2018\/04\/Galvin-Elliot_28.jpg?resize=600%2C900&amp;ssl=1 600w\" width=\"157\" height=\"235\" loading=\"lazy\" data-original-width=\"157\" data-original-height=\"235\" itemprop=\"http:\/\/schema.org\/image\" title=\"Galvin-Elliot_28\" alt=\"Elliot Galvin. Foto: Michael Schreiner\" style=\"width: 157px; height: 235px;\" \/> <\/a> <div class=\"tiled-gallery-caption\" itemprop=\"caption description\"> Elliot Galvin. Foto: Michael Schreiner <\/div> <\/div> <\/div> <!-- close group --> <div class=\"gallery-group images-1\" style=\"width: 161px; height: 239px;\" data-original-width=\"161\" data-original-height=\"239\" > <div class=\"tiled-gallery-item tiled-gallery-item-small\" itemprop=\"associatedMedia\" itemscope itemtype=\"http:\/\/schema.org\/ImageObject\"> <a href=\"https:\/\/www.jazzzeitung.de\/cms\/2018\/04\/konzertkritik-galvin-trio\/mccredie-tom_32\/\" border=\"0\" itemprop=\"url\"> <meta itemprop=\"width\" content=\"157\"> <meta itemprop=\"height\" content=\"235\"> <img decoding=\"async\" class=\"\" data-attachment-id=\"15727\" data-orig-file=\"https:\/\/www.jazzzeitung.de\/cms\/wp-content\/uploads\/2018\/04\/McCredie-Tom_32.jpg\" data-orig-size=\"1575,2362\" data-comments-opened=\"1\" data-image-meta=\"{&quot;aperture&quot;:&quot;7.1&quot;,&quot;credit&quot;:&quot;MICHAEL Scheiner&quot;,&quot;camera&quot;:&quot;NIKON D7200&quot;,&quot;caption&quot;:&quot;&quot;,&quot;created_timestamp&quot;:&quot;1524166526&quot;,&quot;copyright&quot;:&quot;Michael Scheiner&quot;,&quot;focal_length&quot;:&quot;90&quot;,&quot;iso&quot;:&quot;3200&quot;,&quot;shutter_speed&quot;:&quot;0.0125&quot;,&quot;title&quot;:&quot;&quot;,&quot;orientation&quot;:&quot;1&quot;}\" data-image-title=\"McCredie-Tom_32\" data-image-description=\"\" data-medium-file=\"https:\/\/i0.wp.com\/www.jazzzeitung.de\/cms\/wp-content\/uploads\/2018\/04\/McCredie-Tom_32.jpg?fit=200%2C300&#038;ssl=1\" data-large-file=\"https:\/\/i0.wp.com\/www.jazzzeitung.de\/cms\/wp-content\/uploads\/2018\/04\/McCredie-Tom_32.jpg?fit=400%2C600&#038;ssl=1\" src=\"https:\/\/i0.wp.com\/www.jazzzeitung.de\/cms\/wp-content\/uploads\/2018\/04\/McCredie-Tom_32.jpg?w=157&#038;h=235&#038;ssl=1\" srcset=\"https:\/\/i0.wp.com\/www.jazzzeitung.de\/cms\/wp-content\/uploads\/2018\/04\/McCredie-Tom_32.jpg?w=1575&amp;ssl=1 1575w, https:\/\/i0.wp.com\/www.jazzzeitung.de\/cms\/wp-content\/uploads\/2018\/04\/McCredie-Tom_32.jpg?resize=200%2C300&amp;ssl=1 200w, https:\/\/i0.wp.com\/www.jazzzeitung.de\/cms\/wp-content\/uploads\/2018\/04\/McCredie-Tom_32.jpg?resize=768%2C1152&amp;ssl=1 768w, https:\/\/i0.wp.com\/www.jazzzeitung.de\/cms\/wp-content\/uploads\/2018\/04\/McCredie-Tom_32.jpg?resize=400%2C600&amp;ssl=1 400w, https:\/\/i0.wp.com\/www.jazzzeitung.de\/cms\/wp-content\/uploads\/2018\/04\/McCredie-Tom_32.jpg?resize=600%2C900&amp;ssl=1 600w\" width=\"157\" height=\"235\" loading=\"lazy\" data-original-width=\"157\" data-original-height=\"235\" itemprop=\"http:\/\/schema.org\/image\" title=\"McCredie-Tom_32\" alt=\"Tom McCredie. Foto: Michael Schreiner\" style=\"width: 157px; height: 235px;\" \/> <\/a> <div class=\"tiled-gallery-caption\" itemprop=\"caption description\"> Tom McCredie. Foto: Michael Schreiner <\/div> <\/div> <\/div> <!-- close group --> <div class=\"gallery-group images-1\" style=\"width: 161px; height: 239px;\" data-original-width=\"161\" data-original-height=\"239\" > <div class=\"tiled-gallery-item tiled-gallery-item-small\" itemprop=\"associatedMedia\" itemscope itemtype=\"http:\/\/schema.org\/ImageObject\"> <a href=\"https:\/\/www.jazzzeitung.de\/cms\/2018\/04\/konzertkritik-galvin-trio\/galvin-elliot_40\/\" border=\"0\" itemprop=\"url\"> <meta itemprop=\"width\" content=\"157\"> <meta itemprop=\"height\" content=\"235\"> <img decoding=\"async\" class=\"\" data-attachment-id=\"15723\" data-orig-file=\"https:\/\/www.jazzzeitung.de\/cms\/wp-content\/uploads\/2018\/04\/Galvin-Elliot_40.jpg\" data-orig-size=\"1574,2362\" data-comments-opened=\"1\" data-image-meta=\"{&quot;aperture&quot;:&quot;8&quot;,&quot;credit&quot;:&quot;MICHAEL Scheiner&quot;,&quot;camera&quot;:&quot;NIKON D7200&quot;,&quot;caption&quot;:&quot;&quot;,&quot;created_timestamp&quot;:&quot;1524167623&quot;,&quot;copyright&quot;:&quot;Michael Scheiner&quot;,&quot;focal_length&quot;:&quot;75&quot;,&quot;iso&quot;:&quot;3200&quot;,&quot;shutter_speed&quot;:&quot;0.0125&quot;,&quot;title&quot;:&quot;&quot;,&quot;orientation&quot;:&quot;1&quot;}\" data-image-title=\"Galvin-Elliot_40\" data-image-description=\"\" data-medium-file=\"https:\/\/i0.wp.com\/www.jazzzeitung.de\/cms\/wp-content\/uploads\/2018\/04\/Galvin-Elliot_40.jpg?fit=200%2C300&#038;ssl=1\" data-large-file=\"https:\/\/i0.wp.com\/www.jazzzeitung.de\/cms\/wp-content\/uploads\/2018\/04\/Galvin-Elliot_40.jpg?fit=400%2C600&#038;ssl=1\" src=\"https:\/\/i0.wp.com\/www.jazzzeitung.de\/cms\/wp-content\/uploads\/2018\/04\/Galvin-Elliot_40.jpg?w=157&#038;h=235&#038;ssl=1\" srcset=\"https:\/\/i0.wp.com\/www.jazzzeitung.de\/cms\/wp-content\/uploads\/2018\/04\/Galvin-Elliot_40.jpg?w=1574&amp;ssl=1 1574w, https:\/\/i0.wp.com\/www.jazzzeitung.de\/cms\/wp-content\/uploads\/2018\/04\/Galvin-Elliot_40.jpg?resize=200%2C300&amp;ssl=1 200w, https:\/\/i0.wp.com\/www.jazzzeitung.de\/cms\/wp-content\/uploads\/2018\/04\/Galvin-Elliot_40.jpg?resize=768%2C1152&amp;ssl=1 768w, https:\/\/i0.wp.com\/www.jazzzeitung.de\/cms\/wp-content\/uploads\/2018\/04\/Galvin-Elliot_40.jpg?resize=400%2C600&amp;ssl=1 400w, https:\/\/i0.wp.com\/www.jazzzeitung.de\/cms\/wp-content\/uploads\/2018\/04\/Galvin-Elliot_40.jpg?resize=600%2C900&amp;ssl=1 600w\" width=\"157\" height=\"235\" loading=\"lazy\" data-original-width=\"157\" data-original-height=\"235\" itemprop=\"http:\/\/schema.org\/image\" title=\"Galvin-Elliot_40\" alt=\"Elliot Galvin. Foto: Michael Schreiner\" style=\"width: 157px; height: 235px;\" \/> <\/a> <div class=\"tiled-gallery-caption\" itemprop=\"caption description\"> Elliot Galvin. Foto: Michael Schreiner <\/div> <\/div> <\/div> <!-- close group --> <div class=\"gallery-group images-1\" style=\"width: 357px; height: 239px;\" data-original-width=\"357\" data-original-height=\"239\" > <div class=\"tiled-gallery-item tiled-gallery-item-large\" itemprop=\"associatedMedia\" itemscope itemtype=\"http:\/\/schema.org\/ImageObject\"> <a href=\"https:\/\/www.jazzzeitung.de\/cms\/2018\/04\/konzertkritik-galvin-trio\/galvin-elliot-trio_43\/\" border=\"0\" itemprop=\"url\"> <meta itemprop=\"width\" content=\"353\"> <meta itemprop=\"height\" content=\"235\"> <img decoding=\"async\" class=\"\" data-attachment-id=\"15726\" data-orig-file=\"https:\/\/www.jazzzeitung.de\/cms\/wp-content\/uploads\/2018\/04\/Galvin-Elliot-Trio_43.jpg\" data-orig-size=\"2362,1575\" data-comments-opened=\"1\" data-image-meta=\"{&quot;aperture&quot;:&quot;5.6&quot;,&quot;credit&quot;:&quot;MICHAEL Scheiner&quot;,&quot;camera&quot;:&quot;NIKON D7200&quot;,&quot;caption&quot;:&quot;&quot;,&quot;created_timestamp&quot;:&quot;1524167686&quot;,&quot;copyright&quot;:&quot;Michael Scheiner&quot;,&quot;focal_length&quot;:&quot;18&quot;,&quot;iso&quot;:&quot;3200&quot;,&quot;shutter_speed&quot;:&quot;0.0125&quot;,&quot;title&quot;:&quot;&quot;,&quot;orientation&quot;:&quot;1&quot;}\" data-image-title=\"Galvin-Elliot-Trio_43\" data-image-description=\"\" data-medium-file=\"https:\/\/i0.wp.com\/www.jazzzeitung.de\/cms\/wp-content\/uploads\/2018\/04\/Galvin-Elliot-Trio_43.jpg?fit=300%2C200&#038;ssl=1\" data-large-file=\"https:\/\/i0.wp.com\/www.jazzzeitung.de\/cms\/wp-content\/uploads\/2018\/04\/Galvin-Elliot-Trio_43.jpg?fit=840%2C560&#038;ssl=1\" src=\"https:\/\/i0.wp.com\/www.jazzzeitung.de\/cms\/wp-content\/uploads\/2018\/04\/Galvin-Elliot-Trio_43.jpg?w=353&#038;h=235&#038;ssl=1\" srcset=\"https:\/\/i0.wp.com\/www.jazzzeitung.de\/cms\/wp-content\/uploads\/2018\/04\/Galvin-Elliot-Trio_43.jpg?w=2362&amp;ssl=1 2362w, https:\/\/i0.wp.com\/www.jazzzeitung.de\/cms\/wp-content\/uploads\/2018\/04\/Galvin-Elliot-Trio_43.jpg?resize=300%2C200&amp;ssl=1 300w, https:\/\/i0.wp.com\/www.jazzzeitung.de\/cms\/wp-content\/uploads\/2018\/04\/Galvin-Elliot-Trio_43.jpg?resize=768%2C512&amp;ssl=1 768w, https:\/\/i0.wp.com\/www.jazzzeitung.de\/cms\/wp-content\/uploads\/2018\/04\/Galvin-Elliot-Trio_43.jpg?resize=900%2C600&amp;ssl=1 900w, https:\/\/i0.wp.com\/www.jazzzeitung.de\/cms\/wp-content\/uploads\/2018\/04\/Galvin-Elliot-Trio_43.jpg?resize=600%2C400&amp;ssl=1 600w, https:\/\/i0.wp.com\/www.jazzzeitung.de\/cms\/wp-content\/uploads\/2018\/04\/Galvin-Elliot-Trio_43.jpg?resize=120%2C80&amp;ssl=1 120w, https:\/\/i0.wp.com\/www.jazzzeitung.de\/cms\/wp-content\/uploads\/2018\/04\/Galvin-Elliot-Trio_43.jpg?w=1680&amp;ssl=1 1680w\" width=\"353\" height=\"235\" loading=\"lazy\" data-original-width=\"353\" data-original-height=\"235\" itemprop=\"http:\/\/schema.org\/image\" title=\"Galvin-Elliot-Trio_43\" alt=\"Galvin Elliot Trio. Foto: Michael Schreiner\" style=\"width: 353px; height: 235px;\" \/> <\/a> <div class=\"tiled-gallery-caption\" itemprop=\"caption description\"> Galvin Elliot Trio. Foto: Michael Schreiner <\/div> <\/div> <\/div> <!-- close group --> <\/div> <!-- close row --> <div class=\"gallery-row\" style=\"width: 840px; height: 388px;\" data-original-width=\"840\" data-original-height=\"388\" > <div class=\"gallery-group images-1\" style=\"width: 580px; height: 388px;\" data-original-width=\"580\" data-original-height=\"388\" > <div class=\"tiled-gallery-item tiled-gallery-item-large\" itemprop=\"associatedMedia\" itemscope itemtype=\"http:\/\/schema.org\/ImageObject\"> <a href=\"https:\/\/www.jazzzeitung.de\/cms\/2018\/04\/konzertkritik-galvin-trio\/galvin-elliot_52\/\" border=\"0\" itemprop=\"url\"> <meta itemprop=\"width\" content=\"576\"> <meta itemprop=\"height\" content=\"384\"> <img decoding=\"async\" class=\"\" data-attachment-id=\"15724\" data-orig-file=\"https:\/\/www.jazzzeitung.de\/cms\/wp-content\/uploads\/2018\/04\/Galvin-Elliot_52.jpg\" data-orig-size=\"2362,1575\" data-comments-opened=\"1\" data-image-meta=\"{&quot;aperture&quot;:&quot;5.6&quot;,&quot;credit&quot;:&quot;MICHAEL Scheiner&quot;,&quot;camera&quot;:&quot;NIKON D7200&quot;,&quot;caption&quot;:&quot;&quot;,&quot;created_timestamp&quot;:&quot;1524167841&quot;,&quot;copyright&quot;:&quot;Michael Scheiner&quot;,&quot;focal_length&quot;:&quot;90&quot;,&quot;iso&quot;:&quot;3200&quot;,&quot;shutter_speed&quot;:&quot;0.0125&quot;,&quot;title&quot;:&quot;&quot;,&quot;orientation&quot;:&quot;1&quot;}\" data-image-title=\"Galvin-Elliot_52\" data-image-description=\"\" data-medium-file=\"https:\/\/i0.wp.com\/www.jazzzeitung.de\/cms\/wp-content\/uploads\/2018\/04\/Galvin-Elliot_52.jpg?fit=300%2C200&#038;ssl=1\" data-large-file=\"https:\/\/i0.wp.com\/www.jazzzeitung.de\/cms\/wp-content\/uploads\/2018\/04\/Galvin-Elliot_52.jpg?fit=840%2C560&#038;ssl=1\" src=\"https:\/\/i0.wp.com\/www.jazzzeitung.de\/cms\/wp-content\/uploads\/2018\/04\/Galvin-Elliot_52.jpg?w=576&#038;h=384&#038;ssl=1\" srcset=\"https:\/\/i0.wp.com\/www.jazzzeitung.de\/cms\/wp-content\/uploads\/2018\/04\/Galvin-Elliot_52.jpg?w=2362&amp;ssl=1 2362w, https:\/\/i0.wp.com\/www.jazzzeitung.de\/cms\/wp-content\/uploads\/2018\/04\/Galvin-Elliot_52.jpg?resize=300%2C200&amp;ssl=1 300w, https:\/\/i0.wp.com\/www.jazzzeitung.de\/cms\/wp-content\/uploads\/2018\/04\/Galvin-Elliot_52.jpg?resize=768%2C512&amp;ssl=1 768w, https:\/\/i0.wp.com\/www.jazzzeitung.de\/cms\/wp-content\/uploads\/2018\/04\/Galvin-Elliot_52.jpg?resize=900%2C600&amp;ssl=1 900w, https:\/\/i0.wp.com\/www.jazzzeitung.de\/cms\/wp-content\/uploads\/2018\/04\/Galvin-Elliot_52.jpg?resize=600%2C400&amp;ssl=1 600w, https:\/\/i0.wp.com\/www.jazzzeitung.de\/cms\/wp-content\/uploads\/2018\/04\/Galvin-Elliot_52.jpg?resize=120%2C80&amp;ssl=1 120w, https:\/\/i0.wp.com\/www.jazzzeitung.de\/cms\/wp-content\/uploads\/2018\/04\/Galvin-Elliot_52.jpg?w=1680&amp;ssl=1 1680w\" width=\"576\" height=\"384\" loading=\"lazy\" data-original-width=\"576\" data-original-height=\"384\" itemprop=\"http:\/\/schema.org\/image\" title=\"Galvin-Elliot_52\" alt=\"Elliot Galvin. Foto: Michael Schreiner\" style=\"width: 576px; height: 384px;\" \/> <\/a> <div class=\"tiled-gallery-caption\" itemprop=\"caption description\"> Elliot Galvin. Foto: Michael Schreiner <\/div> <\/div> <\/div> <!-- close group --> <div class=\"gallery-group images-1\" style=\"width: 260px; height: 388px;\" data-original-width=\"260\" data-original-height=\"388\" > <div class=\"tiled-gallery-item tiled-gallery-item-large\" itemprop=\"associatedMedia\" itemscope itemtype=\"http:\/\/schema.org\/ImageObject\"> <a href=\"https:\/\/www.jazzzeitung.de\/cms\/2018\/04\/konzertkritik-galvin-trio\/mccredie-tom_44\/\" border=\"0\" itemprop=\"url\"> <meta itemprop=\"width\" content=\"256\"> <meta itemprop=\"height\" content=\"384\"> <img decoding=\"async\" class=\"\" data-attachment-id=\"15728\" data-orig-file=\"https:\/\/www.jazzzeitung.de\/cms\/wp-content\/uploads\/2018\/04\/McCredie-Tom_44.jpg\" data-orig-size=\"1575,2362\" data-comments-opened=\"1\" data-image-meta=\"{&quot;aperture&quot;:&quot;5.6&quot;,&quot;credit&quot;:&quot;MICHAEL Scheiner&quot;,&quot;camera&quot;:&quot;NIKON D7200&quot;,&quot;caption&quot;:&quot;&quot;,&quot;created_timestamp&quot;:&quot;1524167717&quot;,&quot;copyright&quot;:&quot;Michael Scheiner&quot;,&quot;focal_length&quot;:&quot;90&quot;,&quot;iso&quot;:&quot;3200&quot;,&quot;shutter_speed&quot;:&quot;0.0125&quot;,&quot;title&quot;:&quot;&quot;,&quot;orientation&quot;:&quot;1&quot;}\" data-image-title=\"McCredie-Tom_44\" data-image-description=\"\" data-medium-file=\"https:\/\/i0.wp.com\/www.jazzzeitung.de\/cms\/wp-content\/uploads\/2018\/04\/McCredie-Tom_44.jpg?fit=200%2C300&#038;ssl=1\" data-large-file=\"https:\/\/i0.wp.com\/www.jazzzeitung.de\/cms\/wp-content\/uploads\/2018\/04\/McCredie-Tom_44.jpg?fit=400%2C600&#038;ssl=1\" src=\"https:\/\/i0.wp.com\/www.jazzzeitung.de\/cms\/wp-content\/uploads\/2018\/04\/McCredie-Tom_44.jpg?w=256&#038;h=384&#038;ssl=1\" srcset=\"https:\/\/i0.wp.com\/www.jazzzeitung.de\/cms\/wp-content\/uploads\/2018\/04\/McCredie-Tom_44.jpg?w=1575&amp;ssl=1 1575w, https:\/\/i0.wp.com\/www.jazzzeitung.de\/cms\/wp-content\/uploads\/2018\/04\/McCredie-Tom_44.jpg?resize=200%2C300&amp;ssl=1 200w, https:\/\/i0.wp.com\/www.jazzzeitung.de\/cms\/wp-content\/uploads\/2018\/04\/McCredie-Tom_44.jpg?resize=768%2C1152&amp;ssl=1 768w, https:\/\/i0.wp.com\/www.jazzzeitung.de\/cms\/wp-content\/uploads\/2018\/04\/McCredie-Tom_44.jpg?resize=400%2C600&amp;ssl=1 400w, https:\/\/i0.wp.com\/www.jazzzeitung.de\/cms\/wp-content\/uploads\/2018\/04\/McCredie-Tom_44.jpg?resize=600%2C900&amp;ssl=1 600w\" width=\"256\" height=\"384\" loading=\"lazy\" data-original-width=\"256\" data-original-height=\"384\" itemprop=\"http:\/\/schema.org\/image\" title=\"McCredie-Tom_44\" alt=\"Tom McCredie. Foto: Michael Schreiner\" style=\"width: 256px; height: 384px;\" \/> <\/a> <div class=\"tiled-gallery-caption\" itemprop=\"caption description\"> Tom McCredie. Foto: Michael Schreiner <\/div> <\/div> <\/div> <!-- close group --> <\/div> <!-- close row --> <\/div>\n","protected":false},"excerpt":{"rendered":"<p>Eine geh\u00f6rige Portion Enthusiasmus und k\u00fcnstlerischer Ehrgeiz. Abgesehen von Musikalit\u00e4t und technischer Brillanz, sind das die Eigenschaften die das britische Elliot Galvin Trio nach Regensburg gef\u00fchrt haben m\u00fcssen. Zwischen London, wo sie \u00f6fter auftreten, Manchester und Paris, dort gastieren sie demn\u00e4chst, war der Leere Beutel der einzige Auftrittsort in ganz Deutschland. Und der Jazzclub hat mit den, auf dem Kontinent noch unbekannten, jungen Musikern eine gute Nase f\u00fcr Talente bewiesen. Das Konzert, schwach besucht zwar, offenbarte ein frisches, unkonventionelles und ungemein vielseitiges Trio. Das braucht dann auch weder Vergleiche mit anderen Jungstars wie Michael Wollny oder Lorenz Kellhuber zu scheuen, noch gr\u00fcndelt es in flachen Gew\u00e4ssern wie manche angesehene Jazztrios. Seit den Erfolgen von Trios wie E.S.T. oder von Brad Mehldau geh\u00f6rt diese Besetzung wieder zu den beliebtesten im Jazz und stellt entsprechend gro\u00dfe Anforderungen an junge Musiker. Der 27-j\u00e4hrige Elliot Galvin wurde bereits w\u00e4hrend des Studiums am renommierten Trinity College of Music mit Django Bates verglichen, einem der wichtigsten Masterminds des zeitgen\u00f6ssischen englischen Jazz. Mit ihm hat der blitzsaubere Pianist und Komponist einen gewissen Hang zum Eklektizismus gemeinsam. Dieser macht weder vor klassischen Bez\u00fcgen, &hellip;<\/p>\n","protected":false},"author":18,"featured_media":15725,"comment_status":"open","ping_status":"closed","sticky":false,"template":"","format":"standard","meta":{"_jetpack_memberships_contains_paid_content":false,"footnotes":"","jetpack_publicize_message":"","jetpack_publicize_feature_enabled":true,"jetpack_social_post_already_shared":false,"jetpack_social_options":{"image_generator_settings":{"template":"highway","default_image_id":0,"font":"","enabled":false},"version":2}},"categories":[1053],"tags":[34,83,1334,97,120,137,145,946,1876,271,322,324,359,1036,387,388,431,1797,1356,572],"coauthors":[695],"class_list":["post-15719","post","type-post","status-publish","format-standard","has-post-thumbnail","hentry","category-bericht","tag-album","tag-blues","tag-brad-mehldau","tag-buch","tag-club","tag-deutschland","tag-django-bates","tag-elliot-galvin-trio","tag-jazz","tag-jazzclub","tag-konzert-2","tag-konzertkritik","tag-london","tag-lorenz-kellhuber","tag-michael-scheiner","tag-michael-wollny","tag-paris","tag-regensburg","tag-trio","tag-universal"],"yoast_head":"<!-- This site is optimized with the Yoast SEO plugin v27.5 - https:\/\/yoast.com\/product\/yoast-seo-wordpress\/ -->\n<title>Konzertkritik: das Elliot Galvin Trio im Leeren Beutel - JazzZeitung<\/title>\n<meta name=\"robots\" content=\"index, follow, max-snippet:-1, max-image-preview:large, max-video-preview:-1\" \/>\n<link rel=\"canonical\" href=\"https:\/\/www.jazzzeitung.de\/cms\/2018\/04\/konzertkritik-galvin-trio\/\" \/>\n<meta property=\"og:locale\" content=\"de_DE\" \/>\n<meta property=\"og:type\" content=\"article\" \/>\n<meta property=\"og:title\" content=\"Konzertkritik: das Elliot Galvin Trio im Leeren Beutel - JazzZeitung\" \/>\n<meta property=\"og:description\" content=\"Eine geh\u00f6rige Portion Enthusiasmus und k\u00fcnstlerischer Ehrgeiz. Abgesehen von Musikalit\u00e4t und technischer Brillanz, sind das die Eigenschaften die das britische Elliot Galvin Trio nach Regensburg gef\u00fchrt haben m\u00fcssen. Zwischen London, wo sie \u00f6fter auftreten, Manchester und Paris, dort gastieren sie demn\u00e4chst, war der Leere Beutel der einzige Auftrittsort in ganz Deutschland. Und der Jazzclub hat mit den, auf dem Kontinent noch unbekannten, jungen Musikern eine gute Nase f\u00fcr Talente bewiesen. Das Konzert, schwach besucht zwar, offenbarte ein frisches, unkonventionelles und ungemein vielseitiges Trio. Das braucht dann auch weder Vergleiche mit anderen Jungstars wie Michael Wollny oder Lorenz Kellhuber zu scheuen, noch gr\u00fcndelt es in flachen Gew\u00e4ssern wie manche angesehene Jazztrios. Seit den Erfolgen von Trios wie E.S.T. oder von Brad Mehldau geh\u00f6rt diese Besetzung wieder zu den beliebtesten im Jazz und stellt entsprechend gro\u00dfe Anforderungen an junge Musiker. Der 27-j\u00e4hrige Elliot Galvin wurde bereits w\u00e4hrend des Studiums am renommierten Trinity College of Music mit Django Bates verglichen, einem der wichtigsten Masterminds des zeitgen\u00f6ssischen englischen Jazz. Mit ihm hat der blitzsaubere Pianist und Komponist einen gewissen Hang zum Eklektizismus gemeinsam. Dieser macht weder vor klassischen Bez\u00fcgen, &hellip;\" \/>\n<meta property=\"og:url\" content=\"https:\/\/www.jazzzeitung.de\/cms\/2018\/04\/konzertkritik-galvin-trio\/\" \/>\n<meta property=\"og:site_name\" content=\"JazzZeitung\" \/>\n<meta property=\"article:publisher\" content=\"https:\/\/www.facebook.com\/JazzZeitung\/\" \/>\n<meta property=\"article:published_time\" content=\"2018-04-25T09:10:58+00:00\" \/>\n<meta property=\"article:modified_time\" content=\"2018-04-27T09:14:57+00:00\" \/>\n<meta property=\"og:image\" content=\"https:\/\/www.jazzzeitung.de\/cms\/wp-content\/uploads\/2018\/04\/Galvin-Elliot_70-900x600.jpg\" \/>\n\t<meta property=\"og:image:width\" content=\"900\" \/>\n\t<meta property=\"og:image:height\" content=\"600\" \/>\n\t<meta property=\"og:image:type\" content=\"image\/jpeg\" \/>\n<meta name=\"author\" content=\"Redaktion JazzZeitung\" \/>\n<script type=\"application\/ld+json\" class=\"yoast-schema-graph\">{\"@context\":\"https:\\\/\\\/schema.org\",\"@graph\":[{\"@type\":\"Article\",\"@id\":\"https:\\\/\\\/www.jazzzeitung.de\\\/cms\\\/2018\\\/04\\\/konzertkritik-galvin-trio\\\/#article\",\"isPartOf\":{\"@id\":\"https:\\\/\\\/www.jazzzeitung.de\\\/cms\\\/2018\\\/04\\\/konzertkritik-galvin-trio\\\/\"},\"author\":{\"name\":\"Redaktion JazzZeitung\",\"@id\":\"https:\\\/\\\/www.jazzzeitung.de\\\/cms\\\/#\\\/schema\\\/person\\\/2245b36b9cd1d24cea10f01c031fb92b\"},\"headline\":\"Konzertkritik: das Elliot Galvin Trio im Leeren Beutel\",\"datePublished\":\"2018-04-25T09:10:58+00:00\",\"dateModified\":\"2018-04-27T09:14:57+00:00\",\"mainEntityOfPage\":{\"@id\":\"https:\\\/\\\/www.jazzzeitung.de\\\/cms\\\/2018\\\/04\\\/konzertkritik-galvin-trio\\\/\"},\"wordCount\":528,\"commentCount\":0,\"publisher\":{\"@id\":\"https:\\\/\\\/www.jazzzeitung.de\\\/cms\\\/#organization\"},\"image\":{\"@id\":\"https:\\\/\\\/www.jazzzeitung.de\\\/cms\\\/2018\\\/04\\\/konzertkritik-galvin-trio\\\/#primaryimage\"},\"thumbnailUrl\":\"https:\\\/\\\/i0.wp.com\\\/www.jazzzeitung.de\\\/cms\\\/wp-content\\\/uploads\\\/2018\\\/04\\\/Galvin-Elliot_70.jpg?fit=2362%2C1575&ssl=1\",\"keywords\":[\"Album\",\"Blues\",\"Brad Mehldau\",\"Buch\",\"Club\",\"Deutschland\",\"Django Bates\",\"Elliot Galvin Trio\",\"Jazz\",\"Jazzclub\",\"Konzert\",\"Konzertkritik\",\"London\",\"Lorenz Kellhuber\",\"Michael Scheiner\",\"Michael Wollny\",\"Paris\",\"Regensburg\",\"trio\",\"Universal\"],\"articleSection\":[\"Bericht\"],\"inLanguage\":\"de\",\"potentialAction\":[{\"@type\":\"CommentAction\",\"name\":\"Comment\",\"target\":[\"https:\\\/\\\/www.jazzzeitung.de\\\/cms\\\/2018\\\/04\\\/konzertkritik-galvin-trio\\\/#respond\"]}]},{\"@type\":\"WebPage\",\"@id\":\"https:\\\/\\\/www.jazzzeitung.de\\\/cms\\\/2018\\\/04\\\/konzertkritik-galvin-trio\\\/\",\"url\":\"https:\\\/\\\/www.jazzzeitung.de\\\/cms\\\/2018\\\/04\\\/konzertkritik-galvin-trio\\\/\",\"name\":\"Konzertkritik: das Elliot Galvin Trio im Leeren Beutel - JazzZeitung\",\"isPartOf\":{\"@id\":\"https:\\\/\\\/www.jazzzeitung.de\\\/cms\\\/#website\"},\"primaryImageOfPage\":{\"@id\":\"https:\\\/\\\/www.jazzzeitung.de\\\/cms\\\/2018\\\/04\\\/konzertkritik-galvin-trio\\\/#primaryimage\"},\"image\":{\"@id\":\"https:\\\/\\\/www.jazzzeitung.de\\\/cms\\\/2018\\\/04\\\/konzertkritik-galvin-trio\\\/#primaryimage\"},\"thumbnailUrl\":\"https:\\\/\\\/i0.wp.com\\\/www.jazzzeitung.de\\\/cms\\\/wp-content\\\/uploads\\\/2018\\\/04\\\/Galvin-Elliot_70.jpg?fit=2362%2C1575&ssl=1\",\"datePublished\":\"2018-04-25T09:10:58+00:00\",\"dateModified\":\"2018-04-27T09:14:57+00:00\",\"breadcrumb\":{\"@id\":\"https:\\\/\\\/www.jazzzeitung.de\\\/cms\\\/2018\\\/04\\\/konzertkritik-galvin-trio\\\/#breadcrumb\"},\"inLanguage\":\"de\",\"potentialAction\":[{\"@type\":\"ReadAction\",\"target\":[\"https:\\\/\\\/www.jazzzeitung.de\\\/cms\\\/2018\\\/04\\\/konzertkritik-galvin-trio\\\/\"]}]},{\"@type\":\"ImageObject\",\"inLanguage\":\"de\",\"@id\":\"https:\\\/\\\/www.jazzzeitung.de\\\/cms\\\/2018\\\/04\\\/konzertkritik-galvin-trio\\\/#primaryimage\",\"url\":\"https:\\\/\\\/i0.wp.com\\\/www.jazzzeitung.de\\\/cms\\\/wp-content\\\/uploads\\\/2018\\\/04\\\/Galvin-Elliot_70.jpg?fit=2362%2C1575&ssl=1\",\"contentUrl\":\"https:\\\/\\\/i0.wp.com\\\/www.jazzzeitung.de\\\/cms\\\/wp-content\\\/uploads\\\/2018\\\/04\\\/Galvin-Elliot_70.jpg?fit=2362%2C1575&ssl=1\",\"width\":2362,\"height\":1575,\"caption\":\"Elliot Galvin. Foto: Michael Schreiner\"},{\"@type\":\"BreadcrumbList\",\"@id\":\"https:\\\/\\\/www.jazzzeitung.de\\\/cms\\\/2018\\\/04\\\/konzertkritik-galvin-trio\\\/#breadcrumb\",\"itemListElement\":[{\"@type\":\"ListItem\",\"position\":1,\"name\":\"Startseite\",\"item\":\"https:\\\/\\\/www.jazzzeitung.de\\\/cms\\\/\"},{\"@type\":\"ListItem\",\"position\":2,\"name\":\"Konzertkritik: das Elliot Galvin Trio im Leeren Beutel\"}]},{\"@type\":\"WebSite\",\"@id\":\"https:\\\/\\\/www.jazzzeitung.de\\\/cms\\\/#website\",\"url\":\"https:\\\/\\\/www.jazzzeitung.de\\\/cms\\\/\",\"name\":\"JazzZeitung\",\"description\":\"Jazz-News und Jazz-Kontroverses\",\"publisher\":{\"@id\":\"https:\\\/\\\/www.jazzzeitung.de\\\/cms\\\/#organization\"},\"potentialAction\":[{\"@type\":\"SearchAction\",\"target\":{\"@type\":\"EntryPoint\",\"urlTemplate\":\"https:\\\/\\\/www.jazzzeitung.de\\\/cms\\\/?s={search_term_string}\"},\"query-input\":{\"@type\":\"PropertyValueSpecification\",\"valueRequired\":true,\"valueName\":\"search_term_string\"}}],\"inLanguage\":\"de\"},{\"@type\":\"Organization\",\"@id\":\"https:\\\/\\\/www.jazzzeitung.de\\\/cms\\\/#organization\",\"name\":\"JazzZeitung online\",\"url\":\"https:\\\/\\\/www.jazzzeitung.de\\\/cms\\\/\",\"logo\":{\"@type\":\"ImageObject\",\"inLanguage\":\"de\",\"@id\":\"https:\\\/\\\/www.jazzzeitung.de\\\/cms\\\/#\\\/schema\\\/logo\\\/image\\\/\",\"url\":\"https:\\\/\\\/i0.wp.com\\\/www.jazzzeitung.de\\\/cms\\\/wp-content\\\/uploads\\\/2015\\\/08\\\/JAZZZEITUNGDE_Logo_Neu.png?fit=499%2C200&ssl=1\",\"contentUrl\":\"https:\\\/\\\/i0.wp.com\\\/www.jazzzeitung.de\\\/cms\\\/wp-content\\\/uploads\\\/2015\\\/08\\\/JAZZZEITUNGDE_Logo_Neu.png?fit=499%2C200&ssl=1\",\"width\":499,\"height\":200,\"caption\":\"JazzZeitung online\"},\"image\":{\"@id\":\"https:\\\/\\\/www.jazzzeitung.de\\\/cms\\\/#\\\/schema\\\/logo\\\/image\\\/\"},\"sameAs\":[\"https:\\\/\\\/www.facebook.com\\\/JazzZeitung\\\/\"]},{\"@type\":\"Person\",\"@id\":\"https:\\\/\\\/www.jazzzeitung.de\\\/cms\\\/#\\\/schema\\\/person\\\/2245b36b9cd1d24cea10f01c031fb92b\",\"name\":\"Redaktion JazzZeitung\",\"image\":{\"@type\":\"ImageObject\",\"inLanguage\":\"de\",\"@id\":\"https:\\\/\\\/i0.wp.com\\\/www.jazzzeitung.de\\\/cms\\\/wp-content\\\/uploads\\\/2015\\\/08\\\/JAZZZEITUNGDE_Logo_Neu.png?resize=96%2C96&ssl=159975dcacb611b5700bd619b5daf0a7a\",\"url\":\"https:\\\/\\\/i0.wp.com\\\/www.jazzzeitung.de\\\/cms\\\/wp-content\\\/uploads\\\/2015\\\/08\\\/JAZZZEITUNGDE_Logo_Neu.png?resize=96%2C96&ssl=1\",\"contentUrl\":\"https:\\\/\\\/i0.wp.com\\\/www.jazzzeitung.de\\\/cms\\\/wp-content\\\/uploads\\\/2015\\\/08\\\/JAZZZEITUNGDE_Logo_Neu.png?resize=96%2C96&ssl=1\",\"caption\":\"Redaktion JazzZeitung\"},\"description\":\"Artikel der Redaktion der JazzZeitung.\",\"sameAs\":[\"http:\\\/\\\/www.jazzzeitung.de\\\/cms\\\/\"],\"url\":\"https:\\\/\\\/www.jazzzeitung.de\\\/cms\\\/author\\\/redaktion\\\/\"}]}<\/script>\n<!-- \/ Yoast SEO plugin. -->","yoast_head_json":{"title":"Konzertkritik: das Elliot Galvin Trio im Leeren Beutel - JazzZeitung","robots":{"index":"index","follow":"follow","max-snippet":"max-snippet:-1","max-image-preview":"max-image-preview:large","max-video-preview":"max-video-preview:-1"},"canonical":"https:\/\/www.jazzzeitung.de\/cms\/2018\/04\/konzertkritik-galvin-trio\/","og_locale":"de_DE","og_type":"article","og_title":"Konzertkritik: das Elliot Galvin Trio im Leeren Beutel - JazzZeitung","og_description":"Eine geh\u00f6rige Portion Enthusiasmus und k\u00fcnstlerischer Ehrgeiz. Abgesehen von Musikalit\u00e4t und technischer Brillanz, sind das die Eigenschaften die das britische Elliot Galvin Trio nach Regensburg gef\u00fchrt haben m\u00fcssen. Zwischen London, wo sie \u00f6fter auftreten, Manchester und Paris, dort gastieren sie demn\u00e4chst, war der Leere Beutel der einzige Auftrittsort in ganz Deutschland. Und der Jazzclub hat mit den, auf dem Kontinent noch unbekannten, jungen Musikern eine gute Nase f\u00fcr Talente bewiesen. Das Konzert, schwach besucht zwar, offenbarte ein frisches, unkonventionelles und ungemein vielseitiges Trio. Das braucht dann auch weder Vergleiche mit anderen Jungstars wie Michael Wollny oder Lorenz Kellhuber zu scheuen, noch gr\u00fcndelt es in flachen Gew\u00e4ssern wie manche angesehene Jazztrios. Seit den Erfolgen von Trios wie E.S.T. oder von Brad Mehldau geh\u00f6rt diese Besetzung wieder zu den beliebtesten im Jazz und stellt entsprechend gro\u00dfe Anforderungen an junge Musiker. Der 27-j\u00e4hrige Elliot Galvin wurde bereits w\u00e4hrend des Studiums am renommierten Trinity College of Music mit Django Bates verglichen, einem der wichtigsten Masterminds des zeitgen\u00f6ssischen englischen Jazz. Mit ihm hat der blitzsaubere Pianist und Komponist einen gewissen Hang zum Eklektizismus gemeinsam. Dieser macht weder vor klassischen Bez\u00fcgen, &hellip;","og_url":"https:\/\/www.jazzzeitung.de\/cms\/2018\/04\/konzertkritik-galvin-trio\/","og_site_name":"JazzZeitung","article_publisher":"https:\/\/www.facebook.com\/JazzZeitung\/","article_published_time":"2018-04-25T09:10:58+00:00","article_modified_time":"2018-04-27T09:14:57+00:00","og_image":[{"width":900,"height":600,"url":"https:\/\/www.jazzzeitung.de\/cms\/wp-content\/uploads\/2018\/04\/Galvin-Elliot_70-900x600.jpg","type":"image\/jpeg"}],"author":"Redaktion JazzZeitung","schema":{"@context":"https:\/\/schema.org","@graph":[{"@type":"Article","@id":"https:\/\/www.jazzzeitung.de\/cms\/2018\/04\/konzertkritik-galvin-trio\/#article","isPartOf":{"@id":"https:\/\/www.jazzzeitung.de\/cms\/2018\/04\/konzertkritik-galvin-trio\/"},"author":{"name":"Redaktion JazzZeitung","@id":"https:\/\/www.jazzzeitung.de\/cms\/#\/schema\/person\/2245b36b9cd1d24cea10f01c031fb92b"},"headline":"Konzertkritik: das Elliot Galvin Trio im Leeren Beutel","datePublished":"2018-04-25T09:10:58+00:00","dateModified":"2018-04-27T09:14:57+00:00","mainEntityOfPage":{"@id":"https:\/\/www.jazzzeitung.de\/cms\/2018\/04\/konzertkritik-galvin-trio\/"},"wordCount":528,"commentCount":0,"publisher":{"@id":"https:\/\/www.jazzzeitung.de\/cms\/#organization"},"image":{"@id":"https:\/\/www.jazzzeitung.de\/cms\/2018\/04\/konzertkritik-galvin-trio\/#primaryimage"},"thumbnailUrl":"https:\/\/i0.wp.com\/www.jazzzeitung.de\/cms\/wp-content\/uploads\/2018\/04\/Galvin-Elliot_70.jpg?fit=2362%2C1575&ssl=1","keywords":["Album","Blues","Brad Mehldau","Buch","Club","Deutschland","Django Bates","Elliot Galvin Trio","Jazz","Jazzclub","Konzert","Konzertkritik","London","Lorenz Kellhuber","Michael Scheiner","Michael Wollny","Paris","Regensburg","trio","Universal"],"articleSection":["Bericht"],"inLanguage":"de","potentialAction":[{"@type":"CommentAction","name":"Comment","target":["https:\/\/www.jazzzeitung.de\/cms\/2018\/04\/konzertkritik-galvin-trio\/#respond"]}]},{"@type":"WebPage","@id":"https:\/\/www.jazzzeitung.de\/cms\/2018\/04\/konzertkritik-galvin-trio\/","url":"https:\/\/www.jazzzeitung.de\/cms\/2018\/04\/konzertkritik-galvin-trio\/","name":"Konzertkritik: das Elliot Galvin Trio im Leeren Beutel - JazzZeitung","isPartOf":{"@id":"https:\/\/www.jazzzeitung.de\/cms\/#website"},"primaryImageOfPage":{"@id":"https:\/\/www.jazzzeitung.de\/cms\/2018\/04\/konzertkritik-galvin-trio\/#primaryimage"},"image":{"@id":"https:\/\/www.jazzzeitung.de\/cms\/2018\/04\/konzertkritik-galvin-trio\/#primaryimage"},"thumbnailUrl":"https:\/\/i0.wp.com\/www.jazzzeitung.de\/cms\/wp-content\/uploads\/2018\/04\/Galvin-Elliot_70.jpg?fit=2362%2C1575&ssl=1","datePublished":"2018-04-25T09:10:58+00:00","dateModified":"2018-04-27T09:14:57+00:00","breadcrumb":{"@id":"https:\/\/www.jazzzeitung.de\/cms\/2018\/04\/konzertkritik-galvin-trio\/#breadcrumb"},"inLanguage":"de","potentialAction":[{"@type":"ReadAction","target":["https:\/\/www.jazzzeitung.de\/cms\/2018\/04\/konzertkritik-galvin-trio\/"]}]},{"@type":"ImageObject","inLanguage":"de","@id":"https:\/\/www.jazzzeitung.de\/cms\/2018\/04\/konzertkritik-galvin-trio\/#primaryimage","url":"https:\/\/i0.wp.com\/www.jazzzeitung.de\/cms\/wp-content\/uploads\/2018\/04\/Galvin-Elliot_70.jpg?fit=2362%2C1575&ssl=1","contentUrl":"https:\/\/i0.wp.com\/www.jazzzeitung.de\/cms\/wp-content\/uploads\/2018\/04\/Galvin-Elliot_70.jpg?fit=2362%2C1575&ssl=1","width":2362,"height":1575,"caption":"Elliot Galvin. Foto: Michael Schreiner"},{"@type":"BreadcrumbList","@id":"https:\/\/www.jazzzeitung.de\/cms\/2018\/04\/konzertkritik-galvin-trio\/#breadcrumb","itemListElement":[{"@type":"ListItem","position":1,"name":"Startseite","item":"https:\/\/www.jazzzeitung.de\/cms\/"},{"@type":"ListItem","position":2,"name":"Konzertkritik: das Elliot Galvin Trio im Leeren Beutel"}]},{"@type":"WebSite","@id":"https:\/\/www.jazzzeitung.de\/cms\/#website","url":"https:\/\/www.jazzzeitung.de\/cms\/","name":"JazzZeitung","description":"Jazz-News und Jazz-Kontroverses","publisher":{"@id":"https:\/\/www.jazzzeitung.de\/cms\/#organization"},"potentialAction":[{"@type":"SearchAction","target":{"@type":"EntryPoint","urlTemplate":"https:\/\/www.jazzzeitung.de\/cms\/?s={search_term_string}"},"query-input":{"@type":"PropertyValueSpecification","valueRequired":true,"valueName":"search_term_string"}}],"inLanguage":"de"},{"@type":"Organization","@id":"https:\/\/www.jazzzeitung.de\/cms\/#organization","name":"JazzZeitung online","url":"https:\/\/www.jazzzeitung.de\/cms\/","logo":{"@type":"ImageObject","inLanguage":"de","@id":"https:\/\/www.jazzzeitung.de\/cms\/#\/schema\/logo\/image\/","url":"https:\/\/i0.wp.com\/www.jazzzeitung.de\/cms\/wp-content\/uploads\/2015\/08\/JAZZZEITUNGDE_Logo_Neu.png?fit=499%2C200&ssl=1","contentUrl":"https:\/\/i0.wp.com\/www.jazzzeitung.de\/cms\/wp-content\/uploads\/2015\/08\/JAZZZEITUNGDE_Logo_Neu.png?fit=499%2C200&ssl=1","width":499,"height":200,"caption":"JazzZeitung online"},"image":{"@id":"https:\/\/www.jazzzeitung.de\/cms\/#\/schema\/logo\/image\/"},"sameAs":["https:\/\/www.facebook.com\/JazzZeitung\/"]},{"@type":"Person","@id":"https:\/\/www.jazzzeitung.de\/cms\/#\/schema\/person\/2245b36b9cd1d24cea10f01c031fb92b","name":"Redaktion JazzZeitung","image":{"@type":"ImageObject","inLanguage":"de","@id":"https:\/\/i0.wp.com\/www.jazzzeitung.de\/cms\/wp-content\/uploads\/2015\/08\/JAZZZEITUNGDE_Logo_Neu.png?resize=96%2C96&ssl=159975dcacb611b5700bd619b5daf0a7a","url":"https:\/\/i0.wp.com\/www.jazzzeitung.de\/cms\/wp-content\/uploads\/2015\/08\/JAZZZEITUNGDE_Logo_Neu.png?resize=96%2C96&ssl=1","contentUrl":"https:\/\/i0.wp.com\/www.jazzzeitung.de\/cms\/wp-content\/uploads\/2015\/08\/JAZZZEITUNGDE_Logo_Neu.png?resize=96%2C96&ssl=1","caption":"Redaktion JazzZeitung"},"description":"Artikel der Redaktion der JazzZeitung.","sameAs":["http:\/\/www.jazzzeitung.de\/cms\/"],"url":"https:\/\/www.jazzzeitung.de\/cms\/author\/redaktion\/"}]}},"wp-worthy-pixel":{"ignored":false,"public":null,"server":null,"url":null},"wp-worthy-type":"normal","jetpack_publicize_connections":[],"cc_featured_image_caption":{"caption_text":"","source_text":"","source_url":""},"jetpack_featured_media_url":"https:\/\/i0.wp.com\/www.jazzzeitung.de\/cms\/wp-content\/uploads\/2018\/04\/Galvin-Elliot_70.jpg?fit=2362%2C1575&ssl=1","jetpack_shortlink":"https:\/\/wp.me\/p3KEcT-45x","jetpack-related-posts":[{"id":33678,"url":"https:\/\/www.jazzzeitung.de\/cms\/2026\/02\/elliot-galvin-hoellische-klanggewitter-irritierte-zuhoerer\/","url_meta":{"origin":15719,"position":0},"title":"Elliot Galvin &#8211; h\u00f6llische Klanggewitter, irritierte Zuh\u00f6rer","author":"Michael Scheiner","date":"20. Februar 2026","format":false,"excerpt":"In der britischen Jazzszene hat es neben einer breiten Trad-Linie und einem innovativen Fusionzweig seit den 1970er Jahren auch eine starke Free-Szene gegeben. Auf dem Festland ist diese nur wenig wahrgenommen worden. Umso h\u00f6her ist es dem Jazzclub anzurechnen, dass er mit dem Quartett des britischen Pianisten Elliot Galvin ein\u2026","rel":"","context":"In &quot;Bericht&quot;","block_context":{"text":"Bericht","link":"https:\/\/www.jazzzeitung.de\/cms\/thema\/bericht\/"},"img":{"alt_text":"","src":"https:\/\/i0.wp.com\/www.jazzzeitung.de\/cms\/wp-content\/uploads\/2026\/02\/Galvin-Elliot_768-scaled.jpg?fit=1200%2C800&ssl=1&resize=350%2C200","width":350,"height":200,"srcset":"https:\/\/i0.wp.com\/www.jazzzeitung.de\/cms\/wp-content\/uploads\/2026\/02\/Galvin-Elliot_768-scaled.jpg?fit=1200%2C800&ssl=1&resize=350%2C200 1x, https:\/\/i0.wp.com\/www.jazzzeitung.de\/cms\/wp-content\/uploads\/2026\/02\/Galvin-Elliot_768-scaled.jpg?fit=1200%2C800&ssl=1&resize=525%2C300 1.5x, https:\/\/i0.wp.com\/www.jazzzeitung.de\/cms\/wp-content\/uploads\/2026\/02\/Galvin-Elliot_768-scaled.jpg?fit=1200%2C800&ssl=1&resize=700%2C400 2x, https:\/\/i0.wp.com\/www.jazzzeitung.de\/cms\/wp-content\/uploads\/2026\/02\/Galvin-Elliot_768-scaled.jpg?fit=1200%2C800&ssl=1&resize=1050%2C600 3x"},"classes":[]},{"id":3646,"url":"https:\/\/www.jazzzeitung.de\/cms\/2014\/03\/gewinner-des-6-europaeischen-burghauser-nachwuchs-jazzpreises-ist-das-englische-elliot-galvin-trio\/","url_meta":{"origin":15719,"position":1},"title":"Gewinner des 6. Europ\u00e4ischen Burghauser Nachwuchs-Jazzpreises ist das englische Elliot Galvin Trio","author":"Redaktion JazzZeitung","date":"26. M\u00e4rz 2014","format":false,"excerpt":"\u00dcber vier Stunden hat es gedauert und der Gewinner des 6. Europ\u00e4ischen Burghauser Nachwuchs-Jazzpreis stand fest: Das englische Elliot Galvin Trio. Alle f\u00fcnf Teilnehmer des Finales haben f\u00fcr gro\u00dfe Begeisterung beim Publikum gesorgt. Zum Auftakt des diesj\u00e4hrigen Wettbewerbs zeigte das M\u00fcnchner Trio Levantino, dass musikalisches K\u00f6nnen nicht allein vom Alter\u2026","rel":"","context":"In &quot;News&quot;","block_context":{"text":"News","link":"https:\/\/www.jazzzeitung.de\/cms\/thema\/nachrichten\/"},"img":{"alt_text":"Elliot Galvin Trio","src":"https:\/\/i0.wp.com\/www.jazzzeitung.de\/cms\/wp-content\/uploads\/2014\/03\/Elliot-Galvin-Trio-150x150.jpg?resize=350%2C200","width":350,"height":200},"classes":[]},{"id":19215,"url":"https:\/\/www.jazzzeitung.de\/cms\/2019\/04\/elliot-galvin-neues-album-modern-times\/","url_meta":{"origin":15719,"position":2},"title":"Elliot Galvin: Neues Album \u201eModern Times\u201c","author":"Thomas J. Krebs","date":"19. April 2019","format":false,"excerpt":"Elliot Galvins neues Trio Album \u201eModern Times\u201c, erschienen auf Edition Records, ist auf mehrere Weise eine ganz besondere Aufnahme und stellt schon allein mit dem Titel die Produktion auf den Kopf. \u201eModern Times\u201c bietet musikalisch absolut moderne, fesselnde Musik. Aber wie sie zustande gekommen ist und unter welchen Umst\u00e4nden sie\u2026","rel":"","context":"In &quot;Rezension&quot;","block_context":{"text":"Rezension","link":"https:\/\/www.jazzzeitung.de\/cms\/thema\/rezension\/"},"img":{"alt_text":"","src":"https:\/\/i0.wp.com\/www.jazzzeitung.de\/cms\/wp-content\/uploads\/2019\/04\/Galvin-Elliot-Foto-TJ-Krebs.jpg?fit=1200%2C800&ssl=1&resize=350%2C200","width":350,"height":200,"srcset":"https:\/\/i0.wp.com\/www.jazzzeitung.de\/cms\/wp-content\/uploads\/2019\/04\/Galvin-Elliot-Foto-TJ-Krebs.jpg?fit=1200%2C800&ssl=1&resize=350%2C200 1x, https:\/\/i0.wp.com\/www.jazzzeitung.de\/cms\/wp-content\/uploads\/2019\/04\/Galvin-Elliot-Foto-TJ-Krebs.jpg?fit=1200%2C800&ssl=1&resize=525%2C300 1.5x, https:\/\/i0.wp.com\/www.jazzzeitung.de\/cms\/wp-content\/uploads\/2019\/04\/Galvin-Elliot-Foto-TJ-Krebs.jpg?fit=1200%2C800&ssl=1&resize=700%2C400 2x, https:\/\/i0.wp.com\/www.jazzzeitung.de\/cms\/wp-content\/uploads\/2019\/04\/Galvin-Elliot-Foto-TJ-Krebs.jpg?fit=1200%2C800&ssl=1&resize=1050%2C600 3x"},"classes":[]},{"id":13670,"url":"https:\/\/www.jazzzeitung.de\/cms\/2017\/10\/save-the-date-der-jazzclub-regensburg-wird-30\/","url_meta":{"origin":15719,"position":3},"title":"Save the date: der Jazzclub Regensburg wird 30","author":"Redaktion JazzZeitung","date":"5. Oktober 2017","format":false,"excerpt":"Seit 30 Jahren steht der Jazzclub Regensburg f\u00fcr ein genauso hochkar\u00e4tiges, wie abwechslungsreiches Live-Programm. In diesem Herbst wird die bayerische Musikinstitution 30 Jahre alt \u2013 gefeiert wird im November. Seit 1987 hat der Jazz in Regensburg ein Zuhause \u2013im Jazzclub Regensburg, angesiedelt im historischen Gem\u00e4uer des Kulturzentrums \u201eLeerer Beutel\u201c (Bertoldstra\u00dfe\u2026","rel":"","context":"In &quot;News&quot;","block_context":{"text":"News","link":"https:\/\/www.jazzzeitung.de\/cms\/thema\/nachrichten\/"},"img":{"alt_text":"","src":"https:\/\/i0.wp.com\/www.jazzzeitung.de\/cms\/wp-content\/uploads\/2017\/10\/Pablo-Held-Trio-Wald-73423.jpg?fit=1200%2C800&ssl=1&resize=350%2C200","width":350,"height":200,"srcset":"https:\/\/i0.wp.com\/www.jazzzeitung.de\/cms\/wp-content\/uploads\/2017\/10\/Pablo-Held-Trio-Wald-73423.jpg?fit=1200%2C800&ssl=1&resize=350%2C200 1x, https:\/\/i0.wp.com\/www.jazzzeitung.de\/cms\/wp-content\/uploads\/2017\/10\/Pablo-Held-Trio-Wald-73423.jpg?fit=1200%2C800&ssl=1&resize=525%2C300 1.5x, https:\/\/i0.wp.com\/www.jazzzeitung.de\/cms\/wp-content\/uploads\/2017\/10\/Pablo-Held-Trio-Wald-73423.jpg?fit=1200%2C800&ssl=1&resize=700%2C400 2x, https:\/\/i0.wp.com\/www.jazzzeitung.de\/cms\/wp-content\/uploads\/2017\/10\/Pablo-Held-Trio-Wald-73423.jpg?fit=1200%2C800&ssl=1&resize=1050%2C600 3x"},"classes":[]},{"id":22987,"url":"https:\/\/www.jazzzeitung.de\/cms\/2020\/07\/sandro-roy-begeistert-in-regensburg-mit-virtuosem-spiel\/","url_meta":{"origin":15719,"position":4},"title":"Sandro Roy begeistert in Regensburg mit virtuosem Spiel","author":"Redaktion JazzZeitung","date":"24. Juli 2020","format":false,"excerpt":"Von Michael Scheiner. \u201eIch kann's nicht glauben, wir sind wieder zur\u00fcck!\u201c Es war ein Sto\u00dfseufzer der Erleichterung, verkn\u00fcpft mit einem Gef\u00fchl wie es Wolfgang Ambros mit \u201eZwickt's Mi (i glab i tram)\u201c besungen hat, das sich bei Sandro Roy Bahn brach. Der junge Geiger aus Augsburg stand im Leeren Beutel\u2026","rel":"","context":"In &quot;Bericht&quot;","block_context":{"text":"Bericht","link":"https:\/\/www.jazzzeitung.de\/cms\/thema\/bericht\/"},"img":{"alt_text":"","src":"https:\/\/i0.wp.com\/www.jazzzeitung.de\/cms\/wp-content\/uploads\/2020\/07\/landsberger-Roy_07.jpg?fit=1200%2C795&ssl=1&resize=350%2C200","width":350,"height":200,"srcset":"https:\/\/i0.wp.com\/www.jazzzeitung.de\/cms\/wp-content\/uploads\/2020\/07\/landsberger-Roy_07.jpg?fit=1200%2C795&ssl=1&resize=350%2C200 1x, https:\/\/i0.wp.com\/www.jazzzeitung.de\/cms\/wp-content\/uploads\/2020\/07\/landsberger-Roy_07.jpg?fit=1200%2C795&ssl=1&resize=525%2C300 1.5x, https:\/\/i0.wp.com\/www.jazzzeitung.de\/cms\/wp-content\/uploads\/2020\/07\/landsberger-Roy_07.jpg?fit=1200%2C795&ssl=1&resize=700%2C400 2x, https:\/\/i0.wp.com\/www.jazzzeitung.de\/cms\/wp-content\/uploads\/2020\/07\/landsberger-Roy_07.jpg?fit=1200%2C795&ssl=1&resize=1050%2C600 3x"},"classes":[]},{"id":26998,"url":"https:\/\/www.jazzzeitung.de\/cms\/2022\/04\/leise-toene-vertrackte-rhythmen-das-trio-openthebox-hinterlaesst-einen-uneinheitlichen-eindruck-im-jazzclub\/","url_meta":{"origin":15719,"position":5},"title":"Leise T\u00f6ne, vertrackte Rhythmen: Das Trio Openthebox in Regensburg","author":"Redaktion JazzZeitung","date":"1. April 2022","format":false,"excerpt":"Zweifellos geh\u00f6rt Andreas Dombert zu den local heroes, den Stars der regionalen Szene, wie Jazzclub-Vorstand Bernhard Lindner den Gitarristen bei der Ank\u00fcndigung eines Konzertes des Trios Openthebox vorstellte. Der geb\u00fcrtige Straubinger hat in den vergangenen 15 Jahren mehrfach mit ausgesprochen spannenden Projekten und internationalen Kooperationen auf sich aufmerksam gemacht. Dabei\u2026","rel":"","context":"In &quot;Bericht&quot;","block_context":{"text":"Bericht","link":"https:\/\/www.jazzzeitung.de\/cms\/thema\/bericht\/"},"img":{"alt_text":"","src":"https:\/\/i0.wp.com\/www.jazzzeitung.de\/cms\/wp-content\/uploads\/2022\/03\/openthebox_95.jpg?fit=1200%2C800&ssl=1&resize=350%2C200","width":350,"height":200,"srcset":"https:\/\/i0.wp.com\/www.jazzzeitung.de\/cms\/wp-content\/uploads\/2022\/03\/openthebox_95.jpg?fit=1200%2C800&ssl=1&resize=350%2C200 1x, https:\/\/i0.wp.com\/www.jazzzeitung.de\/cms\/wp-content\/uploads\/2022\/03\/openthebox_95.jpg?fit=1200%2C800&ssl=1&resize=525%2C300 1.5x, https:\/\/i0.wp.com\/www.jazzzeitung.de\/cms\/wp-content\/uploads\/2022\/03\/openthebox_95.jpg?fit=1200%2C800&ssl=1&resize=700%2C400 2x, https:\/\/i0.wp.com\/www.jazzzeitung.de\/cms\/wp-content\/uploads\/2022\/03\/openthebox_95.jpg?fit=1200%2C800&ssl=1&resize=1050%2C600 3x"},"classes":[]}],"jetpack_sharing_enabled":true,"_links":{"self":[{"href":"https:\/\/www.jazzzeitung.de\/cms\/wp-json\/wp\/v2\/posts\/15719","targetHints":{"allow":["GET"]}}],"collection":[{"href":"https:\/\/www.jazzzeitung.de\/cms\/wp-json\/wp\/v2\/posts"}],"about":[{"href":"https:\/\/www.jazzzeitung.de\/cms\/wp-json\/wp\/v2\/types\/post"}],"author":[{"embeddable":true,"href":"https:\/\/www.jazzzeitung.de\/cms\/wp-json\/wp\/v2\/users\/18"}],"replies":[{"embeddable":true,"href":"https:\/\/www.jazzzeitung.de\/cms\/wp-json\/wp\/v2\/comments?post=15719"}],"version-history":[{"count":4,"href":"https:\/\/www.jazzzeitung.de\/cms\/wp-json\/wp\/v2\/posts\/15719\/revisions"}],"predecessor-version":[{"id":15778,"href":"https:\/\/www.jazzzeitung.de\/cms\/wp-json\/wp\/v2\/posts\/15719\/revisions\/15778"}],"wp:featuredmedia":[{"embeddable":true,"href":"https:\/\/www.jazzzeitung.de\/cms\/wp-json\/wp\/v2\/media\/15725"}],"wp:attachment":[{"href":"https:\/\/www.jazzzeitung.de\/cms\/wp-json\/wp\/v2\/media?parent=15719"}],"wp:term":[{"taxonomy":"category","embeddable":true,"href":"https:\/\/www.jazzzeitung.de\/cms\/wp-json\/wp\/v2\/categories?post=15719"},{"taxonomy":"post_tag","embeddable":true,"href":"https:\/\/www.jazzzeitung.de\/cms\/wp-json\/wp\/v2\/tags?post=15719"},{"taxonomy":"author","embeddable":true,"href":"https:\/\/www.jazzzeitung.de\/cms\/wp-json\/wp\/v2\/coauthors?post=15719"}],"curies":[{"name":"wp","href":"https:\/\/api.w.org\/{rel}","templated":true}]}}