{"id":15660,"date":"2018-04-15T12:00:53","date_gmt":"2018-04-15T10:00:53","guid":{"rendered":"https:\/\/www.jazzzeitung.de\/cms\/?p=15660"},"modified":"2018-04-15T12:09:39","modified_gmt":"2018-04-15T10:09:39","slug":"die-jazz-radiowoche-vom-16-04-bis-22-04-2018","status":"publish","type":"post","link":"https:\/\/www.jazzzeitung.de\/cms\/2018\/04\/die-jazz-radiowoche-vom-16-04-bis-22-04-2018\/","title":{"rendered":"Die Jazz-Radiowoche vom 16.04. bis 22.04.2018"},"content":{"rendered":"<p>Ein kleiner Blick in die Jazzwoche 16 im Radio. Wir m\u00fcssen reden!<\/p>\n<p><strong>Punkt 1:<\/strong> Bei der aktuellen \u00dcbersicht finden sich unter allen \u00fcber 50 Eintr\u00e4gen ganze drei (in Zahlen \u201e3\u201c), bei denen Musikerinnen im Zentrum des Programms stehen. Jedenfalls soweit die Informationen vorliegen. Ausgenommen sind dabei CD-Neuvorstellungen. Auf diese drei Sendungen m\u00f6chte ich daher vorab besonders hinweisen:<\/p>\n<ol start=\"18\">\n<li>April: 23:05 bis 00:00 | BR-KLASSIK<br \/>\n<strong>Jazztime: Jazz aus N\u00fcrnberg: Mostly Vocal \u2013 Von Raubv\u00f6geln, W\u00f6lfen und Geistern: Unterwegs in der Vorstellungs- und Musikwelt der S\u00e4ngerin und Komponistin Pegelia Gold.<\/strong><\/li>\n<li>April: 21:05 bis 22:00 | Deutschlandfunk<br \/>\n<strong>JazzFacts: Angekommen \u2013 Ein Portrait der Bassistin Linda Oh<\/strong><\/li>\n<li>April: 19:04 bis 20:00 | hr2-kultur<br \/>\n<strong>Live Jazz: Annette Maye &amp; Meeresrauschen | Multiphonics \u2013 Das Festival, Oktober 2017<\/strong><\/li>\n<\/ol>\n<p>Leute in den Rundfunkanstalten, nehmt mir das nicht \u00fcbel, aber das kann so nicht weitergehen, das muss sich \u00e4ndern!<\/p>\n<p><strong>Punkt 2:<\/strong> Ja, f\u00fcr die letzte Woche gab es keine Radio\u00fcbersicht. Immerhin zwei Menschen haben sich daraufhin freundlich zur\u00fcckgemeldet, dass ihnen diese \u00dcbersicht ganz gut gef\u00e4llt und dass sie diesen Service wohl sch\u00e4tzen. Danke Euch beiden. Immerhin gab es auch keine w\u00fctenden Beschwerden. Das ist schon mal ein Fortschritt gegen\u00fcber fr\u00fcheren Zeiten. Und zur\u00fcck zu Punkt 1: Vielleicht sollte ich die Ver\u00f6ffentlichung in Zukunft davon abh\u00e4ngig machen, dass es mindesten f\u00fcnf Beitr\u00e4ge zu weiblichen Musikern gibt. Wenn es weniger wird, dann werden nur noch die Sendungen mit \u00fcberwiegend weiblichem Anteil gelistet.<\/p>\n<p><strong>Punkt 3:<\/strong> Viel Spa\u00df auf der jazzahead! in Bremen.<\/p>\n<ul>\n<li>Die \u00dcbersicht zum <a href=\"https:\/\/service.conbrio.de\/service\/download\/278\/\">Download als PDF<\/a>.<\/li>\n<\/ul>\n<p>Alle Angaben ohne Gew\u00e4hr.<\/p>\n<hr \/>\n<h2>Jazz im Radio (Fernsehen)<\/h2>\n<ul>\n<li><strong>SR2<\/strong> \u2013 <a href=\"http:\/\/www.sr.de\/sr\/sr2\/sendungen_a-z\/uebersicht\/jazznow\/index.html\">JazzNow<\/a> \u2013 Sonntags von 20.04 bis 22.30 Uhr<\/li>\n<li><strong>BR-KLASSIK \u2013 <\/strong><a href=\"https:\/\/www.br-klassik.de\/themen\/jazz-und-weltmusik\/jazztime-die-ganze-welt-des-jazz-100.html\">Jazztime<\/a><strong> \u2013 <\/strong>Von Montag bis Freitag t\u00e4glich um 23.05 Uhr<\/li>\n<li><strong>rbb-kulturradio<\/strong> \u2013 <a href=\"https:\/\/www.kulturradio.de\/programm\/schema\/sendungen\/late_night_jazz.html\">Late Night Jazz<\/a> \u2013 Sa und So 23:04 \u2013 24:00 Uhr<\/li>\n<li><strong>hr2-kultur<\/strong> \u2013 <a href=\"http:\/\/www.hr2.de\/musik\/jazz\/index.html\">Jazz in hr2-kultur<\/a> \u2013 t\u00e4glich<\/li>\n<li><strong>SWR2<\/strong> \u2013 <a href=\"https:\/\/www.swr.de\/swr2\/programm\/sendungen\/jazz\/startseite-mit-vorschau\/-\/id=659242\/did=13778140\/nid=659242\/13ttn4d\/index.html\">Jazz<\/a> \u2013 t\u00e4glich<\/li>\n<li><strong>WDR3<\/strong> \u2013 <a href=\"http:\/\/www1.wdr.de\/radio\/wdr3\/programm\/sendungen\/wdr3-jazz-world\/index.html\">JAZZ &amp; WORLD<\/a> \u2013 Improvisiertes zum Tagesausklang \u2013 Montag bis Freitag, 22.04 \u2013 0:00 Uhr<\/li>\n<li><strong>Deutschlandfunk<\/strong> \u2013 <a href=\"http:\/\/www.deutschlandfunk.de\/jazz.747.de.html\">Jazz (\u00dcberblick)<\/a> \u2013 <a href=\"http:\/\/www.deutschlandfunk.de\/jazz-live.822.de.html\">Jazz Live<\/a>, <a href=\"http:\/\/www.deutschlandfunk.de\/jazzfacts.824.de.html\">JazzFacts<\/a> und <a href=\"http:\/\/www.deutschlandfunk.de\/milestones.1805.de.html\">Milestones<\/a><\/li>\n<li><strong>Deutschlandfunk Kultur<\/strong> \u2013 <a href=\"http:\/\/www.deutschlandfunkkultur.de\/jazz.1142.de.html\">Jazz<\/a> \u2013 diverse Sendetermine<\/li>\n<li><strong>ARTE TV<\/strong> \u2013 <a href=\"https:\/\/www.arte.tv\/de\/videos\/arte-concert\/jazz\/?xtor=AD-6-%5bMV_CFR_ARTE_DE_Google_GEN_GDN%5d-%5bGDN_GEN_Arte_Concerts_Jazz%5d-C-%5bjazz%20musik%5d\">Jazz<\/a><\/li>\n<\/ul>\n<hr \/>\n<h2>16.04.2018<\/h2>\n<hr \/>\n<p>17:50 bis 18:00 | SWR 2<br \/>\n<strong>SWR2 Jazz vor Sechs<\/strong><\/p>\n<p>19:04 bis 20:00 | hr2-kultur<br \/>\n<strong>H\u00f6rbar: Musik grenzenlos<\/strong><\/p>\n<p>19:35 bis 20:00 | MDR Kultur<br \/>\n<strong>MDR KULTUR \u2013 Jazz Lounge: Ulf Wakenius, Gitarre<\/strong><\/p>\n<p>20:05 bis 22:00 | MDR Kultur<br \/>\n<strong>MDR KULTUR im Konzert \u2013 Nils Landgren zu Gast bei den Th\u00fcringer Bachwochen<\/strong><\/p>\n<p style=\"padding-left: 30px;\">Aufnahme vom 08.04.2018, Meinigen, Theater. Moderation: Grit Schulze<\/p>\n<p>22:04 bis 00:00 | WDR 3<br \/>\n<strong>WDR 3 Jazz &amp; World: Das Gary Burton Quintet in der Oper K\u00f6ln<\/strong><\/p>\n<p style=\"padding-left: 30px;\">Aufnahme vom 13. Dezember 1975. The Gentleman-Bassist Steve Swallow. Ein Portr\u00e4t von Michael R\u00fcsenberg<\/p>\n<p>22:05 bis 23:00 | NDR Info<br \/>\n<strong>Play Jazz! Das Jazzmagazin \u2013 Mit Sarah Seidel<\/strong><\/p>\n<p>22:30 bis 23:00 | hr2-kultur<br \/>\n<strong>Jazz Now: Aus dem Dschungel der Neuver\u00f6ffentlichungen<\/strong><\/p>\n<p style=\"padding-left: 30px;\">Am Mikrofon: Guenter Hottmann. Heute mit: Dominik Mahnig \/ Dieter Manderscheid \/ Sebastian Sternal \/ Claudius Valk: Pop | Pablo Held Trio: Investigations | Kristjan Randalu: Absence | Jilman Zilman feat. Simon Nabatov: The Loft Recordings | Christina Fuchs No Tango Quartet: Eleven |<\/p>\n<p>23:05 bis 00:00 | BR-KLASSIK<br \/>\n<strong>Jazztime: Jazztoday<\/strong><\/p>\n<p style=\"padding-left: 30px;\">Bonnes Nouvelles de France: Aktuelle CDs aus Frankreich mit der S\u00e4ngerin Camille Bertault, dem Klarinettisten Jean-Marc Foltz und mit dem Pianisten Martial Solal. Auswahl und Moderation: Henning Sieverts<\/p>\n<hr \/>\n<h2>17.04.2018<\/h2>\n<hr \/>\n<p>01:05 bis 05:00 | Deutschlandfunk Kultur<br \/>\n<strong>Tonart: Jazz \u2013 Moderation: Matthias Wegner<\/strong><\/p>\n<p>17:50 bis 18:00 | SWR 2<br \/>\n<strong>SWR2 Jazz vor Sechs<\/strong><\/p>\n<p>19:35 bis 20:00 | MDR Kultur<br \/>\n<strong>MDR KULTUR \u2013 Jazz Lounge<\/strong><\/p>\n<p>21:03 bis 22:00 | SWR 2<br \/>\n<strong>SWR2 Jazz Session: Play It Back! <\/strong><strong>Das Dr. Lonnie Smith Trio beim Jazzfest Berlin 2017<\/strong><\/p>\n<p style=\"padding-left: 30px;\">Am Mikrofon: Thomas Loewner. Wer Dr. Lonnie Smith zum ersten Mal sieht, k\u00f6nnte meinen, er sein ein Meister klassischer indischer Musik: Seit vielen Jahren geh\u00f6ren Turban und ein wei\u00dfer Rauschebart zu den Markenzeichen des inzwischen 75-j\u00e4hrigen Musikers aus New York. Doch statt Ragas auf Sitar oder Tabla zu spielen, zelebriert Smith seit mittlerweile rund f\u00fcnf Jahrzehnten Jazz, Soul und Blues auf einer Hammond B3-Orgel. Seit seinen Anf\u00e4ngen im George Benson Quartet ab 1966 hat sich Dr. Lonnie Smith einen festen Platz in der Jazz-Community erspielt und mit dem Label Blue Note schon fr\u00fch die passende Heimat gefunden. Seinem musikalischen Credo ist er bis zu letzt treu geblieben: \u201eF\u00fcr mich ist der Groove Teil meines Lebens. \u00dcber den Groove m\u00f6chte ich kommunizieren und damit die Leute mit auf eine Reise nehmen.\u201c<\/p>\n<p>21:05 bis 22:00 | Deutschlandfunk<br \/>\n<strong>Jazz Live: Duo Norbert Scholly &amp; Rainer B\u00f6hm (2\/2)<\/strong><\/p>\n<p style=\"padding-left: 30px;\">Norbert Scholly, Akustikgitarre, Rainer B\u00f6hm, Piano. Aufnahme vom 12.1.2018 aus dem Beethovenhaus Bonn, Kammermusiksaal. Am Mikrofon: Odilo Clausnitzer. Der Gitarrist Norbert Scholly und der Pianist Rainer B\u00f6hm haben vieles gemeinsam: Die beiden sind au\u00dferordentliche K\u00f6nner auf ihren Instrumenten, zeigen dabei aber keinerlei Neigung zu solistischer Profilierungssucht. Sie teilen einen ausgepr\u00e4gten Sinn f\u00fcr harmonischen Reichtum und rhythmischen Drive.<\/p>\n<p style=\"padding-left: 30px;\">Vor gut zehn Jahren lernten sie sich kennen und verstanden sich blind. Aus zun\u00e4chst lockeren Jam-Sessions entstand ihr gemeinsames Duo, mit dem sie 2015 die vielgelobte Deb\u00fct-CD ,Juvenile&#8216; ver\u00f6ffentlichten. Norbert Scholly und Rainer B\u00f6hm tragen parit\u00e4tisch Eigenkompositionen zum Duorepertoire bei. Darunter finden sich atemberaubende Up-tempo-Nummern, in denen sich die Partner nach wirbelnden Schlagabtauschen immer wieder traumwandlerisch sicher die H\u00e4nde reichen. Scholly spielt in diesem Rahmen eine akustische Konzertgitarre. Im Kammermusiksaal des Bonner Beethovenhauses erhielt die ebenso filigrane wie mitrei\u00dfende Musik beste Klangbedingungen.<\/p>\n<p>22:00 bis 00:00 | Bremen Zwei<br \/>\n<strong>Jazz Grooves<\/strong><\/p>\n<p style=\"padding-left: 30px;\">Die ganze Welt des Jazz. Blue Note, Big Band, Neuerscheinungen und bekannte Stars \u2013 und Tipps zum Konzertgeschehen in Bremen und der Region.<\/p>\n<p>22:04 bis 00:00 | WDR 3<br \/>\n<strong>WDR 3 Jazz &amp; World: Konzerte des Orchesters Kurt Edelhagen<\/strong><\/p>\n<p style=\"padding-left: 30px;\">Aufnahme vom 23. Februar 1965 aus dem Klaus-von-Bismarck-Saal des K\u00f6lner Funkhauses<\/p>\n<p>22:05 bis 23:00 | NDR Info<br \/>\n<strong>Play Jazz! Das Jazzmagazin \u2013 Mit Sarah Seidel<\/strong><\/p>\n<p>22:30 bis 23:00 | hr2-kultur<br \/>\n<strong>Jazzgroove: An den R\u00e4ndern des Jazz<\/strong><\/p>\n<p style=\"padding-left: 30px;\">Am Mikrofon: Guenter Hottmann. Heute mit: Kizzy Crawford \/ Gwilym Simcock with Sinfonia Cymru: Birdsong | Susanne Paul&#8217;s Move String Quartet: Short Stories | Steve Gadd Band: Steve Gadd Band | Maxime Bender Universal Sky: Universal Sky | Hely: Borderland |<\/p>\n<p>23:05 bis 00:00 | BR-KLASSIK<br \/>\n<strong>Jazztime: News &amp; Roots<\/strong><\/p>\n<p style=\"padding-left: 30px;\">After The Fall: Vor fast genau 20 Jahren entstand ein Konzertmitschnitt des Keith Jarrett Trios, der nun ver\u00f6ffentlicht wurde \u2013 eine der besten Aufnahmen dieses Jazz-Triumphirats, das sich ja leider 2014 aufgel\u00f6st hat. Auswahl und Moderation: Henning Sieverts<\/p>\n<hr \/>\n<h2>18.04.2018<\/h2>\n<hr \/>\n<p>17:50 bis 18:00 | SWR 2<br \/>\n<strong>SWR2 Jazz vor Sechs<\/strong><\/p>\n<p>19:05 bis 20:00 | BR-KLASSIK<br \/>\n<strong>Classic Sounds in Jazz: \u201eDancing\u201c<\/strong><\/p>\n<p style=\"padding-left: 30px;\">Mit Aufnahmen von Iain Ballamy, Stian Carstensen, Echoes of Swing, Charlie Parker und anderen. Moderation und Auswahl: Beatrix Gillmann<\/p>\n<p>19:35 bis 20:00 | MDR Kultur<br \/>\n<strong>MDR KULTUR \u2013 Jazz Lounge: Rumer, Vocal<\/strong><\/p>\n<p>22:04 bis 00:00 | WDR 3<br \/>\n<strong>WDR 3 Jazz &amp; World<\/strong><\/p>\n<p style=\"padding-left: 30px;\">Die Band NO blues und der niederl\u00e4ndische Gitarrist Ad van Meurs beim Rudolstadt Festival 2014. Aufnahme vom 4. Juli 2014 aus dem Theater Rudolstadt. Farewell Shalabiyd. Eine Sendung von Babette Michel<\/p>\n<p>22:05 bis 23:00 | NDR Info<br \/>\n<strong>Play Jazz! Das Jazzmagazin \u2013 Mit Sarah Seidel<\/strong><\/p>\n<p>22:30 bis 23:00 | hr2-kultur<br \/>\n<strong>Jazzfacts: What&#8217;s going on? \u2013 Features, Interviews und was die Szene bewegt<\/strong><\/p>\n<p style=\"padding-left: 30px;\">Adam Nussbaum&#8217;s \u201eThe Leadbelly Project\u201c. \u201eSimple and repetitive\u201c \u2013 R\u00fcckbesinnung aufs Wurzelwerk: Der Schlagzeuger Adam Nussbaum und sein \u201eLeadbelly Project\u201c. Am Mikrofon: Wolf Kampmann<\/p>\n<p>23:05 bis 00:00 | BR-KLASSIK<br \/>\n<strong>Jazztime: Jazz aus N\u00fcrnberg: Mostly Vocal \u2013 Von Raubv\u00f6geln, W\u00f6lfen und Geistern<\/strong><\/p>\n<p style=\"padding-left: 30px;\">Unterwegs in der Vorstellungs- und Musikwelt der S\u00e4ngerin und Komponistin Pegelia Gold. Aufnahmen mit dem Polychrome Orchestra, Art Zentral und dem Peter Fulda Sextett. Moderation und Auswahl: Beate Sampson<\/p>\n<hr \/>\n<h2>19.04.2018<\/h2>\n<hr \/>\n<p>17:50 bis 18:00 | SWR 2<br \/>\n<strong>SWR2 Jazz vor Sechs<\/strong><\/p>\n<p>19:35 bis 20:00 | MDR Kultur<br \/>\n<strong>MDR KULTUR \u2013 Jazz Lounge<\/strong><\/p>\n<p>21:00 bis 22:00 | MDR Kultur<br \/>\n<strong>MDR KULTUR \u2013 Jazz: Der indische Perkussionist und S\u00e4nger Trilok Gurtu<\/strong><\/p>\n<p>21:05 bis 22:00 | Deutschlandfunk<br \/>\n<strong>JazzFacts: Angekommen \u2013 Ein Portrait der Bassistin Linda Oh<\/strong><\/p>\n<p style=\"padding-left: 30px;\">Von Karsten M\u00fctzelfeldt. Geboren in Malaysia als Tochter chinesischer Eltern und aufgewachsen in Australien, ist sie angekommen \u2013 in New York, im Kreis der weltbesten Jazzmusiker und in ihrer eigenen Musik: die Bassistin Linda Oh. Viele wurden auf die Bassistin als Mitglied des Dave Douglas\/Joe Lovano Quintetts aufmerksam, vor allem aber durch ihre Zugeh\u00f6rigkeit zum aktuellen Quartett von Pat Metheny. Eine Weltb\u00fcrgerin, der ihr asiatisches Erbe aber wichtig ist und die sich auf ihrem neuen Album ,Walk Against Wind&#8216; erstmals nicht mehr nur Linda Oh nennt, sondern auf ihren kompletten Namen wert legt, Linda May Han Oh. Ihr Bassspiel zeichnet eine enorme Pr\u00e4senz aus, die Musik ist kompromisslos und nicht ohne Ecken und Kanten. Im Interview erz\u00e4hlt sie von den Anf\u00e4ngen in Down Under, vom kraftzehrenden Prozess, sich im Epizentrum des Jazz durchzusetzen sowie von den Problemen und Segnungen einer multikulturellen Identit\u00e4t.<\/p>\n<p>22:04 bis 00:00 | WDR 3<br \/>\n<strong>WDR 3 Jazz &amp; World: Szene NRW \u2013 Aktuelles aus der Region<\/strong><\/p>\n<p style=\"padding-left: 30px;\">Die schottische All Star Band Im\u00e1r in Bochum und Bonn. Preview Jazz: J\u00f6rg Heyd. Preview World: Tom Daun<\/p>\n<p>22:05 bis 23:00 | NDR Info<br \/>\n<strong>Play Jazz! Das Jazzmagazin \u2013 Mit Sarah Seidel<\/strong><\/p>\n<p>22:30 bis 23:00 | hr2-kultur<br \/>\n<strong>Jazz Now: Aus dem Dschungel der Neuver\u00f6ffentlichungen<\/strong><\/p>\n<p style=\"padding-left: 30px;\">Am Mikrofon: Guenter Hottmann. Heute mit: Animata (Sarah Buechi &amp; Christoph Haberer): Duality | David Friedman Generations Trio: Thursday | H A U S (Mathias Haus): Tales Along The Path Of Life: Land Of The Sun \/ Land Of The Moon | M\u00e1ty\u00e1s Szendai \/ Mathias Levy \/ Mikl\u00f3s Luk\u00e1cs: Bart\u00f3k Impressions |<\/p>\n<p>23:03 bis 00:00 | SWR 2<br \/>\n<strong>SWR2 NOWJazz: Das kleine Format \u2013 Ein Portr\u00e4t des Saxfonisten Colin Stetson<\/strong><\/p>\n<p style=\"padding-left: 30px;\">Von Harry Lachner. Man kennt die technischen Hilfsmittel, die nicht nur jedes Studio zur Verf\u00fcgung hat, sondern mittlerweile auch als Effektger\u00e4te in handlich-wohlfeiler Form den Technikpark zahlloser Musiker zieren: Looper, Hallger\u00e4te usw. Es ist verbl\u00fcffend, wie all die \u00dcberlagerungen und Wiederholungen in der Musik des Saxofonisten Colin Stetson pr\u00e4sent sind und er doch gerade auf genau diese technischen Effekte verzichtet. Stetson gestaltet Klangr\u00e4ume allein durch seine brillante Spieltechnik, die Zirkularatmung sowie eine ausgekl\u00fcgelte Mikrofonierung. Nur selten arbeitet er mit anderen Musikern aus der Improvisationsszene zusammen: Stetson bevorzugt das kleine Format \u2013 solistisch oder im Duo; etwa mit dem Saxofonisten Mats Gustafsson oder der Geigerin Sarah Neufeld. Oder er l\u00e4dt f\u00fcr ausgew\u00e4hlte St\u00fccke Gastmusiker ein wie die Performance-K\u00fcnstlerin Laurie Anderson oder den Pop-Musiker Bon Iver. So grenzenlos Stetsons Technik ist, so spielerisch setzt er sich \u00fcber alle Genres hinweg.<\/p>\n<p>23:05 bis 00:00 | BR-KLASSIK<br \/>\n<strong>Jazztime: All that Jazz<\/strong><\/p>\n<p style=\"padding-left: 30px;\">Die Musik von Brandon Seabrook ist nichts f\u00fcr Zartbesaitete, denn der kompromisslose 42j\u00e4hrige mag es extrem. In Bands wie \u201eSeabrook Powerplant\u201c, \u201eNeedle Driver\u201c oder \u201eDie Trommel Fatale\u201c praktiziert er Hochgeschwindigkeit und Komplexit\u00e4t mit unfassbarer Pr\u00e4zision und unerbittlicher H\u00e4rte. Dass Seabrook in seiner Jugend ein Metal-Fan war, ist un\u00fcberh\u00f6rbar. Die Redaktion des New Yorker Magazins \u201eVillage Voice\u201c hat den aus Massachussetts stammenden Virtuosen 2012 \u00fcbrigens zum besten Gitarristen der Stadt erkoren. Doch er spielt nicht nur eine reichlich derangierte E-Gitarre, sondern ist auch ein Meister des Banjos und hat als solcher etwa die Musik der Band \u201eMostly Other People Do The Killing\u201c veredelt. Moderation und Auswahl: Ssirus W. Pakzad<\/p>\n<hr \/>\n<h2>20.04.2018<\/h2>\n<hr \/>\n<p>17:50 bis 18:00 | SWR 2<br \/>\n<strong>SWR2 Jazz vor Sechs<\/strong><\/p>\n<p>19:35 bis 20:00 | MDR Kultur<br \/>\n<strong>MDR KULTUR \u2013 Jazz Lounge: Lionel Hampton, Vibraphon<\/strong><\/p>\n<p>22:05 bis 23:00 | NDR Info<br \/>\n<strong>Jazz Special: Jazz Talk mit Martin Wind<\/strong><\/p>\n<p style=\"padding-left: 30px;\">Mit Christian Erber. Vor mehr als 20 Jahren ging der Bassist Martin Wind als Stipendiat in den Big Apple \u2013 und lebte den amerikanischen Traum. Auch harte Lehrjahre konnten ihn nicht entmutigen. \u201eTeilweise war ich so blank, dass ich die U-Bahn nicht bezahlen konnte\u201c, erinnert sich Wind, der f\u00fcr sein Durchhalteverm\u00f6gen belohnt wurde. Heute kann er auf Auftritte in legend\u00e4ren Clubs wie dem \u201eVillage Vanguard\u201c zur\u00fcckblicken \u2013 und auf Kooperationen mit Stars wie Pat Metheny. Regelm\u00e4\u00dfig zieht es Martin Wind aber auch in seine Heimat, die Flensburger F\u00f6rde, zur\u00fcck. P\u00fcnktlich zu seinem 50. Geburtstag erscheinen zwei neue Alben von ihm. \u201eLight Blue\u201c, in dem der Ausnahme-Bassist seine Qualit\u00e4ten als Songwriter und Arrangeur unter Beweis stellt. Im Jazz Special auf NDR Info berichtet Martin Wind \u00fcber sein Leben in der Welthauptstadt des Jazz, \u00fcber seine Erinnerungen an sein \u201eHeimatfestival\u201c \u2013 die JazzBaltica \u2013 und seine Verbundenheit mit dem hohen Norden.<\/p>\n<p>22:05 bis 22:50 | Deutschlandfunk<br \/>\n<strong>Milestones \u2013 Jazzklassiker: Hugh Masekela (1939 \u2013 2018)<\/strong><\/p>\n<p style=\"padding-left: 30px;\">Eine Erinnerung an den Trompeter aus S\u00fcdafrika. Am Mikrofon: Bert Noglik. Seine Musik sprudelte aus s\u00fcdafrikanischen Quellen, die er auf faszinierende Weise mit dem Jazz fusionierte. Hugh Masekela z\u00e4hlte in seiner Heimat zu den Jazz-Pionieren, spielte gemeinsam mit Dollar Brand\/Abdullah Ibrahim und sp\u00e4ter auch mit Stars wie Harry Belafonte und Paul Simon. Der erbitterte Gegner des Apartheid-Regimes ging Anfang der 1960er-Jahre ins Exil. Getreu seinem Motto \u201aHome is where the music is&#8216; lebte Hugh Masekela in verschiedenen L\u00e4ndern, bis er nach dem Siegeszug des mit ihm befreundeten Nelson Mandela in seine Heimat zur\u00fcckkehrte, wo er triumphal gefeiert wurde. Bert Noglik blickt zur\u00fcck auf Leben und Werk des Trompeters, der am 23. Januar 2018 im Alter von 78 Jahren an Krebs starb.<\/p>\n<p>22:30 bis 23:00 | hr2-kultur<br \/>\n<strong>Swingtime mit Bill Ramsey: As time goes by | Ein Jahrhundert in Schwingungen <\/strong><\/p>\n<p style=\"padding-left: 30px;\">heute mit: Barney Kessel | Urbie Green Big Band | Cleo Laine &amp; Johnny Dankworth Big Band | Rex Stewart&#8217;s Hot Club Berlin Session | Helmut Weglinski Quintett | hr-Bigband &amp; Lizz Wright | Kenny Burell |<\/p>\n<p style=\"padding-left: 30px;\">Bill Ramsey \u2013 S\u00e4nger, Entertainer und selbst Teil der Jazzgeschichte in Deutschland nach dem Krieg \u2013 pr\u00e4sentiert ein Jahrhundert in Schwingungen. Es geht dabei nat\u00fcrlich um musikalische Vibrationen,\u00a0 um Ersch\u00fctterungen des Weltgef\u00fcges \u2013 es sei denn diese sind musikalischer Natur.\u00a0 Und wenn der \u201epulse\u201c so richtig pocht und treibt, dann stellt sich nicht selten ein vertrautes Gef\u00fchl ein: Wie doch die Zeit vergeht!<\/p>\n<p>22:30 bis 00:00 | WDR 3<br \/>\n<strong>WDR 3 Jazz &amp; World: Schlammpeitziger @ c\/o Pop 2015<\/strong><\/p>\n<p style=\"padding-left: 30px;\">Aufnahme vom 29. August 2015 aus dem Kleinen Sendesaal des K\u00f6lner Funkhauses. Vorausschauende Bebauung. Eine Sendung von Raphael Smarzoch<\/p>\n<p>23:05 bis 00:00 | BR-KLASSIK<br \/>\n<strong>Jazztime: Jazz auf Reisen \u2013 Highlight der Internationalen Jazzwoche Burghausen 2018<\/strong><\/p>\n<p style=\"padding-left: 30px;\">Das Quintett des franz\u00f6sischen Akkordeonisten Vincent Peirani. Mit Saxophonist Emile Parisien und anderen. Aufnahme vom 10. M\u00e4rz 2018 im Stadtsaal Burghausen. Moderation und Auswahl: Roland Spiegel<\/p>\n<p>23:30 bis 00:00 | SWR 2<br \/>\n<strong>SWR2 NOWJazz Update: Sonic Wilderness \u2013 On Screen (2)<\/strong><\/p>\n<hr \/>\n<h2>21.04.2018<\/h2>\n<hr \/>\n<p>17:05 bis 17:55 | Bayern 2<br \/>\n<strong>Jazz &amp; Politik: Politisches Feuilleton<\/strong><\/p>\n<p>19:04 bis 20:00 | hr2-kultur<br \/>\n<strong>Live Jazz: Annette Maye &amp; Meeresrauschen | Multiphonics \u2013 Das Festival, Oktober 2017<\/strong><\/p>\n<p style=\"padding-left: 30px;\">Annette Maye &amp; Meeresrauschen || Annette Maye, cl | Claudio Puntin, cl, kontra-bcl | Thomas Savy, cl, bcl | Klaus Gesing, bcl | Udo Moll, tp, electronics | Nicolao Valiensi, euphonium | Hans L\u00fcdemann, p | Bj\u00f6rn Meyer, b | Dirk-Peter K\u00f6lsch, dr | Multiphonics \u2013 Das Festival, Stadtgarten K\u00f6ln \/ Dr. Hoch&#8217;s Konservatorium Frankfurt am Main, Oktober 2017. Am Mikrofon: Daniella Baumeister<\/p>\n<p>19:05 bis 23:00 | Deutschlandfunk Kultur<br \/>\n<strong>Konzert: jazzahead! Live von der Messe Bremen<\/strong><\/p>\n<p style=\"padding-left: 30px;\">\u201eOverseas Night\u201c: u.a. Justin Kauflin Trio, Jazzmeia Horn Quartet, Gregory Privat Trio<\/p>\n<p style=\"padding-left: 30px;\">In Aufzeichnungen: H\u00f6hepunkte von der German Jazz Expo:\u00a0 Daniel Erdmann, Jasper van&#8217;t Hof, Markus Stockhausen. Moderation: Andreas M\u00fcller und Matthias Wegner<\/p>\n<p>19:30 bis 20:00 | MDR Kultur<br \/>\n<strong>MDR KULTUR \u2013 Jazz Lounge<\/strong><\/p>\n<p>20:15 bis 21:00 | NDR Info<br \/>\n<strong>Jazz Klassiker: Mr. Bluesette: Jean \u201eToots\u201c Thielemans<\/strong><\/p>\n<p style=\"padding-left: 30px;\">Mit Wingolf Grieger. Die Mundharmonika ist ein Instrument, das einem nicht sofort in den Sinn kommt, wenn man an Jazz denkt. Doch der Belgier Jean, genannt \u201eToots\u201c Thielemans, hat es geschafft, der Mundharmonika den Weg in den Jazz zu ebnen. In den 1950er-Jahren spielte Thielemans in Benny Goodmans All Star Band, sp\u00e4ter mit Gr\u00f6\u00dfen aus Jazz und Pop wie Ella Fitzgerald, Jaco Pistorious und Billy Joel. Wingolf Grieger begibt sich auf die Suche nach dem besonderen Sound von \u201eToots\u201c Thielemans.<\/p>\n<p>22:03 bis 23:00 | SWR 2<br \/>\n<strong>SWR2 Jazztime: Jump For Joy \u2013 Erinnerungen an den S\u00e4nger Joe Wiliams<\/strong><\/p>\n<p style=\"padding-left: 30px;\">Von Bert Noglik. Sein Gesang war souver\u00e4n und mitrei\u00dfend, von einnehmender Direktheit und zugleich elegant. Er galt als Showman ersten Ranges und faszinierte als Jazzs\u00e4nger mit einer ausgepr\u00e4gten Neigung zum Blues. Joe Williams, geboren 1918 in einem kleinen Nest in Georgia, aufgewachsen in Chicago, entdeckte seine vokale Expressivit\u00e4t als Teenager in einem Gospelchor. Er tingelte mit Rhythm-and-Blues-Bands, wurde 1943 von Lionel Hampton engagiert und schaffte den Durchbruch als S\u00e4nger des Orchesters von Count Basie, dem er von 1954 bis 1961 angeh\u00f6rte, mit der er aber auch in sp\u00e4teren Jahren noch zusammenarbeitete. Als ein kongeniales Gespann waren die beiden genau das, was der Titel einer Platte von 1956 versprach: \u201eCount Basie Swings &amp; Joe Williams Sings\u201c. Kein Geringerer als Duke Ellington befand \u00fcber den Ausnahme-Vokalisten: \u201eEr imitierte nicht etwa andere S\u00e4nger, sondern gab dem Blues durch sein wundervolles Textverst\u00e4ndnis und seinen intelligenten Vortrag eine neue Dimension.\u201c<\/p>\n<p>22:04 bis 00:00 | WDR 3<br \/>\n<strong>WDR 3 Open Sounds: Berlin, Berlin<\/strong><\/p>\n<p style=\"padding-left: 30px;\">Berlin-Washingtonplatz. Von Stefan Heckmann. Regie und Sprecher: der Autor. Aufnahme des WDR 2007 | Berlin \u2013 ein Lautgedicht. Von Valeri Scherstjanoi und Andreas Hagel\u00fcken. Regie: Andreas Hagel\u00fcken. Aufnahme WDR\/randfunk 2005<\/p>\n<p>22:05 bis 23:00 | NDR Info<br \/>\n<strong>Jazz Konzert: Riccardo Del Fra Quintett im Stage Club Hamburg<\/strong><\/p>\n<p style=\"padding-left: 30px;\">Mit Beatrice Gamza. Musik, die auf ganz eigene Art und Weise Hoffnung in all ihren Formen versinnbildlicht. HOFFNUNG-ESPOIR-NADZIEJA, eine Komposition des Bassisten Riccardo Del Fra. F\u00fcr das Projekt fanden sowohl klassische Kompositionstechniken als auch Improvisation Anwendung \u2013 vor allem, aber nicht nur \u2013 im Jazzkleid. Damit entstand eine Musik, die den Reichtum und die Vielfalt ihrer gegenseitigen Durchl\u00e4ssigkeit hervorbringt. F\u00fcr dieses Projekt w\u00e4hlte Riccardo Del Fra junge Musiker aus Polen, Deutschland und Frankreich aus, die sowohl in der Jazztradition stehen als auch aufgeschlossen gegen\u00fcber anderen musikalischen Richtungen sind.<\/p>\n<hr \/>\n<h2>22.04.2018<\/h2>\n<hr \/>\n<p>00:05 bis 02:00 | Bayern 2<br \/>\n<strong>radioJazznacht: Mit Peter Veit \u2013 Neues aus den Jazz-Charts<\/strong><\/p>\n<p>19:04 bis 20:00 | hr2-kultur<br \/>\n<strong>hr-Bigband<\/strong><\/p>\n<p style=\"padding-left: 30px;\">Konzerte und Produktionen u.a. mit: \u201eSatchmo goes Big Apple\u201c \u2013 hr-Bigband feat. Axel Schlosser, cond. &amp; arr. by Jim McNeely. Am Mikrofon: Claus Gnichwitz<\/p>\n<p>20:04 bis 22:30 | SR2 KulturRadio<br \/>\n<strong>JazzNow: Jazzfest Berlin 2017 \u2013 Michael Wollny, solo<\/strong><\/p>\n<p style=\"padding-left: 30px;\">Mit Johannes Kloth. Aufnahme vom 3. November 2017 im Haus der Berliner Festspiele<\/p>\n<p>22:15 bis 23:00 | NDR Info<br \/>\n<strong>Jazz NDR Bigband: NDR Bigband feat. Niels Klein \u201eOutbound Songs\u201c<\/strong><\/p>\n<p style=\"padding-left: 30px;\">Mit Henry Altmann. Ein Flugzeug, das gerade auf seine Reise startet, wird im Flughafen-Code \u201eoutbound\u201c genannt. Auch Musik kann sich auf den Weg machen. Das hat Niels Klein beobachtet, als er ein neues Programm f\u00fcr die NDR Bigband schrieb: die \u201eOutbound Songs\u201c. \u201eDer Begriff fiel mir ein, als ich die St\u00fccke sich entwickeln lie\u00df, ohne, dass sie am Ende zwangsl\u00e4ufig wieder einen formalen Bogen zum Anfang nehmen mussten\u201c, erkl\u00e4rt der Komponist. \u201eF\u00fcr mich hie\u00df das, die Kontrollmechanismen einmal etwas loszulassen, nicht immer zu fragen: Kann ich das jetzt wirklich machen? Dass das St\u00fcck einfach da, zack, links um die Kurve geht und dann geradeaus weiter?\u201c Doch keine Sorge: Wenn man das jetzt h\u00f6re, falle es gar nicht auf, verspricht Klein. Der Komponist und Saxofonist geh\u00f6rt zu den profiliertesten jungen Musikern der deutschen Jazzszene. Mit \u201eOutbound Songs\u201c wird f\u00fcr den geb\u00fcrtigen Hamburger ein Traum wahr: Er spielt gemeinsam mit seinen alten Idolen \u2013 der NDR Bigband und Drummer Jim Black.<\/p>\n","protected":false},"excerpt":{"rendered":"<p>Ein kleiner Blick in die Jazzwoche 16 im Radio. Wir m\u00fcssen reden! Punkt 1: Bei der aktuellen \u00dcbersicht finden sich unter allen \u00fcber 50 Eintr\u00e4gen ganze drei (in Zahlen \u201e3\u201c), bei denen Musikerinnen im Zentrum des Programms stehen. Jedenfalls soweit die Informationen vorliegen. Ausgenommen sind dabei CD-Neuvorstellungen. Auf diese drei Sendungen m\u00f6chte ich daher vorab besonders hinweisen: April: 23:05 bis 00:00 | BR-KLASSIK Jazztime: Jazz aus N\u00fcrnberg: Mostly Vocal \u2013 Von Raubv\u00f6geln, W\u00f6lfen und Geistern: Unterwegs in der Vorstellungs- und Musikwelt der S\u00e4ngerin und Komponistin Pegelia Gold. April: 21:05 bis 22:00 | Deutschlandfunk JazzFacts: Angekommen \u2013 Ein Portrait der Bassistin Linda Oh April: 19:04 bis 20:00 | hr2-kultur Live Jazz: Annette Maye &amp; Meeresrauschen | Multiphonics \u2013 Das Festival, Oktober 2017 Leute in den Rundfunkanstalten, nehmt mir das nicht \u00fcbel, aber das kann so nicht weitergehen, das muss sich \u00e4ndern! Punkt 2: Ja, f\u00fcr die letzte Woche gab es keine Radio\u00fcbersicht. Immerhin zwei Menschen haben sich daraufhin freundlich zur\u00fcckgemeldet, dass ihnen diese \u00dcbersicht ganz gut gef\u00e4llt und dass sie diesen Service wohl sch\u00e4tzen. Danke Euch beiden. Immerhin gab es auch keine w\u00fctenden Beschwerden. Das ist &hellip;<\/p>\n","protected":false},"author":1,"featured_media":13661,"comment_status":"open","ping_status":"closed","sticky":false,"template":"","format":"standard","meta":{"_jetpack_memberships_contains_paid_content":false,"footnotes":"","jetpack_publicize_message":"","jetpack_publicize_feature_enabled":true,"jetpack_social_post_already_shared":false,"jetpack_social_options":{"image_generator_settings":{"template":"highway","default_image_id":0,"font":"","enabled":false},"version":2}},"categories":[633,452],"tags":[1629],"coauthors":[650],"class_list":["post-15660","post","type-post","status-publish","format-standard","has-post-thumbnail","hentry","category-nachrichten","category-radio","tag-jazz-im-radio"],"yoast_head":"<!-- This site is optimized with the Yoast SEO plugin v27.5 - https:\/\/yoast.com\/product\/yoast-seo-wordpress\/ -->\n<title>Die Jazz-Radiowoche vom 16.04. bis 22.04.2018 - JazzZeitung<\/title>\n<meta name=\"robots\" content=\"index, follow, max-snippet:-1, max-image-preview:large, max-video-preview:-1\" \/>\n<link rel=\"canonical\" href=\"https:\/\/www.jazzzeitung.de\/cms\/2018\/04\/die-jazz-radiowoche-vom-16-04-bis-22-04-2018\/\" \/>\n<meta property=\"og:locale\" content=\"de_DE\" \/>\n<meta property=\"og:type\" content=\"article\" \/>\n<meta property=\"og:title\" content=\"Die Jazz-Radiowoche vom 16.04. bis 22.04.2018 - JazzZeitung\" \/>\n<meta property=\"og:description\" content=\"Ein kleiner Blick in die Jazzwoche 16 im Radio. Wir m\u00fcssen reden! Punkt 1: Bei der aktuellen \u00dcbersicht finden sich unter allen \u00fcber 50 Eintr\u00e4gen ganze drei (in Zahlen \u201e3\u201c), bei denen Musikerinnen im Zentrum des Programms stehen. Jedenfalls soweit die Informationen vorliegen. Ausgenommen sind dabei CD-Neuvorstellungen. Auf diese drei Sendungen m\u00f6chte ich daher vorab besonders hinweisen: April: 23:05 bis 00:00 | BR-KLASSIK Jazztime: Jazz aus N\u00fcrnberg: Mostly Vocal \u2013 Von Raubv\u00f6geln, W\u00f6lfen und Geistern: Unterwegs in der Vorstellungs- und Musikwelt der S\u00e4ngerin und Komponistin Pegelia Gold. April: 21:05 bis 22:00 | Deutschlandfunk JazzFacts: Angekommen \u2013 Ein Portrait der Bassistin Linda Oh April: 19:04 bis 20:00 | hr2-kultur Live Jazz: Annette Maye &amp; Meeresrauschen | Multiphonics \u2013 Das Festival, Oktober 2017 Leute in den Rundfunkanstalten, nehmt mir das nicht \u00fcbel, aber das kann so nicht weitergehen, das muss sich \u00e4ndern! Punkt 2: Ja, f\u00fcr die letzte Woche gab es keine Radio\u00fcbersicht. Immerhin zwei Menschen haben sich daraufhin freundlich zur\u00fcckgemeldet, dass ihnen diese \u00dcbersicht ganz gut gef\u00e4llt und dass sie diesen Service wohl sch\u00e4tzen. Danke Euch beiden. Immerhin gab es auch keine w\u00fctenden Beschwerden. Das ist &hellip;\" \/>\n<meta property=\"og:url\" content=\"https:\/\/www.jazzzeitung.de\/cms\/2018\/04\/die-jazz-radiowoche-vom-16-04-bis-22-04-2018\/\" \/>\n<meta property=\"og:site_name\" content=\"JazzZeitung\" \/>\n<meta property=\"article:publisher\" content=\"https:\/\/www.facebook.com\/JazzZeitung\/\" \/>\n<meta property=\"article:author\" content=\"https:\/\/www.facebook.com\/hufner\" \/>\n<meta property=\"article:published_time\" content=\"2018-04-15T10:00:53+00:00\" \/>\n<meta property=\"article:modified_time\" content=\"2018-04-15T10:09:39+00:00\" \/>\n<meta property=\"og:image\" content=\"https:\/\/i0.wp.com\/www.jazzzeitung.de\/cms\/wp-content\/uploads\/2017\/10\/radio-jazz-neu.jpg?fit=2048%2C1536&ssl=1\" \/>\n\t<meta property=\"og:image:width\" content=\"2048\" \/>\n\t<meta property=\"og:image:height\" content=\"1536\" \/>\n\t<meta property=\"og:image:type\" content=\"image\/jpeg\" \/>\n<meta name=\"author\" content=\"Martin Hufner\" \/>\n<script type=\"application\/ld+json\" class=\"yoast-schema-graph\">{\"@context\":\"https:\\\/\\\/schema.org\",\"@graph\":[{\"@type\":\"Article\",\"@id\":\"https:\\\/\\\/www.jazzzeitung.de\\\/cms\\\/2018\\\/04\\\/die-jazz-radiowoche-vom-16-04-bis-22-04-2018\\\/#article\",\"isPartOf\":{\"@id\":\"https:\\\/\\\/www.jazzzeitung.de\\\/cms\\\/2018\\\/04\\\/die-jazz-radiowoche-vom-16-04-bis-22-04-2018\\\/\"},\"author\":{\"name\":\"Martin Hufner\",\"@id\":\"https:\\\/\\\/www.jazzzeitung.de\\\/cms\\\/#\\\/schema\\\/person\\\/b9a4e5ac765d94fb8f617bfa8f1fc5f7\"},\"headline\":\"Die Jazz-Radiowoche vom 16.04. bis 22.04.2018\",\"datePublished\":\"2018-04-15T10:00:53+00:00\",\"dateModified\":\"2018-04-15T10:09:39+00:00\",\"mainEntityOfPage\":{\"@id\":\"https:\\\/\\\/www.jazzzeitung.de\\\/cms\\\/2018\\\/04\\\/die-jazz-radiowoche-vom-16-04-bis-22-04-2018\\\/\"},\"wordCount\":2976,\"commentCount\":4,\"publisher\":{\"@id\":\"https:\\\/\\\/www.jazzzeitung.de\\\/cms\\\/#organization\"},\"image\":{\"@id\":\"https:\\\/\\\/www.jazzzeitung.de\\\/cms\\\/2018\\\/04\\\/die-jazz-radiowoche-vom-16-04-bis-22-04-2018\\\/#primaryimage\"},\"thumbnailUrl\":\"https:\\\/\\\/i0.wp.com\\\/www.jazzzeitung.de\\\/cms\\\/wp-content\\\/uploads\\\/2017\\\/10\\\/radio-jazz-neu.jpg?fit=2048%2C1536&ssl=1\",\"keywords\":[\"Jazz im Radio\"],\"articleSection\":[\"News\",\"Radio\"],\"inLanguage\":\"de\",\"potentialAction\":[{\"@type\":\"CommentAction\",\"name\":\"Comment\",\"target\":[\"https:\\\/\\\/www.jazzzeitung.de\\\/cms\\\/2018\\\/04\\\/die-jazz-radiowoche-vom-16-04-bis-22-04-2018\\\/#respond\"]}]},{\"@type\":\"WebPage\",\"@id\":\"https:\\\/\\\/www.jazzzeitung.de\\\/cms\\\/2018\\\/04\\\/die-jazz-radiowoche-vom-16-04-bis-22-04-2018\\\/\",\"url\":\"https:\\\/\\\/www.jazzzeitung.de\\\/cms\\\/2018\\\/04\\\/die-jazz-radiowoche-vom-16-04-bis-22-04-2018\\\/\",\"name\":\"Die Jazz-Radiowoche vom 16.04. bis 22.04.2018 - JazzZeitung\",\"isPartOf\":{\"@id\":\"https:\\\/\\\/www.jazzzeitung.de\\\/cms\\\/#website\"},\"primaryImageOfPage\":{\"@id\":\"https:\\\/\\\/www.jazzzeitung.de\\\/cms\\\/2018\\\/04\\\/die-jazz-radiowoche-vom-16-04-bis-22-04-2018\\\/#primaryimage\"},\"image\":{\"@id\":\"https:\\\/\\\/www.jazzzeitung.de\\\/cms\\\/2018\\\/04\\\/die-jazz-radiowoche-vom-16-04-bis-22-04-2018\\\/#primaryimage\"},\"thumbnailUrl\":\"https:\\\/\\\/i0.wp.com\\\/www.jazzzeitung.de\\\/cms\\\/wp-content\\\/uploads\\\/2017\\\/10\\\/radio-jazz-neu.jpg?fit=2048%2C1536&ssl=1\",\"datePublished\":\"2018-04-15T10:00:53+00:00\",\"dateModified\":\"2018-04-15T10:09:39+00:00\",\"breadcrumb\":{\"@id\":\"https:\\\/\\\/www.jazzzeitung.de\\\/cms\\\/2018\\\/04\\\/die-jazz-radiowoche-vom-16-04-bis-22-04-2018\\\/#breadcrumb\"},\"inLanguage\":\"de\",\"potentialAction\":[{\"@type\":\"ReadAction\",\"target\":[\"https:\\\/\\\/www.jazzzeitung.de\\\/cms\\\/2018\\\/04\\\/die-jazz-radiowoche-vom-16-04-bis-22-04-2018\\\/\"]}]},{\"@type\":\"ImageObject\",\"inLanguage\":\"de\",\"@id\":\"https:\\\/\\\/www.jazzzeitung.de\\\/cms\\\/2018\\\/04\\\/die-jazz-radiowoche-vom-16-04-bis-22-04-2018\\\/#primaryimage\",\"url\":\"https:\\\/\\\/i0.wp.com\\\/www.jazzzeitung.de\\\/cms\\\/wp-content\\\/uploads\\\/2017\\\/10\\\/radio-jazz-neu.jpg?fit=2048%2C1536&ssl=1\",\"contentUrl\":\"https:\\\/\\\/i0.wp.com\\\/www.jazzzeitung.de\\\/cms\\\/wp-content\\\/uploads\\\/2017\\\/10\\\/radio-jazz-neu.jpg?fit=2048%2C1536&ssl=1\",\"width\":2048,\"height\":1536,\"caption\":\"Jazz im Radio\"},{\"@type\":\"BreadcrumbList\",\"@id\":\"https:\\\/\\\/www.jazzzeitung.de\\\/cms\\\/2018\\\/04\\\/die-jazz-radiowoche-vom-16-04-bis-22-04-2018\\\/#breadcrumb\",\"itemListElement\":[{\"@type\":\"ListItem\",\"position\":1,\"name\":\"Startseite\",\"item\":\"https:\\\/\\\/www.jazzzeitung.de\\\/cms\\\/\"},{\"@type\":\"ListItem\",\"position\":2,\"name\":\"Die Jazz-Radiowoche vom 16.04. bis 22.04.2018\"}]},{\"@type\":\"WebSite\",\"@id\":\"https:\\\/\\\/www.jazzzeitung.de\\\/cms\\\/#website\",\"url\":\"https:\\\/\\\/www.jazzzeitung.de\\\/cms\\\/\",\"name\":\"JazzZeitung\",\"description\":\"Jazz-News und Jazz-Kontroverses\",\"publisher\":{\"@id\":\"https:\\\/\\\/www.jazzzeitung.de\\\/cms\\\/#organization\"},\"potentialAction\":[{\"@type\":\"SearchAction\",\"target\":{\"@type\":\"EntryPoint\",\"urlTemplate\":\"https:\\\/\\\/www.jazzzeitung.de\\\/cms\\\/?s={search_term_string}\"},\"query-input\":{\"@type\":\"PropertyValueSpecification\",\"valueRequired\":true,\"valueName\":\"search_term_string\"}}],\"inLanguage\":\"de\"},{\"@type\":\"Organization\",\"@id\":\"https:\\\/\\\/www.jazzzeitung.de\\\/cms\\\/#organization\",\"name\":\"JazzZeitung online\",\"url\":\"https:\\\/\\\/www.jazzzeitung.de\\\/cms\\\/\",\"logo\":{\"@type\":\"ImageObject\",\"inLanguage\":\"de\",\"@id\":\"https:\\\/\\\/www.jazzzeitung.de\\\/cms\\\/#\\\/schema\\\/logo\\\/image\\\/\",\"url\":\"https:\\\/\\\/i0.wp.com\\\/www.jazzzeitung.de\\\/cms\\\/wp-content\\\/uploads\\\/2015\\\/08\\\/JAZZZEITUNGDE_Logo_Neu.png?fit=499%2C200&ssl=1\",\"contentUrl\":\"https:\\\/\\\/i0.wp.com\\\/www.jazzzeitung.de\\\/cms\\\/wp-content\\\/uploads\\\/2015\\\/08\\\/JAZZZEITUNGDE_Logo_Neu.png?fit=499%2C200&ssl=1\",\"width\":499,\"height\":200,\"caption\":\"JazzZeitung online\"},\"image\":{\"@id\":\"https:\\\/\\\/www.jazzzeitung.de\\\/cms\\\/#\\\/schema\\\/logo\\\/image\\\/\"},\"sameAs\":[\"https:\\\/\\\/www.facebook.com\\\/JazzZeitung\\\/\"]},{\"@type\":\"Person\",\"@id\":\"https:\\\/\\\/www.jazzzeitung.de\\\/cms\\\/#\\\/schema\\\/person\\\/b9a4e5ac765d94fb8f617bfa8f1fc5f7\",\"name\":\"Martin Hufner\",\"image\":{\"@type\":\"ImageObject\",\"inLanguage\":\"de\",\"@id\":\"https:\\\/\\\/i0.wp.com\\\/www.jazzzeitung.de\\\/cms\\\/wp-content\\\/uploads\\\/2013\\\/07\\\/huf-06.jpg?resize=96%2C96&ssl=15fcc31aa94540751a3b804516452be00\",\"url\":\"https:\\\/\\\/i0.wp.com\\\/www.jazzzeitung.de\\\/cms\\\/wp-content\\\/uploads\\\/2013\\\/07\\\/huf-06.jpg?resize=96%2C96&ssl=1\",\"contentUrl\":\"https:\\\/\\\/i0.wp.com\\\/www.jazzzeitung.de\\\/cms\\\/wp-content\\\/uploads\\\/2013\\\/07\\\/huf-06.jpg?resize=96%2C96&ssl=1\",\"caption\":\"Martin Hufner\"},\"description\":\"Martin Hufner ist freier Autor der JazzZeitung.\",\"sameAs\":[\"https:\\\/\\\/www.kritische-masse.de\\\/logbuch\",\"https:\\\/\\\/www.facebook.com\\\/hufner\"],\"url\":\"https:\\\/\\\/www.jazzzeitung.de\\\/cms\\\/author\\\/admin\\\/\"}]}<\/script>\n<!-- \/ Yoast SEO plugin. -->","yoast_head_json":{"title":"Die Jazz-Radiowoche vom 16.04. bis 22.04.2018 - JazzZeitung","robots":{"index":"index","follow":"follow","max-snippet":"max-snippet:-1","max-image-preview":"max-image-preview:large","max-video-preview":"max-video-preview:-1"},"canonical":"https:\/\/www.jazzzeitung.de\/cms\/2018\/04\/die-jazz-radiowoche-vom-16-04-bis-22-04-2018\/","og_locale":"de_DE","og_type":"article","og_title":"Die Jazz-Radiowoche vom 16.04. bis 22.04.2018 - JazzZeitung","og_description":"Ein kleiner Blick in die Jazzwoche 16 im Radio. Wir m\u00fcssen reden! Punkt 1: Bei der aktuellen \u00dcbersicht finden sich unter allen \u00fcber 50 Eintr\u00e4gen ganze drei (in Zahlen \u201e3\u201c), bei denen Musikerinnen im Zentrum des Programms stehen. Jedenfalls soweit die Informationen vorliegen. Ausgenommen sind dabei CD-Neuvorstellungen. Auf diese drei Sendungen m\u00f6chte ich daher vorab besonders hinweisen: April: 23:05 bis 00:00 | BR-KLASSIK Jazztime: Jazz aus N\u00fcrnberg: Mostly Vocal \u2013 Von Raubv\u00f6geln, W\u00f6lfen und Geistern: Unterwegs in der Vorstellungs- und Musikwelt der S\u00e4ngerin und Komponistin Pegelia Gold. April: 21:05 bis 22:00 | Deutschlandfunk JazzFacts: Angekommen \u2013 Ein Portrait der Bassistin Linda Oh April: 19:04 bis 20:00 | hr2-kultur Live Jazz: Annette Maye &amp; Meeresrauschen | Multiphonics \u2013 Das Festival, Oktober 2017 Leute in den Rundfunkanstalten, nehmt mir das nicht \u00fcbel, aber das kann so nicht weitergehen, das muss sich \u00e4ndern! Punkt 2: Ja, f\u00fcr die letzte Woche gab es keine Radio\u00fcbersicht. Immerhin zwei Menschen haben sich daraufhin freundlich zur\u00fcckgemeldet, dass ihnen diese \u00dcbersicht ganz gut gef\u00e4llt und dass sie diesen Service wohl sch\u00e4tzen. Danke Euch beiden. Immerhin gab es auch keine w\u00fctenden Beschwerden. Das ist &hellip;","og_url":"https:\/\/www.jazzzeitung.de\/cms\/2018\/04\/die-jazz-radiowoche-vom-16-04-bis-22-04-2018\/","og_site_name":"JazzZeitung","article_publisher":"https:\/\/www.facebook.com\/JazzZeitung\/","article_author":"https:\/\/www.facebook.com\/hufner","article_published_time":"2018-04-15T10:00:53+00:00","article_modified_time":"2018-04-15T10:09:39+00:00","og_image":[{"width":2048,"height":1536,"url":"https:\/\/i0.wp.com\/www.jazzzeitung.de\/cms\/wp-content\/uploads\/2017\/10\/radio-jazz-neu.jpg?fit=2048%2C1536&ssl=1","type":"image\/jpeg"}],"author":"Martin Hufner","schema":{"@context":"https:\/\/schema.org","@graph":[{"@type":"Article","@id":"https:\/\/www.jazzzeitung.de\/cms\/2018\/04\/die-jazz-radiowoche-vom-16-04-bis-22-04-2018\/#article","isPartOf":{"@id":"https:\/\/www.jazzzeitung.de\/cms\/2018\/04\/die-jazz-radiowoche-vom-16-04-bis-22-04-2018\/"},"author":{"name":"Martin Hufner","@id":"https:\/\/www.jazzzeitung.de\/cms\/#\/schema\/person\/b9a4e5ac765d94fb8f617bfa8f1fc5f7"},"headline":"Die Jazz-Radiowoche vom 16.04. bis 22.04.2018","datePublished":"2018-04-15T10:00:53+00:00","dateModified":"2018-04-15T10:09:39+00:00","mainEntityOfPage":{"@id":"https:\/\/www.jazzzeitung.de\/cms\/2018\/04\/die-jazz-radiowoche-vom-16-04-bis-22-04-2018\/"},"wordCount":2976,"commentCount":4,"publisher":{"@id":"https:\/\/www.jazzzeitung.de\/cms\/#organization"},"image":{"@id":"https:\/\/www.jazzzeitung.de\/cms\/2018\/04\/die-jazz-radiowoche-vom-16-04-bis-22-04-2018\/#primaryimage"},"thumbnailUrl":"https:\/\/i0.wp.com\/www.jazzzeitung.de\/cms\/wp-content\/uploads\/2017\/10\/radio-jazz-neu.jpg?fit=2048%2C1536&ssl=1","keywords":["Jazz im Radio"],"articleSection":["News","Radio"],"inLanguage":"de","potentialAction":[{"@type":"CommentAction","name":"Comment","target":["https:\/\/www.jazzzeitung.de\/cms\/2018\/04\/die-jazz-radiowoche-vom-16-04-bis-22-04-2018\/#respond"]}]},{"@type":"WebPage","@id":"https:\/\/www.jazzzeitung.de\/cms\/2018\/04\/die-jazz-radiowoche-vom-16-04-bis-22-04-2018\/","url":"https:\/\/www.jazzzeitung.de\/cms\/2018\/04\/die-jazz-radiowoche-vom-16-04-bis-22-04-2018\/","name":"Die Jazz-Radiowoche vom 16.04. bis 22.04.2018 - JazzZeitung","isPartOf":{"@id":"https:\/\/www.jazzzeitung.de\/cms\/#website"},"primaryImageOfPage":{"@id":"https:\/\/www.jazzzeitung.de\/cms\/2018\/04\/die-jazz-radiowoche-vom-16-04-bis-22-04-2018\/#primaryimage"},"image":{"@id":"https:\/\/www.jazzzeitung.de\/cms\/2018\/04\/die-jazz-radiowoche-vom-16-04-bis-22-04-2018\/#primaryimage"},"thumbnailUrl":"https:\/\/i0.wp.com\/www.jazzzeitung.de\/cms\/wp-content\/uploads\/2017\/10\/radio-jazz-neu.jpg?fit=2048%2C1536&ssl=1","datePublished":"2018-04-15T10:00:53+00:00","dateModified":"2018-04-15T10:09:39+00:00","breadcrumb":{"@id":"https:\/\/www.jazzzeitung.de\/cms\/2018\/04\/die-jazz-radiowoche-vom-16-04-bis-22-04-2018\/#breadcrumb"},"inLanguage":"de","potentialAction":[{"@type":"ReadAction","target":["https:\/\/www.jazzzeitung.de\/cms\/2018\/04\/die-jazz-radiowoche-vom-16-04-bis-22-04-2018\/"]}]},{"@type":"ImageObject","inLanguage":"de","@id":"https:\/\/www.jazzzeitung.de\/cms\/2018\/04\/die-jazz-radiowoche-vom-16-04-bis-22-04-2018\/#primaryimage","url":"https:\/\/i0.wp.com\/www.jazzzeitung.de\/cms\/wp-content\/uploads\/2017\/10\/radio-jazz-neu.jpg?fit=2048%2C1536&ssl=1","contentUrl":"https:\/\/i0.wp.com\/www.jazzzeitung.de\/cms\/wp-content\/uploads\/2017\/10\/radio-jazz-neu.jpg?fit=2048%2C1536&ssl=1","width":2048,"height":1536,"caption":"Jazz im Radio"},{"@type":"BreadcrumbList","@id":"https:\/\/www.jazzzeitung.de\/cms\/2018\/04\/die-jazz-radiowoche-vom-16-04-bis-22-04-2018\/#breadcrumb","itemListElement":[{"@type":"ListItem","position":1,"name":"Startseite","item":"https:\/\/www.jazzzeitung.de\/cms\/"},{"@type":"ListItem","position":2,"name":"Die Jazz-Radiowoche vom 16.04. bis 22.04.2018"}]},{"@type":"WebSite","@id":"https:\/\/www.jazzzeitung.de\/cms\/#website","url":"https:\/\/www.jazzzeitung.de\/cms\/","name":"JazzZeitung","description":"Jazz-News und Jazz-Kontroverses","publisher":{"@id":"https:\/\/www.jazzzeitung.de\/cms\/#organization"},"potentialAction":[{"@type":"SearchAction","target":{"@type":"EntryPoint","urlTemplate":"https:\/\/www.jazzzeitung.de\/cms\/?s={search_term_string}"},"query-input":{"@type":"PropertyValueSpecification","valueRequired":true,"valueName":"search_term_string"}}],"inLanguage":"de"},{"@type":"Organization","@id":"https:\/\/www.jazzzeitung.de\/cms\/#organization","name":"JazzZeitung online","url":"https:\/\/www.jazzzeitung.de\/cms\/","logo":{"@type":"ImageObject","inLanguage":"de","@id":"https:\/\/www.jazzzeitung.de\/cms\/#\/schema\/logo\/image\/","url":"https:\/\/i0.wp.com\/www.jazzzeitung.de\/cms\/wp-content\/uploads\/2015\/08\/JAZZZEITUNGDE_Logo_Neu.png?fit=499%2C200&ssl=1","contentUrl":"https:\/\/i0.wp.com\/www.jazzzeitung.de\/cms\/wp-content\/uploads\/2015\/08\/JAZZZEITUNGDE_Logo_Neu.png?fit=499%2C200&ssl=1","width":499,"height":200,"caption":"JazzZeitung online"},"image":{"@id":"https:\/\/www.jazzzeitung.de\/cms\/#\/schema\/logo\/image\/"},"sameAs":["https:\/\/www.facebook.com\/JazzZeitung\/"]},{"@type":"Person","@id":"https:\/\/www.jazzzeitung.de\/cms\/#\/schema\/person\/b9a4e5ac765d94fb8f617bfa8f1fc5f7","name":"Martin Hufner","image":{"@type":"ImageObject","inLanguage":"de","@id":"https:\/\/i0.wp.com\/www.jazzzeitung.de\/cms\/wp-content\/uploads\/2013\/07\/huf-06.jpg?resize=96%2C96&ssl=15fcc31aa94540751a3b804516452be00","url":"https:\/\/i0.wp.com\/www.jazzzeitung.de\/cms\/wp-content\/uploads\/2013\/07\/huf-06.jpg?resize=96%2C96&ssl=1","contentUrl":"https:\/\/i0.wp.com\/www.jazzzeitung.de\/cms\/wp-content\/uploads\/2013\/07\/huf-06.jpg?resize=96%2C96&ssl=1","caption":"Martin Hufner"},"description":"Martin Hufner ist freier Autor der JazzZeitung.","sameAs":["https:\/\/www.kritische-masse.de\/logbuch","https:\/\/www.facebook.com\/hufner"],"url":"https:\/\/www.jazzzeitung.de\/cms\/author\/admin\/"}]}},"wp-worthy-pixel":{"ignored":true,"public":null,"server":null,"url":null},"wp-worthy-type":"normal","jetpack_publicize_connections":[],"cc_featured_image_caption":{"caption_text":"Jazz im Radio.","source_text":"\u00a9 Martin Hufner (Foto\/Montage)","source_url":"https:\/\/www.musikkritik.org"},"jetpack_featured_media_url":"https:\/\/i0.wp.com\/www.jazzzeitung.de\/cms\/wp-content\/uploads\/2017\/10\/radio-jazz-neu.jpg?fit=2048%2C1536&ssl=1","jetpack_shortlink":"https:\/\/wp.me\/p3KEcT-44A","jetpack-related-posts":[{"id":21412,"url":"https:\/\/www.jazzzeitung.de\/cms\/2019\/12\/die-jazz-radiowoche-vom-09-12-19-bis-15-12-2019\/","url_meta":{"origin":15660,"position":0},"title":"Die Jazz-Radiowoche vom 09.12.19 bis 15.12.2019","author":"Martin Hufner","date":"7. Dezember 2019","format":false,"excerpt":"Ein kleiner Blick in die Jazzwoche 50 im Radio. Die \u00dcbersicht zum Download als PDF. Alle Angaben ohne Gew\u00e4hr. Jazz im Radio (Fernsehen) SR2 \u2013 JazzNow \u2013 Sonntags von 20.04 bis 22.30 Uhr BR-KLASSIK \u2013 Jazztime \u2013 Von Montag bis Freitag t\u00e4glich um 23.05 Uhr rbb-kultur \u2013 Late Night Jazz\u2026","rel":"","context":"In &quot;Radio&quot;","block_context":{"text":"Radio","link":"https:\/\/www.jazzzeitung.de\/cms\/thema\/radio\/"},"img":{"alt_text":"Jazz im Radio. Foto: Hufner","src":"https:\/\/i0.wp.com\/www.jazzzeitung.de\/cms\/wp-content\/uploads\/2019\/03\/jazz_im_radio.jpg?fit=1200%2C773&ssl=1&resize=350%2C200","width":350,"height":200,"srcset":"https:\/\/i0.wp.com\/www.jazzzeitung.de\/cms\/wp-content\/uploads\/2019\/03\/jazz_im_radio.jpg?fit=1200%2C773&ssl=1&resize=350%2C200 1x, https:\/\/i0.wp.com\/www.jazzzeitung.de\/cms\/wp-content\/uploads\/2019\/03\/jazz_im_radio.jpg?fit=1200%2C773&ssl=1&resize=525%2C300 1.5x, https:\/\/i0.wp.com\/www.jazzzeitung.de\/cms\/wp-content\/uploads\/2019\/03\/jazz_im_radio.jpg?fit=1200%2C773&ssl=1&resize=700%2C400 2x, https:\/\/i0.wp.com\/www.jazzzeitung.de\/cms\/wp-content\/uploads\/2019\/03\/jazz_im_radio.jpg?fit=1200%2C773&ssl=1&resize=1050%2C600 3x"},"classes":[]},{"id":22332,"url":"https:\/\/www.jazzzeitung.de\/cms\/2020\/04\/die-jazz-radiowoche-vom-13-04-20-bis-19-04-20\/","url_meta":{"origin":15660,"position":1},"title":"Die Jazz-Radiowoche vom 13.04.20 bis 19.04.20","author":"Martin Hufner","date":"12. April 2020","format":false,"excerpt":"Ein kleiner Blick in die Jazzwoche 16 im Radio. Die \u00dcbersicht zum Download als PDF. Alle Angaben ohne Gew\u00e4hr. Jazz im Radio (Fernsehen) SR2 \u2013 JazzNow \u2013 Sonntags von 20.04 bis 22.30 Uhr BR-KLASSIK \u2013 Jazztime \u2013 Von Montag bis Freitag t\u00e4glich um 23.05 Uhr rbb-kultur \u2013 Late Night Jazz\u2026","rel":"","context":"In &quot;News&quot;","block_context":{"text":"News","link":"https:\/\/www.jazzzeitung.de\/cms\/thema\/nachrichten\/"},"img":{"alt_text":"Jazz im Radio. Foto: Hufner","src":"https:\/\/i0.wp.com\/www.jazzzeitung.de\/cms\/wp-content\/uploads\/2019\/03\/jazz_im_radio.jpg?fit=1200%2C773&ssl=1&resize=350%2C200","width":350,"height":200,"srcset":"https:\/\/i0.wp.com\/www.jazzzeitung.de\/cms\/wp-content\/uploads\/2019\/03\/jazz_im_radio.jpg?fit=1200%2C773&ssl=1&resize=350%2C200 1x, https:\/\/i0.wp.com\/www.jazzzeitung.de\/cms\/wp-content\/uploads\/2019\/03\/jazz_im_radio.jpg?fit=1200%2C773&ssl=1&resize=525%2C300 1.5x, https:\/\/i0.wp.com\/www.jazzzeitung.de\/cms\/wp-content\/uploads\/2019\/03\/jazz_im_radio.jpg?fit=1200%2C773&ssl=1&resize=700%2C400 2x, https:\/\/i0.wp.com\/www.jazzzeitung.de\/cms\/wp-content\/uploads\/2019\/03\/jazz_im_radio.jpg?fit=1200%2C773&ssl=1&resize=1050%2C600 3x"},"classes":[]},{"id":23939,"url":"https:\/\/www.jazzzeitung.de\/cms\/2020\/12\/die-jazz-radiowoche-vom-7-12-20-bis-13-12-2020\/","url_meta":{"origin":15660,"position":2},"title":"Die Jazz-Radiowoche vom 7.12.20 bis 13.12.2020","author":"Martin Hufner","date":"6. Dezember 2020","format":false,"excerpt":"Ein kleiner Blick in die Jazzwoche 50 im Radio. Der ist dieses mal so klein, es steht da n\u00e4mlich gar nichts drin.Grund daf\u00fcr: Die Suchmaschine f\u00fcr Radiosendungen der ARD gibt am dem 7.12.2020 keine Ergebnisse heraus. Versuche der Kontaktaufnahme mit der ARD sind ohne Echo verhallt. Aktuell bleibt es bei\u2026","rel":"","context":"In &quot;News&quot;","block_context":{"text":"News","link":"https:\/\/www.jazzzeitung.de\/cms\/thema\/nachrichten\/"},"img":{"alt_text":"Jazz im Radio. Foto: Hufner","src":"https:\/\/i0.wp.com\/www.jazzzeitung.de\/cms\/wp-content\/uploads\/2019\/03\/jazz_im_radio.jpg?fit=1200%2C773&ssl=1&resize=350%2C200","width":350,"height":200,"srcset":"https:\/\/i0.wp.com\/www.jazzzeitung.de\/cms\/wp-content\/uploads\/2019\/03\/jazz_im_radio.jpg?fit=1200%2C773&ssl=1&resize=350%2C200 1x, https:\/\/i0.wp.com\/www.jazzzeitung.de\/cms\/wp-content\/uploads\/2019\/03\/jazz_im_radio.jpg?fit=1200%2C773&ssl=1&resize=525%2C300 1.5x, https:\/\/i0.wp.com\/www.jazzzeitung.de\/cms\/wp-content\/uploads\/2019\/03\/jazz_im_radio.jpg?fit=1200%2C773&ssl=1&resize=700%2C400 2x, https:\/\/i0.wp.com\/www.jazzzeitung.de\/cms\/wp-content\/uploads\/2019\/03\/jazz_im_radio.jpg?fit=1200%2C773&ssl=1&resize=1050%2C600 3x"},"classes":[]},{"id":23084,"url":"https:\/\/www.jazzzeitung.de\/cms\/2020\/08\/die-jazz-radiowoche-vom-03-08-20-bis-09-08-20\/","url_meta":{"origin":15660,"position":3},"title":"Die Jazz-Radiowoche vom 03.08.20 bis 09.08.20","author":"Martin Hufner","date":"2. August 2020","format":false,"excerpt":"Ein kleiner Blick in die Jazzwoche 32 im Radio. Alle Angaben ohne Gew\u00e4hr. Unter anderem: Siggi Loch \u2013 ein Labelchef mit 80.","rel":"","context":"In &quot;News&quot;","block_context":{"text":"News","link":"https:\/\/www.jazzzeitung.de\/cms\/thema\/nachrichten\/"},"img":{"alt_text":"Jazz im Radio. Foto: Hufner","src":"https:\/\/i0.wp.com\/www.jazzzeitung.de\/cms\/wp-content\/uploads\/2019\/03\/jazz_im_radio.jpg?fit=1200%2C773&ssl=1&resize=350%2C200","width":350,"height":200,"srcset":"https:\/\/i0.wp.com\/www.jazzzeitung.de\/cms\/wp-content\/uploads\/2019\/03\/jazz_im_radio.jpg?fit=1200%2C773&ssl=1&resize=350%2C200 1x, https:\/\/i0.wp.com\/www.jazzzeitung.de\/cms\/wp-content\/uploads\/2019\/03\/jazz_im_radio.jpg?fit=1200%2C773&ssl=1&resize=525%2C300 1.5x, https:\/\/i0.wp.com\/www.jazzzeitung.de\/cms\/wp-content\/uploads\/2019\/03\/jazz_im_radio.jpg?fit=1200%2C773&ssl=1&resize=700%2C400 2x, https:\/\/i0.wp.com\/www.jazzzeitung.de\/cms\/wp-content\/uploads\/2019\/03\/jazz_im_radio.jpg?fit=1200%2C773&ssl=1&resize=1050%2C600 3x"},"classes":[]},{"id":21538,"url":"https:\/\/www.jazzzeitung.de\/cms\/2019\/12\/die-jazz-radiowoche-vom-16-12-19-bis-22-12-2019\/","url_meta":{"origin":15660,"position":4},"title":"Die Jazz-Radiowoche vom 16.12.19 bis 22.12.2019","author":"Martin Hufner","date":"15. Dezember 2019","format":false,"excerpt":"Ein kleiner Blick in die Jazzwoche 51 im Radio. Die \u00dcbersicht zum Download als PDF. Alle Angaben ohne Gew\u00e4hr. Jazz im Radio (Fernsehen) SR2 \u2013 JazzNow \u2013 Sonntags von 20.04 bis 22.30 Uhr BR-KLASSIK \u2013 Jazztime \u2013 Von Montag bis Freitag t\u00e4glich um 23.05 Uhr rbb-kultur \u2013 Late Night Jazz\u2026","rel":"","context":"In &quot;News&quot;","block_context":{"text":"News","link":"https:\/\/www.jazzzeitung.de\/cms\/thema\/nachrichten\/"},"img":{"alt_text":"Jazz im Radio. Foto: Hufner","src":"https:\/\/i0.wp.com\/www.jazzzeitung.de\/cms\/wp-content\/uploads\/2019\/03\/jazz_im_radio.jpg?fit=1200%2C773&ssl=1&resize=350%2C200","width":350,"height":200,"srcset":"https:\/\/i0.wp.com\/www.jazzzeitung.de\/cms\/wp-content\/uploads\/2019\/03\/jazz_im_radio.jpg?fit=1200%2C773&ssl=1&resize=350%2C200 1x, https:\/\/i0.wp.com\/www.jazzzeitung.de\/cms\/wp-content\/uploads\/2019\/03\/jazz_im_radio.jpg?fit=1200%2C773&ssl=1&resize=525%2C300 1.5x, https:\/\/i0.wp.com\/www.jazzzeitung.de\/cms\/wp-content\/uploads\/2019\/03\/jazz_im_radio.jpg?fit=1200%2C773&ssl=1&resize=700%2C400 2x, https:\/\/i0.wp.com\/www.jazzzeitung.de\/cms\/wp-content\/uploads\/2019\/03\/jazz_im_radio.jpg?fit=1200%2C773&ssl=1&resize=1050%2C600 3x"},"classes":[]},{"id":15683,"url":"https:\/\/www.jazzzeitung.de\/cms\/2018\/04\/die-jazz-radiowoche-vom-23-04-bis-29-04-2018\/","url_meta":{"origin":15660,"position":5},"title":"Die Jazz-Radiowoche vom 23.04. bis 29.04.2018","author":"Martin Hufner","date":"22. April 2018","format":false,"excerpt":"Ein kleiner Blick in die Jazzwoche 17 im Radio. Mit unserem besonderen Service: JazzIn. 23. April: 20:05 bis 22:00 | MDR Kultur MDR KULTUR im Konzert: WOMEN IN JAZZ: Liz Wright 26. April: 21:05 bis 22:00 | Deutschlandfunk JazzFacts: Transparenz, Struktur und Freiraum \u2013 Die Bassistin und Komponistin Hendrika Entzian\u2026","rel":"","context":"In &quot;Radio&quot;","block_context":{"text":"Radio","link":"https:\/\/www.jazzzeitung.de\/cms\/thema\/radio\/"},"img":{"alt_text":"Jazz im Radio","src":"https:\/\/i0.wp.com\/www.jazzzeitung.de\/cms\/wp-content\/uploads\/2017\/10\/radio-jazz-neu.jpg?fit=1200%2C900&ssl=1&resize=350%2C200","width":350,"height":200,"srcset":"https:\/\/i0.wp.com\/www.jazzzeitung.de\/cms\/wp-content\/uploads\/2017\/10\/radio-jazz-neu.jpg?fit=1200%2C900&ssl=1&resize=350%2C200 1x, https:\/\/i0.wp.com\/www.jazzzeitung.de\/cms\/wp-content\/uploads\/2017\/10\/radio-jazz-neu.jpg?fit=1200%2C900&ssl=1&resize=525%2C300 1.5x, https:\/\/i0.wp.com\/www.jazzzeitung.de\/cms\/wp-content\/uploads\/2017\/10\/radio-jazz-neu.jpg?fit=1200%2C900&ssl=1&resize=700%2C400 2x, https:\/\/i0.wp.com\/www.jazzzeitung.de\/cms\/wp-content\/uploads\/2017\/10\/radio-jazz-neu.jpg?fit=1200%2C900&ssl=1&resize=1050%2C600 3x"},"classes":[]}],"jetpack_sharing_enabled":true,"_links":{"self":[{"href":"https:\/\/www.jazzzeitung.de\/cms\/wp-json\/wp\/v2\/posts\/15660","targetHints":{"allow":["GET"]}}],"collection":[{"href":"https:\/\/www.jazzzeitung.de\/cms\/wp-json\/wp\/v2\/posts"}],"about":[{"href":"https:\/\/www.jazzzeitung.de\/cms\/wp-json\/wp\/v2\/types\/post"}],"author":[{"embeddable":true,"href":"https:\/\/www.jazzzeitung.de\/cms\/wp-json\/wp\/v2\/users\/1"}],"replies":[{"embeddable":true,"href":"https:\/\/www.jazzzeitung.de\/cms\/wp-json\/wp\/v2\/comments?post=15660"}],"version-history":[{"count":3,"href":"https:\/\/www.jazzzeitung.de\/cms\/wp-json\/wp\/v2\/posts\/15660\/revisions"}],"predecessor-version":[{"id":15665,"href":"https:\/\/www.jazzzeitung.de\/cms\/wp-json\/wp\/v2\/posts\/15660\/revisions\/15665"}],"wp:featuredmedia":[{"embeddable":true,"href":"https:\/\/www.jazzzeitung.de\/cms\/wp-json\/wp\/v2\/media\/13661"}],"wp:attachment":[{"href":"https:\/\/www.jazzzeitung.de\/cms\/wp-json\/wp\/v2\/media?parent=15660"}],"wp:term":[{"taxonomy":"category","embeddable":true,"href":"https:\/\/www.jazzzeitung.de\/cms\/wp-json\/wp\/v2\/categories?post=15660"},{"taxonomy":"post_tag","embeddable":true,"href":"https:\/\/www.jazzzeitung.de\/cms\/wp-json\/wp\/v2\/tags?post=15660"},{"taxonomy":"author","embeddable":true,"href":"https:\/\/www.jazzzeitung.de\/cms\/wp-json\/wp\/v2\/coauthors?post=15660"}],"curies":[{"name":"wp","href":"https:\/\/api.w.org\/{rel}","templated":true}]}}