{"id":15486,"date":"2018-03-28T17:00:44","date_gmt":"2018-03-28T15:00:44","guid":{"rendered":"https:\/\/www.jazzzeitung.de\/cms\/?p=15486"},"modified":"2018-03-28T16:01:20","modified_gmt":"2018-03-28T14:01:20","slug":"alexander-buehl-ist-jazz-preistraeger-des-landes-baden-wuerttemberg-bernd-konrad-erhaelt-jazz-ehrenpreis","status":"publish","type":"post","link":"https:\/\/www.jazzzeitung.de\/cms\/2018\/03\/alexander-buehl-ist-jazz-preistraeger-des-landes-baden-wuerttemberg-bernd-konrad-erhaelt-jazz-ehrenpreis\/","title":{"rendered":"Alexander B\u00fchl ist Jazz-Preistr\u00e4ger des Landes Baden-W\u00fcrttemberg \u2013 Bernd Konrad erh\u00e4lt Jazz-Ehrenpreis"},"content":{"rendered":"<h2 class=\"teaser-big\" data-rtr-title=\"#read\">Alexander B\u00fchl ist Landesjazzpreistr\u00e4ger 2018<\/h2>\n<p class=\"bodytext\">Der Saxophonist Alexander B\u00fchl ist Jazz-Preistr\u00e4ger des Landes Baden-W\u00fcrttemberg 2018. \u201eAlexander B\u00fchl, der von John Coltrane, aber auch von Lester Young und Stan Getz beeinflusst ist, geh\u00f6rt mittlerweile zu den wichtigsten neuen Tenorsaxophonisten in Deutschland&#8220;, sagte die baden-w\u00fcrttembergische Kunststaatssekret\u00e4rin Petra Olschowski bei der Bekanntgabe des Preistr\u00e4gers. &#8222;Er ist ein erfindungsreicher Saxophonist mit gl\u00e4nzender Technik und melodischem Einfallsreichtum. Er vereinigt vielf\u00e4ltige Einfl\u00fcsse in seinem pers\u00f6nlichen Stil, die ihn \u2013 gepaart mit Geschmacksicherheit, dramatischem Gesp\u00fcr sowie einer perlenden Leichtigkeit \u2013 zu einer spannenden jungen Musikerpers\u00f6nlichkeit machen. Die Jury unter Vorsitz von Prof. Bernd Konrad stellte fest: &#8222;Der Saxophonist und Komponist Alexander B\u00fchl ist ein Musiker, der in vielf\u00e4ltigen Formationen arbeitet. In kleinen Besetzungen sowie in Big-Bands gelingt es dem Saxophonisten, durch packende Improvisationen und durch interessante, spannende Kompositionen das Publikum und die Fachwelt zu begeistern\u201c.<\/p>\n<p>Bereits vor seinem Studium an der Hochschule f\u00fcr Musik N\u00fcrnberg spielte B\u00fchl im \u201eLandesjazzorchester Baden-W\u00fcrttemberg\u201c unter der Leitung von Bernd Konrad und gewann sp\u00e4ter das \u201eSkoda-Stipendium\u201c f\u00fcr das\u201eBundesjazzorchester\u201c, mit dem er Tourneen nach S\u00fcdafrika und Indien unternahm. 2017 erschien seine zweite Sextett-CD \u201eAll About Gershwin\u201c, die sich ausschlie\u00dflich Kompositionen der Gershwin Br\u00fcder widmet.<\/p>\n<p class=\"bodytext\">Der Preis wird im Rahmen eines Preistr\u00e4gerkonzerts im Sommer verliehen.<\/p>\n<figure id=\"attachment_15487\" aria-describedby=\"caption-attachment-15487\" style=\"width: 700px\" class=\"wp-caption aligncenter\"><a href=\"https:\/\/i0.wp.com\/www.jazzzeitung.de\/cms\/wp-content\/uploads\/2018\/03\/Alexander-B%C3%BChl-c-Sven-G%C3%B6tz.jpg?ssl=1\"><img data-recalc-dims=\"1\" loading=\"lazy\" decoding=\"async\" data-attachment-id=\"15487\" data-permalink=\"https:\/\/www.jazzzeitung.de\/cms\/2018\/03\/alexander-buehl-ist-jazz-preistraeger-des-landes-baden-wuerttemberg-bernd-konrad-erhaelt-jazz-ehrenpreis\/alexander-buehl-c-sven-goetz\/\" data-orig-file=\"https:\/\/i0.wp.com\/www.jazzzeitung.de\/cms\/wp-content\/uploads\/2018\/03\/Alexander-B%C3%BChl-c-Sven-G%C3%B6tz.jpg?fit=700%2C360&amp;ssl=1\" data-orig-size=\"700,360\" data-comments-opened=\"1\" data-image-meta=\"{&quot;aperture&quot;:&quot;0&quot;,&quot;credit&quot;:&quot;&quot;,&quot;camera&quot;:&quot;&quot;,&quot;caption&quot;:&quot;&quot;,&quot;created_timestamp&quot;:&quot;0&quot;,&quot;copyright&quot;:&quot;&quot;,&quot;focal_length&quot;:&quot;0&quot;,&quot;iso&quot;:&quot;0&quot;,&quot;shutter_speed&quot;:&quot;0&quot;,&quot;title&quot;:&quot;&quot;,&quot;orientation&quot;:&quot;0&quot;}\" data-image-title=\"\" data-image-description=\"&lt;p&gt;Alexander B\u00fchl ist auch als Komponist und Arrangeur t\u00e4tig. Foto: Sven G\u00f6tz&lt;\/p&gt;\n\" data-image-caption=\"&lt;p&gt;Alexander B\u00fchl ist auch als Komponist und Arrangeur t\u00e4tig. Foto: Sven G\u00f6tz&lt;\/p&gt;\n\" data-large-file=\"https:\/\/i0.wp.com\/www.jazzzeitung.de\/cms\/wp-content\/uploads\/2018\/03\/Alexander-B%C3%BChl-c-Sven-G%C3%B6tz.jpg?fit=700%2C360&amp;ssl=1\" class=\"size-full wp-image-15487\" src=\"https:\/\/i0.wp.com\/www.jazzzeitung.de\/cms\/wp-content\/uploads\/2018\/03\/Alexander-B%C3%BChl-c-Sven-G%C3%B6tz.jpg?resize=700%2C360&#038;ssl=1\" alt=\"\" width=\"700\" height=\"360\" srcset=\"https:\/\/i0.wp.com\/www.jazzzeitung.de\/cms\/wp-content\/uploads\/2018\/03\/Alexander-B%C3%BChl-c-Sven-G%C3%B6tz.jpg?w=700&amp;ssl=1 700w, https:\/\/i0.wp.com\/www.jazzzeitung.de\/cms\/wp-content\/uploads\/2018\/03\/Alexander-B%C3%BChl-c-Sven-G%C3%B6tz.jpg?resize=300%2C154&amp;ssl=1 300w, https:\/\/i0.wp.com\/www.jazzzeitung.de\/cms\/wp-content\/uploads\/2018\/03\/Alexander-B%C3%BChl-c-Sven-G%C3%B6tz.jpg?resize=600%2C309&amp;ssl=1 600w\" sizes=\"auto, (max-width: 700px) 100vw, 700px\" \/><\/a><figcaption id=\"caption-attachment-15487\" class=\"wp-caption-text\">Alexander B\u00fchl ist auch als Komponist und Arrangeur t\u00e4tig. Foto: Sven G\u00f6tz<\/figcaption><\/figure>\n<h2 class=\"subject\">Bernd Konrad erh\u00e4lt Jazz-Ehrenpreis<\/h2>\n<p>Heute, am 28. M\u00e4rz, hat Kunststaatssekret\u00e4rin Petra Olschowski nun dem Saxophonisten, Klarinettisten und Komponisten Bernd Konrad den Landesjazzpreis in der Kategorie \u201eSonderpreis f\u00fcr das Lebenswerk\u201c verliehen. \u201eMit dem Jazz-Ehrenpreis, der dieses Jahr zum vierten Mal vergeben wird, w\u00fcrdigt das Land eine herausragende Lebensleistung. Bernd Konrad pr\u00e4gt nicht nur seit Jahrzehnten die baden-w\u00fcrttembergische Jazz-Landschaft, er bildete als Hochschullehrer ganze Generationen von Jazz-Musikerinnen und -Musikern aus und begeisterte als Gr\u00fcnder und Leiter des Jugendjazzorchesters \u00fcber 30 Jahre lang Jugendliche f\u00fcr dieses Genre. Bernd Konrad versteht es, mit seiner Begeisterung f\u00fcr den Jazz, Menschen in aller Welt zu gewinnen und zu verzaubern. Dies w\u00fcrdigen wir mit dem Preis f\u00fcr das Lebenswerk\u201c, so Olschowski.<\/p>\n<p>Bedeutende Werke von Bernd Konrad sind unter anderem sein \u201eTraumt\u00e4nzer\u201c, \u201eTo Hear The World In A Grain Of Sand\u201c, \u201eBurning Flower\u201c, \u201eStepping Stone\u201c und \u201eDer See\u201c. Hinzu kam eine F\u00fclle ambitionierter Kompositionen f\u00fcr Erwin Lehn, das Radio-Sinfonie-Orchester Stuttgart und die SWR-Big Band sowie viele H\u00f6rspiel-, Film- und B\u00fchnenkompositionen. Zudem war er f\u00fcr Rundfunk-Sendungen \u00fcber Jazz und musikalische Themen t\u00e4tig. Der Landesregierung steht er seit der Stiftung des Jazz-Preises Baden-W\u00fcrttemberg 1985 als Mitglied der Jury zur Verf\u00fcgung, seit vielen Jahren als deren Vorsitzender.<\/p>\n<p>Die Preisverleihung, unterst\u00fctzt von Lotto BW und der L-Bank, findet erstmalig im Rahmen der renommierten \u201eTheaterhaus Jazztage\u201c statt, bei denen Bernd Konrad zusammen mit alten Weggef\u00e4hrten wie Herbert Joos, G\u00fcnter \u201eBaby\u201c Sommer und vielen G\u00e4sten auftritt. Dotiert ist die Auszeichnung mit 10.000 Euro.<\/p>\n<p>&nbsp;<\/p>\n<figure id=\"attachment_15488\" aria-describedby=\"caption-attachment-15488\" style=\"width: 700px\" class=\"wp-caption aligncenter\"><a href=\"https:\/\/i0.wp.com\/www.jazzzeitung.de\/cms\/wp-content\/uploads\/2018\/03\/Bernd-Konrad-c-Franzis-v.-Stechow.jpg?ssl=1\"><img data-recalc-dims=\"1\" loading=\"lazy\" decoding=\"async\" data-attachment-id=\"15488\" data-permalink=\"https:\/\/www.jazzzeitung.de\/cms\/2018\/03\/alexander-buehl-ist-jazz-preistraeger-des-landes-baden-wuerttemberg-bernd-konrad-erhaelt-jazz-ehrenpreis\/bernd-konrad-c-franzis-v-stechow\/\" data-orig-file=\"https:\/\/i0.wp.com\/www.jazzzeitung.de\/cms\/wp-content\/uploads\/2018\/03\/Bernd-Konrad-c-Franzis-v.-Stechow.jpg?fit=700%2C360&amp;ssl=1\" data-orig-size=\"700,360\" data-comments-opened=\"1\" data-image-meta=\"{&quot;aperture&quot;:&quot;5.6&quot;,&quot;credit&quot;:&quot;&quot;,&quot;camera&quot;:&quot;NIKON D5500&quot;,&quot;caption&quot;:&quot;&quot;,&quot;created_timestamp&quot;:&quot;1507985846&quot;,&quot;copyright&quot;:&quot;&quot;,&quot;focal_length&quot;:&quot;70&quot;,&quot;iso&quot;:&quot;400&quot;,&quot;shutter_speed&quot;:&quot;0.003125&quot;,&quot;title&quot;:&quot;&quot;,&quot;orientation&quot;:&quot;1&quot;}\" data-image-title=\"\" data-image-description=\"&lt;p&gt;2001 wurde Bernd Konrad das Bundesverdienstkreuz verliehen. Foto: Francis v. Stechow&lt;\/p&gt;\n\" data-image-caption=\"&lt;p&gt;2001 wurde Bernd Konrad das Bundesverdienstkreuz verliehen. Foto: Francis v. Stechow&lt;\/p&gt;\n\" data-large-file=\"https:\/\/i0.wp.com\/www.jazzzeitung.de\/cms\/wp-content\/uploads\/2018\/03\/Bernd-Konrad-c-Franzis-v.-Stechow.jpg?fit=700%2C360&amp;ssl=1\" class=\"size-full wp-image-15488\" src=\"https:\/\/i0.wp.com\/www.jazzzeitung.de\/cms\/wp-content\/uploads\/2018\/03\/Bernd-Konrad-c-Franzis-v.-Stechow.jpg?resize=700%2C360&#038;ssl=1\" alt=\"\" width=\"700\" height=\"360\" srcset=\"https:\/\/i0.wp.com\/www.jazzzeitung.de\/cms\/wp-content\/uploads\/2018\/03\/Bernd-Konrad-c-Franzis-v.-Stechow.jpg?w=700&amp;ssl=1 700w, https:\/\/i0.wp.com\/www.jazzzeitung.de\/cms\/wp-content\/uploads\/2018\/03\/Bernd-Konrad-c-Franzis-v.-Stechow.jpg?resize=300%2C154&amp;ssl=1 300w, https:\/\/i0.wp.com\/www.jazzzeitung.de\/cms\/wp-content\/uploads\/2018\/03\/Bernd-Konrad-c-Franzis-v.-Stechow.jpg?resize=600%2C309&amp;ssl=1 600w\" sizes=\"auto, (max-width: 700px) 100vw, 700px\" \/><\/a><figcaption id=\"caption-attachment-15488\" class=\"wp-caption-text\">2001 wurde Bernd Konrad das Bundesverdienstkreuz verliehen. Foto: Francis v. Stechow<\/figcaption><\/figure>\n<p>&nbsp;<\/p>\n","protected":false},"excerpt":{"rendered":"<p>Alexander B\u00fchl ist Landesjazzpreistr\u00e4ger 2018 Der Saxophonist Alexander B\u00fchl ist Jazz-Preistr\u00e4ger des Landes Baden-W\u00fcrttemberg 2018. \u201eAlexander B\u00fchl, der von John Coltrane, aber auch von Lester Young und Stan Getz beeinflusst ist, geh\u00f6rt mittlerweile zu den wichtigsten neuen Tenorsaxophonisten in Deutschland&#8220;, sagte die baden-w\u00fcrttembergische Kunststaatssekret\u00e4rin Petra Olschowski bei der Bekanntgabe des Preistr\u00e4gers. &#8222;Er ist ein erfindungsreicher Saxophonist mit gl\u00e4nzender Technik und melodischem Einfallsreichtum. Er vereinigt vielf\u00e4ltige Einfl\u00fcsse in seinem pers\u00f6nlichen Stil, die ihn \u2013 gepaart mit Geschmacksicherheit, dramatischem Gesp\u00fcr sowie einer perlenden Leichtigkeit \u2013 zu einer spannenden jungen Musikerpers\u00f6nlichkeit machen. Die Jury unter Vorsitz von Prof. Bernd Konrad stellte fest: &#8222;Der Saxophonist und Komponist Alexander B\u00fchl ist ein Musiker, der in vielf\u00e4ltigen Formationen arbeitet. In kleinen Besetzungen sowie in Big-Bands gelingt es dem Saxophonisten, durch packende Improvisationen und durch interessante, spannende Kompositionen das Publikum und die Fachwelt zu begeistern\u201c. Bereits vor seinem Studium an der Hochschule f\u00fcr Musik N\u00fcrnberg spielte B\u00fchl im \u201eLandesjazzorchester Baden-W\u00fcrttemberg\u201c unter der Leitung von Bernd Konrad und gewann sp\u00e4ter das \u201eSkoda-Stipendium\u201c f\u00fcr das\u201eBundesjazzorchester\u201c, mit dem er Tourneen nach S\u00fcdafrika und Indien unternahm. 2017 erschien seine zweite Sextett-CD \u201eAll About Gershwin\u201c, die sich &hellip;<\/p>\n","protected":false},"author":18,"featured_media":15488,"comment_status":"open","ping_status":"closed","sticky":false,"template":"","format":"standard","meta":{"_jetpack_memberships_contains_paid_content":false,"footnotes":"","jetpack_publicize_message":"","jetpack_publicize_feature_enabled":true,"jetpack_social_post_already_shared":false,"jetpack_social_options":{"image_generator_settings":{"template":"highway","default_image_id":0,"font":"","enabled":false},"version":2}},"categories":[633],"tags":[1959,1694,71,1519,109,137,1351,1876,1264,981,423,1502,1170,450,1193,15,518,1272,1860,529,1398],"coauthors":[695],"class_list":["post-15486","post","type-post","status-publish","format-standard","has-post-thumbnail","hentry","category-nachrichten","tag-1959","tag-bernd-konrad","tag-big-band","tag-bundesjazzorchester","tag-cd","tag-deutschland","tag-film","tag-jazz","tag-jazztage","tag-lebenswerk","tag-nuernberg","tag-preis","tag-preistraeger","tag-preisverleihung","tag-radio","tag-rundfunk","tag-stan-getz","tag-stipendium","tag-stuttgart","tag-suedafrika","tag-swr"],"yoast_head":"<!-- This site is optimized with the Yoast SEO plugin v27.5 - https:\/\/yoast.com\/product\/yoast-seo-wordpress\/ -->\n<title>Alexander B\u00fchl ist Jazz-Preistr\u00e4ger des Landes Baden-W\u00fcrttemberg \u2013 Bernd Konrad erh\u00e4lt Jazz-Ehrenpreis - JazzZeitung<\/title>\n<meta name=\"robots\" content=\"index, follow, max-snippet:-1, max-image-preview:large, max-video-preview:-1\" \/>\n<link rel=\"canonical\" href=\"https:\/\/www.jazzzeitung.de\/cms\/2018\/03\/alexander-buehl-ist-jazz-preistraeger-des-landes-baden-wuerttemberg-bernd-konrad-erhaelt-jazz-ehrenpreis\/\" \/>\n<meta property=\"og:locale\" content=\"de_DE\" \/>\n<meta property=\"og:type\" content=\"article\" \/>\n<meta property=\"og:title\" content=\"Alexander B\u00fchl ist Jazz-Preistr\u00e4ger des Landes Baden-W\u00fcrttemberg \u2013 Bernd Konrad erh\u00e4lt Jazz-Ehrenpreis - JazzZeitung\" \/>\n<meta property=\"og:description\" content=\"Alexander B\u00fchl ist Landesjazzpreistr\u00e4ger 2018 Der Saxophonist Alexander B\u00fchl ist Jazz-Preistr\u00e4ger des Landes Baden-W\u00fcrttemberg 2018. \u201eAlexander B\u00fchl, der von John Coltrane, aber auch von Lester Young und Stan Getz beeinflusst ist, geh\u00f6rt mittlerweile zu den wichtigsten neuen Tenorsaxophonisten in Deutschland&#8220;, sagte die baden-w\u00fcrttembergische Kunststaatssekret\u00e4rin Petra Olschowski bei der Bekanntgabe des Preistr\u00e4gers. &#8222;Er ist ein erfindungsreicher Saxophonist mit gl\u00e4nzender Technik und melodischem Einfallsreichtum. Er vereinigt vielf\u00e4ltige Einfl\u00fcsse in seinem pers\u00f6nlichen Stil, die ihn \u2013 gepaart mit Geschmacksicherheit, dramatischem Gesp\u00fcr sowie einer perlenden Leichtigkeit \u2013 zu einer spannenden jungen Musikerpers\u00f6nlichkeit machen. Die Jury unter Vorsitz von Prof. Bernd Konrad stellte fest: &#8222;Der Saxophonist und Komponist Alexander B\u00fchl ist ein Musiker, der in vielf\u00e4ltigen Formationen arbeitet. In kleinen Besetzungen sowie in Big-Bands gelingt es dem Saxophonisten, durch packende Improvisationen und durch interessante, spannende Kompositionen das Publikum und die Fachwelt zu begeistern\u201c. Bereits vor seinem Studium an der Hochschule f\u00fcr Musik N\u00fcrnberg spielte B\u00fchl im \u201eLandesjazzorchester Baden-W\u00fcrttemberg\u201c unter der Leitung von Bernd Konrad und gewann sp\u00e4ter das \u201eSkoda-Stipendium\u201c f\u00fcr das\u201eBundesjazzorchester\u201c, mit dem er Tourneen nach S\u00fcdafrika und Indien unternahm. 2017 erschien seine zweite Sextett-CD \u201eAll About Gershwin\u201c, die sich &hellip;\" \/>\n<meta property=\"og:url\" content=\"https:\/\/www.jazzzeitung.de\/cms\/2018\/03\/alexander-buehl-ist-jazz-preistraeger-des-landes-baden-wuerttemberg-bernd-konrad-erhaelt-jazz-ehrenpreis\/\" \/>\n<meta property=\"og:site_name\" content=\"JazzZeitung\" \/>\n<meta property=\"article:publisher\" content=\"https:\/\/www.facebook.com\/JazzZeitung\/\" \/>\n<meta property=\"article:published_time\" content=\"2018-03-28T15:00:44+00:00\" \/>\n<meta property=\"og:image\" content=\"https:\/\/i0.wp.com\/www.jazzzeitung.de\/cms\/wp-content\/uploads\/2018\/03\/Bernd-Konrad-c-Franzis-v.-Stechow.jpg?fit=700%2C360&ssl=1\" \/>\n\t<meta property=\"og:image:width\" content=\"700\" \/>\n\t<meta property=\"og:image:height\" content=\"360\" \/>\n\t<meta property=\"og:image:type\" content=\"image\/jpeg\" \/>\n<meta name=\"author\" content=\"Redaktion JazzZeitung\" \/>\n<script type=\"application\/ld+json\" class=\"yoast-schema-graph\">{\"@context\":\"https:\\\/\\\/schema.org\",\"@graph\":[{\"@type\":\"Article\",\"@id\":\"https:\\\/\\\/www.jazzzeitung.de\\\/cms\\\/2018\\\/03\\\/alexander-buehl-ist-jazz-preistraeger-des-landes-baden-wuerttemberg-bernd-konrad-erhaelt-jazz-ehrenpreis\\\/#article\",\"isPartOf\":{\"@id\":\"https:\\\/\\\/www.jazzzeitung.de\\\/cms\\\/2018\\\/03\\\/alexander-buehl-ist-jazz-preistraeger-des-landes-baden-wuerttemberg-bernd-konrad-erhaelt-jazz-ehrenpreis\\\/\"},\"author\":{\"name\":\"Redaktion JazzZeitung\",\"@id\":\"https:\\\/\\\/www.jazzzeitung.de\\\/cms\\\/#\\\/schema\\\/person\\\/2245b36b9cd1d24cea10f01c031fb92b\"},\"headline\":\"Alexander B\u00fchl ist Jazz-Preistr\u00e4ger des Landes Baden-W\u00fcrttemberg \u2013 Bernd Konrad erh\u00e4lt Jazz-Ehrenpreis\",\"datePublished\":\"2018-03-28T15:00:44+00:00\",\"mainEntityOfPage\":{\"@id\":\"https:\\\/\\\/www.jazzzeitung.de\\\/cms\\\/2018\\\/03\\\/alexander-buehl-ist-jazz-preistraeger-des-landes-baden-wuerttemberg-bernd-konrad-erhaelt-jazz-ehrenpreis\\\/\"},\"wordCount\":541,\"commentCount\":0,\"publisher\":{\"@id\":\"https:\\\/\\\/www.jazzzeitung.de\\\/cms\\\/#organization\"},\"image\":{\"@id\":\"https:\\\/\\\/www.jazzzeitung.de\\\/cms\\\/2018\\\/03\\\/alexander-buehl-ist-jazz-preistraeger-des-landes-baden-wuerttemberg-bernd-konrad-erhaelt-jazz-ehrenpreis\\\/#primaryimage\"},\"thumbnailUrl\":\"https:\\\/\\\/i0.wp.com\\\/www.jazzzeitung.de\\\/cms\\\/wp-content\\\/uploads\\\/2018\\\/03\\\/Bernd-Konrad-c-Franzis-v.-Stechow.jpg?fit=700%2C360&ssl=1\",\"keywords\":[\"2018\",\"Bernd Konrad\",\"Big Band\",\"Bundesjazzorchester\",\"CD\",\"Deutschland\",\"Film\",\"Jazz\",\"Jazztage\",\"Lebenswerk\",\"N\u00fcrnberg\",\"Preis\",\"Preistr\u00e4ger\",\"Preisverleihung\",\"Radio\",\"Rundfunk\",\"Stan Getz\",\"Stipendium\",\"Stuttgart\",\"S\u00fcdafrika\",\"SWR\"],\"articleSection\":[\"News\"],\"inLanguage\":\"de\",\"potentialAction\":[{\"@type\":\"CommentAction\",\"name\":\"Comment\",\"target\":[\"https:\\\/\\\/www.jazzzeitung.de\\\/cms\\\/2018\\\/03\\\/alexander-buehl-ist-jazz-preistraeger-des-landes-baden-wuerttemberg-bernd-konrad-erhaelt-jazz-ehrenpreis\\\/#respond\"]}]},{\"@type\":\"WebPage\",\"@id\":\"https:\\\/\\\/www.jazzzeitung.de\\\/cms\\\/2018\\\/03\\\/alexander-buehl-ist-jazz-preistraeger-des-landes-baden-wuerttemberg-bernd-konrad-erhaelt-jazz-ehrenpreis\\\/\",\"url\":\"https:\\\/\\\/www.jazzzeitung.de\\\/cms\\\/2018\\\/03\\\/alexander-buehl-ist-jazz-preistraeger-des-landes-baden-wuerttemberg-bernd-konrad-erhaelt-jazz-ehrenpreis\\\/\",\"name\":\"Alexander B\u00fchl ist Jazz-Preistr\u00e4ger des Landes Baden-W\u00fcrttemberg \u2013 Bernd Konrad erh\u00e4lt Jazz-Ehrenpreis - JazzZeitung\",\"isPartOf\":{\"@id\":\"https:\\\/\\\/www.jazzzeitung.de\\\/cms\\\/#website\"},\"primaryImageOfPage\":{\"@id\":\"https:\\\/\\\/www.jazzzeitung.de\\\/cms\\\/2018\\\/03\\\/alexander-buehl-ist-jazz-preistraeger-des-landes-baden-wuerttemberg-bernd-konrad-erhaelt-jazz-ehrenpreis\\\/#primaryimage\"},\"image\":{\"@id\":\"https:\\\/\\\/www.jazzzeitung.de\\\/cms\\\/2018\\\/03\\\/alexander-buehl-ist-jazz-preistraeger-des-landes-baden-wuerttemberg-bernd-konrad-erhaelt-jazz-ehrenpreis\\\/#primaryimage\"},\"thumbnailUrl\":\"https:\\\/\\\/i0.wp.com\\\/www.jazzzeitung.de\\\/cms\\\/wp-content\\\/uploads\\\/2018\\\/03\\\/Bernd-Konrad-c-Franzis-v.-Stechow.jpg?fit=700%2C360&ssl=1\",\"datePublished\":\"2018-03-28T15:00:44+00:00\",\"breadcrumb\":{\"@id\":\"https:\\\/\\\/www.jazzzeitung.de\\\/cms\\\/2018\\\/03\\\/alexander-buehl-ist-jazz-preistraeger-des-landes-baden-wuerttemberg-bernd-konrad-erhaelt-jazz-ehrenpreis\\\/#breadcrumb\"},\"inLanguage\":\"de\",\"potentialAction\":[{\"@type\":\"ReadAction\",\"target\":[\"https:\\\/\\\/www.jazzzeitung.de\\\/cms\\\/2018\\\/03\\\/alexander-buehl-ist-jazz-preistraeger-des-landes-baden-wuerttemberg-bernd-konrad-erhaelt-jazz-ehrenpreis\\\/\"]}]},{\"@type\":\"ImageObject\",\"inLanguage\":\"de\",\"@id\":\"https:\\\/\\\/www.jazzzeitung.de\\\/cms\\\/2018\\\/03\\\/alexander-buehl-ist-jazz-preistraeger-des-landes-baden-wuerttemberg-bernd-konrad-erhaelt-jazz-ehrenpreis\\\/#primaryimage\",\"url\":\"https:\\\/\\\/i0.wp.com\\\/www.jazzzeitung.de\\\/cms\\\/wp-content\\\/uploads\\\/2018\\\/03\\\/Bernd-Konrad-c-Franzis-v.-Stechow.jpg?fit=700%2C360&ssl=1\",\"contentUrl\":\"https:\\\/\\\/i0.wp.com\\\/www.jazzzeitung.de\\\/cms\\\/wp-content\\\/uploads\\\/2018\\\/03\\\/Bernd-Konrad-c-Franzis-v.-Stechow.jpg?fit=700%2C360&ssl=1\",\"width\":700,\"height\":360,\"caption\":\"2001 wurde Bernd Konrad das Bundesverdienstkreuz verliehen. Foto: Francis v. Stechow\"},{\"@type\":\"BreadcrumbList\",\"@id\":\"https:\\\/\\\/www.jazzzeitung.de\\\/cms\\\/2018\\\/03\\\/alexander-buehl-ist-jazz-preistraeger-des-landes-baden-wuerttemberg-bernd-konrad-erhaelt-jazz-ehrenpreis\\\/#breadcrumb\",\"itemListElement\":[{\"@type\":\"ListItem\",\"position\":1,\"name\":\"Startseite\",\"item\":\"https:\\\/\\\/www.jazzzeitung.de\\\/cms\\\/\"},{\"@type\":\"ListItem\",\"position\":2,\"name\":\"Alexander B\u00fchl ist Jazz-Preistr\u00e4ger des Landes Baden-W\u00fcrttemberg \u2013 Bernd Konrad erh\u00e4lt Jazz-Ehrenpreis\"}]},{\"@type\":\"WebSite\",\"@id\":\"https:\\\/\\\/www.jazzzeitung.de\\\/cms\\\/#website\",\"url\":\"https:\\\/\\\/www.jazzzeitung.de\\\/cms\\\/\",\"name\":\"JazzZeitung\",\"description\":\"Jazz-News und Jazz-Kontroverses\",\"publisher\":{\"@id\":\"https:\\\/\\\/www.jazzzeitung.de\\\/cms\\\/#organization\"},\"potentialAction\":[{\"@type\":\"SearchAction\",\"target\":{\"@type\":\"EntryPoint\",\"urlTemplate\":\"https:\\\/\\\/www.jazzzeitung.de\\\/cms\\\/?s={search_term_string}\"},\"query-input\":{\"@type\":\"PropertyValueSpecification\",\"valueRequired\":true,\"valueName\":\"search_term_string\"}}],\"inLanguage\":\"de\"},{\"@type\":\"Organization\",\"@id\":\"https:\\\/\\\/www.jazzzeitung.de\\\/cms\\\/#organization\",\"name\":\"JazzZeitung online\",\"url\":\"https:\\\/\\\/www.jazzzeitung.de\\\/cms\\\/\",\"logo\":{\"@type\":\"ImageObject\",\"inLanguage\":\"de\",\"@id\":\"https:\\\/\\\/www.jazzzeitung.de\\\/cms\\\/#\\\/schema\\\/logo\\\/image\\\/\",\"url\":\"https:\\\/\\\/i0.wp.com\\\/www.jazzzeitung.de\\\/cms\\\/wp-content\\\/uploads\\\/2015\\\/08\\\/JAZZZEITUNGDE_Logo_Neu.png?fit=499%2C200&ssl=1\",\"contentUrl\":\"https:\\\/\\\/i0.wp.com\\\/www.jazzzeitung.de\\\/cms\\\/wp-content\\\/uploads\\\/2015\\\/08\\\/JAZZZEITUNGDE_Logo_Neu.png?fit=499%2C200&ssl=1\",\"width\":499,\"height\":200,\"caption\":\"JazzZeitung online\"},\"image\":{\"@id\":\"https:\\\/\\\/www.jazzzeitung.de\\\/cms\\\/#\\\/schema\\\/logo\\\/image\\\/\"},\"sameAs\":[\"https:\\\/\\\/www.facebook.com\\\/JazzZeitung\\\/\"]},{\"@type\":\"Person\",\"@id\":\"https:\\\/\\\/www.jazzzeitung.de\\\/cms\\\/#\\\/schema\\\/person\\\/2245b36b9cd1d24cea10f01c031fb92b\",\"name\":\"Redaktion JazzZeitung\",\"image\":{\"@type\":\"ImageObject\",\"inLanguage\":\"de\",\"@id\":\"https:\\\/\\\/i0.wp.com\\\/www.jazzzeitung.de\\\/cms\\\/wp-content\\\/uploads\\\/2015\\\/08\\\/JAZZZEITUNGDE_Logo_Neu.png?resize=96%2C96&ssl=159975dcacb611b5700bd619b5daf0a7a\",\"url\":\"https:\\\/\\\/i0.wp.com\\\/www.jazzzeitung.de\\\/cms\\\/wp-content\\\/uploads\\\/2015\\\/08\\\/JAZZZEITUNGDE_Logo_Neu.png?resize=96%2C96&ssl=1\",\"contentUrl\":\"https:\\\/\\\/i0.wp.com\\\/www.jazzzeitung.de\\\/cms\\\/wp-content\\\/uploads\\\/2015\\\/08\\\/JAZZZEITUNGDE_Logo_Neu.png?resize=96%2C96&ssl=1\",\"caption\":\"Redaktion JazzZeitung\"},\"description\":\"Artikel der Redaktion der JazzZeitung.\",\"sameAs\":[\"http:\\\/\\\/www.jazzzeitung.de\\\/cms\\\/\"],\"url\":\"https:\\\/\\\/www.jazzzeitung.de\\\/cms\\\/author\\\/redaktion\\\/\"}]}<\/script>\n<!-- \/ Yoast SEO plugin. -->","yoast_head_json":{"title":"Alexander B\u00fchl ist Jazz-Preistr\u00e4ger des Landes Baden-W\u00fcrttemberg \u2013 Bernd Konrad erh\u00e4lt Jazz-Ehrenpreis - JazzZeitung","robots":{"index":"index","follow":"follow","max-snippet":"max-snippet:-1","max-image-preview":"max-image-preview:large","max-video-preview":"max-video-preview:-1"},"canonical":"https:\/\/www.jazzzeitung.de\/cms\/2018\/03\/alexander-buehl-ist-jazz-preistraeger-des-landes-baden-wuerttemberg-bernd-konrad-erhaelt-jazz-ehrenpreis\/","og_locale":"de_DE","og_type":"article","og_title":"Alexander B\u00fchl ist Jazz-Preistr\u00e4ger des Landes Baden-W\u00fcrttemberg \u2013 Bernd Konrad erh\u00e4lt Jazz-Ehrenpreis - JazzZeitung","og_description":"Alexander B\u00fchl ist Landesjazzpreistr\u00e4ger 2018 Der Saxophonist Alexander B\u00fchl ist Jazz-Preistr\u00e4ger des Landes Baden-W\u00fcrttemberg 2018. \u201eAlexander B\u00fchl, der von John Coltrane, aber auch von Lester Young und Stan Getz beeinflusst ist, geh\u00f6rt mittlerweile zu den wichtigsten neuen Tenorsaxophonisten in Deutschland&#8220;, sagte die baden-w\u00fcrttembergische Kunststaatssekret\u00e4rin Petra Olschowski bei der Bekanntgabe des Preistr\u00e4gers. &#8222;Er ist ein erfindungsreicher Saxophonist mit gl\u00e4nzender Technik und melodischem Einfallsreichtum. Er vereinigt vielf\u00e4ltige Einfl\u00fcsse in seinem pers\u00f6nlichen Stil, die ihn \u2013 gepaart mit Geschmacksicherheit, dramatischem Gesp\u00fcr sowie einer perlenden Leichtigkeit \u2013 zu einer spannenden jungen Musikerpers\u00f6nlichkeit machen. Die Jury unter Vorsitz von Prof. Bernd Konrad stellte fest: &#8222;Der Saxophonist und Komponist Alexander B\u00fchl ist ein Musiker, der in vielf\u00e4ltigen Formationen arbeitet. In kleinen Besetzungen sowie in Big-Bands gelingt es dem Saxophonisten, durch packende Improvisationen und durch interessante, spannende Kompositionen das Publikum und die Fachwelt zu begeistern\u201c. Bereits vor seinem Studium an der Hochschule f\u00fcr Musik N\u00fcrnberg spielte B\u00fchl im \u201eLandesjazzorchester Baden-W\u00fcrttemberg\u201c unter der Leitung von Bernd Konrad und gewann sp\u00e4ter das \u201eSkoda-Stipendium\u201c f\u00fcr das\u201eBundesjazzorchester\u201c, mit dem er Tourneen nach S\u00fcdafrika und Indien unternahm. 2017 erschien seine zweite Sextett-CD \u201eAll About Gershwin\u201c, die sich &hellip;","og_url":"https:\/\/www.jazzzeitung.de\/cms\/2018\/03\/alexander-buehl-ist-jazz-preistraeger-des-landes-baden-wuerttemberg-bernd-konrad-erhaelt-jazz-ehrenpreis\/","og_site_name":"JazzZeitung","article_publisher":"https:\/\/www.facebook.com\/JazzZeitung\/","article_published_time":"2018-03-28T15:00:44+00:00","og_image":[{"width":700,"height":360,"url":"https:\/\/i0.wp.com\/www.jazzzeitung.de\/cms\/wp-content\/uploads\/2018\/03\/Bernd-Konrad-c-Franzis-v.-Stechow.jpg?fit=700%2C360&ssl=1","type":"image\/jpeg"}],"author":"Redaktion JazzZeitung","schema":{"@context":"https:\/\/schema.org","@graph":[{"@type":"Article","@id":"https:\/\/www.jazzzeitung.de\/cms\/2018\/03\/alexander-buehl-ist-jazz-preistraeger-des-landes-baden-wuerttemberg-bernd-konrad-erhaelt-jazz-ehrenpreis\/#article","isPartOf":{"@id":"https:\/\/www.jazzzeitung.de\/cms\/2018\/03\/alexander-buehl-ist-jazz-preistraeger-des-landes-baden-wuerttemberg-bernd-konrad-erhaelt-jazz-ehrenpreis\/"},"author":{"name":"Redaktion JazzZeitung","@id":"https:\/\/www.jazzzeitung.de\/cms\/#\/schema\/person\/2245b36b9cd1d24cea10f01c031fb92b"},"headline":"Alexander B\u00fchl ist Jazz-Preistr\u00e4ger des Landes Baden-W\u00fcrttemberg \u2013 Bernd Konrad erh\u00e4lt Jazz-Ehrenpreis","datePublished":"2018-03-28T15:00:44+00:00","mainEntityOfPage":{"@id":"https:\/\/www.jazzzeitung.de\/cms\/2018\/03\/alexander-buehl-ist-jazz-preistraeger-des-landes-baden-wuerttemberg-bernd-konrad-erhaelt-jazz-ehrenpreis\/"},"wordCount":541,"commentCount":0,"publisher":{"@id":"https:\/\/www.jazzzeitung.de\/cms\/#organization"},"image":{"@id":"https:\/\/www.jazzzeitung.de\/cms\/2018\/03\/alexander-buehl-ist-jazz-preistraeger-des-landes-baden-wuerttemberg-bernd-konrad-erhaelt-jazz-ehrenpreis\/#primaryimage"},"thumbnailUrl":"https:\/\/i0.wp.com\/www.jazzzeitung.de\/cms\/wp-content\/uploads\/2018\/03\/Bernd-Konrad-c-Franzis-v.-Stechow.jpg?fit=700%2C360&ssl=1","keywords":["2018","Bernd Konrad","Big Band","Bundesjazzorchester","CD","Deutschland","Film","Jazz","Jazztage","Lebenswerk","N\u00fcrnberg","Preis","Preistr\u00e4ger","Preisverleihung","Radio","Rundfunk","Stan Getz","Stipendium","Stuttgart","S\u00fcdafrika","SWR"],"articleSection":["News"],"inLanguage":"de","potentialAction":[{"@type":"CommentAction","name":"Comment","target":["https:\/\/www.jazzzeitung.de\/cms\/2018\/03\/alexander-buehl-ist-jazz-preistraeger-des-landes-baden-wuerttemberg-bernd-konrad-erhaelt-jazz-ehrenpreis\/#respond"]}]},{"@type":"WebPage","@id":"https:\/\/www.jazzzeitung.de\/cms\/2018\/03\/alexander-buehl-ist-jazz-preistraeger-des-landes-baden-wuerttemberg-bernd-konrad-erhaelt-jazz-ehrenpreis\/","url":"https:\/\/www.jazzzeitung.de\/cms\/2018\/03\/alexander-buehl-ist-jazz-preistraeger-des-landes-baden-wuerttemberg-bernd-konrad-erhaelt-jazz-ehrenpreis\/","name":"Alexander B\u00fchl ist Jazz-Preistr\u00e4ger des Landes Baden-W\u00fcrttemberg \u2013 Bernd Konrad erh\u00e4lt Jazz-Ehrenpreis - JazzZeitung","isPartOf":{"@id":"https:\/\/www.jazzzeitung.de\/cms\/#website"},"primaryImageOfPage":{"@id":"https:\/\/www.jazzzeitung.de\/cms\/2018\/03\/alexander-buehl-ist-jazz-preistraeger-des-landes-baden-wuerttemberg-bernd-konrad-erhaelt-jazz-ehrenpreis\/#primaryimage"},"image":{"@id":"https:\/\/www.jazzzeitung.de\/cms\/2018\/03\/alexander-buehl-ist-jazz-preistraeger-des-landes-baden-wuerttemberg-bernd-konrad-erhaelt-jazz-ehrenpreis\/#primaryimage"},"thumbnailUrl":"https:\/\/i0.wp.com\/www.jazzzeitung.de\/cms\/wp-content\/uploads\/2018\/03\/Bernd-Konrad-c-Franzis-v.-Stechow.jpg?fit=700%2C360&ssl=1","datePublished":"2018-03-28T15:00:44+00:00","breadcrumb":{"@id":"https:\/\/www.jazzzeitung.de\/cms\/2018\/03\/alexander-buehl-ist-jazz-preistraeger-des-landes-baden-wuerttemberg-bernd-konrad-erhaelt-jazz-ehrenpreis\/#breadcrumb"},"inLanguage":"de","potentialAction":[{"@type":"ReadAction","target":["https:\/\/www.jazzzeitung.de\/cms\/2018\/03\/alexander-buehl-ist-jazz-preistraeger-des-landes-baden-wuerttemberg-bernd-konrad-erhaelt-jazz-ehrenpreis\/"]}]},{"@type":"ImageObject","inLanguage":"de","@id":"https:\/\/www.jazzzeitung.de\/cms\/2018\/03\/alexander-buehl-ist-jazz-preistraeger-des-landes-baden-wuerttemberg-bernd-konrad-erhaelt-jazz-ehrenpreis\/#primaryimage","url":"https:\/\/i0.wp.com\/www.jazzzeitung.de\/cms\/wp-content\/uploads\/2018\/03\/Bernd-Konrad-c-Franzis-v.-Stechow.jpg?fit=700%2C360&ssl=1","contentUrl":"https:\/\/i0.wp.com\/www.jazzzeitung.de\/cms\/wp-content\/uploads\/2018\/03\/Bernd-Konrad-c-Franzis-v.-Stechow.jpg?fit=700%2C360&ssl=1","width":700,"height":360,"caption":"2001 wurde Bernd Konrad das Bundesverdienstkreuz verliehen. Foto: Francis v. Stechow"},{"@type":"BreadcrumbList","@id":"https:\/\/www.jazzzeitung.de\/cms\/2018\/03\/alexander-buehl-ist-jazz-preistraeger-des-landes-baden-wuerttemberg-bernd-konrad-erhaelt-jazz-ehrenpreis\/#breadcrumb","itemListElement":[{"@type":"ListItem","position":1,"name":"Startseite","item":"https:\/\/www.jazzzeitung.de\/cms\/"},{"@type":"ListItem","position":2,"name":"Alexander B\u00fchl ist Jazz-Preistr\u00e4ger des Landes Baden-W\u00fcrttemberg \u2013 Bernd Konrad erh\u00e4lt Jazz-Ehrenpreis"}]},{"@type":"WebSite","@id":"https:\/\/www.jazzzeitung.de\/cms\/#website","url":"https:\/\/www.jazzzeitung.de\/cms\/","name":"JazzZeitung","description":"Jazz-News und Jazz-Kontroverses","publisher":{"@id":"https:\/\/www.jazzzeitung.de\/cms\/#organization"},"potentialAction":[{"@type":"SearchAction","target":{"@type":"EntryPoint","urlTemplate":"https:\/\/www.jazzzeitung.de\/cms\/?s={search_term_string}"},"query-input":{"@type":"PropertyValueSpecification","valueRequired":true,"valueName":"search_term_string"}}],"inLanguage":"de"},{"@type":"Organization","@id":"https:\/\/www.jazzzeitung.de\/cms\/#organization","name":"JazzZeitung online","url":"https:\/\/www.jazzzeitung.de\/cms\/","logo":{"@type":"ImageObject","inLanguage":"de","@id":"https:\/\/www.jazzzeitung.de\/cms\/#\/schema\/logo\/image\/","url":"https:\/\/i0.wp.com\/www.jazzzeitung.de\/cms\/wp-content\/uploads\/2015\/08\/JAZZZEITUNGDE_Logo_Neu.png?fit=499%2C200&ssl=1","contentUrl":"https:\/\/i0.wp.com\/www.jazzzeitung.de\/cms\/wp-content\/uploads\/2015\/08\/JAZZZEITUNGDE_Logo_Neu.png?fit=499%2C200&ssl=1","width":499,"height":200,"caption":"JazzZeitung online"},"image":{"@id":"https:\/\/www.jazzzeitung.de\/cms\/#\/schema\/logo\/image\/"},"sameAs":["https:\/\/www.facebook.com\/JazzZeitung\/"]},{"@type":"Person","@id":"https:\/\/www.jazzzeitung.de\/cms\/#\/schema\/person\/2245b36b9cd1d24cea10f01c031fb92b","name":"Redaktion JazzZeitung","image":{"@type":"ImageObject","inLanguage":"de","@id":"https:\/\/i0.wp.com\/www.jazzzeitung.de\/cms\/wp-content\/uploads\/2015\/08\/JAZZZEITUNGDE_Logo_Neu.png?resize=96%2C96&ssl=159975dcacb611b5700bd619b5daf0a7a","url":"https:\/\/i0.wp.com\/www.jazzzeitung.de\/cms\/wp-content\/uploads\/2015\/08\/JAZZZEITUNGDE_Logo_Neu.png?resize=96%2C96&ssl=1","contentUrl":"https:\/\/i0.wp.com\/www.jazzzeitung.de\/cms\/wp-content\/uploads\/2015\/08\/JAZZZEITUNGDE_Logo_Neu.png?resize=96%2C96&ssl=1","caption":"Redaktion JazzZeitung"},"description":"Artikel der Redaktion der JazzZeitung.","sameAs":["http:\/\/www.jazzzeitung.de\/cms\/"],"url":"https:\/\/www.jazzzeitung.de\/cms\/author\/redaktion\/"}]}},"wp-worthy-pixel":{"ignored":false,"public":null,"server":null,"url":null},"wp-worthy-type":"normal","jetpack_publicize_connections":[],"cc_featured_image_caption":{"caption_text":"","source_text":"","source_url":""},"jetpack_featured_media_url":"https:\/\/i0.wp.com\/www.jazzzeitung.de\/cms\/wp-content\/uploads\/2018\/03\/Bernd-Konrad-c-Franzis-v.-Stechow.jpg?fit=700%2C360&ssl=1","jetpack_shortlink":"https:\/\/wp.me\/p3KEcT-41M","jetpack-related-posts":[{"id":26027,"url":"https:\/\/www.jazzzeitung.de\/cms\/2021\/10\/news-jazz-preis-baden-wuerttemberg-2021-geht-an-christoph-neuhaus\/","url_meta":{"origin":15486,"position":0},"title":"+++ news +++ Jazz-Preis Baden-W\u00fcrttemberg 2021 geht an Christoph Neuhaus +++","author":"Redaktion JazzZeitung","date":"23. Oktober 2021","format":false,"excerpt":"(Pressemitteilung) Der Stuttgarter Gitarrist und Komponist Christoph Neuhaus ist am Donnerstag (21. Oktober) mit dem Jazz-Preis des Landes Baden-W\u00fcrttemberg ausgezeichnet worden. Der mit 15.000 Euro dotierte Preis wurde dem K\u00fcnstler im Rahmen eines Konzerts im Wilhelma Theater in Stuttgart verliehen. Kunststaatssekret\u00e4rin Petra Olschowski sagte anl\u00e4sslich des Preistr\u00e4gerkonzerts: \u201eChristoph Neuhaus begeistert\u2026","rel":"","context":"In &quot;News&quot;","block_context":{"text":"News","link":"https:\/\/www.jazzzeitung.de\/cms\/thema\/nachrichten\/"},"img":{"alt_text":"","src":"https:\/\/i0.wp.com\/www.jazzzeitung.de\/cms\/wp-content\/uploads\/2021\/10\/065_PM_MWK_ANLAGE_Landesjazzpreis_2021_-_Christoph_Neuhaus__c__Sven_Goetz-scaled.jpg?fit=1200%2C801&ssl=1&resize=350%2C200","width":350,"height":200,"srcset":"https:\/\/i0.wp.com\/www.jazzzeitung.de\/cms\/wp-content\/uploads\/2021\/10\/065_PM_MWK_ANLAGE_Landesjazzpreis_2021_-_Christoph_Neuhaus__c__Sven_Goetz-scaled.jpg?fit=1200%2C801&ssl=1&resize=350%2C200 1x, https:\/\/i0.wp.com\/www.jazzzeitung.de\/cms\/wp-content\/uploads\/2021\/10\/065_PM_MWK_ANLAGE_Landesjazzpreis_2021_-_Christoph_Neuhaus__c__Sven_Goetz-scaled.jpg?fit=1200%2C801&ssl=1&resize=525%2C300 1.5x, https:\/\/i0.wp.com\/www.jazzzeitung.de\/cms\/wp-content\/uploads\/2021\/10\/065_PM_MWK_ANLAGE_Landesjazzpreis_2021_-_Christoph_Neuhaus__c__Sven_Goetz-scaled.jpg?fit=1200%2C801&ssl=1&resize=700%2C400 2x, https:\/\/i0.wp.com\/www.jazzzeitung.de\/cms\/wp-content\/uploads\/2021\/10\/065_PM_MWK_ANLAGE_Landesjazzpreis_2021_-_Christoph_Neuhaus__c__Sven_Goetz-scaled.jpg?fit=1200%2C801&ssl=1&resize=1050%2C600 3x"},"classes":[]},{"id":26894,"url":"https:\/\/www.jazzzeitung.de\/cms\/2022\/03\/saxophonist-und-komponist-jakob-manz-erhaelt-den-jazz-preis-baden-wuerttemberg-2022\/","url_meta":{"origin":15486,"position":1},"title":"Saxophonist und Komponist Jakob Manz erh\u00e4lt den Jazz-Preis Baden-W\u00fcrttemberg 2022","author":"Redaktion JazzZeitung","date":"18. M\u00e4rz 2022","format":false,"excerpt":"\"Wer Jakob Manz auf der B\u00fchne erlebt, ist fasziniert von seiner Energie und Spielfreude.\" Das sagt Kunststaatssekret\u00e4rin Petra Olschowski \u00fcber den diesj\u00e4hrigen Preistr\u00e4ger des Jazz-Preises Baden-W\u00fcrttemberg. Der 20-j\u00e4hrige Jakob Manz aus Dettingen bei Reutlingen \u00fcberzeugte die Jury unter anderem mit seinem \"reifen und charakterstarken Saxophonspiel\" und der \"kompositorischen Finesse seiner\u2026","rel":"","context":"In &quot;News&quot;","block_context":{"text":"News","link":"https:\/\/www.jazzzeitung.de\/cms\/thema\/nachrichten\/"},"img":{"alt_text":"","src":"https:\/\/i0.wp.com\/www.jazzzeitung.de\/cms\/wp-content\/uploads\/2022\/03\/023-PM-MWK_ANLAGE_Foto_2_Jakob-Manz_c_Thomas-Kiehl-scaled.jpg?fit=1200%2C800&ssl=1&resize=350%2C200","width":350,"height":200,"srcset":"https:\/\/i0.wp.com\/www.jazzzeitung.de\/cms\/wp-content\/uploads\/2022\/03\/023-PM-MWK_ANLAGE_Foto_2_Jakob-Manz_c_Thomas-Kiehl-scaled.jpg?fit=1200%2C800&ssl=1&resize=350%2C200 1x, https:\/\/i0.wp.com\/www.jazzzeitung.de\/cms\/wp-content\/uploads\/2022\/03\/023-PM-MWK_ANLAGE_Foto_2_Jakob-Manz_c_Thomas-Kiehl-scaled.jpg?fit=1200%2C800&ssl=1&resize=525%2C300 1.5x, https:\/\/i0.wp.com\/www.jazzzeitung.de\/cms\/wp-content\/uploads\/2022\/03\/023-PM-MWK_ANLAGE_Foto_2_Jakob-Manz_c_Thomas-Kiehl-scaled.jpg?fit=1200%2C800&ssl=1&resize=700%2C400 2x, https:\/\/i0.wp.com\/www.jazzzeitung.de\/cms\/wp-content\/uploads\/2022\/03\/023-PM-MWK_ANLAGE_Foto_2_Jakob-Manz_c_Thomas-Kiehl-scaled.jpg?fit=1200%2C800&ssl=1&resize=1050%2C600 3x"},"classes":[]},{"id":14252,"url":"https:\/\/www.jazzzeitung.de\/cms\/2017\/11\/landesjazzpreis-baden-wuerttemberg-an-bernd-konrad\/","url_meta":{"origin":15486,"position":2},"title":"Landesjazzpreis Baden-W\u00fcrttemberg an Bernd Konrad","author":"Hans Kumpf","date":"12. November 2017","format":false,"excerpt":"Stuttgart. Der zum vierten Mal in der Kategorie \u201eSonderpreis f\u00fcr das Lebenswerk\u201c vergebene und mit 10.000 Euro dotierte Landesjazzpreis Baden-W\u00fcrttemberg geht an den Saxophonisten, Klarinettisten und Komponisten Professor Bernd Konrad. \u201eMit Bernd Konrad ehren wir einen Pionier des Jazz in Baden-W\u00fcrttemberg. Als virtuoser Instrumentalist und mutiger Avantgardist spielte er sich\u2026","rel":"","context":"In &quot;News&quot;","block_context":{"text":"News","link":"https:\/\/www.jazzzeitung.de\/cms\/thema\/nachrichten\/"},"img":{"alt_text":"Konrad Bernd im Landtag Baden-W\u00fcrttemberg (1994). Foto: Hans Kumpf","src":"https:\/\/i0.wp.com\/www.jazzzeitung.de\/cms\/wp-content\/uploads\/2017\/11\/Konrad-Bernd-Landtag-S1994b-Kumpf-002.jpg?fit=1200%2C682&ssl=1&resize=350%2C200","width":350,"height":200,"srcset":"https:\/\/i0.wp.com\/www.jazzzeitung.de\/cms\/wp-content\/uploads\/2017\/11\/Konrad-Bernd-Landtag-S1994b-Kumpf-002.jpg?fit=1200%2C682&ssl=1&resize=350%2C200 1x, https:\/\/i0.wp.com\/www.jazzzeitung.de\/cms\/wp-content\/uploads\/2017\/11\/Konrad-Bernd-Landtag-S1994b-Kumpf-002.jpg?fit=1200%2C682&ssl=1&resize=525%2C300 1.5x, https:\/\/i0.wp.com\/www.jazzzeitung.de\/cms\/wp-content\/uploads\/2017\/11\/Konrad-Bernd-Landtag-S1994b-Kumpf-002.jpg?fit=1200%2C682&ssl=1&resize=700%2C400 2x, https:\/\/i0.wp.com\/www.jazzzeitung.de\/cms\/wp-content\/uploads\/2017\/11\/Konrad-Bernd-Landtag-S1994b-Kumpf-002.jpg?fit=1200%2C682&ssl=1&resize=1050%2C600 3x"},"classes":[]},{"id":12064,"url":"https:\/\/www.jazzzeitung.de\/cms\/2017\/04\/news-sebastian-schuster-ist-jazz-preistraeger-des-landes-baden-wuerttemberg-fernsehtipp-arte-und-ella-fitzgerald-jazzopen-playground-anmeldefrist-verlaengert\/","url_meta":{"origin":15486,"position":3},"title":"+++ News +++ Sebastian Schuster ist Jazz-Preistr\u00e4ger des Landes Baden-W\u00fcrttemberg +++ Fernsehtipp: arte und Ella Fitzgerald +++ jazzopen playground: Anmeldefrist verl\u00e4ngert +++","author":"Redaktion JazzZeitung","date":"3. April 2017","format":false,"excerpt":"+++ Sebastian Schuster ist Jazz-Preistr\u00e4ger des Landes Baden-W\u00fcrttemberg +++ Der Kontrabassist und Komponist Sebastian Schuster aus Stuttgart ist diesj\u00e4hriger Jazz-Preistr\u00e4ger des Landes Baden-W\u00fcrttemberg. Das gab Kunststaatssekret\u00e4rin Petra Olschowski heute am 3. April 2017 in Stuttgart bekannt. Die mit 15.000 Euro dotierte Auszeichnung wird am 18. Juli beim Preistr\u00e4gerkonzert Sebastian Schusters\u2026","rel":"","context":"In &quot;News&quot;","block_context":{"text":"News","link":"https:\/\/www.jazzzeitung.de\/cms\/thema\/nachrichten\/"},"img":{"alt_text":"","src":"https:\/\/i0.wp.com\/www.jazzzeitung.de\/cms\/wp-content\/uploads\/2017\/04\/Kaapstad-006-150x150.jpg?resize=350%2C200","width":350,"height":200},"classes":[]},{"id":7144,"url":"https:\/\/www.jazzzeitung.de\/cms\/2015\/09\/landesjazzpreis-baden-wuerttemberg-sonderpreis-fuer-das-lebenswerk-geht-den-bassisten-eberhard-weber\/","url_meta":{"origin":15486,"position":4},"title":"Landesjazzpreis Baden-W\u00fcrttemberg: \u201eSonderpreis f\u00fcr das Lebenswerk\u201c geht an Wolfgang Dauner","author":"Redaktion JazzZeitung","date":"23. September 2015","format":false,"excerpt":"Der Jazzpreis Baden-W\u00fcrttemberg ist ein mit 15.000 Euro dotierter Nachwuchspreis f\u00fcr Jazzmusiker. Er wurde vom Land Baden-W\u00fcrttemberg erstmals\u00a01985 verliehen und geht an Musiker, die nicht \u00e4lter als 35 Jahre sind und einen wesentlichen Beitrag f\u00fcr die Jazzszene des Landes geleistet haben. 2016 wird zum zweiten Mal der Landesjazzpreis Baden-W\u00fcrttemberg in\u2026","rel":"","context":"In &quot;News&quot;","block_context":{"text":"News","link":"https:\/\/www.jazzzeitung.de\/cms\/thema\/nachrichten\/"},"img":{"alt_text":"Der Preistr\u00e4ger Wolfgang Dauner. Foto: J\u00f6rg Becker","src":"https:\/\/i0.wp.com\/www.jazzzeitung.de\/cms\/wp-content\/uploads\/2015\/09\/Der-Preistr%C3%A4ger-Wolfgang-Dauner.-Foto-J%C3%B6rg-Becker-150x150.jpg?resize=350%2C200","width":350,"height":200},"classes":[]},{"id":9406,"url":"https:\/\/www.jazzzeitung.de\/cms\/2016\/05\/lebenswerk-von-wolfgang-dauner-wird-mit-dem-echo-jazz-2016-honoriert\/","url_meta":{"origin":15486,"position":5},"title":"Lebenswerk von Wolfgang Dauner wird mit dem Echo Jazz 2016 honoriert","author":"Redaktion JazzZeitung","date":"27. Mai 2016","format":false,"excerpt":"Der Keyboarder, Jazzpianist und Filmkomponist Wolfgang Dauner wird in diesem Jahr mit dem ECHO JAZZ f\u00fcr sein Lebenswerk ausgezeichnet. Der 1935 in Stuttgart geborene K\u00fcnstler schrieb Musik f\u00fcr Film, Fernsehen, Theater und Musicalb\u00fchnen und hatte dabei stets den Anspruch, Genregrenzen zu transzendieren und neue gestalterische M\u00f6glichkeiten auszutesten. Im Laufe seiner\u2026","rel":"","context":"In &quot;Bericht&quot;","block_context":{"text":"Bericht","link":"https:\/\/www.jazzzeitung.de\/cms\/thema\/bericht\/"},"img":{"alt_text":"","src":"https:\/\/i0.wp.com\/www.jazzzeitung.de\/cms\/wp-content\/uploads\/2016\/05\/presse-dauner-total.jpeg?resize=350%2C200","width":350,"height":200},"classes":[]}],"jetpack_sharing_enabled":true,"_links":{"self":[{"href":"https:\/\/www.jazzzeitung.de\/cms\/wp-json\/wp\/v2\/posts\/15486","targetHints":{"allow":["GET"]}}],"collection":[{"href":"https:\/\/www.jazzzeitung.de\/cms\/wp-json\/wp\/v2\/posts"}],"about":[{"href":"https:\/\/www.jazzzeitung.de\/cms\/wp-json\/wp\/v2\/types\/post"}],"author":[{"embeddable":true,"href":"https:\/\/www.jazzzeitung.de\/cms\/wp-json\/wp\/v2\/users\/18"}],"replies":[{"embeddable":true,"href":"https:\/\/www.jazzzeitung.de\/cms\/wp-json\/wp\/v2\/comments?post=15486"}],"version-history":[{"count":7,"href":"https:\/\/www.jazzzeitung.de\/cms\/wp-json\/wp\/v2\/posts\/15486\/revisions"}],"predecessor-version":[{"id":15508,"href":"https:\/\/www.jazzzeitung.de\/cms\/wp-json\/wp\/v2\/posts\/15486\/revisions\/15508"}],"wp:featuredmedia":[{"embeddable":true,"href":"https:\/\/www.jazzzeitung.de\/cms\/wp-json\/wp\/v2\/media\/15488"}],"wp:attachment":[{"href":"https:\/\/www.jazzzeitung.de\/cms\/wp-json\/wp\/v2\/media?parent=15486"}],"wp:term":[{"taxonomy":"category","embeddable":true,"href":"https:\/\/www.jazzzeitung.de\/cms\/wp-json\/wp\/v2\/categories?post=15486"},{"taxonomy":"post_tag","embeddable":true,"href":"https:\/\/www.jazzzeitung.de\/cms\/wp-json\/wp\/v2\/tags?post=15486"},{"taxonomy":"author","embeddable":true,"href":"https:\/\/www.jazzzeitung.de\/cms\/wp-json\/wp\/v2\/coauthors?post=15486"}],"curies":[{"name":"wp","href":"https:\/\/api.w.org\/{rel}","templated":true}]}}