{"id":15456,"date":"2018-03-26T11:43:56","date_gmt":"2018-03-26T09:43:56","guid":{"rendered":"https:\/\/www.jazzzeitung.de\/cms\/?p=15456"},"modified":"2018-03-26T11:14:00","modified_gmt":"2018-03-26T09:14:00","slug":"neuer-deutscher-jazzpreis-mannheim-2018","status":"publish","type":"post","link":"https:\/\/www.jazzzeitung.de\/cms\/2018\/03\/neuer-deutscher-jazzpreis-mannheim-2018\/","title":{"rendered":"Neuer Deutscher Jazzpreis Mannheim 2018"},"content":{"rendered":"<p>Am 23. und 24. M\u00e4rz fand in der alten Feuerwache in Mannheim zum dreizehnten Mal der Neue Deutsche Jazzpreis statt. Am Freitag w\u00e4hlte das Publikum den Gewinner des Neuen Deutschen Kompositionspreises, am Samstag die Gewinner des Neuen Deutschen Jazzpreises. Gewinner des L-Bank-Bandpreises in Ho\u0308he von 10.000 Euro wurde das Vincent Eberle Quintett, Gewinner des Neuen Deutschen Kompositionspreises in H\u00f6he von 2.000 Euro ist Alexandra Lehmler, Gewinner des SIGNUM-communication-Solistenpreises in H\u00f6he von 1.000 Euro ist Maximilian Hirning. Der Neue Deutsche Jazzpreis ist der renommierteste Bandpreis der deutschen Jazzszene f\u00fcr professionelle Bands. Den im letzten Jahr zum ersten Mal vergebenen Kompositionspreis erhielt 2017 Nicolai Pfisterer. Zu den bisherigen Preistr\u00e4gern des Bandpreises geh\u00f6rten unter anderem das Tamara Lukasheva Quartett, Frederik K\u00f6ster, Der Rote Bereich und das Tim Allhoff Trio. Unter den Gewinnern des Solistenpreises befanden sich schon Michael Wollny, Max Andrzejewski, Rainer B\u00f6hm und Tamara Lukasheva. Cordula Br\u00e4uninger, Pressesprecherin der L-Bank, gratuliert den diesj\u00e4hrigen Preistr\u00e4gern: \u201eBereits zum vierten Mal durfte die L-Bank nun schon den Bandpreis stiften. Jedes Jahr sind wir aufs Neue begeistert, wie abwechslungsreich und virtuos der Jazz ist, der dem Publikum hier in Mannheim dargeboten wird.&#8220;<\/p>\n<figure id=\"attachment_15458\" aria-describedby=\"caption-attachment-15458\" style=\"width: 840px\" class=\"wp-caption aligncenter\"><a href=\"https:\/\/i0.wp.com\/www.jazzzeitung.de\/cms\/wp-content\/uploads\/2018\/03\/Eberle_Quintett_Copyright_Konni_Kern.jpg?ssl=1\"><img data-recalc-dims=\"1\" loading=\"lazy\" decoding=\"async\" data-attachment-id=\"15458\" data-permalink=\"https:\/\/www.jazzzeitung.de\/cms\/2018\/03\/neuer-deutscher-jazzpreis-mannheim-2018\/vincent-eberle-quintett\/\" data-orig-file=\"https:\/\/i0.wp.com\/www.jazzzeitung.de\/cms\/wp-content\/uploads\/2018\/03\/Eberle_Quintett_Copyright_Konni_Kern.jpg?fit=3894%2C2596&amp;ssl=1\" data-orig-size=\"3894,2596\" data-comments-opened=\"1\" data-image-meta=\"{&quot;aperture&quot;:&quot;11&quot;,&quot;credit&quot;:&quot;photography: Konstantin Kern&quot;,&quot;camera&quot;:&quot;NIKON D700&quot;,&quot;caption&quot;:&quot;&quot;,&quot;created_timestamp&quot;:&quot;1497382408&quot;,&quot;copyright&quot;:&quot;copyright \\u00a9 2017 by Konstantin Kern&quot;,&quot;focal_length&quot;:&quot;40&quot;,&quot;iso&quot;:&quot;800&quot;,&quot;shutter_speed&quot;:&quot;0.0125&quot;,&quot;title&quot;:&quot;Vincent Eberle Quintett&quot;,&quot;orientation&quot;:&quot;1&quot;}\" data-image-title=\"\" data-image-description=\"&lt;p&gt;Vincent Eberle Quintett gewinnt Neuen Deutschen Jazzpreis. Foto: IG Jazz Rhein Neckar, Konni Kern&lt;\/p&gt;\n\" data-image-caption=\"&lt;p&gt;Vincent Eberle Quintett gewinnt Neuen Deutschen Jazzpreis. Foto: IG Jazz Rhein Neckar, Konni Kern&lt;\/p&gt;\n\" data-large-file=\"https:\/\/i0.wp.com\/www.jazzzeitung.de\/cms\/wp-content\/uploads\/2018\/03\/Eberle_Quintett_Copyright_Konni_Kern.jpg?fit=840%2C560&amp;ssl=1\" class=\"size-large wp-image-15458\" src=\"https:\/\/i0.wp.com\/www.jazzzeitung.de\/cms\/wp-content\/uploads\/2018\/03\/Eberle_Quintett_Copyright_Konni_Kern.jpg?resize=840%2C560&#038;ssl=1\" alt=\"\" width=\"840\" height=\"560\" srcset=\"https:\/\/i0.wp.com\/www.jazzzeitung.de\/cms\/wp-content\/uploads\/2018\/03\/Eberle_Quintett_Copyright_Konni_Kern.jpg?resize=900%2C600&amp;ssl=1 900w, https:\/\/i0.wp.com\/www.jazzzeitung.de\/cms\/wp-content\/uploads\/2018\/03\/Eberle_Quintett_Copyright_Konni_Kern.jpg?resize=300%2C200&amp;ssl=1 300w, https:\/\/i0.wp.com\/www.jazzzeitung.de\/cms\/wp-content\/uploads\/2018\/03\/Eberle_Quintett_Copyright_Konni_Kern.jpg?resize=768%2C512&amp;ssl=1 768w, https:\/\/i0.wp.com\/www.jazzzeitung.de\/cms\/wp-content\/uploads\/2018\/03\/Eberle_Quintett_Copyright_Konni_Kern.jpg?resize=600%2C400&amp;ssl=1 600w, https:\/\/i0.wp.com\/www.jazzzeitung.de\/cms\/wp-content\/uploads\/2018\/03\/Eberle_Quintett_Copyright_Konni_Kern.jpg?resize=120%2C80&amp;ssl=1 120w, https:\/\/i0.wp.com\/www.jazzzeitung.de\/cms\/wp-content\/uploads\/2018\/03\/Eberle_Quintett_Copyright_Konni_Kern.jpg?w=1680&amp;ssl=1 1680w, https:\/\/i0.wp.com\/www.jazzzeitung.de\/cms\/wp-content\/uploads\/2018\/03\/Eberle_Quintett_Copyright_Konni_Kern.jpg?w=2520&amp;ssl=1 2520w\" sizes=\"auto, (max-width: 840px) 100vw, 840px\" \/><\/a><figcaption id=\"caption-attachment-15458\" class=\"wp-caption-text\">Vincent Eberle Quintett gewinnt Neuen Deutschen Jazzpreis. Foto: IG Jazz Rhein Neckar, Konni Kern<\/figcaption><\/figure>\n","protected":false},"excerpt":{"rendered":"<p>Am 23. und 24. M\u00e4rz fand in der alten Feuerwache in Mannheim zum dreizehnten Mal der Neue Deutsche Jazzpreis statt. Am Freitag w\u00e4hlte das Publikum den Gewinner des Neuen Deutschen Kompositionspreises, am Samstag die Gewinner des Neuen Deutschen Jazzpreises. Gewinner des L-Bank-Bandpreises in Ho\u0308he von 10.000 Euro wurde das Vincent Eberle Quintett, Gewinner des Neuen Deutschen Kompositionspreises in H\u00f6he von 2.000 Euro ist Alexandra Lehmler, Gewinner des SIGNUM-communication-Solistenpreises in H\u00f6he von 1.000 Euro ist Maximilian Hirning. Der Neue Deutsche Jazzpreis ist der renommierteste Bandpreis der deutschen Jazzszene f\u00fcr professionelle Bands. Den im letzten Jahr zum ersten Mal vergebenen Kompositionspreis erhielt 2017 Nicolai Pfisterer. Zu den bisherigen Preistr\u00e4gern des Bandpreises geh\u00f6rten unter anderem das Tamara Lukasheva Quartett, Frederik K\u00f6ster, Der Rote Bereich und das Tim Allhoff Trio. Unter den Gewinnern des Solistenpreises befanden sich schon Michael Wollny, Max Andrzejewski, Rainer B\u00f6hm und Tamara Lukasheva. Cordula Br\u00e4uninger, Pressesprecherin der L-Bank, gratuliert den diesj\u00e4hrigen Preistr\u00e4gern: \u201eBereits zum vierten Mal durfte die L-Bank nun schon den Bandpreis stiften. Jedes Jahr sind wir aufs Neue begeistert, wie abwechslungsreich und virtuos der Jazz ist, der dem Publikum hier in Mannheim dargeboten &hellip;<\/p>\n","protected":false},"author":18,"featured_media":15458,"comment_status":"open","ping_status":"closed","sticky":false,"template":"","format":"standard","meta":{"_jetpack_memberships_contains_paid_content":false,"footnotes":"","jetpack_publicize_message":"","jetpack_publicize_feature_enabled":true,"jetpack_social_post_already_shared":false,"jetpack_social_options":{"image_generator_settings":{"template":"highway","default_image_id":0,"font":"","enabled":false},"version":2}},"categories":[633],"tags":[1959,1712,735,189,1506,232,1876,1423,374,388,414,950,1507,1965,1164,1889,550,1356,1649],"coauthors":[695],"class_list":["post-15456","post","type-post","status-publish","format-standard","has-post-thumbnail","hentry","category-nachrichten","tag-1959","tag-alexandra-lehmler","tag-deutscher-jazzpreis","tag-frederik-koester","tag-gewinner-des-neuen-deutschen-kompositionspreises","tag-ig-jazz","tag-jazz","tag-jazzpreis","tag-mannheim","tag-michael-wollny","tag-neuer-deutscher-jazzpreis","tag-neuer-deutscher-jazzpreis-mannheim","tag-nicolai-pfisterer","tag-quartett","tag-rainer-boehm","tag-tamara-lukasheva","tag-tim-allhoff","tag-trio","tag-vincent-eberle-quintett"],"yoast_head":"<!-- This site is optimized with the Yoast SEO plugin v27.5 - https:\/\/yoast.com\/product\/yoast-seo-wordpress\/ -->\n<title>Neuer Deutscher Jazzpreis Mannheim 2018 - JazzZeitung<\/title>\n<meta name=\"robots\" content=\"index, follow, max-snippet:-1, max-image-preview:large, max-video-preview:-1\" \/>\n<link rel=\"canonical\" href=\"https:\/\/www.jazzzeitung.de\/cms\/2018\/03\/neuer-deutscher-jazzpreis-mannheim-2018\/\" \/>\n<meta property=\"og:locale\" content=\"de_DE\" \/>\n<meta property=\"og:type\" content=\"article\" \/>\n<meta property=\"og:title\" content=\"Neuer Deutscher Jazzpreis Mannheim 2018 - JazzZeitung\" \/>\n<meta property=\"og:description\" content=\"Am 23. und 24. M\u00e4rz fand in der alten Feuerwache in Mannheim zum dreizehnten Mal der Neue Deutsche Jazzpreis statt. Am Freitag w\u00e4hlte das Publikum den Gewinner des Neuen Deutschen Kompositionspreises, am Samstag die Gewinner des Neuen Deutschen Jazzpreises. Gewinner des L-Bank-Bandpreises in Ho\u0308he von 10.000 Euro wurde das Vincent Eberle Quintett, Gewinner des Neuen Deutschen Kompositionspreises in H\u00f6he von 2.000 Euro ist Alexandra Lehmler, Gewinner des SIGNUM-communication-Solistenpreises in H\u00f6he von 1.000 Euro ist Maximilian Hirning. Der Neue Deutsche Jazzpreis ist der renommierteste Bandpreis der deutschen Jazzszene f\u00fcr professionelle Bands. Den im letzten Jahr zum ersten Mal vergebenen Kompositionspreis erhielt 2017 Nicolai Pfisterer. Zu den bisherigen Preistr\u00e4gern des Bandpreises geh\u00f6rten unter anderem das Tamara Lukasheva Quartett, Frederik K\u00f6ster, Der Rote Bereich und das Tim Allhoff Trio. Unter den Gewinnern des Solistenpreises befanden sich schon Michael Wollny, Max Andrzejewski, Rainer B\u00f6hm und Tamara Lukasheva. Cordula Br\u00e4uninger, Pressesprecherin der L-Bank, gratuliert den diesj\u00e4hrigen Preistr\u00e4gern: \u201eBereits zum vierten Mal durfte die L-Bank nun schon den Bandpreis stiften. Jedes Jahr sind wir aufs Neue begeistert, wie abwechslungsreich und virtuos der Jazz ist, der dem Publikum hier in Mannheim dargeboten &hellip;\" \/>\n<meta property=\"og:url\" content=\"https:\/\/www.jazzzeitung.de\/cms\/2018\/03\/neuer-deutscher-jazzpreis-mannheim-2018\/\" \/>\n<meta property=\"og:site_name\" content=\"JazzZeitung\" \/>\n<meta property=\"article:publisher\" content=\"https:\/\/www.facebook.com\/JazzZeitung\/\" \/>\n<meta property=\"article:published_time\" content=\"2018-03-26T09:43:56+00:00\" \/>\n<meta property=\"og:image\" content=\"https:\/\/www.jazzzeitung.de\/cms\/wp-content\/uploads\/2018\/03\/Eberle_Quintett_Copyright_Konni_Kern-900x600.jpg\" \/>\n\t<meta property=\"og:image:width\" content=\"900\" \/>\n\t<meta property=\"og:image:height\" content=\"600\" \/>\n\t<meta property=\"og:image:type\" content=\"image\/jpeg\" \/>\n<meta name=\"author\" content=\"Redaktion JazzZeitung\" \/>\n<script type=\"application\/ld+json\" class=\"yoast-schema-graph\">{\"@context\":\"https:\\\/\\\/schema.org\",\"@graph\":[{\"@type\":\"Article\",\"@id\":\"https:\\\/\\\/www.jazzzeitung.de\\\/cms\\\/2018\\\/03\\\/neuer-deutscher-jazzpreis-mannheim-2018\\\/#article\",\"isPartOf\":{\"@id\":\"https:\\\/\\\/www.jazzzeitung.de\\\/cms\\\/2018\\\/03\\\/neuer-deutscher-jazzpreis-mannheim-2018\\\/\"},\"author\":{\"name\":\"Redaktion JazzZeitung\",\"@id\":\"https:\\\/\\\/www.jazzzeitung.de\\\/cms\\\/#\\\/schema\\\/person\\\/2245b36b9cd1d24cea10f01c031fb92b\"},\"headline\":\"Neuer Deutscher Jazzpreis Mannheim 2018\",\"datePublished\":\"2018-03-26T09:43:56+00:00\",\"mainEntityOfPage\":{\"@id\":\"https:\\\/\\\/www.jazzzeitung.de\\\/cms\\\/2018\\\/03\\\/neuer-deutscher-jazzpreis-mannheim-2018\\\/\"},\"wordCount\":218,\"commentCount\":0,\"publisher\":{\"@id\":\"https:\\\/\\\/www.jazzzeitung.de\\\/cms\\\/#organization\"},\"image\":{\"@id\":\"https:\\\/\\\/www.jazzzeitung.de\\\/cms\\\/2018\\\/03\\\/neuer-deutscher-jazzpreis-mannheim-2018\\\/#primaryimage\"},\"thumbnailUrl\":\"https:\\\/\\\/i0.wp.com\\\/www.jazzzeitung.de\\\/cms\\\/wp-content\\\/uploads\\\/2018\\\/03\\\/Eberle_Quintett_Copyright_Konni_Kern.jpg?fit=3894%2C2596&ssl=1\",\"keywords\":[\"2018\",\"Alexandra Lehmler\",\"Deutscher Jazzpreis\",\"Frederik K\u00f6ster\",\"Gewinner des Neuen Deutschen Kompositionspreises\",\"IG Jazz\",\"Jazz\",\"Jazzpreis\",\"Mannheim\",\"Michael Wollny\",\"Neuer Deutscher Jazzpreis\",\"Neuer deutscher Jazzpreis Mannheim\",\"Nicolai Pfisterer\",\"Quartett\",\"Rainer B\u00f6hm\",\"Tamara Lukasheva\",\"Tim Allhoff\",\"trio\",\"Vincent Eberle Quintett\"],\"articleSection\":[\"News\"],\"inLanguage\":\"de\",\"potentialAction\":[{\"@type\":\"CommentAction\",\"name\":\"Comment\",\"target\":[\"https:\\\/\\\/www.jazzzeitung.de\\\/cms\\\/2018\\\/03\\\/neuer-deutscher-jazzpreis-mannheim-2018\\\/#respond\"]}]},{\"@type\":\"WebPage\",\"@id\":\"https:\\\/\\\/www.jazzzeitung.de\\\/cms\\\/2018\\\/03\\\/neuer-deutscher-jazzpreis-mannheim-2018\\\/\",\"url\":\"https:\\\/\\\/www.jazzzeitung.de\\\/cms\\\/2018\\\/03\\\/neuer-deutscher-jazzpreis-mannheim-2018\\\/\",\"name\":\"Neuer Deutscher Jazzpreis Mannheim 2018 - JazzZeitung\",\"isPartOf\":{\"@id\":\"https:\\\/\\\/www.jazzzeitung.de\\\/cms\\\/#website\"},\"primaryImageOfPage\":{\"@id\":\"https:\\\/\\\/www.jazzzeitung.de\\\/cms\\\/2018\\\/03\\\/neuer-deutscher-jazzpreis-mannheim-2018\\\/#primaryimage\"},\"image\":{\"@id\":\"https:\\\/\\\/www.jazzzeitung.de\\\/cms\\\/2018\\\/03\\\/neuer-deutscher-jazzpreis-mannheim-2018\\\/#primaryimage\"},\"thumbnailUrl\":\"https:\\\/\\\/i0.wp.com\\\/www.jazzzeitung.de\\\/cms\\\/wp-content\\\/uploads\\\/2018\\\/03\\\/Eberle_Quintett_Copyright_Konni_Kern.jpg?fit=3894%2C2596&ssl=1\",\"datePublished\":\"2018-03-26T09:43:56+00:00\",\"breadcrumb\":{\"@id\":\"https:\\\/\\\/www.jazzzeitung.de\\\/cms\\\/2018\\\/03\\\/neuer-deutscher-jazzpreis-mannheim-2018\\\/#breadcrumb\"},\"inLanguage\":\"de\",\"potentialAction\":[{\"@type\":\"ReadAction\",\"target\":[\"https:\\\/\\\/www.jazzzeitung.de\\\/cms\\\/2018\\\/03\\\/neuer-deutscher-jazzpreis-mannheim-2018\\\/\"]}]},{\"@type\":\"ImageObject\",\"inLanguage\":\"de\",\"@id\":\"https:\\\/\\\/www.jazzzeitung.de\\\/cms\\\/2018\\\/03\\\/neuer-deutscher-jazzpreis-mannheim-2018\\\/#primaryimage\",\"url\":\"https:\\\/\\\/i0.wp.com\\\/www.jazzzeitung.de\\\/cms\\\/wp-content\\\/uploads\\\/2018\\\/03\\\/Eberle_Quintett_Copyright_Konni_Kern.jpg?fit=3894%2C2596&ssl=1\",\"contentUrl\":\"https:\\\/\\\/i0.wp.com\\\/www.jazzzeitung.de\\\/cms\\\/wp-content\\\/uploads\\\/2018\\\/03\\\/Eberle_Quintett_Copyright_Konni_Kern.jpg?fit=3894%2C2596&ssl=1\",\"width\":3894,\"height\":2596,\"caption\":\"Vincent Eberle Quintett gewinnt Neuen Deutschen Jazzpreis. Foto: IG Jazz Rhein Neckar, Konni Kern\"},{\"@type\":\"BreadcrumbList\",\"@id\":\"https:\\\/\\\/www.jazzzeitung.de\\\/cms\\\/2018\\\/03\\\/neuer-deutscher-jazzpreis-mannheim-2018\\\/#breadcrumb\",\"itemListElement\":[{\"@type\":\"ListItem\",\"position\":1,\"name\":\"Startseite\",\"item\":\"https:\\\/\\\/www.jazzzeitung.de\\\/cms\\\/\"},{\"@type\":\"ListItem\",\"position\":2,\"name\":\"Neuer Deutscher Jazzpreis Mannheim 2018\"}]},{\"@type\":\"WebSite\",\"@id\":\"https:\\\/\\\/www.jazzzeitung.de\\\/cms\\\/#website\",\"url\":\"https:\\\/\\\/www.jazzzeitung.de\\\/cms\\\/\",\"name\":\"JazzZeitung\",\"description\":\"Jazz-News und Jazz-Kontroverses\",\"publisher\":{\"@id\":\"https:\\\/\\\/www.jazzzeitung.de\\\/cms\\\/#organization\"},\"potentialAction\":[{\"@type\":\"SearchAction\",\"target\":{\"@type\":\"EntryPoint\",\"urlTemplate\":\"https:\\\/\\\/www.jazzzeitung.de\\\/cms\\\/?s={search_term_string}\"},\"query-input\":{\"@type\":\"PropertyValueSpecification\",\"valueRequired\":true,\"valueName\":\"search_term_string\"}}],\"inLanguage\":\"de\"},{\"@type\":\"Organization\",\"@id\":\"https:\\\/\\\/www.jazzzeitung.de\\\/cms\\\/#organization\",\"name\":\"JazzZeitung online\",\"url\":\"https:\\\/\\\/www.jazzzeitung.de\\\/cms\\\/\",\"logo\":{\"@type\":\"ImageObject\",\"inLanguage\":\"de\",\"@id\":\"https:\\\/\\\/www.jazzzeitung.de\\\/cms\\\/#\\\/schema\\\/logo\\\/image\\\/\",\"url\":\"https:\\\/\\\/i0.wp.com\\\/www.jazzzeitung.de\\\/cms\\\/wp-content\\\/uploads\\\/2015\\\/08\\\/JAZZZEITUNGDE_Logo_Neu.png?fit=499%2C200&ssl=1\",\"contentUrl\":\"https:\\\/\\\/i0.wp.com\\\/www.jazzzeitung.de\\\/cms\\\/wp-content\\\/uploads\\\/2015\\\/08\\\/JAZZZEITUNGDE_Logo_Neu.png?fit=499%2C200&ssl=1\",\"width\":499,\"height\":200,\"caption\":\"JazzZeitung online\"},\"image\":{\"@id\":\"https:\\\/\\\/www.jazzzeitung.de\\\/cms\\\/#\\\/schema\\\/logo\\\/image\\\/\"},\"sameAs\":[\"https:\\\/\\\/www.facebook.com\\\/JazzZeitung\\\/\"]},{\"@type\":\"Person\",\"@id\":\"https:\\\/\\\/www.jazzzeitung.de\\\/cms\\\/#\\\/schema\\\/person\\\/2245b36b9cd1d24cea10f01c031fb92b\",\"name\":\"Redaktion JazzZeitung\",\"image\":{\"@type\":\"ImageObject\",\"inLanguage\":\"de\",\"@id\":\"https:\\\/\\\/i0.wp.com\\\/www.jazzzeitung.de\\\/cms\\\/wp-content\\\/uploads\\\/2015\\\/08\\\/JAZZZEITUNGDE_Logo_Neu.png?resize=96%2C96&ssl=159975dcacb611b5700bd619b5daf0a7a\",\"url\":\"https:\\\/\\\/i0.wp.com\\\/www.jazzzeitung.de\\\/cms\\\/wp-content\\\/uploads\\\/2015\\\/08\\\/JAZZZEITUNGDE_Logo_Neu.png?resize=96%2C96&ssl=1\",\"contentUrl\":\"https:\\\/\\\/i0.wp.com\\\/www.jazzzeitung.de\\\/cms\\\/wp-content\\\/uploads\\\/2015\\\/08\\\/JAZZZEITUNGDE_Logo_Neu.png?resize=96%2C96&ssl=1\",\"caption\":\"Redaktion JazzZeitung\"},\"description\":\"Artikel der Redaktion der JazzZeitung.\",\"sameAs\":[\"http:\\\/\\\/www.jazzzeitung.de\\\/cms\\\/\"],\"url\":\"https:\\\/\\\/www.jazzzeitung.de\\\/cms\\\/author\\\/redaktion\\\/\"}]}<\/script>\n<!-- \/ Yoast SEO plugin. -->","yoast_head_json":{"title":"Neuer Deutscher Jazzpreis Mannheim 2018 - JazzZeitung","robots":{"index":"index","follow":"follow","max-snippet":"max-snippet:-1","max-image-preview":"max-image-preview:large","max-video-preview":"max-video-preview:-1"},"canonical":"https:\/\/www.jazzzeitung.de\/cms\/2018\/03\/neuer-deutscher-jazzpreis-mannheim-2018\/","og_locale":"de_DE","og_type":"article","og_title":"Neuer Deutscher Jazzpreis Mannheim 2018 - JazzZeitung","og_description":"Am 23. und 24. M\u00e4rz fand in der alten Feuerwache in Mannheim zum dreizehnten Mal der Neue Deutsche Jazzpreis statt. Am Freitag w\u00e4hlte das Publikum den Gewinner des Neuen Deutschen Kompositionspreises, am Samstag die Gewinner des Neuen Deutschen Jazzpreises. Gewinner des L-Bank-Bandpreises in Ho\u0308he von 10.000 Euro wurde das Vincent Eberle Quintett, Gewinner des Neuen Deutschen Kompositionspreises in H\u00f6he von 2.000 Euro ist Alexandra Lehmler, Gewinner des SIGNUM-communication-Solistenpreises in H\u00f6he von 1.000 Euro ist Maximilian Hirning. Der Neue Deutsche Jazzpreis ist der renommierteste Bandpreis der deutschen Jazzszene f\u00fcr professionelle Bands. Den im letzten Jahr zum ersten Mal vergebenen Kompositionspreis erhielt 2017 Nicolai Pfisterer. Zu den bisherigen Preistr\u00e4gern des Bandpreises geh\u00f6rten unter anderem das Tamara Lukasheva Quartett, Frederik K\u00f6ster, Der Rote Bereich und das Tim Allhoff Trio. Unter den Gewinnern des Solistenpreises befanden sich schon Michael Wollny, Max Andrzejewski, Rainer B\u00f6hm und Tamara Lukasheva. Cordula Br\u00e4uninger, Pressesprecherin der L-Bank, gratuliert den diesj\u00e4hrigen Preistr\u00e4gern: \u201eBereits zum vierten Mal durfte die L-Bank nun schon den Bandpreis stiften. Jedes Jahr sind wir aufs Neue begeistert, wie abwechslungsreich und virtuos der Jazz ist, der dem Publikum hier in Mannheim dargeboten &hellip;","og_url":"https:\/\/www.jazzzeitung.de\/cms\/2018\/03\/neuer-deutscher-jazzpreis-mannheim-2018\/","og_site_name":"JazzZeitung","article_publisher":"https:\/\/www.facebook.com\/JazzZeitung\/","article_published_time":"2018-03-26T09:43:56+00:00","og_image":[{"width":900,"height":600,"url":"https:\/\/www.jazzzeitung.de\/cms\/wp-content\/uploads\/2018\/03\/Eberle_Quintett_Copyright_Konni_Kern-900x600.jpg","type":"image\/jpeg"}],"author":"Redaktion JazzZeitung","schema":{"@context":"https:\/\/schema.org","@graph":[{"@type":"Article","@id":"https:\/\/www.jazzzeitung.de\/cms\/2018\/03\/neuer-deutscher-jazzpreis-mannheim-2018\/#article","isPartOf":{"@id":"https:\/\/www.jazzzeitung.de\/cms\/2018\/03\/neuer-deutscher-jazzpreis-mannheim-2018\/"},"author":{"name":"Redaktion JazzZeitung","@id":"https:\/\/www.jazzzeitung.de\/cms\/#\/schema\/person\/2245b36b9cd1d24cea10f01c031fb92b"},"headline":"Neuer Deutscher Jazzpreis Mannheim 2018","datePublished":"2018-03-26T09:43:56+00:00","mainEntityOfPage":{"@id":"https:\/\/www.jazzzeitung.de\/cms\/2018\/03\/neuer-deutscher-jazzpreis-mannheim-2018\/"},"wordCount":218,"commentCount":0,"publisher":{"@id":"https:\/\/www.jazzzeitung.de\/cms\/#organization"},"image":{"@id":"https:\/\/www.jazzzeitung.de\/cms\/2018\/03\/neuer-deutscher-jazzpreis-mannheim-2018\/#primaryimage"},"thumbnailUrl":"https:\/\/i0.wp.com\/www.jazzzeitung.de\/cms\/wp-content\/uploads\/2018\/03\/Eberle_Quintett_Copyright_Konni_Kern.jpg?fit=3894%2C2596&ssl=1","keywords":["2018","Alexandra Lehmler","Deutscher Jazzpreis","Frederik K\u00f6ster","Gewinner des Neuen Deutschen Kompositionspreises","IG Jazz","Jazz","Jazzpreis","Mannheim","Michael Wollny","Neuer Deutscher Jazzpreis","Neuer deutscher Jazzpreis Mannheim","Nicolai Pfisterer","Quartett","Rainer B\u00f6hm","Tamara Lukasheva","Tim Allhoff","trio","Vincent Eberle Quintett"],"articleSection":["News"],"inLanguage":"de","potentialAction":[{"@type":"CommentAction","name":"Comment","target":["https:\/\/www.jazzzeitung.de\/cms\/2018\/03\/neuer-deutscher-jazzpreis-mannheim-2018\/#respond"]}]},{"@type":"WebPage","@id":"https:\/\/www.jazzzeitung.de\/cms\/2018\/03\/neuer-deutscher-jazzpreis-mannheim-2018\/","url":"https:\/\/www.jazzzeitung.de\/cms\/2018\/03\/neuer-deutscher-jazzpreis-mannheim-2018\/","name":"Neuer Deutscher Jazzpreis Mannheim 2018 - JazzZeitung","isPartOf":{"@id":"https:\/\/www.jazzzeitung.de\/cms\/#website"},"primaryImageOfPage":{"@id":"https:\/\/www.jazzzeitung.de\/cms\/2018\/03\/neuer-deutscher-jazzpreis-mannheim-2018\/#primaryimage"},"image":{"@id":"https:\/\/www.jazzzeitung.de\/cms\/2018\/03\/neuer-deutscher-jazzpreis-mannheim-2018\/#primaryimage"},"thumbnailUrl":"https:\/\/i0.wp.com\/www.jazzzeitung.de\/cms\/wp-content\/uploads\/2018\/03\/Eberle_Quintett_Copyright_Konni_Kern.jpg?fit=3894%2C2596&ssl=1","datePublished":"2018-03-26T09:43:56+00:00","breadcrumb":{"@id":"https:\/\/www.jazzzeitung.de\/cms\/2018\/03\/neuer-deutscher-jazzpreis-mannheim-2018\/#breadcrumb"},"inLanguage":"de","potentialAction":[{"@type":"ReadAction","target":["https:\/\/www.jazzzeitung.de\/cms\/2018\/03\/neuer-deutscher-jazzpreis-mannheim-2018\/"]}]},{"@type":"ImageObject","inLanguage":"de","@id":"https:\/\/www.jazzzeitung.de\/cms\/2018\/03\/neuer-deutscher-jazzpreis-mannheim-2018\/#primaryimage","url":"https:\/\/i0.wp.com\/www.jazzzeitung.de\/cms\/wp-content\/uploads\/2018\/03\/Eberle_Quintett_Copyright_Konni_Kern.jpg?fit=3894%2C2596&ssl=1","contentUrl":"https:\/\/i0.wp.com\/www.jazzzeitung.de\/cms\/wp-content\/uploads\/2018\/03\/Eberle_Quintett_Copyright_Konni_Kern.jpg?fit=3894%2C2596&ssl=1","width":3894,"height":2596,"caption":"Vincent Eberle Quintett gewinnt Neuen Deutschen Jazzpreis. Foto: IG Jazz Rhein Neckar, Konni Kern"},{"@type":"BreadcrumbList","@id":"https:\/\/www.jazzzeitung.de\/cms\/2018\/03\/neuer-deutscher-jazzpreis-mannheim-2018\/#breadcrumb","itemListElement":[{"@type":"ListItem","position":1,"name":"Startseite","item":"https:\/\/www.jazzzeitung.de\/cms\/"},{"@type":"ListItem","position":2,"name":"Neuer Deutscher Jazzpreis Mannheim 2018"}]},{"@type":"WebSite","@id":"https:\/\/www.jazzzeitung.de\/cms\/#website","url":"https:\/\/www.jazzzeitung.de\/cms\/","name":"JazzZeitung","description":"Jazz-News und Jazz-Kontroverses","publisher":{"@id":"https:\/\/www.jazzzeitung.de\/cms\/#organization"},"potentialAction":[{"@type":"SearchAction","target":{"@type":"EntryPoint","urlTemplate":"https:\/\/www.jazzzeitung.de\/cms\/?s={search_term_string}"},"query-input":{"@type":"PropertyValueSpecification","valueRequired":true,"valueName":"search_term_string"}}],"inLanguage":"de"},{"@type":"Organization","@id":"https:\/\/www.jazzzeitung.de\/cms\/#organization","name":"JazzZeitung online","url":"https:\/\/www.jazzzeitung.de\/cms\/","logo":{"@type":"ImageObject","inLanguage":"de","@id":"https:\/\/www.jazzzeitung.de\/cms\/#\/schema\/logo\/image\/","url":"https:\/\/i0.wp.com\/www.jazzzeitung.de\/cms\/wp-content\/uploads\/2015\/08\/JAZZZEITUNGDE_Logo_Neu.png?fit=499%2C200&ssl=1","contentUrl":"https:\/\/i0.wp.com\/www.jazzzeitung.de\/cms\/wp-content\/uploads\/2015\/08\/JAZZZEITUNGDE_Logo_Neu.png?fit=499%2C200&ssl=1","width":499,"height":200,"caption":"JazzZeitung online"},"image":{"@id":"https:\/\/www.jazzzeitung.de\/cms\/#\/schema\/logo\/image\/"},"sameAs":["https:\/\/www.facebook.com\/JazzZeitung\/"]},{"@type":"Person","@id":"https:\/\/www.jazzzeitung.de\/cms\/#\/schema\/person\/2245b36b9cd1d24cea10f01c031fb92b","name":"Redaktion JazzZeitung","image":{"@type":"ImageObject","inLanguage":"de","@id":"https:\/\/i0.wp.com\/www.jazzzeitung.de\/cms\/wp-content\/uploads\/2015\/08\/JAZZZEITUNGDE_Logo_Neu.png?resize=96%2C96&ssl=159975dcacb611b5700bd619b5daf0a7a","url":"https:\/\/i0.wp.com\/www.jazzzeitung.de\/cms\/wp-content\/uploads\/2015\/08\/JAZZZEITUNGDE_Logo_Neu.png?resize=96%2C96&ssl=1","contentUrl":"https:\/\/i0.wp.com\/www.jazzzeitung.de\/cms\/wp-content\/uploads\/2015\/08\/JAZZZEITUNGDE_Logo_Neu.png?resize=96%2C96&ssl=1","caption":"Redaktion JazzZeitung"},"description":"Artikel der Redaktion der JazzZeitung.","sameAs":["http:\/\/www.jazzzeitung.de\/cms\/"],"url":"https:\/\/www.jazzzeitung.de\/cms\/author\/redaktion\/"}]}},"wp-worthy-pixel":{"ignored":false,"public":null,"server":null,"url":null},"wp-worthy-type":"normal","jetpack_publicize_connections":[],"cc_featured_image_caption":{"caption_text":"","source_text":"","source_url":""},"jetpack_featured_media_url":"https:\/\/i0.wp.com\/www.jazzzeitung.de\/cms\/wp-content\/uploads\/2018\/03\/Eberle_Quintett_Copyright_Konni_Kern.jpg?fit=3894%2C2596&ssl=1","jetpack_shortlink":"https:\/\/wp.me\/p3KEcT-41i","jetpack-related-posts":[{"id":18964,"url":"https:\/\/www.jazzzeitung.de\/cms\/2019\/03\/news-deutscher-musikautorenpreis-2019-in-berlin-neuer-deutscher-jazzpreis-2019-in-mannheim-paul-sennewalds-bop-gewinnt-den-sparda-jazz-award-2019\/","url_meta":{"origin":15456,"position":0},"title":"+++ News: +++ Deutscher \u00a0Musikautorenpreis 2019 in Berlin +++ Neuer Deutscher Jazzpreis 2019 in Mannheim +++ Paul Sennewalds BOP gewinnt den Sparda Jazz Award 2019 +++","author":"Redaktion JazzZeitung","date":"19. M\u00e4rz 2019","format":false,"excerpt":"\u201eGegenseitige Anerkennung abseits jeder Konkurrenz\u201c beim DMAP 2019 in Berlin Der Deutsche Musikautorenpreis wurde 2009 von der GEMA ins Leben gerufen, um die Komponisten und Textdichter der deutschen Musikbranche f\u00fcr ihre herausragenden Leistungen zu w\u00fcrdigen. Unter dem Motto \u201eAutoren ehren Autoren\u201c r\u00fccken Musikschaffende in den Vordergrund, die oftmals nicht auf\u2026","rel":"","context":"In &quot;News&quot;","block_context":{"text":"News","link":"https:\/\/www.jazzzeitung.de\/cms\/thema\/nachrichten\/"},"img":{"alt_text":"","src":"https:\/\/i0.wp.com\/www.jazzzeitung.de\/cms\/wp-content\/uploads\/2019\/03\/BB2DMAP2019_Abschlussbild_c.Sebastian_Linder_046.jpg?fit=1200%2C800&ssl=1&resize=350%2C200","width":350,"height":200,"srcset":"https:\/\/i0.wp.com\/www.jazzzeitung.de\/cms\/wp-content\/uploads\/2019\/03\/BB2DMAP2019_Abschlussbild_c.Sebastian_Linder_046.jpg?fit=1200%2C800&ssl=1&resize=350%2C200 1x, https:\/\/i0.wp.com\/www.jazzzeitung.de\/cms\/wp-content\/uploads\/2019\/03\/BB2DMAP2019_Abschlussbild_c.Sebastian_Linder_046.jpg?fit=1200%2C800&ssl=1&resize=525%2C300 1.5x, https:\/\/i0.wp.com\/www.jazzzeitung.de\/cms\/wp-content\/uploads\/2019\/03\/BB2DMAP2019_Abschlussbild_c.Sebastian_Linder_046.jpg?fit=1200%2C800&ssl=1&resize=700%2C400 2x, https:\/\/i0.wp.com\/www.jazzzeitung.de\/cms\/wp-content\/uploads\/2019\/03\/BB2DMAP2019_Abschlussbild_c.Sebastian_Linder_046.jpg?fit=1200%2C800&ssl=1&resize=1050%2C600 3x"},"classes":[]},{"id":8783,"url":"https:\/\/www.jazzzeitung.de\/cms\/2016\/03\/neuer-deutscher-jazzpreis-mannheim-2016-die-gewinner\/","url_meta":{"origin":15456,"position":1},"title":"Neuer Deutscher Jazzpreis Mannheim 2016: die Gewinner","author":"Redaktion JazzZeitung","date":"21. M\u00e4rz 2016","format":false,"excerpt":"Bereits zum elften Mal fand am 18. und 19. M\u00e4rz 2016 in Mannheim das Festival des von der IG Jazz ausgeschriebenen Neuen Deutschen Jazzpreises statt. Es war wie auch in den Vorjahren ein voller Erfolg. Am Samstag Abend w\u00e4hlten die Zuschauer nach drei hochklassigen Konzerten in der ausverkauften Alten Feuerwache\u2026","rel":"","context":"In &quot;News&quot;","block_context":{"text":"News","link":"https:\/\/www.jazzzeitung.de\/cms\/thema\/nachrichten\/"},"img":{"alt_text":"Rainer_Boehm01","src":"https:\/\/i0.wp.com\/www.jazzzeitung.de\/cms\/wp-content\/uploads\/2016\/03\/rainer_b%C3%B6hm-150x150.jpg?resize=350%2C200","width":350,"height":200},"classes":[]},{"id":9715,"url":"https:\/\/www.jazzzeitung.de\/cms\/2016\/07\/neuer-deutscher-jazzpreis-mannheim-2017\/","url_meta":{"origin":15456,"position":2},"title":"Neuer Deutscher Jazzpreis Mannheim 2017","author":"Redaktion JazzZeitung","date":"21. Juli 2016","format":false,"excerpt":"Im Jahr 2017 vergibt die IG Jazz Rhein-Neckar e.V. in Kooperation mit der Alten Feuerwache Mannheim gGmbH bereits zum zw\u00f6lften Mal den Neuen Deutschen Jazzpreis. Das Festivalwochenende findet am 7. und 8. April 2017 in der Alten Feuerwache Mannheim statt. Es ist mit 10.000.- Euro der h\u00f6chstdotierte Bandpreis f\u00fcr professionelle\u2026","rel":"","context":"In &quot;News&quot;","block_context":{"text":"News","link":"https:\/\/www.jazzzeitung.de\/cms\/thema\/nachrichten\/"},"img":{"alt_text":"logo_ndjazzpreis","src":"https:\/\/i0.wp.com\/www.jazzzeitung.de\/cms\/wp-content\/uploads\/2016\/07\/logo_ndjazzpreis-150x150.jpg?resize=350%2C200","width":350,"height":200},"classes":[]},{"id":12111,"url":"https:\/\/www.jazzzeitung.de\/cms\/2017\/04\/12111\/","url_meta":{"origin":15456,"position":3},"title":"+++ Neuer Deutscher Jazzpreis in Mannheim vergeben +++","author":"Redaktion JazzZeitung","date":"12. April 2017","format":false,"excerpt":"Neuer Deutscher Jazzpreis in Mannheim vergeben Im Jahr 2017 vergab die IG Jazz Rhein-Neckar e.V. in Kooperation mit der Alten Feuerwache Mannheim gGmbH bereits zum zw\u00f6lften Mal den Neuen Deutschen Jazzpreis, den einzigen Publikumspreis der deutschen Jazzszene. Gewinner des Neuen Deutschen Jazzpreises Mannheim wurde das Tamara Lukasheva Quartett mit Tamara\u2026","rel":"","context":"In &quot;News&quot;","block_context":{"text":"News","link":"https:\/\/www.jazzzeitung.de\/cms\/thema\/nachrichten\/"},"img":{"alt_text":"","src":"","width":0,"height":0},"classes":[]},{"id":369,"url":"https:\/\/www.jazzzeitung.de\/cms\/2010\/08\/call-for-entries-neuer-deutscher-jazzpreis-sucht-bands\/","url_meta":{"origin":15456,"position":4},"title":"Call for entries: Neuer Deutscher Jazzpreis sucht Bands","author":"J\u00f6rg Lichtinger","date":"14. August 2010","format":false,"excerpt":"Der Preis ist mit 10.000 \u20ac dotiert und wird am 12. M\u00e4rz 2011 bei einem Festival in der Alten Feuerwache Mannheim vergeben. Aus allen Einsendungen w\u00e4hlt der Veranstalter IG Jazz Rhein-Neckar e.V. mit Hilfe eines Kurators (2011: Bojan Z.) drei Bands aus, die am Festivalwochenende (11.\/12.3.2011) in der Alten Feuerwache\u2026","rel":"","context":"In &quot;Blog&quot;","block_context":{"text":"Blog","link":"https:\/\/www.jazzzeitung.de\/cms\/thema\/blog\/"},"img":{"alt_text":"zijah_gafic_press","src":"https:\/\/i0.wp.com\/www.jazzzeitung.de\/cms\/wp-content\/uploads\/2010\/08\/zijah_gafic_press-300x200.jpg?resize=350%2C200","width":350,"height":200},"classes":[]},{"id":88,"url":"https:\/\/www.jazzzeitung.de\/cms\/2010\/05\/neuer-deutscher-jazzpreis-preis-ohne-echo\/","url_meta":{"origin":15456,"position":5},"title":"Neuer Deutscher Jazzpreis \u2013 Preis ohne Echo?","author":"J\u00f6rg Lichtinger","date":"19. Mai 2010","format":false,"excerpt":"Nachdem die letzten Wochen voller jazziger Echos waren, m\u00f6chte ich noch einmal in den Wald hineinrufen und das Augenmerk auf einen Deutschen Jazzpreis richten, der nicht von der Musikwirtschaft, sondern, nach einem Gang durch mehrere Instanzen, vom Endverbraucher selbst vergeben wird. Der Neue Deutsche Jazzpreis in Mannheim. Derzeit erh\u00e4lt der\u2026","rel":"","context":"In &quot;Blog&quot;","block_context":{"text":"Blog","link":"https:\/\/www.jazzzeitung.de\/cms\/thema\/blog\/"},"img":{"alt_text":"","src":"","width":0,"height":0},"classes":[]}],"jetpack_sharing_enabled":true,"_links":{"self":[{"href":"https:\/\/www.jazzzeitung.de\/cms\/wp-json\/wp\/v2\/posts\/15456","targetHints":{"allow":["GET"]}}],"collection":[{"href":"https:\/\/www.jazzzeitung.de\/cms\/wp-json\/wp\/v2\/posts"}],"about":[{"href":"https:\/\/www.jazzzeitung.de\/cms\/wp-json\/wp\/v2\/types\/post"}],"author":[{"embeddable":true,"href":"https:\/\/www.jazzzeitung.de\/cms\/wp-json\/wp\/v2\/users\/18"}],"replies":[{"embeddable":true,"href":"https:\/\/www.jazzzeitung.de\/cms\/wp-json\/wp\/v2\/comments?post=15456"}],"version-history":[{"count":3,"href":"https:\/\/www.jazzzeitung.de\/cms\/wp-json\/wp\/v2\/posts\/15456\/revisions"}],"predecessor-version":[{"id":15460,"href":"https:\/\/www.jazzzeitung.de\/cms\/wp-json\/wp\/v2\/posts\/15456\/revisions\/15460"}],"wp:featuredmedia":[{"embeddable":true,"href":"https:\/\/www.jazzzeitung.de\/cms\/wp-json\/wp\/v2\/media\/15458"}],"wp:attachment":[{"href":"https:\/\/www.jazzzeitung.de\/cms\/wp-json\/wp\/v2\/media?parent=15456"}],"wp:term":[{"taxonomy":"category","embeddable":true,"href":"https:\/\/www.jazzzeitung.de\/cms\/wp-json\/wp\/v2\/categories?post=15456"},{"taxonomy":"post_tag","embeddable":true,"href":"https:\/\/www.jazzzeitung.de\/cms\/wp-json\/wp\/v2\/tags?post=15456"},{"taxonomy":"author","embeddable":true,"href":"https:\/\/www.jazzzeitung.de\/cms\/wp-json\/wp\/v2\/coauthors?post=15456"}],"curies":[{"name":"wp","href":"https:\/\/api.w.org\/{rel}","templated":true}]}}