{"id":1528,"date":"2012-01-30T23:59:29","date_gmt":"2012-01-30T22:59:29","guid":{"rendered":"http:\/\/blogs.nmz.de\/jazz\/?p=1528"},"modified":"2013-06-11T11:47:03","modified_gmt":"2013-06-11T09:47:03","slug":"johannes-faber-abschied-vom-gartnerplatz","status":"publish","type":"post","link":"https:\/\/www.jazzzeitung.de\/cms\/2012\/01\/johannes-faber-abschied-vom-gartnerplatz\/","title":{"rendered":"Johannes Faber \u2013 Abschied vom G\u00e4rtnerplatz"},"content":{"rendered":"<p><figure id=\"attachment_1529\" aria-describedby=\"caption-attachment-1529\" style=\"width: 199px\" class=\"wp-caption alignleft\"><a href=\"https:\/\/i0.wp.com\/www.jazzzeitung.de\/cms\/wp-content\/uploads\/2012\/01\/johannesfaber7.jpg\"><img data-recalc-dims=\"1\" loading=\"lazy\" decoding=\"async\" data-attachment-id=\"1529\" data-permalink=\"https:\/\/www.jazzzeitung.de\/cms\/2012\/01\/johannes-faber-abschied-vom-gartnerplatz\/johannesfaber7\/\" data-orig-file=\"https:\/\/i0.wp.com\/www.jazzzeitung.de\/cms\/wp-content\/uploads\/2012\/01\/johannesfaber7.jpg?fit=664%2C1000&amp;ssl=1\" data-orig-size=\"664,1000\" data-comments-opened=\"1\" data-image-meta=\"{&quot;aperture&quot;:&quot;0&quot;,&quot;credit&quot;:&quot;&quot;,&quot;camera&quot;:&quot;&quot;,&quot;caption&quot;:&quot;&quot;,&quot;created_timestamp&quot;:&quot;0&quot;,&quot;copyright&quot;:&quot;&quot;,&quot;focal_length&quot;:&quot;0&quot;,&quot;iso&quot;:&quot;0&quot;,&quot;shutter_speed&quot;:&quot;0&quot;,&quot;title&quot;:&quot;&quot;}\" data-image-title=\"johannesfaber7\" data-image-description=\"\" data-image-caption=\"&lt;p&gt;Johannes Faber verschwindet zum letzten Mal durch die T\u00fcr in der B\u00fchne des Staatstheaters am G\u00e4rtnerplatz. Foto: johannesfaber.info&lt;\/p&gt;\n\" data-large-file=\"https:\/\/i0.wp.com\/www.jazzzeitung.de\/cms\/wp-content\/uploads\/2012\/01\/johannesfaber7.jpg?fit=398%2C600&amp;ssl=1\" class=\"size-medium wp-image-1529 \" alt=\"\" src=\"https:\/\/i0.wp.com\/www.jazzzeitung.de\/cms\/wp-content\/uploads\/2012\/01\/johannesfaber7-199x300.jpg?resize=199%2C300\" width=\"199\" height=\"300\" srcset=\"https:\/\/i0.wp.com\/www.jazzzeitung.de\/cms\/wp-content\/uploads\/2012\/01\/johannesfaber7.jpg?resize=199%2C300&amp;ssl=1 199w, https:\/\/i0.wp.com\/www.jazzzeitung.de\/cms\/wp-content\/uploads\/2012\/01\/johannesfaber7.jpg?w=664&amp;ssl=1 664w\" sizes=\"auto, (max-width: 199px) 100vw, 199px\" \/><\/a><figcaption id=\"caption-attachment-1529\" class=\"wp-caption-text\">Johannes Faber verschwindet zum letzten Mal durch die T\u00fcr in der B\u00fchne des Staatstheaters am G\u00e4rtnerplatz. Foto: johannesfaber.info<\/figcaption><\/figure><br \/>\nNach 12 Jahren geht in der laufenden Spielzeit die Konzertreihe &#8222;Jazz im G\u00e4rtnerplatz&#8220; zu Ende. Das M\u00fcnchner Staatstheater am G\u00e4rtnerplatz gibt mit der vom Trompeter Johannes Faber gestalteten Reihe ein festes Programmelement mit Seltenheitswert an einem staatlichen Opernhaus auf. Viele internationale Schwergewichte konnte Faber in das kleinere der beiden M\u00fcnchner Staatstheater locken, das einen wesentlich intimeren Rahmen bot, als die gro\u00dfen Festivalb\u00fchnen, auf denen man Abdullah Ibrahim, Herbie Hancock oder Ron Carter sonst bewundern kann. Besonders waren in dieser Hinsicht auch die Jamsessions, die in der Kantine oder im Foyer des Theaters das ein oder andere Konzert zu einem wunderbaren Abschluss brachten. Ein Gag am Ende jedes Konzerts war der Auftritt von Faber selbst, der nicht nur alle Abende moderierte, sondern auch als musikalischer Gast immer wenigstens einen Song mitspielte. Faber d\u00fcrfte wohl einer von ganz wenigen Konzertveranstaltern gewesen sein, bei denen sich die Musiker so etwas gefallen lassen.<\/p>\n<p style=\"text-align: justify;\">Auch das Neujahrskonzert der <a href=\"http:\/\/www.allotriajazzband.de\/\" target=\"_blank\">Allotria Jazzband<\/a> geh\u00f6rte seit immerhin elf Jahren zu Jazz im G\u00e4rtnerplatz.<\/p>\n<p>Nach 65 Konzerten ist nun vorerst Schluss. Das Theater schlie\u00dft in der kommenden Saison f\u00fcr umfangreiche Sanierungsarbeiten. Ob der Jazz danach wieder einen Platz haben wird, ist unklar. In den Ausweichspielst\u00e4tten sei kein Platz f\u00fcr Jazz, hei\u00dft es. Das klingt eigenartig, wenn dort immerhin Opern und Operetten gegeben werden sollen. Aber einen Neustart der Reihe schlie\u00dft das Theater zumindest nicht aus.<\/p>\n<p>Es endet (zun\u00e4chst) alles wie es vor zw\u00f6lf Jahren am 11. Januar 2000 begann. Mit einem Konzert von Johannes Fabers Band &#8222;Consortium&#8220;.<\/p>\n<p>Mit dabei sind Adrian Mears (Posaune und Didgeridoo), Joerg Reiter (Piano), Dave King (E-Bass), Guido May (Schlagzeug). Als Special Guest, Johannes Fabers Sohn, Joachim Deutschland (Gesang, Gitarre).<br \/>\nWer noch dabei sein will, kann sich an der Abendkasse Stehplatzkarten besorgen. Ansonsten ist das Konzert ausverkauft.<\/p>\n<p>&nbsp;<\/p>\n<p><a href=\"https:\/\/i0.wp.com\/www.jazzzeitung.de\/cms\/wp-content\/uploads\/2012\/01\/johannesfaber8.jpg\"><img data-recalc-dims=\"1\" loading=\"lazy\" decoding=\"async\" data-attachment-id=\"1533\" data-permalink=\"https:\/\/www.jazzzeitung.de\/cms\/2012\/01\/johannes-faber-abschied-vom-gartnerplatz\/johannesfaber8\/\" data-orig-file=\"https:\/\/i0.wp.com\/www.jazzzeitung.de\/cms\/wp-content\/uploads\/2012\/01\/johannesfaber8.jpg?fit=1000%2C667&amp;ssl=1\" data-orig-size=\"1000,667\" data-comments-opened=\"1\" data-image-meta=\"{&quot;aperture&quot;:&quot;0&quot;,&quot;credit&quot;:&quot;&quot;,&quot;camera&quot;:&quot;&quot;,&quot;caption&quot;:&quot;&quot;,&quot;created_timestamp&quot;:&quot;0&quot;,&quot;copyright&quot;:&quot;&quot;,&quot;focal_length&quot;:&quot;0&quot;,&quot;iso&quot;:&quot;0&quot;,&quot;shutter_speed&quot;:&quot;0&quot;,&quot;title&quot;:&quot;&quot;}\" data-image-title=\"johannesfaber8\" data-image-description=\"\" data-image-caption=\"\" data-large-file=\"https:\/\/i0.wp.com\/www.jazzzeitung.de\/cms\/wp-content\/uploads\/2012\/01\/johannesfaber8.jpg?fit=840%2C560&amp;ssl=1\" class=\" wp-image-1533 alignleft\" alt=\"\" src=\"https:\/\/i0.wp.com\/www.jazzzeitung.de\/cms\/wp-content\/uploads\/2012\/01\/johannesfaber8-300x200.jpg?resize=300%2C200\" width=\"300\" height=\"200\" srcset=\"https:\/\/i0.wp.com\/www.jazzzeitung.de\/cms\/wp-content\/uploads\/2012\/01\/johannesfaber8.jpg?resize=300%2C200&amp;ssl=1 300w, https:\/\/i0.wp.com\/www.jazzzeitung.de\/cms\/wp-content\/uploads\/2012\/01\/johannesfaber8.jpg?w=1000&amp;ssl=1 1000w\" sizes=\"auto, (max-width: 300px) 100vw, 300px\" \/><\/a><\/p>\n<address><strong>Jazz im G\u00e4rtnerplatz \u2013 Das Abschiedskonzert<\/strong><\/address>\n<address>johannes fabers consortium<\/address>\n<address>Dienstag, 31. Januar 2012, 20 Uhr, Staatstheater am G\u00e4rtnerplatz M\u00fcnchen<\/address>\n<p><strong><em>Links:<\/em><\/strong><\/p>\n<ul>\n<li><a href=\"http:\/\/www.staatstheater-am-gaertnerplatz.de\/index.php?m=101&amp;f=00_startseite\" target=\"_blank\">Staatstheater am G\u00e4rtnerplatz<\/a><\/li>\n<li><a href=\"http:\/\/www.johannesfaber.info\/\" target=\"_blank\">Johannes Faber<\/a><\/li>\n<\/ul>\n<p>&nbsp;<\/p>\n","protected":false},"excerpt":{"rendered":"<p>Nach 12 Jahren geht in der laufenden Spielzeit die Konzertreihe &#8222;Jazz im G\u00e4rtnerplatz&#8220; zu Ende. Das M\u00fcnchner Staatstheater am G\u00e4rtnerplatz gibt mit der vom Trompeter Johannes Faber gestalteten Reihe ein festes Programmelement mit Seltenheitswert an einem staatlichen Opernhaus auf. Viele internationale Schwergewichte konnte Faber in das kleinere der beiden M\u00fcnchner Staatstheater locken, das einen wesentlich intimeren Rahmen bot, als die gro\u00dfen Festivalb\u00fchnen, auf denen man Abdullah Ibrahim, Herbie Hancock oder Ron Carter sonst bewundern kann. Besonders waren in dieser Hinsicht auch die Jamsessions, die in der Kantine oder im Foyer des Theaters das ein oder andere Konzert zu einem wunderbaren Abschluss brachten. Ein Gag am Ende jedes Konzerts war der Auftritt von Faber selbst, der nicht nur alle Abende moderierte, sondern auch als musikalischer Gast immer wenigstens einen Song mitspielte. Faber d\u00fcrfte wohl einer von ganz wenigen Konzertveranstaltern gewesen sein, bei denen sich die Musiker so etwas gefallen lassen. Auch das Neujahrskonzert der Allotria Jazzband geh\u00f6rte seit immerhin elf Jahren zu Jazz im G\u00e4rtnerplatz. Nach 65 Konzerten ist nun vorerst Schluss. Das Theater schlie\u00dft in der kommenden Saison f\u00fcr umfangreiche Sanierungsarbeiten. Ob der Jazz danach &hellip;<\/p>\n","protected":false},"author":4,"featured_media":0,"comment_status":"open","ping_status":"open","sticky":false,"template":"","format":"standard","meta":{"_jetpack_memberships_contains_paid_content":false,"footnotes":"","jetpack_publicize_message":"","jetpack_publicize_feature_enabled":true,"jetpack_social_post_already_shared":false,"jetpack_social_options":{"image_generator_settings":{"template":"highway","default_image_id":0,"font":"","enabled":false},"version":2}},"categories":[82],"tags":[36,137,216,222,257,259,301,322,401,517],"coauthors":[],"class_list":["post-1528","post","type-post","status-publish","format-standard","hentry","category-blog","tag-allotria-jazzband","tag-deutschland","tag-hancock","tag-herbie-hancock","tag-jazz-im-gartnerplatz","tag-jazz-in-der-oper","tag-johannes-faber","tag-konzert-2","tag-muenchen","tag-staatstheater-am-gartnerplatz"],"yoast_head":"<!-- This site is optimized with the Yoast SEO plugin v27.5 - https:\/\/yoast.com\/product\/yoast-seo-wordpress\/ -->\n<title>Johannes Faber \u2013 Abschied vom G\u00e4rtnerplatz  - JazzZeitung<\/title>\n<meta name=\"robots\" content=\"index, follow, max-snippet:-1, max-image-preview:large, max-video-preview:-1\" \/>\n<link rel=\"canonical\" href=\"https:\/\/www.jazzzeitung.de\/cms\/2012\/01\/johannes-faber-abschied-vom-gartnerplatz\/\" \/>\n<meta property=\"og:locale\" content=\"de_DE\" \/>\n<meta property=\"og:type\" content=\"article\" \/>\n<meta property=\"og:title\" content=\"Johannes Faber \u2013 Abschied vom G\u00e4rtnerplatz  - JazzZeitung\" \/>\n<meta property=\"og:description\" content=\"Nach 12 Jahren geht in der laufenden Spielzeit die Konzertreihe &#8222;Jazz im G\u00e4rtnerplatz&#8220; zu Ende. Das M\u00fcnchner Staatstheater am G\u00e4rtnerplatz gibt mit der vom Trompeter Johannes Faber gestalteten Reihe ein festes Programmelement mit Seltenheitswert an einem staatlichen Opernhaus auf. Viele internationale Schwergewichte konnte Faber in das kleinere der beiden M\u00fcnchner Staatstheater locken, das einen wesentlich intimeren Rahmen bot, als die gro\u00dfen Festivalb\u00fchnen, auf denen man Abdullah Ibrahim, Herbie Hancock oder Ron Carter sonst bewundern kann. Besonders waren in dieser Hinsicht auch die Jamsessions, die in der Kantine oder im Foyer des Theaters das ein oder andere Konzert zu einem wunderbaren Abschluss brachten. Ein Gag am Ende jedes Konzerts war der Auftritt von Faber selbst, der nicht nur alle Abende moderierte, sondern auch als musikalischer Gast immer wenigstens einen Song mitspielte. Faber d\u00fcrfte wohl einer von ganz wenigen Konzertveranstaltern gewesen sein, bei denen sich die Musiker so etwas gefallen lassen. Auch das Neujahrskonzert der Allotria Jazzband geh\u00f6rte seit immerhin elf Jahren zu Jazz im G\u00e4rtnerplatz. Nach 65 Konzerten ist nun vorerst Schluss. Das Theater schlie\u00dft in der kommenden Saison f\u00fcr umfangreiche Sanierungsarbeiten. Ob der Jazz danach &hellip;\" \/>\n<meta property=\"og:url\" content=\"https:\/\/www.jazzzeitung.de\/cms\/2012\/01\/johannes-faber-abschied-vom-gartnerplatz\/\" \/>\n<meta property=\"og:site_name\" content=\"JazzZeitung\" \/>\n<meta property=\"article:publisher\" content=\"https:\/\/www.facebook.com\/JazzZeitung\/\" \/>\n<meta property=\"article:published_time\" content=\"2012-01-30T22:59:29+00:00\" \/>\n<meta property=\"article:modified_time\" content=\"2013-06-11T09:47:03+00:00\" \/>\n<meta property=\"og:image\" content=\"http:\/\/www.jazzzeitung.de\/cms\/wp-content\/uploads\/2012\/01\/johannesfaber7-199x300.jpg\" \/>\n<meta name=\"author\" content=\"J\u00f6rg Lichtinger\" \/>\n<script type=\"application\/ld+json\" class=\"yoast-schema-graph\">{\"@context\":\"https:\\\/\\\/schema.org\",\"@graph\":[{\"@type\":\"Article\",\"@id\":\"https:\\\/\\\/www.jazzzeitung.de\\\/cms\\\/2012\\\/01\\\/johannes-faber-abschied-vom-gartnerplatz\\\/#article\",\"isPartOf\":{\"@id\":\"https:\\\/\\\/www.jazzzeitung.de\\\/cms\\\/2012\\\/01\\\/johannes-faber-abschied-vom-gartnerplatz\\\/\"},\"author\":{\"name\":\"J\u00f6rg Lichtinger\",\"@id\":\"https:\\\/\\\/www.jazzzeitung.de\\\/cms\\\/#\\\/schema\\\/person\\\/4c5aaf486bdcd85db94b9a8b9e026bad\"},\"headline\":\"Johannes Faber \u2013 Abschied vom G\u00e4rtnerplatz\",\"datePublished\":\"2012-01-30T22:59:29+00:00\",\"dateModified\":\"2013-06-11T09:47:03+00:00\",\"mainEntityOfPage\":{\"@id\":\"https:\\\/\\\/www.jazzzeitung.de\\\/cms\\\/2012\\\/01\\\/johannes-faber-abschied-vom-gartnerplatz\\\/\"},\"wordCount\":366,\"commentCount\":0,\"publisher\":{\"@id\":\"https:\\\/\\\/www.jazzzeitung.de\\\/cms\\\/#organization\"},\"image\":{\"@id\":\"https:\\\/\\\/www.jazzzeitung.de\\\/cms\\\/2012\\\/01\\\/johannes-faber-abschied-vom-gartnerplatz\\\/#primaryimage\"},\"thumbnailUrl\":\"http:\\\/\\\/www.jazzzeitung.de\\\/cms\\\/wp-content\\\/uploads\\\/2012\\\/01\\\/johannesfaber7-199x300.jpg\",\"keywords\":[\"allotria jazzband\",\"Deutschland\",\"Hancock\",\"Herbie Hancock\",\"Jazz im G\u00e4rtnerplatz\",\"Jazz in der Oper\",\"Johannes Faber\",\"Konzert\",\"M\u00fcnchen\",\"Staatstheater am G\u00e4rtnerplatz\"],\"articleSection\":[\"Blog\"],\"inLanguage\":\"de\",\"potentialAction\":[{\"@type\":\"CommentAction\",\"name\":\"Comment\",\"target\":[\"https:\\\/\\\/www.jazzzeitung.de\\\/cms\\\/2012\\\/01\\\/johannes-faber-abschied-vom-gartnerplatz\\\/#respond\"]}]},{\"@type\":\"WebPage\",\"@id\":\"https:\\\/\\\/www.jazzzeitung.de\\\/cms\\\/2012\\\/01\\\/johannes-faber-abschied-vom-gartnerplatz\\\/\",\"url\":\"https:\\\/\\\/www.jazzzeitung.de\\\/cms\\\/2012\\\/01\\\/johannes-faber-abschied-vom-gartnerplatz\\\/\",\"name\":\"Johannes Faber \u2013 Abschied vom G\u00e4rtnerplatz - JazzZeitung\",\"isPartOf\":{\"@id\":\"https:\\\/\\\/www.jazzzeitung.de\\\/cms\\\/#website\"},\"primaryImageOfPage\":{\"@id\":\"https:\\\/\\\/www.jazzzeitung.de\\\/cms\\\/2012\\\/01\\\/johannes-faber-abschied-vom-gartnerplatz\\\/#primaryimage\"},\"image\":{\"@id\":\"https:\\\/\\\/www.jazzzeitung.de\\\/cms\\\/2012\\\/01\\\/johannes-faber-abschied-vom-gartnerplatz\\\/#primaryimage\"},\"thumbnailUrl\":\"http:\\\/\\\/www.jazzzeitung.de\\\/cms\\\/wp-content\\\/uploads\\\/2012\\\/01\\\/johannesfaber7-199x300.jpg\",\"datePublished\":\"2012-01-30T22:59:29+00:00\",\"dateModified\":\"2013-06-11T09:47:03+00:00\",\"breadcrumb\":{\"@id\":\"https:\\\/\\\/www.jazzzeitung.de\\\/cms\\\/2012\\\/01\\\/johannes-faber-abschied-vom-gartnerplatz\\\/#breadcrumb\"},\"inLanguage\":\"de\",\"potentialAction\":[{\"@type\":\"ReadAction\",\"target\":[\"https:\\\/\\\/www.jazzzeitung.de\\\/cms\\\/2012\\\/01\\\/johannes-faber-abschied-vom-gartnerplatz\\\/\"]}]},{\"@type\":\"ImageObject\",\"inLanguage\":\"de\",\"@id\":\"https:\\\/\\\/www.jazzzeitung.de\\\/cms\\\/2012\\\/01\\\/johannes-faber-abschied-vom-gartnerplatz\\\/#primaryimage\",\"url\":\"http:\\\/\\\/www.jazzzeitung.de\\\/cms\\\/wp-content\\\/uploads\\\/2012\\\/01\\\/johannesfaber7-199x300.jpg\",\"contentUrl\":\"http:\\\/\\\/www.jazzzeitung.de\\\/cms\\\/wp-content\\\/uploads\\\/2012\\\/01\\\/johannesfaber7-199x300.jpg\"},{\"@type\":\"BreadcrumbList\",\"@id\":\"https:\\\/\\\/www.jazzzeitung.de\\\/cms\\\/2012\\\/01\\\/johannes-faber-abschied-vom-gartnerplatz\\\/#breadcrumb\",\"itemListElement\":[{\"@type\":\"ListItem\",\"position\":1,\"name\":\"Startseite\",\"item\":\"https:\\\/\\\/www.jazzzeitung.de\\\/cms\\\/\"},{\"@type\":\"ListItem\",\"position\":2,\"name\":\"Johannes Faber \u2013 Abschied vom G\u00e4rtnerplatz\"}]},{\"@type\":\"WebSite\",\"@id\":\"https:\\\/\\\/www.jazzzeitung.de\\\/cms\\\/#website\",\"url\":\"https:\\\/\\\/www.jazzzeitung.de\\\/cms\\\/\",\"name\":\"JazzZeitung\",\"description\":\"Jazz-News und Jazz-Kontroverses\",\"publisher\":{\"@id\":\"https:\\\/\\\/www.jazzzeitung.de\\\/cms\\\/#organization\"},\"potentialAction\":[{\"@type\":\"SearchAction\",\"target\":{\"@type\":\"EntryPoint\",\"urlTemplate\":\"https:\\\/\\\/www.jazzzeitung.de\\\/cms\\\/?s={search_term_string}\"},\"query-input\":{\"@type\":\"PropertyValueSpecification\",\"valueRequired\":true,\"valueName\":\"search_term_string\"}}],\"inLanguage\":\"de\"},{\"@type\":\"Organization\",\"@id\":\"https:\\\/\\\/www.jazzzeitung.de\\\/cms\\\/#organization\",\"name\":\"JazzZeitung online\",\"url\":\"https:\\\/\\\/www.jazzzeitung.de\\\/cms\\\/\",\"logo\":{\"@type\":\"ImageObject\",\"inLanguage\":\"de\",\"@id\":\"https:\\\/\\\/www.jazzzeitung.de\\\/cms\\\/#\\\/schema\\\/logo\\\/image\\\/\",\"url\":\"https:\\\/\\\/i0.wp.com\\\/www.jazzzeitung.de\\\/cms\\\/wp-content\\\/uploads\\\/2015\\\/08\\\/JAZZZEITUNGDE_Logo_Neu.png?fit=499%2C200&ssl=1\",\"contentUrl\":\"https:\\\/\\\/i0.wp.com\\\/www.jazzzeitung.de\\\/cms\\\/wp-content\\\/uploads\\\/2015\\\/08\\\/JAZZZEITUNGDE_Logo_Neu.png?fit=499%2C200&ssl=1\",\"width\":499,\"height\":200,\"caption\":\"JazzZeitung online\"},\"image\":{\"@id\":\"https:\\\/\\\/www.jazzzeitung.de\\\/cms\\\/#\\\/schema\\\/logo\\\/image\\\/\"},\"sameAs\":[\"https:\\\/\\\/www.facebook.com\\\/JazzZeitung\\\/\"]},{\"@type\":\"Person\",\"@id\":\"https:\\\/\\\/www.jazzzeitung.de\\\/cms\\\/#\\\/schema\\\/person\\\/4c5aaf486bdcd85db94b9a8b9e026bad\",\"name\":\"J\u00f6rg Lichtinger\",\"image\":{\"@type\":\"ImageObject\",\"inLanguage\":\"de\",\"@id\":\"https:\\\/\\\/secure.gravatar.com\\\/avatar\\\/8d1d484eb77cf370a1620f9866681cdba540c9b8439ce96ea0c830dd3b59936c?s=96&d=wp_user_avatar&r=ge66dff7680db2349fb79ae0cb2d734e3\",\"url\":\"https:\\\/\\\/secure.gravatar.com\\\/avatar\\\/8d1d484eb77cf370a1620f9866681cdba540c9b8439ce96ea0c830dd3b59936c?s=96&d=wp_user_avatar&r=g\",\"contentUrl\":\"https:\\\/\\\/secure.gravatar.com\\\/avatar\\\/8d1d484eb77cf370a1620f9866681cdba540c9b8439ce96ea0c830dd3b59936c?s=96&d=wp_user_avatar&r=g\",\"caption\":\"J\u00f6rg Lichtinger\"},\"url\":\"https:\\\/\\\/www.jazzzeitung.de\\\/cms\\\/author\\\/lichtinger\\\/\"}]}<\/script>\n<!-- \/ Yoast SEO plugin. -->","yoast_head_json":{"title":"Johannes Faber \u2013 Abschied vom G\u00e4rtnerplatz  - JazzZeitung","robots":{"index":"index","follow":"follow","max-snippet":"max-snippet:-1","max-image-preview":"max-image-preview:large","max-video-preview":"max-video-preview:-1"},"canonical":"https:\/\/www.jazzzeitung.de\/cms\/2012\/01\/johannes-faber-abschied-vom-gartnerplatz\/","og_locale":"de_DE","og_type":"article","og_title":"Johannes Faber \u2013 Abschied vom G\u00e4rtnerplatz  - JazzZeitung","og_description":"Nach 12 Jahren geht in der laufenden Spielzeit die Konzertreihe &#8222;Jazz im G\u00e4rtnerplatz&#8220; zu Ende. Das M\u00fcnchner Staatstheater am G\u00e4rtnerplatz gibt mit der vom Trompeter Johannes Faber gestalteten Reihe ein festes Programmelement mit Seltenheitswert an einem staatlichen Opernhaus auf. Viele internationale Schwergewichte konnte Faber in das kleinere der beiden M\u00fcnchner Staatstheater locken, das einen wesentlich intimeren Rahmen bot, als die gro\u00dfen Festivalb\u00fchnen, auf denen man Abdullah Ibrahim, Herbie Hancock oder Ron Carter sonst bewundern kann. Besonders waren in dieser Hinsicht auch die Jamsessions, die in der Kantine oder im Foyer des Theaters das ein oder andere Konzert zu einem wunderbaren Abschluss brachten. Ein Gag am Ende jedes Konzerts war der Auftritt von Faber selbst, der nicht nur alle Abende moderierte, sondern auch als musikalischer Gast immer wenigstens einen Song mitspielte. Faber d\u00fcrfte wohl einer von ganz wenigen Konzertveranstaltern gewesen sein, bei denen sich die Musiker so etwas gefallen lassen. Auch das Neujahrskonzert der Allotria Jazzband geh\u00f6rte seit immerhin elf Jahren zu Jazz im G\u00e4rtnerplatz. Nach 65 Konzerten ist nun vorerst Schluss. Das Theater schlie\u00dft in der kommenden Saison f\u00fcr umfangreiche Sanierungsarbeiten. Ob der Jazz danach &hellip;","og_url":"https:\/\/www.jazzzeitung.de\/cms\/2012\/01\/johannes-faber-abschied-vom-gartnerplatz\/","og_site_name":"JazzZeitung","article_publisher":"https:\/\/www.facebook.com\/JazzZeitung\/","article_published_time":"2012-01-30T22:59:29+00:00","article_modified_time":"2013-06-11T09:47:03+00:00","og_image":[{"url":"http:\/\/www.jazzzeitung.de\/cms\/wp-content\/uploads\/2012\/01\/johannesfaber7-199x300.jpg","type":"","width":"","height":""}],"author":"J\u00f6rg Lichtinger","schema":{"@context":"https:\/\/schema.org","@graph":[{"@type":"Article","@id":"https:\/\/www.jazzzeitung.de\/cms\/2012\/01\/johannes-faber-abschied-vom-gartnerplatz\/#article","isPartOf":{"@id":"https:\/\/www.jazzzeitung.de\/cms\/2012\/01\/johannes-faber-abschied-vom-gartnerplatz\/"},"author":{"name":"J\u00f6rg Lichtinger","@id":"https:\/\/www.jazzzeitung.de\/cms\/#\/schema\/person\/4c5aaf486bdcd85db94b9a8b9e026bad"},"headline":"Johannes Faber \u2013 Abschied vom G\u00e4rtnerplatz","datePublished":"2012-01-30T22:59:29+00:00","dateModified":"2013-06-11T09:47:03+00:00","mainEntityOfPage":{"@id":"https:\/\/www.jazzzeitung.de\/cms\/2012\/01\/johannes-faber-abschied-vom-gartnerplatz\/"},"wordCount":366,"commentCount":0,"publisher":{"@id":"https:\/\/www.jazzzeitung.de\/cms\/#organization"},"image":{"@id":"https:\/\/www.jazzzeitung.de\/cms\/2012\/01\/johannes-faber-abschied-vom-gartnerplatz\/#primaryimage"},"thumbnailUrl":"http:\/\/www.jazzzeitung.de\/cms\/wp-content\/uploads\/2012\/01\/johannesfaber7-199x300.jpg","keywords":["allotria jazzband","Deutschland","Hancock","Herbie Hancock","Jazz im G\u00e4rtnerplatz","Jazz in der Oper","Johannes Faber","Konzert","M\u00fcnchen","Staatstheater am G\u00e4rtnerplatz"],"articleSection":["Blog"],"inLanguage":"de","potentialAction":[{"@type":"CommentAction","name":"Comment","target":["https:\/\/www.jazzzeitung.de\/cms\/2012\/01\/johannes-faber-abschied-vom-gartnerplatz\/#respond"]}]},{"@type":"WebPage","@id":"https:\/\/www.jazzzeitung.de\/cms\/2012\/01\/johannes-faber-abschied-vom-gartnerplatz\/","url":"https:\/\/www.jazzzeitung.de\/cms\/2012\/01\/johannes-faber-abschied-vom-gartnerplatz\/","name":"Johannes Faber \u2013 Abschied vom G\u00e4rtnerplatz - JazzZeitung","isPartOf":{"@id":"https:\/\/www.jazzzeitung.de\/cms\/#website"},"primaryImageOfPage":{"@id":"https:\/\/www.jazzzeitung.de\/cms\/2012\/01\/johannes-faber-abschied-vom-gartnerplatz\/#primaryimage"},"image":{"@id":"https:\/\/www.jazzzeitung.de\/cms\/2012\/01\/johannes-faber-abschied-vom-gartnerplatz\/#primaryimage"},"thumbnailUrl":"http:\/\/www.jazzzeitung.de\/cms\/wp-content\/uploads\/2012\/01\/johannesfaber7-199x300.jpg","datePublished":"2012-01-30T22:59:29+00:00","dateModified":"2013-06-11T09:47:03+00:00","breadcrumb":{"@id":"https:\/\/www.jazzzeitung.de\/cms\/2012\/01\/johannes-faber-abschied-vom-gartnerplatz\/#breadcrumb"},"inLanguage":"de","potentialAction":[{"@type":"ReadAction","target":["https:\/\/www.jazzzeitung.de\/cms\/2012\/01\/johannes-faber-abschied-vom-gartnerplatz\/"]}]},{"@type":"ImageObject","inLanguage":"de","@id":"https:\/\/www.jazzzeitung.de\/cms\/2012\/01\/johannes-faber-abschied-vom-gartnerplatz\/#primaryimage","url":"http:\/\/www.jazzzeitung.de\/cms\/wp-content\/uploads\/2012\/01\/johannesfaber7-199x300.jpg","contentUrl":"http:\/\/www.jazzzeitung.de\/cms\/wp-content\/uploads\/2012\/01\/johannesfaber7-199x300.jpg"},{"@type":"BreadcrumbList","@id":"https:\/\/www.jazzzeitung.de\/cms\/2012\/01\/johannes-faber-abschied-vom-gartnerplatz\/#breadcrumb","itemListElement":[{"@type":"ListItem","position":1,"name":"Startseite","item":"https:\/\/www.jazzzeitung.de\/cms\/"},{"@type":"ListItem","position":2,"name":"Johannes Faber \u2013 Abschied vom G\u00e4rtnerplatz"}]},{"@type":"WebSite","@id":"https:\/\/www.jazzzeitung.de\/cms\/#website","url":"https:\/\/www.jazzzeitung.de\/cms\/","name":"JazzZeitung","description":"Jazz-News und Jazz-Kontroverses","publisher":{"@id":"https:\/\/www.jazzzeitung.de\/cms\/#organization"},"potentialAction":[{"@type":"SearchAction","target":{"@type":"EntryPoint","urlTemplate":"https:\/\/www.jazzzeitung.de\/cms\/?s={search_term_string}"},"query-input":{"@type":"PropertyValueSpecification","valueRequired":true,"valueName":"search_term_string"}}],"inLanguage":"de"},{"@type":"Organization","@id":"https:\/\/www.jazzzeitung.de\/cms\/#organization","name":"JazzZeitung online","url":"https:\/\/www.jazzzeitung.de\/cms\/","logo":{"@type":"ImageObject","inLanguage":"de","@id":"https:\/\/www.jazzzeitung.de\/cms\/#\/schema\/logo\/image\/","url":"https:\/\/i0.wp.com\/www.jazzzeitung.de\/cms\/wp-content\/uploads\/2015\/08\/JAZZZEITUNGDE_Logo_Neu.png?fit=499%2C200&ssl=1","contentUrl":"https:\/\/i0.wp.com\/www.jazzzeitung.de\/cms\/wp-content\/uploads\/2015\/08\/JAZZZEITUNGDE_Logo_Neu.png?fit=499%2C200&ssl=1","width":499,"height":200,"caption":"JazzZeitung online"},"image":{"@id":"https:\/\/www.jazzzeitung.de\/cms\/#\/schema\/logo\/image\/"},"sameAs":["https:\/\/www.facebook.com\/JazzZeitung\/"]},{"@type":"Person","@id":"https:\/\/www.jazzzeitung.de\/cms\/#\/schema\/person\/4c5aaf486bdcd85db94b9a8b9e026bad","name":"J\u00f6rg Lichtinger","image":{"@type":"ImageObject","inLanguage":"de","@id":"https:\/\/secure.gravatar.com\/avatar\/8d1d484eb77cf370a1620f9866681cdba540c9b8439ce96ea0c830dd3b59936c?s=96&d=wp_user_avatar&r=ge66dff7680db2349fb79ae0cb2d734e3","url":"https:\/\/secure.gravatar.com\/avatar\/8d1d484eb77cf370a1620f9866681cdba540c9b8439ce96ea0c830dd3b59936c?s=96&d=wp_user_avatar&r=g","contentUrl":"https:\/\/secure.gravatar.com\/avatar\/8d1d484eb77cf370a1620f9866681cdba540c9b8439ce96ea0c830dd3b59936c?s=96&d=wp_user_avatar&r=g","caption":"J\u00f6rg Lichtinger"},"url":"https:\/\/www.jazzzeitung.de\/cms\/author\/lichtinger\/"}]}},"wp-worthy-pixel":{"ignored":false,"public":null,"server":null,"url":null},"wp-worthy-type":"normal","jetpack_publicize_connections":[],"cc_featured_image_caption":{"caption_text":false,"source_text":false,"source_url":false},"jetpack_featured_media_url":"","jetpack_shortlink":"https:\/\/wp.me\/p3KEcT-oE","jetpack-related-posts":[{"id":29319,"url":"https:\/\/www.jazzzeitung.de\/cms\/2023\/04\/news-jazztrio-um-antonio-farao-zu-gast-im-night-club-nacht-voller-livemusik-in-muenchen-50-jahre-woodstock-am-karpfenteich-in-peitz\/","url_meta":{"origin":1528,"position":0},"title":"News: +++ Jazztrio um Antonio Fara\u00f2 zu Gast im Night Club +++ Nacht voller Livemusik in M\u00fcnchen +++ 50 Jahre Woodstock am Karpfenteich in Peitz +++","author":"Redaktion JazzZeitung","date":"5. April 2023","format":false,"excerpt":"+++ Jazztrio um Antonio Fara\u00f2 zu Gast im Night Club +++ Das neue Programm des Bayerischen Hofs in M\u00fcnchen verspricht f\u00fcr die n\u00e4chsten Wochen einige musikalische Highlights. Mit einem Konzert am 6. April aus der Veranstaltungsreihe \u201eJazzin' the Night Club\u201c ziehen wieder Jazzkl\u00e4nge in den Night Club im Untergeschoss ein.\u2026","rel":"","context":"In &quot;News&quot;","block_context":{"text":"News","link":"https:\/\/www.jazzzeitung.de\/cms\/thema\/nachrichten\/"},"img":{"alt_text":"","src":"https:\/\/i0.wp.com\/www.jazzzeitung.de\/cms\/wp-content\/uploads\/2023\/04\/AntonioPianoYamahaSDacosta_Bayerischer-Hof.jpg?fit=1200%2C800&ssl=1&resize=350%2C200","width":350,"height":200,"srcset":"https:\/\/i0.wp.com\/www.jazzzeitung.de\/cms\/wp-content\/uploads\/2023\/04\/AntonioPianoYamahaSDacosta_Bayerischer-Hof.jpg?fit=1200%2C800&ssl=1&resize=350%2C200 1x, https:\/\/i0.wp.com\/www.jazzzeitung.de\/cms\/wp-content\/uploads\/2023\/04\/AntonioPianoYamahaSDacosta_Bayerischer-Hof.jpg?fit=1200%2C800&ssl=1&resize=525%2C300 1.5x, https:\/\/i0.wp.com\/www.jazzzeitung.de\/cms\/wp-content\/uploads\/2023\/04\/AntonioPianoYamahaSDacosta_Bayerischer-Hof.jpg?fit=1200%2C800&ssl=1&resize=700%2C400 2x, https:\/\/i0.wp.com\/www.jazzzeitung.de\/cms\/wp-content\/uploads\/2023\/04\/AntonioPianoYamahaSDacosta_Bayerischer-Hof.jpg?fit=1200%2C800&ssl=1&resize=1050%2C600 3x"},"classes":[]},{"id":29037,"url":"https:\/\/www.jazzzeitung.de\/cms\/2023\/01\/ein-festival-das-lange-nachglitzert\/","url_meta":{"origin":1528,"position":1},"title":"Ein Festival, das lange nachglitzert","author":"Andreas Kolb","date":"31. Januar 2023","format":false,"excerpt":"Egal ob Archie Shepp im Teatro del Giglio in Lucca in den 80ern, Johannes Faber und Freunde im M\u00fcnchner Theater am G\u00e4rtnerplatz in den 90ern oder das neue Jazzfestival \u201eSparks & Visions\u201c im Regensburger Stadttheater heute: Jazzmusik im Ambiente eines klassizistischen Theaters ist und bleibt etwas Besonderes. Das beginnt damit,\u2026","rel":"","context":"In &quot;Bericht&quot;","block_context":{"text":"Bericht","link":"https:\/\/www.jazzzeitung.de\/cms\/thema\/bericht\/"},"img":{"alt_text":"","src":"https:\/\/i0.wp.com\/www.jazzzeitung.de\/cms\/wp-content\/uploads\/2023\/01\/DSC_2434-min.jpg?fit=1200%2C800&ssl=1&resize=350%2C200","width":350,"height":200,"srcset":"https:\/\/i0.wp.com\/www.jazzzeitung.de\/cms\/wp-content\/uploads\/2023\/01\/DSC_2434-min.jpg?fit=1200%2C800&ssl=1&resize=350%2C200 1x, https:\/\/i0.wp.com\/www.jazzzeitung.de\/cms\/wp-content\/uploads\/2023\/01\/DSC_2434-min.jpg?fit=1200%2C800&ssl=1&resize=525%2C300 1.5x, https:\/\/i0.wp.com\/www.jazzzeitung.de\/cms\/wp-content\/uploads\/2023\/01\/DSC_2434-min.jpg?fit=1200%2C800&ssl=1&resize=700%2C400 2x, https:\/\/i0.wp.com\/www.jazzzeitung.de\/cms\/wp-content\/uploads\/2023\/01\/DSC_2434-min.jpg?fit=1200%2C800&ssl=1&resize=1050%2C600 3x"},"classes":[]},{"id":6045,"url":"https:\/\/www.jazzzeitung.de\/cms\/2015\/04\/breaking-news-kug-jazz-night-graz-martin-schmitt-muenchen-xjazz-festival-berlin\/","url_meta":{"origin":1528,"position":2},"title":"Breaking News +++ KUG Jazz Night in Graz +++ Martin Schmitt in Oberthulba +++ XJAZZ Festival in Berlin","author":"Redaktion JazzZeitung","date":"30. April 2015","format":"gallery","excerpt":"KUG Jazz Night \u2013 50 Jahre Institut Jazz mit Sheila Jordan Sein 50-j\u00e4hriges Jubil\u00e4um begeht das Institut Jazz der Universit\u00e4t f\u00fcr Musik und darstellende Kunst Graz mit mehr als einem Dutzend prominent besetzter Konzertereignisse im In- und Ausland. In diesem Rahmen werden auch mehrere K\u00fcnstler\/-innen zu erleben sein, die f\u00fcr\u2026","rel":"","context":"In &quot;News&quot;","block_context":{"text":"News","link":"https:\/\/www.jazzzeitung.de\/cms\/thema\/nachrichten\/"},"img":{"alt_text":"Sheila Jordan 2015 Foto: Mark Sheldon","src":"https:\/\/i0.wp.com\/www.jazzzeitung.de\/cms\/wp-content\/uploads\/2015\/04\/Sheila-Jordan_copyright-2015-Mark-Sheldon-3-150x150.jpg?resize=350%2C200","width":350,"height":200},"classes":[]},{"id":21087,"url":"https:\/\/www.jazzzeitung.de\/cms\/2019\/10\/zum-30-jazzfest-der-jazzmusiker-initiative-muenchen\/","url_meta":{"origin":1528,"position":3},"title":"Das 30. Jazzfest der Jazzmusiker-Initiative M\u00fcnchen \u2013 erste Halbzeit","author":"Redaktion JazzZeitung","date":"31. Oktober 2019","format":false,"excerpt":"Das 30. Jazzfest der Jazzmusiker-Initiative M\u00fcnchen JIM begann mit zwei Konzerten\u00a0 in der Black Box im Kulturzentrum Gasteig. Dort ist es durch die Unterst\u00fctzung des Kulturreferats der Stadt M\u00fcnchen seit einigen Jahren zu Hause. Begonnen hat es 1990 als 5-t\u00e4gige Selbstdarstellung und Werbeveranstaltung der M\u00fcnchener Jazzszene. Aus ihr gr\u00fcndete sich\u2026","rel":"","context":"In &quot;News&quot;","block_context":{"text":"News","link":"https:\/\/www.jazzzeitung.de\/cms\/thema\/nachrichten\/"},"img":{"alt_text":"","src":"https:\/\/i0.wp.com\/www.jazzzeitung.de\/cms\/wp-content\/uploads\/2019\/10\/%E2%94%AC%C2%AEGodehard.Lutz%40bayern-mail.de_IMGP0337.jpg?fit=1200%2C795&ssl=1&resize=350%2C200","width":350,"height":200,"srcset":"https:\/\/i0.wp.com\/www.jazzzeitung.de\/cms\/wp-content\/uploads\/2019\/10\/%E2%94%AC%C2%AEGodehard.Lutz%40bayern-mail.de_IMGP0337.jpg?fit=1200%2C795&ssl=1&resize=350%2C200 1x, https:\/\/i0.wp.com\/www.jazzzeitung.de\/cms\/wp-content\/uploads\/2019\/10\/%E2%94%AC%C2%AEGodehard.Lutz%40bayern-mail.de_IMGP0337.jpg?fit=1200%2C795&ssl=1&resize=525%2C300 1.5x, https:\/\/i0.wp.com\/www.jazzzeitung.de\/cms\/wp-content\/uploads\/2019\/10\/%E2%94%AC%C2%AEGodehard.Lutz%40bayern-mail.de_IMGP0337.jpg?fit=1200%2C795&ssl=1&resize=700%2C400 2x, https:\/\/i0.wp.com\/www.jazzzeitung.de\/cms\/wp-content\/uploads\/2019\/10\/%E2%94%AC%C2%AEGodehard.Lutz%40bayern-mail.de_IMGP0337.jpg?fit=1200%2C795&ssl=1&resize=1050%2C600 3x"},"classes":[]},{"id":25582,"url":"https:\/\/www.jazzzeitung.de\/cms\/2021\/08\/das-muenchner-festival-jazz-im-sommer-genre-und-grenzueberschreitend\/","url_meta":{"origin":1528,"position":4},"title":"Das M\u00fcnchner Festival \u201eJazz im Sommer\u201c: genre- und grenz\u00fcberschreitend!","author":"Redaktion JazzZeitung","date":"31. August 2021","format":false,"excerpt":"Endlich mal wieder raus und live Open Air Musik h\u00f6ren. Das Einzige, was man dieses Jahr dabei immer fest im Blick haben muss: die Wetter-App. Dem M\u00fcnchner \u201eJazz im Sommer\u201c war Petrus im Gro\u00dfen und Ganzen wohl gesonnen, und so konnten die zahlreichen Besucher das abwechslungsreiche Festivalprogramm gr\u00f6\u00dftenteils bei Sonnenschein,\u2026","rel":"","context":"In &quot;Bericht&quot;","block_context":{"text":"Bericht","link":"https:\/\/www.jazzzeitung.de\/cms\/thema\/bericht\/"},"img":{"alt_text":"","src":"https:\/\/i0.wp.com\/www.jazzzeitung.de\/cms\/wp-content\/uploads\/2021\/08\/P1211883-Tingvall-Trio-Foto-TJ-Krebs-1.jpg?fit=1200%2C811&ssl=1&resize=350%2C200","width":350,"height":200,"srcset":"https:\/\/i0.wp.com\/www.jazzzeitung.de\/cms\/wp-content\/uploads\/2021\/08\/P1211883-Tingvall-Trio-Foto-TJ-Krebs-1.jpg?fit=1200%2C811&ssl=1&resize=350%2C200 1x, https:\/\/i0.wp.com\/www.jazzzeitung.de\/cms\/wp-content\/uploads\/2021\/08\/P1211883-Tingvall-Trio-Foto-TJ-Krebs-1.jpg?fit=1200%2C811&ssl=1&resize=525%2C300 1.5x, https:\/\/i0.wp.com\/www.jazzzeitung.de\/cms\/wp-content\/uploads\/2021\/08\/P1211883-Tingvall-Trio-Foto-TJ-Krebs-1.jpg?fit=1200%2C811&ssl=1&resize=700%2C400 2x, https:\/\/i0.wp.com\/www.jazzzeitung.de\/cms\/wp-content\/uploads\/2021\/08\/P1211883-Tingvall-Trio-Foto-TJ-Krebs-1.jpg?fit=1200%2C811&ssl=1&resize=1050%2C600 3x"},"classes":[]},{"id":25989,"url":"https:\/\/www.jazzzeitung.de\/cms\/2021\/10\/internationale-jazzfestival-ebe-jazz-der-pandemie-getrotzt\/","url_meta":{"origin":1528,"position":5},"title":"Internationale Jazzfestival EBE-JAZZ &#8211; der Pandemie getrotzt","author":"Thomas J. Krebs","date":"19. Oktober 2021","format":false,"excerpt":"Alle (zwei) Jahre wieder das internationale Jazzfestival EBE-JAZZ, seit 2015! Gl\u00fccklicherweise ist dieser Plan, Pandemie hin und her, auch diesmal wieder aufgegangen. Auch wenn nach der ersten Terminplanung f\u00fcr EBE-JAZZ 21, im November 2019, dann im Fr\u00fchjahr 2021, als man begann das konkrete Festivalprogramm zu planen, noch nicht wusste wie\u2026","rel":"","context":"In &quot;Bericht&quot;","block_context":{"text":"Bericht","link":"https:\/\/www.jazzzeitung.de\/cms\/thema\/bericht\/"},"img":{"alt_text":"","src":"https:\/\/i0.wp.com\/www.jazzzeitung.de\/cms\/wp-content\/uploads\/2021\/10\/P1354428-Helfrich-Trio-Ambrosetti-Enders-Foto-TJ-Krebs.jpg?fit=1200%2C811&ssl=1&resize=350%2C200","width":350,"height":200,"srcset":"https:\/\/i0.wp.com\/www.jazzzeitung.de\/cms\/wp-content\/uploads\/2021\/10\/P1354428-Helfrich-Trio-Ambrosetti-Enders-Foto-TJ-Krebs.jpg?fit=1200%2C811&ssl=1&resize=350%2C200 1x, https:\/\/i0.wp.com\/www.jazzzeitung.de\/cms\/wp-content\/uploads\/2021\/10\/P1354428-Helfrich-Trio-Ambrosetti-Enders-Foto-TJ-Krebs.jpg?fit=1200%2C811&ssl=1&resize=525%2C300 1.5x, https:\/\/i0.wp.com\/www.jazzzeitung.de\/cms\/wp-content\/uploads\/2021\/10\/P1354428-Helfrich-Trio-Ambrosetti-Enders-Foto-TJ-Krebs.jpg?fit=1200%2C811&ssl=1&resize=700%2C400 2x, https:\/\/i0.wp.com\/www.jazzzeitung.de\/cms\/wp-content\/uploads\/2021\/10\/P1354428-Helfrich-Trio-Ambrosetti-Enders-Foto-TJ-Krebs.jpg?fit=1200%2C811&ssl=1&resize=1050%2C600 3x"},"classes":[]}],"jetpack_sharing_enabled":true,"_links":{"self":[{"href":"https:\/\/www.jazzzeitung.de\/cms\/wp-json\/wp\/v2\/posts\/1528","targetHints":{"allow":["GET"]}}],"collection":[{"href":"https:\/\/www.jazzzeitung.de\/cms\/wp-json\/wp\/v2\/posts"}],"about":[{"href":"https:\/\/www.jazzzeitung.de\/cms\/wp-json\/wp\/v2\/types\/post"}],"author":[{"embeddable":true,"href":"https:\/\/www.jazzzeitung.de\/cms\/wp-json\/wp\/v2\/users\/4"}],"replies":[{"embeddable":true,"href":"https:\/\/www.jazzzeitung.de\/cms\/wp-json\/wp\/v2\/comments?post=1528"}],"version-history":[{"count":3,"href":"https:\/\/www.jazzzeitung.de\/cms\/wp-json\/wp\/v2\/posts\/1528\/revisions"}],"predecessor-version":[{"id":1730,"href":"https:\/\/www.jazzzeitung.de\/cms\/wp-json\/wp\/v2\/posts\/1528\/revisions\/1730"}],"wp:attachment":[{"href":"https:\/\/www.jazzzeitung.de\/cms\/wp-json\/wp\/v2\/media?parent=1528"}],"wp:term":[{"taxonomy":"category","embeddable":true,"href":"https:\/\/www.jazzzeitung.de\/cms\/wp-json\/wp\/v2\/categories?post=1528"},{"taxonomy":"post_tag","embeddable":true,"href":"https:\/\/www.jazzzeitung.de\/cms\/wp-json\/wp\/v2\/tags?post=1528"},{"taxonomy":"author","embeddable":true,"href":"https:\/\/www.jazzzeitung.de\/cms\/wp-json\/wp\/v2\/coauthors?post=1528"}],"curies":[{"name":"wp","href":"https:\/\/api.w.org\/{rel}","templated":true}]}}