{"id":15173,"date":"2018-03-04T12:00:38","date_gmt":"2018-03-04T11:00:38","guid":{"rendered":"https:\/\/www.jazzzeitung.de\/cms\/?p=15173"},"modified":"2018-02-26T20:34:03","modified_gmt":"2018-02-26T19:34:03","slug":"die-jazz-radiowoche-vom-05-03-bis-11-03-2018","status":"publish","type":"post","link":"https:\/\/www.jazzzeitung.de\/cms\/2018\/03\/die-jazz-radiowoche-vom-05-03-bis-11-03-2018\/","title":{"rendered":"Die Jazz-Radiowoche vom 05.03. bis 11.03.2018"},"content":{"rendered":"<p>Ein subjektiver Blick in die Jazzwoche 10 im Radio. Unter anderem mit: Trompeter Buck Clayton, Michael Wollny \u2013 Piano Solo, 60 Jahre NDR Jazzworkshop, Der Jazz und seine gl\u00fccklichen Momente, Cologne Contemporary Jazz Orchestra, Martin Luther King \u2013 Die B\u00fcrgerrechtsbewegung und der Jazz, Pianist Bobo Stenson, Jazzmusiker als Orchestratoren, Marsella Trio plays John Zorn, Tenorsaxofonist Ben Webster, Live von der 49. Internationalen Jazzwoche Burghausen, Tenorsaxofonist Mark Turner, Joachim K\u00fchn, Piano solo, Teil 2 und: Dieter Glawischnig zum 80. Geburtstag<\/p>\n<ul>\n<li>Die \u00dcbersicht zum <a href=\"https:\/\/service.conbrio.de\/service\/download\/278\/\">Download als PDF<\/a>.<\/li>\n<\/ul>\n<p>Alle Angaben ohne Gew\u00e4hr.<\/p>\n<hr \/>\n<h2>Jazz im Radio (Fernsehen)<\/h2>\n<ul>\n<li><strong>SR2<\/strong> \u2013 <a href=\"http:\/\/www.sr.de\/sr\/sr2\/sendungen_a-z\/uebersicht\/jazznow\/index.html\">JazzNow<\/a> \u2013 Sonntags von 20.04 bis 22.30 Uhr<\/li>\n<li><strong>BR-KLASSIK \u2013 <\/strong><a href=\"https:\/\/www.br-klassik.de\/themen\/jazz-und-weltmusik\/jazztime-die-ganze-welt-des-jazz-100.html\">Jazztime<\/a><strong> \u2013 <\/strong>Von Montag bis Freitag t\u00e4glich um 23.05 Uhr<\/li>\n<li><strong>rbb-kulturradio<\/strong> \u2013 <a href=\"https:\/\/www.kulturradio.de\/programm\/schema\/sendungen\/late_night_jazz.html\">Late Night Jazz<\/a> \u2013 Sa und So 23:04 \u2013 24:00 Uhr<\/li>\n<li><strong>hr2-kultur<\/strong> \u2013 <a href=\"http:\/\/www.hr2.de\/musik\/jazz\/index.html\">Jazz in hr2-kultur<\/a> \u2013 t\u00e4glich<\/li>\n<li><strong>SWR2<\/strong> \u2013 <a href=\"https:\/\/www.swr.de\/swr2\/programm\/sendungen\/jazz\/startseite-mit-vorschau\/-\/id=659242\/did=13778140\/nid=659242\/13ttn4d\/index.html\">Jazz<\/a> \u2013 t\u00e4glich<\/li>\n<li><strong>WDR3<\/strong> \u2013 <a href=\"http:\/\/www1.wdr.de\/radio\/wdr3\/programm\/sendungen\/wdr3-jazz-world\/index.html\">JAZZ &amp; WORLD<\/a> \u2013 Improvisiertes zum Tagesausklang \u2013 Montag bis Freitag, 22.04 \u2013 0:00 Uhr<\/li>\n<li><strong>Deutschlandfunk<\/strong> \u2013 <a href=\"http:\/\/www.deutschlandfunk.de\/jazz.747.de.html\">Jazz (\u00dcberblick)<\/a> \u2013 <a href=\"http:\/\/www.deutschlandfunk.de\/jazz-live.822.de.html\">Jazz Live<\/a>, <a href=\"http:\/\/www.deutschlandfunk.de\/jazzfacts.824.de.html\">JazzFacts<\/a> und <a href=\"http:\/\/www.deutschlandfunk.de\/milestones.1805.de.html\">Milestones<\/a><\/li>\n<li><strong>Deutschlandfunk Kultur<\/strong> \u2013 <a href=\"http:\/\/www.deutschlandfunkkultur.de\/jazz.1142.de.html\">Jazz<\/a> \u2013 diverse Sendetermine<\/li>\n<li><strong>ARTE TV<\/strong> \u2013 <a href=\"https:\/\/www.arte.tv\/de\/videos\/arte-concert\/jazz\/?xtor=AD-6-%5bMV_CFR_ARTE_DE_Google_GEN_GDN%5d-%5bGDN_GEN_Arte_Concerts_Jazz%5d-C-%5bjazz%20musik%5d\">Jazz<\/a><\/li>\n<\/ul>\n<hr \/>\n<h2>05.03.2018<\/h2>\n<hr \/>\n<p>17:50 bis 18:00 | SWR 2<br \/>\n<strong>SWR2 Jazz vor Sechs \u2013 Maike Hilbig: Matt<\/strong><\/p>\n<p>19:04 bis 20:00 | hr2-kultur<br \/>\n<strong>H\u00f6rbar: Musik grenzenlos<\/strong><\/p>\n<p>19:35 bis 20:00 | MDR Kultur<br \/>\n<strong>MDR KULTUR \u2013 Jazz Lounge: Toots Thielemans, Mundharp<\/strong><\/p>\n<p>22:04 bis 00:00 | WDR 3<br \/>\n<strong>WDR 3 Jazz &amp; World: Rock-A-Bye Basie \u2013 Der Trompeter Buck Clayton<\/strong><\/p>\n<p>22:05 bis 23:00 | NDR Info<br \/>\n<strong>Play Jazz! Das Jazzmagazin \u2013 Mit Michael Laages<\/strong><\/p>\n<p>22:30 bis 23:00 | hr2-kultur<br \/>\n<strong>Jazz Now: Aus dem Dschungel der Neuver\u00f6ffentlichungen<\/strong><\/p>\n<p style=\"padding-left: 30px;\">heute u.a. mit: Nicolas Masson: Travelers | Trempera!: Saturnalia | Am Mikrofon: Guenter Hottmann<\/p>\n<p>23:05 bis 00:00 | BR-KLASSIK<br \/>\n<strong>Jazztime: Jazztoday<\/strong><\/p>\n<p style=\"padding-left: 30px;\">Neues aus den USA: Henning Sieverts pr\u00e4sentiert CDs des Gitarristen Scott DuBois, des S\u00e4ngers und Altsaxophonisten Roy Nathanson und der beiden Trompeter Ron Miles und David Smith<\/p>\n<hr \/>\n<h2>06.03.2018<\/h2>\n<hr \/>\n<p>01:05 bis 05:00 | Deutschlandfunk Kultur<br \/>\n<strong>Tonart: Jazz \u2013 Moderation: Vincent Neumann<\/strong><\/p>\n<p>17:50 bis 18:00 | SWR 2<br \/>\n<strong>SWR2 Jazz vor Sechs \u2013 Mary Lou Williams, Suggs: J. B.&#8217;s Waltz<\/strong><\/p>\n<p>19:35 bis 20:00 | MDR Kultur<br \/>\n<strong>MDR KULTUR \u2013 Jazz Lounge: Mix<\/strong><\/p>\n<p>21:05 bis 22:00 | Deutschlandfunk<br \/>\n<strong>Jazz Live: Michael Wollny \u2013 Piano Solo<\/strong><\/p>\n<p style=\"padding-left: 30px;\">Aufnahme vom 2.11.2017 beim Jazzfest Berlin. Am Mikrofon: Odilo Clausnitzer. Der Pianist Michael Wollny ist der Star des kunstbewussten deutschen Jazz. Seine versponnene, durchaus nicht gef\u00e4llige, aber doch zutiefst romantische Musik machte ihn gleicherma\u00dfen zum Kritiker- wie zum Publikumsliebling der letzten zehn Jahre. Beim Jazzfest Berlin 2017 gab er eines seiner seltenen Solokonzerte. Bekannt wurde der 39-j\u00e4hrige Wahlleipziger vor allem mit seinen oft d\u00fcster angehauchten Trioaufnahmen und seinen Duo-Einspielungen mit Saxofonlegende Heinz Sauer. In Berlin durchma\u00df Wollny allein am Fl\u00fcgel seinen pers\u00f6nlichen Klangkosmos: Fast eine Dreiviertelstunde lang ging es ohne Pause in freier Improvisation von hingetupften pr\u00e4parierten Sounds \u00fcber elegische Harmonien und geh\u00e4mmerte Rhythmen bis zu flirrend expressiven Tonkaskaden. Das Publikum folgte ihm gebannt und hingerissen. ,Jazz Live&#8216; sendet das ungek\u00fcrzte Hauptst\u00fcck dieses Abends, erg\u00e4nzt um Kommentare von Michael Wollny.<\/p>\n<p>22:00 bis 00:00 | Bremen Zwei<br \/>\n<strong>Jazz Grooves<\/strong><\/p>\n<p style=\"padding-left: 30px;\">Die ganze Welt des Jazz. Blue Note, Big Band, Neuerscheinungen und bekannte Stars \u2013 und Tipps zum Konzertgeschehen in Bremen und der Region.<\/p>\n<p>22:04 bis 00:00 | WDR 3<br \/>\n<strong>WDR 3 Jazz &amp; World: \u00dcber Grenzen hinweg \u2013 60 Jahre NDR Jazzworkshop<\/strong><\/p>\n<p>22:05 bis 23:00 | NDR Info<br \/>\n<strong>Play Jazz! Das Jazzmagazin \u2013 Mit Michael Laages<\/strong><\/p>\n<p>22:30 bis 23:00 | hr2-kultur<br \/>\n<strong>Jazzgroove: An den R\u00e4ndern des Jazz<\/strong><\/p>\n<p style=\"padding-left: 30px;\">heute u.a. mit: Julian Lage: Modern Lore | No Jazz: Soul Stimulation | Am Mikrofon: Guenter Hottmann<\/p>\n<p>23:05 bis 00:00 | BR-KLASSIK<br \/>\n<strong>Jazztime: News &amp; Roots<\/strong><\/p>\n<p style=\"padding-left: 30px;\">Swinging News aus den USA: Henning Sieverts pr\u00e4sentiert aktuelle CDs des deutschen Bassisten und Wahl-Amerikaners Martin Wind und der Grammy gekr\u00f6nten S\u00e4ngerin Cecile McLorin Salvant.<\/p>\n<hr \/>\n<h2>07.03.2018<\/h2>\n<hr \/>\n<p>17:50 bis 18:00 | SWR 2<br \/>\n<strong>SWR2 Jazz vor Sechs \u2013 Anne Paceo: Y\u00f4ka\u00ef<\/strong><\/p>\n<p>19:05 bis 20:00 | BR-KLASSIK<br \/>\n<strong>Classic Sounds in Jazz: Sometimes I&#8217;m happy \u2013 Der Jazz und seine gl\u00fccklichen Momente<\/strong><\/p>\n<p style=\"padding-left: 30px;\">Aufnahmen mit Chet Baker, Nat King Cole, Irit Dekel &amp; Eldad Zitrin, Bill Evans, Joe Henderson &amp; Herbie Hancock, Bobby McFerrin, Christian Muthspiel 4, Sonny Rollins &amp; Abbey Lincoln und Sonny Stitt. Auswahl und Moderation: Beate Sampson<\/p>\n<p>19:35 bis 20:00 | MDR Kultur<br \/>\n<strong>MDR KULTUR \u2013 Jazz Lounge: Ben Webster, Saxophon<\/strong><\/p>\n<p>22:05 bis 23:00 | NDR Info<br \/>\n<strong>Play Jazz! Das Jazzmagazin \u2013 Mit Michael Laages<\/strong><\/p>\n<p>22:30 bis 23:00 | hr2-kultur<br \/>\n<strong>Jazzfacts: What&#8217;s going on?<\/strong><\/p>\n<p style=\"padding-left: 30px;\">Features, Interviews und was die Szene bewegt | Andreas Schaerer und \u201eA Novel Of Anomaly\u201c | Was sch(a)ert mich das Normale? \u2013 Vokal-Virtuose und Beat-Boxer Andreas Schaerer mit \u201eA Novel Of Anomaly\u201c. Am Mikrofon: Sarah Seidel<\/p>\n<p>23:05 bis 00:00 | BR-KLASSIK<br \/>\n<strong>Jazztime: Jazz aus N\u00fcrnberg: Jazz &amp; Beyond \u2013 \u201eFor you\u201c<\/strong><\/p>\n<p style=\"padding-left: 30px;\">Aufnahmen mit Thelonious Monk, C\u00e9line Rudolph, John Taylor und anderen. Moderation und Auswahl: Beatrix Gillmann<\/p>\n<p style=\"padding-left: 30px;\">Eigene Songs schreiben oder schon vorhandene nachsingen? Musikst\u00fccke entstehen oft aus dem Moment heraus f\u00fcr einen ganz bestimmten Menschen. Ob f\u00fcr Sohn, Tochter, Mutter, Vater oder die Liebste. Oder einfach nur, weil einem die Musik eines Interpreten besonders nahe ist. Die Berliner Jazz-S\u00e4ngerin C\u00e9line Rudolph etwa hat Lieder des Franzosen Henri Salvador neu interpretiert und sie daf\u00fcr teilweise selbst ins Deutsche \u00fcbersetzt. Obwohl sie den S\u00e4nger pers\u00f6nlich nie kennen lernte, teilt Rudolph mit ihm die Begeisterung f\u00fcr die M\u00e9lange aus Sehnsucht, Heimweh und viel Gef\u00fchl, die der Musik Salvadors innewohnt. Seelenverwandt f\u00fchlt sich die brasilianische Pianistin und S\u00e4ngerin Eliane Elias, wenn sie Kompositionen des Trompeters Chet Baker spielt. Und der Gitarrist John McLaughlin, der im letzten Jahr seinen 75. Geburtstag feierte, widmete eine komplette Platte John Coltrane. Der Saxophonist sei so etwas wie ein Guru f\u00fcr ihn gewesen. Auf andere Weise innig verbunden f\u00fchlte sich Pianist Thelonious Monk mit seiner Frau. Es kam vor, dass er unruhig wurde, wenn Nellie nicht mit in den Jazzclub gekommen war, in dem er auftrat. Manchmal, mitten im St\u00fcck, rief er zuhause an und brummte ins Telefon, schreibt Autor Konrad Heitkamp \u00fcber Monk. Der war wieder ans Klavier zur\u00fcckgekehrt und lie\u00df sie h\u00f6ren, was er spielte: \u201eCrepuscule with Nellie\u201c. Er warf noch eine M\u00fcnze in den Fernsprecher: \u201eBist Du noch dran, Nellie?\u201c \u2013 \u201eEs ist wundersch\u00f6n, Thelonious!\u201c<\/p>\n<p style=\"padding-left: 30px;\">\u201eFor you\u201c \u2013 ausgew\u00e4hlte musikalische Widmungen, zusammengestellt von Beatrix Gillmann, heute in der Stunde vor Mitternacht.<\/p>\n<hr \/>\n<h2>08.03.2018<\/h2>\n<hr \/>\n<p>17:50 bis 18:00 | SWR 2<br \/>\n<strong>SWR2 Jazz vor Sechs \u2013 Kenneth Casey sen., Maceo Pinkard: Sweet Georgia Brown<\/strong><\/p>\n<p>19:35 bis 20:00 | MDR Kultur<br \/>\n<strong>MDR KULTUR \u2013 Jazz Lounge<\/strong><\/p>\n<p>20:04 bis 22:00 | WDR 3<br \/>\n<strong>WDR 3 Konzert: Das Cologne Contemporary Jazz Orchestra beim WDR 3 Jazzfest 2018 in G\u00fctersloh<\/strong><\/p>\n<p>21:00 bis 22:00 | MDR Kultur<br \/>\n<strong>MDR KULTUR \u2013 Jazz: Martin Luther King \u2013 Die B\u00fcrgerrechtsbewegung und der Jazz<\/strong><\/p>\n<p>21:03 bis 22:00 | SWR 2<br \/>\n<strong>SWR2 NOWJazz: Magazin \u2013 Von Harry Lachner<\/strong><\/p>\n<p style=\"padding-left: 30px;\">Neues aus der Welt des Jazz wird im NOWJazz Magazin von SWR2 regelm\u00e4\u00dfig pr\u00e4sentiert. Wie immer erwarten Sie in dieser Sendung Informationen \u00fcber bevorstehende Events, Rezensionen \u00fcber Festivals, Buchbesprechungen und jede Menge brandneuer Alben. Wir bringen unter anderem einen Vorbericht zu den Theaterhaus Jazztagen, die zum 31. Mal in Stuttgart \u00fcber die B\u00fchne gehen.<\/p>\n<p>21:05 bis 22:00 | Deutschlandfunk<br \/>\n<strong>JazzFacts: Neues von der Improvisierten Musik<\/strong><\/p>\n<p style=\"padding-left: 30px;\">Am Mikrofon: Michael Engelbrecht<\/p>\n<p>22:05 bis 23:00 | NDR Info<br \/>\n<strong>Play Jazz! Das Jazzmagazin \u2013 Mit Michael Laages<\/strong><\/p>\n<p>22:30 bis 23:00 | hr2-kultur<br \/>\n<strong>Jazz Now: Aus dem Dschungel der Neuver\u00f6ffentlichungen<\/strong><\/p>\n<p style=\"padding-left: 30px;\">Am Mikrofon: Guenter Hottmann. heute mit: Brad Mehldau: After Bach | Escape Argot: Still Writing Letters | Denis G\u00e4bel w\/ Kevin Hays \/ Scott Colley \/ Clarence Penn: The Good Spirits | Owen Broder: Heritage \u2013 The American Roots Project w\/ Sara Caswell &amp; Matt Wilson |<\/p>\n<p>23:05 bis 00:00 | BR-KLASSIK<br \/>\n<strong>Jazztime: All that Jazz \u2013 Mit Ralf Dombrowski<\/strong><\/p>\n<hr \/>\n<h2>09.03.2018<\/h2>\n<hr \/>\n<p>17:50 bis 18:00 | SWR 2<br \/>\n<strong>SWR2 Jazz vor Sechs \u2013 Leyla McCalla: A day for the hunter, a day for the prey<\/strong><\/p>\n<p>19:35 bis 20:00 | MDR Kultur<br \/>\n<strong>MDR KULTUR \u2013 Jazz Lounge: Best Of Gipsy Swing<\/strong><\/p>\n<p>22:04 bis 00:00 | WDR 3<br \/>\n<strong>WDR 3 Jazz &amp; World: Kantable Tastenkl\u00e4nge \u2013 Der Pianist Bobo Stenson<\/strong><\/p>\n<p>22:05 bis 23:00 | NDR Info<br \/>\n<strong>Jazz Special: Sebastian Sternal, Frederik K\u00f6ster \u2013 Jazzmusiker als Orchestratoren<\/strong><\/p>\n<p style=\"padding-left: 30px;\">Mit Jan Tengeler. Sebastian Sternal und Frederik K\u00f6ster geh\u00f6ren mittlerweile zu den festen Gr\u00f6\u00dfen der deutschen Jazzszene. Sternal ist Pianist, K\u00f6ster Trompeter, beide tun sich nicht nur als Instrumentalisten, sondern auch als Komponisten und Arrangeure hervor. Sternal schafft bereits seit sieben Jahren eine \u00fcberzeugende Mischung aus Klassik und Jazz mit seiner \u201eSternal Symphonic Society\u201c. Seine \u201esymphonische Combo\u201c bestehend aus Rhythmusgruppe, einer vierk\u00f6pfigen Bl\u00e4sersektion sowieso einem Streichquartett. Auch Frederik K\u00f6ster hat das weite Feld der Klassik betreten: Auf seiner j\u00fcngst erschienenen \u201eHomeward Bound Suite\u201c bindet er sein Jazzquartett in einen gro\u00dfes Sinfonieorchester ein. Mit der Hilfe von Sebastian Sternal, der auch in seinem Quartett spielt. Aber wie passen die Ideen von Improvisation und Flexibilit\u00e4t zur Farbenpracht des gro\u00dfen Klangk\u00f6rpers? Gibt es so etwas wie die rhythmische Beh\u00e4bigkeit eines Orchesters und wenn ja: Wie l\u00e4sst sie sich beheben? K\u00f6ster und Sternal sprechen \u00fcber ihre Erfahrungen als Jazzmusiker in der Rolle des klassischen Orchestrators und geben ausgew\u00e4hlte Klangbeispiele.<\/p>\n<p>22:30 bis 23:00 | hr2-kultur<br \/>\n<strong>Swingtime mit Bill Ramsey: As time goes by | Ein Jahrhundert in Schwingungen<\/strong><\/p>\n<p style=\"padding-left: 30px;\">Am Mikrofon: Bill Ramsey. Bill Ramsey \u2013 S\u00e4nger, Entertainer und selbst Teil der Jazzgeschichte in Deutschland nach dem Krieg \u2013 pr\u00e4sentiert ein Jahrhundert in Schwingungen. Es geht dabei nat\u00fcrlich um musikalische Vibrationen,\u00a0 um Ersch\u00fctterungen des Weltgef\u00fcges \u2013 es sei denn diese sind musikalischer Natur.\u00a0 Und wenn der \u201epulse\u201c so richtig pocht und treibt, dann stellt sich nicht selten ein vertrautes Gef\u00fchl ein: Wie doch die Zeit vergeht!<\/p>\n<p>23:05 bis 00:00 | BR-KLASSIK<br \/>\n<strong>Jazztime: Jazz auf Reisen \u2013 live<\/strong><\/p>\n<p style=\"padding-left: 30px;\">Live-Musik von der Internationalen Jazzwoche Burghausen. Mit Manu Dibangos \u201eAfricadelik\u201c und dem Quartett des Saxophonisten Don Menza. Moderation und Auswahl: Ulrich Habersetzer und Roland Spiegel<\/p>\n<p>23:30 bis 00:00 | SWR 2<br \/>\n<strong>SWR2 NOWJazz Update: Sonic Wilderness<\/strong><\/p>\n<p style=\"padding-left: 30px;\">Von Julia Neupert. Diese Reihe auf dem freit\u00e4glichen NOWJazz Update Sendeplatz f\u00fchrt in abenteuerliche Zwischenwelten des Jazz. Ob Improvisation, Electronica, Klangkunst, Noise oder Rock \u2013 f\u00fcr die atmosph\u00e4rischen Mixes gibt es nur eine Regel: Die Lust am musikalischen Abenteuer muss h\u00f6rbar sein.<\/p>\n<hr \/>\n<h2>10.03.2018<\/h2>\n<hr \/>\n<p>17:05 bis 17:55 | Bayern 2<br \/>\n<strong>Jazz &amp; Politik: Politisches Feuilleton<\/strong><\/p>\n<p>19:04 bis 20:00 | hr2-kultur<br \/>\n<strong>Live Jazz: Brian Marsella Trio plays John Zorn | Jazzfestival Saalfelden 2017<\/strong><\/p>\n<p>19:30 bis 20:00 | MDR Kultur<br \/>\n<strong>MDR KULTUR \u2013 Jazz Lounge: Mix<\/strong><\/p>\n<p>20:15 bis 21:00 | NDR Info<br \/>\n<strong>Jazz Klassiker: H\u00f6rerw\u00fcnsche<\/strong><\/p>\n<p style=\"padding-left: 30px;\">Mit Marianne Therstappen. Von Blues und Swing bis Bebop, Funk und Weltmusik, von den Sch\u00e4tzen aus den NDR Studios bis zu mitrei\u00dfenden Festival-Aufnahmen \u2013 alles ist m\u00f6glich und alles auf Wunsch. Einmal im Monat, am Sonnabend von 20:15 bis 21 Uhr, pr\u00e4sentiert Marianne Therstappen in ihrer Sendung auf NDR Info, was sich die H\u00f6rer f\u00fcr ihr Jazzprogramm ausgesucht haben.<\/p>\n<p>22:03 bis 23:00 | SWR 2<br \/>\n<strong>SWR2 Jazztime: Bites And Ballads \u2013 Eine Wanderung durch die Klangwelt des Tenorsaxofonisten Ben Webster<\/strong><\/p>\n<p style=\"padding-left: 30px;\">Von Bert Noglik. Er spielte mit Rasanz und Furor, aber auch mit einer emotionale Hingabe, die oft als erotisch beschrieben wurde. Ben Webster, geboren 1909 in Kansas City, begann sich im Spannungsfeld von Coleman Hawkins und Leser Young zu orientierten und profilierte sich schlie\u00dflich selbst zu einem der gro\u00dfen Tenorsaxofonisten des Jazz, zu einem der \u201eBig Three\u201c. In der Familienband der Youngs spielte er zun\u00e4chst Altsaxofon und wechselte dann zum Tenorinstrument, dessen Sonorit\u00e4t seinem Wesen und seinem Ausdruck am besten entsprach. Als Solist der Band von Duke Ellington schrieb er ebenso Jazzgeschichte wie mit eigenen Gruppen, mit wechselnden musikalischen Partnern und als einer der Stars von \u201eJazz At The Philhamonic\u201c. Sein Spiel glich mal dem Durchsetzungsverm\u00f6gen eines Preisboxers, mal dem Werben eines z\u00e4rtlichen Liebhabers. Ben Webster, der die letzten Jahre seines Lebens in Europa verbrachte und zahlreiche Musiker zur Nachahmung inspirierte, bleibt eines der unerreichten Originale des Jazz \u2013 mit kr\u00e4chzendem Vibrato ebenso wie mit hingehauchten Balladen.<\/p>\n<p>22:04 bis 00:00 | WDR 3<br \/>\n<strong>WDR 3 Open Sounds<\/strong><\/p>\n<p>22:05 bis 02:00 | Bayern 2<br \/>\n<strong>radioJazznacht extra: Live von der 49. Internationalen Jazzwoche Burghausen<\/strong><\/p>\n<p style=\"padding-left: 30px;\">Musik und Hintergr\u00fcnde. Unter anderem mit Avishai Cohen Trio, Jazzrausch Bigband, Manu Dibango \u2013 \u201eAfricadelik\u201c, Wolfgang Haffner &amp; Band, Vincent Peirani Quintett, Marius Neset, Blood, Sweat &amp; Tears sowie dem Sieger des 10. Europ\u00e4ischen Burghauser Nachwuchs-Jazzpreises 2018. Moderation: Ulrich Habersetzer und Roland Spiegel<\/p>\n<hr \/>\n<h2>11.03.2018<\/h2>\n<hr \/>\n<p>19:04 bis 20:0 | hr2-kultur<br \/>\n<strong>hr-Bigband: Konzerte und Produktionen u.a. mit: \u201eColtrane, Zawinul, Marsalis &amp; More\u201c: hr-Bigband, cond. &amp; arr. by Jim McNeely<\/strong><\/p>\n<p style=\"padding-left: 30px;\">Der Meister-Arrangeur McNeely verkleidet die Giganten \u2013 und seine orchestralen Gew\u00e4nder \u201esitzen wie ein Ma\u00dfanzug von Armani\u201c (Richie Beirach). Am Mikrofon: Daniella Baumeister<\/p>\n<p>19:23 bis 20:00 | SWR 2<br \/>\n<strong>SWR2 Jazz: Flying Up \u2013 Der Tenorsaxofonist Mark Turner<\/strong><\/p>\n<p style=\"padding-left: 30px;\">Von Hans-J\u00fcrgen Schaal. Mark Turner ist anders: Konsequent wie kein anderer Saxophonist seiner Generation wandelt der Amerikaner auf den Spuren von stilistischen Au\u00dfenseitern wie Warne Marsh und Lee Konitz. Turners Ton ist leicht, seine Linien flattern umher wie schwerelose Girlanden, sein Saxophon kennt lichtdurchflutete H\u00f6hen. Zu diesen luftigen Abenteuern passt Turners Herkunft: Er wurde auf einer Luftwaffenbasis in Ohio geboren, sein Vater war Captain der US Air Force; Mark Turners aktuelle Band tr\u00e4gt den Namen \u201eFly\u201c. \u201eEr spielt nicht extrovertiert\u201c, sagt der Gitarrist Kurt Rosenwinkel \u00fcber ihn. \u201eWas er abliefert, ist wie ein wundersch\u00f6nes, reines Objekt im Innern eines Prismas. Es ist spirituell, aber geerdet; es ist luftig, aber es handelt nicht von Menschen.\u201c (Produktion 2014)<\/p>\n<p>20:04 bis 22:30 | SR2 KulturRadio<br \/>\n<strong>JazzNow: Jazz live with friends \u2013 Joachim K\u00fchn, Piano solo, Teil 2<\/strong><\/p>\n<p style=\"padding-left: 30px;\">Mit Johannes Kloth. Aufnahme vom 16. November 2017 in der Illipse, Illingen<\/p>\n<p>22:05 bis 23:00 | NDR Info<br \/>\n<strong>Jazz NDR Bigband: Dieter Glawischnig zum 80. Geburtstag<\/strong><\/p>\n<p style=\"padding-left: 30px;\">Mit Henry Altmann.\u00a0 Am 7. M\u00e4rz 2018 wird Dieter Glawischnig 80 Jahre alt \u2013 durch und mit ihm als Chefdirigent ist die NDR Bigband in die Reihe der profiliertesten Bigbands weltweit aufgestiegen. Ganze 35 Jahre hatte Dieter Glawischnig diesen Posten inne. In Graz aufgewachsen, sammelte Glawischnig erste Erfahrungen im gro\u00dfen Orchester, noch als Posaunist. Dann aber \u00fcbernahm er entscheidende Funktionen bei der Gr\u00fcndung des ersten europ\u00e4ischen Jazz-Studiengangs in der Heimatstadt. Verschiedene Formen und die Folgen des \u201eFree Jazz\u201c markierten die Epoche \u2013 und stets war Glawischnig mittendrin. Henry Altmann gratuliert.<\/p>\n","protected":false},"excerpt":{"rendered":"<p>Ein subjektiver Blick in die Jazzwoche 10 im Radio. Unter anderem mit: Trompeter Buck Clayton, Michael Wollny \u2013 Piano Solo, 60 Jahre NDR Jazzworkshop, Der Jazz und seine gl\u00fccklichen Momente, Cologne Contemporary Jazz Orchestra, Martin Luther King \u2013 Die B\u00fcrgerrechtsbewegung und der Jazz, Pianist Bobo Stenson, Jazzmusiker als Orchestratoren, Marsella Trio plays John Zorn, Tenorsaxofonist Ben Webster, Live von der 49. Internationalen Jazzwoche Burghausen, Tenorsaxofonist Mark Turner, Joachim K\u00fchn, Piano solo, Teil 2 und: Dieter Glawischnig zum 80. Geburtstag Die \u00dcbersicht zum Download als PDF. Alle Angaben ohne Gew\u00e4hr. Jazz im Radio (Fernsehen) SR2 \u2013 JazzNow \u2013 Sonntags von 20.04 bis 22.30 Uhr BR-KLASSIK \u2013 Jazztime \u2013 Von Montag bis Freitag t\u00e4glich um 23.05 Uhr rbb-kulturradio \u2013 Late Night Jazz \u2013 Sa und So 23:04 \u2013 24:00 Uhr hr2-kultur \u2013 Jazz in hr2-kultur \u2013 t\u00e4glich SWR2 \u2013 Jazz \u2013 t\u00e4glich WDR3 \u2013 JAZZ &amp; WORLD \u2013 Improvisiertes zum Tagesausklang \u2013 Montag bis Freitag, 22.04 \u2013 0:00 Uhr Deutschlandfunk \u2013 Jazz (\u00dcberblick) \u2013 Jazz Live, JazzFacts und Milestones Deutschlandfunk Kultur \u2013 Jazz \u2013 diverse Sendetermine ARTE TV \u2013 Jazz 05.03.2018 17:50 bis 18:00 | SWR 2 &hellip;<\/p>\n","protected":false},"author":1,"featured_media":13661,"comment_status":"open","ping_status":"closed","sticky":false,"template":"","format":"standard","meta":{"_jetpack_memberships_contains_paid_content":false,"footnotes":"","jetpack_publicize_message":"","jetpack_publicize_feature_enabled":true,"jetpack_social_post_already_shared":false,"jetpack_social_options":{"image_generator_settings":{"template":"highway","default_image_id":0,"font":"","enabled":false},"version":2}},"categories":[633,452],"tags":[1629],"coauthors":[650],"class_list":["post-15173","post","type-post","status-publish","format-standard","has-post-thumbnail","hentry","category-nachrichten","category-radio","tag-jazz-im-radio"],"yoast_head":"<!-- This site is optimized with the Yoast SEO plugin v27.5 - https:\/\/yoast.com\/product\/yoast-seo-wordpress\/ -->\n<title>Die Jazz-Radiowoche vom 05.03. bis 11.03.2018 - JazzZeitung<\/title>\n<meta name=\"robots\" content=\"index, follow, max-snippet:-1, max-image-preview:large, max-video-preview:-1\" \/>\n<link rel=\"canonical\" href=\"https:\/\/www.jazzzeitung.de\/cms\/2018\/03\/die-jazz-radiowoche-vom-05-03-bis-11-03-2018\/\" \/>\n<meta property=\"og:locale\" content=\"de_DE\" \/>\n<meta property=\"og:type\" content=\"article\" \/>\n<meta property=\"og:title\" content=\"Die Jazz-Radiowoche vom 05.03. bis 11.03.2018 - JazzZeitung\" \/>\n<meta property=\"og:description\" content=\"Ein subjektiver Blick in die Jazzwoche 10 im Radio. Unter anderem mit: Trompeter Buck Clayton, Michael Wollny \u2013 Piano Solo, 60 Jahre NDR Jazzworkshop, Der Jazz und seine gl\u00fccklichen Momente, Cologne Contemporary Jazz Orchestra, Martin Luther King \u2013 Die B\u00fcrgerrechtsbewegung und der Jazz, Pianist Bobo Stenson, Jazzmusiker als Orchestratoren, Marsella Trio plays John Zorn, Tenorsaxofonist Ben Webster, Live von der 49. Internationalen Jazzwoche Burghausen, Tenorsaxofonist Mark Turner, Joachim K\u00fchn, Piano solo, Teil 2 und: Dieter Glawischnig zum 80. Geburtstag Die \u00dcbersicht zum Download als PDF. Alle Angaben ohne Gew\u00e4hr. Jazz im Radio (Fernsehen) SR2 \u2013 JazzNow \u2013 Sonntags von 20.04 bis 22.30 Uhr BR-KLASSIK \u2013 Jazztime \u2013 Von Montag bis Freitag t\u00e4glich um 23.05 Uhr rbb-kulturradio \u2013 Late Night Jazz \u2013 Sa und So 23:04 \u2013 24:00 Uhr hr2-kultur \u2013 Jazz in hr2-kultur \u2013 t\u00e4glich SWR2 \u2013 Jazz \u2013 t\u00e4glich WDR3 \u2013 JAZZ &amp; WORLD \u2013 Improvisiertes zum Tagesausklang \u2013 Montag bis Freitag, 22.04 \u2013 0:00 Uhr Deutschlandfunk \u2013 Jazz (\u00dcberblick) \u2013 Jazz Live, JazzFacts und Milestones Deutschlandfunk Kultur \u2013 Jazz \u2013 diverse Sendetermine ARTE TV \u2013 Jazz 05.03.2018 17:50 bis 18:00 | SWR 2 &hellip;\" \/>\n<meta property=\"og:url\" content=\"https:\/\/www.jazzzeitung.de\/cms\/2018\/03\/die-jazz-radiowoche-vom-05-03-bis-11-03-2018\/\" \/>\n<meta property=\"og:site_name\" content=\"JazzZeitung\" \/>\n<meta property=\"article:publisher\" content=\"https:\/\/www.facebook.com\/JazzZeitung\/\" \/>\n<meta property=\"article:author\" content=\"https:\/\/www.facebook.com\/hufner\" \/>\n<meta property=\"article:published_time\" content=\"2018-03-04T11:00:38+00:00\" \/>\n<meta property=\"og:image\" content=\"https:\/\/i0.wp.com\/www.jazzzeitung.de\/cms\/wp-content\/uploads\/2017\/10\/radio-jazz-neu.jpg?fit=2048%2C1536&ssl=1\" \/>\n\t<meta property=\"og:image:width\" content=\"2048\" \/>\n\t<meta property=\"og:image:height\" content=\"1536\" \/>\n\t<meta property=\"og:image:type\" content=\"image\/jpeg\" \/>\n<meta name=\"author\" content=\"Martin Hufner\" \/>\n<script type=\"application\/ld+json\" class=\"yoast-schema-graph\">{\"@context\":\"https:\\\/\\\/schema.org\",\"@graph\":[{\"@type\":\"Article\",\"@id\":\"https:\\\/\\\/www.jazzzeitung.de\\\/cms\\\/2018\\\/03\\\/die-jazz-radiowoche-vom-05-03-bis-11-03-2018\\\/#article\",\"isPartOf\":{\"@id\":\"https:\\\/\\\/www.jazzzeitung.de\\\/cms\\\/2018\\\/03\\\/die-jazz-radiowoche-vom-05-03-bis-11-03-2018\\\/\"},\"author\":{\"name\":\"Martin Hufner\",\"@id\":\"https:\\\/\\\/www.jazzzeitung.de\\\/cms\\\/#\\\/schema\\\/person\\\/b9a4e5ac765d94fb8f617bfa8f1fc5f7\"},\"headline\":\"Die Jazz-Radiowoche vom 05.03. bis 11.03.2018\",\"datePublished\":\"2018-03-04T11:00:38+00:00\",\"mainEntityOfPage\":{\"@id\":\"https:\\\/\\\/www.jazzzeitung.de\\\/cms\\\/2018\\\/03\\\/die-jazz-radiowoche-vom-05-03-bis-11-03-2018\\\/\"},\"wordCount\":2184,\"commentCount\":0,\"publisher\":{\"@id\":\"https:\\\/\\\/www.jazzzeitung.de\\\/cms\\\/#organization\"},\"image\":{\"@id\":\"https:\\\/\\\/www.jazzzeitung.de\\\/cms\\\/2018\\\/03\\\/die-jazz-radiowoche-vom-05-03-bis-11-03-2018\\\/#primaryimage\"},\"thumbnailUrl\":\"https:\\\/\\\/i0.wp.com\\\/www.jazzzeitung.de\\\/cms\\\/wp-content\\\/uploads\\\/2017\\\/10\\\/radio-jazz-neu.jpg?fit=2048%2C1536&ssl=1\",\"keywords\":[\"Jazz im Radio\"],\"articleSection\":[\"News\",\"Radio\"],\"inLanguage\":\"de\",\"potentialAction\":[{\"@type\":\"CommentAction\",\"name\":\"Comment\",\"target\":[\"https:\\\/\\\/www.jazzzeitung.de\\\/cms\\\/2018\\\/03\\\/die-jazz-radiowoche-vom-05-03-bis-11-03-2018\\\/#respond\"]}]},{\"@type\":\"WebPage\",\"@id\":\"https:\\\/\\\/www.jazzzeitung.de\\\/cms\\\/2018\\\/03\\\/die-jazz-radiowoche-vom-05-03-bis-11-03-2018\\\/\",\"url\":\"https:\\\/\\\/www.jazzzeitung.de\\\/cms\\\/2018\\\/03\\\/die-jazz-radiowoche-vom-05-03-bis-11-03-2018\\\/\",\"name\":\"Die Jazz-Radiowoche vom 05.03. bis 11.03.2018 - JazzZeitung\",\"isPartOf\":{\"@id\":\"https:\\\/\\\/www.jazzzeitung.de\\\/cms\\\/#website\"},\"primaryImageOfPage\":{\"@id\":\"https:\\\/\\\/www.jazzzeitung.de\\\/cms\\\/2018\\\/03\\\/die-jazz-radiowoche-vom-05-03-bis-11-03-2018\\\/#primaryimage\"},\"image\":{\"@id\":\"https:\\\/\\\/www.jazzzeitung.de\\\/cms\\\/2018\\\/03\\\/die-jazz-radiowoche-vom-05-03-bis-11-03-2018\\\/#primaryimage\"},\"thumbnailUrl\":\"https:\\\/\\\/i0.wp.com\\\/www.jazzzeitung.de\\\/cms\\\/wp-content\\\/uploads\\\/2017\\\/10\\\/radio-jazz-neu.jpg?fit=2048%2C1536&ssl=1\",\"datePublished\":\"2018-03-04T11:00:38+00:00\",\"breadcrumb\":{\"@id\":\"https:\\\/\\\/www.jazzzeitung.de\\\/cms\\\/2018\\\/03\\\/die-jazz-radiowoche-vom-05-03-bis-11-03-2018\\\/#breadcrumb\"},\"inLanguage\":\"de\",\"potentialAction\":[{\"@type\":\"ReadAction\",\"target\":[\"https:\\\/\\\/www.jazzzeitung.de\\\/cms\\\/2018\\\/03\\\/die-jazz-radiowoche-vom-05-03-bis-11-03-2018\\\/\"]}]},{\"@type\":\"ImageObject\",\"inLanguage\":\"de\",\"@id\":\"https:\\\/\\\/www.jazzzeitung.de\\\/cms\\\/2018\\\/03\\\/die-jazz-radiowoche-vom-05-03-bis-11-03-2018\\\/#primaryimage\",\"url\":\"https:\\\/\\\/i0.wp.com\\\/www.jazzzeitung.de\\\/cms\\\/wp-content\\\/uploads\\\/2017\\\/10\\\/radio-jazz-neu.jpg?fit=2048%2C1536&ssl=1\",\"contentUrl\":\"https:\\\/\\\/i0.wp.com\\\/www.jazzzeitung.de\\\/cms\\\/wp-content\\\/uploads\\\/2017\\\/10\\\/radio-jazz-neu.jpg?fit=2048%2C1536&ssl=1\",\"width\":2048,\"height\":1536,\"caption\":\"Jazz im Radio\"},{\"@type\":\"BreadcrumbList\",\"@id\":\"https:\\\/\\\/www.jazzzeitung.de\\\/cms\\\/2018\\\/03\\\/die-jazz-radiowoche-vom-05-03-bis-11-03-2018\\\/#breadcrumb\",\"itemListElement\":[{\"@type\":\"ListItem\",\"position\":1,\"name\":\"Startseite\",\"item\":\"https:\\\/\\\/www.jazzzeitung.de\\\/cms\\\/\"},{\"@type\":\"ListItem\",\"position\":2,\"name\":\"Die Jazz-Radiowoche vom 05.03. bis 11.03.2018\"}]},{\"@type\":\"WebSite\",\"@id\":\"https:\\\/\\\/www.jazzzeitung.de\\\/cms\\\/#website\",\"url\":\"https:\\\/\\\/www.jazzzeitung.de\\\/cms\\\/\",\"name\":\"JazzZeitung\",\"description\":\"Jazz-News und Jazz-Kontroverses\",\"publisher\":{\"@id\":\"https:\\\/\\\/www.jazzzeitung.de\\\/cms\\\/#organization\"},\"potentialAction\":[{\"@type\":\"SearchAction\",\"target\":{\"@type\":\"EntryPoint\",\"urlTemplate\":\"https:\\\/\\\/www.jazzzeitung.de\\\/cms\\\/?s={search_term_string}\"},\"query-input\":{\"@type\":\"PropertyValueSpecification\",\"valueRequired\":true,\"valueName\":\"search_term_string\"}}],\"inLanguage\":\"de\"},{\"@type\":\"Organization\",\"@id\":\"https:\\\/\\\/www.jazzzeitung.de\\\/cms\\\/#organization\",\"name\":\"JazzZeitung online\",\"url\":\"https:\\\/\\\/www.jazzzeitung.de\\\/cms\\\/\",\"logo\":{\"@type\":\"ImageObject\",\"inLanguage\":\"de\",\"@id\":\"https:\\\/\\\/www.jazzzeitung.de\\\/cms\\\/#\\\/schema\\\/logo\\\/image\\\/\",\"url\":\"https:\\\/\\\/i0.wp.com\\\/www.jazzzeitung.de\\\/cms\\\/wp-content\\\/uploads\\\/2015\\\/08\\\/JAZZZEITUNGDE_Logo_Neu.png?fit=499%2C200&ssl=1\",\"contentUrl\":\"https:\\\/\\\/i0.wp.com\\\/www.jazzzeitung.de\\\/cms\\\/wp-content\\\/uploads\\\/2015\\\/08\\\/JAZZZEITUNGDE_Logo_Neu.png?fit=499%2C200&ssl=1\",\"width\":499,\"height\":200,\"caption\":\"JazzZeitung online\"},\"image\":{\"@id\":\"https:\\\/\\\/www.jazzzeitung.de\\\/cms\\\/#\\\/schema\\\/logo\\\/image\\\/\"},\"sameAs\":[\"https:\\\/\\\/www.facebook.com\\\/JazzZeitung\\\/\"]},{\"@type\":\"Person\",\"@id\":\"https:\\\/\\\/www.jazzzeitung.de\\\/cms\\\/#\\\/schema\\\/person\\\/b9a4e5ac765d94fb8f617bfa8f1fc5f7\",\"name\":\"Martin Hufner\",\"image\":{\"@type\":\"ImageObject\",\"inLanguage\":\"de\",\"@id\":\"https:\\\/\\\/i0.wp.com\\\/www.jazzzeitung.de\\\/cms\\\/wp-content\\\/uploads\\\/2013\\\/07\\\/huf-06.jpg?resize=96%2C96&ssl=15fcc31aa94540751a3b804516452be00\",\"url\":\"https:\\\/\\\/i0.wp.com\\\/www.jazzzeitung.de\\\/cms\\\/wp-content\\\/uploads\\\/2013\\\/07\\\/huf-06.jpg?resize=96%2C96&ssl=1\",\"contentUrl\":\"https:\\\/\\\/i0.wp.com\\\/www.jazzzeitung.de\\\/cms\\\/wp-content\\\/uploads\\\/2013\\\/07\\\/huf-06.jpg?resize=96%2C96&ssl=1\",\"caption\":\"Martin Hufner\"},\"description\":\"Martin Hufner ist freier Autor der JazzZeitung.\",\"sameAs\":[\"https:\\\/\\\/www.kritische-masse.de\\\/logbuch\",\"https:\\\/\\\/www.facebook.com\\\/hufner\"],\"url\":\"https:\\\/\\\/www.jazzzeitung.de\\\/cms\\\/author\\\/admin\\\/\"}]}<\/script>\n<!-- \/ Yoast SEO plugin. -->","yoast_head_json":{"title":"Die Jazz-Radiowoche vom 05.03. bis 11.03.2018 - JazzZeitung","robots":{"index":"index","follow":"follow","max-snippet":"max-snippet:-1","max-image-preview":"max-image-preview:large","max-video-preview":"max-video-preview:-1"},"canonical":"https:\/\/www.jazzzeitung.de\/cms\/2018\/03\/die-jazz-radiowoche-vom-05-03-bis-11-03-2018\/","og_locale":"de_DE","og_type":"article","og_title":"Die Jazz-Radiowoche vom 05.03. bis 11.03.2018 - JazzZeitung","og_description":"Ein subjektiver Blick in die Jazzwoche 10 im Radio. Unter anderem mit: Trompeter Buck Clayton, Michael Wollny \u2013 Piano Solo, 60 Jahre NDR Jazzworkshop, Der Jazz und seine gl\u00fccklichen Momente, Cologne Contemporary Jazz Orchestra, Martin Luther King \u2013 Die B\u00fcrgerrechtsbewegung und der Jazz, Pianist Bobo Stenson, Jazzmusiker als Orchestratoren, Marsella Trio plays John Zorn, Tenorsaxofonist Ben Webster, Live von der 49. Internationalen Jazzwoche Burghausen, Tenorsaxofonist Mark Turner, Joachim K\u00fchn, Piano solo, Teil 2 und: Dieter Glawischnig zum 80. Geburtstag Die \u00dcbersicht zum Download als PDF. Alle Angaben ohne Gew\u00e4hr. Jazz im Radio (Fernsehen) SR2 \u2013 JazzNow \u2013 Sonntags von 20.04 bis 22.30 Uhr BR-KLASSIK \u2013 Jazztime \u2013 Von Montag bis Freitag t\u00e4glich um 23.05 Uhr rbb-kulturradio \u2013 Late Night Jazz \u2013 Sa und So 23:04 \u2013 24:00 Uhr hr2-kultur \u2013 Jazz in hr2-kultur \u2013 t\u00e4glich SWR2 \u2013 Jazz \u2013 t\u00e4glich WDR3 \u2013 JAZZ &amp; WORLD \u2013 Improvisiertes zum Tagesausklang \u2013 Montag bis Freitag, 22.04 \u2013 0:00 Uhr Deutschlandfunk \u2013 Jazz (\u00dcberblick) \u2013 Jazz Live, JazzFacts und Milestones Deutschlandfunk Kultur \u2013 Jazz \u2013 diverse Sendetermine ARTE TV \u2013 Jazz 05.03.2018 17:50 bis 18:00 | SWR 2 &hellip;","og_url":"https:\/\/www.jazzzeitung.de\/cms\/2018\/03\/die-jazz-radiowoche-vom-05-03-bis-11-03-2018\/","og_site_name":"JazzZeitung","article_publisher":"https:\/\/www.facebook.com\/JazzZeitung\/","article_author":"https:\/\/www.facebook.com\/hufner","article_published_time":"2018-03-04T11:00:38+00:00","og_image":[{"width":2048,"height":1536,"url":"https:\/\/i0.wp.com\/www.jazzzeitung.de\/cms\/wp-content\/uploads\/2017\/10\/radio-jazz-neu.jpg?fit=2048%2C1536&ssl=1","type":"image\/jpeg"}],"author":"Martin Hufner","schema":{"@context":"https:\/\/schema.org","@graph":[{"@type":"Article","@id":"https:\/\/www.jazzzeitung.de\/cms\/2018\/03\/die-jazz-radiowoche-vom-05-03-bis-11-03-2018\/#article","isPartOf":{"@id":"https:\/\/www.jazzzeitung.de\/cms\/2018\/03\/die-jazz-radiowoche-vom-05-03-bis-11-03-2018\/"},"author":{"name":"Martin Hufner","@id":"https:\/\/www.jazzzeitung.de\/cms\/#\/schema\/person\/b9a4e5ac765d94fb8f617bfa8f1fc5f7"},"headline":"Die Jazz-Radiowoche vom 05.03. bis 11.03.2018","datePublished":"2018-03-04T11:00:38+00:00","mainEntityOfPage":{"@id":"https:\/\/www.jazzzeitung.de\/cms\/2018\/03\/die-jazz-radiowoche-vom-05-03-bis-11-03-2018\/"},"wordCount":2184,"commentCount":0,"publisher":{"@id":"https:\/\/www.jazzzeitung.de\/cms\/#organization"},"image":{"@id":"https:\/\/www.jazzzeitung.de\/cms\/2018\/03\/die-jazz-radiowoche-vom-05-03-bis-11-03-2018\/#primaryimage"},"thumbnailUrl":"https:\/\/i0.wp.com\/www.jazzzeitung.de\/cms\/wp-content\/uploads\/2017\/10\/radio-jazz-neu.jpg?fit=2048%2C1536&ssl=1","keywords":["Jazz im Radio"],"articleSection":["News","Radio"],"inLanguage":"de","potentialAction":[{"@type":"CommentAction","name":"Comment","target":["https:\/\/www.jazzzeitung.de\/cms\/2018\/03\/die-jazz-radiowoche-vom-05-03-bis-11-03-2018\/#respond"]}]},{"@type":"WebPage","@id":"https:\/\/www.jazzzeitung.de\/cms\/2018\/03\/die-jazz-radiowoche-vom-05-03-bis-11-03-2018\/","url":"https:\/\/www.jazzzeitung.de\/cms\/2018\/03\/die-jazz-radiowoche-vom-05-03-bis-11-03-2018\/","name":"Die Jazz-Radiowoche vom 05.03. bis 11.03.2018 - JazzZeitung","isPartOf":{"@id":"https:\/\/www.jazzzeitung.de\/cms\/#website"},"primaryImageOfPage":{"@id":"https:\/\/www.jazzzeitung.de\/cms\/2018\/03\/die-jazz-radiowoche-vom-05-03-bis-11-03-2018\/#primaryimage"},"image":{"@id":"https:\/\/www.jazzzeitung.de\/cms\/2018\/03\/die-jazz-radiowoche-vom-05-03-bis-11-03-2018\/#primaryimage"},"thumbnailUrl":"https:\/\/i0.wp.com\/www.jazzzeitung.de\/cms\/wp-content\/uploads\/2017\/10\/radio-jazz-neu.jpg?fit=2048%2C1536&ssl=1","datePublished":"2018-03-04T11:00:38+00:00","breadcrumb":{"@id":"https:\/\/www.jazzzeitung.de\/cms\/2018\/03\/die-jazz-radiowoche-vom-05-03-bis-11-03-2018\/#breadcrumb"},"inLanguage":"de","potentialAction":[{"@type":"ReadAction","target":["https:\/\/www.jazzzeitung.de\/cms\/2018\/03\/die-jazz-radiowoche-vom-05-03-bis-11-03-2018\/"]}]},{"@type":"ImageObject","inLanguage":"de","@id":"https:\/\/www.jazzzeitung.de\/cms\/2018\/03\/die-jazz-radiowoche-vom-05-03-bis-11-03-2018\/#primaryimage","url":"https:\/\/i0.wp.com\/www.jazzzeitung.de\/cms\/wp-content\/uploads\/2017\/10\/radio-jazz-neu.jpg?fit=2048%2C1536&ssl=1","contentUrl":"https:\/\/i0.wp.com\/www.jazzzeitung.de\/cms\/wp-content\/uploads\/2017\/10\/radio-jazz-neu.jpg?fit=2048%2C1536&ssl=1","width":2048,"height":1536,"caption":"Jazz im Radio"},{"@type":"BreadcrumbList","@id":"https:\/\/www.jazzzeitung.de\/cms\/2018\/03\/die-jazz-radiowoche-vom-05-03-bis-11-03-2018\/#breadcrumb","itemListElement":[{"@type":"ListItem","position":1,"name":"Startseite","item":"https:\/\/www.jazzzeitung.de\/cms\/"},{"@type":"ListItem","position":2,"name":"Die Jazz-Radiowoche vom 05.03. bis 11.03.2018"}]},{"@type":"WebSite","@id":"https:\/\/www.jazzzeitung.de\/cms\/#website","url":"https:\/\/www.jazzzeitung.de\/cms\/","name":"JazzZeitung","description":"Jazz-News und Jazz-Kontroverses","publisher":{"@id":"https:\/\/www.jazzzeitung.de\/cms\/#organization"},"potentialAction":[{"@type":"SearchAction","target":{"@type":"EntryPoint","urlTemplate":"https:\/\/www.jazzzeitung.de\/cms\/?s={search_term_string}"},"query-input":{"@type":"PropertyValueSpecification","valueRequired":true,"valueName":"search_term_string"}}],"inLanguage":"de"},{"@type":"Organization","@id":"https:\/\/www.jazzzeitung.de\/cms\/#organization","name":"JazzZeitung online","url":"https:\/\/www.jazzzeitung.de\/cms\/","logo":{"@type":"ImageObject","inLanguage":"de","@id":"https:\/\/www.jazzzeitung.de\/cms\/#\/schema\/logo\/image\/","url":"https:\/\/i0.wp.com\/www.jazzzeitung.de\/cms\/wp-content\/uploads\/2015\/08\/JAZZZEITUNGDE_Logo_Neu.png?fit=499%2C200&ssl=1","contentUrl":"https:\/\/i0.wp.com\/www.jazzzeitung.de\/cms\/wp-content\/uploads\/2015\/08\/JAZZZEITUNGDE_Logo_Neu.png?fit=499%2C200&ssl=1","width":499,"height":200,"caption":"JazzZeitung online"},"image":{"@id":"https:\/\/www.jazzzeitung.de\/cms\/#\/schema\/logo\/image\/"},"sameAs":["https:\/\/www.facebook.com\/JazzZeitung\/"]},{"@type":"Person","@id":"https:\/\/www.jazzzeitung.de\/cms\/#\/schema\/person\/b9a4e5ac765d94fb8f617bfa8f1fc5f7","name":"Martin Hufner","image":{"@type":"ImageObject","inLanguage":"de","@id":"https:\/\/i0.wp.com\/www.jazzzeitung.de\/cms\/wp-content\/uploads\/2013\/07\/huf-06.jpg?resize=96%2C96&ssl=15fcc31aa94540751a3b804516452be00","url":"https:\/\/i0.wp.com\/www.jazzzeitung.de\/cms\/wp-content\/uploads\/2013\/07\/huf-06.jpg?resize=96%2C96&ssl=1","contentUrl":"https:\/\/i0.wp.com\/www.jazzzeitung.de\/cms\/wp-content\/uploads\/2013\/07\/huf-06.jpg?resize=96%2C96&ssl=1","caption":"Martin Hufner"},"description":"Martin Hufner ist freier Autor der JazzZeitung.","sameAs":["https:\/\/www.kritische-masse.de\/logbuch","https:\/\/www.facebook.com\/hufner"],"url":"https:\/\/www.jazzzeitung.de\/cms\/author\/admin\/"}]}},"wp-worthy-pixel":{"ignored":false,"public":null,"server":null,"url":null},"wp-worthy-type":"normal","jetpack_publicize_connections":[],"cc_featured_image_caption":{"caption_text":"Jazz im Radio.","source_text":"Foto und Montage: Martin Hufner","source_url":"https:\/\/www.musikkritik.org"},"jetpack_featured_media_url":"https:\/\/i0.wp.com\/www.jazzzeitung.de\/cms\/wp-content\/uploads\/2017\/10\/radio-jazz-neu.jpg?fit=2048%2C1536&ssl=1","jetpack_shortlink":"https:\/\/wp.me\/p3KEcT-3WJ","jetpack-related-posts":[{"id":26908,"url":"https:\/\/www.jazzzeitung.de\/cms\/2022\/03\/news-kari-ikonen-titelfoto-beim-enjoy-jazz-festival-heidelberg-persischer-jazzfruehling-in-muenchen-51-jazzwoche-burghausen-br-uebertraegt-konzerte\/","url_meta":{"origin":15173,"position":0},"title":"+++ news +++ Kari Ikonen (Titelfoto) beim Enjoy Jazz Festival Heidelberg +++ Persischer Jazzfr\u00fchling in M\u00fcnchen +++ 51. Jazzwoche Burghausen: BR \u00fcbertr\u00e4gt Konzerte +++","author":"Redaktion JazzZeitung","date":"22. M\u00e4rz 2022","format":false,"excerpt":"Burghausen Jazzwoche startet Nachdem die Jazzwoche Burghausen in den letzten zwei Jahren ausfallen musste, kann sie vom 22. bis 27. M\u00e4rz zum 51. Mal stattfinden. Das Programm ist bunt gemischt und reicht Soul-S\u00e4ngerin Joy Denalane bis zur Jazzharfenistin Juli Campiche. Der Bayerische Rundfunk \u00fcbertr\u00e4gt als Partner des Festivals ausgew\u00e4hlte Highlights\u2026","rel":"","context":"In &quot;News&quot;","block_context":{"text":"News","link":"https:\/\/www.jazzzeitung.de\/cms\/thema\/nachrichten\/"},"img":{"alt_text":"","src":"https:\/\/i0.wp.com\/www.jazzzeitung.de\/cms\/wp-content\/uploads\/2022\/03\/20220515_Kari-Ikonen_c_Tanja-Ahola.jpg?fit=909%2C1200&ssl=1&resize=350%2C200","width":350,"height":200,"srcset":"https:\/\/i0.wp.com\/www.jazzzeitung.de\/cms\/wp-content\/uploads\/2022\/03\/20220515_Kari-Ikonen_c_Tanja-Ahola.jpg?fit=909%2C1200&ssl=1&resize=350%2C200 1x, https:\/\/i0.wp.com\/www.jazzzeitung.de\/cms\/wp-content\/uploads\/2022\/03\/20220515_Kari-Ikonen_c_Tanja-Ahola.jpg?fit=909%2C1200&ssl=1&resize=525%2C300 1.5x, https:\/\/i0.wp.com\/www.jazzzeitung.de\/cms\/wp-content\/uploads\/2022\/03\/20220515_Kari-Ikonen_c_Tanja-Ahola.jpg?fit=909%2C1200&ssl=1&resize=700%2C400 2x"},"classes":[]},{"id":22236,"url":"https:\/\/www.jazzzeitung.de\/cms\/2020\/03\/die-jazz-radiowoche-vom-30-03-20-bis-05-04-20\/","url_meta":{"origin":15173,"position":1},"title":"Die Jazz-Radiowoche vom 30.03.20 bis 05.04.20","author":"Martin Hufner","date":"29. M\u00e4rz 2020","format":false,"excerpt":"Ein kleiner Blick in die Jazzwoche 14 im Radio. Alle Angaben ohne Gew\u00e4hr. Jazz im Radio (Fernsehen) SR2 \u2013 JazzNow \u2013 Sonntags von 20.04 bis 22.30 Uhr BR-KLASSIK \u2013 Jazztime \u2013 Von Montag bis Freitag t\u00e4glich um 23.05 Uhr rbb-kultur \u2013 Late Night Jazz \u2013 Sa und So 23:04 \u2013\u2026","rel":"","context":"In &quot;News&quot;","block_context":{"text":"News","link":"https:\/\/www.jazzzeitung.de\/cms\/thema\/nachrichten\/"},"img":{"alt_text":"Jazz im Radio. Foto: Hufner","src":"https:\/\/i0.wp.com\/www.jazzzeitung.de\/cms\/wp-content\/uploads\/2019\/03\/jazz_im_radio.jpg?fit=1200%2C773&ssl=1&resize=350%2C200","width":350,"height":200,"srcset":"https:\/\/i0.wp.com\/www.jazzzeitung.de\/cms\/wp-content\/uploads\/2019\/03\/jazz_im_radio.jpg?fit=1200%2C773&ssl=1&resize=350%2C200 1x, https:\/\/i0.wp.com\/www.jazzzeitung.de\/cms\/wp-content\/uploads\/2019\/03\/jazz_im_radio.jpg?fit=1200%2C773&ssl=1&resize=525%2C300 1.5x, https:\/\/i0.wp.com\/www.jazzzeitung.de\/cms\/wp-content\/uploads\/2019\/03\/jazz_im_radio.jpg?fit=1200%2C773&ssl=1&resize=700%2C400 2x, https:\/\/i0.wp.com\/www.jazzzeitung.de\/cms\/wp-content\/uploads\/2019\/03\/jazz_im_radio.jpg?fit=1200%2C773&ssl=1&resize=1050%2C600 3x"},"classes":[]},{"id":454,"url":"https:\/\/www.jazzzeitung.de\/cms\/2010\/10\/jazz-im-rundfunk-episode-i-der-br\/","url_meta":{"origin":15173,"position":2},"title":"Jazz im Rundfunk \u2013 Episode I: Der BR","author":"J\u00f6rg Lichtinger","date":"10. Oktober 2010","format":false,"excerpt":"Der Jazz beim Bayerischen Rundfunk hat eine lange Geschichte und reicht bis zur Zeit zur\u00fcck, als man noch als Radio M\u00fcnchen unter der \u00c4gide der Amerikaner sendete \u2013 Mitternacht in M\u00fcnchen hie\u00df die ber\u00fchmteste Sendung mit Jazz in dieser Zeit. Als Redakteure in der Abteilung \"Leichte Musik\", zu der der\u2026","rel":"","context":"In &quot;Blog&quot;","block_context":{"text":"Blog","link":"https:\/\/www.jazzzeitung.de\/cms\/thema\/blog\/"},"img":{"alt_text":"Jazztime \u2013 Die Jazzsendung beim BR.","src":"https:\/\/i0.wp.com\/www.jazzzeitung.de\/cms\/wp-content\/uploads\/2010\/10\/screenshot_jazztime-300x292.jpg?resize=350%2C200","width":350,"height":200},"classes":[]},{"id":23939,"url":"https:\/\/www.jazzzeitung.de\/cms\/2020\/12\/die-jazz-radiowoche-vom-7-12-20-bis-13-12-2020\/","url_meta":{"origin":15173,"position":3},"title":"Die Jazz-Radiowoche vom 7.12.20 bis 13.12.2020","author":"Martin Hufner","date":"6. Dezember 2020","format":false,"excerpt":"Ein kleiner Blick in die Jazzwoche 50 im Radio. Der ist dieses mal so klein, es steht da n\u00e4mlich gar nichts drin.Grund daf\u00fcr: Die Suchmaschine f\u00fcr Radiosendungen der ARD gibt am dem 7.12.2020 keine Ergebnisse heraus. Versuche der Kontaktaufnahme mit der ARD sind ohne Echo verhallt. Aktuell bleibt es bei\u2026","rel":"","context":"In &quot;News&quot;","block_context":{"text":"News","link":"https:\/\/www.jazzzeitung.de\/cms\/thema\/nachrichten\/"},"img":{"alt_text":"Jazz im Radio. Foto: Hufner","src":"https:\/\/i0.wp.com\/www.jazzzeitung.de\/cms\/wp-content\/uploads\/2019\/03\/jazz_im_radio.jpg?fit=1200%2C773&ssl=1&resize=350%2C200","width":350,"height":200,"srcset":"https:\/\/i0.wp.com\/www.jazzzeitung.de\/cms\/wp-content\/uploads\/2019\/03\/jazz_im_radio.jpg?fit=1200%2C773&ssl=1&resize=350%2C200 1x, https:\/\/i0.wp.com\/www.jazzzeitung.de\/cms\/wp-content\/uploads\/2019\/03\/jazz_im_radio.jpg?fit=1200%2C773&ssl=1&resize=525%2C300 1.5x, https:\/\/i0.wp.com\/www.jazzzeitung.de\/cms\/wp-content\/uploads\/2019\/03\/jazz_im_radio.jpg?fit=1200%2C773&ssl=1&resize=700%2C400 2x, https:\/\/i0.wp.com\/www.jazzzeitung.de\/cms\/wp-content\/uploads\/2019\/03\/jazz_im_radio.jpg?fit=1200%2C773&ssl=1&resize=1050%2C600 3x"},"classes":[]},{"id":23823,"url":"https:\/\/www.jazzzeitung.de\/cms\/2020\/11\/die-jazz-radiowoche-vom-16-11-20-bis-22-11-2020\/","url_meta":{"origin":15173,"position":4},"title":"Die Jazz-Radiowoche vom 16.11.20 bis 22.11.2020","author":"Martin Hufner","date":"15. November 2020","format":false,"excerpt":"Ein kleiner Blick in die Jazzwoche 47 im Radio. Alle Angaben ohne Gew\u00e4hr. Unter anderem: 10. Birdland Radio Jazzfestival.","rel":"","context":"In &quot;News&quot;","block_context":{"text":"News","link":"https:\/\/www.jazzzeitung.de\/cms\/thema\/nachrichten\/"},"img":{"alt_text":"Jazz im Radio. Foto: Hufner","src":"https:\/\/i0.wp.com\/www.jazzzeitung.de\/cms\/wp-content\/uploads\/2019\/03\/jazz_im_radio.jpg?fit=1200%2C773&ssl=1&resize=350%2C200","width":350,"height":200,"srcset":"https:\/\/i0.wp.com\/www.jazzzeitung.de\/cms\/wp-content\/uploads\/2019\/03\/jazz_im_radio.jpg?fit=1200%2C773&ssl=1&resize=350%2C200 1x, https:\/\/i0.wp.com\/www.jazzzeitung.de\/cms\/wp-content\/uploads\/2019\/03\/jazz_im_radio.jpg?fit=1200%2C773&ssl=1&resize=525%2C300 1.5x, https:\/\/i0.wp.com\/www.jazzzeitung.de\/cms\/wp-content\/uploads\/2019\/03\/jazz_im_radio.jpg?fit=1200%2C773&ssl=1&resize=700%2C400 2x, https:\/\/i0.wp.com\/www.jazzzeitung.de\/cms\/wp-content\/uploads\/2019\/03\/jazz_im_radio.jpg?fit=1200%2C773&ssl=1&resize=1050%2C600 3x"},"classes":[]},{"id":23644,"url":"https:\/\/www.jazzzeitung.de\/cms\/2020\/10\/die-jazz-radiowoche-vom-19-10-20-bis-25-10-2020\/","url_meta":{"origin":15173,"position":5},"title":"Die Jazz-Radiowoche vom 19.10.20 bis 25.10.2020","author":"Martin Hufner","date":"18. Oktober 2020","format":false,"excerpt":"Ein kleiner Blick in die Jazzwoche 43 im Radio. Alle Angaben ohne Gew\u00e4hr. Unter anderem: German All Stars live.","rel":"","context":"In &quot;News&quot;","block_context":{"text":"News","link":"https:\/\/www.jazzzeitung.de\/cms\/thema\/nachrichten\/"},"img":{"alt_text":"Jazz im Radio. Foto: Hufner","src":"https:\/\/i0.wp.com\/www.jazzzeitung.de\/cms\/wp-content\/uploads\/2019\/03\/jazz_im_radio.jpg?fit=1200%2C773&ssl=1&resize=350%2C200","width":350,"height":200,"srcset":"https:\/\/i0.wp.com\/www.jazzzeitung.de\/cms\/wp-content\/uploads\/2019\/03\/jazz_im_radio.jpg?fit=1200%2C773&ssl=1&resize=350%2C200 1x, https:\/\/i0.wp.com\/www.jazzzeitung.de\/cms\/wp-content\/uploads\/2019\/03\/jazz_im_radio.jpg?fit=1200%2C773&ssl=1&resize=525%2C300 1.5x, https:\/\/i0.wp.com\/www.jazzzeitung.de\/cms\/wp-content\/uploads\/2019\/03\/jazz_im_radio.jpg?fit=1200%2C773&ssl=1&resize=700%2C400 2x, https:\/\/i0.wp.com\/www.jazzzeitung.de\/cms\/wp-content\/uploads\/2019\/03\/jazz_im_radio.jpg?fit=1200%2C773&ssl=1&resize=1050%2C600 3x"},"classes":[]}],"jetpack_sharing_enabled":true,"_links":{"self":[{"href":"https:\/\/www.jazzzeitung.de\/cms\/wp-json\/wp\/v2\/posts\/15173","targetHints":{"allow":["GET"]}}],"collection":[{"href":"https:\/\/www.jazzzeitung.de\/cms\/wp-json\/wp\/v2\/posts"}],"about":[{"href":"https:\/\/www.jazzzeitung.de\/cms\/wp-json\/wp\/v2\/types\/post"}],"author":[{"embeddable":true,"href":"https:\/\/www.jazzzeitung.de\/cms\/wp-json\/wp\/v2\/users\/1"}],"replies":[{"embeddable":true,"href":"https:\/\/www.jazzzeitung.de\/cms\/wp-json\/wp\/v2\/comments?post=15173"}],"version-history":[{"count":1,"href":"https:\/\/www.jazzzeitung.de\/cms\/wp-json\/wp\/v2\/posts\/15173\/revisions"}],"predecessor-version":[{"id":15174,"href":"https:\/\/www.jazzzeitung.de\/cms\/wp-json\/wp\/v2\/posts\/15173\/revisions\/15174"}],"wp:featuredmedia":[{"embeddable":true,"href":"https:\/\/www.jazzzeitung.de\/cms\/wp-json\/wp\/v2\/media\/13661"}],"wp:attachment":[{"href":"https:\/\/www.jazzzeitung.de\/cms\/wp-json\/wp\/v2\/media?parent=15173"}],"wp:term":[{"taxonomy":"category","embeddable":true,"href":"https:\/\/www.jazzzeitung.de\/cms\/wp-json\/wp\/v2\/categories?post=15173"},{"taxonomy":"post_tag","embeddable":true,"href":"https:\/\/www.jazzzeitung.de\/cms\/wp-json\/wp\/v2\/tags?post=15173"},{"taxonomy":"author","embeddable":true,"href":"https:\/\/www.jazzzeitung.de\/cms\/wp-json\/wp\/v2\/coauthors?post=15173"}],"curies":[{"name":"wp","href":"https:\/\/api.w.org\/{rel}","templated":true}]}}