{"id":15114,"date":"2018-02-19T12:50:20","date_gmt":"2018-02-19T11:50:20","guid":{"rendered":"https:\/\/www.jazzzeitung.de\/cms\/?p=15114"},"modified":"2018-02-19T14:14:51","modified_gmt":"2018-02-19T13:14:51","slug":"das-leo-betzl-trio-legt-vor-der-bmw-welt-jazz-award-hat-begonnen","status":"publish","type":"post","link":"https:\/\/www.jazzzeitung.de\/cms\/2018\/02\/das-leo-betzl-trio-legt-vor-der-bmw-welt-jazz-award-hat-begonnen\/","title":{"rendered":"Das Leo Betzl Trio legt vor: der BMW Welt Jazz Award 2018 hat begonnen"},"content":{"rendered":"<div class=\"tiled-gallery type-rectangular tiled-gallery-unresized\" data-original-width=\"840\" data-carousel-extra='{&quot;blog_id&quot;:1,&quot;permalink&quot;:&quot;https:\\\/\\\/www.jazzzeitung.de\\\/cms\\\/2018\\\/02\\\/das-leo-betzl-trio-legt-vor-der-bmw-welt-jazz-award-hat-begonnen\\\/&quot;,&quot;likes_blog_id&quot;:55446655}' itemscope itemtype=\"http:\/\/schema.org\/ImageGallery\" > <div class=\"gallery-row\" style=\"width: 840px; height: 376px;\" data-original-width=\"840\" data-original-height=\"376\" > <div class=\"gallery-group images-1\" style=\"width: 557px; height: 376px;\" data-original-width=\"557\" data-original-height=\"376\" > <div class=\"tiled-gallery-item tiled-gallery-item-large\" itemprop=\"associatedMedia\" itemscope itemtype=\"http:\/\/schema.org\/ImageObject\"> <a href=\"https:\/\/www.jazzzeitung.de\/cms\/2018\/02\/das-leo-betzl-trio-legt-vor-der-bmw-welt-jazz-award-hat-begonnen\/0k3a7688-betzl-dombr\/\" border=\"0\" itemprop=\"url\"> <meta itemprop=\"width\" content=\"553\"> <meta itemprop=\"height\" content=\"372\"> <img decoding=\"async\" class=\"\" data-attachment-id=\"15116\" data-orig-file=\"https:\/\/www.jazzzeitung.de\/cms\/wp-content\/uploads\/2018\/02\/0K3A7688-Betzl-dombr.jpg\" data-orig-size=\"1280,862\" data-comments-opened=\"1\" data-image-meta=\"{&quot;aperture&quot;:&quot;4&quot;,&quot;credit&quot;:&quot;&quot;,&quot;camera&quot;:&quot;Canon EOS 5D Mark III&quot;,&quot;caption&quot;:&quot;BMW Welt Jazz Award 2018, LBT, Leo Betzl (p), Maximilian Hirning (b), Sebastian Wolfgruber (dr), Foto Ralf Dombrowski&quot;,&quot;created_timestamp&quot;:&quot;1518955755&quot;,&quot;copyright&quot;:&quot;&quot;,&quot;focal_length&quot;:&quot;200&quot;,&quot;iso&quot;:&quot;640&quot;,&quot;shutter_speed&quot;:&quot;0.00625&quot;,&quot;title&quot;:&quot;&quot;,&quot;orientation&quot;:&quot;1&quot;}\" data-image-title=\"0K3A7688, Betzl (dombr)\" data-image-description=\"\" data-medium-file=\"https:\/\/i0.wp.com\/www.jazzzeitung.de\/cms\/wp-content\/uploads\/2018\/02\/0K3A7688-Betzl-dombr.jpg?fit=300%2C202&#038;ssl=1\" data-large-file=\"https:\/\/i0.wp.com\/www.jazzzeitung.de\/cms\/wp-content\/uploads\/2018\/02\/0K3A7688-Betzl-dombr.jpg?fit=840%2C566&#038;ssl=1\" src=\"https:\/\/i0.wp.com\/www.jazzzeitung.de\/cms\/wp-content\/uploads\/2018\/02\/0K3A7688-Betzl-dombr.jpg?w=553&#038;h=372&#038;ssl=1\" srcset=\"https:\/\/i0.wp.com\/www.jazzzeitung.de\/cms\/wp-content\/uploads\/2018\/02\/0K3A7688-Betzl-dombr.jpg?w=1280&amp;ssl=1 1280w, https:\/\/i0.wp.com\/www.jazzzeitung.de\/cms\/wp-content\/uploads\/2018\/02\/0K3A7688-Betzl-dombr.jpg?resize=300%2C202&amp;ssl=1 300w, https:\/\/i0.wp.com\/www.jazzzeitung.de\/cms\/wp-content\/uploads\/2018\/02\/0K3A7688-Betzl-dombr.jpg?resize=768%2C517&amp;ssl=1 768w, https:\/\/i0.wp.com\/www.jazzzeitung.de\/cms\/wp-content\/uploads\/2018\/02\/0K3A7688-Betzl-dombr.jpg?resize=891%2C600&amp;ssl=1 891w, https:\/\/i0.wp.com\/www.jazzzeitung.de\/cms\/wp-content\/uploads\/2018\/02\/0K3A7688-Betzl-dombr.jpg?resize=600%2C404&amp;ssl=1 600w, https:\/\/i0.wp.com\/www.jazzzeitung.de\/cms\/wp-content\/uploads\/2018\/02\/0K3A7688-Betzl-dombr.jpg?resize=120%2C80&amp;ssl=1 120w\" width=\"553\" height=\"372\" loading=\"lazy\" data-original-width=\"553\" data-original-height=\"372\" itemprop=\"http:\/\/schema.org\/image\" title=\"0K3A7688, Betzl (dombr)\" alt=\"BMW Welt Jazz Award 2018, LBT, Leo Betzl (p). Foto Ralf Dombrowski\" style=\"width: 553px; height: 372px;\" \/> <\/a> <div class=\"tiled-gallery-caption\" itemprop=\"caption description\"> BMW Welt Jazz Award 2018, LBT, Leo Betzl (p). Foto Ralf Dombrowski <\/div> <\/div> <\/div> <!-- close group --> <div class=\"gallery-group images-1\" style=\"width: 283px; height: 376px;\" data-original-width=\"283\" data-original-height=\"376\" > <div class=\"tiled-gallery-item tiled-gallery-item-large\" itemprop=\"associatedMedia\" itemscope itemtype=\"http:\/\/schema.org\/ImageObject\"> <a href=\"https:\/\/www.jazzzeitung.de\/cms\/2018\/02\/das-leo-betzl-trio-legt-vor-der-bmw-welt-jazz-award-hat-begonnen\/0k3a7708-hirning-dombr\/\" border=\"0\" itemprop=\"url\"> <meta itemprop=\"width\" content=\"279\"> <meta itemprop=\"height\" content=\"372\"> <img decoding=\"async\" class=\"\" data-attachment-id=\"15118\" data-orig-file=\"https:\/\/www.jazzzeitung.de\/cms\/wp-content\/uploads\/2018\/02\/0K3A7708-Hirning-dombr.jpg\" data-orig-size=\"960,1280\" data-comments-opened=\"1\" data-image-meta=\"{&quot;aperture&quot;:&quot;4&quot;,&quot;credit&quot;:&quot;&quot;,&quot;camera&quot;:&quot;Canon EOS 5D Mark III&quot;,&quot;caption&quot;:&quot;BMW Welt Jazz Award 2018, LBT, Leo Betzl (p), Maximilian Hirning (b), Sebastian Wolfgruber (dr), Foto Ralf Dombrowski&quot;,&quot;created_timestamp&quot;:&quot;1518955842&quot;,&quot;copyright&quot;:&quot;&quot;,&quot;focal_length&quot;:&quot;94&quot;,&quot;iso&quot;:&quot;400&quot;,&quot;shutter_speed&quot;:&quot;0.00625&quot;,&quot;title&quot;:&quot;&quot;,&quot;orientation&quot;:&quot;1&quot;}\" data-image-title=\"0K3A7708, Hirning (dombr)\" data-image-description=\"\" data-medium-file=\"https:\/\/i0.wp.com\/www.jazzzeitung.de\/cms\/wp-content\/uploads\/2018\/02\/0K3A7708-Hirning-dombr.jpg?fit=225%2C300&#038;ssl=1\" data-large-file=\"https:\/\/i0.wp.com\/www.jazzzeitung.de\/cms\/wp-content\/uploads\/2018\/02\/0K3A7708-Hirning-dombr.jpg?fit=450%2C600&#038;ssl=1\" src=\"https:\/\/i0.wp.com\/www.jazzzeitung.de\/cms\/wp-content\/uploads\/2018\/02\/0K3A7708-Hirning-dombr.jpg?w=279&#038;h=372&#038;ssl=1\" srcset=\"https:\/\/i0.wp.com\/www.jazzzeitung.de\/cms\/wp-content\/uploads\/2018\/02\/0K3A7708-Hirning-dombr.jpg?w=960&amp;ssl=1 960w, https:\/\/i0.wp.com\/www.jazzzeitung.de\/cms\/wp-content\/uploads\/2018\/02\/0K3A7708-Hirning-dombr.jpg?resize=225%2C300&amp;ssl=1 225w, https:\/\/i0.wp.com\/www.jazzzeitung.de\/cms\/wp-content\/uploads\/2018\/02\/0K3A7708-Hirning-dombr.jpg?resize=768%2C1024&amp;ssl=1 768w, https:\/\/i0.wp.com\/www.jazzzeitung.de\/cms\/wp-content\/uploads\/2018\/02\/0K3A7708-Hirning-dombr.jpg?resize=450%2C600&amp;ssl=1 450w, https:\/\/i0.wp.com\/www.jazzzeitung.de\/cms\/wp-content\/uploads\/2018\/02\/0K3A7708-Hirning-dombr.jpg?resize=600%2C800&amp;ssl=1 600w\" width=\"279\" height=\"372\" loading=\"lazy\" data-original-width=\"279\" data-original-height=\"372\" itemprop=\"http:\/\/schema.org\/image\" title=\"0K3A7708, Hirning (dombr)\" alt=\"BMW Welt Jazz Award 2018Maximilian Hirning (b). Foto Ralf Dombrowski\" style=\"width: 279px; height: 372px;\" \/> <\/a> <div class=\"tiled-gallery-caption\" itemprop=\"caption description\"> BMW Welt Jazz Award 2018Maximilian Hirning (b). Foto Ralf Dombrowski <\/div> <\/div> <\/div> <!-- close group --> <\/div> <!-- close row --> <div class=\"gallery-row\" style=\"width: 840px; height: 558px;\" data-original-width=\"840\" data-original-height=\"558\" > <div class=\"gallery-group images-2\" style=\"width: 420px; height: 558px;\" data-original-width=\"420\" data-original-height=\"558\" > <div class=\"tiled-gallery-item tiled-gallery-item-large\" itemprop=\"associatedMedia\" itemscope itemtype=\"http:\/\/schema.org\/ImageObject\"> <a href=\"https:\/\/www.jazzzeitung.de\/cms\/2018\/02\/das-leo-betzl-trio-legt-vor-der-bmw-welt-jazz-award-hat-begonnen\/0k3a7899-lbt-dombr\/\" border=\"0\" itemprop=\"url\"> <meta itemprop=\"width\" content=\"416\"> <meta itemprop=\"height\" content=\"277\"> <img decoding=\"async\" class=\"\" data-attachment-id=\"15122\" data-orig-file=\"https:\/\/www.jazzzeitung.de\/cms\/wp-content\/uploads\/2018\/02\/0K3A7899-LBT-dombr.jpg\" data-orig-size=\"1280,853\" data-comments-opened=\"1\" data-image-meta=\"{&quot;aperture&quot;:&quot;4&quot;,&quot;credit&quot;:&quot;&quot;,&quot;camera&quot;:&quot;Canon EOS 5D Mark III&quot;,&quot;caption&quot;:&quot;BMW Welt Jazz Award 2018, LBT, Leo Betzl (p), Maximilian Hirning (b), Sebastian Wolfgruber (dr), Foto Ralf Dombrowski&quot;,&quot;created_timestamp&quot;:&quot;1518956871&quot;,&quot;copyright&quot;:&quot;&quot;,&quot;focal_length&quot;:&quot;104&quot;,&quot;iso&quot;:&quot;1600&quot;,&quot;shutter_speed&quot;:&quot;0.005&quot;,&quot;title&quot;:&quot;&quot;,&quot;orientation&quot;:&quot;1&quot;}\" data-image-title=\"0K3A7899, LBT (dombr)\" data-image-description=\"\" data-medium-file=\"https:\/\/i0.wp.com\/www.jazzzeitung.de\/cms\/wp-content\/uploads\/2018\/02\/0K3A7899-LBT-dombr.jpg?fit=300%2C200&#038;ssl=1\" data-large-file=\"https:\/\/i0.wp.com\/www.jazzzeitung.de\/cms\/wp-content\/uploads\/2018\/02\/0K3A7899-LBT-dombr.jpg?fit=840%2C560&#038;ssl=1\" src=\"https:\/\/i0.wp.com\/www.jazzzeitung.de\/cms\/wp-content\/uploads\/2018\/02\/0K3A7899-LBT-dombr.jpg?w=416&#038;h=277&#038;ssl=1\" srcset=\"https:\/\/i0.wp.com\/www.jazzzeitung.de\/cms\/wp-content\/uploads\/2018\/02\/0K3A7899-LBT-dombr.jpg?w=1280&amp;ssl=1 1280w, https:\/\/i0.wp.com\/www.jazzzeitung.de\/cms\/wp-content\/uploads\/2018\/02\/0K3A7899-LBT-dombr.jpg?resize=300%2C200&amp;ssl=1 300w, https:\/\/i0.wp.com\/www.jazzzeitung.de\/cms\/wp-content\/uploads\/2018\/02\/0K3A7899-LBT-dombr.jpg?resize=768%2C512&amp;ssl=1 768w, https:\/\/i0.wp.com\/www.jazzzeitung.de\/cms\/wp-content\/uploads\/2018\/02\/0K3A7899-LBT-dombr.jpg?resize=900%2C600&amp;ssl=1 900w, https:\/\/i0.wp.com\/www.jazzzeitung.de\/cms\/wp-content\/uploads\/2018\/02\/0K3A7899-LBT-dombr.jpg?resize=600%2C400&amp;ssl=1 600w, https:\/\/i0.wp.com\/www.jazzzeitung.de\/cms\/wp-content\/uploads\/2018\/02\/0K3A7899-LBT-dombr.jpg?resize=120%2C80&amp;ssl=1 120w\" width=\"416\" height=\"277\" loading=\"lazy\" data-original-width=\"416\" data-original-height=\"277\" itemprop=\"http:\/\/schema.org\/image\" title=\"0K3A7899, LBT (dombr)\" alt=\"BMW Welt Jazz Award 2018: LBT mit Leo Betzl (p), Maximilian Hirning (b) und Sebastian Wolfgruber (dr). Foto: Ralf Dombrowski\" style=\"width: 416px; height: 277px;\" \/> <\/a> <div class=\"tiled-gallery-caption\" itemprop=\"caption description\"> BMW Welt Jazz Award 2018: LBT mit Leo Betzl (p), Maximilian Hirning (b) und Sebastian Wolfgruber (dr). Foto: Ralf Dombrowski <\/div> <\/div> <div class=\"tiled-gallery-item tiled-gallery-item-large\" itemprop=\"associatedMedia\" itemscope itemtype=\"http:\/\/schema.org\/ImageObject\"> <a href=\"https:\/\/www.jazzzeitung.de\/cms\/2018\/02\/das-leo-betzl-trio-legt-vor-der-bmw-welt-jazz-award-hat-begonnen\/0k3a7802-betzl-dombr\/\" border=\"0\" itemprop=\"url\"> <meta itemprop=\"width\" content=\"416\"> <meta itemprop=\"height\" content=\"273\"> <img decoding=\"async\" class=\"\" data-attachment-id=\"15120\" data-orig-file=\"https:\/\/www.jazzzeitung.de\/cms\/wp-content\/uploads\/2018\/02\/0K3A7802-Betzl-dombr.jpg\" data-orig-size=\"1280,838\" data-comments-opened=\"1\" data-image-meta=\"{&quot;aperture&quot;:&quot;4&quot;,&quot;credit&quot;:&quot;&quot;,&quot;camera&quot;:&quot;Canon EOS 5D Mark III&quot;,&quot;caption&quot;:&quot;BMW Welt Jazz Award 2018, LBT, Leo Betzl (p), Maximilian Hirning (b), Sebastian Wolfgruber (dr), Foto Ralf Dombrowski&quot;,&quot;created_timestamp&quot;:&quot;1518956246&quot;,&quot;copyright&quot;:&quot;&quot;,&quot;focal_length&quot;:&quot;109&quot;,&quot;iso&quot;:&quot;640&quot;,&quot;shutter_speed&quot;:&quot;0.005&quot;,&quot;title&quot;:&quot;&quot;,&quot;orientation&quot;:&quot;1&quot;}\" data-image-title=\"0K3A7802, Betzl (dombr)\" data-image-description=\"\" data-medium-file=\"https:\/\/i0.wp.com\/www.jazzzeitung.de\/cms\/wp-content\/uploads\/2018\/02\/0K3A7802-Betzl-dombr.jpg?fit=300%2C196&#038;ssl=1\" data-large-file=\"https:\/\/i0.wp.com\/www.jazzzeitung.de\/cms\/wp-content\/uploads\/2018\/02\/0K3A7802-Betzl-dombr.jpg?fit=840%2C550&#038;ssl=1\" src=\"https:\/\/i0.wp.com\/www.jazzzeitung.de\/cms\/wp-content\/uploads\/2018\/02\/0K3A7802-Betzl-dombr.jpg?w=416&#038;h=273&#038;ssl=1\" srcset=\"https:\/\/i0.wp.com\/www.jazzzeitung.de\/cms\/wp-content\/uploads\/2018\/02\/0K3A7802-Betzl-dombr.jpg?w=1280&amp;ssl=1 1280w, https:\/\/i0.wp.com\/www.jazzzeitung.de\/cms\/wp-content\/uploads\/2018\/02\/0K3A7802-Betzl-dombr.jpg?resize=300%2C196&amp;ssl=1 300w, https:\/\/i0.wp.com\/www.jazzzeitung.de\/cms\/wp-content\/uploads\/2018\/02\/0K3A7802-Betzl-dombr.jpg?resize=768%2C503&amp;ssl=1 768w, https:\/\/i0.wp.com\/www.jazzzeitung.de\/cms\/wp-content\/uploads\/2018\/02\/0K3A7802-Betzl-dombr.jpg?resize=900%2C589&amp;ssl=1 900w, https:\/\/i0.wp.com\/www.jazzzeitung.de\/cms\/wp-content\/uploads\/2018\/02\/0K3A7802-Betzl-dombr.jpg?resize=600%2C393&amp;ssl=1 600w, https:\/\/i0.wp.com\/www.jazzzeitung.de\/cms\/wp-content\/uploads\/2018\/02\/0K3A7802-Betzl-dombr.jpg?resize=120%2C80&amp;ssl=1 120w\" width=\"416\" height=\"273\" loading=\"lazy\" data-original-width=\"416\" data-original-height=\"273\" itemprop=\"http:\/\/schema.org\/image\" title=\"0K3A7802, Betzl (dombr)\" alt=\"BMW Welt Jazz Award 2018: LBT Bandleader Leo Betzl. Foto Ralf Dombrowski\" style=\"width: 416px; height: 273px;\" \/> <\/a> <div class=\"tiled-gallery-caption\" itemprop=\"caption description\"> BMW Welt Jazz Award 2018: LBT Bandleader Leo Betzl. Foto Ralf Dombrowski <\/div> <\/div> <\/div> <!-- close group --> <div class=\"gallery-group images-1\" style=\"width: 420px; height: 558px;\" data-original-width=\"420\" data-original-height=\"558\" > <div class=\"tiled-gallery-item tiled-gallery-item-large\" itemprop=\"associatedMedia\" itemscope itemtype=\"http:\/\/schema.org\/ImageObject\"> <a href=\"https:\/\/www.jazzzeitung.de\/cms\/2018\/02\/das-leo-betzl-trio-legt-vor-der-bmw-welt-jazz-award-hat-begonnen\/0k3a7783-hirning-dombr\/\" border=\"0\" itemprop=\"url\"> <meta itemprop=\"width\" content=\"416\"> <meta itemprop=\"height\" content=\"554\"> <img decoding=\"async\" class=\"\" data-attachment-id=\"15119\" data-orig-file=\"https:\/\/www.jazzzeitung.de\/cms\/wp-content\/uploads\/2018\/02\/0K3A7783-Hirning-dombr.jpg\" data-orig-size=\"960,1280\" data-comments-opened=\"1\" data-image-meta=\"{&quot;aperture&quot;:&quot;4&quot;,&quot;credit&quot;:&quot;&quot;,&quot;camera&quot;:&quot;Canon EOS 5D Mark III&quot;,&quot;caption&quot;:&quot;BMW Welt Jazz Award 2018, LBT, Leo Betzl (p), Maximilian Hirning (b), Sebastian Wolfgruber (dr), Foto Ralf Dombrowski&quot;,&quot;created_timestamp&quot;:&quot;1518956168&quot;,&quot;copyright&quot;:&quot;&quot;,&quot;focal_length&quot;:&quot;84&quot;,&quot;iso&quot;:&quot;640&quot;,&quot;shutter_speed&quot;:&quot;0.005&quot;,&quot;title&quot;:&quot;&quot;,&quot;orientation&quot;:&quot;1&quot;}\" data-image-title=\"0K3A7783, Hirning (dombr)\" data-image-description=\"\" data-medium-file=\"https:\/\/i0.wp.com\/www.jazzzeitung.de\/cms\/wp-content\/uploads\/2018\/02\/0K3A7783-Hirning-dombr.jpg?fit=225%2C300&#038;ssl=1\" data-large-file=\"https:\/\/i0.wp.com\/www.jazzzeitung.de\/cms\/wp-content\/uploads\/2018\/02\/0K3A7783-Hirning-dombr.jpg?fit=450%2C600&#038;ssl=1\" src=\"https:\/\/i0.wp.com\/www.jazzzeitung.de\/cms\/wp-content\/uploads\/2018\/02\/0K3A7783-Hirning-dombr.jpg?w=416&#038;h=554&#038;ssl=1\" srcset=\"https:\/\/i0.wp.com\/www.jazzzeitung.de\/cms\/wp-content\/uploads\/2018\/02\/0K3A7783-Hirning-dombr.jpg?w=960&amp;ssl=1 960w, https:\/\/i0.wp.com\/www.jazzzeitung.de\/cms\/wp-content\/uploads\/2018\/02\/0K3A7783-Hirning-dombr.jpg?resize=225%2C300&amp;ssl=1 225w, https:\/\/i0.wp.com\/www.jazzzeitung.de\/cms\/wp-content\/uploads\/2018\/02\/0K3A7783-Hirning-dombr.jpg?resize=768%2C1024&amp;ssl=1 768w, https:\/\/i0.wp.com\/www.jazzzeitung.de\/cms\/wp-content\/uploads\/2018\/02\/0K3A7783-Hirning-dombr.jpg?resize=450%2C600&amp;ssl=1 450w, https:\/\/i0.wp.com\/www.jazzzeitung.de\/cms\/wp-content\/uploads\/2018\/02\/0K3A7783-Hirning-dombr.jpg?resize=600%2C800&amp;ssl=1 600w\" width=\"416\" height=\"554\" loading=\"lazy\" data-original-width=\"416\" data-original-height=\"554\" itemprop=\"http:\/\/schema.org\/image\" title=\"0K3A7783, Hirning (dombr)\" alt=\"BMW Welt Jazz Award 2018Maximilian Hirning (b). Foto Ralf Dombrowski\" style=\"width: 416px; height: 554px;\" \/> <\/a> <div class=\"tiled-gallery-caption\" itemprop=\"caption description\"> BMW Welt Jazz Award 2018Maximilian Hirning (b). Foto Ralf Dombrowski <\/div> <\/div> <\/div> <!-- close group --> <\/div> <!-- close row --> <div class=\"gallery-row\" style=\"width: 840px; height: 370px;\" data-original-width=\"840\" data-original-height=\"370\" > <div class=\"gallery-group images-1\" style=\"width: 278px; height: 370px;\" data-original-width=\"278\" data-original-height=\"370\" > <div class=\"tiled-gallery-item tiled-gallery-item-large\" itemprop=\"associatedMedia\" itemscope itemtype=\"http:\/\/schema.org\/ImageObject\"> <a href=\"https:\/\/www.jazzzeitung.de\/cms\/2018\/02\/das-leo-betzl-trio-legt-vor-der-bmw-welt-jazz-award-hat-begonnen\/0k3a7873-wolfgruber-dombr\/\" border=\"0\" itemprop=\"url\"> <meta itemprop=\"width\" content=\"274\"> <meta itemprop=\"height\" content=\"366\"> <img decoding=\"async\" class=\"\" data-attachment-id=\"15121\" data-orig-file=\"https:\/\/www.jazzzeitung.de\/cms\/wp-content\/uploads\/2018\/02\/0K3A7873-Wolfgruber-dombr.jpg\" data-orig-size=\"960,1280\" data-comments-opened=\"1\" data-image-meta=\"{&quot;aperture&quot;:&quot;4&quot;,&quot;credit&quot;:&quot;&quot;,&quot;camera&quot;:&quot;Canon EOS 5D Mark III&quot;,&quot;caption&quot;:&quot;BMW Welt Jazz Award 2018, LBT, Leo Betzl (p), Maximilian Hirning (b), Sebastian Wolfgruber (dr), Foto Ralf Dombrowski&quot;,&quot;created_timestamp&quot;:&quot;1518956725&quot;,&quot;copyright&quot;:&quot;&quot;,&quot;focal_length&quot;:&quot;168&quot;,&quot;iso&quot;:&quot;1000&quot;,&quot;shutter_speed&quot;:&quot;0.005&quot;,&quot;title&quot;:&quot;&quot;,&quot;orientation&quot;:&quot;1&quot;}\" data-image-title=\"0K3A7873, Wolfgruber (dombr)\" data-image-description=\"\" data-medium-file=\"https:\/\/i0.wp.com\/www.jazzzeitung.de\/cms\/wp-content\/uploads\/2018\/02\/0K3A7873-Wolfgruber-dombr.jpg?fit=225%2C300&#038;ssl=1\" data-large-file=\"https:\/\/i0.wp.com\/www.jazzzeitung.de\/cms\/wp-content\/uploads\/2018\/02\/0K3A7873-Wolfgruber-dombr.jpg?fit=450%2C600&#038;ssl=1\" src=\"https:\/\/i0.wp.com\/www.jazzzeitung.de\/cms\/wp-content\/uploads\/2018\/02\/0K3A7873-Wolfgruber-dombr.jpg?w=274&#038;h=366&#038;ssl=1\" srcset=\"https:\/\/i0.wp.com\/www.jazzzeitung.de\/cms\/wp-content\/uploads\/2018\/02\/0K3A7873-Wolfgruber-dombr.jpg?w=960&amp;ssl=1 960w, https:\/\/i0.wp.com\/www.jazzzeitung.de\/cms\/wp-content\/uploads\/2018\/02\/0K3A7873-Wolfgruber-dombr.jpg?resize=225%2C300&amp;ssl=1 225w, https:\/\/i0.wp.com\/www.jazzzeitung.de\/cms\/wp-content\/uploads\/2018\/02\/0K3A7873-Wolfgruber-dombr.jpg?resize=768%2C1024&amp;ssl=1 768w, https:\/\/i0.wp.com\/www.jazzzeitung.de\/cms\/wp-content\/uploads\/2018\/02\/0K3A7873-Wolfgruber-dombr.jpg?resize=450%2C600&amp;ssl=1 450w, https:\/\/i0.wp.com\/www.jazzzeitung.de\/cms\/wp-content\/uploads\/2018\/02\/0K3A7873-Wolfgruber-dombr.jpg?resize=600%2C800&amp;ssl=1 600w\" width=\"274\" height=\"366\" loading=\"lazy\" data-original-width=\"274\" data-original-height=\"366\" itemprop=\"http:\/\/schema.org\/image\" title=\"0K3A7873, Wolfgruber (dombr)\" alt=\"BMW Welt Jazz Award 2018.Sebastian Wolfgruber (dr). Foto: Ralf Dombrowski\" style=\"width: 274px; height: 366px;\" \/> <\/a> <div class=\"tiled-gallery-caption\" itemprop=\"caption description\"> BMW Welt Jazz Award 2018.Sebastian Wolfgruber (dr). Foto: Ralf Dombrowski <\/div> <\/div> <\/div> <!-- close group --> <div class=\"gallery-group images-1\" style=\"width: 562px; height: 370px;\" data-original-width=\"562\" data-original-height=\"370\" > <div class=\"tiled-gallery-item tiled-gallery-item-large\" itemprop=\"associatedMedia\" itemscope itemtype=\"http:\/\/schema.org\/ImageObject\"> <a href=\"https:\/\/www.jazzzeitung.de\/cms\/2018\/02\/das-leo-betzl-trio-legt-vor-der-bmw-welt-jazz-award-hat-begonnen\/0k3a8082-lbt-dombr\/\" border=\"0\" itemprop=\"url\"> <meta itemprop=\"width\" content=\"558\"> <meta itemprop=\"height\" content=\"366\"> <img decoding=\"async\" class=\"\" data-attachment-id=\"15123\" data-orig-file=\"https:\/\/www.jazzzeitung.de\/cms\/wp-content\/uploads\/2018\/02\/0K3A8082-LBT-dombr.jpg\" data-orig-size=\"1280,840\" data-comments-opened=\"1\" data-image-meta=\"{&quot;aperture&quot;:&quot;4&quot;,&quot;credit&quot;:&quot;&quot;,&quot;camera&quot;:&quot;Canon EOS 5D Mark III&quot;,&quot;caption&quot;:&quot;BMW Welt Jazz Award 2018, LBT, Leo Betzl (p), Maximilian Hirning (b), Sebastian Wolfgruber (dr), Foto Ralf Dombrowski&quot;,&quot;created_timestamp&quot;:&quot;1518961169&quot;,&quot;copyright&quot;:&quot;&quot;,&quot;focal_length&quot;:&quot;98&quot;,&quot;iso&quot;:&quot;640&quot;,&quot;shutter_speed&quot;:&quot;0.005&quot;,&quot;title&quot;:&quot;&quot;,&quot;orientation&quot;:&quot;1&quot;}\" data-image-title=\"0K3A8082, LBT (dombr)\" data-image-description=\"\" data-medium-file=\"https:\/\/i0.wp.com\/www.jazzzeitung.de\/cms\/wp-content\/uploads\/2018\/02\/0K3A8082-LBT-dombr.jpg?fit=300%2C197&#038;ssl=1\" data-large-file=\"https:\/\/i0.wp.com\/www.jazzzeitung.de\/cms\/wp-content\/uploads\/2018\/02\/0K3A8082-LBT-dombr.jpg?fit=840%2C552&#038;ssl=1\" src=\"https:\/\/i0.wp.com\/www.jazzzeitung.de\/cms\/wp-content\/uploads\/2018\/02\/0K3A8082-LBT-dombr.jpg?w=558&#038;h=366&#038;ssl=1\" srcset=\"https:\/\/i0.wp.com\/www.jazzzeitung.de\/cms\/wp-content\/uploads\/2018\/02\/0K3A8082-LBT-dombr.jpg?w=1280&amp;ssl=1 1280w, https:\/\/i0.wp.com\/www.jazzzeitung.de\/cms\/wp-content\/uploads\/2018\/02\/0K3A8082-LBT-dombr.jpg?resize=300%2C197&amp;ssl=1 300w, https:\/\/i0.wp.com\/www.jazzzeitung.de\/cms\/wp-content\/uploads\/2018\/02\/0K3A8082-LBT-dombr.jpg?resize=768%2C504&amp;ssl=1 768w, https:\/\/i0.wp.com\/www.jazzzeitung.de\/cms\/wp-content\/uploads\/2018\/02\/0K3A8082-LBT-dombr.jpg?resize=900%2C591&amp;ssl=1 900w, https:\/\/i0.wp.com\/www.jazzzeitung.de\/cms\/wp-content\/uploads\/2018\/02\/0K3A8082-LBT-dombr.jpg?resize=600%2C394&amp;ssl=1 600w, https:\/\/i0.wp.com\/www.jazzzeitung.de\/cms\/wp-content\/uploads\/2018\/02\/0K3A8082-LBT-dombr.jpg?resize=120%2C80&amp;ssl=1 120w\" width=\"558\" height=\"366\" loading=\"lazy\" data-original-width=\"558\" data-original-height=\"366\" itemprop=\"http:\/\/schema.org\/image\" title=\"0K3A8082, LBT (dombr)\" alt=\"BMW Welt Jazz Award 2018 mit LBT. Foto Ralf Dombrowski\" style=\"width: 558px; height: 366px;\" \/> <\/a> <div class=\"tiled-gallery-caption\" itemprop=\"caption description\"> BMW Welt Jazz Award 2018 mit LBT. Foto Ralf Dombrowski <\/div> <\/div> <\/div> <!-- close group --> <\/div> <!-- close row --> <\/div>\n<p>Gelungener\u00a0 Auftakt der neuen Competition \u201eBMW Welt Jazz Award\u201c mit dem Leo Betzl Trio. Mit akustischen Instrumenten fr\u00f6nten die drei bayerischen Spitzenmusiker ihrer gr\u00f6\u00dften Leidenschaft neben dem Jazz: dem Techno. Im wie immer vollbesetzten Doppelkegel der BMW Welt in M\u00fcnchen \u00a0schraubten sich technoide Jazzgrooves und\u00a0 verjazzter Techno in die futuristische Glaskuppel. Mehr zu diesem Konzert im Artikel von Ssirus W. Pakzad unter <a href=\"http:\/\/www.nmz.de\">www.nmz.de<\/a><\/p>\n<p>Der BMW Welt Jazz Award geht 2018 in seine zehnte Ausgabe. Auch dieses Jahr entscheidet sich \u00a0die Jury nach sechs Sonntagsmatineen f\u00fcr zwei Bands, die im Finale um den <a href=\"https:\/\/www.bmw-welt.com\/de\/experience\/programme.html\">BMW Welt Jazz Award<\/a> am 9. Juni 2018 spielen.<\/p>\n<p>Auf den Techno bayerischer Provenienz am gestrigen Sonntag, folgt am 25. Februar Soul mit finnischer Handschrift vom Jukka Eskola Soul Trio. In den vergangenen zehn Jahren zeigte sich der Trompeter Jukka Eskola vielseitig und spielte in renommierten Ensembles von Dancefloor-Grooves beim Five Corners Quintet \u00fcber den Expressionismus der Bigband von Mikko Innanen bis hin zu Jimi Tenors witzigen Jazz-Parodien. Mit seinem Jukka Eskola Soul Trio kehrt er nun gemeinsam mit Mikko Helev\u00e4 an der Orgel und Schlagzeuger Teppo M\u00e4kynen zur\u00fcck zum Wesentlichen. Den bewegungs-intensiven Soul-Jazz, wie ihn in den Sechziger- und Siebzigerjahren legend\u00e4re Labels wie Blue Note und Prestige popul\u00e4r machten, wird das Trio auch im Doppelkegel der BMW Welt am 25. Februar nach eigenen Regeln und mit viel Humor neu erfinden.<\/p>\n<p><strong>Termine des BMW Welt Jazz Award 2018<\/strong><\/p>\n<p>Weitere Auswahlmatineen 11:00 bis ca. 13:30 Uhr im Doppelkegel der BMW Welt:<\/p>\n<ol start=\"25\">\n<li>Februar 2018\u00a0\u00a0\u00a0\u00a0\u00a0\u00a0\u00a0\u00a0\u00a0\u00a0 Jukka Eskola Soul Trio<\/li>\n<li>M\u00e4rz 2018\u00a0\u00a0\u00a0\u00a0\u00a0\u00a0\u00a0\u00a0\u00a0\u00a0\u00a0\u00a0\u00a0\u00a0\u00a0 PUERTA SUR \u2013 Tangomoods. Arroyo\/Schl\u00e4ppi\/Engler<\/li>\n<li>M\u00e4rz 2018\u00a0\u00a0\u00a0\u00a0\u00a0\u00a0\u00a0\u00a0\u00a0\u00a0\u00a0\u00a0\u00a0\u00a0\u00a0 Andi Kissenbeck\u2019s CLUB BOOGALOO<\/li>\n<li>April 2018\u00a0\u00a0\u00a0\u00a0\u00a0\u00a0\u00a0\u00a0\u00a0\u00a0\u00a0\u00a0\u00a0\u00a0\u00a0\u00a0 Beady Belle<\/li>\n<li>April 2018\u00a0\u00a0\u00a0\u00a0\u00a0\u00a0\u00a0\u00a0\u00a0\u00a0\u00a0\u00a0\u00a0\u00a0\u00a0\u00a0 BartolomeyBittmann progressive strings Vienna<\/li>\n<\/ol>\n","protected":false},"excerpt":{"rendered":"<p>Gelungener\u00a0 Auftakt der neuen Competition \u201eBMW Welt Jazz Award\u201c mit dem Leo Betzl Trio. Mit akustischen Instrumenten fr\u00f6nten die drei bayerischen Spitzenmusiker ihrer gr\u00f6\u00dften Leidenschaft neben dem Jazz: dem Techno. Im wie immer vollbesetzten Doppelkegel der BMW Welt in M\u00fcnchen \u00a0schraubten sich technoide Jazzgrooves und\u00a0 verjazzter Techno in die futuristische Glaskuppel. Mehr zu diesem Konzert im Artikel von Ssirus W. Pakzad unter www.nmz.de Der BMW Welt Jazz Award geht 2018 in seine zehnte Ausgabe. Auch dieses Jahr entscheidet sich \u00a0die Jury nach sechs Sonntagsmatineen f\u00fcr zwei Bands, die im Finale um den BMW Welt Jazz Award am 9. Juni 2018 spielen. Auf den Techno bayerischer Provenienz am gestrigen Sonntag, folgt am 25. Februar Soul mit finnischer Handschrift vom Jukka Eskola Soul Trio. In den vergangenen zehn Jahren zeigte sich der Trompeter Jukka Eskola vielseitig und spielte in renommierten Ensembles von Dancefloor-Grooves beim Five Corners Quintet \u00fcber den Expressionismus der Bigband von Mikko Innanen bis hin zu Jimi Tenors witzigen Jazz-Parodien. Mit seinem Jukka Eskola Soul Trio kehrt er nun gemeinsam mit Mikko Helev\u00e4 an der Orgel und Schlagzeuger Teppo M\u00e4kynen zur\u00fcck zum Wesentlichen. Den bewegungs-intensiven &hellip;<\/p>\n","protected":false},"author":18,"featured_media":15117,"comment_status":"open","ping_status":"closed","sticky":false,"template":"","format":"standard","meta":{"_jetpack_memberships_contains_paid_content":false,"footnotes":"","jetpack_publicize_message":"","jetpack_publicize_feature_enabled":true,"jetpack_social_post_already_shared":false,"jetpack_social_options":{"image_generator_settings":{"template":"highway","default_image_id":0,"font":"","enabled":false},"version":2}},"categories":[633],"tags":[1319,73,1104,85,86,120,149,1876,254,322,1306,401,421,1089,1356],"coauthors":[695],"class_list":["post-15114","post","type-post","status-publish","format-standard","has-post-thumbnail","hentry","category-nachrichten","tag-betzl","tag-bigband","tag-blue-note","tag-bmw-welt","tag-bmw-welt-jazz-award","tag-club","tag-doppelkegel","tag-jazz","tag-jazz-award","tag-konzert-2","tag-leo-betzl","tag-muenchen","tag-nmz","tag-ssirus-w-pakzad","tag-trio"],"yoast_head":"<!-- This site is optimized with the Yoast SEO plugin v27.5 - https:\/\/yoast.com\/product\/yoast-seo-wordpress\/ -->\n<title>Das Leo Betzl Trio legt vor: der BMW Welt Jazz Award 2018 hat begonnen - JazzZeitung<\/title>\n<meta name=\"robots\" content=\"index, follow, max-snippet:-1, max-image-preview:large, max-video-preview:-1\" \/>\n<link rel=\"canonical\" href=\"https:\/\/www.jazzzeitung.de\/cms\/2018\/02\/das-leo-betzl-trio-legt-vor-der-bmw-welt-jazz-award-hat-begonnen\/\" \/>\n<meta property=\"og:locale\" content=\"de_DE\" \/>\n<meta property=\"og:type\" content=\"article\" \/>\n<meta property=\"og:title\" content=\"Das Leo Betzl Trio legt vor: der BMW Welt Jazz Award 2018 hat begonnen - JazzZeitung\" \/>\n<meta property=\"og:description\" content=\"Gelungener\u00a0 Auftakt der neuen Competition \u201eBMW Welt Jazz Award\u201c mit dem Leo Betzl Trio. Mit akustischen Instrumenten fr\u00f6nten die drei bayerischen Spitzenmusiker ihrer gr\u00f6\u00dften Leidenschaft neben dem Jazz: dem Techno. Im wie immer vollbesetzten Doppelkegel der BMW Welt in M\u00fcnchen \u00a0schraubten sich technoide Jazzgrooves und\u00a0 verjazzter Techno in die futuristische Glaskuppel. Mehr zu diesem Konzert im Artikel von Ssirus W. Pakzad unter www.nmz.de Der BMW Welt Jazz Award geht 2018 in seine zehnte Ausgabe. Auch dieses Jahr entscheidet sich \u00a0die Jury nach sechs Sonntagsmatineen f\u00fcr zwei Bands, die im Finale um den BMW Welt Jazz Award am 9. Juni 2018 spielen. Auf den Techno bayerischer Provenienz am gestrigen Sonntag, folgt am 25. Februar Soul mit finnischer Handschrift vom Jukka Eskola Soul Trio. In den vergangenen zehn Jahren zeigte sich der Trompeter Jukka Eskola vielseitig und spielte in renommierten Ensembles von Dancefloor-Grooves beim Five Corners Quintet \u00fcber den Expressionismus der Bigband von Mikko Innanen bis hin zu Jimi Tenors witzigen Jazz-Parodien. Mit seinem Jukka Eskola Soul Trio kehrt er nun gemeinsam mit Mikko Helev\u00e4 an der Orgel und Schlagzeuger Teppo M\u00e4kynen zur\u00fcck zum Wesentlichen. Den bewegungs-intensiven &hellip;\" \/>\n<meta property=\"og:url\" content=\"https:\/\/www.jazzzeitung.de\/cms\/2018\/02\/das-leo-betzl-trio-legt-vor-der-bmw-welt-jazz-award-hat-begonnen\/\" \/>\n<meta property=\"og:site_name\" content=\"JazzZeitung\" \/>\n<meta property=\"article:publisher\" content=\"https:\/\/www.facebook.com\/JazzZeitung\/\" \/>\n<meta property=\"article:published_time\" content=\"2018-02-19T11:50:20+00:00\" \/>\n<meta property=\"article:modified_time\" content=\"2018-02-19T13:14:51+00:00\" \/>\n<meta property=\"og:image\" content=\"https:\/\/i0.wp.com\/www.jazzzeitung.de\/cms\/wp-content\/uploads\/2018\/02\/0K3A7694-Hirning-dombr.jpg?fit=1280%2C851&ssl=1\" \/>\n\t<meta property=\"og:image:width\" content=\"1280\" \/>\n\t<meta property=\"og:image:height\" content=\"851\" \/>\n\t<meta property=\"og:image:type\" content=\"image\/jpeg\" \/>\n<meta name=\"author\" content=\"Redaktion JazzZeitung\" \/>\n<script type=\"application\/ld+json\" class=\"yoast-schema-graph\">{\"@context\":\"https:\\\/\\\/schema.org\",\"@graph\":[{\"@type\":\"Article\",\"@id\":\"https:\\\/\\\/www.jazzzeitung.de\\\/cms\\\/2018\\\/02\\\/das-leo-betzl-trio-legt-vor-der-bmw-welt-jazz-award-hat-begonnen\\\/#article\",\"isPartOf\":{\"@id\":\"https:\\\/\\\/www.jazzzeitung.de\\\/cms\\\/2018\\\/02\\\/das-leo-betzl-trio-legt-vor-der-bmw-welt-jazz-award-hat-begonnen\\\/\"},\"author\":{\"name\":\"Redaktion JazzZeitung\",\"@id\":\"https:\\\/\\\/www.jazzzeitung.de\\\/cms\\\/#\\\/schema\\\/person\\\/2245b36b9cd1d24cea10f01c031fb92b\"},\"headline\":\"Das Leo Betzl Trio legt vor: der BMW Welt Jazz Award 2018 hat begonnen\",\"datePublished\":\"2018-02-19T11:50:20+00:00\",\"dateModified\":\"2018-02-19T13:14:51+00:00\",\"mainEntityOfPage\":{\"@id\":\"https:\\\/\\\/www.jazzzeitung.de\\\/cms\\\/2018\\\/02\\\/das-leo-betzl-trio-legt-vor-der-bmw-welt-jazz-award-hat-begonnen\\\/\"},\"wordCount\":290,\"commentCount\":0,\"publisher\":{\"@id\":\"https:\\\/\\\/www.jazzzeitung.de\\\/cms\\\/#organization\"},\"image\":{\"@id\":\"https:\\\/\\\/www.jazzzeitung.de\\\/cms\\\/2018\\\/02\\\/das-leo-betzl-trio-legt-vor-der-bmw-welt-jazz-award-hat-begonnen\\\/#primaryimage\"},\"thumbnailUrl\":\"https:\\\/\\\/i0.wp.com\\\/www.jazzzeitung.de\\\/cms\\\/wp-content\\\/uploads\\\/2018\\\/02\\\/0K3A7694-Hirning-dombr.jpg?fit=1280%2C851&ssl=1\",\"keywords\":[\"betzl\",\"Bigband\",\"Blue Note\",\"bmw welt\",\"bmw welt jazz award\",\"Club\",\"Doppelkegel\",\"Jazz\",\"Jazz Award\",\"Konzert\",\"Leo Betzl\",\"M\u00fcnchen\",\"nmz\",\"Ssirus W. Pakzad\",\"trio\"],\"articleSection\":[\"News\"],\"inLanguage\":\"de\",\"potentialAction\":[{\"@type\":\"CommentAction\",\"name\":\"Comment\",\"target\":[\"https:\\\/\\\/www.jazzzeitung.de\\\/cms\\\/2018\\\/02\\\/das-leo-betzl-trio-legt-vor-der-bmw-welt-jazz-award-hat-begonnen\\\/#respond\"]}]},{\"@type\":\"WebPage\",\"@id\":\"https:\\\/\\\/www.jazzzeitung.de\\\/cms\\\/2018\\\/02\\\/das-leo-betzl-trio-legt-vor-der-bmw-welt-jazz-award-hat-begonnen\\\/\",\"url\":\"https:\\\/\\\/www.jazzzeitung.de\\\/cms\\\/2018\\\/02\\\/das-leo-betzl-trio-legt-vor-der-bmw-welt-jazz-award-hat-begonnen\\\/\",\"name\":\"Das Leo Betzl Trio legt vor: der BMW Welt Jazz Award 2018 hat begonnen - JazzZeitung\",\"isPartOf\":{\"@id\":\"https:\\\/\\\/www.jazzzeitung.de\\\/cms\\\/#website\"},\"primaryImageOfPage\":{\"@id\":\"https:\\\/\\\/www.jazzzeitung.de\\\/cms\\\/2018\\\/02\\\/das-leo-betzl-trio-legt-vor-der-bmw-welt-jazz-award-hat-begonnen\\\/#primaryimage\"},\"image\":{\"@id\":\"https:\\\/\\\/www.jazzzeitung.de\\\/cms\\\/2018\\\/02\\\/das-leo-betzl-trio-legt-vor-der-bmw-welt-jazz-award-hat-begonnen\\\/#primaryimage\"},\"thumbnailUrl\":\"https:\\\/\\\/i0.wp.com\\\/www.jazzzeitung.de\\\/cms\\\/wp-content\\\/uploads\\\/2018\\\/02\\\/0K3A7694-Hirning-dombr.jpg?fit=1280%2C851&ssl=1\",\"datePublished\":\"2018-02-19T11:50:20+00:00\",\"dateModified\":\"2018-02-19T13:14:51+00:00\",\"breadcrumb\":{\"@id\":\"https:\\\/\\\/www.jazzzeitung.de\\\/cms\\\/2018\\\/02\\\/das-leo-betzl-trio-legt-vor-der-bmw-welt-jazz-award-hat-begonnen\\\/#breadcrumb\"},\"inLanguage\":\"de\",\"potentialAction\":[{\"@type\":\"ReadAction\",\"target\":[\"https:\\\/\\\/www.jazzzeitung.de\\\/cms\\\/2018\\\/02\\\/das-leo-betzl-trio-legt-vor-der-bmw-welt-jazz-award-hat-begonnen\\\/\"]}]},{\"@type\":\"ImageObject\",\"inLanguage\":\"de\",\"@id\":\"https:\\\/\\\/www.jazzzeitung.de\\\/cms\\\/2018\\\/02\\\/das-leo-betzl-trio-legt-vor-der-bmw-welt-jazz-award-hat-begonnen\\\/#primaryimage\",\"url\":\"https:\\\/\\\/i0.wp.com\\\/www.jazzzeitung.de\\\/cms\\\/wp-content\\\/uploads\\\/2018\\\/02\\\/0K3A7694-Hirning-dombr.jpg?fit=1280%2C851&ssl=1\",\"contentUrl\":\"https:\\\/\\\/i0.wp.com\\\/www.jazzzeitung.de\\\/cms\\\/wp-content\\\/uploads\\\/2018\\\/02\\\/0K3A7694-Hirning-dombr.jpg?fit=1280%2C851&ssl=1\",\"width\":1280,\"height\":851,\"caption\":\"BMW Welt Jazz Award 2018: Maximilian Hirning, Bass-Werker des Leo Betzl Trio. Foto: Ralf Dombrowski\"},{\"@type\":\"BreadcrumbList\",\"@id\":\"https:\\\/\\\/www.jazzzeitung.de\\\/cms\\\/2018\\\/02\\\/das-leo-betzl-trio-legt-vor-der-bmw-welt-jazz-award-hat-begonnen\\\/#breadcrumb\",\"itemListElement\":[{\"@type\":\"ListItem\",\"position\":1,\"name\":\"Startseite\",\"item\":\"https:\\\/\\\/www.jazzzeitung.de\\\/cms\\\/\"},{\"@type\":\"ListItem\",\"position\":2,\"name\":\"Das Leo Betzl Trio legt vor: der BMW Welt Jazz Award 2018 hat begonnen\"}]},{\"@type\":\"WebSite\",\"@id\":\"https:\\\/\\\/www.jazzzeitung.de\\\/cms\\\/#website\",\"url\":\"https:\\\/\\\/www.jazzzeitung.de\\\/cms\\\/\",\"name\":\"JazzZeitung\",\"description\":\"Jazz-News und Jazz-Kontroverses\",\"publisher\":{\"@id\":\"https:\\\/\\\/www.jazzzeitung.de\\\/cms\\\/#organization\"},\"potentialAction\":[{\"@type\":\"SearchAction\",\"target\":{\"@type\":\"EntryPoint\",\"urlTemplate\":\"https:\\\/\\\/www.jazzzeitung.de\\\/cms\\\/?s={search_term_string}\"},\"query-input\":{\"@type\":\"PropertyValueSpecification\",\"valueRequired\":true,\"valueName\":\"search_term_string\"}}],\"inLanguage\":\"de\"},{\"@type\":\"Organization\",\"@id\":\"https:\\\/\\\/www.jazzzeitung.de\\\/cms\\\/#organization\",\"name\":\"JazzZeitung online\",\"url\":\"https:\\\/\\\/www.jazzzeitung.de\\\/cms\\\/\",\"logo\":{\"@type\":\"ImageObject\",\"inLanguage\":\"de\",\"@id\":\"https:\\\/\\\/www.jazzzeitung.de\\\/cms\\\/#\\\/schema\\\/logo\\\/image\\\/\",\"url\":\"https:\\\/\\\/i0.wp.com\\\/www.jazzzeitung.de\\\/cms\\\/wp-content\\\/uploads\\\/2015\\\/08\\\/JAZZZEITUNGDE_Logo_Neu.png?fit=499%2C200&ssl=1\",\"contentUrl\":\"https:\\\/\\\/i0.wp.com\\\/www.jazzzeitung.de\\\/cms\\\/wp-content\\\/uploads\\\/2015\\\/08\\\/JAZZZEITUNGDE_Logo_Neu.png?fit=499%2C200&ssl=1\",\"width\":499,\"height\":200,\"caption\":\"JazzZeitung online\"},\"image\":{\"@id\":\"https:\\\/\\\/www.jazzzeitung.de\\\/cms\\\/#\\\/schema\\\/logo\\\/image\\\/\"},\"sameAs\":[\"https:\\\/\\\/www.facebook.com\\\/JazzZeitung\\\/\"]},{\"@type\":\"Person\",\"@id\":\"https:\\\/\\\/www.jazzzeitung.de\\\/cms\\\/#\\\/schema\\\/person\\\/2245b36b9cd1d24cea10f01c031fb92b\",\"name\":\"Redaktion JazzZeitung\",\"image\":{\"@type\":\"ImageObject\",\"inLanguage\":\"de\",\"@id\":\"https:\\\/\\\/i0.wp.com\\\/www.jazzzeitung.de\\\/cms\\\/wp-content\\\/uploads\\\/2015\\\/08\\\/JAZZZEITUNGDE_Logo_Neu.png?resize=96%2C96&ssl=159975dcacb611b5700bd619b5daf0a7a\",\"url\":\"https:\\\/\\\/i0.wp.com\\\/www.jazzzeitung.de\\\/cms\\\/wp-content\\\/uploads\\\/2015\\\/08\\\/JAZZZEITUNGDE_Logo_Neu.png?resize=96%2C96&ssl=1\",\"contentUrl\":\"https:\\\/\\\/i0.wp.com\\\/www.jazzzeitung.de\\\/cms\\\/wp-content\\\/uploads\\\/2015\\\/08\\\/JAZZZEITUNGDE_Logo_Neu.png?resize=96%2C96&ssl=1\",\"caption\":\"Redaktion JazzZeitung\"},\"description\":\"Artikel der Redaktion der JazzZeitung.\",\"sameAs\":[\"http:\\\/\\\/www.jazzzeitung.de\\\/cms\\\/\"],\"url\":\"https:\\\/\\\/www.jazzzeitung.de\\\/cms\\\/author\\\/redaktion\\\/\"}]}<\/script>\n<!-- \/ Yoast SEO plugin. -->","yoast_head_json":{"title":"Das Leo Betzl Trio legt vor: der BMW Welt Jazz Award 2018 hat begonnen - JazzZeitung","robots":{"index":"index","follow":"follow","max-snippet":"max-snippet:-1","max-image-preview":"max-image-preview:large","max-video-preview":"max-video-preview:-1"},"canonical":"https:\/\/www.jazzzeitung.de\/cms\/2018\/02\/das-leo-betzl-trio-legt-vor-der-bmw-welt-jazz-award-hat-begonnen\/","og_locale":"de_DE","og_type":"article","og_title":"Das Leo Betzl Trio legt vor: der BMW Welt Jazz Award 2018 hat begonnen - JazzZeitung","og_description":"Gelungener\u00a0 Auftakt der neuen Competition \u201eBMW Welt Jazz Award\u201c mit dem Leo Betzl Trio. Mit akustischen Instrumenten fr\u00f6nten die drei bayerischen Spitzenmusiker ihrer gr\u00f6\u00dften Leidenschaft neben dem Jazz: dem Techno. Im wie immer vollbesetzten Doppelkegel der BMW Welt in M\u00fcnchen \u00a0schraubten sich technoide Jazzgrooves und\u00a0 verjazzter Techno in die futuristische Glaskuppel. Mehr zu diesem Konzert im Artikel von Ssirus W. Pakzad unter www.nmz.de Der BMW Welt Jazz Award geht 2018 in seine zehnte Ausgabe. Auch dieses Jahr entscheidet sich \u00a0die Jury nach sechs Sonntagsmatineen f\u00fcr zwei Bands, die im Finale um den BMW Welt Jazz Award am 9. Juni 2018 spielen. Auf den Techno bayerischer Provenienz am gestrigen Sonntag, folgt am 25. Februar Soul mit finnischer Handschrift vom Jukka Eskola Soul Trio. In den vergangenen zehn Jahren zeigte sich der Trompeter Jukka Eskola vielseitig und spielte in renommierten Ensembles von Dancefloor-Grooves beim Five Corners Quintet \u00fcber den Expressionismus der Bigband von Mikko Innanen bis hin zu Jimi Tenors witzigen Jazz-Parodien. Mit seinem Jukka Eskola Soul Trio kehrt er nun gemeinsam mit Mikko Helev\u00e4 an der Orgel und Schlagzeuger Teppo M\u00e4kynen zur\u00fcck zum Wesentlichen. Den bewegungs-intensiven &hellip;","og_url":"https:\/\/www.jazzzeitung.de\/cms\/2018\/02\/das-leo-betzl-trio-legt-vor-der-bmw-welt-jazz-award-hat-begonnen\/","og_site_name":"JazzZeitung","article_publisher":"https:\/\/www.facebook.com\/JazzZeitung\/","article_published_time":"2018-02-19T11:50:20+00:00","article_modified_time":"2018-02-19T13:14:51+00:00","og_image":[{"width":1280,"height":851,"url":"https:\/\/i0.wp.com\/www.jazzzeitung.de\/cms\/wp-content\/uploads\/2018\/02\/0K3A7694-Hirning-dombr.jpg?fit=1280%2C851&ssl=1","type":"image\/jpeg"}],"author":"Redaktion JazzZeitung","schema":{"@context":"https:\/\/schema.org","@graph":[{"@type":"Article","@id":"https:\/\/www.jazzzeitung.de\/cms\/2018\/02\/das-leo-betzl-trio-legt-vor-der-bmw-welt-jazz-award-hat-begonnen\/#article","isPartOf":{"@id":"https:\/\/www.jazzzeitung.de\/cms\/2018\/02\/das-leo-betzl-trio-legt-vor-der-bmw-welt-jazz-award-hat-begonnen\/"},"author":{"name":"Redaktion JazzZeitung","@id":"https:\/\/www.jazzzeitung.de\/cms\/#\/schema\/person\/2245b36b9cd1d24cea10f01c031fb92b"},"headline":"Das Leo Betzl Trio legt vor: der BMW Welt Jazz Award 2018 hat begonnen","datePublished":"2018-02-19T11:50:20+00:00","dateModified":"2018-02-19T13:14:51+00:00","mainEntityOfPage":{"@id":"https:\/\/www.jazzzeitung.de\/cms\/2018\/02\/das-leo-betzl-trio-legt-vor-der-bmw-welt-jazz-award-hat-begonnen\/"},"wordCount":290,"commentCount":0,"publisher":{"@id":"https:\/\/www.jazzzeitung.de\/cms\/#organization"},"image":{"@id":"https:\/\/www.jazzzeitung.de\/cms\/2018\/02\/das-leo-betzl-trio-legt-vor-der-bmw-welt-jazz-award-hat-begonnen\/#primaryimage"},"thumbnailUrl":"https:\/\/i0.wp.com\/www.jazzzeitung.de\/cms\/wp-content\/uploads\/2018\/02\/0K3A7694-Hirning-dombr.jpg?fit=1280%2C851&ssl=1","keywords":["betzl","Bigband","Blue Note","bmw welt","bmw welt jazz award","Club","Doppelkegel","Jazz","Jazz Award","Konzert","Leo Betzl","M\u00fcnchen","nmz","Ssirus W. Pakzad","trio"],"articleSection":["News"],"inLanguage":"de","potentialAction":[{"@type":"CommentAction","name":"Comment","target":["https:\/\/www.jazzzeitung.de\/cms\/2018\/02\/das-leo-betzl-trio-legt-vor-der-bmw-welt-jazz-award-hat-begonnen\/#respond"]}]},{"@type":"WebPage","@id":"https:\/\/www.jazzzeitung.de\/cms\/2018\/02\/das-leo-betzl-trio-legt-vor-der-bmw-welt-jazz-award-hat-begonnen\/","url":"https:\/\/www.jazzzeitung.de\/cms\/2018\/02\/das-leo-betzl-trio-legt-vor-der-bmw-welt-jazz-award-hat-begonnen\/","name":"Das Leo Betzl Trio legt vor: der BMW Welt Jazz Award 2018 hat begonnen - JazzZeitung","isPartOf":{"@id":"https:\/\/www.jazzzeitung.de\/cms\/#website"},"primaryImageOfPage":{"@id":"https:\/\/www.jazzzeitung.de\/cms\/2018\/02\/das-leo-betzl-trio-legt-vor-der-bmw-welt-jazz-award-hat-begonnen\/#primaryimage"},"image":{"@id":"https:\/\/www.jazzzeitung.de\/cms\/2018\/02\/das-leo-betzl-trio-legt-vor-der-bmw-welt-jazz-award-hat-begonnen\/#primaryimage"},"thumbnailUrl":"https:\/\/i0.wp.com\/www.jazzzeitung.de\/cms\/wp-content\/uploads\/2018\/02\/0K3A7694-Hirning-dombr.jpg?fit=1280%2C851&ssl=1","datePublished":"2018-02-19T11:50:20+00:00","dateModified":"2018-02-19T13:14:51+00:00","breadcrumb":{"@id":"https:\/\/www.jazzzeitung.de\/cms\/2018\/02\/das-leo-betzl-trio-legt-vor-der-bmw-welt-jazz-award-hat-begonnen\/#breadcrumb"},"inLanguage":"de","potentialAction":[{"@type":"ReadAction","target":["https:\/\/www.jazzzeitung.de\/cms\/2018\/02\/das-leo-betzl-trio-legt-vor-der-bmw-welt-jazz-award-hat-begonnen\/"]}]},{"@type":"ImageObject","inLanguage":"de","@id":"https:\/\/www.jazzzeitung.de\/cms\/2018\/02\/das-leo-betzl-trio-legt-vor-der-bmw-welt-jazz-award-hat-begonnen\/#primaryimage","url":"https:\/\/i0.wp.com\/www.jazzzeitung.de\/cms\/wp-content\/uploads\/2018\/02\/0K3A7694-Hirning-dombr.jpg?fit=1280%2C851&ssl=1","contentUrl":"https:\/\/i0.wp.com\/www.jazzzeitung.de\/cms\/wp-content\/uploads\/2018\/02\/0K3A7694-Hirning-dombr.jpg?fit=1280%2C851&ssl=1","width":1280,"height":851,"caption":"BMW Welt Jazz Award 2018: Maximilian Hirning, Bass-Werker des Leo Betzl Trio. Foto: Ralf Dombrowski"},{"@type":"BreadcrumbList","@id":"https:\/\/www.jazzzeitung.de\/cms\/2018\/02\/das-leo-betzl-trio-legt-vor-der-bmw-welt-jazz-award-hat-begonnen\/#breadcrumb","itemListElement":[{"@type":"ListItem","position":1,"name":"Startseite","item":"https:\/\/www.jazzzeitung.de\/cms\/"},{"@type":"ListItem","position":2,"name":"Das Leo Betzl Trio legt vor: der BMW Welt Jazz Award 2018 hat begonnen"}]},{"@type":"WebSite","@id":"https:\/\/www.jazzzeitung.de\/cms\/#website","url":"https:\/\/www.jazzzeitung.de\/cms\/","name":"JazzZeitung","description":"Jazz-News und Jazz-Kontroverses","publisher":{"@id":"https:\/\/www.jazzzeitung.de\/cms\/#organization"},"potentialAction":[{"@type":"SearchAction","target":{"@type":"EntryPoint","urlTemplate":"https:\/\/www.jazzzeitung.de\/cms\/?s={search_term_string}"},"query-input":{"@type":"PropertyValueSpecification","valueRequired":true,"valueName":"search_term_string"}}],"inLanguage":"de"},{"@type":"Organization","@id":"https:\/\/www.jazzzeitung.de\/cms\/#organization","name":"JazzZeitung online","url":"https:\/\/www.jazzzeitung.de\/cms\/","logo":{"@type":"ImageObject","inLanguage":"de","@id":"https:\/\/www.jazzzeitung.de\/cms\/#\/schema\/logo\/image\/","url":"https:\/\/i0.wp.com\/www.jazzzeitung.de\/cms\/wp-content\/uploads\/2015\/08\/JAZZZEITUNGDE_Logo_Neu.png?fit=499%2C200&ssl=1","contentUrl":"https:\/\/i0.wp.com\/www.jazzzeitung.de\/cms\/wp-content\/uploads\/2015\/08\/JAZZZEITUNGDE_Logo_Neu.png?fit=499%2C200&ssl=1","width":499,"height":200,"caption":"JazzZeitung online"},"image":{"@id":"https:\/\/www.jazzzeitung.de\/cms\/#\/schema\/logo\/image\/"},"sameAs":["https:\/\/www.facebook.com\/JazzZeitung\/"]},{"@type":"Person","@id":"https:\/\/www.jazzzeitung.de\/cms\/#\/schema\/person\/2245b36b9cd1d24cea10f01c031fb92b","name":"Redaktion JazzZeitung","image":{"@type":"ImageObject","inLanguage":"de","@id":"https:\/\/i0.wp.com\/www.jazzzeitung.de\/cms\/wp-content\/uploads\/2015\/08\/JAZZZEITUNGDE_Logo_Neu.png?resize=96%2C96&ssl=159975dcacb611b5700bd619b5daf0a7a","url":"https:\/\/i0.wp.com\/www.jazzzeitung.de\/cms\/wp-content\/uploads\/2015\/08\/JAZZZEITUNGDE_Logo_Neu.png?resize=96%2C96&ssl=1","contentUrl":"https:\/\/i0.wp.com\/www.jazzzeitung.de\/cms\/wp-content\/uploads\/2015\/08\/JAZZZEITUNGDE_Logo_Neu.png?resize=96%2C96&ssl=1","caption":"Redaktion JazzZeitung"},"description":"Artikel der Redaktion der JazzZeitung.","sameAs":["http:\/\/www.jazzzeitung.de\/cms\/"],"url":"https:\/\/www.jazzzeitung.de\/cms\/author\/redaktion\/"}]}},"wp-worthy-pixel":{"ignored":false,"public":null,"server":null,"url":null},"wp-worthy-type":"normal","jetpack_publicize_connections":[],"cc_featured_image_caption":{"caption_text":"","source_text":"","source_url":""},"jetpack_featured_media_url":"https:\/\/i0.wp.com\/www.jazzzeitung.de\/cms\/wp-content\/uploads\/2018\/02\/0K3A7694-Hirning-dombr.jpg?fit=1280%2C851&ssl=1","jetpack_shortlink":"https:\/\/wp.me\/p3KEcT-3VM","jetpack-related-posts":[{"id":14972,"url":"https:\/\/www.jazzzeitung.de\/cms\/2018\/02\/auftakt-des-bmw-welt-jazz-award-2018-jazz-moves-interpretiert-von-lbt-und-dem-jukka-eskola-soul-trio\/","url_meta":{"origin":15114,"position":0},"title":"Fotos aus zehn Jahre BMW Welt Jazz Award. Das Motto der zehnten Ausgabe hei\u00dft: \u201eJazz moves\u201c","author":"Redaktion JazzZeitung","date":"1. Februar 2018","format":false,"excerpt":"Der BMW Welt Jazz Award feiert sein zehnj\u00e4hriges Jubil\u00e4um. Ssirus W. Pakzad hat als Musikkritiker den Wettbewerb zehn Jahr lang leidenschaftlich und mit Kennerschaft\u00a0 begleitet und in seiner Rolle als Fotograf viele musikalische Momente festgehalten. Hier eine Galerie mit einer kleinen Auswahl seiner Arbeiten aus dem Doppelkegel der BMW Welt\u2026","rel":"","context":"In &quot;News&quot;","block_context":{"text":"News","link":"https:\/\/www.jazzzeitung.de\/cms\/thema\/nachrichten\/"},"img":{"alt_text":"","src":"https:\/\/i0.wp.com\/www.jazzzeitung.de\/cms\/wp-content\/uploads\/2018\/02\/nru.jpg?fit=1200%2C823&ssl=1&resize=350%2C200","width":350,"height":200,"srcset":"https:\/\/i0.wp.com\/www.jazzzeitung.de\/cms\/wp-content\/uploads\/2018\/02\/nru.jpg?fit=1200%2C823&ssl=1&resize=350%2C200 1x, https:\/\/i0.wp.com\/www.jazzzeitung.de\/cms\/wp-content\/uploads\/2018\/02\/nru.jpg?fit=1200%2C823&ssl=1&resize=525%2C300 1.5x, https:\/\/i0.wp.com\/www.jazzzeitung.de\/cms\/wp-content\/uploads\/2018\/02\/nru.jpg?fit=1200%2C823&ssl=1&resize=700%2C400 2x, https:\/\/i0.wp.com\/www.jazzzeitung.de\/cms\/wp-content\/uploads\/2018\/02\/nru.jpg?fit=1200%2C823&ssl=1&resize=1050%2C600 3x"},"classes":[]},{"id":11720,"url":"https:\/\/www.jazzzeitung.de\/cms\/2017\/02\/bmw-welt-jazz-award-3-konzert-mit-henning-sieverts-symmethree\/","url_meta":{"origin":15114,"position":1},"title":"Konzert Nummer 3 des BMW Welt Jazz Award: Henning Sieverts mit Symmethree","author":"Redaktion JazzZeitung","date":"20. Februar 2017","format":false,"excerpt":"Der M\u00fcnchner Spitzenbassist und gefragte Sideman Henning Sievert kam mit seinem Trioprojekt \u201eSymmethree\u201c in die Kulisse des Doppelkegels der BMW Welt M\u00fcnchen. Mit dabei der Posaunist \u2013 und BMW Welt Jazz Award Gewinner 2011 \u2013 Nils Wogram sowie der Gitarrist Ronny Graupe.\u00a0 Thomas J. Krebs hielt das Event mit seiner\u2026","rel":"","context":"In &quot;Galerie&quot;","block_context":{"text":"Galerie","link":"https:\/\/www.jazzzeitung.de\/cms\/thema\/galerie\/"},"img":{"alt_text":"","src":"https:\/\/i0.wp.com\/www.jazzzeitung.de\/cms\/wp-content\/uploads\/2017\/02\/P1190896-Sieverts-Foto-TJ-Krebs.jpg?resize=350%2C200","width":350,"height":200,"srcset":"https:\/\/i0.wp.com\/www.jazzzeitung.de\/cms\/wp-content\/uploads\/2017\/02\/P1190896-Sieverts-Foto-TJ-Krebs.jpg?resize=350%2C200 1x, https:\/\/i0.wp.com\/www.jazzzeitung.de\/cms\/wp-content\/uploads\/2017\/02\/P1190896-Sieverts-Foto-TJ-Krebs.jpg?resize=525%2C300 1.5x"},"classes":[]},{"id":15908,"url":"https:\/\/www.jazzzeitung.de\/cms\/2018\/05\/die-finalisten-des-bmw-welt-jazz-award-2018-stehen-fest\/","url_meta":{"origin":15114,"position":2},"title":"BMW Welt Jazz Award: BartolomeyBittmann vs. LBT","author":"Redaktion JazzZeitung","date":"4. Mai 2018","format":false,"excerpt":"Die Finalisten des BMW Welt Jazz Award 2018 stehen fest Zum Finale des BMW Welt Jazz Awards, der in diesem Jahr sein zehnj\u00e4hriges Bestehen feiert, pr\u00e4sentieren sich LBT und BartolomeyBittmann progressive strings vienna im Auditorium der BMW Welt. Das Motto in diesem Jahr lautet \u201eJazz moves\u201c und so wird es\u2026","rel":"","context":"In &quot;News&quot;","block_context":{"text":"News","link":"https:\/\/www.jazzzeitung.de\/cms\/thema\/nachrichten\/"},"img":{"alt_text":"","src":"https:\/\/i0.wp.com\/www.jazzzeitung.de\/cms\/wp-content\/uploads\/2018\/04\/Beasdy-Belle-mit-ihrem-Sextett-im-Doppelkegel-Foto-TJ-Krebs-jazzphotoagency%40web.de_.jpg?fit=1200%2C800&ssl=1&resize=350%2C200","width":350,"height":200,"srcset":"https:\/\/i0.wp.com\/www.jazzzeitung.de\/cms\/wp-content\/uploads\/2018\/04\/Beasdy-Belle-mit-ihrem-Sextett-im-Doppelkegel-Foto-TJ-Krebs-jazzphotoagency%40web.de_.jpg?fit=1200%2C800&ssl=1&resize=350%2C200 1x, https:\/\/i0.wp.com\/www.jazzzeitung.de\/cms\/wp-content\/uploads\/2018\/04\/Beasdy-Belle-mit-ihrem-Sextett-im-Doppelkegel-Foto-TJ-Krebs-jazzphotoagency%40web.de_.jpg?fit=1200%2C800&ssl=1&resize=525%2C300 1.5x, https:\/\/i0.wp.com\/www.jazzzeitung.de\/cms\/wp-content\/uploads\/2018\/04\/Beasdy-Belle-mit-ihrem-Sextett-im-Doppelkegel-Foto-TJ-Krebs-jazzphotoagency%40web.de_.jpg?fit=1200%2C800&ssl=1&resize=700%2C400 2x, https:\/\/i0.wp.com\/www.jazzzeitung.de\/cms\/wp-content\/uploads\/2018\/04\/Beasdy-Belle-mit-ihrem-Sextett-im-Doppelkegel-Foto-TJ-Krebs-jazzphotoagency%40web.de_.jpg?fit=1200%2C800&ssl=1&resize=1050%2C600 3x"},"classes":[]},{"id":16326,"url":"https:\/\/www.jazzzeitung.de\/cms\/2018\/06\/bmw-welt-jazz-award-2018-geht-an-das-leo-betzl-trio\/","url_meta":{"origin":15114,"position":3},"title":"Die Kunst der Improvisation gewinnt: Der BMW Welt Jazz Award 2018 geht an das Leo Betzl Trio","author":"Redaktion JazzZeitung","date":"11. Juni 2018","format":false,"excerpt":"\u00a0 Der zehnte BMW Welt Jazz Award fand nach einem au\u00dfergew\u00f6hnlichen Abschlusskonzert seinen Sieger: Das Trio LBT, bestehend aus Pianist Leo Betzl, Schlagzeuger Sebastian Wolfgruber und Bassist Maximilian Hirning setzte sich am Samstagabend gegen das Duo BartolomeyBittmann - progressive strings vienna durch. Den Hauptpreis \u00fcberreichte Nicolas Peter, Mitglied des Vorstands\u2026","rel":"","context":"In &quot;News&quot;","block_context":{"text":"News","link":"https:\/\/www.jazzzeitung.de\/cms\/thema\/nachrichten\/"},"img":{"alt_text":"","src":"https:\/\/i0.wp.com\/www.jazzzeitung.de\/cms\/wp-content\/uploads\/2018\/06\/0K3A1544-Award-und-LBT-dombr.jpg?fit=1200%2C800&ssl=1&resize=350%2C200","width":350,"height":200,"srcset":"https:\/\/i0.wp.com\/www.jazzzeitung.de\/cms\/wp-content\/uploads\/2018\/06\/0K3A1544-Award-und-LBT-dombr.jpg?fit=1200%2C800&ssl=1&resize=350%2C200 1x, https:\/\/i0.wp.com\/www.jazzzeitung.de\/cms\/wp-content\/uploads\/2018\/06\/0K3A1544-Award-und-LBT-dombr.jpg?fit=1200%2C800&ssl=1&resize=525%2C300 1.5x, https:\/\/i0.wp.com\/www.jazzzeitung.de\/cms\/wp-content\/uploads\/2018\/06\/0K3A1544-Award-und-LBT-dombr.jpg?fit=1200%2C800&ssl=1&resize=700%2C400 2x, https:\/\/i0.wp.com\/www.jazzzeitung.de\/cms\/wp-content\/uploads\/2018\/06\/0K3A1544-Award-und-LBT-dombr.jpg?fit=1200%2C800&ssl=1&resize=1050%2C600 3x"},"classes":[]},{"id":5451,"url":"https:\/\/www.jazzzeitung.de\/cms\/2015\/02\/camila-meza-bei-den-bmw-welt-jazz-awards\/","url_meta":{"origin":15114,"position":4},"title":"Camila Meza beim BMW Welt Jazz Award","author":"Redaktion JazzZeitung","date":"9. Februar 2015","format":false,"excerpt":"Die junge Chilenin Camila Meza ist ein neues Gesicht in der europ\u00e4ischen Jazzwelt: Tats\u00e4chlich war der Gig der singenden Gitarristin am gestrigen Sonntagvormittag anl\u00e4sslich des BMW Welt Jazz Awards in Doppelkegel der BMW Welt ihr erster Trip nach M\u00fcnchen. Sie gilt derzeit als einer der angesagtesten Newcomer der New Yorker\u2026","rel":"","context":"In &quot;News&quot;","block_context":{"text":"News","link":"https:\/\/www.jazzzeitung.de\/cms\/thema\/nachrichten\/"},"img":{"alt_text":"Scott und Oh","src":"https:\/\/i0.wp.com\/www.jazzzeitung.de\/cms\/wp-content\/uploads\/2015\/02\/0K3A4948_Oh_Scott.jpg?resize=350%2C200","width":350,"height":200,"srcset":"https:\/\/i0.wp.com\/www.jazzzeitung.de\/cms\/wp-content\/uploads\/2015\/02\/0K3A4948_Oh_Scott.jpg?resize=350%2C200 1x, https:\/\/i0.wp.com\/www.jazzzeitung.de\/cms\/wp-content\/uploads\/2015\/02\/0K3A4948_Oh_Scott.jpg?resize=525%2C300 1.5x, https:\/\/i0.wp.com\/www.jazzzeitung.de\/cms\/wp-content\/uploads\/2015\/02\/0K3A4948_Oh_Scott.jpg?resize=700%2C400 2x, https:\/\/i0.wp.com\/www.jazzzeitung.de\/cms\/wp-content\/uploads\/2015\/02\/0K3A4948_Oh_Scott.jpg?resize=1050%2C600 3x"},"classes":[]},{"id":5715,"url":"https:\/\/www.jazzzeitung.de\/cms\/2015\/03\/majestaetisches-orchester-im-doppelkegel\/","url_meta":{"origin":15114,"position":5},"title":"&#8222;Majest\u00e4tisches&#8220; Orchester im Doppelkegel","author":"Redaktion JazzZeitung","date":"16. M\u00e4rz 2015","format":false,"excerpt":"Der schwedische Gitarrist Carl M\u00f6rner Ringstr\u00f6m trat mit seinem Majestic Orchester (William Larsson an den Keyboards, Paul Hinz am Bass und Daniel Johansson am Schlagzeug) beim BMW Welt Jazz Award auf. Thomas Krebs fotografierte den virtuosen Auftritt im Doppelkegel f\u00fcr die JazzZeitung. Eine ausf\u00fchrliche Konzertkritik von Ssirus W. Pakzad hier.","rel":"","context":"In &quot;Galerie&quot;","block_context":{"text":"Galerie","link":"https:\/\/www.jazzzeitung.de\/cms\/thema\/galerie\/"},"img":{"alt_text":"","src":"https:\/\/i0.wp.com\/www.jazzzeitung.de\/cms\/wp-content\/uploads\/2015\/03\/P1470586-Ringstr%C3%B6m-Copyright-TJ-Krebs-jazzphotoagency%40web.de_.jpg?fit=682%2C1024&ssl=1&resize=350%2C200","width":350,"height":200,"srcset":"https:\/\/i0.wp.com\/www.jazzzeitung.de\/cms\/wp-content\/uploads\/2015\/03\/P1470586-Ringstr%C3%B6m-Copyright-TJ-Krebs-jazzphotoagency%40web.de_.jpg?fit=682%2C1024&ssl=1&resize=350%2C200 1x, https:\/\/i0.wp.com\/www.jazzzeitung.de\/cms\/wp-content\/uploads\/2015\/03\/P1470586-Ringstr%C3%B6m-Copyright-TJ-Krebs-jazzphotoagency%40web.de_.jpg?fit=682%2C1024&ssl=1&resize=525%2C300 1.5x"},"classes":[]}],"jetpack_sharing_enabled":true,"_links":{"self":[{"href":"https:\/\/www.jazzzeitung.de\/cms\/wp-json\/wp\/v2\/posts\/15114","targetHints":{"allow":["GET"]}}],"collection":[{"href":"https:\/\/www.jazzzeitung.de\/cms\/wp-json\/wp\/v2\/posts"}],"about":[{"href":"https:\/\/www.jazzzeitung.de\/cms\/wp-json\/wp\/v2\/types\/post"}],"author":[{"embeddable":true,"href":"https:\/\/www.jazzzeitung.de\/cms\/wp-json\/wp\/v2\/users\/18"}],"replies":[{"embeddable":true,"href":"https:\/\/www.jazzzeitung.de\/cms\/wp-json\/wp\/v2\/comments?post=15114"}],"version-history":[{"count":7,"href":"https:\/\/www.jazzzeitung.de\/cms\/wp-json\/wp\/v2\/posts\/15114\/revisions"}],"predecessor-version":[{"id":15130,"href":"https:\/\/www.jazzzeitung.de\/cms\/wp-json\/wp\/v2\/posts\/15114\/revisions\/15130"}],"wp:featuredmedia":[{"embeddable":true,"href":"https:\/\/www.jazzzeitung.de\/cms\/wp-json\/wp\/v2\/media\/15117"}],"wp:attachment":[{"href":"https:\/\/www.jazzzeitung.de\/cms\/wp-json\/wp\/v2\/media?parent=15114"}],"wp:term":[{"taxonomy":"category","embeddable":true,"href":"https:\/\/www.jazzzeitung.de\/cms\/wp-json\/wp\/v2\/categories?post=15114"},{"taxonomy":"post_tag","embeddable":true,"href":"https:\/\/www.jazzzeitung.de\/cms\/wp-json\/wp\/v2\/tags?post=15114"},{"taxonomy":"author","embeddable":true,"href":"https:\/\/www.jazzzeitung.de\/cms\/wp-json\/wp\/v2\/coauthors?post=15114"}],"curies":[{"name":"wp","href":"https:\/\/api.w.org\/{rel}","templated":true}]}}