{"id":15100,"date":"2018-02-23T10:04:48","date_gmt":"2018-02-23T09:04:48","guid":{"rendered":"https:\/\/www.jazzzeitung.de\/cms\/?p=15100"},"modified":"2018-02-19T12:50:36","modified_gmt":"2018-02-19T11:50:36","slug":"wo-die-jazzwelt-zusammenkommt-fachmesse-jazzahead-vom-19-22-april-in-bremen","status":"publish","type":"post","link":"https:\/\/www.jazzzeitung.de\/cms\/2018\/02\/wo-die-jazzwelt-zusammenkommt-fachmesse-jazzahead-vom-19-22-april-in-bremen\/","title":{"rendered":"Wo die Jazzwelt zusammenkommt: Fachmesse jazzahead! Vom 19.-22. April in Bremen"},"content":{"rendered":"<p>Vom 19.-22. April findet die jazzahead! zum 13. Mal in der Messe Bremen statt. Wie die Veranstalter mitteilen, zeichne sich eine st\u00e4rkere Teilnahme aus den L\u00e4ndern ab, die als Zielm\u00e4rkte definiert worden sind. Zu den bisher schon sehr gut vertretenen europ\u00e4ischen L\u00e4ndern, wie beispielsweise Deutschland, Frankreich, Niederlande, Gro\u00dfbritannien, Schweiz oder die skandinavischen L\u00e4nder, r\u00fccken 2018 auch Zentraleuropa \u2013 insbesondere mit dem Partnerland Polen \u2013 und das Baltikum st\u00e4rker in den Einzugsbereich der weltweit gr\u00f6\u00dften Fachmesse f\u00fcr Jazz.\u00a0 In diesem Jahr werde vor allem auch die Teilnehmerzahl der US-Amerikaner noch einmal gesteigert, wie Projektleiterin Sybille Kornitschky berichtet. \u201eUnserem erkl\u00e4rten Ziel, den europ\u00e4ischen Markt, vor allem auch Deutschland, st\u00e4rker mit dem der USA zu verkn\u00fcpfen, sind wir sp\u00fcrbar n\u00e4her gekommen.\u201c<\/p>\n<p>Partnerland Polen &amp; bilaterale Handelsgespr\u00e4che<\/p>\n<p>Was f\u00fcr eine interessante und junge Jazzszene Polen vorzuweisen hat, das gibt es am 19. April in der \u201ePolish Night\u201c zu entdecken, mit der das Showcase-Festival der jazzahead! eindrucksvoll er\u00f6ffnet. Acht Bands aus dem diesj\u00e4hrigen Partnerland bekommen dort die Chance, sich der anwesenden Fachwelt und dem interessierten Publikum vorzustellen.<\/p>\n<figure id=\"attachment_15104\" aria-describedby=\"caption-attachment-15104\" style=\"width: 300px\" class=\"wp-caption aligncenter\"><a href=\"https:\/\/i0.wp.com\/www.jazzzeitung.de\/cms\/wp-content\/uploads\/2018\/02\/jazzaheadPolenJanRathke_MesseBremen.jpg?ssl=1\"><img data-recalc-dims=\"1\" loading=\"lazy\" decoding=\"async\" data-attachment-id=\"15104\" data-permalink=\"https:\/\/www.jazzzeitung.de\/cms\/2018\/02\/wo-die-jazzwelt-zusammenkommt-fachmesse-jazzahead-vom-19-22-april-in-bremen\/jazzaheadpolenjanrathke_messebremen\/\" data-orig-file=\"https:\/\/i0.wp.com\/www.jazzzeitung.de\/cms\/wp-content\/uploads\/2018\/02\/jazzaheadPolenJanRathke_MesseBremen.jpg?fit=2102%2C1500&amp;ssl=1\" data-orig-size=\"2102,1500\" data-comments-opened=\"1\" data-image-meta=\"{&quot;aperture&quot;:&quot;6.3&quot;,&quot;credit&quot;:&quot;JAN RATHKE&quot;,&quot;camera&quot;:&quot;NIKON D4&quot;,&quot;caption&quot;:&quot;&quot;,&quot;created_timestamp&quot;:&quot;1493473849&quot;,&quot;copyright&quot;:&quot;&quot;,&quot;focal_length&quot;:&quot;19&quot;,&quot;iso&quot;:&quot;2500&quot;,&quot;shutter_speed&quot;:&quot;0.016666666666667&quot;,&quot;title&quot;:&quot;&quot;,&quot;orientation&quot;:&quot;1&quot;}\" data-image-title=\"jazzaheadPolenJanRathke_MesseBremen\" data-image-description=\"\" data-image-caption=\"\" data-large-file=\"https:\/\/i0.wp.com\/www.jazzzeitung.de\/cms\/wp-content\/uploads\/2018\/02\/jazzaheadPolenJanRathke_MesseBremen.jpg?fit=840%2C599&amp;ssl=1\" class=\"wp-image-15104 size-medium\" src=\"https:\/\/i0.wp.com\/www.jazzzeitung.de\/cms\/wp-content\/uploads\/2018\/02\/jazzaheadPolenJanRathke_MesseBremen.jpg?resize=300%2C214&#038;ssl=1\" alt=\"\" width=\"300\" height=\"214\" srcset=\"https:\/\/i0.wp.com\/www.jazzzeitung.de\/cms\/wp-content\/uploads\/2018\/02\/jazzaheadPolenJanRathke_MesseBremen.jpg?resize=300%2C214&amp;ssl=1 300w, https:\/\/i0.wp.com\/www.jazzzeitung.de\/cms\/wp-content\/uploads\/2018\/02\/jazzaheadPolenJanRathke_MesseBremen.jpg?resize=768%2C548&amp;ssl=1 768w, https:\/\/i0.wp.com\/www.jazzzeitung.de\/cms\/wp-content\/uploads\/2018\/02\/jazzaheadPolenJanRathke_MesseBremen.jpg?resize=841%2C600&amp;ssl=1 841w, https:\/\/i0.wp.com\/www.jazzzeitung.de\/cms\/wp-content\/uploads\/2018\/02\/jazzaheadPolenJanRathke_MesseBremen.jpg?resize=600%2C428&amp;ssl=1 600w, https:\/\/i0.wp.com\/www.jazzzeitung.de\/cms\/wp-content\/uploads\/2018\/02\/jazzaheadPolenJanRathke_MesseBremen.jpg?w=1680&amp;ssl=1 1680w\" sizes=\"auto, (max-width: 300px) 100vw, 300px\" \/><\/a><figcaption id=\"caption-attachment-15104\" class=\"wp-caption-text\">Partnerland Polen. Foto: Jan Rathke\/Messe Bremen<\/figcaption><\/figure>\n<p>Gezielt organisierte Gespr\u00e4che unter Teilnehmern wird es bei den erstmalig am 19. April stattfindenden deutsch-polnischen Speedmeetings geben. Diese getakteten Kurzgespr\u00e4che sollen die bilateralen Handelsbeziehungen zwischen Deutschland und Polen st\u00e4rken und einen Austausch von Kontakten und Dienstleistungen im Jazzbereich erm\u00f6glichen.<\/p>\n<p>German Jazz Expo mit ganzt\u00e4giger Fachtagung\u00a0 \u201eImprovisation und Jazz f\u00fcr Kinder in der Praxis\u201c<\/p>\n<p>Jazz aus Deutschland in der Welt bekannt zu machen ist Ziel der Exportplattform German Jazz Expo, die die jazzahead! seit 2012 ausrichtet. Das Programm besteht unter anderem aus acht Showcases am Samstagnachmittag, 21. April sowie dem German Market, ein Gemeinschaftsstand, auf dem sich die deutsche Szene zu rabattierten Konditionen registrieren kann, um sich auszutauschen und international zu vernetzen.\u00a0 Unter dem Dach der German Jazz Expo werden Schwerpunktthemen behandelt, die von nationaler Bedeutung sind. Vor diesem Hintergrund findet die diesj\u00e4hrige ganzt\u00e4tige Fachtagung \u201eImprovisation und Jazz f\u00fcr Kinder in der Praxis\u201c am Donnerstag, 19. April statt. Musiker, Lehrer und Erzieher sowie Musikvermittler durchleuchten Themen der Methodik und Didaktik im Sinne einer Improvisationsp\u00e4dagogik f\u00fcr Kinder im Grundschulalter. Der Fachtagung gehen zwei Workshops voraus, deren Ergebnisse in das Programm einflie\u00dfen werden. Einer der Workshops richtet sich insbesondere an deutsche Jazzmusiker und thematisiert die Gestaltung interaktiver Kinderkonzertformate.<\/p>\n<p><a href=\"http:\/\/www.jazzahead.de\/\"><strong><span style=\"color: #000000;\">www.jazzahead.d<\/span><\/strong><\/a><strong>e<br \/>\n<\/strong><\/p>\n","protected":false},"excerpt":{"rendered":"<p>Vom 19.-22. April findet die jazzahead! zum 13. Mal in der Messe Bremen statt. Wie die Veranstalter mitteilen, zeichne sich eine st\u00e4rkere Teilnahme aus den L\u00e4ndern ab, die als Zielm\u00e4rkte definiert worden sind. Zu den bisher schon sehr gut vertretenen europ\u00e4ischen L\u00e4ndern, wie beispielsweise Deutschland, Frankreich, Niederlande, Gro\u00dfbritannien, Schweiz oder die skandinavischen L\u00e4nder, r\u00fccken 2018 auch Zentraleuropa \u2013 insbesondere mit dem Partnerland Polen \u2013 und das Baltikum st\u00e4rker in den Einzugsbereich der weltweit gr\u00f6\u00dften Fachmesse f\u00fcr Jazz.\u00a0 In diesem Jahr werde vor allem auch die Teilnehmerzahl der US-Amerikaner noch einmal gesteigert, wie Projektleiterin Sybille Kornitschky berichtet. \u201eUnserem erkl\u00e4rten Ziel, den europ\u00e4ischen Markt, vor allem auch Deutschland, st\u00e4rker mit dem der USA zu verkn\u00fcpfen, sind wir sp\u00fcrbar n\u00e4her gekommen.\u201c Partnerland Polen &amp; bilaterale Handelsgespr\u00e4che Was f\u00fcr eine interessante und junge Jazzszene Polen vorzuweisen hat, das gibt es am 19. April in der \u201ePolish Night\u201c zu entdecken, mit der das Showcase-Festival der jazzahead! eindrucksvoll er\u00f6ffnet. Acht Bands aus dem diesj\u00e4hrigen Partnerland bekommen dort die Chance, sich der anwesenden Fachwelt und dem interessierten Publikum vorzustellen. Gezielt organisierte Gespr\u00e4che unter Teilnehmern wird es bei den erstmalig am 19. April &hellip;<\/p>\n","protected":false},"author":18,"featured_media":15102,"comment_status":"open","ping_status":"closed","sticky":false,"template":"","format":"standard","meta":{"_jetpack_memberships_contains_paid_content":false,"footnotes":"","jetpack_publicize_message":"","jetpack_publicize_feature_enabled":true,"jetpack_social_post_already_shared":false,"jetpack_social_options":{"image_generator_settings":{"template":"highway","default_image_id":0,"font":"","enabled":false},"version":2}},"categories":[633],"tags":[95,137,3,692,1007,1876,268,281,314,1505,1447],"coauthors":[695],"class_list":["post-15100","post","type-post","status-publish","format-standard","has-post-thumbnail","hentry","category-nachrichten","tag-bremen","tag-deutschland","tag-festival","tag-german-jazz-expo","tag-improvisation","tag-jazz","tag-jazzahead","tag-jazzmusiker","tag-kinder","tag-messe-bremen","tag-showcases"],"yoast_head":"<!-- This site is optimized with the Yoast SEO plugin v27.5 - https:\/\/yoast.com\/product\/yoast-seo-wordpress\/ -->\n<title>Wo die Jazzwelt zusammenkommt: Fachmesse jazzahead! Vom 19.-22. April in Bremen - JazzZeitung<\/title>\n<meta name=\"robots\" content=\"index, follow, max-snippet:-1, max-image-preview:large, max-video-preview:-1\" \/>\n<link rel=\"canonical\" href=\"https:\/\/www.jazzzeitung.de\/cms\/2018\/02\/wo-die-jazzwelt-zusammenkommt-fachmesse-jazzahead-vom-19-22-april-in-bremen\/\" \/>\n<meta property=\"og:locale\" content=\"de_DE\" \/>\n<meta property=\"og:type\" content=\"article\" \/>\n<meta property=\"og:title\" content=\"Wo die Jazzwelt zusammenkommt: Fachmesse jazzahead! Vom 19.-22. April in Bremen - JazzZeitung\" \/>\n<meta property=\"og:description\" content=\"Vom 19.-22. April findet die jazzahead! zum 13. Mal in der Messe Bremen statt. Wie die Veranstalter mitteilen, zeichne sich eine st\u00e4rkere Teilnahme aus den L\u00e4ndern ab, die als Zielm\u00e4rkte definiert worden sind. Zu den bisher schon sehr gut vertretenen europ\u00e4ischen L\u00e4ndern, wie beispielsweise Deutschland, Frankreich, Niederlande, Gro\u00dfbritannien, Schweiz oder die skandinavischen L\u00e4nder, r\u00fccken 2018 auch Zentraleuropa \u2013 insbesondere mit dem Partnerland Polen \u2013 und das Baltikum st\u00e4rker in den Einzugsbereich der weltweit gr\u00f6\u00dften Fachmesse f\u00fcr Jazz.\u00a0 In diesem Jahr werde vor allem auch die Teilnehmerzahl der US-Amerikaner noch einmal gesteigert, wie Projektleiterin Sybille Kornitschky berichtet. \u201eUnserem erkl\u00e4rten Ziel, den europ\u00e4ischen Markt, vor allem auch Deutschland, st\u00e4rker mit dem der USA zu verkn\u00fcpfen, sind wir sp\u00fcrbar n\u00e4her gekommen.\u201c Partnerland Polen &amp; bilaterale Handelsgespr\u00e4che Was f\u00fcr eine interessante und junge Jazzszene Polen vorzuweisen hat, das gibt es am 19. April in der \u201ePolish Night\u201c zu entdecken, mit der das Showcase-Festival der jazzahead! eindrucksvoll er\u00f6ffnet. Acht Bands aus dem diesj\u00e4hrigen Partnerland bekommen dort die Chance, sich der anwesenden Fachwelt und dem interessierten Publikum vorzustellen. Gezielt organisierte Gespr\u00e4che unter Teilnehmern wird es bei den erstmalig am 19. April &hellip;\" \/>\n<meta property=\"og:url\" content=\"https:\/\/www.jazzzeitung.de\/cms\/2018\/02\/wo-die-jazzwelt-zusammenkommt-fachmesse-jazzahead-vom-19-22-april-in-bremen\/\" \/>\n<meta property=\"og:site_name\" content=\"JazzZeitung\" \/>\n<meta property=\"article:publisher\" content=\"https:\/\/www.facebook.com\/JazzZeitung\/\" \/>\n<meta property=\"article:published_time\" content=\"2018-02-23T09:04:48+00:00\" \/>\n<meta property=\"og:image\" content=\"https:\/\/i0.wp.com\/www.jazzzeitung.de\/cms\/wp-content\/uploads\/2018\/02\/jazzahead2of3YXzJanRathke_MesseBremen.jpg?fit=2979%2C1500&ssl=1\" \/>\n\t<meta property=\"og:image:width\" content=\"2979\" \/>\n\t<meta property=\"og:image:height\" content=\"1500\" \/>\n\t<meta property=\"og:image:type\" content=\"image\/jpeg\" \/>\n<meta name=\"author\" content=\"Redaktion JazzZeitung\" \/>\n<script type=\"application\/ld+json\" class=\"yoast-schema-graph\">{\"@context\":\"https:\\\/\\\/schema.org\",\"@graph\":[{\"@type\":\"Article\",\"@id\":\"https:\\\/\\\/www.jazzzeitung.de\\\/cms\\\/2018\\\/02\\\/wo-die-jazzwelt-zusammenkommt-fachmesse-jazzahead-vom-19-22-april-in-bremen\\\/#article\",\"isPartOf\":{\"@id\":\"https:\\\/\\\/www.jazzzeitung.de\\\/cms\\\/2018\\\/02\\\/wo-die-jazzwelt-zusammenkommt-fachmesse-jazzahead-vom-19-22-april-in-bremen\\\/\"},\"author\":{\"name\":\"Redaktion JazzZeitung\",\"@id\":\"https:\\\/\\\/www.jazzzeitung.de\\\/cms\\\/#\\\/schema\\\/person\\\/2245b36b9cd1d24cea10f01c031fb92b\"},\"headline\":\"Wo die Jazzwelt zusammenkommt: Fachmesse jazzahead! Vom 19.-22. April in Bremen\",\"datePublished\":\"2018-02-23T09:04:48+00:00\",\"mainEntityOfPage\":{\"@id\":\"https:\\\/\\\/www.jazzzeitung.de\\\/cms\\\/2018\\\/02\\\/wo-die-jazzwelt-zusammenkommt-fachmesse-jazzahead-vom-19-22-april-in-bremen\\\/\"},\"wordCount\":420,\"commentCount\":0,\"publisher\":{\"@id\":\"https:\\\/\\\/www.jazzzeitung.de\\\/cms\\\/#organization\"},\"image\":{\"@id\":\"https:\\\/\\\/www.jazzzeitung.de\\\/cms\\\/2018\\\/02\\\/wo-die-jazzwelt-zusammenkommt-fachmesse-jazzahead-vom-19-22-april-in-bremen\\\/#primaryimage\"},\"thumbnailUrl\":\"https:\\\/\\\/i0.wp.com\\\/www.jazzzeitung.de\\\/cms\\\/wp-content\\\/uploads\\\/2018\\\/02\\\/jazzahead2of3YXzJanRathke_MesseBremen.jpg?fit=2979%2C1500&ssl=1\",\"keywords\":[\"Bremen\",\"Deutschland\",\"Festival\",\"German Jazz Expo\",\"Improvisation\",\"Jazz\",\"Jazzahead\",\"Jazzmusiker\",\"Kinder\",\"Messe Bremen\",\"Showcases\"],\"articleSection\":[\"News\"],\"inLanguage\":\"de\",\"potentialAction\":[{\"@type\":\"CommentAction\",\"name\":\"Comment\",\"target\":[\"https:\\\/\\\/www.jazzzeitung.de\\\/cms\\\/2018\\\/02\\\/wo-die-jazzwelt-zusammenkommt-fachmesse-jazzahead-vom-19-22-april-in-bremen\\\/#respond\"]}]},{\"@type\":\"WebPage\",\"@id\":\"https:\\\/\\\/www.jazzzeitung.de\\\/cms\\\/2018\\\/02\\\/wo-die-jazzwelt-zusammenkommt-fachmesse-jazzahead-vom-19-22-april-in-bremen\\\/\",\"url\":\"https:\\\/\\\/www.jazzzeitung.de\\\/cms\\\/2018\\\/02\\\/wo-die-jazzwelt-zusammenkommt-fachmesse-jazzahead-vom-19-22-april-in-bremen\\\/\",\"name\":\"Wo die Jazzwelt zusammenkommt: Fachmesse jazzahead! Vom 19.-22. April in Bremen - JazzZeitung\",\"isPartOf\":{\"@id\":\"https:\\\/\\\/www.jazzzeitung.de\\\/cms\\\/#website\"},\"primaryImageOfPage\":{\"@id\":\"https:\\\/\\\/www.jazzzeitung.de\\\/cms\\\/2018\\\/02\\\/wo-die-jazzwelt-zusammenkommt-fachmesse-jazzahead-vom-19-22-april-in-bremen\\\/#primaryimage\"},\"image\":{\"@id\":\"https:\\\/\\\/www.jazzzeitung.de\\\/cms\\\/2018\\\/02\\\/wo-die-jazzwelt-zusammenkommt-fachmesse-jazzahead-vom-19-22-april-in-bremen\\\/#primaryimage\"},\"thumbnailUrl\":\"https:\\\/\\\/i0.wp.com\\\/www.jazzzeitung.de\\\/cms\\\/wp-content\\\/uploads\\\/2018\\\/02\\\/jazzahead2of3YXzJanRathke_MesseBremen.jpg?fit=2979%2C1500&ssl=1\",\"datePublished\":\"2018-02-23T09:04:48+00:00\",\"breadcrumb\":{\"@id\":\"https:\\\/\\\/www.jazzzeitung.de\\\/cms\\\/2018\\\/02\\\/wo-die-jazzwelt-zusammenkommt-fachmesse-jazzahead-vom-19-22-april-in-bremen\\\/#breadcrumb\"},\"inLanguage\":\"de\",\"potentialAction\":[{\"@type\":\"ReadAction\",\"target\":[\"https:\\\/\\\/www.jazzzeitung.de\\\/cms\\\/2018\\\/02\\\/wo-die-jazzwelt-zusammenkommt-fachmesse-jazzahead-vom-19-22-april-in-bremen\\\/\"]}]},{\"@type\":\"ImageObject\",\"inLanguage\":\"de\",\"@id\":\"https:\\\/\\\/www.jazzzeitung.de\\\/cms\\\/2018\\\/02\\\/wo-die-jazzwelt-zusammenkommt-fachmesse-jazzahead-vom-19-22-april-in-bremen\\\/#primaryimage\",\"url\":\"https:\\\/\\\/i0.wp.com\\\/www.jazzzeitung.de\\\/cms\\\/wp-content\\\/uploads\\\/2018\\\/02\\\/jazzahead2of3YXzJanRathke_MesseBremen.jpg?fit=2979%2C1500&ssl=1\",\"contentUrl\":\"https:\\\/\\\/i0.wp.com\\\/www.jazzzeitung.de\\\/cms\\\/wp-content\\\/uploads\\\/2018\\\/02\\\/jazzahead2of3YXzJanRathke_MesseBremen.jpg?fit=2979%2C1500&ssl=1\",\"width\":2979,\"height\":1500,\"caption\":\"Treffpunkt jazzahead. Foto: Jan Rathke\\\/Messe Bremen\"},{\"@type\":\"BreadcrumbList\",\"@id\":\"https:\\\/\\\/www.jazzzeitung.de\\\/cms\\\/2018\\\/02\\\/wo-die-jazzwelt-zusammenkommt-fachmesse-jazzahead-vom-19-22-april-in-bremen\\\/#breadcrumb\",\"itemListElement\":[{\"@type\":\"ListItem\",\"position\":1,\"name\":\"Startseite\",\"item\":\"https:\\\/\\\/www.jazzzeitung.de\\\/cms\\\/\"},{\"@type\":\"ListItem\",\"position\":2,\"name\":\"Wo die Jazzwelt zusammenkommt: Fachmesse jazzahead! Vom 19.-22. April in Bremen\"}]},{\"@type\":\"WebSite\",\"@id\":\"https:\\\/\\\/www.jazzzeitung.de\\\/cms\\\/#website\",\"url\":\"https:\\\/\\\/www.jazzzeitung.de\\\/cms\\\/\",\"name\":\"JazzZeitung\",\"description\":\"Jazz-News und Jazz-Kontroverses\",\"publisher\":{\"@id\":\"https:\\\/\\\/www.jazzzeitung.de\\\/cms\\\/#organization\"},\"potentialAction\":[{\"@type\":\"SearchAction\",\"target\":{\"@type\":\"EntryPoint\",\"urlTemplate\":\"https:\\\/\\\/www.jazzzeitung.de\\\/cms\\\/?s={search_term_string}\"},\"query-input\":{\"@type\":\"PropertyValueSpecification\",\"valueRequired\":true,\"valueName\":\"search_term_string\"}}],\"inLanguage\":\"de\"},{\"@type\":\"Organization\",\"@id\":\"https:\\\/\\\/www.jazzzeitung.de\\\/cms\\\/#organization\",\"name\":\"JazzZeitung online\",\"url\":\"https:\\\/\\\/www.jazzzeitung.de\\\/cms\\\/\",\"logo\":{\"@type\":\"ImageObject\",\"inLanguage\":\"de\",\"@id\":\"https:\\\/\\\/www.jazzzeitung.de\\\/cms\\\/#\\\/schema\\\/logo\\\/image\\\/\",\"url\":\"https:\\\/\\\/i0.wp.com\\\/www.jazzzeitung.de\\\/cms\\\/wp-content\\\/uploads\\\/2015\\\/08\\\/JAZZZEITUNGDE_Logo_Neu.png?fit=499%2C200&ssl=1\",\"contentUrl\":\"https:\\\/\\\/i0.wp.com\\\/www.jazzzeitung.de\\\/cms\\\/wp-content\\\/uploads\\\/2015\\\/08\\\/JAZZZEITUNGDE_Logo_Neu.png?fit=499%2C200&ssl=1\",\"width\":499,\"height\":200,\"caption\":\"JazzZeitung online\"},\"image\":{\"@id\":\"https:\\\/\\\/www.jazzzeitung.de\\\/cms\\\/#\\\/schema\\\/logo\\\/image\\\/\"},\"sameAs\":[\"https:\\\/\\\/www.facebook.com\\\/JazzZeitung\\\/\"]},{\"@type\":\"Person\",\"@id\":\"https:\\\/\\\/www.jazzzeitung.de\\\/cms\\\/#\\\/schema\\\/person\\\/2245b36b9cd1d24cea10f01c031fb92b\",\"name\":\"Redaktion JazzZeitung\",\"image\":{\"@type\":\"ImageObject\",\"inLanguage\":\"de\",\"@id\":\"https:\\\/\\\/i0.wp.com\\\/www.jazzzeitung.de\\\/cms\\\/wp-content\\\/uploads\\\/2015\\\/08\\\/JAZZZEITUNGDE_Logo_Neu.png?resize=96%2C96&ssl=159975dcacb611b5700bd619b5daf0a7a\",\"url\":\"https:\\\/\\\/i0.wp.com\\\/www.jazzzeitung.de\\\/cms\\\/wp-content\\\/uploads\\\/2015\\\/08\\\/JAZZZEITUNGDE_Logo_Neu.png?resize=96%2C96&ssl=1\",\"contentUrl\":\"https:\\\/\\\/i0.wp.com\\\/www.jazzzeitung.de\\\/cms\\\/wp-content\\\/uploads\\\/2015\\\/08\\\/JAZZZEITUNGDE_Logo_Neu.png?resize=96%2C96&ssl=1\",\"caption\":\"Redaktion JazzZeitung\"},\"description\":\"Artikel der Redaktion der JazzZeitung.\",\"sameAs\":[\"http:\\\/\\\/www.jazzzeitung.de\\\/cms\\\/\"],\"url\":\"https:\\\/\\\/www.jazzzeitung.de\\\/cms\\\/author\\\/redaktion\\\/\"}]}<\/script>\n<!-- \/ Yoast SEO plugin. -->","yoast_head_json":{"title":"Wo die Jazzwelt zusammenkommt: Fachmesse jazzahead! Vom 19.-22. April in Bremen - JazzZeitung","robots":{"index":"index","follow":"follow","max-snippet":"max-snippet:-1","max-image-preview":"max-image-preview:large","max-video-preview":"max-video-preview:-1"},"canonical":"https:\/\/www.jazzzeitung.de\/cms\/2018\/02\/wo-die-jazzwelt-zusammenkommt-fachmesse-jazzahead-vom-19-22-april-in-bremen\/","og_locale":"de_DE","og_type":"article","og_title":"Wo die Jazzwelt zusammenkommt: Fachmesse jazzahead! Vom 19.-22. April in Bremen - JazzZeitung","og_description":"Vom 19.-22. April findet die jazzahead! zum 13. Mal in der Messe Bremen statt. Wie die Veranstalter mitteilen, zeichne sich eine st\u00e4rkere Teilnahme aus den L\u00e4ndern ab, die als Zielm\u00e4rkte definiert worden sind. Zu den bisher schon sehr gut vertretenen europ\u00e4ischen L\u00e4ndern, wie beispielsweise Deutschland, Frankreich, Niederlande, Gro\u00dfbritannien, Schweiz oder die skandinavischen L\u00e4nder, r\u00fccken 2018 auch Zentraleuropa \u2013 insbesondere mit dem Partnerland Polen \u2013 und das Baltikum st\u00e4rker in den Einzugsbereich der weltweit gr\u00f6\u00dften Fachmesse f\u00fcr Jazz.\u00a0 In diesem Jahr werde vor allem auch die Teilnehmerzahl der US-Amerikaner noch einmal gesteigert, wie Projektleiterin Sybille Kornitschky berichtet. \u201eUnserem erkl\u00e4rten Ziel, den europ\u00e4ischen Markt, vor allem auch Deutschland, st\u00e4rker mit dem der USA zu verkn\u00fcpfen, sind wir sp\u00fcrbar n\u00e4her gekommen.\u201c Partnerland Polen &amp; bilaterale Handelsgespr\u00e4che Was f\u00fcr eine interessante und junge Jazzszene Polen vorzuweisen hat, das gibt es am 19. April in der \u201ePolish Night\u201c zu entdecken, mit der das Showcase-Festival der jazzahead! eindrucksvoll er\u00f6ffnet. Acht Bands aus dem diesj\u00e4hrigen Partnerland bekommen dort die Chance, sich der anwesenden Fachwelt und dem interessierten Publikum vorzustellen. Gezielt organisierte Gespr\u00e4che unter Teilnehmern wird es bei den erstmalig am 19. April &hellip;","og_url":"https:\/\/www.jazzzeitung.de\/cms\/2018\/02\/wo-die-jazzwelt-zusammenkommt-fachmesse-jazzahead-vom-19-22-april-in-bremen\/","og_site_name":"JazzZeitung","article_publisher":"https:\/\/www.facebook.com\/JazzZeitung\/","article_published_time":"2018-02-23T09:04:48+00:00","og_image":[{"width":2979,"height":1500,"url":"https:\/\/i0.wp.com\/www.jazzzeitung.de\/cms\/wp-content\/uploads\/2018\/02\/jazzahead2of3YXzJanRathke_MesseBremen.jpg?fit=2979%2C1500&ssl=1","type":"image\/jpeg"}],"author":"Redaktion JazzZeitung","schema":{"@context":"https:\/\/schema.org","@graph":[{"@type":"Article","@id":"https:\/\/www.jazzzeitung.de\/cms\/2018\/02\/wo-die-jazzwelt-zusammenkommt-fachmesse-jazzahead-vom-19-22-april-in-bremen\/#article","isPartOf":{"@id":"https:\/\/www.jazzzeitung.de\/cms\/2018\/02\/wo-die-jazzwelt-zusammenkommt-fachmesse-jazzahead-vom-19-22-april-in-bremen\/"},"author":{"name":"Redaktion JazzZeitung","@id":"https:\/\/www.jazzzeitung.de\/cms\/#\/schema\/person\/2245b36b9cd1d24cea10f01c031fb92b"},"headline":"Wo die Jazzwelt zusammenkommt: Fachmesse jazzahead! Vom 19.-22. April in Bremen","datePublished":"2018-02-23T09:04:48+00:00","mainEntityOfPage":{"@id":"https:\/\/www.jazzzeitung.de\/cms\/2018\/02\/wo-die-jazzwelt-zusammenkommt-fachmesse-jazzahead-vom-19-22-april-in-bremen\/"},"wordCount":420,"commentCount":0,"publisher":{"@id":"https:\/\/www.jazzzeitung.de\/cms\/#organization"},"image":{"@id":"https:\/\/www.jazzzeitung.de\/cms\/2018\/02\/wo-die-jazzwelt-zusammenkommt-fachmesse-jazzahead-vom-19-22-april-in-bremen\/#primaryimage"},"thumbnailUrl":"https:\/\/i0.wp.com\/www.jazzzeitung.de\/cms\/wp-content\/uploads\/2018\/02\/jazzahead2of3YXzJanRathke_MesseBremen.jpg?fit=2979%2C1500&ssl=1","keywords":["Bremen","Deutschland","Festival","German Jazz Expo","Improvisation","Jazz","Jazzahead","Jazzmusiker","Kinder","Messe Bremen","Showcases"],"articleSection":["News"],"inLanguage":"de","potentialAction":[{"@type":"CommentAction","name":"Comment","target":["https:\/\/www.jazzzeitung.de\/cms\/2018\/02\/wo-die-jazzwelt-zusammenkommt-fachmesse-jazzahead-vom-19-22-april-in-bremen\/#respond"]}]},{"@type":"WebPage","@id":"https:\/\/www.jazzzeitung.de\/cms\/2018\/02\/wo-die-jazzwelt-zusammenkommt-fachmesse-jazzahead-vom-19-22-april-in-bremen\/","url":"https:\/\/www.jazzzeitung.de\/cms\/2018\/02\/wo-die-jazzwelt-zusammenkommt-fachmesse-jazzahead-vom-19-22-april-in-bremen\/","name":"Wo die Jazzwelt zusammenkommt: Fachmesse jazzahead! Vom 19.-22. April in Bremen - JazzZeitung","isPartOf":{"@id":"https:\/\/www.jazzzeitung.de\/cms\/#website"},"primaryImageOfPage":{"@id":"https:\/\/www.jazzzeitung.de\/cms\/2018\/02\/wo-die-jazzwelt-zusammenkommt-fachmesse-jazzahead-vom-19-22-april-in-bremen\/#primaryimage"},"image":{"@id":"https:\/\/www.jazzzeitung.de\/cms\/2018\/02\/wo-die-jazzwelt-zusammenkommt-fachmesse-jazzahead-vom-19-22-april-in-bremen\/#primaryimage"},"thumbnailUrl":"https:\/\/i0.wp.com\/www.jazzzeitung.de\/cms\/wp-content\/uploads\/2018\/02\/jazzahead2of3YXzJanRathke_MesseBremen.jpg?fit=2979%2C1500&ssl=1","datePublished":"2018-02-23T09:04:48+00:00","breadcrumb":{"@id":"https:\/\/www.jazzzeitung.de\/cms\/2018\/02\/wo-die-jazzwelt-zusammenkommt-fachmesse-jazzahead-vom-19-22-april-in-bremen\/#breadcrumb"},"inLanguage":"de","potentialAction":[{"@type":"ReadAction","target":["https:\/\/www.jazzzeitung.de\/cms\/2018\/02\/wo-die-jazzwelt-zusammenkommt-fachmesse-jazzahead-vom-19-22-april-in-bremen\/"]}]},{"@type":"ImageObject","inLanguage":"de","@id":"https:\/\/www.jazzzeitung.de\/cms\/2018\/02\/wo-die-jazzwelt-zusammenkommt-fachmesse-jazzahead-vom-19-22-april-in-bremen\/#primaryimage","url":"https:\/\/i0.wp.com\/www.jazzzeitung.de\/cms\/wp-content\/uploads\/2018\/02\/jazzahead2of3YXzJanRathke_MesseBremen.jpg?fit=2979%2C1500&ssl=1","contentUrl":"https:\/\/i0.wp.com\/www.jazzzeitung.de\/cms\/wp-content\/uploads\/2018\/02\/jazzahead2of3YXzJanRathke_MesseBremen.jpg?fit=2979%2C1500&ssl=1","width":2979,"height":1500,"caption":"Treffpunkt jazzahead. Foto: Jan Rathke\/Messe Bremen"},{"@type":"BreadcrumbList","@id":"https:\/\/www.jazzzeitung.de\/cms\/2018\/02\/wo-die-jazzwelt-zusammenkommt-fachmesse-jazzahead-vom-19-22-april-in-bremen\/#breadcrumb","itemListElement":[{"@type":"ListItem","position":1,"name":"Startseite","item":"https:\/\/www.jazzzeitung.de\/cms\/"},{"@type":"ListItem","position":2,"name":"Wo die Jazzwelt zusammenkommt: Fachmesse jazzahead! Vom 19.-22. April in Bremen"}]},{"@type":"WebSite","@id":"https:\/\/www.jazzzeitung.de\/cms\/#website","url":"https:\/\/www.jazzzeitung.de\/cms\/","name":"JazzZeitung","description":"Jazz-News und Jazz-Kontroverses","publisher":{"@id":"https:\/\/www.jazzzeitung.de\/cms\/#organization"},"potentialAction":[{"@type":"SearchAction","target":{"@type":"EntryPoint","urlTemplate":"https:\/\/www.jazzzeitung.de\/cms\/?s={search_term_string}"},"query-input":{"@type":"PropertyValueSpecification","valueRequired":true,"valueName":"search_term_string"}}],"inLanguage":"de"},{"@type":"Organization","@id":"https:\/\/www.jazzzeitung.de\/cms\/#organization","name":"JazzZeitung online","url":"https:\/\/www.jazzzeitung.de\/cms\/","logo":{"@type":"ImageObject","inLanguage":"de","@id":"https:\/\/www.jazzzeitung.de\/cms\/#\/schema\/logo\/image\/","url":"https:\/\/i0.wp.com\/www.jazzzeitung.de\/cms\/wp-content\/uploads\/2015\/08\/JAZZZEITUNGDE_Logo_Neu.png?fit=499%2C200&ssl=1","contentUrl":"https:\/\/i0.wp.com\/www.jazzzeitung.de\/cms\/wp-content\/uploads\/2015\/08\/JAZZZEITUNGDE_Logo_Neu.png?fit=499%2C200&ssl=1","width":499,"height":200,"caption":"JazzZeitung online"},"image":{"@id":"https:\/\/www.jazzzeitung.de\/cms\/#\/schema\/logo\/image\/"},"sameAs":["https:\/\/www.facebook.com\/JazzZeitung\/"]},{"@type":"Person","@id":"https:\/\/www.jazzzeitung.de\/cms\/#\/schema\/person\/2245b36b9cd1d24cea10f01c031fb92b","name":"Redaktion JazzZeitung","image":{"@type":"ImageObject","inLanguage":"de","@id":"https:\/\/i0.wp.com\/www.jazzzeitung.de\/cms\/wp-content\/uploads\/2015\/08\/JAZZZEITUNGDE_Logo_Neu.png?resize=96%2C96&ssl=159975dcacb611b5700bd619b5daf0a7a","url":"https:\/\/i0.wp.com\/www.jazzzeitung.de\/cms\/wp-content\/uploads\/2015\/08\/JAZZZEITUNGDE_Logo_Neu.png?resize=96%2C96&ssl=1","contentUrl":"https:\/\/i0.wp.com\/www.jazzzeitung.de\/cms\/wp-content\/uploads\/2015\/08\/JAZZZEITUNGDE_Logo_Neu.png?resize=96%2C96&ssl=1","caption":"Redaktion JazzZeitung"},"description":"Artikel der Redaktion der JazzZeitung.","sameAs":["http:\/\/www.jazzzeitung.de\/cms\/"],"url":"https:\/\/www.jazzzeitung.de\/cms\/author\/redaktion\/"}]}},"wp-worthy-pixel":{"ignored":false,"public":null,"server":null,"url":null},"wp-worthy-type":"normal","jetpack_publicize_connections":[],"cc_featured_image_caption":{"caption_text":"","source_text":"","source_url":""},"jetpack_featured_media_url":"https:\/\/i0.wp.com\/www.jazzzeitung.de\/cms\/wp-content\/uploads\/2018\/02\/jazzahead2of3YXzJanRathke_MesseBremen.jpg?fit=2979%2C1500&ssl=1","jetpack_shortlink":"https:\/\/wp.me\/p3KEcT-3Vy","jetpack-related-posts":[{"id":24006,"url":"https:\/\/www.jazzzeitung.de\/cms\/2020\/12\/fachmesse-jazzahead-startet-2021-online-man-hofft-aber-auch-auf-konzerte-vor-publikum\/","url_meta":{"origin":15100,"position":0},"title":"Fachmesse jazzahead! startet 2021 online \u2013 man hofft aber auch auf Konzerte vor Publikum","author":"Redaktion JazzZeitung","date":"18. Dezember 2020","format":false,"excerpt":"Die 15. jazzahead!, die Jubil\u00e4umsausgabe der gr\u00f6\u00dften Jazz-Fachmesse der Welt, sollte urspr\u00fcnglich von Donnerstag bis Sonntag, 23. bis 26. April 2020, in den Hallen 6 und 7 der MESSE BREMEN stattfinden, das begleitende Festival von Freitag bis Sonntag, 17. bis 26. April 2020. Die gesamte Veranstaltung wurde wegen der Corona-Pandemie\u2026","rel":"","context":"In &quot;News&quot;","block_context":{"text":"News","link":"https:\/\/www.jazzzeitung.de\/cms\/thema\/nachrichten\/"},"img":{"alt_text":"","src":"https:\/\/i0.wp.com\/www.jazzzeitung.de\/cms\/wp-content\/uploads\/2020\/12\/Thomas-Koch.jpg?fit=800%2C1200&ssl=1&resize=350%2C200","width":350,"height":200,"srcset":"https:\/\/i0.wp.com\/www.jazzzeitung.de\/cms\/wp-content\/uploads\/2020\/12\/Thomas-Koch.jpg?fit=800%2C1200&ssl=1&resize=350%2C200 1x, https:\/\/i0.wp.com\/www.jazzzeitung.de\/cms\/wp-content\/uploads\/2020\/12\/Thomas-Koch.jpg?fit=800%2C1200&ssl=1&resize=525%2C300 1.5x, https:\/\/i0.wp.com\/www.jazzzeitung.de\/cms\/wp-content\/uploads\/2020\/12\/Thomas-Koch.jpg?fit=800%2C1200&ssl=1&resize=700%2C400 2x"},"classes":[]},{"id":22172,"url":"https:\/\/www.jazzzeitung.de\/cms\/2020\/03\/jazzahead-2020-wird-abgesagt-und-2021-nachgeholt\/","url_meta":{"origin":15100,"position":1},"title":"jazzahead! 2020 wird abgesagt und erst im Mai 2021 nachgeholt","author":"Redaktion JazzZeitung","date":"20. M\u00e4rz 2020","format":false,"excerpt":"Die jazzahead! 2020 wird abgesagt, dies gab die Bremer Messegesellschaft heute bekannt. Die Entscheidung begr\u00fcndet Hans Peter Schneider, Gesch\u00e4ftsf\u00fchrer der M3B GmbH, zu der die Messe Bremen geh\u00f6rt, wie folgt: \u201eDie jazzahead! lebt vom internationalen Austausch und von Begegnungen \u2013 dies wird in Corona-Zeiten leider nicht m\u00f6glich sein, auch Ende\u2026","rel":"","context":"In &quot;News&quot;","block_context":{"text":"News","link":"https:\/\/www.jazzzeitung.de\/cms\/thema\/nachrichten\/"},"img":{"alt_text":"","src":"https:\/\/i0.wp.com\/www.jazzzeitung.de\/cms\/wp-content\/uploads\/2017\/04\/001_Foto-van-Loon.jpg?fit=1200%2C801&ssl=1&resize=350%2C200","width":350,"height":200,"srcset":"https:\/\/i0.wp.com\/www.jazzzeitung.de\/cms\/wp-content\/uploads\/2017\/04\/001_Foto-van-Loon.jpg?fit=1200%2C801&ssl=1&resize=350%2C200 1x, https:\/\/i0.wp.com\/www.jazzzeitung.de\/cms\/wp-content\/uploads\/2017\/04\/001_Foto-van-Loon.jpg?fit=1200%2C801&ssl=1&resize=525%2C300 1.5x, https:\/\/i0.wp.com\/www.jazzzeitung.de\/cms\/wp-content\/uploads\/2017\/04\/001_Foto-van-Loon.jpg?fit=1200%2C801&ssl=1&resize=700%2C400 2x, https:\/\/i0.wp.com\/www.jazzzeitung.de\/cms\/wp-content\/uploads\/2017\/04\/001_Foto-van-Loon.jpg?fit=1200%2C801&ssl=1&resize=1050%2C600 3x"},"classes":[]},{"id":18049,"url":"https:\/\/www.jazzzeitung.de\/cms\/2018\/12\/erstmals-auf-der-jazzahead-showcases-zu-improvisation-und-jazz-fuer-kinder\/","url_meta":{"origin":15100,"position":2},"title":"Erstmals auf der jazzahead: Showcases zu Improvisation und Jazz f\u00fcr Kinder","author":"Redaktion JazzZeitung","date":"10. Dezember 2018","format":false,"excerpt":"Trotz der diesmal deutlich verk\u00fcrzten Einreichungsfrist gingen 764 Bewerbungen f\u00fcr die 40 Showcase-Konzerte ein und damit 25 Prozent mehr als im Vorjahr. In diesem Jahr sind unter den f\u00fcnf am st\u00e4rksten vertretenen Herkunftsl\u00e4ndern jenseits von Deutschland und dem Partnerland Norwegen die USA und Brasilien, womit Bewerbungen aus \u00dcbersee signifikant zulegten.\u2026","rel":"","context":"In &quot;News&quot;","block_context":{"text":"News","link":"https:\/\/www.jazzzeitung.de\/cms\/thema\/nachrichten\/"},"img":{"alt_text":"Jazzbusiness auf der Bremer jazzahead!. Foto: Jan Rathke","src":"https:\/\/i0.wp.com\/www.jazzzeitung.de\/cms\/wp-content\/uploads\/2018\/12\/MESSE-BREMENJan-RathkeDSC_9355.jpg?fit=1200%2C857&ssl=1&resize=350%2C200","width":350,"height":200,"srcset":"https:\/\/i0.wp.com\/www.jazzzeitung.de\/cms\/wp-content\/uploads\/2018\/12\/MESSE-BREMENJan-RathkeDSC_9355.jpg?fit=1200%2C857&ssl=1&resize=350%2C200 1x, https:\/\/i0.wp.com\/www.jazzzeitung.de\/cms\/wp-content\/uploads\/2018\/12\/MESSE-BREMENJan-RathkeDSC_9355.jpg?fit=1200%2C857&ssl=1&resize=525%2C300 1.5x, https:\/\/i0.wp.com\/www.jazzzeitung.de\/cms\/wp-content\/uploads\/2018\/12\/MESSE-BREMENJan-RathkeDSC_9355.jpg?fit=1200%2C857&ssl=1&resize=700%2C400 2x, https:\/\/i0.wp.com\/www.jazzzeitung.de\/cms\/wp-content\/uploads\/2018\/12\/MESSE-BREMENJan-RathkeDSC_9355.jpg?fit=1200%2C857&ssl=1&resize=1050%2C600 3x"},"classes":[]},{"id":18557,"url":"https:\/\/www.jazzzeitung.de\/cms\/2019\/02\/news-jazzahead-kulturfestival-in-bremen\/","url_meta":{"origin":15100,"position":3},"title":"+++ News: +++ \u201ejazzahead!\u201c- Kulturfestival in Bremen +++","author":"Redaktion JazzZeitung","date":"6. Februar 2019","format":false,"excerpt":"H\u00e5kon Kornstad und Mari Boine: Norwegen jazzt in Bremen Die Fachmesse jazzahead! findet \u00a0vom 25. bis zum 28. April 2019, in der Messe Bremen statt, begleitet vom Kulturfestival des diesj\u00e4hrigen Partnerlandes Norwegen, das bereits am 13. April startet. Offiziell er\u00f6ffnet wird das zweiw\u00f6chige Festival mit einem Doppelkonzert im Theater am\u2026","rel":"","context":"In &quot;News&quot;","block_context":{"text":"News","link":"https:\/\/www.jazzzeitung.de\/cms\/thema\/nachrichten\/"},"img":{"alt_text":"","src":"https:\/\/i0.wp.com\/www.jazzzeitung.de\/cms\/wp-content\/uploads\/2019\/02\/Hakon-Kornstad-3_Photo-Andreas-Ulvo.jpg?fit=1200%2C801&ssl=1&resize=350%2C200","width":350,"height":200,"srcset":"https:\/\/i0.wp.com\/www.jazzzeitung.de\/cms\/wp-content\/uploads\/2019\/02\/Hakon-Kornstad-3_Photo-Andreas-Ulvo.jpg?fit=1200%2C801&ssl=1&resize=350%2C200 1x, https:\/\/i0.wp.com\/www.jazzzeitung.de\/cms\/wp-content\/uploads\/2019\/02\/Hakon-Kornstad-3_Photo-Andreas-Ulvo.jpg?fit=1200%2C801&ssl=1&resize=525%2C300 1.5x, https:\/\/i0.wp.com\/www.jazzzeitung.de\/cms\/wp-content\/uploads\/2019\/02\/Hakon-Kornstad-3_Photo-Andreas-Ulvo.jpg?fit=1200%2C801&ssl=1&resize=700%2C400 2x, https:\/\/i0.wp.com\/www.jazzzeitung.de\/cms\/wp-content\/uploads\/2019\/02\/Hakon-Kornstad-3_Photo-Andreas-Ulvo.jpg?fit=1200%2C801&ssl=1&resize=1050%2C600 3x"},"classes":[]},{"id":18804,"url":"https:\/\/www.jazzzeitung.de\/cms\/2019\/03\/die-jazzahead-fachmesse-2019-gestaltet-ihren-german-market-komplett-neu\/","url_meta":{"origin":15100,"position":4},"title":"Die jazzahead! Fachmesse 2019 gestaltet ihren German Market komplett neu","author":"Redaktion JazzZeitung","date":"1. M\u00e4rz 2019","format":false,"excerpt":"Die jazzahead! geht vom 25.-28. April in die 14. Runde. Im Zentrum steht dieses Jahr der Jazz in und aus Deutschland und die Bem\u00fchungen der Messe und ihrer Partner, insbesondere der Union Deutscher Jazzmusiker (UDJ), diesen zu mehr Sichtbarkeit im internationalen Kontext zu verhelfen. \u201eSeit dem Jahr 2012 b\u00fcndeln wir\u2026","rel":"","context":"In &quot;News&quot;","block_context":{"text":"News","link":"https:\/\/www.jazzzeitung.de\/cms\/thema\/nachrichten\/"},"img":{"alt_text":"","src":"https:\/\/i0.wp.com\/www.jazzzeitung.de\/cms\/wp-content\/uploads\/2019\/02\/jazzahead2018_cJanRathke_MesseBremen-1.jpg?fit=1200%2C600&ssl=1&resize=350%2C200","width":350,"height":200,"srcset":"https:\/\/i0.wp.com\/www.jazzzeitung.de\/cms\/wp-content\/uploads\/2019\/02\/jazzahead2018_cJanRathke_MesseBremen-1.jpg?fit=1200%2C600&ssl=1&resize=350%2C200 1x, https:\/\/i0.wp.com\/www.jazzzeitung.de\/cms\/wp-content\/uploads\/2019\/02\/jazzahead2018_cJanRathke_MesseBremen-1.jpg?fit=1200%2C600&ssl=1&resize=525%2C300 1.5x, https:\/\/i0.wp.com\/www.jazzzeitung.de\/cms\/wp-content\/uploads\/2019\/02\/jazzahead2018_cJanRathke_MesseBremen-1.jpg?fit=1200%2C600&ssl=1&resize=700%2C400 2x, https:\/\/i0.wp.com\/www.jazzzeitung.de\/cms\/wp-content\/uploads\/2019\/02\/jazzahead2018_cJanRathke_MesseBremen-1.jpg?fit=1200%2C600&ssl=1&resize=1050%2C600 3x"},"classes":[]},{"id":14622,"url":"https:\/\/www.jazzzeitung.de\/cms\/2017\/12\/das-jazzahead-2018-showcase-programm-steht-fest\/","url_meta":{"origin":15100,"position":5},"title":"Das jazzahead! 2018 Showcase Programm steht fest","author":"Redaktion JazzZeitung","date":"27. Dezember 2017","format":false,"excerpt":"Aus insgesamt 609 Bewerbungen aus 49 L\u00e4ndern w\u00e4hlten die Jurys die 40 Acts, die vom 19.-22. April im Rahmen der internationalen Jazz-Fachmesse auf der B\u00fchne stehen werden. In den Modulen Polish Night, European Jazz Meeting, German Jazz Expo und Overseas Night pr\u00e4sentieren sich die Bands auf drei B\u00fchnen, zwei in\u2026","rel":"","context":"In &quot;News&quot;","block_context":{"text":"News","link":"https:\/\/www.jazzzeitung.de\/cms\/thema\/nachrichten\/"},"img":{"alt_text":"German Jazz Expo: Anna-Lena Schnabel Quartett. Foto: Sven Haberland","src":"https:\/\/i0.wp.com\/www.jazzzeitung.de\/cms\/wp-content\/uploads\/2017\/12\/jazz18_GJE_Anna-Lena_Schnabel_Quartett_c_Sven_Haberland.jpg?fit=1200%2C800&ssl=1&resize=350%2C200","width":350,"height":200,"srcset":"https:\/\/i0.wp.com\/www.jazzzeitung.de\/cms\/wp-content\/uploads\/2017\/12\/jazz18_GJE_Anna-Lena_Schnabel_Quartett_c_Sven_Haberland.jpg?fit=1200%2C800&ssl=1&resize=350%2C200 1x, https:\/\/i0.wp.com\/www.jazzzeitung.de\/cms\/wp-content\/uploads\/2017\/12\/jazz18_GJE_Anna-Lena_Schnabel_Quartett_c_Sven_Haberland.jpg?fit=1200%2C800&ssl=1&resize=525%2C300 1.5x, https:\/\/i0.wp.com\/www.jazzzeitung.de\/cms\/wp-content\/uploads\/2017\/12\/jazz18_GJE_Anna-Lena_Schnabel_Quartett_c_Sven_Haberland.jpg?fit=1200%2C800&ssl=1&resize=700%2C400 2x, https:\/\/i0.wp.com\/www.jazzzeitung.de\/cms\/wp-content\/uploads\/2017\/12\/jazz18_GJE_Anna-Lena_Schnabel_Quartett_c_Sven_Haberland.jpg?fit=1200%2C800&ssl=1&resize=1050%2C600 3x"},"classes":[]}],"jetpack_sharing_enabled":true,"_links":{"self":[{"href":"https:\/\/www.jazzzeitung.de\/cms\/wp-json\/wp\/v2\/posts\/15100","targetHints":{"allow":["GET"]}}],"collection":[{"href":"https:\/\/www.jazzzeitung.de\/cms\/wp-json\/wp\/v2\/posts"}],"about":[{"href":"https:\/\/www.jazzzeitung.de\/cms\/wp-json\/wp\/v2\/types\/post"}],"author":[{"embeddable":true,"href":"https:\/\/www.jazzzeitung.de\/cms\/wp-json\/wp\/v2\/users\/18"}],"replies":[{"embeddable":true,"href":"https:\/\/www.jazzzeitung.de\/cms\/wp-json\/wp\/v2\/comments?post=15100"}],"version-history":[{"count":6,"href":"https:\/\/www.jazzzeitung.de\/cms\/wp-json\/wp\/v2\/posts\/15100\/revisions"}],"predecessor-version":[{"id":15108,"href":"https:\/\/www.jazzzeitung.de\/cms\/wp-json\/wp\/v2\/posts\/15100\/revisions\/15108"}],"wp:featuredmedia":[{"embeddable":true,"href":"https:\/\/www.jazzzeitung.de\/cms\/wp-json\/wp\/v2\/media\/15102"}],"wp:attachment":[{"href":"https:\/\/www.jazzzeitung.de\/cms\/wp-json\/wp\/v2\/media?parent=15100"}],"wp:term":[{"taxonomy":"category","embeddable":true,"href":"https:\/\/www.jazzzeitung.de\/cms\/wp-json\/wp\/v2\/categories?post=15100"},{"taxonomy":"post_tag","embeddable":true,"href":"https:\/\/www.jazzzeitung.de\/cms\/wp-json\/wp\/v2\/tags?post=15100"},{"taxonomy":"author","embeddable":true,"href":"https:\/\/www.jazzzeitung.de\/cms\/wp-json\/wp\/v2\/coauthors?post=15100"}],"curies":[{"name":"wp","href":"https:\/\/api.w.org\/{rel}","templated":true}]}}