{"id":15099,"date":"2018-02-22T10:02:53","date_gmt":"2018-02-22T09:02:53","guid":{"rendered":"https:\/\/www.jazzzeitung.de\/cms\/?p=15099"},"modified":"2018-02-20T16:25:34","modified_gmt":"2018-02-20T15:25:34","slug":"ein-echtes-bunker-kind-luise-volkmann-kam-mit-grosser-band-in-ihre-bielefelder-heimstaette-zurueck","status":"publish","type":"post","link":"https:\/\/www.jazzzeitung.de\/cms\/2018\/02\/ein-echtes-bunker-kind-luise-volkmann-kam-mit-grosser-band-in-ihre-bielefelder-heimstaette-zurueck\/","title":{"rendered":"Ein echtes \u201eBunker-Kind&#8220;: Luise Volkmann kam mit gro\u00dfer Band in ihre Bielefelder \u201eHeimst\u00e4tte&#8220; zur\u00fcck"},"content":{"rendered":"<p>Der Bunker Ulmenwall wurde in diesem Jahr einmal mehr mit dem Spielst\u00e4ttenpreis f\u00fcr seine Programmplanungen ausgezeichnet. Und dies zu Recht, markiert diese \u00d6rtlichkeit doch seit Jahrzehnten eine pr\u00e4gende Institution &#8211; nicht zuletzt f\u00fcr den ambitionierten MusikerInnen-Nachwuchs: Entsprechend w\u00e4re auch die rasante Laufbahn der geb\u00fcrtigen Bielefelderin Luise Volkmann \u2013 einer hochkreativen Bandleaderin, Saxofonistin und Komponistin &#8211; ohne den Bunker wohl kaum denkbar! Die heute 25-j\u00e4hrige hat bereits ein Studium in Leipzig absolviert, danach folgte ein Erasus-Stipendium in Paris. Dorthin zieht es sie nach wie vor immer noch regelm\u00e4\u00dfig, um die Energie einer internationalen Musikmetropole begierig aufzusaugen und sich sozial-k\u00fcnstlerisch bestens zu vernetzen.<\/p>\n<p>Also durfte man Gro\u00dfes erwarten, als sie mit einer 12-k\u00f6pfigen Truppe zum \u201eHeimspiel&#8220; zur\u00fcck in den Bunker Ulmenwall kam. Und doch \u00fcbertraf die in bestem Sinne \u201eun-erh\u00f6rte&#8220;, von ihr komponierte und arrangierte Musik alle Erwartungen. Luise Volkmann will es wissen, so viel ist klar! Ihre bescheiden wirkenden Ansagen versprechen \u201eSongs&#8220;, in denen sie auf musikalische Weise von pers\u00f6nlichen Beziehungen erz\u00e4hlt. Aber dann er\u00f6ffnen sich grenzenlose Weiten, in denen sie mit ihrer Band Ideen und Kl\u00e4nge bestechend kreativ zu verflechten wei\u00df. Sie macht gerne das ganz gro\u00dfe Fass auf \u2013 und meist geht es nicht unter einer mindestens 15-min\u00fctigen Jazz-Oper ab! Ja, der Begriff \u201eOper&#8220; passt hier durchaus, f\u00fchren denn die opulenten Arrangements mit weitgespannten Melodien doch in reiche emotionale Wechselb\u00e4der hinein. Aber diese Klangwelt kennt auch widerborstig aufbegehrende Momente, denn Luise Volkmann ist auch dem subversiven Geist des Punkrock zugetan. Aber wo andere \u2013 gerade in gro\u00dfen Besetzungen \u2013 labyrinthisch oder auch mal zu exaltiert daherkommen, transportiert Luise Volkmanns eigenwillige musikalische Sprache etwas entwaffnend-uneitles!<\/p>\n<div class=\"tiled-gallery type-rectangular tiled-gallery-unresized\" data-original-width=\"840\" data-carousel-extra='{&quot;blog_id&quot;:1,&quot;permalink&quot;:&quot;https:\\\/\\\/www.jazzzeitung.de\\\/cms\\\/2018\\\/02\\\/ein-echtes-bunker-kind-luise-volkmann-kam-mit-grosser-band-in-ihre-bielefelder-heimstaette-zurueck\\\/&quot;,&quot;likes_blog_id&quot;:55446655}' itemscope itemtype=\"http:\/\/schema.org\/ImageGallery\" > <div class=\"gallery-row\" style=\"width: 840px; height: 388px;\" data-original-width=\"840\" data-original-height=\"388\" > <div class=\"gallery-group images-1\" style=\"width: 580px; height: 388px;\" data-original-width=\"580\" data-original-height=\"388\" > <div class=\"tiled-gallery-item tiled-gallery-item-large\" itemprop=\"associatedMedia\" itemscope itemtype=\"http:\/\/schema.org\/ImageObject\"> <a href=\"https:\/\/www.jazzzeitung.de\/cms\/2018\/02\/ein-echtes-bunker-kind-luise-volkmann-kam-mit-grosser-band-in-ihre-bielefelder-heimstaette-zurueck\/_dsc6225_a\/\" border=\"0\" itemprop=\"url\"> <meta itemprop=\"width\" content=\"576\"> <meta itemprop=\"height\" content=\"384\"> <img decoding=\"async\" class=\"\" data-attachment-id=\"15132\" data-orig-file=\"https:\/\/www.jazzzeitung.de\/cms\/wp-content\/uploads\/2018\/02\/DSC6225_a.jpg\" data-orig-size=\"1600,1068\" data-comments-opened=\"1\" data-image-meta=\"{&quot;aperture&quot;:&quot;3.5&quot;,&quot;credit&quot;:&quot;JuergenVolkmann&quot;,&quot;camera&quot;:&quot;NIKON D750&quot;,&quot;caption&quot;:&quot;&quot;,&quot;created_timestamp&quot;:&quot;1518560969&quot;,&quot;copyright&quot;:&quot;www.volkmannfoto.de&quot;,&quot;focal_length&quot;:&quot;28&quot;,&quot;iso&quot;:&quot;12800&quot;,&quot;shutter_speed&quot;:&quot;0.004&quot;,&quot;title&quot;:&quot;&quot;,&quot;orientation&quot;:&quot;1&quot;}\" data-image-title=\"_DSC6225_a\" data-image-description=\"&lt;p&gt;Max Santner am Schlagzeug. Foto: J\u00fcrgen Volkmann&lt;\/p&gt; \" data-medium-file=\"https:\/\/i0.wp.com\/www.jazzzeitung.de\/cms\/wp-content\/uploads\/2018\/02\/DSC6225_a.jpg?fit=300%2C200&#038;ssl=1\" data-large-file=\"https:\/\/i0.wp.com\/www.jazzzeitung.de\/cms\/wp-content\/uploads\/2018\/02\/DSC6225_a.jpg?fit=840%2C560&#038;ssl=1\" src=\"https:\/\/i0.wp.com\/www.jazzzeitung.de\/cms\/wp-content\/uploads\/2018\/02\/DSC6225_a.jpg?w=576&#038;h=384&#038;ssl=1\" srcset=\"https:\/\/i0.wp.com\/www.jazzzeitung.de\/cms\/wp-content\/uploads\/2018\/02\/DSC6225_a.jpg?w=1600&amp;ssl=1 1600w, https:\/\/i0.wp.com\/www.jazzzeitung.de\/cms\/wp-content\/uploads\/2018\/02\/DSC6225_a.jpg?resize=300%2C200&amp;ssl=1 300w, https:\/\/i0.wp.com\/www.jazzzeitung.de\/cms\/wp-content\/uploads\/2018\/02\/DSC6225_a.jpg?resize=768%2C513&amp;ssl=1 768w, https:\/\/i0.wp.com\/www.jazzzeitung.de\/cms\/wp-content\/uploads\/2018\/02\/DSC6225_a.jpg?resize=900%2C600&amp;ssl=1 900w, https:\/\/i0.wp.com\/www.jazzzeitung.de\/cms\/wp-content\/uploads\/2018\/02\/DSC6225_a.jpg?resize=600%2C401&amp;ssl=1 600w, https:\/\/i0.wp.com\/www.jazzzeitung.de\/cms\/wp-content\/uploads\/2018\/02\/DSC6225_a.jpg?resize=120%2C80&amp;ssl=1 120w\" width=\"576\" height=\"384\" loading=\"lazy\" data-original-width=\"576\" data-original-height=\"384\" itemprop=\"http:\/\/schema.org\/image\" title=\"_DSC6225_a\" alt=\"Max Santner am Schlagzeug. Foto: J\u00fcrgen Volkmann\" style=\"width: 576px; height: 384px;\" \/> <\/a> <div class=\"tiled-gallery-caption\" itemprop=\"caption description\"> Max Santner am Schlagzeug. Foto: J\u00fcrgen Volkmann <\/div> <\/div> <\/div> <!-- close group --> <div class=\"gallery-group images-1\" style=\"width: 260px; height: 388px;\" data-original-width=\"260\" data-original-height=\"388\" > <div class=\"tiled-gallery-item tiled-gallery-item-large\" itemprop=\"associatedMedia\" itemscope itemtype=\"http:\/\/schema.org\/ImageObject\"> <a href=\"https:\/\/www.jazzzeitung.de\/cms\/2018\/02\/ein-echtes-bunker-kind-luise-volkmann-kam-mit-grosser-band-in-ihre-bielefelder-heimstaette-zurueck\/_dsc6045\/\" border=\"0\" itemprop=\"url\"> <meta itemprop=\"width\" content=\"256\"> <meta itemprop=\"height\" content=\"384\"> <img decoding=\"async\" class=\"\" data-attachment-id=\"15135\" data-orig-file=\"https:\/\/www.jazzzeitung.de\/cms\/wp-content\/uploads\/2018\/02\/DSC6045.jpg\" data-orig-size=\"1068,1600\" data-comments-opened=\"1\" data-image-meta=\"{&quot;aperture&quot;:&quot;4.5&quot;,&quot;credit&quot;:&quot;JuergenVolkmann&quot;,&quot;camera&quot;:&quot;NIKON D750&quot;,&quot;caption&quot;:&quot;&quot;,&quot;created_timestamp&quot;:&quot;1518555003&quot;,&quot;copyright&quot;:&quot;www.volkmannfoto.de&quot;,&quot;focal_length&quot;:&quot;105&quot;,&quot;iso&quot;:&quot;10000&quot;,&quot;shutter_speed&quot;:&quot;0.01&quot;,&quot;title&quot;:&quot;&quot;,&quot;orientation&quot;:&quot;1&quot;}\" data-image-title=\"_DSC6045\" data-image-description=\"&lt;p&gt;S\u00e4ngerin, Komponistin und Saxophonistin Luise Volkmann. Foto: J\u00fcrgen Volkmann&lt;\/p&gt; \" data-medium-file=\"https:\/\/i0.wp.com\/www.jazzzeitung.de\/cms\/wp-content\/uploads\/2018\/02\/DSC6045.jpg?fit=200%2C300&#038;ssl=1\" data-large-file=\"https:\/\/i0.wp.com\/www.jazzzeitung.de\/cms\/wp-content\/uploads\/2018\/02\/DSC6045.jpg?fit=401%2C600&#038;ssl=1\" src=\"https:\/\/i0.wp.com\/www.jazzzeitung.de\/cms\/wp-content\/uploads\/2018\/02\/DSC6045.jpg?w=256&#038;h=384&#038;ssl=1\" srcset=\"https:\/\/i0.wp.com\/www.jazzzeitung.de\/cms\/wp-content\/uploads\/2018\/02\/DSC6045.jpg?w=1068&amp;ssl=1 1068w, https:\/\/i0.wp.com\/www.jazzzeitung.de\/cms\/wp-content\/uploads\/2018\/02\/DSC6045.jpg?resize=200%2C300&amp;ssl=1 200w, https:\/\/i0.wp.com\/www.jazzzeitung.de\/cms\/wp-content\/uploads\/2018\/02\/DSC6045.jpg?resize=768%2C1151&amp;ssl=1 768w, https:\/\/i0.wp.com\/www.jazzzeitung.de\/cms\/wp-content\/uploads\/2018\/02\/DSC6045.jpg?resize=401%2C600&amp;ssl=1 401w, https:\/\/i0.wp.com\/www.jazzzeitung.de\/cms\/wp-content\/uploads\/2018\/02\/DSC6045.jpg?resize=600%2C899&amp;ssl=1 600w\" width=\"256\" height=\"384\" loading=\"lazy\" data-original-width=\"256\" data-original-height=\"384\" itemprop=\"http:\/\/schema.org\/image\" title=\"_DSC6045\" alt=\"S\u00e4ngerin, Komponistin und Saxophonistin Luise Volkmann. Foto: J\u00fcrgen Volkmann\" style=\"width: 256px; height: 384px;\" \/> <\/a> <div class=\"tiled-gallery-caption\" itemprop=\"caption description\"> S\u00e4ngerin, Komponistin und Saxophonistin Luise Volkmann. Foto: J\u00fcrgen Volkmann <\/div> <\/div> <\/div> <!-- close group --> <\/div> <!-- close row --> <\/div>\n<div class=\"tiled-gallery type-rectangular tiled-gallery-unresized\" data-original-width=\"840\" data-carousel-extra='{&quot;blog_id&quot;:1,&quot;permalink&quot;:&quot;https:\\\/\\\/www.jazzzeitung.de\\\/cms\\\/2018\\\/02\\\/ein-echtes-bunker-kind-luise-volkmann-kam-mit-grosser-band-in-ihre-bielefelder-heimstaette-zurueck\\\/&quot;,&quot;likes_blog_id&quot;:55446655}' itemscope itemtype=\"http:\/\/schema.org\/ImageGallery\" > <div class=\"gallery-row\" style=\"width: 840px; height: 388px;\" data-original-width=\"840\" data-original-height=\"388\" > <div class=\"gallery-group images-1\" style=\"width: 260px; height: 388px;\" data-original-width=\"260\" data-original-height=\"388\" > <div class=\"tiled-gallery-item tiled-gallery-item-large\" itemprop=\"associatedMedia\" itemscope itemtype=\"http:\/\/schema.org\/ImageObject\"> <a href=\"https:\/\/www.jazzzeitung.de\/cms\/2018\/02\/ein-echtes-bunker-kind-luise-volkmann-kam-mit-grosser-band-in-ihre-bielefelder-heimstaette-zurueck\/_dsc6180\/\" border=\"0\" itemprop=\"url\"> <meta itemprop=\"width\" content=\"256\"> <meta itemprop=\"height\" content=\"384\"> <img decoding=\"async\" class=\"\" data-attachment-id=\"15133\" data-orig-file=\"https:\/\/www.jazzzeitung.de\/cms\/wp-content\/uploads\/2018\/02\/DSC6180.jpg\" data-orig-size=\"1068,1600\" data-comments-opened=\"1\" data-image-meta=\"{&quot;aperture&quot;:&quot;4&quot;,&quot;credit&quot;:&quot;JuergenVolkmann&quot;,&quot;camera&quot;:&quot;NIKON D750&quot;,&quot;caption&quot;:&quot;&quot;,&quot;created_timestamp&quot;:&quot;1518559962&quot;,&quot;copyright&quot;:&quot;www.volkmannfoto.de&quot;,&quot;focal_length&quot;:&quot;85&quot;,&quot;iso&quot;:&quot;12800&quot;,&quot;shutter_speed&quot;:&quot;0.00625&quot;,&quot;title&quot;:&quot;&quot;,&quot;orientation&quot;:&quot;1&quot;}\" data-image-title=\"_DSC6180\" data-image-description=\"&lt;p&gt;Athina Kontou ist die Bassistin bei &amp;#8222;\u00c9t\u00e9 Large&amp;#8220;. Foto: J\u00fcrgen Volkmann&lt;\/p&gt; \" data-medium-file=\"https:\/\/i0.wp.com\/www.jazzzeitung.de\/cms\/wp-content\/uploads\/2018\/02\/DSC6180.jpg?fit=200%2C300&#038;ssl=1\" data-large-file=\"https:\/\/i0.wp.com\/www.jazzzeitung.de\/cms\/wp-content\/uploads\/2018\/02\/DSC6180.jpg?fit=401%2C600&#038;ssl=1\" src=\"https:\/\/i0.wp.com\/www.jazzzeitung.de\/cms\/wp-content\/uploads\/2018\/02\/DSC6180.jpg?w=256&#038;h=384&#038;ssl=1\" srcset=\"https:\/\/i0.wp.com\/www.jazzzeitung.de\/cms\/wp-content\/uploads\/2018\/02\/DSC6180.jpg?w=1068&amp;ssl=1 1068w, https:\/\/i0.wp.com\/www.jazzzeitung.de\/cms\/wp-content\/uploads\/2018\/02\/DSC6180.jpg?resize=200%2C300&amp;ssl=1 200w, https:\/\/i0.wp.com\/www.jazzzeitung.de\/cms\/wp-content\/uploads\/2018\/02\/DSC6180.jpg?resize=768%2C1151&amp;ssl=1 768w, https:\/\/i0.wp.com\/www.jazzzeitung.de\/cms\/wp-content\/uploads\/2018\/02\/DSC6180.jpg?resize=401%2C600&amp;ssl=1 401w, https:\/\/i0.wp.com\/www.jazzzeitung.de\/cms\/wp-content\/uploads\/2018\/02\/DSC6180.jpg?resize=600%2C899&amp;ssl=1 600w\" width=\"256\" height=\"384\" loading=\"lazy\" data-original-width=\"256\" data-original-height=\"384\" itemprop=\"http:\/\/schema.org\/image\" title=\"_DSC6180\" alt=\"Athina Kontou ist die Bassistin bei &quot;\u00c9t\u00e9 Large&quot;. Foto: J\u00fcrgen Volkmann\" style=\"width: 256px; height: 384px;\" \/> <\/a> <div class=\"tiled-gallery-caption\" itemprop=\"caption description\"> Athina Kontou ist die Bassistin bei &#8222;\u00c9t\u00e9 Large&#8220;. Foto: J\u00fcrgen Volkmann <\/div> <\/div> <\/div> <!-- close group --> <div class=\"gallery-group images-1\" style=\"width: 580px; height: 388px;\" data-original-width=\"580\" data-original-height=\"388\" > <div class=\"tiled-gallery-item tiled-gallery-item-large\" itemprop=\"associatedMedia\" itemscope itemtype=\"http:\/\/schema.org\/ImageObject\"> <a href=\"https:\/\/www.jazzzeitung.de\/cms\/2018\/02\/ein-echtes-bunker-kind-luise-volkmann-kam-mit-grosser-band-in-ihre-bielefelder-heimstaette-zurueck\/_dsc6064\/\" border=\"0\" itemprop=\"url\"> <meta itemprop=\"width\" content=\"576\"> <meta itemprop=\"height\" content=\"384\"> <img decoding=\"async\" class=\"\" data-attachment-id=\"15134\" data-orig-file=\"https:\/\/www.jazzzeitung.de\/cms\/wp-content\/uploads\/2018\/02\/DSC6064.jpg\" data-orig-size=\"1600,1068\" data-comments-opened=\"1\" data-image-meta=\"{&quot;aperture&quot;:&quot;5&quot;,&quot;credit&quot;:&quot;JuergenVolkmann&quot;,&quot;camera&quot;:&quot;NIKON D750&quot;,&quot;caption&quot;:&quot;&quot;,&quot;created_timestamp&quot;:&quot;1518555550&quot;,&quot;copyright&quot;:&quot;www.volkmannfoto.de&quot;,&quot;focal_length&quot;:&quot;170&quot;,&quot;iso&quot;:&quot;12800&quot;,&quot;shutter_speed&quot;:&quot;0.008&quot;,&quot;title&quot;:&quot;&quot;,&quot;orientation&quot;:&quot;1&quot;}\" data-image-title=\"_DSC6064\" data-image-description=\"&lt;p&gt;Gabriel Lemaire (links), Vincent Bababoutilabo (mitte) und Luise Volkmann. Foto: J\u00fcrgen Volkmann&lt;\/p&gt; \" data-medium-file=\"https:\/\/i0.wp.com\/www.jazzzeitung.de\/cms\/wp-content\/uploads\/2018\/02\/DSC6064.jpg?fit=300%2C200&#038;ssl=1\" data-large-file=\"https:\/\/i0.wp.com\/www.jazzzeitung.de\/cms\/wp-content\/uploads\/2018\/02\/DSC6064.jpg?fit=840%2C560&#038;ssl=1\" src=\"https:\/\/i0.wp.com\/www.jazzzeitung.de\/cms\/wp-content\/uploads\/2018\/02\/DSC6064.jpg?w=576&#038;h=384&#038;ssl=1\" srcset=\"https:\/\/i0.wp.com\/www.jazzzeitung.de\/cms\/wp-content\/uploads\/2018\/02\/DSC6064.jpg?w=1600&amp;ssl=1 1600w, https:\/\/i0.wp.com\/www.jazzzeitung.de\/cms\/wp-content\/uploads\/2018\/02\/DSC6064.jpg?resize=300%2C200&amp;ssl=1 300w, https:\/\/i0.wp.com\/www.jazzzeitung.de\/cms\/wp-content\/uploads\/2018\/02\/DSC6064.jpg?resize=768%2C513&amp;ssl=1 768w, https:\/\/i0.wp.com\/www.jazzzeitung.de\/cms\/wp-content\/uploads\/2018\/02\/DSC6064.jpg?resize=900%2C600&amp;ssl=1 900w, https:\/\/i0.wp.com\/www.jazzzeitung.de\/cms\/wp-content\/uploads\/2018\/02\/DSC6064.jpg?resize=600%2C401&amp;ssl=1 600w, https:\/\/i0.wp.com\/www.jazzzeitung.de\/cms\/wp-content\/uploads\/2018\/02\/DSC6064.jpg?resize=120%2C80&amp;ssl=1 120w\" width=\"576\" height=\"384\" loading=\"lazy\" data-original-width=\"576\" data-original-height=\"384\" itemprop=\"http:\/\/schema.org\/image\" title=\"_DSC6064\" alt=\"Gabriel Lemaire (links), Vincent Bababoutilabo (mitte) und Luise Volkmann. Foto: J\u00fcrgen Volkmann\" style=\"width: 576px; height: 384px;\" \/> <\/a> <div class=\"tiled-gallery-caption\" itemprop=\"caption description\"> Gabriel Lemaire (links), Vincent Bababoutilabo (mitte) und Luise Volkmann. Foto: J\u00fcrgen Volkmann <\/div> <\/div> <\/div> <!-- close group --> <\/div> <!-- close row --> <\/div>\n<p>Auf Saxofon und Fl\u00f6te ist sie Teil dieses Ensembles, das sie zu ihrem eigenen Instrument macht. Sie dirigiert mit sparsamer Geste, wenn sie nicht gerade spielt. Mal ist es ein poetisches St\u00fcck \u00fcber ein Schneegl\u00f6ckchen, wo verbl\u00fcffend sensibel die Ausdruckswelt des Kunstliedes im 19. Jahrhundert getroffen wird. Dann wieder sind Zitate aus Gedichten von Rilke und Bukowki (\u201emeine Lieblings-Lyriker!&#8220;) die Keimzelle f\u00fcr komplexe theatralische Spannungsb\u00f6gen. Phasenweise singen sogar alle gemeinsam. Wenn Luise Volkmann in ihren Arrangements musikalische Ebenen \u00fcbereinander schichtet, bleibt viel Luft f\u00fcr befreiendes Atmen. Ihre Bandmitglieder f\u00fcr die Formation \u201e\u00c9t\u00e9 Large&#8220; kommen aus einem halben Dutzend Nationen \u2013 und sind allesamt musikalische Charakterdarsteller im besten Sinne! Da reibt sich die klassische Gesangstechnik von Laurin Oppermann mit der freigeistigen vokalen Sinnlichkeit von Casey Moi, einer in Schweden lebenden Australierin. In einem lodernden, clusterges\u00e4ttigt-wuchernden Pianosolo l\u00e4sst Johannes Bigge die Luft im Bunker brennen&#8230;<\/p>\n<p>Wo nimmt dieser junge Musikerin, die anscheinend so derma\u00dfen genau wei\u00df, was sie tut und will, diese ganzen Ideen her? Antworten mag ein Interview liefern, das in den n\u00e4chsten Tagen in der Kategorie \u201ePortraits&#8220; zu lesen ist.<\/p>\n<p>&nbsp;<\/p>\n<p><em>Stefan Pieper<\/em><u> <\/u><\/p>\n","protected":false},"excerpt":{"rendered":"<p>Der Bunker Ulmenwall wurde in diesem Jahr einmal mehr mit dem Spielst\u00e4ttenpreis f\u00fcr seine Programmplanungen ausgezeichnet. Und dies zu Recht, markiert diese \u00d6rtlichkeit doch seit Jahrzehnten eine pr\u00e4gende Institution &#8211; nicht zuletzt f\u00fcr den ambitionierten MusikerInnen-Nachwuchs: Entsprechend w\u00e4re auch die rasante Laufbahn der geb\u00fcrtigen Bielefelderin Luise Volkmann \u2013 einer hochkreativen Bandleaderin, Saxofonistin und Komponistin &#8211; ohne den Bunker wohl kaum denkbar! Die heute 25-j\u00e4hrige hat bereits ein Studium in Leipzig absolviert, danach folgte ein Erasus-Stipendium in Paris. Dorthin zieht es sie nach wie vor immer noch regelm\u00e4\u00dfig, um die Energie einer internationalen Musikmetropole begierig aufzusaugen und sich sozial-k\u00fcnstlerisch bestens zu vernetzen. Also durfte man Gro\u00dfes erwarten, als sie mit einer 12-k\u00f6pfigen Truppe zum \u201eHeimspiel&#8220; zur\u00fcck in den Bunker Ulmenwall kam. Und doch \u00fcbertraf die in bestem Sinne \u201eun-erh\u00f6rte&#8220;, von ihr komponierte und arrangierte Musik alle Erwartungen. Luise Volkmann will es wissen, so viel ist klar! Ihre bescheiden wirkenden Ansagen versprechen \u201eSongs&#8220;, in denen sie auf musikalische Weise von pers\u00f6nlichen Beziehungen erz\u00e4hlt. Aber dann er\u00f6ffnen sich grenzenlose Weiten, in denen sie mit ihrer Band Ideen und Kl\u00e4nge bestechend kreativ zu verflechten wei\u00df. Sie macht gerne das &hellip;<\/p>\n","protected":false},"author":18,"featured_media":15134,"comment_status":"open","ping_status":"closed","sticky":false,"template":"","format":"standard","meta":{"_jetpack_memberships_contains_paid_content":false,"footnotes":"","jetpack_publicize_message":"","jetpack_publicize_feature_enabled":true,"jetpack_social_post_already_shared":false,"jetpack_social_options":{"image_generator_settings":{"template":"highway","default_image_id":0,"font":"","enabled":false},"version":2}},"categories":[1053],"tags":[245,1876,349,431,494,512,1129,1272],"coauthors":[695],"class_list":["post-15099","post","type-post","status-publish","format-standard","has-post-thumbnail","hentry","category-bericht","tag-interview-2","tag-jazz","tag-leipzig","tag-paris","tag-schweden","tag-spielstaettenpreis","tag-stefan-pieper","tag-stipendium"],"yoast_head":"<!-- This site is optimized with the Yoast SEO plugin v27.5 - https:\/\/yoast.com\/product\/yoast-seo-wordpress\/ -->\n<title>Ein echtes \u201eBunker-Kind&quot;: Luise Volkmann kam mit gro\u00dfer Band in ihre Bielefelder \u201eHeimst\u00e4tte&quot; zur\u00fcck - JazzZeitung<\/title>\n<meta name=\"robots\" content=\"index, follow, max-snippet:-1, max-image-preview:large, max-video-preview:-1\" \/>\n<link rel=\"canonical\" href=\"https:\/\/www.jazzzeitung.de\/cms\/2018\/02\/ein-echtes-bunker-kind-luise-volkmann-kam-mit-grosser-band-in-ihre-bielefelder-heimstaette-zurueck\/\" \/>\n<meta property=\"og:locale\" content=\"de_DE\" \/>\n<meta property=\"og:type\" content=\"article\" \/>\n<meta property=\"og:title\" content=\"Ein echtes \u201eBunker-Kind&quot;: Luise Volkmann kam mit gro\u00dfer Band in ihre Bielefelder \u201eHeimst\u00e4tte&quot; zur\u00fcck - JazzZeitung\" \/>\n<meta property=\"og:description\" content=\"Der Bunker Ulmenwall wurde in diesem Jahr einmal mehr mit dem Spielst\u00e4ttenpreis f\u00fcr seine Programmplanungen ausgezeichnet. Und dies zu Recht, markiert diese \u00d6rtlichkeit doch seit Jahrzehnten eine pr\u00e4gende Institution &#8211; nicht zuletzt f\u00fcr den ambitionierten MusikerInnen-Nachwuchs: Entsprechend w\u00e4re auch die rasante Laufbahn der geb\u00fcrtigen Bielefelderin Luise Volkmann \u2013 einer hochkreativen Bandleaderin, Saxofonistin und Komponistin &#8211; ohne den Bunker wohl kaum denkbar! Die heute 25-j\u00e4hrige hat bereits ein Studium in Leipzig absolviert, danach folgte ein Erasus-Stipendium in Paris. Dorthin zieht es sie nach wie vor immer noch regelm\u00e4\u00dfig, um die Energie einer internationalen Musikmetropole begierig aufzusaugen und sich sozial-k\u00fcnstlerisch bestens zu vernetzen. Also durfte man Gro\u00dfes erwarten, als sie mit einer 12-k\u00f6pfigen Truppe zum \u201eHeimspiel&#8220; zur\u00fcck in den Bunker Ulmenwall kam. Und doch \u00fcbertraf die in bestem Sinne \u201eun-erh\u00f6rte&#8220;, von ihr komponierte und arrangierte Musik alle Erwartungen. Luise Volkmann will es wissen, so viel ist klar! Ihre bescheiden wirkenden Ansagen versprechen \u201eSongs&#8220;, in denen sie auf musikalische Weise von pers\u00f6nlichen Beziehungen erz\u00e4hlt. Aber dann er\u00f6ffnen sich grenzenlose Weiten, in denen sie mit ihrer Band Ideen und Kl\u00e4nge bestechend kreativ zu verflechten wei\u00df. Sie macht gerne das &hellip;\" \/>\n<meta property=\"og:url\" content=\"https:\/\/www.jazzzeitung.de\/cms\/2018\/02\/ein-echtes-bunker-kind-luise-volkmann-kam-mit-grosser-band-in-ihre-bielefelder-heimstaette-zurueck\/\" \/>\n<meta property=\"og:site_name\" content=\"JazzZeitung\" \/>\n<meta property=\"article:publisher\" content=\"https:\/\/www.facebook.com\/JazzZeitung\/\" \/>\n<meta property=\"article:published_time\" content=\"2018-02-22T09:02:53+00:00\" \/>\n<meta property=\"og:image\" content=\"https:\/\/i0.wp.com\/www.jazzzeitung.de\/cms\/wp-content\/uploads\/2018\/02\/DSC6064.jpg?fit=1600%2C1068&ssl=1\" \/>\n\t<meta property=\"og:image:width\" content=\"1600\" \/>\n\t<meta property=\"og:image:height\" content=\"1068\" \/>\n\t<meta property=\"og:image:type\" content=\"image\/jpeg\" \/>\n<meta name=\"author\" content=\"Redaktion JazzZeitung\" \/>\n<script type=\"application\/ld+json\" class=\"yoast-schema-graph\">{\"@context\":\"https:\\\/\\\/schema.org\",\"@graph\":[{\"@type\":\"Article\",\"@id\":\"https:\\\/\\\/www.jazzzeitung.de\\\/cms\\\/2018\\\/02\\\/ein-echtes-bunker-kind-luise-volkmann-kam-mit-grosser-band-in-ihre-bielefelder-heimstaette-zurueck\\\/#article\",\"isPartOf\":{\"@id\":\"https:\\\/\\\/www.jazzzeitung.de\\\/cms\\\/2018\\\/02\\\/ein-echtes-bunker-kind-luise-volkmann-kam-mit-grosser-band-in-ihre-bielefelder-heimstaette-zurueck\\\/\"},\"author\":{\"name\":\"Redaktion JazzZeitung\",\"@id\":\"https:\\\/\\\/www.jazzzeitung.de\\\/cms\\\/#\\\/schema\\\/person\\\/2245b36b9cd1d24cea10f01c031fb92b\"},\"headline\":\"Ein echtes \u201eBunker-Kind&#8220;: Luise Volkmann kam mit gro\u00dfer Band in ihre Bielefelder \u201eHeimst\u00e4tte&#8220; zur\u00fcck\",\"datePublished\":\"2018-02-22T09:02:53+00:00\",\"mainEntityOfPage\":{\"@id\":\"https:\\\/\\\/www.jazzzeitung.de\\\/cms\\\/2018\\\/02\\\/ein-echtes-bunker-kind-luise-volkmann-kam-mit-grosser-band-in-ihre-bielefelder-heimstaette-zurueck\\\/\"},\"wordCount\":505,\"commentCount\":0,\"publisher\":{\"@id\":\"https:\\\/\\\/www.jazzzeitung.de\\\/cms\\\/#organization\"},\"image\":{\"@id\":\"https:\\\/\\\/www.jazzzeitung.de\\\/cms\\\/2018\\\/02\\\/ein-echtes-bunker-kind-luise-volkmann-kam-mit-grosser-band-in-ihre-bielefelder-heimstaette-zurueck\\\/#primaryimage\"},\"thumbnailUrl\":\"https:\\\/\\\/i0.wp.com\\\/www.jazzzeitung.de\\\/cms\\\/wp-content\\\/uploads\\\/2018\\\/02\\\/DSC6064.jpg?fit=1600%2C1068&ssl=1\",\"keywords\":[\"Interview\",\"Jazz\",\"Leipzig\",\"Paris\",\"Schweden\",\"Spielst\u00e4ttenpreis\",\"Stefan Pieper\",\"Stipendium\"],\"articleSection\":[\"Bericht\"],\"inLanguage\":\"de\",\"potentialAction\":[{\"@type\":\"CommentAction\",\"name\":\"Comment\",\"target\":[\"https:\\\/\\\/www.jazzzeitung.de\\\/cms\\\/2018\\\/02\\\/ein-echtes-bunker-kind-luise-volkmann-kam-mit-grosser-band-in-ihre-bielefelder-heimstaette-zurueck\\\/#respond\"]}]},{\"@type\":\"WebPage\",\"@id\":\"https:\\\/\\\/www.jazzzeitung.de\\\/cms\\\/2018\\\/02\\\/ein-echtes-bunker-kind-luise-volkmann-kam-mit-grosser-band-in-ihre-bielefelder-heimstaette-zurueck\\\/\",\"url\":\"https:\\\/\\\/www.jazzzeitung.de\\\/cms\\\/2018\\\/02\\\/ein-echtes-bunker-kind-luise-volkmann-kam-mit-grosser-band-in-ihre-bielefelder-heimstaette-zurueck\\\/\",\"name\":\"Ein echtes \u201eBunker-Kind\\\": Luise Volkmann kam mit gro\u00dfer Band in ihre Bielefelder \u201eHeimst\u00e4tte\\\" zur\u00fcck - JazzZeitung\",\"isPartOf\":{\"@id\":\"https:\\\/\\\/www.jazzzeitung.de\\\/cms\\\/#website\"},\"primaryImageOfPage\":{\"@id\":\"https:\\\/\\\/www.jazzzeitung.de\\\/cms\\\/2018\\\/02\\\/ein-echtes-bunker-kind-luise-volkmann-kam-mit-grosser-band-in-ihre-bielefelder-heimstaette-zurueck\\\/#primaryimage\"},\"image\":{\"@id\":\"https:\\\/\\\/www.jazzzeitung.de\\\/cms\\\/2018\\\/02\\\/ein-echtes-bunker-kind-luise-volkmann-kam-mit-grosser-band-in-ihre-bielefelder-heimstaette-zurueck\\\/#primaryimage\"},\"thumbnailUrl\":\"https:\\\/\\\/i0.wp.com\\\/www.jazzzeitung.de\\\/cms\\\/wp-content\\\/uploads\\\/2018\\\/02\\\/DSC6064.jpg?fit=1600%2C1068&ssl=1\",\"datePublished\":\"2018-02-22T09:02:53+00:00\",\"breadcrumb\":{\"@id\":\"https:\\\/\\\/www.jazzzeitung.de\\\/cms\\\/2018\\\/02\\\/ein-echtes-bunker-kind-luise-volkmann-kam-mit-grosser-band-in-ihre-bielefelder-heimstaette-zurueck\\\/#breadcrumb\"},\"inLanguage\":\"de\",\"potentialAction\":[{\"@type\":\"ReadAction\",\"target\":[\"https:\\\/\\\/www.jazzzeitung.de\\\/cms\\\/2018\\\/02\\\/ein-echtes-bunker-kind-luise-volkmann-kam-mit-grosser-band-in-ihre-bielefelder-heimstaette-zurueck\\\/\"]}]},{\"@type\":\"ImageObject\",\"inLanguage\":\"de\",\"@id\":\"https:\\\/\\\/www.jazzzeitung.de\\\/cms\\\/2018\\\/02\\\/ein-echtes-bunker-kind-luise-volkmann-kam-mit-grosser-band-in-ihre-bielefelder-heimstaette-zurueck\\\/#primaryimage\",\"url\":\"https:\\\/\\\/i0.wp.com\\\/www.jazzzeitung.de\\\/cms\\\/wp-content\\\/uploads\\\/2018\\\/02\\\/DSC6064.jpg?fit=1600%2C1068&ssl=1\",\"contentUrl\":\"https:\\\/\\\/i0.wp.com\\\/www.jazzzeitung.de\\\/cms\\\/wp-content\\\/uploads\\\/2018\\\/02\\\/DSC6064.jpg?fit=1600%2C1068&ssl=1\",\"width\":1600,\"height\":1068,\"caption\":\"Gabriel Lemaire (links), Vincent Bababoutilabo (mitte) und Luise Volkmann. Foto: J\u00fcrgen Volkmann\"},{\"@type\":\"BreadcrumbList\",\"@id\":\"https:\\\/\\\/www.jazzzeitung.de\\\/cms\\\/2018\\\/02\\\/ein-echtes-bunker-kind-luise-volkmann-kam-mit-grosser-band-in-ihre-bielefelder-heimstaette-zurueck\\\/#breadcrumb\",\"itemListElement\":[{\"@type\":\"ListItem\",\"position\":1,\"name\":\"Startseite\",\"item\":\"https:\\\/\\\/www.jazzzeitung.de\\\/cms\\\/\"},{\"@type\":\"ListItem\",\"position\":2,\"name\":\"Ein echtes \u201eBunker-Kind&#8220;: Luise Volkmann kam mit gro\u00dfer Band in ihre Bielefelder \u201eHeimst\u00e4tte&#8220; zur\u00fcck\"}]},{\"@type\":\"WebSite\",\"@id\":\"https:\\\/\\\/www.jazzzeitung.de\\\/cms\\\/#website\",\"url\":\"https:\\\/\\\/www.jazzzeitung.de\\\/cms\\\/\",\"name\":\"JazzZeitung\",\"description\":\"Jazz-News und Jazz-Kontroverses\",\"publisher\":{\"@id\":\"https:\\\/\\\/www.jazzzeitung.de\\\/cms\\\/#organization\"},\"potentialAction\":[{\"@type\":\"SearchAction\",\"target\":{\"@type\":\"EntryPoint\",\"urlTemplate\":\"https:\\\/\\\/www.jazzzeitung.de\\\/cms\\\/?s={search_term_string}\"},\"query-input\":{\"@type\":\"PropertyValueSpecification\",\"valueRequired\":true,\"valueName\":\"search_term_string\"}}],\"inLanguage\":\"de\"},{\"@type\":\"Organization\",\"@id\":\"https:\\\/\\\/www.jazzzeitung.de\\\/cms\\\/#organization\",\"name\":\"JazzZeitung online\",\"url\":\"https:\\\/\\\/www.jazzzeitung.de\\\/cms\\\/\",\"logo\":{\"@type\":\"ImageObject\",\"inLanguage\":\"de\",\"@id\":\"https:\\\/\\\/www.jazzzeitung.de\\\/cms\\\/#\\\/schema\\\/logo\\\/image\\\/\",\"url\":\"https:\\\/\\\/i0.wp.com\\\/www.jazzzeitung.de\\\/cms\\\/wp-content\\\/uploads\\\/2015\\\/08\\\/JAZZZEITUNGDE_Logo_Neu.png?fit=499%2C200&ssl=1\",\"contentUrl\":\"https:\\\/\\\/i0.wp.com\\\/www.jazzzeitung.de\\\/cms\\\/wp-content\\\/uploads\\\/2015\\\/08\\\/JAZZZEITUNGDE_Logo_Neu.png?fit=499%2C200&ssl=1\",\"width\":499,\"height\":200,\"caption\":\"JazzZeitung online\"},\"image\":{\"@id\":\"https:\\\/\\\/www.jazzzeitung.de\\\/cms\\\/#\\\/schema\\\/logo\\\/image\\\/\"},\"sameAs\":[\"https:\\\/\\\/www.facebook.com\\\/JazzZeitung\\\/\"]},{\"@type\":\"Person\",\"@id\":\"https:\\\/\\\/www.jazzzeitung.de\\\/cms\\\/#\\\/schema\\\/person\\\/2245b36b9cd1d24cea10f01c031fb92b\",\"name\":\"Redaktion JazzZeitung\",\"image\":{\"@type\":\"ImageObject\",\"inLanguage\":\"de\",\"@id\":\"https:\\\/\\\/i0.wp.com\\\/www.jazzzeitung.de\\\/cms\\\/wp-content\\\/uploads\\\/2015\\\/08\\\/JAZZZEITUNGDE_Logo_Neu.png?resize=96%2C96&ssl=159975dcacb611b5700bd619b5daf0a7a\",\"url\":\"https:\\\/\\\/i0.wp.com\\\/www.jazzzeitung.de\\\/cms\\\/wp-content\\\/uploads\\\/2015\\\/08\\\/JAZZZEITUNGDE_Logo_Neu.png?resize=96%2C96&ssl=1\",\"contentUrl\":\"https:\\\/\\\/i0.wp.com\\\/www.jazzzeitung.de\\\/cms\\\/wp-content\\\/uploads\\\/2015\\\/08\\\/JAZZZEITUNGDE_Logo_Neu.png?resize=96%2C96&ssl=1\",\"caption\":\"Redaktion JazzZeitung\"},\"description\":\"Artikel der Redaktion der JazzZeitung.\",\"sameAs\":[\"http:\\\/\\\/www.jazzzeitung.de\\\/cms\\\/\"],\"url\":\"https:\\\/\\\/www.jazzzeitung.de\\\/cms\\\/author\\\/redaktion\\\/\"}]}<\/script>\n<!-- \/ Yoast SEO plugin. -->","yoast_head_json":{"title":"Ein echtes \u201eBunker-Kind\": Luise Volkmann kam mit gro\u00dfer Band in ihre Bielefelder \u201eHeimst\u00e4tte\" zur\u00fcck - JazzZeitung","robots":{"index":"index","follow":"follow","max-snippet":"max-snippet:-1","max-image-preview":"max-image-preview:large","max-video-preview":"max-video-preview:-1"},"canonical":"https:\/\/www.jazzzeitung.de\/cms\/2018\/02\/ein-echtes-bunker-kind-luise-volkmann-kam-mit-grosser-band-in-ihre-bielefelder-heimstaette-zurueck\/","og_locale":"de_DE","og_type":"article","og_title":"Ein echtes \u201eBunker-Kind\": Luise Volkmann kam mit gro\u00dfer Band in ihre Bielefelder \u201eHeimst\u00e4tte\" zur\u00fcck - JazzZeitung","og_description":"Der Bunker Ulmenwall wurde in diesem Jahr einmal mehr mit dem Spielst\u00e4ttenpreis f\u00fcr seine Programmplanungen ausgezeichnet. Und dies zu Recht, markiert diese \u00d6rtlichkeit doch seit Jahrzehnten eine pr\u00e4gende Institution &#8211; nicht zuletzt f\u00fcr den ambitionierten MusikerInnen-Nachwuchs: Entsprechend w\u00e4re auch die rasante Laufbahn der geb\u00fcrtigen Bielefelderin Luise Volkmann \u2013 einer hochkreativen Bandleaderin, Saxofonistin und Komponistin &#8211; ohne den Bunker wohl kaum denkbar! Die heute 25-j\u00e4hrige hat bereits ein Studium in Leipzig absolviert, danach folgte ein Erasus-Stipendium in Paris. Dorthin zieht es sie nach wie vor immer noch regelm\u00e4\u00dfig, um die Energie einer internationalen Musikmetropole begierig aufzusaugen und sich sozial-k\u00fcnstlerisch bestens zu vernetzen. Also durfte man Gro\u00dfes erwarten, als sie mit einer 12-k\u00f6pfigen Truppe zum \u201eHeimspiel&#8220; zur\u00fcck in den Bunker Ulmenwall kam. Und doch \u00fcbertraf die in bestem Sinne \u201eun-erh\u00f6rte&#8220;, von ihr komponierte und arrangierte Musik alle Erwartungen. Luise Volkmann will es wissen, so viel ist klar! Ihre bescheiden wirkenden Ansagen versprechen \u201eSongs&#8220;, in denen sie auf musikalische Weise von pers\u00f6nlichen Beziehungen erz\u00e4hlt. Aber dann er\u00f6ffnen sich grenzenlose Weiten, in denen sie mit ihrer Band Ideen und Kl\u00e4nge bestechend kreativ zu verflechten wei\u00df. Sie macht gerne das &hellip;","og_url":"https:\/\/www.jazzzeitung.de\/cms\/2018\/02\/ein-echtes-bunker-kind-luise-volkmann-kam-mit-grosser-band-in-ihre-bielefelder-heimstaette-zurueck\/","og_site_name":"JazzZeitung","article_publisher":"https:\/\/www.facebook.com\/JazzZeitung\/","article_published_time":"2018-02-22T09:02:53+00:00","og_image":[{"width":1600,"height":1068,"url":"https:\/\/i0.wp.com\/www.jazzzeitung.de\/cms\/wp-content\/uploads\/2018\/02\/DSC6064.jpg?fit=1600%2C1068&ssl=1","type":"image\/jpeg"}],"author":"Redaktion JazzZeitung","schema":{"@context":"https:\/\/schema.org","@graph":[{"@type":"Article","@id":"https:\/\/www.jazzzeitung.de\/cms\/2018\/02\/ein-echtes-bunker-kind-luise-volkmann-kam-mit-grosser-band-in-ihre-bielefelder-heimstaette-zurueck\/#article","isPartOf":{"@id":"https:\/\/www.jazzzeitung.de\/cms\/2018\/02\/ein-echtes-bunker-kind-luise-volkmann-kam-mit-grosser-band-in-ihre-bielefelder-heimstaette-zurueck\/"},"author":{"name":"Redaktion JazzZeitung","@id":"https:\/\/www.jazzzeitung.de\/cms\/#\/schema\/person\/2245b36b9cd1d24cea10f01c031fb92b"},"headline":"Ein echtes \u201eBunker-Kind&#8220;: Luise Volkmann kam mit gro\u00dfer Band in ihre Bielefelder \u201eHeimst\u00e4tte&#8220; zur\u00fcck","datePublished":"2018-02-22T09:02:53+00:00","mainEntityOfPage":{"@id":"https:\/\/www.jazzzeitung.de\/cms\/2018\/02\/ein-echtes-bunker-kind-luise-volkmann-kam-mit-grosser-band-in-ihre-bielefelder-heimstaette-zurueck\/"},"wordCount":505,"commentCount":0,"publisher":{"@id":"https:\/\/www.jazzzeitung.de\/cms\/#organization"},"image":{"@id":"https:\/\/www.jazzzeitung.de\/cms\/2018\/02\/ein-echtes-bunker-kind-luise-volkmann-kam-mit-grosser-band-in-ihre-bielefelder-heimstaette-zurueck\/#primaryimage"},"thumbnailUrl":"https:\/\/i0.wp.com\/www.jazzzeitung.de\/cms\/wp-content\/uploads\/2018\/02\/DSC6064.jpg?fit=1600%2C1068&ssl=1","keywords":["Interview","Jazz","Leipzig","Paris","Schweden","Spielst\u00e4ttenpreis","Stefan Pieper","Stipendium"],"articleSection":["Bericht"],"inLanguage":"de","potentialAction":[{"@type":"CommentAction","name":"Comment","target":["https:\/\/www.jazzzeitung.de\/cms\/2018\/02\/ein-echtes-bunker-kind-luise-volkmann-kam-mit-grosser-band-in-ihre-bielefelder-heimstaette-zurueck\/#respond"]}]},{"@type":"WebPage","@id":"https:\/\/www.jazzzeitung.de\/cms\/2018\/02\/ein-echtes-bunker-kind-luise-volkmann-kam-mit-grosser-band-in-ihre-bielefelder-heimstaette-zurueck\/","url":"https:\/\/www.jazzzeitung.de\/cms\/2018\/02\/ein-echtes-bunker-kind-luise-volkmann-kam-mit-grosser-band-in-ihre-bielefelder-heimstaette-zurueck\/","name":"Ein echtes \u201eBunker-Kind\": Luise Volkmann kam mit gro\u00dfer Band in ihre Bielefelder \u201eHeimst\u00e4tte\" zur\u00fcck - JazzZeitung","isPartOf":{"@id":"https:\/\/www.jazzzeitung.de\/cms\/#website"},"primaryImageOfPage":{"@id":"https:\/\/www.jazzzeitung.de\/cms\/2018\/02\/ein-echtes-bunker-kind-luise-volkmann-kam-mit-grosser-band-in-ihre-bielefelder-heimstaette-zurueck\/#primaryimage"},"image":{"@id":"https:\/\/www.jazzzeitung.de\/cms\/2018\/02\/ein-echtes-bunker-kind-luise-volkmann-kam-mit-grosser-band-in-ihre-bielefelder-heimstaette-zurueck\/#primaryimage"},"thumbnailUrl":"https:\/\/i0.wp.com\/www.jazzzeitung.de\/cms\/wp-content\/uploads\/2018\/02\/DSC6064.jpg?fit=1600%2C1068&ssl=1","datePublished":"2018-02-22T09:02:53+00:00","breadcrumb":{"@id":"https:\/\/www.jazzzeitung.de\/cms\/2018\/02\/ein-echtes-bunker-kind-luise-volkmann-kam-mit-grosser-band-in-ihre-bielefelder-heimstaette-zurueck\/#breadcrumb"},"inLanguage":"de","potentialAction":[{"@type":"ReadAction","target":["https:\/\/www.jazzzeitung.de\/cms\/2018\/02\/ein-echtes-bunker-kind-luise-volkmann-kam-mit-grosser-band-in-ihre-bielefelder-heimstaette-zurueck\/"]}]},{"@type":"ImageObject","inLanguage":"de","@id":"https:\/\/www.jazzzeitung.de\/cms\/2018\/02\/ein-echtes-bunker-kind-luise-volkmann-kam-mit-grosser-band-in-ihre-bielefelder-heimstaette-zurueck\/#primaryimage","url":"https:\/\/i0.wp.com\/www.jazzzeitung.de\/cms\/wp-content\/uploads\/2018\/02\/DSC6064.jpg?fit=1600%2C1068&ssl=1","contentUrl":"https:\/\/i0.wp.com\/www.jazzzeitung.de\/cms\/wp-content\/uploads\/2018\/02\/DSC6064.jpg?fit=1600%2C1068&ssl=1","width":1600,"height":1068,"caption":"Gabriel Lemaire (links), Vincent Bababoutilabo (mitte) und Luise Volkmann. Foto: J\u00fcrgen Volkmann"},{"@type":"BreadcrumbList","@id":"https:\/\/www.jazzzeitung.de\/cms\/2018\/02\/ein-echtes-bunker-kind-luise-volkmann-kam-mit-grosser-band-in-ihre-bielefelder-heimstaette-zurueck\/#breadcrumb","itemListElement":[{"@type":"ListItem","position":1,"name":"Startseite","item":"https:\/\/www.jazzzeitung.de\/cms\/"},{"@type":"ListItem","position":2,"name":"Ein echtes \u201eBunker-Kind&#8220;: Luise Volkmann kam mit gro\u00dfer Band in ihre Bielefelder \u201eHeimst\u00e4tte&#8220; zur\u00fcck"}]},{"@type":"WebSite","@id":"https:\/\/www.jazzzeitung.de\/cms\/#website","url":"https:\/\/www.jazzzeitung.de\/cms\/","name":"JazzZeitung","description":"Jazz-News und Jazz-Kontroverses","publisher":{"@id":"https:\/\/www.jazzzeitung.de\/cms\/#organization"},"potentialAction":[{"@type":"SearchAction","target":{"@type":"EntryPoint","urlTemplate":"https:\/\/www.jazzzeitung.de\/cms\/?s={search_term_string}"},"query-input":{"@type":"PropertyValueSpecification","valueRequired":true,"valueName":"search_term_string"}}],"inLanguage":"de"},{"@type":"Organization","@id":"https:\/\/www.jazzzeitung.de\/cms\/#organization","name":"JazzZeitung online","url":"https:\/\/www.jazzzeitung.de\/cms\/","logo":{"@type":"ImageObject","inLanguage":"de","@id":"https:\/\/www.jazzzeitung.de\/cms\/#\/schema\/logo\/image\/","url":"https:\/\/i0.wp.com\/www.jazzzeitung.de\/cms\/wp-content\/uploads\/2015\/08\/JAZZZEITUNGDE_Logo_Neu.png?fit=499%2C200&ssl=1","contentUrl":"https:\/\/i0.wp.com\/www.jazzzeitung.de\/cms\/wp-content\/uploads\/2015\/08\/JAZZZEITUNGDE_Logo_Neu.png?fit=499%2C200&ssl=1","width":499,"height":200,"caption":"JazzZeitung online"},"image":{"@id":"https:\/\/www.jazzzeitung.de\/cms\/#\/schema\/logo\/image\/"},"sameAs":["https:\/\/www.facebook.com\/JazzZeitung\/"]},{"@type":"Person","@id":"https:\/\/www.jazzzeitung.de\/cms\/#\/schema\/person\/2245b36b9cd1d24cea10f01c031fb92b","name":"Redaktion JazzZeitung","image":{"@type":"ImageObject","inLanguage":"de","@id":"https:\/\/i0.wp.com\/www.jazzzeitung.de\/cms\/wp-content\/uploads\/2015\/08\/JAZZZEITUNGDE_Logo_Neu.png?resize=96%2C96&ssl=159975dcacb611b5700bd619b5daf0a7a","url":"https:\/\/i0.wp.com\/www.jazzzeitung.de\/cms\/wp-content\/uploads\/2015\/08\/JAZZZEITUNGDE_Logo_Neu.png?resize=96%2C96&ssl=1","contentUrl":"https:\/\/i0.wp.com\/www.jazzzeitung.de\/cms\/wp-content\/uploads\/2015\/08\/JAZZZEITUNGDE_Logo_Neu.png?resize=96%2C96&ssl=1","caption":"Redaktion JazzZeitung"},"description":"Artikel der Redaktion der JazzZeitung.","sameAs":["http:\/\/www.jazzzeitung.de\/cms\/"],"url":"https:\/\/www.jazzzeitung.de\/cms\/author\/redaktion\/"}]}},"wp-worthy-pixel":{"ignored":false,"public":null,"server":null,"url":null},"wp-worthy-type":"normal","jetpack_publicize_connections":[],"cc_featured_image_caption":{"caption_text":"","source_text":"","source_url":""},"jetpack_featured_media_url":"https:\/\/i0.wp.com\/www.jazzzeitung.de\/cms\/wp-content\/uploads\/2018\/02\/DSC6064.jpg?fit=1600%2C1068&ssl=1","jetpack_shortlink":"https:\/\/wp.me\/p3KEcT-3Vx","jetpack-related-posts":[{"id":23609,"url":"https:\/\/www.jazzzeitung.de\/cms\/2020\/10\/luise-volkmann-erhaelt-kathrin-preis-2021\/","url_meta":{"origin":15099,"position":0},"title":"Luise Volkmann erh\u00e4lt Kathrin-Preis 2021","author":"Redaktion JazzZeitung","date":"12. Oktober 2020","format":false,"excerpt":"Luise Volkmann wird mit dem \"Kathrin-Preis \/ Kathrin Lemke Scholarship for Young Jazz Improvisers\" 2021 ausgezeichnet. Der Preis, der nach der 2016 im Alter von nur 44 Jahren verstorbenen Berliner Jazz-Saxophonistin Kathrin Lemke benannt \u00a0wurde, wird in Form einer vollfinanzierten, einw\u00f6chigen Werkstattphase, die vom 12. bis 17. April 2021 in\u2026","rel":"","context":"In &quot;News&quot;","block_context":{"text":"News","link":"https:\/\/www.jazzzeitung.de\/cms\/thema\/nachrichten\/"},"img":{"alt_text":"","src":"https:\/\/i0.wp.com\/www.jazzzeitung.de\/cms\/wp-content\/uploads\/2020\/10\/2021_Luise_Volkmann_by_Juergen_Volkmann_02-e1602161729109.jpg?fit=1200%2C726&ssl=1&resize=350%2C200","width":350,"height":200,"srcset":"https:\/\/i0.wp.com\/www.jazzzeitung.de\/cms\/wp-content\/uploads\/2020\/10\/2021_Luise_Volkmann_by_Juergen_Volkmann_02-e1602161729109.jpg?fit=1200%2C726&ssl=1&resize=350%2C200 1x, https:\/\/i0.wp.com\/www.jazzzeitung.de\/cms\/wp-content\/uploads\/2020\/10\/2021_Luise_Volkmann_by_Juergen_Volkmann_02-e1602161729109.jpg?fit=1200%2C726&ssl=1&resize=525%2C300 1.5x, https:\/\/i0.wp.com\/www.jazzzeitung.de\/cms\/wp-content\/uploads\/2020\/10\/2021_Luise_Volkmann_by_Juergen_Volkmann_02-e1602161729109.jpg?fit=1200%2C726&ssl=1&resize=700%2C400 2x, https:\/\/i0.wp.com\/www.jazzzeitung.de\/cms\/wp-content\/uploads\/2020\/10\/2021_Luise_Volkmann_by_Juergen_Volkmann_02-e1602161729109.jpg?fit=1200%2C726&ssl=1&resize=1050%2C600 3x"},"classes":[]},{"id":26435,"url":"https:\/\/www.jazzzeitung.de\/cms\/2021\/12\/klaus-graf-wird-neuer-kuenstlerischer-leiter-beim-ljjo-baden-wuerttemberg-25-jahre-jazz-fabrik-ruesselsheim-15-neuer-deutscher-jazzpreis-koeln-vergibt-foerderstipendien\/","url_meta":{"origin":15099,"position":1},"title":"+++ Klaus Graf wird neuer k\u00fcnstlerischer Leiter beim LJJO Baden-W\u00fcrttemberg+++ 25 Jahre Jazz-Fabrik R\u00fcsselsheim+++ 15. Neuer Deutscher Jazzpreis+++ K\u00f6ln vergibt F\u00f6rderstipendien +++","author":"Redaktion JazzZeitung","date":"21. Dezember 2021","format":false,"excerpt":"Klaus Graf wird neuer k\u00fcnstlerischer Leiter beim Landesjugendjazzorchester Baden-W\u00fcrttemberg Der Arbeitskreis des LMR-Pr\u00e4sidiums entschied sich f\u00fcr den Dirigenten Klaus Graf als neuen k\u00fcnstlerischen Leiter des Landesjugendjazzorchesters Baden-W\u00fcrttemberg. Als ehemaliges Mitglied des LaJazzO und Mitglied der SWR-Bigband, sowie als Co-Dirigent des bisherigen Leiters Rainer Tempel qualifizierte sich Klaus Graf f\u00fcr diesen\u2026","rel":"","context":"In &quot;News&quot;","block_context":{"text":"News","link":"https:\/\/www.jazzzeitung.de\/cms\/thema\/nachrichten\/"},"img":{"alt_text":"","src":"https:\/\/i0.wp.com\/www.jazzzeitung.de\/cms\/wp-content\/uploads\/2021\/12\/Prof.KlausGraf-scaled-e1639994178473.jpg?fit=1200%2C1050&ssl=1&resize=350%2C200","width":350,"height":200,"srcset":"https:\/\/i0.wp.com\/www.jazzzeitung.de\/cms\/wp-content\/uploads\/2021\/12\/Prof.KlausGraf-scaled-e1639994178473.jpg?fit=1200%2C1050&ssl=1&resize=350%2C200 1x, https:\/\/i0.wp.com\/www.jazzzeitung.de\/cms\/wp-content\/uploads\/2021\/12\/Prof.KlausGraf-scaled-e1639994178473.jpg?fit=1200%2C1050&ssl=1&resize=525%2C300 1.5x, https:\/\/i0.wp.com\/www.jazzzeitung.de\/cms\/wp-content\/uploads\/2021\/12\/Prof.KlausGraf-scaled-e1639994178473.jpg?fit=1200%2C1050&ssl=1&resize=700%2C400 2x, https:\/\/i0.wp.com\/www.jazzzeitung.de\/cms\/wp-content\/uploads\/2021\/12\/Prof.KlausGraf-scaled-e1639994178473.jpg?fit=1200%2C1050&ssl=1&resize=1050%2C600 3x"},"classes":[]},{"id":28867,"url":"https:\/\/www.jazzzeitung.de\/cms\/2023\/01\/internationales-jazzfestival-muenster-2023\/","url_meta":{"origin":15099,"position":2},"title":"Internationales Jazzfestival M\u00fcnster 2023","author":"Redaktion JazzZeitung","date":"13. Januar 2023","format":false,"excerpt":"Der legend\u00e4re knallrote Fl\u00fcgel ist Geschichte beim Internationalen Jazzfestival M\u00fcnster. Der Sponsor, welcher das Festival immer wieder mit kostbaren Tasteninstrumenten ausstattet, muss Geld verdienen und hat ihn verkauft. Um so dankbarer k\u00f6nnen wir der franz\u00f6sischen S\u00e4ngerin Camille Bertault sein, dass sie in ihrem knallroten Jackett den liebgewonnenen Farbtupfer zumindest f\u00fcr\u2026","rel":"","context":"In &quot;Bericht&quot;","block_context":{"text":"Bericht","link":"https:\/\/www.jazzzeitung.de\/cms\/thema\/bericht\/"},"img":{"alt_text":"","src":"https:\/\/i0.wp.com\/www.jazzzeitung.de\/cms\/wp-content\/uploads\/2023\/01\/Transylvanian-Folk-Songs-%C2%A9-stefan-pieper--scaled.jpg?fit=1200%2C878&ssl=1&resize=350%2C200","width":350,"height":200,"srcset":"https:\/\/i0.wp.com\/www.jazzzeitung.de\/cms\/wp-content\/uploads\/2023\/01\/Transylvanian-Folk-Songs-%C2%A9-stefan-pieper--scaled.jpg?fit=1200%2C878&ssl=1&resize=350%2C200 1x, https:\/\/i0.wp.com\/www.jazzzeitung.de\/cms\/wp-content\/uploads\/2023\/01\/Transylvanian-Folk-Songs-%C2%A9-stefan-pieper--scaled.jpg?fit=1200%2C878&ssl=1&resize=525%2C300 1.5x, https:\/\/i0.wp.com\/www.jazzzeitung.de\/cms\/wp-content\/uploads\/2023\/01\/Transylvanian-Folk-Songs-%C2%A9-stefan-pieper--scaled.jpg?fit=1200%2C878&ssl=1&resize=700%2C400 2x, https:\/\/i0.wp.com\/www.jazzzeitung.de\/cms\/wp-content\/uploads\/2023\/01\/Transylvanian-Folk-Songs-%C2%A9-stefan-pieper--scaled.jpg?fit=1200%2C878&ssl=1&resize=1050%2C600 3x"},"classes":[]},{"id":29425,"url":"https:\/\/www.jazzzeitung.de\/cms\/2023\/05\/jazz-in-deutschland-jazz-aus-deutschland-ein-fazit-zur-messe-jazzahead-2023\/","url_meta":{"origin":15099,"position":3},"title":"Jazz in Deutschland, Jazz aus Deutschland: ein Fazit zur Messe jazzahead 2023","author":"Redaktion JazzZeitung","date":"4. Mai 2023","format":false,"excerpt":"Unter jazzahead-Bedigungen geht Einiges: ein Bericht von der aktuellen Ausgabe der weltgr\u00f6\u00dften Branchenmesse f\u00fcr den Jazz Drei Tage trafen sich in Bremen Musikerinnen und Musiker, Kulturschaffende, Kulturverwaltende, F\u00f6rdernde, Medienleute oder einfach nur Jazzfans. Das Kerngesch\u00e4ft der jazzahead ist klar definiert: Es sind die pers\u00f6nlichen, oft spontanen Begegnungen \u201eFace to face\u201c\u2026","rel":"","context":"In &quot;Bericht&quot;","block_context":{"text":"Bericht","link":"https:\/\/www.jazzzeitung.de\/cms\/thema\/bericht\/"},"img":{"alt_text":"","src":"https:\/\/i0.wp.com\/www.jazzzeitung.de\/cms\/wp-content\/uploads\/2023\/05\/Luise-Volkmann-Athina-Kontou-scaled.jpg?fit=1200%2C900&ssl=1&resize=350%2C200","width":350,"height":200,"srcset":"https:\/\/i0.wp.com\/www.jazzzeitung.de\/cms\/wp-content\/uploads\/2023\/05\/Luise-Volkmann-Athina-Kontou-scaled.jpg?fit=1200%2C900&ssl=1&resize=350%2C200 1x, https:\/\/i0.wp.com\/www.jazzzeitung.de\/cms\/wp-content\/uploads\/2023\/05\/Luise-Volkmann-Athina-Kontou-scaled.jpg?fit=1200%2C900&ssl=1&resize=525%2C300 1.5x, https:\/\/i0.wp.com\/www.jazzzeitung.de\/cms\/wp-content\/uploads\/2023\/05\/Luise-Volkmann-Athina-Kontou-scaled.jpg?fit=1200%2C900&ssl=1&resize=700%2C400 2x, https:\/\/i0.wp.com\/www.jazzzeitung.de\/cms\/wp-content\/uploads\/2023\/05\/Luise-Volkmann-Athina-Kontou-scaled.jpg?fit=1200%2C900&ssl=1&resize=1050%2C600 3x"},"classes":[]},{"id":17279,"url":"https:\/\/www.jazzzeitung.de\/cms\/2018\/09\/news-weimar-jazzworkshop-und-dozentenkonzert-mit-mister-barrington-und-edit-bunker-jazz-bei-der-8-suedkultur-music-night-in-hamburg-jazzfest-muenchen-in-29-auflage-leipzi\/","url_meta":{"origin":15099,"position":4},"title":"+++ News +++ Weimar: Jazzworkshop und Dozentenkonzert mit &#8222;Mister Barrington&#8220; und &#8222;Edit Bunker&#8220; +++ Jazz bei der 8. S\u00fcdKultur Music Night in Hamburg +++ Jazzfest M\u00fcnchen in 29. Auflage +++Leipziger Jazz-Nachwuchspreis f\u00fcr Pianist Philipp Rumsch +++","author":"Redaktion JazzZeitung","date":"20. September 2018","format":false,"excerpt":"+++ Weimar: Jazzworkshop und Dozentenkonzert mit \"Mister Barrington\" und \"Edit Bunker\" +++ Mit einem Dozentenkonzert er\u00f6ffnet das Jazz-Trio \"Mister Barrington\" am 21. November 2018 im Lichthaus-Kino den 20. Internationalen Jazzmeile-Workshop , der anschlie\u00dfend am 22. und 23. November 2018 in der Franz-Liszt-Hochschule f\u00fcr Musik in Weimar stattfindet. Erst vor zwei\u2026","rel":"","context":"In &quot;News&quot;","block_context":{"text":"News","link":"https:\/\/www.jazzzeitung.de\/cms\/thema\/nachrichten\/"},"img":{"alt_text":"","src":"https:\/\/i0.wp.com\/www.jazzzeitung.de\/cms\/wp-content\/uploads\/2018\/09\/NotReally_BluesBand.jpg?fit=1000%2C667&ssl=1&resize=350%2C200","width":350,"height":200,"srcset":"https:\/\/i0.wp.com\/www.jazzzeitung.de\/cms\/wp-content\/uploads\/2018\/09\/NotReally_BluesBand.jpg?fit=1000%2C667&ssl=1&resize=350%2C200 1x, https:\/\/i0.wp.com\/www.jazzzeitung.de\/cms\/wp-content\/uploads\/2018\/09\/NotReally_BluesBand.jpg?fit=1000%2C667&ssl=1&resize=525%2C300 1.5x, https:\/\/i0.wp.com\/www.jazzzeitung.de\/cms\/wp-content\/uploads\/2018\/09\/NotReally_BluesBand.jpg?fit=1000%2C667&ssl=1&resize=700%2C400 2x"},"classes":[]},{"id":24166,"url":"https:\/\/www.jazzzeitung.de\/cms\/2021\/01\/die-jazz-radiowoche-vom-18-01-2125-01-2021\/","url_meta":{"origin":15099,"position":5},"title":"Die Jazz-Radiowoche vom 18.01.21\u201325.01.2021","author":"Martin Hufner","date":"17. Januar 2021","format":false,"excerpt":"Ein kleiner Blick in die Jazzwoche 03 im Radio. Alle Angaben ohne Gew\u00e4hr. Unter anderem: Pianist Sebastian Sternal live im Jazzclub Birdland in Neuburg an der Donau. Aufnahme vom 19. November 2020.","rel":"","context":"In &quot;News&quot;","block_context":{"text":"News","link":"https:\/\/www.jazzzeitung.de\/cms\/thema\/nachrichten\/"},"img":{"alt_text":"Jazz im Radio. Foto: Hufner","src":"https:\/\/i0.wp.com\/www.jazzzeitung.de\/cms\/wp-content\/uploads\/2019\/03\/jazz_im_radio.jpg?fit=1200%2C773&ssl=1&resize=350%2C200","width":350,"height":200,"srcset":"https:\/\/i0.wp.com\/www.jazzzeitung.de\/cms\/wp-content\/uploads\/2019\/03\/jazz_im_radio.jpg?fit=1200%2C773&ssl=1&resize=350%2C200 1x, https:\/\/i0.wp.com\/www.jazzzeitung.de\/cms\/wp-content\/uploads\/2019\/03\/jazz_im_radio.jpg?fit=1200%2C773&ssl=1&resize=525%2C300 1.5x, https:\/\/i0.wp.com\/www.jazzzeitung.de\/cms\/wp-content\/uploads\/2019\/03\/jazz_im_radio.jpg?fit=1200%2C773&ssl=1&resize=700%2C400 2x, https:\/\/i0.wp.com\/www.jazzzeitung.de\/cms\/wp-content\/uploads\/2019\/03\/jazz_im_radio.jpg?fit=1200%2C773&ssl=1&resize=1050%2C600 3x"},"classes":[]}],"jetpack_sharing_enabled":true,"_links":{"self":[{"href":"https:\/\/www.jazzzeitung.de\/cms\/wp-json\/wp\/v2\/posts\/15099","targetHints":{"allow":["GET"]}}],"collection":[{"href":"https:\/\/www.jazzzeitung.de\/cms\/wp-json\/wp\/v2\/posts"}],"about":[{"href":"https:\/\/www.jazzzeitung.de\/cms\/wp-json\/wp\/v2\/types\/post"}],"author":[{"embeddable":true,"href":"https:\/\/www.jazzzeitung.de\/cms\/wp-json\/wp\/v2\/users\/18"}],"replies":[{"embeddable":true,"href":"https:\/\/www.jazzzeitung.de\/cms\/wp-json\/wp\/v2\/comments?post=15099"}],"version-history":[{"count":5,"href":"https:\/\/www.jazzzeitung.de\/cms\/wp-json\/wp\/v2\/posts\/15099\/revisions"}],"predecessor-version":[{"id":15138,"href":"https:\/\/www.jazzzeitung.de\/cms\/wp-json\/wp\/v2\/posts\/15099\/revisions\/15138"}],"wp:featuredmedia":[{"embeddable":true,"href":"https:\/\/www.jazzzeitung.de\/cms\/wp-json\/wp\/v2\/media\/15134"}],"wp:attachment":[{"href":"https:\/\/www.jazzzeitung.de\/cms\/wp-json\/wp\/v2\/media?parent=15099"}],"wp:term":[{"taxonomy":"category","embeddable":true,"href":"https:\/\/www.jazzzeitung.de\/cms\/wp-json\/wp\/v2\/categories?post=15099"},{"taxonomy":"post_tag","embeddable":true,"href":"https:\/\/www.jazzzeitung.de\/cms\/wp-json\/wp\/v2\/tags?post=15099"},{"taxonomy":"author","embeddable":true,"href":"https:\/\/www.jazzzeitung.de\/cms\/wp-json\/wp\/v2\/coauthors?post=15099"}],"curies":[{"name":"wp","href":"https:\/\/api.w.org\/{rel}","templated":true}]}}