{"id":15077,"date":"2018-02-14T10:15:20","date_gmt":"2018-02-14T09:15:20","guid":{"rendered":"https:\/\/www.jazzzeitung.de\/cms\/?p=15077"},"modified":"2018-03-06T11:30:15","modified_gmt":"2018-03-06T10:30:15","slug":"praezision-und-himmelsstuerme-john-dennis-renkens-band-tribe-im-dortmunder-domicil","status":"publish","type":"post","link":"https:\/\/www.jazzzeitung.de\/cms\/2018\/02\/praezision-und-himmelsstuerme-john-dennis-renkens-band-tribe-im-dortmunder-domicil\/","title":{"rendered":"Pr\u00e4zision und Himmelsst\u00fcrme: John-Dennis Renkens Band \u201eTribe\u201c im Dortmunder \u201edomicil\u201c"},"content":{"rendered":"<p><strong>Ausgiebig Gelegenheit, sich seine Lieblingsmusiker auszusuchen, hatte der Essener Trompeter John-Dennis Renken w\u00e4hrend seiner Zeit als Improvisor in Residence in Moers, die im Januar zu Ende ging. Also erweiterte er \u201eseine\u201c langj\u00e4hrig bestehendes \u201eZodiak Trio\u201c um die Saxophonistin Angelika Niescier (\u00fcbrigens die aktuelle Preistr\u00e4gerin des Albert-Mangelsdorff-Preises) und die australische Ausnahmeposaunistin Shannon Barnett \u2013 das funktionierte so gut, dass seitdem unter dem Namen \u201eTribe\u201c eine neue feste Band ins Leben gerufen worden ist! &#8211; Text und Fotos von Stefan Pieper<\/strong><\/p>\n<p>Die druckvoll-progressive, gerne auch breakbeatlastige Jazzrock-Mischung des Zodiak-Trios erf\u00e4hrt hier eine plausible Erweiterung in Richtung komplexer, manchmal fast bigbandartiger Bl\u00e4sers\u00e4tze. Und es weitet sich immens die Spielwiese f\u00fcr solistische H\u00f6henfl\u00fcge! Diese Jazzmusiker von heute, die sich schon lange kennen und alle auf vielf\u00e4ltige Weise international vernetzt sind, vereinen Tugenden, die die Gegenwart braucht: Dezidierte kompositorische Ideen liefern die Plattform f\u00fcr ausschweifenden Freigeist. Und bei allem ist h\u00f6chste Intuition im Spiel. Es geht einiges an diesem Abend im Dortmunder Jazzclub domicil: Herrlich feingliedrig \u201ezerlegt\u201c Bernd Oeszevim auf dem Schlagzeug filigranste rhytmische Mikrostrukturen und baut trotzdem m\u00e4chtig Druck dabei auf. Der bewusste Verzicht auf einen Bass in dieser Combo sorgt in jedem Moment daf\u00fcr, dass auch die hitzigsten Klanggewitter luftig und transparent bleiben.<\/p>\n<div class=\"tiled-gallery type-rectangular tiled-gallery-unresized\" data-original-width=\"840\" data-carousel-extra='{&quot;blog_id&quot;:1,&quot;permalink&quot;:&quot;https:\\\/\\\/www.jazzzeitung.de\\\/cms\\\/2018\\\/02\\\/praezision-und-himmelsstuerme-john-dennis-renkens-band-tribe-im-dortmunder-domicil\\\/&quot;,&quot;likes_blog_id&quot;:55446655}' itemscope itemtype=\"http:\/\/schema.org\/ImageGallery\" > <div class=\"gallery-row\" style=\"width: 840px; height: 700px;\" data-original-width=\"840\" data-original-height=\"700\" > <div class=\"gallery-group images-1\" style=\"width: 531px; height: 700px;\" data-original-width=\"531\" data-original-height=\"700\" > <div class=\"tiled-gallery-item tiled-gallery-item-large\" itemprop=\"associatedMedia\" itemscope itemtype=\"http:\/\/schema.org\/ImageObject\"> <a href=\"https:\/\/www.jazzzeitung.de\/cms\/2018\/02\/praezision-und-himmelsstuerme-john-dennis-renkens-band-tribe-im-dortmunder-domicil\/dsc00671\/\" border=\"0\" itemprop=\"url\"> <meta itemprop=\"width\" content=\"527\"> <meta itemprop=\"height\" content=\"696\"> <img decoding=\"async\" class=\"\" data-attachment-id=\"15078\" data-orig-file=\"https:\/\/www.jazzzeitung.de\/cms\/wp-content\/uploads\/2018\/02\/DSC00671.jpg\" data-orig-size=\"3648,4820\" data-comments-opened=\"1\" data-image-meta=\"{&quot;aperture&quot;:&quot;2.8&quot;,&quot;credit&quot;:&quot;Picasa&quot;,&quot;camera&quot;:&quot;DSC-RX10&quot;,&quot;caption&quot;:&quot;&quot;,&quot;created_timestamp&quot;:&quot;1517438434&quot;,&quot;copyright&quot;:&quot;&quot;,&quot;focal_length&quot;:&quot;73.3&quot;,&quot;iso&quot;:&quot;3200&quot;,&quot;shutter_speed&quot;:&quot;0.0125&quot;,&quot;title&quot;:&quot;&quot;,&quot;orientation&quot;:&quot;0&quot;}\" data-image-title=\"DSC00671\" data-image-description=\"\" data-medium-file=\"https:\/\/i0.wp.com\/www.jazzzeitung.de\/cms\/wp-content\/uploads\/2018\/02\/DSC00671.jpg?fit=227%2C300&#038;ssl=1\" data-large-file=\"https:\/\/i0.wp.com\/www.jazzzeitung.de\/cms\/wp-content\/uploads\/2018\/02\/DSC00671.jpg?fit=454%2C600&#038;ssl=1\" src=\"https:\/\/i0.wp.com\/www.jazzzeitung.de\/cms\/wp-content\/uploads\/2018\/02\/DSC00671.jpg?w=527&#038;h=696&#038;ssl=1\" srcset=\"https:\/\/i0.wp.com\/www.jazzzeitung.de\/cms\/wp-content\/uploads\/2018\/02\/DSC00671.jpg?w=3648&amp;ssl=1 3648w, https:\/\/i0.wp.com\/www.jazzzeitung.de\/cms\/wp-content\/uploads\/2018\/02\/DSC00671.jpg?resize=227%2C300&amp;ssl=1 227w, https:\/\/i0.wp.com\/www.jazzzeitung.de\/cms\/wp-content\/uploads\/2018\/02\/DSC00671.jpg?resize=768%2C1015&amp;ssl=1 768w, https:\/\/i0.wp.com\/www.jazzzeitung.de\/cms\/wp-content\/uploads\/2018\/02\/DSC00671.jpg?resize=454%2C600&amp;ssl=1 454w, https:\/\/i0.wp.com\/www.jazzzeitung.de\/cms\/wp-content\/uploads\/2018\/02\/DSC00671.jpg?resize=600%2C793&amp;ssl=1 600w, https:\/\/i0.wp.com\/www.jazzzeitung.de\/cms\/wp-content\/uploads\/2018\/02\/DSC00671.jpg?w=1680&amp;ssl=1 1680w, https:\/\/i0.wp.com\/www.jazzzeitung.de\/cms\/wp-content\/uploads\/2018\/02\/DSC00671.jpg?w=2520&amp;ssl=1 2520w\" width=\"527\" height=\"696\" loading=\"lazy\" data-original-width=\"527\" data-original-height=\"696\" itemprop=\"http:\/\/schema.org\/image\" title=\"DSC00671\" alt=\"DSC00671\" style=\"width: 527px; height: 696px;\" \/> <\/a> <\/div> <\/div> <!-- close group --> <div class=\"gallery-group images-3\" style=\"width: 309px; height: 700px;\" data-original-width=\"309\" data-original-height=\"700\" > <div class=\"tiled-gallery-item tiled-gallery-item-large\" itemprop=\"associatedMedia\" itemscope itemtype=\"http:\/\/schema.org\/ImageObject\"> <a href=\"https:\/\/www.jazzzeitung.de\/cms\/2018\/02\/praezision-und-himmelsstuerme-john-dennis-renkens-band-tribe-im-dortmunder-domicil\/dsc00688\/\" border=\"0\" itemprop=\"url\"> <meta itemprop=\"width\" content=\"305\"> <meta itemprop=\"height\" content=\"234\"> <img decoding=\"async\" class=\"\" data-attachment-id=\"15079\" data-orig-file=\"https:\/\/www.jazzzeitung.de\/cms\/wp-content\/uploads\/2018\/02\/DSC00688.jpg\" data-orig-size=\"4240,3257\" data-comments-opened=\"1\" data-image-meta=\"{&quot;aperture&quot;:&quot;2.8&quot;,&quot;credit&quot;:&quot;Picasa&quot;,&quot;camera&quot;:&quot;DSC-RX10&quot;,&quot;caption&quot;:&quot;&quot;,&quot;created_timestamp&quot;:&quot;1517438586&quot;,&quot;copyright&quot;:&quot;&quot;,&quot;focal_length&quot;:&quot;36.77&quot;,&quot;iso&quot;:&quot;3200&quot;,&quot;shutter_speed&quot;:&quot;0.016666666666667&quot;,&quot;title&quot;:&quot;&quot;,&quot;orientation&quot;:&quot;0&quot;}\" data-image-title=\"DSC00688\" data-image-description=\"\" data-medium-file=\"https:\/\/i0.wp.com\/www.jazzzeitung.de\/cms\/wp-content\/uploads\/2018\/02\/DSC00688.jpg?fit=300%2C230&#038;ssl=1\" data-large-file=\"https:\/\/i0.wp.com\/www.jazzzeitung.de\/cms\/wp-content\/uploads\/2018\/02\/DSC00688.jpg?fit=781%2C600&#038;ssl=1\" src=\"https:\/\/i0.wp.com\/www.jazzzeitung.de\/cms\/wp-content\/uploads\/2018\/02\/DSC00688.jpg?w=305&#038;h=234&#038;ssl=1\" srcset=\"https:\/\/i0.wp.com\/www.jazzzeitung.de\/cms\/wp-content\/uploads\/2018\/02\/DSC00688.jpg?w=4240&amp;ssl=1 4240w, https:\/\/i0.wp.com\/www.jazzzeitung.de\/cms\/wp-content\/uploads\/2018\/02\/DSC00688.jpg?resize=300%2C230&amp;ssl=1 300w, https:\/\/i0.wp.com\/www.jazzzeitung.de\/cms\/wp-content\/uploads\/2018\/02\/DSC00688.jpg?resize=768%2C590&amp;ssl=1 768w, https:\/\/i0.wp.com\/www.jazzzeitung.de\/cms\/wp-content\/uploads\/2018\/02\/DSC00688.jpg?resize=781%2C600&amp;ssl=1 781w, https:\/\/i0.wp.com\/www.jazzzeitung.de\/cms\/wp-content\/uploads\/2018\/02\/DSC00688.jpg?resize=600%2C461&amp;ssl=1 600w, https:\/\/i0.wp.com\/www.jazzzeitung.de\/cms\/wp-content\/uploads\/2018\/02\/DSC00688.jpg?w=1680&amp;ssl=1 1680w, https:\/\/i0.wp.com\/www.jazzzeitung.de\/cms\/wp-content\/uploads\/2018\/02\/DSC00688.jpg?w=2520&amp;ssl=1 2520w\" width=\"305\" height=\"234\" loading=\"lazy\" data-original-width=\"305\" data-original-height=\"234\" itemprop=\"http:\/\/schema.org\/image\" title=\"DSC00688\" alt=\"DSC00688\" style=\"width: 305px; height: 234px;\" \/> <\/a> <\/div> <div class=\"tiled-gallery-item tiled-gallery-item-large\" itemprop=\"associatedMedia\" itemscope itemtype=\"http:\/\/schema.org\/ImageObject\"> <a href=\"https:\/\/www.jazzzeitung.de\/cms\/2018\/02\/praezision-und-himmelsstuerme-john-dennis-renkens-band-tribe-im-dortmunder-domicil\/dsc00728\/\" border=\"0\" itemprop=\"url\"> <meta itemprop=\"width\" content=\"305\"> <meta itemprop=\"height\" content=\"199\"> <img decoding=\"async\" class=\"\" data-attachment-id=\"15080\" data-orig-file=\"https:\/\/www.jazzzeitung.de\/cms\/wp-content\/uploads\/2018\/02\/DSC00728.jpg\" data-orig-size=\"4531,2951\" data-comments-opened=\"1\" data-image-meta=\"{&quot;aperture&quot;:&quot;2.8&quot;,&quot;credit&quot;:&quot;Picasa&quot;,&quot;camera&quot;:&quot;DSC-RX10&quot;,&quot;caption&quot;:&quot;&quot;,&quot;created_timestamp&quot;:&quot;1517439489&quot;,&quot;copyright&quot;:&quot;&quot;,&quot;focal_length&quot;:&quot;26.65&quot;,&quot;iso&quot;:&quot;2000&quot;,&quot;shutter_speed&quot;:&quot;0.0125&quot;,&quot;title&quot;:&quot;&quot;,&quot;orientation&quot;:&quot;0&quot;}\" data-image-title=\"DSC00728\" data-image-description=\"\" data-medium-file=\"https:\/\/i0.wp.com\/www.jazzzeitung.de\/cms\/wp-content\/uploads\/2018\/02\/DSC00728.jpg?fit=300%2C195&#038;ssl=1\" data-large-file=\"https:\/\/i0.wp.com\/www.jazzzeitung.de\/cms\/wp-content\/uploads\/2018\/02\/DSC00728.jpg?fit=840%2C547&#038;ssl=1\" src=\"https:\/\/i0.wp.com\/www.jazzzeitung.de\/cms\/wp-content\/uploads\/2018\/02\/DSC00728.jpg?w=305&#038;h=199&#038;ssl=1\" srcset=\"https:\/\/i0.wp.com\/www.jazzzeitung.de\/cms\/wp-content\/uploads\/2018\/02\/DSC00728.jpg?w=4531&amp;ssl=1 4531w, https:\/\/i0.wp.com\/www.jazzzeitung.de\/cms\/wp-content\/uploads\/2018\/02\/DSC00728.jpg?resize=300%2C195&amp;ssl=1 300w, https:\/\/i0.wp.com\/www.jazzzeitung.de\/cms\/wp-content\/uploads\/2018\/02\/DSC00728.jpg?resize=768%2C500&amp;ssl=1 768w, https:\/\/i0.wp.com\/www.jazzzeitung.de\/cms\/wp-content\/uploads\/2018\/02\/DSC00728.jpg?resize=900%2C586&amp;ssl=1 900w, https:\/\/i0.wp.com\/www.jazzzeitung.de\/cms\/wp-content\/uploads\/2018\/02\/DSC00728.jpg?resize=600%2C391&amp;ssl=1 600w, https:\/\/i0.wp.com\/www.jazzzeitung.de\/cms\/wp-content\/uploads\/2018\/02\/DSC00728.jpg?w=1680&amp;ssl=1 1680w, https:\/\/i0.wp.com\/www.jazzzeitung.de\/cms\/wp-content\/uploads\/2018\/02\/DSC00728.jpg?w=2520&amp;ssl=1 2520w\" width=\"305\" height=\"199\" loading=\"lazy\" data-original-width=\"305\" data-original-height=\"199\" itemprop=\"http:\/\/schema.org\/image\" title=\"DSC00728\" alt=\"DSC00728\" style=\"width: 305px; height: 199px;\" \/> <\/a> <\/div> <div class=\"tiled-gallery-item tiled-gallery-item-large\" itemprop=\"associatedMedia\" itemscope itemtype=\"http:\/\/schema.org\/ImageObject\"> <a href=\"https:\/\/www.jazzzeitung.de\/cms\/2018\/02\/praezision-und-himmelsstuerme-john-dennis-renkens-band-tribe-im-dortmunder-domicil\/dsc00772\/\" border=\"0\" itemprop=\"url\"> <meta itemprop=\"width\" content=\"305\"> <meta itemprop=\"height\" content=\"255\"> <img decoding=\"async\" class=\"\" data-attachment-id=\"15081\" data-orig-file=\"https:\/\/www.jazzzeitung.de\/cms\/wp-content\/uploads\/2018\/02\/DSC00772.jpg\" data-orig-size=\"3577,2987\" data-comments-opened=\"1\" data-image-meta=\"{&quot;aperture&quot;:&quot;2.8&quot;,&quot;credit&quot;:&quot;Picasa&quot;,&quot;camera&quot;:&quot;DSC-RX10&quot;,&quot;caption&quot;:&quot;&quot;,&quot;created_timestamp&quot;:&quot;1517439738&quot;,&quot;copyright&quot;:&quot;&quot;,&quot;focal_length&quot;:&quot;55.65&quot;,&quot;iso&quot;:&quot;3200&quot;,&quot;shutter_speed&quot;:&quot;0.0125&quot;,&quot;title&quot;:&quot;&quot;,&quot;orientation&quot;:&quot;0&quot;}\" data-image-title=\"DSC00772\" data-image-description=\"\" data-medium-file=\"https:\/\/i0.wp.com\/www.jazzzeitung.de\/cms\/wp-content\/uploads\/2018\/02\/DSC00772.jpg?fit=300%2C251&#038;ssl=1\" data-large-file=\"https:\/\/i0.wp.com\/www.jazzzeitung.de\/cms\/wp-content\/uploads\/2018\/02\/DSC00772.jpg?fit=719%2C600&#038;ssl=1\" src=\"https:\/\/i0.wp.com\/www.jazzzeitung.de\/cms\/wp-content\/uploads\/2018\/02\/DSC00772.jpg?w=305&#038;h=255&#038;ssl=1\" srcset=\"https:\/\/i0.wp.com\/www.jazzzeitung.de\/cms\/wp-content\/uploads\/2018\/02\/DSC00772.jpg?w=3577&amp;ssl=1 3577w, https:\/\/i0.wp.com\/www.jazzzeitung.de\/cms\/wp-content\/uploads\/2018\/02\/DSC00772.jpg?resize=300%2C251&amp;ssl=1 300w, https:\/\/i0.wp.com\/www.jazzzeitung.de\/cms\/wp-content\/uploads\/2018\/02\/DSC00772.jpg?resize=768%2C641&amp;ssl=1 768w, https:\/\/i0.wp.com\/www.jazzzeitung.de\/cms\/wp-content\/uploads\/2018\/02\/DSC00772.jpg?resize=719%2C600&amp;ssl=1 719w, https:\/\/i0.wp.com\/www.jazzzeitung.de\/cms\/wp-content\/uploads\/2018\/02\/DSC00772.jpg?resize=600%2C501&amp;ssl=1 600w, https:\/\/i0.wp.com\/www.jazzzeitung.de\/cms\/wp-content\/uploads\/2018\/02\/DSC00772.jpg?w=1680&amp;ssl=1 1680w, https:\/\/i0.wp.com\/www.jazzzeitung.de\/cms\/wp-content\/uploads\/2018\/02\/DSC00772.jpg?w=2520&amp;ssl=1 2520w\" width=\"305\" height=\"255\" loading=\"lazy\" data-original-width=\"305\" data-original-height=\"255\" itemprop=\"http:\/\/schema.org\/image\" title=\"DSC00772\" alt=\"DSC00772\" style=\"width: 305px; height: 255px;\" \/> <\/a> <\/div> <\/div> <!-- close group --> <\/div> <!-- close row --> <div class=\"gallery-row\" style=\"width: 840px; height: 424px;\" data-original-width=\"840\" data-original-height=\"424\" > <div class=\"gallery-group images-1\" style=\"width: 510px; height: 424px;\" data-original-width=\"510\" data-original-height=\"424\" > <div class=\"tiled-gallery-item tiled-gallery-item-large\" itemprop=\"associatedMedia\" itemscope itemtype=\"http:\/\/schema.org\/ImageObject\"> <a href=\"https:\/\/www.jazzzeitung.de\/cms\/2018\/02\/praezision-und-himmelsstuerme-john-dennis-renkens-band-tribe-im-dortmunder-domicil\/dsc00787\/\" border=\"0\" itemprop=\"url\"> <meta itemprop=\"width\" content=\"506\"> <meta itemprop=\"height\" content=\"420\"> <img decoding=\"async\" class=\"\" data-attachment-id=\"15082\" data-orig-file=\"https:\/\/www.jazzzeitung.de\/cms\/wp-content\/uploads\/2018\/02\/DSC00787.jpg\" data-orig-size=\"4136,3427\" data-comments-opened=\"1\" data-image-meta=\"{&quot;aperture&quot;:&quot;2.8&quot;,&quot;credit&quot;:&quot;Picasa&quot;,&quot;camera&quot;:&quot;DSC-RX10&quot;,&quot;caption&quot;:&quot;&quot;,&quot;created_timestamp&quot;:&quot;1517439780&quot;,&quot;copyright&quot;:&quot;&quot;,&quot;focal_length&quot;:&quot;56.49&quot;,&quot;iso&quot;:&quot;3200&quot;,&quot;shutter_speed&quot;:&quot;0.01&quot;,&quot;title&quot;:&quot;&quot;,&quot;orientation&quot;:&quot;0&quot;}\" data-image-title=\"DSC00787\" data-image-description=\"\" data-medium-file=\"https:\/\/i0.wp.com\/www.jazzzeitung.de\/cms\/wp-content\/uploads\/2018\/02\/DSC00787.jpg?fit=300%2C249&#038;ssl=1\" data-large-file=\"https:\/\/i0.wp.com\/www.jazzzeitung.de\/cms\/wp-content\/uploads\/2018\/02\/DSC00787.jpg?fit=724%2C600&#038;ssl=1\" src=\"https:\/\/i0.wp.com\/www.jazzzeitung.de\/cms\/wp-content\/uploads\/2018\/02\/DSC00787.jpg?w=506&#038;h=420&#038;ssl=1\" srcset=\"https:\/\/i0.wp.com\/www.jazzzeitung.de\/cms\/wp-content\/uploads\/2018\/02\/DSC00787.jpg?w=4136&amp;ssl=1 4136w, https:\/\/i0.wp.com\/www.jazzzeitung.de\/cms\/wp-content\/uploads\/2018\/02\/DSC00787.jpg?resize=300%2C249&amp;ssl=1 300w, https:\/\/i0.wp.com\/www.jazzzeitung.de\/cms\/wp-content\/uploads\/2018\/02\/DSC00787.jpg?resize=768%2C636&amp;ssl=1 768w, https:\/\/i0.wp.com\/www.jazzzeitung.de\/cms\/wp-content\/uploads\/2018\/02\/DSC00787.jpg?resize=724%2C600&amp;ssl=1 724w, https:\/\/i0.wp.com\/www.jazzzeitung.de\/cms\/wp-content\/uploads\/2018\/02\/DSC00787.jpg?resize=600%2C497&amp;ssl=1 600w, https:\/\/i0.wp.com\/www.jazzzeitung.de\/cms\/wp-content\/uploads\/2018\/02\/DSC00787.jpg?w=1680&amp;ssl=1 1680w, https:\/\/i0.wp.com\/www.jazzzeitung.de\/cms\/wp-content\/uploads\/2018\/02\/DSC00787.jpg?w=2520&amp;ssl=1 2520w\" width=\"506\" height=\"420\" loading=\"lazy\" data-original-width=\"506\" data-original-height=\"420\" itemprop=\"http:\/\/schema.org\/image\" title=\"DSC00787\" alt=\"DSC00787\" style=\"width: 506px; height: 420px;\" \/> <\/a> <\/div> <\/div> <!-- close group --> <div class=\"gallery-group images-1\" style=\"width: 330px; height: 424px;\" data-original-width=\"330\" data-original-height=\"424\" > <div class=\"tiled-gallery-item tiled-gallery-item-large\" itemprop=\"associatedMedia\" itemscope itemtype=\"http:\/\/schema.org\/ImageObject\"> <a href=\"https:\/\/www.jazzzeitung.de\/cms\/2018\/02\/praezision-und-himmelsstuerme-john-dennis-renkens-band-tribe-im-dortmunder-domicil\/dsc00815\/\" border=\"0\" itemprop=\"url\"> <meta itemprop=\"width\" content=\"326\"> <meta itemprop=\"height\" content=\"420\"> <img decoding=\"async\" class=\"\" data-attachment-id=\"15083\" data-orig-file=\"https:\/\/www.jazzzeitung.de\/cms\/wp-content\/uploads\/2018\/02\/DSC00815.jpg\" data-orig-size=\"3194,4114\" data-comments-opened=\"1\" data-image-meta=\"{&quot;aperture&quot;:&quot;3.2&quot;,&quot;credit&quot;:&quot;Picasa&quot;,&quot;camera&quot;:&quot;DSC-RX10&quot;,&quot;caption&quot;:&quot;&quot;,&quot;created_timestamp&quot;:&quot;1517440466&quot;,&quot;copyright&quot;:&quot;&quot;,&quot;focal_length&quot;:&quot;73.3&quot;,&quot;iso&quot;:&quot;3200&quot;,&quot;shutter_speed&quot;:&quot;0.01&quot;,&quot;title&quot;:&quot;&quot;,&quot;orientation&quot;:&quot;0&quot;}\" data-image-title=\"DSC00815\" data-image-description=\"\" data-medium-file=\"https:\/\/i0.wp.com\/www.jazzzeitung.de\/cms\/wp-content\/uploads\/2018\/02\/DSC00815.jpg?fit=233%2C300&#038;ssl=1\" data-large-file=\"https:\/\/i0.wp.com\/www.jazzzeitung.de\/cms\/wp-content\/uploads\/2018\/02\/DSC00815.jpg?fit=466%2C600&#038;ssl=1\" src=\"https:\/\/i0.wp.com\/www.jazzzeitung.de\/cms\/wp-content\/uploads\/2018\/02\/DSC00815.jpg?w=326&#038;h=420&#038;ssl=1\" srcset=\"https:\/\/i0.wp.com\/www.jazzzeitung.de\/cms\/wp-content\/uploads\/2018\/02\/DSC00815.jpg?w=3194&amp;ssl=1 3194w, https:\/\/i0.wp.com\/www.jazzzeitung.de\/cms\/wp-content\/uploads\/2018\/02\/DSC00815.jpg?resize=233%2C300&amp;ssl=1 233w, https:\/\/i0.wp.com\/www.jazzzeitung.de\/cms\/wp-content\/uploads\/2018\/02\/DSC00815.jpg?resize=768%2C989&amp;ssl=1 768w, https:\/\/i0.wp.com\/www.jazzzeitung.de\/cms\/wp-content\/uploads\/2018\/02\/DSC00815.jpg?resize=466%2C600&amp;ssl=1 466w, https:\/\/i0.wp.com\/www.jazzzeitung.de\/cms\/wp-content\/uploads\/2018\/02\/DSC00815.jpg?resize=600%2C773&amp;ssl=1 600w, https:\/\/i0.wp.com\/www.jazzzeitung.de\/cms\/wp-content\/uploads\/2018\/02\/DSC00815.jpg?w=1680&amp;ssl=1 1680w, https:\/\/i0.wp.com\/www.jazzzeitung.de\/cms\/wp-content\/uploads\/2018\/02\/DSC00815.jpg?w=2520&amp;ssl=1 2520w\" width=\"326\" height=\"420\" loading=\"lazy\" data-original-width=\"326\" data-original-height=\"420\" itemprop=\"http:\/\/schema.org\/image\" title=\"DSC00815\" alt=\"DSC00815\" style=\"width: 326px; height: 420px;\" \/> <\/a> <\/div> <\/div> <!-- close group --> <\/div> <!-- close row --> <\/div>\n<p>Andreas Wahl pflegt mit seinen Gitarren und Effektger\u00e4ten einen vielgestaltigen, oft latent psychedelischen Wall of Sound. John-Dennis Renken mischt sich solistisch in kluger \u00d6konomie ein. Er vermittelt zwischen allem, verschaltet alles und zieht die F\u00e4den. Spielt vor allem Shannon Barnett und Angelika Niescier die B\u00e4lle zu. Und sie wachsen in \u00fcberbordend expressiven Himmelsst\u00fcrmen in bestem Sinne \u00fcber sich hinaus. Barnett, die seit Jahren in der WDR-Bigband eine tragende Rolle spielt, begeistert allein ihre rauhen, dreckigen Phrasierungen, Niescier steht dem mit einer latent coltranesken Wildheit auf dem Horn in keinem Moment nach.<\/p>\n<p>Aber trotz aller heftigen Ausbr\u00fcche behalten die St\u00fccke in jedem Moment ihre pr\u00e4zise ausformulierte Rhetorik &#8211; rasch geschnittene, manchmal fast collagenhafte H\u00f6rfilme waren die logische Konsequenz!<\/p>\n<p><b>Die Band Tribe ist \u00fcbrigens heute am 14. Februar wieder in der Zeche Carl zu erleben. <\/b><\/p>\n","protected":false},"excerpt":{"rendered":"<p>Ausgiebig Gelegenheit, sich seine Lieblingsmusiker auszusuchen, hatte der Essener Trompeter John-Dennis Renken w\u00e4hrend seiner Zeit als Improvisor in Residence in Moers, die im Januar zu Ende ging. Also erweiterte er \u201eseine\u201c langj\u00e4hrig bestehendes \u201eZodiak Trio\u201c um die Saxophonistin Angelika Niescier (\u00fcbrigens die aktuelle Preistr\u00e4gerin des Albert-Mangelsdorff-Preises) und die australische Ausnahmeposaunistin Shannon Barnett \u2013 das funktionierte so gut, dass seitdem unter dem Namen \u201eTribe\u201c eine neue feste Band ins Leben gerufen worden ist! &#8211; Text und Fotos von Stefan Pieper Die druckvoll-progressive, gerne auch breakbeatlastige Jazzrock-Mischung des Zodiak-Trios erf\u00e4hrt hier eine plausible Erweiterung in Richtung komplexer, manchmal fast bigbandartiger Bl\u00e4sers\u00e4tze. Und es weitet sich immens die Spielwiese f\u00fcr solistische H\u00f6henfl\u00fcge! Diese Jazzmusiker von heute, die sich schon lange kennen und alle auf vielf\u00e4ltige Weise international vernetzt sind, vereinen Tugenden, die die Gegenwart braucht: Dezidierte kompositorische Ideen liefern die Plattform f\u00fcr ausschweifenden Freigeist. Und bei allem ist h\u00f6chste Intuition im Spiel. Es geht einiges an diesem Abend im Dortmunder Jazzclub domicil: Herrlich feingliedrig \u201ezerlegt\u201c Bernd Oeszevim auf dem Schlagzeug filigranste rhytmische Mikrostrukturen und baut trotzdem m\u00e4chtig Druck dabei auf. Der bewusste Verzicht auf einen Bass in dieser &hellip;<\/p>\n","protected":false},"author":18,"featured_media":15078,"comment_status":"open","ping_status":"closed","sticky":false,"template":"","format":"standard","meta":{"_jetpack_memberships_contains_paid_content":false,"footnotes":"","jetpack_publicize_message":"","jetpack_publicize_feature_enabled":true,"jetpack_social_post_already_shared":false,"jetpack_social_options":{"image_generator_settings":{"template":"highway","default_image_id":0,"font":"","enabled":false},"version":2}},"categories":[1053],"tags":[42,147,1940,1941,1943,1939,1942],"coauthors":[695],"class_list":["post-15077","post","type-post","status-publish","format-standard","has-post-thumbnail","hentry","category-bericht","tag-angelika-niescier","tag-domicil","tag-dortmund","tag-john-dennis-renken","tag-shannon-barnett","tag-tribe","tag-zeche-carl"],"yoast_head":"<!-- This site is optimized with the Yoast SEO plugin v27.5 - https:\/\/yoast.com\/product\/yoast-seo-wordpress\/ -->\n<title>Pr\u00e4zision und Himmelsst\u00fcrme: John-Dennis Renkens Band \u201eTribe\u201c im Dortmunder \u201edomicil\u201c - JazzZeitung<\/title>\n<meta name=\"robots\" content=\"index, follow, max-snippet:-1, max-image-preview:large, max-video-preview:-1\" \/>\n<link rel=\"canonical\" href=\"https:\/\/www.jazzzeitung.de\/cms\/2018\/02\/praezision-und-himmelsstuerme-john-dennis-renkens-band-tribe-im-dortmunder-domicil\/\" \/>\n<meta property=\"og:locale\" content=\"de_DE\" \/>\n<meta property=\"og:type\" content=\"article\" \/>\n<meta property=\"og:title\" content=\"Pr\u00e4zision und Himmelsst\u00fcrme: John-Dennis Renkens Band \u201eTribe\u201c im Dortmunder \u201edomicil\u201c - JazzZeitung\" \/>\n<meta property=\"og:description\" content=\"Ausgiebig Gelegenheit, sich seine Lieblingsmusiker auszusuchen, hatte der Essener Trompeter John-Dennis Renken w\u00e4hrend seiner Zeit als Improvisor in Residence in Moers, die im Januar zu Ende ging. Also erweiterte er \u201eseine\u201c langj\u00e4hrig bestehendes \u201eZodiak Trio\u201c um die Saxophonistin Angelika Niescier (\u00fcbrigens die aktuelle Preistr\u00e4gerin des Albert-Mangelsdorff-Preises) und die australische Ausnahmeposaunistin Shannon Barnett \u2013 das funktionierte so gut, dass seitdem unter dem Namen \u201eTribe\u201c eine neue feste Band ins Leben gerufen worden ist! &#8211; Text und Fotos von Stefan Pieper Die druckvoll-progressive, gerne auch breakbeatlastige Jazzrock-Mischung des Zodiak-Trios erf\u00e4hrt hier eine plausible Erweiterung in Richtung komplexer, manchmal fast bigbandartiger Bl\u00e4sers\u00e4tze. Und es weitet sich immens die Spielwiese f\u00fcr solistische H\u00f6henfl\u00fcge! Diese Jazzmusiker von heute, die sich schon lange kennen und alle auf vielf\u00e4ltige Weise international vernetzt sind, vereinen Tugenden, die die Gegenwart braucht: Dezidierte kompositorische Ideen liefern die Plattform f\u00fcr ausschweifenden Freigeist. Und bei allem ist h\u00f6chste Intuition im Spiel. Es geht einiges an diesem Abend im Dortmunder Jazzclub domicil: Herrlich feingliedrig \u201ezerlegt\u201c Bernd Oeszevim auf dem Schlagzeug filigranste rhytmische Mikrostrukturen und baut trotzdem m\u00e4chtig Druck dabei auf. Der bewusste Verzicht auf einen Bass in dieser &hellip;\" \/>\n<meta property=\"og:url\" content=\"https:\/\/www.jazzzeitung.de\/cms\/2018\/02\/praezision-und-himmelsstuerme-john-dennis-renkens-band-tribe-im-dortmunder-domicil\/\" \/>\n<meta property=\"og:site_name\" content=\"JazzZeitung\" \/>\n<meta property=\"article:publisher\" content=\"https:\/\/www.facebook.com\/JazzZeitung\/\" \/>\n<meta property=\"article:published_time\" content=\"2018-02-14T09:15:20+00:00\" \/>\n<meta property=\"article:modified_time\" content=\"2018-03-06T10:30:15+00:00\" \/>\n<meta property=\"og:image\" content=\"https:\/\/www.jazzzeitung.de\/cms\/wp-content\/uploads\/2018\/02\/DSC00671-454x600.jpg\" \/>\n\t<meta property=\"og:image:width\" content=\"454\" \/>\n\t<meta property=\"og:image:height\" content=\"600\" \/>\n\t<meta property=\"og:image:type\" content=\"image\/jpeg\" \/>\n<meta name=\"author\" content=\"Redaktion JazzZeitung\" \/>\n<script type=\"application\/ld+json\" class=\"yoast-schema-graph\">{\"@context\":\"https:\\\/\\\/schema.org\",\"@graph\":[{\"@type\":\"Article\",\"@id\":\"https:\\\/\\\/www.jazzzeitung.de\\\/cms\\\/2018\\\/02\\\/praezision-und-himmelsstuerme-john-dennis-renkens-band-tribe-im-dortmunder-domicil\\\/#article\",\"isPartOf\":{\"@id\":\"https:\\\/\\\/www.jazzzeitung.de\\\/cms\\\/2018\\\/02\\\/praezision-und-himmelsstuerme-john-dennis-renkens-band-tribe-im-dortmunder-domicil\\\/\"},\"author\":{\"name\":\"Redaktion JazzZeitung\",\"@id\":\"https:\\\/\\\/www.jazzzeitung.de\\\/cms\\\/#\\\/schema\\\/person\\\/2245b36b9cd1d24cea10f01c031fb92b\"},\"headline\":\"Pr\u00e4zision und Himmelsst\u00fcrme: John-Dennis Renkens Band \u201eTribe\u201c im Dortmunder \u201edomicil\u201c\",\"datePublished\":\"2018-02-14T09:15:20+00:00\",\"dateModified\":\"2018-03-06T10:30:15+00:00\",\"mainEntityOfPage\":{\"@id\":\"https:\\\/\\\/www.jazzzeitung.de\\\/cms\\\/2018\\\/02\\\/praezision-und-himmelsstuerme-john-dennis-renkens-band-tribe-im-dortmunder-domicil\\\/\"},\"wordCount\":369,\"commentCount\":0,\"publisher\":{\"@id\":\"https:\\\/\\\/www.jazzzeitung.de\\\/cms\\\/#organization\"},\"image\":{\"@id\":\"https:\\\/\\\/www.jazzzeitung.de\\\/cms\\\/2018\\\/02\\\/praezision-und-himmelsstuerme-john-dennis-renkens-band-tribe-im-dortmunder-domicil\\\/#primaryimage\"},\"thumbnailUrl\":\"https:\\\/\\\/i0.wp.com\\\/www.jazzzeitung.de\\\/cms\\\/wp-content\\\/uploads\\\/2018\\\/02\\\/DSC00671.jpg?fit=3648%2C4820&ssl=1\",\"keywords\":[\"Angelika Niescier\",\"Domicil\",\"Dortmund\",\"John-Dennis Renken\",\"Shannon Barnett\",\"Tribe\",\"Zeche Carl\"],\"articleSection\":[\"Bericht\"],\"inLanguage\":\"de\",\"potentialAction\":[{\"@type\":\"CommentAction\",\"name\":\"Comment\",\"target\":[\"https:\\\/\\\/www.jazzzeitung.de\\\/cms\\\/2018\\\/02\\\/praezision-und-himmelsstuerme-john-dennis-renkens-band-tribe-im-dortmunder-domicil\\\/#respond\"]}]},{\"@type\":\"WebPage\",\"@id\":\"https:\\\/\\\/www.jazzzeitung.de\\\/cms\\\/2018\\\/02\\\/praezision-und-himmelsstuerme-john-dennis-renkens-band-tribe-im-dortmunder-domicil\\\/\",\"url\":\"https:\\\/\\\/www.jazzzeitung.de\\\/cms\\\/2018\\\/02\\\/praezision-und-himmelsstuerme-john-dennis-renkens-band-tribe-im-dortmunder-domicil\\\/\",\"name\":\"Pr\u00e4zision und Himmelsst\u00fcrme: John-Dennis Renkens Band \u201eTribe\u201c im Dortmunder \u201edomicil\u201c - JazzZeitung\",\"isPartOf\":{\"@id\":\"https:\\\/\\\/www.jazzzeitung.de\\\/cms\\\/#website\"},\"primaryImageOfPage\":{\"@id\":\"https:\\\/\\\/www.jazzzeitung.de\\\/cms\\\/2018\\\/02\\\/praezision-und-himmelsstuerme-john-dennis-renkens-band-tribe-im-dortmunder-domicil\\\/#primaryimage\"},\"image\":{\"@id\":\"https:\\\/\\\/www.jazzzeitung.de\\\/cms\\\/2018\\\/02\\\/praezision-und-himmelsstuerme-john-dennis-renkens-band-tribe-im-dortmunder-domicil\\\/#primaryimage\"},\"thumbnailUrl\":\"https:\\\/\\\/i0.wp.com\\\/www.jazzzeitung.de\\\/cms\\\/wp-content\\\/uploads\\\/2018\\\/02\\\/DSC00671.jpg?fit=3648%2C4820&ssl=1\",\"datePublished\":\"2018-02-14T09:15:20+00:00\",\"dateModified\":\"2018-03-06T10:30:15+00:00\",\"breadcrumb\":{\"@id\":\"https:\\\/\\\/www.jazzzeitung.de\\\/cms\\\/2018\\\/02\\\/praezision-und-himmelsstuerme-john-dennis-renkens-band-tribe-im-dortmunder-domicil\\\/#breadcrumb\"},\"inLanguage\":\"de\",\"potentialAction\":[{\"@type\":\"ReadAction\",\"target\":[\"https:\\\/\\\/www.jazzzeitung.de\\\/cms\\\/2018\\\/02\\\/praezision-und-himmelsstuerme-john-dennis-renkens-band-tribe-im-dortmunder-domicil\\\/\"]}]},{\"@type\":\"ImageObject\",\"inLanguage\":\"de\",\"@id\":\"https:\\\/\\\/www.jazzzeitung.de\\\/cms\\\/2018\\\/02\\\/praezision-und-himmelsstuerme-john-dennis-renkens-band-tribe-im-dortmunder-domicil\\\/#primaryimage\",\"url\":\"https:\\\/\\\/i0.wp.com\\\/www.jazzzeitung.de\\\/cms\\\/wp-content\\\/uploads\\\/2018\\\/02\\\/DSC00671.jpg?fit=3648%2C4820&ssl=1\",\"contentUrl\":\"https:\\\/\\\/i0.wp.com\\\/www.jazzzeitung.de\\\/cms\\\/wp-content\\\/uploads\\\/2018\\\/02\\\/DSC00671.jpg?fit=3648%2C4820&ssl=1\",\"width\":3648,\"height\":4820},{\"@type\":\"BreadcrumbList\",\"@id\":\"https:\\\/\\\/www.jazzzeitung.de\\\/cms\\\/2018\\\/02\\\/praezision-und-himmelsstuerme-john-dennis-renkens-band-tribe-im-dortmunder-domicil\\\/#breadcrumb\",\"itemListElement\":[{\"@type\":\"ListItem\",\"position\":1,\"name\":\"Startseite\",\"item\":\"https:\\\/\\\/www.jazzzeitung.de\\\/cms\\\/\"},{\"@type\":\"ListItem\",\"position\":2,\"name\":\"Pr\u00e4zision und Himmelsst\u00fcrme: John-Dennis Renkens Band \u201eTribe\u201c im Dortmunder \u201edomicil\u201c\"}]},{\"@type\":\"WebSite\",\"@id\":\"https:\\\/\\\/www.jazzzeitung.de\\\/cms\\\/#website\",\"url\":\"https:\\\/\\\/www.jazzzeitung.de\\\/cms\\\/\",\"name\":\"JazzZeitung\",\"description\":\"Jazz-News und Jazz-Kontroverses\",\"publisher\":{\"@id\":\"https:\\\/\\\/www.jazzzeitung.de\\\/cms\\\/#organization\"},\"potentialAction\":[{\"@type\":\"SearchAction\",\"target\":{\"@type\":\"EntryPoint\",\"urlTemplate\":\"https:\\\/\\\/www.jazzzeitung.de\\\/cms\\\/?s={search_term_string}\"},\"query-input\":{\"@type\":\"PropertyValueSpecification\",\"valueRequired\":true,\"valueName\":\"search_term_string\"}}],\"inLanguage\":\"de\"},{\"@type\":\"Organization\",\"@id\":\"https:\\\/\\\/www.jazzzeitung.de\\\/cms\\\/#organization\",\"name\":\"JazzZeitung online\",\"url\":\"https:\\\/\\\/www.jazzzeitung.de\\\/cms\\\/\",\"logo\":{\"@type\":\"ImageObject\",\"inLanguage\":\"de\",\"@id\":\"https:\\\/\\\/www.jazzzeitung.de\\\/cms\\\/#\\\/schema\\\/logo\\\/image\\\/\",\"url\":\"https:\\\/\\\/i0.wp.com\\\/www.jazzzeitung.de\\\/cms\\\/wp-content\\\/uploads\\\/2015\\\/08\\\/JAZZZEITUNGDE_Logo_Neu.png?fit=499%2C200&ssl=1\",\"contentUrl\":\"https:\\\/\\\/i0.wp.com\\\/www.jazzzeitung.de\\\/cms\\\/wp-content\\\/uploads\\\/2015\\\/08\\\/JAZZZEITUNGDE_Logo_Neu.png?fit=499%2C200&ssl=1\",\"width\":499,\"height\":200,\"caption\":\"JazzZeitung online\"},\"image\":{\"@id\":\"https:\\\/\\\/www.jazzzeitung.de\\\/cms\\\/#\\\/schema\\\/logo\\\/image\\\/\"},\"sameAs\":[\"https:\\\/\\\/www.facebook.com\\\/JazzZeitung\\\/\"]},{\"@type\":\"Person\",\"@id\":\"https:\\\/\\\/www.jazzzeitung.de\\\/cms\\\/#\\\/schema\\\/person\\\/2245b36b9cd1d24cea10f01c031fb92b\",\"name\":\"Redaktion JazzZeitung\",\"image\":{\"@type\":\"ImageObject\",\"inLanguage\":\"de\",\"@id\":\"https:\\\/\\\/i0.wp.com\\\/www.jazzzeitung.de\\\/cms\\\/wp-content\\\/uploads\\\/2015\\\/08\\\/JAZZZEITUNGDE_Logo_Neu.png?resize=96%2C96&ssl=159975dcacb611b5700bd619b5daf0a7a\",\"url\":\"https:\\\/\\\/i0.wp.com\\\/www.jazzzeitung.de\\\/cms\\\/wp-content\\\/uploads\\\/2015\\\/08\\\/JAZZZEITUNGDE_Logo_Neu.png?resize=96%2C96&ssl=1\",\"contentUrl\":\"https:\\\/\\\/i0.wp.com\\\/www.jazzzeitung.de\\\/cms\\\/wp-content\\\/uploads\\\/2015\\\/08\\\/JAZZZEITUNGDE_Logo_Neu.png?resize=96%2C96&ssl=1\",\"caption\":\"Redaktion JazzZeitung\"},\"description\":\"Artikel der Redaktion der JazzZeitung.\",\"sameAs\":[\"http:\\\/\\\/www.jazzzeitung.de\\\/cms\\\/\"],\"url\":\"https:\\\/\\\/www.jazzzeitung.de\\\/cms\\\/author\\\/redaktion\\\/\"}]}<\/script>\n<!-- \/ Yoast SEO plugin. -->","yoast_head_json":{"title":"Pr\u00e4zision und Himmelsst\u00fcrme: John-Dennis Renkens Band \u201eTribe\u201c im Dortmunder \u201edomicil\u201c - JazzZeitung","robots":{"index":"index","follow":"follow","max-snippet":"max-snippet:-1","max-image-preview":"max-image-preview:large","max-video-preview":"max-video-preview:-1"},"canonical":"https:\/\/www.jazzzeitung.de\/cms\/2018\/02\/praezision-und-himmelsstuerme-john-dennis-renkens-band-tribe-im-dortmunder-domicil\/","og_locale":"de_DE","og_type":"article","og_title":"Pr\u00e4zision und Himmelsst\u00fcrme: John-Dennis Renkens Band \u201eTribe\u201c im Dortmunder \u201edomicil\u201c - JazzZeitung","og_description":"Ausgiebig Gelegenheit, sich seine Lieblingsmusiker auszusuchen, hatte der Essener Trompeter John-Dennis Renken w\u00e4hrend seiner Zeit als Improvisor in Residence in Moers, die im Januar zu Ende ging. Also erweiterte er \u201eseine\u201c langj\u00e4hrig bestehendes \u201eZodiak Trio\u201c um die Saxophonistin Angelika Niescier (\u00fcbrigens die aktuelle Preistr\u00e4gerin des Albert-Mangelsdorff-Preises) und die australische Ausnahmeposaunistin Shannon Barnett \u2013 das funktionierte so gut, dass seitdem unter dem Namen \u201eTribe\u201c eine neue feste Band ins Leben gerufen worden ist! &#8211; Text und Fotos von Stefan Pieper Die druckvoll-progressive, gerne auch breakbeatlastige Jazzrock-Mischung des Zodiak-Trios erf\u00e4hrt hier eine plausible Erweiterung in Richtung komplexer, manchmal fast bigbandartiger Bl\u00e4sers\u00e4tze. Und es weitet sich immens die Spielwiese f\u00fcr solistische H\u00f6henfl\u00fcge! Diese Jazzmusiker von heute, die sich schon lange kennen und alle auf vielf\u00e4ltige Weise international vernetzt sind, vereinen Tugenden, die die Gegenwart braucht: Dezidierte kompositorische Ideen liefern die Plattform f\u00fcr ausschweifenden Freigeist. Und bei allem ist h\u00f6chste Intuition im Spiel. Es geht einiges an diesem Abend im Dortmunder Jazzclub domicil: Herrlich feingliedrig \u201ezerlegt\u201c Bernd Oeszevim auf dem Schlagzeug filigranste rhytmische Mikrostrukturen und baut trotzdem m\u00e4chtig Druck dabei auf. Der bewusste Verzicht auf einen Bass in dieser &hellip;","og_url":"https:\/\/www.jazzzeitung.de\/cms\/2018\/02\/praezision-und-himmelsstuerme-john-dennis-renkens-band-tribe-im-dortmunder-domicil\/","og_site_name":"JazzZeitung","article_publisher":"https:\/\/www.facebook.com\/JazzZeitung\/","article_published_time":"2018-02-14T09:15:20+00:00","article_modified_time":"2018-03-06T10:30:15+00:00","og_image":[{"width":454,"height":600,"url":"https:\/\/www.jazzzeitung.de\/cms\/wp-content\/uploads\/2018\/02\/DSC00671-454x600.jpg","type":"image\/jpeg"}],"author":"Redaktion JazzZeitung","schema":{"@context":"https:\/\/schema.org","@graph":[{"@type":"Article","@id":"https:\/\/www.jazzzeitung.de\/cms\/2018\/02\/praezision-und-himmelsstuerme-john-dennis-renkens-band-tribe-im-dortmunder-domicil\/#article","isPartOf":{"@id":"https:\/\/www.jazzzeitung.de\/cms\/2018\/02\/praezision-und-himmelsstuerme-john-dennis-renkens-band-tribe-im-dortmunder-domicil\/"},"author":{"name":"Redaktion JazzZeitung","@id":"https:\/\/www.jazzzeitung.de\/cms\/#\/schema\/person\/2245b36b9cd1d24cea10f01c031fb92b"},"headline":"Pr\u00e4zision und Himmelsst\u00fcrme: John-Dennis Renkens Band \u201eTribe\u201c im Dortmunder \u201edomicil\u201c","datePublished":"2018-02-14T09:15:20+00:00","dateModified":"2018-03-06T10:30:15+00:00","mainEntityOfPage":{"@id":"https:\/\/www.jazzzeitung.de\/cms\/2018\/02\/praezision-und-himmelsstuerme-john-dennis-renkens-band-tribe-im-dortmunder-domicil\/"},"wordCount":369,"commentCount":0,"publisher":{"@id":"https:\/\/www.jazzzeitung.de\/cms\/#organization"},"image":{"@id":"https:\/\/www.jazzzeitung.de\/cms\/2018\/02\/praezision-und-himmelsstuerme-john-dennis-renkens-band-tribe-im-dortmunder-domicil\/#primaryimage"},"thumbnailUrl":"https:\/\/i0.wp.com\/www.jazzzeitung.de\/cms\/wp-content\/uploads\/2018\/02\/DSC00671.jpg?fit=3648%2C4820&ssl=1","keywords":["Angelika Niescier","Domicil","Dortmund","John-Dennis Renken","Shannon Barnett","Tribe","Zeche Carl"],"articleSection":["Bericht"],"inLanguage":"de","potentialAction":[{"@type":"CommentAction","name":"Comment","target":["https:\/\/www.jazzzeitung.de\/cms\/2018\/02\/praezision-und-himmelsstuerme-john-dennis-renkens-band-tribe-im-dortmunder-domicil\/#respond"]}]},{"@type":"WebPage","@id":"https:\/\/www.jazzzeitung.de\/cms\/2018\/02\/praezision-und-himmelsstuerme-john-dennis-renkens-band-tribe-im-dortmunder-domicil\/","url":"https:\/\/www.jazzzeitung.de\/cms\/2018\/02\/praezision-und-himmelsstuerme-john-dennis-renkens-band-tribe-im-dortmunder-domicil\/","name":"Pr\u00e4zision und Himmelsst\u00fcrme: John-Dennis Renkens Band \u201eTribe\u201c im Dortmunder \u201edomicil\u201c - JazzZeitung","isPartOf":{"@id":"https:\/\/www.jazzzeitung.de\/cms\/#website"},"primaryImageOfPage":{"@id":"https:\/\/www.jazzzeitung.de\/cms\/2018\/02\/praezision-und-himmelsstuerme-john-dennis-renkens-band-tribe-im-dortmunder-domicil\/#primaryimage"},"image":{"@id":"https:\/\/www.jazzzeitung.de\/cms\/2018\/02\/praezision-und-himmelsstuerme-john-dennis-renkens-band-tribe-im-dortmunder-domicil\/#primaryimage"},"thumbnailUrl":"https:\/\/i0.wp.com\/www.jazzzeitung.de\/cms\/wp-content\/uploads\/2018\/02\/DSC00671.jpg?fit=3648%2C4820&ssl=1","datePublished":"2018-02-14T09:15:20+00:00","dateModified":"2018-03-06T10:30:15+00:00","breadcrumb":{"@id":"https:\/\/www.jazzzeitung.de\/cms\/2018\/02\/praezision-und-himmelsstuerme-john-dennis-renkens-band-tribe-im-dortmunder-domicil\/#breadcrumb"},"inLanguage":"de","potentialAction":[{"@type":"ReadAction","target":["https:\/\/www.jazzzeitung.de\/cms\/2018\/02\/praezision-und-himmelsstuerme-john-dennis-renkens-band-tribe-im-dortmunder-domicil\/"]}]},{"@type":"ImageObject","inLanguage":"de","@id":"https:\/\/www.jazzzeitung.de\/cms\/2018\/02\/praezision-und-himmelsstuerme-john-dennis-renkens-band-tribe-im-dortmunder-domicil\/#primaryimage","url":"https:\/\/i0.wp.com\/www.jazzzeitung.de\/cms\/wp-content\/uploads\/2018\/02\/DSC00671.jpg?fit=3648%2C4820&ssl=1","contentUrl":"https:\/\/i0.wp.com\/www.jazzzeitung.de\/cms\/wp-content\/uploads\/2018\/02\/DSC00671.jpg?fit=3648%2C4820&ssl=1","width":3648,"height":4820},{"@type":"BreadcrumbList","@id":"https:\/\/www.jazzzeitung.de\/cms\/2018\/02\/praezision-und-himmelsstuerme-john-dennis-renkens-band-tribe-im-dortmunder-domicil\/#breadcrumb","itemListElement":[{"@type":"ListItem","position":1,"name":"Startseite","item":"https:\/\/www.jazzzeitung.de\/cms\/"},{"@type":"ListItem","position":2,"name":"Pr\u00e4zision und Himmelsst\u00fcrme: John-Dennis Renkens Band \u201eTribe\u201c im Dortmunder \u201edomicil\u201c"}]},{"@type":"WebSite","@id":"https:\/\/www.jazzzeitung.de\/cms\/#website","url":"https:\/\/www.jazzzeitung.de\/cms\/","name":"JazzZeitung","description":"Jazz-News und Jazz-Kontroverses","publisher":{"@id":"https:\/\/www.jazzzeitung.de\/cms\/#organization"},"potentialAction":[{"@type":"SearchAction","target":{"@type":"EntryPoint","urlTemplate":"https:\/\/www.jazzzeitung.de\/cms\/?s={search_term_string}"},"query-input":{"@type":"PropertyValueSpecification","valueRequired":true,"valueName":"search_term_string"}}],"inLanguage":"de"},{"@type":"Organization","@id":"https:\/\/www.jazzzeitung.de\/cms\/#organization","name":"JazzZeitung online","url":"https:\/\/www.jazzzeitung.de\/cms\/","logo":{"@type":"ImageObject","inLanguage":"de","@id":"https:\/\/www.jazzzeitung.de\/cms\/#\/schema\/logo\/image\/","url":"https:\/\/i0.wp.com\/www.jazzzeitung.de\/cms\/wp-content\/uploads\/2015\/08\/JAZZZEITUNGDE_Logo_Neu.png?fit=499%2C200&ssl=1","contentUrl":"https:\/\/i0.wp.com\/www.jazzzeitung.de\/cms\/wp-content\/uploads\/2015\/08\/JAZZZEITUNGDE_Logo_Neu.png?fit=499%2C200&ssl=1","width":499,"height":200,"caption":"JazzZeitung online"},"image":{"@id":"https:\/\/www.jazzzeitung.de\/cms\/#\/schema\/logo\/image\/"},"sameAs":["https:\/\/www.facebook.com\/JazzZeitung\/"]},{"@type":"Person","@id":"https:\/\/www.jazzzeitung.de\/cms\/#\/schema\/person\/2245b36b9cd1d24cea10f01c031fb92b","name":"Redaktion JazzZeitung","image":{"@type":"ImageObject","inLanguage":"de","@id":"https:\/\/i0.wp.com\/www.jazzzeitung.de\/cms\/wp-content\/uploads\/2015\/08\/JAZZZEITUNGDE_Logo_Neu.png?resize=96%2C96&ssl=159975dcacb611b5700bd619b5daf0a7a","url":"https:\/\/i0.wp.com\/www.jazzzeitung.de\/cms\/wp-content\/uploads\/2015\/08\/JAZZZEITUNGDE_Logo_Neu.png?resize=96%2C96&ssl=1","contentUrl":"https:\/\/i0.wp.com\/www.jazzzeitung.de\/cms\/wp-content\/uploads\/2015\/08\/JAZZZEITUNGDE_Logo_Neu.png?resize=96%2C96&ssl=1","caption":"Redaktion JazzZeitung"},"description":"Artikel der Redaktion der JazzZeitung.","sameAs":["http:\/\/www.jazzzeitung.de\/cms\/"],"url":"https:\/\/www.jazzzeitung.de\/cms\/author\/redaktion\/"}]}},"wp-worthy-pixel":{"ignored":false,"public":null,"server":null,"url":null},"wp-worthy-type":"normal","jetpack_publicize_connections":[],"cc_featured_image_caption":{"caption_text":"","source_text":"","source_url":""},"jetpack_featured_media_url":"https:\/\/i0.wp.com\/www.jazzzeitung.de\/cms\/wp-content\/uploads\/2018\/02\/DSC00671.jpg?fit=3648%2C4820&ssl=1","jetpack_shortlink":"https:\/\/wp.me\/p3KEcT-3Vb","jetpack-related-posts":[{"id":15837,"url":"https:\/\/www.jazzzeitung.de\/cms\/2018\/04\/international-jazz-day-2018-you-know-what-i-mean\/","url_meta":{"origin":15077,"position":0},"title":"International Jazz Day 2018 &#8211; &#8222;Jazz in den Mai&#8220;","author":"Redaktion JazzZeitung","date":"30. April 2018","format":false,"excerpt":"2012 wurde am 30. April erstmalig der International Jazz Day gefeiert. Der von der UNESCO ins Leben gerufene Feiertag des Jazz sollte der k\u00fcnstlerischen Bedeutung des Jazz und seiner weltweiten Auswirkung auf die kulturelle Entwicklung huldigen. Auch sollte zum Dialog angeregt werden, vermutlich zwischen den Jazzern und der \u201eAu\u00dfenwelt\u201c. Jetzt\u2026","rel":"","context":"In &quot;News&quot;","block_context":{"text":"News","link":"https:\/\/www.jazzzeitung.de\/cms\/thema\/nachrichten\/"},"img":{"alt_text":"","src":"https:\/\/i0.wp.com\/www.jazzzeitung.de\/cms\/wp-content\/uploads\/2018\/04\/domicil-PR-Club-Konzert-%C2%A9-Guenter-Maiss_preview.jpeg?fit=1200%2C800&ssl=1&resize=350%2C200","width":350,"height":200,"srcset":"https:\/\/i0.wp.com\/www.jazzzeitung.de\/cms\/wp-content\/uploads\/2018\/04\/domicil-PR-Club-Konzert-%C2%A9-Guenter-Maiss_preview.jpeg?fit=1200%2C800&ssl=1&resize=350%2C200 1x, https:\/\/i0.wp.com\/www.jazzzeitung.de\/cms\/wp-content\/uploads\/2018\/04\/domicil-PR-Club-Konzert-%C2%A9-Guenter-Maiss_preview.jpeg?fit=1200%2C800&ssl=1&resize=525%2C300 1.5x, https:\/\/i0.wp.com\/www.jazzzeitung.de\/cms\/wp-content\/uploads\/2018\/04\/domicil-PR-Club-Konzert-%C2%A9-Guenter-Maiss_preview.jpeg?fit=1200%2C800&ssl=1&resize=700%2C400 2x, https:\/\/i0.wp.com\/www.jazzzeitung.de\/cms\/wp-content\/uploads\/2018\/04\/domicil-PR-Club-Konzert-%C2%A9-Guenter-Maiss_preview.jpeg?fit=1200%2C800&ssl=1&resize=1050%2C600 3x"},"classes":[]},{"id":15775,"url":"https:\/\/www.jazzzeitung.de\/cms\/2018\/04\/radio-tipp-jazzfest-berlin-2017-albert-mangelsdorff-preis-fuer-angelika-niescier\/","url_meta":{"origin":15077,"position":1},"title":"Radio-Tipp: Jazzfest Berlin 2017 \u2013 Albert Mangelsdorff-Preis f\u00fcr Angelika Niescier","author":"Martin Hufner","date":"27. April 2018","format":false,"excerpt":"Im Zweijahres-Turnus vergibt die Union Deutscher Jazzmusiker (UDJ) seit 1994 den Deutschen Jazzpreis, benannt nach dem Posaunisten Albert Mangelsdorff. Gestiftet wird der mit 15.000 \u20ac dotierte Preis von der GEMA-Stiftung, der GVL, dem F\u00f6rderungs- und Hilfsfonds des Deutschen Komponistenverbands und dem F\u00f6rderkreis Jazz. Im Rahmen des Jazzfestes Berlin erhielt ihn\u2026","rel":"","context":"In &quot;Radio&quot;","block_context":{"text":"Radio","link":"https:\/\/www.jazzzeitung.de\/cms\/thema\/radio\/"},"img":{"alt_text":"Angelika Niescier im Trio und Albert Mangelsdorff Preis der UdJ. Foto: Petra Basche","src":"https:\/\/i0.wp.com\/www.jazzzeitung.de\/cms\/wp-content\/uploads\/2017\/11\/Jazzfest-Berlin-2017_Niescier_Mangelsdorff-Preis_0001-12.jpg?fit=1200%2C900&ssl=1&resize=350%2C200","width":350,"height":200,"srcset":"https:\/\/i0.wp.com\/www.jazzzeitung.de\/cms\/wp-content\/uploads\/2017\/11\/Jazzfest-Berlin-2017_Niescier_Mangelsdorff-Preis_0001-12.jpg?fit=1200%2C900&ssl=1&resize=350%2C200 1x, https:\/\/i0.wp.com\/www.jazzzeitung.de\/cms\/wp-content\/uploads\/2017\/11\/Jazzfest-Berlin-2017_Niescier_Mangelsdorff-Preis_0001-12.jpg?fit=1200%2C900&ssl=1&resize=525%2C300 1.5x, https:\/\/i0.wp.com\/www.jazzzeitung.de\/cms\/wp-content\/uploads\/2017\/11\/Jazzfest-Berlin-2017_Niescier_Mangelsdorff-Preis_0001-12.jpg?fit=1200%2C900&ssl=1&resize=700%2C400 2x, https:\/\/i0.wp.com\/www.jazzzeitung.de\/cms\/wp-content\/uploads\/2017\/11\/Jazzfest-Berlin-2017_Niescier_Mangelsdorff-Preis_0001-12.jpg?fit=1200%2C900&ssl=1&resize=1050%2C600 3x"},"classes":[]},{"id":24121,"url":"https:\/\/www.jazzzeitung.de\/cms\/2021\/01\/die-frische-der-spontanen-begegnung-beim-winterjazz-im-koelner-stadtgarten\/","url_meta":{"origin":15077,"position":2},"title":"Die Frische der spontanen Begegnung beim Winterjazz im K\u00f6lner Stadtgarten","author":"Redaktion JazzZeitung","date":"13. Januar 2021","format":false,"excerpt":"\u201eWenn man Festivals komponiert, dann ist es ganz wichtig, den jeweiligen Abend ganz zu \u00fcberdenken\u201c beschrieb der Schweizer Schlagzeuger Lucas Niggli das Qualit\u00e4tsmerkmal f\u00fcr ein gutes Live-Erlebnis. Als er vor einigen Jahren eingeladen worden war, etwas zusammen mit der \u201eunfassbar innovativen eigenst\u00e4ndigen K\u00f6lner Szene zu machen, hatte er sofort einen\u2026","rel":"","context":"In &quot;Bericht&quot;","block_context":{"text":"Bericht","link":"https:\/\/www.jazzzeitung.de\/cms\/thema\/bericht\/"},"img":{"alt_text":"","src":"https:\/\/i0.wp.com\/www.jazzzeitung.de\/cms\/wp-content\/uploads\/2021\/01\/Agelika-Niescier-Lucas-Leidinger-scaled.jpg?fit=1200%2C799&ssl=1&resize=350%2C200","width":350,"height":200,"srcset":"https:\/\/i0.wp.com\/www.jazzzeitung.de\/cms\/wp-content\/uploads\/2021\/01\/Agelika-Niescier-Lucas-Leidinger-scaled.jpg?fit=1200%2C799&ssl=1&resize=350%2C200 1x, https:\/\/i0.wp.com\/www.jazzzeitung.de\/cms\/wp-content\/uploads\/2021\/01\/Agelika-Niescier-Lucas-Leidinger-scaled.jpg?fit=1200%2C799&ssl=1&resize=525%2C300 1.5x, https:\/\/i0.wp.com\/www.jazzzeitung.de\/cms\/wp-content\/uploads\/2021\/01\/Agelika-Niescier-Lucas-Leidinger-scaled.jpg?fit=1200%2C799&ssl=1&resize=700%2C400 2x, https:\/\/i0.wp.com\/www.jazzzeitung.de\/cms\/wp-content\/uploads\/2021\/01\/Agelika-Niescier-Lucas-Leidinger-scaled.jpg?fit=1200%2C799&ssl=1&resize=1050%2C600 3x"},"classes":[]},{"id":751,"url":"https:\/\/www.jazzzeitung.de\/cms\/2011\/02\/neuer-deutscher-jazzpreis-2011-die-finalisten\/","url_meta":{"origin":15077,"position":3},"title":"Neuer Deutscher Jazzpreis 2011 \u2013 Die Finalisten","author":"J\u00f6rg Lichtinger","date":"9. Februar 2011","format":false,"excerpt":"Der Kurator hat seine Wahl getroffen. Bojan Z., Kurator bei der diesj\u00e4hrigen 6. Ausgabe des Neuen Deutschen Jazzpreises, hat aus den Bands, die nach der Vorauswahl \u00fcbriggeblieben waren, drei Formationen f\u00fcr das Finale im M\u00e4rz ausgesucht. Wie im letzten Jahr Kenny Wheeler, entschied sich auch Bojan Z. f\u00fcr drei Trios.\u2026","rel":"","context":"In &quot;Blog&quot;","block_context":{"text":"Blog","link":"https:\/\/www.jazzzeitung.de\/cms\/thema\/blog\/"},"img":{"alt_text":"Kurator beim NDJP: Pianist Bojan Z. Foto: Zijah Gafic  ","src":"https:\/\/i0.wp.com\/www.jazzzeitung.de\/cms\/wp-content\/uploads\/2011\/02\/zgafic_press_bojan_portrait-300x200.jpg?resize=350%2C200","width":350,"height":200},"classes":[]},{"id":10815,"url":"https:\/\/www.jazzzeitung.de\/cms\/2016\/11\/jazzfest-berlin-2016-3-unter-groovekillern-spielen-und-kaputtspielen\/","url_meta":{"origin":15077,"position":4},"title":"Jazzfest Berlin 2016 (3) \u2013 Unter Groovekillern: Spielen und kaputtspielen","author":"Huflaikhan","date":"6. November 2016","format":false,"excerpt":"Eigentlich eine Dom\u00e4ne des europ\u00e4ischen Jazz, das Kaputtspielen \u2013 ganz aus den sp\u00e4ten 68ern heraus. So wie vorgestern beim Globe Unity Orchestra. Man kann die Dinge aber auch anders kaputtspielen: entweder wegen \u00dcberforderung oder durch ein aneinander vorbeispielen. Wird ja schon keiner merken \u2013 bei Profis oder gar Superstars der\u2026","rel":"","context":"In &quot;Bericht&quot;","block_context":{"text":"Bericht","link":"https:\/\/www.jazzzeitung.de\/cms\/thema\/bericht\/"},"img":{"alt_text":"Angelika Niescier \u2013 Florian Weber Quintet. Angelika Niescier. Foto: Petra Basche","src":"https:\/\/i0.wp.com\/www.jazzzeitung.de\/cms\/wp-content\/uploads\/2016\/11\/jazzfest_2016_Niescier_0030t2016.jpg?fit=1200%2C800&ssl=1&resize=350%2C200","width":350,"height":200,"srcset":"https:\/\/i0.wp.com\/www.jazzzeitung.de\/cms\/wp-content\/uploads\/2016\/11\/jazzfest_2016_Niescier_0030t2016.jpg?fit=1200%2C800&ssl=1&resize=350%2C200 1x, https:\/\/i0.wp.com\/www.jazzzeitung.de\/cms\/wp-content\/uploads\/2016\/11\/jazzfest_2016_Niescier_0030t2016.jpg?fit=1200%2C800&ssl=1&resize=525%2C300 1.5x, https:\/\/i0.wp.com\/www.jazzzeitung.de\/cms\/wp-content\/uploads\/2016\/11\/jazzfest_2016_Niescier_0030t2016.jpg?fit=1200%2C800&ssl=1&resize=700%2C400 2x, https:\/\/i0.wp.com\/www.jazzzeitung.de\/cms\/wp-content\/uploads\/2016\/11\/jazzfest_2016_Niescier_0030t2016.jpg?fit=1200%2C800&ssl=1&resize=1050%2C600 3x"},"classes":[]},{"id":3261,"url":"https:\/\/www.jazzzeitung.de\/cms\/2014\/01\/winterjazz-koeln-2014\/","url_meta":{"origin":15077,"position":5},"title":"Winterjazz in K\u00f6ln 2014 &#8211; Bericht und fotografische Eindr\u00fccke","author":"Huflaikhan","date":"6. Januar 2014","format":false,"excerpt":"Die Fakten sind ja ziemlich schnell erz\u00e4hlt. 21 Gruppen auf insgesamt 5 B\u00fchnen an einem Abend im und um den K\u00f6lner Stadtgarten. Knapp 75 Musiker gaben sich die Ehre. Kostenlos und drinnen, sofern man einen Platz irgendwo ergattern konnte. Stilistisch eher an aktuellen Jazz-Kl\u00e4ngen orientiert, die nicht selten die Sph\u00e4ren\u2026","rel":"","context":"In &quot;Blog&quot;","block_context":{"text":"Blog","link":"https:\/\/www.jazzzeitung.de\/cms\/thema\/blog\/"},"img":{"alt_text":"Winterjazz 2014. K\u00f6ln. Foto: Basche","src":"https:\/\/i0.wp.com\/www.jazzzeitung.de\/cms\/wp-content\/uploads\/2014\/01\/jazzz-winterjazz-2757.jpg?fit=1199%2C800&ssl=1&resize=350%2C200","width":350,"height":200,"srcset":"https:\/\/i0.wp.com\/www.jazzzeitung.de\/cms\/wp-content\/uploads\/2014\/01\/jazzz-winterjazz-2757.jpg?fit=1199%2C800&ssl=1&resize=350%2C200 1x, https:\/\/i0.wp.com\/www.jazzzeitung.de\/cms\/wp-content\/uploads\/2014\/01\/jazzz-winterjazz-2757.jpg?fit=1199%2C800&ssl=1&resize=525%2C300 1.5x, https:\/\/i0.wp.com\/www.jazzzeitung.de\/cms\/wp-content\/uploads\/2014\/01\/jazzz-winterjazz-2757.jpg?fit=1199%2C800&ssl=1&resize=700%2C400 2x, https:\/\/i0.wp.com\/www.jazzzeitung.de\/cms\/wp-content\/uploads\/2014\/01\/jazzz-winterjazz-2757.jpg?fit=1199%2C800&ssl=1&resize=1050%2C600 3x"},"classes":[]}],"jetpack_sharing_enabled":true,"_links":{"self":[{"href":"https:\/\/www.jazzzeitung.de\/cms\/wp-json\/wp\/v2\/posts\/15077","targetHints":{"allow":["GET"]}}],"collection":[{"href":"https:\/\/www.jazzzeitung.de\/cms\/wp-json\/wp\/v2\/posts"}],"about":[{"href":"https:\/\/www.jazzzeitung.de\/cms\/wp-json\/wp\/v2\/types\/post"}],"author":[{"embeddable":true,"href":"https:\/\/www.jazzzeitung.de\/cms\/wp-json\/wp\/v2\/users\/18"}],"replies":[{"embeddable":true,"href":"https:\/\/www.jazzzeitung.de\/cms\/wp-json\/wp\/v2\/comments?post=15077"}],"version-history":[{"count":2,"href":"https:\/\/www.jazzzeitung.de\/cms\/wp-json\/wp\/v2\/posts\/15077\/revisions"}],"predecessor-version":[{"id":15216,"href":"https:\/\/www.jazzzeitung.de\/cms\/wp-json\/wp\/v2\/posts\/15077\/revisions\/15216"}],"wp:featuredmedia":[{"embeddable":true,"href":"https:\/\/www.jazzzeitung.de\/cms\/wp-json\/wp\/v2\/media\/15078"}],"wp:attachment":[{"href":"https:\/\/www.jazzzeitung.de\/cms\/wp-json\/wp\/v2\/media?parent=15077"}],"wp:term":[{"taxonomy":"category","embeddable":true,"href":"https:\/\/www.jazzzeitung.de\/cms\/wp-json\/wp\/v2\/categories?post=15077"},{"taxonomy":"post_tag","embeddable":true,"href":"https:\/\/www.jazzzeitung.de\/cms\/wp-json\/wp\/v2\/tags?post=15077"},{"taxonomy":"author","embeddable":true,"href":"https:\/\/www.jazzzeitung.de\/cms\/wp-json\/wp\/v2\/coauthors?post=15077"}],"curies":[{"name":"wp","href":"https:\/\/api.w.org\/{rel}","templated":true}]}}