{"id":15025,"date":"2018-02-09T10:58:28","date_gmt":"2018-02-09T09:58:28","guid":{"rendered":"https:\/\/www.jazzzeitung.de\/cms\/?p=15025"},"modified":"2018-02-20T13:18:16","modified_gmt":"2018-02-20T12:18:16","slug":"german-jazz-trophy-am-rolf-und-joachim-kuehn","status":"publish","type":"post","link":"https:\/\/www.jazzzeitung.de\/cms\/2018\/02\/german-jazz-trophy-am-rolf-und-joachim-kuehn\/","title":{"rendered":"German Jazz Trophy 2018 an Rolf und Joachim K\u00fchn"},"content":{"rendered":"<p>Zum Festivalauftakt des Stuttgarter Festivals jazzopen wird am 12. Juli die German Jazz Trophy an die Br\u00fcder Rolf und Joachim K\u00fchn verliehen. Nach der Preisverleihung werden Rolf und Joachim K\u00fchn im Duo zu h\u00f6ren sein. Die Auszeichnung wird seit 2001 j\u00e4hrlich unter dem Motto \u201eA Life for Jazz\u201c von der Stiftung Kunst und Kultur der Sparda-Bank Baden-W\u00fcrttemberg, der neuen musikzeitung und JazzZeitung.de sowie der Kulturgesellschaft Musik+Wort e.V. verliehen und ist 2018 mit 20.000 Euro dotiert. Seit dem Jahre 2013 wird der <a href=\"http:\/\/www.german-jazz-trophy.de\/\">Award<\/a> im Rahmen der <a href=\"https:\/\/www.jazzopen.com\/programm.html\">jazzopen stuttgart<\/a> verliehen.<\/p>\n<p style=\"padding-left: 30px;\"><a href=\"https:\/\/i0.wp.com\/www.jazzzeitung.de\/cms\/wp-content\/uploads\/2018\/02\/Foto_Rolf_und_JoachimKuehn.jpg?ssl=1\"><img data-recalc-dims=\"1\" loading=\"lazy\" decoding=\"async\" data-attachment-id=\"15031\" data-permalink=\"https:\/\/www.jazzzeitung.de\/cms\/2018\/02\/german-jazz-trophy-am-rolf-und-joachim-kuehn\/foto_rolf_und_joachimkuehn\/\" data-orig-file=\"https:\/\/i0.wp.com\/www.jazzzeitung.de\/cms\/wp-content\/uploads\/2018\/02\/Foto_Rolf_und_JoachimKuehn.jpg?fit=5213%2C3475&amp;ssl=1\" data-orig-size=\"5213,3475\" data-comments-opened=\"1\" data-image-meta=\"{&quot;aperture&quot;:&quot;7.1&quot;,&quot;credit&quot;:&quot;&quot;,&quot;camera&quot;:&quot;Canon EOS 5D Mark II&quot;,&quot;caption&quot;:&quot;&quot;,&quot;created_timestamp&quot;:&quot;1309795154&quot;,&quot;copyright&quot;:&quot;&quot;,&quot;focal_length&quot;:&quot;55&quot;,&quot;iso&quot;:&quot;250&quot;,&quot;shutter_speed&quot;:&quot;0.01&quot;,&quot;title&quot;:&quot;&quot;,&quot;orientation&quot;:&quot;0&quot;}\" data-image-title=\"Foto_Rolf_und_JoachimKuehn\" data-image-description=\"\" data-image-caption=\"\" data-large-file=\"https:\/\/i0.wp.com\/www.jazzzeitung.de\/cms\/wp-content\/uploads\/2018\/02\/Foto_Rolf_und_JoachimKuehn.jpg?fit=840%2C560&amp;ssl=1\" class=\"aligncenter size-full wp-image-15031\" src=\"https:\/\/i0.wp.com\/www.jazzzeitung.de\/cms\/wp-content\/uploads\/2018\/02\/Foto_Rolf_und_JoachimKuehn.jpg?resize=840%2C560&#038;ssl=1\" alt=\"\" width=\"840\" height=\"560\" srcset=\"https:\/\/i0.wp.com\/www.jazzzeitung.de\/cms\/wp-content\/uploads\/2018\/02\/Foto_Rolf_und_JoachimKuehn.jpg?w=5213&amp;ssl=1 5213w, https:\/\/i0.wp.com\/www.jazzzeitung.de\/cms\/wp-content\/uploads\/2018\/02\/Foto_Rolf_und_JoachimKuehn.jpg?resize=300%2C200&amp;ssl=1 300w, https:\/\/i0.wp.com\/www.jazzzeitung.de\/cms\/wp-content\/uploads\/2018\/02\/Foto_Rolf_und_JoachimKuehn.jpg?resize=768%2C512&amp;ssl=1 768w, https:\/\/i0.wp.com\/www.jazzzeitung.de\/cms\/wp-content\/uploads\/2018\/02\/Foto_Rolf_und_JoachimKuehn.jpg?resize=900%2C600&amp;ssl=1 900w, https:\/\/i0.wp.com\/www.jazzzeitung.de\/cms\/wp-content\/uploads\/2018\/02\/Foto_Rolf_und_JoachimKuehn.jpg?resize=600%2C400&amp;ssl=1 600w, https:\/\/i0.wp.com\/www.jazzzeitung.de\/cms\/wp-content\/uploads\/2018\/02\/Foto_Rolf_und_JoachimKuehn.jpg?resize=120%2C80&amp;ssl=1 120w, https:\/\/i0.wp.com\/www.jazzzeitung.de\/cms\/wp-content\/uploads\/2018\/02\/Foto_Rolf_und_JoachimKuehn.jpg?w=1680&amp;ssl=1 1680w, https:\/\/i0.wp.com\/www.jazzzeitung.de\/cms\/wp-content\/uploads\/2018\/02\/Foto_Rolf_und_JoachimKuehn.jpg?w=2520&amp;ssl=1 2520w\" sizes=\"auto, (max-width: 840px) 100vw, 840px\" \/><\/a>Aus der Begr\u00fcndung der Jury:<\/p>\n<p>Auch wenn sich die Lebenswege der Br\u00fcder zeitweilig trennten, kam es doch immer wieder zu fruchtbaren Begegnungen zwischen Rolf K\u00fchn und seinem 15 Jahre j\u00fcngeren Bruder Joachim. In ihren au\u00dfergew\u00f6hnlichen Karrieren spiegelt sich die deutsche und internationale Jazzentwicklung in besonderem Ma\u00dfe wieder. Sowohl den Klarinettisten Rolf als auch den Pianisten Joachim K\u00fchn f\u00fchrte ihre Kunst hinaus aus den engen Grenzen der DDR und beide bezogen sich zeitlebens auf ihre musikalischen Wurzeln in der Bachstadt Leipzig, wo sie ihre ersten musikalischen Gehversuche unternommen hatten. Auf ihren Instrumenten sind Rolf und Joachim K\u00fchn exzellente K\u00f6nner, deren Virtuosit\u00e4t aber nie zum Selbstzweck wird, sondern sich immer einer \u00fcberzeugenden musikalischen Aussage unterordnet. Es ist kein Zufall, dass beide Instrumentalisten auch als Komponisten mit jeweils ganz eigenem Gehalt hervorgetreten sind.<\/p>\n","protected":false},"excerpt":{"rendered":"<p>Zum Festivalauftakt des Stuttgarter Festivals jazzopen wird am 12. Juli die German Jazz Trophy an die Br\u00fcder Rolf und Joachim K\u00fchn verliehen. Nach der Preisverleihung werden Rolf und Joachim K\u00fchn im Duo zu h\u00f6ren sein. Die Auszeichnung wird seit 2001 j\u00e4hrlich unter dem Motto \u201eA Life for Jazz\u201c von der Stiftung Kunst und Kultur der Sparda-Bank Baden-W\u00fcrttemberg, der neuen musikzeitung und JazzZeitung.de sowie der Kulturgesellschaft Musik+Wort e.V. verliehen und ist 2018 mit 20.000 Euro dotiert. Seit dem Jahre 2013 wird der Award im Rahmen der jazzopen stuttgart verliehen. Aus der Begr\u00fcndung der Jury: Auch wenn sich die Lebenswege der Br\u00fcder zeitweilig trennten, kam es doch immer wieder zu fruchtbaren Begegnungen zwischen Rolf K\u00fchn und seinem 15 Jahre j\u00fcngeren Bruder Joachim. In ihren au\u00dfergew\u00f6hnlichen Karrieren spiegelt sich die deutsche und internationale Jazzentwicklung in besonderem Ma\u00dfe wieder. Sowohl den Klarinettisten Rolf als auch den Pianisten Joachim K\u00fchn f\u00fchrte ihre Kunst hinaus aus den engen Grenzen der DDR und beide bezogen sich zeitlebens auf ihre musikalischen Wurzeln in der Bachstadt Leipzig, wo sie ihre ersten musikalischen Gehversuche unternommen hatten. Auf ihren Instrumenten sind Rolf und Joachim K\u00fchn exzellente &hellip;<\/p>\n","protected":false},"author":18,"featured_media":15031,"comment_status":"open","ping_status":"closed","sticky":false,"template":"","format":"standard","meta":{"_jetpack_memberships_contains_paid_content":false,"footnotes":"","jetpack_publicize_message":"","jetpack_publicize_feature_enabled":true,"jetpack_social_post_already_shared":false,"jetpack_social_options":{"image_generator_settings":{"template":"highway","default_image_id":0,"font":"","enabled":false},"version":2}},"categories":[633],"tags":[109,129,1406,682,940,1876,1859,294,753,327,349,1502,450,474,883,1860],"coauthors":[695],"class_list":["post-15025","post","type-post","status-publish","format-standard","has-post-thumbnail","hentry","category-nachrichten","tag-cd","tag-ddr","tag-duo","tag-festivals","tag-german-jazz-trophy","tag-jazz","tag-jazzopen","tag-jazzzeitung","tag-joachim-kuehn","tag-kultur","tag-leipzig","tag-preis","tag-preisverleihung","tag-rolf-kuehn","tag-sparda","tag-stuttgart"],"yoast_head":"<!-- This site is optimized with the Yoast SEO plugin v27.5 - https:\/\/yoast.com\/product\/yoast-seo-wordpress\/ -->\n<title>German Jazz Trophy 2018 an Rolf und Joachim K\u00fchn - JazzZeitung<\/title>\n<meta name=\"robots\" content=\"index, follow, max-snippet:-1, max-image-preview:large, max-video-preview:-1\" \/>\n<link rel=\"canonical\" href=\"https:\/\/www.jazzzeitung.de\/cms\/2018\/02\/german-jazz-trophy-am-rolf-und-joachim-kuehn\/\" \/>\n<meta property=\"og:locale\" content=\"de_DE\" \/>\n<meta property=\"og:type\" content=\"article\" \/>\n<meta property=\"og:title\" content=\"German Jazz Trophy 2018 an Rolf und Joachim K\u00fchn - JazzZeitung\" \/>\n<meta property=\"og:description\" content=\"Zum Festivalauftakt des Stuttgarter Festivals jazzopen wird am 12. Juli die German Jazz Trophy an die Br\u00fcder Rolf und Joachim K\u00fchn verliehen. Nach der Preisverleihung werden Rolf und Joachim K\u00fchn im Duo zu h\u00f6ren sein. Die Auszeichnung wird seit 2001 j\u00e4hrlich unter dem Motto \u201eA Life for Jazz\u201c von der Stiftung Kunst und Kultur der Sparda-Bank Baden-W\u00fcrttemberg, der neuen musikzeitung und JazzZeitung.de sowie der Kulturgesellschaft Musik+Wort e.V. verliehen und ist 2018 mit 20.000 Euro dotiert. Seit dem Jahre 2013 wird der Award im Rahmen der jazzopen stuttgart verliehen. Aus der Begr\u00fcndung der Jury: Auch wenn sich die Lebenswege der Br\u00fcder zeitweilig trennten, kam es doch immer wieder zu fruchtbaren Begegnungen zwischen Rolf K\u00fchn und seinem 15 Jahre j\u00fcngeren Bruder Joachim. In ihren au\u00dfergew\u00f6hnlichen Karrieren spiegelt sich die deutsche und internationale Jazzentwicklung in besonderem Ma\u00dfe wieder. Sowohl den Klarinettisten Rolf als auch den Pianisten Joachim K\u00fchn f\u00fchrte ihre Kunst hinaus aus den engen Grenzen der DDR und beide bezogen sich zeitlebens auf ihre musikalischen Wurzeln in der Bachstadt Leipzig, wo sie ihre ersten musikalischen Gehversuche unternommen hatten. Auf ihren Instrumenten sind Rolf und Joachim K\u00fchn exzellente &hellip;\" \/>\n<meta property=\"og:url\" content=\"https:\/\/www.jazzzeitung.de\/cms\/2018\/02\/german-jazz-trophy-am-rolf-und-joachim-kuehn\/\" \/>\n<meta property=\"og:site_name\" content=\"JazzZeitung\" \/>\n<meta property=\"article:publisher\" content=\"https:\/\/www.facebook.com\/JazzZeitung\/\" \/>\n<meta property=\"article:published_time\" content=\"2018-02-09T09:58:28+00:00\" \/>\n<meta property=\"article:modified_time\" content=\"2018-02-20T12:18:16+00:00\" \/>\n<meta property=\"og:image\" content=\"https:\/\/i0.wp.com\/www.jazzzeitung.de\/cms\/wp-content\/uploads\/2018\/02\/Foto_Rolf_und_JoachimKuehn.jpg?fit=5213%2C3475&ssl=1\" \/>\n\t<meta property=\"og:image:width\" content=\"5213\" \/>\n\t<meta property=\"og:image:height\" content=\"3475\" \/>\n\t<meta property=\"og:image:type\" content=\"image\/jpeg\" \/>\n<meta name=\"author\" content=\"Redaktion JazzZeitung\" \/>\n<script type=\"application\/ld+json\" class=\"yoast-schema-graph\">{\"@context\":\"https:\\\/\\\/schema.org\",\"@graph\":[{\"@type\":\"Article\",\"@id\":\"https:\\\/\\\/www.jazzzeitung.de\\\/cms\\\/2018\\\/02\\\/german-jazz-trophy-am-rolf-und-joachim-kuehn\\\/#article\",\"isPartOf\":{\"@id\":\"https:\\\/\\\/www.jazzzeitung.de\\\/cms\\\/2018\\\/02\\\/german-jazz-trophy-am-rolf-und-joachim-kuehn\\\/\"},\"author\":{\"name\":\"Redaktion JazzZeitung\",\"@id\":\"https:\\\/\\\/www.jazzzeitung.de\\\/cms\\\/#\\\/schema\\\/person\\\/2245b36b9cd1d24cea10f01c031fb92b\"},\"headline\":\"German Jazz Trophy 2018 an Rolf und Joachim K\u00fchn\",\"datePublished\":\"2018-02-09T09:58:28+00:00\",\"dateModified\":\"2018-02-20T12:18:16+00:00\",\"mainEntityOfPage\":{\"@id\":\"https:\\\/\\\/www.jazzzeitung.de\\\/cms\\\/2018\\\/02\\\/german-jazz-trophy-am-rolf-und-joachim-kuehn\\\/\"},\"wordCount\":242,\"commentCount\":0,\"publisher\":{\"@id\":\"https:\\\/\\\/www.jazzzeitung.de\\\/cms\\\/#organization\"},\"image\":{\"@id\":\"https:\\\/\\\/www.jazzzeitung.de\\\/cms\\\/2018\\\/02\\\/german-jazz-trophy-am-rolf-und-joachim-kuehn\\\/#primaryimage\"},\"thumbnailUrl\":\"https:\\\/\\\/i0.wp.com\\\/www.jazzzeitung.de\\\/cms\\\/wp-content\\\/uploads\\\/2018\\\/02\\\/Foto_Rolf_und_JoachimKuehn.jpg?fit=5213%2C3475&ssl=1\",\"keywords\":[\"CD\",\"ddr\",\"duo\",\"Festivals\",\"German Jazz Trophy\",\"Jazz\",\"Jazzopen\",\"Jazzzeitung\",\"Joachim K\u00fchn\",\"Kultur\",\"Leipzig\",\"Preis\",\"Preisverleihung\",\"Rolf K\u00fchn\",\"Sparda\",\"Stuttgart\"],\"articleSection\":[\"News\"],\"inLanguage\":\"de\",\"potentialAction\":[{\"@type\":\"CommentAction\",\"name\":\"Comment\",\"target\":[\"https:\\\/\\\/www.jazzzeitung.de\\\/cms\\\/2018\\\/02\\\/german-jazz-trophy-am-rolf-und-joachim-kuehn\\\/#respond\"]}]},{\"@type\":\"WebPage\",\"@id\":\"https:\\\/\\\/www.jazzzeitung.de\\\/cms\\\/2018\\\/02\\\/german-jazz-trophy-am-rolf-und-joachim-kuehn\\\/\",\"url\":\"https:\\\/\\\/www.jazzzeitung.de\\\/cms\\\/2018\\\/02\\\/german-jazz-trophy-am-rolf-und-joachim-kuehn\\\/\",\"name\":\"German Jazz Trophy 2018 an Rolf und Joachim K\u00fchn - JazzZeitung\",\"isPartOf\":{\"@id\":\"https:\\\/\\\/www.jazzzeitung.de\\\/cms\\\/#website\"},\"primaryImageOfPage\":{\"@id\":\"https:\\\/\\\/www.jazzzeitung.de\\\/cms\\\/2018\\\/02\\\/german-jazz-trophy-am-rolf-und-joachim-kuehn\\\/#primaryimage\"},\"image\":{\"@id\":\"https:\\\/\\\/www.jazzzeitung.de\\\/cms\\\/2018\\\/02\\\/german-jazz-trophy-am-rolf-und-joachim-kuehn\\\/#primaryimage\"},\"thumbnailUrl\":\"https:\\\/\\\/i0.wp.com\\\/www.jazzzeitung.de\\\/cms\\\/wp-content\\\/uploads\\\/2018\\\/02\\\/Foto_Rolf_und_JoachimKuehn.jpg?fit=5213%2C3475&ssl=1\",\"datePublished\":\"2018-02-09T09:58:28+00:00\",\"dateModified\":\"2018-02-20T12:18:16+00:00\",\"breadcrumb\":{\"@id\":\"https:\\\/\\\/www.jazzzeitung.de\\\/cms\\\/2018\\\/02\\\/german-jazz-trophy-am-rolf-und-joachim-kuehn\\\/#breadcrumb\"},\"inLanguage\":\"de\",\"potentialAction\":[{\"@type\":\"ReadAction\",\"target\":[\"https:\\\/\\\/www.jazzzeitung.de\\\/cms\\\/2018\\\/02\\\/german-jazz-trophy-am-rolf-und-joachim-kuehn\\\/\"]}]},{\"@type\":\"ImageObject\",\"inLanguage\":\"de\",\"@id\":\"https:\\\/\\\/www.jazzzeitung.de\\\/cms\\\/2018\\\/02\\\/german-jazz-trophy-am-rolf-und-joachim-kuehn\\\/#primaryimage\",\"url\":\"https:\\\/\\\/i0.wp.com\\\/www.jazzzeitung.de\\\/cms\\\/wp-content\\\/uploads\\\/2018\\\/02\\\/Foto_Rolf_und_JoachimKuehn.jpg?fit=5213%2C3475&ssl=1\",\"contentUrl\":\"https:\\\/\\\/i0.wp.com\\\/www.jazzzeitung.de\\\/cms\\\/wp-content\\\/uploads\\\/2018\\\/02\\\/Foto_Rolf_und_JoachimKuehn.jpg?fit=5213%2C3475&ssl=1\",\"width\":5213,\"height\":3475},{\"@type\":\"BreadcrumbList\",\"@id\":\"https:\\\/\\\/www.jazzzeitung.de\\\/cms\\\/2018\\\/02\\\/german-jazz-trophy-am-rolf-und-joachim-kuehn\\\/#breadcrumb\",\"itemListElement\":[{\"@type\":\"ListItem\",\"position\":1,\"name\":\"Startseite\",\"item\":\"https:\\\/\\\/www.jazzzeitung.de\\\/cms\\\/\"},{\"@type\":\"ListItem\",\"position\":2,\"name\":\"German Jazz Trophy 2018 an Rolf und Joachim K\u00fchn\"}]},{\"@type\":\"WebSite\",\"@id\":\"https:\\\/\\\/www.jazzzeitung.de\\\/cms\\\/#website\",\"url\":\"https:\\\/\\\/www.jazzzeitung.de\\\/cms\\\/\",\"name\":\"JazzZeitung\",\"description\":\"Jazz-News und Jazz-Kontroverses\",\"publisher\":{\"@id\":\"https:\\\/\\\/www.jazzzeitung.de\\\/cms\\\/#organization\"},\"potentialAction\":[{\"@type\":\"SearchAction\",\"target\":{\"@type\":\"EntryPoint\",\"urlTemplate\":\"https:\\\/\\\/www.jazzzeitung.de\\\/cms\\\/?s={search_term_string}\"},\"query-input\":{\"@type\":\"PropertyValueSpecification\",\"valueRequired\":true,\"valueName\":\"search_term_string\"}}],\"inLanguage\":\"de\"},{\"@type\":\"Organization\",\"@id\":\"https:\\\/\\\/www.jazzzeitung.de\\\/cms\\\/#organization\",\"name\":\"JazzZeitung online\",\"url\":\"https:\\\/\\\/www.jazzzeitung.de\\\/cms\\\/\",\"logo\":{\"@type\":\"ImageObject\",\"inLanguage\":\"de\",\"@id\":\"https:\\\/\\\/www.jazzzeitung.de\\\/cms\\\/#\\\/schema\\\/logo\\\/image\\\/\",\"url\":\"https:\\\/\\\/i0.wp.com\\\/www.jazzzeitung.de\\\/cms\\\/wp-content\\\/uploads\\\/2015\\\/08\\\/JAZZZEITUNGDE_Logo_Neu.png?fit=499%2C200&ssl=1\",\"contentUrl\":\"https:\\\/\\\/i0.wp.com\\\/www.jazzzeitung.de\\\/cms\\\/wp-content\\\/uploads\\\/2015\\\/08\\\/JAZZZEITUNGDE_Logo_Neu.png?fit=499%2C200&ssl=1\",\"width\":499,\"height\":200,\"caption\":\"JazzZeitung online\"},\"image\":{\"@id\":\"https:\\\/\\\/www.jazzzeitung.de\\\/cms\\\/#\\\/schema\\\/logo\\\/image\\\/\"},\"sameAs\":[\"https:\\\/\\\/www.facebook.com\\\/JazzZeitung\\\/\"]},{\"@type\":\"Person\",\"@id\":\"https:\\\/\\\/www.jazzzeitung.de\\\/cms\\\/#\\\/schema\\\/person\\\/2245b36b9cd1d24cea10f01c031fb92b\",\"name\":\"Redaktion JazzZeitung\",\"image\":{\"@type\":\"ImageObject\",\"inLanguage\":\"de\",\"@id\":\"https:\\\/\\\/i0.wp.com\\\/www.jazzzeitung.de\\\/cms\\\/wp-content\\\/uploads\\\/2015\\\/08\\\/JAZZZEITUNGDE_Logo_Neu.png?resize=96%2C96&ssl=159975dcacb611b5700bd619b5daf0a7a\",\"url\":\"https:\\\/\\\/i0.wp.com\\\/www.jazzzeitung.de\\\/cms\\\/wp-content\\\/uploads\\\/2015\\\/08\\\/JAZZZEITUNGDE_Logo_Neu.png?resize=96%2C96&ssl=1\",\"contentUrl\":\"https:\\\/\\\/i0.wp.com\\\/www.jazzzeitung.de\\\/cms\\\/wp-content\\\/uploads\\\/2015\\\/08\\\/JAZZZEITUNGDE_Logo_Neu.png?resize=96%2C96&ssl=1\",\"caption\":\"Redaktion JazzZeitung\"},\"description\":\"Artikel der Redaktion der JazzZeitung.\",\"sameAs\":[\"http:\\\/\\\/www.jazzzeitung.de\\\/cms\\\/\"],\"url\":\"https:\\\/\\\/www.jazzzeitung.de\\\/cms\\\/author\\\/redaktion\\\/\"}]}<\/script>\n<!-- \/ Yoast SEO plugin. -->","yoast_head_json":{"title":"German Jazz Trophy 2018 an Rolf und Joachim K\u00fchn - JazzZeitung","robots":{"index":"index","follow":"follow","max-snippet":"max-snippet:-1","max-image-preview":"max-image-preview:large","max-video-preview":"max-video-preview:-1"},"canonical":"https:\/\/www.jazzzeitung.de\/cms\/2018\/02\/german-jazz-trophy-am-rolf-und-joachim-kuehn\/","og_locale":"de_DE","og_type":"article","og_title":"German Jazz Trophy 2018 an Rolf und Joachim K\u00fchn - JazzZeitung","og_description":"Zum Festivalauftakt des Stuttgarter Festivals jazzopen wird am 12. Juli die German Jazz Trophy an die Br\u00fcder Rolf und Joachim K\u00fchn verliehen. Nach der Preisverleihung werden Rolf und Joachim K\u00fchn im Duo zu h\u00f6ren sein. Die Auszeichnung wird seit 2001 j\u00e4hrlich unter dem Motto \u201eA Life for Jazz\u201c von der Stiftung Kunst und Kultur der Sparda-Bank Baden-W\u00fcrttemberg, der neuen musikzeitung und JazzZeitung.de sowie der Kulturgesellschaft Musik+Wort e.V. verliehen und ist 2018 mit 20.000 Euro dotiert. Seit dem Jahre 2013 wird der Award im Rahmen der jazzopen stuttgart verliehen. Aus der Begr\u00fcndung der Jury: Auch wenn sich die Lebenswege der Br\u00fcder zeitweilig trennten, kam es doch immer wieder zu fruchtbaren Begegnungen zwischen Rolf K\u00fchn und seinem 15 Jahre j\u00fcngeren Bruder Joachim. In ihren au\u00dfergew\u00f6hnlichen Karrieren spiegelt sich die deutsche und internationale Jazzentwicklung in besonderem Ma\u00dfe wieder. Sowohl den Klarinettisten Rolf als auch den Pianisten Joachim K\u00fchn f\u00fchrte ihre Kunst hinaus aus den engen Grenzen der DDR und beide bezogen sich zeitlebens auf ihre musikalischen Wurzeln in der Bachstadt Leipzig, wo sie ihre ersten musikalischen Gehversuche unternommen hatten. Auf ihren Instrumenten sind Rolf und Joachim K\u00fchn exzellente &hellip;","og_url":"https:\/\/www.jazzzeitung.de\/cms\/2018\/02\/german-jazz-trophy-am-rolf-und-joachim-kuehn\/","og_site_name":"JazzZeitung","article_publisher":"https:\/\/www.facebook.com\/JazzZeitung\/","article_published_time":"2018-02-09T09:58:28+00:00","article_modified_time":"2018-02-20T12:18:16+00:00","og_image":[{"width":5213,"height":3475,"url":"https:\/\/i0.wp.com\/www.jazzzeitung.de\/cms\/wp-content\/uploads\/2018\/02\/Foto_Rolf_und_JoachimKuehn.jpg?fit=5213%2C3475&ssl=1","type":"image\/jpeg"}],"author":"Redaktion JazzZeitung","schema":{"@context":"https:\/\/schema.org","@graph":[{"@type":"Article","@id":"https:\/\/www.jazzzeitung.de\/cms\/2018\/02\/german-jazz-trophy-am-rolf-und-joachim-kuehn\/#article","isPartOf":{"@id":"https:\/\/www.jazzzeitung.de\/cms\/2018\/02\/german-jazz-trophy-am-rolf-und-joachim-kuehn\/"},"author":{"name":"Redaktion JazzZeitung","@id":"https:\/\/www.jazzzeitung.de\/cms\/#\/schema\/person\/2245b36b9cd1d24cea10f01c031fb92b"},"headline":"German Jazz Trophy 2018 an Rolf und Joachim K\u00fchn","datePublished":"2018-02-09T09:58:28+00:00","dateModified":"2018-02-20T12:18:16+00:00","mainEntityOfPage":{"@id":"https:\/\/www.jazzzeitung.de\/cms\/2018\/02\/german-jazz-trophy-am-rolf-und-joachim-kuehn\/"},"wordCount":242,"commentCount":0,"publisher":{"@id":"https:\/\/www.jazzzeitung.de\/cms\/#organization"},"image":{"@id":"https:\/\/www.jazzzeitung.de\/cms\/2018\/02\/german-jazz-trophy-am-rolf-und-joachim-kuehn\/#primaryimage"},"thumbnailUrl":"https:\/\/i0.wp.com\/www.jazzzeitung.de\/cms\/wp-content\/uploads\/2018\/02\/Foto_Rolf_und_JoachimKuehn.jpg?fit=5213%2C3475&ssl=1","keywords":["CD","ddr","duo","Festivals","German Jazz Trophy","Jazz","Jazzopen","Jazzzeitung","Joachim K\u00fchn","Kultur","Leipzig","Preis","Preisverleihung","Rolf K\u00fchn","Sparda","Stuttgart"],"articleSection":["News"],"inLanguage":"de","potentialAction":[{"@type":"CommentAction","name":"Comment","target":["https:\/\/www.jazzzeitung.de\/cms\/2018\/02\/german-jazz-trophy-am-rolf-und-joachim-kuehn\/#respond"]}]},{"@type":"WebPage","@id":"https:\/\/www.jazzzeitung.de\/cms\/2018\/02\/german-jazz-trophy-am-rolf-und-joachim-kuehn\/","url":"https:\/\/www.jazzzeitung.de\/cms\/2018\/02\/german-jazz-trophy-am-rolf-und-joachim-kuehn\/","name":"German Jazz Trophy 2018 an Rolf und Joachim K\u00fchn - JazzZeitung","isPartOf":{"@id":"https:\/\/www.jazzzeitung.de\/cms\/#website"},"primaryImageOfPage":{"@id":"https:\/\/www.jazzzeitung.de\/cms\/2018\/02\/german-jazz-trophy-am-rolf-und-joachim-kuehn\/#primaryimage"},"image":{"@id":"https:\/\/www.jazzzeitung.de\/cms\/2018\/02\/german-jazz-trophy-am-rolf-und-joachim-kuehn\/#primaryimage"},"thumbnailUrl":"https:\/\/i0.wp.com\/www.jazzzeitung.de\/cms\/wp-content\/uploads\/2018\/02\/Foto_Rolf_und_JoachimKuehn.jpg?fit=5213%2C3475&ssl=1","datePublished":"2018-02-09T09:58:28+00:00","dateModified":"2018-02-20T12:18:16+00:00","breadcrumb":{"@id":"https:\/\/www.jazzzeitung.de\/cms\/2018\/02\/german-jazz-trophy-am-rolf-und-joachim-kuehn\/#breadcrumb"},"inLanguage":"de","potentialAction":[{"@type":"ReadAction","target":["https:\/\/www.jazzzeitung.de\/cms\/2018\/02\/german-jazz-trophy-am-rolf-und-joachim-kuehn\/"]}]},{"@type":"ImageObject","inLanguage":"de","@id":"https:\/\/www.jazzzeitung.de\/cms\/2018\/02\/german-jazz-trophy-am-rolf-und-joachim-kuehn\/#primaryimage","url":"https:\/\/i0.wp.com\/www.jazzzeitung.de\/cms\/wp-content\/uploads\/2018\/02\/Foto_Rolf_und_JoachimKuehn.jpg?fit=5213%2C3475&ssl=1","contentUrl":"https:\/\/i0.wp.com\/www.jazzzeitung.de\/cms\/wp-content\/uploads\/2018\/02\/Foto_Rolf_und_JoachimKuehn.jpg?fit=5213%2C3475&ssl=1","width":5213,"height":3475},{"@type":"BreadcrumbList","@id":"https:\/\/www.jazzzeitung.de\/cms\/2018\/02\/german-jazz-trophy-am-rolf-und-joachim-kuehn\/#breadcrumb","itemListElement":[{"@type":"ListItem","position":1,"name":"Startseite","item":"https:\/\/www.jazzzeitung.de\/cms\/"},{"@type":"ListItem","position":2,"name":"German Jazz Trophy 2018 an Rolf und Joachim K\u00fchn"}]},{"@type":"WebSite","@id":"https:\/\/www.jazzzeitung.de\/cms\/#website","url":"https:\/\/www.jazzzeitung.de\/cms\/","name":"JazzZeitung","description":"Jazz-News und Jazz-Kontroverses","publisher":{"@id":"https:\/\/www.jazzzeitung.de\/cms\/#organization"},"potentialAction":[{"@type":"SearchAction","target":{"@type":"EntryPoint","urlTemplate":"https:\/\/www.jazzzeitung.de\/cms\/?s={search_term_string}"},"query-input":{"@type":"PropertyValueSpecification","valueRequired":true,"valueName":"search_term_string"}}],"inLanguage":"de"},{"@type":"Organization","@id":"https:\/\/www.jazzzeitung.de\/cms\/#organization","name":"JazzZeitung online","url":"https:\/\/www.jazzzeitung.de\/cms\/","logo":{"@type":"ImageObject","inLanguage":"de","@id":"https:\/\/www.jazzzeitung.de\/cms\/#\/schema\/logo\/image\/","url":"https:\/\/i0.wp.com\/www.jazzzeitung.de\/cms\/wp-content\/uploads\/2015\/08\/JAZZZEITUNGDE_Logo_Neu.png?fit=499%2C200&ssl=1","contentUrl":"https:\/\/i0.wp.com\/www.jazzzeitung.de\/cms\/wp-content\/uploads\/2015\/08\/JAZZZEITUNGDE_Logo_Neu.png?fit=499%2C200&ssl=1","width":499,"height":200,"caption":"JazzZeitung online"},"image":{"@id":"https:\/\/www.jazzzeitung.de\/cms\/#\/schema\/logo\/image\/"},"sameAs":["https:\/\/www.facebook.com\/JazzZeitung\/"]},{"@type":"Person","@id":"https:\/\/www.jazzzeitung.de\/cms\/#\/schema\/person\/2245b36b9cd1d24cea10f01c031fb92b","name":"Redaktion JazzZeitung","image":{"@type":"ImageObject","inLanguage":"de","@id":"https:\/\/i0.wp.com\/www.jazzzeitung.de\/cms\/wp-content\/uploads\/2015\/08\/JAZZZEITUNGDE_Logo_Neu.png?resize=96%2C96&ssl=159975dcacb611b5700bd619b5daf0a7a","url":"https:\/\/i0.wp.com\/www.jazzzeitung.de\/cms\/wp-content\/uploads\/2015\/08\/JAZZZEITUNGDE_Logo_Neu.png?resize=96%2C96&ssl=1","contentUrl":"https:\/\/i0.wp.com\/www.jazzzeitung.de\/cms\/wp-content\/uploads\/2015\/08\/JAZZZEITUNGDE_Logo_Neu.png?resize=96%2C96&ssl=1","caption":"Redaktion JazzZeitung"},"description":"Artikel der Redaktion der JazzZeitung.","sameAs":["http:\/\/www.jazzzeitung.de\/cms\/"],"url":"https:\/\/www.jazzzeitung.de\/cms\/author\/redaktion\/"}]}},"wp-worthy-pixel":{"ignored":false,"public":null,"server":null,"url":null},"wp-worthy-type":"normal","jetpack_publicize_connections":[],"cc_featured_image_caption":{"caption_text":"","source_text":"","source_url":""},"jetpack_featured_media_url":"https:\/\/i0.wp.com\/www.jazzzeitung.de\/cms\/wp-content\/uploads\/2018\/02\/Foto_Rolf_und_JoachimKuehn.jpg?fit=5213%2C3475&ssl=1","jetpack_shortlink":"https:\/\/wp.me\/p3KEcT-3Ul","jetpack-related-posts":[{"id":16636,"url":"https:\/\/www.jazzzeitung.de\/cms\/2018\/07\/16636\/","url_meta":{"origin":15025,"position":0},"title":"Das Stuttgarter Festival jazzopen feiert sein 25-j\u00e4hriges Jubil\u00e4um","author":"Redaktion JazzZeitung","date":"11. Juli 2018","format":false,"excerpt":"Vom 12. bis 22. Juli 2018 feiern die \"jazzopen stuttgart\" ihr 25-j\u00e4hriges Jubil\u00e4um. An 11 Tagen und auf sechs B\u00fchnen pr\u00e4sentiert der Veranstalter Opus unter dem Motto \u201ebe JAZZ be OPEN\u201c K\u00fcnstler internationaler Klasse \u2013 darunter Jamiroquai, Lenny Kravitz, Kraftwerk, Gregory Porter, Pat Metheny und viele mehr. Auftakt ist erneut\u2026","rel":"","context":"In &quot;News&quot;","block_context":{"text":"News","link":"https:\/\/www.jazzzeitung.de\/cms\/thema\/nachrichten\/"},"img":{"alt_text":"","src":"https:\/\/i0.wp.com\/www.jazzzeitung.de\/cms\/wp-content\/uploads\/2018\/07\/JO17_Altes-Schloss_Reiner-Pfisterer_.jpg?fit=1200%2C799&ssl=1&resize=350%2C200","width":350,"height":200,"srcset":"https:\/\/i0.wp.com\/www.jazzzeitung.de\/cms\/wp-content\/uploads\/2018\/07\/JO17_Altes-Schloss_Reiner-Pfisterer_.jpg?fit=1200%2C799&ssl=1&resize=350%2C200 1x, https:\/\/i0.wp.com\/www.jazzzeitung.de\/cms\/wp-content\/uploads\/2018\/07\/JO17_Altes-Schloss_Reiner-Pfisterer_.jpg?fit=1200%2C799&ssl=1&resize=525%2C300 1.5x, https:\/\/i0.wp.com\/www.jazzzeitung.de\/cms\/wp-content\/uploads\/2018\/07\/JO17_Altes-Schloss_Reiner-Pfisterer_.jpg?fit=1200%2C799&ssl=1&resize=700%2C400 2x, https:\/\/i0.wp.com\/www.jazzzeitung.de\/cms\/wp-content\/uploads\/2018\/07\/JO17_Altes-Schloss_Reiner-Pfisterer_.jpg?fit=1200%2C799&ssl=1&resize=1050%2C600 3x"},"classes":[]},{"id":5632,"url":"https:\/\/www.jazzzeitung.de\/cms\/2015\/03\/german-jazz-trophy-fuer-ralph-towner\/","url_meta":{"origin":15025,"position":1},"title":"German Jazz Trophy f\u00fcr Ralph Towner","author":"Redaktion JazzZeitung","date":"4. M\u00e4rz 2015","format":false,"excerpt":"Jazzgitarrist und \u201eOregon\u201c-Bandmitglied Ralph Towner erh\u00e4lt f\u00fcr sein musikalisches Lebenswerk die German Jazz Trophy. Der Preis ging 2001 erstmals an Erwin Lehn, Leiter der SDR-Bigband, und wir bis heute j\u00e4hrlich vergeben. Zum Auftakt der jazzopen stuttgart \u00fcbergibt J\u00fcrgen Walter, Staatssekret\u00e4r im baden-w\u00fcrttembergischem Ministerium f\u00fcr Wissenschaft, Forschung und Kunst, am Freitag,\u2026","rel":"","context":"In &quot;Bericht&quot;","block_context":{"text":"Bericht","link":"https:\/\/www.jazzzeitung.de\/cms\/thema\/bericht\/"},"img":{"alt_text":"Ralph Towner an der Gitarre. Foto: Paolo Soriani\/ECM Records","src":"https:\/\/i0.wp.com\/www.jazzzeitung.de\/cms\/wp-content\/uploads\/2015\/03\/Paolo-Soriani-ECM-Records-3-402x600.jpg?resize=350%2C200","width":350,"height":200},"classes":[]},{"id":8255,"url":"https:\/\/www.jazzzeitung.de\/cms\/2016\/02\/german-jazz-trophy-2016-geht-klaus-doldinger\/","url_meta":{"origin":15025,"position":2},"title":"German Jazz Trophy 2016 geht an Klaus Doldinger","author":"Redaktion JazzZeitung","date":"1. Februar 2016","format":false,"excerpt":"Der Saxophonist und Komponist Klaus Doldinger (12. Mai 1936 in Berlin) wird mit der German Jazz Trophy ausgezeichnet. Dies wurde heute auf der Pressekonferenz zurm Festival jazzopen in Stuttgart bekanntgegeben. Der Preis ist mit 15.000 Euro sowie mit einer Statue des Stuttgarter Bildhauers Otto Herbert Hajek dotiert und wird von\u2026","rel":"","context":"In &quot;Redaktionelle Nachrichten&quot;","block_context":{"text":"Redaktionelle Nachrichten","link":"https:\/\/www.jazzzeitung.de\/cms\/thema\/redaktion\/"},"img":{"alt_text":"Der Preistr\u00e4ger Klaus Doldinger. Foto: Warner music group","src":"https:\/\/i0.wp.com\/www.jazzzeitung.de\/cms\/wp-content\/uploads\/2016\/02\/DoldingerWarner-music-groupX_2939-e1454316881588-150x150.jpeg?resize=350%2C200","width":350,"height":200},"classes":[]},{"id":15226,"url":"https:\/\/www.jazzzeitung.de\/cms\/2018\/03\/cd-rezension-joachim-kuehn-new-trio-love-peace\/","url_meta":{"origin":15025,"position":3},"title":"CD-Rezension: Joachim K\u00fchn New Trio \u2013 Love &#038; Peace","author":"Michael Scheiner","date":"8. M\u00e4rz 2018","format":false,"excerpt":"\u201eLove & Peace\u201c, das liest sich wie Hippietum und Happening oder steht f\u00fcr esoterische Erleuchtungsrituale. Zutaten also, die bei vielen Menschen \u00a0Abwehr- oder gar Fluchtreaktionen auszul\u00f6sen imstande sind. \u201eLove & Peace\u201c steht aber auch f\u00fcr das Festival auf Fehmarn, bei dem Jimi Hendrix seinen letzten Festivalauftritt hatte, und ist \u2013\u2026","rel":"","context":"In &quot;News&quot;","block_context":{"text":"News","link":"https:\/\/www.jazzzeitung.de\/cms\/thema\/nachrichten\/"},"img":{"alt_text":"","src":"https:\/\/i0.wp.com\/www.jazzzeitung.de\/cms\/wp-content\/uploads\/2018\/03\/Cover_Ku%C2%A8hnNewTrio_ACT9861-2-1.jpg?fit=1200%2C771&ssl=1&resize=350%2C200","width":350,"height":200,"srcset":"https:\/\/i0.wp.com\/www.jazzzeitung.de\/cms\/wp-content\/uploads\/2018\/03\/Cover_Ku%C2%A8hnNewTrio_ACT9861-2-1.jpg?fit=1200%2C771&ssl=1&resize=350%2C200 1x, https:\/\/i0.wp.com\/www.jazzzeitung.de\/cms\/wp-content\/uploads\/2018\/03\/Cover_Ku%C2%A8hnNewTrio_ACT9861-2-1.jpg?fit=1200%2C771&ssl=1&resize=525%2C300 1.5x, https:\/\/i0.wp.com\/www.jazzzeitung.de\/cms\/wp-content\/uploads\/2018\/03\/Cover_Ku%C2%A8hnNewTrio_ACT9861-2-1.jpg?fit=1200%2C771&ssl=1&resize=700%2C400 2x, https:\/\/i0.wp.com\/www.jazzzeitung.de\/cms\/wp-content\/uploads\/2018\/03\/Cover_Ku%C2%A8hnNewTrio_ACT9861-2-1.jpg?fit=1200%2C771&ssl=1&resize=1050%2C600 3x"},"classes":[]},{"id":18653,"url":"https:\/\/www.jazzzeitung.de\/cms\/2019\/02\/festival-jazzopen-stuttgart-eroeffnet-mit-verleihung-der-german-jazz-trophy-2019-an-dee-dee-bridgewater\/","url_meta":{"origin":15025,"position":4},"title":"Festival jazzopen Stuttgart er\u00f6ffnet mit Verleihung der German Jazz Trophy 2019 an Dee Dee Bridgewater","author":"Redaktion JazzZeitung","date":"14. Februar 2019","format":false,"excerpt":"Stuttgart. \u00dcber 50 Acts in elf Tagen auf f\u00fcnf B\u00fchnen. Nach der 25-j\u00e4hrigen Jubil\u00e4umsfeier im Juli letzten Jahres pr\u00e4sentieren die jazzopen Stuttgart vom 4. bis 14. Juli 2019 erneut ein vielf\u00e4ltiges Programm, in dem Jazz trotz allem Popstarrummel noch immer die DNA darstellt. Der Veranstalter Opus rechnet Pop-timistisch mit einem\u2026","rel":"","context":"In &quot;Bericht&quot;","block_context":{"text":"Bericht","link":"https:\/\/www.jazzzeitung.de\/cms\/thema\/bericht\/"},"img":{"alt_text":"","src":"https:\/\/i0.wp.com\/www.jazzzeitung.de\/cms\/wp-content\/uploads\/2019\/02\/Dee-Dee-Bridgewater-1Mark-Higashino-e1550152051836.jpg?fit=587%2C412&ssl=1&resize=350%2C200","width":350,"height":200,"srcset":"https:\/\/i0.wp.com\/www.jazzzeitung.de\/cms\/wp-content\/uploads\/2019\/02\/Dee-Dee-Bridgewater-1Mark-Higashino-e1550152051836.jpg?fit=587%2C412&ssl=1&resize=350%2C200 1x, https:\/\/i0.wp.com\/www.jazzzeitung.de\/cms\/wp-content\/uploads\/2019\/02\/Dee-Dee-Bridgewater-1Mark-Higashino-e1550152051836.jpg?fit=587%2C412&ssl=1&resize=525%2C300 1.5x"},"classes":[]},{"id":19998,"url":"https:\/\/www.jazzzeitung.de\/cms\/2019\/07\/dee-dee-bridgewater-erhaelt-german-jazz-trophy-und-eroeffnet-das-stuttgarter-festival-jazzopen\/","url_meta":{"origin":15025,"position":5},"title":"Dee Dee Bridgewater erh\u00e4lt German Jazz Trophy und er\u00f6ffnet das Stuttgarter Festival jazzopen","author":"Redaktion JazzZeitung","date":"6. Juli 2019","format":false,"excerpt":"Am Donnerstag, den 4. Juli 2019, \u00fcberreichte Martin Hettich, Vorstandsvorsitzender der Sparda Bank Baden-W\u00fcrttemberg, f\u00fcr die Stiftung seiner Bank die German Jazz Trophy 2019 an die amerikanische K\u00fcnstlerin DeeDee Bridgewater. Die Auszeichnung - eine Statuette des Bildhauers Otto Hajek\u00a0 sowie 20.000 Euro Preisgeld - erhielt die K\u00fcnstlerin f\u00fcr ihr Gesamtwerk\u2026","rel":"","context":"In &quot;News&quot;","block_context":{"text":"News","link":"https:\/\/www.jazzzeitung.de\/cms\/thema\/nachrichten\/"},"img":{"alt_text":"","src":"https:\/\/i0.wp.com\/www.jazzzeitung.de\/cms\/wp-content\/uploads\/2019\/07\/BridgewaterDeeDee-GJT-JO19i-Kumpf-1.jpg?fit=1200%2C848&ssl=1&resize=350%2C200","width":350,"height":200,"srcset":"https:\/\/i0.wp.com\/www.jazzzeitung.de\/cms\/wp-content\/uploads\/2019\/07\/BridgewaterDeeDee-GJT-JO19i-Kumpf-1.jpg?fit=1200%2C848&ssl=1&resize=350%2C200 1x, https:\/\/i0.wp.com\/www.jazzzeitung.de\/cms\/wp-content\/uploads\/2019\/07\/BridgewaterDeeDee-GJT-JO19i-Kumpf-1.jpg?fit=1200%2C848&ssl=1&resize=525%2C300 1.5x, https:\/\/i0.wp.com\/www.jazzzeitung.de\/cms\/wp-content\/uploads\/2019\/07\/BridgewaterDeeDee-GJT-JO19i-Kumpf-1.jpg?fit=1200%2C848&ssl=1&resize=700%2C400 2x, https:\/\/i0.wp.com\/www.jazzzeitung.de\/cms\/wp-content\/uploads\/2019\/07\/BridgewaterDeeDee-GJT-JO19i-Kumpf-1.jpg?fit=1200%2C848&ssl=1&resize=1050%2C600 3x"},"classes":[]}],"jetpack_sharing_enabled":true,"_links":{"self":[{"href":"https:\/\/www.jazzzeitung.de\/cms\/wp-json\/wp\/v2\/posts\/15025","targetHints":{"allow":["GET"]}}],"collection":[{"href":"https:\/\/www.jazzzeitung.de\/cms\/wp-json\/wp\/v2\/posts"}],"about":[{"href":"https:\/\/www.jazzzeitung.de\/cms\/wp-json\/wp\/v2\/types\/post"}],"author":[{"embeddable":true,"href":"https:\/\/www.jazzzeitung.de\/cms\/wp-json\/wp\/v2\/users\/18"}],"replies":[{"embeddable":true,"href":"https:\/\/www.jazzzeitung.de\/cms\/wp-json\/wp\/v2\/comments?post=15025"}],"version-history":[{"count":10,"href":"https:\/\/www.jazzzeitung.de\/cms\/wp-json\/wp\/v2\/posts\/15025\/revisions"}],"predecessor-version":[{"id":15131,"href":"https:\/\/www.jazzzeitung.de\/cms\/wp-json\/wp\/v2\/posts\/15025\/revisions\/15131"}],"wp:featuredmedia":[{"embeddable":true,"href":"https:\/\/www.jazzzeitung.de\/cms\/wp-json\/wp\/v2\/media\/15031"}],"wp:attachment":[{"href":"https:\/\/www.jazzzeitung.de\/cms\/wp-json\/wp\/v2\/media?parent=15025"}],"wp:term":[{"taxonomy":"category","embeddable":true,"href":"https:\/\/www.jazzzeitung.de\/cms\/wp-json\/wp\/v2\/categories?post=15025"},{"taxonomy":"post_tag","embeddable":true,"href":"https:\/\/www.jazzzeitung.de\/cms\/wp-json\/wp\/v2\/tags?post=15025"},{"taxonomy":"author","embeddable":true,"href":"https:\/\/www.jazzzeitung.de\/cms\/wp-json\/wp\/v2\/coauthors?post=15025"}],"curies":[{"name":"wp","href":"https:\/\/api.w.org\/{rel}","templated":true}]}}