{"id":15008,"date":"2018-02-08T16:35:58","date_gmt":"2018-02-08T15:35:58","guid":{"rendered":"https:\/\/www.jazzzeitung.de\/cms\/?p=15008"},"modified":"2018-02-12T10:48:38","modified_gmt":"2018-02-12T09:48:38","slug":"news-23-festival-leipjazzig13-festival-women-in-jazz-in-halle","status":"publish","type":"post","link":"https:\/\/www.jazzzeitung.de\/cms\/2018\/02\/news-23-festival-leipjazzig13-festival-women-in-jazz-in-halle\/","title":{"rendered":"+++News+++ 23. Festival LeipJAZZig+++13. Festival WOMEN IN JAZZ in Halle+++"},"content":{"rendered":"<h4><strong>+++23. Festival LeipJAZZig+++<\/strong><\/h4>\n<p>Vom 21. bis zum 24. M\u00e4rz findet das\u00a023. Festival LeipJAZZig statt. Veranstaltungsort f\u00fcr das Konzert am 21.03. ist das UT Connewitz (Wolfgang-Heinze-Str. 12 a). Vom 22.-24.03.\u00a0geht es im\u00a0Schille-Theater in der Otto-Schill-Stra\u00dfe 7 (Hinterhaus) weiter. Die Konzerte beginnen um 20 Uhr.<\/p>\n<p>Hier das Festival-Programm im \u00dcberblick:<\/p>\n<ul>\n<li>21.03. (UT Connewitz): 20 Uhr:\u00a0 Jubil\u00e4umskonzert 20 Jahre LeipJAZZig-Orkester, Leitung: Stephan K\u00f6nig; als G\u00e4ste: Leipziger Cantorey<\/li>\n<li>22.03. (Schille-Theater): 20 Uhr: FourSteps; 21 Uhr: Werkstatt f\u00fcr Freiheit 2018<\/li>\n<li>23.03. (Schille-Theater): 20 Uhr: Florian K\u00e4stner&amp;MichaelJ\u00e4ger; 21 Uhr: Saxophon Summit<\/li>\n<li>24.03. (Schille-Theater): 20 Uhr: TapJack; 21 Uhr: Trio.Diktion<\/li>\n<\/ul>\n<p><a href=\"http:\/\/www.leipjazzig.de\">www.leipjazzig.de<\/a>.<\/p>\n<p><strong>+++13. Festival WOMEN IN JAZZ \u2013 Jetzt bewerben zum Vokal-Workshop: JAZZ BASICS+++<\/strong><\/p>\n<p>Am 21. April 2018 startet die 13. Auflage des Festivals WOMEN IN JAZZ in Halle. Im Mittelpunkt steht das Festivalprojekt Bienvenue! Jazz de France. Vier Konzerte mit sechs unterschiedlichen Jazzprojekten, die von K\u00fcnstlerinnen geleitet werden geben einen \u00dcberblick zur franz\u00f6sischen Jazzszene. Erg\u00e4nzt wird das Programm von Konzerten mit Jazzmusikerinnen aus den USA, der Schweiz, Australien, Kuba und Deutschland.<\/p>\n<p>Die WOMEN IN JAZZ gGmbH veranstaltet in Kooperation mit der Musikschule Allegro (Halle) auch in diesem Jahr einen Vokalworkshop. Geleitet wird der Workshop von der Jazzs\u00e4ngerin Pascal von Wroblewsky. Sie gilt als eine der besten Jazzs\u00e4ngerinnen Europas. Bereits mit 15 Jahren stand sie als Folk- und Bluess\u00e4ngerin auf der B\u00fchne. Sp\u00e4ter kam Pascal von Wroblewsky zum Jazz, studierte an der Hochschule f\u00fcr Musik \u201eHanns Eisler&#8220; in Berlin und war unter anderem als Mitglied der der Jazzrockband Bajazzo Teil einer der wichtigsten Jazzformationen der DDR. Sie ver\u00f6ffentlichte mehrere Jazzsoloalben und eine Klassik-CD und bekam f\u00fcr <em>Swinging Pool<\/em> die Goldene Amiga. Als S\u00e4ngerin stand sie unter anderem mit Joe Pass, Dizzy Gillespie und Femi Kulti auf der B\u00fchne. Pascal von Wroblewsky machte Tourneen durch Kuba, China, Nigeria, Senegal, Kamerun, Frankreich, Niederlande, Russland, die Slowakei, Ghana, Wei\u00dfrussland, Polen und Ungarn. Seit 2011 unterrichtet von Wroblewsky an der Hochschule f\u00fcr Theater und Musik \u201eFelix Mendelssohn-Bartholdy&#8220; in Leipzig und ist die Stimmbildnerin am Deutschen Theater Berlin.<\/p>\n<p>Die Termine f\u00fcr den Workshop sind der 25. und 26.04.2018 \/\/15-19 Uhr. Er findet in den R\u00e4umen der Goldenen Rose in Halle statt. Das Workshop-Angebot richtet sich an S\u00e4ngerinnen und S\u00e4nger im Alter von 16-50 Jahren mit Interesse f\u00fcr Jazz, die musikalisch aktiv sind und eine musikalische Vorbildung besitzen. Der Workshop wird einen Zyklus von 4 Unterrichtsphasen von jeweils 90 Minuten umfassen und vermittelt wichtige Basics f\u00fcr Jazz- und Popgesang. Die Zahl der TeilnehmerInnen ist auf zehn limitiert. Die Teilnahmegeb\u00fchr betr\u00e4gt 75 \u20ac.\u00a0 Die Bewerbungsphase beginnt am 01.02. und endet am 28.02.2018. Die Bewerbungen werden vom Veranstalter \u2013 Festival WOMEN IN JAZZ \u2013 und der Musikschule Allegro bewertet und geeignete Bewerber ausgew\u00e4hlt. Die Bewerbung f\u00fcr eine Teilnahme am Workshop ist an das Festival Women in Jazz per Post oder per Mail zu \u00fcbersenden.<\/p>\n<p><a href=\"http:\/\/www.womeninjazz.de\">www.womeninjazz.de<\/a><\/p>\n","protected":false},"excerpt":{"rendered":"<p>+++23. Festival LeipJAZZig+++ Vom 21. bis zum 24. M\u00e4rz findet das\u00a023. Festival LeipJAZZig statt. Veranstaltungsort f\u00fcr das Konzert am 21.03. ist das UT Connewitz (Wolfgang-Heinze-Str. 12 a). Vom 22.-24.03.\u00a0geht es im\u00a0Schille-Theater in der Otto-Schill-Stra\u00dfe 7 (Hinterhaus) weiter. Die Konzerte beginnen um 20 Uhr. Hier das Festival-Programm im \u00dcberblick: 21.03. (UT Connewitz): 20 Uhr:\u00a0 Jubil\u00e4umskonzert 20 Jahre LeipJAZZig-Orkester, Leitung: Stephan K\u00f6nig; als G\u00e4ste: Leipziger Cantorey 22.03. (Schille-Theater): 20 Uhr: FourSteps; 21 Uhr: Werkstatt f\u00fcr Freiheit 2018 23.03. (Schille-Theater): 20 Uhr: Florian K\u00e4stner&amp;MichaelJ\u00e4ger; 21 Uhr: Saxophon Summit 24.03. (Schille-Theater): 20 Uhr: TapJack; 21 Uhr: Trio.Diktion www.leipjazzig.de. +++13. Festival WOMEN IN JAZZ \u2013 Jetzt bewerben zum Vokal-Workshop: JAZZ BASICS+++ Am 21. April 2018 startet die 13. Auflage des Festivals WOMEN IN JAZZ in Halle. Im Mittelpunkt steht das Festivalprojekt Bienvenue! Jazz de France. Vier Konzerte mit sechs unterschiedlichen Jazzprojekten, die von K\u00fcnstlerinnen geleitet werden geben einen \u00dcberblick zur franz\u00f6sischen Jazzszene. Erg\u00e4nzt wird das Programm von Konzerten mit Jazzmusikerinnen aus den USA, der Schweiz, Australien, Kuba und Deutschland. Die WOMEN IN JAZZ gGmbH veranstaltet in Kooperation mit der Musikschule Allegro (Halle) auch in diesem Jahr einen Vokalworkshop. Geleitet wird &hellip;<\/p>\n","protected":false},"author":18,"featured_media":15013,"comment_status":"open","ping_status":"closed","sticky":false,"template":"","format":"standard","meta":{"_jetpack_memberships_contains_paid_content":false,"footnotes":"","jetpack_publicize_message":"","jetpack_publicize_feature_enabled":true,"jetpack_social_post_already_shared":false,"jetpack_social_options":{"image_generator_settings":{"template":"highway","default_image_id":0,"font":"","enabled":false},"version":2}},"categories":[633],"tags":[3,214,798,348,349,1936,1345,602],"coauthors":[695],"class_list":["post-15008","post","type-post","status-publish","format-standard","has-post-thumbnail","hentry","category-nachrichten","tag-festival","tag-halle","tag-jazzmusikerinnen","tag-leipjazzig","tag-leipzig","tag-schiller-theater","tag-trio-diktion","tag-women-in-jazz"],"yoast_head":"<!-- This site is optimized with the Yoast SEO plugin v27.5 - https:\/\/yoast.com\/product\/yoast-seo-wordpress\/ -->\n<title>+++News+++ 23. Festival LeipJAZZig+++13. Festival WOMEN IN JAZZ in Halle+++ - JazzZeitung<\/title>\n<meta name=\"robots\" content=\"index, follow, max-snippet:-1, max-image-preview:large, max-video-preview:-1\" \/>\n<link rel=\"canonical\" href=\"https:\/\/www.jazzzeitung.de\/cms\/2018\/02\/news-23-festival-leipjazzig13-festival-women-in-jazz-in-halle\/\" \/>\n<meta property=\"og:locale\" content=\"de_DE\" \/>\n<meta property=\"og:type\" content=\"article\" \/>\n<meta property=\"og:title\" content=\"+++News+++ 23. Festival LeipJAZZig+++13. Festival WOMEN IN JAZZ in Halle+++ - JazzZeitung\" \/>\n<meta property=\"og:description\" content=\"+++23. Festival LeipJAZZig+++ Vom 21. bis zum 24. M\u00e4rz findet das\u00a023. Festival LeipJAZZig statt. Veranstaltungsort f\u00fcr das Konzert am 21.03. ist das UT Connewitz (Wolfgang-Heinze-Str. 12 a). Vom 22.-24.03.\u00a0geht es im\u00a0Schille-Theater in der Otto-Schill-Stra\u00dfe 7 (Hinterhaus) weiter. Die Konzerte beginnen um 20 Uhr. Hier das Festival-Programm im \u00dcberblick: 21.03. (UT Connewitz): 20 Uhr:\u00a0 Jubil\u00e4umskonzert 20 Jahre LeipJAZZig-Orkester, Leitung: Stephan K\u00f6nig; als G\u00e4ste: Leipziger Cantorey 22.03. (Schille-Theater): 20 Uhr: FourSteps; 21 Uhr: Werkstatt f\u00fcr Freiheit 2018 23.03. (Schille-Theater): 20 Uhr: Florian K\u00e4stner&amp;MichaelJ\u00e4ger; 21 Uhr: Saxophon Summit 24.03. (Schille-Theater): 20 Uhr: TapJack; 21 Uhr: Trio.Diktion www.leipjazzig.de. +++13. Festival WOMEN IN JAZZ \u2013 Jetzt bewerben zum Vokal-Workshop: JAZZ BASICS+++ Am 21. April 2018 startet die 13. Auflage des Festivals WOMEN IN JAZZ in Halle. Im Mittelpunkt steht das Festivalprojekt Bienvenue! Jazz de France. Vier Konzerte mit sechs unterschiedlichen Jazzprojekten, die von K\u00fcnstlerinnen geleitet werden geben einen \u00dcberblick zur franz\u00f6sischen Jazzszene. Erg\u00e4nzt wird das Programm von Konzerten mit Jazzmusikerinnen aus den USA, der Schweiz, Australien, Kuba und Deutschland. Die WOMEN IN JAZZ gGmbH veranstaltet in Kooperation mit der Musikschule Allegro (Halle) auch in diesem Jahr einen Vokalworkshop. Geleitet wird &hellip;\" \/>\n<meta property=\"og:url\" content=\"https:\/\/www.jazzzeitung.de\/cms\/2018\/02\/news-23-festival-leipjazzig13-festival-women-in-jazz-in-halle\/\" \/>\n<meta property=\"og:site_name\" content=\"JazzZeitung\" \/>\n<meta property=\"article:publisher\" content=\"https:\/\/www.facebook.com\/JazzZeitung\/\" \/>\n<meta property=\"article:published_time\" content=\"2018-02-08T15:35:58+00:00\" \/>\n<meta property=\"article:modified_time\" content=\"2018-02-12T09:48:38+00:00\" \/>\n<meta property=\"og:image\" content=\"https:\/\/i0.wp.com\/www.jazzzeitung.de\/cms\/wp-content\/uploads\/2018\/02\/21.03.2018-LeipJAZZig-Orkester-c-Christian-Enger.jpg?fit=1476%2C714&ssl=1\" \/>\n\t<meta property=\"og:image:width\" content=\"1476\" \/>\n\t<meta property=\"og:image:height\" content=\"714\" \/>\n\t<meta property=\"og:image:type\" content=\"image\/jpeg\" \/>\n<meta name=\"author\" content=\"Redaktion JazzZeitung\" \/>\n<script type=\"application\/ld+json\" class=\"yoast-schema-graph\">{\"@context\":\"https:\\\/\\\/schema.org\",\"@graph\":[{\"@type\":\"Article\",\"@id\":\"https:\\\/\\\/www.jazzzeitung.de\\\/cms\\\/2018\\\/02\\\/news-23-festival-leipjazzig13-festival-women-in-jazz-in-halle\\\/#article\",\"isPartOf\":{\"@id\":\"https:\\\/\\\/www.jazzzeitung.de\\\/cms\\\/2018\\\/02\\\/news-23-festival-leipjazzig13-festival-women-in-jazz-in-halle\\\/\"},\"author\":{\"name\":\"Redaktion JazzZeitung\",\"@id\":\"https:\\\/\\\/www.jazzzeitung.de\\\/cms\\\/#\\\/schema\\\/person\\\/2245b36b9cd1d24cea10f01c031fb92b\"},\"headline\":\"+++News+++ 23. Festival LeipJAZZig+++13. Festival WOMEN IN JAZZ in Halle+++\",\"datePublished\":\"2018-02-08T15:35:58+00:00\",\"dateModified\":\"2018-02-12T09:48:38+00:00\",\"mainEntityOfPage\":{\"@id\":\"https:\\\/\\\/www.jazzzeitung.de\\\/cms\\\/2018\\\/02\\\/news-23-festival-leipjazzig13-festival-women-in-jazz-in-halle\\\/\"},\"wordCount\":474,\"commentCount\":0,\"publisher\":{\"@id\":\"https:\\\/\\\/www.jazzzeitung.de\\\/cms\\\/#organization\"},\"image\":{\"@id\":\"https:\\\/\\\/www.jazzzeitung.de\\\/cms\\\/2018\\\/02\\\/news-23-festival-leipjazzig13-festival-women-in-jazz-in-halle\\\/#primaryimage\"},\"thumbnailUrl\":\"https:\\\/\\\/i0.wp.com\\\/www.jazzzeitung.de\\\/cms\\\/wp-content\\\/uploads\\\/2018\\\/02\\\/21.03.2018-LeipJAZZig-Orkester-c-Christian-Enger.jpg?fit=1476%2C714&ssl=1\",\"keywords\":[\"Festival\",\"Halle\",\"Jazzmusikerinnen\",\"leipjazzig\",\"Leipzig\",\"Schiller-Theater\",\"Trio.Diktion\",\"Women in Jazz\"],\"articleSection\":[\"News\"],\"inLanguage\":\"de\",\"potentialAction\":[{\"@type\":\"CommentAction\",\"name\":\"Comment\",\"target\":[\"https:\\\/\\\/www.jazzzeitung.de\\\/cms\\\/2018\\\/02\\\/news-23-festival-leipjazzig13-festival-women-in-jazz-in-halle\\\/#respond\"]}]},{\"@type\":\"WebPage\",\"@id\":\"https:\\\/\\\/www.jazzzeitung.de\\\/cms\\\/2018\\\/02\\\/news-23-festival-leipjazzig13-festival-women-in-jazz-in-halle\\\/\",\"url\":\"https:\\\/\\\/www.jazzzeitung.de\\\/cms\\\/2018\\\/02\\\/news-23-festival-leipjazzig13-festival-women-in-jazz-in-halle\\\/\",\"name\":\"+++News+++ 23. Festival LeipJAZZig+++13. Festival WOMEN IN JAZZ in Halle+++ - JazzZeitung\",\"isPartOf\":{\"@id\":\"https:\\\/\\\/www.jazzzeitung.de\\\/cms\\\/#website\"},\"primaryImageOfPage\":{\"@id\":\"https:\\\/\\\/www.jazzzeitung.de\\\/cms\\\/2018\\\/02\\\/news-23-festival-leipjazzig13-festival-women-in-jazz-in-halle\\\/#primaryimage\"},\"image\":{\"@id\":\"https:\\\/\\\/www.jazzzeitung.de\\\/cms\\\/2018\\\/02\\\/news-23-festival-leipjazzig13-festival-women-in-jazz-in-halle\\\/#primaryimage\"},\"thumbnailUrl\":\"https:\\\/\\\/i0.wp.com\\\/www.jazzzeitung.de\\\/cms\\\/wp-content\\\/uploads\\\/2018\\\/02\\\/21.03.2018-LeipJAZZig-Orkester-c-Christian-Enger.jpg?fit=1476%2C714&ssl=1\",\"datePublished\":\"2018-02-08T15:35:58+00:00\",\"dateModified\":\"2018-02-12T09:48:38+00:00\",\"breadcrumb\":{\"@id\":\"https:\\\/\\\/www.jazzzeitung.de\\\/cms\\\/2018\\\/02\\\/news-23-festival-leipjazzig13-festival-women-in-jazz-in-halle\\\/#breadcrumb\"},\"inLanguage\":\"de\",\"potentialAction\":[{\"@type\":\"ReadAction\",\"target\":[\"https:\\\/\\\/www.jazzzeitung.de\\\/cms\\\/2018\\\/02\\\/news-23-festival-leipjazzig13-festival-women-in-jazz-in-halle\\\/\"]}]},{\"@type\":\"ImageObject\",\"inLanguage\":\"de\",\"@id\":\"https:\\\/\\\/www.jazzzeitung.de\\\/cms\\\/2018\\\/02\\\/news-23-festival-leipjazzig13-festival-women-in-jazz-in-halle\\\/#primaryimage\",\"url\":\"https:\\\/\\\/i0.wp.com\\\/www.jazzzeitung.de\\\/cms\\\/wp-content\\\/uploads\\\/2018\\\/02\\\/21.03.2018-LeipJAZZig-Orkester-c-Christian-Enger.jpg?fit=1476%2C714&ssl=1\",\"contentUrl\":\"https:\\\/\\\/i0.wp.com\\\/www.jazzzeitung.de\\\/cms\\\/wp-content\\\/uploads\\\/2018\\\/02\\\/21.03.2018-LeipJAZZig-Orkester-c-Christian-Enger.jpg?fit=1476%2C714&ssl=1\",\"width\":1476,\"height\":714,\"caption\":\"Das LeipJAZZig-Orkester feiert 20-j\u00e4hriges Jubil\u00e4um. Foto: Christian Enger\"},{\"@type\":\"BreadcrumbList\",\"@id\":\"https:\\\/\\\/www.jazzzeitung.de\\\/cms\\\/2018\\\/02\\\/news-23-festival-leipjazzig13-festival-women-in-jazz-in-halle\\\/#breadcrumb\",\"itemListElement\":[{\"@type\":\"ListItem\",\"position\":1,\"name\":\"Startseite\",\"item\":\"https:\\\/\\\/www.jazzzeitung.de\\\/cms\\\/\"},{\"@type\":\"ListItem\",\"position\":2,\"name\":\"+++News+++ 23. Festival LeipJAZZig+++13. Festival WOMEN IN JAZZ in Halle+++\"}]},{\"@type\":\"WebSite\",\"@id\":\"https:\\\/\\\/www.jazzzeitung.de\\\/cms\\\/#website\",\"url\":\"https:\\\/\\\/www.jazzzeitung.de\\\/cms\\\/\",\"name\":\"JazzZeitung\",\"description\":\"Jazz-News und Jazz-Kontroverses\",\"publisher\":{\"@id\":\"https:\\\/\\\/www.jazzzeitung.de\\\/cms\\\/#organization\"},\"potentialAction\":[{\"@type\":\"SearchAction\",\"target\":{\"@type\":\"EntryPoint\",\"urlTemplate\":\"https:\\\/\\\/www.jazzzeitung.de\\\/cms\\\/?s={search_term_string}\"},\"query-input\":{\"@type\":\"PropertyValueSpecification\",\"valueRequired\":true,\"valueName\":\"search_term_string\"}}],\"inLanguage\":\"de\"},{\"@type\":\"Organization\",\"@id\":\"https:\\\/\\\/www.jazzzeitung.de\\\/cms\\\/#organization\",\"name\":\"JazzZeitung online\",\"url\":\"https:\\\/\\\/www.jazzzeitung.de\\\/cms\\\/\",\"logo\":{\"@type\":\"ImageObject\",\"inLanguage\":\"de\",\"@id\":\"https:\\\/\\\/www.jazzzeitung.de\\\/cms\\\/#\\\/schema\\\/logo\\\/image\\\/\",\"url\":\"https:\\\/\\\/i0.wp.com\\\/www.jazzzeitung.de\\\/cms\\\/wp-content\\\/uploads\\\/2015\\\/08\\\/JAZZZEITUNGDE_Logo_Neu.png?fit=499%2C200&ssl=1\",\"contentUrl\":\"https:\\\/\\\/i0.wp.com\\\/www.jazzzeitung.de\\\/cms\\\/wp-content\\\/uploads\\\/2015\\\/08\\\/JAZZZEITUNGDE_Logo_Neu.png?fit=499%2C200&ssl=1\",\"width\":499,\"height\":200,\"caption\":\"JazzZeitung online\"},\"image\":{\"@id\":\"https:\\\/\\\/www.jazzzeitung.de\\\/cms\\\/#\\\/schema\\\/logo\\\/image\\\/\"},\"sameAs\":[\"https:\\\/\\\/www.facebook.com\\\/JazzZeitung\\\/\"]},{\"@type\":\"Person\",\"@id\":\"https:\\\/\\\/www.jazzzeitung.de\\\/cms\\\/#\\\/schema\\\/person\\\/2245b36b9cd1d24cea10f01c031fb92b\",\"name\":\"Redaktion JazzZeitung\",\"image\":{\"@type\":\"ImageObject\",\"inLanguage\":\"de\",\"@id\":\"https:\\\/\\\/i0.wp.com\\\/www.jazzzeitung.de\\\/cms\\\/wp-content\\\/uploads\\\/2015\\\/08\\\/JAZZZEITUNGDE_Logo_Neu.png?resize=96%2C96&ssl=159975dcacb611b5700bd619b5daf0a7a\",\"url\":\"https:\\\/\\\/i0.wp.com\\\/www.jazzzeitung.de\\\/cms\\\/wp-content\\\/uploads\\\/2015\\\/08\\\/JAZZZEITUNGDE_Logo_Neu.png?resize=96%2C96&ssl=1\",\"contentUrl\":\"https:\\\/\\\/i0.wp.com\\\/www.jazzzeitung.de\\\/cms\\\/wp-content\\\/uploads\\\/2015\\\/08\\\/JAZZZEITUNGDE_Logo_Neu.png?resize=96%2C96&ssl=1\",\"caption\":\"Redaktion JazzZeitung\"},\"description\":\"Artikel der Redaktion der JazzZeitung.\",\"sameAs\":[\"http:\\\/\\\/www.jazzzeitung.de\\\/cms\\\/\"],\"url\":\"https:\\\/\\\/www.jazzzeitung.de\\\/cms\\\/author\\\/redaktion\\\/\"}]}<\/script>\n<!-- \/ Yoast SEO plugin. -->","yoast_head_json":{"title":"+++News+++ 23. Festival LeipJAZZig+++13. Festival WOMEN IN JAZZ in Halle+++ - JazzZeitung","robots":{"index":"index","follow":"follow","max-snippet":"max-snippet:-1","max-image-preview":"max-image-preview:large","max-video-preview":"max-video-preview:-1"},"canonical":"https:\/\/www.jazzzeitung.de\/cms\/2018\/02\/news-23-festival-leipjazzig13-festival-women-in-jazz-in-halle\/","og_locale":"de_DE","og_type":"article","og_title":"+++News+++ 23. Festival LeipJAZZig+++13. Festival WOMEN IN JAZZ in Halle+++ - JazzZeitung","og_description":"+++23. Festival LeipJAZZig+++ Vom 21. bis zum 24. M\u00e4rz findet das\u00a023. Festival LeipJAZZig statt. Veranstaltungsort f\u00fcr das Konzert am 21.03. ist das UT Connewitz (Wolfgang-Heinze-Str. 12 a). Vom 22.-24.03.\u00a0geht es im\u00a0Schille-Theater in der Otto-Schill-Stra\u00dfe 7 (Hinterhaus) weiter. Die Konzerte beginnen um 20 Uhr. Hier das Festival-Programm im \u00dcberblick: 21.03. (UT Connewitz): 20 Uhr:\u00a0 Jubil\u00e4umskonzert 20 Jahre LeipJAZZig-Orkester, Leitung: Stephan K\u00f6nig; als G\u00e4ste: Leipziger Cantorey 22.03. (Schille-Theater): 20 Uhr: FourSteps; 21 Uhr: Werkstatt f\u00fcr Freiheit 2018 23.03. (Schille-Theater): 20 Uhr: Florian K\u00e4stner&amp;MichaelJ\u00e4ger; 21 Uhr: Saxophon Summit 24.03. (Schille-Theater): 20 Uhr: TapJack; 21 Uhr: Trio.Diktion www.leipjazzig.de. +++13. Festival WOMEN IN JAZZ \u2013 Jetzt bewerben zum Vokal-Workshop: JAZZ BASICS+++ Am 21. April 2018 startet die 13. Auflage des Festivals WOMEN IN JAZZ in Halle. Im Mittelpunkt steht das Festivalprojekt Bienvenue! Jazz de France. Vier Konzerte mit sechs unterschiedlichen Jazzprojekten, die von K\u00fcnstlerinnen geleitet werden geben einen \u00dcberblick zur franz\u00f6sischen Jazzszene. Erg\u00e4nzt wird das Programm von Konzerten mit Jazzmusikerinnen aus den USA, der Schweiz, Australien, Kuba und Deutschland. Die WOMEN IN JAZZ gGmbH veranstaltet in Kooperation mit der Musikschule Allegro (Halle) auch in diesem Jahr einen Vokalworkshop. Geleitet wird &hellip;","og_url":"https:\/\/www.jazzzeitung.de\/cms\/2018\/02\/news-23-festival-leipjazzig13-festival-women-in-jazz-in-halle\/","og_site_name":"JazzZeitung","article_publisher":"https:\/\/www.facebook.com\/JazzZeitung\/","article_published_time":"2018-02-08T15:35:58+00:00","article_modified_time":"2018-02-12T09:48:38+00:00","og_image":[{"width":1476,"height":714,"url":"https:\/\/i0.wp.com\/www.jazzzeitung.de\/cms\/wp-content\/uploads\/2018\/02\/21.03.2018-LeipJAZZig-Orkester-c-Christian-Enger.jpg?fit=1476%2C714&ssl=1","type":"image\/jpeg"}],"author":"Redaktion JazzZeitung","schema":{"@context":"https:\/\/schema.org","@graph":[{"@type":"Article","@id":"https:\/\/www.jazzzeitung.de\/cms\/2018\/02\/news-23-festival-leipjazzig13-festival-women-in-jazz-in-halle\/#article","isPartOf":{"@id":"https:\/\/www.jazzzeitung.de\/cms\/2018\/02\/news-23-festival-leipjazzig13-festival-women-in-jazz-in-halle\/"},"author":{"name":"Redaktion JazzZeitung","@id":"https:\/\/www.jazzzeitung.de\/cms\/#\/schema\/person\/2245b36b9cd1d24cea10f01c031fb92b"},"headline":"+++News+++ 23. Festival LeipJAZZig+++13. Festival WOMEN IN JAZZ in Halle+++","datePublished":"2018-02-08T15:35:58+00:00","dateModified":"2018-02-12T09:48:38+00:00","mainEntityOfPage":{"@id":"https:\/\/www.jazzzeitung.de\/cms\/2018\/02\/news-23-festival-leipjazzig13-festival-women-in-jazz-in-halle\/"},"wordCount":474,"commentCount":0,"publisher":{"@id":"https:\/\/www.jazzzeitung.de\/cms\/#organization"},"image":{"@id":"https:\/\/www.jazzzeitung.de\/cms\/2018\/02\/news-23-festival-leipjazzig13-festival-women-in-jazz-in-halle\/#primaryimage"},"thumbnailUrl":"https:\/\/i0.wp.com\/www.jazzzeitung.de\/cms\/wp-content\/uploads\/2018\/02\/21.03.2018-LeipJAZZig-Orkester-c-Christian-Enger.jpg?fit=1476%2C714&ssl=1","keywords":["Festival","Halle","Jazzmusikerinnen","leipjazzig","Leipzig","Schiller-Theater","Trio.Diktion","Women in Jazz"],"articleSection":["News"],"inLanguage":"de","potentialAction":[{"@type":"CommentAction","name":"Comment","target":["https:\/\/www.jazzzeitung.de\/cms\/2018\/02\/news-23-festival-leipjazzig13-festival-women-in-jazz-in-halle\/#respond"]}]},{"@type":"WebPage","@id":"https:\/\/www.jazzzeitung.de\/cms\/2018\/02\/news-23-festival-leipjazzig13-festival-women-in-jazz-in-halle\/","url":"https:\/\/www.jazzzeitung.de\/cms\/2018\/02\/news-23-festival-leipjazzig13-festival-women-in-jazz-in-halle\/","name":"+++News+++ 23. Festival LeipJAZZig+++13. Festival WOMEN IN JAZZ in Halle+++ - JazzZeitung","isPartOf":{"@id":"https:\/\/www.jazzzeitung.de\/cms\/#website"},"primaryImageOfPage":{"@id":"https:\/\/www.jazzzeitung.de\/cms\/2018\/02\/news-23-festival-leipjazzig13-festival-women-in-jazz-in-halle\/#primaryimage"},"image":{"@id":"https:\/\/www.jazzzeitung.de\/cms\/2018\/02\/news-23-festival-leipjazzig13-festival-women-in-jazz-in-halle\/#primaryimage"},"thumbnailUrl":"https:\/\/i0.wp.com\/www.jazzzeitung.de\/cms\/wp-content\/uploads\/2018\/02\/21.03.2018-LeipJAZZig-Orkester-c-Christian-Enger.jpg?fit=1476%2C714&ssl=1","datePublished":"2018-02-08T15:35:58+00:00","dateModified":"2018-02-12T09:48:38+00:00","breadcrumb":{"@id":"https:\/\/www.jazzzeitung.de\/cms\/2018\/02\/news-23-festival-leipjazzig13-festival-women-in-jazz-in-halle\/#breadcrumb"},"inLanguage":"de","potentialAction":[{"@type":"ReadAction","target":["https:\/\/www.jazzzeitung.de\/cms\/2018\/02\/news-23-festival-leipjazzig13-festival-women-in-jazz-in-halle\/"]}]},{"@type":"ImageObject","inLanguage":"de","@id":"https:\/\/www.jazzzeitung.de\/cms\/2018\/02\/news-23-festival-leipjazzig13-festival-women-in-jazz-in-halle\/#primaryimage","url":"https:\/\/i0.wp.com\/www.jazzzeitung.de\/cms\/wp-content\/uploads\/2018\/02\/21.03.2018-LeipJAZZig-Orkester-c-Christian-Enger.jpg?fit=1476%2C714&ssl=1","contentUrl":"https:\/\/i0.wp.com\/www.jazzzeitung.de\/cms\/wp-content\/uploads\/2018\/02\/21.03.2018-LeipJAZZig-Orkester-c-Christian-Enger.jpg?fit=1476%2C714&ssl=1","width":1476,"height":714,"caption":"Das LeipJAZZig-Orkester feiert 20-j\u00e4hriges Jubil\u00e4um. Foto: Christian Enger"},{"@type":"BreadcrumbList","@id":"https:\/\/www.jazzzeitung.de\/cms\/2018\/02\/news-23-festival-leipjazzig13-festival-women-in-jazz-in-halle\/#breadcrumb","itemListElement":[{"@type":"ListItem","position":1,"name":"Startseite","item":"https:\/\/www.jazzzeitung.de\/cms\/"},{"@type":"ListItem","position":2,"name":"+++News+++ 23. Festival LeipJAZZig+++13. Festival WOMEN IN JAZZ in Halle+++"}]},{"@type":"WebSite","@id":"https:\/\/www.jazzzeitung.de\/cms\/#website","url":"https:\/\/www.jazzzeitung.de\/cms\/","name":"JazzZeitung","description":"Jazz-News und Jazz-Kontroverses","publisher":{"@id":"https:\/\/www.jazzzeitung.de\/cms\/#organization"},"potentialAction":[{"@type":"SearchAction","target":{"@type":"EntryPoint","urlTemplate":"https:\/\/www.jazzzeitung.de\/cms\/?s={search_term_string}"},"query-input":{"@type":"PropertyValueSpecification","valueRequired":true,"valueName":"search_term_string"}}],"inLanguage":"de"},{"@type":"Organization","@id":"https:\/\/www.jazzzeitung.de\/cms\/#organization","name":"JazzZeitung online","url":"https:\/\/www.jazzzeitung.de\/cms\/","logo":{"@type":"ImageObject","inLanguage":"de","@id":"https:\/\/www.jazzzeitung.de\/cms\/#\/schema\/logo\/image\/","url":"https:\/\/i0.wp.com\/www.jazzzeitung.de\/cms\/wp-content\/uploads\/2015\/08\/JAZZZEITUNGDE_Logo_Neu.png?fit=499%2C200&ssl=1","contentUrl":"https:\/\/i0.wp.com\/www.jazzzeitung.de\/cms\/wp-content\/uploads\/2015\/08\/JAZZZEITUNGDE_Logo_Neu.png?fit=499%2C200&ssl=1","width":499,"height":200,"caption":"JazzZeitung online"},"image":{"@id":"https:\/\/www.jazzzeitung.de\/cms\/#\/schema\/logo\/image\/"},"sameAs":["https:\/\/www.facebook.com\/JazzZeitung\/"]},{"@type":"Person","@id":"https:\/\/www.jazzzeitung.de\/cms\/#\/schema\/person\/2245b36b9cd1d24cea10f01c031fb92b","name":"Redaktion JazzZeitung","image":{"@type":"ImageObject","inLanguage":"de","@id":"https:\/\/i0.wp.com\/www.jazzzeitung.de\/cms\/wp-content\/uploads\/2015\/08\/JAZZZEITUNGDE_Logo_Neu.png?resize=96%2C96&ssl=159975dcacb611b5700bd619b5daf0a7a","url":"https:\/\/i0.wp.com\/www.jazzzeitung.de\/cms\/wp-content\/uploads\/2015\/08\/JAZZZEITUNGDE_Logo_Neu.png?resize=96%2C96&ssl=1","contentUrl":"https:\/\/i0.wp.com\/www.jazzzeitung.de\/cms\/wp-content\/uploads\/2015\/08\/JAZZZEITUNGDE_Logo_Neu.png?resize=96%2C96&ssl=1","caption":"Redaktion JazzZeitung"},"description":"Artikel der Redaktion der JazzZeitung.","sameAs":["http:\/\/www.jazzzeitung.de\/cms\/"],"url":"https:\/\/www.jazzzeitung.de\/cms\/author\/redaktion\/"}]}},"wp-worthy-pixel":{"ignored":true,"public":null,"server":null,"url":null},"wp-worthy-type":"normal","jetpack_publicize_connections":[],"cc_featured_image_caption":{"caption_text":"","source_text":"","source_url":""},"jetpack_featured_media_url":"https:\/\/i0.wp.com\/www.jazzzeitung.de\/cms\/wp-content\/uploads\/2018\/02\/21.03.2018-LeipJAZZig-Orkester-c-Christian-Enger.jpg?fit=1476%2C714&ssl=1","jetpack_shortlink":"https:\/\/wp.me\/p3KEcT-3U4","jetpack-related-posts":[{"id":11920,"url":"https:\/\/www.jazzzeitung.de\/cms\/2017\/03\/11920\/","url_meta":{"origin":15008,"position":0},"title":"Festival LeipJAZZig beginnt am 16. M\u00e4rz","author":"Redaktion JazzZeitung","date":"13. M\u00e4rz 2017","format":false,"excerpt":"Vom\u00a016. bis zum 19. M\u00e4rz findet das 22. Festival LeipJAZZig statt. Das Festival beginnt am 16. M\u00e4rz im UT Connewitz (Wolfgang-Heinze-Str. 12 A). Veranstaltungsort f\u00fcr die Konzerte vom 17. bis 19. M\u00e4rz ist das Schille-Theater in der Otto-Schill-Stra\u00dfe 7 (Hinterhaus). Die Konzertabende beginnen 20 Uhr. Karten zu 17,- \/ 12,-\u2026","rel":"","context":"In &quot;News&quot;","block_context":{"text":"News","link":"https:\/\/www.jazzzeitung.de\/cms\/thema\/nachrichten\/"},"img":{"alt_text":"","src":"","width":0,"height":0},"classes":[]},{"id":8333,"url":"https:\/\/www.jazzzeitung.de\/cms\/2016\/02\/news-das-21-festival-leipjazzig-philipp-stauber-im-jazzzirkel-weiden-mojo-six-augsburg\/","url_meta":{"origin":15008,"position":1},"title":"+++ News +++ Das 21. Festival LeipJAZZig +++ Philipp Stauber im JazzZirkel Weiden +++ \u201eMojo Six\u201c in Augsburg +++","author":"Redaktion JazzZeitung","date":"5. Februar 2016","format":false,"excerpt":"Das Festival LeipJAZZig geht in die 21. Runde Vom 03. bis zum 07. M\u00e4rz findet zum 21. Mal das Festival LeipJazzig statt und auch dieses Jahr hat die Veranstaltung wieder einiges zu bieten: Am 03.03. er\u00f6ffnet das \u00a0LeipJAZZig-Orkester unter der Leitung von Stephan K\u00f6nig das Festival. Neben Eigenkompositionen und -arrangements\u2026","rel":"","context":"In &quot;News&quot;","block_context":{"text":"News","link":"https:\/\/www.jazzzeitung.de\/cms\/thema\/nachrichten\/"},"img":{"alt_text":"Das LeipJAZZig-Orkester wird das Festival er\u00f6ffnen. Foto: Chr. Enger","src":"https:\/\/i0.wp.com\/www.jazzzeitung.de\/cms\/wp-content\/uploads\/2016\/02\/03.06.2016-LeipJAZZig-Orkester-c-Chr.-Enger-150x150.jpg?resize=350%2C200","width":350,"height":200},"classes":[]},{"id":5412,"url":"https:\/\/www.jazzzeitung.de\/cms\/2015\/02\/festival-leipjazzig-feiert-runden-geburtstag\/","url_meta":{"origin":15008,"position":2},"title":"Festival \u201eLeipJAZZig\u201c feiert runden Geburtstag","author":"Redaktion JazzZeitung","date":"4. Februar 2015","format":false,"excerpt":"Von Julian Krenz - 2015 geht das Festival \u201eLeipJAZZig\u201c bereits in die 20. Runde. Bereits im Mai 1996 veranstaltete die damals noch junge Initiative Leipziger Jazzmusiker e.V. zum ersten Mal das Festival. Der Hintergedanke der Initiative war, den Jazz auf die B\u00fchne zu bringen. Zuvor beschr\u00e4nkte sich das konzertante Schaffen\u2026","rel":"","context":"In &quot;Bericht&quot;","block_context":{"text":"Bericht","link":"https:\/\/www.jazzzeitung.de\/cms\/thema\/bericht\/"},"img":{"alt_text":"LeipJAZZig-Orkester & T. Morgenstern Foto: Christian Enger","src":"https:\/\/i0.wp.com\/www.jazzzeitung.de\/cms\/wp-content\/uploads\/2015\/02\/18.03.2015-LeipJAZZig-Orkester-T.-Morgenstern-1-c-Chr.-Enger.jpg?resize=350%2C200","width":350,"height":200,"srcset":"https:\/\/i0.wp.com\/www.jazzzeitung.de\/cms\/wp-content\/uploads\/2015\/02\/18.03.2015-LeipJAZZig-Orkester-T.-Morgenstern-1-c-Chr.-Enger.jpg?resize=350%2C200 1x, https:\/\/i0.wp.com\/www.jazzzeitung.de\/cms\/wp-content\/uploads\/2015\/02\/18.03.2015-LeipJAZZig-Orkester-T.-Morgenstern-1-c-Chr.-Enger.jpg?resize=525%2C300 1.5x, https:\/\/i0.wp.com\/www.jazzzeitung.de\/cms\/wp-content\/uploads\/2015\/02\/18.03.2015-LeipJAZZig-Orkester-T.-Morgenstern-1-c-Chr.-Enger.jpg?resize=700%2C400 2x, https:\/\/i0.wp.com\/www.jazzzeitung.de\/cms\/wp-content\/uploads\/2015\/02\/18.03.2015-LeipJAZZig-Orkester-T.-Morgenstern-1-c-Chr.-Enger.jpg?resize=1050%2C600 3x"},"classes":[]},{"id":10977,"url":"https:\/\/www.jazzzeitung.de\/cms\/2016\/11\/news-jazzdate-2016-leipzig-sven-fallers-night-music-konzerttermine-des-jazzclub-leipzig\/","url_meta":{"origin":15008,"position":3},"title":"NEWS +++ Sven Fallers &#8222;Night Music&#8220; in Weiden +++ JazzDate 2016 Leipzig +++ Konzerttermine des Jazzclub Leipzig +++","author":"Redaktion JazzZeitung","date":"15. November 2016","format":false,"excerpt":"+++ Von einem, der auszog, die Magie der Nacht zu ergr\u00fcnden +++ Mit dem Projekt \"NIGHT MUSIC\"\u00a0 zelebriert Sven Faller mit haupts\u00e4chlichen Eigenkompositionen Musik f\u00fcr den Moment, der die Nacht nicht zum Tage macht, sondern ihre geheimnisvolle Energie erleben l\u00e4sst. Stimmungsvolle Jazzballaden wie \u201eThe Shining Sea\" oder \u201eYou And The\u2026","rel":"","context":"In &quot;News&quot;","block_context":{"text":"News","link":"https:\/\/www.jazzzeitung.de\/cms\/thema\/nachrichten\/"},"img":{"alt_text":"Foto: Uli Zrenner-Wolkenstein","src":"https:\/\/i0.wp.com\/www.jazzzeitung.de\/cms\/wp-content\/uploads\/2016\/11\/Night-Music-03-2-150x150.jpg?resize=350%2C200","width":350,"height":200},"classes":[]},{"id":13769,"url":"https:\/\/www.jazzzeitung.de\/cms\/2017\/10\/gitarrengipfel-zu-den-41-leipziger-jazztagen\/","url_meta":{"origin":15008,"position":4},"title":"Gitarrengipfel zu den 41. Leipziger Jazztagen","author":"Redaktion JazzZeitung","date":"12. Oktober 2017","format":false,"excerpt":"In der 41. Ausgabe der Leipziger Jazztage bietet der Leipziger Jazzclub ein Programm mit 22 Konzerten, die um den vielseitigen Gitarrensound im zeitgen\u00f6ssischen Jazz kreisen. An zehn Spielorten vom Szeneclub bis zum Opernhaus gastieren Newcomer und Stars unter dem Motto \u201eGitarrengipfel\u201c. Zu erleben sind: Pat Metheny, Egberto Gismonti (mit Maria\u2026","rel":"","context":"In &quot;News&quot;","block_context":{"text":"News","link":"https:\/\/www.jazzzeitung.de\/cms\/thema\/nachrichten\/"},"img":{"alt_text":"Spielt bei den Leipziger Jazztagen: Monika Roscher. Foto: Hufner","src":"https:\/\/i0.wp.com\/www.jazzzeitung.de\/cms\/wp-content\/uploads\/2017\/10\/roscher_jazzfest_2014.jpg?fit=1200%2C890&ssl=1&resize=350%2C200","width":350,"height":200,"srcset":"https:\/\/i0.wp.com\/www.jazzzeitung.de\/cms\/wp-content\/uploads\/2017\/10\/roscher_jazzfest_2014.jpg?fit=1200%2C890&ssl=1&resize=350%2C200 1x, https:\/\/i0.wp.com\/www.jazzzeitung.de\/cms\/wp-content\/uploads\/2017\/10\/roscher_jazzfest_2014.jpg?fit=1200%2C890&ssl=1&resize=525%2C300 1.5x, https:\/\/i0.wp.com\/www.jazzzeitung.de\/cms\/wp-content\/uploads\/2017\/10\/roscher_jazzfest_2014.jpg?fit=1200%2C890&ssl=1&resize=700%2C400 2x, https:\/\/i0.wp.com\/www.jazzzeitung.de\/cms\/wp-content\/uploads\/2017\/10\/roscher_jazzfest_2014.jpg?fit=1200%2C890&ssl=1&resize=1050%2C600 3x"},"classes":[]},{"id":7704,"url":"https:\/\/www.jazzzeitung.de\/cms\/2015\/11\/news-konzertfinale-junger-muenchner-jazzpreis-2015-festival-jazzdate2015-leipzig\/","url_meta":{"origin":15008,"position":5},"title":"+++ News +++ Konzertfinale Junger M\u00fcnchner Jazzpreis 2015 +++ Festival JazzDate2015 Leipzig +++ Tobias Meinhart auf Tour +++","author":"Redaktion JazzZeitung","date":"10. November 2015","format":false,"excerpt":"+++ Konzertfinale Junger M\u00fcnchner Jazzpreis 2015 +++ Am Freitag, den 13. 11., 20 Uhr, findet in der M\u00fcnchner Unterfahrt das Konzertfinale des Jungen M\u00fcnchner Jazzpreises 2015 statt \u2013 ein Gl\u00fcckstag f\u00fcr den jungen deutschen Jazz. Der Preis (JMJP) wird 2015 das dritte Mal vergeben. Die Konzertfinale 2013 und 2014 in\u2026","rel":"","context":"In &quot;Redaktionelle Nachrichten&quot;","block_context":{"text":"Redaktionelle Nachrichten","link":"https:\/\/www.jazzzeitung.de\/cms\/thema\/redaktion\/"},"img":{"alt_text":"Tobais Meinhart. Foto: Mariana Meraz","src":"https:\/\/i0.wp.com\/www.jazzzeitung.de\/cms\/wp-content\/uploads\/2015\/11\/Tobias-Meinhart_c_Mariana-Meraz_8269-150x150.jpg?resize=350%2C200","width":350,"height":200},"classes":[]}],"jetpack_sharing_enabled":true,"_links":{"self":[{"href":"https:\/\/www.jazzzeitung.de\/cms\/wp-json\/wp\/v2\/posts\/15008","targetHints":{"allow":["GET"]}}],"collection":[{"href":"https:\/\/www.jazzzeitung.de\/cms\/wp-json\/wp\/v2\/posts"}],"about":[{"href":"https:\/\/www.jazzzeitung.de\/cms\/wp-json\/wp\/v2\/types\/post"}],"author":[{"embeddable":true,"href":"https:\/\/www.jazzzeitung.de\/cms\/wp-json\/wp\/v2\/users\/18"}],"replies":[{"embeddable":true,"href":"https:\/\/www.jazzzeitung.de\/cms\/wp-json\/wp\/v2\/comments?post=15008"}],"version-history":[{"count":10,"href":"https:\/\/www.jazzzeitung.de\/cms\/wp-json\/wp\/v2\/posts\/15008\/revisions"}],"predecessor-version":[{"id":15050,"href":"https:\/\/www.jazzzeitung.de\/cms\/wp-json\/wp\/v2\/posts\/15008\/revisions\/15050"}],"wp:featuredmedia":[{"embeddable":true,"href":"https:\/\/www.jazzzeitung.de\/cms\/wp-json\/wp\/v2\/media\/15013"}],"wp:attachment":[{"href":"https:\/\/www.jazzzeitung.de\/cms\/wp-json\/wp\/v2\/media?parent=15008"}],"wp:term":[{"taxonomy":"category","embeddable":true,"href":"https:\/\/www.jazzzeitung.de\/cms\/wp-json\/wp\/v2\/categories?post=15008"},{"taxonomy":"post_tag","embeddable":true,"href":"https:\/\/www.jazzzeitung.de\/cms\/wp-json\/wp\/v2\/tags?post=15008"},{"taxonomy":"author","embeddable":true,"href":"https:\/\/www.jazzzeitung.de\/cms\/wp-json\/wp\/v2\/coauthors?post=15008"}],"curies":[{"name":"wp","href":"https:\/\/api.w.org\/{rel}","templated":true}]}}