{"id":14958,"date":"2018-02-02T09:32:11","date_gmt":"2018-02-02T08:32:11","guid":{"rendered":"https:\/\/www.jazzzeitung.de\/cms\/?p=14958"},"modified":"2018-01-30T09:35:19","modified_gmt":"2018-01-30T08:35:19","slug":"cd-rezension-und-konzert-tipp-chris-gall-trio-cosmic-playground","status":"publish","type":"post","link":"https:\/\/www.jazzzeitung.de\/cms\/2018\/02\/cd-rezension-und-konzert-tipp-chris-gall-trio-cosmic-playground\/","title":{"rendered":"CD-Rezension und Konzert-Tipp: Chris Gall Trio &#8211; Cosmic Playground"},"content":{"rendered":"<p><strong>\u201eCosmic Playgrund\u201d, die neue Trio CD des Pianisten Chris Gall, ist auf eine besondere Weise eine \u201efamily affair\u201d, begleitet am Schlagzeug von seinem j\u00fcngeren Bruder Peter Gall (der bereits an den ersten Vorg\u00e4ngeralben mitbeteiligt war) und dem M\u00fcnchner Ausnahmebassisten Henning Sieverts. Die drei kennen sich seit Jahren, musizieren und arbeiten immer wieder in unterschiedlichsten Besetzungen erfolgreich zusammen.<\/strong><\/p>\n<div class=\"tiled-gallery type-rectangular tiled-gallery-unresized\" data-original-width=\"840\" data-carousel-extra='{&quot;blog_id&quot;:1,&quot;permalink&quot;:&quot;https:\\\/\\\/www.jazzzeitung.de\\\/cms\\\/2018\\\/02\\\/cd-rezension-und-konzert-tipp-chris-gall-trio-cosmic-playground\\\/&quot;,&quot;likes_blog_id&quot;:55446655}' itemscope itemtype=\"http:\/\/schema.org\/ImageGallery\" > <div class=\"gallery-row\" style=\"width: 840px; height: 239px;\" data-original-width=\"840\" data-original-height=\"239\" > <div class=\"gallery-group images-1\" style=\"width: 161px; height: 239px;\" data-original-width=\"161\" data-original-height=\"239\" > <div class=\"tiled-gallery-item tiled-gallery-item-small\" itemprop=\"associatedMedia\" itemscope itemtype=\"http:\/\/schema.org\/ImageObject\"> <a href=\"https:\/\/www.jazzzeitung.de\/cms\/2018\/02\/cd-rezension-und-konzert-tipp-chris-gall-trio-cosmic-playground\/chris-gall-foto-tj-krebs-jazzphotoagencyweb-de\/\" border=\"0\" itemprop=\"url\"> <meta itemprop=\"width\" content=\"157\"> <meta itemprop=\"height\" content=\"235\"> <img decoding=\"async\" class=\"\" data-attachment-id=\"14959\" data-orig-file=\"https:\/\/www.jazzzeitung.de\/cms\/wp-content\/uploads\/2018\/01\/Chris-Gall-Foto-TJ-Krebs-jazzphotoagencyweb.de_.jpg\" data-orig-size=\"1200,1800\" data-comments-opened=\"1\" data-image-meta=\"{&quot;aperture&quot;:&quot;0&quot;,&quot;credit&quot;:&quot;&quot;,&quot;camera&quot;:&quot;&quot;,&quot;caption&quot;:&quot;&quot;,&quot;created_timestamp&quot;:&quot;0&quot;,&quot;copyright&quot;:&quot;&quot;,&quot;focal_length&quot;:&quot;0&quot;,&quot;iso&quot;:&quot;0&quot;,&quot;shutter_speed&quot;:&quot;0&quot;,&quot;title&quot;:&quot;&quot;,&quot;orientation&quot;:&quot;0&quot;}\" data-image-title=\"Chris Gall &amp;#8211; Foto TJ Krebs jazzphotoagencyweb.de\" data-image-description=\"\" data-medium-file=\"https:\/\/i0.wp.com\/www.jazzzeitung.de\/cms\/wp-content\/uploads\/2018\/01\/Chris-Gall-Foto-TJ-Krebs-jazzphotoagencyweb.de_.jpg?fit=200%2C300&#038;ssl=1\" data-large-file=\"https:\/\/i0.wp.com\/www.jazzzeitung.de\/cms\/wp-content\/uploads\/2018\/01\/Chris-Gall-Foto-TJ-Krebs-jazzphotoagencyweb.de_.jpg?fit=400%2C600&#038;ssl=1\" src=\"https:\/\/i0.wp.com\/www.jazzzeitung.de\/cms\/wp-content\/uploads\/2018\/01\/Chris-Gall-Foto-TJ-Krebs-jazzphotoagencyweb.de_.jpg?w=157&#038;h=235&#038;ssl=1\" srcset=\"https:\/\/i0.wp.com\/www.jazzzeitung.de\/cms\/wp-content\/uploads\/2018\/01\/Chris-Gall-Foto-TJ-Krebs-jazzphotoagencyweb.de_.jpg?w=1200&amp;ssl=1 1200w, https:\/\/i0.wp.com\/www.jazzzeitung.de\/cms\/wp-content\/uploads\/2018\/01\/Chris-Gall-Foto-TJ-Krebs-jazzphotoagencyweb.de_.jpg?resize=200%2C300&amp;ssl=1 200w, https:\/\/i0.wp.com\/www.jazzzeitung.de\/cms\/wp-content\/uploads\/2018\/01\/Chris-Gall-Foto-TJ-Krebs-jazzphotoagencyweb.de_.jpg?resize=768%2C1152&amp;ssl=1 768w, https:\/\/i0.wp.com\/www.jazzzeitung.de\/cms\/wp-content\/uploads\/2018\/01\/Chris-Gall-Foto-TJ-Krebs-jazzphotoagencyweb.de_.jpg?resize=400%2C600&amp;ssl=1 400w, https:\/\/i0.wp.com\/www.jazzzeitung.de\/cms\/wp-content\/uploads\/2018\/01\/Chris-Gall-Foto-TJ-Krebs-jazzphotoagencyweb.de_.jpg?resize=600%2C900&amp;ssl=1 600w\" width=\"157\" height=\"235\" loading=\"lazy\" data-original-width=\"157\" data-original-height=\"235\" itemprop=\"http:\/\/schema.org\/image\" title=\"Chris Gall - Foto TJ Krebs jazzphotoagencyweb.de\" alt=\"Chris Gall - Foto TJ Krebs jazzphotoagencyweb.de\" style=\"width: 157px; height: 235px;\" \/> <\/a> <\/div> <\/div> <!-- close group --> <div class=\"gallery-group images-1\" style=\"width: 161px; height: 239px;\" data-original-width=\"161\" data-original-height=\"239\" > <div class=\"tiled-gallery-item tiled-gallery-item-small\" itemprop=\"associatedMedia\" itemscope itemtype=\"http:\/\/schema.org\/ImageObject\"> <a href=\"https:\/\/www.jazzzeitung.de\/cms\/2018\/02\/cd-rezension-und-konzert-tipp-chris-gall-trio-cosmic-playground\/chris-gall-2-foto-tj-krebs-jazzphotoagencyweb-de\/\" border=\"0\" itemprop=\"url\"> <meta itemprop=\"width\" content=\"157\"> <meta itemprop=\"height\" content=\"235\"> <img decoding=\"async\" class=\"\" data-attachment-id=\"14960\" data-orig-file=\"https:\/\/www.jazzzeitung.de\/cms\/wp-content\/uploads\/2018\/01\/Chris-Gall-2-Foto-TJ-Krebs-jazzphotoagencyweb.de_.jpg\" data-orig-size=\"1200,1800\" data-comments-opened=\"1\" data-image-meta=\"{&quot;aperture&quot;:&quot;0&quot;,&quot;credit&quot;:&quot;&quot;,&quot;camera&quot;:&quot;&quot;,&quot;caption&quot;:&quot;&quot;,&quot;created_timestamp&quot;:&quot;0&quot;,&quot;copyright&quot;:&quot;&quot;,&quot;focal_length&quot;:&quot;0&quot;,&quot;iso&quot;:&quot;0&quot;,&quot;shutter_speed&quot;:&quot;0&quot;,&quot;title&quot;:&quot;&quot;,&quot;orientation&quot;:&quot;0&quot;}\" data-image-title=\"Chris Gall 2 &amp;#8211; Foto TJ Krebs jazzphotoagencyweb.de\" data-image-description=\"\" data-medium-file=\"https:\/\/i0.wp.com\/www.jazzzeitung.de\/cms\/wp-content\/uploads\/2018\/01\/Chris-Gall-2-Foto-TJ-Krebs-jazzphotoagencyweb.de_.jpg?fit=200%2C300&#038;ssl=1\" data-large-file=\"https:\/\/i0.wp.com\/www.jazzzeitung.de\/cms\/wp-content\/uploads\/2018\/01\/Chris-Gall-2-Foto-TJ-Krebs-jazzphotoagencyweb.de_.jpg?fit=400%2C600&#038;ssl=1\" src=\"https:\/\/i0.wp.com\/www.jazzzeitung.de\/cms\/wp-content\/uploads\/2018\/01\/Chris-Gall-2-Foto-TJ-Krebs-jazzphotoagencyweb.de_.jpg?w=157&#038;h=235&#038;ssl=1\" srcset=\"https:\/\/i0.wp.com\/www.jazzzeitung.de\/cms\/wp-content\/uploads\/2018\/01\/Chris-Gall-2-Foto-TJ-Krebs-jazzphotoagencyweb.de_.jpg?w=1200&amp;ssl=1 1200w, https:\/\/i0.wp.com\/www.jazzzeitung.de\/cms\/wp-content\/uploads\/2018\/01\/Chris-Gall-2-Foto-TJ-Krebs-jazzphotoagencyweb.de_.jpg?resize=200%2C300&amp;ssl=1 200w, https:\/\/i0.wp.com\/www.jazzzeitung.de\/cms\/wp-content\/uploads\/2018\/01\/Chris-Gall-2-Foto-TJ-Krebs-jazzphotoagencyweb.de_.jpg?resize=768%2C1152&amp;ssl=1 768w, https:\/\/i0.wp.com\/www.jazzzeitung.de\/cms\/wp-content\/uploads\/2018\/01\/Chris-Gall-2-Foto-TJ-Krebs-jazzphotoagencyweb.de_.jpg?resize=400%2C600&amp;ssl=1 400w, https:\/\/i0.wp.com\/www.jazzzeitung.de\/cms\/wp-content\/uploads\/2018\/01\/Chris-Gall-2-Foto-TJ-Krebs-jazzphotoagencyweb.de_.jpg?resize=600%2C900&amp;ssl=1 600w\" width=\"157\" height=\"235\" loading=\"lazy\" data-original-width=\"157\" data-original-height=\"235\" itemprop=\"http:\/\/schema.org\/image\" title=\"Chris Gall 2 - Foto TJ Krebs jazzphotoagencyweb.de\" alt=\"Chris Gall 2 - Foto TJ Krebs jazzphotoagencyweb.de\" style=\"width: 157px; height: 235px;\" \/> <\/a> <\/div> <\/div> <!-- close group --> <div class=\"gallery-group images-1\" style=\"width: 357px; height: 239px;\" data-original-width=\"357\" data-original-height=\"239\" > <div class=\"tiled-gallery-item tiled-gallery-item-large\" itemprop=\"associatedMedia\" itemscope itemtype=\"http:\/\/schema.org\/ImageObject\"> <a href=\"https:\/\/www.jazzzeitung.de\/cms\/2018\/02\/cd-rezension-und-konzert-tipp-chris-gall-trio-cosmic-playground\/henning-sieverts-foto-tj-krebs-jazzphotoagencyweb-de\/\" border=\"0\" itemprop=\"url\"> <meta itemprop=\"width\" content=\"353\"> <meta itemprop=\"height\" content=\"235\"> <img decoding=\"async\" class=\"\" data-attachment-id=\"14961\" data-orig-file=\"https:\/\/www.jazzzeitung.de\/cms\/wp-content\/uploads\/2018\/01\/Henning-Sieverts-Foto-TJ-Krebs-jazzphotoagencyweb.de_.jpg\" data-orig-size=\"1800,1201\" data-comments-opened=\"1\" data-image-meta=\"{&quot;aperture&quot;:&quot;0&quot;,&quot;credit&quot;:&quot;&quot;,&quot;camera&quot;:&quot;&quot;,&quot;caption&quot;:&quot;&quot;,&quot;created_timestamp&quot;:&quot;0&quot;,&quot;copyright&quot;:&quot;&quot;,&quot;focal_length&quot;:&quot;0&quot;,&quot;iso&quot;:&quot;0&quot;,&quot;shutter_speed&quot;:&quot;0&quot;,&quot;title&quot;:&quot;&quot;,&quot;orientation&quot;:&quot;0&quot;}\" data-image-title=\"Henning Sieverts &amp;#8211; Foto TJ Krebs jazzphotoagencyweb.de\" data-image-description=\"\" data-medium-file=\"https:\/\/i0.wp.com\/www.jazzzeitung.de\/cms\/wp-content\/uploads\/2018\/01\/Henning-Sieverts-Foto-TJ-Krebs-jazzphotoagencyweb.de_.jpg?fit=300%2C200&#038;ssl=1\" data-large-file=\"https:\/\/i0.wp.com\/www.jazzzeitung.de\/cms\/wp-content\/uploads\/2018\/01\/Henning-Sieverts-Foto-TJ-Krebs-jazzphotoagencyweb.de_.jpg?fit=840%2C560&#038;ssl=1\" src=\"https:\/\/i0.wp.com\/www.jazzzeitung.de\/cms\/wp-content\/uploads\/2018\/01\/Henning-Sieverts-Foto-TJ-Krebs-jazzphotoagencyweb.de_.jpg?w=353&#038;h=235&#038;ssl=1\" srcset=\"https:\/\/i0.wp.com\/www.jazzzeitung.de\/cms\/wp-content\/uploads\/2018\/01\/Henning-Sieverts-Foto-TJ-Krebs-jazzphotoagencyweb.de_.jpg?w=1800&amp;ssl=1 1800w, https:\/\/i0.wp.com\/www.jazzzeitung.de\/cms\/wp-content\/uploads\/2018\/01\/Henning-Sieverts-Foto-TJ-Krebs-jazzphotoagencyweb.de_.jpg?resize=300%2C200&amp;ssl=1 300w, https:\/\/i0.wp.com\/www.jazzzeitung.de\/cms\/wp-content\/uploads\/2018\/01\/Henning-Sieverts-Foto-TJ-Krebs-jazzphotoagencyweb.de_.jpg?resize=768%2C512&amp;ssl=1 768w, https:\/\/i0.wp.com\/www.jazzzeitung.de\/cms\/wp-content\/uploads\/2018\/01\/Henning-Sieverts-Foto-TJ-Krebs-jazzphotoagencyweb.de_.jpg?resize=900%2C600&amp;ssl=1 900w, https:\/\/i0.wp.com\/www.jazzzeitung.de\/cms\/wp-content\/uploads\/2018\/01\/Henning-Sieverts-Foto-TJ-Krebs-jazzphotoagencyweb.de_.jpg?resize=600%2C400&amp;ssl=1 600w, https:\/\/i0.wp.com\/www.jazzzeitung.de\/cms\/wp-content\/uploads\/2018\/01\/Henning-Sieverts-Foto-TJ-Krebs-jazzphotoagencyweb.de_.jpg?resize=120%2C80&amp;ssl=1 120w, https:\/\/i0.wp.com\/www.jazzzeitung.de\/cms\/wp-content\/uploads\/2018\/01\/Henning-Sieverts-Foto-TJ-Krebs-jazzphotoagencyweb.de_.jpg?w=1680&amp;ssl=1 1680w\" width=\"353\" height=\"235\" loading=\"lazy\" data-original-width=\"353\" data-original-height=\"235\" itemprop=\"http:\/\/schema.org\/image\" title=\"Henning Sieverts - Foto TJ Krebs jazzphotoagencyweb.de\" alt=\"Henning Sieverts - Foto TJ Krebs jazzphotoagencyweb.de\" style=\"width: 353px; height: 235px;\" \/> <\/a> <\/div> <\/div> <!-- close group --> <div class=\"gallery-group images-1\" style=\"width: 161px; height: 239px;\" data-original-width=\"161\" data-original-height=\"239\" > <div class=\"tiled-gallery-item tiled-gallery-item-small\" itemprop=\"associatedMedia\" itemscope itemtype=\"http:\/\/schema.org\/ImageObject\"> <a href=\"https:\/\/www.jazzzeitung.de\/cms\/2018\/02\/cd-rezension-und-konzert-tipp-chris-gall-trio-cosmic-playground\/peter-gall-foto-tj-krebs-jazzphotoagencyweb-de\/\" border=\"0\" itemprop=\"url\"> <meta itemprop=\"width\" content=\"157\"> <meta itemprop=\"height\" content=\"235\"> <img decoding=\"async\" class=\"\" data-attachment-id=\"14962\" data-orig-file=\"https:\/\/www.jazzzeitung.de\/cms\/wp-content\/uploads\/2018\/01\/Peter-Gall-Foto-TJ-Krebs-jazzphotoagencyweb.de_.jpg\" data-orig-size=\"1200,1798\" data-comments-opened=\"1\" data-image-meta=\"{&quot;aperture&quot;:&quot;0&quot;,&quot;credit&quot;:&quot;&quot;,&quot;camera&quot;:&quot;&quot;,&quot;caption&quot;:&quot;&quot;,&quot;created_timestamp&quot;:&quot;0&quot;,&quot;copyright&quot;:&quot;&quot;,&quot;focal_length&quot;:&quot;0&quot;,&quot;iso&quot;:&quot;0&quot;,&quot;shutter_speed&quot;:&quot;0&quot;,&quot;title&quot;:&quot;&quot;,&quot;orientation&quot;:&quot;0&quot;}\" data-image-title=\"Peter Gall &amp;#8211; Foto TJ Krebs jazzphotoagencyweb.de\" data-image-description=\"\" data-medium-file=\"https:\/\/i0.wp.com\/www.jazzzeitung.de\/cms\/wp-content\/uploads\/2018\/01\/Peter-Gall-Foto-TJ-Krebs-jazzphotoagencyweb.de_.jpg?fit=200%2C300&#038;ssl=1\" data-large-file=\"https:\/\/i0.wp.com\/www.jazzzeitung.de\/cms\/wp-content\/uploads\/2018\/01\/Peter-Gall-Foto-TJ-Krebs-jazzphotoagencyweb.de_.jpg?fit=400%2C600&#038;ssl=1\" src=\"https:\/\/i0.wp.com\/www.jazzzeitung.de\/cms\/wp-content\/uploads\/2018\/01\/Peter-Gall-Foto-TJ-Krebs-jazzphotoagencyweb.de_.jpg?w=157&#038;h=235&#038;ssl=1\" srcset=\"https:\/\/i0.wp.com\/www.jazzzeitung.de\/cms\/wp-content\/uploads\/2018\/01\/Peter-Gall-Foto-TJ-Krebs-jazzphotoagencyweb.de_.jpg?w=1200&amp;ssl=1 1200w, https:\/\/i0.wp.com\/www.jazzzeitung.de\/cms\/wp-content\/uploads\/2018\/01\/Peter-Gall-Foto-TJ-Krebs-jazzphotoagencyweb.de_.jpg?resize=200%2C300&amp;ssl=1 200w, https:\/\/i0.wp.com\/www.jazzzeitung.de\/cms\/wp-content\/uploads\/2018\/01\/Peter-Gall-Foto-TJ-Krebs-jazzphotoagencyweb.de_.jpg?resize=768%2C1151&amp;ssl=1 768w, https:\/\/i0.wp.com\/www.jazzzeitung.de\/cms\/wp-content\/uploads\/2018\/01\/Peter-Gall-Foto-TJ-Krebs-jazzphotoagencyweb.de_.jpg?resize=400%2C600&amp;ssl=1 400w, https:\/\/i0.wp.com\/www.jazzzeitung.de\/cms\/wp-content\/uploads\/2018\/01\/Peter-Gall-Foto-TJ-Krebs-jazzphotoagencyweb.de_.jpg?resize=600%2C899&amp;ssl=1 600w\" width=\"157\" height=\"235\" loading=\"lazy\" data-original-width=\"157\" data-original-height=\"235\" itemprop=\"http:\/\/schema.org\/image\" title=\"Peter Gall - Foto TJ Krebs jazzphotoagencyweb.de\" alt=\"Peter Gall - Foto TJ Krebs jazzphotoagencyweb.de\" style=\"width: 157px; height: 235px;\" \/> <\/a> <\/div> <\/div> <!-- close group --> <\/div> <!-- close row --> <\/div>\n<p>Mit der neuen Aufnahme gelingt Gall etwas, das beim ersten H\u00f6ren leicht und unbeschwert klingt, es im Nachgang aber in sich hat. Ob Nina Simones \u201eSea Line Woman\u201c, Lennon\/ McCartneys \u201eAcross The Universe\u201c oder die \u00fcbrigen f\u00fcr diese Aufnahme komponierten St\u00fccke: Chris Gall geht sein aktuelles Trio-Album musikalisch unkonventionell aber gleichzeitig vollkommen balanciert an. Absolut fresh und melodiebetont, wie man es bislang von ihm kennt, schert er sich nicht um Genrereinheit eines Jazzalbums, sondern spielt hochemotional und gleichzeitig harmonisch pointiert. Das Trio musiziert homogen mit viel Raum f\u00fcr Klangmomente und erz\u00e4hlt so mit den Instrumenten gro\u00dfartige, spannende Geschichten. Dabei entsteht eine grandiose Stimmung die nicht nur Jazzfans begeistern d\u00fcrfte. Allem voran herrscht ein klarer Sound, der die ausdrucksstarken Themen betont. Ob k\u00fchle Phrasierungen, heitere L\u00e4ufe oder groovende Rhythmen &#8211; es ist alles dabei und nimmt den H\u00f6rer mit auf die Reise zu Chris Galls kosmischen (Klavier-)Spielplatz.<\/p>\n<p>Heute (2.2.2018) am offiziellen Ver\u00f6ffentlichungstermin von \u201eCosmic Playground\u201c, findet im M\u00fcnchner Jazzclub Unterfahrt das CD-Release-Konzert statt.<\/p>\n<p>Weitere Live-Termine unter: <a href=\"http:\/\/www.chrisgallmusic.com\/live\/\">http:\/\/www.chrisgallmusic.com\/live\/<\/a><\/p>\n<p><strong>Chris Gall Trio &#8211; Cosmic Playground<\/strong><\/p>\n<p><strong>GLM\u00a0 EC 578 \u2013 2<\/strong><\/p>\n<p>Text &amp; Fotos Thomas J. Krebs<\/p>\n<p><strong>\u00a0<\/strong><\/p>\n","protected":false},"excerpt":{"rendered":"<p>\u201eCosmic Playgrund\u201d, die neue Trio CD des Pianisten Chris Gall, ist auf eine besondere Weise eine \u201efamily affair\u201d, begleitet am Schlagzeug von seinem j\u00fcngeren Bruder Peter Gall (der bereits an den ersten Vorg\u00e4ngeralben mitbeteiligt war) und dem M\u00fcnchner Ausnahmebassisten Henning Sieverts. Die drei kennen sich seit Jahren, musizieren und arbeiten immer wieder in unterschiedlichsten Besetzungen erfolgreich zusammen. Mit der neuen Aufnahme gelingt Gall etwas, das beim ersten H\u00f6ren leicht und unbeschwert klingt, es im Nachgang aber in sich hat. Ob Nina Simones \u201eSea Line Woman\u201c, Lennon\/ McCartneys \u201eAcross The Universe\u201c oder die \u00fcbrigen f\u00fcr diese Aufnahme komponierten St\u00fccke: Chris Gall geht sein aktuelles Trio-Album musikalisch unkonventionell aber gleichzeitig vollkommen balanciert an. Absolut fresh und melodiebetont, wie man es bislang von ihm kennt, schert er sich nicht um Genrereinheit eines Jazzalbums, sondern spielt hochemotional und gleichzeitig harmonisch pointiert. Das Trio musiziert homogen mit viel Raum f\u00fcr Klangmomente und erz\u00e4hlt so mit den Instrumenten gro\u00dfartige, spannende Geschichten. Dabei entsteht eine grandiose Stimmung die nicht nur Jazzfans begeistern d\u00fcrfte. Allem voran herrscht ein klarer Sound, der die ausdrucksstarken Themen betont. Ob k\u00fchle Phrasierungen, heitere L\u00e4ufe oder groovende Rhythmen &hellip;<\/p>\n","protected":false},"author":35,"featured_media":14964,"comment_status":"open","ping_status":"closed","sticky":false,"template":"","format":"standard","meta":{"_jetpack_memberships_contains_paid_content":false,"footnotes":"","jetpack_publicize_message":"","jetpack_publicize_feature_enabled":true,"jetpack_social_post_already_shared":false,"jetpack_social_options":{"image_generator_settings":{"template":"highway","default_image_id":0,"font":"","enabled":false},"version":2}},"categories":[633],"tags":[34,109,1485,1461,1933,1934,1911,842,221,271,809,322,1418,1672,1541,1186,1564,1260,1356,573],"coauthors":[1602],"class_list":["post-14958","post","type-post","status-publish","format-standard","has-post-thumbnail","hentry","category-nachrichten","tag-album","tag-cd","tag-cd-rezension","tag-chris-gall","tag-cosmic-playground","tag-family-affair","tag-fotos","tag-glm","tag-henning-sieverts","tag-jazzclub","tag-jazzclub-unterfahrt","tag-konzert-2","tag-krebs","tag-live","tag-muenchner-jazzclub-unterfahrt","tag-rezension","tag-schlagzeug","tag-thomas-j-krebs","tag-trio","tag-unterfahrt"],"yoast_head":"<!-- This site is optimized with the Yoast SEO plugin v27.5 - https:\/\/yoast.com\/product\/yoast-seo-wordpress\/ -->\n<title>CD-Rezension und Konzert-Tipp: Chris Gall Trio - Cosmic Playground - JazzZeitung<\/title>\n<meta name=\"robots\" content=\"index, follow, max-snippet:-1, max-image-preview:large, max-video-preview:-1\" \/>\n<link rel=\"canonical\" href=\"https:\/\/www.jazzzeitung.de\/cms\/2018\/02\/cd-rezension-und-konzert-tipp-chris-gall-trio-cosmic-playground\/\" \/>\n<meta property=\"og:locale\" content=\"de_DE\" \/>\n<meta property=\"og:type\" content=\"article\" \/>\n<meta property=\"og:title\" content=\"CD-Rezension und Konzert-Tipp: Chris Gall Trio - Cosmic Playground - JazzZeitung\" \/>\n<meta property=\"og:description\" content=\"\u201eCosmic Playgrund\u201d, die neue Trio CD des Pianisten Chris Gall, ist auf eine besondere Weise eine \u201efamily affair\u201d, begleitet am Schlagzeug von seinem j\u00fcngeren Bruder Peter Gall (der bereits an den ersten Vorg\u00e4ngeralben mitbeteiligt war) und dem M\u00fcnchner Ausnahmebassisten Henning Sieverts. Die drei kennen sich seit Jahren, musizieren und arbeiten immer wieder in unterschiedlichsten Besetzungen erfolgreich zusammen. Mit der neuen Aufnahme gelingt Gall etwas, das beim ersten H\u00f6ren leicht und unbeschwert klingt, es im Nachgang aber in sich hat. Ob Nina Simones \u201eSea Line Woman\u201c, Lennon\/ McCartneys \u201eAcross The Universe\u201c oder die \u00fcbrigen f\u00fcr diese Aufnahme komponierten St\u00fccke: Chris Gall geht sein aktuelles Trio-Album musikalisch unkonventionell aber gleichzeitig vollkommen balanciert an. Absolut fresh und melodiebetont, wie man es bislang von ihm kennt, schert er sich nicht um Genrereinheit eines Jazzalbums, sondern spielt hochemotional und gleichzeitig harmonisch pointiert. Das Trio musiziert homogen mit viel Raum f\u00fcr Klangmomente und erz\u00e4hlt so mit den Instrumenten gro\u00dfartige, spannende Geschichten. Dabei entsteht eine grandiose Stimmung die nicht nur Jazzfans begeistern d\u00fcrfte. Allem voran herrscht ein klarer Sound, der die ausdrucksstarken Themen betont. Ob k\u00fchle Phrasierungen, heitere L\u00e4ufe oder groovende Rhythmen &hellip;\" \/>\n<meta property=\"og:url\" content=\"https:\/\/www.jazzzeitung.de\/cms\/2018\/02\/cd-rezension-und-konzert-tipp-chris-gall-trio-cosmic-playground\/\" \/>\n<meta property=\"og:site_name\" content=\"JazzZeitung\" \/>\n<meta property=\"article:publisher\" content=\"https:\/\/www.facebook.com\/JazzZeitung\/\" \/>\n<meta property=\"article:published_time\" content=\"2018-02-02T08:32:11+00:00\" \/>\n<meta property=\"og:image\" content=\"https:\/\/i0.wp.com\/www.jazzzeitung.de\/cms\/wp-content\/uploads\/2018\/01\/CD-Cover-Cosmic-playground.jpg?fit=1200%2C1200&ssl=1\" \/>\n\t<meta property=\"og:image:width\" content=\"1200\" \/>\n\t<meta property=\"og:image:height\" content=\"1200\" \/>\n\t<meta property=\"og:image:type\" content=\"image\/jpeg\" \/>\n<meta name=\"author\" content=\"Thomas J. Krebs\" \/>\n<script type=\"application\/ld+json\" class=\"yoast-schema-graph\">{\"@context\":\"https:\\\/\\\/schema.org\",\"@graph\":[{\"@type\":\"Article\",\"@id\":\"https:\\\/\\\/www.jazzzeitung.de\\\/cms\\\/2018\\\/02\\\/cd-rezension-und-konzert-tipp-chris-gall-trio-cosmic-playground\\\/#article\",\"isPartOf\":{\"@id\":\"https:\\\/\\\/www.jazzzeitung.de\\\/cms\\\/2018\\\/02\\\/cd-rezension-und-konzert-tipp-chris-gall-trio-cosmic-playground\\\/\"},\"author\":{\"name\":\"Thomas J. Krebs\",\"@id\":\"https:\\\/\\\/www.jazzzeitung.de\\\/cms\\\/#\\\/schema\\\/person\\\/ba94c5bbea92d014d6a3d1f0105daa18\"},\"headline\":\"CD-Rezension und Konzert-Tipp: Chris Gall Trio &#8211; Cosmic Playground\",\"datePublished\":\"2018-02-02T08:32:11+00:00\",\"mainEntityOfPage\":{\"@id\":\"https:\\\/\\\/www.jazzzeitung.de\\\/cms\\\/2018\\\/02\\\/cd-rezension-und-konzert-tipp-chris-gall-trio-cosmic-playground\\\/\"},\"wordCount\":269,\"commentCount\":0,\"publisher\":{\"@id\":\"https:\\\/\\\/www.jazzzeitung.de\\\/cms\\\/#organization\"},\"image\":{\"@id\":\"https:\\\/\\\/www.jazzzeitung.de\\\/cms\\\/2018\\\/02\\\/cd-rezension-und-konzert-tipp-chris-gall-trio-cosmic-playground\\\/#primaryimage\"},\"thumbnailUrl\":\"https:\\\/\\\/i0.wp.com\\\/www.jazzzeitung.de\\\/cms\\\/wp-content\\\/uploads\\\/2018\\\/01\\\/CD-Cover-Cosmic-playground.jpg?fit=1200%2C1200&ssl=1\",\"keywords\":[\"Album\",\"CD\",\"CD-Rezension\",\"Chris Gall\",\"Cosmic Playground\",\"Family affair\",\"Fotos\",\"GLM\",\"Henning Sieverts\",\"Jazzclub\",\"Jazzclub Unterfahrt\",\"Konzert\",\"krebs\",\"Live\",\"M\u00fcnchner Jazzclub Unterfahrt\",\"Rezension\",\"Schlagzeug\",\"Thomas J. Krebs\",\"trio\",\"Unterfahrt\"],\"articleSection\":[\"News\"],\"inLanguage\":\"de\",\"potentialAction\":[{\"@type\":\"CommentAction\",\"name\":\"Comment\",\"target\":[\"https:\\\/\\\/www.jazzzeitung.de\\\/cms\\\/2018\\\/02\\\/cd-rezension-und-konzert-tipp-chris-gall-trio-cosmic-playground\\\/#respond\"]}]},{\"@type\":\"WebPage\",\"@id\":\"https:\\\/\\\/www.jazzzeitung.de\\\/cms\\\/2018\\\/02\\\/cd-rezension-und-konzert-tipp-chris-gall-trio-cosmic-playground\\\/\",\"url\":\"https:\\\/\\\/www.jazzzeitung.de\\\/cms\\\/2018\\\/02\\\/cd-rezension-und-konzert-tipp-chris-gall-trio-cosmic-playground\\\/\",\"name\":\"CD-Rezension und Konzert-Tipp: Chris Gall Trio - Cosmic Playground - JazzZeitung\",\"isPartOf\":{\"@id\":\"https:\\\/\\\/www.jazzzeitung.de\\\/cms\\\/#website\"},\"primaryImageOfPage\":{\"@id\":\"https:\\\/\\\/www.jazzzeitung.de\\\/cms\\\/2018\\\/02\\\/cd-rezension-und-konzert-tipp-chris-gall-trio-cosmic-playground\\\/#primaryimage\"},\"image\":{\"@id\":\"https:\\\/\\\/www.jazzzeitung.de\\\/cms\\\/2018\\\/02\\\/cd-rezension-und-konzert-tipp-chris-gall-trio-cosmic-playground\\\/#primaryimage\"},\"thumbnailUrl\":\"https:\\\/\\\/i0.wp.com\\\/www.jazzzeitung.de\\\/cms\\\/wp-content\\\/uploads\\\/2018\\\/01\\\/CD-Cover-Cosmic-playground.jpg?fit=1200%2C1200&ssl=1\",\"datePublished\":\"2018-02-02T08:32:11+00:00\",\"breadcrumb\":{\"@id\":\"https:\\\/\\\/www.jazzzeitung.de\\\/cms\\\/2018\\\/02\\\/cd-rezension-und-konzert-tipp-chris-gall-trio-cosmic-playground\\\/#breadcrumb\"},\"inLanguage\":\"de\",\"potentialAction\":[{\"@type\":\"ReadAction\",\"target\":[\"https:\\\/\\\/www.jazzzeitung.de\\\/cms\\\/2018\\\/02\\\/cd-rezension-und-konzert-tipp-chris-gall-trio-cosmic-playground\\\/\"]}]},{\"@type\":\"ImageObject\",\"inLanguage\":\"de\",\"@id\":\"https:\\\/\\\/www.jazzzeitung.de\\\/cms\\\/2018\\\/02\\\/cd-rezension-und-konzert-tipp-chris-gall-trio-cosmic-playground\\\/#primaryimage\",\"url\":\"https:\\\/\\\/i0.wp.com\\\/www.jazzzeitung.de\\\/cms\\\/wp-content\\\/uploads\\\/2018\\\/01\\\/CD-Cover-Cosmic-playground.jpg?fit=1200%2C1200&ssl=1\",\"contentUrl\":\"https:\\\/\\\/i0.wp.com\\\/www.jazzzeitung.de\\\/cms\\\/wp-content\\\/uploads\\\/2018\\\/01\\\/CD-Cover-Cosmic-playground.jpg?fit=1200%2C1200&ssl=1\",\"width\":1200,\"height\":1200},{\"@type\":\"BreadcrumbList\",\"@id\":\"https:\\\/\\\/www.jazzzeitung.de\\\/cms\\\/2018\\\/02\\\/cd-rezension-und-konzert-tipp-chris-gall-trio-cosmic-playground\\\/#breadcrumb\",\"itemListElement\":[{\"@type\":\"ListItem\",\"position\":1,\"name\":\"Startseite\",\"item\":\"https:\\\/\\\/www.jazzzeitung.de\\\/cms\\\/\"},{\"@type\":\"ListItem\",\"position\":2,\"name\":\"CD-Rezension und Konzert-Tipp: Chris Gall Trio &#8211; Cosmic Playground\"}]},{\"@type\":\"WebSite\",\"@id\":\"https:\\\/\\\/www.jazzzeitung.de\\\/cms\\\/#website\",\"url\":\"https:\\\/\\\/www.jazzzeitung.de\\\/cms\\\/\",\"name\":\"JazzZeitung\",\"description\":\"Jazz-News und Jazz-Kontroverses\",\"publisher\":{\"@id\":\"https:\\\/\\\/www.jazzzeitung.de\\\/cms\\\/#organization\"},\"potentialAction\":[{\"@type\":\"SearchAction\",\"target\":{\"@type\":\"EntryPoint\",\"urlTemplate\":\"https:\\\/\\\/www.jazzzeitung.de\\\/cms\\\/?s={search_term_string}\"},\"query-input\":{\"@type\":\"PropertyValueSpecification\",\"valueRequired\":true,\"valueName\":\"search_term_string\"}}],\"inLanguage\":\"de\"},{\"@type\":\"Organization\",\"@id\":\"https:\\\/\\\/www.jazzzeitung.de\\\/cms\\\/#organization\",\"name\":\"JazzZeitung online\",\"url\":\"https:\\\/\\\/www.jazzzeitung.de\\\/cms\\\/\",\"logo\":{\"@type\":\"ImageObject\",\"inLanguage\":\"de\",\"@id\":\"https:\\\/\\\/www.jazzzeitung.de\\\/cms\\\/#\\\/schema\\\/logo\\\/image\\\/\",\"url\":\"https:\\\/\\\/i0.wp.com\\\/www.jazzzeitung.de\\\/cms\\\/wp-content\\\/uploads\\\/2015\\\/08\\\/JAZZZEITUNGDE_Logo_Neu.png?fit=499%2C200&ssl=1\",\"contentUrl\":\"https:\\\/\\\/i0.wp.com\\\/www.jazzzeitung.de\\\/cms\\\/wp-content\\\/uploads\\\/2015\\\/08\\\/JAZZZEITUNGDE_Logo_Neu.png?fit=499%2C200&ssl=1\",\"width\":499,\"height\":200,\"caption\":\"JazzZeitung online\"},\"image\":{\"@id\":\"https:\\\/\\\/www.jazzzeitung.de\\\/cms\\\/#\\\/schema\\\/logo\\\/image\\\/\"},\"sameAs\":[\"https:\\\/\\\/www.facebook.com\\\/JazzZeitung\\\/\"]},{\"@type\":\"Person\",\"@id\":\"https:\\\/\\\/www.jazzzeitung.de\\\/cms\\\/#\\\/schema\\\/person\\\/ba94c5bbea92d014d6a3d1f0105daa18\",\"name\":\"Thomas J. Krebs\",\"image\":{\"@type\":\"ImageObject\",\"inLanguage\":\"de\",\"@id\":\"https:\\\/\\\/secure.gravatar.com\\\/avatar\\\/e362b221c114fbcde56be31a2eacbbab541308e5bf72f20d4519b16cdeb5c667?s=96&d=wp_user_avatar&r=ga12b8f4e2750c9ca30f9e22cab2177c6\",\"url\":\"https:\\\/\\\/secure.gravatar.com\\\/avatar\\\/e362b221c114fbcde56be31a2eacbbab541308e5bf72f20d4519b16cdeb5c667?s=96&d=wp_user_avatar&r=g\",\"contentUrl\":\"https:\\\/\\\/secure.gravatar.com\\\/avatar\\\/e362b221c114fbcde56be31a2eacbbab541308e5bf72f20d4519b16cdeb5c667?s=96&d=wp_user_avatar&r=g\",\"caption\":\"Thomas J. Krebs\"},\"url\":\"https:\\\/\\\/www.jazzzeitung.de\\\/cms\\\/author\\\/krebs\\\/\"}]}<\/script>\n<!-- \/ Yoast SEO plugin. -->","yoast_head_json":{"title":"CD-Rezension und Konzert-Tipp: Chris Gall Trio - Cosmic Playground - JazzZeitung","robots":{"index":"index","follow":"follow","max-snippet":"max-snippet:-1","max-image-preview":"max-image-preview:large","max-video-preview":"max-video-preview:-1"},"canonical":"https:\/\/www.jazzzeitung.de\/cms\/2018\/02\/cd-rezension-und-konzert-tipp-chris-gall-trio-cosmic-playground\/","og_locale":"de_DE","og_type":"article","og_title":"CD-Rezension und Konzert-Tipp: Chris Gall Trio - Cosmic Playground - JazzZeitung","og_description":"\u201eCosmic Playgrund\u201d, die neue Trio CD des Pianisten Chris Gall, ist auf eine besondere Weise eine \u201efamily affair\u201d, begleitet am Schlagzeug von seinem j\u00fcngeren Bruder Peter Gall (der bereits an den ersten Vorg\u00e4ngeralben mitbeteiligt war) und dem M\u00fcnchner Ausnahmebassisten Henning Sieverts. Die drei kennen sich seit Jahren, musizieren und arbeiten immer wieder in unterschiedlichsten Besetzungen erfolgreich zusammen. Mit der neuen Aufnahme gelingt Gall etwas, das beim ersten H\u00f6ren leicht und unbeschwert klingt, es im Nachgang aber in sich hat. Ob Nina Simones \u201eSea Line Woman\u201c, Lennon\/ McCartneys \u201eAcross The Universe\u201c oder die \u00fcbrigen f\u00fcr diese Aufnahme komponierten St\u00fccke: Chris Gall geht sein aktuelles Trio-Album musikalisch unkonventionell aber gleichzeitig vollkommen balanciert an. Absolut fresh und melodiebetont, wie man es bislang von ihm kennt, schert er sich nicht um Genrereinheit eines Jazzalbums, sondern spielt hochemotional und gleichzeitig harmonisch pointiert. Das Trio musiziert homogen mit viel Raum f\u00fcr Klangmomente und erz\u00e4hlt so mit den Instrumenten gro\u00dfartige, spannende Geschichten. Dabei entsteht eine grandiose Stimmung die nicht nur Jazzfans begeistern d\u00fcrfte. Allem voran herrscht ein klarer Sound, der die ausdrucksstarken Themen betont. Ob k\u00fchle Phrasierungen, heitere L\u00e4ufe oder groovende Rhythmen &hellip;","og_url":"https:\/\/www.jazzzeitung.de\/cms\/2018\/02\/cd-rezension-und-konzert-tipp-chris-gall-trio-cosmic-playground\/","og_site_name":"JazzZeitung","article_publisher":"https:\/\/www.facebook.com\/JazzZeitung\/","article_published_time":"2018-02-02T08:32:11+00:00","og_image":[{"width":1200,"height":1200,"url":"https:\/\/i0.wp.com\/www.jazzzeitung.de\/cms\/wp-content\/uploads\/2018\/01\/CD-Cover-Cosmic-playground.jpg?fit=1200%2C1200&ssl=1","type":"image\/jpeg"}],"author":"Thomas J. Krebs","schema":{"@context":"https:\/\/schema.org","@graph":[{"@type":"Article","@id":"https:\/\/www.jazzzeitung.de\/cms\/2018\/02\/cd-rezension-und-konzert-tipp-chris-gall-trio-cosmic-playground\/#article","isPartOf":{"@id":"https:\/\/www.jazzzeitung.de\/cms\/2018\/02\/cd-rezension-und-konzert-tipp-chris-gall-trio-cosmic-playground\/"},"author":{"name":"Thomas J. Krebs","@id":"https:\/\/www.jazzzeitung.de\/cms\/#\/schema\/person\/ba94c5bbea92d014d6a3d1f0105daa18"},"headline":"CD-Rezension und Konzert-Tipp: Chris Gall Trio &#8211; Cosmic Playground","datePublished":"2018-02-02T08:32:11+00:00","mainEntityOfPage":{"@id":"https:\/\/www.jazzzeitung.de\/cms\/2018\/02\/cd-rezension-und-konzert-tipp-chris-gall-trio-cosmic-playground\/"},"wordCount":269,"commentCount":0,"publisher":{"@id":"https:\/\/www.jazzzeitung.de\/cms\/#organization"},"image":{"@id":"https:\/\/www.jazzzeitung.de\/cms\/2018\/02\/cd-rezension-und-konzert-tipp-chris-gall-trio-cosmic-playground\/#primaryimage"},"thumbnailUrl":"https:\/\/i0.wp.com\/www.jazzzeitung.de\/cms\/wp-content\/uploads\/2018\/01\/CD-Cover-Cosmic-playground.jpg?fit=1200%2C1200&ssl=1","keywords":["Album","CD","CD-Rezension","Chris Gall","Cosmic Playground","Family affair","Fotos","GLM","Henning Sieverts","Jazzclub","Jazzclub Unterfahrt","Konzert","krebs","Live","M\u00fcnchner Jazzclub Unterfahrt","Rezension","Schlagzeug","Thomas J. Krebs","trio","Unterfahrt"],"articleSection":["News"],"inLanguage":"de","potentialAction":[{"@type":"CommentAction","name":"Comment","target":["https:\/\/www.jazzzeitung.de\/cms\/2018\/02\/cd-rezension-und-konzert-tipp-chris-gall-trio-cosmic-playground\/#respond"]}]},{"@type":"WebPage","@id":"https:\/\/www.jazzzeitung.de\/cms\/2018\/02\/cd-rezension-und-konzert-tipp-chris-gall-trio-cosmic-playground\/","url":"https:\/\/www.jazzzeitung.de\/cms\/2018\/02\/cd-rezension-und-konzert-tipp-chris-gall-trio-cosmic-playground\/","name":"CD-Rezension und Konzert-Tipp: Chris Gall Trio - Cosmic Playground - JazzZeitung","isPartOf":{"@id":"https:\/\/www.jazzzeitung.de\/cms\/#website"},"primaryImageOfPage":{"@id":"https:\/\/www.jazzzeitung.de\/cms\/2018\/02\/cd-rezension-und-konzert-tipp-chris-gall-trio-cosmic-playground\/#primaryimage"},"image":{"@id":"https:\/\/www.jazzzeitung.de\/cms\/2018\/02\/cd-rezension-und-konzert-tipp-chris-gall-trio-cosmic-playground\/#primaryimage"},"thumbnailUrl":"https:\/\/i0.wp.com\/www.jazzzeitung.de\/cms\/wp-content\/uploads\/2018\/01\/CD-Cover-Cosmic-playground.jpg?fit=1200%2C1200&ssl=1","datePublished":"2018-02-02T08:32:11+00:00","breadcrumb":{"@id":"https:\/\/www.jazzzeitung.de\/cms\/2018\/02\/cd-rezension-und-konzert-tipp-chris-gall-trio-cosmic-playground\/#breadcrumb"},"inLanguage":"de","potentialAction":[{"@type":"ReadAction","target":["https:\/\/www.jazzzeitung.de\/cms\/2018\/02\/cd-rezension-und-konzert-tipp-chris-gall-trio-cosmic-playground\/"]}]},{"@type":"ImageObject","inLanguage":"de","@id":"https:\/\/www.jazzzeitung.de\/cms\/2018\/02\/cd-rezension-und-konzert-tipp-chris-gall-trio-cosmic-playground\/#primaryimage","url":"https:\/\/i0.wp.com\/www.jazzzeitung.de\/cms\/wp-content\/uploads\/2018\/01\/CD-Cover-Cosmic-playground.jpg?fit=1200%2C1200&ssl=1","contentUrl":"https:\/\/i0.wp.com\/www.jazzzeitung.de\/cms\/wp-content\/uploads\/2018\/01\/CD-Cover-Cosmic-playground.jpg?fit=1200%2C1200&ssl=1","width":1200,"height":1200},{"@type":"BreadcrumbList","@id":"https:\/\/www.jazzzeitung.de\/cms\/2018\/02\/cd-rezension-und-konzert-tipp-chris-gall-trio-cosmic-playground\/#breadcrumb","itemListElement":[{"@type":"ListItem","position":1,"name":"Startseite","item":"https:\/\/www.jazzzeitung.de\/cms\/"},{"@type":"ListItem","position":2,"name":"CD-Rezension und Konzert-Tipp: Chris Gall Trio &#8211; Cosmic Playground"}]},{"@type":"WebSite","@id":"https:\/\/www.jazzzeitung.de\/cms\/#website","url":"https:\/\/www.jazzzeitung.de\/cms\/","name":"JazzZeitung","description":"Jazz-News und Jazz-Kontroverses","publisher":{"@id":"https:\/\/www.jazzzeitung.de\/cms\/#organization"},"potentialAction":[{"@type":"SearchAction","target":{"@type":"EntryPoint","urlTemplate":"https:\/\/www.jazzzeitung.de\/cms\/?s={search_term_string}"},"query-input":{"@type":"PropertyValueSpecification","valueRequired":true,"valueName":"search_term_string"}}],"inLanguage":"de"},{"@type":"Organization","@id":"https:\/\/www.jazzzeitung.de\/cms\/#organization","name":"JazzZeitung online","url":"https:\/\/www.jazzzeitung.de\/cms\/","logo":{"@type":"ImageObject","inLanguage":"de","@id":"https:\/\/www.jazzzeitung.de\/cms\/#\/schema\/logo\/image\/","url":"https:\/\/i0.wp.com\/www.jazzzeitung.de\/cms\/wp-content\/uploads\/2015\/08\/JAZZZEITUNGDE_Logo_Neu.png?fit=499%2C200&ssl=1","contentUrl":"https:\/\/i0.wp.com\/www.jazzzeitung.de\/cms\/wp-content\/uploads\/2015\/08\/JAZZZEITUNGDE_Logo_Neu.png?fit=499%2C200&ssl=1","width":499,"height":200,"caption":"JazzZeitung online"},"image":{"@id":"https:\/\/www.jazzzeitung.de\/cms\/#\/schema\/logo\/image\/"},"sameAs":["https:\/\/www.facebook.com\/JazzZeitung\/"]},{"@type":"Person","@id":"https:\/\/www.jazzzeitung.de\/cms\/#\/schema\/person\/ba94c5bbea92d014d6a3d1f0105daa18","name":"Thomas J. Krebs","image":{"@type":"ImageObject","inLanguage":"de","@id":"https:\/\/secure.gravatar.com\/avatar\/e362b221c114fbcde56be31a2eacbbab541308e5bf72f20d4519b16cdeb5c667?s=96&d=wp_user_avatar&r=ga12b8f4e2750c9ca30f9e22cab2177c6","url":"https:\/\/secure.gravatar.com\/avatar\/e362b221c114fbcde56be31a2eacbbab541308e5bf72f20d4519b16cdeb5c667?s=96&d=wp_user_avatar&r=g","contentUrl":"https:\/\/secure.gravatar.com\/avatar\/e362b221c114fbcde56be31a2eacbbab541308e5bf72f20d4519b16cdeb5c667?s=96&d=wp_user_avatar&r=g","caption":"Thomas J. Krebs"},"url":"https:\/\/www.jazzzeitung.de\/cms\/author\/krebs\/"}]}},"wp-worthy-pixel":{"ignored":false,"public":null,"server":null,"url":null},"wp-worthy-type":"normal","jetpack_publicize_connections":[],"cc_featured_image_caption":{"caption_text":"","source_text":"","source_url":""},"jetpack_featured_media_url":"https:\/\/i0.wp.com\/www.jazzzeitung.de\/cms\/wp-content\/uploads\/2018\/01\/CD-Cover-Cosmic-playground.jpg?fit=1200%2C1200&ssl=1","jetpack_shortlink":"https:\/\/wp.me\/p3KEcT-3Tg","jetpack-related-posts":[{"id":5275,"url":"https:\/\/www.jazzzeitung.de\/cms\/2015\/01\/chris-gall-piano-solo-der-muenchner-unterfahrt\/","url_meta":{"origin":14958,"position":0},"title":"Chris Gall: Piano Solo in der M\u00fcnchner Unterfahrt","author":"Redaktion JazzZeitung","date":"22. Januar 2015","format":false,"excerpt":"Von Thomas J. Krebs - Der 1975 in Bad Aibling geborene Pianist Chris Gall, der \u00fcbrigens vor 15 Jahren zum ersten Mal im M\u00fcnchner Jazzclub Unterfahrt spielte, pr\u00e4sentierte dort am 20.01.2015 vor komplett ausverkauftem Haus seine aktuelle auf dem Label GLM erschiene CD \u201ePiano Solo\u201c. Bereits beim ersten St\u00fcck sprang\u2026","rel":"","context":"In &quot;Bericht&quot;","block_context":{"text":"Bericht","link":"https:\/\/www.jazzzeitung.de\/cms\/thema\/bericht\/"},"img":{"alt_text":"Chris Gall pr\u00e4sentierte in der M\u00fcnchner Unterfahrt sein neues Album Foto: Thomas J. Krebs","src":"https:\/\/i0.wp.com\/www.jazzzeitung.de\/cms\/wp-content\/uploads\/2015\/01\/Chris-gall_mini-150x150.jpg?resize=350%2C200","width":350,"height":200},"classes":[]},{"id":11592,"url":"https:\/\/www.jazzzeitung.de\/cms\/2017\/01\/rezension-chris-gall-bernhard-schimpelsberger-studio-konzert\/","url_meta":{"origin":14958,"position":1},"title":"Rezension: Chris Gall &#038; Bernhard Schimpelsberger: Studio Konzert","author":"Redaktion JazzZeitung","date":"26. Januar 2017","format":false,"excerpt":"STUDIO KONZERT - das ist eine vollanaloge, audiophile Direct-to-2-track Konzertreihe, die seit 2013 in den Ludwigsburger Bauer Studios produziert wird und ausschlie\u00dflich als 180g Vinyl, handnummeriert, als Limited Edition in den Handel gelangt. Das 21. STUDIO KONZERT bestritten der Pianist Chris Gall und Bernhard Schimpelsberger am Schlagzeug und verschiedensten Perkussionsinstrumenten.\u2026","rel":"","context":"In &quot;Rezension&quot;","block_context":{"text":"Rezension","link":"https:\/\/www.jazzzeitung.de\/cms\/thema\/rezension\/"},"img":{"alt_text":"","src":"https:\/\/i0.wp.com\/www.jazzzeitung.de\/cms\/wp-content\/uploads\/2017\/01\/Cover-STUDIO-KONZERT-NLP4157-1-150x150.jpg?resize=350%2C200","width":350,"height":200},"classes":[]},{"id":22481,"url":"https:\/\/www.jazzzeitung.de\/cms\/2020\/05\/local-heroes-live-stream-konzertreihe-aus-dem-jazzclub-unterfahrt\/","url_meta":{"origin":14958,"position":2},"title":"\u201eLocal Heroes\u201c: Live-Stream Konzertreihe aus dem Jazzclub Unterfahrt","author":"Thomas J. Krebs","date":"6. Mai 2020","format":false,"excerpt":"Auf den ersten Blick scheint alles normal zu sein, die 31 Stufen hinunter in den Keller des M\u00fcnchner Kulturzentrum Einstein, den langgezogenen Gang entlang zum Jazzclub Unterfahrt, aber dann - kein Licht am Ende des Tunnels! Alles ist dunkel und auch am Eingang des Clubs leere Plakatrahmen. Beim Betreten der\u2026","rel":"","context":"In &quot;Bericht&quot;","block_context":{"text":"Bericht","link":"https:\/\/www.jazzzeitung.de\/cms\/thema\/bericht\/"},"img":{"alt_text":"","src":"https:\/\/i0.wp.com\/www.jazzzeitung.de\/cms\/wp-content\/uploads\/2020\/05\/Br%C3%A4ndle-Schwager-May-Foto-TJ-Krebs.jpg?fit=1200%2C675&ssl=1&resize=350%2C200","width":350,"height":200,"srcset":"https:\/\/i0.wp.com\/www.jazzzeitung.de\/cms\/wp-content\/uploads\/2020\/05\/Br%C3%A4ndle-Schwager-May-Foto-TJ-Krebs.jpg?fit=1200%2C675&ssl=1&resize=350%2C200 1x, https:\/\/i0.wp.com\/www.jazzzeitung.de\/cms\/wp-content\/uploads\/2020\/05\/Br%C3%A4ndle-Schwager-May-Foto-TJ-Krebs.jpg?fit=1200%2C675&ssl=1&resize=525%2C300 1.5x, https:\/\/i0.wp.com\/www.jazzzeitung.de\/cms\/wp-content\/uploads\/2020\/05\/Br%C3%A4ndle-Schwager-May-Foto-TJ-Krebs.jpg?fit=1200%2C675&ssl=1&resize=700%2C400 2x, https:\/\/i0.wp.com\/www.jazzzeitung.de\/cms\/wp-content\/uploads\/2020\/05\/Br%C3%A4ndle-Schwager-May-Foto-TJ-Krebs.jpg?fit=1200%2C675&ssl=1&resize=1050%2C600 3x"},"classes":[]},{"id":23858,"url":"https:\/\/www.jazzzeitung.de\/cms\/2020\/11\/bmw-welt-young-artist-jazz-award-2020preistraegerkonzert-mit-philipp-schiepek-im-jazzclub-unterfahrt\/","url_meta":{"origin":14958,"position":3},"title":"BMW Welt Young Artist Jazz Award 2020:\u00a0Preistr\u00e4gerkonzert mit Philipp Schiepek im Jazzclub Unterfahrt","author":"Thomas J. Krebs","date":"23. November 2020","format":false,"excerpt":"Vor f\u00fcnf Jahren wurde der seit 2009 stattfindende BMW Welt Jazz Award um einen j\u00e4hrlichen Nachwuchspreis erweitert. Mit dem BMW Welt Young Artist Jazz Award f\u00f6rdern die BMW AG und die Stadt M\u00fcnchen gezielt junge, regionale Talente aus dem Jazzbereich und stiften neben zwei Konzerten bei den Leipziger Jazztagen und\u2026","rel":"","context":"In &quot;Bericht&quot;","block_context":{"text":"Bericht","link":"https:\/\/www.jazzzeitung.de\/cms\/thema\/bericht\/"},"img":{"alt_text":"","src":"https:\/\/i0.wp.com\/www.jazzzeitung.de\/cms\/wp-content\/uploads\/2020\/11\/P1929683-Schiepek-Quartett-Foto-TJ-Krebs.jpg?fit=1200%2C800&ssl=1&resize=350%2C200","width":350,"height":200,"srcset":"https:\/\/i0.wp.com\/www.jazzzeitung.de\/cms\/wp-content\/uploads\/2020\/11\/P1929683-Schiepek-Quartett-Foto-TJ-Krebs.jpg?fit=1200%2C800&ssl=1&resize=350%2C200 1x, https:\/\/i0.wp.com\/www.jazzzeitung.de\/cms\/wp-content\/uploads\/2020\/11\/P1929683-Schiepek-Quartett-Foto-TJ-Krebs.jpg?fit=1200%2C800&ssl=1&resize=525%2C300 1.5x, https:\/\/i0.wp.com\/www.jazzzeitung.de\/cms\/wp-content\/uploads\/2020\/11\/P1929683-Schiepek-Quartett-Foto-TJ-Krebs.jpg?fit=1200%2C800&ssl=1&resize=700%2C400 2x, https:\/\/i0.wp.com\/www.jazzzeitung.de\/cms\/wp-content\/uploads\/2020\/11\/P1929683-Schiepek-Quartett-Foto-TJ-Krebs.jpg?fit=1200%2C800&ssl=1&resize=1050%2C600 3x"},"classes":[]},{"id":8365,"url":"https:\/\/www.jazzzeitung.de\/cms\/2016\/02\/edition-unterfahrt-enja-praesentiert-neue-cd-reihe\/","url_meta":{"origin":14958,"position":4},"title":"&#8222;Edition Unterfahrt&#8220;: enja pr\u00e4sentiert neue CD-Reihe","author":"Redaktion JazzZeitung","date":"9. Februar 2016","format":false,"excerpt":"Mit der ersten Ausgabe der Edition Unterfahrt verwirklicht der Jazzclub Unterfahrt ein lang gehegtes Vorhaben: Aufnahmen aus dem Club bzw. mit Musikern, die in enger Verbundenheit mit dem Club stehen. In Zusammenarbeit mit Enja Records erscheint in dieser neuen Reihe Ende Februar die erste CD Vibes & Strings, ein Projekt\u2026","rel":"","context":"In &quot;Redaktionelle Nachrichten&quot;","block_context":{"text":"Redaktionelle Nachrichten","link":"https:\/\/www.jazzzeitung.de\/cms\/thema\/redaktion\/"},"img":{"alt_text":"henning-sieverts-vibes-and-strings","src":"https:\/\/i0.wp.com\/www.jazzzeitung.de\/cms\/wp-content\/uploads\/2016\/02\/henning-sieverts-vibes-and-strings-150x150.jpg?resize=350%2C200","width":350,"height":200},"classes":[]},{"id":18055,"url":"https:\/\/www.jazzzeitung.de\/cms\/2018\/12\/das-trio-escape-argot-im-jazzclub-unterfahrt\/","url_meta":{"origin":14958,"position":5},"title":"Das Trio &#8222;Escape Argot&#8220; im Jazzclub Unterfahrt","author":"Redaktion JazzZeitung","date":"9. Dezember 2018","format":false,"excerpt":"Da wird sich so manch einer im Nachhinein \u00e4rgern, diesen fantastischen Gig verpasst zu haben. Die Schweiz zu Gast im M\u00fcnchner Jazzclub Unterfahrt: der Schlagzeuger Christoph Steiner (\u201eHildegard lernt fliegen\u201c) entwickelt mit dem Trio \"Escape Argot\" zusammen mit Pianist Florian Favre und Christoph Grab am Saxophon eine eigene Klangsprache. Favre\u2026","rel":"","context":"In &quot;Bericht&quot;","block_context":{"text":"Bericht","link":"https:\/\/www.jazzzeitung.de\/cms\/thema\/bericht\/"},"img":{"alt_text":"","src":"https:\/\/i0.wp.com\/www.jazzzeitung.de\/cms\/wp-content\/uploads\/2018\/12\/Florian-Favre-H%C3%A4nde-Foto-TJ-Krebs-jazzphotoagency%40web.de_.jpg?fit=1200%2C800&ssl=1&resize=350%2C200","width":350,"height":200,"srcset":"https:\/\/i0.wp.com\/www.jazzzeitung.de\/cms\/wp-content\/uploads\/2018\/12\/Florian-Favre-H%C3%A4nde-Foto-TJ-Krebs-jazzphotoagency%40web.de_.jpg?fit=1200%2C800&ssl=1&resize=350%2C200 1x, https:\/\/i0.wp.com\/www.jazzzeitung.de\/cms\/wp-content\/uploads\/2018\/12\/Florian-Favre-H%C3%A4nde-Foto-TJ-Krebs-jazzphotoagency%40web.de_.jpg?fit=1200%2C800&ssl=1&resize=525%2C300 1.5x, https:\/\/i0.wp.com\/www.jazzzeitung.de\/cms\/wp-content\/uploads\/2018\/12\/Florian-Favre-H%C3%A4nde-Foto-TJ-Krebs-jazzphotoagency%40web.de_.jpg?fit=1200%2C800&ssl=1&resize=700%2C400 2x, https:\/\/i0.wp.com\/www.jazzzeitung.de\/cms\/wp-content\/uploads\/2018\/12\/Florian-Favre-H%C3%A4nde-Foto-TJ-Krebs-jazzphotoagency%40web.de_.jpg?fit=1200%2C800&ssl=1&resize=1050%2C600 3x"},"classes":[]}],"jetpack_sharing_enabled":true,"_links":{"self":[{"href":"https:\/\/www.jazzzeitung.de\/cms\/wp-json\/wp\/v2\/posts\/14958","targetHints":{"allow":["GET"]}}],"collection":[{"href":"https:\/\/www.jazzzeitung.de\/cms\/wp-json\/wp\/v2\/posts"}],"about":[{"href":"https:\/\/www.jazzzeitung.de\/cms\/wp-json\/wp\/v2\/types\/post"}],"author":[{"embeddable":true,"href":"https:\/\/www.jazzzeitung.de\/cms\/wp-json\/wp\/v2\/users\/35"}],"replies":[{"embeddable":true,"href":"https:\/\/www.jazzzeitung.de\/cms\/wp-json\/wp\/v2\/comments?post=14958"}],"version-history":[{"count":1,"href":"https:\/\/www.jazzzeitung.de\/cms\/wp-json\/wp\/v2\/posts\/14958\/revisions"}],"predecessor-version":[{"id":14963,"href":"https:\/\/www.jazzzeitung.de\/cms\/wp-json\/wp\/v2\/posts\/14958\/revisions\/14963"}],"wp:featuredmedia":[{"embeddable":true,"href":"https:\/\/www.jazzzeitung.de\/cms\/wp-json\/wp\/v2\/media\/14964"}],"wp:attachment":[{"href":"https:\/\/www.jazzzeitung.de\/cms\/wp-json\/wp\/v2\/media?parent=14958"}],"wp:term":[{"taxonomy":"category","embeddable":true,"href":"https:\/\/www.jazzzeitung.de\/cms\/wp-json\/wp\/v2\/categories?post=14958"},{"taxonomy":"post_tag","embeddable":true,"href":"https:\/\/www.jazzzeitung.de\/cms\/wp-json\/wp\/v2\/tags?post=14958"},{"taxonomy":"author","embeddable":true,"href":"https:\/\/www.jazzzeitung.de\/cms\/wp-json\/wp\/v2\/coauthors?post=14958"}],"curies":[{"name":"wp","href":"https:\/\/api.w.org\/{rel}","templated":true}]}}