{"id":14956,"date":"2018-02-04T12:00:07","date_gmt":"2018-02-04T11:00:07","guid":{"rendered":"https:\/\/www.jazzzeitung.de\/cms\/?p=14956"},"modified":"2018-01-29T19:27:24","modified_gmt":"2018-01-29T18:27:24","slug":"die-jazz-radiowoche-vom-05-02-bis-11-02-2018","status":"publish","type":"post","link":"https:\/\/www.jazzzeitung.de\/cms\/2018\/02\/die-jazz-radiowoche-vom-05-02-bis-11-02-2018\/","title":{"rendered":"Die Jazz-Radiowoche vom 05.02. bis 11.02.2018"},"content":{"rendered":"<p>Ein subjektiver Blick in die Jazzwoche 6 im Radio. Unter anderem mit:<br \/>\nMichel Petrucciani, Calexico, \u201eNews from Argentina\u201c \u2013 hr-Bigband cond. &amp; arr. by Guillermo Klein, Klanglandschaft Korsika, Norbert Scholly &amp; Rainer B\u00f6hm, der norwegische Saxophonist Trygve Seim, Jazz Inbetween M\u00fcnster, Jazz aus Finnland, Julian Lage Trio, Eve Risser&#8217;s White Desert Orchestra, Schlagzeuger Art Blakey und seine Jazz Messengers, Jens D\u00fcppe \u201eDancing Beauty\u201c und das Saarbr\u00fccker Jazzfest 2017.<\/p>\n<ul>\n<li>Die \u00dcbersicht zum <a href=\"https:\/\/service.conbrio.de\/service\/download\/278\/\">Download als PDF<\/a>.<\/li>\n<\/ul>\n<p>Alle Angaben ohne Gew\u00e4hr.<\/p>\n<hr \/>\n<h2>Jazz im Radio (Fernsehen)<\/h2>\n<ul>\n<li><strong>SR2<\/strong> \u2013 <a href=\"http:\/\/www.sr.de\/sr\/sr2\/sendungen_a-z\/uebersicht\/jazznow\/index.html\">JazzNow<\/a> \u2013 Sonntags von 20.04 bis 22.30 Uhr<\/li>\n<li><strong>BR-KLASSIK \u2013 <\/strong><a href=\"https:\/\/www.br-klassik.de\/themen\/jazz-und-weltmusik\/jazztime-die-ganze-welt-des-jazz-100.html\">Jazztime<\/a><strong> \u2013 <\/strong>Von Montag bis Freitag t\u00e4glich um 23.05 Uhr<\/li>\n<li><strong>rbb-kulturradio<\/strong> \u2013 <a href=\"https:\/\/www.kulturradio.de\/programm\/schema\/sendungen\/late_night_jazz.html\">Late Night Jazz<\/a> \u2013 Sa und So 23:04 \u2013 24:00 Uhr<\/li>\n<li><strong>hr2-kultur<\/strong> \u2013 <a href=\"http:\/\/www.hr2.de\/musik\/jazz\/index.html\">Jazz in hr2-kultur<\/a> \u2013 t\u00e4glich<\/li>\n<li><strong>SWR2<\/strong> \u2013 <a href=\"https:\/\/www.swr.de\/swr2\/programm\/sendungen\/jazz\/startseite-mit-vorschau\/-\/id=659242\/did=13778140\/nid=659242\/13ttn4d\/index.html\">Jazz<\/a> \u2013 t\u00e4glich<\/li>\n<li><strong>WDR3<\/strong> \u2013 <a href=\"http:\/\/www1.wdr.de\/radio\/wdr3\/programm\/sendungen\/wdr3-jazz-world\/index.html\">JAZZ &amp; WORLD<\/a> \u2013 Improvisiertes zum Tagesausklang \u2013 Montag bis Freitag, 22.04 \u2013 0:00 Uhr<\/li>\n<li><strong>Deutschlandfunk<\/strong> \u2013 <a href=\"http:\/\/www.deutschlandfunk.de\/jazz.747.de.html\">Jazz (\u00dcberblick)<\/a> \u2013 <a href=\"http:\/\/www.deutschlandfunk.de\/jazz-live.822.de.html\">Jazz Live<\/a>, <a href=\"http:\/\/www.deutschlandfunk.de\/jazzfacts.824.de.html\">JazzFacts<\/a> und <a href=\"http:\/\/www.deutschlandfunk.de\/milestones.1805.de.html\">Milestones<\/a><\/li>\n<li><strong>Deutschlandfunk Kultur<\/strong> \u2013 <a href=\"http:\/\/www.deutschlandfunkkultur.de\/jazz.1142.de.html\">Jazz<\/a> \u2013 diverse Sendetermine<\/li>\n<li><strong>ARTE TV<\/strong> \u2013 <a href=\"https:\/\/www.arte.tv\/de\/videos\/arte-concert\/jazz\/?xtor=AD-6-%5bMV_CFR_ARTE_DE_Google_GEN_GDN%5d-%5bGDN_GEN_Arte_Concerts_Jazz%5d-C-%5bjazz%20musik%5d\">Jazz<\/a><\/li>\n<\/ul>\n<hr \/>\n<h2>05.02.2018<\/h2>\n<hr \/>\n<p>17:50 bis 18:00 | SWR 2<br \/>\n<strong>SWR2 Jazz vor Sechs \u2013 Robert Henry Timmons: Moanin&#8216;<\/strong><\/p>\n<p>19:04 bis 20:00 | hr2-kultur<br \/>\n<strong>H\u00f6rbar: Musik grenzenlos<\/strong><\/p>\n<p>19:35 bis 20:00 | MDR Kultur<br \/>\n<strong>MDR KULTUR \u2013 Jazz Lounge: Michel Petrucciani, Piano<\/strong><\/p>\n<p>20:05 bis 22:00 | MDR Kultur<br \/>\n<strong>MDR KULTUR im Konzert: Rocking Gringos \u2013 Calexico<\/strong><\/p>\n<p>22:04 bis 00:00 | WDR 3<br \/>\n<strong>WDR 3 Jazz &amp; World<\/strong><\/p>\n<p>22:05 bis 23:00 | NDR Info<br \/>\n<strong>Play Jazz! Das Jazzmagazin \u2013 Mit Ralf Dorschel<\/strong><\/p>\n<p>22:30 bis 23:00 | hr2-kultur<br \/>\n<strong>Jazz Now: Aus dem Dschungel der Neuver\u00f6ffentlichungen <\/strong><\/p>\n<p style=\"padding-left: 30px;\">heute u.a. mit: John Surman | Thomas Str\u00f8nen&#8217;s Time Is A Blind Guide | Am Mikrofon: Guenter Hottmann<\/p>\n<p>23:05 bis 00:00 | BR-KLASSIK<br \/>\n<strong>Jazztime: Jazztoday \u2013 Latin, Brazilian &amp; Flamenco News<\/strong><\/p>\n<p style=\"padding-left: 30px;\">Henning Sieverts pr\u00e4sentiert aktuelle CDs des Schlagzeugers Diego Pinera, des Gitarristen Kurt Rosenwinkel und des Altsaxophonisten Bernard van Rossum.<\/p>\n<hr \/>\n<h2>06.02.2018<\/h2>\n<hr \/>\n<p>01:05 bis 05:00 | Deutschlandfunk Kultur<br \/>\n<strong>Tonart: Jazz \u2013 Moderation: Vincent Neumann<\/strong><\/p>\n<p>17:50 bis 18:00 | SWR 2<br \/>\n<strong>SWR2 Jazz vor Sechs \u2013 Kinga GIyk: Freedom<\/strong><\/p>\n<p>19:35 bis 20:00 | MDR Kultur<br \/>\n<strong>MDR KULTUR \u2013 Jazz Lounge<\/strong><\/p>\n<p>20:04 bis 23:00 | hr2-kultur<br \/>\n<strong>hr-Bigband Live in concert: \u201eNews from Argentina\u201c \u2013 hr-Bigband cond. <\/strong><strong>&amp; arr. by Guillermo Klein<\/strong><\/p>\n<p style=\"padding-left: 30px;\">\u00dcbertragung des Konzerts der hr-Bigband mit dem argentinischen Pianisten,\u00a0 Arrangeur und Orchesterleiter Guillermo Klein aus der Musikhochschule, Jazzfest der HfMDK 2018, Hochschule f\u00fcr Musik und Darstellende Kunst Frankfurt<\/p>\n<p style=\"padding-left: 30px;\">Mit dem Argentinier Guillermo Klein kommt einer der innovativsten und inspiriertesten Komponisten des zeitgen\u00f6ssischen orchestralen Jazz zur hr-Bigband, im Gep\u00e4ck ein komplettes Set neuer Musik, das er eigens f\u00fcr diesen Anlass geschrieben hat.<\/p>\n<p style=\"padding-left: 30px;\">\u201eWenig im Jazz klingt wie diese Band\u201c, konstatiert das Magazin \u201eDownbeat\u201c und die Jazztimes glaubt gar zu h\u00f6ren, wie \u201eSonnenstrahlen durch den Schatten dringen\u201c. Mit \u201eLos Guachos\u201c machte der argentinische Komponist und Pianist Guillermo Klein im New York der Neunzigerjahre von sich reden. Das gro\u00dfformatige Ensemble zog Gr\u00f6\u00dfen wie Miguel Zenon, Ben Monder oder Chris Cheek geradezu magnetisch an und pr\u00e4sentierte einen orchestralen Jazz, wie man ihn bis dahin noch nie geh\u00f6rt hatte.<\/p>\n<p style=\"padding-left: 30px;\">Da trafen argentinische Folk-Melodien auf Bachsche Fugen oder kubanische Rhythmen auf Zitate von Gy\u00f6rgy Ligeti. Noch Jahre nachdem Klein die USA wieder Richtung Heimat verlassen hatte, wurde die Inspiration, die von ihm ausging, in der Szene des Big Apple vermisst. Freilich kehrt er immer wieder dorthin zur\u00fcck. Im letzten Jahr ist sein Album \u201eLos Guachos V\u201c erschienen, mit eben jener Riege extraodin\u00e4rer New Yorker Spieler und mit gewagten harmonischen und rhythmischen Verwirrspielen von Messiaen, Stravinsky, Ellington und Parker \u2013 um nur ein paar zu nennen. Jetzt holt ihn die hr-Bigband nach Deutschland und hat ihn zu diesem Anlass beauftragt, Musik f\u00fcr eine Konzerth\u00e4lfte neu zu komponieren.<\/p>\n<p style=\"padding-left: 30px;\">Am Mikrofon: J\u00fcrgen Schwab. Wegen m\u00f6glicher \u00dcberl\u00e4nge des Konzertes der hr-Bigband mit Guillermo Klein entf\u00e4llt heute die Sendung Jazzgroove (22:30-23:00h)<\/p>\n<p>20:04 bis 22:00 | WDR 3<br \/>\n<strong>WDR 3 Konzert: Klanglandschaft Korsika<\/strong><\/p>\n<p style=\"padding-left: 30px;\">A Filetta. Aufnahme aus dem Theater an der Ruhr, M\u00fclheim<\/p>\n<p>21:03 bis 22:00 | SWR 2<br \/>\n<strong>SWR2 Jazz Session: Homezone \u2013 Jazz aus S\u00fcdwest<\/strong><\/p>\n<p style=\"padding-left: 30px;\">Von Julia Neupert. Die monatliche Sendereihe \u201eHomezone\u201c f\u00fchrt regelm\u00e4\u00dfig an die vielen verschiedenen Orte, an denen der Jazz im S\u00fcdwesten zu Hause ist. Neben Konzertaufnahmen aus unserem Archiv und aktuellen Studioproduktionen gibt es immer auch einen thematischen Schwerpunkt. In dieser \u201eHomezone\u201c-Ausgabe geht es nach Schorndorf. Dort feiert in diesen Tagen der Club Manufaktur \u2013 seit vielen Jahren auch eine zuverl\u00e4ssige Adresse f\u00fcr exquisite Jazzkonzerte \u2013 seinen 50. Geburtstag.<\/p>\n<p>21:05 bis 22:00 | Deutschlandfunk<br \/>\n<strong>Jazz Live: Norbert Scholly &amp; Rainer B\u00f6hm<\/strong><\/p>\n<p style=\"padding-left: 30px;\">Norbert Scholly, Gitarre; Rainer B\u00f6hm, Piano. Aufnahme vom 12.1.2018 aus dem Beethovenhaus\/Kammermusiksaal in Bonn. Am Mikrofon: Odilo Clausnitzer. Flie\u00dfende Kl\u00e4nge, filigrane Texturen, funkelnde L\u00e4ufe durchziehen und beherrschen das Duospiel von Rainer B\u00f6hm und Norbert Scholly. Wo sich Harmonieinstrumente in anderen Zweierkombinationen schnell ins Gehege kommen, da ist bei den beiden alles Licht, Luft und Fluss. Zu dem fein ausgewogenen Klangbild des Duos tr\u00e4gt auch Norbert Schollys Verwendung eines akustischen Instruments bei. Manchmal vereinigen sich die Farben von Gitarre und Piano zu einem silbrigen Klang, der an ein Spinett erinnert. Dann wieder f\u00e4chern sie sich so in H\u00f6hen und Tiefen auf, dass es schwer f\u00e4llt zu glauben, hier seien nur vier H\u00e4nde am Werk. 2015 erschien Schollys und B\u00f6hms vielgelobtes gemeinsames Erstlingsalbum \u201aJuvenile&#8216;. Das Repertoire bestand ausschlie\u00dflich aus Originalkompositionen. Nun haben beide ein neues Programm erarbeitet, das sie live im intimen Rahmen des Kammermusiksaals im Bonner Beethoven-Haus vorstellten.<\/p>\n<p>22:00 bis 00:00 | Bremen Zwei<br \/>\n<strong>Jazz Grooves: Die ganz Welt des Jazz<\/strong><\/p>\n<p style=\"padding-left: 30px;\">Blue Note, Big Band, Neuerscheinungen und bekannte Stars \u2013 und Tipps zum Konzertgeschehen in Bremen und der Region.<\/p>\n<p>22:04 bis 00:00 | WDR 3<br \/>\n<strong>WDR 3 Jazz &amp; World<\/strong><\/p>\n<p>22:05 bis 23:00 | NDR Info<br \/>\n<strong>Play Jazz! Das Jazzmagazin \u2013 Mit Ralf Dorschel<\/strong><\/p>\n<p>23:05 bis 00:00 | BR-KLASSIK<br \/>\n<strong>Jazztime: Piano and straight \u2013 Meerblick und jugendliche Power<\/strong><\/p>\n<p style=\"padding-left: 30px;\">Pianist Joachim K\u00fchn, einer der herausragenden deutschen Jazzmusiker seit den 1960er Jahren, zu Gast bei Roland Spiegel. Mit Musik aus K\u00fchns neuer CD \u201eLove &amp; Peace\u201c und anderen Aufnahmen aus der langen Karriere des Pianisten<\/p>\n<hr \/>\n<h2>07.02.2018<\/h2>\n<hr \/>\n<p>17:50 bis 18:00 | SWR 2<br \/>\n<strong>SWR2 Jazz vor Sechs \u2013 Paul Simon: 50 ways to leave your lover<\/strong><\/p>\n<p>19:05 bis 20:00 | BR-KLASSIK<br \/>\n<strong>Classic Sounds in Jazz: Schwungvolle Pas de deux versus Winterstarre<\/strong><\/p>\n<p style=\"padding-left: 30px;\">Aufnahmen mit Martial Solal &amp; Dave Liebman, Baptiste Trotignon &amp; Minino Garay, Jay Clayton &amp; Fred Hersch, Django Reinhardt &amp; Steph\u00e0ne Grapelli, Ella Fitzgerald &amp; Louis Armstrong und anderen. Auswahl und Moderation: Beate Sampson<\/p>\n<p>19:35 bis 20:00 | MDR Kultur<br \/>\n<strong>MDR KULTUR \u2013 Jazz Lounge: Dinah Washington, Vocal<\/strong><\/p>\n<p>22:04 bis 00:00 | WDR 3<br \/>\n<strong>WDR 3 Jazz &amp; World<\/strong><\/p>\n<p>22:05 bis 23:00 | NDR Info<br \/>\n<strong>Play Jazz! Das Jazzmagazin \u2013 Mit Ralf Dorschel<\/strong><\/p>\n<p>22:30 bis 23:00 | hr2-kultur<br \/>\n<strong>Jazzfacts: What&#8217;s going on?<\/strong><\/p>\n<p style=\"padding-left: 30px;\">Features, Interviews und was die Szene bewegt | Schwarze Mamba straight ahead<\/p>\n<p>23:05 bis 00:00 | BR-KLASSIK<br \/>\n<strong>Jazztime: Jazz aus N\u00fcrnberg: Jazz &amp; Beyond \u2013 \u201eTwo together\u201c <\/strong><\/p>\n<p style=\"padding-left: 30px;\">Mit Aufnahmen von Dave Holland, Joe Pass, Ulf Wakenius und anderen. Moderation und Auswahl: Beatrix Gillmann<\/p>\n<p style=\"padding-left: 30px;\">Mit den richtigen Worten kann man beim Kennenlernen das Vertrauen des anderen erlangen, oft wird durch den so genannten \u201eSmall-Talk\u201c das erste Eis gebrochen, sei es zwischen Gesch\u00e4ftspartnern oder beim Interview. Geschw\u00e4tzigkeit sollte man allerdings vermeiden. Ganz \u00e4hnlich verh\u00e4lt es sich, wenn zwei miteinander Musik machen: \u201eThe Art of Conversation\u201c nannten Pianist Kenny Barron und Bassist Dave Holland eine CD mit Standards und Eigenkompositionen. Sie zeigen sich als Meister der musikalischen Konversation, h\u00f6ren einander zu, unaufgeregt und dennoch sehr aufmerksam reagieren sie auf die musikalischen Fragen des anderen. Ein gut eingespieltes Team waren auch Joe Pass und die S\u00e4ngerin Ella Fitzgerald. Nicht selten begann der Gitarrist mit Solost\u00fccken das Konzert, bevor sie gemeinsam den Abend mit Duost\u00fccken ausklingen lie\u00dfen. Die Begegnungen von Kenny Wheeler und John Taylor waren gepr\u00e4gt von Respekt und gegenseitigem Vertrauen. Konzerte waren f\u00fcr den Fl\u00fcgelhornspieler und den Pianisten Momente des gemeinsamen Gestaltens, die sie voll ausgekostet haben. \u00c4hnlich wie in einer langj\u00e4hrigen musikalischen Partnerschaft ist es in der Beziehung zwischen Vater und Sohn: Ulf und Eric Wakenius spielen beide Gitarre. Der Sohn singt bei manchen St\u00fccken. Gemeinsam finden sie nicht nur die richtigen T\u00f6ne, sondern neue Blickweisen auf Jazzklassiker.<\/p>\n<p style=\"padding-left: 30px;\">Musikalische Dialoge heute in der Jazztime: \u201eTwo together\u201c. In der heutigen Ausgabe wird die Kunst des Duospiels zelebriert.<\/p>\n<hr \/>\n<h2>08.02.2018<\/h2>\n<hr \/>\n<p>17:50 bis 18:00 | SWR 2<br \/>\n<strong>SWR2 Jazz vor Sechs \u2013 Chris Morrisey: The Major Of Rotterdam<\/strong><\/p>\n<p>19:35 bis 20:00 | MDR Kultur<br \/>\n<strong>MDR KULTUR \u2013 Jazz Lounge<\/strong><\/p>\n<p>21:00 bis 22:00 | MDR Kultur<br \/>\n<strong>MDR KULTUR \u2013 Jazz: Der norwegische Saxophonist Trygve Seim<\/strong><\/p>\n<p>21:05 bis 22:00 | Deutschlandfunk<br \/>\n<strong>JazzFacts: Neues von der Improvisierten Musik &#8211; Am Mikrofon: Karsten M\u00fctzelfeldt<\/strong><\/p>\n<p>22:04 bis 00:00 | WDR 3<br \/>\n<strong>WDR 3 Jazz &amp; World<\/strong><\/p>\n<p>22:05 bis 23:00 | NDR Info<br \/>\n<strong>Play Jazz! Das Jazzmagazin \u2013 Mit Ralf Dorschel<\/strong><\/p>\n<p>22:30 bis 23:00 | hr2-kultur<br \/>\n<strong>Jazz Now: Aus dem Dschungel der Neuver\u00f6ffentlichungen<\/strong><\/p>\n<p style=\"padding-left: 30px;\">heute u.a. mit: Fredrik Lundin | Meyer \/ Slavin \/ Meyer \/ Black: Other Animal | Am Mikrofon: Guenter Hottmann<\/p>\n<p>23:03 bis 00:00 | SWR 2<br \/>\n<strong>SWR2 NOWJazz: Magazin<\/strong><\/p>\n<p style=\"padding-left: 30px;\">Von G\u00fcnther Huesmann. Neues aus der Welt des Jazz wird im NOWJazz Magazin von SWR2 regelm\u00e4\u00dfig pr\u00e4sentiert. Wie immer erwarten Sie in dieser Sendung Informationen \u00fcber bevorstehende Events, Rezensionen \u00fcber Festivals, Buchbesprechungen und jede Menge brandneuer Alben.<\/p>\n<p>23:05 bis 00:00 | BR-KLASSIK<br \/>\n<strong>Jazztime: All that Jazz \u2013 Mit Ralf Dombrowski<\/strong><\/p>\n<hr \/>\n<h2>09.02.2018<\/h2>\n<hr \/>\n<p>17:50 bis 18:00 | SWR 2<br \/>\n<strong>SWR2 Jazz vor Sechs \u2013 Harold Arlen, John Herndon \u201eJohnny\u201c Mercer: Come rain or come shine<\/strong><\/p>\n<p>19:35 bis 20:00 | MDR Kultur<br \/>\n<strong>MDR KULTUR \u2013 Jazz Lounge: Bill Evans<\/strong><\/p>\n<p>20:04 bis 22:00 | WDR 3<br \/>\n<strong>WDR 3 Konzert: Jazz Inbetween M\u00fcnster (1)<\/strong><\/p>\n<p style=\"padding-left: 30px;\">Ticket to Osaka, Vadim Neselovskyi Trio. Aufnahmen aus dem Stadttheater<\/p>\n<p>22:05 bis 23:00 | NDR Info<br \/>\n<strong>Jazz Special: Cool und grenzenlos \u2013 Jazz aus Finnland<\/strong><\/p>\n<p>22:30 bis 23:00 | hr2-kultur<br \/>\n<strong>Swingtime mit Bill Ramsey: As time goes by | Ein Jahrhundert in Schwingungen<\/strong><\/p>\n<p style=\"padding-left: 30px;\">Am Mikrofon: Bill Ramsey. Bill Ramsey \u2013 S\u00e4nger, Entertainer und selbst Teil der Jazzgeschichte in Deutschland nach dem Krieg \u2013 pr\u00e4sentiert ein Jahrhundert in Schwingungen. Es geht dabei nat\u00fcrlich um musikalische Vibrationen, um Ersch\u00fctterungen des Weltgef\u00fcges \u2013 es sei denn diese sind musikalischer Natur.\u00a0 Und wenn der \u201epulse\u201c so richtig pocht und treibt, dann stellt sich nicht selten ein vertrautes Gef\u00fchl ein: Wie doch die Zeit vergeht!<\/p>\n<p>23:05 bis 00:00 | BR-KLASSIK<br \/>\n<strong>Jazztime: BR Jazzclub \u2013 Julian Lage Trio<\/strong><\/p>\n<p style=\"padding-left: 30px;\">Mit Julian Lage (Gitarre), Jorge Roeder (Bass) und Eric Doob (Schlagzeug). Aufnahme vom 18. Januar 2018 im M\u00fcnchner Jazzclub Unterfahrt. Moderation und Auswahl: Ulrich Habersetzer<\/p>\n<p>23:30 bis 00:00 | SWR 2<br \/>\n<strong>SWR2 NOWJazz Update: Sonic Wilderness<\/strong><\/p>\n<p style=\"padding-left: 30px;\">Von Ulrich Kriest. Diese Reihe auf dem freit\u00e4glichen NOWJazz Update Sendeplatz f\u00fchrt in abenteuerliche Zwischenwelten des Jazz. Ob Improv, Electronica, Klangkunst, Noise oder Rock \u2013 f\u00fcr die atmosph\u00e4rischen Mixes mit Neuerscheinungen gibt es nur eine Regel: Die Lust am musikalischen Abenteuer muss h\u00f6rbar sein.<\/p>\n<hr \/>\n<h2>10.02.2018<\/h2>\n<hr \/>\n<p>17:05 bis 17:55 | Bayern 2<br \/>\n<strong>Jazz &amp; Politik: Politisches Feuilleton<\/strong><\/p>\n<p>18:05 bis 19:00 | BR-KLASSIK<br \/>\n<strong>Jazz und mehr: Die Feinsinnigen<\/strong><\/p>\n<p style=\"padding-left: 30px;\">Mit Musik von Anouar Brahem, Django Bates, Fran\u00e7ois Couturier, Arturo Benedetti Michelangeli und anderen. Moderation und Auswahl: Roland Spiegel<\/p>\n<p>19:04 bis 20:00 | hr2-kultur<br \/>\n<strong>Live Jazz: Eve Risser&#8217;s White Desert Orchestra, Jazzfest Berlin 2016<\/strong><\/p>\n<p style=\"padding-left: 30px;\">Eve Risser&#8217;s White Desert Orchestra || Sylvaine H\u00e9lary, fl | Antonin Tri-Hoang, sax, bcl | Benjamin Dousteyssier, bcl, ts | Sara Schoenbeck, bassoon | Eivind L\u00f8nning, tp | Fidel Fourneyron, tb | Julien Desprez, g | Fanny Lasfargues, b | Sylvain Darrifourcq, dr | Eve Risser, p, cond | Jazzfest Berlin 2016, Haus der Berliner Festspiele. Am Mikrofon: Claus Gnichwitz<\/p>\n<p>19:30 bis 20:00 | MDR Kultur<br \/>\n<strong>MDR KULTUR \u2013 Jazz Lounge<\/strong><\/p>\n<p>20:15 bis 21:00 | NDR Info<br \/>\n<strong>Jazz Klassiker: H\u00f6rerw\u00fcnsche \u2013 Mit Marianne Therstappen<\/strong><\/p>\n<p>22:03 bis 23:00 | SWR 2<br \/>\n<strong>SWR2 Jazztime: Beseelte Botschaften \u2013 Der Schlagzeuger Art Blakey und seine Jazz Messengers<\/strong><\/p>\n<p style=\"padding-left: 30px;\">Von Bert Noglik. Er war der Motor der Band, die \u00fcber einen Zeitraum von mehr als drei Jahrzehnten Jazzgeschichte mitgeschrieben hat: der Schlagzeuger Art Blakey. Die Anf\u00e4nge reichen bis in die die 1940er-Jahre zur\u00fcck. 1954 begann sich der Prototyp der Band herauszukristallisieren \u2013 zun\u00e4chst unter dem Namen von Horace Silver, wenig sp\u00e4ter unter dem von Art Blakey. In neuer Formation erlebten \u201eArt Blakey and the Jazz Messengers\u201c 1958 den ersten H\u00f6henflug. \u201eMoanin\u201c, das Titelst\u00fcck des Albums, gilt seither als Hymne des Hardbop. Die Band verstand es, die nerv\u00f6se Sprache des Bebop neu zu erden und sich mit der Intensivierung der afroamerikanischen Tradition zugleich als Alternative zu Cool Jazz und West Coast zu positionieren. Verwurzelt in Blues, Worksongs, Gospels und Soul entstand eine mitrei\u00dfende Musik, die treffend als \u201efunky\u201c und \u201egroovy\u201c beschrieben wurde. Die Band, in der Dutzende aufstrebender Musiker pr\u00e4gende Erfahrungen sammelten, galt zudem als eine der bedeutendsten Kaderschmieden des modernen Jazz.<\/p>\n<p>22:05 bis 23:00 | NDR Info<br \/>\n<strong>Jazz Konzert: Jens D\u00fcppe \u201eDancing Beauty\u201c<\/strong><\/p>\n<p style=\"padding-left: 30px;\">NDR-Aufnahme vom 25. November 2017 aus dem Birdland, Hamburg. Mit Felix Tenbaum. Erstsendung am Sonnabend, Wiederholung am Dienstag auf NDR Blue<\/p>\n<hr \/>\n<h2>11.02.2018<\/h2>\n<hr \/>\n<p>00:05 bis 02:00 | Bayern 2<br \/>\n<strong>radioJazznacht \u2013 Mit Marcus Woelfle<\/strong><\/p>\n<p style=\"padding-left: 30px;\">Die Fl\u00f6tistin Isabelle Bodenseh im Gespr\u00e4ch \/ Der Posaunist Roswell Rudd<\/p>\n<p>19:04 bis 20:00 | hr2-kultur<br \/>\n<strong>hr-Bigband: Konzerte und Produktionen u.a. mit: \u201eSigns And Signatures\u201c<\/strong><\/p>\n<p style=\"padding-left: 30px;\">Konzerte und Produktionen u.a. mit: \u201eSigns And Signatures\u201c \u2013 hr-Bigband cond. &amp; arr. by Bert Joris, Hessischer Rundfunk, H\u00f6rfunk-Studio II, Juli 2016, Teil 2. Am Mikrofon: J\u00fcrgen Schwab<\/p>\n<p>20:04 bis 22:30 | SR2 KulturRadio<br \/>\n<strong>JazzNow: Jazz live with friends \u2013 Saarbr\u00fccker Jazzfest 2017<\/strong><\/p>\n<p style=\"padding-left: 30px;\">Emil Mangelsdorff, Wilson de Oliviera &amp; Freunde. Aufnahme vom 26. Oktoker 2017 im Studio Eins, Funkhaus Halberg<\/p>\n","protected":false},"excerpt":{"rendered":"<p>Ein subjektiver Blick in die Jazzwoche 6 im Radio. Unter anderem mit: Michel Petrucciani, Calexico, \u201eNews from Argentina\u201c \u2013 hr-Bigband cond. &amp; arr. by Guillermo Klein, Klanglandschaft Korsika, Norbert Scholly &amp; Rainer B\u00f6hm, der norwegische Saxophonist Trygve Seim, Jazz Inbetween M\u00fcnster, Jazz aus Finnland, Julian Lage Trio, Eve Risser&#8217;s White Desert Orchestra, Schlagzeuger Art Blakey und seine Jazz Messengers, Jens D\u00fcppe \u201eDancing Beauty\u201c und das Saarbr\u00fccker Jazzfest 2017. Die \u00dcbersicht zum Download als PDF. Alle Angaben ohne Gew\u00e4hr. Jazz im Radio (Fernsehen) SR2 \u2013 JazzNow \u2013 Sonntags von 20.04 bis 22.30 Uhr BR-KLASSIK \u2013 Jazztime \u2013 Von Montag bis Freitag t\u00e4glich um 23.05 Uhr rbb-kulturradio \u2013 Late Night Jazz \u2013 Sa und So 23:04 \u2013 24:00 Uhr hr2-kultur \u2013 Jazz in hr2-kultur \u2013 t\u00e4glich SWR2 \u2013 Jazz \u2013 t\u00e4glich WDR3 \u2013 JAZZ &amp; WORLD \u2013 Improvisiertes zum Tagesausklang \u2013 Montag bis Freitag, 22.04 \u2013 0:00 Uhr Deutschlandfunk \u2013 Jazz (\u00dcberblick) \u2013 Jazz Live, JazzFacts und Milestones Deutschlandfunk Kultur \u2013 Jazz \u2013 diverse Sendetermine ARTE TV \u2013 Jazz 05.02.2018 17:50 bis 18:00 | SWR 2 SWR2 Jazz vor Sechs \u2013 Robert Henry Timmons: Moanin&#8216; 19:04 bis &hellip;<\/p>\n","protected":false},"author":1,"featured_media":13661,"comment_status":"open","ping_status":"closed","sticky":false,"template":"","format":"standard","meta":{"_jetpack_memberships_contains_paid_content":false,"footnotes":"","jetpack_publicize_message":"","jetpack_publicize_feature_enabled":true,"jetpack_social_post_already_shared":false,"jetpack_social_options":{"image_generator_settings":{"template":"highway","default_image_id":0,"font":"","enabled":false},"version":2}},"categories":[452],"tags":[1629],"coauthors":[650],"class_list":["post-14956","post","type-post","status-publish","format-standard","has-post-thumbnail","hentry","category-radio","tag-jazz-im-radio"],"yoast_head":"<!-- This site is optimized with the Yoast SEO plugin v27.5 - https:\/\/yoast.com\/product\/yoast-seo-wordpress\/ -->\n<title>Die Jazz-Radiowoche vom 05.02. bis 11.02.2018 - JazzZeitung<\/title>\n<meta name=\"robots\" content=\"index, follow, max-snippet:-1, max-image-preview:large, max-video-preview:-1\" \/>\n<link rel=\"canonical\" href=\"https:\/\/www.jazzzeitung.de\/cms\/2018\/02\/die-jazz-radiowoche-vom-05-02-bis-11-02-2018\/\" \/>\n<meta property=\"og:locale\" content=\"de_DE\" \/>\n<meta property=\"og:type\" content=\"article\" \/>\n<meta property=\"og:title\" content=\"Die Jazz-Radiowoche vom 05.02. bis 11.02.2018 - JazzZeitung\" \/>\n<meta property=\"og:description\" content=\"Ein subjektiver Blick in die Jazzwoche 6 im Radio. Unter anderem mit: Michel Petrucciani, Calexico, \u201eNews from Argentina\u201c \u2013 hr-Bigband cond. &amp; arr. by Guillermo Klein, Klanglandschaft Korsika, Norbert Scholly &amp; Rainer B\u00f6hm, der norwegische Saxophonist Trygve Seim, Jazz Inbetween M\u00fcnster, Jazz aus Finnland, Julian Lage Trio, Eve Risser&#8217;s White Desert Orchestra, Schlagzeuger Art Blakey und seine Jazz Messengers, Jens D\u00fcppe \u201eDancing Beauty\u201c und das Saarbr\u00fccker Jazzfest 2017. Die \u00dcbersicht zum Download als PDF. Alle Angaben ohne Gew\u00e4hr. Jazz im Radio (Fernsehen) SR2 \u2013 JazzNow \u2013 Sonntags von 20.04 bis 22.30 Uhr BR-KLASSIK \u2013 Jazztime \u2013 Von Montag bis Freitag t\u00e4glich um 23.05 Uhr rbb-kulturradio \u2013 Late Night Jazz \u2013 Sa und So 23:04 \u2013 24:00 Uhr hr2-kultur \u2013 Jazz in hr2-kultur \u2013 t\u00e4glich SWR2 \u2013 Jazz \u2013 t\u00e4glich WDR3 \u2013 JAZZ &amp; WORLD \u2013 Improvisiertes zum Tagesausklang \u2013 Montag bis Freitag, 22.04 \u2013 0:00 Uhr Deutschlandfunk \u2013 Jazz (\u00dcberblick) \u2013 Jazz Live, JazzFacts und Milestones Deutschlandfunk Kultur \u2013 Jazz \u2013 diverse Sendetermine ARTE TV \u2013 Jazz 05.02.2018 17:50 bis 18:00 | SWR 2 SWR2 Jazz vor Sechs \u2013 Robert Henry Timmons: Moanin&#8216; 19:04 bis &hellip;\" \/>\n<meta property=\"og:url\" content=\"https:\/\/www.jazzzeitung.de\/cms\/2018\/02\/die-jazz-radiowoche-vom-05-02-bis-11-02-2018\/\" \/>\n<meta property=\"og:site_name\" content=\"JazzZeitung\" \/>\n<meta property=\"article:publisher\" content=\"https:\/\/www.facebook.com\/JazzZeitung\/\" \/>\n<meta property=\"article:author\" content=\"https:\/\/www.facebook.com\/hufner\" \/>\n<meta property=\"article:published_time\" content=\"2018-02-04T11:00:07+00:00\" \/>\n<meta property=\"og:image\" content=\"https:\/\/i0.wp.com\/www.jazzzeitung.de\/cms\/wp-content\/uploads\/2017\/10\/radio-jazz-neu.jpg?fit=2048%2C1536&ssl=1\" \/>\n\t<meta property=\"og:image:width\" content=\"2048\" \/>\n\t<meta property=\"og:image:height\" content=\"1536\" \/>\n\t<meta property=\"og:image:type\" content=\"image\/jpeg\" \/>\n<meta name=\"author\" content=\"Martin Hufner\" \/>\n<script type=\"application\/ld+json\" class=\"yoast-schema-graph\">{\"@context\":\"https:\\\/\\\/schema.org\",\"@graph\":[{\"@type\":\"Article\",\"@id\":\"https:\\\/\\\/www.jazzzeitung.de\\\/cms\\\/2018\\\/02\\\/die-jazz-radiowoche-vom-05-02-bis-11-02-2018\\\/#article\",\"isPartOf\":{\"@id\":\"https:\\\/\\\/www.jazzzeitung.de\\\/cms\\\/2018\\\/02\\\/die-jazz-radiowoche-vom-05-02-bis-11-02-2018\\\/\"},\"author\":{\"name\":\"Martin Hufner\",\"@id\":\"https:\\\/\\\/www.jazzzeitung.de\\\/cms\\\/#\\\/schema\\\/person\\\/b9a4e5ac765d94fb8f617bfa8f1fc5f7\"},\"headline\":\"Die Jazz-Radiowoche vom 05.02. bis 11.02.2018\",\"datePublished\":\"2018-02-04T11:00:07+00:00\",\"mainEntityOfPage\":{\"@id\":\"https:\\\/\\\/www.jazzzeitung.de\\\/cms\\\/2018\\\/02\\\/die-jazz-radiowoche-vom-05-02-bis-11-02-2018\\\/\"},\"wordCount\":2066,\"commentCount\":0,\"publisher\":{\"@id\":\"https:\\\/\\\/www.jazzzeitung.de\\\/cms\\\/#organization\"},\"image\":{\"@id\":\"https:\\\/\\\/www.jazzzeitung.de\\\/cms\\\/2018\\\/02\\\/die-jazz-radiowoche-vom-05-02-bis-11-02-2018\\\/#primaryimage\"},\"thumbnailUrl\":\"https:\\\/\\\/i0.wp.com\\\/www.jazzzeitung.de\\\/cms\\\/wp-content\\\/uploads\\\/2017\\\/10\\\/radio-jazz-neu.jpg?fit=2048%2C1536&ssl=1\",\"keywords\":[\"Jazz im Radio\"],\"articleSection\":[\"Radio\"],\"inLanguage\":\"de\",\"potentialAction\":[{\"@type\":\"CommentAction\",\"name\":\"Comment\",\"target\":[\"https:\\\/\\\/www.jazzzeitung.de\\\/cms\\\/2018\\\/02\\\/die-jazz-radiowoche-vom-05-02-bis-11-02-2018\\\/#respond\"]}]},{\"@type\":\"WebPage\",\"@id\":\"https:\\\/\\\/www.jazzzeitung.de\\\/cms\\\/2018\\\/02\\\/die-jazz-radiowoche-vom-05-02-bis-11-02-2018\\\/\",\"url\":\"https:\\\/\\\/www.jazzzeitung.de\\\/cms\\\/2018\\\/02\\\/die-jazz-radiowoche-vom-05-02-bis-11-02-2018\\\/\",\"name\":\"Die Jazz-Radiowoche vom 05.02. bis 11.02.2018 - JazzZeitung\",\"isPartOf\":{\"@id\":\"https:\\\/\\\/www.jazzzeitung.de\\\/cms\\\/#website\"},\"primaryImageOfPage\":{\"@id\":\"https:\\\/\\\/www.jazzzeitung.de\\\/cms\\\/2018\\\/02\\\/die-jazz-radiowoche-vom-05-02-bis-11-02-2018\\\/#primaryimage\"},\"image\":{\"@id\":\"https:\\\/\\\/www.jazzzeitung.de\\\/cms\\\/2018\\\/02\\\/die-jazz-radiowoche-vom-05-02-bis-11-02-2018\\\/#primaryimage\"},\"thumbnailUrl\":\"https:\\\/\\\/i0.wp.com\\\/www.jazzzeitung.de\\\/cms\\\/wp-content\\\/uploads\\\/2017\\\/10\\\/radio-jazz-neu.jpg?fit=2048%2C1536&ssl=1\",\"datePublished\":\"2018-02-04T11:00:07+00:00\",\"breadcrumb\":{\"@id\":\"https:\\\/\\\/www.jazzzeitung.de\\\/cms\\\/2018\\\/02\\\/die-jazz-radiowoche-vom-05-02-bis-11-02-2018\\\/#breadcrumb\"},\"inLanguage\":\"de\",\"potentialAction\":[{\"@type\":\"ReadAction\",\"target\":[\"https:\\\/\\\/www.jazzzeitung.de\\\/cms\\\/2018\\\/02\\\/die-jazz-radiowoche-vom-05-02-bis-11-02-2018\\\/\"]}]},{\"@type\":\"ImageObject\",\"inLanguage\":\"de\",\"@id\":\"https:\\\/\\\/www.jazzzeitung.de\\\/cms\\\/2018\\\/02\\\/die-jazz-radiowoche-vom-05-02-bis-11-02-2018\\\/#primaryimage\",\"url\":\"https:\\\/\\\/i0.wp.com\\\/www.jazzzeitung.de\\\/cms\\\/wp-content\\\/uploads\\\/2017\\\/10\\\/radio-jazz-neu.jpg?fit=2048%2C1536&ssl=1\",\"contentUrl\":\"https:\\\/\\\/i0.wp.com\\\/www.jazzzeitung.de\\\/cms\\\/wp-content\\\/uploads\\\/2017\\\/10\\\/radio-jazz-neu.jpg?fit=2048%2C1536&ssl=1\",\"width\":2048,\"height\":1536,\"caption\":\"Jazz im Radio\"},{\"@type\":\"BreadcrumbList\",\"@id\":\"https:\\\/\\\/www.jazzzeitung.de\\\/cms\\\/2018\\\/02\\\/die-jazz-radiowoche-vom-05-02-bis-11-02-2018\\\/#breadcrumb\",\"itemListElement\":[{\"@type\":\"ListItem\",\"position\":1,\"name\":\"Startseite\",\"item\":\"https:\\\/\\\/www.jazzzeitung.de\\\/cms\\\/\"},{\"@type\":\"ListItem\",\"position\":2,\"name\":\"Die Jazz-Radiowoche vom 05.02. bis 11.02.2018\"}]},{\"@type\":\"WebSite\",\"@id\":\"https:\\\/\\\/www.jazzzeitung.de\\\/cms\\\/#website\",\"url\":\"https:\\\/\\\/www.jazzzeitung.de\\\/cms\\\/\",\"name\":\"JazzZeitung\",\"description\":\"Jazz-News und Jazz-Kontroverses\",\"publisher\":{\"@id\":\"https:\\\/\\\/www.jazzzeitung.de\\\/cms\\\/#organization\"},\"potentialAction\":[{\"@type\":\"SearchAction\",\"target\":{\"@type\":\"EntryPoint\",\"urlTemplate\":\"https:\\\/\\\/www.jazzzeitung.de\\\/cms\\\/?s={search_term_string}\"},\"query-input\":{\"@type\":\"PropertyValueSpecification\",\"valueRequired\":true,\"valueName\":\"search_term_string\"}}],\"inLanguage\":\"de\"},{\"@type\":\"Organization\",\"@id\":\"https:\\\/\\\/www.jazzzeitung.de\\\/cms\\\/#organization\",\"name\":\"JazzZeitung online\",\"url\":\"https:\\\/\\\/www.jazzzeitung.de\\\/cms\\\/\",\"logo\":{\"@type\":\"ImageObject\",\"inLanguage\":\"de\",\"@id\":\"https:\\\/\\\/www.jazzzeitung.de\\\/cms\\\/#\\\/schema\\\/logo\\\/image\\\/\",\"url\":\"https:\\\/\\\/i0.wp.com\\\/www.jazzzeitung.de\\\/cms\\\/wp-content\\\/uploads\\\/2015\\\/08\\\/JAZZZEITUNGDE_Logo_Neu.png?fit=499%2C200&ssl=1\",\"contentUrl\":\"https:\\\/\\\/i0.wp.com\\\/www.jazzzeitung.de\\\/cms\\\/wp-content\\\/uploads\\\/2015\\\/08\\\/JAZZZEITUNGDE_Logo_Neu.png?fit=499%2C200&ssl=1\",\"width\":499,\"height\":200,\"caption\":\"JazzZeitung online\"},\"image\":{\"@id\":\"https:\\\/\\\/www.jazzzeitung.de\\\/cms\\\/#\\\/schema\\\/logo\\\/image\\\/\"},\"sameAs\":[\"https:\\\/\\\/www.facebook.com\\\/JazzZeitung\\\/\"]},{\"@type\":\"Person\",\"@id\":\"https:\\\/\\\/www.jazzzeitung.de\\\/cms\\\/#\\\/schema\\\/person\\\/b9a4e5ac765d94fb8f617bfa8f1fc5f7\",\"name\":\"Martin Hufner\",\"image\":{\"@type\":\"ImageObject\",\"inLanguage\":\"de\",\"@id\":\"https:\\\/\\\/i0.wp.com\\\/www.jazzzeitung.de\\\/cms\\\/wp-content\\\/uploads\\\/2013\\\/07\\\/huf-06.jpg?resize=96%2C96&ssl=15fcc31aa94540751a3b804516452be00\",\"url\":\"https:\\\/\\\/i0.wp.com\\\/www.jazzzeitung.de\\\/cms\\\/wp-content\\\/uploads\\\/2013\\\/07\\\/huf-06.jpg?resize=96%2C96&ssl=1\",\"contentUrl\":\"https:\\\/\\\/i0.wp.com\\\/www.jazzzeitung.de\\\/cms\\\/wp-content\\\/uploads\\\/2013\\\/07\\\/huf-06.jpg?resize=96%2C96&ssl=1\",\"caption\":\"Martin Hufner\"},\"description\":\"Martin Hufner ist freier Autor der JazzZeitung.\",\"sameAs\":[\"https:\\\/\\\/www.kritische-masse.de\\\/logbuch\",\"https:\\\/\\\/www.facebook.com\\\/hufner\"],\"url\":\"https:\\\/\\\/www.jazzzeitung.de\\\/cms\\\/author\\\/admin\\\/\"}]}<\/script>\n<!-- \/ Yoast SEO plugin. -->","yoast_head_json":{"title":"Die Jazz-Radiowoche vom 05.02. bis 11.02.2018 - JazzZeitung","robots":{"index":"index","follow":"follow","max-snippet":"max-snippet:-1","max-image-preview":"max-image-preview:large","max-video-preview":"max-video-preview:-1"},"canonical":"https:\/\/www.jazzzeitung.de\/cms\/2018\/02\/die-jazz-radiowoche-vom-05-02-bis-11-02-2018\/","og_locale":"de_DE","og_type":"article","og_title":"Die Jazz-Radiowoche vom 05.02. bis 11.02.2018 - JazzZeitung","og_description":"Ein subjektiver Blick in die Jazzwoche 6 im Radio. Unter anderem mit: Michel Petrucciani, Calexico, \u201eNews from Argentina\u201c \u2013 hr-Bigband cond. &amp; arr. by Guillermo Klein, Klanglandschaft Korsika, Norbert Scholly &amp; Rainer B\u00f6hm, der norwegische Saxophonist Trygve Seim, Jazz Inbetween M\u00fcnster, Jazz aus Finnland, Julian Lage Trio, Eve Risser&#8217;s White Desert Orchestra, Schlagzeuger Art Blakey und seine Jazz Messengers, Jens D\u00fcppe \u201eDancing Beauty\u201c und das Saarbr\u00fccker Jazzfest 2017. Die \u00dcbersicht zum Download als PDF. Alle Angaben ohne Gew\u00e4hr. Jazz im Radio (Fernsehen) SR2 \u2013 JazzNow \u2013 Sonntags von 20.04 bis 22.30 Uhr BR-KLASSIK \u2013 Jazztime \u2013 Von Montag bis Freitag t\u00e4glich um 23.05 Uhr rbb-kulturradio \u2013 Late Night Jazz \u2013 Sa und So 23:04 \u2013 24:00 Uhr hr2-kultur \u2013 Jazz in hr2-kultur \u2013 t\u00e4glich SWR2 \u2013 Jazz \u2013 t\u00e4glich WDR3 \u2013 JAZZ &amp; WORLD \u2013 Improvisiertes zum Tagesausklang \u2013 Montag bis Freitag, 22.04 \u2013 0:00 Uhr Deutschlandfunk \u2013 Jazz (\u00dcberblick) \u2013 Jazz Live, JazzFacts und Milestones Deutschlandfunk Kultur \u2013 Jazz \u2013 diverse Sendetermine ARTE TV \u2013 Jazz 05.02.2018 17:50 bis 18:00 | SWR 2 SWR2 Jazz vor Sechs \u2013 Robert Henry Timmons: Moanin&#8216; 19:04 bis &hellip;","og_url":"https:\/\/www.jazzzeitung.de\/cms\/2018\/02\/die-jazz-radiowoche-vom-05-02-bis-11-02-2018\/","og_site_name":"JazzZeitung","article_publisher":"https:\/\/www.facebook.com\/JazzZeitung\/","article_author":"https:\/\/www.facebook.com\/hufner","article_published_time":"2018-02-04T11:00:07+00:00","og_image":[{"width":2048,"height":1536,"url":"https:\/\/i0.wp.com\/www.jazzzeitung.de\/cms\/wp-content\/uploads\/2017\/10\/radio-jazz-neu.jpg?fit=2048%2C1536&ssl=1","type":"image\/jpeg"}],"author":"Martin Hufner","schema":{"@context":"https:\/\/schema.org","@graph":[{"@type":"Article","@id":"https:\/\/www.jazzzeitung.de\/cms\/2018\/02\/die-jazz-radiowoche-vom-05-02-bis-11-02-2018\/#article","isPartOf":{"@id":"https:\/\/www.jazzzeitung.de\/cms\/2018\/02\/die-jazz-radiowoche-vom-05-02-bis-11-02-2018\/"},"author":{"name":"Martin Hufner","@id":"https:\/\/www.jazzzeitung.de\/cms\/#\/schema\/person\/b9a4e5ac765d94fb8f617bfa8f1fc5f7"},"headline":"Die Jazz-Radiowoche vom 05.02. bis 11.02.2018","datePublished":"2018-02-04T11:00:07+00:00","mainEntityOfPage":{"@id":"https:\/\/www.jazzzeitung.de\/cms\/2018\/02\/die-jazz-radiowoche-vom-05-02-bis-11-02-2018\/"},"wordCount":2066,"commentCount":0,"publisher":{"@id":"https:\/\/www.jazzzeitung.de\/cms\/#organization"},"image":{"@id":"https:\/\/www.jazzzeitung.de\/cms\/2018\/02\/die-jazz-radiowoche-vom-05-02-bis-11-02-2018\/#primaryimage"},"thumbnailUrl":"https:\/\/i0.wp.com\/www.jazzzeitung.de\/cms\/wp-content\/uploads\/2017\/10\/radio-jazz-neu.jpg?fit=2048%2C1536&ssl=1","keywords":["Jazz im Radio"],"articleSection":["Radio"],"inLanguage":"de","potentialAction":[{"@type":"CommentAction","name":"Comment","target":["https:\/\/www.jazzzeitung.de\/cms\/2018\/02\/die-jazz-radiowoche-vom-05-02-bis-11-02-2018\/#respond"]}]},{"@type":"WebPage","@id":"https:\/\/www.jazzzeitung.de\/cms\/2018\/02\/die-jazz-radiowoche-vom-05-02-bis-11-02-2018\/","url":"https:\/\/www.jazzzeitung.de\/cms\/2018\/02\/die-jazz-radiowoche-vom-05-02-bis-11-02-2018\/","name":"Die Jazz-Radiowoche vom 05.02. bis 11.02.2018 - JazzZeitung","isPartOf":{"@id":"https:\/\/www.jazzzeitung.de\/cms\/#website"},"primaryImageOfPage":{"@id":"https:\/\/www.jazzzeitung.de\/cms\/2018\/02\/die-jazz-radiowoche-vom-05-02-bis-11-02-2018\/#primaryimage"},"image":{"@id":"https:\/\/www.jazzzeitung.de\/cms\/2018\/02\/die-jazz-radiowoche-vom-05-02-bis-11-02-2018\/#primaryimage"},"thumbnailUrl":"https:\/\/i0.wp.com\/www.jazzzeitung.de\/cms\/wp-content\/uploads\/2017\/10\/radio-jazz-neu.jpg?fit=2048%2C1536&ssl=1","datePublished":"2018-02-04T11:00:07+00:00","breadcrumb":{"@id":"https:\/\/www.jazzzeitung.de\/cms\/2018\/02\/die-jazz-radiowoche-vom-05-02-bis-11-02-2018\/#breadcrumb"},"inLanguage":"de","potentialAction":[{"@type":"ReadAction","target":["https:\/\/www.jazzzeitung.de\/cms\/2018\/02\/die-jazz-radiowoche-vom-05-02-bis-11-02-2018\/"]}]},{"@type":"ImageObject","inLanguage":"de","@id":"https:\/\/www.jazzzeitung.de\/cms\/2018\/02\/die-jazz-radiowoche-vom-05-02-bis-11-02-2018\/#primaryimage","url":"https:\/\/i0.wp.com\/www.jazzzeitung.de\/cms\/wp-content\/uploads\/2017\/10\/radio-jazz-neu.jpg?fit=2048%2C1536&ssl=1","contentUrl":"https:\/\/i0.wp.com\/www.jazzzeitung.de\/cms\/wp-content\/uploads\/2017\/10\/radio-jazz-neu.jpg?fit=2048%2C1536&ssl=1","width":2048,"height":1536,"caption":"Jazz im Radio"},{"@type":"BreadcrumbList","@id":"https:\/\/www.jazzzeitung.de\/cms\/2018\/02\/die-jazz-radiowoche-vom-05-02-bis-11-02-2018\/#breadcrumb","itemListElement":[{"@type":"ListItem","position":1,"name":"Startseite","item":"https:\/\/www.jazzzeitung.de\/cms\/"},{"@type":"ListItem","position":2,"name":"Die Jazz-Radiowoche vom 05.02. bis 11.02.2018"}]},{"@type":"WebSite","@id":"https:\/\/www.jazzzeitung.de\/cms\/#website","url":"https:\/\/www.jazzzeitung.de\/cms\/","name":"JazzZeitung","description":"Jazz-News und Jazz-Kontroverses","publisher":{"@id":"https:\/\/www.jazzzeitung.de\/cms\/#organization"},"potentialAction":[{"@type":"SearchAction","target":{"@type":"EntryPoint","urlTemplate":"https:\/\/www.jazzzeitung.de\/cms\/?s={search_term_string}"},"query-input":{"@type":"PropertyValueSpecification","valueRequired":true,"valueName":"search_term_string"}}],"inLanguage":"de"},{"@type":"Organization","@id":"https:\/\/www.jazzzeitung.de\/cms\/#organization","name":"JazzZeitung online","url":"https:\/\/www.jazzzeitung.de\/cms\/","logo":{"@type":"ImageObject","inLanguage":"de","@id":"https:\/\/www.jazzzeitung.de\/cms\/#\/schema\/logo\/image\/","url":"https:\/\/i0.wp.com\/www.jazzzeitung.de\/cms\/wp-content\/uploads\/2015\/08\/JAZZZEITUNGDE_Logo_Neu.png?fit=499%2C200&ssl=1","contentUrl":"https:\/\/i0.wp.com\/www.jazzzeitung.de\/cms\/wp-content\/uploads\/2015\/08\/JAZZZEITUNGDE_Logo_Neu.png?fit=499%2C200&ssl=1","width":499,"height":200,"caption":"JazzZeitung online"},"image":{"@id":"https:\/\/www.jazzzeitung.de\/cms\/#\/schema\/logo\/image\/"},"sameAs":["https:\/\/www.facebook.com\/JazzZeitung\/"]},{"@type":"Person","@id":"https:\/\/www.jazzzeitung.de\/cms\/#\/schema\/person\/b9a4e5ac765d94fb8f617bfa8f1fc5f7","name":"Martin Hufner","image":{"@type":"ImageObject","inLanguage":"de","@id":"https:\/\/i0.wp.com\/www.jazzzeitung.de\/cms\/wp-content\/uploads\/2013\/07\/huf-06.jpg?resize=96%2C96&ssl=15fcc31aa94540751a3b804516452be00","url":"https:\/\/i0.wp.com\/www.jazzzeitung.de\/cms\/wp-content\/uploads\/2013\/07\/huf-06.jpg?resize=96%2C96&ssl=1","contentUrl":"https:\/\/i0.wp.com\/www.jazzzeitung.de\/cms\/wp-content\/uploads\/2013\/07\/huf-06.jpg?resize=96%2C96&ssl=1","caption":"Martin Hufner"},"description":"Martin Hufner ist freier Autor der JazzZeitung.","sameAs":["https:\/\/www.kritische-masse.de\/logbuch","https:\/\/www.facebook.com\/hufner"],"url":"https:\/\/www.jazzzeitung.de\/cms\/author\/admin\/"}]}},"wp-worthy-pixel":{"ignored":false,"public":null,"server":null,"url":null},"wp-worthy-type":"normal","jetpack_publicize_connections":[],"cc_featured_image_caption":{"caption_text":"Die Jazz-Radiowoche.","source_text":"\u00a9 Martin Hufner (Foto\/Montage)","source_url":"https:\/\/www.musikkritik.org"},"jetpack_featured_media_url":"https:\/\/i0.wp.com\/www.jazzzeitung.de\/cms\/wp-content\/uploads\/2017\/10\/radio-jazz-neu.jpg?fit=2048%2C1536&ssl=1","jetpack_shortlink":"https:\/\/wp.me\/p3KEcT-3Te","jetpack-related-posts":[{"id":22236,"url":"https:\/\/www.jazzzeitung.de\/cms\/2020\/03\/die-jazz-radiowoche-vom-30-03-20-bis-05-04-20\/","url_meta":{"origin":14956,"position":0},"title":"Die Jazz-Radiowoche vom 30.03.20 bis 05.04.20","author":"Martin Hufner","date":"29. M\u00e4rz 2020","format":false,"excerpt":"Ein kleiner Blick in die Jazzwoche 14 im Radio. Alle Angaben ohne Gew\u00e4hr. Jazz im Radio (Fernsehen) SR2 \u2013 JazzNow \u2013 Sonntags von 20.04 bis 22.30 Uhr BR-KLASSIK \u2013 Jazztime \u2013 Von Montag bis Freitag t\u00e4glich um 23.05 Uhr rbb-kultur \u2013 Late Night Jazz \u2013 Sa und So 23:04 \u2013\u2026","rel":"","context":"In &quot;News&quot;","block_context":{"text":"News","link":"https:\/\/www.jazzzeitung.de\/cms\/thema\/nachrichten\/"},"img":{"alt_text":"Jazz im Radio. Foto: Hufner","src":"https:\/\/i0.wp.com\/www.jazzzeitung.de\/cms\/wp-content\/uploads\/2019\/03\/jazz_im_radio.jpg?fit=1200%2C773&ssl=1&resize=350%2C200","width":350,"height":200,"srcset":"https:\/\/i0.wp.com\/www.jazzzeitung.de\/cms\/wp-content\/uploads\/2019\/03\/jazz_im_radio.jpg?fit=1200%2C773&ssl=1&resize=350%2C200 1x, https:\/\/i0.wp.com\/www.jazzzeitung.de\/cms\/wp-content\/uploads\/2019\/03\/jazz_im_radio.jpg?fit=1200%2C773&ssl=1&resize=525%2C300 1.5x, https:\/\/i0.wp.com\/www.jazzzeitung.de\/cms\/wp-content\/uploads\/2019\/03\/jazz_im_radio.jpg?fit=1200%2C773&ssl=1&resize=700%2C400 2x, https:\/\/i0.wp.com\/www.jazzzeitung.de\/cms\/wp-content\/uploads\/2019\/03\/jazz_im_radio.jpg?fit=1200%2C773&ssl=1&resize=1050%2C600 3x"},"classes":[]},{"id":23939,"url":"https:\/\/www.jazzzeitung.de\/cms\/2020\/12\/die-jazz-radiowoche-vom-7-12-20-bis-13-12-2020\/","url_meta":{"origin":14956,"position":1},"title":"Die Jazz-Radiowoche vom 7.12.20 bis 13.12.2020","author":"Martin Hufner","date":"6. Dezember 2020","format":false,"excerpt":"Ein kleiner Blick in die Jazzwoche 50 im Radio. Der ist dieses mal so klein, es steht da n\u00e4mlich gar nichts drin.Grund daf\u00fcr: Die Suchmaschine f\u00fcr Radiosendungen der ARD gibt am dem 7.12.2020 keine Ergebnisse heraus. Versuche der Kontaktaufnahme mit der ARD sind ohne Echo verhallt. Aktuell bleibt es bei\u2026","rel":"","context":"In &quot;News&quot;","block_context":{"text":"News","link":"https:\/\/www.jazzzeitung.de\/cms\/thema\/nachrichten\/"},"img":{"alt_text":"Jazz im Radio. Foto: Hufner","src":"https:\/\/i0.wp.com\/www.jazzzeitung.de\/cms\/wp-content\/uploads\/2019\/03\/jazz_im_radio.jpg?fit=1200%2C773&ssl=1&resize=350%2C200","width":350,"height":200,"srcset":"https:\/\/i0.wp.com\/www.jazzzeitung.de\/cms\/wp-content\/uploads\/2019\/03\/jazz_im_radio.jpg?fit=1200%2C773&ssl=1&resize=350%2C200 1x, https:\/\/i0.wp.com\/www.jazzzeitung.de\/cms\/wp-content\/uploads\/2019\/03\/jazz_im_radio.jpg?fit=1200%2C773&ssl=1&resize=525%2C300 1.5x, https:\/\/i0.wp.com\/www.jazzzeitung.de\/cms\/wp-content\/uploads\/2019\/03\/jazz_im_radio.jpg?fit=1200%2C773&ssl=1&resize=700%2C400 2x, https:\/\/i0.wp.com\/www.jazzzeitung.de\/cms\/wp-content\/uploads\/2019\/03\/jazz_im_radio.jpg?fit=1200%2C773&ssl=1&resize=1050%2C600 3x"},"classes":[]},{"id":23982,"url":"https:\/\/www.jazzzeitung.de\/cms\/2020\/12\/die-jazz-radiowoche-vom-14-12-20-bis-31-12-2020\/","url_meta":{"origin":14956,"position":2},"title":"Die Jazz-Radiowoche vom 14.12.20 bis 31.12.2020","author":"Martin Hufner","date":"13. Dezember 2020","format":false,"excerpt":"Ein kleiner Blick in Restmonat. Die Suchmaschine der ARD hat ihren Dienst am 7.12.2020 eingestellt. Nachfragen haben nur gezeigt, dass die Veranwortlichen kein Interesse daran haben, das zu kommunizieren. Weder ist herauszubekommen, wer das veranlasst hat noch warum. Danke ARD! F\u00fcr nichts. Jetzt schauen wir mal, wie es weiter geht.\u2026","rel":"","context":"In &quot;News&quot;","block_context":{"text":"News","link":"https:\/\/www.jazzzeitung.de\/cms\/thema\/nachrichten\/"},"img":{"alt_text":"Jazz im Radio. Foto: Hufner","src":"https:\/\/i0.wp.com\/www.jazzzeitung.de\/cms\/wp-content\/uploads\/2019\/03\/jazz_im_radio.jpg?fit=1200%2C773&ssl=1&resize=350%2C200","width":350,"height":200,"srcset":"https:\/\/i0.wp.com\/www.jazzzeitung.de\/cms\/wp-content\/uploads\/2019\/03\/jazz_im_radio.jpg?fit=1200%2C773&ssl=1&resize=350%2C200 1x, https:\/\/i0.wp.com\/www.jazzzeitung.de\/cms\/wp-content\/uploads\/2019\/03\/jazz_im_radio.jpg?fit=1200%2C773&ssl=1&resize=525%2C300 1.5x, https:\/\/i0.wp.com\/www.jazzzeitung.de\/cms\/wp-content\/uploads\/2019\/03\/jazz_im_radio.jpg?fit=1200%2C773&ssl=1&resize=700%2C400 2x, https:\/\/i0.wp.com\/www.jazzzeitung.de\/cms\/wp-content\/uploads\/2019\/03\/jazz_im_radio.jpg?fit=1200%2C773&ssl=1&resize=1050%2C600 3x"},"classes":[]},{"id":21609,"url":"https:\/\/www.jazzzeitung.de\/cms\/2020\/01\/die-jazz-radiowoche-vom-06-01-20-bis-12-01-20-notausgabe\/","url_meta":{"origin":14956,"position":3},"title":"Die Jazz-Radiowoche vom 06.01.20 bis 12.01.20 (Notausgabe)","author":"Martin Hufner","date":"5. Januar 2020","format":false,"excerpt":"Ein kleiner Blick in die Jazzwoche 02 im Radio. Notausgabe! Die \u00dcbersicht zum Download als PDF. Alle Angaben ohne Gew\u00e4hr. Jazz im Radio (Fernsehen) SR2 \u2013 JazzNow \u2013 Sonntags von 20.04 bis 22.30 Uhr BR-KLASSIK \u2013 Jazztime \u2013 Von Montag bis Freitag t\u00e4glich um 23.05 Uhr rbb-kultur \u2013 Late Night\u2026","rel":"","context":"In &quot;News&quot;","block_context":{"text":"News","link":"https:\/\/www.jazzzeitung.de\/cms\/thema\/nachrichten\/"},"img":{"alt_text":"Jazz im Radio. Foto: Hufner","src":"https:\/\/i0.wp.com\/www.jazzzeitung.de\/cms\/wp-content\/uploads\/2019\/03\/jazz_im_radio.jpg?fit=1200%2C773&ssl=1&resize=350%2C200","width":350,"height":200,"srcset":"https:\/\/i0.wp.com\/www.jazzzeitung.de\/cms\/wp-content\/uploads\/2019\/03\/jazz_im_radio.jpg?fit=1200%2C773&ssl=1&resize=350%2C200 1x, https:\/\/i0.wp.com\/www.jazzzeitung.de\/cms\/wp-content\/uploads\/2019\/03\/jazz_im_radio.jpg?fit=1200%2C773&ssl=1&resize=525%2C300 1.5x, https:\/\/i0.wp.com\/www.jazzzeitung.de\/cms\/wp-content\/uploads\/2019\/03\/jazz_im_radio.jpg?fit=1200%2C773&ssl=1&resize=700%2C400 2x, https:\/\/i0.wp.com\/www.jazzzeitung.de\/cms\/wp-content\/uploads\/2019\/03\/jazz_im_radio.jpg?fit=1200%2C773&ssl=1&resize=1050%2C600 3x"},"classes":[]},{"id":22441,"url":"https:\/\/www.jazzzeitung.de\/cms\/2020\/05\/die-jazz-radiowoche-vom-04-05-20-bis-10-05-20\/","url_meta":{"origin":14956,"position":4},"title":"Die Jazz-Radiowoche vom 04.05.20 bis 10.05.20","author":"Martin Hufner","date":"3. Mai 2020","format":false,"excerpt":"Ein kleiner Blick in die Jazzwoche 19 im Radio. Alle Angaben ohne Gew\u00e4hr. Jazz Special \u2013 Fire Music \u2013 Die unheilige Allianz von Jazz und Krieg | The Space Between \u2013 Mikrotonalit\u00e4t im Jazz","rel":"","context":"In &quot;News&quot;","block_context":{"text":"News","link":"https:\/\/www.jazzzeitung.de\/cms\/thema\/nachrichten\/"},"img":{"alt_text":"Jazz im Radio. Foto: Hufner","src":"https:\/\/i0.wp.com\/www.jazzzeitung.de\/cms\/wp-content\/uploads\/2019\/03\/jazz_im_radio.jpg?fit=1200%2C773&ssl=1&resize=350%2C200","width":350,"height":200,"srcset":"https:\/\/i0.wp.com\/www.jazzzeitung.de\/cms\/wp-content\/uploads\/2019\/03\/jazz_im_radio.jpg?fit=1200%2C773&ssl=1&resize=350%2C200 1x, https:\/\/i0.wp.com\/www.jazzzeitung.de\/cms\/wp-content\/uploads\/2019\/03\/jazz_im_radio.jpg?fit=1200%2C773&ssl=1&resize=525%2C300 1.5x, https:\/\/i0.wp.com\/www.jazzzeitung.de\/cms\/wp-content\/uploads\/2019\/03\/jazz_im_radio.jpg?fit=1200%2C773&ssl=1&resize=700%2C400 2x, https:\/\/i0.wp.com\/www.jazzzeitung.de\/cms\/wp-content\/uploads\/2019\/03\/jazz_im_radio.jpg?fit=1200%2C773&ssl=1&resize=1050%2C600 3x"},"classes":[]},{"id":14031,"url":"https:\/\/www.jazzzeitung.de\/cms\/2017\/11\/die-jazz-radio-woche-vom-6-11-bis-12-11-2017\/","url_meta":{"origin":14956,"position":5},"title":"Die Jazz-Radio-Woche vom 6.11. bis 12.11.2017","author":"Martin Hufner","date":"5. November 2017","format":false,"excerpt":"Ein subjektiver Blick in die Jazzwoche 45 im Radio. Unter anderem: \u00a0Oscar Peterson, Geschichte des SWR NEWJazz Meetings, Joshua Redman & Brad Mehldau, Altsaxofonist Johnny Hodges, Sarah Vaughan, Ethno-Experimente des Kronos Quartetts, Omer Klein Trio beim vierten NUEJAZZ Festival, Joshua Redman Trio, 38. Leverkusener Jazztage, Altsaxophonist Lee Konitz, Pianist Paul\u2026","rel":"","context":"In &quot;News&quot;","block_context":{"text":"News","link":"https:\/\/www.jazzzeitung.de\/cms\/thema\/nachrichten\/"},"img":{"alt_text":"Jazz im Radio","src":"https:\/\/i0.wp.com\/www.jazzzeitung.de\/cms\/wp-content\/uploads\/2017\/10\/radio-jazz-neu.jpg?fit=1200%2C900&ssl=1&resize=350%2C200","width":350,"height":200,"srcset":"https:\/\/i0.wp.com\/www.jazzzeitung.de\/cms\/wp-content\/uploads\/2017\/10\/radio-jazz-neu.jpg?fit=1200%2C900&ssl=1&resize=350%2C200 1x, https:\/\/i0.wp.com\/www.jazzzeitung.de\/cms\/wp-content\/uploads\/2017\/10\/radio-jazz-neu.jpg?fit=1200%2C900&ssl=1&resize=525%2C300 1.5x, https:\/\/i0.wp.com\/www.jazzzeitung.de\/cms\/wp-content\/uploads\/2017\/10\/radio-jazz-neu.jpg?fit=1200%2C900&ssl=1&resize=700%2C400 2x, https:\/\/i0.wp.com\/www.jazzzeitung.de\/cms\/wp-content\/uploads\/2017\/10\/radio-jazz-neu.jpg?fit=1200%2C900&ssl=1&resize=1050%2C600 3x"},"classes":[]}],"jetpack_sharing_enabled":true,"_links":{"self":[{"href":"https:\/\/www.jazzzeitung.de\/cms\/wp-json\/wp\/v2\/posts\/14956","targetHints":{"allow":["GET"]}}],"collection":[{"href":"https:\/\/www.jazzzeitung.de\/cms\/wp-json\/wp\/v2\/posts"}],"about":[{"href":"https:\/\/www.jazzzeitung.de\/cms\/wp-json\/wp\/v2\/types\/post"}],"author":[{"embeddable":true,"href":"https:\/\/www.jazzzeitung.de\/cms\/wp-json\/wp\/v2\/users\/1"}],"replies":[{"embeddable":true,"href":"https:\/\/www.jazzzeitung.de\/cms\/wp-json\/wp\/v2\/comments?post=14956"}],"version-history":[{"count":1,"href":"https:\/\/www.jazzzeitung.de\/cms\/wp-json\/wp\/v2\/posts\/14956\/revisions"}],"predecessor-version":[{"id":14957,"href":"https:\/\/www.jazzzeitung.de\/cms\/wp-json\/wp\/v2\/posts\/14956\/revisions\/14957"}],"wp:featuredmedia":[{"embeddable":true,"href":"https:\/\/www.jazzzeitung.de\/cms\/wp-json\/wp\/v2\/media\/13661"}],"wp:attachment":[{"href":"https:\/\/www.jazzzeitung.de\/cms\/wp-json\/wp\/v2\/media?parent=14956"}],"wp:term":[{"taxonomy":"category","embeddable":true,"href":"https:\/\/www.jazzzeitung.de\/cms\/wp-json\/wp\/v2\/categories?post=14956"},{"taxonomy":"post_tag","embeddable":true,"href":"https:\/\/www.jazzzeitung.de\/cms\/wp-json\/wp\/v2\/tags?post=14956"},{"taxonomy":"author","embeddable":true,"href":"https:\/\/www.jazzzeitung.de\/cms\/wp-json\/wp\/v2\/coauthors?post=14956"}],"curies":[{"name":"wp","href":"https:\/\/api.w.org\/{rel}","templated":true}]}}