{"id":14823,"date":"2018-01-23T16:00:04","date_gmt":"2018-01-23T15:00:04","guid":{"rendered":"https:\/\/www.jazzzeitung.de\/cms\/?p=14823"},"modified":"2018-01-22T20:26:48","modified_gmt":"2018-01-22T19:26:48","slug":"jazz-aus-nuernberg-studio-aufnahmen","status":"publish","type":"post","link":"https:\/\/www.jazzzeitung.de\/cms\/2018\/01\/jazz-aus-nuernberg-studio-aufnahmen\/","title":{"rendered":"Radio-Tipp: Jazz aus N\u00fcrnberg"},"content":{"rendered":"<p>Am 24. Januar 2017 werden von 23:05 bis 24:00 Uhr neue Aufnahmen des Quartetts des Pianisten Dieter K\u00f6hnlein auf Bayern Klassik gesendet. Die St\u00fccke wurden im Dezember im Studio Franken durch den Bayerischen Rundfunk produziert. Im Rahmen der Sendung &#8222;Jazztime&#8220; f\u00fchrt Moderatorin Beate Sampson nun durch eine Auswahl der aufgenommenen Titel. Das Quartett besteht neben K\u00f6hnlein aus den Mitgliedern Hubert Winter (Tenorsaxofon), Rudi Engel (Bass) und Matthias Rosenbauer (Schlagzeug) und spielt, wie auch das Dieter K\u00f6hlein Trio, Kompositionen des Bandleaders.<\/p>\n<p>&nbsp;<\/p>\n","protected":false},"excerpt":{"rendered":"<p>Am 24. Januar 2017 werden von 23:05 bis 24:00 Uhr neue Aufnahmen des Quartetts des Pianisten Dieter K\u00f6hnlein auf Bayern Klassik gesendet. Die St\u00fccke wurden im Dezember im Studio Franken durch den Bayerischen Rundfunk produziert. Im Rahmen der Sendung &#8222;Jazztime&#8220; f\u00fchrt Moderatorin Beate Sampson nun durch eine Auswahl der aufgenommenen Titel. Das Quartett besteht neben K\u00f6hnlein aus den Mitgliedern Hubert Winter (Tenorsaxofon), Rudi Engel (Bass) und Matthias Rosenbauer (Schlagzeug) und spielt, wie auch das Dieter K\u00f6hlein Trio, Kompositionen des Bandleaders. &nbsp;<\/p>\n","protected":false},"author":18,"featured_media":13661,"comment_status":"open","ping_status":"closed","sticky":false,"template":"","format":"standard","meta":{"_jetpack_memberships_contains_paid_content":false,"footnotes":"","jetpack_publicize_message":"","jetpack_publicize_feature_enabled":true,"jetpack_social_post_already_shared":false,"jetpack_social_options":{"image_generator_settings":{"template":"highway","default_image_id":0,"font":"","enabled":false},"version":2}},"categories":[633,452],"tags":[61,1920,423],"coauthors":[695],"class_list":["post-14823","post","type-post","status-publish","format-standard","has-post-thumbnail","hentry","category-nachrichten","category-radio","tag-beate-sampson","tag-dieter-koehnlein","tag-nuernberg"],"yoast_head":"<!-- This site is optimized with the Yoast SEO plugin v27.5 - https:\/\/yoast.com\/product\/yoast-seo-wordpress\/ -->\n<title>Radio-Tipp: Jazz aus N\u00fcrnberg - JazzZeitung<\/title>\n<meta name=\"robots\" content=\"index, follow, max-snippet:-1, max-image-preview:large, max-video-preview:-1\" \/>\n<link rel=\"canonical\" href=\"https:\/\/www.jazzzeitung.de\/cms\/2018\/01\/jazz-aus-nuernberg-studio-aufnahmen\/\" \/>\n<meta property=\"og:locale\" content=\"de_DE\" \/>\n<meta property=\"og:type\" content=\"article\" \/>\n<meta property=\"og:title\" content=\"Radio-Tipp: Jazz aus N\u00fcrnberg - JazzZeitung\" \/>\n<meta property=\"og:description\" content=\"Am 24. Januar 2017 werden von 23:05 bis 24:00 Uhr neue Aufnahmen des Quartetts des Pianisten Dieter K\u00f6hnlein auf Bayern Klassik gesendet. Die St\u00fccke wurden im Dezember im Studio Franken durch den Bayerischen Rundfunk produziert. Im Rahmen der Sendung &#8222;Jazztime&#8220; f\u00fchrt Moderatorin Beate Sampson nun durch eine Auswahl der aufgenommenen Titel. Das Quartett besteht neben K\u00f6hnlein aus den Mitgliedern Hubert Winter (Tenorsaxofon), Rudi Engel (Bass) und Matthias Rosenbauer (Schlagzeug) und spielt, wie auch das Dieter K\u00f6hlein Trio, Kompositionen des Bandleaders. &nbsp;\" \/>\n<meta property=\"og:url\" content=\"https:\/\/www.jazzzeitung.de\/cms\/2018\/01\/jazz-aus-nuernberg-studio-aufnahmen\/\" \/>\n<meta property=\"og:site_name\" content=\"JazzZeitung\" \/>\n<meta property=\"article:publisher\" content=\"https:\/\/www.facebook.com\/JazzZeitung\/\" \/>\n<meta property=\"article:published_time\" content=\"2018-01-23T15:00:04+00:00\" \/>\n<meta property=\"og:image\" content=\"https:\/\/i0.wp.com\/www.jazzzeitung.de\/cms\/wp-content\/uploads\/2017\/10\/radio-jazz-neu.jpg?fit=2048%2C1536&ssl=1\" \/>\n\t<meta property=\"og:image:width\" content=\"2048\" \/>\n\t<meta property=\"og:image:height\" content=\"1536\" \/>\n\t<meta property=\"og:image:type\" content=\"image\/jpeg\" \/>\n<meta name=\"author\" content=\"Redaktion JazzZeitung\" \/>\n<script type=\"application\/ld+json\" class=\"yoast-schema-graph\">{\"@context\":\"https:\\\/\\\/schema.org\",\"@graph\":[{\"@type\":\"Article\",\"@id\":\"https:\\\/\\\/www.jazzzeitung.de\\\/cms\\\/2018\\\/01\\\/jazz-aus-nuernberg-studio-aufnahmen\\\/#article\",\"isPartOf\":{\"@id\":\"https:\\\/\\\/www.jazzzeitung.de\\\/cms\\\/2018\\\/01\\\/jazz-aus-nuernberg-studio-aufnahmen\\\/\"},\"author\":{\"name\":\"Redaktion JazzZeitung\",\"@id\":\"https:\\\/\\\/www.jazzzeitung.de\\\/cms\\\/#\\\/schema\\\/person\\\/2245b36b9cd1d24cea10f01c031fb92b\"},\"headline\":\"Radio-Tipp: Jazz aus N\u00fcrnberg\",\"datePublished\":\"2018-01-23T15:00:04+00:00\",\"mainEntityOfPage\":{\"@id\":\"https:\\\/\\\/www.jazzzeitung.de\\\/cms\\\/2018\\\/01\\\/jazz-aus-nuernberg-studio-aufnahmen\\\/\"},\"wordCount\":87,\"commentCount\":0,\"publisher\":{\"@id\":\"https:\\\/\\\/www.jazzzeitung.de\\\/cms\\\/#organization\"},\"image\":{\"@id\":\"https:\\\/\\\/www.jazzzeitung.de\\\/cms\\\/2018\\\/01\\\/jazz-aus-nuernberg-studio-aufnahmen\\\/#primaryimage\"},\"thumbnailUrl\":\"https:\\\/\\\/i0.wp.com\\\/www.jazzzeitung.de\\\/cms\\\/wp-content\\\/uploads\\\/2017\\\/10\\\/radio-jazz-neu.jpg?fit=2048%2C1536&ssl=1\",\"keywords\":[\"Beate Sampson\",\"Dieter K\u00f6hnlein\",\"N\u00fcrnberg\"],\"articleSection\":[\"News\",\"Radio\"],\"inLanguage\":\"de\",\"potentialAction\":[{\"@type\":\"CommentAction\",\"name\":\"Comment\",\"target\":[\"https:\\\/\\\/www.jazzzeitung.de\\\/cms\\\/2018\\\/01\\\/jazz-aus-nuernberg-studio-aufnahmen\\\/#respond\"]}]},{\"@type\":\"WebPage\",\"@id\":\"https:\\\/\\\/www.jazzzeitung.de\\\/cms\\\/2018\\\/01\\\/jazz-aus-nuernberg-studio-aufnahmen\\\/\",\"url\":\"https:\\\/\\\/www.jazzzeitung.de\\\/cms\\\/2018\\\/01\\\/jazz-aus-nuernberg-studio-aufnahmen\\\/\",\"name\":\"Radio-Tipp: Jazz aus N\u00fcrnberg - JazzZeitung\",\"isPartOf\":{\"@id\":\"https:\\\/\\\/www.jazzzeitung.de\\\/cms\\\/#website\"},\"primaryImageOfPage\":{\"@id\":\"https:\\\/\\\/www.jazzzeitung.de\\\/cms\\\/2018\\\/01\\\/jazz-aus-nuernberg-studio-aufnahmen\\\/#primaryimage\"},\"image\":{\"@id\":\"https:\\\/\\\/www.jazzzeitung.de\\\/cms\\\/2018\\\/01\\\/jazz-aus-nuernberg-studio-aufnahmen\\\/#primaryimage\"},\"thumbnailUrl\":\"https:\\\/\\\/i0.wp.com\\\/www.jazzzeitung.de\\\/cms\\\/wp-content\\\/uploads\\\/2017\\\/10\\\/radio-jazz-neu.jpg?fit=2048%2C1536&ssl=1\",\"datePublished\":\"2018-01-23T15:00:04+00:00\",\"breadcrumb\":{\"@id\":\"https:\\\/\\\/www.jazzzeitung.de\\\/cms\\\/2018\\\/01\\\/jazz-aus-nuernberg-studio-aufnahmen\\\/#breadcrumb\"},\"inLanguage\":\"de\",\"potentialAction\":[{\"@type\":\"ReadAction\",\"target\":[\"https:\\\/\\\/www.jazzzeitung.de\\\/cms\\\/2018\\\/01\\\/jazz-aus-nuernberg-studio-aufnahmen\\\/\"]}]},{\"@type\":\"ImageObject\",\"inLanguage\":\"de\",\"@id\":\"https:\\\/\\\/www.jazzzeitung.de\\\/cms\\\/2018\\\/01\\\/jazz-aus-nuernberg-studio-aufnahmen\\\/#primaryimage\",\"url\":\"https:\\\/\\\/i0.wp.com\\\/www.jazzzeitung.de\\\/cms\\\/wp-content\\\/uploads\\\/2017\\\/10\\\/radio-jazz-neu.jpg?fit=2048%2C1536&ssl=1\",\"contentUrl\":\"https:\\\/\\\/i0.wp.com\\\/www.jazzzeitung.de\\\/cms\\\/wp-content\\\/uploads\\\/2017\\\/10\\\/radio-jazz-neu.jpg?fit=2048%2C1536&ssl=1\",\"width\":2048,\"height\":1536,\"caption\":\"Jazz im Radio\"},{\"@type\":\"BreadcrumbList\",\"@id\":\"https:\\\/\\\/www.jazzzeitung.de\\\/cms\\\/2018\\\/01\\\/jazz-aus-nuernberg-studio-aufnahmen\\\/#breadcrumb\",\"itemListElement\":[{\"@type\":\"ListItem\",\"position\":1,\"name\":\"Startseite\",\"item\":\"https:\\\/\\\/www.jazzzeitung.de\\\/cms\\\/\"},{\"@type\":\"ListItem\",\"position\":2,\"name\":\"Radio-Tipp: Jazz aus N\u00fcrnberg\"}]},{\"@type\":\"WebSite\",\"@id\":\"https:\\\/\\\/www.jazzzeitung.de\\\/cms\\\/#website\",\"url\":\"https:\\\/\\\/www.jazzzeitung.de\\\/cms\\\/\",\"name\":\"JazzZeitung\",\"description\":\"Jazz-News und Jazz-Kontroverses\",\"publisher\":{\"@id\":\"https:\\\/\\\/www.jazzzeitung.de\\\/cms\\\/#organization\"},\"potentialAction\":[{\"@type\":\"SearchAction\",\"target\":{\"@type\":\"EntryPoint\",\"urlTemplate\":\"https:\\\/\\\/www.jazzzeitung.de\\\/cms\\\/?s={search_term_string}\"},\"query-input\":{\"@type\":\"PropertyValueSpecification\",\"valueRequired\":true,\"valueName\":\"search_term_string\"}}],\"inLanguage\":\"de\"},{\"@type\":\"Organization\",\"@id\":\"https:\\\/\\\/www.jazzzeitung.de\\\/cms\\\/#organization\",\"name\":\"JazzZeitung online\",\"url\":\"https:\\\/\\\/www.jazzzeitung.de\\\/cms\\\/\",\"logo\":{\"@type\":\"ImageObject\",\"inLanguage\":\"de\",\"@id\":\"https:\\\/\\\/www.jazzzeitung.de\\\/cms\\\/#\\\/schema\\\/logo\\\/image\\\/\",\"url\":\"https:\\\/\\\/i0.wp.com\\\/www.jazzzeitung.de\\\/cms\\\/wp-content\\\/uploads\\\/2015\\\/08\\\/JAZZZEITUNGDE_Logo_Neu.png?fit=499%2C200&ssl=1\",\"contentUrl\":\"https:\\\/\\\/i0.wp.com\\\/www.jazzzeitung.de\\\/cms\\\/wp-content\\\/uploads\\\/2015\\\/08\\\/JAZZZEITUNGDE_Logo_Neu.png?fit=499%2C200&ssl=1\",\"width\":499,\"height\":200,\"caption\":\"JazzZeitung online\"},\"image\":{\"@id\":\"https:\\\/\\\/www.jazzzeitung.de\\\/cms\\\/#\\\/schema\\\/logo\\\/image\\\/\"},\"sameAs\":[\"https:\\\/\\\/www.facebook.com\\\/JazzZeitung\\\/\"]},{\"@type\":\"Person\",\"@id\":\"https:\\\/\\\/www.jazzzeitung.de\\\/cms\\\/#\\\/schema\\\/person\\\/2245b36b9cd1d24cea10f01c031fb92b\",\"name\":\"Redaktion JazzZeitung\",\"image\":{\"@type\":\"ImageObject\",\"inLanguage\":\"de\",\"@id\":\"https:\\\/\\\/i0.wp.com\\\/www.jazzzeitung.de\\\/cms\\\/wp-content\\\/uploads\\\/2015\\\/08\\\/JAZZZEITUNGDE_Logo_Neu.png?resize=96%2C96&ssl=159975dcacb611b5700bd619b5daf0a7a\",\"url\":\"https:\\\/\\\/i0.wp.com\\\/www.jazzzeitung.de\\\/cms\\\/wp-content\\\/uploads\\\/2015\\\/08\\\/JAZZZEITUNGDE_Logo_Neu.png?resize=96%2C96&ssl=1\",\"contentUrl\":\"https:\\\/\\\/i0.wp.com\\\/www.jazzzeitung.de\\\/cms\\\/wp-content\\\/uploads\\\/2015\\\/08\\\/JAZZZEITUNGDE_Logo_Neu.png?resize=96%2C96&ssl=1\",\"caption\":\"Redaktion JazzZeitung\"},\"description\":\"Artikel der Redaktion der JazzZeitung.\",\"sameAs\":[\"http:\\\/\\\/www.jazzzeitung.de\\\/cms\\\/\"],\"url\":\"https:\\\/\\\/www.jazzzeitung.de\\\/cms\\\/author\\\/redaktion\\\/\"}]}<\/script>\n<!-- \/ Yoast SEO plugin. -->","yoast_head_json":{"title":"Radio-Tipp: Jazz aus N\u00fcrnberg - JazzZeitung","robots":{"index":"index","follow":"follow","max-snippet":"max-snippet:-1","max-image-preview":"max-image-preview:large","max-video-preview":"max-video-preview:-1"},"canonical":"https:\/\/www.jazzzeitung.de\/cms\/2018\/01\/jazz-aus-nuernberg-studio-aufnahmen\/","og_locale":"de_DE","og_type":"article","og_title":"Radio-Tipp: Jazz aus N\u00fcrnberg - JazzZeitung","og_description":"Am 24. Januar 2017 werden von 23:05 bis 24:00 Uhr neue Aufnahmen des Quartetts des Pianisten Dieter K\u00f6hnlein auf Bayern Klassik gesendet. Die St\u00fccke wurden im Dezember im Studio Franken durch den Bayerischen Rundfunk produziert. Im Rahmen der Sendung &#8222;Jazztime&#8220; f\u00fchrt Moderatorin Beate Sampson nun durch eine Auswahl der aufgenommenen Titel. Das Quartett besteht neben K\u00f6hnlein aus den Mitgliedern Hubert Winter (Tenorsaxofon), Rudi Engel (Bass) und Matthias Rosenbauer (Schlagzeug) und spielt, wie auch das Dieter K\u00f6hlein Trio, Kompositionen des Bandleaders. &nbsp;","og_url":"https:\/\/www.jazzzeitung.de\/cms\/2018\/01\/jazz-aus-nuernberg-studio-aufnahmen\/","og_site_name":"JazzZeitung","article_publisher":"https:\/\/www.facebook.com\/JazzZeitung\/","article_published_time":"2018-01-23T15:00:04+00:00","og_image":[{"width":2048,"height":1536,"url":"https:\/\/i0.wp.com\/www.jazzzeitung.de\/cms\/wp-content\/uploads\/2017\/10\/radio-jazz-neu.jpg?fit=2048%2C1536&ssl=1","type":"image\/jpeg"}],"author":"Redaktion JazzZeitung","schema":{"@context":"https:\/\/schema.org","@graph":[{"@type":"Article","@id":"https:\/\/www.jazzzeitung.de\/cms\/2018\/01\/jazz-aus-nuernberg-studio-aufnahmen\/#article","isPartOf":{"@id":"https:\/\/www.jazzzeitung.de\/cms\/2018\/01\/jazz-aus-nuernberg-studio-aufnahmen\/"},"author":{"name":"Redaktion JazzZeitung","@id":"https:\/\/www.jazzzeitung.de\/cms\/#\/schema\/person\/2245b36b9cd1d24cea10f01c031fb92b"},"headline":"Radio-Tipp: Jazz aus N\u00fcrnberg","datePublished":"2018-01-23T15:00:04+00:00","mainEntityOfPage":{"@id":"https:\/\/www.jazzzeitung.de\/cms\/2018\/01\/jazz-aus-nuernberg-studio-aufnahmen\/"},"wordCount":87,"commentCount":0,"publisher":{"@id":"https:\/\/www.jazzzeitung.de\/cms\/#organization"},"image":{"@id":"https:\/\/www.jazzzeitung.de\/cms\/2018\/01\/jazz-aus-nuernberg-studio-aufnahmen\/#primaryimage"},"thumbnailUrl":"https:\/\/i0.wp.com\/www.jazzzeitung.de\/cms\/wp-content\/uploads\/2017\/10\/radio-jazz-neu.jpg?fit=2048%2C1536&ssl=1","keywords":["Beate Sampson","Dieter K\u00f6hnlein","N\u00fcrnberg"],"articleSection":["News","Radio"],"inLanguage":"de","potentialAction":[{"@type":"CommentAction","name":"Comment","target":["https:\/\/www.jazzzeitung.de\/cms\/2018\/01\/jazz-aus-nuernberg-studio-aufnahmen\/#respond"]}]},{"@type":"WebPage","@id":"https:\/\/www.jazzzeitung.de\/cms\/2018\/01\/jazz-aus-nuernberg-studio-aufnahmen\/","url":"https:\/\/www.jazzzeitung.de\/cms\/2018\/01\/jazz-aus-nuernberg-studio-aufnahmen\/","name":"Radio-Tipp: Jazz aus N\u00fcrnberg - JazzZeitung","isPartOf":{"@id":"https:\/\/www.jazzzeitung.de\/cms\/#website"},"primaryImageOfPage":{"@id":"https:\/\/www.jazzzeitung.de\/cms\/2018\/01\/jazz-aus-nuernberg-studio-aufnahmen\/#primaryimage"},"image":{"@id":"https:\/\/www.jazzzeitung.de\/cms\/2018\/01\/jazz-aus-nuernberg-studio-aufnahmen\/#primaryimage"},"thumbnailUrl":"https:\/\/i0.wp.com\/www.jazzzeitung.de\/cms\/wp-content\/uploads\/2017\/10\/radio-jazz-neu.jpg?fit=2048%2C1536&ssl=1","datePublished":"2018-01-23T15:00:04+00:00","breadcrumb":{"@id":"https:\/\/www.jazzzeitung.de\/cms\/2018\/01\/jazz-aus-nuernberg-studio-aufnahmen\/#breadcrumb"},"inLanguage":"de","potentialAction":[{"@type":"ReadAction","target":["https:\/\/www.jazzzeitung.de\/cms\/2018\/01\/jazz-aus-nuernberg-studio-aufnahmen\/"]}]},{"@type":"ImageObject","inLanguage":"de","@id":"https:\/\/www.jazzzeitung.de\/cms\/2018\/01\/jazz-aus-nuernberg-studio-aufnahmen\/#primaryimage","url":"https:\/\/i0.wp.com\/www.jazzzeitung.de\/cms\/wp-content\/uploads\/2017\/10\/radio-jazz-neu.jpg?fit=2048%2C1536&ssl=1","contentUrl":"https:\/\/i0.wp.com\/www.jazzzeitung.de\/cms\/wp-content\/uploads\/2017\/10\/radio-jazz-neu.jpg?fit=2048%2C1536&ssl=1","width":2048,"height":1536,"caption":"Jazz im Radio"},{"@type":"BreadcrumbList","@id":"https:\/\/www.jazzzeitung.de\/cms\/2018\/01\/jazz-aus-nuernberg-studio-aufnahmen\/#breadcrumb","itemListElement":[{"@type":"ListItem","position":1,"name":"Startseite","item":"https:\/\/www.jazzzeitung.de\/cms\/"},{"@type":"ListItem","position":2,"name":"Radio-Tipp: Jazz aus N\u00fcrnberg"}]},{"@type":"WebSite","@id":"https:\/\/www.jazzzeitung.de\/cms\/#website","url":"https:\/\/www.jazzzeitung.de\/cms\/","name":"JazzZeitung","description":"Jazz-News und Jazz-Kontroverses","publisher":{"@id":"https:\/\/www.jazzzeitung.de\/cms\/#organization"},"potentialAction":[{"@type":"SearchAction","target":{"@type":"EntryPoint","urlTemplate":"https:\/\/www.jazzzeitung.de\/cms\/?s={search_term_string}"},"query-input":{"@type":"PropertyValueSpecification","valueRequired":true,"valueName":"search_term_string"}}],"inLanguage":"de"},{"@type":"Organization","@id":"https:\/\/www.jazzzeitung.de\/cms\/#organization","name":"JazzZeitung online","url":"https:\/\/www.jazzzeitung.de\/cms\/","logo":{"@type":"ImageObject","inLanguage":"de","@id":"https:\/\/www.jazzzeitung.de\/cms\/#\/schema\/logo\/image\/","url":"https:\/\/i0.wp.com\/www.jazzzeitung.de\/cms\/wp-content\/uploads\/2015\/08\/JAZZZEITUNGDE_Logo_Neu.png?fit=499%2C200&ssl=1","contentUrl":"https:\/\/i0.wp.com\/www.jazzzeitung.de\/cms\/wp-content\/uploads\/2015\/08\/JAZZZEITUNGDE_Logo_Neu.png?fit=499%2C200&ssl=1","width":499,"height":200,"caption":"JazzZeitung online"},"image":{"@id":"https:\/\/www.jazzzeitung.de\/cms\/#\/schema\/logo\/image\/"},"sameAs":["https:\/\/www.facebook.com\/JazzZeitung\/"]},{"@type":"Person","@id":"https:\/\/www.jazzzeitung.de\/cms\/#\/schema\/person\/2245b36b9cd1d24cea10f01c031fb92b","name":"Redaktion JazzZeitung","image":{"@type":"ImageObject","inLanguage":"de","@id":"https:\/\/i0.wp.com\/www.jazzzeitung.de\/cms\/wp-content\/uploads\/2015\/08\/JAZZZEITUNGDE_Logo_Neu.png?resize=96%2C96&ssl=159975dcacb611b5700bd619b5daf0a7a","url":"https:\/\/i0.wp.com\/www.jazzzeitung.de\/cms\/wp-content\/uploads\/2015\/08\/JAZZZEITUNGDE_Logo_Neu.png?resize=96%2C96&ssl=1","contentUrl":"https:\/\/i0.wp.com\/www.jazzzeitung.de\/cms\/wp-content\/uploads\/2015\/08\/JAZZZEITUNGDE_Logo_Neu.png?resize=96%2C96&ssl=1","caption":"Redaktion JazzZeitung"},"description":"Artikel der Redaktion der JazzZeitung.","sameAs":["http:\/\/www.jazzzeitung.de\/cms\/"],"url":"https:\/\/www.jazzzeitung.de\/cms\/author\/redaktion\/"}]}},"wp-worthy-pixel":{"ignored":false,"public":null,"server":null,"url":null},"wp-worthy-type":"normal","jetpack_publicize_connections":[],"cc_featured_image_caption":{"caption_text":"Radio-Tipp.","source_text":"\u00a9 Martin Hufner (Foto\/Montage)","source_url":"https:\/\/www.musikkritik.org"},"jetpack_featured_media_url":"https:\/\/i0.wp.com\/www.jazzzeitung.de\/cms\/wp-content\/uploads\/2017\/10\/radio-jazz-neu.jpg?fit=2048%2C1536&ssl=1","jetpack_shortlink":"https:\/\/wp.me\/p3KEcT-3R5","jetpack-related-posts":[{"id":8136,"url":"https:\/\/www.jazzzeitung.de\/cms\/2016\/01\/vom-kratzen-der-stille-uwe-kropinski-und-dieter-koehnlein-mit-neuer-cd\/","url_meta":{"origin":14823,"position":0},"title":"Vom Kratzen an der Stille: Uwe Kropinski und Dieter K\u00f6hnlein mit neuer CD","author":"Redaktion JazzZeitung","date":"17. Januar 2016","format":false,"excerpt":"Kropinski \/ K\u00f6hnlein: Scratching The Silenc (HOFA Cd 274316) Sein Kollege Helmut Joe Sachse hat dereinst, vor mehr als drei\u00dfig Jahren, dem \u201eWohltemperierten Schraubenzieher (Oder Joe\u00b4s Mechanikverst\u00e4ndnis)\u201c solistisch ein Denkmal gesetzt. Uwe Kropinskis gitarristisch-musikalischer Humor ist zur\u00fcckhaltender, feiner, weniger resolut. Zusammen mit seinem fr\u00e4nkischen Partner Dieter K\u00f6hnlein am Klavier macht\u2026","rel":"","context":"In &quot;Rezension&quot;","block_context":{"text":"Rezension","link":"https:\/\/www.jazzzeitung.de\/cms\/thema\/rezension\/"},"img":{"alt_text":"","src":"https:\/\/i0.wp.com\/www.jazzzeitung.de\/cms\/wp-content\/uploads\/2016\/01\/Kro-K%C3%B6h-silence_643.jpg?fit=1200%2C1129&ssl=1&resize=350%2C200","width":350,"height":200,"srcset":"https:\/\/i0.wp.com\/www.jazzzeitung.de\/cms\/wp-content\/uploads\/2016\/01\/Kro-K%C3%B6h-silence_643.jpg?fit=1200%2C1129&ssl=1&resize=350%2C200 1x, https:\/\/i0.wp.com\/www.jazzzeitung.de\/cms\/wp-content\/uploads\/2016\/01\/Kro-K%C3%B6h-silence_643.jpg?fit=1200%2C1129&ssl=1&resize=525%2C300 1.5x, https:\/\/i0.wp.com\/www.jazzzeitung.de\/cms\/wp-content\/uploads\/2016\/01\/Kro-K%C3%B6h-silence_643.jpg?fit=1200%2C1129&ssl=1&resize=700%2C400 2x, https:\/\/i0.wp.com\/www.jazzzeitung.de\/cms\/wp-content\/uploads\/2016\/01\/Kro-K%C3%B6h-silence_643.jpg?fit=1200%2C1129&ssl=1&resize=1050%2C600 3x"},"classes":[]},{"id":14793,"url":"https:\/\/www.jazzzeitung.de\/cms\/2018\/01\/die-jazz-radiowoche-vom-22-01-bis-28-01-2018\/","url_meta":{"origin":14823,"position":1},"title":"Die Jazz-Radiowoche vom 22.01. bis 28.01.2018","author":"Martin Hufner","date":"21. Januar 2018","format":false,"excerpt":"Ein subjektiver Blick in die Jazzwoche 4 im Radio. Unter anderem mit: Cecilia Aguirre, Milt Jackson, Rosset \u2013 Meyer \u2013 Geiger, Konzerte des Orchesters Kurt Edelhagen, Alfredo Rodriguez, Campus Jazz aus Essen und K\u00f6ln, S\u00e4ngerin Mara Aranda, Quartett des Pianisten Dieter K\u00f6hnlein, Vadim Neselovskyi, Quintett Papanosh, Gitarrist Jean-Paul Bourelly, Ensemble\u2026","rel":"","context":"In &quot;News&quot;","block_context":{"text":"News","link":"https:\/\/www.jazzzeitung.de\/cms\/thema\/nachrichten\/"},"img":{"alt_text":"Jazz im Radio","src":"https:\/\/i0.wp.com\/www.jazzzeitung.de\/cms\/wp-content\/uploads\/2017\/10\/radio-jazz-neu.jpg?fit=1200%2C900&ssl=1&resize=350%2C200","width":350,"height":200,"srcset":"https:\/\/i0.wp.com\/www.jazzzeitung.de\/cms\/wp-content\/uploads\/2017\/10\/radio-jazz-neu.jpg?fit=1200%2C900&ssl=1&resize=350%2C200 1x, https:\/\/i0.wp.com\/www.jazzzeitung.de\/cms\/wp-content\/uploads\/2017\/10\/radio-jazz-neu.jpg?fit=1200%2C900&ssl=1&resize=525%2C300 1.5x, https:\/\/i0.wp.com\/www.jazzzeitung.de\/cms\/wp-content\/uploads\/2017\/10\/radio-jazz-neu.jpg?fit=1200%2C900&ssl=1&resize=700%2C400 2x, https:\/\/i0.wp.com\/www.jazzzeitung.de\/cms\/wp-content\/uploads\/2017\/10\/radio-jazz-neu.jpg?fit=1200%2C900&ssl=1&resize=1050%2C600 3x"},"classes":[]},{"id":454,"url":"https:\/\/www.jazzzeitung.de\/cms\/2010\/10\/jazz-im-rundfunk-episode-i-der-br\/","url_meta":{"origin":14823,"position":2},"title":"Jazz im Rundfunk \u2013 Episode I: Der BR","author":"J\u00f6rg Lichtinger","date":"10. Oktober 2010","format":false,"excerpt":"Der Jazz beim Bayerischen Rundfunk hat eine lange Geschichte und reicht bis zur Zeit zur\u00fcck, als man noch als Radio M\u00fcnchen unter der \u00c4gide der Amerikaner sendete \u2013 Mitternacht in M\u00fcnchen hie\u00df die ber\u00fchmteste Sendung mit Jazz in dieser Zeit. Als Redakteure in der Abteilung \"Leichte Musik\", zu der der\u2026","rel":"","context":"In &quot;Blog&quot;","block_context":{"text":"Blog","link":"https:\/\/www.jazzzeitung.de\/cms\/thema\/blog\/"},"img":{"alt_text":"Jazztime \u2013 Die Jazzsendung beim BR.","src":"https:\/\/i0.wp.com\/www.jazzzeitung.de\/cms\/wp-content\/uploads\/2010\/10\/screenshot_jazztime-300x292.jpg?resize=350%2C200","width":350,"height":200},"classes":[]},{"id":11803,"url":"https:\/\/www.jazzzeitung.de\/cms\/2017\/02\/je-preiser-gekroent-jazzpreise-im-monat-februar\/","url_meta":{"origin":14823,"position":3},"title":"Preistr\u00e4gerkonzerte: Klaus Doldinger spielte f\u00fcr Moritz Stahl","author":"Redaktion JazzZeitung","date":"28. Februar 2017","format":false,"excerpt":"Bereits im November 2016 war der Komponist und Saxophonist Klaus Doldinger mit dem Kulturellen Ehrenpreis der Landeshauptstadt M\u00fcnchen ausgezeichnet worden. Am Dienstag, den 14. Februar, wurde der Preis\u00a0 im Festsaal des Alten Rathauses durch Oberb\u00fcrgermeister Dieter Reiter verliehen.\u00a0Die Laudatio hielt G\u00fcnter Rohrbach, f\u00fcr die musikalische Umrahmung sorgten Roberto Di Gioia,\u2026","rel":"","context":"In &quot;Bericht&quot;","block_context":{"text":"Bericht","link":"https:\/\/www.jazzzeitung.de\/cms\/thema\/bericht\/"},"img":{"alt_text":"","src":"https:\/\/i0.wp.com\/www.jazzzeitung.de\/cms\/wp-content\/uploads\/2017\/02\/Doldinger-Sopran-dombr-150x150.jpg?resize=350%2C200","width":350,"height":200},"classes":[]},{"id":13901,"url":"https:\/\/www.jazzzeitung.de\/cms\/2017\/10\/die-jazz-radio-woche-vom-23-10-bis-29-10-2017\/","url_meta":{"origin":14823,"position":4},"title":"Die Jazz-Radio-Woche vom 23.10. bis 29.10.2017","author":"Martin Hufner","date":"22. Oktober 2017","format":false,"excerpt":"Ein subjektiver Blick in die Jazzwoche im Radio (KW 43). 48. Deutsches Jazzfestival Frankfurt 2017 - Live-\u00dcbertragung aus der Alten Oper Frankfurt. Dazu: Dizzy Gillespie zum 100. Geburtstag, Angelika Niescier \/ Florian Weber Quintet, Viktoria Tolstoy & Band, Bud Powell, Julian und Roman Wasserfuhr, Ketil Bj\u00f8rnstadt, Stephan Micus, Jean-Philippe Viret,\u2026","rel":"","context":"In &quot;Radio&quot;","block_context":{"text":"Radio","link":"https:\/\/www.jazzzeitung.de\/cms\/thema\/radio\/"},"img":{"alt_text":"Jazz im Radio","src":"https:\/\/i0.wp.com\/www.jazzzeitung.de\/cms\/wp-content\/uploads\/2017\/10\/radio-jazz-neu.jpg?fit=1200%2C900&ssl=1&resize=350%2C200","width":350,"height":200,"srcset":"https:\/\/i0.wp.com\/www.jazzzeitung.de\/cms\/wp-content\/uploads\/2017\/10\/radio-jazz-neu.jpg?fit=1200%2C900&ssl=1&resize=350%2C200 1x, https:\/\/i0.wp.com\/www.jazzzeitung.de\/cms\/wp-content\/uploads\/2017\/10\/radio-jazz-neu.jpg?fit=1200%2C900&ssl=1&resize=525%2C300 1.5x, https:\/\/i0.wp.com\/www.jazzzeitung.de\/cms\/wp-content\/uploads\/2017\/10\/radio-jazz-neu.jpg?fit=1200%2C900&ssl=1&resize=700%2C400 2x, https:\/\/i0.wp.com\/www.jazzzeitung.de\/cms\/wp-content\/uploads\/2017\/10\/radio-jazz-neu.jpg?fit=1200%2C900&ssl=1&resize=1050%2C600 3x"},"classes":[]},{"id":23832,"url":"https:\/\/www.jazzzeitung.de\/cms\/2020\/11\/neue-cd-peter-fuldas-peristaltics\/","url_meta":{"origin":14823,"position":5},"title":"Klangirisierender Kopff\u00fcssler: Peter Fuldas \u201ePeristaltics\u201c","author":"Michael Scheiner","date":"18. November 2020","format":false,"excerpt":"In Peter Fuldas Peristaltik \u2013 \u201ePeristaltics\u201c \u2013 geht es ganz sch\u00f6n heftig zu. Bis sich Piano (Fulda) und Schlagzeug (Bill Elgart) mit einschalten und den rumorenden Prozess mit Schluckauf und R\u00fclpsern einige rhythmische Komponenten hinzuf\u00fcgen, k\u00e4mpft sich vorrangig das Cello (Elisabeth Coudoux) mit l\u00fcckenloser Glaubw\u00fcrdigkeit durch Unwohlsein, Kr\u00e4mpfe und weitere\u2026","rel":"","context":"In &quot;Rezension&quot;","block_context":{"text":"Rezension","link":"https:\/\/www.jazzzeitung.de\/cms\/thema\/rezension\/"},"img":{"alt_text":"","src":"https:\/\/i0.wp.com\/www.jazzzeitung.de\/cms\/wp-content\/uploads\/2020\/11\/luminescent-cover.jpg?fit=1200%2C1077&ssl=1&resize=350%2C200","width":350,"height":200,"srcset":"https:\/\/i0.wp.com\/www.jazzzeitung.de\/cms\/wp-content\/uploads\/2020\/11\/luminescent-cover.jpg?fit=1200%2C1077&ssl=1&resize=350%2C200 1x, https:\/\/i0.wp.com\/www.jazzzeitung.de\/cms\/wp-content\/uploads\/2020\/11\/luminescent-cover.jpg?fit=1200%2C1077&ssl=1&resize=525%2C300 1.5x, https:\/\/i0.wp.com\/www.jazzzeitung.de\/cms\/wp-content\/uploads\/2020\/11\/luminescent-cover.jpg?fit=1200%2C1077&ssl=1&resize=700%2C400 2x, https:\/\/i0.wp.com\/www.jazzzeitung.de\/cms\/wp-content\/uploads\/2020\/11\/luminescent-cover.jpg?fit=1200%2C1077&ssl=1&resize=1050%2C600 3x"},"classes":[]}],"jetpack_sharing_enabled":true,"_links":{"self":[{"href":"https:\/\/www.jazzzeitung.de\/cms\/wp-json\/wp\/v2\/posts\/14823","targetHints":{"allow":["GET"]}}],"collection":[{"href":"https:\/\/www.jazzzeitung.de\/cms\/wp-json\/wp\/v2\/posts"}],"about":[{"href":"https:\/\/www.jazzzeitung.de\/cms\/wp-json\/wp\/v2\/types\/post"}],"author":[{"embeddable":true,"href":"https:\/\/www.jazzzeitung.de\/cms\/wp-json\/wp\/v2\/users\/18"}],"replies":[{"embeddable":true,"href":"https:\/\/www.jazzzeitung.de\/cms\/wp-json\/wp\/v2\/comments?post=14823"}],"version-history":[{"count":2,"href":"https:\/\/www.jazzzeitung.de\/cms\/wp-json\/wp\/v2\/posts\/14823\/revisions"}],"predecessor-version":[{"id":14829,"href":"https:\/\/www.jazzzeitung.de\/cms\/wp-json\/wp\/v2\/posts\/14823\/revisions\/14829"}],"wp:featuredmedia":[{"embeddable":true,"href":"https:\/\/www.jazzzeitung.de\/cms\/wp-json\/wp\/v2\/media\/13661"}],"wp:attachment":[{"href":"https:\/\/www.jazzzeitung.de\/cms\/wp-json\/wp\/v2\/media?parent=14823"}],"wp:term":[{"taxonomy":"category","embeddable":true,"href":"https:\/\/www.jazzzeitung.de\/cms\/wp-json\/wp\/v2\/categories?post=14823"},{"taxonomy":"post_tag","embeddable":true,"href":"https:\/\/www.jazzzeitung.de\/cms\/wp-json\/wp\/v2\/tags?post=14823"},{"taxonomy":"author","embeddable":true,"href":"https:\/\/www.jazzzeitung.de\/cms\/wp-json\/wp\/v2\/coauthors?post=14823"}],"curies":[{"name":"wp","href":"https:\/\/api.w.org\/{rel}","templated":true}]}}