{"id":14772,"date":"2018-01-15T13:41:20","date_gmt":"2018-01-15T12:41:20","guid":{"rendered":"https:\/\/www.jazzzeitung.de\/cms\/?p=14772"},"modified":"2018-01-15T15:38:17","modified_gmt":"2018-01-15T14:38:17","slug":"denis-gaebel-quartet-gelungener-2018er-jazz-it-auftakt-in-germering","status":"publish","type":"post","link":"https:\/\/www.jazzzeitung.de\/cms\/2018\/01\/denis-gaebel-quartet-gelungener-2018er-jazz-it-auftakt-in-germering\/","title":{"rendered":"Denis G\u00e4bel Quartet: Gelungener 2018er \u201eJAZZ it!\u201c-Auftakt in Germering"},"content":{"rendered":"<p>Die Germeringer Jazzreihe \u201eJAZZ it!\u201c er\u00f6ffnete das Jahr 2018 am vergangenen Freitag mit einer hochkar\u00e4tigen deutschen Jazz-Formation. Die Band um den Saxophonisten Denis G\u00e4bel, mit Sebastian Sternal am Piano, dem Bassisten Martin Gjakonovski und Silvio Morger an den Drums, boten relaxten und gleichzeitig ungemein spannenden Jazz. Beeindruckend, wie homogen die vier Musiker interagieren zu den harmonisch ausgefeilten Kompositionen aus der Feder des Bandleaders, mit fein gesponnenen Themen, groovigen Elementen und inspirierten Improvisationen. Jeder l\u00e4sst dem anderen Platz sich zu entfalten; man merkt sofort, dass die Gruppe seit Jahren zusammen spielt und sich jeder auf den anderen verlassen kann. Spielfreude pur!<\/p>\n<p>Das Programm des Abends bestand gr\u00f6\u00dftenteils aus G\u00e4bels neuer CD \u201eThe Good Spirits\u201c, die, eingespielt mit seinem amerikanischen Quartett (zusammen mit Kevin Hays, Scott Colley &amp; Clarence Penn) im M\u00e4rz auf dem Label Mons Records erscheinen wird. Mit der Zugabe \u201eEast Coasting\u201c von Charlie Mingus, der einzigen Fremdkomposition des Abends, wurde das beseelte Publikum dann ins neue Jahr entlassen mit der Option auf weitere, h\u00f6chst interessante Konzerte im Germeringer Amadeussaal.<\/p>\n<div class=\"tiled-gallery type-rectangular tiled-gallery-unresized\" data-original-width=\"840\" data-carousel-extra='{&quot;blog_id&quot;:1,&quot;permalink&quot;:&quot;https:\\\/\\\/www.jazzzeitung.de\\\/cms\\\/2018\\\/01\\\/denis-gaebel-quartet-gelungener-2018er-jazz-it-auftakt-in-germering\\\/&quot;,&quot;likes_blog_id&quot;:55446655}' itemscope itemtype=\"http:\/\/schema.org\/ImageGallery\" > <div class=\"gallery-row\" style=\"width: 840px; height: 230px;\" data-original-width=\"840\" data-original-height=\"230\" > <div class=\"gallery-group images-1\" style=\"width: 343px; height: 230px;\" data-original-width=\"343\" data-original-height=\"230\" > <div class=\"tiled-gallery-item tiled-gallery-item-large\" itemprop=\"associatedMedia\" itemscope itemtype=\"http:\/\/schema.org\/ImageObject\"> <a href=\"https:\/\/www.jazzzeitung.de\/cms\/2018\/01\/denis-gaebel-quartet-gelungener-2018er-jazz-it-auftakt-in-germering\/p1730270-sternal-foto-tj-krebs-jazzphotoagencyweb-de\/\" border=\"0\" itemprop=\"url\"> <meta itemprop=\"width\" content=\"339\"> <meta itemprop=\"height\" content=\"226\"> <img decoding=\"async\" class=\"\" data-attachment-id=\"14773\" data-orig-file=\"https:\/\/www.jazzzeitung.de\/cms\/wp-content\/uploads\/2018\/01\/P1730270-Sternal-Foto-TJ-Krebs-jazzphotoagency@web.de_.jpg\" data-orig-size=\"1800,1200\" data-comments-opened=\"1\" data-image-meta=\"{&quot;aperture&quot;:&quot;0&quot;,&quot;credit&quot;:&quot;&quot;,&quot;camera&quot;:&quot;&quot;,&quot;caption&quot;:&quot;&quot;,&quot;created_timestamp&quot;:&quot;0&quot;,&quot;copyright&quot;:&quot;&quot;,&quot;focal_length&quot;:&quot;0&quot;,&quot;iso&quot;:&quot;0&quot;,&quot;shutter_speed&quot;:&quot;0&quot;,&quot;title&quot;:&quot;&quot;,&quot;orientation&quot;:&quot;0&quot;}\" data-image-title=\"P1730270 Sternal &amp;#8211; Foto TJ Krebs jazzphotoagency@web.de\" data-image-description=\"\" data-medium-file=\"https:\/\/i0.wp.com\/www.jazzzeitung.de\/cms\/wp-content\/uploads\/2018\/01\/P1730270-Sternal-Foto-TJ-Krebs-jazzphotoagency%40web.de_.jpg?fit=300%2C200&#038;ssl=1\" data-large-file=\"https:\/\/i0.wp.com\/www.jazzzeitung.de\/cms\/wp-content\/uploads\/2018\/01\/P1730270-Sternal-Foto-TJ-Krebs-jazzphotoagency%40web.de_.jpg?fit=840%2C560&#038;ssl=1\" src=\"https:\/\/i0.wp.com\/www.jazzzeitung.de\/cms\/wp-content\/uploads\/2018\/01\/P1730270-Sternal-Foto-TJ-Krebs-jazzphotoagency%40web.de_.jpg?w=339&#038;h=226&#038;ssl=1\" width=\"339\" height=\"226\" loading=\"lazy\" data-original-width=\"339\" data-original-height=\"226\" itemprop=\"http:\/\/schema.org\/image\" title=\"P1730270 Sternal - Foto TJ Krebs jazzphotoagency@web.de\" alt=\"P1730270 Sternal - Foto TJ Krebs jazzphotoagency@web.de\" style=\"width: 339px; height: 226px;\" \/> <\/a> <\/div> <\/div> <!-- close group --> <div class=\"gallery-group images-1\" style=\"width: 154px; height: 230px;\" data-original-width=\"154\" data-original-height=\"230\" > <div class=\"tiled-gallery-item tiled-gallery-item-small\" itemprop=\"associatedMedia\" itemscope itemtype=\"http:\/\/schema.org\/ImageObject\"> <a href=\"https:\/\/www.jazzzeitung.de\/cms\/2018\/01\/denis-gaebel-quartet-gelungener-2018er-jazz-it-auftakt-in-germering\/p1730271-gaebel-foto-tj-krebs-jazzphotoagencyweb-de\/\" border=\"0\" itemprop=\"url\"> <meta itemprop=\"width\" content=\"150\"> <meta itemprop=\"height\" content=\"226\"> <img decoding=\"async\" class=\"\" data-attachment-id=\"14774\" data-orig-file=\"https:\/\/www.jazzzeitung.de\/cms\/wp-content\/uploads\/2018\/01\/P1730271-G\u00e4bel-Foto-TJ-Krebs-jazzphotoagency@web.de_.jpg\" data-orig-size=\"1200,1800\" data-comments-opened=\"1\" data-image-meta=\"{&quot;aperture&quot;:&quot;0&quot;,&quot;credit&quot;:&quot;&quot;,&quot;camera&quot;:&quot;&quot;,&quot;caption&quot;:&quot;&quot;,&quot;created_timestamp&quot;:&quot;0&quot;,&quot;copyright&quot;:&quot;&quot;,&quot;focal_length&quot;:&quot;0&quot;,&quot;iso&quot;:&quot;0&quot;,&quot;shutter_speed&quot;:&quot;0&quot;,&quot;title&quot;:&quot;&quot;,&quot;orientation&quot;:&quot;0&quot;}\" data-image-title=\"P1730271 G\u00e4bel &amp;#8211; Foto TJ Krebs jazzphotoagency@web.de\" data-image-description=\"\" data-medium-file=\"https:\/\/i0.wp.com\/www.jazzzeitung.de\/cms\/wp-content\/uploads\/2018\/01\/P1730271-G%C3%A4bel-Foto-TJ-Krebs-jazzphotoagency%40web.de_.jpg?fit=200%2C300&#038;ssl=1\" data-large-file=\"https:\/\/i0.wp.com\/www.jazzzeitung.de\/cms\/wp-content\/uploads\/2018\/01\/P1730271-G%C3%A4bel-Foto-TJ-Krebs-jazzphotoagency%40web.de_.jpg?fit=400%2C600&#038;ssl=1\" src=\"https:\/\/i0.wp.com\/www.jazzzeitung.de\/cms\/wp-content\/uploads\/2018\/01\/P1730271-G%C3%A4bel-Foto-TJ-Krebs-jazzphotoagency%40web.de_.jpg?w=150&#038;h=226&#038;ssl=1\" width=\"150\" height=\"226\" loading=\"lazy\" data-original-width=\"150\" data-original-height=\"226\" itemprop=\"http:\/\/schema.org\/image\" title=\"P1730271 G\u00e4bel - Foto TJ Krebs jazzphotoagency@web.de\" alt=\"P1730271 G\u00e4bel - Foto TJ Krebs jazzphotoagency@web.de\" style=\"width: 150px; height: 226px;\" \/> <\/a> <\/div> <\/div> <!-- close group --> <div class=\"gallery-group images-1\" style=\"width: 343px; height: 230px;\" data-original-width=\"343\" data-original-height=\"230\" > <div class=\"tiled-gallery-item tiled-gallery-item-large\" itemprop=\"associatedMedia\" itemscope itemtype=\"http:\/\/schema.org\/ImageObject\"> <a href=\"https:\/\/www.jazzzeitung.de\/cms\/2018\/01\/denis-gaebel-quartet-gelungener-2018er-jazz-it-auftakt-in-germering\/p1730315-morger-foto-tj-krebs-jazzphotoagencyweb-de\/\" border=\"0\" itemprop=\"url\"> <meta itemprop=\"width\" content=\"339\"> <meta itemprop=\"height\" content=\"226\"> <img decoding=\"async\" class=\"\" data-attachment-id=\"14775\" data-orig-file=\"https:\/\/www.jazzzeitung.de\/cms\/wp-content\/uploads\/2018\/01\/P1730315-Morger-Foto-TJ-Krebs-jazzphotoagency@web.de_.jpg\" data-orig-size=\"1800,1200\" data-comments-opened=\"1\" data-image-meta=\"{&quot;aperture&quot;:&quot;0&quot;,&quot;credit&quot;:&quot;&quot;,&quot;camera&quot;:&quot;&quot;,&quot;caption&quot;:&quot;&quot;,&quot;created_timestamp&quot;:&quot;0&quot;,&quot;copyright&quot;:&quot;&quot;,&quot;focal_length&quot;:&quot;0&quot;,&quot;iso&quot;:&quot;0&quot;,&quot;shutter_speed&quot;:&quot;0&quot;,&quot;title&quot;:&quot;&quot;,&quot;orientation&quot;:&quot;0&quot;}\" data-image-title=\"P1730315 Morger &amp;#8211; Foto TJ Krebs jazzphotoagency@web.de\" data-image-description=\"\" data-medium-file=\"https:\/\/i0.wp.com\/www.jazzzeitung.de\/cms\/wp-content\/uploads\/2018\/01\/P1730315-Morger-Foto-TJ-Krebs-jazzphotoagency%40web.de_.jpg?fit=300%2C200&#038;ssl=1\" data-large-file=\"https:\/\/i0.wp.com\/www.jazzzeitung.de\/cms\/wp-content\/uploads\/2018\/01\/P1730315-Morger-Foto-TJ-Krebs-jazzphotoagency%40web.de_.jpg?fit=840%2C560&#038;ssl=1\" src=\"https:\/\/i0.wp.com\/www.jazzzeitung.de\/cms\/wp-content\/uploads\/2018\/01\/P1730315-Morger-Foto-TJ-Krebs-jazzphotoagency%40web.de_.jpg?w=339&#038;h=226&#038;ssl=1\" width=\"339\" height=\"226\" loading=\"lazy\" data-original-width=\"339\" data-original-height=\"226\" itemprop=\"http:\/\/schema.org\/image\" title=\"P1730315 Morger - Foto TJ Krebs jazzphotoagency@web.de\" alt=\"P1730315 Morger - Foto TJ Krebs jazzphotoagency@web.de\" style=\"width: 339px; height: 226px;\" \/> <\/a> <\/div> <\/div> <!-- close group --> <\/div> <!-- close row --> <div class=\"gallery-row\" style=\"width: 840px; height: 375px;\" data-original-width=\"840\" data-original-height=\"375\" > <div class=\"gallery-group images-1\" style=\"width: 561px; height: 375px;\" data-original-width=\"561\" data-original-height=\"375\" > <div class=\"tiled-gallery-item tiled-gallery-item-large\" itemprop=\"associatedMedia\" itemscope itemtype=\"http:\/\/schema.org\/ImageObject\"> <a href=\"https:\/\/www.jazzzeitung.de\/cms\/2018\/01\/denis-gaebel-quartet-gelungener-2018er-jazz-it-auftakt-in-germering\/p1730363-gaebel-foto-tj-krebs-jazzphotoagencyweb-de\/\" border=\"0\" itemprop=\"url\"> <meta itemprop=\"width\" content=\"557\"> <meta itemprop=\"height\" content=\"371\"> <img decoding=\"async\" class=\"\" data-attachment-id=\"14776\" data-orig-file=\"https:\/\/www.jazzzeitung.de\/cms\/wp-content\/uploads\/2018\/01\/P1730363-G\u00e4bel-Foto-TJ-Krebs-jazzphotoagency@web.de_.jpg\" data-orig-size=\"1800,1200\" data-comments-opened=\"1\" data-image-meta=\"{&quot;aperture&quot;:&quot;0&quot;,&quot;credit&quot;:&quot;&quot;,&quot;camera&quot;:&quot;&quot;,&quot;caption&quot;:&quot;&quot;,&quot;created_timestamp&quot;:&quot;0&quot;,&quot;copyright&quot;:&quot;&quot;,&quot;focal_length&quot;:&quot;0&quot;,&quot;iso&quot;:&quot;0&quot;,&quot;shutter_speed&quot;:&quot;0&quot;,&quot;title&quot;:&quot;&quot;,&quot;orientation&quot;:&quot;0&quot;}\" data-image-title=\"P1730363 G\u00e4bel &amp;#8211; Foto TJ Krebs jazzphotoagency@web.de\" data-image-description=\"\" data-medium-file=\"https:\/\/i0.wp.com\/www.jazzzeitung.de\/cms\/wp-content\/uploads\/2018\/01\/P1730363-G%C3%A4bel-Foto-TJ-Krebs-jazzphotoagency%40web.de_.jpg?fit=300%2C200&#038;ssl=1\" data-large-file=\"https:\/\/i0.wp.com\/www.jazzzeitung.de\/cms\/wp-content\/uploads\/2018\/01\/P1730363-G%C3%A4bel-Foto-TJ-Krebs-jazzphotoagency%40web.de_.jpg?fit=840%2C560&#038;ssl=1\" src=\"https:\/\/i0.wp.com\/www.jazzzeitung.de\/cms\/wp-content\/uploads\/2018\/01\/P1730363-G%C3%A4bel-Foto-TJ-Krebs-jazzphotoagency%40web.de_.jpg?w=557&#038;h=371&#038;ssl=1\" width=\"557\" height=\"371\" loading=\"lazy\" data-original-width=\"557\" data-original-height=\"371\" itemprop=\"http:\/\/schema.org\/image\" title=\"P1730363 G\u00e4bel - Foto TJ Krebs jazzphotoagency@web.de\" alt=\"P1730363 G\u00e4bel - Foto TJ Krebs jazzphotoagency@web.de\" style=\"width: 557px; height: 371px;\" \/> <\/a> <\/div> <\/div> <!-- close group --> <div class=\"gallery-group images-2\" style=\"width: 279px; height: 375px;\" data-original-width=\"279\" data-original-height=\"375\" > <div class=\"tiled-gallery-item tiled-gallery-item-large\" itemprop=\"associatedMedia\" itemscope itemtype=\"http:\/\/schema.org\/ImageObject\"> <a href=\"https:\/\/www.jazzzeitung.de\/cms\/2018\/01\/denis-gaebel-quartet-gelungener-2018er-jazz-it-auftakt-in-germering\/p1730389-morger-hand-foto-tj-krebs-jazzphotoagencyweb-de\/\" border=\"0\" itemprop=\"url\"> <meta itemprop=\"width\" content=\"275\"> <meta itemprop=\"height\" content=\"184\"> <img decoding=\"async\" class=\"\" data-attachment-id=\"14777\" data-orig-file=\"https:\/\/www.jazzzeitung.de\/cms\/wp-content\/uploads\/2018\/01\/P1730389-Morger-Hand-Foto-TJ-Krebs-jazzphotoagency@web.de_.jpg\" data-orig-size=\"1800,1200\" data-comments-opened=\"1\" data-image-meta=\"{&quot;aperture&quot;:&quot;0&quot;,&quot;credit&quot;:&quot;&quot;,&quot;camera&quot;:&quot;&quot;,&quot;caption&quot;:&quot;&quot;,&quot;created_timestamp&quot;:&quot;0&quot;,&quot;copyright&quot;:&quot;&quot;,&quot;focal_length&quot;:&quot;0&quot;,&quot;iso&quot;:&quot;0&quot;,&quot;shutter_speed&quot;:&quot;0&quot;,&quot;title&quot;:&quot;&quot;,&quot;orientation&quot;:&quot;0&quot;}\" data-image-title=\"P1730389 Morger Hand &amp;#8211; Foto TJ Krebs jazzphotoagency@web.de\" data-image-description=\"\" data-medium-file=\"https:\/\/i0.wp.com\/www.jazzzeitung.de\/cms\/wp-content\/uploads\/2018\/01\/P1730389-Morger-Hand-Foto-TJ-Krebs-jazzphotoagency%40web.de_.jpg?fit=300%2C200&#038;ssl=1\" data-large-file=\"https:\/\/i0.wp.com\/www.jazzzeitung.de\/cms\/wp-content\/uploads\/2018\/01\/P1730389-Morger-Hand-Foto-TJ-Krebs-jazzphotoagency%40web.de_.jpg?fit=840%2C560&#038;ssl=1\" src=\"https:\/\/i0.wp.com\/www.jazzzeitung.de\/cms\/wp-content\/uploads\/2018\/01\/P1730389-Morger-Hand-Foto-TJ-Krebs-jazzphotoagency%40web.de_.jpg?w=275&#038;h=184&#038;ssl=1\" width=\"275\" height=\"184\" loading=\"lazy\" data-original-width=\"275\" data-original-height=\"184\" itemprop=\"http:\/\/schema.org\/image\" title=\"P1730389 Morger Hand - Foto TJ Krebs jazzphotoagency@web.de\" alt=\"P1730389 Morger Hand - Foto TJ Krebs jazzphotoagency@web.de\" style=\"width: 275px; height: 184px;\" \/> <\/a> <\/div> <div class=\"tiled-gallery-item tiled-gallery-item-large\" itemprop=\"associatedMedia\" itemscope itemtype=\"http:\/\/schema.org\/ImageObject\"> <a href=\"https:\/\/www.jazzzeitung.de\/cms\/2018\/01\/denis-gaebel-quartet-gelungener-2018er-jazz-it-auftakt-in-germering\/p1730399-gjakonovski-foto-tj-krebs-jazzphotoagencyweb-de\/\" border=\"0\" itemprop=\"url\"> <meta itemprop=\"width\" content=\"275\"> <meta itemprop=\"height\" content=\"183\"> <img decoding=\"async\" class=\"\" data-attachment-id=\"14778\" data-orig-file=\"https:\/\/www.jazzzeitung.de\/cms\/wp-content\/uploads\/2018\/01\/P1730399-Gjakonovski-Foto-TJ-Krebs-jazzphotoagency@web.de_.jpg\" data-orig-size=\"1800,1200\" data-comments-opened=\"1\" data-image-meta=\"{&quot;aperture&quot;:&quot;0&quot;,&quot;credit&quot;:&quot;&quot;,&quot;camera&quot;:&quot;&quot;,&quot;caption&quot;:&quot;&quot;,&quot;created_timestamp&quot;:&quot;0&quot;,&quot;copyright&quot;:&quot;&quot;,&quot;focal_length&quot;:&quot;0&quot;,&quot;iso&quot;:&quot;0&quot;,&quot;shutter_speed&quot;:&quot;0&quot;,&quot;title&quot;:&quot;&quot;,&quot;orientation&quot;:&quot;0&quot;}\" data-image-title=\"P1730399 Gjakonovski &amp;#8211; Foto TJ Krebs jazzphotoagency@web.de\" data-image-description=\"\" data-medium-file=\"https:\/\/i0.wp.com\/www.jazzzeitung.de\/cms\/wp-content\/uploads\/2018\/01\/P1730399-Gjakonovski-Foto-TJ-Krebs-jazzphotoagency%40web.de_.jpg?fit=300%2C200&#038;ssl=1\" data-large-file=\"https:\/\/i0.wp.com\/www.jazzzeitung.de\/cms\/wp-content\/uploads\/2018\/01\/P1730399-Gjakonovski-Foto-TJ-Krebs-jazzphotoagency%40web.de_.jpg?fit=840%2C560&#038;ssl=1\" src=\"https:\/\/i0.wp.com\/www.jazzzeitung.de\/cms\/wp-content\/uploads\/2018\/01\/P1730399-Gjakonovski-Foto-TJ-Krebs-jazzphotoagency%40web.de_.jpg?w=275&#038;h=183&#038;ssl=1\" width=\"275\" height=\"183\" loading=\"lazy\" data-original-width=\"275\" data-original-height=\"183\" itemprop=\"http:\/\/schema.org\/image\" title=\"P1730399 Gjakonovski - Foto TJ Krebs jazzphotoagency@web.de\" alt=\"P1730399 Gjakonovski - Foto TJ Krebs jazzphotoagency@web.de\" style=\"width: 275px; height: 183px;\" \/> <\/a> <\/div> <\/div> <!-- close group --> <\/div> <!-- close row --> <div class=\"gallery-row\" style=\"width: 840px; height: 239px;\" data-original-width=\"840\" data-original-height=\"239\" > <div class=\"gallery-group images-1\" style=\"width: 357px; height: 239px;\" data-original-width=\"357\" data-original-height=\"239\" > <div class=\"tiled-gallery-item tiled-gallery-item-large\" itemprop=\"associatedMedia\" itemscope itemtype=\"http:\/\/schema.org\/ImageObject\"> <a href=\"https:\/\/www.jazzzeitung.de\/cms\/2018\/01\/denis-gaebel-quartet-gelungener-2018er-jazz-it-auftakt-in-germering\/p1730426-gaebel-hand-foto-tj-krebs-jazzphotoagencyweb-de\/\" border=\"0\" itemprop=\"url\"> <meta itemprop=\"width\" content=\"353\"> <meta itemprop=\"height\" content=\"235\"> <img decoding=\"async\" class=\"\" data-attachment-id=\"14779\" data-orig-file=\"https:\/\/www.jazzzeitung.de\/cms\/wp-content\/uploads\/2018\/01\/P1730426-G\u00e4bel-Hand-Foto-TJ-Krebs-jazzphotoagency@web.de_.jpg\" data-orig-size=\"1800,1200\" data-comments-opened=\"1\" data-image-meta=\"{&quot;aperture&quot;:&quot;0&quot;,&quot;credit&quot;:&quot;&quot;,&quot;camera&quot;:&quot;&quot;,&quot;caption&quot;:&quot;&quot;,&quot;created_timestamp&quot;:&quot;0&quot;,&quot;copyright&quot;:&quot;&quot;,&quot;focal_length&quot;:&quot;0&quot;,&quot;iso&quot;:&quot;0&quot;,&quot;shutter_speed&quot;:&quot;0&quot;,&quot;title&quot;:&quot;&quot;,&quot;orientation&quot;:&quot;0&quot;}\" data-image-title=\"P1730426 G\u00e4bel Hand &amp;#8211; Foto TJ Krebs jazzphotoagency@web.de\" data-image-description=\"\" data-medium-file=\"https:\/\/i0.wp.com\/www.jazzzeitung.de\/cms\/wp-content\/uploads\/2018\/01\/P1730426-G%C3%A4bel-Hand-Foto-TJ-Krebs-jazzphotoagency%40web.de_.jpg?fit=300%2C200&#038;ssl=1\" data-large-file=\"https:\/\/i0.wp.com\/www.jazzzeitung.de\/cms\/wp-content\/uploads\/2018\/01\/P1730426-G%C3%A4bel-Hand-Foto-TJ-Krebs-jazzphotoagency%40web.de_.jpg?fit=840%2C560&#038;ssl=1\" src=\"https:\/\/i0.wp.com\/www.jazzzeitung.de\/cms\/wp-content\/uploads\/2018\/01\/P1730426-G%C3%A4bel-Hand-Foto-TJ-Krebs-jazzphotoagency%40web.de_.jpg?w=353&#038;h=235&#038;ssl=1\" width=\"353\" height=\"235\" loading=\"lazy\" data-original-width=\"353\" data-original-height=\"235\" itemprop=\"http:\/\/schema.org\/image\" title=\"P1730426 G\u00e4bel Hand - Foto TJ Krebs jazzphotoagency@web.de\" alt=\"P1730426 G\u00e4bel Hand - Foto TJ Krebs jazzphotoagency@web.de\" style=\"width: 353px; height: 235px;\" \/> <\/a> <\/div> <\/div> <!-- close group --> <div class=\"gallery-group images-1\" style=\"width: 161px; height: 239px;\" data-original-width=\"161\" data-original-height=\"239\" > <div class=\"tiled-gallery-item tiled-gallery-item-small\" itemprop=\"associatedMedia\" itemscope itemtype=\"http:\/\/schema.org\/ImageObject\"> <a href=\"https:\/\/www.jazzzeitung.de\/cms\/2018\/01\/denis-gaebel-quartet-gelungener-2018er-jazz-it-auftakt-in-germering\/p1730454-sternal-foto-tj-krebs-jazzphotoagencyweb-de\/\" border=\"0\" itemprop=\"url\"> <meta itemprop=\"width\" content=\"157\"> <meta itemprop=\"height\" content=\"235\"> <img decoding=\"async\" class=\"\" data-attachment-id=\"14780\" data-orig-file=\"https:\/\/www.jazzzeitung.de\/cms\/wp-content\/uploads\/2018\/01\/P1730454-Sternal-Foto-TJ-Krebs-jazzphotoagency@web.de_.jpg\" data-orig-size=\"1200,1800\" data-comments-opened=\"1\" data-image-meta=\"{&quot;aperture&quot;:&quot;0&quot;,&quot;credit&quot;:&quot;&quot;,&quot;camera&quot;:&quot;&quot;,&quot;caption&quot;:&quot;&quot;,&quot;created_timestamp&quot;:&quot;0&quot;,&quot;copyright&quot;:&quot;&quot;,&quot;focal_length&quot;:&quot;0&quot;,&quot;iso&quot;:&quot;0&quot;,&quot;shutter_speed&quot;:&quot;0&quot;,&quot;title&quot;:&quot;&quot;,&quot;orientation&quot;:&quot;0&quot;}\" data-image-title=\"P1730454 Sternal &amp;#8211; Foto TJ Krebs jazzphotoagency@web.de\" data-image-description=\"\" data-medium-file=\"https:\/\/i0.wp.com\/www.jazzzeitung.de\/cms\/wp-content\/uploads\/2018\/01\/P1730454-Sternal-Foto-TJ-Krebs-jazzphotoagency%40web.de_.jpg?fit=200%2C300&#038;ssl=1\" data-large-file=\"https:\/\/i0.wp.com\/www.jazzzeitung.de\/cms\/wp-content\/uploads\/2018\/01\/P1730454-Sternal-Foto-TJ-Krebs-jazzphotoagency%40web.de_.jpg?fit=400%2C600&#038;ssl=1\" src=\"https:\/\/i0.wp.com\/www.jazzzeitung.de\/cms\/wp-content\/uploads\/2018\/01\/P1730454-Sternal-Foto-TJ-Krebs-jazzphotoagency%40web.de_.jpg?w=157&#038;h=235&#038;ssl=1\" width=\"157\" height=\"235\" loading=\"lazy\" data-original-width=\"157\" data-original-height=\"235\" itemprop=\"http:\/\/schema.org\/image\" title=\"P1730454 Sternal - Foto TJ Krebs jazzphotoagency@web.de\" alt=\"P1730454 Sternal - Foto TJ Krebs jazzphotoagency@web.de\" style=\"width: 157px; height: 235px;\" \/> <\/a> <\/div> <\/div> <!-- close group --> <div class=\"gallery-group images-1\" style=\"width: 161px; height: 239px;\" data-original-width=\"161\" data-original-height=\"239\" > <div class=\"tiled-gallery-item tiled-gallery-item-small\" itemprop=\"associatedMedia\" itemscope itemtype=\"http:\/\/schema.org\/ImageObject\"> <a href=\"https:\/\/www.jazzzeitung.de\/cms\/2018\/01\/denis-gaebel-quartet-gelungener-2018er-jazz-it-auftakt-in-germering\/p1730473-gjakonovksi-hand-foto-tj-krebs-jazzphotoagencyweb-de\/\" border=\"0\" itemprop=\"url\"> <meta itemprop=\"width\" content=\"157\"> <meta itemprop=\"height\" content=\"235\"> <img decoding=\"async\" class=\"\" data-attachment-id=\"14781\" data-orig-file=\"https:\/\/www.jazzzeitung.de\/cms\/wp-content\/uploads\/2018\/01\/P1730473-Gjakonovksi-Hand-Foto-TJ-Krebs-jazzphotoagency@web.de_.jpg\" data-orig-size=\"1200,1800\" data-comments-opened=\"1\" data-image-meta=\"{&quot;aperture&quot;:&quot;0&quot;,&quot;credit&quot;:&quot;&quot;,&quot;camera&quot;:&quot;&quot;,&quot;caption&quot;:&quot;&quot;,&quot;created_timestamp&quot;:&quot;0&quot;,&quot;copyright&quot;:&quot;&quot;,&quot;focal_length&quot;:&quot;0&quot;,&quot;iso&quot;:&quot;0&quot;,&quot;shutter_speed&quot;:&quot;0&quot;,&quot;title&quot;:&quot;&quot;,&quot;orientation&quot;:&quot;0&quot;}\" data-image-title=\"P1730473 Gjakonovksi Hand &amp;#8211; Foto TJ Krebs jazzphotoagency@web.de\" data-image-description=\"\" data-medium-file=\"https:\/\/i0.wp.com\/www.jazzzeitung.de\/cms\/wp-content\/uploads\/2018\/01\/P1730473-Gjakonovksi-Hand-Foto-TJ-Krebs-jazzphotoagency%40web.de_.jpg?fit=200%2C300&#038;ssl=1\" data-large-file=\"https:\/\/i0.wp.com\/www.jazzzeitung.de\/cms\/wp-content\/uploads\/2018\/01\/P1730473-Gjakonovksi-Hand-Foto-TJ-Krebs-jazzphotoagency%40web.de_.jpg?fit=400%2C600&#038;ssl=1\" src=\"https:\/\/i0.wp.com\/www.jazzzeitung.de\/cms\/wp-content\/uploads\/2018\/01\/P1730473-Gjakonovksi-Hand-Foto-TJ-Krebs-jazzphotoagency%40web.de_.jpg?w=157&#038;h=235&#038;ssl=1\" width=\"157\" height=\"235\" loading=\"lazy\" data-original-width=\"157\" data-original-height=\"235\" itemprop=\"http:\/\/schema.org\/image\" title=\"P1730473 Gjakonovksi Hand - Foto TJ Krebs jazzphotoagency@web.de\" alt=\"P1730473 Gjakonovksi Hand - Foto TJ Krebs jazzphotoagency@web.de\" style=\"width: 157px; height: 235px;\" \/> <\/a> <\/div> <\/div> <!-- close group --> <div class=\"gallery-group images-1\" style=\"width: 161px; height: 239px;\" data-original-width=\"161\" data-original-height=\"239\" > <div class=\"tiled-gallery-item tiled-gallery-item-small\" itemprop=\"associatedMedia\" itemscope itemtype=\"http:\/\/schema.org\/ImageObject\"> <a href=\"https:\/\/www.jazzzeitung.de\/cms\/2018\/01\/denis-gaebel-quartet-gelungener-2018er-jazz-it-auftakt-in-germering\/p1730497-gjakonovksi-foto-tj-krebs-jazzphotoagencyweb-de\/\" border=\"0\" itemprop=\"url\"> <meta itemprop=\"width\" content=\"157\"> <meta itemprop=\"height\" content=\"235\"> <img decoding=\"async\" class=\"\" data-attachment-id=\"14782\" data-orig-file=\"https:\/\/www.jazzzeitung.de\/cms\/wp-content\/uploads\/2018\/01\/P1730497-Gjakonovksi-Foto-TJ-Krebs-jazzphotoagency@web.de_.jpg\" data-orig-size=\"1200,1800\" data-comments-opened=\"1\" data-image-meta=\"{&quot;aperture&quot;:&quot;0&quot;,&quot;credit&quot;:&quot;&quot;,&quot;camera&quot;:&quot;&quot;,&quot;caption&quot;:&quot;&quot;,&quot;created_timestamp&quot;:&quot;0&quot;,&quot;copyright&quot;:&quot;&quot;,&quot;focal_length&quot;:&quot;0&quot;,&quot;iso&quot;:&quot;0&quot;,&quot;shutter_speed&quot;:&quot;0&quot;,&quot;title&quot;:&quot;&quot;,&quot;orientation&quot;:&quot;0&quot;}\" data-image-title=\"P1730497 Gjakonovksi &amp;#8211; Foto TJ Krebs jazzphotoagency@web.de\" data-image-description=\"\" data-medium-file=\"https:\/\/i0.wp.com\/www.jazzzeitung.de\/cms\/wp-content\/uploads\/2018\/01\/P1730497-Gjakonovksi-Foto-TJ-Krebs-jazzphotoagency%40web.de_.jpg?fit=200%2C300&#038;ssl=1\" data-large-file=\"https:\/\/i0.wp.com\/www.jazzzeitung.de\/cms\/wp-content\/uploads\/2018\/01\/P1730497-Gjakonovksi-Foto-TJ-Krebs-jazzphotoagency%40web.de_.jpg?fit=400%2C600&#038;ssl=1\" src=\"https:\/\/i0.wp.com\/www.jazzzeitung.de\/cms\/wp-content\/uploads\/2018\/01\/P1730497-Gjakonovksi-Foto-TJ-Krebs-jazzphotoagency%40web.de_.jpg?w=157&#038;h=235&#038;ssl=1\" width=\"157\" height=\"235\" loading=\"lazy\" data-original-width=\"157\" data-original-height=\"235\" itemprop=\"http:\/\/schema.org\/image\" title=\"P1730497 Gjakonovksi - Foto TJ Krebs jazzphotoagency@web.de\" alt=\"P1730497 Gjakonovksi - Foto TJ Krebs jazzphotoagency@web.de\" style=\"width: 157px; height: 235px;\" \/> <\/a> <\/div> <\/div> <!-- close group --> <\/div> <!-- close row --> <div class=\"gallery-row\" style=\"width: 840px; height: 361px;\" data-original-width=\"840\" data-original-height=\"361\" > <div class=\"gallery-group images-1\" style=\"width: 242px; height: 361px;\" data-original-width=\"242\" data-original-height=\"361\" > <div class=\"tiled-gallery-item tiled-gallery-item-small\" itemprop=\"associatedMedia\" itemscope itemtype=\"http:\/\/schema.org\/ImageObject\"> <a href=\"https:\/\/www.jazzzeitung.de\/cms\/2018\/01\/denis-gaebel-quartet-gelungener-2018er-jazz-it-auftakt-in-germering\/p1730515-gjakonovksi-foto-tj-krebs-jazzphotoagencyweb-de\/\" border=\"0\" itemprop=\"url\"> <meta itemprop=\"width\" content=\"238\"> <meta itemprop=\"height\" content=\"357\"> <img decoding=\"async\" class=\"\" data-attachment-id=\"14783\" data-orig-file=\"https:\/\/www.jazzzeitung.de\/cms\/wp-content\/uploads\/2018\/01\/P1730515-Gjakonovksi-Foto-TJ-Krebs-jazzphotoagency@web.de_.jpg\" data-orig-size=\"1200,1800\" data-comments-opened=\"1\" data-image-meta=\"{&quot;aperture&quot;:&quot;0&quot;,&quot;credit&quot;:&quot;&quot;,&quot;camera&quot;:&quot;&quot;,&quot;caption&quot;:&quot;&quot;,&quot;created_timestamp&quot;:&quot;0&quot;,&quot;copyright&quot;:&quot;&quot;,&quot;focal_length&quot;:&quot;0&quot;,&quot;iso&quot;:&quot;0&quot;,&quot;shutter_speed&quot;:&quot;0&quot;,&quot;title&quot;:&quot;&quot;,&quot;orientation&quot;:&quot;0&quot;}\" data-image-title=\"P1730515 Gjakonovksi &amp;#8211; Foto TJ Krebs jazzphotoagency@web.de\" data-image-description=\"\" data-medium-file=\"https:\/\/i0.wp.com\/www.jazzzeitung.de\/cms\/wp-content\/uploads\/2018\/01\/P1730515-Gjakonovksi-Foto-TJ-Krebs-jazzphotoagency%40web.de_.jpg?fit=200%2C300&#038;ssl=1\" data-large-file=\"https:\/\/i0.wp.com\/www.jazzzeitung.de\/cms\/wp-content\/uploads\/2018\/01\/P1730515-Gjakonovksi-Foto-TJ-Krebs-jazzphotoagency%40web.de_.jpg?fit=400%2C600&#038;ssl=1\" src=\"https:\/\/i0.wp.com\/www.jazzzeitung.de\/cms\/wp-content\/uploads\/2018\/01\/P1730515-Gjakonovksi-Foto-TJ-Krebs-jazzphotoagency%40web.de_.jpg?w=238&#038;h=357&#038;ssl=1\" width=\"238\" height=\"357\" loading=\"lazy\" data-original-width=\"238\" data-original-height=\"357\" itemprop=\"http:\/\/schema.org\/image\" title=\"P1730515 Gjakonovksi - Foto TJ Krebs jazzphotoagency@web.de\" alt=\"P1730515 Gjakonovksi - Foto TJ Krebs jazzphotoagency@web.de\" style=\"width: 238px; height: 357px;\" \/> <\/a> <\/div> <\/div> <!-- close group --> <div class=\"gallery-group images-1\" style=\"width: 598px; height: 361px;\" data-original-width=\"598\" data-original-height=\"361\" > <div class=\"tiled-gallery-item tiled-gallery-item-large\" itemprop=\"associatedMedia\" itemscope itemtype=\"http:\/\/schema.org\/ImageObject\"> <a href=\"https:\/\/www.jazzzeitung.de\/cms\/2018\/01\/denis-gaebel-quartet-gelungener-2018er-jazz-it-auftakt-in-germering\/p1730529-denis-gaebel-qaurtett-foto-tj-krebs-jazzphotoagencyweb-de\/\" border=\"0\" itemprop=\"url\"> <meta itemprop=\"width\" content=\"594\"> <meta itemprop=\"height\" content=\"357\"> <img decoding=\"async\" class=\"\" data-attachment-id=\"14784\" data-orig-file=\"https:\/\/www.jazzzeitung.de\/cms\/wp-content\/uploads\/2018\/01\/P1730529-Denis-G\u00e4bel-Qaurtett-Foto-TJ-Krebs-jazzphotoagency@web.de_.jpg\" data-orig-size=\"1800,1080\" data-comments-opened=\"1\" data-image-meta=\"{&quot;aperture&quot;:&quot;0&quot;,&quot;credit&quot;:&quot;&quot;,&quot;camera&quot;:&quot;&quot;,&quot;caption&quot;:&quot;&quot;,&quot;created_timestamp&quot;:&quot;0&quot;,&quot;copyright&quot;:&quot;&quot;,&quot;focal_length&quot;:&quot;0&quot;,&quot;iso&quot;:&quot;0&quot;,&quot;shutter_speed&quot;:&quot;0&quot;,&quot;title&quot;:&quot;&quot;,&quot;orientation&quot;:&quot;0&quot;}\" data-image-title=\"P1730529 Denis G\u00e4bel Qaurtett &amp;#8211; Foto TJ Krebs jazzphotoagency@web.de\" data-image-description=\"\" data-medium-file=\"https:\/\/i0.wp.com\/www.jazzzeitung.de\/cms\/wp-content\/uploads\/2018\/01\/P1730529-Denis-G%C3%A4bel-Qaurtett-Foto-TJ-Krebs-jazzphotoagency%40web.de_.jpg?fit=300%2C180&#038;ssl=1\" data-large-file=\"https:\/\/i0.wp.com\/www.jazzzeitung.de\/cms\/wp-content\/uploads\/2018\/01\/P1730529-Denis-G%C3%A4bel-Qaurtett-Foto-TJ-Krebs-jazzphotoagency%40web.de_.jpg?fit=840%2C504&#038;ssl=1\" src=\"https:\/\/i0.wp.com\/www.jazzzeitung.de\/cms\/wp-content\/uploads\/2018\/01\/P1730529-Denis-G%C3%A4bel-Qaurtett-Foto-TJ-Krebs-jazzphotoagency%40web.de_.jpg?w=594&#038;h=357&#038;ssl=1\" width=\"594\" height=\"357\" loading=\"lazy\" data-original-width=\"594\" data-original-height=\"357\" itemprop=\"http:\/\/schema.org\/image\" title=\"P1730529 Denis G\u00e4bel Qaurtett - Foto TJ Krebs jazzphotoagency@web.de\" alt=\"P1730529 Denis G\u00e4bel Qaurtett - Foto TJ Krebs jazzphotoagency@web.de\" style=\"width: 594px; height: 357px;\" \/> <\/a> <\/div> <\/div> <!-- close group --> <\/div> <!-- close row --> <\/div>\n<p>Weitere Highlights u.a.\u00a0 mit Andreas Schaerer &amp; Lucas Niggli, dem Jason Seizer Quartet oder Marialy Pacheco sind zu finden unter:<br \/>\n<a href=\"http:\/\/www.stadthalle-germing.de\/jazz\">www.stadthalle-germing.de\/jazz<\/a><\/p>\n<p>Fotos &amp; Text: Thomas J. Krebs<\/p>\n","protected":false},"excerpt":{"rendered":"<p>Die Germeringer Jazzreihe \u201eJAZZ it!\u201c er\u00f6ffnete das Jahr 2018 am vergangenen Freitag mit einer hochkar\u00e4tigen deutschen Jazz-Formation. Die Band um den Saxophonisten Denis G\u00e4bel, mit Sebastian Sternal am Piano, dem Bassisten Martin Gjakonovski und Silvio Morger an den Drums, boten relaxten und gleichzeitig ungemein spannenden Jazz. Beeindruckend, wie homogen die vier Musiker interagieren zu den harmonisch ausgefeilten Kompositionen aus der Feder des Bandleaders, mit fein gesponnenen Themen, groovigen Elementen und inspirierten Improvisationen. Jeder l\u00e4sst dem anderen Platz sich zu entfalten; man merkt sofort, dass die Gruppe seit Jahren zusammen spielt und sich jeder auf den anderen verlassen kann. Spielfreude pur! Das Programm des Abends bestand gr\u00f6\u00dftenteils aus G\u00e4bels neuer CD \u201eThe Good Spirits\u201c, die, eingespielt mit seinem amerikanischen Quartett (zusammen mit Kevin Hays, Scott Colley &amp; Clarence Penn) im M\u00e4rz auf dem Label Mons Records erscheinen wird. Mit der Zugabe \u201eEast Coasting\u201c von Charlie Mingus, der einzigen Fremdkomposition des Abends, wurde das beseelte Publikum dann ins neue Jahr entlassen mit der Option auf weitere, h\u00f6chst interessante Konzerte im Germeringer Amadeussaal. Weitere Highlights u.a.\u00a0 mit Andreas Schaerer &amp; Lucas Niggli, dem Jason Seizer Quartet oder Marialy &hellip;<\/p>\n","protected":false},"author":35,"featured_media":14776,"comment_status":"open","ping_status":"closed","sticky":false,"template":"","format":"standard","meta":{"_jetpack_memberships_contains_paid_content":false,"footnotes":"","jetpack_publicize_message":"","jetpack_publicize_feature_enabled":true,"jetpack_social_post_already_shared":false,"jetpack_social_options":{"image_generator_settings":{"template":"highway","default_image_id":0,"font":"","enabled":false},"version":2}},"categories":[652],"tags":[1910,1907,1909,1914,1913,1915,1912,1908],"coauthors":[1602],"class_list":["post-14772","post","type-post","status-publish","format-standard","has-post-thumbnail","hentry","category-galerie","tag-bildergalerie","tag-denis-gaebel-quartet","tag-germering","tag-martin-gjakonovski","tag-sebastian-sternal","tag-silvio-morger","tag-the-good-spirits","tag-jazz-it"],"yoast_head":"<!-- This site is optimized with the Yoast SEO plugin v27.5 - https:\/\/yoast.com\/product\/yoast-seo-wordpress\/ -->\n<title>Denis G\u00e4bel Quartet: Gelungener 2018er \u201eJAZZ it!\u201c-Auftakt in Germering - JazzZeitung<\/title>\n<meta name=\"robots\" content=\"index, follow, max-snippet:-1, max-image-preview:large, max-video-preview:-1\" \/>\n<link rel=\"canonical\" href=\"https:\/\/www.jazzzeitung.de\/cms\/2018\/01\/denis-gaebel-quartet-gelungener-2018er-jazz-it-auftakt-in-germering\/\" \/>\n<meta property=\"og:locale\" content=\"de_DE\" \/>\n<meta property=\"og:type\" content=\"article\" \/>\n<meta property=\"og:title\" content=\"Denis G\u00e4bel Quartet: Gelungener 2018er \u201eJAZZ it!\u201c-Auftakt in Germering - JazzZeitung\" \/>\n<meta property=\"og:description\" content=\"Die Germeringer Jazzreihe \u201eJAZZ it!\u201c er\u00f6ffnete das Jahr 2018 am vergangenen Freitag mit einer hochkar\u00e4tigen deutschen Jazz-Formation. Die Band um den Saxophonisten Denis G\u00e4bel, mit Sebastian Sternal am Piano, dem Bassisten Martin Gjakonovski und Silvio Morger an den Drums, boten relaxten und gleichzeitig ungemein spannenden Jazz. Beeindruckend, wie homogen die vier Musiker interagieren zu den harmonisch ausgefeilten Kompositionen aus der Feder des Bandleaders, mit fein gesponnenen Themen, groovigen Elementen und inspirierten Improvisationen. Jeder l\u00e4sst dem anderen Platz sich zu entfalten; man merkt sofort, dass die Gruppe seit Jahren zusammen spielt und sich jeder auf den anderen verlassen kann. Spielfreude pur! Das Programm des Abends bestand gr\u00f6\u00dftenteils aus G\u00e4bels neuer CD \u201eThe Good Spirits\u201c, die, eingespielt mit seinem amerikanischen Quartett (zusammen mit Kevin Hays, Scott Colley &amp; Clarence Penn) im M\u00e4rz auf dem Label Mons Records erscheinen wird. Mit der Zugabe \u201eEast Coasting\u201c von Charlie Mingus, der einzigen Fremdkomposition des Abends, wurde das beseelte Publikum dann ins neue Jahr entlassen mit der Option auf weitere, h\u00f6chst interessante Konzerte im Germeringer Amadeussaal. Weitere Highlights u.a.\u00a0 mit Andreas Schaerer &amp; Lucas Niggli, dem Jason Seizer Quartet oder Marialy &hellip;\" \/>\n<meta property=\"og:url\" content=\"https:\/\/www.jazzzeitung.de\/cms\/2018\/01\/denis-gaebel-quartet-gelungener-2018er-jazz-it-auftakt-in-germering\/\" \/>\n<meta property=\"og:site_name\" content=\"JazzZeitung\" \/>\n<meta property=\"article:publisher\" content=\"https:\/\/www.facebook.com\/JazzZeitung\/\" \/>\n<meta property=\"article:published_time\" content=\"2018-01-15T12:41:20+00:00\" \/>\n<meta property=\"article:modified_time\" content=\"2018-01-15T14:38:17+00:00\" \/>\n<meta property=\"og:image\" content=\"https:\/\/i0.wp.com\/www.jazzzeitung.de\/cms\/wp-content\/uploads\/2018\/01\/P1730363-G\u00e4bel-Foto-TJ-Krebs-jazzphotoagency@web.de_.jpg?fit=1800%2C1200&ssl=1\" \/>\n\t<meta property=\"og:image:width\" content=\"1800\" \/>\n\t<meta property=\"og:image:height\" content=\"1200\" \/>\n\t<meta property=\"og:image:type\" content=\"image\/jpeg\" \/>\n<meta name=\"author\" content=\"Thomas J. Krebs\" \/>\n<script type=\"application\/ld+json\" class=\"yoast-schema-graph\">{\"@context\":\"https:\\\/\\\/schema.org\",\"@graph\":[{\"@type\":\"Article\",\"@id\":\"https:\\\/\\\/www.jazzzeitung.de\\\/cms\\\/2018\\\/01\\\/denis-gaebel-quartet-gelungener-2018er-jazz-it-auftakt-in-germering\\\/#article\",\"isPartOf\":{\"@id\":\"https:\\\/\\\/www.jazzzeitung.de\\\/cms\\\/2018\\\/01\\\/denis-gaebel-quartet-gelungener-2018er-jazz-it-auftakt-in-germering\\\/\"},\"author\":{\"name\":\"Thomas J. Krebs\",\"@id\":\"https:\\\/\\\/www.jazzzeitung.de\\\/cms\\\/#\\\/schema\\\/person\\\/ba94c5bbea92d014d6a3d1f0105daa18\"},\"headline\":\"Denis G\u00e4bel Quartet: Gelungener 2018er \u201eJAZZ it!\u201c-Auftakt in Germering\",\"datePublished\":\"2018-01-15T12:41:20+00:00\",\"dateModified\":\"2018-01-15T14:38:17+00:00\",\"mainEntityOfPage\":{\"@id\":\"https:\\\/\\\/www.jazzzeitung.de\\\/cms\\\/2018\\\/01\\\/denis-gaebel-quartet-gelungener-2018er-jazz-it-auftakt-in-germering\\\/\"},\"wordCount\":223,\"commentCount\":0,\"publisher\":{\"@id\":\"https:\\\/\\\/www.jazzzeitung.de\\\/cms\\\/#organization\"},\"image\":{\"@id\":\"https:\\\/\\\/www.jazzzeitung.de\\\/cms\\\/2018\\\/01\\\/denis-gaebel-quartet-gelungener-2018er-jazz-it-auftakt-in-germering\\\/#primaryimage\"},\"thumbnailUrl\":\"https:\\\/\\\/i0.wp.com\\\/www.jazzzeitung.de\\\/cms\\\/wp-content\\\/uploads\\\/2018\\\/01\\\/P1730363-G%C3%A4bel-Foto-TJ-Krebs-jazzphotoagency%40web.de_.jpg?fit=1800%2C1200&ssl=1\",\"keywords\":[\"Bildergalerie\",\"Denis G\u00e4bel Quartet\",\"Germering\",\"Martin Gjakonovski\",\"Sebastian Sternal\",\"Silvio Morger\",\"The Good Spirits\",\"\u201eJAZZ it!\u201c\"],\"articleSection\":[\"Galerie\"],\"inLanguage\":\"de\",\"potentialAction\":[{\"@type\":\"CommentAction\",\"name\":\"Comment\",\"target\":[\"https:\\\/\\\/www.jazzzeitung.de\\\/cms\\\/2018\\\/01\\\/denis-gaebel-quartet-gelungener-2018er-jazz-it-auftakt-in-germering\\\/#respond\"]}]},{\"@type\":\"WebPage\",\"@id\":\"https:\\\/\\\/www.jazzzeitung.de\\\/cms\\\/2018\\\/01\\\/denis-gaebel-quartet-gelungener-2018er-jazz-it-auftakt-in-germering\\\/\",\"url\":\"https:\\\/\\\/www.jazzzeitung.de\\\/cms\\\/2018\\\/01\\\/denis-gaebel-quartet-gelungener-2018er-jazz-it-auftakt-in-germering\\\/\",\"name\":\"Denis G\u00e4bel Quartet: Gelungener 2018er \u201eJAZZ it!\u201c-Auftakt in Germering - JazzZeitung\",\"isPartOf\":{\"@id\":\"https:\\\/\\\/www.jazzzeitung.de\\\/cms\\\/#website\"},\"primaryImageOfPage\":{\"@id\":\"https:\\\/\\\/www.jazzzeitung.de\\\/cms\\\/2018\\\/01\\\/denis-gaebel-quartet-gelungener-2018er-jazz-it-auftakt-in-germering\\\/#primaryimage\"},\"image\":{\"@id\":\"https:\\\/\\\/www.jazzzeitung.de\\\/cms\\\/2018\\\/01\\\/denis-gaebel-quartet-gelungener-2018er-jazz-it-auftakt-in-germering\\\/#primaryimage\"},\"thumbnailUrl\":\"https:\\\/\\\/i0.wp.com\\\/www.jazzzeitung.de\\\/cms\\\/wp-content\\\/uploads\\\/2018\\\/01\\\/P1730363-G%C3%A4bel-Foto-TJ-Krebs-jazzphotoagency%40web.de_.jpg?fit=1800%2C1200&ssl=1\",\"datePublished\":\"2018-01-15T12:41:20+00:00\",\"dateModified\":\"2018-01-15T14:38:17+00:00\",\"breadcrumb\":{\"@id\":\"https:\\\/\\\/www.jazzzeitung.de\\\/cms\\\/2018\\\/01\\\/denis-gaebel-quartet-gelungener-2018er-jazz-it-auftakt-in-germering\\\/#breadcrumb\"},\"inLanguage\":\"de\",\"potentialAction\":[{\"@type\":\"ReadAction\",\"target\":[\"https:\\\/\\\/www.jazzzeitung.de\\\/cms\\\/2018\\\/01\\\/denis-gaebel-quartet-gelungener-2018er-jazz-it-auftakt-in-germering\\\/\"]}]},{\"@type\":\"ImageObject\",\"inLanguage\":\"de\",\"@id\":\"https:\\\/\\\/www.jazzzeitung.de\\\/cms\\\/2018\\\/01\\\/denis-gaebel-quartet-gelungener-2018er-jazz-it-auftakt-in-germering\\\/#primaryimage\",\"url\":\"https:\\\/\\\/i0.wp.com\\\/www.jazzzeitung.de\\\/cms\\\/wp-content\\\/uploads\\\/2018\\\/01\\\/P1730363-G%C3%A4bel-Foto-TJ-Krebs-jazzphotoagency%40web.de_.jpg?fit=1800%2C1200&ssl=1\",\"contentUrl\":\"https:\\\/\\\/i0.wp.com\\\/www.jazzzeitung.de\\\/cms\\\/wp-content\\\/uploads\\\/2018\\\/01\\\/P1730363-G%C3%A4bel-Foto-TJ-Krebs-jazzphotoagency%40web.de_.jpg?fit=1800%2C1200&ssl=1\",\"width\":1800,\"height\":1200},{\"@type\":\"BreadcrumbList\",\"@id\":\"https:\\\/\\\/www.jazzzeitung.de\\\/cms\\\/2018\\\/01\\\/denis-gaebel-quartet-gelungener-2018er-jazz-it-auftakt-in-germering\\\/#breadcrumb\",\"itemListElement\":[{\"@type\":\"ListItem\",\"position\":1,\"name\":\"Startseite\",\"item\":\"https:\\\/\\\/www.jazzzeitung.de\\\/cms\\\/\"},{\"@type\":\"ListItem\",\"position\":2,\"name\":\"Denis G\u00e4bel Quartet: Gelungener 2018er \u201eJAZZ it!\u201c-Auftakt in Germering\"}]},{\"@type\":\"WebSite\",\"@id\":\"https:\\\/\\\/www.jazzzeitung.de\\\/cms\\\/#website\",\"url\":\"https:\\\/\\\/www.jazzzeitung.de\\\/cms\\\/\",\"name\":\"JazzZeitung\",\"description\":\"Jazz-News und Jazz-Kontroverses\",\"publisher\":{\"@id\":\"https:\\\/\\\/www.jazzzeitung.de\\\/cms\\\/#organization\"},\"potentialAction\":[{\"@type\":\"SearchAction\",\"target\":{\"@type\":\"EntryPoint\",\"urlTemplate\":\"https:\\\/\\\/www.jazzzeitung.de\\\/cms\\\/?s={search_term_string}\"},\"query-input\":{\"@type\":\"PropertyValueSpecification\",\"valueRequired\":true,\"valueName\":\"search_term_string\"}}],\"inLanguage\":\"de\"},{\"@type\":\"Organization\",\"@id\":\"https:\\\/\\\/www.jazzzeitung.de\\\/cms\\\/#organization\",\"name\":\"JazzZeitung online\",\"url\":\"https:\\\/\\\/www.jazzzeitung.de\\\/cms\\\/\",\"logo\":{\"@type\":\"ImageObject\",\"inLanguage\":\"de\",\"@id\":\"https:\\\/\\\/www.jazzzeitung.de\\\/cms\\\/#\\\/schema\\\/logo\\\/image\\\/\",\"url\":\"https:\\\/\\\/i0.wp.com\\\/www.jazzzeitung.de\\\/cms\\\/wp-content\\\/uploads\\\/2015\\\/08\\\/JAZZZEITUNGDE_Logo_Neu.png?fit=499%2C200&ssl=1\",\"contentUrl\":\"https:\\\/\\\/i0.wp.com\\\/www.jazzzeitung.de\\\/cms\\\/wp-content\\\/uploads\\\/2015\\\/08\\\/JAZZZEITUNGDE_Logo_Neu.png?fit=499%2C200&ssl=1\",\"width\":499,\"height\":200,\"caption\":\"JazzZeitung online\"},\"image\":{\"@id\":\"https:\\\/\\\/www.jazzzeitung.de\\\/cms\\\/#\\\/schema\\\/logo\\\/image\\\/\"},\"sameAs\":[\"https:\\\/\\\/www.facebook.com\\\/JazzZeitung\\\/\"]},{\"@type\":\"Person\",\"@id\":\"https:\\\/\\\/www.jazzzeitung.de\\\/cms\\\/#\\\/schema\\\/person\\\/ba94c5bbea92d014d6a3d1f0105daa18\",\"name\":\"Thomas J. Krebs\",\"image\":{\"@type\":\"ImageObject\",\"inLanguage\":\"de\",\"@id\":\"https:\\\/\\\/secure.gravatar.com\\\/avatar\\\/e362b221c114fbcde56be31a2eacbbab541308e5bf72f20d4519b16cdeb5c667?s=96&d=wp_user_avatar&r=ga12b8f4e2750c9ca30f9e22cab2177c6\",\"url\":\"https:\\\/\\\/secure.gravatar.com\\\/avatar\\\/e362b221c114fbcde56be31a2eacbbab541308e5bf72f20d4519b16cdeb5c667?s=96&d=wp_user_avatar&r=g\",\"contentUrl\":\"https:\\\/\\\/secure.gravatar.com\\\/avatar\\\/e362b221c114fbcde56be31a2eacbbab541308e5bf72f20d4519b16cdeb5c667?s=96&d=wp_user_avatar&r=g\",\"caption\":\"Thomas J. Krebs\"},\"url\":\"https:\\\/\\\/www.jazzzeitung.de\\\/cms\\\/author\\\/krebs\\\/\"}]}<\/script>\n<!-- \/ Yoast SEO plugin. -->","yoast_head_json":{"title":"Denis G\u00e4bel Quartet: Gelungener 2018er \u201eJAZZ it!\u201c-Auftakt in Germering - JazzZeitung","robots":{"index":"index","follow":"follow","max-snippet":"max-snippet:-1","max-image-preview":"max-image-preview:large","max-video-preview":"max-video-preview:-1"},"canonical":"https:\/\/www.jazzzeitung.de\/cms\/2018\/01\/denis-gaebel-quartet-gelungener-2018er-jazz-it-auftakt-in-germering\/","og_locale":"de_DE","og_type":"article","og_title":"Denis G\u00e4bel Quartet: Gelungener 2018er \u201eJAZZ it!\u201c-Auftakt in Germering - JazzZeitung","og_description":"Die Germeringer Jazzreihe \u201eJAZZ it!\u201c er\u00f6ffnete das Jahr 2018 am vergangenen Freitag mit einer hochkar\u00e4tigen deutschen Jazz-Formation. Die Band um den Saxophonisten Denis G\u00e4bel, mit Sebastian Sternal am Piano, dem Bassisten Martin Gjakonovski und Silvio Morger an den Drums, boten relaxten und gleichzeitig ungemein spannenden Jazz. Beeindruckend, wie homogen die vier Musiker interagieren zu den harmonisch ausgefeilten Kompositionen aus der Feder des Bandleaders, mit fein gesponnenen Themen, groovigen Elementen und inspirierten Improvisationen. Jeder l\u00e4sst dem anderen Platz sich zu entfalten; man merkt sofort, dass die Gruppe seit Jahren zusammen spielt und sich jeder auf den anderen verlassen kann. Spielfreude pur! Das Programm des Abends bestand gr\u00f6\u00dftenteils aus G\u00e4bels neuer CD \u201eThe Good Spirits\u201c, die, eingespielt mit seinem amerikanischen Quartett (zusammen mit Kevin Hays, Scott Colley &amp; Clarence Penn) im M\u00e4rz auf dem Label Mons Records erscheinen wird. Mit der Zugabe \u201eEast Coasting\u201c von Charlie Mingus, der einzigen Fremdkomposition des Abends, wurde das beseelte Publikum dann ins neue Jahr entlassen mit der Option auf weitere, h\u00f6chst interessante Konzerte im Germeringer Amadeussaal. Weitere Highlights u.a.\u00a0 mit Andreas Schaerer &amp; Lucas Niggli, dem Jason Seizer Quartet oder Marialy &hellip;","og_url":"https:\/\/www.jazzzeitung.de\/cms\/2018\/01\/denis-gaebel-quartet-gelungener-2018er-jazz-it-auftakt-in-germering\/","og_site_name":"JazzZeitung","article_publisher":"https:\/\/www.facebook.com\/JazzZeitung\/","article_published_time":"2018-01-15T12:41:20+00:00","article_modified_time":"2018-01-15T14:38:17+00:00","og_image":[{"width":1800,"height":1200,"url":"https:\/\/i0.wp.com\/www.jazzzeitung.de\/cms\/wp-content\/uploads\/2018\/01\/P1730363-G\u00e4bel-Foto-TJ-Krebs-jazzphotoagency@web.de_.jpg?fit=1800%2C1200&ssl=1","type":"image\/jpeg"}],"author":"Thomas J. Krebs","schema":{"@context":"https:\/\/schema.org","@graph":[{"@type":"Article","@id":"https:\/\/www.jazzzeitung.de\/cms\/2018\/01\/denis-gaebel-quartet-gelungener-2018er-jazz-it-auftakt-in-germering\/#article","isPartOf":{"@id":"https:\/\/www.jazzzeitung.de\/cms\/2018\/01\/denis-gaebel-quartet-gelungener-2018er-jazz-it-auftakt-in-germering\/"},"author":{"name":"Thomas J. Krebs","@id":"https:\/\/www.jazzzeitung.de\/cms\/#\/schema\/person\/ba94c5bbea92d014d6a3d1f0105daa18"},"headline":"Denis G\u00e4bel Quartet: Gelungener 2018er \u201eJAZZ it!\u201c-Auftakt in Germering","datePublished":"2018-01-15T12:41:20+00:00","dateModified":"2018-01-15T14:38:17+00:00","mainEntityOfPage":{"@id":"https:\/\/www.jazzzeitung.de\/cms\/2018\/01\/denis-gaebel-quartet-gelungener-2018er-jazz-it-auftakt-in-germering\/"},"wordCount":223,"commentCount":0,"publisher":{"@id":"https:\/\/www.jazzzeitung.de\/cms\/#organization"},"image":{"@id":"https:\/\/www.jazzzeitung.de\/cms\/2018\/01\/denis-gaebel-quartet-gelungener-2018er-jazz-it-auftakt-in-germering\/#primaryimage"},"thumbnailUrl":"https:\/\/i0.wp.com\/www.jazzzeitung.de\/cms\/wp-content\/uploads\/2018\/01\/P1730363-G%C3%A4bel-Foto-TJ-Krebs-jazzphotoagency%40web.de_.jpg?fit=1800%2C1200&ssl=1","keywords":["Bildergalerie","Denis G\u00e4bel Quartet","Germering","Martin Gjakonovski","Sebastian Sternal","Silvio Morger","The Good Spirits","\u201eJAZZ it!\u201c"],"articleSection":["Galerie"],"inLanguage":"de","potentialAction":[{"@type":"CommentAction","name":"Comment","target":["https:\/\/www.jazzzeitung.de\/cms\/2018\/01\/denis-gaebel-quartet-gelungener-2018er-jazz-it-auftakt-in-germering\/#respond"]}]},{"@type":"WebPage","@id":"https:\/\/www.jazzzeitung.de\/cms\/2018\/01\/denis-gaebel-quartet-gelungener-2018er-jazz-it-auftakt-in-germering\/","url":"https:\/\/www.jazzzeitung.de\/cms\/2018\/01\/denis-gaebel-quartet-gelungener-2018er-jazz-it-auftakt-in-germering\/","name":"Denis G\u00e4bel Quartet: Gelungener 2018er \u201eJAZZ it!\u201c-Auftakt in Germering - JazzZeitung","isPartOf":{"@id":"https:\/\/www.jazzzeitung.de\/cms\/#website"},"primaryImageOfPage":{"@id":"https:\/\/www.jazzzeitung.de\/cms\/2018\/01\/denis-gaebel-quartet-gelungener-2018er-jazz-it-auftakt-in-germering\/#primaryimage"},"image":{"@id":"https:\/\/www.jazzzeitung.de\/cms\/2018\/01\/denis-gaebel-quartet-gelungener-2018er-jazz-it-auftakt-in-germering\/#primaryimage"},"thumbnailUrl":"https:\/\/i0.wp.com\/www.jazzzeitung.de\/cms\/wp-content\/uploads\/2018\/01\/P1730363-G%C3%A4bel-Foto-TJ-Krebs-jazzphotoagency%40web.de_.jpg?fit=1800%2C1200&ssl=1","datePublished":"2018-01-15T12:41:20+00:00","dateModified":"2018-01-15T14:38:17+00:00","breadcrumb":{"@id":"https:\/\/www.jazzzeitung.de\/cms\/2018\/01\/denis-gaebel-quartet-gelungener-2018er-jazz-it-auftakt-in-germering\/#breadcrumb"},"inLanguage":"de","potentialAction":[{"@type":"ReadAction","target":["https:\/\/www.jazzzeitung.de\/cms\/2018\/01\/denis-gaebel-quartet-gelungener-2018er-jazz-it-auftakt-in-germering\/"]}]},{"@type":"ImageObject","inLanguage":"de","@id":"https:\/\/www.jazzzeitung.de\/cms\/2018\/01\/denis-gaebel-quartet-gelungener-2018er-jazz-it-auftakt-in-germering\/#primaryimage","url":"https:\/\/i0.wp.com\/www.jazzzeitung.de\/cms\/wp-content\/uploads\/2018\/01\/P1730363-G%C3%A4bel-Foto-TJ-Krebs-jazzphotoagency%40web.de_.jpg?fit=1800%2C1200&ssl=1","contentUrl":"https:\/\/i0.wp.com\/www.jazzzeitung.de\/cms\/wp-content\/uploads\/2018\/01\/P1730363-G%C3%A4bel-Foto-TJ-Krebs-jazzphotoagency%40web.de_.jpg?fit=1800%2C1200&ssl=1","width":1800,"height":1200},{"@type":"BreadcrumbList","@id":"https:\/\/www.jazzzeitung.de\/cms\/2018\/01\/denis-gaebel-quartet-gelungener-2018er-jazz-it-auftakt-in-germering\/#breadcrumb","itemListElement":[{"@type":"ListItem","position":1,"name":"Startseite","item":"https:\/\/www.jazzzeitung.de\/cms\/"},{"@type":"ListItem","position":2,"name":"Denis G\u00e4bel Quartet: Gelungener 2018er \u201eJAZZ it!\u201c-Auftakt in Germering"}]},{"@type":"WebSite","@id":"https:\/\/www.jazzzeitung.de\/cms\/#website","url":"https:\/\/www.jazzzeitung.de\/cms\/","name":"JazzZeitung","description":"Jazz-News und Jazz-Kontroverses","publisher":{"@id":"https:\/\/www.jazzzeitung.de\/cms\/#organization"},"potentialAction":[{"@type":"SearchAction","target":{"@type":"EntryPoint","urlTemplate":"https:\/\/www.jazzzeitung.de\/cms\/?s={search_term_string}"},"query-input":{"@type":"PropertyValueSpecification","valueRequired":true,"valueName":"search_term_string"}}],"inLanguage":"de"},{"@type":"Organization","@id":"https:\/\/www.jazzzeitung.de\/cms\/#organization","name":"JazzZeitung online","url":"https:\/\/www.jazzzeitung.de\/cms\/","logo":{"@type":"ImageObject","inLanguage":"de","@id":"https:\/\/www.jazzzeitung.de\/cms\/#\/schema\/logo\/image\/","url":"https:\/\/i0.wp.com\/www.jazzzeitung.de\/cms\/wp-content\/uploads\/2015\/08\/JAZZZEITUNGDE_Logo_Neu.png?fit=499%2C200&ssl=1","contentUrl":"https:\/\/i0.wp.com\/www.jazzzeitung.de\/cms\/wp-content\/uploads\/2015\/08\/JAZZZEITUNGDE_Logo_Neu.png?fit=499%2C200&ssl=1","width":499,"height":200,"caption":"JazzZeitung online"},"image":{"@id":"https:\/\/www.jazzzeitung.de\/cms\/#\/schema\/logo\/image\/"},"sameAs":["https:\/\/www.facebook.com\/JazzZeitung\/"]},{"@type":"Person","@id":"https:\/\/www.jazzzeitung.de\/cms\/#\/schema\/person\/ba94c5bbea92d014d6a3d1f0105daa18","name":"Thomas J. Krebs","image":{"@type":"ImageObject","inLanguage":"de","@id":"https:\/\/secure.gravatar.com\/avatar\/e362b221c114fbcde56be31a2eacbbab541308e5bf72f20d4519b16cdeb5c667?s=96&d=wp_user_avatar&r=ga12b8f4e2750c9ca30f9e22cab2177c6","url":"https:\/\/secure.gravatar.com\/avatar\/e362b221c114fbcde56be31a2eacbbab541308e5bf72f20d4519b16cdeb5c667?s=96&d=wp_user_avatar&r=g","contentUrl":"https:\/\/secure.gravatar.com\/avatar\/e362b221c114fbcde56be31a2eacbbab541308e5bf72f20d4519b16cdeb5c667?s=96&d=wp_user_avatar&r=g","caption":"Thomas J. Krebs"},"url":"https:\/\/www.jazzzeitung.de\/cms\/author\/krebs\/"}]}},"wp-worthy-pixel":{"ignored":false,"public":null,"server":null,"url":null},"wp-worthy-type":"normal","jetpack_publicize_connections":[],"cc_featured_image_caption":{"caption_text":"Denis G\u00e4bel.","source_text":"Foto: TJ Krebs jazzphotoagency@web.de","source_url":""},"jetpack_featured_media_url":"https:\/\/i0.wp.com\/www.jazzzeitung.de\/cms\/wp-content\/uploads\/2018\/01\/P1730363-G%C3%A4bel-Foto-TJ-Krebs-jazzphotoagency%40web.de_.jpg?fit=1800%2C1200&ssl=1","jetpack_shortlink":"https:\/\/wp.me\/p3KEcT-3Qg","jetpack-related-posts":[{"id":15952,"url":"https:\/\/www.jazzzeitung.de\/cms\/2018\/05\/zum-12-mal-heisst-es-in-germering-bei-muenchen-jazz-it\/","url_meta":{"origin":14772,"position":0},"title":"+++News+++Vielfalt bei der &#8222;JAZZ it!&#8220; in Germering bei M\u00fcnchen+++Neues vom Jazzpool L\u00fcbeck e.V.+++","author":"Redaktion JazzZeitung","date":"8. Mai 2018","format":false,"excerpt":"12. JAZZ it! in Germering bei M\u00fcnchen Dieses Jahr findet die \u201eJAZZ it!\u201c-Reihe in Germering unter dem Motto der Vielfalt statt. Durch die Internationalit\u00e4t der Musiker, welche zum Teil aus Frankreich, Gro\u00dfbritannien, den Niederlanden, der Schweiz, den USA, aus Kuba und Indien kommen, bekommt das \u201eJAZZ it!\u201c in diesem Jahr\u2026","rel":"","context":"In &quot;News&quot;","block_context":{"text":"News","link":"https:\/\/www.jazzzeitung.de\/cms\/thema\/nachrichten\/"},"img":{"alt_text":"","src":"https:\/\/i0.wp.com\/www.jazzzeitung.de\/cms\/wp-content\/uploads\/2018\/05\/velvet-revolution_1.jpg?fit=1200%2C802&ssl=1&resize=350%2C200","width":350,"height":200,"srcset":"https:\/\/i0.wp.com\/www.jazzzeitung.de\/cms\/wp-content\/uploads\/2018\/05\/velvet-revolution_1.jpg?fit=1200%2C802&ssl=1&resize=350%2C200 1x, https:\/\/i0.wp.com\/www.jazzzeitung.de\/cms\/wp-content\/uploads\/2018\/05\/velvet-revolution_1.jpg?fit=1200%2C802&ssl=1&resize=525%2C300 1.5x, https:\/\/i0.wp.com\/www.jazzzeitung.de\/cms\/wp-content\/uploads\/2018\/05\/velvet-revolution_1.jpg?fit=1200%2C802&ssl=1&resize=700%2C400 2x, https:\/\/i0.wp.com\/www.jazzzeitung.de\/cms\/wp-content\/uploads\/2018\/05\/velvet-revolution_1.jpg?fit=1200%2C802&ssl=1&resize=1050%2C600 3x"},"classes":[]},{"id":19637,"url":"https:\/\/www.jazzzeitung.de\/cms\/2019\/06\/die-jazz-radiowoche-vom-03-06-19-bis-09-06-2019\/","url_meta":{"origin":14772,"position":1},"title":"Die Jazz-Radiowoche vom 03.06.19 bis 09.06.2019","author":"Martin Hufner","date":"2. Juni 2019","format":false,"excerpt":"Ein kleiner Blick in die Jazzwoche 23 im Radio. \u201eIn the Mood\u201c \u2013 die Story eines glorreichen Songs | Bill Frisell und Kim Myhr beim Jazzfest Berlin 2018 | Denis G\u00e4bel Quartett | Das Wiener Streicher-Duo Bartolomey & Bittmann | Der Trompeter Tomasz Stanko | Das Art Ensemble of Chicago\u2026","rel":"","context":"In &quot;News&quot;","block_context":{"text":"News","link":"https:\/\/www.jazzzeitung.de\/cms\/thema\/nachrichten\/"},"img":{"alt_text":"Jazz im Radio. Foto: Hufner","src":"https:\/\/i0.wp.com\/www.jazzzeitung.de\/cms\/wp-content\/uploads\/2019\/03\/jazz_im_radio.jpg?fit=1200%2C773&ssl=1&resize=350%2C200","width":350,"height":200,"srcset":"https:\/\/i0.wp.com\/www.jazzzeitung.de\/cms\/wp-content\/uploads\/2019\/03\/jazz_im_radio.jpg?fit=1200%2C773&ssl=1&resize=350%2C200 1x, https:\/\/i0.wp.com\/www.jazzzeitung.de\/cms\/wp-content\/uploads\/2019\/03\/jazz_im_radio.jpg?fit=1200%2C773&ssl=1&resize=525%2C300 1.5x, https:\/\/i0.wp.com\/www.jazzzeitung.de\/cms\/wp-content\/uploads\/2019\/03\/jazz_im_radio.jpg?fit=1200%2C773&ssl=1&resize=700%2C400 2x, https:\/\/i0.wp.com\/www.jazzzeitung.de\/cms\/wp-content\/uploads\/2019\/03\/jazz_im_radio.jpg?fit=1200%2C773&ssl=1&resize=1050%2C600 3x"},"classes":[]},{"id":19307,"url":"https:\/\/www.jazzzeitung.de\/cms\/2019\/04\/news-100-konzert-der-jazzit-reihe-in-germering-night-club-im-mai-new-york-im-bayerischen-hof\/","url_meta":{"origin":14772,"position":2},"title":"+++ news +++ 100. Konzert der JazzIt! Reihe in Germering +++ Night Club im Mai: New York im Bayerischen Hof +++","author":"Redaktion JazzZeitung","date":"27. April 2019","format":false,"excerpt":"Am 6. Juni 2019 feiert die Konzertreihe \u201eJazzIt!\u201c in Germering ihr 100. Konzert mit dem israelischen Pianisten Omer Klein. Neben Modern Jazz l\u00e4sst er auch Elemente aus der traditionellen Musik seiner Heimat in seine Musik einflie\u00dfen. \u201eJazzIt!\u201c wurde 2007 von der Stadthalle Germering ins Leben gerufen. In sieben Konzerten pro\u2026","rel":"","context":"In &quot;News&quot;","block_context":{"text":"News","link":"https:\/\/www.jazzzeitung.de\/cms\/thema\/nachrichten\/"},"img":{"alt_text":"","src":"https:\/\/i0.wp.com\/www.jazzzeitung.de\/cms\/wp-content\/uploads\/2019\/04\/P1325226-sw-Cornelius-Claudio-Kreusch-Foto-TJ-Krebs-jazzphotoagency%40web.de_.jpg?fit=1200%2C800&ssl=1&resize=350%2C200","width":350,"height":200,"srcset":"https:\/\/i0.wp.com\/www.jazzzeitung.de\/cms\/wp-content\/uploads\/2019\/04\/P1325226-sw-Cornelius-Claudio-Kreusch-Foto-TJ-Krebs-jazzphotoagency%40web.de_.jpg?fit=1200%2C800&ssl=1&resize=350%2C200 1x, https:\/\/i0.wp.com\/www.jazzzeitung.de\/cms\/wp-content\/uploads\/2019\/04\/P1325226-sw-Cornelius-Claudio-Kreusch-Foto-TJ-Krebs-jazzphotoagency%40web.de_.jpg?fit=1200%2C800&ssl=1&resize=525%2C300 1.5x, https:\/\/i0.wp.com\/www.jazzzeitung.de\/cms\/wp-content\/uploads\/2019\/04\/P1325226-sw-Cornelius-Claudio-Kreusch-Foto-TJ-Krebs-jazzphotoagency%40web.de_.jpg?fit=1200%2C800&ssl=1&resize=700%2C400 2x, https:\/\/i0.wp.com\/www.jazzzeitung.de\/cms\/wp-content\/uploads\/2019\/04\/P1325226-sw-Cornelius-Claudio-Kreusch-Foto-TJ-Krebs-jazzphotoagency%40web.de_.jpg?fit=1200%2C800&ssl=1&resize=1050%2C600 3x"},"classes":[]},{"id":19082,"url":"https:\/\/www.jazzzeitung.de\/cms\/2019\/04\/die-jazz-radiowoche-vom-08-04-19-bis-14-04-2019\/","url_meta":{"origin":14772,"position":3},"title":"Die Jazz-Radiowoche vom 08.04.19 bis 14.04.2019","author":"Martin Hufner","date":"7. April 2019","format":false,"excerpt":"Ein kleiner Blick in die Jazzwoche 15 im Radio. Leider bleibt die Auskunft beim WDR sehr d\u00fcnn. Wir wissen immer noch nicht, wie es \u201egenau\u201c dort weitergeht. Das ist etwas schwach. Die \u00dcbersicht zum Download als PDF. Alle Angaben ohne Gew\u00e4hr. Jazz im Radio (Fernsehen) SR2 \u2013 JazzNow \u2013 Sonntags\u2026","rel":"","context":"In &quot;News&quot;","block_context":{"text":"News","link":"https:\/\/www.jazzzeitung.de\/cms\/thema\/nachrichten\/"},"img":{"alt_text":"Jazz im Radio. Foto: Hufner","src":"https:\/\/i0.wp.com\/www.jazzzeitung.de\/cms\/wp-content\/uploads\/2019\/03\/jazz_im_radio.jpg?fit=1200%2C773&ssl=1&resize=350%2C200","width":350,"height":200,"srcset":"https:\/\/i0.wp.com\/www.jazzzeitung.de\/cms\/wp-content\/uploads\/2019\/03\/jazz_im_radio.jpg?fit=1200%2C773&ssl=1&resize=350%2C200 1x, https:\/\/i0.wp.com\/www.jazzzeitung.de\/cms\/wp-content\/uploads\/2019\/03\/jazz_im_radio.jpg?fit=1200%2C773&ssl=1&resize=525%2C300 1.5x, https:\/\/i0.wp.com\/www.jazzzeitung.de\/cms\/wp-content\/uploads\/2019\/03\/jazz_im_radio.jpg?fit=1200%2C773&ssl=1&resize=700%2C400 2x, https:\/\/i0.wp.com\/www.jazzzeitung.de\/cms\/wp-content\/uploads\/2019\/03\/jazz_im_radio.jpg?fit=1200%2C773&ssl=1&resize=1050%2C600 3x"},"classes":[]},{"id":19629,"url":"https:\/\/www.jazzzeitung.de\/cms\/2019\/05\/gefuehl-von-zimt-ohne-zucker-hannah-koepf-mit-neuem-album-cinnamon\/","url_meta":{"origin":14772,"position":4},"title":"Gef\u00fchl von \u201eZimt ohne Zucker\u201c \u2013 Hannah K\u00f6pf mit neuem Album \u201eCinnamon\u201c","author":"Michael Scheiner","date":"31. Mai 2019","format":false,"excerpt":"Zart, fast gl\u00e4sern singt diese Stimme vom Werden und Vergehen, \u201eGolden Leaves (that turn to brown)\u201c. Dabei, und das ist vielleicht das Besondere an dem wunderbar weichen Mezzosopran von Hannah K\u00f6pf, keine Spur zerbrechlich. Immer ist da auch eine stabile Best\u00e4ndigkeit, die verspricht, abends nicht einfach verschwunden zu sein, wenn\u2026","rel":"","context":"In &quot;Rezension&quot;","block_context":{"text":"Rezension","link":"https:\/\/www.jazzzeitung.de\/cms\/thema\/rezension\/"},"img":{"alt_text":"","src":"https:\/\/i0.wp.com\/www.jazzzeitung.de\/cms\/wp-content\/uploads\/2019\/05\/Koepf-Hannah_2019_3.jpeg?fit=545%2C363&ssl=1&resize=350%2C200","width":350,"height":200,"srcset":"https:\/\/i0.wp.com\/www.jazzzeitung.de\/cms\/wp-content\/uploads\/2019\/05\/Koepf-Hannah_2019_3.jpeg?fit=545%2C363&ssl=1&resize=350%2C200 1x, https:\/\/i0.wp.com\/www.jazzzeitung.de\/cms\/wp-content\/uploads\/2019\/05\/Koepf-Hannah_2019_3.jpeg?fit=545%2C363&ssl=1&resize=525%2C300 1.5x"},"classes":[]},{"id":19182,"url":"https:\/\/www.jazzzeitung.de\/cms\/2019\/04\/neuer-jazzverband-fuer-rheinland-pfalz-gegruendet\/","url_meta":{"origin":14772,"position":5},"title":"Neuer Jazzverband f\u00fcr Rheinland-Pfalz gegr\u00fcndet","author":"Redaktion JazzZeitung","date":"11. April 2019","format":false,"excerpt":"In Mainz haben sich Jazz-Akteure aus ganz Rheinland-Pfalz im neuen Jazzverband \u201eJAZZ RLP \u2013 Landesverband f\u00fcr Jazz in Rheinland-Pfalz\u201c zusammengeschlossen. Schwerpunkte der Verbandsarbeit sollen Nachwuchsf\u00f6rderung und Regionalarbeit werden. Ein Neuanfang f\u00fcr die Jazz-Szene in Rheinland-Pfalz \u2013mit diesem Anspruch wurde am vergangenen Sonntag mit der \u00fcberw\u00e4ltigenden Teilnahme von rund 75 Jazzmusikern,\u2026","rel":"","context":"In &quot;Bericht&quot;","block_context":{"text":"Bericht","link":"https:\/\/www.jazzzeitung.de\/cms\/thema\/bericht\/"},"img":{"alt_text":"","src":"https:\/\/i0.wp.com\/www.jazzzeitung.de\/cms\/wp-content\/uploads\/2019\/04\/P1170275-Kopie.jpg?fit=1200%2C801&ssl=1&resize=350%2C200","width":350,"height":200,"srcset":"https:\/\/i0.wp.com\/www.jazzzeitung.de\/cms\/wp-content\/uploads\/2019\/04\/P1170275-Kopie.jpg?fit=1200%2C801&ssl=1&resize=350%2C200 1x, https:\/\/i0.wp.com\/www.jazzzeitung.de\/cms\/wp-content\/uploads\/2019\/04\/P1170275-Kopie.jpg?fit=1200%2C801&ssl=1&resize=525%2C300 1.5x, https:\/\/i0.wp.com\/www.jazzzeitung.de\/cms\/wp-content\/uploads\/2019\/04\/P1170275-Kopie.jpg?fit=1200%2C801&ssl=1&resize=700%2C400 2x, https:\/\/i0.wp.com\/www.jazzzeitung.de\/cms\/wp-content\/uploads\/2019\/04\/P1170275-Kopie.jpg?fit=1200%2C801&ssl=1&resize=1050%2C600 3x"},"classes":[]}],"jetpack_sharing_enabled":true,"_links":{"self":[{"href":"https:\/\/www.jazzzeitung.de\/cms\/wp-json\/wp\/v2\/posts\/14772","targetHints":{"allow":["GET"]}}],"collection":[{"href":"https:\/\/www.jazzzeitung.de\/cms\/wp-json\/wp\/v2\/posts"}],"about":[{"href":"https:\/\/www.jazzzeitung.de\/cms\/wp-json\/wp\/v2\/types\/post"}],"author":[{"embeddable":true,"href":"https:\/\/www.jazzzeitung.de\/cms\/wp-json\/wp\/v2\/users\/35"}],"replies":[{"embeddable":true,"href":"https:\/\/www.jazzzeitung.de\/cms\/wp-json\/wp\/v2\/comments?post=14772"}],"version-history":[{"count":4,"href":"https:\/\/www.jazzzeitung.de\/cms\/wp-json\/wp\/v2\/posts\/14772\/revisions"}],"predecessor-version":[{"id":14791,"href":"https:\/\/www.jazzzeitung.de\/cms\/wp-json\/wp\/v2\/posts\/14772\/revisions\/14791"}],"wp:featuredmedia":[{"embeddable":true,"href":"https:\/\/www.jazzzeitung.de\/cms\/wp-json\/wp\/v2\/media\/14776"}],"wp:attachment":[{"href":"https:\/\/www.jazzzeitung.de\/cms\/wp-json\/wp\/v2\/media?parent=14772"}],"wp:term":[{"taxonomy":"category","embeddable":true,"href":"https:\/\/www.jazzzeitung.de\/cms\/wp-json\/wp\/v2\/categories?post=14772"},{"taxonomy":"post_tag","embeddable":true,"href":"https:\/\/www.jazzzeitung.de\/cms\/wp-json\/wp\/v2\/tags?post=14772"},{"taxonomy":"author","embeddable":true,"href":"https:\/\/www.jazzzeitung.de\/cms\/wp-json\/wp\/v2\/coauthors?post=14772"}],"curies":[{"name":"wp","href":"https:\/\/api.w.org\/{rel}","templated":true}]}}