{"id":14716,"date":"2018-01-12T16:16:50","date_gmt":"2018-01-12T15:16:50","guid":{"rendered":"https:\/\/www.jazzzeitung.de\/cms\/?p=14716"},"modified":"2018-01-13T11:46:40","modified_gmt":"2018-01-13T10:46:40","slug":"tag-der-offenen-tuer-an-der-berufsfachschule-fuer-musik-muenchen","status":"publish","type":"post","link":"https:\/\/www.jazzzeitung.de\/cms\/2018\/01\/tag-der-offenen-tuer-an-der-berufsfachschule-fuer-musik-muenchen\/","title":{"rendered":"Tag der offenen T\u00fcr an der Berufsfachschule f\u00fcr Musik M\u00fcnchen"},"content":{"rendered":"<p><em>Am 3. Februar 2018 \u00f6ffnet die staatlich anerkannte <a href=\"https:\/\/www.jazzschool.de\/\">Berufsfachschule f\u00fcr Rock, Pop und Jazz<\/a> in der bayerischen Hauptstadt ihre Pforten f\u00fcr Besucher. Dozenten und Sch\u00fcler liefern bei ihrem Tag der offenen T\u00fcr von 11 bis 14 Uhr verschiedene Einblicke in das Ausbildungsangebot. Interessierte Instrumentalisten und S\u00e4nger k\u00f6nnen sich bis 29. Januar 2018 f\u00fcr ein kurzes Probe-Vorspiel bzw. -Vorsingen anmelden. Die restlichen Programmpunkte stehen ohne Voranmeldung zum kennen lernen offen.<\/em><\/p>\n<p>Berufsfachschulen f\u00fcr Musik haben eine Sonderstellung im deutschen Bildungssystem: Sie gibt es nur in Bayern. Das M\u00fcnchner Institut hat die Erfahrung gemacht, dass es zu dieser Form der staatlichen Musikerausbildung deshalb besonders viele Fragen gibt: Was ist der Unterschied zu einem Hochschulstudium? Welche Zielsetzungen hat die Ausbildung? Was muss ich f\u00fcr die Aufnahmepr\u00fcfung\u00a0 k\u00f6nnen? Wie sehen die beruflichen M\u00f6glichkeiten danach aus? Antworten darauf m\u00f6chte die Berufsfachschule des Neue Jazzschool M\u00fcnchen e.V. bei ihrem Infotag geben. Wie der musiktheoretische Teil der Aufnahmepr\u00fcfung abl\u00e4uft, erfahren Interessenten bei einem kurzen schriftlichen Test. Nach dem offiziellen Programm k\u00f6nnen Besucher auch ihre F\u00e4higkeiten f\u00fcr die praktische Aufnahmepr\u00fcfung von Berufsfachschul-Dozent einsch\u00e4tzen lassen. Dazu ist eine rechtzeitige Anmeldung unter <a href=\"mailto:mail@jazzschool.de\">mail@jazzschool.de<\/a> erforderlich.<\/p>\n<p>Dar\u00fcber hinaus pr\u00e4sentieren Sch\u00fclerbands ihre Arbeit im Fach Ensemblespiel. Dozenten wie der Saxofonist Alexander von Hagke und der Bassist Heiko Jung, die beide mit der Jazz-Metal-Band \u201ePanzerballett\u201c auf internationalen B\u00fchnen zu Hause sind, oder Andreas Keller, aktueller Schlagzeuger der bayerischen Rock-Band \u201eSpider Murphy Gang\u201c, stellen ihren Unterricht im instrumentalen und vokalen Hauptfach vor. Besucher erleben zudem, welche digitalen Werkzeuge in den F\u00e4chern Recording und elektronische Musikproduktion w\u00e4hrend der Ausbildung zum Einsatz kommen, und k\u00f6nnen einen Blick ins schuleigene Tonstudio werfen. Mehr Details gibt es auf <a href=\"http:\/\/www.jazzschool.de\/\">www.jazzschool.de<\/a> oder direkt unter 089\/ 72 63 52 96-0.<\/p>\n<p><strong>Der Neue Jazzschool M\u00fcnchen e.V.<\/strong><\/p>\n<p>Pianist Joe Haider gr\u00fcndete 1974 die erste Ausbildungsst\u00e4tte f\u00fcr Jazz und Popularmusik in Deutschland: die Jazz School M\u00fcnchen. \u00a0Seine Ausbildung lehnte sich eng an das Konzept des renommierten \u201eBerklee College of Music&#8220; in Boston und der \u201eSwiss Jazz School\u201d in Bern an. In den folgenden Jahren erwarb sich die Schule als Ausbildungsst\u00e4tte f\u00fcr Jazz und Popularmusik einen weit \u00fcber die Grenzen M\u00fcnchens und Bayerns hinausgehenden Ruf. Aus dem ganzen Bundesgebiet und auch aus dem nahen Ausland bewarben sich Musiker um einen Ausbildungsplatz. Es folgte eine enge Zusammenarbeit mit dem in den 1970er Jahren international bekannten M\u00fcnchener Jazzclub Domicile. Zus\u00e4tzliche Workshops entstanden und die Studenten bekamen die Chance, mit internationalen Jazzgr\u00f6\u00dfen zusammenzuarbeiten.<\/p>\n<p>Nach dem Ausscheiden von Joe Haider \u00fcbernahm der Pianist, S\u00e4nger und langj\u00e4hrige Jazzschool-Dozent Max Neissendorfer 1985 die Leitung. Er gr\u00fcndete den gemeinn\u00fctzigen Verein \u201eNeue Jazzschool M\u00fcnchen e.V.\u201d, der die Tr\u00e4gerschaft des Instituts \u00fcbernahm. Bald darauf begann die Zusammenarbeit mit der privaten Musikschule Ohrwurm. Neben allgemeinem Gesangs- und Instrumentalunterricht setzte die Jazzschool mit der Intensivausbildung f\u00fcr Jazz und Popularmusik Haiders Ausbildung f\u00fcr Berufsmusiker fort.<\/p>\n<p>Im Herbst 2007 gr\u00fcndete Max Neissendorfer gemeinsam mit dem Komponisten, Trompeter und Jazzschool-Dozenten Franz-David Baumann die erste Berufsfachschule f\u00fcr Musik Fachrichtung Rock\/Pop\/Jazz in Oberbayern. Die beiden erweiterten damit das Angebot um einen staatlichen Ausbildungszweig. Im Zuge der Berufsfachschulgr\u00fcndung bezog der Neue Jazzschool M\u00fcnchen e.V. ein neues, eigenes Schulgeb\u00e4ude im Stadtteil Pasing. Seit November 2011 ist seine Berufsfachschule staatlich anerkannt. Auch nach \u00fcber 40 Jahren gestaltet die Jazzschool neben ihrem Ausbildungs- und Unterrichtsprogramm\u00a0 mit Jam Sessions, Wettbewerben und Konzerten das musikalische Leben in M\u00fcnchen und ganz Bayern mit.<\/p>\n","protected":false},"excerpt":{"rendered":"<p>Am 3. Februar 2018 \u00f6ffnet die staatlich anerkannte Berufsfachschule f\u00fcr Rock, Pop und Jazz in der bayerischen Hauptstadt ihre Pforten f\u00fcr Besucher. Dozenten und Sch\u00fcler liefern bei ihrem Tag der offenen T\u00fcr von 11 bis 14 Uhr verschiedene Einblicke in das Ausbildungsangebot. Interessierte Instrumentalisten und S\u00e4nger k\u00f6nnen sich bis 29. Januar 2018 f\u00fcr ein kurzes Probe-Vorspiel bzw. -Vorsingen anmelden. Die restlichen Programmpunkte stehen ohne Voranmeldung zum kennen lernen offen. Berufsfachschulen f\u00fcr Musik haben eine Sonderstellung im deutschen Bildungssystem: Sie gibt es nur in Bayern. Das M\u00fcnchner Institut hat die Erfahrung gemacht, dass es zu dieser Form der staatlichen Musikerausbildung deshalb besonders viele Fragen gibt: Was ist der Unterschied zu einem Hochschulstudium? Welche Zielsetzungen hat die Ausbildung? Was muss ich f\u00fcr die Aufnahmepr\u00fcfung\u00a0 k\u00f6nnen? Wie sehen die beruflichen M\u00f6glichkeiten danach aus? Antworten darauf m\u00f6chte die Berufsfachschule des Neue Jazzschool M\u00fcnchen e.V. bei ihrem Infotag geben. Wie der musiktheoretische Teil der Aufnahmepr\u00fcfung abl\u00e4uft, erfahren Interessenten bei einem kurzen schriftlichen Test. Nach dem offiziellen Programm k\u00f6nnen Besucher auch ihre F\u00e4higkeiten f\u00fcr die praktische Aufnahmepr\u00fcfung von Berufsfachschul-Dozent einsch\u00e4tzen lassen. Dazu ist eine rechtzeitige Anmeldung unter mail@jazzschool.de erforderlich. Dar\u00fcber hinaus &hellip;<\/p>\n","protected":false},"author":18,"featured_media":14718,"comment_status":"open","ping_status":"closed","sticky":false,"template":"","format":"standard","meta":{"_jetpack_memberships_contains_paid_content":false,"footnotes":"","jetpack_publicize_message":"","jetpack_publicize_feature_enabled":true,"jetpack_social_post_already_shared":false,"jetpack_social_options":{"image_generator_settings":{"template":"highway","default_image_id":0,"font":"","enabled":false},"version":2}},"categories":[633],"tags":[1724,1906,837,401,1905],"coauthors":[695],"class_list":["post-14716","post","type-post","status-publish","format-standard","has-post-thumbnail","hentry","category-nachrichten","tag-ausbildung","tag-joe-haider","tag-max-neissendorfer","tag-muenchen","tag-neue-jazzschool-muenchen"],"yoast_head":"<!-- This site is optimized with the Yoast SEO plugin v27.5 - https:\/\/yoast.com\/product\/yoast-seo-wordpress\/ -->\n<title>Tag der offenen T\u00fcr an der Berufsfachschule f\u00fcr Musik M\u00fcnchen - JazzZeitung<\/title>\n<meta name=\"robots\" content=\"index, follow, max-snippet:-1, max-image-preview:large, max-video-preview:-1\" \/>\n<link rel=\"canonical\" href=\"https:\/\/www.jazzzeitung.de\/cms\/2018\/01\/tag-der-offenen-tuer-an-der-berufsfachschule-fuer-musik-muenchen\/\" \/>\n<meta property=\"og:locale\" content=\"de_DE\" \/>\n<meta property=\"og:type\" content=\"article\" \/>\n<meta property=\"og:title\" content=\"Tag der offenen T\u00fcr an der Berufsfachschule f\u00fcr Musik M\u00fcnchen - JazzZeitung\" \/>\n<meta property=\"og:description\" content=\"Am 3. Februar 2018 \u00f6ffnet die staatlich anerkannte Berufsfachschule f\u00fcr Rock, Pop und Jazz in der bayerischen Hauptstadt ihre Pforten f\u00fcr Besucher. Dozenten und Sch\u00fcler liefern bei ihrem Tag der offenen T\u00fcr von 11 bis 14 Uhr verschiedene Einblicke in das Ausbildungsangebot. Interessierte Instrumentalisten und S\u00e4nger k\u00f6nnen sich bis 29. Januar 2018 f\u00fcr ein kurzes Probe-Vorspiel bzw. -Vorsingen anmelden. Die restlichen Programmpunkte stehen ohne Voranmeldung zum kennen lernen offen. Berufsfachschulen f\u00fcr Musik haben eine Sonderstellung im deutschen Bildungssystem: Sie gibt es nur in Bayern. Das M\u00fcnchner Institut hat die Erfahrung gemacht, dass es zu dieser Form der staatlichen Musikerausbildung deshalb besonders viele Fragen gibt: Was ist der Unterschied zu einem Hochschulstudium? Welche Zielsetzungen hat die Ausbildung? Was muss ich f\u00fcr die Aufnahmepr\u00fcfung\u00a0 k\u00f6nnen? Wie sehen die beruflichen M\u00f6glichkeiten danach aus? Antworten darauf m\u00f6chte die Berufsfachschule des Neue Jazzschool M\u00fcnchen e.V. bei ihrem Infotag geben. Wie der musiktheoretische Teil der Aufnahmepr\u00fcfung abl\u00e4uft, erfahren Interessenten bei einem kurzen schriftlichen Test. Nach dem offiziellen Programm k\u00f6nnen Besucher auch ihre F\u00e4higkeiten f\u00fcr die praktische Aufnahmepr\u00fcfung von Berufsfachschul-Dozent einsch\u00e4tzen lassen. Dazu ist eine rechtzeitige Anmeldung unter mail@jazzschool.de erforderlich. Dar\u00fcber hinaus &hellip;\" \/>\n<meta property=\"og:url\" content=\"https:\/\/www.jazzzeitung.de\/cms\/2018\/01\/tag-der-offenen-tuer-an-der-berufsfachschule-fuer-musik-muenchen\/\" \/>\n<meta property=\"og:site_name\" content=\"JazzZeitung\" \/>\n<meta property=\"article:publisher\" content=\"https:\/\/www.facebook.com\/JazzZeitung\/\" \/>\n<meta property=\"article:published_time\" content=\"2018-01-12T15:16:50+00:00\" \/>\n<meta property=\"article:modified_time\" content=\"2018-01-13T10:46:40+00:00\" \/>\n<meta property=\"og:image\" content=\"https:\/\/www.jazzzeitung.de\/cms\/wp-content\/uploads\/2018\/01\/Bass-Dozenten-Heiko-Jung-Litschie-Hrdlicka-900x596.jpg\" \/>\n\t<meta property=\"og:image:width\" content=\"900\" \/>\n\t<meta property=\"og:image:height\" content=\"596\" \/>\n\t<meta property=\"og:image:type\" content=\"image\/jpeg\" \/>\n<meta name=\"author\" content=\"Redaktion JazzZeitung\" \/>\n<script type=\"application\/ld+json\" class=\"yoast-schema-graph\">{\"@context\":\"https:\\\/\\\/schema.org\",\"@graph\":[{\"@type\":\"Article\",\"@id\":\"https:\\\/\\\/www.jazzzeitung.de\\\/cms\\\/2018\\\/01\\\/tag-der-offenen-tuer-an-der-berufsfachschule-fuer-musik-muenchen\\\/#article\",\"isPartOf\":{\"@id\":\"https:\\\/\\\/www.jazzzeitung.de\\\/cms\\\/2018\\\/01\\\/tag-der-offenen-tuer-an-der-berufsfachschule-fuer-musik-muenchen\\\/\"},\"author\":{\"name\":\"Redaktion JazzZeitung\",\"@id\":\"https:\\\/\\\/www.jazzzeitung.de\\\/cms\\\/#\\\/schema\\\/person\\\/2245b36b9cd1d24cea10f01c031fb92b\"},\"headline\":\"Tag der offenen T\u00fcr an der Berufsfachschule f\u00fcr Musik M\u00fcnchen\",\"datePublished\":\"2018-01-12T15:16:50+00:00\",\"dateModified\":\"2018-01-13T10:46:40+00:00\",\"mainEntityOfPage\":{\"@id\":\"https:\\\/\\\/www.jazzzeitung.de\\\/cms\\\/2018\\\/01\\\/tag-der-offenen-tuer-an-der-berufsfachschule-fuer-musik-muenchen\\\/\"},\"wordCount\":605,\"commentCount\":0,\"publisher\":{\"@id\":\"https:\\\/\\\/www.jazzzeitung.de\\\/cms\\\/#organization\"},\"image\":{\"@id\":\"https:\\\/\\\/www.jazzzeitung.de\\\/cms\\\/2018\\\/01\\\/tag-der-offenen-tuer-an-der-berufsfachschule-fuer-musik-muenchen\\\/#primaryimage\"},\"thumbnailUrl\":\"https:\\\/\\\/i0.wp.com\\\/www.jazzzeitung.de\\\/cms\\\/wp-content\\\/uploads\\\/2018\\\/01\\\/Bass-Dozenten-Heiko-Jung-Litschie-Hrdlicka.jpg?fit=3696%2C2448&ssl=1\",\"keywords\":[\"Ausbildung\",\"Joe Haider\",\"Max Neissendorfer\",\"M\u00fcnchen\",\"Neue Jazzschool M\u00fcnchen\"],\"articleSection\":[\"News\"],\"inLanguage\":\"de\",\"potentialAction\":[{\"@type\":\"CommentAction\",\"name\":\"Comment\",\"target\":[\"https:\\\/\\\/www.jazzzeitung.de\\\/cms\\\/2018\\\/01\\\/tag-der-offenen-tuer-an-der-berufsfachschule-fuer-musik-muenchen\\\/#respond\"]}]},{\"@type\":\"WebPage\",\"@id\":\"https:\\\/\\\/www.jazzzeitung.de\\\/cms\\\/2018\\\/01\\\/tag-der-offenen-tuer-an-der-berufsfachschule-fuer-musik-muenchen\\\/\",\"url\":\"https:\\\/\\\/www.jazzzeitung.de\\\/cms\\\/2018\\\/01\\\/tag-der-offenen-tuer-an-der-berufsfachschule-fuer-musik-muenchen\\\/\",\"name\":\"Tag der offenen T\u00fcr an der Berufsfachschule f\u00fcr Musik M\u00fcnchen - JazzZeitung\",\"isPartOf\":{\"@id\":\"https:\\\/\\\/www.jazzzeitung.de\\\/cms\\\/#website\"},\"primaryImageOfPage\":{\"@id\":\"https:\\\/\\\/www.jazzzeitung.de\\\/cms\\\/2018\\\/01\\\/tag-der-offenen-tuer-an-der-berufsfachschule-fuer-musik-muenchen\\\/#primaryimage\"},\"image\":{\"@id\":\"https:\\\/\\\/www.jazzzeitung.de\\\/cms\\\/2018\\\/01\\\/tag-der-offenen-tuer-an-der-berufsfachschule-fuer-musik-muenchen\\\/#primaryimage\"},\"thumbnailUrl\":\"https:\\\/\\\/i0.wp.com\\\/www.jazzzeitung.de\\\/cms\\\/wp-content\\\/uploads\\\/2018\\\/01\\\/Bass-Dozenten-Heiko-Jung-Litschie-Hrdlicka.jpg?fit=3696%2C2448&ssl=1\",\"datePublished\":\"2018-01-12T15:16:50+00:00\",\"dateModified\":\"2018-01-13T10:46:40+00:00\",\"breadcrumb\":{\"@id\":\"https:\\\/\\\/www.jazzzeitung.de\\\/cms\\\/2018\\\/01\\\/tag-der-offenen-tuer-an-der-berufsfachschule-fuer-musik-muenchen\\\/#breadcrumb\"},\"inLanguage\":\"de\",\"potentialAction\":[{\"@type\":\"ReadAction\",\"target\":[\"https:\\\/\\\/www.jazzzeitung.de\\\/cms\\\/2018\\\/01\\\/tag-der-offenen-tuer-an-der-berufsfachschule-fuer-musik-muenchen\\\/\"]}]},{\"@type\":\"ImageObject\",\"inLanguage\":\"de\",\"@id\":\"https:\\\/\\\/www.jazzzeitung.de\\\/cms\\\/2018\\\/01\\\/tag-der-offenen-tuer-an-der-berufsfachschule-fuer-musik-muenchen\\\/#primaryimage\",\"url\":\"https:\\\/\\\/i0.wp.com\\\/www.jazzzeitung.de\\\/cms\\\/wp-content\\\/uploads\\\/2018\\\/01\\\/Bass-Dozenten-Heiko-Jung-Litschie-Hrdlicka.jpg?fit=3696%2C2448&ssl=1\",\"contentUrl\":\"https:\\\/\\\/i0.wp.com\\\/www.jazzzeitung.de\\\/cms\\\/wp-content\\\/uploads\\\/2018\\\/01\\\/Bass-Dozenten-Heiko-Jung-Litschie-Hrdlicka.jpg?fit=3696%2C2448&ssl=1\",\"width\":3696,\"height\":2448,\"caption\":\"Die Bass-Dozenten Litschie Hrdlicka und Heiko Jung stellen ihren Unterricht vor. Foto: Neue Jazzschool M\u00fcnchen e.V.\"},{\"@type\":\"BreadcrumbList\",\"@id\":\"https:\\\/\\\/www.jazzzeitung.de\\\/cms\\\/2018\\\/01\\\/tag-der-offenen-tuer-an-der-berufsfachschule-fuer-musik-muenchen\\\/#breadcrumb\",\"itemListElement\":[{\"@type\":\"ListItem\",\"position\":1,\"name\":\"Startseite\",\"item\":\"https:\\\/\\\/www.jazzzeitung.de\\\/cms\\\/\"},{\"@type\":\"ListItem\",\"position\":2,\"name\":\"Tag der offenen T\u00fcr an der Berufsfachschule f\u00fcr Musik M\u00fcnchen\"}]},{\"@type\":\"WebSite\",\"@id\":\"https:\\\/\\\/www.jazzzeitung.de\\\/cms\\\/#website\",\"url\":\"https:\\\/\\\/www.jazzzeitung.de\\\/cms\\\/\",\"name\":\"JazzZeitung\",\"description\":\"Jazz-News und Jazz-Kontroverses\",\"publisher\":{\"@id\":\"https:\\\/\\\/www.jazzzeitung.de\\\/cms\\\/#organization\"},\"potentialAction\":[{\"@type\":\"SearchAction\",\"target\":{\"@type\":\"EntryPoint\",\"urlTemplate\":\"https:\\\/\\\/www.jazzzeitung.de\\\/cms\\\/?s={search_term_string}\"},\"query-input\":{\"@type\":\"PropertyValueSpecification\",\"valueRequired\":true,\"valueName\":\"search_term_string\"}}],\"inLanguage\":\"de\"},{\"@type\":\"Organization\",\"@id\":\"https:\\\/\\\/www.jazzzeitung.de\\\/cms\\\/#organization\",\"name\":\"JazzZeitung online\",\"url\":\"https:\\\/\\\/www.jazzzeitung.de\\\/cms\\\/\",\"logo\":{\"@type\":\"ImageObject\",\"inLanguage\":\"de\",\"@id\":\"https:\\\/\\\/www.jazzzeitung.de\\\/cms\\\/#\\\/schema\\\/logo\\\/image\\\/\",\"url\":\"https:\\\/\\\/i0.wp.com\\\/www.jazzzeitung.de\\\/cms\\\/wp-content\\\/uploads\\\/2015\\\/08\\\/JAZZZEITUNGDE_Logo_Neu.png?fit=499%2C200&ssl=1\",\"contentUrl\":\"https:\\\/\\\/i0.wp.com\\\/www.jazzzeitung.de\\\/cms\\\/wp-content\\\/uploads\\\/2015\\\/08\\\/JAZZZEITUNGDE_Logo_Neu.png?fit=499%2C200&ssl=1\",\"width\":499,\"height\":200,\"caption\":\"JazzZeitung online\"},\"image\":{\"@id\":\"https:\\\/\\\/www.jazzzeitung.de\\\/cms\\\/#\\\/schema\\\/logo\\\/image\\\/\"},\"sameAs\":[\"https:\\\/\\\/www.facebook.com\\\/JazzZeitung\\\/\"]},{\"@type\":\"Person\",\"@id\":\"https:\\\/\\\/www.jazzzeitung.de\\\/cms\\\/#\\\/schema\\\/person\\\/2245b36b9cd1d24cea10f01c031fb92b\",\"name\":\"Redaktion JazzZeitung\",\"image\":{\"@type\":\"ImageObject\",\"inLanguage\":\"de\",\"@id\":\"https:\\\/\\\/i0.wp.com\\\/www.jazzzeitung.de\\\/cms\\\/wp-content\\\/uploads\\\/2015\\\/08\\\/JAZZZEITUNGDE_Logo_Neu.png?resize=96%2C96&ssl=159975dcacb611b5700bd619b5daf0a7a\",\"url\":\"https:\\\/\\\/i0.wp.com\\\/www.jazzzeitung.de\\\/cms\\\/wp-content\\\/uploads\\\/2015\\\/08\\\/JAZZZEITUNGDE_Logo_Neu.png?resize=96%2C96&ssl=1\",\"contentUrl\":\"https:\\\/\\\/i0.wp.com\\\/www.jazzzeitung.de\\\/cms\\\/wp-content\\\/uploads\\\/2015\\\/08\\\/JAZZZEITUNGDE_Logo_Neu.png?resize=96%2C96&ssl=1\",\"caption\":\"Redaktion JazzZeitung\"},\"description\":\"Artikel der Redaktion der JazzZeitung.\",\"sameAs\":[\"http:\\\/\\\/www.jazzzeitung.de\\\/cms\\\/\"],\"url\":\"https:\\\/\\\/www.jazzzeitung.de\\\/cms\\\/author\\\/redaktion\\\/\"}]}<\/script>\n<!-- \/ Yoast SEO plugin. -->","yoast_head_json":{"title":"Tag der offenen T\u00fcr an der Berufsfachschule f\u00fcr Musik M\u00fcnchen - JazzZeitung","robots":{"index":"index","follow":"follow","max-snippet":"max-snippet:-1","max-image-preview":"max-image-preview:large","max-video-preview":"max-video-preview:-1"},"canonical":"https:\/\/www.jazzzeitung.de\/cms\/2018\/01\/tag-der-offenen-tuer-an-der-berufsfachschule-fuer-musik-muenchen\/","og_locale":"de_DE","og_type":"article","og_title":"Tag der offenen T\u00fcr an der Berufsfachschule f\u00fcr Musik M\u00fcnchen - JazzZeitung","og_description":"Am 3. Februar 2018 \u00f6ffnet die staatlich anerkannte Berufsfachschule f\u00fcr Rock, Pop und Jazz in der bayerischen Hauptstadt ihre Pforten f\u00fcr Besucher. Dozenten und Sch\u00fcler liefern bei ihrem Tag der offenen T\u00fcr von 11 bis 14 Uhr verschiedene Einblicke in das Ausbildungsangebot. Interessierte Instrumentalisten und S\u00e4nger k\u00f6nnen sich bis 29. Januar 2018 f\u00fcr ein kurzes Probe-Vorspiel bzw. -Vorsingen anmelden. Die restlichen Programmpunkte stehen ohne Voranmeldung zum kennen lernen offen. Berufsfachschulen f\u00fcr Musik haben eine Sonderstellung im deutschen Bildungssystem: Sie gibt es nur in Bayern. Das M\u00fcnchner Institut hat die Erfahrung gemacht, dass es zu dieser Form der staatlichen Musikerausbildung deshalb besonders viele Fragen gibt: Was ist der Unterschied zu einem Hochschulstudium? Welche Zielsetzungen hat die Ausbildung? Was muss ich f\u00fcr die Aufnahmepr\u00fcfung\u00a0 k\u00f6nnen? Wie sehen die beruflichen M\u00f6glichkeiten danach aus? Antworten darauf m\u00f6chte die Berufsfachschule des Neue Jazzschool M\u00fcnchen e.V. bei ihrem Infotag geben. Wie der musiktheoretische Teil der Aufnahmepr\u00fcfung abl\u00e4uft, erfahren Interessenten bei einem kurzen schriftlichen Test. Nach dem offiziellen Programm k\u00f6nnen Besucher auch ihre F\u00e4higkeiten f\u00fcr die praktische Aufnahmepr\u00fcfung von Berufsfachschul-Dozent einsch\u00e4tzen lassen. Dazu ist eine rechtzeitige Anmeldung unter mail@jazzschool.de erforderlich. Dar\u00fcber hinaus &hellip;","og_url":"https:\/\/www.jazzzeitung.de\/cms\/2018\/01\/tag-der-offenen-tuer-an-der-berufsfachschule-fuer-musik-muenchen\/","og_site_name":"JazzZeitung","article_publisher":"https:\/\/www.facebook.com\/JazzZeitung\/","article_published_time":"2018-01-12T15:16:50+00:00","article_modified_time":"2018-01-13T10:46:40+00:00","og_image":[{"width":900,"height":596,"url":"https:\/\/www.jazzzeitung.de\/cms\/wp-content\/uploads\/2018\/01\/Bass-Dozenten-Heiko-Jung-Litschie-Hrdlicka-900x596.jpg","type":"image\/jpeg"}],"author":"Redaktion JazzZeitung","schema":{"@context":"https:\/\/schema.org","@graph":[{"@type":"Article","@id":"https:\/\/www.jazzzeitung.de\/cms\/2018\/01\/tag-der-offenen-tuer-an-der-berufsfachschule-fuer-musik-muenchen\/#article","isPartOf":{"@id":"https:\/\/www.jazzzeitung.de\/cms\/2018\/01\/tag-der-offenen-tuer-an-der-berufsfachschule-fuer-musik-muenchen\/"},"author":{"name":"Redaktion JazzZeitung","@id":"https:\/\/www.jazzzeitung.de\/cms\/#\/schema\/person\/2245b36b9cd1d24cea10f01c031fb92b"},"headline":"Tag der offenen T\u00fcr an der Berufsfachschule f\u00fcr Musik M\u00fcnchen","datePublished":"2018-01-12T15:16:50+00:00","dateModified":"2018-01-13T10:46:40+00:00","mainEntityOfPage":{"@id":"https:\/\/www.jazzzeitung.de\/cms\/2018\/01\/tag-der-offenen-tuer-an-der-berufsfachschule-fuer-musik-muenchen\/"},"wordCount":605,"commentCount":0,"publisher":{"@id":"https:\/\/www.jazzzeitung.de\/cms\/#organization"},"image":{"@id":"https:\/\/www.jazzzeitung.de\/cms\/2018\/01\/tag-der-offenen-tuer-an-der-berufsfachschule-fuer-musik-muenchen\/#primaryimage"},"thumbnailUrl":"https:\/\/i0.wp.com\/www.jazzzeitung.de\/cms\/wp-content\/uploads\/2018\/01\/Bass-Dozenten-Heiko-Jung-Litschie-Hrdlicka.jpg?fit=3696%2C2448&ssl=1","keywords":["Ausbildung","Joe Haider","Max Neissendorfer","M\u00fcnchen","Neue Jazzschool M\u00fcnchen"],"articleSection":["News"],"inLanguage":"de","potentialAction":[{"@type":"CommentAction","name":"Comment","target":["https:\/\/www.jazzzeitung.de\/cms\/2018\/01\/tag-der-offenen-tuer-an-der-berufsfachschule-fuer-musik-muenchen\/#respond"]}]},{"@type":"WebPage","@id":"https:\/\/www.jazzzeitung.de\/cms\/2018\/01\/tag-der-offenen-tuer-an-der-berufsfachschule-fuer-musik-muenchen\/","url":"https:\/\/www.jazzzeitung.de\/cms\/2018\/01\/tag-der-offenen-tuer-an-der-berufsfachschule-fuer-musik-muenchen\/","name":"Tag der offenen T\u00fcr an der Berufsfachschule f\u00fcr Musik M\u00fcnchen - JazzZeitung","isPartOf":{"@id":"https:\/\/www.jazzzeitung.de\/cms\/#website"},"primaryImageOfPage":{"@id":"https:\/\/www.jazzzeitung.de\/cms\/2018\/01\/tag-der-offenen-tuer-an-der-berufsfachschule-fuer-musik-muenchen\/#primaryimage"},"image":{"@id":"https:\/\/www.jazzzeitung.de\/cms\/2018\/01\/tag-der-offenen-tuer-an-der-berufsfachschule-fuer-musik-muenchen\/#primaryimage"},"thumbnailUrl":"https:\/\/i0.wp.com\/www.jazzzeitung.de\/cms\/wp-content\/uploads\/2018\/01\/Bass-Dozenten-Heiko-Jung-Litschie-Hrdlicka.jpg?fit=3696%2C2448&ssl=1","datePublished":"2018-01-12T15:16:50+00:00","dateModified":"2018-01-13T10:46:40+00:00","breadcrumb":{"@id":"https:\/\/www.jazzzeitung.de\/cms\/2018\/01\/tag-der-offenen-tuer-an-der-berufsfachschule-fuer-musik-muenchen\/#breadcrumb"},"inLanguage":"de","potentialAction":[{"@type":"ReadAction","target":["https:\/\/www.jazzzeitung.de\/cms\/2018\/01\/tag-der-offenen-tuer-an-der-berufsfachschule-fuer-musik-muenchen\/"]}]},{"@type":"ImageObject","inLanguage":"de","@id":"https:\/\/www.jazzzeitung.de\/cms\/2018\/01\/tag-der-offenen-tuer-an-der-berufsfachschule-fuer-musik-muenchen\/#primaryimage","url":"https:\/\/i0.wp.com\/www.jazzzeitung.de\/cms\/wp-content\/uploads\/2018\/01\/Bass-Dozenten-Heiko-Jung-Litschie-Hrdlicka.jpg?fit=3696%2C2448&ssl=1","contentUrl":"https:\/\/i0.wp.com\/www.jazzzeitung.de\/cms\/wp-content\/uploads\/2018\/01\/Bass-Dozenten-Heiko-Jung-Litschie-Hrdlicka.jpg?fit=3696%2C2448&ssl=1","width":3696,"height":2448,"caption":"Die Bass-Dozenten Litschie Hrdlicka und Heiko Jung stellen ihren Unterricht vor. Foto: Neue Jazzschool M\u00fcnchen e.V."},{"@type":"BreadcrumbList","@id":"https:\/\/www.jazzzeitung.de\/cms\/2018\/01\/tag-der-offenen-tuer-an-der-berufsfachschule-fuer-musik-muenchen\/#breadcrumb","itemListElement":[{"@type":"ListItem","position":1,"name":"Startseite","item":"https:\/\/www.jazzzeitung.de\/cms\/"},{"@type":"ListItem","position":2,"name":"Tag der offenen T\u00fcr an der Berufsfachschule f\u00fcr Musik M\u00fcnchen"}]},{"@type":"WebSite","@id":"https:\/\/www.jazzzeitung.de\/cms\/#website","url":"https:\/\/www.jazzzeitung.de\/cms\/","name":"JazzZeitung","description":"Jazz-News und Jazz-Kontroverses","publisher":{"@id":"https:\/\/www.jazzzeitung.de\/cms\/#organization"},"potentialAction":[{"@type":"SearchAction","target":{"@type":"EntryPoint","urlTemplate":"https:\/\/www.jazzzeitung.de\/cms\/?s={search_term_string}"},"query-input":{"@type":"PropertyValueSpecification","valueRequired":true,"valueName":"search_term_string"}}],"inLanguage":"de"},{"@type":"Organization","@id":"https:\/\/www.jazzzeitung.de\/cms\/#organization","name":"JazzZeitung online","url":"https:\/\/www.jazzzeitung.de\/cms\/","logo":{"@type":"ImageObject","inLanguage":"de","@id":"https:\/\/www.jazzzeitung.de\/cms\/#\/schema\/logo\/image\/","url":"https:\/\/i0.wp.com\/www.jazzzeitung.de\/cms\/wp-content\/uploads\/2015\/08\/JAZZZEITUNGDE_Logo_Neu.png?fit=499%2C200&ssl=1","contentUrl":"https:\/\/i0.wp.com\/www.jazzzeitung.de\/cms\/wp-content\/uploads\/2015\/08\/JAZZZEITUNGDE_Logo_Neu.png?fit=499%2C200&ssl=1","width":499,"height":200,"caption":"JazzZeitung online"},"image":{"@id":"https:\/\/www.jazzzeitung.de\/cms\/#\/schema\/logo\/image\/"},"sameAs":["https:\/\/www.facebook.com\/JazzZeitung\/"]},{"@type":"Person","@id":"https:\/\/www.jazzzeitung.de\/cms\/#\/schema\/person\/2245b36b9cd1d24cea10f01c031fb92b","name":"Redaktion JazzZeitung","image":{"@type":"ImageObject","inLanguage":"de","@id":"https:\/\/i0.wp.com\/www.jazzzeitung.de\/cms\/wp-content\/uploads\/2015\/08\/JAZZZEITUNGDE_Logo_Neu.png?resize=96%2C96&ssl=159975dcacb611b5700bd619b5daf0a7a","url":"https:\/\/i0.wp.com\/www.jazzzeitung.de\/cms\/wp-content\/uploads\/2015\/08\/JAZZZEITUNGDE_Logo_Neu.png?resize=96%2C96&ssl=1","contentUrl":"https:\/\/i0.wp.com\/www.jazzzeitung.de\/cms\/wp-content\/uploads\/2015\/08\/JAZZZEITUNGDE_Logo_Neu.png?resize=96%2C96&ssl=1","caption":"Redaktion JazzZeitung"},"description":"Artikel der Redaktion der JazzZeitung.","sameAs":["http:\/\/www.jazzzeitung.de\/cms\/"],"url":"https:\/\/www.jazzzeitung.de\/cms\/author\/redaktion\/"}]}},"wp-worthy-pixel":{"ignored":true,"public":null,"server":null,"url":null},"wp-worthy-type":"normal","jetpack_publicize_connections":[],"cc_featured_image_caption":{"caption_text":"Die Bass-Dozenten Litschie Hrdlicka und Heiko Jung stellen ihren Unterricht vor. Foto: Neue Jazzschool M\u00fcnchen e.V.","source_text":"","source_url":""},"jetpack_featured_media_url":"https:\/\/i0.wp.com\/www.jazzzeitung.de\/cms\/wp-content\/uploads\/2018\/01\/Bass-Dozenten-Heiko-Jung-Litschie-Hrdlicka.jpg?fit=3696%2C2448&ssl=1","jetpack_shortlink":"https:\/\/wp.me\/p3KEcT-3Pm","jetpack-related-posts":[{"id":21280,"url":"https:\/\/www.jazzzeitung.de\/cms\/2019\/11\/tag-der-offenen-tuer-muenchner-berufsfachschule-fuer-rock-pop-und-jazz-stellt-sich-vor\/","url_meta":{"origin":14716,"position":0},"title":"Tag der offenen T\u00fcr: M\u00fcnchner Berufsfachschule f\u00fcr Rock, Pop und Jazz stellt sich vor","author":"Redaktion JazzZeitung","date":"7. November 2019","format":false,"excerpt":"Mit seinen Berufsfachschulen f\u00fcr Musik geht das Bundesland Bayern einen Sonderweg im staatlichen Bildungssystem. Am 25. Januar 2020 zeigt der Neue Jazzschool M\u00fcnchen e.V. bei seinem Tag der offenen T\u00fcr von 11 bis 14 Uhr, was Auszubildende bei diesem Schultyp erwartet. Interessierte Instrumentalisten und S\u00e4nger k\u00f6nnen sich bis 10. Januar\u2026","rel":"","context":"In &quot;News&quot;","block_context":{"text":"News","link":"https:\/\/www.jazzzeitung.de\/cms\/thema\/nachrichten\/"},"img":{"alt_text":"","src":"https:\/\/i0.wp.com\/www.jazzzeitung.de\/cms\/wp-content\/uploads\/2019\/11\/Gitarren-Dozent-Alexander-Jung-Foto_-Friedemann-von-Rechenberg.jpg?fit=1200%2C795&ssl=1&resize=350%2C200","width":350,"height":200,"srcset":"https:\/\/i0.wp.com\/www.jazzzeitung.de\/cms\/wp-content\/uploads\/2019\/11\/Gitarren-Dozent-Alexander-Jung-Foto_-Friedemann-von-Rechenberg.jpg?fit=1200%2C795&ssl=1&resize=350%2C200 1x, https:\/\/i0.wp.com\/www.jazzzeitung.de\/cms\/wp-content\/uploads\/2019\/11\/Gitarren-Dozent-Alexander-Jung-Foto_-Friedemann-von-Rechenberg.jpg?fit=1200%2C795&ssl=1&resize=525%2C300 1.5x, https:\/\/i0.wp.com\/www.jazzzeitung.de\/cms\/wp-content\/uploads\/2019\/11\/Gitarren-Dozent-Alexander-Jung-Foto_-Friedemann-von-Rechenberg.jpg?fit=1200%2C795&ssl=1&resize=700%2C400 2x, https:\/\/i0.wp.com\/www.jazzzeitung.de\/cms\/wp-content\/uploads\/2019\/11\/Gitarren-Dozent-Alexander-Jung-Foto_-Friedemann-von-Rechenberg.jpg?fit=1200%2C795&ssl=1&resize=1050%2C600 3x"},"classes":[]},{"id":23946,"url":"https:\/\/www.jazzzeitung.de\/cms\/2020\/12\/muenchner-berufsfachschule-fuer-musik-oeffnet-digitale-pforten\/","url_meta":{"origin":14716,"position":1},"title":"M\u00fcnchner Berufsfachschule f\u00fcr Musik \u00f6ffnet digitale Pforten","author":"Redaktion JazzZeitung","date":"8. Dezember 2020","format":false,"excerpt":"Der Freistaat Bayern hat den Abschluss seiner Berufsfachschulen f\u00fcr Musik im Herbst 2020 aufgewertet: Absolventen werden jetzt auch befristet als Fachlehrer an Grund-, Mittel- und Realschulen angestellt. Welche anderen Ziele die Vollzeitausbildung zum staatlich gepr\u00fcften Ensembleleiter hat, wie die Ausbildungsinhalte aussehen und die Aufnahmepr\u00fcfung abl\u00e4uft, vermittelt die Berufsfachschule f\u00fcr Rock,\u2026","rel":"","context":"In &quot;News&quot;","block_context":{"text":"News","link":"https:\/\/www.jazzzeitung.de\/cms\/thema\/nachrichten\/"},"img":{"alt_text":"","src":"https:\/\/i0.wp.com\/www.jazzzeitung.de\/cms\/wp-content\/uploads\/2020\/12\/Alexander-von-Hagke-Foto-Friedemann-von-Rechenberg-scaled.jpg?fit=1200%2C795&ssl=1&resize=350%2C200","width":350,"height":200,"srcset":"https:\/\/i0.wp.com\/www.jazzzeitung.de\/cms\/wp-content\/uploads\/2020\/12\/Alexander-von-Hagke-Foto-Friedemann-von-Rechenberg-scaled.jpg?fit=1200%2C795&ssl=1&resize=350%2C200 1x, https:\/\/i0.wp.com\/www.jazzzeitung.de\/cms\/wp-content\/uploads\/2020\/12\/Alexander-von-Hagke-Foto-Friedemann-von-Rechenberg-scaled.jpg?fit=1200%2C795&ssl=1&resize=525%2C300 1.5x, https:\/\/i0.wp.com\/www.jazzzeitung.de\/cms\/wp-content\/uploads\/2020\/12\/Alexander-von-Hagke-Foto-Friedemann-von-Rechenberg-scaled.jpg?fit=1200%2C795&ssl=1&resize=700%2C400 2x, https:\/\/i0.wp.com\/www.jazzzeitung.de\/cms\/wp-content\/uploads\/2020\/12\/Alexander-von-Hagke-Foto-Friedemann-von-Rechenberg-scaled.jpg?fit=1200%2C795&ssl=1&resize=1050%2C600 3x"},"classes":[]},{"id":8405,"url":"https:\/\/www.jazzzeitung.de\/cms\/2016\/02\/tagd\/","url_meta":{"origin":14716,"position":2},"title":"Tag der Offenen T\u00fcr am music college Regensburg","author":"Redaktion JazzZeitung","date":"15. Februar 2016","format":false,"excerpt":"Text und Fotos: Ursula Gaisa - \"Wir bilden Profis aus\" lautet das Motto der anerkannten Berufsfachschule f\u00fcr Pop, Rock und Jazz, dem music college im Lokschuppen in Regensburg. Seit fast 20 Jahren gibt es die Schule jetzt und Anfang Februar lud man - wie jedes Jahr - zum Tag der\u2026","rel":"","context":"In &quot;Galerie&quot;","block_context":{"text":"Galerie","link":"https:\/\/www.jazzzeitung.de\/cms\/thema\/galerie\/"},"img":{"alt_text":"","src":"https:\/\/i0.wp.com\/www.jazzzeitung.de\/cms\/wp-content\/uploads\/2016\/02\/314.jpg?resize=350%2C200","width":350,"height":200,"srcset":"https:\/\/i0.wp.com\/www.jazzzeitung.de\/cms\/wp-content\/uploads\/2016\/02\/314.jpg?resize=350%2C200 1x, https:\/\/i0.wp.com\/www.jazzzeitung.de\/cms\/wp-content\/uploads\/2016\/02\/314.jpg?resize=525%2C300 1.5x, https:\/\/i0.wp.com\/www.jazzzeitung.de\/cms\/wp-content\/uploads\/2016\/02\/314.jpg?resize=700%2C400 2x, https:\/\/i0.wp.com\/www.jazzzeitung.de\/cms\/wp-content\/uploads\/2016\/02\/314.jpg?resize=1050%2C600 3x, https:\/\/i0.wp.com\/www.jazzzeitung.de\/cms\/wp-content\/uploads\/2016\/02\/314.jpg?resize=1400%2C800 4x"},"classes":[]},{"id":23844,"url":"https:\/\/www.jazzzeitung.de\/cms\/2020\/11\/charly-antolini-schenkt-der-neuen-jazzschool-muenchen-ein-stueck-musikgeschichte\/","url_meta":{"origin":14716,"position":3},"title":"Charly Antolini schenkt der Neuen Jazzschool M\u00fcnchen ein St\u00fcck Musikgeschichte","author":"Redaktion JazzZeitung","date":"19. November 2020","format":false,"excerpt":"\u00a0Mit ihm begleitete er den \u201eKing of Swing\u201c Benny Goodman und tourte mit der Lionel Hampton-Big Band \u2013 jetzt bekommen die Drummer von Morgen an der Neuen Jazzschool und deren staatlich anerkannter Berufsfachschule f\u00fcr Musik darauf Unterricht: Der M\u00fcnchner Jazzmusiker Charly Antolini \u00fcbergab dem Pasinger Musikinstitut diese Woche sein Schlagzeug-Set,\u2026","rel":"","context":"In &quot;Bericht&quot;","block_context":{"text":"Bericht","link":"https:\/\/www.jazzzeitung.de\/cms\/thema\/bericht\/"},"img":{"alt_text":"","src":"https:\/\/i0.wp.com\/www.jazzzeitung.de\/cms\/wp-content\/uploads\/2020\/11\/Charly-Antolini-Foto-Andreas-Keller.jpeg?fit=350%2C520&ssl=1&resize=350%2C200","width":350,"height":200},"classes":[]},{"id":17279,"url":"https:\/\/www.jazzzeitung.de\/cms\/2018\/09\/news-weimar-jazzworkshop-und-dozentenkonzert-mit-mister-barrington-und-edit-bunker-jazz-bei-der-8-suedkultur-music-night-in-hamburg-jazzfest-muenchen-in-29-auflage-leipzi\/","url_meta":{"origin":14716,"position":4},"title":"+++ News +++ Weimar: Jazzworkshop und Dozentenkonzert mit &#8222;Mister Barrington&#8220; und &#8222;Edit Bunker&#8220; +++ Jazz bei der 8. S\u00fcdKultur Music Night in Hamburg +++ Jazzfest M\u00fcnchen in 29. Auflage +++Leipziger Jazz-Nachwuchspreis f\u00fcr Pianist Philipp Rumsch +++","author":"Redaktion JazzZeitung","date":"20. September 2018","format":false,"excerpt":"+++ Weimar: Jazzworkshop und Dozentenkonzert mit \"Mister Barrington\" und \"Edit Bunker\" +++ Mit einem Dozentenkonzert er\u00f6ffnet das Jazz-Trio \"Mister Barrington\" am 21. November 2018 im Lichthaus-Kino den 20. Internationalen Jazzmeile-Workshop , der anschlie\u00dfend am 22. und 23. November 2018 in der Franz-Liszt-Hochschule f\u00fcr Musik in Weimar stattfindet. Erst vor zwei\u2026","rel":"","context":"In &quot;News&quot;","block_context":{"text":"News","link":"https:\/\/www.jazzzeitung.de\/cms\/thema\/nachrichten\/"},"img":{"alt_text":"","src":"https:\/\/i0.wp.com\/www.jazzzeitung.de\/cms\/wp-content\/uploads\/2018\/09\/NotReally_BluesBand.jpg?fit=1000%2C667&ssl=1&resize=350%2C200","width":350,"height":200,"srcset":"https:\/\/i0.wp.com\/www.jazzzeitung.de\/cms\/wp-content\/uploads\/2018\/09\/NotReally_BluesBand.jpg?fit=1000%2C667&ssl=1&resize=350%2C200 1x, https:\/\/i0.wp.com\/www.jazzzeitung.de\/cms\/wp-content\/uploads\/2018\/09\/NotReally_BluesBand.jpg?fit=1000%2C667&ssl=1&resize=525%2C300 1.5x, https:\/\/i0.wp.com\/www.jazzzeitung.de\/cms\/wp-content\/uploads\/2018\/09\/NotReally_BluesBand.jpg?fit=1000%2C667&ssl=1&resize=700%2C400 2x"},"classes":[]},{"id":11998,"url":"https:\/\/www.jazzzeitung.de\/cms\/2017\/03\/junger-muenchner-jazzpreis-2017-jetzt-bewerben\/","url_meta":{"origin":14716,"position":5},"title":"Junger M\u00fcnchner Jazzpreis 2017 &#8211; jetzt bewerben!","author":"Redaktion JazzZeitung","date":"20. M\u00e4rz 2017","format":false,"excerpt":"F\u00fcr den Jungen M\u00fcnchner Jazzpreis 2017 sind Bewerbungen von Bands bzw. Musiker(inn)en bis 28 Jahre sind bis zum 1. Juli 2017 (Eingang) herzlich willkommen. Junger M\u00fcnchner Jazzpreis Der Junge M\u00fcnchner Jazzpreis (JMJP) wird 2017 das 5. Mal vergeben. Es ist ein F\u00f6rderpreis von \u201amucjazz - M\u00fcnchner Verein zur F\u00f6rderung von\u2026","rel":"","context":"In &quot;News&quot;","block_context":{"text":"News","link":"https:\/\/www.jazzzeitung.de\/cms\/thema\/nachrichten\/"},"img":{"alt_text":"","src":"","width":0,"height":0},"classes":[]}],"jetpack_sharing_enabled":true,"_links":{"self":[{"href":"https:\/\/www.jazzzeitung.de\/cms\/wp-json\/wp\/v2\/posts\/14716","targetHints":{"allow":["GET"]}}],"collection":[{"href":"https:\/\/www.jazzzeitung.de\/cms\/wp-json\/wp\/v2\/posts"}],"about":[{"href":"https:\/\/www.jazzzeitung.de\/cms\/wp-json\/wp\/v2\/types\/post"}],"author":[{"embeddable":true,"href":"https:\/\/www.jazzzeitung.de\/cms\/wp-json\/wp\/v2\/users\/18"}],"replies":[{"embeddable":true,"href":"https:\/\/www.jazzzeitung.de\/cms\/wp-json\/wp\/v2\/comments?post=14716"}],"version-history":[{"count":6,"href":"https:\/\/www.jazzzeitung.de\/cms\/wp-json\/wp\/v2\/posts\/14716\/revisions"}],"predecessor-version":[{"id":14725,"href":"https:\/\/www.jazzzeitung.de\/cms\/wp-json\/wp\/v2\/posts\/14716\/revisions\/14725"}],"wp:featuredmedia":[{"embeddable":true,"href":"https:\/\/www.jazzzeitung.de\/cms\/wp-json\/wp\/v2\/media\/14718"}],"wp:attachment":[{"href":"https:\/\/www.jazzzeitung.de\/cms\/wp-json\/wp\/v2\/media?parent=14716"}],"wp:term":[{"taxonomy":"category","embeddable":true,"href":"https:\/\/www.jazzzeitung.de\/cms\/wp-json\/wp\/v2\/categories?post=14716"},{"taxonomy":"post_tag","embeddable":true,"href":"https:\/\/www.jazzzeitung.de\/cms\/wp-json\/wp\/v2\/tags?post=14716"},{"taxonomy":"author","embeddable":true,"href":"https:\/\/www.jazzzeitung.de\/cms\/wp-json\/wp\/v2\/coauthors?post=14716"}],"curies":[{"name":"wp","href":"https:\/\/api.w.org\/{rel}","templated":true}]}}