{"id":14710,"date":"2018-01-09T16:15:54","date_gmt":"2018-01-09T15:15:54","guid":{"rendered":"https:\/\/www.jazzzeitung.de\/cms\/?p=14710"},"modified":"2018-01-09T15:23:16","modified_gmt":"2018-01-09T14:23:16","slug":"einzigartiges-jubilaeum-50-swr-newjazz-meeting","status":"publish","type":"post","link":"https:\/\/www.jazzzeitung.de\/cms\/2018\/01\/einzigartiges-jubilaeum-50-swr-newjazz-meeting\/","title":{"rendered":"Zum 50. SWR NEWJazz Meeting: Seltene Aufnahmen mit Jazz Stars aus dem Archiv im TV"},"content":{"rendered":"<table width=\"0\">\n<tbody>\n<tr>\n<td>\n<h3><strong>Filmische Collage: \u201eAll der Jazz \u2013 50. SWR NEWJazz Meeting\u201c<br \/>\n<\/strong><\/h3>\n<h3><strong> 14. Januar, 9:15 Uhr, SWR Fernsehen<\/strong><\/h3>\n<p>Das SWR NEWJazz Meeting ist seit 1966 eine k\u00fcnstlerische Forschungsstation in Sachen improvisierter Musik. V\u00f6llig unterschiedliche Musiker, die zuvor noch nie zusammen gespielt haben, erarbeiten in einem mehrt\u00e4tigen Prozess beim SWR ein gemeinsames Programm, das sie anschlie\u00dfend auf Konzerten im Sendegebiet pr\u00e4sentieren. In seiner filmischen Collage \u201eAll der Jazz \u2013 50. SWR NEWJazz Meeting\u201c zeigt Andreas Ammer in 50 vielf\u00e4ltigen Kapiteln die Geschichte des Jazz, die auch die Geschichte des SWR NEWJazz Meetings ist. Musiker der ersten Stunde wie Manfred Schoof, Clara Bley, Barbara Dennerlein, Jasper van\u2019t Hof, und Eberhard Weber erinnern sich an ihre Auftritte \u2013 und daran, was alles in f\u00fcnf Jahrzehnten im Jazz passiert ist. Zu sehen sind intime Einblicke in den Probenbetrieb von damals und heute sowie seltene SWR Archivaufnahmen. Ausstrahlung am Sonntag, 14. Januar, um 9:15 Uhr im Rahmen der Kulturmatin\u00e9e im SWR Fernsehen.<\/p>\n<p><strong>Sprungbrett und Impulsgeber der europ\u00e4ischen Jazz-Szene<\/strong><\/p>\n<p>Gegr\u00fcndet wurde das \u201eFree Jazz Meeting\u201c, wie es damals noch hie\u00df, 1966 von Joachim-Ernst Berendt, dem Jazzredakteur des ehemaligen S\u00fcdwestfunks. Bis heute erm\u00f6glichte diese in der Jazzwelt einmalige Institution zahlreiche dauerhafte Verbindungen zwischen Jazzk\u00fcnstlern. Au\u00dferdem ist das Meeting ein wichtiges Sprungbrett f\u00fcr junge, aufstrebende Jazzmusiker. So nahm beispielsweise beim Vocal-Summit 1980 ein damals v\u00f6llig unbekannter S\u00e4nger teil und erlebte von hier aus seinen Aufstieg in den Vokal-Olymp: Bobby McFerrin. Das SWR NEWJazz Meeting war schon immer mehr als nur ein zwangloses \u201eCome Together\u201c. Die Musiker nutzten die Gelegenheit, im radiophonen Kontext Konzepte zu entwickeln, f\u00fcr die in der von Konventionen gepr\u00e4gten Jazz-Szene nur wenig Platz war. So wurde das SWR NEWJazz Meeting schnell zum Katalysator f\u00fcr sich anbahnende Entwicklungen sowie zum Impulsgeber f\u00fcr die vielf\u00e4ltigen Entwicklungen des sich emanzipierenden europ\u00e4ischen Jazz: Hier zeigten sich besonders fr\u00fch die Trends, die f\u00fcr eine kreative \u00d6ffnung des Jazz zur gro\u00dfen nichtwestlichen Musikkultur sorgten. Kurator des Jubil\u00e4ums-Meetings ist der junge brasilianische Gitarrist Pedro Martins. \u201eAll der Jazz\u201c l\u00e4sst dazu in aktuellen Interviews Dieter Ilg, Barbara Dennerlein, Rabih Abou-Khalil, Renaud Garcia-Fons und viele weitere K\u00fcnstlerinnen und K\u00fcnstler zu Wort kommen.<\/p>\n<p>Der Film ist nach Ausstrahlung in der SWR Mediathek unter <a href=\"http:\/\/www.swrmediathek.de\">www.swrmediathek.de<\/a> verf\u00fcgbar.<\/td>\n<\/tr>\n<tr>\n<td><\/td>\n<\/tr>\n<\/tbody>\n<\/table>\n","protected":false},"excerpt":{"rendered":"<p>Filmische Collage: \u201eAll der Jazz \u2013 50. SWR NEWJazz Meeting\u201c 14. Januar, 9:15 Uhr, SWR Fernsehen Das SWR NEWJazz Meeting ist seit 1966 eine k\u00fcnstlerische Forschungsstation in Sachen improvisierter Musik. V\u00f6llig unterschiedliche Musiker, die zuvor noch nie zusammen gespielt haben, erarbeiten in einem mehrt\u00e4tigen Prozess beim SWR ein gemeinsames Programm, das sie anschlie\u00dfend auf Konzerten im Sendegebiet pr\u00e4sentieren. In seiner filmischen Collage \u201eAll der Jazz \u2013 50. SWR NEWJazz Meeting\u201c zeigt Andreas Ammer in 50 vielf\u00e4ltigen Kapiteln die Geschichte des Jazz, die auch die Geschichte des SWR NEWJazz Meetings ist. Musiker der ersten Stunde wie Manfred Schoof, Clara Bley, Barbara Dennerlein, Jasper van\u2019t Hof, und Eberhard Weber erinnern sich an ihre Auftritte \u2013 und daran, was alles in f\u00fcnf Jahrzehnten im Jazz passiert ist. Zu sehen sind intime Einblicke in den Probenbetrieb von damals und heute sowie seltene SWR Archivaufnahmen. Ausstrahlung am Sonntag, 14. Januar, um 9:15 Uhr im Rahmen der Kulturmatin\u00e9e im SWR Fernsehen. Sprungbrett und Impulsgeber der europ\u00e4ischen Jazz-Szene Gegr\u00fcndet wurde das \u201eFree Jazz Meeting\u201c, wie es damals noch hie\u00df, 1966 von Joachim-Ernst Berendt, dem Jazzredakteur des ehemaligen S\u00fcdwestfunks. Bis heute erm\u00f6glichte diese &hellip;<\/p>\n","protected":false},"author":18,"featured_media":14711,"comment_status":"open","ping_status":"closed","sticky":false,"template":"","format":"standard","meta":{"_jetpack_memberships_contains_paid_content":false,"footnotes":"","jetpack_publicize_message":"","jetpack_publicize_feature_enabled":true,"jetpack_social_post_already_shared":false,"jetpack_social_options":{"image_generator_settings":{"template":"highway","default_image_id":0,"font":"","enabled":false},"version":2}},"categories":[1053,633],"tags":[1259,1351,754,198,1876,281,10,373,1769,496,1398,1625,562],"coauthors":[695],"class_list":["post-14710","post","type-post","status-publish","format-standard","has-post-thumbnail","hentry","category-bericht","category-nachrichten","tag-barbara-dennerlein","tag-film","tag-free-jazz","tag-geschichte","tag-jazz","tag-jazzmusiker","tag-jubilaeum","tag-manfred-schoof","tag-pedro-martins","tag-sendung","tag-swr","tag-swr-newjazz-meeting","tag-tv"],"yoast_head":"<!-- This site is optimized with the Yoast SEO plugin v27.4 - https:\/\/yoast.com\/product\/yoast-seo-wordpress\/ -->\n<title>Zum 50. SWR NEWJazz Meeting: Seltene Aufnahmen mit Jazz Stars aus dem Archiv im TV - JazzZeitung<\/title>\n<meta name=\"robots\" content=\"index, follow, max-snippet:-1, max-image-preview:large, max-video-preview:-1\" \/>\n<link rel=\"canonical\" href=\"https:\/\/www.jazzzeitung.de\/cms\/2018\/01\/einzigartiges-jubilaeum-50-swr-newjazz-meeting\/\" \/>\n<meta property=\"og:locale\" content=\"de_DE\" \/>\n<meta property=\"og:type\" content=\"article\" \/>\n<meta property=\"og:title\" content=\"Zum 50. SWR NEWJazz Meeting: Seltene Aufnahmen mit Jazz Stars aus dem Archiv im TV - JazzZeitung\" \/>\n<meta property=\"og:description\" content=\"Filmische Collage: \u201eAll der Jazz \u2013 50. SWR NEWJazz Meeting\u201c 14. Januar, 9:15 Uhr, SWR Fernsehen Das SWR NEWJazz Meeting ist seit 1966 eine k\u00fcnstlerische Forschungsstation in Sachen improvisierter Musik. V\u00f6llig unterschiedliche Musiker, die zuvor noch nie zusammen gespielt haben, erarbeiten in einem mehrt\u00e4tigen Prozess beim SWR ein gemeinsames Programm, das sie anschlie\u00dfend auf Konzerten im Sendegebiet pr\u00e4sentieren. In seiner filmischen Collage \u201eAll der Jazz \u2013 50. SWR NEWJazz Meeting\u201c zeigt Andreas Ammer in 50 vielf\u00e4ltigen Kapiteln die Geschichte des Jazz, die auch die Geschichte des SWR NEWJazz Meetings ist. Musiker der ersten Stunde wie Manfred Schoof, Clara Bley, Barbara Dennerlein, Jasper van\u2019t Hof, und Eberhard Weber erinnern sich an ihre Auftritte \u2013 und daran, was alles in f\u00fcnf Jahrzehnten im Jazz passiert ist. Zu sehen sind intime Einblicke in den Probenbetrieb von damals und heute sowie seltene SWR Archivaufnahmen. Ausstrahlung am Sonntag, 14. Januar, um 9:15 Uhr im Rahmen der Kulturmatin\u00e9e im SWR Fernsehen. Sprungbrett und Impulsgeber der europ\u00e4ischen Jazz-Szene Gegr\u00fcndet wurde das \u201eFree Jazz Meeting\u201c, wie es damals noch hie\u00df, 1966 von Joachim-Ernst Berendt, dem Jazzredakteur des ehemaligen S\u00fcdwestfunks. Bis heute erm\u00f6glichte diese &hellip;\" \/>\n<meta property=\"og:url\" content=\"https:\/\/www.jazzzeitung.de\/cms\/2018\/01\/einzigartiges-jubilaeum-50-swr-newjazz-meeting\/\" \/>\n<meta property=\"og:site_name\" content=\"JazzZeitung\" \/>\n<meta property=\"article:publisher\" content=\"https:\/\/www.facebook.com\/JazzZeitung\/\" \/>\n<meta property=\"article:published_time\" content=\"2018-01-09T15:15:54+00:00\" \/>\n<meta property=\"og:image\" content=\"https:\/\/i0.wp.com\/www.jazzzeitung.de\/cms\/wp-content\/uploads\/2018\/01\/3_50_Jahre_NEWJazz_Meeting_SG1.jpg?fit=1408%2C792&ssl=1\" \/>\n\t<meta property=\"og:image:width\" content=\"1408\" \/>\n\t<meta property=\"og:image:height\" content=\"792\" \/>\n\t<meta property=\"og:image:type\" content=\"image\/jpeg\" \/>\n<meta name=\"author\" content=\"Redaktion JazzZeitung\" \/>\n<script type=\"application\/ld+json\" class=\"yoast-schema-graph\">{\"@context\":\"https:\\\/\\\/schema.org\",\"@graph\":[{\"@type\":\"Article\",\"@id\":\"https:\\\/\\\/www.jazzzeitung.de\\\/cms\\\/2018\\\/01\\\/einzigartiges-jubilaeum-50-swr-newjazz-meeting\\\/#article\",\"isPartOf\":{\"@id\":\"https:\\\/\\\/www.jazzzeitung.de\\\/cms\\\/2018\\\/01\\\/einzigartiges-jubilaeum-50-swr-newjazz-meeting\\\/\"},\"author\":{\"name\":\"Redaktion JazzZeitung\",\"@id\":\"https:\\\/\\\/www.jazzzeitung.de\\\/cms\\\/#\\\/schema\\\/person\\\/2245b36b9cd1d24cea10f01c031fb92b\"},\"headline\":\"Zum 50. SWR NEWJazz Meeting: Seltene Aufnahmen mit Jazz Stars aus dem Archiv im TV\",\"datePublished\":\"2018-01-09T15:15:54+00:00\",\"mainEntityOfPage\":{\"@id\":\"https:\\\/\\\/www.jazzzeitung.de\\\/cms\\\/2018\\\/01\\\/einzigartiges-jubilaeum-50-swr-newjazz-meeting\\\/\"},\"wordCount\":393,\"commentCount\":0,\"publisher\":{\"@id\":\"https:\\\/\\\/www.jazzzeitung.de\\\/cms\\\/#organization\"},\"image\":{\"@id\":\"https:\\\/\\\/www.jazzzeitung.de\\\/cms\\\/2018\\\/01\\\/einzigartiges-jubilaeum-50-swr-newjazz-meeting\\\/#primaryimage\"},\"thumbnailUrl\":\"https:\\\/\\\/i0.wp.com\\\/www.jazzzeitung.de\\\/cms\\\/wp-content\\\/uploads\\\/2018\\\/01\\\/3_50_Jahre_NEWJazz_Meeting_SG1.jpg?fit=1408%2C792&ssl=1\",\"keywords\":[\"Barbara Dennerlein\",\"Film\",\"Free Jazz\",\"Geschichte\",\"Jazz\",\"Jazzmusiker\",\"Jubil\u00e4um\",\"Manfred Schoof\",\"Pedro Martins\",\"Sendung\",\"SWR\",\"SWR NEWJazz Meeting\",\"TV\"],\"articleSection\":[\"Bericht\",\"News\"],\"inLanguage\":\"de\",\"potentialAction\":[{\"@type\":\"CommentAction\",\"name\":\"Comment\",\"target\":[\"https:\\\/\\\/www.jazzzeitung.de\\\/cms\\\/2018\\\/01\\\/einzigartiges-jubilaeum-50-swr-newjazz-meeting\\\/#respond\"]}]},{\"@type\":\"WebPage\",\"@id\":\"https:\\\/\\\/www.jazzzeitung.de\\\/cms\\\/2018\\\/01\\\/einzigartiges-jubilaeum-50-swr-newjazz-meeting\\\/\",\"url\":\"https:\\\/\\\/www.jazzzeitung.de\\\/cms\\\/2018\\\/01\\\/einzigartiges-jubilaeum-50-swr-newjazz-meeting\\\/\",\"name\":\"Zum 50. SWR NEWJazz Meeting: Seltene Aufnahmen mit Jazz Stars aus dem Archiv im TV - JazzZeitung\",\"isPartOf\":{\"@id\":\"https:\\\/\\\/www.jazzzeitung.de\\\/cms\\\/#website\"},\"primaryImageOfPage\":{\"@id\":\"https:\\\/\\\/www.jazzzeitung.de\\\/cms\\\/2018\\\/01\\\/einzigartiges-jubilaeum-50-swr-newjazz-meeting\\\/#primaryimage\"},\"image\":{\"@id\":\"https:\\\/\\\/www.jazzzeitung.de\\\/cms\\\/2018\\\/01\\\/einzigartiges-jubilaeum-50-swr-newjazz-meeting\\\/#primaryimage\"},\"thumbnailUrl\":\"https:\\\/\\\/i0.wp.com\\\/www.jazzzeitung.de\\\/cms\\\/wp-content\\\/uploads\\\/2018\\\/01\\\/3_50_Jahre_NEWJazz_Meeting_SG1.jpg?fit=1408%2C792&ssl=1\",\"datePublished\":\"2018-01-09T15:15:54+00:00\",\"breadcrumb\":{\"@id\":\"https:\\\/\\\/www.jazzzeitung.de\\\/cms\\\/2018\\\/01\\\/einzigartiges-jubilaeum-50-swr-newjazz-meeting\\\/#breadcrumb\"},\"inLanguage\":\"de\",\"potentialAction\":[{\"@type\":\"ReadAction\",\"target\":[\"https:\\\/\\\/www.jazzzeitung.de\\\/cms\\\/2018\\\/01\\\/einzigartiges-jubilaeum-50-swr-newjazz-meeting\\\/\"]}]},{\"@type\":\"ImageObject\",\"inLanguage\":\"de\",\"@id\":\"https:\\\/\\\/www.jazzzeitung.de\\\/cms\\\/2018\\\/01\\\/einzigartiges-jubilaeum-50-swr-newjazz-meeting\\\/#primaryimage\",\"url\":\"https:\\\/\\\/i0.wp.com\\\/www.jazzzeitung.de\\\/cms\\\/wp-content\\\/uploads\\\/2018\\\/01\\\/3_50_Jahre_NEWJazz_Meeting_SG1.jpg?fit=1408%2C792&ssl=1\",\"contentUrl\":\"https:\\\/\\\/i0.wp.com\\\/www.jazzzeitung.de\\\/cms\\\/wp-content\\\/uploads\\\/2018\\\/01\\\/3_50_Jahre_NEWJazz_Meeting_SG1.jpg?fit=1408%2C792&ssl=1\",\"width\":1408,\"height\":792,\"caption\":\"SWR NEWJazz Meeting 1982 mit Vocal Summit, hier: Bobby McFerrin, Urszula Dudziak. Foto: SWR\\\/Klaus M\u00fcmpfer\"},{\"@type\":\"BreadcrumbList\",\"@id\":\"https:\\\/\\\/www.jazzzeitung.de\\\/cms\\\/2018\\\/01\\\/einzigartiges-jubilaeum-50-swr-newjazz-meeting\\\/#breadcrumb\",\"itemListElement\":[{\"@type\":\"ListItem\",\"position\":1,\"name\":\"Startseite\",\"item\":\"https:\\\/\\\/www.jazzzeitung.de\\\/cms\\\/\"},{\"@type\":\"ListItem\",\"position\":2,\"name\":\"Zum 50. SWR NEWJazz Meeting: Seltene Aufnahmen mit Jazz Stars aus dem Archiv im TV\"}]},{\"@type\":\"WebSite\",\"@id\":\"https:\\\/\\\/www.jazzzeitung.de\\\/cms\\\/#website\",\"url\":\"https:\\\/\\\/www.jazzzeitung.de\\\/cms\\\/\",\"name\":\"JazzZeitung\",\"description\":\"Jazz-News und Jazz-Kontroverses\",\"publisher\":{\"@id\":\"https:\\\/\\\/www.jazzzeitung.de\\\/cms\\\/#organization\"},\"potentialAction\":[{\"@type\":\"SearchAction\",\"target\":{\"@type\":\"EntryPoint\",\"urlTemplate\":\"https:\\\/\\\/www.jazzzeitung.de\\\/cms\\\/?s={search_term_string}\"},\"query-input\":{\"@type\":\"PropertyValueSpecification\",\"valueRequired\":true,\"valueName\":\"search_term_string\"}}],\"inLanguage\":\"de\"},{\"@type\":\"Organization\",\"@id\":\"https:\\\/\\\/www.jazzzeitung.de\\\/cms\\\/#organization\",\"name\":\"JazzZeitung online\",\"url\":\"https:\\\/\\\/www.jazzzeitung.de\\\/cms\\\/\",\"logo\":{\"@type\":\"ImageObject\",\"inLanguage\":\"de\",\"@id\":\"https:\\\/\\\/www.jazzzeitung.de\\\/cms\\\/#\\\/schema\\\/logo\\\/image\\\/\",\"url\":\"https:\\\/\\\/i0.wp.com\\\/www.jazzzeitung.de\\\/cms\\\/wp-content\\\/uploads\\\/2015\\\/08\\\/JAZZZEITUNGDE_Logo_Neu.png?fit=499%2C200&ssl=1\",\"contentUrl\":\"https:\\\/\\\/i0.wp.com\\\/www.jazzzeitung.de\\\/cms\\\/wp-content\\\/uploads\\\/2015\\\/08\\\/JAZZZEITUNGDE_Logo_Neu.png?fit=499%2C200&ssl=1\",\"width\":499,\"height\":200,\"caption\":\"JazzZeitung online\"},\"image\":{\"@id\":\"https:\\\/\\\/www.jazzzeitung.de\\\/cms\\\/#\\\/schema\\\/logo\\\/image\\\/\"},\"sameAs\":[\"https:\\\/\\\/www.facebook.com\\\/JazzZeitung\\\/\"]},{\"@type\":\"Person\",\"@id\":\"https:\\\/\\\/www.jazzzeitung.de\\\/cms\\\/#\\\/schema\\\/person\\\/2245b36b9cd1d24cea10f01c031fb92b\",\"name\":\"Redaktion JazzZeitung\",\"image\":{\"@type\":\"ImageObject\",\"inLanguage\":\"de\",\"@id\":\"https:\\\/\\\/i0.wp.com\\\/www.jazzzeitung.de\\\/cms\\\/wp-content\\\/uploads\\\/2015\\\/08\\\/JAZZZEITUNGDE_Logo_Neu.png?resize=96%2C96&ssl=159975dcacb611b5700bd619b5daf0a7a\",\"url\":\"https:\\\/\\\/i0.wp.com\\\/www.jazzzeitung.de\\\/cms\\\/wp-content\\\/uploads\\\/2015\\\/08\\\/JAZZZEITUNGDE_Logo_Neu.png?resize=96%2C96&ssl=1\",\"contentUrl\":\"https:\\\/\\\/i0.wp.com\\\/www.jazzzeitung.de\\\/cms\\\/wp-content\\\/uploads\\\/2015\\\/08\\\/JAZZZEITUNGDE_Logo_Neu.png?resize=96%2C96&ssl=1\",\"caption\":\"Redaktion JazzZeitung\"},\"description\":\"Artikel der Redaktion der JazzZeitung.\",\"sameAs\":[\"http:\\\/\\\/www.jazzzeitung.de\\\/cms\\\/\"],\"url\":\"https:\\\/\\\/www.jazzzeitung.de\\\/cms\\\/author\\\/redaktion\\\/\"}]}<\/script>\n<!-- \/ Yoast SEO plugin. -->","yoast_head_json":{"title":"Zum 50. SWR NEWJazz Meeting: Seltene Aufnahmen mit Jazz Stars aus dem Archiv im TV - JazzZeitung","robots":{"index":"index","follow":"follow","max-snippet":"max-snippet:-1","max-image-preview":"max-image-preview:large","max-video-preview":"max-video-preview:-1"},"canonical":"https:\/\/www.jazzzeitung.de\/cms\/2018\/01\/einzigartiges-jubilaeum-50-swr-newjazz-meeting\/","og_locale":"de_DE","og_type":"article","og_title":"Zum 50. SWR NEWJazz Meeting: Seltene Aufnahmen mit Jazz Stars aus dem Archiv im TV - JazzZeitung","og_description":"Filmische Collage: \u201eAll der Jazz \u2013 50. SWR NEWJazz Meeting\u201c 14. Januar, 9:15 Uhr, SWR Fernsehen Das SWR NEWJazz Meeting ist seit 1966 eine k\u00fcnstlerische Forschungsstation in Sachen improvisierter Musik. V\u00f6llig unterschiedliche Musiker, die zuvor noch nie zusammen gespielt haben, erarbeiten in einem mehrt\u00e4tigen Prozess beim SWR ein gemeinsames Programm, das sie anschlie\u00dfend auf Konzerten im Sendegebiet pr\u00e4sentieren. In seiner filmischen Collage \u201eAll der Jazz \u2013 50. SWR NEWJazz Meeting\u201c zeigt Andreas Ammer in 50 vielf\u00e4ltigen Kapiteln die Geschichte des Jazz, die auch die Geschichte des SWR NEWJazz Meetings ist. Musiker der ersten Stunde wie Manfred Schoof, Clara Bley, Barbara Dennerlein, Jasper van\u2019t Hof, und Eberhard Weber erinnern sich an ihre Auftritte \u2013 und daran, was alles in f\u00fcnf Jahrzehnten im Jazz passiert ist. Zu sehen sind intime Einblicke in den Probenbetrieb von damals und heute sowie seltene SWR Archivaufnahmen. Ausstrahlung am Sonntag, 14. Januar, um 9:15 Uhr im Rahmen der Kulturmatin\u00e9e im SWR Fernsehen. Sprungbrett und Impulsgeber der europ\u00e4ischen Jazz-Szene Gegr\u00fcndet wurde das \u201eFree Jazz Meeting\u201c, wie es damals noch hie\u00df, 1966 von Joachim-Ernst Berendt, dem Jazzredakteur des ehemaligen S\u00fcdwestfunks. Bis heute erm\u00f6glichte diese &hellip;","og_url":"https:\/\/www.jazzzeitung.de\/cms\/2018\/01\/einzigartiges-jubilaeum-50-swr-newjazz-meeting\/","og_site_name":"JazzZeitung","article_publisher":"https:\/\/www.facebook.com\/JazzZeitung\/","article_published_time":"2018-01-09T15:15:54+00:00","og_image":[{"width":1408,"height":792,"url":"https:\/\/i0.wp.com\/www.jazzzeitung.de\/cms\/wp-content\/uploads\/2018\/01\/3_50_Jahre_NEWJazz_Meeting_SG1.jpg?fit=1408%2C792&ssl=1","type":"image\/jpeg"}],"author":"Redaktion JazzZeitung","schema":{"@context":"https:\/\/schema.org","@graph":[{"@type":"Article","@id":"https:\/\/www.jazzzeitung.de\/cms\/2018\/01\/einzigartiges-jubilaeum-50-swr-newjazz-meeting\/#article","isPartOf":{"@id":"https:\/\/www.jazzzeitung.de\/cms\/2018\/01\/einzigartiges-jubilaeum-50-swr-newjazz-meeting\/"},"author":{"name":"Redaktion JazzZeitung","@id":"https:\/\/www.jazzzeitung.de\/cms\/#\/schema\/person\/2245b36b9cd1d24cea10f01c031fb92b"},"headline":"Zum 50. SWR NEWJazz Meeting: Seltene Aufnahmen mit Jazz Stars aus dem Archiv im TV","datePublished":"2018-01-09T15:15:54+00:00","mainEntityOfPage":{"@id":"https:\/\/www.jazzzeitung.de\/cms\/2018\/01\/einzigartiges-jubilaeum-50-swr-newjazz-meeting\/"},"wordCount":393,"commentCount":0,"publisher":{"@id":"https:\/\/www.jazzzeitung.de\/cms\/#organization"},"image":{"@id":"https:\/\/www.jazzzeitung.de\/cms\/2018\/01\/einzigartiges-jubilaeum-50-swr-newjazz-meeting\/#primaryimage"},"thumbnailUrl":"https:\/\/i0.wp.com\/www.jazzzeitung.de\/cms\/wp-content\/uploads\/2018\/01\/3_50_Jahre_NEWJazz_Meeting_SG1.jpg?fit=1408%2C792&ssl=1","keywords":["Barbara Dennerlein","Film","Free Jazz","Geschichte","Jazz","Jazzmusiker","Jubil\u00e4um","Manfred Schoof","Pedro Martins","Sendung","SWR","SWR NEWJazz Meeting","TV"],"articleSection":["Bericht","News"],"inLanguage":"de","potentialAction":[{"@type":"CommentAction","name":"Comment","target":["https:\/\/www.jazzzeitung.de\/cms\/2018\/01\/einzigartiges-jubilaeum-50-swr-newjazz-meeting\/#respond"]}]},{"@type":"WebPage","@id":"https:\/\/www.jazzzeitung.de\/cms\/2018\/01\/einzigartiges-jubilaeum-50-swr-newjazz-meeting\/","url":"https:\/\/www.jazzzeitung.de\/cms\/2018\/01\/einzigartiges-jubilaeum-50-swr-newjazz-meeting\/","name":"Zum 50. SWR NEWJazz Meeting: Seltene Aufnahmen mit Jazz Stars aus dem Archiv im TV - JazzZeitung","isPartOf":{"@id":"https:\/\/www.jazzzeitung.de\/cms\/#website"},"primaryImageOfPage":{"@id":"https:\/\/www.jazzzeitung.de\/cms\/2018\/01\/einzigartiges-jubilaeum-50-swr-newjazz-meeting\/#primaryimage"},"image":{"@id":"https:\/\/www.jazzzeitung.de\/cms\/2018\/01\/einzigartiges-jubilaeum-50-swr-newjazz-meeting\/#primaryimage"},"thumbnailUrl":"https:\/\/i0.wp.com\/www.jazzzeitung.de\/cms\/wp-content\/uploads\/2018\/01\/3_50_Jahre_NEWJazz_Meeting_SG1.jpg?fit=1408%2C792&ssl=1","datePublished":"2018-01-09T15:15:54+00:00","breadcrumb":{"@id":"https:\/\/www.jazzzeitung.de\/cms\/2018\/01\/einzigartiges-jubilaeum-50-swr-newjazz-meeting\/#breadcrumb"},"inLanguage":"de","potentialAction":[{"@type":"ReadAction","target":["https:\/\/www.jazzzeitung.de\/cms\/2018\/01\/einzigartiges-jubilaeum-50-swr-newjazz-meeting\/"]}]},{"@type":"ImageObject","inLanguage":"de","@id":"https:\/\/www.jazzzeitung.de\/cms\/2018\/01\/einzigartiges-jubilaeum-50-swr-newjazz-meeting\/#primaryimage","url":"https:\/\/i0.wp.com\/www.jazzzeitung.de\/cms\/wp-content\/uploads\/2018\/01\/3_50_Jahre_NEWJazz_Meeting_SG1.jpg?fit=1408%2C792&ssl=1","contentUrl":"https:\/\/i0.wp.com\/www.jazzzeitung.de\/cms\/wp-content\/uploads\/2018\/01\/3_50_Jahre_NEWJazz_Meeting_SG1.jpg?fit=1408%2C792&ssl=1","width":1408,"height":792,"caption":"SWR NEWJazz Meeting 1982 mit Vocal Summit, hier: Bobby McFerrin, Urszula Dudziak. Foto: SWR\/Klaus M\u00fcmpfer"},{"@type":"BreadcrumbList","@id":"https:\/\/www.jazzzeitung.de\/cms\/2018\/01\/einzigartiges-jubilaeum-50-swr-newjazz-meeting\/#breadcrumb","itemListElement":[{"@type":"ListItem","position":1,"name":"Startseite","item":"https:\/\/www.jazzzeitung.de\/cms\/"},{"@type":"ListItem","position":2,"name":"Zum 50. SWR NEWJazz Meeting: Seltene Aufnahmen mit Jazz Stars aus dem Archiv im TV"}]},{"@type":"WebSite","@id":"https:\/\/www.jazzzeitung.de\/cms\/#website","url":"https:\/\/www.jazzzeitung.de\/cms\/","name":"JazzZeitung","description":"Jazz-News und Jazz-Kontroverses","publisher":{"@id":"https:\/\/www.jazzzeitung.de\/cms\/#organization"},"potentialAction":[{"@type":"SearchAction","target":{"@type":"EntryPoint","urlTemplate":"https:\/\/www.jazzzeitung.de\/cms\/?s={search_term_string}"},"query-input":{"@type":"PropertyValueSpecification","valueRequired":true,"valueName":"search_term_string"}}],"inLanguage":"de"},{"@type":"Organization","@id":"https:\/\/www.jazzzeitung.de\/cms\/#organization","name":"JazzZeitung online","url":"https:\/\/www.jazzzeitung.de\/cms\/","logo":{"@type":"ImageObject","inLanguage":"de","@id":"https:\/\/www.jazzzeitung.de\/cms\/#\/schema\/logo\/image\/","url":"https:\/\/i0.wp.com\/www.jazzzeitung.de\/cms\/wp-content\/uploads\/2015\/08\/JAZZZEITUNGDE_Logo_Neu.png?fit=499%2C200&ssl=1","contentUrl":"https:\/\/i0.wp.com\/www.jazzzeitung.de\/cms\/wp-content\/uploads\/2015\/08\/JAZZZEITUNGDE_Logo_Neu.png?fit=499%2C200&ssl=1","width":499,"height":200,"caption":"JazzZeitung online"},"image":{"@id":"https:\/\/www.jazzzeitung.de\/cms\/#\/schema\/logo\/image\/"},"sameAs":["https:\/\/www.facebook.com\/JazzZeitung\/"]},{"@type":"Person","@id":"https:\/\/www.jazzzeitung.de\/cms\/#\/schema\/person\/2245b36b9cd1d24cea10f01c031fb92b","name":"Redaktion JazzZeitung","image":{"@type":"ImageObject","inLanguage":"de","@id":"https:\/\/i0.wp.com\/www.jazzzeitung.de\/cms\/wp-content\/uploads\/2015\/08\/JAZZZEITUNGDE_Logo_Neu.png?resize=96%2C96&ssl=159975dcacb611b5700bd619b5daf0a7a","url":"https:\/\/i0.wp.com\/www.jazzzeitung.de\/cms\/wp-content\/uploads\/2015\/08\/JAZZZEITUNGDE_Logo_Neu.png?resize=96%2C96&ssl=1","contentUrl":"https:\/\/i0.wp.com\/www.jazzzeitung.de\/cms\/wp-content\/uploads\/2015\/08\/JAZZZEITUNGDE_Logo_Neu.png?resize=96%2C96&ssl=1","caption":"Redaktion JazzZeitung"},"description":"Artikel der Redaktion der JazzZeitung.","sameAs":["http:\/\/www.jazzzeitung.de\/cms\/"],"url":"https:\/\/www.jazzzeitung.de\/cms\/author\/redaktion\/"}]}},"wp-worthy-pixel":{"ignored":false,"public":null,"server":null,"url":null},"wp-worthy-type":"normal","jetpack_publicize_connections":[],"cc_featured_image_caption":{"caption_text":"","source_text":"","source_url":""},"jetpack_featured_media_url":"https:\/\/i0.wp.com\/www.jazzzeitung.de\/cms\/wp-content\/uploads\/2018\/01\/3_50_Jahre_NEWJazz_Meeting_SG1.jpg?fit=1408%2C792&ssl=1","jetpack_shortlink":"https:\/\/wp.me\/p3KEcT-3Pg","jetpack-related-posts":[{"id":13566,"url":"https:\/\/www.jazzzeitung.de\/cms\/2017\/09\/news-huerther-django-reinhardt-tage\/","url_meta":{"origin":14710,"position":0},"title":"+++ news +++ H\u00fcrther Django Reinhardt Tage +++ Jubil\u00e4umsausgabe: 50. SWR NEWJazz Meeting +++","author":"Redaktion JazzZeitung","date":"20. September 2017","format":false,"excerpt":"+++ H\u00fcrther Django Reinhardt Tage: Konzerte, Workshops, Film und Ausstellung +++ Es gibt nur wenige Musikstile, die so eng mit einem einzelnen Namen verbunden sind wie der Gypsy Swing mit Django Reinhardt. Der Gitarrist gilt als Begr\u00fcnder und Idol des ersten europ\u00e4ischen Jazzstils. Mehr noch, Reinhardt trug den Jazz in\u2026","rel":"","context":"In &quot;News&quot;","block_context":{"text":"News","link":"https:\/\/www.jazzzeitung.de\/cms\/thema\/nachrichten\/"},"img":{"alt_text":"","src":"https:\/\/i0.wp.com\/www.jazzzeitung.de\/cms\/wp-content\/uploads\/2017\/09\/Pressefoto-Antiquariat-150x150.jpg?resize=350%2C200&ssl=1","width":350,"height":200},"classes":[]},{"id":14031,"url":"https:\/\/www.jazzzeitung.de\/cms\/2017\/11\/die-jazz-radio-woche-vom-6-11-bis-12-11-2017\/","url_meta":{"origin":14710,"position":1},"title":"Die Jazz-Radio-Woche vom 6.11. bis 12.11.2017","author":"Martin Hufner","date":"5. November 2017","format":false,"excerpt":"Ein subjektiver Blick in die Jazzwoche 45 im Radio. Unter anderem: \u00a0Oscar Peterson, Geschichte des SWR NEWJazz Meetings, Joshua Redman & Brad Mehldau, Altsaxofonist Johnny Hodges, Sarah Vaughan, Ethno-Experimente des Kronos Quartetts, Omer Klein Trio beim vierten NUEJAZZ Festival, Joshua Redman Trio, 38. Leverkusener Jazztage, Altsaxophonist Lee Konitz, Pianist Paul\u2026","rel":"","context":"In &quot;News&quot;","block_context":{"text":"News","link":"https:\/\/www.jazzzeitung.de\/cms\/thema\/nachrichten\/"},"img":{"alt_text":"Jazz im Radio","src":"https:\/\/i0.wp.com\/www.jazzzeitung.de\/cms\/wp-content\/uploads\/2017\/10\/radio-jazz-neu.jpg?fit=1200%2C900&ssl=1&resize=350%2C200","width":350,"height":200,"srcset":"https:\/\/i0.wp.com\/www.jazzzeitung.de\/cms\/wp-content\/uploads\/2017\/10\/radio-jazz-neu.jpg?fit=1200%2C900&ssl=1&resize=350%2C200 1x, https:\/\/i0.wp.com\/www.jazzzeitung.de\/cms\/wp-content\/uploads\/2017\/10\/radio-jazz-neu.jpg?fit=1200%2C900&ssl=1&resize=525%2C300 1.5x, https:\/\/i0.wp.com\/www.jazzzeitung.de\/cms\/wp-content\/uploads\/2017\/10\/radio-jazz-neu.jpg?fit=1200%2C900&ssl=1&resize=700%2C400 2x, https:\/\/i0.wp.com\/www.jazzzeitung.de\/cms\/wp-content\/uploads\/2017\/10\/radio-jazz-neu.jpg?fit=1200%2C900&ssl=1&resize=1050%2C600 3x"},"classes":[]},{"id":14209,"url":"https:\/\/www.jazzzeitung.de\/cms\/2017\/11\/die-jazz-radiowoche-vom-13-11-bis-19-11-2017\/","url_meta":{"origin":14710,"position":2},"title":"Die Jazz-Radiowoche vom 13.11. bis 19.11.2017","author":"Martin Hufner","date":"12. November 2017","format":false,"excerpt":"Ein subjektiver Blick in die Jazzwoche 46 im Radio. Unter anderem: Mose Allison 90, Jazz at Berlin Philharmonic - \"BIX\", Michael Kiwanuka, Dave-Brubeck-Quartett von 1951-1967, Junger M\u00fcnchner Jazzpreises 2017, SWR NEWJazz Meeting, Hamilton de Holanda, Orchester Kurt Edelhagen, Maria Baptist, Kevin Eubanks, NUEJAZZ Festival, Charlie Parker, hr-Bigband in Darmstadt, Michael\u2026","rel":"","context":"In &quot;Radio&quot;","block_context":{"text":"Radio","link":"https:\/\/www.jazzzeitung.de\/cms\/thema\/radio\/"},"img":{"alt_text":"Jazz im Radio","src":"https:\/\/i0.wp.com\/www.jazzzeitung.de\/cms\/wp-content\/uploads\/2017\/10\/radio-jazz-neu.jpg?fit=1200%2C900&ssl=1&resize=350%2C200","width":350,"height":200,"srcset":"https:\/\/i0.wp.com\/www.jazzzeitung.de\/cms\/wp-content\/uploads\/2017\/10\/radio-jazz-neu.jpg?fit=1200%2C900&ssl=1&resize=350%2C200 1x, https:\/\/i0.wp.com\/www.jazzzeitung.de\/cms\/wp-content\/uploads\/2017\/10\/radio-jazz-neu.jpg?fit=1200%2C900&ssl=1&resize=525%2C300 1.5x, https:\/\/i0.wp.com\/www.jazzzeitung.de\/cms\/wp-content\/uploads\/2017\/10\/radio-jazz-neu.jpg?fit=1200%2C900&ssl=1&resize=700%2C400 2x, https:\/\/i0.wp.com\/www.jazzzeitung.de\/cms\/wp-content\/uploads\/2017\/10\/radio-jazz-neu.jpg?fit=1200%2C900&ssl=1&resize=1050%2C600 3x"},"classes":[]},{"id":13980,"url":"https:\/\/www.jazzzeitung.de\/cms\/2017\/10\/die-jazz-radio-woche-vom-30-10-bis-05-10-2017\/","url_meta":{"origin":14710,"position":3},"title":"Die Jazz-Radio-Woche vom 30.10. bis 05.11.2017","author":"Martin Hufner","date":"29. Oktober 2017","format":false,"excerpt":"Ein subjektiver Blick in die Jazzwoche 44 im Radio. Paul Gonsalves, Rare Swingsongs der 1930er- und 40er-Jahre, Lutheriana in Jazz, Lukas Kranzelbinder und seine Band Shake Stew, Franco Ambrosetti Quintett, Abbey Lincoln, Trio VEIN, Geschichte eines Jazzstandards (14) - Willow Weep for Me, Matthew Halpin, Geschichte des SWR NEWJazz Meetings,\u2026","rel":"","context":"In &quot;Radio&quot;","block_context":{"text":"Radio","link":"https:\/\/www.jazzzeitung.de\/cms\/thema\/radio\/"},"img":{"alt_text":"Jazz im Radio","src":"https:\/\/i0.wp.com\/www.jazzzeitung.de\/cms\/wp-content\/uploads\/2017\/10\/radio-jazz-neu.jpg?fit=1200%2C900&ssl=1&resize=350%2C200","width":350,"height":200,"srcset":"https:\/\/i0.wp.com\/www.jazzzeitung.de\/cms\/wp-content\/uploads\/2017\/10\/radio-jazz-neu.jpg?fit=1200%2C900&ssl=1&resize=350%2C200 1x, https:\/\/i0.wp.com\/www.jazzzeitung.de\/cms\/wp-content\/uploads\/2017\/10\/radio-jazz-neu.jpg?fit=1200%2C900&ssl=1&resize=525%2C300 1.5x, https:\/\/i0.wp.com\/www.jazzzeitung.de\/cms\/wp-content\/uploads\/2017\/10\/radio-jazz-neu.jpg?fit=1200%2C900&ssl=1&resize=700%2C400 2x, https:\/\/i0.wp.com\/www.jazzzeitung.de\/cms\/wp-content\/uploads\/2017\/10\/radio-jazz-neu.jpg?fit=1200%2C900&ssl=1&resize=1050%2C600 3x"},"classes":[]},{"id":14461,"url":"https:\/\/www.jazzzeitung.de\/cms\/2017\/12\/die-jazz-radiowoche-vom-11-12-bis-17-12-2017\/","url_meta":{"origin":14710,"position":4},"title":"Die Jazz-Radiowoche vom 11.12. bis 17.12.2017","author":"Huflaikhan","date":"10. Dezember 2017","format":false,"excerpt":"Ein subjektiver Blick in die Jazzwoche 50 im Radio. Unter anderem mit: Gregory Porter, New Jazz Meeting 2016, Philip Catherine, SWR NEWJazz Meeting, NDR Bigband, Woody Herman, Fred Hersch, Eric Marienthal, NUEJAZZ Festival, John Surman, Anouar Brahem, Dhafer Youssef, Kurt Henkels, Ren\u00e9 Urtreger, Markus Stockhausen, Lee Konitz \u201eThe Lee Konitz\u2026","rel":"","context":"In &quot;News&quot;","block_context":{"text":"News","link":"https:\/\/www.jazzzeitung.de\/cms\/thema\/nachrichten\/"},"img":{"alt_text":"Jazz im Radio","src":"https:\/\/i0.wp.com\/www.jazzzeitung.de\/cms\/wp-content\/uploads\/2017\/10\/radio-jazz-neu.jpg?fit=1200%2C900&ssl=1&resize=350%2C200","width":350,"height":200,"srcset":"https:\/\/i0.wp.com\/www.jazzzeitung.de\/cms\/wp-content\/uploads\/2017\/10\/radio-jazz-neu.jpg?fit=1200%2C900&ssl=1&resize=350%2C200 1x, https:\/\/i0.wp.com\/www.jazzzeitung.de\/cms\/wp-content\/uploads\/2017\/10\/radio-jazz-neu.jpg?fit=1200%2C900&ssl=1&resize=525%2C300 1.5x, https:\/\/i0.wp.com\/www.jazzzeitung.de\/cms\/wp-content\/uploads\/2017\/10\/radio-jazz-neu.jpg?fit=1200%2C900&ssl=1&resize=700%2C400 2x, https:\/\/i0.wp.com\/www.jazzzeitung.de\/cms\/wp-content\/uploads\/2017\/10\/radio-jazz-neu.jpg?fit=1200%2C900&ssl=1&resize=1050%2C600 3x"},"classes":[]},{"id":17803,"url":"https:\/\/www.jazzzeitung.de\/cms\/2018\/11\/die-jazz-radiowoche-vom-12-11-bis-18-11-2018\/","url_meta":{"origin":14710,"position":5},"title":"Die Jazz-Radiowoche vom 12.11. bis 18.11.2018","author":"Martin Hufner","date":"11. November 2018","format":false,"excerpt":"Ein kleiner Blick in die Jazzwoche 46 im Radio. Zur n\u00e4heren Beachtung: Gemeinsame Erkl\u00e4rung zur Gleichstellung von Frauen im Jazz. Jetzt mal wieder ganz ohne Festival. Die \u00dcbersicht zum Download als PDF. Alle Angaben ohne Gew\u00e4hr. Jazz im Radio (Fernsehen) SR2 \u2013 JazzNow \u2013 Sonntags von 20.04 bis 22.30 Uhr\u2026","rel":"","context":"In &quot;News&quot;","block_context":{"text":"News","link":"https:\/\/www.jazzzeitung.de\/cms\/thema\/nachrichten\/"},"img":{"alt_text":"radio-jazz. Montage: Hufner","src":"https:\/\/i0.wp.com\/www.jazzzeitung.de\/cms\/wp-content\/uploads\/2017\/10\/radio-jazz.jpg?fit=1200%2C900&ssl=1&resize=350%2C200","width":350,"height":200,"srcset":"https:\/\/i0.wp.com\/www.jazzzeitung.de\/cms\/wp-content\/uploads\/2017\/10\/radio-jazz.jpg?fit=1200%2C900&ssl=1&resize=350%2C200 1x, https:\/\/i0.wp.com\/www.jazzzeitung.de\/cms\/wp-content\/uploads\/2017\/10\/radio-jazz.jpg?fit=1200%2C900&ssl=1&resize=525%2C300 1.5x, https:\/\/i0.wp.com\/www.jazzzeitung.de\/cms\/wp-content\/uploads\/2017\/10\/radio-jazz.jpg?fit=1200%2C900&ssl=1&resize=700%2C400 2x, https:\/\/i0.wp.com\/www.jazzzeitung.de\/cms\/wp-content\/uploads\/2017\/10\/radio-jazz.jpg?fit=1200%2C900&ssl=1&resize=1050%2C600 3x"},"classes":[]}],"jetpack_sharing_enabled":true,"_links":{"self":[{"href":"https:\/\/www.jazzzeitung.de\/cms\/wp-json\/wp\/v2\/posts\/14710","targetHints":{"allow":["GET"]}}],"collection":[{"href":"https:\/\/www.jazzzeitung.de\/cms\/wp-json\/wp\/v2\/posts"}],"about":[{"href":"https:\/\/www.jazzzeitung.de\/cms\/wp-json\/wp\/v2\/types\/post"}],"author":[{"embeddable":true,"href":"https:\/\/www.jazzzeitung.de\/cms\/wp-json\/wp\/v2\/users\/18"}],"replies":[{"embeddable":true,"href":"https:\/\/www.jazzzeitung.de\/cms\/wp-json\/wp\/v2\/comments?post=14710"}],"version-history":[{"count":5,"href":"https:\/\/www.jazzzeitung.de\/cms\/wp-json\/wp\/v2\/posts\/14710\/revisions"}],"predecessor-version":[{"id":14723,"href":"https:\/\/www.jazzzeitung.de\/cms\/wp-json\/wp\/v2\/posts\/14710\/revisions\/14723"}],"wp:featuredmedia":[{"embeddable":true,"href":"https:\/\/www.jazzzeitung.de\/cms\/wp-json\/wp\/v2\/media\/14711"}],"wp:attachment":[{"href":"https:\/\/www.jazzzeitung.de\/cms\/wp-json\/wp\/v2\/media?parent=14710"}],"wp:term":[{"taxonomy":"category","embeddable":true,"href":"https:\/\/www.jazzzeitung.de\/cms\/wp-json\/wp\/v2\/categories?post=14710"},{"taxonomy":"post_tag","embeddable":true,"href":"https:\/\/www.jazzzeitung.de\/cms\/wp-json\/wp\/v2\/tags?post=14710"},{"taxonomy":"author","embeddable":true,"href":"https:\/\/www.jazzzeitung.de\/cms\/wp-json\/wp\/v2\/coauthors?post=14710"}],"curies":[{"name":"wp","href":"https:\/\/api.w.org\/{rel}","templated":true}]}}