{"id":147,"date":"2010-06-10T13:51:31","date_gmt":"2010-06-10T11:51:31","guid":{"rendered":"http:\/\/blogs.nmz.de\/jazz\/?p=147"},"modified":"2010-06-10T13:51:31","modified_gmt":"2010-06-10T11:51:31","slug":"suedafrika-ole","status":"publish","type":"post","link":"https:\/\/www.jazzzeitung.de\/cms\/2010\/06\/suedafrika-ole\/","title":{"rendered":"S\u00fcdafrika, ol\u00e9!"},"content":{"rendered":"<p>Die Preise lassen uns in diesem Blog nicht los. Jetzt erh\u00e4lt der s\u00fcdafrikanische Pianist <a href=\"http:\/\/www.nmz.de\/kiz\/nachrichten\/10-aachener-innovationspreis-kunst-an-abdullah-ibrahim\" target=\"_blank\">Abdullah Ibrahim den Aachener Innovationspreis Kunst f\u00fcr 2009<\/a> der Peter und Irene Ludwig Stiftung.<\/p>\n<figure id=\"attachment_148\" aria-describedby=\"caption-attachment-148\" style=\"width: 600px\" class=\"wp-caption alignnone\"><img data-recalc-dims=\"1\" loading=\"lazy\" decoding=\"async\" data-attachment-id=\"148\" data-permalink=\"https:\/\/www.jazzzeitung.de\/cms\/2010\/06\/suedafrika-ole\/ibrahim_0\/\" data-orig-file=\"https:\/\/i0.wp.com\/www.jazzzeitung.de\/cms\/wp-content\/uploads\/2010\/06\/Ibrahim_0.jpg?fit=1000%2C664&amp;ssl=1\" data-orig-size=\"1000,664\" data-comments-opened=\"1\" data-image-meta=\"{&quot;aperture&quot;:&quot;5&quot;,&quot;credit&quot;:&quot;Ines Kaiser&quot;,&quot;camera&quot;:&quot;NIKON D300&quot;,&quot;caption&quot;:&quot;&quot;,&quot;created_timestamp&quot;:&quot;1269351949&quot;,&quot;copyright&quot;:&quot;Ines Kaiser&quot;,&quot;focal_length&quot;:&quot;70&quot;,&quot;iso&quot;:&quot;1600&quot;,&quot;shutter_speed&quot;:&quot;0.016666666666667&quot;,&quot;title&quot;:&quot;Abdullah Ibrahim, piano, plus sextett, Studio Bonn-Beuel 23.03.10&quot;}\" data-image-title=\"Ibrahim_0\" data-image-description=\"\" data-image-caption=\"&lt;p&gt;Abdullah Ibrahim erh\u00e4lt Innovationspreis Kultur Foto: Stadt Aachen&lt;\/p&gt;\n\" data-large-file=\"https:\/\/i0.wp.com\/www.jazzzeitung.de\/cms\/wp-content\/uploads\/2010\/06\/Ibrahim_0.jpg?fit=840%2C558&amp;ssl=1\" class=\"size-full wp-image-148 \" title=\"Ibrahim_0\" src=\"https:\/\/i0.wp.com\/www.jazzzeitung.de\/cms\/wp-content\/uploads\/2010\/06\/Ibrahim_0.jpg?resize=600%2C398\" alt=\"Abdullah Ibrahim erh\u00e4lt Innovationspreis Kultur Foto: Stadt Aachen\" width=\"600\" height=\"398\" srcset=\"https:\/\/i0.wp.com\/www.jazzzeitung.de\/cms\/wp-content\/uploads\/2010\/06\/Ibrahim_0.jpg?w=1000&amp;ssl=1 1000w, https:\/\/i0.wp.com\/www.jazzzeitung.de\/cms\/wp-content\/uploads\/2010\/06\/Ibrahim_0.jpg?resize=300%2C199&amp;ssl=1 300w\" sizes=\"auto, (max-width: 600px) 100vw, 600px\" \/><figcaption id=\"caption-attachment-148\" class=\"wp-caption-text\">Abdullah Ibrahim erh\u00e4lt Innovationspreis Kultur Foto: Stadt Aachen<\/figcaption><\/figure>\n<p>Sch\u00f6n, jetzt wo die Fu\u00dfball-WM losgeht, einem s\u00fcdafrikanischen K\u00fcnstler so einen Preis zu geben. Hat man auch gar nicht das Gef\u00fchl, dass Zeit und Umst\u00e4nde wichtigere Faktoren einer Preisvergabe w\u00e4ren, als die k\u00fcnstlerische Leistung an sich. Obwohl Ibrahim \u00fcber derartige Zweifel erhaben ist, schlie\u00dflich wurde er ja weiland vom &#8222;Duke&#8220; selbst entdeckt. Seine Solo-Scheibe &#8222;Senzo&#8220;, f\u00fcr die er auch den &#8222;South African Music Award&#8220; bekommen hat, ist zwar nicht besonders aufregend und enth\u00e4lt ungef\u00e4hr soviel Afrika wie mein Stammbaum \u2013 na gut, den Preis der deutschen Schallplattenkritik 2008 hat sie Ibrahim auch eingebracht, vielleicht liege ich also falsch \u2013, aber man wird das Gef\u00fchl nicht los, dass wieder einmal ein &#8222;Br\u00fcckenbauer zwischen den Kulturen&#8220; nach vorne geschoben worden ist, jetzt wo es gilt, wenigstens f\u00fcr kurze Zeit ein einig  Weltv\u00f6lkchen zu sein. Ol\u00e9!!!<\/p>\n","protected":false},"excerpt":{"rendered":"<p>Die Preise lassen uns in diesem Blog nicht los. Jetzt erh\u00e4lt der s\u00fcdafrikanische Pianist Abdullah Ibrahim den Aachener Innovationspreis Kunst f\u00fcr 2009 der Peter und Irene Ludwig Stiftung. Sch\u00f6n, jetzt wo die Fu\u00dfball-WM losgeht, einem s\u00fcdafrikanischen K\u00fcnstler so einen Preis zu geben. Hat man auch gar nicht das Gef\u00fchl, dass Zeit und Umst\u00e4nde wichtigere Faktoren einer Preisvergabe w\u00e4ren, als die k\u00fcnstlerische Leistung an sich. Obwohl Ibrahim \u00fcber derartige Zweifel erhaben ist, schlie\u00dflich wurde er ja weiland vom &#8222;Duke&#8220; selbst entdeckt. Seine Solo-Scheibe &#8222;Senzo&#8220;, f\u00fcr die er auch den &#8222;South African Music Award&#8220; bekommen hat, ist zwar nicht besonders aufregend und enth\u00e4lt ungef\u00e4hr soviel Afrika wie mein Stammbaum \u2013 na gut, den Preis der deutschen Schallplattenkritik 2008 hat sie Ibrahim auch eingebracht, vielleicht liege ich also falsch \u2013, aber man wird das Gef\u00fchl nicht los, dass wieder einmal ein &#8222;Br\u00fcckenbauer zwischen den Kulturen&#8220; nach vorne geschoben worden ist, jetzt wo es gilt, wenigstens f\u00fcr kurze Zeit ein einig Weltv\u00f6lkchen zu sein. Ol\u00e9!!!<\/p>\n","protected":false},"author":4,"featured_media":0,"comment_status":"open","ping_status":"open","sticky":false,"template":"","format":"standard","meta":{"_jetpack_memberships_contains_paid_content":false,"footnotes":"","jetpack_publicize_message":"","jetpack_publicize_feature_enabled":true,"jetpack_social_post_already_shared":false,"jetpack_social_options":{"image_generator_settings":{"template":"highway","default_image_id":0,"font":"","enabled":false},"version":2}},"categories":[82],"tags":[25,26,1191,242,243,327,449,529,598],"coauthors":[],"class_list":["post-147","post","type-post","status-publish","format-standard","hentry","category-blog","tag-aachen","tag-abdullah-ibrahim","tag-blog","tag-innovationspreis","tag-innovationspreis-kunst","tag-kultur","tag-preise","tag-suedafrika","tag-wm"],"yoast_head":"<!-- This site is optimized with the Yoast SEO plugin v27.5 - https:\/\/yoast.com\/product\/yoast-seo-wordpress\/ -->\n<title>S\u00fcdafrika, ol\u00e9! - JazzZeitung<\/title>\n<meta name=\"robots\" content=\"index, follow, max-snippet:-1, max-image-preview:large, max-video-preview:-1\" \/>\n<link rel=\"canonical\" href=\"https:\/\/www.jazzzeitung.de\/cms\/2010\/06\/suedafrika-ole\/\" \/>\n<meta property=\"og:locale\" content=\"de_DE\" \/>\n<meta property=\"og:type\" content=\"article\" \/>\n<meta property=\"og:title\" content=\"S\u00fcdafrika, ol\u00e9! - JazzZeitung\" \/>\n<meta property=\"og:description\" content=\"Die Preise lassen uns in diesem Blog nicht los. Jetzt erh\u00e4lt der s\u00fcdafrikanische Pianist Abdullah Ibrahim den Aachener Innovationspreis Kunst f\u00fcr 2009 der Peter und Irene Ludwig Stiftung. Sch\u00f6n, jetzt wo die Fu\u00dfball-WM losgeht, einem s\u00fcdafrikanischen K\u00fcnstler so einen Preis zu geben. Hat man auch gar nicht das Gef\u00fchl, dass Zeit und Umst\u00e4nde wichtigere Faktoren einer Preisvergabe w\u00e4ren, als die k\u00fcnstlerische Leistung an sich. Obwohl Ibrahim \u00fcber derartige Zweifel erhaben ist, schlie\u00dflich wurde er ja weiland vom &#8222;Duke&#8220; selbst entdeckt. Seine Solo-Scheibe &#8222;Senzo&#8220;, f\u00fcr die er auch den &#8222;South African Music Award&#8220; bekommen hat, ist zwar nicht besonders aufregend und enth\u00e4lt ungef\u00e4hr soviel Afrika wie mein Stammbaum \u2013 na gut, den Preis der deutschen Schallplattenkritik 2008 hat sie Ibrahim auch eingebracht, vielleicht liege ich also falsch \u2013, aber man wird das Gef\u00fchl nicht los, dass wieder einmal ein &#8222;Br\u00fcckenbauer zwischen den Kulturen&#8220; nach vorne geschoben worden ist, jetzt wo es gilt, wenigstens f\u00fcr kurze Zeit ein einig Weltv\u00f6lkchen zu sein. Ol\u00e9!!!\" \/>\n<meta property=\"og:url\" content=\"https:\/\/www.jazzzeitung.de\/cms\/2010\/06\/suedafrika-ole\/\" \/>\n<meta property=\"og:site_name\" content=\"JazzZeitung\" \/>\n<meta property=\"article:publisher\" content=\"https:\/\/www.facebook.com\/JazzZeitung\/\" \/>\n<meta property=\"article:published_time\" content=\"2010-06-10T11:51:31+00:00\" \/>\n<meta property=\"og:image\" content=\"http:\/\/www.jazzzeitung.de\/cms\/wp-content\/uploads\/2010\/06\/Ibrahim_0.jpg\" \/>\n<meta name=\"author\" content=\"J\u00f6rg Lichtinger\" \/>\n<script type=\"application\/ld+json\" class=\"yoast-schema-graph\">{\"@context\":\"https:\\\/\\\/schema.org\",\"@graph\":[{\"@type\":\"Article\",\"@id\":\"https:\\\/\\\/www.jazzzeitung.de\\\/cms\\\/2010\\\/06\\\/suedafrika-ole\\\/#article\",\"isPartOf\":{\"@id\":\"https:\\\/\\\/www.jazzzeitung.de\\\/cms\\\/2010\\\/06\\\/suedafrika-ole\\\/\"},\"author\":{\"name\":\"J\u00f6rg Lichtinger\",\"@id\":\"https:\\\/\\\/www.jazzzeitung.de\\\/cms\\\/#\\\/schema\\\/person\\\/4c5aaf486bdcd85db94b9a8b9e026bad\"},\"headline\":\"S\u00fcdafrika, ol\u00e9!\",\"datePublished\":\"2010-06-10T11:51:31+00:00\",\"mainEntityOfPage\":{\"@id\":\"https:\\\/\\\/www.jazzzeitung.de\\\/cms\\\/2010\\\/06\\\/suedafrika-ole\\\/\"},\"wordCount\":196,\"commentCount\":2,\"publisher\":{\"@id\":\"https:\\\/\\\/www.jazzzeitung.de\\\/cms\\\/#organization\"},\"image\":{\"@id\":\"https:\\\/\\\/www.jazzzeitung.de\\\/cms\\\/2010\\\/06\\\/suedafrika-ole\\\/#primaryimage\"},\"thumbnailUrl\":\"http:\\\/\\\/www.jazzzeitung.de\\\/cms\\\/wp-content\\\/uploads\\\/2010\\\/06\\\/Ibrahim_0.jpg\",\"keywords\":[\"Aachen\",\"Abdullah Ibrahim\",\"Blog\",\"Innovationspreis\",\"Innovationspreis Kunst\",\"Kultur\",\"Preise\",\"S\u00fcdafrika\",\"WM\"],\"articleSection\":[\"Blog\"],\"inLanguage\":\"de\",\"potentialAction\":[{\"@type\":\"CommentAction\",\"name\":\"Comment\",\"target\":[\"https:\\\/\\\/www.jazzzeitung.de\\\/cms\\\/2010\\\/06\\\/suedafrika-ole\\\/#respond\"]}]},{\"@type\":\"WebPage\",\"@id\":\"https:\\\/\\\/www.jazzzeitung.de\\\/cms\\\/2010\\\/06\\\/suedafrika-ole\\\/\",\"url\":\"https:\\\/\\\/www.jazzzeitung.de\\\/cms\\\/2010\\\/06\\\/suedafrika-ole\\\/\",\"name\":\"S\u00fcdafrika, ol\u00e9! - JazzZeitung\",\"isPartOf\":{\"@id\":\"https:\\\/\\\/www.jazzzeitung.de\\\/cms\\\/#website\"},\"primaryImageOfPage\":{\"@id\":\"https:\\\/\\\/www.jazzzeitung.de\\\/cms\\\/2010\\\/06\\\/suedafrika-ole\\\/#primaryimage\"},\"image\":{\"@id\":\"https:\\\/\\\/www.jazzzeitung.de\\\/cms\\\/2010\\\/06\\\/suedafrika-ole\\\/#primaryimage\"},\"thumbnailUrl\":\"http:\\\/\\\/www.jazzzeitung.de\\\/cms\\\/wp-content\\\/uploads\\\/2010\\\/06\\\/Ibrahim_0.jpg\",\"datePublished\":\"2010-06-10T11:51:31+00:00\",\"breadcrumb\":{\"@id\":\"https:\\\/\\\/www.jazzzeitung.de\\\/cms\\\/2010\\\/06\\\/suedafrika-ole\\\/#breadcrumb\"},\"inLanguage\":\"de\",\"potentialAction\":[{\"@type\":\"ReadAction\",\"target\":[\"https:\\\/\\\/www.jazzzeitung.de\\\/cms\\\/2010\\\/06\\\/suedafrika-ole\\\/\"]}]},{\"@type\":\"ImageObject\",\"inLanguage\":\"de\",\"@id\":\"https:\\\/\\\/www.jazzzeitung.de\\\/cms\\\/2010\\\/06\\\/suedafrika-ole\\\/#primaryimage\",\"url\":\"http:\\\/\\\/www.jazzzeitung.de\\\/cms\\\/wp-content\\\/uploads\\\/2010\\\/06\\\/Ibrahim_0.jpg\",\"contentUrl\":\"http:\\\/\\\/www.jazzzeitung.de\\\/cms\\\/wp-content\\\/uploads\\\/2010\\\/06\\\/Ibrahim_0.jpg\"},{\"@type\":\"BreadcrumbList\",\"@id\":\"https:\\\/\\\/www.jazzzeitung.de\\\/cms\\\/2010\\\/06\\\/suedafrika-ole\\\/#breadcrumb\",\"itemListElement\":[{\"@type\":\"ListItem\",\"position\":1,\"name\":\"Startseite\",\"item\":\"https:\\\/\\\/www.jazzzeitung.de\\\/cms\\\/\"},{\"@type\":\"ListItem\",\"position\":2,\"name\":\"S\u00fcdafrika, ol\u00e9!\"}]},{\"@type\":\"WebSite\",\"@id\":\"https:\\\/\\\/www.jazzzeitung.de\\\/cms\\\/#website\",\"url\":\"https:\\\/\\\/www.jazzzeitung.de\\\/cms\\\/\",\"name\":\"JazzZeitung\",\"description\":\"Jazz-News und Jazz-Kontroverses\",\"publisher\":{\"@id\":\"https:\\\/\\\/www.jazzzeitung.de\\\/cms\\\/#organization\"},\"potentialAction\":[{\"@type\":\"SearchAction\",\"target\":{\"@type\":\"EntryPoint\",\"urlTemplate\":\"https:\\\/\\\/www.jazzzeitung.de\\\/cms\\\/?s={search_term_string}\"},\"query-input\":{\"@type\":\"PropertyValueSpecification\",\"valueRequired\":true,\"valueName\":\"search_term_string\"}}],\"inLanguage\":\"de\"},{\"@type\":\"Organization\",\"@id\":\"https:\\\/\\\/www.jazzzeitung.de\\\/cms\\\/#organization\",\"name\":\"JazzZeitung online\",\"url\":\"https:\\\/\\\/www.jazzzeitung.de\\\/cms\\\/\",\"logo\":{\"@type\":\"ImageObject\",\"inLanguage\":\"de\",\"@id\":\"https:\\\/\\\/www.jazzzeitung.de\\\/cms\\\/#\\\/schema\\\/logo\\\/image\\\/\",\"url\":\"https:\\\/\\\/i0.wp.com\\\/www.jazzzeitung.de\\\/cms\\\/wp-content\\\/uploads\\\/2015\\\/08\\\/JAZZZEITUNGDE_Logo_Neu.png?fit=499%2C200&ssl=1\",\"contentUrl\":\"https:\\\/\\\/i0.wp.com\\\/www.jazzzeitung.de\\\/cms\\\/wp-content\\\/uploads\\\/2015\\\/08\\\/JAZZZEITUNGDE_Logo_Neu.png?fit=499%2C200&ssl=1\",\"width\":499,\"height\":200,\"caption\":\"JazzZeitung online\"},\"image\":{\"@id\":\"https:\\\/\\\/www.jazzzeitung.de\\\/cms\\\/#\\\/schema\\\/logo\\\/image\\\/\"},\"sameAs\":[\"https:\\\/\\\/www.facebook.com\\\/JazzZeitung\\\/\"]},{\"@type\":\"Person\",\"@id\":\"https:\\\/\\\/www.jazzzeitung.de\\\/cms\\\/#\\\/schema\\\/person\\\/4c5aaf486bdcd85db94b9a8b9e026bad\",\"name\":\"J\u00f6rg Lichtinger\",\"image\":{\"@type\":\"ImageObject\",\"inLanguage\":\"de\",\"@id\":\"https:\\\/\\\/secure.gravatar.com\\\/avatar\\\/8d1d484eb77cf370a1620f9866681cdba540c9b8439ce96ea0c830dd3b59936c?s=96&d=wp_user_avatar&r=ge66dff7680db2349fb79ae0cb2d734e3\",\"url\":\"https:\\\/\\\/secure.gravatar.com\\\/avatar\\\/8d1d484eb77cf370a1620f9866681cdba540c9b8439ce96ea0c830dd3b59936c?s=96&d=wp_user_avatar&r=g\",\"contentUrl\":\"https:\\\/\\\/secure.gravatar.com\\\/avatar\\\/8d1d484eb77cf370a1620f9866681cdba540c9b8439ce96ea0c830dd3b59936c?s=96&d=wp_user_avatar&r=g\",\"caption\":\"J\u00f6rg Lichtinger\"},\"url\":\"https:\\\/\\\/www.jazzzeitung.de\\\/cms\\\/author\\\/lichtinger\\\/\"}]}<\/script>\n<!-- \/ Yoast SEO plugin. -->","yoast_head_json":{"title":"S\u00fcdafrika, ol\u00e9! - JazzZeitung","robots":{"index":"index","follow":"follow","max-snippet":"max-snippet:-1","max-image-preview":"max-image-preview:large","max-video-preview":"max-video-preview:-1"},"canonical":"https:\/\/www.jazzzeitung.de\/cms\/2010\/06\/suedafrika-ole\/","og_locale":"de_DE","og_type":"article","og_title":"S\u00fcdafrika, ol\u00e9! - JazzZeitung","og_description":"Die Preise lassen uns in diesem Blog nicht los. Jetzt erh\u00e4lt der s\u00fcdafrikanische Pianist Abdullah Ibrahim den Aachener Innovationspreis Kunst f\u00fcr 2009 der Peter und Irene Ludwig Stiftung. Sch\u00f6n, jetzt wo die Fu\u00dfball-WM losgeht, einem s\u00fcdafrikanischen K\u00fcnstler so einen Preis zu geben. Hat man auch gar nicht das Gef\u00fchl, dass Zeit und Umst\u00e4nde wichtigere Faktoren einer Preisvergabe w\u00e4ren, als die k\u00fcnstlerische Leistung an sich. Obwohl Ibrahim \u00fcber derartige Zweifel erhaben ist, schlie\u00dflich wurde er ja weiland vom &#8222;Duke&#8220; selbst entdeckt. Seine Solo-Scheibe &#8222;Senzo&#8220;, f\u00fcr die er auch den &#8222;South African Music Award&#8220; bekommen hat, ist zwar nicht besonders aufregend und enth\u00e4lt ungef\u00e4hr soviel Afrika wie mein Stammbaum \u2013 na gut, den Preis der deutschen Schallplattenkritik 2008 hat sie Ibrahim auch eingebracht, vielleicht liege ich also falsch \u2013, aber man wird das Gef\u00fchl nicht los, dass wieder einmal ein &#8222;Br\u00fcckenbauer zwischen den Kulturen&#8220; nach vorne geschoben worden ist, jetzt wo es gilt, wenigstens f\u00fcr kurze Zeit ein einig Weltv\u00f6lkchen zu sein. Ol\u00e9!!!","og_url":"https:\/\/www.jazzzeitung.de\/cms\/2010\/06\/suedafrika-ole\/","og_site_name":"JazzZeitung","article_publisher":"https:\/\/www.facebook.com\/JazzZeitung\/","article_published_time":"2010-06-10T11:51:31+00:00","og_image":[{"url":"http:\/\/www.jazzzeitung.de\/cms\/wp-content\/uploads\/2010\/06\/Ibrahim_0.jpg","type":"","width":"","height":""}],"author":"J\u00f6rg Lichtinger","schema":{"@context":"https:\/\/schema.org","@graph":[{"@type":"Article","@id":"https:\/\/www.jazzzeitung.de\/cms\/2010\/06\/suedafrika-ole\/#article","isPartOf":{"@id":"https:\/\/www.jazzzeitung.de\/cms\/2010\/06\/suedafrika-ole\/"},"author":{"name":"J\u00f6rg Lichtinger","@id":"https:\/\/www.jazzzeitung.de\/cms\/#\/schema\/person\/4c5aaf486bdcd85db94b9a8b9e026bad"},"headline":"S\u00fcdafrika, ol\u00e9!","datePublished":"2010-06-10T11:51:31+00:00","mainEntityOfPage":{"@id":"https:\/\/www.jazzzeitung.de\/cms\/2010\/06\/suedafrika-ole\/"},"wordCount":196,"commentCount":2,"publisher":{"@id":"https:\/\/www.jazzzeitung.de\/cms\/#organization"},"image":{"@id":"https:\/\/www.jazzzeitung.de\/cms\/2010\/06\/suedafrika-ole\/#primaryimage"},"thumbnailUrl":"http:\/\/www.jazzzeitung.de\/cms\/wp-content\/uploads\/2010\/06\/Ibrahim_0.jpg","keywords":["Aachen","Abdullah Ibrahim","Blog","Innovationspreis","Innovationspreis Kunst","Kultur","Preise","S\u00fcdafrika","WM"],"articleSection":["Blog"],"inLanguage":"de","potentialAction":[{"@type":"CommentAction","name":"Comment","target":["https:\/\/www.jazzzeitung.de\/cms\/2010\/06\/suedafrika-ole\/#respond"]}]},{"@type":"WebPage","@id":"https:\/\/www.jazzzeitung.de\/cms\/2010\/06\/suedafrika-ole\/","url":"https:\/\/www.jazzzeitung.de\/cms\/2010\/06\/suedafrika-ole\/","name":"S\u00fcdafrika, ol\u00e9! - JazzZeitung","isPartOf":{"@id":"https:\/\/www.jazzzeitung.de\/cms\/#website"},"primaryImageOfPage":{"@id":"https:\/\/www.jazzzeitung.de\/cms\/2010\/06\/suedafrika-ole\/#primaryimage"},"image":{"@id":"https:\/\/www.jazzzeitung.de\/cms\/2010\/06\/suedafrika-ole\/#primaryimage"},"thumbnailUrl":"http:\/\/www.jazzzeitung.de\/cms\/wp-content\/uploads\/2010\/06\/Ibrahim_0.jpg","datePublished":"2010-06-10T11:51:31+00:00","breadcrumb":{"@id":"https:\/\/www.jazzzeitung.de\/cms\/2010\/06\/suedafrika-ole\/#breadcrumb"},"inLanguage":"de","potentialAction":[{"@type":"ReadAction","target":["https:\/\/www.jazzzeitung.de\/cms\/2010\/06\/suedafrika-ole\/"]}]},{"@type":"ImageObject","inLanguage":"de","@id":"https:\/\/www.jazzzeitung.de\/cms\/2010\/06\/suedafrika-ole\/#primaryimage","url":"http:\/\/www.jazzzeitung.de\/cms\/wp-content\/uploads\/2010\/06\/Ibrahim_0.jpg","contentUrl":"http:\/\/www.jazzzeitung.de\/cms\/wp-content\/uploads\/2010\/06\/Ibrahim_0.jpg"},{"@type":"BreadcrumbList","@id":"https:\/\/www.jazzzeitung.de\/cms\/2010\/06\/suedafrika-ole\/#breadcrumb","itemListElement":[{"@type":"ListItem","position":1,"name":"Startseite","item":"https:\/\/www.jazzzeitung.de\/cms\/"},{"@type":"ListItem","position":2,"name":"S\u00fcdafrika, ol\u00e9!"}]},{"@type":"WebSite","@id":"https:\/\/www.jazzzeitung.de\/cms\/#website","url":"https:\/\/www.jazzzeitung.de\/cms\/","name":"JazzZeitung","description":"Jazz-News und Jazz-Kontroverses","publisher":{"@id":"https:\/\/www.jazzzeitung.de\/cms\/#organization"},"potentialAction":[{"@type":"SearchAction","target":{"@type":"EntryPoint","urlTemplate":"https:\/\/www.jazzzeitung.de\/cms\/?s={search_term_string}"},"query-input":{"@type":"PropertyValueSpecification","valueRequired":true,"valueName":"search_term_string"}}],"inLanguage":"de"},{"@type":"Organization","@id":"https:\/\/www.jazzzeitung.de\/cms\/#organization","name":"JazzZeitung online","url":"https:\/\/www.jazzzeitung.de\/cms\/","logo":{"@type":"ImageObject","inLanguage":"de","@id":"https:\/\/www.jazzzeitung.de\/cms\/#\/schema\/logo\/image\/","url":"https:\/\/i0.wp.com\/www.jazzzeitung.de\/cms\/wp-content\/uploads\/2015\/08\/JAZZZEITUNGDE_Logo_Neu.png?fit=499%2C200&ssl=1","contentUrl":"https:\/\/i0.wp.com\/www.jazzzeitung.de\/cms\/wp-content\/uploads\/2015\/08\/JAZZZEITUNGDE_Logo_Neu.png?fit=499%2C200&ssl=1","width":499,"height":200,"caption":"JazzZeitung online"},"image":{"@id":"https:\/\/www.jazzzeitung.de\/cms\/#\/schema\/logo\/image\/"},"sameAs":["https:\/\/www.facebook.com\/JazzZeitung\/"]},{"@type":"Person","@id":"https:\/\/www.jazzzeitung.de\/cms\/#\/schema\/person\/4c5aaf486bdcd85db94b9a8b9e026bad","name":"J\u00f6rg Lichtinger","image":{"@type":"ImageObject","inLanguage":"de","@id":"https:\/\/secure.gravatar.com\/avatar\/8d1d484eb77cf370a1620f9866681cdba540c9b8439ce96ea0c830dd3b59936c?s=96&d=wp_user_avatar&r=ge66dff7680db2349fb79ae0cb2d734e3","url":"https:\/\/secure.gravatar.com\/avatar\/8d1d484eb77cf370a1620f9866681cdba540c9b8439ce96ea0c830dd3b59936c?s=96&d=wp_user_avatar&r=g","contentUrl":"https:\/\/secure.gravatar.com\/avatar\/8d1d484eb77cf370a1620f9866681cdba540c9b8439ce96ea0c830dd3b59936c?s=96&d=wp_user_avatar&r=g","caption":"J\u00f6rg Lichtinger"},"url":"https:\/\/www.jazzzeitung.de\/cms\/author\/lichtinger\/"}]}},"wp-worthy-pixel":{"ignored":false,"public":null,"server":null,"url":null},"wp-worthy-type":"normal","jetpack_publicize_connections":[],"cc_featured_image_caption":{"caption_text":false,"source_text":false,"source_url":false},"jetpack_featured_media_url":"","jetpack_shortlink":"https:\/\/wp.me\/p3KEcT-2n","jetpack-related-posts":[{"id":11598,"url":"https:\/\/www.jazzzeitung.de\/cms\/2017\/01\/german-jazz-trophy-2017-geht-an-abdullah-ibrahim\/","url_meta":{"origin":147,"position":0},"title":"German Jazz Trophy 2017 geht an Abdullah Ibrahim","author":"Redaktion JazzZeitung","date":"27. Januar 2017","format":false,"excerpt":"Der Pianist und Komponist Abdullah Ibrahim (geb. 9. Oktober 1934 in Kapstadt) wird mit der German Jazz Trophy 2017 ausgezeichnet. Der Preis ist mit 15.000 Euro dotiert, sowie mit einer Statue des Stuttgarter Bildhauers Otto Herbert Hajek und wird verliehen von der Stiftung Kunst und Kultur der Sparda-Bank Baden-W\u00fcrttemberg, der\u2026","rel":"","context":"In &quot;Redaktionelle Nachrichten&quot;","block_context":{"text":"Redaktionelle Nachrichten","link":"https:\/\/www.jazzzeitung.de\/cms\/thema\/redaktion\/"},"img":{"alt_text":"","src":"https:\/\/i0.wp.com\/www.jazzzeitung.de\/cms\/wp-content\/uploads\/2017\/01\/Abdullah-Ibrahim_2-150x150.jpg?resize=350%2C200","width":350,"height":200},"classes":[]},{"id":12905,"url":"https:\/\/www.jazzzeitung.de\/cms\/2017\/07\/abdullah-ibrahim-eroeffnet-die-jazzopen-stuttgart-mit-ueber-40-acts-an-10-tagen-auf-6-buehnen\/","url_meta":{"origin":147,"position":1},"title":"Abdullah Ibrahim er\u00f6ffnet das Festival jazzopen in Stuttgart mit \u00fcber 40 Acts an 10 Tagen auf 6 B\u00fchnen","author":"Redaktion JazzZeitung","date":"7. Juli 2017","format":false,"excerpt":"Vom 7. bis 16. Juli 2017 verwandeln die jazzopen stuttgart die Landeshauptstadt wieder in einen Hotspot f\u00fcr Musikfans und pr\u00e4sentieren an 10 Tagen und auf sechs B\u00fchnen unter dem Motto \u201ebe JAZZ be OPEN\u201c zum 24. Mal K\u00fcnstler internationaler Klasse \u2013 darunter Quincy Jones, Herbie Hancock, Tom Jones, Wayne Shorter,\u2026","rel":"","context":"In &quot;News&quot;","block_context":{"text":"News","link":"https:\/\/www.jazzzeitung.de\/cms\/thema\/nachrichten\/"},"img":{"alt_text":"","src":"https:\/\/i0.wp.com\/www.jazzzeitung.de\/cms\/wp-content\/uploads\/2017\/07\/Ibrahim-2-dombr-150x150.jpg?resize=350%2C200&ssl=1","width":350,"height":200},"classes":[]},{"id":27422,"url":"https:\/\/www.jazzzeitung.de\/cms\/2022\/05\/abdullah-ibrahim-solo-im-stadttheater-landsberg\/","url_meta":{"origin":147,"position":2},"title":"Abdullah Ibrahim solo im Stadttheater Landsberg","author":"Thomas J. Krebs","date":"27. Mai 2022","format":false,"excerpt":"In unserer mittlerweile permanent von neuen Krisen gesch\u00fcttelten Zeit, spendete der mittlerweile 88-j\u00e4hrige Abdullah Ibrahim dem Publikum mit seinem Solo Konzert Mut f\u00fcr die Zukunft. Ein improvisiertes Piano-Solo-Konzert ist f\u00fcr den K\u00fcnstler wie f\u00fcr das Publikum eine Herausforderung. Ungemeine Spannung liegt auch bei Abdullah Ibrahim im Raum, \u00e4hnlich wie bei\u2026","rel":"","context":"In &quot;Bericht&quot;","block_context":{"text":"Bericht","link":"https:\/\/www.jazzzeitung.de\/cms\/thema\/bericht\/"},"img":{"alt_text":"","src":"https:\/\/i0.wp.com\/www.jazzzeitung.de\/cms\/wp-content\/uploads\/2022\/05\/aufmacher.jpg?fit=1200%2C811&ssl=1&resize=350%2C200","width":350,"height":200,"srcset":"https:\/\/i0.wp.com\/www.jazzzeitung.de\/cms\/wp-content\/uploads\/2022\/05\/aufmacher.jpg?fit=1200%2C811&ssl=1&resize=350%2C200 1x, https:\/\/i0.wp.com\/www.jazzzeitung.de\/cms\/wp-content\/uploads\/2022\/05\/aufmacher.jpg?fit=1200%2C811&ssl=1&resize=525%2C300 1.5x, https:\/\/i0.wp.com\/www.jazzzeitung.de\/cms\/wp-content\/uploads\/2022\/05\/aufmacher.jpg?fit=1200%2C811&ssl=1&resize=700%2C400 2x, https:\/\/i0.wp.com\/www.jazzzeitung.de\/cms\/wp-content\/uploads\/2022\/05\/aufmacher.jpg?fit=1200%2C811&ssl=1&resize=1050%2C600 3x"},"classes":[]},{"id":10135,"url":"https:\/\/www.jazzzeitung.de\/cms\/2016\/09\/konzert-im-bayerischen-hof-mit-abdullah-ibrahim\/","url_meta":{"origin":147,"position":3},"title":"Bildergalerie: Abdullah Ibrahim im Bayerischen Hof","author":"Redaktion JazzZeitung","date":"26. September 2016","format":false,"excerpt":"Die Fotografen Ralf Dombrowski und Thomas J. Krebs waren beim Konzert des Pianisten Abdullah Ibrahim im Bayerischen Hof in M\u00fcnchen und haben ihre Eindr\u00fccke aus verschiedenen\u00a0Perspektiven festgehalten. \u00a0 Merken","rel":"","context":"In &quot;Galerie&quot;","block_context":{"text":"Galerie","link":"https:\/\/www.jazzzeitung.de\/cms\/thema\/galerie\/"},"img":{"alt_text":"","src":"https:\/\/i0.wp.com\/www.jazzzeitung.de\/cms\/wp-content\/uploads\/2016\/09\/P1160940-Abdullah-Ibrahim-Foto-TJ-Krebs.jpg?resize=350%2C200","width":350,"height":200,"srcset":"https:\/\/i0.wp.com\/www.jazzzeitung.de\/cms\/wp-content\/uploads\/2016\/09\/P1160940-Abdullah-Ibrahim-Foto-TJ-Krebs.jpg?resize=350%2C200 1x, https:\/\/i0.wp.com\/www.jazzzeitung.de\/cms\/wp-content\/uploads\/2016\/09\/P1160940-Abdullah-Ibrahim-Foto-TJ-Krebs.jpg?resize=525%2C300 1.5x, https:\/\/i0.wp.com\/www.jazzzeitung.de\/cms\/wp-content\/uploads\/2016\/09\/P1160940-Abdullah-Ibrahim-Foto-TJ-Krebs.jpg?resize=700%2C400 2x, https:\/\/i0.wp.com\/www.jazzzeitung.de\/cms\/wp-content\/uploads\/2016\/09\/P1160940-Abdullah-Ibrahim-Foto-TJ-Krebs.jpg?resize=1050%2C600 3x, https:\/\/i0.wp.com\/www.jazzzeitung.de\/cms\/wp-content\/uploads\/2016\/09\/P1160940-Abdullah-Ibrahim-Foto-TJ-Krebs.jpg?resize=1400%2C800 4x"},"classes":[]},{"id":9922,"url":"https:\/\/www.jazzzeitung.de\/cms\/2016\/08\/internationaler-flair-im-bayerischen-hof\/","url_meta":{"origin":147,"position":4},"title":"Internationales Flair im Bayerischen Hof","author":"Redaktion JazzZeitung","date":"22. August 2016","format":false,"excerpt":"Am 22.9.16 startet die Herbst-Saison im Bayerischen Hof mit einem vielf\u00e4ltigen, internationalen Programm. Die Serie \u201eNew York im Bayerischen Hof\u201c lockt wie Gr\u00f6\u00dfen wie Abdulah Ibrahim, B\u00ea Ignacio, Ron Carter Golden Striker Trio, der Dino Saluzzi Group, Cosmo Klein and the Phunkguerilla, Omer Avital, Icognito und das Fred Wesley Trio\u2026","rel":"","context":"In &quot;News&quot;","block_context":{"text":"News","link":"https:\/\/www.jazzzeitung.de\/cms\/thema\/nachrichten\/"},"img":{"alt_text":"Abdullah Ibrahim","src":"https:\/\/i0.wp.com\/www.jazzzeitung.de\/cms\/wp-content\/uploads\/2016\/08\/Abdullah_Ibrahim_1-150x150.jpeg?resize=350%2C200","width":350,"height":200},"classes":[]},{"id":12569,"url":"https:\/\/www.jazzzeitung.de\/cms\/2017\/06\/ein-buch-tipp-100-jahre-jazz\/","url_meta":{"origin":147,"position":5},"title":"Ein Buch-Tipp: 100 Jahre Jazz","author":"Redaktion JazzZeitung","date":"1. Juni 2017","format":false,"excerpt":"Die Geburtsstunde des Jazz ist ja nach wie vor umstritten. Das gibt der Autor dieses Jubil\u00e4umsbandes auch ganz offen zu. Viele datieren sie aber nach wie vor auf den 26. Februar 1917, als die Original Dixieland Jass Band des Kornettisten Dominic James La Rocca die Titel \u201eLivery Stable Blues\u201c und\u2026","rel":"","context":"In &quot;Rezension&quot;","block_context":{"text":"Rezension","link":"https:\/\/www.jazzzeitung.de\/cms\/thema\/rezension\/"},"img":{"alt_text":"","src":"https:\/\/i0.wp.com\/www.jazzzeitung.de\/cms\/wp-content\/uploads\/2017\/05\/100_Jahre_Jazz_300dpi_Cover-225x300.jpg?resize=350%2C200&ssl=1","width":350,"height":200},"classes":[]}],"jetpack_sharing_enabled":true,"_links":{"self":[{"href":"https:\/\/www.jazzzeitung.de\/cms\/wp-json\/wp\/v2\/posts\/147","targetHints":{"allow":["GET"]}}],"collection":[{"href":"https:\/\/www.jazzzeitung.de\/cms\/wp-json\/wp\/v2\/posts"}],"about":[{"href":"https:\/\/www.jazzzeitung.de\/cms\/wp-json\/wp\/v2\/types\/post"}],"author":[{"embeddable":true,"href":"https:\/\/www.jazzzeitung.de\/cms\/wp-json\/wp\/v2\/users\/4"}],"replies":[{"embeddable":true,"href":"https:\/\/www.jazzzeitung.de\/cms\/wp-json\/wp\/v2\/comments?post=147"}],"version-history":[{"count":0,"href":"https:\/\/www.jazzzeitung.de\/cms\/wp-json\/wp\/v2\/posts\/147\/revisions"}],"wp:attachment":[{"href":"https:\/\/www.jazzzeitung.de\/cms\/wp-json\/wp\/v2\/media?parent=147"}],"wp:term":[{"taxonomy":"category","embeddable":true,"href":"https:\/\/www.jazzzeitung.de\/cms\/wp-json\/wp\/v2\/categories?post=147"},{"taxonomy":"post_tag","embeddable":true,"href":"https:\/\/www.jazzzeitung.de\/cms\/wp-json\/wp\/v2\/tags?post=147"},{"taxonomy":"author","embeddable":true,"href":"https:\/\/www.jazzzeitung.de\/cms\/wp-json\/wp\/v2\/coauthors?post=147"}],"curies":[{"name":"wp","href":"https:\/\/api.w.org\/{rel}","templated":true}]}}