{"id":14636,"date":"2017-12-29T16:12:35","date_gmt":"2017-12-29T15:12:35","guid":{"rendered":"https:\/\/www.jazzzeitung.de\/cms\/?p=14636"},"modified":"2017-12-30T11:53:20","modified_gmt":"2017-12-30T10:53:20","slug":"frisch-durchgehoert-neue-cds-musikalischer-freigeist","status":"publish","type":"post","link":"https:\/\/www.jazzzeitung.de\/cms\/2017\/12\/frisch-durchgehoert-neue-cds-musikalischer-freigeist\/","title":{"rendered":"Frisch durchgeh\u00f6rt \u2013 neue CDs: Musikalischer Freigeist"},"content":{"rendered":"<p><b>Stefan Pieper h\u00f6rt CDs frisch durch.<br \/>\n<\/b><\/p>\n<p><b>Norbert Stein &amp; Pata Messengers: We are!<\/b><\/p>\n<p><a href=\"https:\/\/i0.wp.com\/www.jazzzeitung.de\/cms\/wp-content\/uploads\/2017\/12\/STEIN.jpg.jpg?ssl=1\"><img data-recalc-dims=\"1\" loading=\"lazy\" decoding=\"async\" data-attachment-id=\"14644\" data-permalink=\"https:\/\/www.jazzzeitung.de\/cms\/2017\/12\/frisch-durchgehoert-neue-cds-musikalischer-freigeist\/stein-jpg\/\" data-orig-file=\"https:\/\/i0.wp.com\/www.jazzzeitung.de\/cms\/wp-content\/uploads\/2017\/12\/STEIN.jpg.jpg?fit=2852%2C2855&amp;ssl=1\" data-orig-size=\"2852,2855\" data-comments-opened=\"1\" data-image-meta=\"{&quot;aperture&quot;:&quot;2.8&quot;,&quot;credit&quot;:&quot;Picasa&quot;,&quot;camera&quot;:&quot;DSC-RX10&quot;,&quot;caption&quot;:&quot;&quot;,&quot;created_timestamp&quot;:&quot;1513784651&quot;,&quot;copyright&quot;:&quot;&quot;,&quot;focal_length&quot;:&quot;38.37&quot;,&quot;iso&quot;:&quot;320&quot;,&quot;shutter_speed&quot;:&quot;0.008&quot;,&quot;title&quot;:&quot;&quot;,&quot;orientation&quot;:&quot;0&quot;}\" data-image-title=\"STEIN.jpg\" data-image-description=\"\" data-image-caption=\"\" data-large-file=\"https:\/\/i0.wp.com\/www.jazzzeitung.de\/cms\/wp-content\/uploads\/2017\/12\/STEIN.jpg.jpg?fit=599%2C600&amp;ssl=1\" class=\"alignright wp-image-14644 size-thumbnail\" src=\"https:\/\/i0.wp.com\/www.jazzzeitung.de\/cms\/wp-content\/uploads\/2017\/12\/STEIN.jpg.jpg?resize=150%2C150&#038;ssl=1\" alt=\"\" width=\"150\" height=\"150\" srcset=\"https:\/\/i0.wp.com\/www.jazzzeitung.de\/cms\/wp-content\/uploads\/2017\/12\/STEIN.jpg.jpg?resize=150%2C150&amp;ssl=1 150w, https:\/\/i0.wp.com\/www.jazzzeitung.de\/cms\/wp-content\/uploads\/2017\/12\/STEIN.jpg.jpg?resize=300%2C300&amp;ssl=1 300w, https:\/\/i0.wp.com\/www.jazzzeitung.de\/cms\/wp-content\/uploads\/2017\/12\/STEIN.jpg.jpg?resize=768%2C769&amp;ssl=1 768w, https:\/\/i0.wp.com\/www.jazzzeitung.de\/cms\/wp-content\/uploads\/2017\/12\/STEIN.jpg.jpg?resize=599%2C600&amp;ssl=1 599w, https:\/\/i0.wp.com\/www.jazzzeitung.de\/cms\/wp-content\/uploads\/2017\/12\/STEIN.jpg.jpg?resize=600%2C601&amp;ssl=1 600w, https:\/\/i0.wp.com\/www.jazzzeitung.de\/cms\/wp-content\/uploads\/2017\/12\/STEIN.jpg.jpg?resize=32%2C32&amp;ssl=1 32w, https:\/\/i0.wp.com\/www.jazzzeitung.de\/cms\/wp-content\/uploads\/2017\/12\/STEIN.jpg.jpg?resize=50%2C50&amp;ssl=1 50w, https:\/\/i0.wp.com\/www.jazzzeitung.de\/cms\/wp-content\/uploads\/2017\/12\/STEIN.jpg.jpg?resize=64%2C64&amp;ssl=1 64w, https:\/\/i0.wp.com\/www.jazzzeitung.de\/cms\/wp-content\/uploads\/2017\/12\/STEIN.jpg.jpg?resize=96%2C96&amp;ssl=1 96w, https:\/\/i0.wp.com\/www.jazzzeitung.de\/cms\/wp-content\/uploads\/2017\/12\/STEIN.jpg.jpg?resize=128%2C128&amp;ssl=1 128w, https:\/\/i0.wp.com\/www.jazzzeitung.de\/cms\/wp-content\/uploads\/2017\/12\/STEIN.jpg.jpg?w=1680&amp;ssl=1 1680w, https:\/\/i0.wp.com\/www.jazzzeitung.de\/cms\/wp-content\/uploads\/2017\/12\/STEIN.jpg.jpg?w=2520&amp;ssl=1 2520w\" sizes=\"auto, (max-width: 150px) 100vw, 150px\" \/><\/a>Wenn sich Musik frei geb\u00e4rdet und scheinbar gewohnte Ordnungssysteme fehlen, darf sich der H\u00f6rer um so mehr auf neues Forschungsterrain mitnehmen lassen. In dieser Hinsicht wird gerade in den freien Randbereichen diesseits und vor allem jenseits der Musikrichtung mit den vier Buchstaben mannigfaltige Grundlagenforschung betrieben. Frisch geh\u00f6rt wurden kurz vor Jahresende ein paar neue CDs, in denen solch ein Geist sp\u00fcrbar ist. (pata music 2017)<\/p>\n<p><b>Christopher Dell: Monodosis II <\/b><\/p>\n<p><a href=\"https:\/\/i0.wp.com\/www.jazzzeitung.de\/cms\/wp-content\/uploads\/2017\/12\/DELL.jpg?ssl=1\"><img data-recalc-dims=\"1\" loading=\"lazy\" decoding=\"async\" data-attachment-id=\"14645\" data-permalink=\"https:\/\/www.jazzzeitung.de\/cms\/2017\/12\/frisch-durchgehoert-neue-cds-musikalischer-freigeist\/dell\/\" data-orig-file=\"https:\/\/i0.wp.com\/www.jazzzeitung.de\/cms\/wp-content\/uploads\/2017\/12\/DELL.jpg?fit=3022%2C3021&amp;ssl=1\" data-orig-size=\"3022,3021\" data-comments-opened=\"1\" data-image-meta=\"{&quot;aperture&quot;:&quot;2.8&quot;,&quot;credit&quot;:&quot;Picasa&quot;,&quot;camera&quot;:&quot;DSC-RX10&quot;,&quot;caption&quot;:&quot;&quot;,&quot;created_timestamp&quot;:&quot;1513784657&quot;,&quot;copyright&quot;:&quot;&quot;,&quot;focal_length&quot;:&quot;38.37&quot;,&quot;iso&quot;:&quot;250&quot;,&quot;shutter_speed&quot;:&quot;0.008&quot;,&quot;title&quot;:&quot;&quot;,&quot;orientation&quot;:&quot;0&quot;}\" data-image-title=\"DELL\" data-image-description=\"\" data-image-caption=\"\" data-large-file=\"https:\/\/i0.wp.com\/www.jazzzeitung.de\/cms\/wp-content\/uploads\/2017\/12\/DELL.jpg?fit=600%2C600&amp;ssl=1\" class=\"alignright wp-image-14645 size-thumbnail\" src=\"https:\/\/i0.wp.com\/www.jazzzeitung.de\/cms\/wp-content\/uploads\/2017\/12\/DELL.jpg?resize=150%2C150&#038;ssl=1\" alt=\"\" width=\"150\" height=\"150\" srcset=\"https:\/\/i0.wp.com\/www.jazzzeitung.de\/cms\/wp-content\/uploads\/2017\/12\/DELL.jpg?resize=150%2C150&amp;ssl=1 150w, https:\/\/i0.wp.com\/www.jazzzeitung.de\/cms\/wp-content\/uploads\/2017\/12\/DELL.jpg?resize=300%2C300&amp;ssl=1 300w, https:\/\/i0.wp.com\/www.jazzzeitung.de\/cms\/wp-content\/uploads\/2017\/12\/DELL.jpg?resize=768%2C768&amp;ssl=1 768w, https:\/\/i0.wp.com\/www.jazzzeitung.de\/cms\/wp-content\/uploads\/2017\/12\/DELL.jpg?resize=600%2C600&amp;ssl=1 600w, https:\/\/i0.wp.com\/www.jazzzeitung.de\/cms\/wp-content\/uploads\/2017\/12\/DELL.jpg?resize=32%2C32&amp;ssl=1 32w, https:\/\/i0.wp.com\/www.jazzzeitung.de\/cms\/wp-content\/uploads\/2017\/12\/DELL.jpg?resize=50%2C50&amp;ssl=1 50w, https:\/\/i0.wp.com\/www.jazzzeitung.de\/cms\/wp-content\/uploads\/2017\/12\/DELL.jpg?resize=64%2C64&amp;ssl=1 64w, https:\/\/i0.wp.com\/www.jazzzeitung.de\/cms\/wp-content\/uploads\/2017\/12\/DELL.jpg?resize=96%2C96&amp;ssl=1 96w, https:\/\/i0.wp.com\/www.jazzzeitung.de\/cms\/wp-content\/uploads\/2017\/12\/DELL.jpg?resize=128%2C128&amp;ssl=1 128w, https:\/\/i0.wp.com\/www.jazzzeitung.de\/cms\/wp-content\/uploads\/2017\/12\/DELL.jpg?w=1680&amp;ssl=1 1680w, https:\/\/i0.wp.com\/www.jazzzeitung.de\/cms\/wp-content\/uploads\/2017\/12\/DELL.jpg?w=2520&amp;ssl=1 2520w\" sizes=\"auto, (max-width: 150px) 100vw, 150px\" \/><\/a>Viel befl\u00fcgelnde Musikalit\u00e4t b\u00fcndelt Norbert Stein zusammen mit den Pata Messengers, der langj\u00e4hrig gewachsenen Band mit dem Pianisten Philipp Oubek, Joscha Oetz am Kontrabass sowie Etienne Nillesen an den Percussions. Sie bleiben auf ihrem neuen Album einem konsequent gepflegten schmalen Grat zwischen formaler Strenge und frei improvisierter Expression treu. Denn eine gewisse Strenge haben die hochpr\u00e4zisen Tonskalen, die jedem neuen St\u00fcck ihre Grundfarbe geben, allemal. Aber aus dem komprimierten Unisono m\u00e4andern mannigfaltige Ideenstr\u00f6me der einzelnen Spieler, die es in keinem Moment an Charakterf\u00fclle mangeln lassen. Es geh\u00f6rt zum bemerkenswerten Stil dieser Band, mit so etwas verbl\u00fcffend dichte Emotionen zu erzeugen.<\/p>\n<p>Logik ist Sache des Vibrafonisten Christopher Dell &#8211; zu der geh\u00f6rt auch die M\u00f6glichkeit des Scheiterns. Improvisation ist das Zauberwort f\u00fcr flexibles Reagieren. Solchen Zusammenh\u00e4ngen geht Dell auch theoretisch-reflexiv auf den Grund. So stellt er in Workshops die improvisierte Musik als idealtypische Praxis heraus, die auch technische oder betriebliche Vorg\u00e4nge ma\u00dfgeblich verbessern kann. Christopher Dells neue CD \u201eMonodosis&#8220; ist allerdings mehr eine Art Innenschau. Nur mit sich allein auf dem Mallet-Instrument kreiert Dell eine Art von musikalischem Algorithmus, der innerhalb von 23 ver\u00e4nderbaren Abl\u00e4ufen die Erneuerung im Kontinuum vollzieht. Das H\u00f6rvergn\u00fcgen, was sich hier einstellt, ist trotzdem sinnlich genug und erzeugt &#8211; je nach Stimmungslage \u2013 tiefe meditative Versenkung oder auch geistige Anregung. (reihe Neue Zeit)<\/p>\n<p><b>Gunter Hampel: Bounce &#8211; Live at the theater G\u00fctersloh <\/b><\/p>\n<p><a href=\"https:\/\/i0.wp.com\/www.jazzzeitung.de\/cms\/wp-content\/uploads\/2017\/12\/HAMPEL.jpg.jpg?ssl=1\"><img data-recalc-dims=\"1\" loading=\"lazy\" decoding=\"async\" data-attachment-id=\"14649\" data-permalink=\"https:\/\/www.jazzzeitung.de\/cms\/2017\/12\/frisch-durchgehoert-neue-cds-musikalischer-freigeist\/hampel-jpg\/\" data-orig-file=\"https:\/\/i0.wp.com\/www.jazzzeitung.de\/cms\/wp-content\/uploads\/2017\/12\/HAMPEL.jpg.jpg?fit=3131%2C3132&amp;ssl=1\" data-orig-size=\"3131,3132\" data-comments-opened=\"1\" data-image-meta=\"{&quot;aperture&quot;:&quot;2.8&quot;,&quot;credit&quot;:&quot;Picasa&quot;,&quot;camera&quot;:&quot;DSC-RX10&quot;,&quot;caption&quot;:&quot;&quot;,&quot;created_timestamp&quot;:&quot;1513784701&quot;,&quot;copyright&quot;:&quot;&quot;,&quot;focal_length&quot;:&quot;39.2&quot;,&quot;iso&quot;:&quot;800&quot;,&quot;shutter_speed&quot;:&quot;0.008&quot;,&quot;title&quot;:&quot;&quot;,&quot;orientation&quot;:&quot;0&quot;}\" data-image-title=\"HAMPEL.jpg\" data-image-description=\"\" data-image-caption=\"\" data-large-file=\"https:\/\/i0.wp.com\/www.jazzzeitung.de\/cms\/wp-content\/uploads\/2017\/12\/HAMPEL.jpg.jpg?fit=600%2C600&amp;ssl=1\" class=\"alignright wp-image-14649 size-thumbnail\" src=\"https:\/\/i0.wp.com\/www.jazzzeitung.de\/cms\/wp-content\/uploads\/2017\/12\/HAMPEL.jpg.jpg?resize=150%2C150&#038;ssl=1\" alt=\"\" width=\"150\" height=\"150\" srcset=\"https:\/\/i0.wp.com\/www.jazzzeitung.de\/cms\/wp-content\/uploads\/2017\/12\/HAMPEL.jpg.jpg?resize=150%2C150&amp;ssl=1 150w, https:\/\/i0.wp.com\/www.jazzzeitung.de\/cms\/wp-content\/uploads\/2017\/12\/HAMPEL.jpg.jpg?resize=300%2C300&amp;ssl=1 300w, https:\/\/i0.wp.com\/www.jazzzeitung.de\/cms\/wp-content\/uploads\/2017\/12\/HAMPEL.jpg.jpg?resize=768%2C768&amp;ssl=1 768w, https:\/\/i0.wp.com\/www.jazzzeitung.de\/cms\/wp-content\/uploads\/2017\/12\/HAMPEL.jpg.jpg?resize=600%2C600&amp;ssl=1 600w, https:\/\/i0.wp.com\/www.jazzzeitung.de\/cms\/wp-content\/uploads\/2017\/12\/HAMPEL.jpg.jpg?resize=32%2C32&amp;ssl=1 32w, https:\/\/i0.wp.com\/www.jazzzeitung.de\/cms\/wp-content\/uploads\/2017\/12\/HAMPEL.jpg.jpg?resize=50%2C50&amp;ssl=1 50w, https:\/\/i0.wp.com\/www.jazzzeitung.de\/cms\/wp-content\/uploads\/2017\/12\/HAMPEL.jpg.jpg?resize=64%2C64&amp;ssl=1 64w, https:\/\/i0.wp.com\/www.jazzzeitung.de\/cms\/wp-content\/uploads\/2017\/12\/HAMPEL.jpg.jpg?resize=96%2C96&amp;ssl=1 96w, https:\/\/i0.wp.com\/www.jazzzeitung.de\/cms\/wp-content\/uploads\/2017\/12\/HAMPEL.jpg.jpg?resize=128%2C128&amp;ssl=1 128w, https:\/\/i0.wp.com\/www.jazzzeitung.de\/cms\/wp-content\/uploads\/2017\/12\/HAMPEL.jpg.jpg?w=1680&amp;ssl=1 1680w, https:\/\/i0.wp.com\/www.jazzzeitung.de\/cms\/wp-content\/uploads\/2017\/12\/HAMPEL.jpg.jpg?w=2520&amp;ssl=1 2520w\" sizes=\"auto, (max-width: 150px) 100vw, 150px\" \/><\/a>Humor ist eine gro\u00dfe musikalische Tugend: Frei improvisieren und die Instrumente zum Gl\u00fchen bringen, um damit beim Publikum den Funken \u00fcberspringen lassen \u2013 das geht mit Humor am besten! Noch mehr musikalischer Spa\u00df als bei diesem Konzert von Gunter Hampel im Theater von G\u00fctersloh ist kaum denkbar. Den g\u00f6nnte sich der mittlerweile 80j\u00e4hrige Multiinstrumentalist zusammen mit j\u00fcngeren Mitstreitern und einem begeisterungsf\u00e4higen Publikum. In einer fr\u00f6hlichen Hymne, die auch in Afrika gesungen werden k\u00f6nnte, schw\u00f6ren sich die Musiker aufeinander ein. Und schon leuchtet und funkelt ein Feuerwerk aus schr\u00e4gen Improvisationen, z\u00fcnden, polternd- swingenden Rhythmen und manch skuriller Idee, die sich fr\u00f6hlich alle Ecken und Kanten leistet. Gekr\u00f6nt wird dies von der S\u00e4ngerin Cavana Lee-Hampel, die das Kaleidoskop noch zus\u00e4tzlich anreichert. Nicht falsch verstehen: Klamauk ist das ganze mitnichten, denn hinter der herrlich spontanen Gewitztheit steht viel in W\u00fcrde gereifter und sich erneuernder Freigeist. Das gilt nat\u00fcrlich auch f\u00fcr die hitzigen Duelle der H\u00f6rner von Gunter Hampel und Johannes Schleiermacher sowie die flexible Trommelkunst von Bernd Oeszevim. (Intuition 2017)<\/p>\n<p><b>Mario Batkovic<\/b><\/p>\n<p><a href=\"https:\/\/i0.wp.com\/www.jazzzeitung.de\/cms\/wp-content\/uploads\/2017\/12\/BATKOVICH.jpg.jpg?ssl=1\"><img data-recalc-dims=\"1\" loading=\"lazy\" decoding=\"async\" data-attachment-id=\"14651\" data-permalink=\"https:\/\/www.jazzzeitung.de\/cms\/2017\/12\/frisch-durchgehoert-neue-cds-musikalischer-freigeist\/batkovich-jpg\/\" data-orig-file=\"https:\/\/i0.wp.com\/www.jazzzeitung.de\/cms\/wp-content\/uploads\/2017\/12\/BATKOVICH.jpg.jpg?fit=3349%2C3345&amp;ssl=1\" data-orig-size=\"3349,3345\" data-comments-opened=\"1\" data-image-meta=\"{&quot;aperture&quot;:&quot;2.8&quot;,&quot;credit&quot;:&quot;Picasa&quot;,&quot;camera&quot;:&quot;DSC-RX10&quot;,&quot;caption&quot;:&quot;&quot;,&quot;created_timestamp&quot;:&quot;1513784669&quot;,&quot;copyright&quot;:&quot;&quot;,&quot;focal_length&quot;:&quot;38.37&quot;,&quot;iso&quot;:&quot;1250&quot;,&quot;shutter_speed&quot;:&quot;0.008&quot;,&quot;title&quot;:&quot;&quot;,&quot;orientation&quot;:&quot;0&quot;}\" data-image-title=\"BATKOVICH.jpg\" data-image-description=\"\" data-image-caption=\"\" data-large-file=\"https:\/\/i0.wp.com\/www.jazzzeitung.de\/cms\/wp-content\/uploads\/2017\/12\/BATKOVICH.jpg.jpg?fit=601%2C600&amp;ssl=1\" class=\"alignright wp-image-14651 size-thumbnail\" src=\"https:\/\/i0.wp.com\/www.jazzzeitung.de\/cms\/wp-content\/uploads\/2017\/12\/BATKOVICH.jpg.jpg?resize=150%2C150&#038;ssl=1\" alt=\"\" width=\"150\" height=\"150\" srcset=\"https:\/\/i0.wp.com\/www.jazzzeitung.de\/cms\/wp-content\/uploads\/2017\/12\/BATKOVICH.jpg.jpg?resize=150%2C150&amp;ssl=1 150w, https:\/\/i0.wp.com\/www.jazzzeitung.de\/cms\/wp-content\/uploads\/2017\/12\/BATKOVICH.jpg.jpg?resize=300%2C300&amp;ssl=1 300w, https:\/\/i0.wp.com\/www.jazzzeitung.de\/cms\/wp-content\/uploads\/2017\/12\/BATKOVICH.jpg.jpg?resize=768%2C767&amp;ssl=1 768w, https:\/\/i0.wp.com\/www.jazzzeitung.de\/cms\/wp-content\/uploads\/2017\/12\/BATKOVICH.jpg.jpg?resize=601%2C600&amp;ssl=1 601w, https:\/\/i0.wp.com\/www.jazzzeitung.de\/cms\/wp-content\/uploads\/2017\/12\/BATKOVICH.jpg.jpg?resize=600%2C599&amp;ssl=1 600w, https:\/\/i0.wp.com\/www.jazzzeitung.de\/cms\/wp-content\/uploads\/2017\/12\/BATKOVICH.jpg.jpg?resize=32%2C32&amp;ssl=1 32w, https:\/\/i0.wp.com\/www.jazzzeitung.de\/cms\/wp-content\/uploads\/2017\/12\/BATKOVICH.jpg.jpg?resize=50%2C50&amp;ssl=1 50w, https:\/\/i0.wp.com\/www.jazzzeitung.de\/cms\/wp-content\/uploads\/2017\/12\/BATKOVICH.jpg.jpg?resize=64%2C64&amp;ssl=1 64w, https:\/\/i0.wp.com\/www.jazzzeitung.de\/cms\/wp-content\/uploads\/2017\/12\/BATKOVICH.jpg.jpg?resize=96%2C96&amp;ssl=1 96w, https:\/\/i0.wp.com\/www.jazzzeitung.de\/cms\/wp-content\/uploads\/2017\/12\/BATKOVICH.jpg.jpg?resize=128%2C128&amp;ssl=1 128w, https:\/\/i0.wp.com\/www.jazzzeitung.de\/cms\/wp-content\/uploads\/2017\/12\/BATKOVICH.jpg.jpg?w=1680&amp;ssl=1 1680w, https:\/\/i0.wp.com\/www.jazzzeitung.de\/cms\/wp-content\/uploads\/2017\/12\/BATKOVICH.jpg.jpg?w=2520&amp;ssl=1 2520w\" sizes=\"auto, (max-width: 150px) 100vw, 150px\" \/><\/a>Minimalismus ist viel mehr, als nur Tonabst\u00e4nde zu minimieren \u2013 und da erneuert der Bosnier Mario Batkovic auf seinem Akkordeon in seinem zupackenden Spiel \u201edie&#8220; Minimal Music. F\u00fcr solche ine Materie ist sein Akkordeon in bestem Sinne pr\u00e4destiniert. Also kostet er lustvoll das vorhandene Potenzial aus: Wunderbar kann man mit den entstehenden Lufts\u00e4ulen statische Bordunt\u00f6ne erzeugen und diese in st\u00e4ndiger Repetition zu oszillierenden Teppichen ausbauen. Mario Batkovic stellt auf diese Weise die latent \u201estatische&#8220; Klanglichkeit des Akkordeons in den Dienst repetitiver Trancezust\u00e4nde. Laut, wieder leise, ganz zart, dann wieder wuchtig &#8211; die von Batkovic mit wechselvoller Dramaturgie ins Schwingen versetzten Texturen durchlaufen alle Aggregatzust\u00e4nde. Batkovics ist mit seiner Karriere dar\u00fcber hinaus auf einem denkbar guten Weg: Er durfte schon in der Elbphilharmonie spielen und erhielt einen \u201eRitterschlag&#8220; durch die Band Portishead. (Invada Records)<\/p>\n<p><b>VIP: Pierre Aud\u00e9tat \/ Vinz Vonlanthen <\/b><\/p>\n<p><a href=\"https:\/\/i0.wp.com\/www.jazzzeitung.de\/cms\/wp-content\/uploads\/2017\/12\/VIP.jpg?ssl=1\"><img data-recalc-dims=\"1\" loading=\"lazy\" decoding=\"async\" data-attachment-id=\"14652\" data-permalink=\"https:\/\/www.jazzzeitung.de\/cms\/2017\/12\/frisch-durchgehoert-neue-cds-musikalischer-freigeist\/vip\/\" data-orig-file=\"https:\/\/i0.wp.com\/www.jazzzeitung.de\/cms\/wp-content\/uploads\/2017\/12\/VIP.jpg?fit=3139%2C3142&amp;ssl=1\" data-orig-size=\"3139,3142\" data-comments-opened=\"1\" data-image-meta=\"{&quot;aperture&quot;:&quot;2.8&quot;,&quot;credit&quot;:&quot;Picasa&quot;,&quot;camera&quot;:&quot;DSC-RX10&quot;,&quot;caption&quot;:&quot;&quot;,&quot;created_timestamp&quot;:&quot;1513784662&quot;,&quot;copyright&quot;:&quot;&quot;,&quot;focal_length&quot;:&quot;38.37&quot;,&quot;iso&quot;:&quot;1000&quot;,&quot;shutter_speed&quot;:&quot;0.008&quot;,&quot;title&quot;:&quot;&quot;,&quot;orientation&quot;:&quot;0&quot;}\" data-image-title=\"VIP\" data-image-description=\"\" data-image-caption=\"\" data-large-file=\"https:\/\/i0.wp.com\/www.jazzzeitung.de\/cms\/wp-content\/uploads\/2017\/12\/VIP.jpg?fit=599%2C600&amp;ssl=1\" class=\"alignright wp-image-14652 size-thumbnail\" src=\"https:\/\/i0.wp.com\/www.jazzzeitung.de\/cms\/wp-content\/uploads\/2017\/12\/VIP.jpg?resize=150%2C150&#038;ssl=1\" alt=\"\" width=\"150\" height=\"150\" srcset=\"https:\/\/i0.wp.com\/www.jazzzeitung.de\/cms\/wp-content\/uploads\/2017\/12\/VIP.jpg?resize=150%2C150&amp;ssl=1 150w, https:\/\/i0.wp.com\/www.jazzzeitung.de\/cms\/wp-content\/uploads\/2017\/12\/VIP.jpg?resize=300%2C300&amp;ssl=1 300w, https:\/\/i0.wp.com\/www.jazzzeitung.de\/cms\/wp-content\/uploads\/2017\/12\/VIP.jpg?resize=768%2C769&amp;ssl=1 768w, https:\/\/i0.wp.com\/www.jazzzeitung.de\/cms\/wp-content\/uploads\/2017\/12\/VIP.jpg?resize=599%2C600&amp;ssl=1 599w, https:\/\/i0.wp.com\/www.jazzzeitung.de\/cms\/wp-content\/uploads\/2017\/12\/VIP.jpg?resize=600%2C601&amp;ssl=1 600w, https:\/\/i0.wp.com\/www.jazzzeitung.de\/cms\/wp-content\/uploads\/2017\/12\/VIP.jpg?resize=32%2C32&amp;ssl=1 32w, https:\/\/i0.wp.com\/www.jazzzeitung.de\/cms\/wp-content\/uploads\/2017\/12\/VIP.jpg?resize=50%2C50&amp;ssl=1 50w, https:\/\/i0.wp.com\/www.jazzzeitung.de\/cms\/wp-content\/uploads\/2017\/12\/VIP.jpg?resize=64%2C64&amp;ssl=1 64w, https:\/\/i0.wp.com\/www.jazzzeitung.de\/cms\/wp-content\/uploads\/2017\/12\/VIP.jpg?resize=96%2C96&amp;ssl=1 96w, https:\/\/i0.wp.com\/www.jazzzeitung.de\/cms\/wp-content\/uploads\/2017\/12\/VIP.jpg?resize=128%2C128&amp;ssl=1 128w, https:\/\/i0.wp.com\/www.jazzzeitung.de\/cms\/wp-content\/uploads\/2017\/12\/VIP.jpg?w=1680&amp;ssl=1 1680w, https:\/\/i0.wp.com\/www.jazzzeitung.de\/cms\/wp-content\/uploads\/2017\/12\/VIP.jpg?w=2520&amp;ssl=1 2520w\" sizes=\"auto, (max-width: 150px) 100vw, 150px\" \/><\/a>Neue Soundcapes aus der Schweiz! Elektronisch destillierte Klangereignisse prallen auf handgemachten Stromgitarren-Sound \u2013 dies passiert, wenn der Gitarristen Vin Vonlanthen und der Elektronikmusiker Pierre Aud\u00e9tat ihre individuellen Soundvisionen in direktem Bezug miteinander reagieren lassen. Erkennungsmerkmal dieser Produktion f\u00fcr Leo Feigins Label LEO-Records sind allein schon die raffinierten Samples von Autoanlassern, die anspielungsreich die Klangmaschinerie zum Laufen bringen. Epizentrum sind die knochentrockenen, abstrakten Loops von Audet\u00e1t, zugleich bereichert ein harsches ruheloses Gewebe aus Gitarrenklang und Verzerrer- und Effekt-Artistik am Hochreck diese faszinierend verquere music concr\u00e9te. (LEO Records)<\/p>\n","protected":false},"excerpt":{"rendered":"<p>Stefan Pieper h\u00f6rt CDs frisch durch. Norbert Stein &amp; Pata Messengers: We are! Wenn sich Musik frei geb\u00e4rdet und scheinbar gewohnte Ordnungssysteme fehlen, darf sich der H\u00f6rer um so mehr auf neues Forschungsterrain mitnehmen lassen. In dieser Hinsicht wird gerade in den freien Randbereichen diesseits und vor allem jenseits der Musikrichtung mit den vier Buchstaben mannigfaltige Grundlagenforschung betrieben. Frisch geh\u00f6rt wurden kurz vor Jahresende ein paar neue CDs, in denen solch ein Geist sp\u00fcrbar ist. (pata music 2017) Christopher Dell: Monodosis II Viel befl\u00fcgelnde Musikalit\u00e4t b\u00fcndelt Norbert Stein zusammen mit den Pata Messengers, der langj\u00e4hrig gewachsenen Band mit dem Pianisten Philipp Oubek, Joscha Oetz am Kontrabass sowie Etienne Nillesen an den Percussions. Sie bleiben auf ihrem neuen Album einem konsequent gepflegten schmalen Grat zwischen formaler Strenge und frei improvisierter Expression treu. Denn eine gewisse Strenge haben die hochpr\u00e4zisen Tonskalen, die jedem neuen St\u00fcck ihre Grundfarbe geben, allemal. Aber aus dem komprimierten Unisono m\u00e4andern mannigfaltige Ideenstr\u00f6me der einzelnen Spieler, die es in keinem Moment an Charakterf\u00fclle mangeln lassen. Es geh\u00f6rt zum bemerkenswerten Stil dieser Band, mit so etwas verbl\u00fcffend dichte Emotionen zu erzeugen. Logik ist Sache &hellip;<\/p>\n","protected":false},"author":18,"featured_media":14652,"comment_status":"open","ping_status":"closed","sticky":false,"template":"","format":"standard","meta":{"_jetpack_memberships_contains_paid_content":false,"footnotes":"","jetpack_publicize_message":"","jetpack_publicize_feature_enabled":true,"jetpack_social_post_already_shared":false,"jetpack_social_options":{"image_generator_settings":{"template":"highway","default_image_id":0,"font":"","enabled":false},"version":2}},"categories":[1152],"tags":[1400,33,34,109,1510,1772,1007,1065,994,322,339,1672,1129],"coauthors":[695],"class_list":["post-14636","post","type-post","status-publish","format-standard","has-post-thumbnail","hentry","category-rezension","tag-afrika","tag-akkordeon","tag-album","tag-cd","tag-elbphilharmonie","tag-gunter-hampel","tag-improvisation","tag-improvisierte-musik","tag-intuition","tag-konzert-2","tag-label","tag-live","tag-stefan-pieper"],"yoast_head":"<!-- This site is optimized with the Yoast SEO plugin v27.5 - https:\/\/yoast.com\/product\/yoast-seo-wordpress\/ -->\n<title>Frisch durchgeh\u00f6rt \u2013 neue CDs: Musikalischer Freigeist - JazzZeitung<\/title>\n<meta name=\"robots\" content=\"index, follow, max-snippet:-1, max-image-preview:large, max-video-preview:-1\" \/>\n<link rel=\"canonical\" href=\"https:\/\/www.jazzzeitung.de\/cms\/2017\/12\/frisch-durchgehoert-neue-cds-musikalischer-freigeist\/\" \/>\n<meta property=\"og:locale\" content=\"de_DE\" \/>\n<meta property=\"og:type\" content=\"article\" \/>\n<meta property=\"og:title\" content=\"Frisch durchgeh\u00f6rt \u2013 neue CDs: Musikalischer Freigeist - JazzZeitung\" \/>\n<meta property=\"og:description\" content=\"Stefan Pieper h\u00f6rt CDs frisch durch. Norbert Stein &amp; Pata Messengers: We are! Wenn sich Musik frei geb\u00e4rdet und scheinbar gewohnte Ordnungssysteme fehlen, darf sich der H\u00f6rer um so mehr auf neues Forschungsterrain mitnehmen lassen. In dieser Hinsicht wird gerade in den freien Randbereichen diesseits und vor allem jenseits der Musikrichtung mit den vier Buchstaben mannigfaltige Grundlagenforschung betrieben. Frisch geh\u00f6rt wurden kurz vor Jahresende ein paar neue CDs, in denen solch ein Geist sp\u00fcrbar ist. (pata music 2017) Christopher Dell: Monodosis II Viel befl\u00fcgelnde Musikalit\u00e4t b\u00fcndelt Norbert Stein zusammen mit den Pata Messengers, der langj\u00e4hrig gewachsenen Band mit dem Pianisten Philipp Oubek, Joscha Oetz am Kontrabass sowie Etienne Nillesen an den Percussions. Sie bleiben auf ihrem neuen Album einem konsequent gepflegten schmalen Grat zwischen formaler Strenge und frei improvisierter Expression treu. Denn eine gewisse Strenge haben die hochpr\u00e4zisen Tonskalen, die jedem neuen St\u00fcck ihre Grundfarbe geben, allemal. Aber aus dem komprimierten Unisono m\u00e4andern mannigfaltige Ideenstr\u00f6me der einzelnen Spieler, die es in keinem Moment an Charakterf\u00fclle mangeln lassen. Es geh\u00f6rt zum bemerkenswerten Stil dieser Band, mit so etwas verbl\u00fcffend dichte Emotionen zu erzeugen. Logik ist Sache &hellip;\" \/>\n<meta property=\"og:url\" content=\"https:\/\/www.jazzzeitung.de\/cms\/2017\/12\/frisch-durchgehoert-neue-cds-musikalischer-freigeist\/\" \/>\n<meta property=\"og:site_name\" content=\"JazzZeitung\" \/>\n<meta property=\"article:publisher\" content=\"https:\/\/www.facebook.com\/JazzZeitung\/\" \/>\n<meta property=\"article:published_time\" content=\"2017-12-29T15:12:35+00:00\" \/>\n<meta property=\"article:modified_time\" content=\"2017-12-30T10:53:20+00:00\" \/>\n<meta property=\"og:image\" content=\"https:\/\/www.jazzzeitung.de\/cms\/wp-content\/uploads\/2017\/12\/VIP-599x600.jpg\" \/>\n\t<meta property=\"og:image:width\" content=\"599\" \/>\n\t<meta property=\"og:image:height\" content=\"600\" \/>\n\t<meta property=\"og:image:type\" content=\"image\/jpeg\" \/>\n<meta name=\"author\" content=\"Redaktion JazzZeitung\" \/>\n<script type=\"application\/ld+json\" class=\"yoast-schema-graph\">{\"@context\":\"https:\\\/\\\/schema.org\",\"@graph\":[{\"@type\":\"Article\",\"@id\":\"https:\\\/\\\/www.jazzzeitung.de\\\/cms\\\/2017\\\/12\\\/frisch-durchgehoert-neue-cds-musikalischer-freigeist\\\/#article\",\"isPartOf\":{\"@id\":\"https:\\\/\\\/www.jazzzeitung.de\\\/cms\\\/2017\\\/12\\\/frisch-durchgehoert-neue-cds-musikalischer-freigeist\\\/\"},\"author\":{\"name\":\"Redaktion JazzZeitung\",\"@id\":\"https:\\\/\\\/www.jazzzeitung.de\\\/cms\\\/#\\\/schema\\\/person\\\/2245b36b9cd1d24cea10f01c031fb92b\"},\"headline\":\"Frisch durchgeh\u00f6rt \u2013 neue CDs: Musikalischer Freigeist\",\"datePublished\":\"2017-12-29T15:12:35+00:00\",\"dateModified\":\"2017-12-30T10:53:20+00:00\",\"mainEntityOfPage\":{\"@id\":\"https:\\\/\\\/www.jazzzeitung.de\\\/cms\\\/2017\\\/12\\\/frisch-durchgehoert-neue-cds-musikalischer-freigeist\\\/\"},\"wordCount\":761,\"commentCount\":0,\"publisher\":{\"@id\":\"https:\\\/\\\/www.jazzzeitung.de\\\/cms\\\/#organization\"},\"image\":{\"@id\":\"https:\\\/\\\/www.jazzzeitung.de\\\/cms\\\/2017\\\/12\\\/frisch-durchgehoert-neue-cds-musikalischer-freigeist\\\/#primaryimage\"},\"thumbnailUrl\":\"https:\\\/\\\/i0.wp.com\\\/www.jazzzeitung.de\\\/cms\\\/wp-content\\\/uploads\\\/2017\\\/12\\\/VIP.jpg?fit=3139%2C3142&ssl=1\",\"keywords\":[\"Afrika\",\"Akkordeon\",\"Album\",\"CD\",\"Elbphilharmonie\",\"Gunter Hampel\",\"Improvisation\",\"Improvisierte Musik\",\"Intuition\",\"Konzert\",\"Label\",\"Live\",\"Stefan Pieper\"],\"articleSection\":[\"Rezension\"],\"inLanguage\":\"de\",\"potentialAction\":[{\"@type\":\"CommentAction\",\"name\":\"Comment\",\"target\":[\"https:\\\/\\\/www.jazzzeitung.de\\\/cms\\\/2017\\\/12\\\/frisch-durchgehoert-neue-cds-musikalischer-freigeist\\\/#respond\"]}]},{\"@type\":\"WebPage\",\"@id\":\"https:\\\/\\\/www.jazzzeitung.de\\\/cms\\\/2017\\\/12\\\/frisch-durchgehoert-neue-cds-musikalischer-freigeist\\\/\",\"url\":\"https:\\\/\\\/www.jazzzeitung.de\\\/cms\\\/2017\\\/12\\\/frisch-durchgehoert-neue-cds-musikalischer-freigeist\\\/\",\"name\":\"Frisch durchgeh\u00f6rt \u2013 neue CDs: Musikalischer Freigeist - JazzZeitung\",\"isPartOf\":{\"@id\":\"https:\\\/\\\/www.jazzzeitung.de\\\/cms\\\/#website\"},\"primaryImageOfPage\":{\"@id\":\"https:\\\/\\\/www.jazzzeitung.de\\\/cms\\\/2017\\\/12\\\/frisch-durchgehoert-neue-cds-musikalischer-freigeist\\\/#primaryimage\"},\"image\":{\"@id\":\"https:\\\/\\\/www.jazzzeitung.de\\\/cms\\\/2017\\\/12\\\/frisch-durchgehoert-neue-cds-musikalischer-freigeist\\\/#primaryimage\"},\"thumbnailUrl\":\"https:\\\/\\\/i0.wp.com\\\/www.jazzzeitung.de\\\/cms\\\/wp-content\\\/uploads\\\/2017\\\/12\\\/VIP.jpg?fit=3139%2C3142&ssl=1\",\"datePublished\":\"2017-12-29T15:12:35+00:00\",\"dateModified\":\"2017-12-30T10:53:20+00:00\",\"breadcrumb\":{\"@id\":\"https:\\\/\\\/www.jazzzeitung.de\\\/cms\\\/2017\\\/12\\\/frisch-durchgehoert-neue-cds-musikalischer-freigeist\\\/#breadcrumb\"},\"inLanguage\":\"de\",\"potentialAction\":[{\"@type\":\"ReadAction\",\"target\":[\"https:\\\/\\\/www.jazzzeitung.de\\\/cms\\\/2017\\\/12\\\/frisch-durchgehoert-neue-cds-musikalischer-freigeist\\\/\"]}]},{\"@type\":\"ImageObject\",\"inLanguage\":\"de\",\"@id\":\"https:\\\/\\\/www.jazzzeitung.de\\\/cms\\\/2017\\\/12\\\/frisch-durchgehoert-neue-cds-musikalischer-freigeist\\\/#primaryimage\",\"url\":\"https:\\\/\\\/i0.wp.com\\\/www.jazzzeitung.de\\\/cms\\\/wp-content\\\/uploads\\\/2017\\\/12\\\/VIP.jpg?fit=3139%2C3142&ssl=1\",\"contentUrl\":\"https:\\\/\\\/i0.wp.com\\\/www.jazzzeitung.de\\\/cms\\\/wp-content\\\/uploads\\\/2017\\\/12\\\/VIP.jpg?fit=3139%2C3142&ssl=1\",\"width\":3139,\"height\":3142},{\"@type\":\"BreadcrumbList\",\"@id\":\"https:\\\/\\\/www.jazzzeitung.de\\\/cms\\\/2017\\\/12\\\/frisch-durchgehoert-neue-cds-musikalischer-freigeist\\\/#breadcrumb\",\"itemListElement\":[{\"@type\":\"ListItem\",\"position\":1,\"name\":\"Startseite\",\"item\":\"https:\\\/\\\/www.jazzzeitung.de\\\/cms\\\/\"},{\"@type\":\"ListItem\",\"position\":2,\"name\":\"Frisch durchgeh\u00f6rt \u2013 neue CDs: Musikalischer Freigeist\"}]},{\"@type\":\"WebSite\",\"@id\":\"https:\\\/\\\/www.jazzzeitung.de\\\/cms\\\/#website\",\"url\":\"https:\\\/\\\/www.jazzzeitung.de\\\/cms\\\/\",\"name\":\"JazzZeitung\",\"description\":\"Jazz-News und Jazz-Kontroverses\",\"publisher\":{\"@id\":\"https:\\\/\\\/www.jazzzeitung.de\\\/cms\\\/#organization\"},\"potentialAction\":[{\"@type\":\"SearchAction\",\"target\":{\"@type\":\"EntryPoint\",\"urlTemplate\":\"https:\\\/\\\/www.jazzzeitung.de\\\/cms\\\/?s={search_term_string}\"},\"query-input\":{\"@type\":\"PropertyValueSpecification\",\"valueRequired\":true,\"valueName\":\"search_term_string\"}}],\"inLanguage\":\"de\"},{\"@type\":\"Organization\",\"@id\":\"https:\\\/\\\/www.jazzzeitung.de\\\/cms\\\/#organization\",\"name\":\"JazzZeitung online\",\"url\":\"https:\\\/\\\/www.jazzzeitung.de\\\/cms\\\/\",\"logo\":{\"@type\":\"ImageObject\",\"inLanguage\":\"de\",\"@id\":\"https:\\\/\\\/www.jazzzeitung.de\\\/cms\\\/#\\\/schema\\\/logo\\\/image\\\/\",\"url\":\"https:\\\/\\\/i0.wp.com\\\/www.jazzzeitung.de\\\/cms\\\/wp-content\\\/uploads\\\/2015\\\/08\\\/JAZZZEITUNGDE_Logo_Neu.png?fit=499%2C200&ssl=1\",\"contentUrl\":\"https:\\\/\\\/i0.wp.com\\\/www.jazzzeitung.de\\\/cms\\\/wp-content\\\/uploads\\\/2015\\\/08\\\/JAZZZEITUNGDE_Logo_Neu.png?fit=499%2C200&ssl=1\",\"width\":499,\"height\":200,\"caption\":\"JazzZeitung online\"},\"image\":{\"@id\":\"https:\\\/\\\/www.jazzzeitung.de\\\/cms\\\/#\\\/schema\\\/logo\\\/image\\\/\"},\"sameAs\":[\"https:\\\/\\\/www.facebook.com\\\/JazzZeitung\\\/\"]},{\"@type\":\"Person\",\"@id\":\"https:\\\/\\\/www.jazzzeitung.de\\\/cms\\\/#\\\/schema\\\/person\\\/2245b36b9cd1d24cea10f01c031fb92b\",\"name\":\"Redaktion JazzZeitung\",\"image\":{\"@type\":\"ImageObject\",\"inLanguage\":\"de\",\"@id\":\"https:\\\/\\\/i0.wp.com\\\/www.jazzzeitung.de\\\/cms\\\/wp-content\\\/uploads\\\/2015\\\/08\\\/JAZZZEITUNGDE_Logo_Neu.png?resize=96%2C96&ssl=159975dcacb611b5700bd619b5daf0a7a\",\"url\":\"https:\\\/\\\/i0.wp.com\\\/www.jazzzeitung.de\\\/cms\\\/wp-content\\\/uploads\\\/2015\\\/08\\\/JAZZZEITUNGDE_Logo_Neu.png?resize=96%2C96&ssl=1\",\"contentUrl\":\"https:\\\/\\\/i0.wp.com\\\/www.jazzzeitung.de\\\/cms\\\/wp-content\\\/uploads\\\/2015\\\/08\\\/JAZZZEITUNGDE_Logo_Neu.png?resize=96%2C96&ssl=1\",\"caption\":\"Redaktion JazzZeitung\"},\"description\":\"Artikel der Redaktion der JazzZeitung.\",\"sameAs\":[\"http:\\\/\\\/www.jazzzeitung.de\\\/cms\\\/\"],\"url\":\"https:\\\/\\\/www.jazzzeitung.de\\\/cms\\\/author\\\/redaktion\\\/\"}]}<\/script>\n<!-- \/ Yoast SEO plugin. -->","yoast_head_json":{"title":"Frisch durchgeh\u00f6rt \u2013 neue CDs: Musikalischer Freigeist - JazzZeitung","robots":{"index":"index","follow":"follow","max-snippet":"max-snippet:-1","max-image-preview":"max-image-preview:large","max-video-preview":"max-video-preview:-1"},"canonical":"https:\/\/www.jazzzeitung.de\/cms\/2017\/12\/frisch-durchgehoert-neue-cds-musikalischer-freigeist\/","og_locale":"de_DE","og_type":"article","og_title":"Frisch durchgeh\u00f6rt \u2013 neue CDs: Musikalischer Freigeist - JazzZeitung","og_description":"Stefan Pieper h\u00f6rt CDs frisch durch. Norbert Stein &amp; Pata Messengers: We are! Wenn sich Musik frei geb\u00e4rdet und scheinbar gewohnte Ordnungssysteme fehlen, darf sich der H\u00f6rer um so mehr auf neues Forschungsterrain mitnehmen lassen. In dieser Hinsicht wird gerade in den freien Randbereichen diesseits und vor allem jenseits der Musikrichtung mit den vier Buchstaben mannigfaltige Grundlagenforschung betrieben. Frisch geh\u00f6rt wurden kurz vor Jahresende ein paar neue CDs, in denen solch ein Geist sp\u00fcrbar ist. (pata music 2017) Christopher Dell: Monodosis II Viel befl\u00fcgelnde Musikalit\u00e4t b\u00fcndelt Norbert Stein zusammen mit den Pata Messengers, der langj\u00e4hrig gewachsenen Band mit dem Pianisten Philipp Oubek, Joscha Oetz am Kontrabass sowie Etienne Nillesen an den Percussions. Sie bleiben auf ihrem neuen Album einem konsequent gepflegten schmalen Grat zwischen formaler Strenge und frei improvisierter Expression treu. Denn eine gewisse Strenge haben die hochpr\u00e4zisen Tonskalen, die jedem neuen St\u00fcck ihre Grundfarbe geben, allemal. Aber aus dem komprimierten Unisono m\u00e4andern mannigfaltige Ideenstr\u00f6me der einzelnen Spieler, die es in keinem Moment an Charakterf\u00fclle mangeln lassen. Es geh\u00f6rt zum bemerkenswerten Stil dieser Band, mit so etwas verbl\u00fcffend dichte Emotionen zu erzeugen. Logik ist Sache &hellip;","og_url":"https:\/\/www.jazzzeitung.de\/cms\/2017\/12\/frisch-durchgehoert-neue-cds-musikalischer-freigeist\/","og_site_name":"JazzZeitung","article_publisher":"https:\/\/www.facebook.com\/JazzZeitung\/","article_published_time":"2017-12-29T15:12:35+00:00","article_modified_time":"2017-12-30T10:53:20+00:00","og_image":[{"width":599,"height":600,"url":"https:\/\/www.jazzzeitung.de\/cms\/wp-content\/uploads\/2017\/12\/VIP-599x600.jpg","type":"image\/jpeg"}],"author":"Redaktion JazzZeitung","schema":{"@context":"https:\/\/schema.org","@graph":[{"@type":"Article","@id":"https:\/\/www.jazzzeitung.de\/cms\/2017\/12\/frisch-durchgehoert-neue-cds-musikalischer-freigeist\/#article","isPartOf":{"@id":"https:\/\/www.jazzzeitung.de\/cms\/2017\/12\/frisch-durchgehoert-neue-cds-musikalischer-freigeist\/"},"author":{"name":"Redaktion JazzZeitung","@id":"https:\/\/www.jazzzeitung.de\/cms\/#\/schema\/person\/2245b36b9cd1d24cea10f01c031fb92b"},"headline":"Frisch durchgeh\u00f6rt \u2013 neue CDs: Musikalischer Freigeist","datePublished":"2017-12-29T15:12:35+00:00","dateModified":"2017-12-30T10:53:20+00:00","mainEntityOfPage":{"@id":"https:\/\/www.jazzzeitung.de\/cms\/2017\/12\/frisch-durchgehoert-neue-cds-musikalischer-freigeist\/"},"wordCount":761,"commentCount":0,"publisher":{"@id":"https:\/\/www.jazzzeitung.de\/cms\/#organization"},"image":{"@id":"https:\/\/www.jazzzeitung.de\/cms\/2017\/12\/frisch-durchgehoert-neue-cds-musikalischer-freigeist\/#primaryimage"},"thumbnailUrl":"https:\/\/i0.wp.com\/www.jazzzeitung.de\/cms\/wp-content\/uploads\/2017\/12\/VIP.jpg?fit=3139%2C3142&ssl=1","keywords":["Afrika","Akkordeon","Album","CD","Elbphilharmonie","Gunter Hampel","Improvisation","Improvisierte Musik","Intuition","Konzert","Label","Live","Stefan Pieper"],"articleSection":["Rezension"],"inLanguage":"de","potentialAction":[{"@type":"CommentAction","name":"Comment","target":["https:\/\/www.jazzzeitung.de\/cms\/2017\/12\/frisch-durchgehoert-neue-cds-musikalischer-freigeist\/#respond"]}]},{"@type":"WebPage","@id":"https:\/\/www.jazzzeitung.de\/cms\/2017\/12\/frisch-durchgehoert-neue-cds-musikalischer-freigeist\/","url":"https:\/\/www.jazzzeitung.de\/cms\/2017\/12\/frisch-durchgehoert-neue-cds-musikalischer-freigeist\/","name":"Frisch durchgeh\u00f6rt \u2013 neue CDs: Musikalischer Freigeist - JazzZeitung","isPartOf":{"@id":"https:\/\/www.jazzzeitung.de\/cms\/#website"},"primaryImageOfPage":{"@id":"https:\/\/www.jazzzeitung.de\/cms\/2017\/12\/frisch-durchgehoert-neue-cds-musikalischer-freigeist\/#primaryimage"},"image":{"@id":"https:\/\/www.jazzzeitung.de\/cms\/2017\/12\/frisch-durchgehoert-neue-cds-musikalischer-freigeist\/#primaryimage"},"thumbnailUrl":"https:\/\/i0.wp.com\/www.jazzzeitung.de\/cms\/wp-content\/uploads\/2017\/12\/VIP.jpg?fit=3139%2C3142&ssl=1","datePublished":"2017-12-29T15:12:35+00:00","dateModified":"2017-12-30T10:53:20+00:00","breadcrumb":{"@id":"https:\/\/www.jazzzeitung.de\/cms\/2017\/12\/frisch-durchgehoert-neue-cds-musikalischer-freigeist\/#breadcrumb"},"inLanguage":"de","potentialAction":[{"@type":"ReadAction","target":["https:\/\/www.jazzzeitung.de\/cms\/2017\/12\/frisch-durchgehoert-neue-cds-musikalischer-freigeist\/"]}]},{"@type":"ImageObject","inLanguage":"de","@id":"https:\/\/www.jazzzeitung.de\/cms\/2017\/12\/frisch-durchgehoert-neue-cds-musikalischer-freigeist\/#primaryimage","url":"https:\/\/i0.wp.com\/www.jazzzeitung.de\/cms\/wp-content\/uploads\/2017\/12\/VIP.jpg?fit=3139%2C3142&ssl=1","contentUrl":"https:\/\/i0.wp.com\/www.jazzzeitung.de\/cms\/wp-content\/uploads\/2017\/12\/VIP.jpg?fit=3139%2C3142&ssl=1","width":3139,"height":3142},{"@type":"BreadcrumbList","@id":"https:\/\/www.jazzzeitung.de\/cms\/2017\/12\/frisch-durchgehoert-neue-cds-musikalischer-freigeist\/#breadcrumb","itemListElement":[{"@type":"ListItem","position":1,"name":"Startseite","item":"https:\/\/www.jazzzeitung.de\/cms\/"},{"@type":"ListItem","position":2,"name":"Frisch durchgeh\u00f6rt \u2013 neue CDs: Musikalischer Freigeist"}]},{"@type":"WebSite","@id":"https:\/\/www.jazzzeitung.de\/cms\/#website","url":"https:\/\/www.jazzzeitung.de\/cms\/","name":"JazzZeitung","description":"Jazz-News und Jazz-Kontroverses","publisher":{"@id":"https:\/\/www.jazzzeitung.de\/cms\/#organization"},"potentialAction":[{"@type":"SearchAction","target":{"@type":"EntryPoint","urlTemplate":"https:\/\/www.jazzzeitung.de\/cms\/?s={search_term_string}"},"query-input":{"@type":"PropertyValueSpecification","valueRequired":true,"valueName":"search_term_string"}}],"inLanguage":"de"},{"@type":"Organization","@id":"https:\/\/www.jazzzeitung.de\/cms\/#organization","name":"JazzZeitung online","url":"https:\/\/www.jazzzeitung.de\/cms\/","logo":{"@type":"ImageObject","inLanguage":"de","@id":"https:\/\/www.jazzzeitung.de\/cms\/#\/schema\/logo\/image\/","url":"https:\/\/i0.wp.com\/www.jazzzeitung.de\/cms\/wp-content\/uploads\/2015\/08\/JAZZZEITUNGDE_Logo_Neu.png?fit=499%2C200&ssl=1","contentUrl":"https:\/\/i0.wp.com\/www.jazzzeitung.de\/cms\/wp-content\/uploads\/2015\/08\/JAZZZEITUNGDE_Logo_Neu.png?fit=499%2C200&ssl=1","width":499,"height":200,"caption":"JazzZeitung online"},"image":{"@id":"https:\/\/www.jazzzeitung.de\/cms\/#\/schema\/logo\/image\/"},"sameAs":["https:\/\/www.facebook.com\/JazzZeitung\/"]},{"@type":"Person","@id":"https:\/\/www.jazzzeitung.de\/cms\/#\/schema\/person\/2245b36b9cd1d24cea10f01c031fb92b","name":"Redaktion JazzZeitung","image":{"@type":"ImageObject","inLanguage":"de","@id":"https:\/\/i0.wp.com\/www.jazzzeitung.de\/cms\/wp-content\/uploads\/2015\/08\/JAZZZEITUNGDE_Logo_Neu.png?resize=96%2C96&ssl=159975dcacb611b5700bd619b5daf0a7a","url":"https:\/\/i0.wp.com\/www.jazzzeitung.de\/cms\/wp-content\/uploads\/2015\/08\/JAZZZEITUNGDE_Logo_Neu.png?resize=96%2C96&ssl=1","contentUrl":"https:\/\/i0.wp.com\/www.jazzzeitung.de\/cms\/wp-content\/uploads\/2015\/08\/JAZZZEITUNGDE_Logo_Neu.png?resize=96%2C96&ssl=1","caption":"Redaktion JazzZeitung"},"description":"Artikel der Redaktion der JazzZeitung.","sameAs":["http:\/\/www.jazzzeitung.de\/cms\/"],"url":"https:\/\/www.jazzzeitung.de\/cms\/author\/redaktion\/"}]}},"wp-worthy-pixel":{"ignored":false,"public":null,"server":null,"url":null},"wp-worthy-type":"normal","jetpack_publicize_connections":[],"cc_featured_image_caption":{"caption_text":"VIP: Pierre Aud\u00e9tat \/ Vinz Vonlanthen.","source_text":"","source_url":""},"jetpack_featured_media_url":"https:\/\/i0.wp.com\/www.jazzzeitung.de\/cms\/wp-content\/uploads\/2017\/12\/VIP.jpg?fit=3139%2C3142&ssl=1","jetpack_shortlink":"https:\/\/wp.me\/p3KEcT-3O4","jetpack-related-posts":[{"id":13705,"url":"https:\/\/www.jazzzeitung.de\/cms\/2017\/10\/bericht-gerd-dudek-spielte-sich-ins-80-lebensjahr-hinein\/","url_meta":{"origin":14636,"position":0},"title":"Bericht: Gerd Dudek spielte sich ins 80. Lebensjahr hinein","author":"Redaktion JazzZeitung","date":"11. Oktober 2017","format":false,"excerpt":"Das Recklingh\u00e4user Szenelokal Altstadtschmiede mit ihren w\u00f6chentlichen Sessions steht f\u00fcr eine hohe Best\u00e4ndigkeit im Jazz, wie sie auch und gerade jenseits der gro\u00dfen B\u00fchnen lebt. Vorausgesetzt man pflegt sie mit so viel Herzblut wie der Gitarrist Ingo Marmulla, der vor Jahrzehnten diese Reihe ins Leben rief \u2013 und heute \u00fcber\u2026","rel":"","context":"In &quot;Bericht&quot;","block_context":{"text":"Bericht","link":"https:\/\/www.jazzzeitung.de\/cms\/thema\/bericht\/"},"img":{"alt_text":"","src":"https:\/\/i0.wp.com\/www.jazzzeitung.de\/cms\/wp-content\/uploads\/2017\/10\/DSC06488.jpg?fit=1197%2C1200&ssl=1&resize=350%2C200","width":350,"height":200,"srcset":"https:\/\/i0.wp.com\/www.jazzzeitung.de\/cms\/wp-content\/uploads\/2017\/10\/DSC06488.jpg?fit=1197%2C1200&ssl=1&resize=350%2C200 1x, https:\/\/i0.wp.com\/www.jazzzeitung.de\/cms\/wp-content\/uploads\/2017\/10\/DSC06488.jpg?fit=1197%2C1200&ssl=1&resize=525%2C300 1.5x, https:\/\/i0.wp.com\/www.jazzzeitung.de\/cms\/wp-content\/uploads\/2017\/10\/DSC06488.jpg?fit=1197%2C1200&ssl=1&resize=700%2C400 2x, https:\/\/i0.wp.com\/www.jazzzeitung.de\/cms\/wp-content\/uploads\/2017\/10\/DSC06488.jpg?fit=1197%2C1200&ssl=1&resize=1050%2C600 3x"},"classes":[]},{"id":16147,"url":"https:\/\/www.jazzzeitung.de\/cms\/2018\/05\/fotogaleria-moers\/","url_meta":{"origin":14636,"position":1},"title":"Fotografische Eindr\u00fccke vom m\u0153rs festival 2018","author":"Redaktion JazzZeitung","date":"26. Mai 2018","format":false,"excerpt":"Das m\u0153rs festival ist eine echte Festival-Institution in Deutschlands. Jedes Jahr l\u00e4sst man drei Tage lang die improvisierte Musik und Kreativit\u00e4t hochleben. Das Festival, das jede Saison einen oder eine improviser in residence beheimatet, empfing 2017 35.000 Besucher. Am vergangenen Pfingstwochenende (18. bis 21. Mai 2018) ging es in eine\u2026","rel":"","context":"In &quot;Galerie&quot;","block_context":{"text":"Galerie","link":"https:\/\/www.jazzzeitung.de\/cms\/thema\/galerie\/"},"img":{"alt_text":"","src":"https:\/\/i0.wp.com\/www.jazzzeitung.de\/cms\/wp-content\/uploads\/2018\/05\/DSC03848.jpg?fit=1200%2C1009&ssl=1&resize=350%2C200","width":350,"height":200,"srcset":"https:\/\/i0.wp.com\/www.jazzzeitung.de\/cms\/wp-content\/uploads\/2018\/05\/DSC03848.jpg?fit=1200%2C1009&ssl=1&resize=350%2C200 1x, https:\/\/i0.wp.com\/www.jazzzeitung.de\/cms\/wp-content\/uploads\/2018\/05\/DSC03848.jpg?fit=1200%2C1009&ssl=1&resize=525%2C300 1.5x, https:\/\/i0.wp.com\/www.jazzzeitung.de\/cms\/wp-content\/uploads\/2018\/05\/DSC03848.jpg?fit=1200%2C1009&ssl=1&resize=700%2C400 2x, https:\/\/i0.wp.com\/www.jazzzeitung.de\/cms\/wp-content\/uploads\/2018\/05\/DSC03848.jpg?fit=1200%2C1009&ssl=1&resize=1050%2C600 3x"},"classes":[]},{"id":29231,"url":"https:\/\/www.jazzzeitung.de\/cms\/2023\/03\/mit-schwebender-spontaneitaet-ein-ueberwaeltigendes-ralph-alessi-trio\/","url_meta":{"origin":14636,"position":2},"title":"Mit schwebender Spontaneit\u00e4t: ein \u00fcberw\u00e4ltigendes Ralph Alessi Trio","author":"Redaktion JazzZeitung","date":"22. M\u00e4rz 2023","format":false,"excerpt":"Von Stefan Pieper \u2022\u00a0Der US amerikanische Trompeter Ralph Alessi stammt aus der Bay Area von San Francisco, studierte bei Charlie Haden und ist heute in der New Yorker Szene aktiv. Ebenso tritt er als engagierter Lehrender in Erscheinung, der sogar eine eigene Bildungsinstitution, die School for Improvisational Music in Brooklyn\u2026","rel":"","context":"In &quot;Bericht&quot;","block_context":{"text":"Bericht","link":"https:\/\/www.jazzzeitung.de\/cms\/thema\/bericht\/"},"img":{"alt_text":"Ralph Alessis Trio im Glasfoyer des Theater Krefeld auf Einladung des Jazzklub Krefeld \u2013 Ralph Alessis (t), Mark Ferber (d), Florian Weber (p) | Foto: Stefan Pieper","src":"https:\/\/i0.wp.com\/www.jazzzeitung.de\/cms\/wp-content\/uploads\/2023\/03\/venue3-scaled.jpg?fit=1200%2C677&ssl=1&resize=350%2C200","width":350,"height":200,"srcset":"https:\/\/i0.wp.com\/www.jazzzeitung.de\/cms\/wp-content\/uploads\/2023\/03\/venue3-scaled.jpg?fit=1200%2C677&ssl=1&resize=350%2C200 1x, https:\/\/i0.wp.com\/www.jazzzeitung.de\/cms\/wp-content\/uploads\/2023\/03\/venue3-scaled.jpg?fit=1200%2C677&ssl=1&resize=525%2C300 1.5x, https:\/\/i0.wp.com\/www.jazzzeitung.de\/cms\/wp-content\/uploads\/2023\/03\/venue3-scaled.jpg?fit=1200%2C677&ssl=1&resize=700%2C400 2x, https:\/\/i0.wp.com\/www.jazzzeitung.de\/cms\/wp-content\/uploads\/2023\/03\/venue3-scaled.jpg?fit=1200%2C677&ssl=1&resize=1050%2C600 3x"},"classes":[]},{"id":22791,"url":"https:\/\/www.jazzzeitung.de\/cms\/2020\/06\/im-dialog-mit-der-natur-markus-stockhausen-und-tara-bouman-improvisierten-vor-der-kolvenburg\/","url_meta":{"origin":14636,"position":3},"title":"Im Dialog mit der Natur: Markus Stockhausen und Tara Bouman improvisierten vor der Kolvenburg","author":"Redaktion JazzZeitung","date":"26. Juni 2020","format":false,"excerpt":"Von Stefan Pieper. Es ist f\u00fcr Tara Bouman und Markus Stockhausen gleicherma\u00dfen wie f\u00fcr ihr Publikum etwas besonderes an diesem Sonntagnachmittag auf einer malerischen Wiese hinter der Kolvenburg im m\u00fcnsterl\u00e4ndischen Billerbeck: Musik drau\u00dfen - im Dialog mit der sommerlichen Natur. F\u00fcr das Paar, das auf Trompeten und Klarinetten improvisiert, hat\u2026","rel":"","context":"In &quot;Bericht&quot;","block_context":{"text":"Bericht","link":"https:\/\/www.jazzzeitung.de\/cms\/thema\/bericht\/"},"img":{"alt_text":"","src":"https:\/\/i0.wp.com\/www.jazzzeitung.de\/cms\/wp-content\/uploads\/2020\/06\/Markus-Stockhausen2-scaled-e1593082190450.jpg?fit=1200%2C726&ssl=1&resize=350%2C200","width":350,"height":200,"srcset":"https:\/\/i0.wp.com\/www.jazzzeitung.de\/cms\/wp-content\/uploads\/2020\/06\/Markus-Stockhausen2-scaled-e1593082190450.jpg?fit=1200%2C726&ssl=1&resize=350%2C200 1x, https:\/\/i0.wp.com\/www.jazzzeitung.de\/cms\/wp-content\/uploads\/2020\/06\/Markus-Stockhausen2-scaled-e1593082190450.jpg?fit=1200%2C726&ssl=1&resize=525%2C300 1.5x, https:\/\/i0.wp.com\/www.jazzzeitung.de\/cms\/wp-content\/uploads\/2020\/06\/Markus-Stockhausen2-scaled-e1593082190450.jpg?fit=1200%2C726&ssl=1&resize=700%2C400 2x, https:\/\/i0.wp.com\/www.jazzzeitung.de\/cms\/wp-content\/uploads\/2020\/06\/Markus-Stockhausen2-scaled-e1593082190450.jpg?fit=1200%2C726&ssl=1&resize=1050%2C600 3x"},"classes":[]},{"id":13345,"url":"https:\/\/www.jazzzeitung.de\/cms\/2017\/08\/klang-als-ursubstanz-neuer-hoerstoff-von-udo-schindler-und-seinen-spielpartnern\/","url_meta":{"origin":14636,"position":4},"title":"Klang als Ursubstanz:  Neuer H\u00f6rstoff von Udo Schindler und seinen Spielpartnern","author":"Redaktion JazzZeitung","date":"14. August 2017","format":false,"excerpt":"Die meisten Musiker gehen hinaus in die Welt, um ihre Kunst unter die Menschen zu bringen. Udo Schindler, der improvisierende Klang-Architekt aus Kreiling bei M\u00fcnchen liebt vor allem die Einheit aus eigenem Lebensmittelpunkt und kreativer Wirkungsst\u00e4tte. In seinem Haus treffen internationale Musikerinnen und Musiker der Freien Improvisierten Musik auf ein\u2026","rel":"","context":"In &quot;Rezension&quot;","block_context":{"text":"Rezension","link":"https:\/\/www.jazzzeitung.de\/cms\/thema\/rezension\/"},"img":{"alt_text":"","src":"https:\/\/i0.wp.com\/www.jazzzeitung.de\/cms\/wp-content\/uploads\/2017\/08\/SCAN0185-001.jpg?fit=816%2C818&ssl=1&resize=350%2C200","width":350,"height":200,"srcset":"https:\/\/i0.wp.com\/www.jazzzeitung.de\/cms\/wp-content\/uploads\/2017\/08\/SCAN0185-001.jpg?fit=816%2C818&ssl=1&resize=350%2C200 1x, https:\/\/i0.wp.com\/www.jazzzeitung.de\/cms\/wp-content\/uploads\/2017\/08\/SCAN0185-001.jpg?fit=816%2C818&ssl=1&resize=525%2C300 1.5x, https:\/\/i0.wp.com\/www.jazzzeitung.de\/cms\/wp-content\/uploads\/2017\/08\/SCAN0185-001.jpg?fit=816%2C818&ssl=1&resize=700%2C400 2x"},"classes":[]},{"id":23762,"url":"https:\/\/www.jazzzeitung.de\/cms\/2020\/11\/klaviertrio-eastern-flowers-das-neue-album-tendu-von-jarry-singla-ramesh-shotham-und-christian-ramond-ueberwaeltigt\/","url_meta":{"origin":14636,"position":5},"title":"Klaviertrio Eastern Flowers: Das neue Album \u201eTendu\u201c von Jarry Singla, Ramesh Shotham und Christian Ramond \u00fcberw\u00e4ltigt","author":"Redaktion JazzZeitung","date":"6. November 2020","format":false,"excerpt":"Pianist Jarry Singla, der Perkussionspieler Ramesh Shotham sowie Bassist Christian Ramond bilden das Trio Eastern Flowers. Alle drei haben indische Wurzeln und sch\u00f6pfen seit zehn Jahren gemeinsam-gleichberechtigt aus der indischen und vorderasiatischen Kultur - machen sich dabei die Errungenschaften des Jazz als universelles, f\u00fcr jede Abenteuerreise bereitstehendes Vehikel zu Nutze.\u2026","rel":"","context":"In &quot;Rezension&quot;","block_context":{"text":"Rezension","link":"https:\/\/www.jazzzeitung.de\/cms\/thema\/rezension\/"},"img":{"alt_text":"","src":"https:\/\/i0.wp.com\/www.jazzzeitung.de\/cms\/wp-content\/uploads\/2020\/11\/Jarry-Singla-300x294.jpg?resize=350%2C200&ssl=1","width":350,"height":200},"classes":[]}],"jetpack_sharing_enabled":true,"_links":{"self":[{"href":"https:\/\/www.jazzzeitung.de\/cms\/wp-json\/wp\/v2\/posts\/14636","targetHints":{"allow":["GET"]}}],"collection":[{"href":"https:\/\/www.jazzzeitung.de\/cms\/wp-json\/wp\/v2\/posts"}],"about":[{"href":"https:\/\/www.jazzzeitung.de\/cms\/wp-json\/wp\/v2\/types\/post"}],"author":[{"embeddable":true,"href":"https:\/\/www.jazzzeitung.de\/cms\/wp-json\/wp\/v2\/users\/18"}],"replies":[{"embeddable":true,"href":"https:\/\/www.jazzzeitung.de\/cms\/wp-json\/wp\/v2\/comments?post=14636"}],"version-history":[{"count":10,"href":"https:\/\/www.jazzzeitung.de\/cms\/wp-json\/wp\/v2\/posts\/14636\/revisions"}],"predecessor-version":[{"id":14657,"href":"https:\/\/www.jazzzeitung.de\/cms\/wp-json\/wp\/v2\/posts\/14636\/revisions\/14657"}],"wp:featuredmedia":[{"embeddable":true,"href":"https:\/\/www.jazzzeitung.de\/cms\/wp-json\/wp\/v2\/media\/14652"}],"wp:attachment":[{"href":"https:\/\/www.jazzzeitung.de\/cms\/wp-json\/wp\/v2\/media?parent=14636"}],"wp:term":[{"taxonomy":"category","embeddable":true,"href":"https:\/\/www.jazzzeitung.de\/cms\/wp-json\/wp\/v2\/categories?post=14636"},{"taxonomy":"post_tag","embeddable":true,"href":"https:\/\/www.jazzzeitung.de\/cms\/wp-json\/wp\/v2\/tags?post=14636"},{"taxonomy":"author","embeddable":true,"href":"https:\/\/www.jazzzeitung.de\/cms\/wp-json\/wp\/v2\/coauthors?post=14636"}],"curies":[{"name":"wp","href":"https:\/\/api.w.org\/{rel}","templated":true}]}}