{"id":14567,"date":"2017-12-16T11:53:49","date_gmt":"2017-12-16T10:53:49","guid":{"rendered":"https:\/\/www.jazzzeitung.de\/cms\/?p=14567"},"modified":"2017-12-16T11:57:26","modified_gmt":"2017-12-16T10:57:26","slug":"sunny-murray-mit-81-jahren-gestorben","status":"publish","type":"post","link":"https:\/\/www.jazzzeitung.de\/cms\/2017\/12\/sunny-murray-mit-81-jahren-gestorben\/","title":{"rendered":"Sunny Murray mit 81 Jahren gestorben \u2013 \u201eEnergie\u201c"},"content":{"rendered":"<p><strong>* 21. September 1936 in Idabel, Oklahoma als James Marcellus Arthur Murray; \u2020 7. Dezember 2017.<\/strong><\/p>\n<p>Martin Kunzler zitiert in seinem Jazzlexikon dem Schriftsteller und Schlagzeuger Stanley Crouch: &#8222;Sunny ist wie Monk oder Miles, er kann einen Klang so voller Musik spielen, weil er am genau richtigen Platz mit genau dem richtigen Touch gespielt wird.&#8220; (Murray, James Marcellus Arthur (\u00bbSunny\u00ab). DB Sonderband: Jazz-Lexikon, S. 3896 (vgl. JL Bd. 2, S. 914)). Einen <a href=\"https:\/\/www.nytimes.com\/2017\/12\/14\/obituaries\/sunny-murray-influential-free-jazz-drummer-is-dead-at-81.html\">ausf\u00fchrlichen Nachruf brachte bereits die New York Times<\/a>. Hier soll nur auf eine Besonderheit des Spiels Murrays hingewiesen werden.<\/p>\n<p>Zum ersten Mal habe ich ihn geh\u00f6rt im schulischen Musikunterricht als Schlagzeuger bei Albert Ayler: Spirits Rejoice.<\/p>\n<p><span class=\"embed-youtube\" style=\"text-align:center; display: block;\"><iframe loading=\"lazy\" class=\"youtube-player\" width=\"840\" height=\"473\" src=\"https:\/\/www.youtube.com\/embed\/g-0b5Rodwsg?version=3&#038;rel=1&#038;showsearch=0&#038;showinfo=1&#038;iv_load_policy=1&#038;fs=1&#038;hl=de-DE&#038;autohide=2&#038;wmode=transparent\" allowfullscreen=\"true\" style=\"border:0;\" sandbox=\"allow-scripts allow-same-origin allow-popups allow-presentation allow-popups-to-escape-sandbox\"><\/iframe><\/span><\/p>\n<p>Diese An- und Abschwellen auf den Becken, dann die Phrasenenden begleitenden Schl\u00e4ge neben dem Metrum. Das klang frei und gleichzeitig anschmiegsam. Oder umgekehrt. Die Musik hat auch von der Schallplatte nichts von ihrer andauernden Aktualit\u00e4t eingeb\u00fc\u00dft. Sie zu kopieren w\u00e4re andererseits eher sinn- und sprachlos, unglaubw\u00fcrdig. Es geht nicht um die Beherrschung einer technischen &#8222;Leistung&#8220; oder L\u00f6sung.<\/p>\n<h2>Noch nicht eingetaktet \u2013 Energie<\/h2>\n<p>Ekkehard Jost hat in seinen stilkritischen Untersuchungen zum Jazz der 60er Jahre, &#8222;Free Jazz&#8220;, unter anderem darauf hingewiesen, dass der Zeitpunkt f\u00fcr die Entwicklung seines Schlagzeugspiels g\u00fcnstig gewesen sei. Er war gewisserma\u00dfen noch nicht eingetaktet: &#8222;Murray, der mit [Cecil] Taylor zu einem Zeitpunkt zu proben begonnen hatte, da er selbst stilistisch noch kaum fixiert und daher relativ unbelastet von traditionellen Schlagzeugtechniken war, vermochte m\u00f6glicherweise gerade deshalb sehr schnell die rhythmische Konzeption Taylors zu adaptieren.&#8220; (Jost: Free Jazz, Mainz 1975, S. 82 f.) Damit meint Jost, dass Taylors Konzept den &#8222;Swing&#8220; nicht umfunktionierte sondern &#8222;ihn durch die die neue Qualit\u00e4t der <em>Energie<\/em>&#8220; ersetzt habe (Jost, ebd. S. 82).<\/p>\n<p>Als Bandleader in den 60er Jahren hier zum Beispiel zu h\u00f6ren. Es sind dies singul\u00e4re, ausgesprochen intuitiv zusammenklingende Improvisationen, leidenschaftlich gef\u00fchrtes Musizieren, doch eben auch ohne den Druck des Professionellen Get\u00f6ns. Ohne Beweislast. Entlastet von der Leistung: Gegenwart wie Geschichte in sich aufnehmend und in sich verschmelzend. Einer der Protagonisten war sicher Sunny Murray.<\/p>\n<h2>Das &#8222;Jazzm\u00e4\u00dfige&#8220;<\/h2>\n<p>Jost res\u00fcmierte, &#8222;da\u00df <em>&#8218;Jazzm\u00e4\u00dfigkeit&#8216;<\/em> offenbar mehr von der rhythmischen Kommunikation innerhalb einer Gruppe anh\u00e4ngt, als von der Grundlage, auf der diese Kommunikation basiert&#8220; (Jost: ebd., S. 83). Er ging damit darauf ein, dass hier weder durchgehender Beat noch Puls die Grundlage bildeten, bei Murray spricht er von &#8222;weitgehender\u00a0 Negation des Metrums&#8220; und von &#8222;einem wellenf\u00f6rmigen An- und Abschwellen der Energie&#8220; (Jost: ebd., S. 83).<\/p>\n<p><span class=\"embed-youtube\" style=\"text-align:center; display: block;\"><iframe loading=\"lazy\" class=\"youtube-player\" width=\"840\" height=\"473\" src=\"https:\/\/www.youtube.com\/embed\/a_7zPrQxZxw?version=3&#038;rel=1&#038;showsearch=0&#038;showinfo=1&#038;iv_load_policy=1&#038;fs=1&#038;hl=de-DE&#038;autohide=2&#038;wmode=transparent\" allowfullscreen=\"true\" style=\"border:0;\" sandbox=\"allow-scripts allow-same-origin allow-popups allow-presentation allow-popups-to-escape-sandbox\"><\/iframe><\/span><\/p>\n<p>Das ist es wahrscheinlich, warum die Musik der 60er Jahren nicht alt zu werden scheint. Sie, entstanden in Phasen gesellschaftlichen \u00dcberdrucks und sozialer wie politischer Unterdr\u00fcckung, fand eine neue Ausdrucksf\u00e4higkeit, die sowohl innermusikalisch begr\u00fcndet war wie auch in der sozialen Situation ihre eigene Wirkung entfalten konnte. Sunny Murray war einer ihrer Protagonisten, dabei eben auch g\u00e4nzlich unverliebt in sich selbst, uneitel sowieso.<\/p>\n<hr \/>\n<p>Siehe auch:<\/p>\n<blockquote class=\"wp-embedded-content\" data-secret=\"5Kfb03hP4r\"><p><a href=\"https:\/\/www.musikkritik.org\/2004\/08\/1965-albert-ayler-die-einseitige-platte\/\">1965 \u2013 Albert Ayler: die einseitige Platte<\/a><\/p><\/blockquote>\n<p><iframe loading=\"lazy\" class=\"wp-embedded-content\" sandbox=\"allow-scripts\" security=\"restricted\" style=\"position: absolute; clip: rect(1px, 1px, 1px, 1px);\" src=\"https:\/\/www.musikkritik.org\/2004\/08\/1965-albert-ayler-die-einseitige-platte\/embed\/#?secret=5Kfb03hP4r\" data-secret=\"5Kfb03hP4r\" width=\"600\" height=\"338\" title=\"&#8222;1965 \u2013 Albert Ayler: die einseitige Platte&#8220; &#8212; musikkritik.org\" frameborder=\"0\" marginwidth=\"0\" marginheight=\"0\" scrolling=\"no\"><\/iframe><\/p>\n","protected":false},"excerpt":{"rendered":"<p>* 21. September 1936 in Idabel, Oklahoma als James Marcellus Arthur Murray; \u2020 7. Dezember 2017. Martin Kunzler zitiert in seinem Jazzlexikon dem Schriftsteller und Schlagzeuger Stanley Crouch: &#8222;Sunny ist wie Monk oder Miles, er kann einen Klang so voller Musik spielen, weil er am genau richtigen Platz mit genau dem richtigen Touch gespielt wird.&#8220; (Murray, James Marcellus Arthur (\u00bbSunny\u00ab). DB Sonderband: Jazz-Lexikon, S. 3896 (vgl. JL Bd. 2, S. 914)). Einen ausf\u00fchrlichen Nachruf brachte bereits die New York Times. Hier soll nur auf eine Besonderheit des Spiels Murrays hingewiesen werden. Zum ersten Mal habe ich ihn geh\u00f6rt im schulischen Musikunterricht als Schlagzeuger bei Albert Ayler: Spirits Rejoice. Diese An- und Abschwellen auf den Becken, dann die Phrasenenden begleitenden Schl\u00e4ge neben dem Metrum. Das klang frei und gleichzeitig anschmiegsam. Oder umgekehrt. Die Musik hat auch von der Schallplatte nichts von ihrer andauernden Aktualit\u00e4t eingeb\u00fc\u00dft. Sie zu kopieren w\u00e4re andererseits eher sinn- und sprachlos, unglaubw\u00fcrdig. Es geht nicht um die Beherrschung einer technischen &#8222;Leistung&#8220; oder L\u00f6sung. Noch nicht eingetaktet \u2013 Energie Ekkehard Jost hat in seinen stilkritischen Untersuchungen zum Jazz der 60er Jahre, &#8222;Free Jazz&#8220;, unter &hellip;<\/p>\n","protected":false},"author":2,"featured_media":14568,"comment_status":"open","ping_status":"closed","sticky":false,"template":"","format":"standard","meta":{"_jetpack_memberships_contains_paid_content":false,"footnotes":"","jetpack_publicize_message":"","jetpack_publicize_feature_enabled":true,"jetpack_social_post_already_shared":false,"jetpack_social_options":{"image_generator_settings":{"template":"highway","default_image_id":0,"font":"","enabled":false},"version":2}},"categories":[1063],"tags":[1726,1486,198,1690,1862,408,904,1861],"coauthors":[680],"class_list":["post-14567","post","type-post","status-publish","format-standard","has-post-thumbnail","hentry","category-portrait","tag-albert-ayler","tag-ekkehard-jost","tag-geschichte","tag-jazz-lexikon","tag-martin-kunzler","tag-nachruf","tag-new-york","tag-sunny-murray"],"yoast_head":"<!-- This site is optimized with the Yoast SEO plugin v27.5 - https:\/\/yoast.com\/product\/yoast-seo-wordpress\/ -->\n<title>Sunny Murray mit 81 Jahren gestorben \u2013 \u201eEnergie\u201c - JazzZeitung<\/title>\n<meta name=\"robots\" content=\"index, follow, max-snippet:-1, max-image-preview:large, max-video-preview:-1\" \/>\n<link rel=\"canonical\" href=\"https:\/\/www.jazzzeitung.de\/cms\/2017\/12\/sunny-murray-mit-81-jahren-gestorben\/\" \/>\n<meta property=\"og:locale\" content=\"de_DE\" \/>\n<meta property=\"og:type\" content=\"article\" \/>\n<meta property=\"og:title\" content=\"Sunny Murray mit 81 Jahren gestorben \u2013 \u201eEnergie\u201c - JazzZeitung\" \/>\n<meta property=\"og:description\" content=\"* 21. September 1936 in Idabel, Oklahoma als James Marcellus Arthur Murray; \u2020 7. Dezember 2017. Martin Kunzler zitiert in seinem Jazzlexikon dem Schriftsteller und Schlagzeuger Stanley Crouch: &#8222;Sunny ist wie Monk oder Miles, er kann einen Klang so voller Musik spielen, weil er am genau richtigen Platz mit genau dem richtigen Touch gespielt wird.&#8220; (Murray, James Marcellus Arthur (\u00bbSunny\u00ab). DB Sonderband: Jazz-Lexikon, S. 3896 (vgl. JL Bd. 2, S. 914)). Einen ausf\u00fchrlichen Nachruf brachte bereits die New York Times. Hier soll nur auf eine Besonderheit des Spiels Murrays hingewiesen werden. Zum ersten Mal habe ich ihn geh\u00f6rt im schulischen Musikunterricht als Schlagzeuger bei Albert Ayler: Spirits Rejoice. Diese An- und Abschwellen auf den Becken, dann die Phrasenenden begleitenden Schl\u00e4ge neben dem Metrum. Das klang frei und gleichzeitig anschmiegsam. Oder umgekehrt. Die Musik hat auch von der Schallplatte nichts von ihrer andauernden Aktualit\u00e4t eingeb\u00fc\u00dft. Sie zu kopieren w\u00e4re andererseits eher sinn- und sprachlos, unglaubw\u00fcrdig. Es geht nicht um die Beherrschung einer technischen &#8222;Leistung&#8220; oder L\u00f6sung. Noch nicht eingetaktet \u2013 Energie Ekkehard Jost hat in seinen stilkritischen Untersuchungen zum Jazz der 60er Jahre, &#8222;Free Jazz&#8220;, unter &hellip;\" \/>\n<meta property=\"og:url\" content=\"https:\/\/www.jazzzeitung.de\/cms\/2017\/12\/sunny-murray-mit-81-jahren-gestorben\/\" \/>\n<meta property=\"og:site_name\" content=\"JazzZeitung\" \/>\n<meta property=\"article:publisher\" content=\"https:\/\/www.facebook.com\/JazzZeitung\/\" \/>\n<meta property=\"article:author\" content=\"https:\/\/www.facebook.com\/hufner\" \/>\n<meta property=\"article:published_time\" content=\"2017-12-16T10:53:49+00:00\" \/>\n<meta property=\"article:modified_time\" content=\"2017-12-16T10:57:26+00:00\" \/>\n<meta property=\"og:image\" content=\"https:\/\/i0.wp.com\/www.jazzzeitung.de\/cms\/wp-content\/uploads\/2017\/12\/mond_schein.jpg?fit=2200%2C1482&ssl=1\" \/>\n\t<meta property=\"og:image:width\" content=\"2200\" \/>\n\t<meta property=\"og:image:height\" content=\"1482\" \/>\n\t<meta property=\"og:image:type\" content=\"image\/jpeg\" \/>\n<meta name=\"author\" content=\"Huflaikhan\" \/>\n<script type=\"application\/ld+json\" class=\"yoast-schema-graph\">{\"@context\":\"https:\\\/\\\/schema.org\",\"@graph\":[{\"@type\":\"Article\",\"@id\":\"https:\\\/\\\/www.jazzzeitung.de\\\/cms\\\/2017\\\/12\\\/sunny-murray-mit-81-jahren-gestorben\\\/#article\",\"isPartOf\":{\"@id\":\"https:\\\/\\\/www.jazzzeitung.de\\\/cms\\\/2017\\\/12\\\/sunny-murray-mit-81-jahren-gestorben\\\/\"},\"author\":{\"name\":\"Huflaikhan\",\"@id\":\"https:\\\/\\\/www.jazzzeitung.de\\\/cms\\\/#\\\/schema\\\/person\\\/1ba404714b9455401502bc409a7df45e\"},\"headline\":\"Sunny Murray mit 81 Jahren gestorben \u2013 \u201eEnergie\u201c\",\"datePublished\":\"2017-12-16T10:53:49+00:00\",\"dateModified\":\"2017-12-16T10:57:26+00:00\",\"mainEntityOfPage\":{\"@id\":\"https:\\\/\\\/www.jazzzeitung.de\\\/cms\\\/2017\\\/12\\\/sunny-murray-mit-81-jahren-gestorben\\\/\"},\"wordCount\":494,\"commentCount\":0,\"publisher\":{\"@id\":\"https:\\\/\\\/www.jazzzeitung.de\\\/cms\\\/#organization\"},\"image\":{\"@id\":\"https:\\\/\\\/www.jazzzeitung.de\\\/cms\\\/2017\\\/12\\\/sunny-murray-mit-81-jahren-gestorben\\\/#primaryimage\"},\"thumbnailUrl\":\"https:\\\/\\\/i0.wp.com\\\/www.jazzzeitung.de\\\/cms\\\/wp-content\\\/uploads\\\/2017\\\/12\\\/mond_schein.jpg?fit=2200%2C1482&ssl=1\",\"keywords\":[\"Albert Ayler\",\"Ekkehard Jost\",\"Geschichte\",\"Jazz-Lexikon\",\"Martin Kunzler\",\"Nachruf\",\"New York\",\"Sunny Murray\"],\"articleSection\":[\"Portrait\"],\"inLanguage\":\"de\",\"potentialAction\":[{\"@type\":\"CommentAction\",\"name\":\"Comment\",\"target\":[\"https:\\\/\\\/www.jazzzeitung.de\\\/cms\\\/2017\\\/12\\\/sunny-murray-mit-81-jahren-gestorben\\\/#respond\"]}]},{\"@type\":\"WebPage\",\"@id\":\"https:\\\/\\\/www.jazzzeitung.de\\\/cms\\\/2017\\\/12\\\/sunny-murray-mit-81-jahren-gestorben\\\/\",\"url\":\"https:\\\/\\\/www.jazzzeitung.de\\\/cms\\\/2017\\\/12\\\/sunny-murray-mit-81-jahren-gestorben\\\/\",\"name\":\"Sunny Murray mit 81 Jahren gestorben \u2013 \u201eEnergie\u201c - JazzZeitung\",\"isPartOf\":{\"@id\":\"https:\\\/\\\/www.jazzzeitung.de\\\/cms\\\/#website\"},\"primaryImageOfPage\":{\"@id\":\"https:\\\/\\\/www.jazzzeitung.de\\\/cms\\\/2017\\\/12\\\/sunny-murray-mit-81-jahren-gestorben\\\/#primaryimage\"},\"image\":{\"@id\":\"https:\\\/\\\/www.jazzzeitung.de\\\/cms\\\/2017\\\/12\\\/sunny-murray-mit-81-jahren-gestorben\\\/#primaryimage\"},\"thumbnailUrl\":\"https:\\\/\\\/i0.wp.com\\\/www.jazzzeitung.de\\\/cms\\\/wp-content\\\/uploads\\\/2017\\\/12\\\/mond_schein.jpg?fit=2200%2C1482&ssl=1\",\"datePublished\":\"2017-12-16T10:53:49+00:00\",\"dateModified\":\"2017-12-16T10:57:26+00:00\",\"breadcrumb\":{\"@id\":\"https:\\\/\\\/www.jazzzeitung.de\\\/cms\\\/2017\\\/12\\\/sunny-murray-mit-81-jahren-gestorben\\\/#breadcrumb\"},\"inLanguage\":\"de\",\"potentialAction\":[{\"@type\":\"ReadAction\",\"target\":[\"https:\\\/\\\/www.jazzzeitung.de\\\/cms\\\/2017\\\/12\\\/sunny-murray-mit-81-jahren-gestorben\\\/\"]}]},{\"@type\":\"ImageObject\",\"inLanguage\":\"de\",\"@id\":\"https:\\\/\\\/www.jazzzeitung.de\\\/cms\\\/2017\\\/12\\\/sunny-murray-mit-81-jahren-gestorben\\\/#primaryimage\",\"url\":\"https:\\\/\\\/i0.wp.com\\\/www.jazzzeitung.de\\\/cms\\\/wp-content\\\/uploads\\\/2017\\\/12\\\/mond_schein.jpg?fit=2200%2C1482&ssl=1\",\"contentUrl\":\"https:\\\/\\\/i0.wp.com\\\/www.jazzzeitung.de\\\/cms\\\/wp-content\\\/uploads\\\/2017\\\/12\\\/mond_schein.jpg?fit=2200%2C1482&ssl=1\",\"width\":2200,\"height\":1482,\"caption\":\"Im Mondenschein. Foto: Hufner\"},{\"@type\":\"BreadcrumbList\",\"@id\":\"https:\\\/\\\/www.jazzzeitung.de\\\/cms\\\/2017\\\/12\\\/sunny-murray-mit-81-jahren-gestorben\\\/#breadcrumb\",\"itemListElement\":[{\"@type\":\"ListItem\",\"position\":1,\"name\":\"Startseite\",\"item\":\"https:\\\/\\\/www.jazzzeitung.de\\\/cms\\\/\"},{\"@type\":\"ListItem\",\"position\":2,\"name\":\"Sunny Murray mit 81 Jahren gestorben \u2013 \u201eEnergie\u201c\"}]},{\"@type\":\"WebSite\",\"@id\":\"https:\\\/\\\/www.jazzzeitung.de\\\/cms\\\/#website\",\"url\":\"https:\\\/\\\/www.jazzzeitung.de\\\/cms\\\/\",\"name\":\"JazzZeitung\",\"description\":\"Jazz-News und Jazz-Kontroverses\",\"publisher\":{\"@id\":\"https:\\\/\\\/www.jazzzeitung.de\\\/cms\\\/#organization\"},\"potentialAction\":[{\"@type\":\"SearchAction\",\"target\":{\"@type\":\"EntryPoint\",\"urlTemplate\":\"https:\\\/\\\/www.jazzzeitung.de\\\/cms\\\/?s={search_term_string}\"},\"query-input\":{\"@type\":\"PropertyValueSpecification\",\"valueRequired\":true,\"valueName\":\"search_term_string\"}}],\"inLanguage\":\"de\"},{\"@type\":\"Organization\",\"@id\":\"https:\\\/\\\/www.jazzzeitung.de\\\/cms\\\/#organization\",\"name\":\"JazzZeitung online\",\"url\":\"https:\\\/\\\/www.jazzzeitung.de\\\/cms\\\/\",\"logo\":{\"@type\":\"ImageObject\",\"inLanguage\":\"de\",\"@id\":\"https:\\\/\\\/www.jazzzeitung.de\\\/cms\\\/#\\\/schema\\\/logo\\\/image\\\/\",\"url\":\"https:\\\/\\\/i0.wp.com\\\/www.jazzzeitung.de\\\/cms\\\/wp-content\\\/uploads\\\/2015\\\/08\\\/JAZZZEITUNGDE_Logo_Neu.png?fit=499%2C200&ssl=1\",\"contentUrl\":\"https:\\\/\\\/i0.wp.com\\\/www.jazzzeitung.de\\\/cms\\\/wp-content\\\/uploads\\\/2015\\\/08\\\/JAZZZEITUNGDE_Logo_Neu.png?fit=499%2C200&ssl=1\",\"width\":499,\"height\":200,\"caption\":\"JazzZeitung online\"},\"image\":{\"@id\":\"https:\\\/\\\/www.jazzzeitung.de\\\/cms\\\/#\\\/schema\\\/logo\\\/image\\\/\"},\"sameAs\":[\"https:\\\/\\\/www.facebook.com\\\/JazzZeitung\\\/\"]},{\"@type\":\"Person\",\"@id\":\"https:\\\/\\\/www.jazzzeitung.de\\\/cms\\\/#\\\/schema\\\/person\\\/1ba404714b9455401502bc409a7df45e\",\"name\":\"Huflaikhan\",\"image\":{\"@type\":\"ImageObject\",\"inLanguage\":\"de\",\"@id\":\"https:\\\/\\\/i0.wp.com\\\/www.jazzzeitung.de\\\/cms\\\/wp-content\\\/uploads\\\/2013\\\/11\\\/huf-06.jpg?resize=96%2C96&ssl=18afacd5aa7627f2840c013425f5a4164\",\"url\":\"https:\\\/\\\/i0.wp.com\\\/www.jazzzeitung.de\\\/cms\\\/wp-content\\\/uploads\\\/2013\\\/11\\\/huf-06.jpg?resize=96%2C96&ssl=1\",\"contentUrl\":\"https:\\\/\\\/i0.wp.com\\\/www.jazzzeitung.de\\\/cms\\\/wp-content\\\/uploads\\\/2013\\\/11\\\/huf-06.jpg?resize=96%2C96&ssl=1\",\"caption\":\"Huflaikhan\"},\"description\":\"Huflaikhan (aka Martin Hufner) hat Musikwissenschaft, Philosophie und Psychologie in Gie\u00dfen studiert und mit einer Arbeit \u00fcber Adorno und die Zw\u00f6lftontechnik promoviert. Seit 1995 ist er freiberuflich als Autor, Fotograf und Netzmacher unterwegs.\",\"sameAs\":[\"https:\\\/\\\/www.kritische-masse.de\\\/logbuch\",\"https:\\\/\\\/www.facebook.com\\\/hufner\"],\"url\":\"https:\\\/\\\/www.jazzzeitung.de\\\/cms\\\/author\\\/hufi\\\/\"}]}<\/script>\n<!-- \/ Yoast SEO plugin. -->","yoast_head_json":{"title":"Sunny Murray mit 81 Jahren gestorben \u2013 \u201eEnergie\u201c - JazzZeitung","robots":{"index":"index","follow":"follow","max-snippet":"max-snippet:-1","max-image-preview":"max-image-preview:large","max-video-preview":"max-video-preview:-1"},"canonical":"https:\/\/www.jazzzeitung.de\/cms\/2017\/12\/sunny-murray-mit-81-jahren-gestorben\/","og_locale":"de_DE","og_type":"article","og_title":"Sunny Murray mit 81 Jahren gestorben \u2013 \u201eEnergie\u201c - JazzZeitung","og_description":"* 21. September 1936 in Idabel, Oklahoma als James Marcellus Arthur Murray; \u2020 7. Dezember 2017. Martin Kunzler zitiert in seinem Jazzlexikon dem Schriftsteller und Schlagzeuger Stanley Crouch: &#8222;Sunny ist wie Monk oder Miles, er kann einen Klang so voller Musik spielen, weil er am genau richtigen Platz mit genau dem richtigen Touch gespielt wird.&#8220; (Murray, James Marcellus Arthur (\u00bbSunny\u00ab). DB Sonderband: Jazz-Lexikon, S. 3896 (vgl. JL Bd. 2, S. 914)). Einen ausf\u00fchrlichen Nachruf brachte bereits die New York Times. Hier soll nur auf eine Besonderheit des Spiels Murrays hingewiesen werden. Zum ersten Mal habe ich ihn geh\u00f6rt im schulischen Musikunterricht als Schlagzeuger bei Albert Ayler: Spirits Rejoice. Diese An- und Abschwellen auf den Becken, dann die Phrasenenden begleitenden Schl\u00e4ge neben dem Metrum. Das klang frei und gleichzeitig anschmiegsam. Oder umgekehrt. Die Musik hat auch von der Schallplatte nichts von ihrer andauernden Aktualit\u00e4t eingeb\u00fc\u00dft. Sie zu kopieren w\u00e4re andererseits eher sinn- und sprachlos, unglaubw\u00fcrdig. Es geht nicht um die Beherrschung einer technischen &#8222;Leistung&#8220; oder L\u00f6sung. Noch nicht eingetaktet \u2013 Energie Ekkehard Jost hat in seinen stilkritischen Untersuchungen zum Jazz der 60er Jahre, &#8222;Free Jazz&#8220;, unter &hellip;","og_url":"https:\/\/www.jazzzeitung.de\/cms\/2017\/12\/sunny-murray-mit-81-jahren-gestorben\/","og_site_name":"JazzZeitung","article_publisher":"https:\/\/www.facebook.com\/JazzZeitung\/","article_author":"https:\/\/www.facebook.com\/hufner","article_published_time":"2017-12-16T10:53:49+00:00","article_modified_time":"2017-12-16T10:57:26+00:00","og_image":[{"width":2200,"height":1482,"url":"https:\/\/i0.wp.com\/www.jazzzeitung.de\/cms\/wp-content\/uploads\/2017\/12\/mond_schein.jpg?fit=2200%2C1482&ssl=1","type":"image\/jpeg"}],"author":"Huflaikhan","schema":{"@context":"https:\/\/schema.org","@graph":[{"@type":"Article","@id":"https:\/\/www.jazzzeitung.de\/cms\/2017\/12\/sunny-murray-mit-81-jahren-gestorben\/#article","isPartOf":{"@id":"https:\/\/www.jazzzeitung.de\/cms\/2017\/12\/sunny-murray-mit-81-jahren-gestorben\/"},"author":{"name":"Huflaikhan","@id":"https:\/\/www.jazzzeitung.de\/cms\/#\/schema\/person\/1ba404714b9455401502bc409a7df45e"},"headline":"Sunny Murray mit 81 Jahren gestorben \u2013 \u201eEnergie\u201c","datePublished":"2017-12-16T10:53:49+00:00","dateModified":"2017-12-16T10:57:26+00:00","mainEntityOfPage":{"@id":"https:\/\/www.jazzzeitung.de\/cms\/2017\/12\/sunny-murray-mit-81-jahren-gestorben\/"},"wordCount":494,"commentCount":0,"publisher":{"@id":"https:\/\/www.jazzzeitung.de\/cms\/#organization"},"image":{"@id":"https:\/\/www.jazzzeitung.de\/cms\/2017\/12\/sunny-murray-mit-81-jahren-gestorben\/#primaryimage"},"thumbnailUrl":"https:\/\/i0.wp.com\/www.jazzzeitung.de\/cms\/wp-content\/uploads\/2017\/12\/mond_schein.jpg?fit=2200%2C1482&ssl=1","keywords":["Albert Ayler","Ekkehard Jost","Geschichte","Jazz-Lexikon","Martin Kunzler","Nachruf","New York","Sunny Murray"],"articleSection":["Portrait"],"inLanguage":"de","potentialAction":[{"@type":"CommentAction","name":"Comment","target":["https:\/\/www.jazzzeitung.de\/cms\/2017\/12\/sunny-murray-mit-81-jahren-gestorben\/#respond"]}]},{"@type":"WebPage","@id":"https:\/\/www.jazzzeitung.de\/cms\/2017\/12\/sunny-murray-mit-81-jahren-gestorben\/","url":"https:\/\/www.jazzzeitung.de\/cms\/2017\/12\/sunny-murray-mit-81-jahren-gestorben\/","name":"Sunny Murray mit 81 Jahren gestorben \u2013 \u201eEnergie\u201c - JazzZeitung","isPartOf":{"@id":"https:\/\/www.jazzzeitung.de\/cms\/#website"},"primaryImageOfPage":{"@id":"https:\/\/www.jazzzeitung.de\/cms\/2017\/12\/sunny-murray-mit-81-jahren-gestorben\/#primaryimage"},"image":{"@id":"https:\/\/www.jazzzeitung.de\/cms\/2017\/12\/sunny-murray-mit-81-jahren-gestorben\/#primaryimage"},"thumbnailUrl":"https:\/\/i0.wp.com\/www.jazzzeitung.de\/cms\/wp-content\/uploads\/2017\/12\/mond_schein.jpg?fit=2200%2C1482&ssl=1","datePublished":"2017-12-16T10:53:49+00:00","dateModified":"2017-12-16T10:57:26+00:00","breadcrumb":{"@id":"https:\/\/www.jazzzeitung.de\/cms\/2017\/12\/sunny-murray-mit-81-jahren-gestorben\/#breadcrumb"},"inLanguage":"de","potentialAction":[{"@type":"ReadAction","target":["https:\/\/www.jazzzeitung.de\/cms\/2017\/12\/sunny-murray-mit-81-jahren-gestorben\/"]}]},{"@type":"ImageObject","inLanguage":"de","@id":"https:\/\/www.jazzzeitung.de\/cms\/2017\/12\/sunny-murray-mit-81-jahren-gestorben\/#primaryimage","url":"https:\/\/i0.wp.com\/www.jazzzeitung.de\/cms\/wp-content\/uploads\/2017\/12\/mond_schein.jpg?fit=2200%2C1482&ssl=1","contentUrl":"https:\/\/i0.wp.com\/www.jazzzeitung.de\/cms\/wp-content\/uploads\/2017\/12\/mond_schein.jpg?fit=2200%2C1482&ssl=1","width":2200,"height":1482,"caption":"Im Mondenschein. Foto: Hufner"},{"@type":"BreadcrumbList","@id":"https:\/\/www.jazzzeitung.de\/cms\/2017\/12\/sunny-murray-mit-81-jahren-gestorben\/#breadcrumb","itemListElement":[{"@type":"ListItem","position":1,"name":"Startseite","item":"https:\/\/www.jazzzeitung.de\/cms\/"},{"@type":"ListItem","position":2,"name":"Sunny Murray mit 81 Jahren gestorben \u2013 \u201eEnergie\u201c"}]},{"@type":"WebSite","@id":"https:\/\/www.jazzzeitung.de\/cms\/#website","url":"https:\/\/www.jazzzeitung.de\/cms\/","name":"JazzZeitung","description":"Jazz-News und Jazz-Kontroverses","publisher":{"@id":"https:\/\/www.jazzzeitung.de\/cms\/#organization"},"potentialAction":[{"@type":"SearchAction","target":{"@type":"EntryPoint","urlTemplate":"https:\/\/www.jazzzeitung.de\/cms\/?s={search_term_string}"},"query-input":{"@type":"PropertyValueSpecification","valueRequired":true,"valueName":"search_term_string"}}],"inLanguage":"de"},{"@type":"Organization","@id":"https:\/\/www.jazzzeitung.de\/cms\/#organization","name":"JazzZeitung online","url":"https:\/\/www.jazzzeitung.de\/cms\/","logo":{"@type":"ImageObject","inLanguage":"de","@id":"https:\/\/www.jazzzeitung.de\/cms\/#\/schema\/logo\/image\/","url":"https:\/\/i0.wp.com\/www.jazzzeitung.de\/cms\/wp-content\/uploads\/2015\/08\/JAZZZEITUNGDE_Logo_Neu.png?fit=499%2C200&ssl=1","contentUrl":"https:\/\/i0.wp.com\/www.jazzzeitung.de\/cms\/wp-content\/uploads\/2015\/08\/JAZZZEITUNGDE_Logo_Neu.png?fit=499%2C200&ssl=1","width":499,"height":200,"caption":"JazzZeitung online"},"image":{"@id":"https:\/\/www.jazzzeitung.de\/cms\/#\/schema\/logo\/image\/"},"sameAs":["https:\/\/www.facebook.com\/JazzZeitung\/"]},{"@type":"Person","@id":"https:\/\/www.jazzzeitung.de\/cms\/#\/schema\/person\/1ba404714b9455401502bc409a7df45e","name":"Huflaikhan","image":{"@type":"ImageObject","inLanguage":"de","@id":"https:\/\/i0.wp.com\/www.jazzzeitung.de\/cms\/wp-content\/uploads\/2013\/11\/huf-06.jpg?resize=96%2C96&ssl=18afacd5aa7627f2840c013425f5a4164","url":"https:\/\/i0.wp.com\/www.jazzzeitung.de\/cms\/wp-content\/uploads\/2013\/11\/huf-06.jpg?resize=96%2C96&ssl=1","contentUrl":"https:\/\/i0.wp.com\/www.jazzzeitung.de\/cms\/wp-content\/uploads\/2013\/11\/huf-06.jpg?resize=96%2C96&ssl=1","caption":"Huflaikhan"},"description":"Huflaikhan (aka Martin Hufner) hat Musikwissenschaft, Philosophie und Psychologie in Gie\u00dfen studiert und mit einer Arbeit \u00fcber Adorno und die Zw\u00f6lftontechnik promoviert. Seit 1995 ist er freiberuflich als Autor, Fotograf und Netzmacher unterwegs.","sameAs":["https:\/\/www.kritische-masse.de\/logbuch","https:\/\/www.facebook.com\/hufner"],"url":"https:\/\/www.jazzzeitung.de\/cms\/author\/hufi\/"}]}},"wp-worthy-pixel":{"ignored":false,"public":"efbcb24afbff47b9be8243e0ad2ca537","server":"vg04.met.vgwort.de","url":"https:\/\/vg04.met.vgwort.de\/na\/efbcb24afbff47b9be8243e0ad2ca537"},"wp-worthy-type":"normal","jetpack_publicize_connections":[],"cc_featured_image_caption":{"caption_text":"Im Mondenschein.","source_text":"Foto: \u00a9 Martin Hufner","source_url":"https:\/\/www.musikkritik.org"},"jetpack_featured_media_url":"https:\/\/i0.wp.com\/www.jazzzeitung.de\/cms\/wp-content\/uploads\/2017\/12\/mond_schein.jpg?fit=2200%2C1482&ssl=1","jetpack_shortlink":"https:\/\/wp.me\/p3KEcT-3MX","jetpack-related-posts":[{"id":22392,"url":"https:\/\/www.jazzzeitung.de\/cms\/2020\/04\/der-bassist-henry-grimes-ist-tot\/","url_meta":{"origin":14567,"position":0},"title":"Der Bassist Henry Grimes ist tot","author":"Redaktion JazzZeitung","date":"18. April 2020","format":false,"excerpt":"Gerade vermeldet, der Bassist Henry Grimes ist am 17. April 2020 verstorben. Zu seinem 70 Geburtstag am 3. November 2005 hat Ssirus W. Pakzad ein Portrait f\u00fcr die JazzZeitung geschrieben, das wir hier in Erinnerung erneut ver\u00f6ffentlichen.","rel":"","context":"In &quot;Archiv&quot;","block_context":{"text":"Archiv","link":"https:\/\/www.jazzzeitung.de\/cms\/thema\/archiv\/"},"img":{"alt_text":"Henry Grimes with bass, photo by Nick Ruechel, 2010","src":"https:\/\/i0.wp.com\/www.jazzzeitung.de\/cms\/wp-content\/uploads\/2020\/04\/henrygrimesandbassbynickruechel2o1o.jpg?fit=1200%2C882&ssl=1&resize=350%2C200","width":350,"height":200,"srcset":"https:\/\/i0.wp.com\/www.jazzzeitung.de\/cms\/wp-content\/uploads\/2020\/04\/henrygrimesandbassbynickruechel2o1o.jpg?fit=1200%2C882&ssl=1&resize=350%2C200 1x, https:\/\/i0.wp.com\/www.jazzzeitung.de\/cms\/wp-content\/uploads\/2020\/04\/henrygrimesandbassbynickruechel2o1o.jpg?fit=1200%2C882&ssl=1&resize=525%2C300 1.5x, https:\/\/i0.wp.com\/www.jazzzeitung.de\/cms\/wp-content\/uploads\/2020\/04\/henrygrimesandbassbynickruechel2o1o.jpg?fit=1200%2C882&ssl=1&resize=700%2C400 2x, https:\/\/i0.wp.com\/www.jazzzeitung.de\/cms\/wp-content\/uploads\/2020\/04\/henrygrimesandbassbynickruechel2o1o.jpg?fit=1200%2C882&ssl=1&resize=1050%2C600 3x"},"classes":[]},{"id":26590,"url":"https:\/\/www.jazzzeitung.de\/cms\/2022\/01\/frankfurter-jazzgroesse-nachruf-auf-emil-mangelsdorff\/","url_meta":{"origin":14567,"position":1},"title":"Frankfurter Jazzgr\u00f6\u00dfe: Nachruf auf Emil Mangelsdorff","author":"Andreas Kolb","date":"25. Januar 2022","format":false,"excerpt":"\u201eDeutschen Jazz gibt es nicht\u201c, hat Emil Mangelsdorffs j\u00fcngerer Bruder, der Posaunist Albert Mangelsdorff einmal gesagt. Aber den legend\u00e4ren Frankfurt Sound gab es, mit dem Jazzensemble des Hessischen Rundfunks und Namen wie die Gebr\u00fcder Mangelsdorff, Joki Freund, Heinz Sauer und G\u00fcnther Lenz. Ert\u00f6nt war dieser Frankfurt Sound nicht erst in\u2026","rel":"","context":"In &quot;Portrait&quot;","block_context":{"text":"Portrait","link":"https:\/\/www.jazzzeitung.de\/cms\/thema\/portrait\/"},"img":{"alt_text":"","src":"https:\/\/i0.wp.com\/www.jazzzeitung.de\/cms\/wp-content\/uploads\/2022\/01\/Collage-Emil-Mangelsdorff-2-Foto-TJ-Krebs.jpg?fit=1200%2C800&ssl=1&resize=350%2C200","width":350,"height":200,"srcset":"https:\/\/i0.wp.com\/www.jazzzeitung.de\/cms\/wp-content\/uploads\/2022\/01\/Collage-Emil-Mangelsdorff-2-Foto-TJ-Krebs.jpg?fit=1200%2C800&ssl=1&resize=350%2C200 1x, https:\/\/i0.wp.com\/www.jazzzeitung.de\/cms\/wp-content\/uploads\/2022\/01\/Collage-Emil-Mangelsdorff-2-Foto-TJ-Krebs.jpg?fit=1200%2C800&ssl=1&resize=525%2C300 1.5x, https:\/\/i0.wp.com\/www.jazzzeitung.de\/cms\/wp-content\/uploads\/2022\/01\/Collage-Emil-Mangelsdorff-2-Foto-TJ-Krebs.jpg?fit=1200%2C800&ssl=1&resize=700%2C400 2x, https:\/\/i0.wp.com\/www.jazzzeitung.de\/cms\/wp-content\/uploads\/2022\/01\/Collage-Emil-Mangelsdorff-2-Foto-TJ-Krebs.jpg?fit=1200%2C800&ssl=1&resize=1050%2C600 3x"},"classes":[]},{"id":15568,"url":"https:\/\/www.jazzzeitung.de\/cms\/2018\/04\/pianist-und-free-jazz-musiker-cecil-taylor-gestorben\/","url_meta":{"origin":14567,"position":2},"title":"Pianist und Free-Jazz-Musiker Cecil Taylor gestorben","author":"Huflaikhan","date":"6. April 2018","format":false,"excerpt":"Cecil Percival Taylor\u00a0 (* 15. oder 25. M\u00e4rz 1929 in New York; \u2020 5. April 2018). \u00bbF\u00fcr mich ist das Klavier nichts als eine Trommel mit 88 Tasten, und die Saiten sind dazu da, um sie anzuschlagen, damit die musikalischen Strukturen sich immer weiter aufbauen, aber im vertikalen, nicht im\u2026","rel":"","context":"In &quot;News&quot;","block_context":{"text":"News","link":"https:\/\/www.jazzzeitung.de\/cms\/thema\/nachrichten\/"},"img":{"alt_text":"Cecil Taylor 1975 in Antibes. Foto: Hans Kumpf","src":"https:\/\/i0.wp.com\/www.jazzzeitung.de\/cms\/wp-content\/uploads\/2018\/04\/TaylorCecil-Antibes75a-Kumpf.jpg?fit=1200%2C853&ssl=1&resize=350%2C200","width":350,"height":200,"srcset":"https:\/\/i0.wp.com\/www.jazzzeitung.de\/cms\/wp-content\/uploads\/2018\/04\/TaylorCecil-Antibes75a-Kumpf.jpg?fit=1200%2C853&ssl=1&resize=350%2C200 1x, https:\/\/i0.wp.com\/www.jazzzeitung.de\/cms\/wp-content\/uploads\/2018\/04\/TaylorCecil-Antibes75a-Kumpf.jpg?fit=1200%2C853&ssl=1&resize=525%2C300 1.5x, https:\/\/i0.wp.com\/www.jazzzeitung.de\/cms\/wp-content\/uploads\/2018\/04\/TaylorCecil-Antibes75a-Kumpf.jpg?fit=1200%2C853&ssl=1&resize=700%2C400 2x, https:\/\/i0.wp.com\/www.jazzzeitung.de\/cms\/wp-content\/uploads\/2018\/04\/TaylorCecil-Antibes75a-Kumpf.jpg?fit=1200%2C853&ssl=1&resize=1050%2C600 3x"},"classes":[]},{"id":1214,"url":"https:\/\/www.jazzzeitung.de\/cms\/2011\/09\/wolfgang-lauth-gestorben-von-dietrich-schlegel\/","url_meta":{"origin":14567,"position":3},"title":"Wolfgang Lauth gestorben &#8211; von Dietrich Schlegel","author":"Ursula Gaisa","date":"7. September 2011","format":false,"excerpt":"Wolfgang Lauth, \u201eeiner der f\u00fchrenden Pianisten und Komponisten der deutschen Jazzszene\u201c (Emil Mangelsdorff) starb am 30. August im Alter von 80 Jahren in seinem Wohnort Mannheim. In den F\u00fcnfzigerjahren geh\u00f6rte er zu jenen deutschen Jazzmusikern, die \u201edaf\u00fcr sorgten, dass der Jazz im Nachkriegsdeutschland nicht nur hinter den Amis herhechelte, sondern\u2026","rel":"","context":"In &quot;Blog&quot;","block_context":{"text":"Blog","link":"https:\/\/www.jazzzeitung.de\/cms\/thema\/blog\/"},"img":{"alt_text":"lauther","src":"https:\/\/i0.wp.com\/www.jazzzeitung.de\/cms\/wp-content\/uploads\/2011\/09\/lauther.jpg?resize=350%2C200","width":350,"height":200},"classes":[]},{"id":8396,"url":"https:\/\/www.jazzzeitung.de\/cms\/2016\/02\/jazz-war-seine-zweite-leidenschaft-zum-tode-von-roger-willemsen\/","url_meta":{"origin":14567,"position":4},"title":"Jazz war seine zweite Leidenschaft \u2013 Zum Tode von Roger Willemsen","author":"Redaktion JazzZeitung","date":"12. Februar 2016","format":false,"excerpt":"Von Dietrich Schlegel. Die Literatur war die eine Leidenschaft des am vergangenen Sonntag am Krebs gestorbenen Autors, Fernseh-\/Radio-Moderators und Filmemachers Roger Willemsen. Seine zweite war der Jazz. Sie kam aber in den vielen Nachrufen in den Medien eher zu kurz, wurde oft gar nicht einmal erw\u00e4hnt. Zu vielf\u00e4ltig, fast un\u00fcbersehbar\u2026","rel":"","context":"In &quot;Portrait&quot;","block_context":{"text":"Portrait","link":"https:\/\/www.jazzzeitung.de\/cms\/thema\/portrait\/"},"img":{"alt_text":"Roger Willemsen \u00a9 S. Fischer Verlage","src":"https:\/\/i0.wp.com\/www.jazzzeitung.de\/cms\/wp-content\/uploads\/2016\/02\/Roger_Willemsen_2-150x150.jpg?resize=350%2C200","width":350,"height":200},"classes":[]},{"id":14216,"url":"https:\/\/www.jazzzeitung.de\/cms\/2017\/11\/regelmaessige-erneuerung-des-jazz-durch-seine-kritik\/","url_meta":{"origin":14567,"position":5},"title":"Regelm\u00e4\u00dfige Erneuerung des Jazz durch seine Kritik","author":"Huflaikhan","date":"8. November 2017","format":false,"excerpt":"Das Thema ist nicht neu. Nach Abfassung des letzten Blog-Textes fiel mir ein anderer von Wolfram Knauer aus dem Regal, den er in dem aufschlussreichen Band 13 der \u201eDarmst\u00e4dter Beitr\u00e4ge zur Jazzforschung\u201c mit dem Titel \u201eJazz Debates \/ Jazzdebatten\u201c ver\u00f6ffentlicht hatte: \u201e\u201aJazz\u2018 or not \u201aJazz\u2018 \u2013 From Word to Non-Word\u2026","rel":"","context":"In &quot;Blog&quot;","block_context":{"text":"Blog","link":"https:\/\/www.jazzzeitung.de\/cms\/thema\/blog\/"},"img":{"alt_text":"Jazz unscharf. Foto: Hufner","src":"https:\/\/i0.wp.com\/www.jazzzeitung.de\/cms\/wp-content\/uploads\/2017\/11\/jazz-unscharf.jpg?fit=1200%2C873&ssl=1&resize=350%2C200","width":350,"height":200,"srcset":"https:\/\/i0.wp.com\/www.jazzzeitung.de\/cms\/wp-content\/uploads\/2017\/11\/jazz-unscharf.jpg?fit=1200%2C873&ssl=1&resize=350%2C200 1x, https:\/\/i0.wp.com\/www.jazzzeitung.de\/cms\/wp-content\/uploads\/2017\/11\/jazz-unscharf.jpg?fit=1200%2C873&ssl=1&resize=525%2C300 1.5x, https:\/\/i0.wp.com\/www.jazzzeitung.de\/cms\/wp-content\/uploads\/2017\/11\/jazz-unscharf.jpg?fit=1200%2C873&ssl=1&resize=700%2C400 2x, https:\/\/i0.wp.com\/www.jazzzeitung.de\/cms\/wp-content\/uploads\/2017\/11\/jazz-unscharf.jpg?fit=1200%2C873&ssl=1&resize=1050%2C600 3x"},"classes":[]}],"jetpack_sharing_enabled":true,"_links":{"self":[{"href":"https:\/\/www.jazzzeitung.de\/cms\/wp-json\/wp\/v2\/posts\/14567","targetHints":{"allow":["GET"]}}],"collection":[{"href":"https:\/\/www.jazzzeitung.de\/cms\/wp-json\/wp\/v2\/posts"}],"about":[{"href":"https:\/\/www.jazzzeitung.de\/cms\/wp-json\/wp\/v2\/types\/post"}],"author":[{"embeddable":true,"href":"https:\/\/www.jazzzeitung.de\/cms\/wp-json\/wp\/v2\/users\/2"}],"replies":[{"embeddable":true,"href":"https:\/\/www.jazzzeitung.de\/cms\/wp-json\/wp\/v2\/comments?post=14567"}],"version-history":[{"count":6,"href":"https:\/\/www.jazzzeitung.de\/cms\/wp-json\/wp\/v2\/posts\/14567\/revisions"}],"predecessor-version":[{"id":14576,"href":"https:\/\/www.jazzzeitung.de\/cms\/wp-json\/wp\/v2\/posts\/14567\/revisions\/14576"}],"wp:featuredmedia":[{"embeddable":true,"href":"https:\/\/www.jazzzeitung.de\/cms\/wp-json\/wp\/v2\/media\/14568"}],"wp:attachment":[{"href":"https:\/\/www.jazzzeitung.de\/cms\/wp-json\/wp\/v2\/media?parent=14567"}],"wp:term":[{"taxonomy":"category","embeddable":true,"href":"https:\/\/www.jazzzeitung.de\/cms\/wp-json\/wp\/v2\/categories?post=14567"},{"taxonomy":"post_tag","embeddable":true,"href":"https:\/\/www.jazzzeitung.de\/cms\/wp-json\/wp\/v2\/tags?post=14567"},{"taxonomy":"author","embeddable":true,"href":"https:\/\/www.jazzzeitung.de\/cms\/wp-json\/wp\/v2\/coauthors?post=14567"}],"curies":[{"name":"wp","href":"https:\/\/api.w.org\/{rel}","templated":true}]}}