{"id":14560,"date":"2017-12-15T12:00:28","date_gmt":"2017-12-15T11:00:28","guid":{"rendered":"https:\/\/www.jazzzeitung.de\/cms\/?p=14560"},"modified":"2017-12-15T12:14:15","modified_gmt":"2017-12-15T11:14:15","slug":"jazzzeitung-de-top-20-beitraege-in-2017","status":"publish","type":"post","link":"https:\/\/www.jazzzeitung.de\/cms\/2017\/12\/jazzzeitung-de-top-20-beitraege-in-2017\/","title":{"rendered":"JazzZeitung.de: Top 20-Beitr\u00e4ge in 2017"},"content":{"rendered":"<p>Ein kleiner R\u00fcckblick auf das jahr 2017. Was waren die am h\u00e4ufigsten abgerufenen Beitr\u00e4ge aus diesem Jahr.<\/p>\n<h3>Unsere Liste:<\/h3>\n<ol>\n<li><a href=\"https:\/\/www.jazzzeitung.de\/cms\/2017\/01\/pat-metheny-2017-auf-welttournee\/\">Pat Metheny 2017 auf Welttournee<\/a><\/li>\n<li><a href=\"https:\/\/www.jazzzeitung.de\/cms\/2017\/06\/born-to-be-blue-ein-chet-baker-film-im-kino\/\">Born To Be Blue: ein Chet-Baker-Film im Kino<\/a><\/li>\n<li><a href=\"https:\/\/www.jazzzeitung.de\/cms\/2017\/10\/tv-tipp-der-preis-der-anna-lena-schnabel-3sat\/\">TV-Tipp: Der Preis der Anna-Lena Schnabel (3sat) \u2013 und ein medienpolitisches \u00c4rgernis<\/a><\/li>\n<li><a href=\"https:\/\/www.jazzzeitung.de\/cms\/2017\/10\/charlie-and-his-orchestra-swing-heil-ein-szenisches-konzert-im-buergerhaus-unterfoehring\/\">Konzertierte Verantwortungslosigkeit: Der NDR und der ECHO Jazz 2017<\/a><\/li>\n<li><a href=\"https:\/\/www.jazzzeitung.de\/cms\/2017\/11\/frueher-war-alles-besser-und-das-naechste-grosse-ding\/\">Fr\u00fcher war alles besser!? Und das n\u00e4chste gro\u00dfe Ding?<\/a><\/li>\n<li><a href=\"https:\/\/www.jazzzeitung.de\/cms\/2017\/03\/der-streitbare-musiker-und-forscher-zum-tod-von-ekkehard-jost\/\">Der streitbare Musiker und Forscher \u2013 Zum Tod von Ekkehard Jost<\/a><\/li>\n<li><a href=\"https:\/\/www.jazzzeitung.de\/cms\/2017\/11\/ecm-records-beginnt-mit-streaming\/\">ECM Records beginnt mit Streaming<\/a><\/li>\n<li><a href=\"https:\/\/www.jazzzeitung.de\/cms\/2017\/06\/zum-tod-von-geri-allen\/\">Zum Tod von Geri Allen<\/a><\/li>\n<li><a href=\"https:\/\/www.jazzzeitung.de\/cms\/2017\/03\/die-finalisten-des-bmw-welt-jazz-award-2017-renaud-garcia-fons-und-eva-kruse\/\">Die Finalisten des BMW Welt Jazz Award 2017: Renaud Garcia-Fons und Eva Kruse<\/a><\/li>\n<li><a href=\"https:\/\/www.jazzzeitung.de\/cms\/2017\/11\/regelmaessige-erneuerung-des-jazz-durch-seine-kritik\/\">Regelm\u00e4\u00dfige Erneuerung des Jazz durch seine Kritik<\/a><\/li>\n<li><a href=\"https:\/\/www.jazzzeitung.de\/cms\/2017\/05\/thelonious-monk-les-liaisons-dangereuses-1960-sam-records\/\">Thelonious Monk \u2013 Les Liaisons Dangereuses 1960 (Sam Records)<\/a><\/li>\n<li><a href=\"https:\/\/www.jazzzeitung.de\/cms\/2017\/11\/musikalische-hermeneutik-praktisch-jazzfest-berlin-2017-sonntag\/\">Musikalische Hermeneutik, praktisch \u2013 Jazzfest Berlin 2017 (Sonntag)<\/a><\/li>\n<li><a href=\"https:\/\/www.jazzzeitung.de\/cms\/2017\/10\/der-jazz-praesident-und-die-jazzgeschichte\/\">Der Jazz-Pr\u00e4sident und die Jazzgeschichte<\/a><\/li>\n<li><a href=\"https:\/\/www.jazzzeitung.de\/cms\/2017\/11\/schmunzeln-taenzeln-und-eine-currysosse-jazzfest-berlin-2017-samstag\/\">Schmunzeln, t\u00e4nzeln und eine Currysauce \u2013 Jazzfest Berlin 2017 \u2013 (Samstag)<\/a><\/li>\n<li><a href=\"https:\/\/www.jazzzeitung.de\/cms\/2017\/11\/nebensonnen-sonnenschein-jazzfest-berlin-2017-freitag\/\">Nebensonnen, Sonnenschein \u2013 Jazzfest Berlin 2017 (Freitag)<\/a><\/li>\n<li><a href=\"https:\/\/www.jazzzeitung.de\/cms\/2017\/11\/heimatabend-ohne-spirit-beim-jazzfest-berlin-2017-donnerstag\/\">Heimatabend ohne Spirit beim Jazzfest Berlin 2017 (Donnerstag)<\/a><\/li>\n<li><a href=\"https:\/\/www.jazzzeitung.de\/cms\/2017\/11\/rabih-abouh-khalil-beim-klassik-crossover-festival-in-ottobrunn\/\">Rabih Abouh Khalil beim Klassik &amp; Crossover Festival in Ottobrunn<\/a><\/li>\n<li><a href=\"https:\/\/www.jazzzeitung.de\/cms\/2017\/11\/wolfgang-dauner-wusste-es-bereits-1970-musikstreaming-kommt\/\">Der Prophet des Musikstreaming: Wolfgang Dauner im Jahr 1970<\/a><\/li>\n<li><a href=\"https:\/\/www.jazzzeitung.de\/cms\/2017\/11\/elflands-ewige-gaerten-metropolis-mit-live-musik-von-trio-elf-beim-heimspiel-filmfest-in-regensburg\/\">Elflands ewige G\u00e4rten: \u201eMetropolis\u201c mit Live-Musik von Trio Elf beim Heimspiel-Filmfest in Regensburg<\/a><\/li>\n<li><a href=\"https:\/\/www.jazzzeitung.de\/cms\/2017\/01\/german-jazz-trophy-2017-geht-an-abdullah-ibrahim\/\">German Jazz Trophy 2017 geht an Abdullah Ibrahim<\/a><\/li>\n<\/ol>\n<p>Wirklich verwunderlich ist eigentlich vor allem Platz 1. Unsere Ank\u00fcndigung der Tournee ist mit Abstand st\u00e4rkster Anziehungspunkt. Das Interesse an Pat Metheny muss verh\u00e4ltnism\u00e4\u00dfig riesig sein.<\/p>\n<h2>Mediales &amp; Berichte &amp; Nachrufe<\/h2>\n<p>In der Diskussion waren aber offensichtlich mediale Themen: Chet-Baker-Film, Anna-Lena-Schnabel-TV-Film, ECM goes Streaming. Besondere Zugriffe verzeichneten aber dann auch Berichte von Veranstaltungen: BMW Welt Jazz Award, das Jazzfest Berlin, Trio Elf macht Musik zum Stummfilm und Rabih Abouh Khalil in Ottobrunn! Nachrufe zu Geri Allen und Ekkehard Jost wurden auch &#8222;gern&#8220; gelesen.<\/p>\n<h2>Website-Neugestaltung<\/h2>\n<p>Dabei ist insgesamt einerseits erstaunlich und andererseits nicht verwunderlich, dass 12 der 20 Beitr\u00e4ge erst nach der Neugestaltung unserer Website Mitte Oktober erschienen sind, also auch deutlich k\u00fcrzer zur Verf\u00fcgung standen als andere. Man darf das wohl als Aufmunterung und Akzeptanz verstehen. Die Newsletter sind eingerichtet. Die Verbindung zum Server sollte jetzt auch automatische \u00fcber SSL-Verschl\u00fcsselung erfolgen. Es gibt ja immer was zu tun.<\/p>\n<p>Wie auch immer: Der Dank geht insbesondere an unsere Autoren und Fotografinnen und Fotografen ohne die hier ja auch nichts st\u00fcnde und auch nicht viel zu sehen w\u00e4re.<\/p>\n","protected":false},"excerpt":{"rendered":"<p>Ein kleiner R\u00fcckblick auf das jahr 2017. Was waren die am h\u00e4ufigsten abgerufenen Beitr\u00e4ge aus diesem Jahr. Unsere Liste: Pat Metheny 2017 auf Welttournee Born To Be Blue: ein Chet-Baker-Film im Kino TV-Tipp: Der Preis der Anna-Lena Schnabel (3sat) \u2013 und ein medienpolitisches \u00c4rgernis Konzertierte Verantwortungslosigkeit: Der NDR und der ECHO Jazz 2017 Fr\u00fcher war alles besser!? Und das n\u00e4chste gro\u00dfe Ding? Der streitbare Musiker und Forscher \u2013 Zum Tod von Ekkehard Jost ECM Records beginnt mit Streaming Zum Tod von Geri Allen Die Finalisten des BMW Welt Jazz Award 2017: Renaud Garcia-Fons und Eva Kruse Regelm\u00e4\u00dfige Erneuerung des Jazz durch seine Kritik Thelonious Monk \u2013 Les Liaisons Dangereuses 1960 (Sam Records) Musikalische Hermeneutik, praktisch \u2013 Jazzfest Berlin 2017 (Sonntag) Der Jazz-Pr\u00e4sident und die Jazzgeschichte Schmunzeln, t\u00e4nzeln und eine Currysauce \u2013 Jazzfest Berlin 2017 \u2013 (Samstag) Nebensonnen, Sonnenschein \u2013 Jazzfest Berlin 2017 (Freitag) Heimatabend ohne Spirit beim Jazzfest Berlin 2017 (Donnerstag) Rabih Abouh Khalil beim Klassik &amp; Crossover Festival in Ottobrunn Der Prophet des Musikstreaming: Wolfgang Dauner im Jahr 1970 Elflands ewige G\u00e4rten: \u201eMetropolis\u201c mit Live-Musik von Trio Elf beim Heimspiel-Filmfest in Regensburg German Jazz &hellip;<\/p>\n","protected":false},"author":2,"featured_media":14562,"comment_status":"open","ping_status":"closed","sticky":false,"template":"","format":"standard","meta":{"_jetpack_memberships_contains_paid_content":false,"footnotes":"","jetpack_publicize_message":"","jetpack_publicize_feature_enabled":true,"jetpack_social_post_already_shared":false,"jetpack_social_options":{"image_generator_settings":{"template":"highway","default_image_id":0,"font":"","enabled":false},"version":2}},"categories":[82],"tags":[1325,86,157,940,272,294,385,542,559,1749],"coauthors":[680],"class_list":["post-14560","post","type-post","status-publish","format-standard","has-post-thumbnail","hentry","category-blog","tag-anna-lena-schnabel","tag-bmw-welt-jazz-award","tag-echo-jazz","tag-german-jazz-trophy","tag-jazzfest-berlin","tag-jazzzeitung","tag-metheny","tag-thelonious-monk","tag-trio-elf","tag-wolfgang-dauner"],"yoast_head":"<!-- This site is optimized with the Yoast SEO plugin v27.5 - https:\/\/yoast.com\/product\/yoast-seo-wordpress\/ -->\n<title>JazzZeitung.de: Top 20-Beitr\u00e4ge in 2017 - JazzZeitung<\/title>\n<meta name=\"robots\" content=\"index, follow, max-snippet:-1, max-image-preview:large, max-video-preview:-1\" \/>\n<link rel=\"canonical\" href=\"https:\/\/www.jazzzeitung.de\/cms\/2017\/12\/jazzzeitung-de-top-20-beitraege-in-2017\/\" \/>\n<meta property=\"og:locale\" content=\"de_DE\" \/>\n<meta property=\"og:type\" content=\"article\" \/>\n<meta property=\"og:title\" content=\"JazzZeitung.de: Top 20-Beitr\u00e4ge in 2017 - JazzZeitung\" \/>\n<meta property=\"og:description\" content=\"Ein kleiner R\u00fcckblick auf das jahr 2017. Was waren die am h\u00e4ufigsten abgerufenen Beitr\u00e4ge aus diesem Jahr. Unsere Liste: Pat Metheny 2017 auf Welttournee Born To Be Blue: ein Chet-Baker-Film im Kino TV-Tipp: Der Preis der Anna-Lena Schnabel (3sat) \u2013 und ein medienpolitisches \u00c4rgernis Konzertierte Verantwortungslosigkeit: Der NDR und der ECHO Jazz 2017 Fr\u00fcher war alles besser!? Und das n\u00e4chste gro\u00dfe Ding? Der streitbare Musiker und Forscher \u2013 Zum Tod von Ekkehard Jost ECM Records beginnt mit Streaming Zum Tod von Geri Allen Die Finalisten des BMW Welt Jazz Award 2017: Renaud Garcia-Fons und Eva Kruse Regelm\u00e4\u00dfige Erneuerung des Jazz durch seine Kritik Thelonious Monk \u2013 Les Liaisons Dangereuses 1960 (Sam Records) Musikalische Hermeneutik, praktisch \u2013 Jazzfest Berlin 2017 (Sonntag) Der Jazz-Pr\u00e4sident und die Jazzgeschichte Schmunzeln, t\u00e4nzeln und eine Currysauce \u2013 Jazzfest Berlin 2017 \u2013 (Samstag) Nebensonnen, Sonnenschein \u2013 Jazzfest Berlin 2017 (Freitag) Heimatabend ohne Spirit beim Jazzfest Berlin 2017 (Donnerstag) Rabih Abouh Khalil beim Klassik &amp; Crossover Festival in Ottobrunn Der Prophet des Musikstreaming: Wolfgang Dauner im Jahr 1970 Elflands ewige G\u00e4rten: \u201eMetropolis\u201c mit Live-Musik von Trio Elf beim Heimspiel-Filmfest in Regensburg German Jazz &hellip;\" \/>\n<meta property=\"og:url\" content=\"https:\/\/www.jazzzeitung.de\/cms\/2017\/12\/jazzzeitung-de-top-20-beitraege-in-2017\/\" \/>\n<meta property=\"og:site_name\" content=\"JazzZeitung\" \/>\n<meta property=\"article:publisher\" content=\"https:\/\/www.facebook.com\/JazzZeitung\/\" \/>\n<meta property=\"article:author\" content=\"https:\/\/www.facebook.com\/hufner\" \/>\n<meta property=\"article:published_time\" content=\"2017-12-15T11:00:28+00:00\" \/>\n<meta property=\"article:modified_time\" content=\"2017-12-15T11:14:15+00:00\" \/>\n<meta property=\"og:image\" content=\"https:\/\/i0.wp.com\/www.jazzzeitung.de\/cms\/wp-content\/uploads\/2017\/12\/2017_top20_jazzzeitung.jpg?fit=1841%2C1113&ssl=1\" \/>\n\t<meta property=\"og:image:width\" content=\"1841\" \/>\n\t<meta property=\"og:image:height\" content=\"1113\" \/>\n\t<meta property=\"og:image:type\" content=\"image\/jpeg\" \/>\n<meta name=\"author\" content=\"Huflaikhan\" \/>\n<script type=\"application\/ld+json\" class=\"yoast-schema-graph\">{\"@context\":\"https:\\\/\\\/schema.org\",\"@graph\":[{\"@type\":\"Article\",\"@id\":\"https:\\\/\\\/www.jazzzeitung.de\\\/cms\\\/2017\\\/12\\\/jazzzeitung-de-top-20-beitraege-in-2017\\\/#article\",\"isPartOf\":{\"@id\":\"https:\\\/\\\/www.jazzzeitung.de\\\/cms\\\/2017\\\/12\\\/jazzzeitung-de-top-20-beitraege-in-2017\\\/\"},\"author\":{\"name\":\"Huflaikhan\",\"@id\":\"https:\\\/\\\/www.jazzzeitung.de\\\/cms\\\/#\\\/schema\\\/person\\\/1ba404714b9455401502bc409a7df45e\"},\"headline\":\"JazzZeitung.de: Top 20-Beitr\u00e4ge in 2017\",\"datePublished\":\"2017-12-15T11:00:28+00:00\",\"dateModified\":\"2017-12-15T11:14:15+00:00\",\"mainEntityOfPage\":{\"@id\":\"https:\\\/\\\/www.jazzzeitung.de\\\/cms\\\/2017\\\/12\\\/jazzzeitung-de-top-20-beitraege-in-2017\\\/\"},\"wordCount\":372,\"commentCount\":0,\"publisher\":{\"@id\":\"https:\\\/\\\/www.jazzzeitung.de\\\/cms\\\/#organization\"},\"image\":{\"@id\":\"https:\\\/\\\/www.jazzzeitung.de\\\/cms\\\/2017\\\/12\\\/jazzzeitung-de-top-20-beitraege-in-2017\\\/#primaryimage\"},\"thumbnailUrl\":\"https:\\\/\\\/i0.wp.com\\\/www.jazzzeitung.de\\\/cms\\\/wp-content\\\/uploads\\\/2017\\\/12\\\/2017_top20_jazzzeitung.jpg?fit=1841%2C1113&ssl=1\",\"keywords\":[\"Anna-Lena Schnabel\",\"bmw welt jazz award\",\"Echo Jazz\",\"German Jazz Trophy\",\"Jazzfest Berlin\",\"Jazzzeitung\",\"Pat Metheny\",\"Thelonious Monk\",\"Trio Elf\",\"Wolfgang Dauner\"],\"articleSection\":[\"Blog\"],\"inLanguage\":\"de\",\"potentialAction\":[{\"@type\":\"CommentAction\",\"name\":\"Comment\",\"target\":[\"https:\\\/\\\/www.jazzzeitung.de\\\/cms\\\/2017\\\/12\\\/jazzzeitung-de-top-20-beitraege-in-2017\\\/#respond\"]}]},{\"@type\":\"WebPage\",\"@id\":\"https:\\\/\\\/www.jazzzeitung.de\\\/cms\\\/2017\\\/12\\\/jazzzeitung-de-top-20-beitraege-in-2017\\\/\",\"url\":\"https:\\\/\\\/www.jazzzeitung.de\\\/cms\\\/2017\\\/12\\\/jazzzeitung-de-top-20-beitraege-in-2017\\\/\",\"name\":\"JazzZeitung.de: Top 20-Beitr\u00e4ge in 2017 - JazzZeitung\",\"isPartOf\":{\"@id\":\"https:\\\/\\\/www.jazzzeitung.de\\\/cms\\\/#website\"},\"primaryImageOfPage\":{\"@id\":\"https:\\\/\\\/www.jazzzeitung.de\\\/cms\\\/2017\\\/12\\\/jazzzeitung-de-top-20-beitraege-in-2017\\\/#primaryimage\"},\"image\":{\"@id\":\"https:\\\/\\\/www.jazzzeitung.de\\\/cms\\\/2017\\\/12\\\/jazzzeitung-de-top-20-beitraege-in-2017\\\/#primaryimage\"},\"thumbnailUrl\":\"https:\\\/\\\/i0.wp.com\\\/www.jazzzeitung.de\\\/cms\\\/wp-content\\\/uploads\\\/2017\\\/12\\\/2017_top20_jazzzeitung.jpg?fit=1841%2C1113&ssl=1\",\"datePublished\":\"2017-12-15T11:00:28+00:00\",\"dateModified\":\"2017-12-15T11:14:15+00:00\",\"breadcrumb\":{\"@id\":\"https:\\\/\\\/www.jazzzeitung.de\\\/cms\\\/2017\\\/12\\\/jazzzeitung-de-top-20-beitraege-in-2017\\\/#breadcrumb\"},\"inLanguage\":\"de\",\"potentialAction\":[{\"@type\":\"ReadAction\",\"target\":[\"https:\\\/\\\/www.jazzzeitung.de\\\/cms\\\/2017\\\/12\\\/jazzzeitung-de-top-20-beitraege-in-2017\\\/\"]}]},{\"@type\":\"ImageObject\",\"inLanguage\":\"de\",\"@id\":\"https:\\\/\\\/www.jazzzeitung.de\\\/cms\\\/2017\\\/12\\\/jazzzeitung-de-top-20-beitraege-in-2017\\\/#primaryimage\",\"url\":\"https:\\\/\\\/i0.wp.com\\\/www.jazzzeitung.de\\\/cms\\\/wp-content\\\/uploads\\\/2017\\\/12\\\/2017_top20_jazzzeitung.jpg?fit=1841%2C1113&ssl=1\",\"contentUrl\":\"https:\\\/\\\/i0.wp.com\\\/www.jazzzeitung.de\\\/cms\\\/wp-content\\\/uploads\\\/2017\\\/12\\\/2017_top20_jazzzeitung.jpg?fit=1841%2C1113&ssl=1\",\"width\":1841,\"height\":1113,\"caption\":\"JazzZeitung top 20 2017\"},{\"@type\":\"BreadcrumbList\",\"@id\":\"https:\\\/\\\/www.jazzzeitung.de\\\/cms\\\/2017\\\/12\\\/jazzzeitung-de-top-20-beitraege-in-2017\\\/#breadcrumb\",\"itemListElement\":[{\"@type\":\"ListItem\",\"position\":1,\"name\":\"Startseite\",\"item\":\"https:\\\/\\\/www.jazzzeitung.de\\\/cms\\\/\"},{\"@type\":\"ListItem\",\"position\":2,\"name\":\"JazzZeitung.de: Top 20-Beitr\u00e4ge in 2017\"}]},{\"@type\":\"WebSite\",\"@id\":\"https:\\\/\\\/www.jazzzeitung.de\\\/cms\\\/#website\",\"url\":\"https:\\\/\\\/www.jazzzeitung.de\\\/cms\\\/\",\"name\":\"JazzZeitung\",\"description\":\"Jazz-News und Jazz-Kontroverses\",\"publisher\":{\"@id\":\"https:\\\/\\\/www.jazzzeitung.de\\\/cms\\\/#organization\"},\"potentialAction\":[{\"@type\":\"SearchAction\",\"target\":{\"@type\":\"EntryPoint\",\"urlTemplate\":\"https:\\\/\\\/www.jazzzeitung.de\\\/cms\\\/?s={search_term_string}\"},\"query-input\":{\"@type\":\"PropertyValueSpecification\",\"valueRequired\":true,\"valueName\":\"search_term_string\"}}],\"inLanguage\":\"de\"},{\"@type\":\"Organization\",\"@id\":\"https:\\\/\\\/www.jazzzeitung.de\\\/cms\\\/#organization\",\"name\":\"JazzZeitung online\",\"url\":\"https:\\\/\\\/www.jazzzeitung.de\\\/cms\\\/\",\"logo\":{\"@type\":\"ImageObject\",\"inLanguage\":\"de\",\"@id\":\"https:\\\/\\\/www.jazzzeitung.de\\\/cms\\\/#\\\/schema\\\/logo\\\/image\\\/\",\"url\":\"https:\\\/\\\/i0.wp.com\\\/www.jazzzeitung.de\\\/cms\\\/wp-content\\\/uploads\\\/2015\\\/08\\\/JAZZZEITUNGDE_Logo_Neu.png?fit=499%2C200&ssl=1\",\"contentUrl\":\"https:\\\/\\\/i0.wp.com\\\/www.jazzzeitung.de\\\/cms\\\/wp-content\\\/uploads\\\/2015\\\/08\\\/JAZZZEITUNGDE_Logo_Neu.png?fit=499%2C200&ssl=1\",\"width\":499,\"height\":200,\"caption\":\"JazzZeitung online\"},\"image\":{\"@id\":\"https:\\\/\\\/www.jazzzeitung.de\\\/cms\\\/#\\\/schema\\\/logo\\\/image\\\/\"},\"sameAs\":[\"https:\\\/\\\/www.facebook.com\\\/JazzZeitung\\\/\"]},{\"@type\":\"Person\",\"@id\":\"https:\\\/\\\/www.jazzzeitung.de\\\/cms\\\/#\\\/schema\\\/person\\\/1ba404714b9455401502bc409a7df45e\",\"name\":\"Huflaikhan\",\"image\":{\"@type\":\"ImageObject\",\"inLanguage\":\"de\",\"@id\":\"https:\\\/\\\/i0.wp.com\\\/www.jazzzeitung.de\\\/cms\\\/wp-content\\\/uploads\\\/2013\\\/11\\\/huf-06.jpg?resize=96%2C96&ssl=18afacd5aa7627f2840c013425f5a4164\",\"url\":\"https:\\\/\\\/i0.wp.com\\\/www.jazzzeitung.de\\\/cms\\\/wp-content\\\/uploads\\\/2013\\\/11\\\/huf-06.jpg?resize=96%2C96&ssl=1\",\"contentUrl\":\"https:\\\/\\\/i0.wp.com\\\/www.jazzzeitung.de\\\/cms\\\/wp-content\\\/uploads\\\/2013\\\/11\\\/huf-06.jpg?resize=96%2C96&ssl=1\",\"caption\":\"Huflaikhan\"},\"description\":\"Huflaikhan (aka Martin Hufner) hat Musikwissenschaft, Philosophie und Psychologie in Gie\u00dfen studiert und mit einer Arbeit \u00fcber Adorno und die Zw\u00f6lftontechnik promoviert. Seit 1995 ist er freiberuflich als Autor, Fotograf und Netzmacher unterwegs.\",\"sameAs\":[\"https:\\\/\\\/www.kritische-masse.de\\\/logbuch\",\"https:\\\/\\\/www.facebook.com\\\/hufner\"],\"url\":\"https:\\\/\\\/www.jazzzeitung.de\\\/cms\\\/author\\\/hufi\\\/\"}]}<\/script>\n<!-- \/ Yoast SEO plugin. -->","yoast_head_json":{"title":"JazzZeitung.de: Top 20-Beitr\u00e4ge in 2017 - JazzZeitung","robots":{"index":"index","follow":"follow","max-snippet":"max-snippet:-1","max-image-preview":"max-image-preview:large","max-video-preview":"max-video-preview:-1"},"canonical":"https:\/\/www.jazzzeitung.de\/cms\/2017\/12\/jazzzeitung-de-top-20-beitraege-in-2017\/","og_locale":"de_DE","og_type":"article","og_title":"JazzZeitung.de: Top 20-Beitr\u00e4ge in 2017 - JazzZeitung","og_description":"Ein kleiner R\u00fcckblick auf das jahr 2017. Was waren die am h\u00e4ufigsten abgerufenen Beitr\u00e4ge aus diesem Jahr. Unsere Liste: Pat Metheny 2017 auf Welttournee Born To Be Blue: ein Chet-Baker-Film im Kino TV-Tipp: Der Preis der Anna-Lena Schnabel (3sat) \u2013 und ein medienpolitisches \u00c4rgernis Konzertierte Verantwortungslosigkeit: Der NDR und der ECHO Jazz 2017 Fr\u00fcher war alles besser!? Und das n\u00e4chste gro\u00dfe Ding? Der streitbare Musiker und Forscher \u2013 Zum Tod von Ekkehard Jost ECM Records beginnt mit Streaming Zum Tod von Geri Allen Die Finalisten des BMW Welt Jazz Award 2017: Renaud Garcia-Fons und Eva Kruse Regelm\u00e4\u00dfige Erneuerung des Jazz durch seine Kritik Thelonious Monk \u2013 Les Liaisons Dangereuses 1960 (Sam Records) Musikalische Hermeneutik, praktisch \u2013 Jazzfest Berlin 2017 (Sonntag) Der Jazz-Pr\u00e4sident und die Jazzgeschichte Schmunzeln, t\u00e4nzeln und eine Currysauce \u2013 Jazzfest Berlin 2017 \u2013 (Samstag) Nebensonnen, Sonnenschein \u2013 Jazzfest Berlin 2017 (Freitag) Heimatabend ohne Spirit beim Jazzfest Berlin 2017 (Donnerstag) Rabih Abouh Khalil beim Klassik &amp; Crossover Festival in Ottobrunn Der Prophet des Musikstreaming: Wolfgang Dauner im Jahr 1970 Elflands ewige G\u00e4rten: \u201eMetropolis\u201c mit Live-Musik von Trio Elf beim Heimspiel-Filmfest in Regensburg German Jazz &hellip;","og_url":"https:\/\/www.jazzzeitung.de\/cms\/2017\/12\/jazzzeitung-de-top-20-beitraege-in-2017\/","og_site_name":"JazzZeitung","article_publisher":"https:\/\/www.facebook.com\/JazzZeitung\/","article_author":"https:\/\/www.facebook.com\/hufner","article_published_time":"2017-12-15T11:00:28+00:00","article_modified_time":"2017-12-15T11:14:15+00:00","og_image":[{"width":1841,"height":1113,"url":"https:\/\/i0.wp.com\/www.jazzzeitung.de\/cms\/wp-content\/uploads\/2017\/12\/2017_top20_jazzzeitung.jpg?fit=1841%2C1113&ssl=1","type":"image\/jpeg"}],"author":"Huflaikhan","schema":{"@context":"https:\/\/schema.org","@graph":[{"@type":"Article","@id":"https:\/\/www.jazzzeitung.de\/cms\/2017\/12\/jazzzeitung-de-top-20-beitraege-in-2017\/#article","isPartOf":{"@id":"https:\/\/www.jazzzeitung.de\/cms\/2017\/12\/jazzzeitung-de-top-20-beitraege-in-2017\/"},"author":{"name":"Huflaikhan","@id":"https:\/\/www.jazzzeitung.de\/cms\/#\/schema\/person\/1ba404714b9455401502bc409a7df45e"},"headline":"JazzZeitung.de: Top 20-Beitr\u00e4ge in 2017","datePublished":"2017-12-15T11:00:28+00:00","dateModified":"2017-12-15T11:14:15+00:00","mainEntityOfPage":{"@id":"https:\/\/www.jazzzeitung.de\/cms\/2017\/12\/jazzzeitung-de-top-20-beitraege-in-2017\/"},"wordCount":372,"commentCount":0,"publisher":{"@id":"https:\/\/www.jazzzeitung.de\/cms\/#organization"},"image":{"@id":"https:\/\/www.jazzzeitung.de\/cms\/2017\/12\/jazzzeitung-de-top-20-beitraege-in-2017\/#primaryimage"},"thumbnailUrl":"https:\/\/i0.wp.com\/www.jazzzeitung.de\/cms\/wp-content\/uploads\/2017\/12\/2017_top20_jazzzeitung.jpg?fit=1841%2C1113&ssl=1","keywords":["Anna-Lena Schnabel","bmw welt jazz award","Echo Jazz","German Jazz Trophy","Jazzfest Berlin","Jazzzeitung","Pat Metheny","Thelonious Monk","Trio Elf","Wolfgang Dauner"],"articleSection":["Blog"],"inLanguage":"de","potentialAction":[{"@type":"CommentAction","name":"Comment","target":["https:\/\/www.jazzzeitung.de\/cms\/2017\/12\/jazzzeitung-de-top-20-beitraege-in-2017\/#respond"]}]},{"@type":"WebPage","@id":"https:\/\/www.jazzzeitung.de\/cms\/2017\/12\/jazzzeitung-de-top-20-beitraege-in-2017\/","url":"https:\/\/www.jazzzeitung.de\/cms\/2017\/12\/jazzzeitung-de-top-20-beitraege-in-2017\/","name":"JazzZeitung.de: Top 20-Beitr\u00e4ge in 2017 - JazzZeitung","isPartOf":{"@id":"https:\/\/www.jazzzeitung.de\/cms\/#website"},"primaryImageOfPage":{"@id":"https:\/\/www.jazzzeitung.de\/cms\/2017\/12\/jazzzeitung-de-top-20-beitraege-in-2017\/#primaryimage"},"image":{"@id":"https:\/\/www.jazzzeitung.de\/cms\/2017\/12\/jazzzeitung-de-top-20-beitraege-in-2017\/#primaryimage"},"thumbnailUrl":"https:\/\/i0.wp.com\/www.jazzzeitung.de\/cms\/wp-content\/uploads\/2017\/12\/2017_top20_jazzzeitung.jpg?fit=1841%2C1113&ssl=1","datePublished":"2017-12-15T11:00:28+00:00","dateModified":"2017-12-15T11:14:15+00:00","breadcrumb":{"@id":"https:\/\/www.jazzzeitung.de\/cms\/2017\/12\/jazzzeitung-de-top-20-beitraege-in-2017\/#breadcrumb"},"inLanguage":"de","potentialAction":[{"@type":"ReadAction","target":["https:\/\/www.jazzzeitung.de\/cms\/2017\/12\/jazzzeitung-de-top-20-beitraege-in-2017\/"]}]},{"@type":"ImageObject","inLanguage":"de","@id":"https:\/\/www.jazzzeitung.de\/cms\/2017\/12\/jazzzeitung-de-top-20-beitraege-in-2017\/#primaryimage","url":"https:\/\/i0.wp.com\/www.jazzzeitung.de\/cms\/wp-content\/uploads\/2017\/12\/2017_top20_jazzzeitung.jpg?fit=1841%2C1113&ssl=1","contentUrl":"https:\/\/i0.wp.com\/www.jazzzeitung.de\/cms\/wp-content\/uploads\/2017\/12\/2017_top20_jazzzeitung.jpg?fit=1841%2C1113&ssl=1","width":1841,"height":1113,"caption":"JazzZeitung top 20 2017"},{"@type":"BreadcrumbList","@id":"https:\/\/www.jazzzeitung.de\/cms\/2017\/12\/jazzzeitung-de-top-20-beitraege-in-2017\/#breadcrumb","itemListElement":[{"@type":"ListItem","position":1,"name":"Startseite","item":"https:\/\/www.jazzzeitung.de\/cms\/"},{"@type":"ListItem","position":2,"name":"JazzZeitung.de: Top 20-Beitr\u00e4ge in 2017"}]},{"@type":"WebSite","@id":"https:\/\/www.jazzzeitung.de\/cms\/#website","url":"https:\/\/www.jazzzeitung.de\/cms\/","name":"JazzZeitung","description":"Jazz-News und Jazz-Kontroverses","publisher":{"@id":"https:\/\/www.jazzzeitung.de\/cms\/#organization"},"potentialAction":[{"@type":"SearchAction","target":{"@type":"EntryPoint","urlTemplate":"https:\/\/www.jazzzeitung.de\/cms\/?s={search_term_string}"},"query-input":{"@type":"PropertyValueSpecification","valueRequired":true,"valueName":"search_term_string"}}],"inLanguage":"de"},{"@type":"Organization","@id":"https:\/\/www.jazzzeitung.de\/cms\/#organization","name":"JazzZeitung online","url":"https:\/\/www.jazzzeitung.de\/cms\/","logo":{"@type":"ImageObject","inLanguage":"de","@id":"https:\/\/www.jazzzeitung.de\/cms\/#\/schema\/logo\/image\/","url":"https:\/\/i0.wp.com\/www.jazzzeitung.de\/cms\/wp-content\/uploads\/2015\/08\/JAZZZEITUNGDE_Logo_Neu.png?fit=499%2C200&ssl=1","contentUrl":"https:\/\/i0.wp.com\/www.jazzzeitung.de\/cms\/wp-content\/uploads\/2015\/08\/JAZZZEITUNGDE_Logo_Neu.png?fit=499%2C200&ssl=1","width":499,"height":200,"caption":"JazzZeitung online"},"image":{"@id":"https:\/\/www.jazzzeitung.de\/cms\/#\/schema\/logo\/image\/"},"sameAs":["https:\/\/www.facebook.com\/JazzZeitung\/"]},{"@type":"Person","@id":"https:\/\/www.jazzzeitung.de\/cms\/#\/schema\/person\/1ba404714b9455401502bc409a7df45e","name":"Huflaikhan","image":{"@type":"ImageObject","inLanguage":"de","@id":"https:\/\/i0.wp.com\/www.jazzzeitung.de\/cms\/wp-content\/uploads\/2013\/11\/huf-06.jpg?resize=96%2C96&ssl=18afacd5aa7627f2840c013425f5a4164","url":"https:\/\/i0.wp.com\/www.jazzzeitung.de\/cms\/wp-content\/uploads\/2013\/11\/huf-06.jpg?resize=96%2C96&ssl=1","contentUrl":"https:\/\/i0.wp.com\/www.jazzzeitung.de\/cms\/wp-content\/uploads\/2013\/11\/huf-06.jpg?resize=96%2C96&ssl=1","caption":"Huflaikhan"},"description":"Huflaikhan (aka Martin Hufner) hat Musikwissenschaft, Philosophie und Psychologie in Gie\u00dfen studiert und mit einer Arbeit \u00fcber Adorno und die Zw\u00f6lftontechnik promoviert. Seit 1995 ist er freiberuflich als Autor, Fotograf und Netzmacher unterwegs.","sameAs":["https:\/\/www.kritische-masse.de\/logbuch","https:\/\/www.facebook.com\/hufner"],"url":"https:\/\/www.jazzzeitung.de\/cms\/author\/hufi\/"}]}},"wp-worthy-pixel":{"ignored":false,"public":"0b63fcd7aac14142a68a9720d573e046","server":"vg04.met.vgwort.de","url":"https:\/\/vg04.met.vgwort.de\/na\/0b63fcd7aac14142a68a9720d573e046"},"wp-worthy-type":"normal","jetpack_publicize_connections":[],"cc_featured_image_caption":{"caption_text":"JazzZeitung top 20 2017","source_text":"Foto: \u00a9 Martin Hufner","source_url":"https:\/\/www.musikkritik.org"},"jetpack_featured_media_url":"https:\/\/i0.wp.com\/www.jazzzeitung.de\/cms\/wp-content\/uploads\/2017\/12\/2017_top20_jazzzeitung.jpg?fit=1841%2C1113&ssl=1","jetpack_shortlink":"https:\/\/wp.me\/p3KEcT-3MQ","jetpack-related-posts":[{"id":13945,"url":"https:\/\/www.jazzzeitung.de\/cms\/2017\/10\/tv-tipp-der-preis-der-anna-lena-schnabel-3sat\/","url_meta":{"origin":14560,"position":0},"title":"TV-Tipp: Der Preis der Anna-Lena Schnabel (3sat) \u2013 und ein medienpolitisches \u00c4rgernis","author":"Huflaikhan","date":"21. Oktober 2017","format":false,"excerpt":"Heute abend auf 3sat ab 22:05. Als die hochbegabte Saxophonistin Anna-Lena Schnabel den \"Echo Jazz\" 2017 erh\u00e4lt, erlebt sie den prinzipiellen Konflikt zwischen Authentizit\u00e4t und Erfolg im Musikbusiness. Anna-Lena Schnabel w\u00e4chst in einfachen Verh\u00e4ltnissen auf, dank ihrer Hochbegabung macht sie ihr Abitur mit Eins. Eine sichere Zukunft steht ihr offen,\u2026","rel":"","context":"In &quot;Blog&quot;","block_context":{"text":"Blog","link":"https:\/\/www.jazzzeitung.de\/cms\/thema\/blog\/"},"img":{"alt_text":"Anna-Lena Schnabel 2014 mit dem Bujazzo. Foto: Hufner","src":"https:\/\/i0.wp.com\/www.jazzzeitung.de\/cms\/wp-content\/uploads\/2017\/10\/bujazzo-schnabel_c_hufner.jpg?fit=1200%2C900&ssl=1&resize=350%2C200","width":350,"height":200,"srcset":"https:\/\/i0.wp.com\/www.jazzzeitung.de\/cms\/wp-content\/uploads\/2017\/10\/bujazzo-schnabel_c_hufner.jpg?fit=1200%2C900&ssl=1&resize=350%2C200 1x, https:\/\/i0.wp.com\/www.jazzzeitung.de\/cms\/wp-content\/uploads\/2017\/10\/bujazzo-schnabel_c_hufner.jpg?fit=1200%2C900&ssl=1&resize=525%2C300 1.5x, https:\/\/i0.wp.com\/www.jazzzeitung.de\/cms\/wp-content\/uploads\/2017\/10\/bujazzo-schnabel_c_hufner.jpg?fit=1200%2C900&ssl=1&resize=700%2C400 2x, https:\/\/i0.wp.com\/www.jazzzeitung.de\/cms\/wp-content\/uploads\/2017\/10\/bujazzo-schnabel_c_hufner.jpg?fit=1200%2C900&ssl=1&resize=1050%2C600 3x"},"classes":[]},{"id":14017,"url":"https:\/\/www.jazzzeitung.de\/cms\/2017\/10\/konzertierte-verantwortungslosigkeit-der-ndr-und-der-echo-jazz-2017\/","url_meta":{"origin":14560,"position":1},"title":"Konzertierte Verantwortungslosigkeit: Der NDR und der ECHO Jazz 2017","author":"Huflaikhan","date":"28. Oktober 2017","format":false,"excerpt":"Die Kontroverse um die Titelauswahl f\u00fcr den Auftritt Anna-Lena Schnabels bei Echo Jazz 2017 nimmt immer mehr Z\u00fcge der Absurdit\u00e4t an. Dabei sind die Dinge, die man wei\u00df und die Dinge, die man nicht wei\u00df mehr oder weniger bekannt. Im Konflikt sind Aussagen von Anna-Lena Schnabel, dem NDR, dem Bundesverband\u2026","rel":"","context":"In &quot;Blog&quot;","block_context":{"text":"Blog","link":"https:\/\/www.jazzzeitung.de\/cms\/thema\/blog\/"},"img":{"alt_text":"Wir m\u00fcssen drau\u00dfen bleiben. Jazz ohne Echo. Foto: Hufner","src":"https:\/\/i0.wp.com\/www.jazzzeitung.de\/cms\/wp-content\/uploads\/2017\/10\/alles_bio_qualitaet.jpg?fit=1200%2C783&ssl=1&resize=350%2C200","width":350,"height":200,"srcset":"https:\/\/i0.wp.com\/www.jazzzeitung.de\/cms\/wp-content\/uploads\/2017\/10\/alles_bio_qualitaet.jpg?fit=1200%2C783&ssl=1&resize=350%2C200 1x, https:\/\/i0.wp.com\/www.jazzzeitung.de\/cms\/wp-content\/uploads\/2017\/10\/alles_bio_qualitaet.jpg?fit=1200%2C783&ssl=1&resize=525%2C300 1.5x, https:\/\/i0.wp.com\/www.jazzzeitung.de\/cms\/wp-content\/uploads\/2017\/10\/alles_bio_qualitaet.jpg?fit=1200%2C783&ssl=1&resize=700%2C400 2x, https:\/\/i0.wp.com\/www.jazzzeitung.de\/cms\/wp-content\/uploads\/2017\/10\/alles_bio_qualitaet.jpg?fit=1200%2C783&ssl=1&resize=1050%2C600 3x"},"classes":[]},{"id":12474,"url":"https:\/\/www.jazzzeitung.de\/cms\/2017\/05\/klaus-doldinger-erhaelt-den-echo-jazz-2017-fuer-sein-lebenswerk\/","url_meta":{"origin":14560,"position":2},"title":"Klaus Doldinger erh\u00e4lt den ECHO JAZZ 2017 f\u00fcr sein Lebenswerk","author":"Redaktion JazzZeitung","date":"23. Mai 2017","format":false,"excerpt":"Berlin\/Hamburg, 23. Mai 2017 \u2013 Der Saxophonist und Bandleader Klaus Doldinger wird in diesem Jahr mit dem ECHO JAZZ f\u00fcr sein Lebenswerk ausgezeichnet. Vor 81 Jahren in Berlin geboren, spielte Doldinger ab 1953 in D\u00fcsseldorf in seiner ersten Band, den \u201eFeetwarmers\u201c, der auch der Kabarettist Dieter S\u00fcverkr\u00fcp sowie der sp\u00e4tere\u2026","rel":"","context":"In &quot;News&quot;","block_context":{"text":"News","link":"https:\/\/www.jazzzeitung.de\/cms\/thema\/nachrichten\/"},"img":{"alt_text":"","src":"https:\/\/i0.wp.com\/www.jazzzeitung.de\/cms\/wp-content\/uploads\/2017\/05\/DoldingerWarner-music-group_0161-150x150.jpeg?resize=350%2C200&ssl=1","width":350,"height":200},"classes":[]},{"id":14622,"url":"https:\/\/www.jazzzeitung.de\/cms\/2017\/12\/das-jazzahead-2018-showcase-programm-steht-fest\/","url_meta":{"origin":14560,"position":3},"title":"Das jazzahead! 2018 Showcase Programm steht fest","author":"Redaktion JazzZeitung","date":"27. Dezember 2017","format":false,"excerpt":"Aus insgesamt 609 Bewerbungen aus 49 L\u00e4ndern w\u00e4hlten die Jurys die 40 Acts, die vom 19.-22. April im Rahmen der internationalen Jazz-Fachmesse auf der B\u00fchne stehen werden. In den Modulen Polish Night, European Jazz Meeting, German Jazz Expo und Overseas Night pr\u00e4sentieren sich die Bands auf drei B\u00fchnen, zwei in\u2026","rel":"","context":"In &quot;News&quot;","block_context":{"text":"News","link":"https:\/\/www.jazzzeitung.de\/cms\/thema\/nachrichten\/"},"img":{"alt_text":"German Jazz Expo: Anna-Lena Schnabel Quartett. Foto: Sven Haberland","src":"https:\/\/i0.wp.com\/www.jazzzeitung.de\/cms\/wp-content\/uploads\/2017\/12\/jazz18_GJE_Anna-Lena_Schnabel_Quartett_c_Sven_Haberland.jpg?fit=1200%2C800&ssl=1&resize=350%2C200","width":350,"height":200,"srcset":"https:\/\/i0.wp.com\/www.jazzzeitung.de\/cms\/wp-content\/uploads\/2017\/12\/jazz18_GJE_Anna-Lena_Schnabel_Quartett_c_Sven_Haberland.jpg?fit=1200%2C800&ssl=1&resize=350%2C200 1x, https:\/\/i0.wp.com\/www.jazzzeitung.de\/cms\/wp-content\/uploads\/2017\/12\/jazz18_GJE_Anna-Lena_Schnabel_Quartett_c_Sven_Haberland.jpg?fit=1200%2C800&ssl=1&resize=525%2C300 1.5x, https:\/\/i0.wp.com\/www.jazzzeitung.de\/cms\/wp-content\/uploads\/2017\/12\/jazz18_GJE_Anna-Lena_Schnabel_Quartett_c_Sven_Haberland.jpg?fit=1200%2C800&ssl=1&resize=700%2C400 2x, https:\/\/i0.wp.com\/www.jazzzeitung.de\/cms\/wp-content\/uploads\/2017\/12\/jazz18_GJE_Anna-Lena_Schnabel_Quartett_c_Sven_Haberland.jpg?fit=1200%2C800&ssl=1&resize=1050%2C600 3x"},"classes":[]},{"id":12408,"url":"https:\/\/www.jazzzeitung.de\/cms\/2017\/05\/ib-sh-jazzaward-2017-an-anna-lena-schnabel\/","url_meta":{"origin":14560,"position":4},"title":"IB.SH-JazzAward 2017 an Anna-Lena Schnabel","author":"Redaktion JazzZeitung","date":"15. Mai 2017","format":false,"excerpt":"Preistr\u00e4gerin des diesj\u00e4hrigen IB.SH-JazzAward ist die Altsaxophonistin, Fl\u00f6tistin und Komponistin Anna-Lena Schnabel. Der von der Investitionsbank Schleswig-Holstein (IB.SH) gestiftete Geldpreis in H\u00f6he von 3.000 Euro wird im Rahmen von JazzBaltica 2017 verliehen. Seit 2008 wird der IB.SH-JazzAward als Auszeichnung an junge, aufstrebende Jazzmusiker vergeben. Die Verleihung des mit 3.000 Euro\u2026","rel":"","context":"In &quot;News&quot;","block_context":{"text":"News","link":"https:\/\/www.jazzzeitung.de\/cms\/thema\/nachrichten\/"},"img":{"alt_text":"","src":"https:\/\/i0.wp.com\/www.jazzzeitung.de\/cms\/wp-content\/uploads\/2017\/05\/Anna-Lena-Schnabel_Foto-Haberland-1-150x150.jpg?resize=350%2C200&ssl=1","width":350,"height":200},"classes":[]},{"id":16133,"url":"https:\/\/www.jazzzeitung.de\/cms\/2018\/05\/schwer-getruebte-freude-der-echo-jazz-gewinnerinnen-in-diesem-jahr\/","url_meta":{"origin":14560,"position":5},"title":"Schwer getr\u00fcbte Freude der ECHO-Jazz-Gewinnerinnen in diesem Jahr","author":"Huflaikhan","date":"23. Mai 2018","format":false,"excerpt":"Neulich noch markte ich an, dass bei all dem Trubel um die letzte Echo-Verleihung aus dem Jazz-Bereich kaum Reaktionen zu vermelden waren. Weder in positiver noch in negativer Hinsicht. Es war einfach ruhig. Kaum jemand pflegte sich in Position zu spielen. Schon gar nicht aus dem Kreis derjenigen, die diesen\u2026","rel":"","context":"In &quot;Blog&quot;","block_context":{"text":"Blog","link":"https:\/\/www.jazzzeitung.de\/cms\/thema\/blog\/"},"img":{"alt_text":"ECHO Jazz ist tot. Foto: Hufner","src":"https:\/\/i0.wp.com\/www.jazzzeitung.de\/cms\/wp-content\/uploads\/2018\/05\/echo_jazz_tot.jpg?fit=1200%2C795&ssl=1&resize=350%2C200","width":350,"height":200,"srcset":"https:\/\/i0.wp.com\/www.jazzzeitung.de\/cms\/wp-content\/uploads\/2018\/05\/echo_jazz_tot.jpg?fit=1200%2C795&ssl=1&resize=350%2C200 1x, https:\/\/i0.wp.com\/www.jazzzeitung.de\/cms\/wp-content\/uploads\/2018\/05\/echo_jazz_tot.jpg?fit=1200%2C795&ssl=1&resize=525%2C300 1.5x, https:\/\/i0.wp.com\/www.jazzzeitung.de\/cms\/wp-content\/uploads\/2018\/05\/echo_jazz_tot.jpg?fit=1200%2C795&ssl=1&resize=700%2C400 2x, https:\/\/i0.wp.com\/www.jazzzeitung.de\/cms\/wp-content\/uploads\/2018\/05\/echo_jazz_tot.jpg?fit=1200%2C795&ssl=1&resize=1050%2C600 3x"},"classes":[]}],"jetpack_sharing_enabled":true,"_links":{"self":[{"href":"https:\/\/www.jazzzeitung.de\/cms\/wp-json\/wp\/v2\/posts\/14560","targetHints":{"allow":["GET"]}}],"collection":[{"href":"https:\/\/www.jazzzeitung.de\/cms\/wp-json\/wp\/v2\/posts"}],"about":[{"href":"https:\/\/www.jazzzeitung.de\/cms\/wp-json\/wp\/v2\/types\/post"}],"author":[{"embeddable":true,"href":"https:\/\/www.jazzzeitung.de\/cms\/wp-json\/wp\/v2\/users\/2"}],"replies":[{"embeddable":true,"href":"https:\/\/www.jazzzeitung.de\/cms\/wp-json\/wp\/v2\/comments?post=14560"}],"version-history":[{"count":5,"href":"https:\/\/www.jazzzeitung.de\/cms\/wp-json\/wp\/v2\/posts\/14560\/revisions"}],"predecessor-version":[{"id":14566,"href":"https:\/\/www.jazzzeitung.de\/cms\/wp-json\/wp\/v2\/posts\/14560\/revisions\/14566"}],"wp:featuredmedia":[{"embeddable":true,"href":"https:\/\/www.jazzzeitung.de\/cms\/wp-json\/wp\/v2\/media\/14562"}],"wp:attachment":[{"href":"https:\/\/www.jazzzeitung.de\/cms\/wp-json\/wp\/v2\/media?parent=14560"}],"wp:term":[{"taxonomy":"category","embeddable":true,"href":"https:\/\/www.jazzzeitung.de\/cms\/wp-json\/wp\/v2\/categories?post=14560"},{"taxonomy":"post_tag","embeddable":true,"href":"https:\/\/www.jazzzeitung.de\/cms\/wp-json\/wp\/v2\/tags?post=14560"},{"taxonomy":"author","embeddable":true,"href":"https:\/\/www.jazzzeitung.de\/cms\/wp-json\/wp\/v2\/coauthors?post=14560"}],"curies":[{"name":"wp","href":"https:\/\/api.w.org\/{rel}","templated":true}]}}