{"id":14545,"date":"2017-12-14T12:09:30","date_gmt":"2017-12-14T11:09:30","guid":{"rendered":"https:\/\/www.jazzzeitung.de\/cms\/?p=14545"},"modified":"2017-12-14T12:48:25","modified_gmt":"2017-12-14T11:48:25","slug":"jazzopen-oder-jazzclosed-stuttgart-2018","status":"publish","type":"post","link":"https:\/\/www.jazzzeitung.de\/cms\/2017\/12\/jazzopen-oder-jazzclosed-stuttgart-2018\/","title":{"rendered":"Jazzopen oder Jazzclosed Stuttgart 2018"},"content":{"rendered":"<p><strong>Oder: Wie f\u00fcllt man 7.000 Pl\u00e4tze.<\/strong> Via Jazzfachzeitung BILD-Zeitung beschwert sich der Vorsitzende des Jazzverbands Baden-W\u00fcrttemberg, Eckhart Fischer \u00fcber die Programmierung der Jazzopen 2018 in Stuttgart: \u201eDa steht zwar \u201eJazzopen\u201c drauf, ist aber kaum noch Jazz drin. \u2026 Es ist wirklich schade, dass namhafte Jazz-K\u00fcnstler f\u00fcr die Haupttrib\u00fcne nicht in Frage kommen.\u201c<\/p>\n<p>Die Organisatoren wehren sich dagegen: \u201eEs gibt eben nicht viele Jazz-K\u00fcnstler, die den Schlossplatz mit seiner Kapazit\u00e4t von 7.000 Menschen f\u00fcllen.\u201c<\/p>\n<p>Gegen wen oder f\u00fcr wen richtet sich das Programm als. Die K\u00fcnstler, die auf dem Schlossplatz spielen \u201ed\u00fcrfen\u201c sind:<\/p>\n<ul>\n<li>Jamie Cullum [als Dauergast] (&amp; Joss Stone)<\/li>\n<li>Lenny Kravitz<\/li>\n<li>Jamiroquai<\/li>\n<li>Fanta 4<\/li>\n<li>Kraftwerk<\/li>\n<\/ul>\n<p>Im Alten Schloss selbst spielen:<\/p>\n<ul>\n<li>Gregory Porter<\/li>\n<li>Pat Metheny<\/li>\n<li>Till Br\u00f6nner<\/li>\n<li>Stanley Clarke Band<\/li>\n<\/ul>\n<h2>Ein Fall f\u00fcr das Jazzordungsamt?<\/h2>\n<p>Die Sache ist nicht einfach, will man nicht Grenzlinien aufbauen, die die Sache nur schlimmer machen. Anders herum gefragt: St\u00fcnde da nicht Jazzopen drauf sondern Poprockopen, niemand w\u00fcrde sich Sorgen machen. Ohne Schwierigkeiten k\u00f6nnte man all die Musiker (ja es sind ja nur Musiker und eine S\u00e4ngerin) in ein solches Umfeld hineinsetzen. Aber wo wir gerade mal beim Thema sind: K\u00f6nnte man nicht auch gleich fragen, dass es schade sei, dass eben keine K\u00fcnstlerinnen (namhaft und gut oder nichtnamhaft und gut) zum Zuge kommen.<\/p>\n<h2>Labelfaking<\/h2>\n<p>Gleichwohl zeigt die Antwort der Veranstalter schon ein Systemversagen an: Geht es also nur darum, wie man 7.000 Pl\u00e4tze auf dem Schlossplatz in Stuttgart voll bekommt, was hat Vorrang: Menschenbef\u00fcllung oder musikalischer Inhalt? Und wie w\u00fcrde man den wohl bestimmen k\u00f6nnen. Immerhin werden f\u00fcr einen Stehplatz 70 Euro aufgerufen. Da kann man doch eigentlich froh sein, dass die &#8222;echten&#8220; Jazzacts, zum Beispiel im Schloss selbst, wesentlich g\u00fcnstiger zu haben sind.<\/p>\n<p>Aber auch etwas weiteres: Es muss ja auch auf dem Schlossplatzvorplatz funktionieren. Wahrscheinlich w\u00fcrde auch ein Keith Jarrett (solo) den Platz f\u00fcllen k\u00f6nnen. Aber sinnvoll w\u00e4re das wahrscheinlich weder f\u00fcr Jarrett noch f\u00fcr die Zuh\u00f6rerinnen!<\/p>\n<p>Von einem anderen Punkt des Blickes: Wenn man die Grenzen vom und im Jazz nicht so eng fasst, l\u00e4sst sich sicher auch Kraftwerk verkraften. Man wird ja auch mal \u00fcber den musikalischen Zaun schauen d\u00fcrfen. Mich w\u00fcrde es nat\u00fcrlich freuen, einen der seltenen Auftritte von Kraftwerk besuchen zu k\u00f6nnen \u2013 und sei es eben auf einem Jazzfestival. Die Fanta4 sind sowieso Stuttgart. Jazz hin oder her. Das Festival hei\u00dft ja Jazzopen und nicht Jazzclosed.<\/p>\n<p>Abgesehen davon, besser Kraftwerk als scheinheilige Jazz-Grooves aus der musikalisch industriellen Industrie von Soul und Popjazz. Wo bleibt da der Spirit des Aufbegehrens. Party allein ist doch auch nicht alles.<\/p>\n<h2>Wir fragen trotzdem<\/h2>\n<p>Aber geben wir die Frage doch weiter. Wer, werte Leserinnen und Leser, meinen Sie k\u00f6nnte es aus dem \u201eengeren\u201c (polizeilich genehmigten) Jazzzirkel denn schaffen, den Schlossplatz zu f\u00fcllen. Kommentieren Sie, machen Sie Ihre Vorschl\u00e4ge hier unten. Helfen Sie Stuttgarts Jazzopen 2019 zu planen. Bevor es die BILD-Zeitung tut.<\/p>\n","protected":false},"excerpt":{"rendered":"<p>Oder: Wie f\u00fcllt man 7.000 Pl\u00e4tze. Via Jazzfachzeitung BILD-Zeitung beschwert sich der Vorsitzende des Jazzverbands Baden-W\u00fcrttemberg, Eckhart Fischer \u00fcber die Programmierung der Jazzopen 2018 in Stuttgart: \u201eDa steht zwar \u201eJazzopen\u201c drauf, ist aber kaum noch Jazz drin. \u2026 Es ist wirklich schade, dass namhafte Jazz-K\u00fcnstler f\u00fcr die Haupttrib\u00fcne nicht in Frage kommen.\u201c Die Organisatoren wehren sich dagegen: \u201eEs gibt eben nicht viele Jazz-K\u00fcnstler, die den Schlossplatz mit seiner Kapazit\u00e4t von 7.000 Menschen f\u00fcllen.\u201c Gegen wen oder f\u00fcr wen richtet sich das Programm als. Die K\u00fcnstler, die auf dem Schlossplatz spielen \u201ed\u00fcrfen\u201c sind: Jamie Cullum [als Dauergast] (&amp; Joss Stone) Lenny Kravitz Jamiroquai Fanta 4 Kraftwerk Im Alten Schloss selbst spielen: Gregory Porter Pat Metheny Till Br\u00f6nner Stanley Clarke Band Ein Fall f\u00fcr das Jazzordungsamt? Die Sache ist nicht einfach, will man nicht Grenzlinien aufbauen, die die Sache nur schlimmer machen. Anders herum gefragt: St\u00fcnde da nicht Jazzopen drauf sondern Poprockopen, niemand w\u00fcrde sich Sorgen machen. Ohne Schwierigkeiten k\u00f6nnte man all die Musiker (ja es sind ja nur Musiker und eine S\u00e4ngerin) in ein solches Umfeld hineinsetzen. Aber wo wir gerade mal beim Thema sind: K\u00f6nnte &hellip;<\/p>\n","protected":false},"author":2,"featured_media":14546,"comment_status":"open","ping_status":"closed","sticky":false,"template":"","format":"standard","meta":{"_jetpack_memberships_contains_paid_content":false,"footnotes":"","jetpack_publicize_message":"","jetpack_publicize_feature_enabled":true,"jetpack_social_post_already_shared":false,"jetpack_social_options":{"image_generator_settings":{"template":"highway","default_image_id":0,"font":"","enabled":false},"version":2}},"categories":[82],"tags":[1142,717,918,1859,385,920,1860],"coauthors":[680],"class_list":["post-14545","post","type-post","status-publish","format-standard","has-post-thumbnail","hentry","category-blog","tag-gregory-porter","tag-jamie-cullum","tag-jazzfestival","tag-jazzopen","tag-metheny","tag-stanley-clarke","tag-stuttgart"],"yoast_head":"<!-- This site is optimized with the Yoast SEO plugin v27.5 - https:\/\/yoast.com\/product\/yoast-seo-wordpress\/ -->\n<title>Jazzopen oder Jazzclosed Stuttgart 2018 - JazzZeitung<\/title>\n<meta name=\"robots\" content=\"index, follow, max-snippet:-1, max-image-preview:large, max-video-preview:-1\" \/>\n<link rel=\"canonical\" href=\"https:\/\/www.jazzzeitung.de\/cms\/2017\/12\/jazzopen-oder-jazzclosed-stuttgart-2018\/\" \/>\n<meta property=\"og:locale\" content=\"de_DE\" \/>\n<meta property=\"og:type\" content=\"article\" \/>\n<meta property=\"og:title\" content=\"Jazzopen oder Jazzclosed Stuttgart 2018 - JazzZeitung\" \/>\n<meta property=\"og:description\" content=\"Oder: Wie f\u00fcllt man 7.000 Pl\u00e4tze. Via Jazzfachzeitung BILD-Zeitung beschwert sich der Vorsitzende des Jazzverbands Baden-W\u00fcrttemberg, Eckhart Fischer \u00fcber die Programmierung der Jazzopen 2018 in Stuttgart: \u201eDa steht zwar \u201eJazzopen\u201c drauf, ist aber kaum noch Jazz drin. \u2026 Es ist wirklich schade, dass namhafte Jazz-K\u00fcnstler f\u00fcr die Haupttrib\u00fcne nicht in Frage kommen.\u201c Die Organisatoren wehren sich dagegen: \u201eEs gibt eben nicht viele Jazz-K\u00fcnstler, die den Schlossplatz mit seiner Kapazit\u00e4t von 7.000 Menschen f\u00fcllen.\u201c Gegen wen oder f\u00fcr wen richtet sich das Programm als. Die K\u00fcnstler, die auf dem Schlossplatz spielen \u201ed\u00fcrfen\u201c sind: Jamie Cullum [als Dauergast] (&amp; Joss Stone) Lenny Kravitz Jamiroquai Fanta 4 Kraftwerk Im Alten Schloss selbst spielen: Gregory Porter Pat Metheny Till Br\u00f6nner Stanley Clarke Band Ein Fall f\u00fcr das Jazzordungsamt? Die Sache ist nicht einfach, will man nicht Grenzlinien aufbauen, die die Sache nur schlimmer machen. Anders herum gefragt: St\u00fcnde da nicht Jazzopen drauf sondern Poprockopen, niemand w\u00fcrde sich Sorgen machen. Ohne Schwierigkeiten k\u00f6nnte man all die Musiker (ja es sind ja nur Musiker und eine S\u00e4ngerin) in ein solches Umfeld hineinsetzen. Aber wo wir gerade mal beim Thema sind: K\u00f6nnte &hellip;\" \/>\n<meta property=\"og:url\" content=\"https:\/\/www.jazzzeitung.de\/cms\/2017\/12\/jazzopen-oder-jazzclosed-stuttgart-2018\/\" \/>\n<meta property=\"og:site_name\" content=\"JazzZeitung\" \/>\n<meta property=\"article:publisher\" content=\"https:\/\/www.facebook.com\/JazzZeitung\/\" \/>\n<meta property=\"article:author\" content=\"https:\/\/www.facebook.com\/hufner\" \/>\n<meta property=\"article:published_time\" content=\"2017-12-14T11:09:30+00:00\" \/>\n<meta property=\"article:modified_time\" content=\"2017-12-14T11:48:25+00:00\" \/>\n<meta property=\"og:image\" content=\"https:\/\/i0.wp.com\/www.jazzzeitung.de\/cms\/wp-content\/uploads\/2017\/12\/jazzopen_schlossplatz.jpg?fit=2200%2C1465&ssl=1\" \/>\n\t<meta property=\"og:image:width\" content=\"2200\" \/>\n\t<meta property=\"og:image:height\" content=\"1465\" \/>\n\t<meta property=\"og:image:type\" content=\"image\/jpeg\" \/>\n<meta name=\"author\" content=\"Huflaikhan\" \/>\n<script type=\"application\/ld+json\" class=\"yoast-schema-graph\">{\"@context\":\"https:\\\/\\\/schema.org\",\"@graph\":[{\"@type\":\"Article\",\"@id\":\"https:\\\/\\\/www.jazzzeitung.de\\\/cms\\\/2017\\\/12\\\/jazzopen-oder-jazzclosed-stuttgart-2018\\\/#article\",\"isPartOf\":{\"@id\":\"https:\\\/\\\/www.jazzzeitung.de\\\/cms\\\/2017\\\/12\\\/jazzopen-oder-jazzclosed-stuttgart-2018\\\/\"},\"author\":{\"name\":\"Huflaikhan\",\"@id\":\"https:\\\/\\\/www.jazzzeitung.de\\\/cms\\\/#\\\/schema\\\/person\\\/1ba404714b9455401502bc409a7df45e\"},\"headline\":\"Jazzopen oder Jazzclosed Stuttgart 2018\",\"datePublished\":\"2017-12-14T11:09:30+00:00\",\"dateModified\":\"2017-12-14T11:48:25+00:00\",\"mainEntityOfPage\":{\"@id\":\"https:\\\/\\\/www.jazzzeitung.de\\\/cms\\\/2017\\\/12\\\/jazzopen-oder-jazzclosed-stuttgart-2018\\\/\"},\"wordCount\":506,\"commentCount\":6,\"publisher\":{\"@id\":\"https:\\\/\\\/www.jazzzeitung.de\\\/cms\\\/#organization\"},\"image\":{\"@id\":\"https:\\\/\\\/www.jazzzeitung.de\\\/cms\\\/2017\\\/12\\\/jazzopen-oder-jazzclosed-stuttgart-2018\\\/#primaryimage\"},\"thumbnailUrl\":\"https:\\\/\\\/i0.wp.com\\\/www.jazzzeitung.de\\\/cms\\\/wp-content\\\/uploads\\\/2017\\\/12\\\/jazzopen_schlossplatz.jpg?fit=2200%2C1465&ssl=1\",\"keywords\":[\"Gregory Porter\",\"Jamie Cullum\",\"Jazzfestival\",\"Jazzopen\",\"Pat Metheny\",\"Stanley Clarke\",\"Stuttgart\"],\"articleSection\":[\"Blog\"],\"inLanguage\":\"de\",\"potentialAction\":[{\"@type\":\"CommentAction\",\"name\":\"Comment\",\"target\":[\"https:\\\/\\\/www.jazzzeitung.de\\\/cms\\\/2017\\\/12\\\/jazzopen-oder-jazzclosed-stuttgart-2018\\\/#respond\"]}]},{\"@type\":\"WebPage\",\"@id\":\"https:\\\/\\\/www.jazzzeitung.de\\\/cms\\\/2017\\\/12\\\/jazzopen-oder-jazzclosed-stuttgart-2018\\\/\",\"url\":\"https:\\\/\\\/www.jazzzeitung.de\\\/cms\\\/2017\\\/12\\\/jazzopen-oder-jazzclosed-stuttgart-2018\\\/\",\"name\":\"Jazzopen oder Jazzclosed Stuttgart 2018 - JazzZeitung\",\"isPartOf\":{\"@id\":\"https:\\\/\\\/www.jazzzeitung.de\\\/cms\\\/#website\"},\"primaryImageOfPage\":{\"@id\":\"https:\\\/\\\/www.jazzzeitung.de\\\/cms\\\/2017\\\/12\\\/jazzopen-oder-jazzclosed-stuttgart-2018\\\/#primaryimage\"},\"image\":{\"@id\":\"https:\\\/\\\/www.jazzzeitung.de\\\/cms\\\/2017\\\/12\\\/jazzopen-oder-jazzclosed-stuttgart-2018\\\/#primaryimage\"},\"thumbnailUrl\":\"https:\\\/\\\/i0.wp.com\\\/www.jazzzeitung.de\\\/cms\\\/wp-content\\\/uploads\\\/2017\\\/12\\\/jazzopen_schlossplatz.jpg?fit=2200%2C1465&ssl=1\",\"datePublished\":\"2017-12-14T11:09:30+00:00\",\"dateModified\":\"2017-12-14T11:48:25+00:00\",\"breadcrumb\":{\"@id\":\"https:\\\/\\\/www.jazzzeitung.de\\\/cms\\\/2017\\\/12\\\/jazzopen-oder-jazzclosed-stuttgart-2018\\\/#breadcrumb\"},\"inLanguage\":\"de\",\"potentialAction\":[{\"@type\":\"ReadAction\",\"target\":[\"https:\\\/\\\/www.jazzzeitung.de\\\/cms\\\/2017\\\/12\\\/jazzopen-oder-jazzclosed-stuttgart-2018\\\/\"]}]},{\"@type\":\"ImageObject\",\"inLanguage\":\"de\",\"@id\":\"https:\\\/\\\/www.jazzzeitung.de\\\/cms\\\/2017\\\/12\\\/jazzopen-oder-jazzclosed-stuttgart-2018\\\/#primaryimage\",\"url\":\"https:\\\/\\\/i0.wp.com\\\/www.jazzzeitung.de\\\/cms\\\/wp-content\\\/uploads\\\/2017\\\/12\\\/jazzopen_schlossplatz.jpg?fit=2200%2C1465&ssl=1\",\"contentUrl\":\"https:\\\/\\\/i0.wp.com\\\/www.jazzzeitung.de\\\/cms\\\/wp-content\\\/uploads\\\/2017\\\/12\\\/jazzopen_schlossplatz.jpg?fit=2200%2C1465&ssl=1\",\"width\":2200,\"height\":1465,\"caption\":\"Jazzopen Schlossplatz. Foto: Jazzopen\\\/Presse\"},{\"@type\":\"BreadcrumbList\",\"@id\":\"https:\\\/\\\/www.jazzzeitung.de\\\/cms\\\/2017\\\/12\\\/jazzopen-oder-jazzclosed-stuttgart-2018\\\/#breadcrumb\",\"itemListElement\":[{\"@type\":\"ListItem\",\"position\":1,\"name\":\"Startseite\",\"item\":\"https:\\\/\\\/www.jazzzeitung.de\\\/cms\\\/\"},{\"@type\":\"ListItem\",\"position\":2,\"name\":\"Jazzopen oder Jazzclosed Stuttgart 2018\"}]},{\"@type\":\"WebSite\",\"@id\":\"https:\\\/\\\/www.jazzzeitung.de\\\/cms\\\/#website\",\"url\":\"https:\\\/\\\/www.jazzzeitung.de\\\/cms\\\/\",\"name\":\"JazzZeitung\",\"description\":\"Jazz-News und Jazz-Kontroverses\",\"publisher\":{\"@id\":\"https:\\\/\\\/www.jazzzeitung.de\\\/cms\\\/#organization\"},\"potentialAction\":[{\"@type\":\"SearchAction\",\"target\":{\"@type\":\"EntryPoint\",\"urlTemplate\":\"https:\\\/\\\/www.jazzzeitung.de\\\/cms\\\/?s={search_term_string}\"},\"query-input\":{\"@type\":\"PropertyValueSpecification\",\"valueRequired\":true,\"valueName\":\"search_term_string\"}}],\"inLanguage\":\"de\"},{\"@type\":\"Organization\",\"@id\":\"https:\\\/\\\/www.jazzzeitung.de\\\/cms\\\/#organization\",\"name\":\"JazzZeitung online\",\"url\":\"https:\\\/\\\/www.jazzzeitung.de\\\/cms\\\/\",\"logo\":{\"@type\":\"ImageObject\",\"inLanguage\":\"de\",\"@id\":\"https:\\\/\\\/www.jazzzeitung.de\\\/cms\\\/#\\\/schema\\\/logo\\\/image\\\/\",\"url\":\"https:\\\/\\\/i0.wp.com\\\/www.jazzzeitung.de\\\/cms\\\/wp-content\\\/uploads\\\/2015\\\/08\\\/JAZZZEITUNGDE_Logo_Neu.png?fit=499%2C200&ssl=1\",\"contentUrl\":\"https:\\\/\\\/i0.wp.com\\\/www.jazzzeitung.de\\\/cms\\\/wp-content\\\/uploads\\\/2015\\\/08\\\/JAZZZEITUNGDE_Logo_Neu.png?fit=499%2C200&ssl=1\",\"width\":499,\"height\":200,\"caption\":\"JazzZeitung online\"},\"image\":{\"@id\":\"https:\\\/\\\/www.jazzzeitung.de\\\/cms\\\/#\\\/schema\\\/logo\\\/image\\\/\"},\"sameAs\":[\"https:\\\/\\\/www.facebook.com\\\/JazzZeitung\\\/\"]},{\"@type\":\"Person\",\"@id\":\"https:\\\/\\\/www.jazzzeitung.de\\\/cms\\\/#\\\/schema\\\/person\\\/1ba404714b9455401502bc409a7df45e\",\"name\":\"Huflaikhan\",\"image\":{\"@type\":\"ImageObject\",\"inLanguage\":\"de\",\"@id\":\"https:\\\/\\\/i0.wp.com\\\/www.jazzzeitung.de\\\/cms\\\/wp-content\\\/uploads\\\/2013\\\/11\\\/huf-06.jpg?resize=96%2C96&ssl=18afacd5aa7627f2840c013425f5a4164\",\"url\":\"https:\\\/\\\/i0.wp.com\\\/www.jazzzeitung.de\\\/cms\\\/wp-content\\\/uploads\\\/2013\\\/11\\\/huf-06.jpg?resize=96%2C96&ssl=1\",\"contentUrl\":\"https:\\\/\\\/i0.wp.com\\\/www.jazzzeitung.de\\\/cms\\\/wp-content\\\/uploads\\\/2013\\\/11\\\/huf-06.jpg?resize=96%2C96&ssl=1\",\"caption\":\"Huflaikhan\"},\"description\":\"Huflaikhan (aka Martin Hufner) hat Musikwissenschaft, Philosophie und Psychologie in Gie\u00dfen studiert und mit einer Arbeit \u00fcber Adorno und die Zw\u00f6lftontechnik promoviert. Seit 1995 ist er freiberuflich als Autor, Fotograf und Netzmacher unterwegs.\",\"sameAs\":[\"https:\\\/\\\/www.kritische-masse.de\\\/logbuch\",\"https:\\\/\\\/www.facebook.com\\\/hufner\"],\"url\":\"https:\\\/\\\/www.jazzzeitung.de\\\/cms\\\/author\\\/hufi\\\/\"}]}<\/script>\n<!-- \/ Yoast SEO plugin. -->","yoast_head_json":{"title":"Jazzopen oder Jazzclosed Stuttgart 2018 - JazzZeitung","robots":{"index":"index","follow":"follow","max-snippet":"max-snippet:-1","max-image-preview":"max-image-preview:large","max-video-preview":"max-video-preview:-1"},"canonical":"https:\/\/www.jazzzeitung.de\/cms\/2017\/12\/jazzopen-oder-jazzclosed-stuttgart-2018\/","og_locale":"de_DE","og_type":"article","og_title":"Jazzopen oder Jazzclosed Stuttgart 2018 - JazzZeitung","og_description":"Oder: Wie f\u00fcllt man 7.000 Pl\u00e4tze. Via Jazzfachzeitung BILD-Zeitung beschwert sich der Vorsitzende des Jazzverbands Baden-W\u00fcrttemberg, Eckhart Fischer \u00fcber die Programmierung der Jazzopen 2018 in Stuttgart: \u201eDa steht zwar \u201eJazzopen\u201c drauf, ist aber kaum noch Jazz drin. \u2026 Es ist wirklich schade, dass namhafte Jazz-K\u00fcnstler f\u00fcr die Haupttrib\u00fcne nicht in Frage kommen.\u201c Die Organisatoren wehren sich dagegen: \u201eEs gibt eben nicht viele Jazz-K\u00fcnstler, die den Schlossplatz mit seiner Kapazit\u00e4t von 7.000 Menschen f\u00fcllen.\u201c Gegen wen oder f\u00fcr wen richtet sich das Programm als. Die K\u00fcnstler, die auf dem Schlossplatz spielen \u201ed\u00fcrfen\u201c sind: Jamie Cullum [als Dauergast] (&amp; Joss Stone) Lenny Kravitz Jamiroquai Fanta 4 Kraftwerk Im Alten Schloss selbst spielen: Gregory Porter Pat Metheny Till Br\u00f6nner Stanley Clarke Band Ein Fall f\u00fcr das Jazzordungsamt? Die Sache ist nicht einfach, will man nicht Grenzlinien aufbauen, die die Sache nur schlimmer machen. Anders herum gefragt: St\u00fcnde da nicht Jazzopen drauf sondern Poprockopen, niemand w\u00fcrde sich Sorgen machen. Ohne Schwierigkeiten k\u00f6nnte man all die Musiker (ja es sind ja nur Musiker und eine S\u00e4ngerin) in ein solches Umfeld hineinsetzen. Aber wo wir gerade mal beim Thema sind: K\u00f6nnte &hellip;","og_url":"https:\/\/www.jazzzeitung.de\/cms\/2017\/12\/jazzopen-oder-jazzclosed-stuttgart-2018\/","og_site_name":"JazzZeitung","article_publisher":"https:\/\/www.facebook.com\/JazzZeitung\/","article_author":"https:\/\/www.facebook.com\/hufner","article_published_time":"2017-12-14T11:09:30+00:00","article_modified_time":"2017-12-14T11:48:25+00:00","og_image":[{"width":2200,"height":1465,"url":"https:\/\/i0.wp.com\/www.jazzzeitung.de\/cms\/wp-content\/uploads\/2017\/12\/jazzopen_schlossplatz.jpg?fit=2200%2C1465&ssl=1","type":"image\/jpeg"}],"author":"Huflaikhan","schema":{"@context":"https:\/\/schema.org","@graph":[{"@type":"Article","@id":"https:\/\/www.jazzzeitung.de\/cms\/2017\/12\/jazzopen-oder-jazzclosed-stuttgart-2018\/#article","isPartOf":{"@id":"https:\/\/www.jazzzeitung.de\/cms\/2017\/12\/jazzopen-oder-jazzclosed-stuttgart-2018\/"},"author":{"name":"Huflaikhan","@id":"https:\/\/www.jazzzeitung.de\/cms\/#\/schema\/person\/1ba404714b9455401502bc409a7df45e"},"headline":"Jazzopen oder Jazzclosed Stuttgart 2018","datePublished":"2017-12-14T11:09:30+00:00","dateModified":"2017-12-14T11:48:25+00:00","mainEntityOfPage":{"@id":"https:\/\/www.jazzzeitung.de\/cms\/2017\/12\/jazzopen-oder-jazzclosed-stuttgart-2018\/"},"wordCount":506,"commentCount":6,"publisher":{"@id":"https:\/\/www.jazzzeitung.de\/cms\/#organization"},"image":{"@id":"https:\/\/www.jazzzeitung.de\/cms\/2017\/12\/jazzopen-oder-jazzclosed-stuttgart-2018\/#primaryimage"},"thumbnailUrl":"https:\/\/i0.wp.com\/www.jazzzeitung.de\/cms\/wp-content\/uploads\/2017\/12\/jazzopen_schlossplatz.jpg?fit=2200%2C1465&ssl=1","keywords":["Gregory Porter","Jamie Cullum","Jazzfestival","Jazzopen","Pat Metheny","Stanley Clarke","Stuttgart"],"articleSection":["Blog"],"inLanguage":"de","potentialAction":[{"@type":"CommentAction","name":"Comment","target":["https:\/\/www.jazzzeitung.de\/cms\/2017\/12\/jazzopen-oder-jazzclosed-stuttgart-2018\/#respond"]}]},{"@type":"WebPage","@id":"https:\/\/www.jazzzeitung.de\/cms\/2017\/12\/jazzopen-oder-jazzclosed-stuttgart-2018\/","url":"https:\/\/www.jazzzeitung.de\/cms\/2017\/12\/jazzopen-oder-jazzclosed-stuttgart-2018\/","name":"Jazzopen oder Jazzclosed Stuttgart 2018 - JazzZeitung","isPartOf":{"@id":"https:\/\/www.jazzzeitung.de\/cms\/#website"},"primaryImageOfPage":{"@id":"https:\/\/www.jazzzeitung.de\/cms\/2017\/12\/jazzopen-oder-jazzclosed-stuttgart-2018\/#primaryimage"},"image":{"@id":"https:\/\/www.jazzzeitung.de\/cms\/2017\/12\/jazzopen-oder-jazzclosed-stuttgart-2018\/#primaryimage"},"thumbnailUrl":"https:\/\/i0.wp.com\/www.jazzzeitung.de\/cms\/wp-content\/uploads\/2017\/12\/jazzopen_schlossplatz.jpg?fit=2200%2C1465&ssl=1","datePublished":"2017-12-14T11:09:30+00:00","dateModified":"2017-12-14T11:48:25+00:00","breadcrumb":{"@id":"https:\/\/www.jazzzeitung.de\/cms\/2017\/12\/jazzopen-oder-jazzclosed-stuttgart-2018\/#breadcrumb"},"inLanguage":"de","potentialAction":[{"@type":"ReadAction","target":["https:\/\/www.jazzzeitung.de\/cms\/2017\/12\/jazzopen-oder-jazzclosed-stuttgart-2018\/"]}]},{"@type":"ImageObject","inLanguage":"de","@id":"https:\/\/www.jazzzeitung.de\/cms\/2017\/12\/jazzopen-oder-jazzclosed-stuttgart-2018\/#primaryimage","url":"https:\/\/i0.wp.com\/www.jazzzeitung.de\/cms\/wp-content\/uploads\/2017\/12\/jazzopen_schlossplatz.jpg?fit=2200%2C1465&ssl=1","contentUrl":"https:\/\/i0.wp.com\/www.jazzzeitung.de\/cms\/wp-content\/uploads\/2017\/12\/jazzopen_schlossplatz.jpg?fit=2200%2C1465&ssl=1","width":2200,"height":1465,"caption":"Jazzopen Schlossplatz. Foto: Jazzopen\/Presse"},{"@type":"BreadcrumbList","@id":"https:\/\/www.jazzzeitung.de\/cms\/2017\/12\/jazzopen-oder-jazzclosed-stuttgart-2018\/#breadcrumb","itemListElement":[{"@type":"ListItem","position":1,"name":"Startseite","item":"https:\/\/www.jazzzeitung.de\/cms\/"},{"@type":"ListItem","position":2,"name":"Jazzopen oder Jazzclosed Stuttgart 2018"}]},{"@type":"WebSite","@id":"https:\/\/www.jazzzeitung.de\/cms\/#website","url":"https:\/\/www.jazzzeitung.de\/cms\/","name":"JazzZeitung","description":"Jazz-News und Jazz-Kontroverses","publisher":{"@id":"https:\/\/www.jazzzeitung.de\/cms\/#organization"},"potentialAction":[{"@type":"SearchAction","target":{"@type":"EntryPoint","urlTemplate":"https:\/\/www.jazzzeitung.de\/cms\/?s={search_term_string}"},"query-input":{"@type":"PropertyValueSpecification","valueRequired":true,"valueName":"search_term_string"}}],"inLanguage":"de"},{"@type":"Organization","@id":"https:\/\/www.jazzzeitung.de\/cms\/#organization","name":"JazzZeitung online","url":"https:\/\/www.jazzzeitung.de\/cms\/","logo":{"@type":"ImageObject","inLanguage":"de","@id":"https:\/\/www.jazzzeitung.de\/cms\/#\/schema\/logo\/image\/","url":"https:\/\/i0.wp.com\/www.jazzzeitung.de\/cms\/wp-content\/uploads\/2015\/08\/JAZZZEITUNGDE_Logo_Neu.png?fit=499%2C200&ssl=1","contentUrl":"https:\/\/i0.wp.com\/www.jazzzeitung.de\/cms\/wp-content\/uploads\/2015\/08\/JAZZZEITUNGDE_Logo_Neu.png?fit=499%2C200&ssl=1","width":499,"height":200,"caption":"JazzZeitung online"},"image":{"@id":"https:\/\/www.jazzzeitung.de\/cms\/#\/schema\/logo\/image\/"},"sameAs":["https:\/\/www.facebook.com\/JazzZeitung\/"]},{"@type":"Person","@id":"https:\/\/www.jazzzeitung.de\/cms\/#\/schema\/person\/1ba404714b9455401502bc409a7df45e","name":"Huflaikhan","image":{"@type":"ImageObject","inLanguage":"de","@id":"https:\/\/i0.wp.com\/www.jazzzeitung.de\/cms\/wp-content\/uploads\/2013\/11\/huf-06.jpg?resize=96%2C96&ssl=18afacd5aa7627f2840c013425f5a4164","url":"https:\/\/i0.wp.com\/www.jazzzeitung.de\/cms\/wp-content\/uploads\/2013\/11\/huf-06.jpg?resize=96%2C96&ssl=1","contentUrl":"https:\/\/i0.wp.com\/www.jazzzeitung.de\/cms\/wp-content\/uploads\/2013\/11\/huf-06.jpg?resize=96%2C96&ssl=1","caption":"Huflaikhan"},"description":"Huflaikhan (aka Martin Hufner) hat Musikwissenschaft, Philosophie und Psychologie in Gie\u00dfen studiert und mit einer Arbeit \u00fcber Adorno und die Zw\u00f6lftontechnik promoviert. Seit 1995 ist er freiberuflich als Autor, Fotograf und Netzmacher unterwegs.","sameAs":["https:\/\/www.kritische-masse.de\/logbuch","https:\/\/www.facebook.com\/hufner"],"url":"https:\/\/www.jazzzeitung.de\/cms\/author\/hufi\/"}]}},"wp-worthy-pixel":{"ignored":false,"public":"a593d944495c4e708003cda4784bfb07","server":"vg04.met.vgwort.de","url":"https:\/\/vg04.met.vgwort.de\/na\/a593d944495c4e708003cda4784bfb07"},"wp-worthy-type":"normal","jetpack_publicize_connections":[],"cc_featured_image_caption":{"caption_text":"Jazzopen Schlossplatz. ","source_text":"Foto: Jazzopen\/Presse","source_url":"https:\/\/www.jazzopen.com\/"},"jetpack_featured_media_url":"https:\/\/i0.wp.com\/www.jazzzeitung.de\/cms\/wp-content\/uploads\/2017\/12\/jazzopen_schlossplatz.jpg?fit=2200%2C1465&ssl=1","jetpack_shortlink":"https:\/\/wp.me\/p3KEcT-3MB","jetpack-related-posts":[{"id":6502,"url":"https:\/\/www.jazzzeitung.de\/cms\/2015\/07\/jazzopen-stuttgart-erwarten-fuer-2015-besucherrekord\/","url_meta":{"origin":14545,"position":0},"title":"jazzopen stuttgart erwarten f\u00fcr 2015 Besucherrekord","author":"Redaktion JazzZeitung","date":"1. Juli 2015","format":false,"excerpt":"Vom 3. bis 12. Juli 2015 pr\u00e4sentieren die jazzopen stuttgart Stars der internationalen Jazz-, Blues-, Soul- und Pop-Szene auf sechs B\u00fchnen \u2013 darunter Gregory Porter & Dianne Reeves, Jamie Cullum, Zaz & SWR Big Band, Max Herre, Caro Emerald, Mariza und viele mehr. Diesen Freitag, den 3. Juli beginnt die\u2026","rel":"","context":"In &quot;News&quot;","block_context":{"text":"News","link":"https:\/\/www.jazzzeitung.de\/cms\/thema\/nachrichten\/"},"img":{"alt_text":"Mercedes Benz  Museum: Laue Sommern\u00e4chte - hei\u00dfer Jazz. Foto: jazzopen","src":"https:\/\/i0.wp.com\/www.jazzzeitung.de\/cms\/wp-content\/uploads\/2015\/07\/MercedesBenz-Museum-150x150.jpg?resize=350%2C200","width":350,"height":200},"classes":[]},{"id":21816,"url":"https:\/\/www.jazzzeitung.de\/cms\/2020\/01\/wie-man-opener-bei-der-jazzopen-stuttgart-werden-kann\/","url_meta":{"origin":14545,"position":1},"title":"Wie man Opener bei der jazzopen-Stuttgart werden kann","author":"Redaktion JazzZeitung","date":"30. Januar 2020","format":false,"excerpt":"Das Festival jazzopen in Stuttgart hat sein Programm bekanntgegeben und mit dem Vorverkauf begonnen. Bevor hier mehr \u00fcber die K\u00fcnstler der Festivalausgabe 2020 gesagt wird, ein Hinweis auf eine Bewerbungsfrist: Der vom Land Baden-W\u00fcrttemberg unterst\u00fctzte Bandnachwuchs-Wettbewerb \"playground BW\" wird auch in diesem Jahr ausgelobt. Einsendeschluss ist der 31. M\u00e4rz, die\u2026","rel":"","context":"In &quot;News&quot;","block_context":{"text":"News","link":"https:\/\/www.jazzzeitung.de\/cms\/thema\/nachrichten\/"},"img":{"alt_text":"","src":"https:\/\/i0.wp.com\/www.jazzzeitung.de\/cms\/wp-content\/uploads\/2017\/07\/034_JanDelay-DiskoNo.1_Foto-van-Loon.jpg?fit=1200%2C709&ssl=1&resize=350%2C200","width":350,"height":200,"srcset":"https:\/\/i0.wp.com\/www.jazzzeitung.de\/cms\/wp-content\/uploads\/2017\/07\/034_JanDelay-DiskoNo.1_Foto-van-Loon.jpg?fit=1200%2C709&ssl=1&resize=350%2C200 1x, https:\/\/i0.wp.com\/www.jazzzeitung.de\/cms\/wp-content\/uploads\/2017\/07\/034_JanDelay-DiskoNo.1_Foto-van-Loon.jpg?fit=1200%2C709&ssl=1&resize=525%2C300 1.5x, https:\/\/i0.wp.com\/www.jazzzeitung.de\/cms\/wp-content\/uploads\/2017\/07\/034_JanDelay-DiskoNo.1_Foto-van-Loon.jpg?fit=1200%2C709&ssl=1&resize=700%2C400 2x, https:\/\/i0.wp.com\/www.jazzzeitung.de\/cms\/wp-content\/uploads\/2017\/07\/034_JanDelay-DiskoNo.1_Foto-van-Loon.jpg?fit=1200%2C709&ssl=1&resize=1050%2C600 3x"},"classes":[]},{"id":8506,"url":"https:\/\/www.jazzzeitung.de\/cms\/2016\/02\/nachwuchsfoerderung-mit-jazzopen-playground-bw-auf-die-grossen-festival-buehnen\/","url_meta":{"origin":14545,"position":2},"title":"Nachwuchsf\u00f6rderung: Mit \u201ejazzopen playground BW\u201c auf die gro\u00dfen Festival-B\u00fchnen","author":"Redaktion JazzZeitung","date":"23. Februar 2016","format":false,"excerpt":"Bei den jazzopen Stuttgart 2016 bietet der Nachwuchs-Bandwettbewerb jazzopen playground BW zum 8. Mal aufstrebenden K\u00fcnstlern aus Baden-W\u00fcrttemberg die M\u00f6glichkeit, sich im Rahmen des Festivals auf einer jazzopen-B\u00fchne live zu pr\u00e4sentieren. Nachwuchsbands k\u00f6nnen sich bis 31. M\u00e4rz bewerben. Nach einer Vorauswahl durch eine Fachjury entscheidet die Facebook-Community des Festivals wer\u2026","rel":"","context":"In &quot;News&quot;","block_context":{"text":"News","link":"https:\/\/www.jazzzeitung.de\/cms\/thema\/nachrichten\/"},"img":{"alt_text":"Jazz Open 2015 auf dem Schlossplatz","src":"https:\/\/i0.wp.com\/www.jazzzeitung.de\/cms\/wp-content\/uploads\/2016\/02\/Jazzopen_ReinerPfisterer-150x150.jpg?resize=350%2C200","width":350,"height":200},"classes":[]},{"id":16636,"url":"https:\/\/www.jazzzeitung.de\/cms\/2018\/07\/16636\/","url_meta":{"origin":14545,"position":3},"title":"Das Stuttgarter Festival jazzopen feiert sein 25-j\u00e4hriges Jubil\u00e4um","author":"Redaktion JazzZeitung","date":"11. Juli 2018","format":false,"excerpt":"Vom 12. bis 22. Juli 2018 feiern die \"jazzopen stuttgart\" ihr 25-j\u00e4hriges Jubil\u00e4um. An 11 Tagen und auf sechs B\u00fchnen pr\u00e4sentiert der Veranstalter Opus unter dem Motto \u201ebe JAZZ be OPEN\u201c K\u00fcnstler internationaler Klasse \u2013 darunter Jamiroquai, Lenny Kravitz, Kraftwerk, Gregory Porter, Pat Metheny und viele mehr. Auftakt ist erneut\u2026","rel":"","context":"In &quot;News&quot;","block_context":{"text":"News","link":"https:\/\/www.jazzzeitung.de\/cms\/thema\/nachrichten\/"},"img":{"alt_text":"","src":"https:\/\/i0.wp.com\/www.jazzzeitung.de\/cms\/wp-content\/uploads\/2018\/07\/JO17_Altes-Schloss_Reiner-Pfisterer_.jpg?fit=1200%2C799&ssl=1&resize=350%2C200","width":350,"height":200,"srcset":"https:\/\/i0.wp.com\/www.jazzzeitung.de\/cms\/wp-content\/uploads\/2018\/07\/JO17_Altes-Schloss_Reiner-Pfisterer_.jpg?fit=1200%2C799&ssl=1&resize=350%2C200 1x, https:\/\/i0.wp.com\/www.jazzzeitung.de\/cms\/wp-content\/uploads\/2018\/07\/JO17_Altes-Schloss_Reiner-Pfisterer_.jpg?fit=1200%2C799&ssl=1&resize=525%2C300 1.5x, https:\/\/i0.wp.com\/www.jazzzeitung.de\/cms\/wp-content\/uploads\/2018\/07\/JO17_Altes-Schloss_Reiner-Pfisterer_.jpg?fit=1200%2C799&ssl=1&resize=700%2C400 2x, https:\/\/i0.wp.com\/www.jazzzeitung.de\/cms\/wp-content\/uploads\/2018\/07\/JO17_Altes-Schloss_Reiner-Pfisterer_.jpg?fit=1200%2C799&ssl=1&resize=1050%2C600 3x"},"classes":[]},{"id":11814,"url":"https:\/\/www.jazzzeitung.de\/cms\/2017\/03\/nachwuchsfoerderung-bei-den-jazzopen-mit-jazzopen-playground-bw-auf-die-grossen-festival-buehnen\/","url_meta":{"origin":14545,"position":4},"title":"Nachwuchsf\u00f6rderung bei den jazzopen: Mit &#8222;jazzopen playground BW&#8220; auf die gro\u00dfen Festival-B\u00fchnen","author":"Redaktion JazzZeitung","date":"1. M\u00e4rz 2017","format":false,"excerpt":"Bei den jazzopen 2017 bietet der Nachwuchs-Bandwettbewerb jazzopen playground BW zum 9. Mal aufstrebenden K\u00fcnstlern aus Baden-W\u00fcrttemberg die M\u00f6glichkeit, sich im Rahmen des Festivals auf einer jazzopen-B\u00fchne live zu pr\u00e4sentieren. Nachwuchsbands k\u00f6nnen sich bis 31. M\u00e4rz bewerben. Eine Fachjury unter Vorsitz von Prof. Mini Schulz w\u00e4hlt die Gewinner aus. Den\u2026","rel":"","context":"In &quot;News&quot;","block_context":{"text":"News","link":"https:\/\/www.jazzzeitung.de\/cms\/thema\/nachrichten\/"},"img":{"alt_text":"","src":"https:\/\/i0.wp.com\/www.jazzzeitung.de\/cms\/wp-content\/uploads\/2017\/03\/DSC1226_Peter-Steinhei%C3%9Fer-150x150.jpg?resize=350%2C200","width":350,"height":200},"classes":[]},{"id":18653,"url":"https:\/\/www.jazzzeitung.de\/cms\/2019\/02\/festival-jazzopen-stuttgart-eroeffnet-mit-verleihung-der-german-jazz-trophy-2019-an-dee-dee-bridgewater\/","url_meta":{"origin":14545,"position":5},"title":"Festival jazzopen Stuttgart er\u00f6ffnet mit Verleihung der German Jazz Trophy 2019 an Dee Dee Bridgewater","author":"Redaktion JazzZeitung","date":"14. Februar 2019","format":false,"excerpt":"Stuttgart. \u00dcber 50 Acts in elf Tagen auf f\u00fcnf B\u00fchnen. Nach der 25-j\u00e4hrigen Jubil\u00e4umsfeier im Juli letzten Jahres pr\u00e4sentieren die jazzopen Stuttgart vom 4. bis 14. Juli 2019 erneut ein vielf\u00e4ltiges Programm, in dem Jazz trotz allem Popstarrummel noch immer die DNA darstellt. Der Veranstalter Opus rechnet Pop-timistisch mit einem\u2026","rel":"","context":"In &quot;Bericht&quot;","block_context":{"text":"Bericht","link":"https:\/\/www.jazzzeitung.de\/cms\/thema\/bericht\/"},"img":{"alt_text":"","src":"https:\/\/i0.wp.com\/www.jazzzeitung.de\/cms\/wp-content\/uploads\/2019\/02\/Dee-Dee-Bridgewater-1Mark-Higashino-e1550152051836.jpg?fit=587%2C412&ssl=1&resize=350%2C200","width":350,"height":200,"srcset":"https:\/\/i0.wp.com\/www.jazzzeitung.de\/cms\/wp-content\/uploads\/2019\/02\/Dee-Dee-Bridgewater-1Mark-Higashino-e1550152051836.jpg?fit=587%2C412&ssl=1&resize=350%2C200 1x, https:\/\/i0.wp.com\/www.jazzzeitung.de\/cms\/wp-content\/uploads\/2019\/02\/Dee-Dee-Bridgewater-1Mark-Higashino-e1550152051836.jpg?fit=587%2C412&ssl=1&resize=525%2C300 1.5x"},"classes":[]}],"jetpack_sharing_enabled":true,"_links":{"self":[{"href":"https:\/\/www.jazzzeitung.de\/cms\/wp-json\/wp\/v2\/posts\/14545","targetHints":{"allow":["GET"]}}],"collection":[{"href":"https:\/\/www.jazzzeitung.de\/cms\/wp-json\/wp\/v2\/posts"}],"about":[{"href":"https:\/\/www.jazzzeitung.de\/cms\/wp-json\/wp\/v2\/types\/post"}],"author":[{"embeddable":true,"href":"https:\/\/www.jazzzeitung.de\/cms\/wp-json\/wp\/v2\/users\/2"}],"replies":[{"embeddable":true,"href":"https:\/\/www.jazzzeitung.de\/cms\/wp-json\/wp\/v2\/comments?post=14545"}],"version-history":[{"count":6,"href":"https:\/\/www.jazzzeitung.de\/cms\/wp-json\/wp\/v2\/posts\/14545\/revisions"}],"predecessor-version":[{"id":14552,"href":"https:\/\/www.jazzzeitung.de\/cms\/wp-json\/wp\/v2\/posts\/14545\/revisions\/14552"}],"wp:featuredmedia":[{"embeddable":true,"href":"https:\/\/www.jazzzeitung.de\/cms\/wp-json\/wp\/v2\/media\/14546"}],"wp:attachment":[{"href":"https:\/\/www.jazzzeitung.de\/cms\/wp-json\/wp\/v2\/media?parent=14545"}],"wp:term":[{"taxonomy":"category","embeddable":true,"href":"https:\/\/www.jazzzeitung.de\/cms\/wp-json\/wp\/v2\/categories?post=14545"},{"taxonomy":"post_tag","embeddable":true,"href":"https:\/\/www.jazzzeitung.de\/cms\/wp-json\/wp\/v2\/tags?post=14545"},{"taxonomy":"author","embeddable":true,"href":"https:\/\/www.jazzzeitung.de\/cms\/wp-json\/wp\/v2\/coauthors?post=14545"}],"curies":[{"name":"wp","href":"https:\/\/api.w.org\/{rel}","templated":true}]}}