{"id":14506,"date":"2017-12-12T14:13:05","date_gmt":"2017-12-12T13:13:05","guid":{"rendered":"https:\/\/www.jazzzeitung.de\/cms\/?p=14506"},"modified":"2017-12-12T14:55:46","modified_gmt":"2017-12-12T13:55:46","slug":"marius-nesets-circle-of-chimes-in-der-unterfahrt","status":"publish","type":"post","link":"https:\/\/www.jazzzeitung.de\/cms\/2017\/12\/marius-nesets-circle-of-chimes-in-der-unterfahrt\/","title":{"rendered":"Marius Nesets \u201eCircle of Chimes\u201c in der Unterfahrt"},"content":{"rendered":"<p>\u201eBefore the storm\u201c &#8211; so betitelt Thomas J. Krebs seine Fotostrecke, die er w\u00e4hrend der Proben des Marius Neset Quintetts aufgenommen hat.\u00a0Ungest\u00fcm und kraftvoll war dann auch das vom Publikum bejubelte Konzert im Jazzclub Unterfahrt, bei der die Band ihr aktuelles, beim Label ACT, ver\u00f6ffentlichtes Album \u201eCircle of Chimes\u201c vorstellte. Das Miteinander der Musiker, eine relaxte Stimmung, Jokes, Ausprobieren und den Sound im Club checken &#8211; eine ganz eigene Stimmung, die letztlich alles \u00fcber die Musiker selbst, die Band und ihr Zusammenspiel sagt.\u00a0Es geh\u00f6rt Vertrauen und gleichzeitig Zur\u00fcckhaltung dazu Musiker zu bewegen, sich bei den Proben fotografieren zu lassen. Ohne Absprache vorab geht hier nat\u00fcrlich nichts, und die Kunst sich im Hintergrund zu halten, er\u00f6ffnet dann immer wieder neue Perspektiven &#8211; stimmungsm\u00e4\u00dfig wie fotografisch \u2026 eben \u201ebefore the storm\u201c.<\/p>\n<div class=\"tiled-gallery type-rectangular tiled-gallery-unresized\" data-original-width=\"840\" data-carousel-extra='{&quot;blog_id&quot;:1,&quot;permalink&quot;:&quot;https:\\\/\\\/www.jazzzeitung.de\\\/cms\\\/2017\\\/12\\\/marius-nesets-circle-of-chimes-in-der-unterfahrt\\\/&quot;,&quot;likes_blog_id&quot;:55446655}' itemscope itemtype=\"http:\/\/schema.org\/ImageGallery\" > <div class=\"gallery-row\" style=\"width: 840px; height: 230px;\" data-original-width=\"840\" data-original-height=\"230\" > <div class=\"gallery-group images-1\" style=\"width: 343px; height: 230px;\" data-original-width=\"343\" data-original-height=\"230\" > <div class=\"tiled-gallery-item tiled-gallery-item-large\" itemprop=\"associatedMedia\" itemscope itemtype=\"http:\/\/schema.org\/ImageObject\"> <a href=\"https:\/\/www.jazzzeitung.de\/cms\/2017\/12\/marius-nesets-circle-of-chimes-in-der-unterfahrt\/anton-eager-foto-tj-krebs-jazzphotoagencyweb-de-2\/\" border=\"0\" itemprop=\"url\"> <meta itemprop=\"width\" content=\"339\"> <meta itemprop=\"height\" content=\"226\"> <img decoding=\"async\" class=\"\" data-attachment-id=\"14517\" data-orig-file=\"https:\/\/www.jazzzeitung.de\/cms\/wp-content\/uploads\/2017\/12\/Anton-Eager-Foto-TJ-Krebs-jazzphotoagency@web.de_-1.jpg\" data-orig-size=\"1800,1200\" data-comments-opened=\"1\" data-image-meta=\"{&quot;aperture&quot;:&quot;0&quot;,&quot;credit&quot;:&quot;&quot;,&quot;camera&quot;:&quot;&quot;,&quot;caption&quot;:&quot;&quot;,&quot;created_timestamp&quot;:&quot;0&quot;,&quot;copyright&quot;:&quot;&quot;,&quot;focal_length&quot;:&quot;0&quot;,&quot;iso&quot;:&quot;0&quot;,&quot;shutter_speed&quot;:&quot;0&quot;,&quot;title&quot;:&quot;&quot;,&quot;orientation&quot;:&quot;0&quot;}\" data-image-title=\"Anton Eager &amp;#8211; Foto TJ Krebs jazzphotoagency@web.de\" data-image-description=\"\" data-medium-file=\"https:\/\/i0.wp.com\/www.jazzzeitung.de\/cms\/wp-content\/uploads\/2017\/12\/Anton-Eager-Foto-TJ-Krebs-jazzphotoagency%40web.de_-1.jpg?fit=300%2C200&#038;ssl=1\" data-large-file=\"https:\/\/i0.wp.com\/www.jazzzeitung.de\/cms\/wp-content\/uploads\/2017\/12\/Anton-Eager-Foto-TJ-Krebs-jazzphotoagency%40web.de_-1.jpg?fit=840%2C560&#038;ssl=1\" src=\"https:\/\/i0.wp.com\/www.jazzzeitung.de\/cms\/wp-content\/uploads\/2017\/12\/Anton-Eager-Foto-TJ-Krebs-jazzphotoagency%40web.de_-1.jpg?w=339&#038;h=226&#038;ssl=1\" width=\"339\" height=\"226\" loading=\"lazy\" data-original-width=\"339\" data-original-height=\"226\" itemprop=\"http:\/\/schema.org\/image\" title=\"Anton Eager - Foto TJ Krebs jazzphotoagency@web.de\" alt=\"Anton Eager - Foto TJ Krebs jazzphotoagency@web.de\" style=\"width: 339px; height: 226px;\" \/> <\/a> <\/div> <\/div> <!-- close group --> <div class=\"gallery-group images-1\" style=\"width: 154px; height: 230px;\" data-original-width=\"154\" data-original-height=\"230\" > <div class=\"tiled-gallery-item tiled-gallery-item-small\" itemprop=\"associatedMedia\" itemscope itemtype=\"http:\/\/schema.org\/ImageObject\"> <a href=\"https:\/\/www.jazzzeitung.de\/cms\/2017\/12\/marius-nesets-circle-of-chimes-in-der-unterfahrt\/anton-eager-2-foto-tj-krebs-jazzphotoagencyweb-de-2\/\" border=\"0\" itemprop=\"url\"> <meta itemprop=\"width\" content=\"150\"> <meta itemprop=\"height\" content=\"226\"> <img decoding=\"async\" class=\"\" data-attachment-id=\"14518\" data-orig-file=\"https:\/\/www.jazzzeitung.de\/cms\/wp-content\/uploads\/2017\/12\/Anton-Eager-2-Foto-TJ-Krebs-jazzphotoagency@web.de_-1.jpg\" data-orig-size=\"1200,1800\" data-comments-opened=\"1\" data-image-meta=\"{&quot;aperture&quot;:&quot;0&quot;,&quot;credit&quot;:&quot;&quot;,&quot;camera&quot;:&quot;&quot;,&quot;caption&quot;:&quot;&quot;,&quot;created_timestamp&quot;:&quot;0&quot;,&quot;copyright&quot;:&quot;&quot;,&quot;focal_length&quot;:&quot;0&quot;,&quot;iso&quot;:&quot;0&quot;,&quot;shutter_speed&quot;:&quot;0&quot;,&quot;title&quot;:&quot;&quot;,&quot;orientation&quot;:&quot;0&quot;}\" data-image-title=\"Anton Eager 2 &amp;#8211; Foto TJ Krebs jazzphotoagency@web.de\" data-image-description=\"\" data-medium-file=\"https:\/\/i0.wp.com\/www.jazzzeitung.de\/cms\/wp-content\/uploads\/2017\/12\/Anton-Eager-2-Foto-TJ-Krebs-jazzphotoagency%40web.de_-1.jpg?fit=200%2C300&#038;ssl=1\" data-large-file=\"https:\/\/i0.wp.com\/www.jazzzeitung.de\/cms\/wp-content\/uploads\/2017\/12\/Anton-Eager-2-Foto-TJ-Krebs-jazzphotoagency%40web.de_-1.jpg?fit=400%2C600&#038;ssl=1\" src=\"https:\/\/i0.wp.com\/www.jazzzeitung.de\/cms\/wp-content\/uploads\/2017\/12\/Anton-Eager-2-Foto-TJ-Krebs-jazzphotoagency%40web.de_-1.jpg?w=150&#038;h=226&#038;ssl=1\" width=\"150\" height=\"226\" loading=\"lazy\" data-original-width=\"150\" data-original-height=\"226\" itemprop=\"http:\/\/schema.org\/image\" title=\"Anton Eager 2 - Foto TJ Krebs jazzphotoagency@web.de\" alt=\"Anton Eager 2 - Foto TJ Krebs jazzphotoagency@web.de\" style=\"width: 150px; height: 226px;\" \/> <\/a> <\/div> <\/div> <!-- close group --> <div class=\"gallery-group images-1\" style=\"width: 343px; height: 230px;\" data-original-width=\"343\" data-original-height=\"230\" > <div class=\"tiled-gallery-item tiled-gallery-item-large\" itemprop=\"associatedMedia\" itemscope itemtype=\"http:\/\/schema.org\/ImageObject\"> <a href=\"https:\/\/www.jazzzeitung.de\/cms\/2017\/12\/marius-nesets-circle-of-chimes-in-der-unterfahrt\/anton-eager-3-foto-tj-krebs-jazzphotoagencyweb-de-2\/\" border=\"0\" itemprop=\"url\"> <meta itemprop=\"width\" content=\"339\"> <meta itemprop=\"height\" content=\"226\"> <img decoding=\"async\" class=\"\" data-attachment-id=\"14519\" data-orig-file=\"https:\/\/www.jazzzeitung.de\/cms\/wp-content\/uploads\/2017\/12\/Anton-Eager-3-Foto-TJ-Krebs-jazzphotoagency@web.de_-1.jpg\" data-orig-size=\"1800,1200\" data-comments-opened=\"1\" data-image-meta=\"{&quot;aperture&quot;:&quot;0&quot;,&quot;credit&quot;:&quot;&quot;,&quot;camera&quot;:&quot;&quot;,&quot;caption&quot;:&quot;&quot;,&quot;created_timestamp&quot;:&quot;0&quot;,&quot;copyright&quot;:&quot;&quot;,&quot;focal_length&quot;:&quot;0&quot;,&quot;iso&quot;:&quot;0&quot;,&quot;shutter_speed&quot;:&quot;0&quot;,&quot;title&quot;:&quot;&quot;,&quot;orientation&quot;:&quot;0&quot;}\" data-image-title=\"Anton Eager 3 &amp;#8211; Foto TJ Krebs jazzphotoagency@web.de\" data-image-description=\"\" data-medium-file=\"https:\/\/i0.wp.com\/www.jazzzeitung.de\/cms\/wp-content\/uploads\/2017\/12\/Anton-Eager-3-Foto-TJ-Krebs-jazzphotoagency%40web.de_-1.jpg?fit=300%2C200&#038;ssl=1\" data-large-file=\"https:\/\/i0.wp.com\/www.jazzzeitung.de\/cms\/wp-content\/uploads\/2017\/12\/Anton-Eager-3-Foto-TJ-Krebs-jazzphotoagency%40web.de_-1.jpg?fit=840%2C560&#038;ssl=1\" src=\"https:\/\/i0.wp.com\/www.jazzzeitung.de\/cms\/wp-content\/uploads\/2017\/12\/Anton-Eager-3-Foto-TJ-Krebs-jazzphotoagency%40web.de_-1.jpg?w=339&#038;h=226&#038;ssl=1\" width=\"339\" height=\"226\" loading=\"lazy\" data-original-width=\"339\" data-original-height=\"226\" itemprop=\"http:\/\/schema.org\/image\" title=\"Anton Eager 3 - Foto TJ Krebs jazzphotoagency@web.de\" alt=\"Anton Eager 3 - Foto TJ Krebs jazzphotoagency@web.de\" style=\"width: 339px; height: 226px;\" \/> <\/a> <\/div> <\/div> <!-- close group --> <\/div> <!-- close row --> <div class=\"gallery-row\" style=\"width: 840px; height: 721px;\" data-original-width=\"840\" data-original-height=\"721\" > <div class=\"gallery-group images-1\" style=\"width: 482px; height: 721px;\" data-original-width=\"482\" data-original-height=\"721\" > <div class=\"tiled-gallery-item tiled-gallery-item-large\" itemprop=\"associatedMedia\" itemscope itemtype=\"http:\/\/schema.org\/ImageObject\"> <a href=\"https:\/\/www.jazzzeitung.de\/cms\/2017\/12\/marius-nesets-circle-of-chimes-in-der-unterfahrt\/ivo-neame-foto-tj-krebs-jazzphotoagencyweb-de-2\/\" border=\"0\" itemprop=\"url\"> <meta itemprop=\"width\" content=\"478\"> <meta itemprop=\"height\" content=\"717\"> <img decoding=\"async\" class=\"\" data-attachment-id=\"14520\" data-orig-file=\"https:\/\/www.jazzzeitung.de\/cms\/wp-content\/uploads\/2017\/12\/Ivo-Neame-Foto-TJ-Krebs-jazzphotoagency@web.de_-1.jpg\" data-orig-size=\"1200,1800\" data-comments-opened=\"1\" data-image-meta=\"{&quot;aperture&quot;:&quot;0&quot;,&quot;credit&quot;:&quot;&quot;,&quot;camera&quot;:&quot;&quot;,&quot;caption&quot;:&quot;&quot;,&quot;created_timestamp&quot;:&quot;0&quot;,&quot;copyright&quot;:&quot;&quot;,&quot;focal_length&quot;:&quot;0&quot;,&quot;iso&quot;:&quot;0&quot;,&quot;shutter_speed&quot;:&quot;0&quot;,&quot;title&quot;:&quot;&quot;,&quot;orientation&quot;:&quot;0&quot;}\" data-image-title=\"Ivo Neame &amp;#8211; Foto TJ Krebs jazzphotoagency@web.de\" data-image-description=\"\" data-medium-file=\"https:\/\/i0.wp.com\/www.jazzzeitung.de\/cms\/wp-content\/uploads\/2017\/12\/Ivo-Neame-Foto-TJ-Krebs-jazzphotoagency%40web.de_-1.jpg?fit=200%2C300&#038;ssl=1\" data-large-file=\"https:\/\/i0.wp.com\/www.jazzzeitung.de\/cms\/wp-content\/uploads\/2017\/12\/Ivo-Neame-Foto-TJ-Krebs-jazzphotoagency%40web.de_-1.jpg?fit=400%2C600&#038;ssl=1\" src=\"https:\/\/i0.wp.com\/www.jazzzeitung.de\/cms\/wp-content\/uploads\/2017\/12\/Ivo-Neame-Foto-TJ-Krebs-jazzphotoagency%40web.de_-1.jpg?w=478&#038;h=717&#038;ssl=1\" width=\"478\" height=\"717\" loading=\"lazy\" data-original-width=\"478\" data-original-height=\"717\" itemprop=\"http:\/\/schema.org\/image\" title=\"Ivo Neame - Foto TJ Krebs jazzphotoagency@web.de\" alt=\"Ivo Neame - Foto TJ Krebs jazzphotoagency@web.de\" style=\"width: 478px; height: 717px;\" \/> <\/a> <\/div> <\/div> <!-- close group --> <div class=\"gallery-group images-3\" style=\"width: 358px; height: 721px;\" data-original-width=\"358\" data-original-height=\"721\" > <div class=\"tiled-gallery-item tiled-gallery-item-large\" itemprop=\"associatedMedia\" itemscope itemtype=\"http:\/\/schema.org\/ImageObject\"> <a href=\"https:\/\/www.jazzzeitung.de\/cms\/2017\/12\/marius-nesets-circle-of-chimes-in-der-unterfahrt\/ivo-neame-hands-foto-tj-krebs-jazzphotoagencyweb-de-2\/\" border=\"0\" itemprop=\"url\"> <meta itemprop=\"width\" content=\"354\"> <meta itemprop=\"height\" content=\"237\"> <img decoding=\"async\" class=\"\" data-attachment-id=\"14521\" data-orig-file=\"https:\/\/www.jazzzeitung.de\/cms\/wp-content\/uploads\/2017\/12\/Ivo-Neame-hands-Foto-TJ-Krebs-jazzphotoagency@web.de_-1.jpg\" data-orig-size=\"1800,1200\" data-comments-opened=\"1\" data-image-meta=\"{&quot;aperture&quot;:&quot;0&quot;,&quot;credit&quot;:&quot;&quot;,&quot;camera&quot;:&quot;&quot;,&quot;caption&quot;:&quot;&quot;,&quot;created_timestamp&quot;:&quot;0&quot;,&quot;copyright&quot;:&quot;&quot;,&quot;focal_length&quot;:&quot;0&quot;,&quot;iso&quot;:&quot;0&quot;,&quot;shutter_speed&quot;:&quot;0&quot;,&quot;title&quot;:&quot;&quot;,&quot;orientation&quot;:&quot;0&quot;}\" data-image-title=\"Ivo Neame hands &amp;#8211; Foto TJ Krebs jazzphotoagency@web.de\" data-image-description=\"\" data-medium-file=\"https:\/\/i0.wp.com\/www.jazzzeitung.de\/cms\/wp-content\/uploads\/2017\/12\/Ivo-Neame-hands-Foto-TJ-Krebs-jazzphotoagency%40web.de_-1.jpg?fit=300%2C200&#038;ssl=1\" data-large-file=\"https:\/\/i0.wp.com\/www.jazzzeitung.de\/cms\/wp-content\/uploads\/2017\/12\/Ivo-Neame-hands-Foto-TJ-Krebs-jazzphotoagency%40web.de_-1.jpg?fit=840%2C560&#038;ssl=1\" src=\"https:\/\/i0.wp.com\/www.jazzzeitung.de\/cms\/wp-content\/uploads\/2017\/12\/Ivo-Neame-hands-Foto-TJ-Krebs-jazzphotoagency%40web.de_-1.jpg?w=354&#038;h=237&#038;ssl=1\" width=\"354\" height=\"237\" loading=\"lazy\" data-original-width=\"354\" data-original-height=\"237\" itemprop=\"http:\/\/schema.org\/image\" title=\"Ivo Neame hands - Foto TJ Krebs jazzphotoagency@web.de\" alt=\"Ivo Neame hands - Foto TJ Krebs jazzphotoagency@web.de\" style=\"width: 354px; height: 237px;\" \/> <\/a> <\/div> <div class=\"tiled-gallery-item tiled-gallery-item-large\" itemprop=\"associatedMedia\" itemscope itemtype=\"http:\/\/schema.org\/ImageObject\"> <a href=\"https:\/\/www.jazzzeitung.de\/cms\/2017\/12\/marius-nesets-circle-of-chimes-in-der-unterfahrt\/jim-hart-foto-tj-krebs-jazzphotoagencyweb-de-2\/\" border=\"0\" itemprop=\"url\"> <meta itemprop=\"width\" content=\"354\"> <meta itemprop=\"height\" content=\"236\"> <img decoding=\"async\" class=\"\" data-attachment-id=\"14522\" data-orig-file=\"https:\/\/www.jazzzeitung.de\/cms\/wp-content\/uploads\/2017\/12\/Jim-Hart-Foto-TJ-Krebs-jazzphotoagency@web.de_-1.jpg\" data-orig-size=\"1800,1200\" data-comments-opened=\"1\" data-image-meta=\"{&quot;aperture&quot;:&quot;0&quot;,&quot;credit&quot;:&quot;&quot;,&quot;camera&quot;:&quot;&quot;,&quot;caption&quot;:&quot;&quot;,&quot;created_timestamp&quot;:&quot;0&quot;,&quot;copyright&quot;:&quot;&quot;,&quot;focal_length&quot;:&quot;0&quot;,&quot;iso&quot;:&quot;0&quot;,&quot;shutter_speed&quot;:&quot;0&quot;,&quot;title&quot;:&quot;&quot;,&quot;orientation&quot;:&quot;0&quot;}\" data-image-title=\"Jim Hart &amp;#8211; Foto TJ Krebs jazzphotoagency@web.de\" data-image-description=\"\" data-medium-file=\"https:\/\/i0.wp.com\/www.jazzzeitung.de\/cms\/wp-content\/uploads\/2017\/12\/Jim-Hart-Foto-TJ-Krebs-jazzphotoagency%40web.de_-1.jpg?fit=300%2C200&#038;ssl=1\" data-large-file=\"https:\/\/i0.wp.com\/www.jazzzeitung.de\/cms\/wp-content\/uploads\/2017\/12\/Jim-Hart-Foto-TJ-Krebs-jazzphotoagency%40web.de_-1.jpg?fit=840%2C560&#038;ssl=1\" src=\"https:\/\/i0.wp.com\/www.jazzzeitung.de\/cms\/wp-content\/uploads\/2017\/12\/Jim-Hart-Foto-TJ-Krebs-jazzphotoagency%40web.de_-1.jpg?w=354&#038;h=236&#038;ssl=1\" width=\"354\" height=\"236\" loading=\"lazy\" data-original-width=\"354\" data-original-height=\"236\" itemprop=\"http:\/\/schema.org\/image\" title=\"Jim Hart - Foto TJ Krebs jazzphotoagency@web.de\" alt=\"Jim Hart - Foto TJ Krebs jazzphotoagency@web.de\" style=\"width: 354px; height: 236px;\" \/> <\/a> <\/div> <div class=\"tiled-gallery-item tiled-gallery-item-large\" itemprop=\"associatedMedia\" itemscope itemtype=\"http:\/\/schema.org\/ImageObject\"> <a href=\"https:\/\/www.jazzzeitung.de\/cms\/2017\/12\/marius-nesets-circle-of-chimes-in-der-unterfahrt\/jim-hart-2-foto-tj-krebs-jazzphotoagencyweb-de-2\/\" border=\"0\" itemprop=\"url\"> <meta itemprop=\"width\" content=\"354\"> <meta itemprop=\"height\" content=\"236\"> <img decoding=\"async\" class=\"\" data-attachment-id=\"14523\" data-orig-file=\"https:\/\/www.jazzzeitung.de\/cms\/wp-content\/uploads\/2017\/12\/Jim-Hart-2-Foto-TJ-Krebs-jazzphotoagency@web.de_-1.jpg\" data-orig-size=\"1800,1200\" data-comments-opened=\"1\" data-image-meta=\"{&quot;aperture&quot;:&quot;0&quot;,&quot;credit&quot;:&quot;&quot;,&quot;camera&quot;:&quot;&quot;,&quot;caption&quot;:&quot;&quot;,&quot;created_timestamp&quot;:&quot;0&quot;,&quot;copyright&quot;:&quot;&quot;,&quot;focal_length&quot;:&quot;0&quot;,&quot;iso&quot;:&quot;0&quot;,&quot;shutter_speed&quot;:&quot;0&quot;,&quot;title&quot;:&quot;&quot;,&quot;orientation&quot;:&quot;0&quot;}\" data-image-title=\"Jim Hart 2 &amp;#8211; Foto TJ Krebs jazzphotoagency@web.de\" data-image-description=\"\" data-medium-file=\"https:\/\/i0.wp.com\/www.jazzzeitung.de\/cms\/wp-content\/uploads\/2017\/12\/Jim-Hart-2-Foto-TJ-Krebs-jazzphotoagency%40web.de_-1.jpg?fit=300%2C200&#038;ssl=1\" data-large-file=\"https:\/\/i0.wp.com\/www.jazzzeitung.de\/cms\/wp-content\/uploads\/2017\/12\/Jim-Hart-2-Foto-TJ-Krebs-jazzphotoagency%40web.de_-1.jpg?fit=840%2C560&#038;ssl=1\" src=\"https:\/\/i0.wp.com\/www.jazzzeitung.de\/cms\/wp-content\/uploads\/2017\/12\/Jim-Hart-2-Foto-TJ-Krebs-jazzphotoagency%40web.de_-1.jpg?w=354&#038;h=236&#038;ssl=1\" width=\"354\" height=\"236\" loading=\"lazy\" data-original-width=\"354\" data-original-height=\"236\" itemprop=\"http:\/\/schema.org\/image\" title=\"Jim Hart 2 - Foto TJ Krebs jazzphotoagency@web.de\" alt=\"Jim Hart 2 - Foto TJ Krebs jazzphotoagency@web.de\" style=\"width: 354px; height: 236px;\" \/> <\/a> <\/div> <\/div> <!-- close group --> <\/div> <!-- close row --> <div class=\"gallery-row\" style=\"width: 840px; height: 375px;\" data-original-width=\"840\" data-original-height=\"375\" > <div class=\"gallery-group images-1\" style=\"width: 561px; height: 375px;\" data-original-width=\"561\" data-original-height=\"375\" > <div class=\"tiled-gallery-item tiled-gallery-item-large\" itemprop=\"associatedMedia\" itemscope itemtype=\"http:\/\/schema.org\/ImageObject\"> <a href=\"https:\/\/www.jazzzeitung.de\/cms\/2017\/12\/marius-nesets-circle-of-chimes-in-der-unterfahrt\/jim-hart-hands-foto-tj-krebs-jazzphotoagencyweb-de-2\/\" border=\"0\" itemprop=\"url\"> <meta itemprop=\"width\" content=\"557\"> <meta itemprop=\"height\" content=\"371\"> <img decoding=\"async\" class=\"\" data-attachment-id=\"14524\" data-orig-file=\"https:\/\/www.jazzzeitung.de\/cms\/wp-content\/uploads\/2017\/12\/Jim-Hart-hands-Foto-TJ-Krebs-jazzphotoagency@web.de_-1.jpg\" data-orig-size=\"1800,1200\" data-comments-opened=\"1\" data-image-meta=\"{&quot;aperture&quot;:&quot;0&quot;,&quot;credit&quot;:&quot;&quot;,&quot;camera&quot;:&quot;&quot;,&quot;caption&quot;:&quot;&quot;,&quot;created_timestamp&quot;:&quot;0&quot;,&quot;copyright&quot;:&quot;&quot;,&quot;focal_length&quot;:&quot;0&quot;,&quot;iso&quot;:&quot;0&quot;,&quot;shutter_speed&quot;:&quot;0&quot;,&quot;title&quot;:&quot;&quot;,&quot;orientation&quot;:&quot;0&quot;}\" data-image-title=\"Jim Hart hands &amp;#8211; Foto TJ Krebs jazzphotoagency@web.de\" data-image-description=\"\" data-medium-file=\"https:\/\/i0.wp.com\/www.jazzzeitung.de\/cms\/wp-content\/uploads\/2017\/12\/Jim-Hart-hands-Foto-TJ-Krebs-jazzphotoagency%40web.de_-1.jpg?fit=300%2C200&#038;ssl=1\" data-large-file=\"https:\/\/i0.wp.com\/www.jazzzeitung.de\/cms\/wp-content\/uploads\/2017\/12\/Jim-Hart-hands-Foto-TJ-Krebs-jazzphotoagency%40web.de_-1.jpg?fit=840%2C560&#038;ssl=1\" src=\"https:\/\/i0.wp.com\/www.jazzzeitung.de\/cms\/wp-content\/uploads\/2017\/12\/Jim-Hart-hands-Foto-TJ-Krebs-jazzphotoagency%40web.de_-1.jpg?w=557&#038;h=371&#038;ssl=1\" width=\"557\" height=\"371\" loading=\"lazy\" data-original-width=\"557\" data-original-height=\"371\" itemprop=\"http:\/\/schema.org\/image\" title=\"Jim Hart hands - Foto TJ Krebs jazzphotoagency@web.de\" alt=\"Jim Hart hands - Foto TJ Krebs jazzphotoagency@web.de\" style=\"width: 557px; height: 371px;\" \/> <\/a> <\/div> <\/div> <!-- close group --> <div class=\"gallery-group images-2\" style=\"width: 279px; height: 375px;\" data-original-width=\"279\" data-original-height=\"375\" > <div class=\"tiled-gallery-item tiled-gallery-item-large\" itemprop=\"associatedMedia\" itemscope itemtype=\"http:\/\/schema.org\/ImageObject\"> <a href=\"https:\/\/www.jazzzeitung.de\/cms\/2017\/12\/marius-nesets-circle-of-chimes-in-der-unterfahrt\/marius-neset-foto-tj-krebs-jazzphotoagencyweb-de\/\" border=\"0\" itemprop=\"url\"> <meta itemprop=\"width\" content=\"275\"> <meta itemprop=\"height\" content=\"184\"> <img decoding=\"async\" class=\"\" data-attachment-id=\"14525\" data-orig-file=\"https:\/\/www.jazzzeitung.de\/cms\/wp-content\/uploads\/2017\/12\/Marius-Neset-Foto-TJ-Krebs-jazzphotoagency@web.de_.jpg\" data-orig-size=\"1800,1200\" data-comments-opened=\"1\" data-image-meta=\"{&quot;aperture&quot;:&quot;0&quot;,&quot;credit&quot;:&quot;&quot;,&quot;camera&quot;:&quot;&quot;,&quot;caption&quot;:&quot;&quot;,&quot;created_timestamp&quot;:&quot;0&quot;,&quot;copyright&quot;:&quot;&quot;,&quot;focal_length&quot;:&quot;0&quot;,&quot;iso&quot;:&quot;0&quot;,&quot;shutter_speed&quot;:&quot;0&quot;,&quot;title&quot;:&quot;&quot;,&quot;orientation&quot;:&quot;0&quot;}\" data-image-title=\"Marius Neset &amp;#8211; Foto TJ Krebs jazzphotoagency@web.de\" data-image-description=\"\" data-medium-file=\"https:\/\/i0.wp.com\/www.jazzzeitung.de\/cms\/wp-content\/uploads\/2017\/12\/Marius-Neset-Foto-TJ-Krebs-jazzphotoagency%40web.de_.jpg?fit=300%2C200&#038;ssl=1\" data-large-file=\"https:\/\/i0.wp.com\/www.jazzzeitung.de\/cms\/wp-content\/uploads\/2017\/12\/Marius-Neset-Foto-TJ-Krebs-jazzphotoagency%40web.de_.jpg?fit=840%2C560&#038;ssl=1\" src=\"https:\/\/i0.wp.com\/www.jazzzeitung.de\/cms\/wp-content\/uploads\/2017\/12\/Marius-Neset-Foto-TJ-Krebs-jazzphotoagency%40web.de_.jpg?w=275&#038;h=184&#038;ssl=1\" width=\"275\" height=\"184\" loading=\"lazy\" data-original-width=\"275\" data-original-height=\"184\" itemprop=\"http:\/\/schema.org\/image\" title=\"Marius Neset - Foto TJ Krebs jazzphotoagency@web.de\" alt=\"Marius Neset - Foto TJ Krebs jazzphotoagency@web.de\" style=\"width: 275px; height: 184px;\" \/> <\/a> <\/div> <div class=\"tiled-gallery-item tiled-gallery-item-large\" itemprop=\"associatedMedia\" itemscope itemtype=\"http:\/\/schema.org\/ImageObject\"> <a href=\"https:\/\/www.jazzzeitung.de\/cms\/2017\/12\/marius-nesets-circle-of-chimes-in-der-unterfahrt\/marius-neset-1-foto-tj-krebs-jazzphotoagencyweb-de\/\" border=\"0\" itemprop=\"url\"> <meta itemprop=\"width\" content=\"275\"> <meta itemprop=\"height\" content=\"183\"> <img decoding=\"async\" class=\"\" data-attachment-id=\"14526\" data-orig-file=\"https:\/\/www.jazzzeitung.de\/cms\/wp-content\/uploads\/2017\/12\/Marius-Neset-1-Foto-TJ-Krebs-jazzphotoagency@web.de_.jpg\" data-orig-size=\"1800,1200\" data-comments-opened=\"1\" data-image-meta=\"{&quot;aperture&quot;:&quot;0&quot;,&quot;credit&quot;:&quot;&quot;,&quot;camera&quot;:&quot;&quot;,&quot;caption&quot;:&quot;&quot;,&quot;created_timestamp&quot;:&quot;0&quot;,&quot;copyright&quot;:&quot;&quot;,&quot;focal_length&quot;:&quot;0&quot;,&quot;iso&quot;:&quot;0&quot;,&quot;shutter_speed&quot;:&quot;0&quot;,&quot;title&quot;:&quot;&quot;,&quot;orientation&quot;:&quot;0&quot;}\" data-image-title=\"Marius Neset 1 &amp;#8211; Foto TJ Krebs jazzphotoagency@web.de\" data-image-description=\"\" data-medium-file=\"https:\/\/i0.wp.com\/www.jazzzeitung.de\/cms\/wp-content\/uploads\/2017\/12\/Marius-Neset-1-Foto-TJ-Krebs-jazzphotoagency%40web.de_.jpg?fit=300%2C200&#038;ssl=1\" data-large-file=\"https:\/\/i0.wp.com\/www.jazzzeitung.de\/cms\/wp-content\/uploads\/2017\/12\/Marius-Neset-1-Foto-TJ-Krebs-jazzphotoagency%40web.de_.jpg?fit=840%2C560&#038;ssl=1\" src=\"https:\/\/i0.wp.com\/www.jazzzeitung.de\/cms\/wp-content\/uploads\/2017\/12\/Marius-Neset-1-Foto-TJ-Krebs-jazzphotoagency%40web.de_.jpg?w=275&#038;h=183&#038;ssl=1\" width=\"275\" height=\"183\" loading=\"lazy\" data-original-width=\"275\" data-original-height=\"183\" itemprop=\"http:\/\/schema.org\/image\" title=\"Marius Neset 1 - Foto TJ Krebs jazzphotoagency@web.de\" alt=\"Marius Neset 1 - Foto TJ Krebs jazzphotoagency@web.de\" style=\"width: 275px; height: 183px;\" \/> <\/a> <\/div> <\/div> <!-- close group --> <\/div> <!-- close row --> <div class=\"gallery-row\" style=\"width: 840px; height: 194px;\" data-original-width=\"840\" data-original-height=\"194\" > <div class=\"gallery-group images-1\" style=\"width: 289px; height: 194px;\" data-original-width=\"289\" data-original-height=\"194\" > <div class=\"tiled-gallery-item tiled-gallery-item-large\" itemprop=\"associatedMedia\" itemscope itemtype=\"http:\/\/schema.org\/ImageObject\"> <a href=\"https:\/\/www.jazzzeitung.de\/cms\/2017\/12\/marius-nesets-circle-of-chimes-in-der-unterfahrt\/marius-neset-2-foto-tj-krebs-jazzphotoagencyweb-de\/\" border=\"0\" itemprop=\"url\"> <meta itemprop=\"width\" content=\"285\"> <meta itemprop=\"height\" content=\"190\"> <img decoding=\"async\" class=\"\" data-attachment-id=\"14527\" data-orig-file=\"https:\/\/www.jazzzeitung.de\/cms\/wp-content\/uploads\/2017\/12\/Marius-Neset-2-Foto-TJ-Krebs-jazzphotoagency@web.de_.jpg\" data-orig-size=\"1800,1200\" data-comments-opened=\"1\" data-image-meta=\"{&quot;aperture&quot;:&quot;0&quot;,&quot;credit&quot;:&quot;&quot;,&quot;camera&quot;:&quot;&quot;,&quot;caption&quot;:&quot;&quot;,&quot;created_timestamp&quot;:&quot;0&quot;,&quot;copyright&quot;:&quot;&quot;,&quot;focal_length&quot;:&quot;0&quot;,&quot;iso&quot;:&quot;0&quot;,&quot;shutter_speed&quot;:&quot;0&quot;,&quot;title&quot;:&quot;&quot;,&quot;orientation&quot;:&quot;0&quot;}\" data-image-title=\"Marius Neset 2 &amp;#8211; Foto TJ Krebs jazzphotoagency@web.de\" data-image-description=\"\" data-medium-file=\"https:\/\/i0.wp.com\/www.jazzzeitung.de\/cms\/wp-content\/uploads\/2017\/12\/Marius-Neset-2-Foto-TJ-Krebs-jazzphotoagency%40web.de_.jpg?fit=300%2C200&#038;ssl=1\" data-large-file=\"https:\/\/i0.wp.com\/www.jazzzeitung.de\/cms\/wp-content\/uploads\/2017\/12\/Marius-Neset-2-Foto-TJ-Krebs-jazzphotoagency%40web.de_.jpg?fit=840%2C560&#038;ssl=1\" src=\"https:\/\/i0.wp.com\/www.jazzzeitung.de\/cms\/wp-content\/uploads\/2017\/12\/Marius-Neset-2-Foto-TJ-Krebs-jazzphotoagency%40web.de_.jpg?w=285&#038;h=190&#038;ssl=1\" width=\"285\" height=\"190\" loading=\"lazy\" data-original-width=\"285\" data-original-height=\"190\" itemprop=\"http:\/\/schema.org\/image\" title=\"Marius Neset 2 - Foto TJ Krebs jazzphotoagency@web.de\" alt=\"Marius Neset 2 - Foto TJ Krebs jazzphotoagency@web.de\" style=\"width: 285px; height: 190px;\" \/> <\/a> <\/div> <\/div> <!-- close group --> <div class=\"gallery-group images-1\" style=\"width: 131px; height: 194px;\" data-original-width=\"131\" data-original-height=\"194\" > <div class=\"tiled-gallery-item tiled-gallery-item-small\" itemprop=\"associatedMedia\" itemscope itemtype=\"http:\/\/schema.org\/ImageObject\"> <a href=\"https:\/\/www.jazzzeitung.de\/cms\/2017\/12\/marius-nesets-circle-of-chimes-in-der-unterfahrt\/marius-neset-3-foto-tj-krebs-jazzphotoagencyweb-de\/\" border=\"0\" itemprop=\"url\"> <meta itemprop=\"width\" content=\"127\"> <meta itemprop=\"height\" content=\"190\"> <img decoding=\"async\" class=\"\" data-attachment-id=\"14528\" data-orig-file=\"https:\/\/www.jazzzeitung.de\/cms\/wp-content\/uploads\/2017\/12\/Marius-Neset-3-Foto-TJ-Krebs-jazzphotoagency@web.de_.jpg\" data-orig-size=\"1200,1800\" data-comments-opened=\"1\" data-image-meta=\"{&quot;aperture&quot;:&quot;0&quot;,&quot;credit&quot;:&quot;&quot;,&quot;camera&quot;:&quot;&quot;,&quot;caption&quot;:&quot;&quot;,&quot;created_timestamp&quot;:&quot;0&quot;,&quot;copyright&quot;:&quot;&quot;,&quot;focal_length&quot;:&quot;0&quot;,&quot;iso&quot;:&quot;0&quot;,&quot;shutter_speed&quot;:&quot;0&quot;,&quot;title&quot;:&quot;&quot;,&quot;orientation&quot;:&quot;0&quot;}\" data-image-title=\"Marius Neset 3 &amp;#8211; Foto TJ Krebs jazzphotoagency@web.de\" data-image-description=\"\" data-medium-file=\"https:\/\/i0.wp.com\/www.jazzzeitung.de\/cms\/wp-content\/uploads\/2017\/12\/Marius-Neset-3-Foto-TJ-Krebs-jazzphotoagency%40web.de_.jpg?fit=200%2C300&#038;ssl=1\" data-large-file=\"https:\/\/i0.wp.com\/www.jazzzeitung.de\/cms\/wp-content\/uploads\/2017\/12\/Marius-Neset-3-Foto-TJ-Krebs-jazzphotoagency%40web.de_.jpg?fit=400%2C600&#038;ssl=1\" src=\"https:\/\/i0.wp.com\/www.jazzzeitung.de\/cms\/wp-content\/uploads\/2017\/12\/Marius-Neset-3-Foto-TJ-Krebs-jazzphotoagency%40web.de_.jpg?w=127&#038;h=190&#038;ssl=1\" width=\"127\" height=\"190\" loading=\"lazy\" data-original-width=\"127\" data-original-height=\"190\" itemprop=\"http:\/\/schema.org\/image\" title=\"Marius Neset 3 - Foto TJ Krebs jazzphotoagency@web.de\" alt=\"Marius Neset 3 - Foto TJ Krebs jazzphotoagency@web.de\" style=\"width: 127px; height: 190px;\" \/> <\/a> <\/div> <\/div> <!-- close group --> <div class=\"gallery-group images-1\" style=\"width: 289px; height: 194px;\" data-original-width=\"289\" data-original-height=\"194\" > <div class=\"tiled-gallery-item tiled-gallery-item-large\" itemprop=\"associatedMedia\" itemscope itemtype=\"http:\/\/schema.org\/ImageObject\"> <a href=\"https:\/\/www.jazzzeitung.de\/cms\/2017\/12\/marius-nesets-circle-of-chimes-in-der-unterfahrt\/marius-neset-sopransaxophon-foto-tj-krebs-jazzphotoagencyweb-de\/\" border=\"0\" itemprop=\"url\"> <meta itemprop=\"width\" content=\"285\"> <meta itemprop=\"height\" content=\"190\"> <img decoding=\"async\" class=\"\" data-attachment-id=\"14529\" data-orig-file=\"https:\/\/www.jazzzeitung.de\/cms\/wp-content\/uploads\/2017\/12\/Marius-Neset-Sopransaxophon-Foto-TJ-Krebs-jazzphotoagency@web.de_.jpg\" data-orig-size=\"1800,1200\" data-comments-opened=\"1\" data-image-meta=\"{&quot;aperture&quot;:&quot;0&quot;,&quot;credit&quot;:&quot;&quot;,&quot;camera&quot;:&quot;&quot;,&quot;caption&quot;:&quot;&quot;,&quot;created_timestamp&quot;:&quot;0&quot;,&quot;copyright&quot;:&quot;&quot;,&quot;focal_length&quot;:&quot;0&quot;,&quot;iso&quot;:&quot;0&quot;,&quot;shutter_speed&quot;:&quot;0&quot;,&quot;title&quot;:&quot;&quot;,&quot;orientation&quot;:&quot;0&quot;}\" data-image-title=\"Marius Neset Sopransaxophon &amp;#8211; Foto TJ Krebs jazzphotoagency@web.de\" data-image-description=\"\" data-medium-file=\"https:\/\/i0.wp.com\/www.jazzzeitung.de\/cms\/wp-content\/uploads\/2017\/12\/Marius-Neset-Sopransaxophon-Foto-TJ-Krebs-jazzphotoagency%40web.de_.jpg?fit=300%2C200&#038;ssl=1\" data-large-file=\"https:\/\/i0.wp.com\/www.jazzzeitung.de\/cms\/wp-content\/uploads\/2017\/12\/Marius-Neset-Sopransaxophon-Foto-TJ-Krebs-jazzphotoagency%40web.de_.jpg?fit=840%2C560&#038;ssl=1\" src=\"https:\/\/i0.wp.com\/www.jazzzeitung.de\/cms\/wp-content\/uploads\/2017\/12\/Marius-Neset-Sopransaxophon-Foto-TJ-Krebs-jazzphotoagency%40web.de_.jpg?w=285&#038;h=190&#038;ssl=1\" width=\"285\" height=\"190\" loading=\"lazy\" data-original-width=\"285\" data-original-height=\"190\" itemprop=\"http:\/\/schema.org\/image\" title=\"Marius Neset Sopransaxophon - Foto TJ Krebs jazzphotoagency@web.de\" alt=\"Marius Neset Sopransaxophon - Foto TJ Krebs jazzphotoagency@web.de\" style=\"width: 285px; height: 190px;\" \/> <\/a> <\/div> <\/div> <!-- close group --> <div class=\"gallery-group images-1\" style=\"width: 131px; height: 194px;\" data-original-width=\"131\" data-original-height=\"194\" > <div class=\"tiled-gallery-item tiled-gallery-item-small\" itemprop=\"associatedMedia\" itemscope itemtype=\"http:\/\/schema.org\/ImageObject\"> <a href=\"https:\/\/www.jazzzeitung.de\/cms\/2017\/12\/marius-nesets-circle-of-chimes-in-der-unterfahrt\/peter-eldh-foto-tj-krebs-jazzphotoagencyweb-de\/\" border=\"0\" itemprop=\"url\"> <meta itemprop=\"width\" content=\"127\"> <meta itemprop=\"height\" content=\"190\"> <img decoding=\"async\" class=\"\" data-attachment-id=\"14530\" data-orig-file=\"https:\/\/www.jazzzeitung.de\/cms\/wp-content\/uploads\/2017\/12\/Peter-Eldh-Foto-TJ-Krebs-jazzphotoagency@web.de_.jpg\" data-orig-size=\"1200,1800\" data-comments-opened=\"1\" data-image-meta=\"{&quot;aperture&quot;:&quot;0&quot;,&quot;credit&quot;:&quot;&quot;,&quot;camera&quot;:&quot;&quot;,&quot;caption&quot;:&quot;&quot;,&quot;created_timestamp&quot;:&quot;0&quot;,&quot;copyright&quot;:&quot;&quot;,&quot;focal_length&quot;:&quot;0&quot;,&quot;iso&quot;:&quot;0&quot;,&quot;shutter_speed&quot;:&quot;0&quot;,&quot;title&quot;:&quot;&quot;,&quot;orientation&quot;:&quot;0&quot;}\" data-image-title=\"Peter Eldh &amp;#8211; Foto TJ Krebs jazzphotoagency@web.de\" data-image-description=\"\" data-medium-file=\"https:\/\/i0.wp.com\/www.jazzzeitung.de\/cms\/wp-content\/uploads\/2017\/12\/Peter-Eldh-Foto-TJ-Krebs-jazzphotoagency%40web.de_.jpg?fit=200%2C300&#038;ssl=1\" data-large-file=\"https:\/\/i0.wp.com\/www.jazzzeitung.de\/cms\/wp-content\/uploads\/2017\/12\/Peter-Eldh-Foto-TJ-Krebs-jazzphotoagency%40web.de_.jpg?fit=400%2C600&#038;ssl=1\" src=\"https:\/\/i0.wp.com\/www.jazzzeitung.de\/cms\/wp-content\/uploads\/2017\/12\/Peter-Eldh-Foto-TJ-Krebs-jazzphotoagency%40web.de_.jpg?w=127&#038;h=190&#038;ssl=1\" width=\"127\" height=\"190\" loading=\"lazy\" data-original-width=\"127\" data-original-height=\"190\" itemprop=\"http:\/\/schema.org\/image\" title=\"Peter Eldh - Foto TJ Krebs jazzphotoagency@web.de\" alt=\"Peter Eldh - Foto TJ Krebs jazzphotoagency@web.de\" style=\"width: 127px; height: 190px;\" \/> <\/a> <\/div> <\/div> <!-- close group --> <\/div> <!-- close row --> <\/div>\n<p>Fotos &amp; Text: Thomas J. Krebs<\/p>\n<p>&nbsp;<\/p>\n","protected":false},"excerpt":{"rendered":"<p>\u201eBefore the storm\u201c &#8211; so betitelt Thomas J. Krebs seine Fotostrecke, die er w\u00e4hrend der Proben des Marius Neset Quintetts aufgenommen hat.\u00a0Ungest\u00fcm und kraftvoll war dann auch das vom Publikum bejubelte Konzert im Jazzclub Unterfahrt, bei der die Band ihr aktuelles, beim Label ACT, ver\u00f6ffentlichtes Album \u201eCircle of Chimes\u201c vorstellte. Das Miteinander der Musiker, eine relaxte Stimmung, Jokes, Ausprobieren und den Sound im Club checken &#8211; eine ganz eigene Stimmung, die letztlich alles \u00fcber die Musiker selbst, die Band und ihr Zusammenspiel sagt.\u00a0Es geh\u00f6rt Vertrauen und gleichzeitig Zur\u00fcckhaltung dazu Musiker zu bewegen, sich bei den Proben fotografieren zu lassen. Ohne Absprache vorab geht hier nat\u00fcrlich nichts, und die Kunst sich im Hintergrund zu halten, er\u00f6ffnet dann immer wieder neue Perspektiven &#8211; stimmungsm\u00e4\u00dfig wie fotografisch \u2026 eben \u201ebefore the storm\u201c. Fotos &amp; Text: Thomas J. Krebs &nbsp;<\/p>\n","protected":false},"author":35,"featured_media":14525,"comment_status":"open","ping_status":"closed","sticky":false,"template":"","format":"standard","meta":{"_jetpack_memberships_contains_paid_content":false,"footnotes":"","jetpack_publicize_message":"","jetpack_publicize_feature_enabled":true,"jetpack_social_post_already_shared":false,"jetpack_social_options":{"image_generator_settings":{"template":"highway","default_image_id":0,"font":"","enabled":false},"version":2}},"categories":[652],"tags":[29,34,809,322,339,1158,1260,963],"coauthors":[1602],"class_list":["post-14506","post","type-post","status-publish","format-standard","has-post-thumbnail","hentry","category-galerie","tag-act","tag-album","tag-jazzclub-unterfahrt","tag-konzert-2","tag-label","tag-marius-neset","tag-thomas-j-krebs","tag-unterfahrt-muenchen"],"yoast_head":"<!-- This site is optimized with the Yoast SEO plugin v27.5 - https:\/\/yoast.com\/product\/yoast-seo-wordpress\/ -->\n<title>Marius Nesets \u201eCircle of Chimes\u201c in der Unterfahrt - JazzZeitung<\/title>\n<meta name=\"robots\" content=\"index, follow, max-snippet:-1, max-image-preview:large, max-video-preview:-1\" \/>\n<link rel=\"canonical\" href=\"https:\/\/www.jazzzeitung.de\/cms\/2017\/12\/marius-nesets-circle-of-chimes-in-der-unterfahrt\/\" \/>\n<meta property=\"og:locale\" content=\"de_DE\" \/>\n<meta property=\"og:type\" content=\"article\" \/>\n<meta property=\"og:title\" content=\"Marius Nesets \u201eCircle of Chimes\u201c in der Unterfahrt - JazzZeitung\" \/>\n<meta property=\"og:description\" content=\"\u201eBefore the storm\u201c &#8211; so betitelt Thomas J. Krebs seine Fotostrecke, die er w\u00e4hrend der Proben des Marius Neset Quintetts aufgenommen hat.\u00a0Ungest\u00fcm und kraftvoll war dann auch das vom Publikum bejubelte Konzert im Jazzclub Unterfahrt, bei der die Band ihr aktuelles, beim Label ACT, ver\u00f6ffentlichtes Album \u201eCircle of Chimes\u201c vorstellte. Das Miteinander der Musiker, eine relaxte Stimmung, Jokes, Ausprobieren und den Sound im Club checken &#8211; eine ganz eigene Stimmung, die letztlich alles \u00fcber die Musiker selbst, die Band und ihr Zusammenspiel sagt.\u00a0Es geh\u00f6rt Vertrauen und gleichzeitig Zur\u00fcckhaltung dazu Musiker zu bewegen, sich bei den Proben fotografieren zu lassen. Ohne Absprache vorab geht hier nat\u00fcrlich nichts, und die Kunst sich im Hintergrund zu halten, er\u00f6ffnet dann immer wieder neue Perspektiven &#8211; stimmungsm\u00e4\u00dfig wie fotografisch \u2026 eben \u201ebefore the storm\u201c. Fotos &amp; Text: Thomas J. Krebs &nbsp;\" \/>\n<meta property=\"og:url\" content=\"https:\/\/www.jazzzeitung.de\/cms\/2017\/12\/marius-nesets-circle-of-chimes-in-der-unterfahrt\/\" \/>\n<meta property=\"og:site_name\" content=\"JazzZeitung\" \/>\n<meta property=\"article:publisher\" content=\"https:\/\/www.facebook.com\/JazzZeitung\/\" \/>\n<meta property=\"article:published_time\" content=\"2017-12-12T13:13:05+00:00\" \/>\n<meta property=\"article:modified_time\" content=\"2017-12-12T13:55:46+00:00\" \/>\n<meta property=\"og:image\" content=\"https:\/\/i0.wp.com\/www.jazzzeitung.de\/cms\/wp-content\/uploads\/2017\/12\/Marius-Neset-Foto-TJ-Krebs-jazzphotoagency@web.de_.jpg?fit=1800%2C1200&ssl=1\" \/>\n\t<meta property=\"og:image:width\" content=\"1800\" \/>\n\t<meta property=\"og:image:height\" content=\"1200\" \/>\n\t<meta property=\"og:image:type\" content=\"image\/jpeg\" \/>\n<meta name=\"author\" content=\"Thomas J. Krebs\" \/>\n<script type=\"application\/ld+json\" class=\"yoast-schema-graph\">{\"@context\":\"https:\\\/\\\/schema.org\",\"@graph\":[{\"@type\":\"Article\",\"@id\":\"https:\\\/\\\/www.jazzzeitung.de\\\/cms\\\/2017\\\/12\\\/marius-nesets-circle-of-chimes-in-der-unterfahrt\\\/#article\",\"isPartOf\":{\"@id\":\"https:\\\/\\\/www.jazzzeitung.de\\\/cms\\\/2017\\\/12\\\/marius-nesets-circle-of-chimes-in-der-unterfahrt\\\/\"},\"author\":{\"name\":\"Thomas J. Krebs\",\"@id\":\"https:\\\/\\\/www.jazzzeitung.de\\\/cms\\\/#\\\/schema\\\/person\\\/ba94c5bbea92d014d6a3d1f0105daa18\"},\"headline\":\"Marius Nesets \u201eCircle of Chimes\u201c in der Unterfahrt\",\"datePublished\":\"2017-12-12T13:13:05+00:00\",\"dateModified\":\"2017-12-12T13:55:46+00:00\",\"mainEntityOfPage\":{\"@id\":\"https:\\\/\\\/www.jazzzeitung.de\\\/cms\\\/2017\\\/12\\\/marius-nesets-circle-of-chimes-in-der-unterfahrt\\\/\"},\"wordCount\":155,\"commentCount\":0,\"publisher\":{\"@id\":\"https:\\\/\\\/www.jazzzeitung.de\\\/cms\\\/#organization\"},\"image\":{\"@id\":\"https:\\\/\\\/www.jazzzeitung.de\\\/cms\\\/2017\\\/12\\\/marius-nesets-circle-of-chimes-in-der-unterfahrt\\\/#primaryimage\"},\"thumbnailUrl\":\"https:\\\/\\\/i0.wp.com\\\/www.jazzzeitung.de\\\/cms\\\/wp-content\\\/uploads\\\/2017\\\/12\\\/Marius-Neset-Foto-TJ-Krebs-jazzphotoagency%40web.de_.jpg?fit=1800%2C1200&ssl=1\",\"keywords\":[\"act\",\"Album\",\"Jazzclub Unterfahrt\",\"Konzert\",\"Label\",\"Marius Neset\",\"Thomas J. Krebs\",\"Unterfahrt M\u00fcnchen\"],\"articleSection\":[\"Galerie\"],\"inLanguage\":\"de\",\"potentialAction\":[{\"@type\":\"CommentAction\",\"name\":\"Comment\",\"target\":[\"https:\\\/\\\/www.jazzzeitung.de\\\/cms\\\/2017\\\/12\\\/marius-nesets-circle-of-chimes-in-der-unterfahrt\\\/#respond\"]}]},{\"@type\":\"WebPage\",\"@id\":\"https:\\\/\\\/www.jazzzeitung.de\\\/cms\\\/2017\\\/12\\\/marius-nesets-circle-of-chimes-in-der-unterfahrt\\\/\",\"url\":\"https:\\\/\\\/www.jazzzeitung.de\\\/cms\\\/2017\\\/12\\\/marius-nesets-circle-of-chimes-in-der-unterfahrt\\\/\",\"name\":\"Marius Nesets \u201eCircle of Chimes\u201c in der Unterfahrt - JazzZeitung\",\"isPartOf\":{\"@id\":\"https:\\\/\\\/www.jazzzeitung.de\\\/cms\\\/#website\"},\"primaryImageOfPage\":{\"@id\":\"https:\\\/\\\/www.jazzzeitung.de\\\/cms\\\/2017\\\/12\\\/marius-nesets-circle-of-chimes-in-der-unterfahrt\\\/#primaryimage\"},\"image\":{\"@id\":\"https:\\\/\\\/www.jazzzeitung.de\\\/cms\\\/2017\\\/12\\\/marius-nesets-circle-of-chimes-in-der-unterfahrt\\\/#primaryimage\"},\"thumbnailUrl\":\"https:\\\/\\\/i0.wp.com\\\/www.jazzzeitung.de\\\/cms\\\/wp-content\\\/uploads\\\/2017\\\/12\\\/Marius-Neset-Foto-TJ-Krebs-jazzphotoagency%40web.de_.jpg?fit=1800%2C1200&ssl=1\",\"datePublished\":\"2017-12-12T13:13:05+00:00\",\"dateModified\":\"2017-12-12T13:55:46+00:00\",\"breadcrumb\":{\"@id\":\"https:\\\/\\\/www.jazzzeitung.de\\\/cms\\\/2017\\\/12\\\/marius-nesets-circle-of-chimes-in-der-unterfahrt\\\/#breadcrumb\"},\"inLanguage\":\"de\",\"potentialAction\":[{\"@type\":\"ReadAction\",\"target\":[\"https:\\\/\\\/www.jazzzeitung.de\\\/cms\\\/2017\\\/12\\\/marius-nesets-circle-of-chimes-in-der-unterfahrt\\\/\"]}]},{\"@type\":\"ImageObject\",\"inLanguage\":\"de\",\"@id\":\"https:\\\/\\\/www.jazzzeitung.de\\\/cms\\\/2017\\\/12\\\/marius-nesets-circle-of-chimes-in-der-unterfahrt\\\/#primaryimage\",\"url\":\"https:\\\/\\\/i0.wp.com\\\/www.jazzzeitung.de\\\/cms\\\/wp-content\\\/uploads\\\/2017\\\/12\\\/Marius-Neset-Foto-TJ-Krebs-jazzphotoagency%40web.de_.jpg?fit=1800%2C1200&ssl=1\",\"contentUrl\":\"https:\\\/\\\/i0.wp.com\\\/www.jazzzeitung.de\\\/cms\\\/wp-content\\\/uploads\\\/2017\\\/12\\\/Marius-Neset-Foto-TJ-Krebs-jazzphotoagency%40web.de_.jpg?fit=1800%2C1200&ssl=1\",\"width\":1800,\"height\":1200},{\"@type\":\"BreadcrumbList\",\"@id\":\"https:\\\/\\\/www.jazzzeitung.de\\\/cms\\\/2017\\\/12\\\/marius-nesets-circle-of-chimes-in-der-unterfahrt\\\/#breadcrumb\",\"itemListElement\":[{\"@type\":\"ListItem\",\"position\":1,\"name\":\"Startseite\",\"item\":\"https:\\\/\\\/www.jazzzeitung.de\\\/cms\\\/\"},{\"@type\":\"ListItem\",\"position\":2,\"name\":\"Marius Nesets \u201eCircle of Chimes\u201c in der Unterfahrt\"}]},{\"@type\":\"WebSite\",\"@id\":\"https:\\\/\\\/www.jazzzeitung.de\\\/cms\\\/#website\",\"url\":\"https:\\\/\\\/www.jazzzeitung.de\\\/cms\\\/\",\"name\":\"JazzZeitung\",\"description\":\"Jazz-News und Jazz-Kontroverses\",\"publisher\":{\"@id\":\"https:\\\/\\\/www.jazzzeitung.de\\\/cms\\\/#organization\"},\"potentialAction\":[{\"@type\":\"SearchAction\",\"target\":{\"@type\":\"EntryPoint\",\"urlTemplate\":\"https:\\\/\\\/www.jazzzeitung.de\\\/cms\\\/?s={search_term_string}\"},\"query-input\":{\"@type\":\"PropertyValueSpecification\",\"valueRequired\":true,\"valueName\":\"search_term_string\"}}],\"inLanguage\":\"de\"},{\"@type\":\"Organization\",\"@id\":\"https:\\\/\\\/www.jazzzeitung.de\\\/cms\\\/#organization\",\"name\":\"JazzZeitung online\",\"url\":\"https:\\\/\\\/www.jazzzeitung.de\\\/cms\\\/\",\"logo\":{\"@type\":\"ImageObject\",\"inLanguage\":\"de\",\"@id\":\"https:\\\/\\\/www.jazzzeitung.de\\\/cms\\\/#\\\/schema\\\/logo\\\/image\\\/\",\"url\":\"https:\\\/\\\/i0.wp.com\\\/www.jazzzeitung.de\\\/cms\\\/wp-content\\\/uploads\\\/2015\\\/08\\\/JAZZZEITUNGDE_Logo_Neu.png?fit=499%2C200&ssl=1\",\"contentUrl\":\"https:\\\/\\\/i0.wp.com\\\/www.jazzzeitung.de\\\/cms\\\/wp-content\\\/uploads\\\/2015\\\/08\\\/JAZZZEITUNGDE_Logo_Neu.png?fit=499%2C200&ssl=1\",\"width\":499,\"height\":200,\"caption\":\"JazzZeitung online\"},\"image\":{\"@id\":\"https:\\\/\\\/www.jazzzeitung.de\\\/cms\\\/#\\\/schema\\\/logo\\\/image\\\/\"},\"sameAs\":[\"https:\\\/\\\/www.facebook.com\\\/JazzZeitung\\\/\"]},{\"@type\":\"Person\",\"@id\":\"https:\\\/\\\/www.jazzzeitung.de\\\/cms\\\/#\\\/schema\\\/person\\\/ba94c5bbea92d014d6a3d1f0105daa18\",\"name\":\"Thomas J. Krebs\",\"image\":{\"@type\":\"ImageObject\",\"inLanguage\":\"de\",\"@id\":\"https:\\\/\\\/secure.gravatar.com\\\/avatar\\\/e362b221c114fbcde56be31a2eacbbab541308e5bf72f20d4519b16cdeb5c667?s=96&d=wp_user_avatar&r=ga12b8f4e2750c9ca30f9e22cab2177c6\",\"url\":\"https:\\\/\\\/secure.gravatar.com\\\/avatar\\\/e362b221c114fbcde56be31a2eacbbab541308e5bf72f20d4519b16cdeb5c667?s=96&d=wp_user_avatar&r=g\",\"contentUrl\":\"https:\\\/\\\/secure.gravatar.com\\\/avatar\\\/e362b221c114fbcde56be31a2eacbbab541308e5bf72f20d4519b16cdeb5c667?s=96&d=wp_user_avatar&r=g\",\"caption\":\"Thomas J. Krebs\"},\"url\":\"https:\\\/\\\/www.jazzzeitung.de\\\/cms\\\/author\\\/krebs\\\/\"}]}<\/script>\n<!-- \/ Yoast SEO plugin. -->","yoast_head_json":{"title":"Marius Nesets \u201eCircle of Chimes\u201c in der Unterfahrt - JazzZeitung","robots":{"index":"index","follow":"follow","max-snippet":"max-snippet:-1","max-image-preview":"max-image-preview:large","max-video-preview":"max-video-preview:-1"},"canonical":"https:\/\/www.jazzzeitung.de\/cms\/2017\/12\/marius-nesets-circle-of-chimes-in-der-unterfahrt\/","og_locale":"de_DE","og_type":"article","og_title":"Marius Nesets \u201eCircle of Chimes\u201c in der Unterfahrt - JazzZeitung","og_description":"\u201eBefore the storm\u201c &#8211; so betitelt Thomas J. Krebs seine Fotostrecke, die er w\u00e4hrend der Proben des Marius Neset Quintetts aufgenommen hat.\u00a0Ungest\u00fcm und kraftvoll war dann auch das vom Publikum bejubelte Konzert im Jazzclub Unterfahrt, bei der die Band ihr aktuelles, beim Label ACT, ver\u00f6ffentlichtes Album \u201eCircle of Chimes\u201c vorstellte. Das Miteinander der Musiker, eine relaxte Stimmung, Jokes, Ausprobieren und den Sound im Club checken &#8211; eine ganz eigene Stimmung, die letztlich alles \u00fcber die Musiker selbst, die Band und ihr Zusammenspiel sagt.\u00a0Es geh\u00f6rt Vertrauen und gleichzeitig Zur\u00fcckhaltung dazu Musiker zu bewegen, sich bei den Proben fotografieren zu lassen. Ohne Absprache vorab geht hier nat\u00fcrlich nichts, und die Kunst sich im Hintergrund zu halten, er\u00f6ffnet dann immer wieder neue Perspektiven &#8211; stimmungsm\u00e4\u00dfig wie fotografisch \u2026 eben \u201ebefore the storm\u201c. Fotos &amp; Text: Thomas J. Krebs &nbsp;","og_url":"https:\/\/www.jazzzeitung.de\/cms\/2017\/12\/marius-nesets-circle-of-chimes-in-der-unterfahrt\/","og_site_name":"JazzZeitung","article_publisher":"https:\/\/www.facebook.com\/JazzZeitung\/","article_published_time":"2017-12-12T13:13:05+00:00","article_modified_time":"2017-12-12T13:55:46+00:00","og_image":[{"width":1800,"height":1200,"url":"https:\/\/i0.wp.com\/www.jazzzeitung.de\/cms\/wp-content\/uploads\/2017\/12\/Marius-Neset-Foto-TJ-Krebs-jazzphotoagency@web.de_.jpg?fit=1800%2C1200&ssl=1","type":"image\/jpeg"}],"author":"Thomas J. Krebs","schema":{"@context":"https:\/\/schema.org","@graph":[{"@type":"Article","@id":"https:\/\/www.jazzzeitung.de\/cms\/2017\/12\/marius-nesets-circle-of-chimes-in-der-unterfahrt\/#article","isPartOf":{"@id":"https:\/\/www.jazzzeitung.de\/cms\/2017\/12\/marius-nesets-circle-of-chimes-in-der-unterfahrt\/"},"author":{"name":"Thomas J. Krebs","@id":"https:\/\/www.jazzzeitung.de\/cms\/#\/schema\/person\/ba94c5bbea92d014d6a3d1f0105daa18"},"headline":"Marius Nesets \u201eCircle of Chimes\u201c in der Unterfahrt","datePublished":"2017-12-12T13:13:05+00:00","dateModified":"2017-12-12T13:55:46+00:00","mainEntityOfPage":{"@id":"https:\/\/www.jazzzeitung.de\/cms\/2017\/12\/marius-nesets-circle-of-chimes-in-der-unterfahrt\/"},"wordCount":155,"commentCount":0,"publisher":{"@id":"https:\/\/www.jazzzeitung.de\/cms\/#organization"},"image":{"@id":"https:\/\/www.jazzzeitung.de\/cms\/2017\/12\/marius-nesets-circle-of-chimes-in-der-unterfahrt\/#primaryimage"},"thumbnailUrl":"https:\/\/i0.wp.com\/www.jazzzeitung.de\/cms\/wp-content\/uploads\/2017\/12\/Marius-Neset-Foto-TJ-Krebs-jazzphotoagency%40web.de_.jpg?fit=1800%2C1200&ssl=1","keywords":["act","Album","Jazzclub Unterfahrt","Konzert","Label","Marius Neset","Thomas J. Krebs","Unterfahrt M\u00fcnchen"],"articleSection":["Galerie"],"inLanguage":"de","potentialAction":[{"@type":"CommentAction","name":"Comment","target":["https:\/\/www.jazzzeitung.de\/cms\/2017\/12\/marius-nesets-circle-of-chimes-in-der-unterfahrt\/#respond"]}]},{"@type":"WebPage","@id":"https:\/\/www.jazzzeitung.de\/cms\/2017\/12\/marius-nesets-circle-of-chimes-in-der-unterfahrt\/","url":"https:\/\/www.jazzzeitung.de\/cms\/2017\/12\/marius-nesets-circle-of-chimes-in-der-unterfahrt\/","name":"Marius Nesets \u201eCircle of Chimes\u201c in der Unterfahrt - JazzZeitung","isPartOf":{"@id":"https:\/\/www.jazzzeitung.de\/cms\/#website"},"primaryImageOfPage":{"@id":"https:\/\/www.jazzzeitung.de\/cms\/2017\/12\/marius-nesets-circle-of-chimes-in-der-unterfahrt\/#primaryimage"},"image":{"@id":"https:\/\/www.jazzzeitung.de\/cms\/2017\/12\/marius-nesets-circle-of-chimes-in-der-unterfahrt\/#primaryimage"},"thumbnailUrl":"https:\/\/i0.wp.com\/www.jazzzeitung.de\/cms\/wp-content\/uploads\/2017\/12\/Marius-Neset-Foto-TJ-Krebs-jazzphotoagency%40web.de_.jpg?fit=1800%2C1200&ssl=1","datePublished":"2017-12-12T13:13:05+00:00","dateModified":"2017-12-12T13:55:46+00:00","breadcrumb":{"@id":"https:\/\/www.jazzzeitung.de\/cms\/2017\/12\/marius-nesets-circle-of-chimes-in-der-unterfahrt\/#breadcrumb"},"inLanguage":"de","potentialAction":[{"@type":"ReadAction","target":["https:\/\/www.jazzzeitung.de\/cms\/2017\/12\/marius-nesets-circle-of-chimes-in-der-unterfahrt\/"]}]},{"@type":"ImageObject","inLanguage":"de","@id":"https:\/\/www.jazzzeitung.de\/cms\/2017\/12\/marius-nesets-circle-of-chimes-in-der-unterfahrt\/#primaryimage","url":"https:\/\/i0.wp.com\/www.jazzzeitung.de\/cms\/wp-content\/uploads\/2017\/12\/Marius-Neset-Foto-TJ-Krebs-jazzphotoagency%40web.de_.jpg?fit=1800%2C1200&ssl=1","contentUrl":"https:\/\/i0.wp.com\/www.jazzzeitung.de\/cms\/wp-content\/uploads\/2017\/12\/Marius-Neset-Foto-TJ-Krebs-jazzphotoagency%40web.de_.jpg?fit=1800%2C1200&ssl=1","width":1800,"height":1200},{"@type":"BreadcrumbList","@id":"https:\/\/www.jazzzeitung.de\/cms\/2017\/12\/marius-nesets-circle-of-chimes-in-der-unterfahrt\/#breadcrumb","itemListElement":[{"@type":"ListItem","position":1,"name":"Startseite","item":"https:\/\/www.jazzzeitung.de\/cms\/"},{"@type":"ListItem","position":2,"name":"Marius Nesets \u201eCircle of Chimes\u201c in der Unterfahrt"}]},{"@type":"WebSite","@id":"https:\/\/www.jazzzeitung.de\/cms\/#website","url":"https:\/\/www.jazzzeitung.de\/cms\/","name":"JazzZeitung","description":"Jazz-News und Jazz-Kontroverses","publisher":{"@id":"https:\/\/www.jazzzeitung.de\/cms\/#organization"},"potentialAction":[{"@type":"SearchAction","target":{"@type":"EntryPoint","urlTemplate":"https:\/\/www.jazzzeitung.de\/cms\/?s={search_term_string}"},"query-input":{"@type":"PropertyValueSpecification","valueRequired":true,"valueName":"search_term_string"}}],"inLanguage":"de"},{"@type":"Organization","@id":"https:\/\/www.jazzzeitung.de\/cms\/#organization","name":"JazzZeitung online","url":"https:\/\/www.jazzzeitung.de\/cms\/","logo":{"@type":"ImageObject","inLanguage":"de","@id":"https:\/\/www.jazzzeitung.de\/cms\/#\/schema\/logo\/image\/","url":"https:\/\/i0.wp.com\/www.jazzzeitung.de\/cms\/wp-content\/uploads\/2015\/08\/JAZZZEITUNGDE_Logo_Neu.png?fit=499%2C200&ssl=1","contentUrl":"https:\/\/i0.wp.com\/www.jazzzeitung.de\/cms\/wp-content\/uploads\/2015\/08\/JAZZZEITUNGDE_Logo_Neu.png?fit=499%2C200&ssl=1","width":499,"height":200,"caption":"JazzZeitung online"},"image":{"@id":"https:\/\/www.jazzzeitung.de\/cms\/#\/schema\/logo\/image\/"},"sameAs":["https:\/\/www.facebook.com\/JazzZeitung\/"]},{"@type":"Person","@id":"https:\/\/www.jazzzeitung.de\/cms\/#\/schema\/person\/ba94c5bbea92d014d6a3d1f0105daa18","name":"Thomas J. Krebs","image":{"@type":"ImageObject","inLanguage":"de","@id":"https:\/\/secure.gravatar.com\/avatar\/e362b221c114fbcde56be31a2eacbbab541308e5bf72f20d4519b16cdeb5c667?s=96&d=wp_user_avatar&r=ga12b8f4e2750c9ca30f9e22cab2177c6","url":"https:\/\/secure.gravatar.com\/avatar\/e362b221c114fbcde56be31a2eacbbab541308e5bf72f20d4519b16cdeb5c667?s=96&d=wp_user_avatar&r=g","contentUrl":"https:\/\/secure.gravatar.com\/avatar\/e362b221c114fbcde56be31a2eacbbab541308e5bf72f20d4519b16cdeb5c667?s=96&d=wp_user_avatar&r=g","caption":"Thomas J. Krebs"},"url":"https:\/\/www.jazzzeitung.de\/cms\/author\/krebs\/"}]}},"wp-worthy-pixel":{"ignored":true,"public":null,"server":null,"url":null},"wp-worthy-type":"normal","jetpack_publicize_connections":[],"cc_featured_image_caption":{"caption_text":"","source_text":"","source_url":""},"jetpack_featured_media_url":"https:\/\/i0.wp.com\/www.jazzzeitung.de\/cms\/wp-content\/uploads\/2017\/12\/Marius-Neset-Foto-TJ-Krebs-jazzphotoagency%40web.de_.jpg?fit=1800%2C1200&ssl=1","jetpack_shortlink":"https:\/\/wp.me\/p3KEcT-3LY","jetpack-related-posts":[{"id":30610,"url":"https:\/\/www.jazzzeitung.de\/cms\/2024\/02\/gelungene-alternative-zur-faschingswoche-im-jazzclub-unterfahrt\/","url_meta":{"origin":14506,"position":0},"title":"Gelungene Alternative zur Faschingswoche im Jazzclub Unterfahrt","author":"Thomas J. Krebs","date":"15. Februar 2024","format":false,"excerpt":"Der Fasching hat in M\u00fcnchen eine lange Tradition. Zwischen Weiberfasching und Faschingsdienstag steht die Metropole Kopf, unz\u00e4hlige Veranstaltungen locken \u201eN\u00e4rrinnen und Narrhalesen\". Wer dem bunten Treiben und Trubel entgehen will, dem bieten sich eine Vielzahl an Alternativen: zum Beispiel Fasching feiern mit abgefahrenen Jazzkonzerten im M\u00fcnchner Jazzclub Unterfahrt. An Weiberfasching\u2026","rel":"","context":"In &quot;Bericht&quot;","block_context":{"text":"Bericht","link":"https:\/\/www.jazzzeitung.de\/cms\/thema\/bericht\/"},"img":{"alt_text":"","src":"https:\/\/i0.wp.com\/www.jazzzeitung.de\/cms\/wp-content\/uploads\/2024\/02\/P2824904-Nilssen-Trio-Foto-TJ-Krebs.jpg?fit=1200%2C800&ssl=1&resize=350%2C200","width":350,"height":200,"srcset":"https:\/\/i0.wp.com\/www.jazzzeitung.de\/cms\/wp-content\/uploads\/2024\/02\/P2824904-Nilssen-Trio-Foto-TJ-Krebs.jpg?fit=1200%2C800&ssl=1&resize=350%2C200 1x, https:\/\/i0.wp.com\/www.jazzzeitung.de\/cms\/wp-content\/uploads\/2024\/02\/P2824904-Nilssen-Trio-Foto-TJ-Krebs.jpg?fit=1200%2C800&ssl=1&resize=525%2C300 1.5x, https:\/\/i0.wp.com\/www.jazzzeitung.de\/cms\/wp-content\/uploads\/2024\/02\/P2824904-Nilssen-Trio-Foto-TJ-Krebs.jpg?fit=1200%2C800&ssl=1&resize=700%2C400 2x, https:\/\/i0.wp.com\/www.jazzzeitung.de\/cms\/wp-content\/uploads\/2024\/02\/P2824904-Nilssen-Trio-Foto-TJ-Krebs.jpg?fit=1200%2C800&ssl=1&resize=1050%2C600 3x"},"classes":[]},{"id":14958,"url":"https:\/\/www.jazzzeitung.de\/cms\/2018\/02\/cd-rezension-und-konzert-tipp-chris-gall-trio-cosmic-playground\/","url_meta":{"origin":14506,"position":1},"title":"CD-Rezension und Konzert-Tipp: Chris Gall Trio &#8211; Cosmic Playground","author":"Thomas J. Krebs","date":"2. Februar 2018","format":false,"excerpt":"\u201eCosmic Playgrund\u201d, die neue Trio CD des Pianisten Chris Gall, ist auf eine besondere Weise eine \u201efamily affair\u201d, begleitet am Schlagzeug von seinem j\u00fcngeren Bruder Peter Gall (der bereits an den ersten Vorg\u00e4ngeralben mitbeteiligt war) und dem M\u00fcnchner Ausnahmebassisten Henning Sieverts. Die drei kennen sich seit Jahren, musizieren und arbeiten\u2026","rel":"","context":"In &quot;News&quot;","block_context":{"text":"News","link":"https:\/\/www.jazzzeitung.de\/cms\/thema\/nachrichten\/"},"img":{"alt_text":"","src":"https:\/\/i0.wp.com\/www.jazzzeitung.de\/cms\/wp-content\/uploads\/2018\/01\/CD-Cover-Cosmic-playground.jpg?fit=1200%2C1200&ssl=1&resize=350%2C200","width":350,"height":200,"srcset":"https:\/\/i0.wp.com\/www.jazzzeitung.de\/cms\/wp-content\/uploads\/2018\/01\/CD-Cover-Cosmic-playground.jpg?fit=1200%2C1200&ssl=1&resize=350%2C200 1x, https:\/\/i0.wp.com\/www.jazzzeitung.de\/cms\/wp-content\/uploads\/2018\/01\/CD-Cover-Cosmic-playground.jpg?fit=1200%2C1200&ssl=1&resize=525%2C300 1.5x, https:\/\/i0.wp.com\/www.jazzzeitung.de\/cms\/wp-content\/uploads\/2018\/01\/CD-Cover-Cosmic-playground.jpg?fit=1200%2C1200&ssl=1&resize=700%2C400 2x, https:\/\/i0.wp.com\/www.jazzzeitung.de\/cms\/wp-content\/uploads\/2018\/01\/CD-Cover-Cosmic-playground.jpg?fit=1200%2C1200&ssl=1&resize=1050%2C600 3x"},"classes":[]},{"id":22481,"url":"https:\/\/www.jazzzeitung.de\/cms\/2020\/05\/local-heroes-live-stream-konzertreihe-aus-dem-jazzclub-unterfahrt\/","url_meta":{"origin":14506,"position":2},"title":"\u201eLocal Heroes\u201c: Live-Stream Konzertreihe aus dem Jazzclub Unterfahrt","author":"Thomas J. Krebs","date":"6. Mai 2020","format":false,"excerpt":"Auf den ersten Blick scheint alles normal zu sein, die 31 Stufen hinunter in den Keller des M\u00fcnchner Kulturzentrum Einstein, den langgezogenen Gang entlang zum Jazzclub Unterfahrt, aber dann - kein Licht am Ende des Tunnels! Alles ist dunkel und auch am Eingang des Clubs leere Plakatrahmen. Beim Betreten der\u2026","rel":"","context":"In &quot;Bericht&quot;","block_context":{"text":"Bericht","link":"https:\/\/www.jazzzeitung.de\/cms\/thema\/bericht\/"},"img":{"alt_text":"","src":"https:\/\/i0.wp.com\/www.jazzzeitung.de\/cms\/wp-content\/uploads\/2020\/05\/Br%C3%A4ndle-Schwager-May-Foto-TJ-Krebs.jpg?fit=1200%2C675&ssl=1&resize=350%2C200","width":350,"height":200,"srcset":"https:\/\/i0.wp.com\/www.jazzzeitung.de\/cms\/wp-content\/uploads\/2020\/05\/Br%C3%A4ndle-Schwager-May-Foto-TJ-Krebs.jpg?fit=1200%2C675&ssl=1&resize=350%2C200 1x, https:\/\/i0.wp.com\/www.jazzzeitung.de\/cms\/wp-content\/uploads\/2020\/05\/Br%C3%A4ndle-Schwager-May-Foto-TJ-Krebs.jpg?fit=1200%2C675&ssl=1&resize=525%2C300 1.5x, https:\/\/i0.wp.com\/www.jazzzeitung.de\/cms\/wp-content\/uploads\/2020\/05\/Br%C3%A4ndle-Schwager-May-Foto-TJ-Krebs.jpg?fit=1200%2C675&ssl=1&resize=700%2C400 2x, https:\/\/i0.wp.com\/www.jazzzeitung.de\/cms\/wp-content\/uploads\/2020\/05\/Br%C3%A4ndle-Schwager-May-Foto-TJ-Krebs.jpg?fit=1200%2C675&ssl=1&resize=1050%2C600 3x"},"classes":[]},{"id":24170,"url":"https:\/\/www.jazzzeitung.de\/cms\/2021\/01\/maik-krahl-quartett-mit-seinem-programm-fraction-live-im-jazzclub-unterfahrt\/","url_meta":{"origin":14506,"position":3},"title":"Maik Krahl Quartett mit seinem Programm Fraction live im Jazzclub Unterfahrt\u00a0","author":"Thomas J. Krebs","date":"16. Januar 2021","format":false,"excerpt":"Der K\u00f6lner Trompeter Maik Krahl hat sich im Laufe der letzten Jahre in der Jazz-Szene etabliert und sein Ruf als Trompeter der neuen wilden Generation eilt ihm bereits voraus. Mit der aktuellen CD \u201eFRACTION\u201c, erschienen auf dem holl\u00e4ndischen Challenge Label, f\u00fchrt er seinen kompositorischen Ansatz konsequent fort, wobei das Album\u2026","rel":"","context":"In &quot;Bericht&quot;","block_context":{"text":"Bericht","link":"https:\/\/www.jazzzeitung.de\/cms\/thema\/bericht\/"},"img":{"alt_text":"","src":"https:\/\/i0.wp.com\/www.jazzzeitung.de\/cms\/wp-content\/uploads\/2021\/01\/P2028180-Lutz-Krahl-Foto-TJ-Krebs.jpg?fit=800%2C533&ssl=1&resize=350%2C200","width":350,"height":200,"srcset":"https:\/\/i0.wp.com\/www.jazzzeitung.de\/cms\/wp-content\/uploads\/2021\/01\/P2028180-Lutz-Krahl-Foto-TJ-Krebs.jpg?fit=800%2C533&ssl=1&resize=350%2C200 1x, https:\/\/i0.wp.com\/www.jazzzeitung.de\/cms\/wp-content\/uploads\/2021\/01\/P2028180-Lutz-Krahl-Foto-TJ-Krebs.jpg?fit=800%2C533&ssl=1&resize=525%2C300 1.5x, https:\/\/i0.wp.com\/www.jazzzeitung.de\/cms\/wp-content\/uploads\/2021\/01\/P2028180-Lutz-Krahl-Foto-TJ-Krebs.jpg?fit=800%2C533&ssl=1&resize=700%2C400 2x"},"classes":[]},{"id":27395,"url":"https:\/\/www.jazzzeitung.de\/cms\/2022\/05\/ghost-note-wieder-in-der-unterfahrt-eine-bilderstrecke\/","url_meta":{"origin":14506,"position":4},"title":"&#8222;Ghost Note&#8220; wieder in der Unterfahrt &#8211; eine Bilderstrecke","author":"Thomas J. Krebs","date":"25. Mai 2022","format":false,"excerpt":"Fotograf Thomas J. Krebs war nach 2018 wieder bei dem sensationellen Konzert der Band \"Ghost Note\" aus den USA im Jazzclub Unterfahrt dabei. Danke f\u00fcr die Fotos. Den Artikel von damals finden Sie hier.","rel":"","context":"In &quot;Galerie&quot;","block_context":{"text":"Galerie","link":"https:\/\/www.jazzzeitung.de\/cms\/thema\/galerie\/"},"img":{"alt_text":"","src":"https:\/\/i0.wp.com\/www.jazzzeitung.de\/cms\/wp-content\/uploads\/2022\/05\/P1835791-Searight-MonoNeon-neu-Foto-TJ-Krebs.jpg?fit=1200%2C800&ssl=1&resize=350%2C200","width":350,"height":200,"srcset":"https:\/\/i0.wp.com\/www.jazzzeitung.de\/cms\/wp-content\/uploads\/2022\/05\/P1835791-Searight-MonoNeon-neu-Foto-TJ-Krebs.jpg?fit=1200%2C800&ssl=1&resize=350%2C200 1x, https:\/\/i0.wp.com\/www.jazzzeitung.de\/cms\/wp-content\/uploads\/2022\/05\/P1835791-Searight-MonoNeon-neu-Foto-TJ-Krebs.jpg?fit=1200%2C800&ssl=1&resize=525%2C300 1.5x, https:\/\/i0.wp.com\/www.jazzzeitung.de\/cms\/wp-content\/uploads\/2022\/05\/P1835791-Searight-MonoNeon-neu-Foto-TJ-Krebs.jpg?fit=1200%2C800&ssl=1&resize=700%2C400 2x, https:\/\/i0.wp.com\/www.jazzzeitung.de\/cms\/wp-content\/uploads\/2022\/05\/P1835791-Searight-MonoNeon-neu-Foto-TJ-Krebs.jpg?fit=1200%2C800&ssl=1&resize=1050%2C600 3x"},"classes":[]},{"id":26744,"url":"https:\/\/www.jazzzeitung.de\/cms\/2022\/02\/das-gilad-hekselman-trio-zu-gast-im-jazzclub-unterfahrt\/","url_meta":{"origin":14506,"position":5},"title":"Das Gilad Hekselman Trio zu Gast im Jazzclub Unterfahrt","author":"Redaktion JazzZeitung","date":"18. Februar 2022","format":false,"excerpt":"Was f\u00fcr ein Abend! Endlich wieder richtig Stimmung mit einer internationalen Band im ausverkauften Club. Ausverkauft, das hei\u00dft zurzeit gut hundert Besucher, zwar mit Masken am Platz, aber nichtsdestotrotz ausgelassen, gespannt und guter Laune. Das Gilad Hekselman Trio spielte am vergangenen Dienstag im Jazzclub Unterfahrt. Kaum ein anderer Gitarrist hat\u2026","rel":"","context":"In &quot;News&quot;","block_context":{"text":"News","link":"https:\/\/www.jazzzeitung.de\/cms\/thema\/nachrichten\/"},"img":{"alt_text":"","src":"https:\/\/i0.wp.com\/www.jazzzeitung.de\/cms\/wp-content\/uploads\/2022\/02\/P1622769-Hekselman-Trio-Foto-TJ-Krebs.jpg?fit=1200%2C800&ssl=1&resize=350%2C200","width":350,"height":200,"srcset":"https:\/\/i0.wp.com\/www.jazzzeitung.de\/cms\/wp-content\/uploads\/2022\/02\/P1622769-Hekselman-Trio-Foto-TJ-Krebs.jpg?fit=1200%2C800&ssl=1&resize=350%2C200 1x, https:\/\/i0.wp.com\/www.jazzzeitung.de\/cms\/wp-content\/uploads\/2022\/02\/P1622769-Hekselman-Trio-Foto-TJ-Krebs.jpg?fit=1200%2C800&ssl=1&resize=525%2C300 1.5x, https:\/\/i0.wp.com\/www.jazzzeitung.de\/cms\/wp-content\/uploads\/2022\/02\/P1622769-Hekselman-Trio-Foto-TJ-Krebs.jpg?fit=1200%2C800&ssl=1&resize=700%2C400 2x, https:\/\/i0.wp.com\/www.jazzzeitung.de\/cms\/wp-content\/uploads\/2022\/02\/P1622769-Hekselman-Trio-Foto-TJ-Krebs.jpg?fit=1200%2C800&ssl=1&resize=1050%2C600 3x"},"classes":[]}],"jetpack_sharing_enabled":true,"_links":{"self":[{"href":"https:\/\/www.jazzzeitung.de\/cms\/wp-json\/wp\/v2\/posts\/14506","targetHints":{"allow":["GET"]}}],"collection":[{"href":"https:\/\/www.jazzzeitung.de\/cms\/wp-json\/wp\/v2\/posts"}],"about":[{"href":"https:\/\/www.jazzzeitung.de\/cms\/wp-json\/wp\/v2\/types\/post"}],"author":[{"embeddable":true,"href":"https:\/\/www.jazzzeitung.de\/cms\/wp-json\/wp\/v2\/users\/35"}],"replies":[{"embeddable":true,"href":"https:\/\/www.jazzzeitung.de\/cms\/wp-json\/wp\/v2\/comments?post=14506"}],"version-history":[{"count":3,"href":"https:\/\/www.jazzzeitung.de\/cms\/wp-json\/wp\/v2\/posts\/14506\/revisions"}],"predecessor-version":[{"id":14531,"href":"https:\/\/www.jazzzeitung.de\/cms\/wp-json\/wp\/v2\/posts\/14506\/revisions\/14531"}],"wp:featuredmedia":[{"embeddable":true,"href":"https:\/\/www.jazzzeitung.de\/cms\/wp-json\/wp\/v2\/media\/14525"}],"wp:attachment":[{"href":"https:\/\/www.jazzzeitung.de\/cms\/wp-json\/wp\/v2\/media?parent=14506"}],"wp:term":[{"taxonomy":"category","embeddable":true,"href":"https:\/\/www.jazzzeitung.de\/cms\/wp-json\/wp\/v2\/categories?post=14506"},{"taxonomy":"post_tag","embeddable":true,"href":"https:\/\/www.jazzzeitung.de\/cms\/wp-json\/wp\/v2\/tags?post=14506"},{"taxonomy":"author","embeddable":true,"href":"https:\/\/www.jazzzeitung.de\/cms\/wp-json\/wp\/v2\/coauthors?post=14506"}],"curies":[{"name":"wp","href":"https:\/\/api.w.org\/{rel}","templated":true}]}}