{"id":14488,"date":"2017-12-07T07:55:43","date_gmt":"2017-12-07T06:55:43","guid":{"rendered":"https:\/\/www.jazzzeitung.de\/cms\/?p=14488"},"modified":"2017-12-06T11:37:23","modified_gmt":"2017-12-06T10:37:23","slug":"turbulenzen-festival-fuer-aktuelle-interkulturelle-musik","status":"publish","type":"post","link":"https:\/\/www.jazzzeitung.de\/cms\/2017\/12\/turbulenzen-festival-fuer-aktuelle-interkulturelle-musik\/","title":{"rendered":"TURBULENZEN \u2013 Festival f\u00fcr aktuelle interkulturelle Musik"},"content":{"rendered":"<p><strong>08. bis<\/strong><strong> 10. Dezember 2017: <\/strong>Die Kulturen der Welt r\u00fccken n\u00e4her zusammen und vermischen sich \u2013 alte Strukturen werden aufgebrochen, Unbekanntes mit Bekanntem kombiniert, Neues geschaffen. Wie befruchtend und spannend diese globalen Entwicklungen f\u00fcr die Musik sein k\u00f6nnen, zeigt das Festival \u201eTurbulenzen\u201c im RADIALSYSTEM V.<\/p>\n<p>An drei Tagen pr\u00e4sentiert es die facettenreiche Arbeit von f\u00fcnf Ensembles, die sich der Verschmelzung und Kombination von europ\u00e4ischen und asiatischen Klangstrukturen verschrieben haben. Das <strong>Omnibus Ensemble<\/strong> (Usbekistan), <strong>The Six Tones<\/strong> (Vietnam\/Schweden) und das <strong>Ensemble Reconsil<\/strong> (\u00d6sterreich), das <strong>Ensemble Extrakte<\/strong> (Berlin) und das gastgebende <strong>AsianArt Ensemble<\/strong> (Berlin) wirbeln die vielf\u00e4ltigen Musikkulturen und Traditionen durcheinander \u2013 und sorgen f\u00fcr Turbulenzen im besten Sinne.<\/p>\n<p>In vier Einzelkonzerten, in denen ihre bisherige Arbeit und speziell f\u00fcr das Festival entwickelte Auftragskompositionen vorgestellt werden, geben sie einen \u00dcberblick \u00fcber ihre Besch\u00e4ftigung mit unterschiedlichen Musikkulturen. Begleitende Konzerteinf\u00fchrungen und das Symposium \u201eTurbulenzen \u2013 Neue Wurzeln f\u00fcr Neue Musik\u201c unter der Leitung von Prof. Sandeep Bhagwati bieten weiterf\u00fchrende Einblicke in das Thema der Interkulturalit\u00e4t in der Musik. Das englischsprachige Symposium hinterfragt kritisch den Eurozentrismus der Neuen Musik des 20. Jahrhunderts und lenkt den Fokus auf Konversationen zwischen verschiedensten Traditionen und Logiken sowie die vielf\u00e4ltigen Wurzeln, denen Neue Musik entspringen kann.<\/p>\n<p>Der Abschluss des Festivals ist zugleich der Beginn von etwas Neuem: die Gr\u00fcndung einer interkulturellen Gro\u00dfformation, zusammengestellt aus Mitgliedern aller beteiligten Ensembles. Mit ca. 20 Musikern und einem Instrumentarium aus China, Japan, Korea, Usbekistan, Europa und Vietnam bringt das neugegr\u00fcndete Ensemble EAPOS \u2013 EurAsian Pool Of Sound zum Festivalfinale Auftragskompositionen namhafter Komponisten zur Urauff\u00fchrung und legt damit den Grundstein f\u00fcr eine Weiterentwicklung dieser speziellen, kultur\u00fcbergreifenden Musik. Es wird turbulent!<\/p>\n<p><strong>Mit<\/strong>: AsianArt Ensemble, The Six Tones &amp; Ensemble Reconsil, Omnibus Ensemble, Ensemble Extrakte und EAPOS \u2013 EurAsian Pool of Sound<br \/>\n<strong>Leitung Symposium<\/strong>: Prof. Sandeep Bhagwati<br \/>\n<strong>K\u00fcnstlerische Leitung<\/strong>: Il-Ryun Chung<\/p>\n<p><em>E<\/em><em>i<\/em><em>ne<\/em> <em>P<\/em><em>r<\/em><em>oduk<\/em><em>ti<\/em><em>on<\/em> <em>von<\/em> <em>Agen<\/em><em>t<\/em><em>ur<\/em> <em>au<\/em><em>f<\/em><em>k<\/em><em>l<\/em><em>ang<\/em> <em>und<\/em> <em>As<\/em><em>i<\/em><em>anA<\/em><em>rt<\/em> <em>En<\/em><em>s<\/em><em>e<\/em><em>m<\/em><em>b<\/em><em>l<\/em><em>e<\/em> <em>Be<\/em><em>rli<\/em><em>n<\/em><em>.<\/em> <em>Ge<\/em><em>f<\/em><em>\u00f6<\/em><em>r<\/em><em>de<\/em><em>rt<\/em> <em>du<\/em><em>r<\/em><em>ch<\/em> <em>den<\/em> <em>H<\/em><em>aup<\/em><em>t<\/em><em>s<\/em><em>t<\/em><em>ad<\/em><em>t<\/em><em>ku<\/em><em>lt<\/em><em>u<\/em><em>rf<\/em><em>ond<\/em><em>s<\/em><em> und das Goethe Institut. In Zusammenarbeit mit matralab und Musik i Syd.<\/em><\/p>\n<p><strong>Th<\/strong><strong>e Six Tones <\/strong>ist in der Kernbesetzung ein Trio, bestehend aus den Instrumenten Dan Tranh (vietnamesische W\u00f6lbbrettzither), Dan Bao (vietnamesisches Monochord) und Gitarre sowie diversen anderen Zupfinstrumenten. Das Ensemble integriert Video und Live-Elektronik in ihren multimedialen Projekten, welche die Grenzen von Film, Musik, Tanz und Theater zerflie\u00dfen lassen. In Zusammenarbeit mit dem \u00f6sterreichischen <strong>Ensemble Reconsil <\/strong>unter der Leitung von Dirigent Roland Freisitzer wird beim Festival im RADIALSYSTEM V das St\u00fcck \u201eArrival Cities: Hanoi\u201c des Komponisten Kent Olofsson zur Auff\u00fchrung gebracht.<\/p>\n<p><span class=\"embed-youtube\" style=\"text-align:center; display: block;\"><iframe loading=\"lazy\" class=\"youtube-player\" width=\"840\" height=\"473\" src=\"https:\/\/www.youtube.com\/embed\/rWCTTQDnIpA?version=3&#038;rel=1&#038;showsearch=0&#038;showinfo=1&#038;iv_load_policy=1&#038;fs=1&#038;hl=de-DE&#038;autohide=2&#038;wmode=transparent\" allowfullscreen=\"true\" style=\"border:0;\" sandbox=\"allow-scripts allow-same-origin allow-popups allow-presentation allow-popups-to-escape-sandbox\"><\/iframe><\/span><\/p>\n<p>Das 2004 gegr\u00fcndete <strong>Omnibus Ensemble <\/strong>mit usbekischen und europ\u00e4ischen Instrumenten ist die einzige Formation in Zentralasien, die sich auf professioneller Ebene der Neuen Musik widmet und in \u00fcber 150 Konzerten zahlreiche einzigartige Werke ins Leben gerufen hat. In dem \u201eOmnibus Laboratorium \u201ewerden in Zusammenarbeit mit Komponisten neue Werke erprobt und experimentiert.<\/p>\n<p><iframe loading=\"lazy\" title=\"Mofakham Hommage A&#039;Abolhasan Saba\" src=\"https:\/\/player.vimeo.com\/video\/60930726?dnt=1&amp;app_id=122963\" width=\"840\" height=\"473\" frameborder=\"0\" allow=\"autoplay; fullscreen; picture-in-picture; clipboard-write\"><\/iframe><\/p>\n<p>Das Berliner <strong>Ensemble Extrakte <\/strong>besteht aus zehn Musikerinnen und Musikern aus China, Deutschland, Indien, Korea, Bulgarien, Syrien und den USA. Das Ensemble verk\u00f6rpert ein neuartiges Ensemblekonzept: Ausgehend von der Einsicht, dass wir in einer post-exotischen Zeit leben, in der sich musikalische Traditionen quer zu allen geographischen, ethnischen und ideologischen Ordnungen der Welt ausgebreitet haben, wollen die musikalischen Kosmopoliten des Ensemble Extrakte sowohl ihnen vertraute, wie auch ihnen fremde Musiktraditionen auf ihr musikalisches Potential hin befragen.<\/p>\n<p><iframe loading=\"lazy\" title=\"Ensemble Extrakte ( 13th Dec 2015 ) #5- Hark\" src=\"https:\/\/player.vimeo.com\/video\/172469258?dnt=1&amp;app_id=122963\" width=\"840\" height=\"473\" frameborder=\"0\" allow=\"autoplay; fullscreen; picture-in-picture; clipboard-write\"><\/iframe><\/p>\n<p>Bestehend aus Instrumenten aus China, Japan, Korea und Europa widmet sich das seit 2009 bestehende <strong>AsianArt Ensemble <\/strong>der Initiierung von Werken f\u00fcr diese weltweit einzigartige Kombination von Instrumenten und damit der Verschmelzung von vier verschiedenen Musikkulturen. Es ist auf der Suche nach neuen Perspektiven im Feld der aktuellen Musik fernab vom Mainstream der Neuen Musik aber auch von der sogenannten Weltmusik. Neben klassisch notierten Werken spielen konzipierte Gruppenimprovisationen eine wichtige Rolle in den Programmen des AsianArt Ensembles.<\/p>\n<p><span class=\"embed-youtube\" style=\"text-align:center; display: block;\"><iframe loading=\"lazy\" class=\"youtube-player\" width=\"840\" height=\"473\" src=\"https:\/\/www.youtube.com\/embed\/4A6x_Oke3CY?version=3&#038;rel=1&#038;showsearch=0&#038;showinfo=1&#038;iv_load_policy=1&#038;fs=1&#038;hl=de-DE&#038;autohide=2&#038;wmode=transparent\" allowfullscreen=\"true\" style=\"border:0;\" sandbox=\"allow-scripts allow-same-origin allow-popups allow-presentation allow-popups-to-escape-sandbox\"><\/iframe><\/span><\/p>\n<p><strong>Sandee<\/strong><strong>p Bhagwati <\/strong>ist Komponist, Theatermacher und Medienk\u00fcnstler. Er war u.a. Professor f\u00fcr Komposition und Multimedia an der Hochschule f\u00fcr Musik Karlsruhe, leitete das Hexagram-Concordia Centre for Research-Creation in Media Arts and Technologies und mehrere Festivals f\u00fcr Neue Musik. Er hat den f\u00fcr ihn geschaffenen Canada Research Chair for Inter-X Art an der Concordia University Montr\u00e9al inne, wo er als Direktor das von ihm gegr\u00fcndete matralab leitet. Seine Arbeit wurde mit zahlreichen Preisen und Stipendien ausgezeichnet, u.a. mit dem Europ\u00e4ischen Kompositionspreis der Akademie der K\u00fcnste Berlin und dem Ernst-von-Siemens F\u00f6rderpreis.<\/p>\n<p><strong>TURBULENZEN \u2013 Festival f\u00fcr aktuelle interkulturelle Musik<br \/>\n08. \u2013 10. Dezember 2017<br \/>\nOrt:<\/strong> RADIALSYSTEM V, Holzmarktstr. 33, 10243 Berlin<br \/>\n<strong>Reservierung:<\/strong>\u00a0<a href=\"http:\/\/www.radialsystem.de\">www.radialsystem.de<\/a> oder\u00a0030 \u2013 288 788 588<\/p>\n","protected":false},"excerpt":{"rendered":"<p>08. bis 10. Dezember 2017: Die Kulturen der Welt r\u00fccken n\u00e4her zusammen und vermischen sich \u2013 alte Strukturen werden aufgebrochen, Unbekanntes mit Bekanntem kombiniert, Neues geschaffen. Wie befruchtend und spannend diese globalen Entwicklungen f\u00fcr die Musik sein k\u00f6nnen, zeigt das Festival \u201eTurbulenzen\u201c im RADIALSYSTEM V. An drei Tagen pr\u00e4sentiert es die facettenreiche Arbeit von f\u00fcnf Ensembles, die sich der Verschmelzung und Kombination von europ\u00e4ischen und asiatischen Klangstrukturen verschrieben haben. Das Omnibus Ensemble (Usbekistan), The Six Tones (Vietnam\/Schweden) und das Ensemble Reconsil (\u00d6sterreich), das Ensemble Extrakte (Berlin) und das gastgebende AsianArt Ensemble (Berlin) wirbeln die vielf\u00e4ltigen Musikkulturen und Traditionen durcheinander \u2013 und sorgen f\u00fcr Turbulenzen im besten Sinne. In vier Einzelkonzerten, in denen ihre bisherige Arbeit und speziell f\u00fcr das Festival entwickelte Auftragskompositionen vorgestellt werden, geben sie einen \u00dcberblick \u00fcber ihre Besch\u00e4ftigung mit unterschiedlichen Musikkulturen. Begleitende Konzerteinf\u00fchrungen und das Symposium \u201eTurbulenzen \u2013 Neue Wurzeln f\u00fcr Neue Musik\u201c unter der Leitung von Prof. Sandeep Bhagwati bieten weiterf\u00fchrende Einblicke in das Thema der Interkulturalit\u00e4t in der Musik. Das englischsprachige Symposium hinterfragt kritisch den Eurozentrismus der Neuen Musik des 20. Jahrhunderts und lenkt den Fokus auf Konversationen zwischen verschiedensten &hellip;<\/p>\n","protected":false},"author":1,"featured_media":14489,"comment_status":"open","ping_status":"closed","sticky":false,"template":"","format":"standard","meta":{"_jetpack_memberships_contains_paid_content":false,"footnotes":"","jetpack_publicize_message":"","jetpack_publicize_feature_enabled":true,"jetpack_social_post_already_shared":false,"jetpack_social_options":{"image_generator_settings":{"template":"highway","default_image_id":0,"font":"","enabled":false},"version":2}},"categories":[633],"tags":[1837,66,1838,1840,1841,1839,1836],"coauthors":[650],"class_list":["post-14488","post","type-post","status-publish","format-standard","has-post-thumbnail","hentry","category-nachrichten","tag-asianart-ensemble","tag-berlin","tag-ensemble-extrakte","tag-ensemble-reconsil","tag-interkulturelle-musik","tag-omnibus-ensemble","tag-turbulenzen"],"yoast_head":"<!-- This site is optimized with the Yoast SEO plugin v27.5 - https:\/\/yoast.com\/product\/yoast-seo-wordpress\/ -->\n<title>TURBULENZEN \u2013 Festival f\u00fcr aktuelle interkulturelle Musik - JazzZeitung<\/title>\n<meta name=\"robots\" content=\"index, follow, max-snippet:-1, max-image-preview:large, max-video-preview:-1\" \/>\n<link rel=\"canonical\" href=\"https:\/\/www.jazzzeitung.de\/cms\/2017\/12\/turbulenzen-festival-fuer-aktuelle-interkulturelle-musik\/\" \/>\n<meta property=\"og:locale\" content=\"de_DE\" \/>\n<meta property=\"og:type\" content=\"article\" \/>\n<meta property=\"og:title\" content=\"TURBULENZEN \u2013 Festival f\u00fcr aktuelle interkulturelle Musik - JazzZeitung\" \/>\n<meta property=\"og:description\" content=\"08. bis 10. Dezember 2017: Die Kulturen der Welt r\u00fccken n\u00e4her zusammen und vermischen sich \u2013 alte Strukturen werden aufgebrochen, Unbekanntes mit Bekanntem kombiniert, Neues geschaffen. Wie befruchtend und spannend diese globalen Entwicklungen f\u00fcr die Musik sein k\u00f6nnen, zeigt das Festival \u201eTurbulenzen\u201c im RADIALSYSTEM V. An drei Tagen pr\u00e4sentiert es die facettenreiche Arbeit von f\u00fcnf Ensembles, die sich der Verschmelzung und Kombination von europ\u00e4ischen und asiatischen Klangstrukturen verschrieben haben. Das Omnibus Ensemble (Usbekistan), The Six Tones (Vietnam\/Schweden) und das Ensemble Reconsil (\u00d6sterreich), das Ensemble Extrakte (Berlin) und das gastgebende AsianArt Ensemble (Berlin) wirbeln die vielf\u00e4ltigen Musikkulturen und Traditionen durcheinander \u2013 und sorgen f\u00fcr Turbulenzen im besten Sinne. In vier Einzelkonzerten, in denen ihre bisherige Arbeit und speziell f\u00fcr das Festival entwickelte Auftragskompositionen vorgestellt werden, geben sie einen \u00dcberblick \u00fcber ihre Besch\u00e4ftigung mit unterschiedlichen Musikkulturen. Begleitende Konzerteinf\u00fchrungen und das Symposium \u201eTurbulenzen \u2013 Neue Wurzeln f\u00fcr Neue Musik\u201c unter der Leitung von Prof. Sandeep Bhagwati bieten weiterf\u00fchrende Einblicke in das Thema der Interkulturalit\u00e4t in der Musik. Das englischsprachige Symposium hinterfragt kritisch den Eurozentrismus der Neuen Musik des 20. Jahrhunderts und lenkt den Fokus auf Konversationen zwischen verschiedensten &hellip;\" \/>\n<meta property=\"og:url\" content=\"https:\/\/www.jazzzeitung.de\/cms\/2017\/12\/turbulenzen-festival-fuer-aktuelle-interkulturelle-musik\/\" \/>\n<meta property=\"og:site_name\" content=\"JazzZeitung\" \/>\n<meta property=\"article:publisher\" content=\"https:\/\/www.facebook.com\/JazzZeitung\/\" \/>\n<meta property=\"article:author\" content=\"https:\/\/www.facebook.com\/hufner\" \/>\n<meta property=\"article:published_time\" content=\"2017-12-07T06:55:43+00:00\" \/>\n<meta property=\"og:image\" content=\"https:\/\/i0.wp.com\/www.jazzzeitung.de\/cms\/wp-content\/uploads\/2017\/12\/The_Six_Tones_ArrivalCitiesHanoi1cPromo_Presse.jpeg?fit=1200%2C799&ssl=1\" \/>\n\t<meta property=\"og:image:width\" content=\"1200\" \/>\n\t<meta property=\"og:image:height\" content=\"799\" \/>\n\t<meta property=\"og:image:type\" content=\"image\/jpeg\" \/>\n<meta name=\"author\" content=\"Martin Hufner\" \/>\n<script type=\"application\/ld+json\" class=\"yoast-schema-graph\">{\"@context\":\"https:\\\/\\\/schema.org\",\"@graph\":[{\"@type\":\"Article\",\"@id\":\"https:\\\/\\\/www.jazzzeitung.de\\\/cms\\\/2017\\\/12\\\/turbulenzen-festival-fuer-aktuelle-interkulturelle-musik\\\/#article\",\"isPartOf\":{\"@id\":\"https:\\\/\\\/www.jazzzeitung.de\\\/cms\\\/2017\\\/12\\\/turbulenzen-festival-fuer-aktuelle-interkulturelle-musik\\\/\"},\"author\":{\"name\":\"Martin Hufner\",\"@id\":\"https:\\\/\\\/www.jazzzeitung.de\\\/cms\\\/#\\\/schema\\\/person\\\/b9a4e5ac765d94fb8f617bfa8f1fc5f7\"},\"headline\":\"TURBULENZEN \u2013 Festival f\u00fcr aktuelle interkulturelle Musik\",\"datePublished\":\"2017-12-07T06:55:43+00:00\",\"mainEntityOfPage\":{\"@id\":\"https:\\\/\\\/www.jazzzeitung.de\\\/cms\\\/2017\\\/12\\\/turbulenzen-festival-fuer-aktuelle-interkulturelle-musik\\\/\"},\"wordCount\":808,\"commentCount\":0,\"publisher\":{\"@id\":\"https:\\\/\\\/www.jazzzeitung.de\\\/cms\\\/#organization\"},\"image\":{\"@id\":\"https:\\\/\\\/www.jazzzeitung.de\\\/cms\\\/2017\\\/12\\\/turbulenzen-festival-fuer-aktuelle-interkulturelle-musik\\\/#primaryimage\"},\"thumbnailUrl\":\"https:\\\/\\\/i0.wp.com\\\/www.jazzzeitung.de\\\/cms\\\/wp-content\\\/uploads\\\/2017\\\/12\\\/The_Six_Tones_ArrivalCitiesHanoi1cPromo_Presse.jpeg?fit=1200%2C799&ssl=1\",\"keywords\":[\"AsianArt Ensemble\",\"Berlin\",\"Ensemble Extrakte\",\"Ensemble Reconsil\",\"Interkulturelle Musik\",\"Omnibus Ensemble\",\"Turbulenzen\"],\"articleSection\":[\"News\"],\"inLanguage\":\"de\",\"potentialAction\":[{\"@type\":\"CommentAction\",\"name\":\"Comment\",\"target\":[\"https:\\\/\\\/www.jazzzeitung.de\\\/cms\\\/2017\\\/12\\\/turbulenzen-festival-fuer-aktuelle-interkulturelle-musik\\\/#respond\"]}]},{\"@type\":\"WebPage\",\"@id\":\"https:\\\/\\\/www.jazzzeitung.de\\\/cms\\\/2017\\\/12\\\/turbulenzen-festival-fuer-aktuelle-interkulturelle-musik\\\/\",\"url\":\"https:\\\/\\\/www.jazzzeitung.de\\\/cms\\\/2017\\\/12\\\/turbulenzen-festival-fuer-aktuelle-interkulturelle-musik\\\/\",\"name\":\"TURBULENZEN \u2013 Festival f\u00fcr aktuelle interkulturelle Musik - JazzZeitung\",\"isPartOf\":{\"@id\":\"https:\\\/\\\/www.jazzzeitung.de\\\/cms\\\/#website\"},\"primaryImageOfPage\":{\"@id\":\"https:\\\/\\\/www.jazzzeitung.de\\\/cms\\\/2017\\\/12\\\/turbulenzen-festival-fuer-aktuelle-interkulturelle-musik\\\/#primaryimage\"},\"image\":{\"@id\":\"https:\\\/\\\/www.jazzzeitung.de\\\/cms\\\/2017\\\/12\\\/turbulenzen-festival-fuer-aktuelle-interkulturelle-musik\\\/#primaryimage\"},\"thumbnailUrl\":\"https:\\\/\\\/i0.wp.com\\\/www.jazzzeitung.de\\\/cms\\\/wp-content\\\/uploads\\\/2017\\\/12\\\/The_Six_Tones_ArrivalCitiesHanoi1cPromo_Presse.jpeg?fit=1200%2C799&ssl=1\",\"datePublished\":\"2017-12-07T06:55:43+00:00\",\"breadcrumb\":{\"@id\":\"https:\\\/\\\/www.jazzzeitung.de\\\/cms\\\/2017\\\/12\\\/turbulenzen-festival-fuer-aktuelle-interkulturelle-musik\\\/#breadcrumb\"},\"inLanguage\":\"de\",\"potentialAction\":[{\"@type\":\"ReadAction\",\"target\":[\"https:\\\/\\\/www.jazzzeitung.de\\\/cms\\\/2017\\\/12\\\/turbulenzen-festival-fuer-aktuelle-interkulturelle-musik\\\/\"]}]},{\"@type\":\"ImageObject\",\"inLanguage\":\"de\",\"@id\":\"https:\\\/\\\/www.jazzzeitung.de\\\/cms\\\/2017\\\/12\\\/turbulenzen-festival-fuer-aktuelle-interkulturelle-musik\\\/#primaryimage\",\"url\":\"https:\\\/\\\/i0.wp.com\\\/www.jazzzeitung.de\\\/cms\\\/wp-content\\\/uploads\\\/2017\\\/12\\\/The_Six_Tones_ArrivalCitiesHanoi1cPromo_Presse.jpeg?fit=1200%2C799&ssl=1\",\"contentUrl\":\"https:\\\/\\\/i0.wp.com\\\/www.jazzzeitung.de\\\/cms\\\/wp-content\\\/uploads\\\/2017\\\/12\\\/The_Six_Tones_ArrivalCitiesHanoi1cPromo_Presse.jpeg?fit=1200%2C799&ssl=1\",\"width\":1200,\"height\":799,\"caption\":\"The Six Tones (c) Promo Presse\"},{\"@type\":\"BreadcrumbList\",\"@id\":\"https:\\\/\\\/www.jazzzeitung.de\\\/cms\\\/2017\\\/12\\\/turbulenzen-festival-fuer-aktuelle-interkulturelle-musik\\\/#breadcrumb\",\"itemListElement\":[{\"@type\":\"ListItem\",\"position\":1,\"name\":\"Startseite\",\"item\":\"https:\\\/\\\/www.jazzzeitung.de\\\/cms\\\/\"},{\"@type\":\"ListItem\",\"position\":2,\"name\":\"TURBULENZEN \u2013 Festival f\u00fcr aktuelle interkulturelle Musik\"}]},{\"@type\":\"WebSite\",\"@id\":\"https:\\\/\\\/www.jazzzeitung.de\\\/cms\\\/#website\",\"url\":\"https:\\\/\\\/www.jazzzeitung.de\\\/cms\\\/\",\"name\":\"JazzZeitung\",\"description\":\"Jazz-News und Jazz-Kontroverses\",\"publisher\":{\"@id\":\"https:\\\/\\\/www.jazzzeitung.de\\\/cms\\\/#organization\"},\"potentialAction\":[{\"@type\":\"SearchAction\",\"target\":{\"@type\":\"EntryPoint\",\"urlTemplate\":\"https:\\\/\\\/www.jazzzeitung.de\\\/cms\\\/?s={search_term_string}\"},\"query-input\":{\"@type\":\"PropertyValueSpecification\",\"valueRequired\":true,\"valueName\":\"search_term_string\"}}],\"inLanguage\":\"de\"},{\"@type\":\"Organization\",\"@id\":\"https:\\\/\\\/www.jazzzeitung.de\\\/cms\\\/#organization\",\"name\":\"JazzZeitung online\",\"url\":\"https:\\\/\\\/www.jazzzeitung.de\\\/cms\\\/\",\"logo\":{\"@type\":\"ImageObject\",\"inLanguage\":\"de\",\"@id\":\"https:\\\/\\\/www.jazzzeitung.de\\\/cms\\\/#\\\/schema\\\/logo\\\/image\\\/\",\"url\":\"https:\\\/\\\/i0.wp.com\\\/www.jazzzeitung.de\\\/cms\\\/wp-content\\\/uploads\\\/2015\\\/08\\\/JAZZZEITUNGDE_Logo_Neu.png?fit=499%2C200&ssl=1\",\"contentUrl\":\"https:\\\/\\\/i0.wp.com\\\/www.jazzzeitung.de\\\/cms\\\/wp-content\\\/uploads\\\/2015\\\/08\\\/JAZZZEITUNGDE_Logo_Neu.png?fit=499%2C200&ssl=1\",\"width\":499,\"height\":200,\"caption\":\"JazzZeitung online\"},\"image\":{\"@id\":\"https:\\\/\\\/www.jazzzeitung.de\\\/cms\\\/#\\\/schema\\\/logo\\\/image\\\/\"},\"sameAs\":[\"https:\\\/\\\/www.facebook.com\\\/JazzZeitung\\\/\"]},{\"@type\":\"Person\",\"@id\":\"https:\\\/\\\/www.jazzzeitung.de\\\/cms\\\/#\\\/schema\\\/person\\\/b9a4e5ac765d94fb8f617bfa8f1fc5f7\",\"name\":\"Martin Hufner\",\"image\":{\"@type\":\"ImageObject\",\"inLanguage\":\"de\",\"@id\":\"https:\\\/\\\/i0.wp.com\\\/www.jazzzeitung.de\\\/cms\\\/wp-content\\\/uploads\\\/2013\\\/07\\\/huf-06.jpg?resize=96%2C96&ssl=15fcc31aa94540751a3b804516452be00\",\"url\":\"https:\\\/\\\/i0.wp.com\\\/www.jazzzeitung.de\\\/cms\\\/wp-content\\\/uploads\\\/2013\\\/07\\\/huf-06.jpg?resize=96%2C96&ssl=1\",\"contentUrl\":\"https:\\\/\\\/i0.wp.com\\\/www.jazzzeitung.de\\\/cms\\\/wp-content\\\/uploads\\\/2013\\\/07\\\/huf-06.jpg?resize=96%2C96&ssl=1\",\"caption\":\"Martin Hufner\"},\"description\":\"Martin Hufner ist freier Autor der JazzZeitung.\",\"sameAs\":[\"https:\\\/\\\/www.kritische-masse.de\\\/logbuch\",\"https:\\\/\\\/www.facebook.com\\\/hufner\"],\"url\":\"https:\\\/\\\/www.jazzzeitung.de\\\/cms\\\/author\\\/admin\\\/\"}]}<\/script>\n<!-- \/ Yoast SEO plugin. -->","yoast_head_json":{"title":"TURBULENZEN \u2013 Festival f\u00fcr aktuelle interkulturelle Musik - JazzZeitung","robots":{"index":"index","follow":"follow","max-snippet":"max-snippet:-1","max-image-preview":"max-image-preview:large","max-video-preview":"max-video-preview:-1"},"canonical":"https:\/\/www.jazzzeitung.de\/cms\/2017\/12\/turbulenzen-festival-fuer-aktuelle-interkulturelle-musik\/","og_locale":"de_DE","og_type":"article","og_title":"TURBULENZEN \u2013 Festival f\u00fcr aktuelle interkulturelle Musik - JazzZeitung","og_description":"08. bis 10. Dezember 2017: Die Kulturen der Welt r\u00fccken n\u00e4her zusammen und vermischen sich \u2013 alte Strukturen werden aufgebrochen, Unbekanntes mit Bekanntem kombiniert, Neues geschaffen. Wie befruchtend und spannend diese globalen Entwicklungen f\u00fcr die Musik sein k\u00f6nnen, zeigt das Festival \u201eTurbulenzen\u201c im RADIALSYSTEM V. An drei Tagen pr\u00e4sentiert es die facettenreiche Arbeit von f\u00fcnf Ensembles, die sich der Verschmelzung und Kombination von europ\u00e4ischen und asiatischen Klangstrukturen verschrieben haben. Das Omnibus Ensemble (Usbekistan), The Six Tones (Vietnam\/Schweden) und das Ensemble Reconsil (\u00d6sterreich), das Ensemble Extrakte (Berlin) und das gastgebende AsianArt Ensemble (Berlin) wirbeln die vielf\u00e4ltigen Musikkulturen und Traditionen durcheinander \u2013 und sorgen f\u00fcr Turbulenzen im besten Sinne. In vier Einzelkonzerten, in denen ihre bisherige Arbeit und speziell f\u00fcr das Festival entwickelte Auftragskompositionen vorgestellt werden, geben sie einen \u00dcberblick \u00fcber ihre Besch\u00e4ftigung mit unterschiedlichen Musikkulturen. Begleitende Konzerteinf\u00fchrungen und das Symposium \u201eTurbulenzen \u2013 Neue Wurzeln f\u00fcr Neue Musik\u201c unter der Leitung von Prof. Sandeep Bhagwati bieten weiterf\u00fchrende Einblicke in das Thema der Interkulturalit\u00e4t in der Musik. Das englischsprachige Symposium hinterfragt kritisch den Eurozentrismus der Neuen Musik des 20. Jahrhunderts und lenkt den Fokus auf Konversationen zwischen verschiedensten &hellip;","og_url":"https:\/\/www.jazzzeitung.de\/cms\/2017\/12\/turbulenzen-festival-fuer-aktuelle-interkulturelle-musik\/","og_site_name":"JazzZeitung","article_publisher":"https:\/\/www.facebook.com\/JazzZeitung\/","article_author":"https:\/\/www.facebook.com\/hufner","article_published_time":"2017-12-07T06:55:43+00:00","og_image":[{"width":1200,"height":799,"url":"https:\/\/i0.wp.com\/www.jazzzeitung.de\/cms\/wp-content\/uploads\/2017\/12\/The_Six_Tones_ArrivalCitiesHanoi1cPromo_Presse.jpeg?fit=1200%2C799&ssl=1","type":"image\/jpeg"}],"author":"Martin Hufner","schema":{"@context":"https:\/\/schema.org","@graph":[{"@type":"Article","@id":"https:\/\/www.jazzzeitung.de\/cms\/2017\/12\/turbulenzen-festival-fuer-aktuelle-interkulturelle-musik\/#article","isPartOf":{"@id":"https:\/\/www.jazzzeitung.de\/cms\/2017\/12\/turbulenzen-festival-fuer-aktuelle-interkulturelle-musik\/"},"author":{"name":"Martin Hufner","@id":"https:\/\/www.jazzzeitung.de\/cms\/#\/schema\/person\/b9a4e5ac765d94fb8f617bfa8f1fc5f7"},"headline":"TURBULENZEN \u2013 Festival f\u00fcr aktuelle interkulturelle Musik","datePublished":"2017-12-07T06:55:43+00:00","mainEntityOfPage":{"@id":"https:\/\/www.jazzzeitung.de\/cms\/2017\/12\/turbulenzen-festival-fuer-aktuelle-interkulturelle-musik\/"},"wordCount":808,"commentCount":0,"publisher":{"@id":"https:\/\/www.jazzzeitung.de\/cms\/#organization"},"image":{"@id":"https:\/\/www.jazzzeitung.de\/cms\/2017\/12\/turbulenzen-festival-fuer-aktuelle-interkulturelle-musik\/#primaryimage"},"thumbnailUrl":"https:\/\/i0.wp.com\/www.jazzzeitung.de\/cms\/wp-content\/uploads\/2017\/12\/The_Six_Tones_ArrivalCitiesHanoi1cPromo_Presse.jpeg?fit=1200%2C799&ssl=1","keywords":["AsianArt Ensemble","Berlin","Ensemble Extrakte","Ensemble Reconsil","Interkulturelle Musik","Omnibus Ensemble","Turbulenzen"],"articleSection":["News"],"inLanguage":"de","potentialAction":[{"@type":"CommentAction","name":"Comment","target":["https:\/\/www.jazzzeitung.de\/cms\/2017\/12\/turbulenzen-festival-fuer-aktuelle-interkulturelle-musik\/#respond"]}]},{"@type":"WebPage","@id":"https:\/\/www.jazzzeitung.de\/cms\/2017\/12\/turbulenzen-festival-fuer-aktuelle-interkulturelle-musik\/","url":"https:\/\/www.jazzzeitung.de\/cms\/2017\/12\/turbulenzen-festival-fuer-aktuelle-interkulturelle-musik\/","name":"TURBULENZEN \u2013 Festival f\u00fcr aktuelle interkulturelle Musik - JazzZeitung","isPartOf":{"@id":"https:\/\/www.jazzzeitung.de\/cms\/#website"},"primaryImageOfPage":{"@id":"https:\/\/www.jazzzeitung.de\/cms\/2017\/12\/turbulenzen-festival-fuer-aktuelle-interkulturelle-musik\/#primaryimage"},"image":{"@id":"https:\/\/www.jazzzeitung.de\/cms\/2017\/12\/turbulenzen-festival-fuer-aktuelle-interkulturelle-musik\/#primaryimage"},"thumbnailUrl":"https:\/\/i0.wp.com\/www.jazzzeitung.de\/cms\/wp-content\/uploads\/2017\/12\/The_Six_Tones_ArrivalCitiesHanoi1cPromo_Presse.jpeg?fit=1200%2C799&ssl=1","datePublished":"2017-12-07T06:55:43+00:00","breadcrumb":{"@id":"https:\/\/www.jazzzeitung.de\/cms\/2017\/12\/turbulenzen-festival-fuer-aktuelle-interkulturelle-musik\/#breadcrumb"},"inLanguage":"de","potentialAction":[{"@type":"ReadAction","target":["https:\/\/www.jazzzeitung.de\/cms\/2017\/12\/turbulenzen-festival-fuer-aktuelle-interkulturelle-musik\/"]}]},{"@type":"ImageObject","inLanguage":"de","@id":"https:\/\/www.jazzzeitung.de\/cms\/2017\/12\/turbulenzen-festival-fuer-aktuelle-interkulturelle-musik\/#primaryimage","url":"https:\/\/i0.wp.com\/www.jazzzeitung.de\/cms\/wp-content\/uploads\/2017\/12\/The_Six_Tones_ArrivalCitiesHanoi1cPromo_Presse.jpeg?fit=1200%2C799&ssl=1","contentUrl":"https:\/\/i0.wp.com\/www.jazzzeitung.de\/cms\/wp-content\/uploads\/2017\/12\/The_Six_Tones_ArrivalCitiesHanoi1cPromo_Presse.jpeg?fit=1200%2C799&ssl=1","width":1200,"height":799,"caption":"The Six Tones (c) Promo Presse"},{"@type":"BreadcrumbList","@id":"https:\/\/www.jazzzeitung.de\/cms\/2017\/12\/turbulenzen-festival-fuer-aktuelle-interkulturelle-musik\/#breadcrumb","itemListElement":[{"@type":"ListItem","position":1,"name":"Startseite","item":"https:\/\/www.jazzzeitung.de\/cms\/"},{"@type":"ListItem","position":2,"name":"TURBULENZEN \u2013 Festival f\u00fcr aktuelle interkulturelle Musik"}]},{"@type":"WebSite","@id":"https:\/\/www.jazzzeitung.de\/cms\/#website","url":"https:\/\/www.jazzzeitung.de\/cms\/","name":"JazzZeitung","description":"Jazz-News und Jazz-Kontroverses","publisher":{"@id":"https:\/\/www.jazzzeitung.de\/cms\/#organization"},"potentialAction":[{"@type":"SearchAction","target":{"@type":"EntryPoint","urlTemplate":"https:\/\/www.jazzzeitung.de\/cms\/?s={search_term_string}"},"query-input":{"@type":"PropertyValueSpecification","valueRequired":true,"valueName":"search_term_string"}}],"inLanguage":"de"},{"@type":"Organization","@id":"https:\/\/www.jazzzeitung.de\/cms\/#organization","name":"JazzZeitung online","url":"https:\/\/www.jazzzeitung.de\/cms\/","logo":{"@type":"ImageObject","inLanguage":"de","@id":"https:\/\/www.jazzzeitung.de\/cms\/#\/schema\/logo\/image\/","url":"https:\/\/i0.wp.com\/www.jazzzeitung.de\/cms\/wp-content\/uploads\/2015\/08\/JAZZZEITUNGDE_Logo_Neu.png?fit=499%2C200&ssl=1","contentUrl":"https:\/\/i0.wp.com\/www.jazzzeitung.de\/cms\/wp-content\/uploads\/2015\/08\/JAZZZEITUNGDE_Logo_Neu.png?fit=499%2C200&ssl=1","width":499,"height":200,"caption":"JazzZeitung online"},"image":{"@id":"https:\/\/www.jazzzeitung.de\/cms\/#\/schema\/logo\/image\/"},"sameAs":["https:\/\/www.facebook.com\/JazzZeitung\/"]},{"@type":"Person","@id":"https:\/\/www.jazzzeitung.de\/cms\/#\/schema\/person\/b9a4e5ac765d94fb8f617bfa8f1fc5f7","name":"Martin Hufner","image":{"@type":"ImageObject","inLanguage":"de","@id":"https:\/\/i0.wp.com\/www.jazzzeitung.de\/cms\/wp-content\/uploads\/2013\/07\/huf-06.jpg?resize=96%2C96&ssl=15fcc31aa94540751a3b804516452be00","url":"https:\/\/i0.wp.com\/www.jazzzeitung.de\/cms\/wp-content\/uploads\/2013\/07\/huf-06.jpg?resize=96%2C96&ssl=1","contentUrl":"https:\/\/i0.wp.com\/www.jazzzeitung.de\/cms\/wp-content\/uploads\/2013\/07\/huf-06.jpg?resize=96%2C96&ssl=1","caption":"Martin Hufner"},"description":"Martin Hufner ist freier Autor der JazzZeitung.","sameAs":["https:\/\/www.kritische-masse.de\/logbuch","https:\/\/www.facebook.com\/hufner"],"url":"https:\/\/www.jazzzeitung.de\/cms\/author\/admin\/"}]}},"wp-worthy-pixel":{"ignored":false,"public":null,"server":null,"url":null},"wp-worthy-type":"normal","jetpack_publicize_connections":[],"cc_featured_image_caption":{"caption_text":"The Six Tones. ","source_text":"\u00a9 Promo Presse","source_url":""},"jetpack_featured_media_url":"https:\/\/i0.wp.com\/www.jazzzeitung.de\/cms\/wp-content\/uploads\/2017\/12\/The_Six_Tones_ArrivalCitiesHanoi1cPromo_Presse.jpeg?fit=1200%2C799&ssl=1","jetpack_shortlink":"https:\/\/wp.me\/p3KEcT-3LG","jetpack-related-posts":[{"id":17681,"url":"https:\/\/www.jazzzeitung.de\/cms\/2018\/11\/jazzfest-berlin-2018-tag-2-friday-blast\/","url_meta":{"origin":14488,"position":0},"title":"Jazzfest Berlin 2018 | Tag 2 | Friday Blast","author":"Martin Hufner","date":"3. November 2018","format":false,"excerpt":"In diesem Jahr hat das Jazzfest Berlin jeden Tag mit einem Motto versehen. Der Freitag stand dabei unter dem Motto \u201eFriday Blast\u201c. Voller Stoff also, Durchl\u00fcften! Man kann manches zum aktuellen Jazzfest sagen, ausgewogen ist es jedenfalls nicht. Und das ist gut so. Denn es beweist so n\u00f6tige Kompromisslosigkeit in\u2026","rel":"","context":"In &quot;Blog&quot;","block_context":{"text":"Blog","link":"https:\/\/www.jazzzeitung.de\/cms\/thema\/blog\/"},"img":{"alt_text":"Irreversible Entanglements (USA) \u2013 \u00a9 HuPe-kollektiv","src":"https:\/\/i0.wp.com\/www.jazzzeitung.de\/cms\/wp-content\/uploads\/2018\/11\/Jazzfest2018-Irreversible-Entanglements20180001-13.jpg?fit=1200%2C800&ssl=1&resize=350%2C200","width":350,"height":200,"srcset":"https:\/\/i0.wp.com\/www.jazzzeitung.de\/cms\/wp-content\/uploads\/2018\/11\/Jazzfest2018-Irreversible-Entanglements20180001-13.jpg?fit=1200%2C800&ssl=1&resize=350%2C200 1x, https:\/\/i0.wp.com\/www.jazzzeitung.de\/cms\/wp-content\/uploads\/2018\/11\/Jazzfest2018-Irreversible-Entanglements20180001-13.jpg?fit=1200%2C800&ssl=1&resize=525%2C300 1.5x, https:\/\/i0.wp.com\/www.jazzzeitung.de\/cms\/wp-content\/uploads\/2018\/11\/Jazzfest2018-Irreversible-Entanglements20180001-13.jpg?fit=1200%2C800&ssl=1&resize=700%2C400 2x, https:\/\/i0.wp.com\/www.jazzzeitung.de\/cms\/wp-content\/uploads\/2018\/11\/Jazzfest2018-Irreversible-Entanglements20180001-13.jpg?fit=1200%2C800&ssl=1&resize=1050%2C600 3x"},"classes":[]},{"id":13616,"url":"https:\/\/www.jazzzeitung.de\/cms\/2017\/09\/news-avantgarde-jazz-bei-cresc-2017\/","url_meta":{"origin":14488,"position":1},"title":"Avantgarde-Jazz bei &#8222;cresc&#8230; 2017&#8220; +++","author":"Redaktion JazzZeitung","date":"28. September 2017","format":false,"excerpt":"Die vierte Ausgabe des internationalen Musikfestivals \u201ecresc\u2026 Biennale f\u00fcr Moderne Musik Frankfurt Rhein Main\u201c pr\u00e4sentiert von Mittwoch, 22., bis Sonntag, 26. November, unter dem Motto \u201eTransit\u201c Ensemble- und Orchestermusik, Avantgarde-Jazz, Musiktheater, Tanz- und Musikperformances sowie ein Podiumsgespr\u00e4ch und einen Roundtable. Der Vorverkauf f\u00fcr die 14 Veranstaltungen startet am Samstag, 1.\u2026","rel":"","context":"In &quot;News&quot;","block_context":{"text":"News","link":"https:\/\/www.jazzzeitung.de\/cms\/thema\/nachrichten\/"},"img":{"alt_text":"Transit","src":"https:\/\/i0.wp.com\/www.jazzzeitung.de\/cms\/wp-content\/uploads\/2017\/09\/TRANSIT_c-slecnep_durch-die-Mitte.jpg?fit=1200%2C1200&ssl=1&resize=350%2C200","width":350,"height":200,"srcset":"https:\/\/i0.wp.com\/www.jazzzeitung.de\/cms\/wp-content\/uploads\/2017\/09\/TRANSIT_c-slecnep_durch-die-Mitte.jpg?fit=1200%2C1200&ssl=1&resize=350%2C200 1x, https:\/\/i0.wp.com\/www.jazzzeitung.de\/cms\/wp-content\/uploads\/2017\/09\/TRANSIT_c-slecnep_durch-die-Mitte.jpg?fit=1200%2C1200&ssl=1&resize=525%2C300 1.5x, https:\/\/i0.wp.com\/www.jazzzeitung.de\/cms\/wp-content\/uploads\/2017\/09\/TRANSIT_c-slecnep_durch-die-Mitte.jpg?fit=1200%2C1200&ssl=1&resize=700%2C400 2x, https:\/\/i0.wp.com\/www.jazzzeitung.de\/cms\/wp-content\/uploads\/2017\/09\/TRANSIT_c-slecnep_durch-die-Mitte.jpg?fit=1200%2C1200&ssl=1&resize=1050%2C600 3x"},"classes":[]},{"id":16279,"url":"https:\/\/www.jazzzeitung.de\/cms\/2018\/06\/1-jazzavantgardeschuelerfestival-in-muenchen\/","url_meta":{"origin":14488,"position":2},"title":"1. Jazz\u2013Avantgarde\u2013Sch\u00fcler\u2013Festival in M\u00fcnchen","author":"Redaktion JazzZeitung","date":"9. Juni 2018","format":false,"excerpt":"Im 20. Jahr seines Bestehens geht das ICI-Ensemble (International Composers and Improvisers Ensemble Munich)\u00a0 neue Wege und mischt sich in die Jazz-P\u00e4dagogik ein. Gemeinsam mit der Big Band des Pestalozzi Gymnasiums und der Little Big Band des Feodor-Lynen-Gymnasiums gestaltet das ICI-Ensemble im Anschluss an einen Workshop-Tag im Theater HochX in\u2026","rel":"","context":"In &quot;News&quot;","block_context":{"text":"News","link":"https:\/\/www.jazzzeitung.de\/cms\/thema\/nachrichten\/"},"img":{"alt_text":"","src":"https:\/\/i0.wp.com\/www.jazzzeitung.de\/cms\/wp-content\/uploads\/2018\/06\/Jazz_Avantgarde.png?fit=1200%2C946&ssl=1&resize=350%2C200","width":350,"height":200,"srcset":"https:\/\/i0.wp.com\/www.jazzzeitung.de\/cms\/wp-content\/uploads\/2018\/06\/Jazz_Avantgarde.png?fit=1200%2C946&ssl=1&resize=350%2C200 1x, https:\/\/i0.wp.com\/www.jazzzeitung.de\/cms\/wp-content\/uploads\/2018\/06\/Jazz_Avantgarde.png?fit=1200%2C946&ssl=1&resize=525%2C300 1.5x, https:\/\/i0.wp.com\/www.jazzzeitung.de\/cms\/wp-content\/uploads\/2018\/06\/Jazz_Avantgarde.png?fit=1200%2C946&ssl=1&resize=700%2C400 2x, https:\/\/i0.wp.com\/www.jazzzeitung.de\/cms\/wp-content\/uploads\/2018\/06\/Jazz_Avantgarde.png?fit=1200%2C946&ssl=1&resize=1050%2C600 3x"},"classes":[]},{"id":6922,"url":"https:\/\/www.jazzzeitung.de\/cms\/2015\/08\/1-festival-fuer-improvisierte-musik-augsburg\/","url_meta":{"origin":14488,"position":3},"title":"1. Festival f\u00fcr Improvisierte Musik Augsburg","author":"Redaktion JazzZeitung","date":"31. August 2015","format":false,"excerpt":"Am 2. und 3. Oktober 2015 wird je ab 20.30 Uhr im Hoffmannkeller in Augsburg das erste Festival f\u00fcr Improvisierte Musik stattfinden. In Augsburg arbeiten mehr Gruppen und Einzelmusiker auf der Basis der Improvisation, also jener Kunst ohne Werk, wie sie der britische Gitarrist Derek Bailey nannte, als man annehmen\u2026","rel":"","context":"In &quot;News&quot;","block_context":{"text":"News","link":"https:\/\/www.jazzzeitung.de\/cms\/thema\/nachrichten\/"},"img":{"alt_text":"Das AJE Kollektiv wird den Freitag Abend er\u00f6ffnen.","src":"https:\/\/i0.wp.com\/www.jazzzeitung.de\/cms\/wp-content\/uploads\/2015\/08\/AJE-Kollektiv-615x600.jpg?resize=350%2C200","width":350,"height":200,"srcset":"https:\/\/i0.wp.com\/www.jazzzeitung.de\/cms\/wp-content\/uploads\/2015\/08\/AJE-Kollektiv-615x600.jpg?resize=350%2C200 1x, https:\/\/i0.wp.com\/www.jazzzeitung.de\/cms\/wp-content\/uploads\/2015\/08\/AJE-Kollektiv-615x600.jpg?resize=525%2C300 1.5x"},"classes":[]},{"id":31810,"url":"https:\/\/www.jazzzeitung.de\/cms\/2024\/10\/cimbiosis-trio-und-ligeti-ensemble-mit-responses-to-ligeti\/","url_meta":{"origin":14488,"position":4},"title":"Cimbiosis Trio und Ligeti Ensemble mit &#8222;Responses to Ligeti&#8220;","author":"Redaktion JazzZeitung","date":"21. Oktober 2024","format":false,"excerpt":"(Von Mathias B\u00e4umel) Das Budapester Musikzentrum mit dem dazugeh\u00f6rigen CD-Label BMC Records nahm den 100. Geburtstag Gy\u00f6rgy Ligetis zum Anlass, ein in dieser Art wohl einmaliges Klangwerk entstehen zu lassen, das mit zwei Kammermusik-Gruppierungen \u2013 dem Ligeti Ensemble und dem Mikl\u00f3s Luk\u00e1cs Cimbiosis Trio \u2013 beim \u201eLigeti 100 Festival\u201c im\u2026","rel":"","context":"In &quot;Rezension&quot;","block_context":{"text":"Rezension","link":"https:\/\/www.jazzzeitung.de\/cms\/thema\/rezension\/"},"img":{"alt_text":"","src":"https:\/\/i0.wp.com\/www.jazzzeitung.de\/cms\/wp-content\/uploads\/2024\/10\/ligeti_box.jpg?fit=1133%2C1000&ssl=1&resize=350%2C200","width":350,"height":200,"srcset":"https:\/\/i0.wp.com\/www.jazzzeitung.de\/cms\/wp-content\/uploads\/2024\/10\/ligeti_box.jpg?fit=1133%2C1000&ssl=1&resize=350%2C200 1x, https:\/\/i0.wp.com\/www.jazzzeitung.de\/cms\/wp-content\/uploads\/2024\/10\/ligeti_box.jpg?fit=1133%2C1000&ssl=1&resize=525%2C300 1.5x, https:\/\/i0.wp.com\/www.jazzzeitung.de\/cms\/wp-content\/uploads\/2024\/10\/ligeti_box.jpg?fit=1133%2C1000&ssl=1&resize=700%2C400 2x, https:\/\/i0.wp.com\/www.jazzzeitung.de\/cms\/wp-content\/uploads\/2024\/10\/ligeti_box.jpg?fit=1133%2C1000&ssl=1&resize=1050%2C600 3x"},"classes":[]},{"id":14179,"url":"https:\/\/www.jazzzeitung.de\/cms\/2017\/11\/musikalische-hermeneutik-praktisch-jazzfest-berlin-2017-sonntag\/","url_meta":{"origin":14488,"position":5},"title":"Musikalische Hermeneutik, praktisch \u2013 Jazzfest Berlin 2017 (Sonntag)","author":"Huflaikhan","date":"6. November 2017","format":false,"excerpt":"Wenn dem aktuellen Jazzfest Berlin eines zu eigen war, dann: Kontraste, Dimensionen, Vielfalt \u2013 alles allerdings keine normativen Begriffe; sie garantieren von sich aus n\u00e4mlich gar nichts. Daher ist auch dieser Abend mit allem Wohl und Wehe zu betrachten. Tyshawn Sorey \u2013 Instant Composition Er hat uns einiges zugemutet, der\u2026","rel":"","context":"In &quot;Blog&quot;","block_context":{"text":"Blog","link":"https:\/\/www.jazzzeitung.de\/cms\/thema\/blog\/"},"img":{"alt_text":"Tyshawn Sorey mit Ensemble. Foto: Petra Basche","src":"https:\/\/i0.wp.com\/www.jazzzeitung.de\/cms\/wp-content\/uploads\/2017\/11\/tyshawn_sorey_JazzfestBerlin2017_c_pepa_basche_201746.jpg?fit=801%2C1200&ssl=1&resize=350%2C200","width":350,"height":200,"srcset":"https:\/\/i0.wp.com\/www.jazzzeitung.de\/cms\/wp-content\/uploads\/2017\/11\/tyshawn_sorey_JazzfestBerlin2017_c_pepa_basche_201746.jpg?fit=801%2C1200&ssl=1&resize=350%2C200 1x, https:\/\/i0.wp.com\/www.jazzzeitung.de\/cms\/wp-content\/uploads\/2017\/11\/tyshawn_sorey_JazzfestBerlin2017_c_pepa_basche_201746.jpg?fit=801%2C1200&ssl=1&resize=525%2C300 1.5x, https:\/\/i0.wp.com\/www.jazzzeitung.de\/cms\/wp-content\/uploads\/2017\/11\/tyshawn_sorey_JazzfestBerlin2017_c_pepa_basche_201746.jpg?fit=801%2C1200&ssl=1&resize=700%2C400 2x"},"classes":[]}],"jetpack_sharing_enabled":true,"_links":{"self":[{"href":"https:\/\/www.jazzzeitung.de\/cms\/wp-json\/wp\/v2\/posts\/14488","targetHints":{"allow":["GET"]}}],"collection":[{"href":"https:\/\/www.jazzzeitung.de\/cms\/wp-json\/wp\/v2\/posts"}],"about":[{"href":"https:\/\/www.jazzzeitung.de\/cms\/wp-json\/wp\/v2\/types\/post"}],"author":[{"embeddable":true,"href":"https:\/\/www.jazzzeitung.de\/cms\/wp-json\/wp\/v2\/users\/1"}],"replies":[{"embeddable":true,"href":"https:\/\/www.jazzzeitung.de\/cms\/wp-json\/wp\/v2\/comments?post=14488"}],"version-history":[{"count":1,"href":"https:\/\/www.jazzzeitung.de\/cms\/wp-json\/wp\/v2\/posts\/14488\/revisions"}],"predecessor-version":[{"id":14490,"href":"https:\/\/www.jazzzeitung.de\/cms\/wp-json\/wp\/v2\/posts\/14488\/revisions\/14490"}],"wp:featuredmedia":[{"embeddable":true,"href":"https:\/\/www.jazzzeitung.de\/cms\/wp-json\/wp\/v2\/media\/14489"}],"wp:attachment":[{"href":"https:\/\/www.jazzzeitung.de\/cms\/wp-json\/wp\/v2\/media?parent=14488"}],"wp:term":[{"taxonomy":"category","embeddable":true,"href":"https:\/\/www.jazzzeitung.de\/cms\/wp-json\/wp\/v2\/categories?post=14488"},{"taxonomy":"post_tag","embeddable":true,"href":"https:\/\/www.jazzzeitung.de\/cms\/wp-json\/wp\/v2\/tags?post=14488"},{"taxonomy":"author","embeddable":true,"href":"https:\/\/www.jazzzeitung.de\/cms\/wp-json\/wp\/v2\/coauthors?post=14488"}],"curies":[{"name":"wp","href":"https:\/\/api.w.org\/{rel}","templated":true}]}}