{"id":14400,"date":"2017-11-28T20:06:33","date_gmt":"2017-11-28T19:06:33","guid":{"rendered":"https:\/\/www.jazzzeitung.de\/cms\/?p=14400"},"modified":"2017-11-28T22:09:23","modified_gmt":"2017-11-28T21:09:23","slug":"fuenf-fragen-zum-echo-jazz-und-noch-mehr-antworten","status":"publish","type":"post","link":"https:\/\/www.jazzzeitung.de\/cms\/2017\/11\/fuenf-fragen-zum-echo-jazz-und-noch-mehr-antworten\/","title":{"rendered":"F\u00fcnf Fragen zum ECHO Jazz und noch mehr Antworten"},"content":{"rendered":"<p>Der ECHO Jazz ist ja beliebt und unbeliebt zugleich. Es gibt genug K\u00fcnstlerinnen, die ihre Mutter daf\u00fcr verkaufen w\u00fcrden und dann welche, die den Preis abgrundtief verachten. Ich habe ein paar kleine Fragen zum ECHO an den Bundesverband Musikindustrie vor einer Woche gestellt und umgehend darauf Antworten erhalten mit der Einladung zu einem Hintergrundgespr\u00e4ch. Letzteres ist vielleicht aktuell nicht so eilig. Wenn ich mal in Berlin bin, okay, dann will ich das gerne machen. Die Fragen kommen von mir, die Antworten von Dr. Florian Dr\u00fccke, dem Vorstandsvorsitzenden des BVMI.<\/p>\n<hr \/>\n<p><strong>Wissen Sie, wie viele Einreichungen insgesamt und pro Kategorie bei den vergangenen ECHO Jazz-Ausschreibungen eingegangen sind \u2013 und wie viele durchschnittlich in den 19 zur Disposition stehenden Kategorien?<\/strong><\/p>\n<p style=\"padding-left: 30px;\">In den vergangenen drei Jahren (2015, 2016, 2017) wurden zwischen 150-170 Produktionen von jeweils rund 50 verschiedenen Firmen eingereicht. Die Verteilung auf die jeweiligen Kategorien ist, wie Sie sich vorstellen k\u00f6nnen, sehr unterschiedlich, weil es je nach z.B. Instrumentengruppe mehr oder weniger K\u00fcnstler\/innen gibt. Die Aufschl\u00fcsselung, wer in welchen Kategorien eingereicht hat, ist vertraulich.<\/p>\n<p><strong>Wie viel Geb\u00fchren sind insgesamt eingegangen, wenn aktuell 50 Euro pro Vorschlag anfallen?<\/strong><\/p>\n<p style=\"padding-left: 30px;\">Das ergibt sich ja aus der oben genannten Zahl: Anzahl der eingereichten Produktionen pro Jahr mal 50, wobei 50 Euro der Bruttowert ist.<\/p>\n<p><strong>Gibt es auch Einreichungen, die nicht den Anforderungen entsprechen (2 Rezensionen, Zeitfenster der V\u00d6), wie umfangreich sind diese im Verh\u00e4ltnis zu allen Einreichungen?<\/strong><\/p>\n<p style=\"padding-left: 30px;\">Ja, manchmal m\u00fcssen beispielsweise Rezensionen nachgefordert werden. Das Zeitfenster der V\u00d6 muss im Einreichungstool eingetragen werden.<\/p>\n<p><strong>Gefordert werden zwei Rezensionen von unabh\u00e4ngigen MusikkritikerInnen \u2013 welche Art von Medien werden da akzeptiert (auch Jazz Echo?)?<\/strong><\/p>\n<p style=\"padding-left: 30px;\">In den vergangenen Jahren war es so, dass internationale Rezensionen akzeptiert wurden, f\u00fcr 2018 wurde des ge\u00e4ndert, das hei\u00dft, die beizubringenden Rezensionen m\u00fcssen in deutschen Medien erschienen sein. Die Rezensionen sind ein Filter im Vorfeld im Einreichungsprozess, die Diskussion im Jury-Kreis findet unabh\u00e4ngig davon statt.<\/p>\n<p><strong>Kann man absch\u00e4tzen, in welchem Umfang die eingereichten CDs den Tontr\u00e4germarkt im Bereich Jazz repr\u00e4sentieren im jeweils gew\u00e4hlten Zeitraum? Wenigstens ungef\u00e4hr?<\/strong><\/p>\n<p style=\"padding-left: 30px;\">Interessante Frage, die Zahlen liegen uns nicht vor. Es ist die Entscheidung der Labels, welche Werke sie f\u00fcr den ECHO JAZZ einreichen (m\u00f6chten), und das ist unabh\u00e4ngig davon, wie viele Jazz-Tontr\u00e4ger im jeweiligen Zeitraum insgesamt produziert werden.<\/p>\n<hr \/>\n<p>Generell war Hintergrund der Frage, wie gro\u00df oder eben auch klein der Ausschnitt der CD-Produktionen ist, die f\u00fcr den ECHO Jazz eingereicht werden. 150 bis 170 CDs scheinen mir doch sehr wenige zu sein. Aber verl\u00e4ssliche Zahlen \u00fcber die Gr\u00f6\u00dfe des gesamten Tontr\u00e4germarkt JAZZ konnte ich andererseits auch nicht auftreiben.<\/p>\n<p>Ohne das zu bewerten: Bei 19 Kategorien, die von der Jury besetzt werden, sind 150 bis 170 Einreichungen nicht sehr viel, oder grob gesagt, da hat man ein Gewinnchance von 10% &#8211; allerdings bei einem Einsatz von 50 Euro (ganz genau kann man auch das leider nicht sagen, denn man kann ja eine Produktion in verschiedenen Kategorien einreichen). Das gibt es bei keiner Lotterie. Auch wenn man hier au\u00dfer Ruhm und Ehre nichts anderes gewinnen kann.<\/p>\n<p>W\u00e4hrend bei den ganz gro\u00dfen Buchpreisen durchaus Verk\u00e4ufe verzeichnen kann, die durch die Decke gehen, ist hier anzunehemen, dass die Verst\u00e4rkerchancen hier wahrscheinlich deutlich geringer ausfallen. Ich bin sicher, die betroffenen Labels geben die Daten dazu gerne heraus. Die Einnahmen durch die Startgeb\u00fchren kann man sicher vernachl\u00e4ssigen: Die liegen irgendwo zwischen 7500 und 9000 Euro. Aber f\u00fcr kleine Labels ist es schon ein gewisser, nicht zu vernachl\u00e4ssigender Posten. (Aber ich bin sicher, das Label &#8222;kleines Label&#8220; heftet sich dann auch niemand gerne an.)<\/p>\n<p>Die Sache mit den Rezensionen ist wieder so eine Sache: Sie wird als &#8222;Filter&#8220; bezeichnet. Jetzt wei\u00df ich nicht, ab welchem Rahmen (Umfang, Qualit\u00e4t) eine Rezension als solche gilt. Dass das Jazz-Echo als Medium nicht ausscheidet, ist nat\u00fcrlich problematisch, weil es zu einem Label geh\u00f6rt. Aber die gro\u00dfen Jazzmagazine haben ja selbst auch viele Rezensionen in der Schleife. F\u00fcr die Jury-Arbeit spielen sie nat\u00fcrlich keine Rolle, sagt Florian Dr\u00fccke. Alles andere w\u00fcrde mich auch wundern.<\/p>\n<p style=\"text-align: center;\">* * *<\/p>\n<p>Nat\u00fcrlich handelt es sich nur um einen Frageteil. Die Besetzung der Jury und ihr Anteil bei der Beurteilung (gibt es Stimmenthaltung etc.) st\u00fcnde dann zu Debatte und die Kriterien ihrer Auswahl. Labelvertreterinnen gibt ja insgesamt sechs und damit bilden sie die halbe Jury:<\/p>\n<ul>\n<li>[1]* Kai-Uwe Diaz Philipp (Sony Music)<\/li>\n<li>[3] Astrid Kieselbach (Universal Music)<\/li>\n<li>[6] Siegfried Loch (ACT Music + Vision)<\/li>\n<li>[2] Stefanie Marcus (Traumton Records, Jazz &amp; World Partners)<\/li>\n<li>[2] Matthias Winckelmann (ENJA Records)<\/li>\n<li>[2] Miho Nishimoto (Warner Music)<\/li>\n<\/ul>\n<p>Die Zahlen in Klammern geben an, wie viele Preistr\u00e4ger jeweils den in der Jury vertretenen zuzuordnen sind. Den Bestseller [Universal Music] kann man auslassen, denn den ermittelt ja nicht die Jury.<\/p>\n<p>Drei Preise gehen dann noch an &#8222;BMC &#8211; Note 1&#8220;, &#8222;Ocason Records&#8220; und &#8222;Redhorn Records&#8220;. Das ist nat\u00fcrlich recht wenig im Vergleich.<\/p>\n<p>Aber das w\u00e4ren dann Fragen, die man in einem Hintergrundgespr\u00e4ch thematisieren k\u00f6nnte, neben anderen. Solche nehme ich gerne an und w\u00fcrde sie ggf. weiterreichen. <a href=\"mailto:martin@hufner.de\">Mail<\/a> oder Kommentar, willkommen.<\/p>\n","protected":false},"excerpt":{"rendered":"<p>Der ECHO Jazz ist ja beliebt und unbeliebt zugleich. Es gibt genug K\u00fcnstlerinnen, die ihre Mutter daf\u00fcr verkaufen w\u00fcrden und dann welche, die den Preis abgrundtief verachten. Ich habe ein paar kleine Fragen zum ECHO an den Bundesverband Musikindustrie vor einer Woche gestellt und umgehend darauf Antworten erhalten mit der Einladung zu einem Hintergrundgespr\u00e4ch. Letzteres ist vielleicht aktuell nicht so eilig. Wenn ich mal in Berlin bin, okay, dann will ich das gerne machen. Die Fragen kommen von mir, die Antworten von Dr. Florian Dr\u00fccke, dem Vorstandsvorsitzenden des BVMI. Wissen Sie, wie viele Einreichungen insgesamt und pro Kategorie bei den vergangenen ECHO Jazz-Ausschreibungen eingegangen sind \u2013 und wie viele durchschnittlich in den 19 zur Disposition stehenden Kategorien? In den vergangenen drei Jahren (2015, 2016, 2017) wurden zwischen 150-170 Produktionen von jeweils rund 50 verschiedenen Firmen eingereicht. Die Verteilung auf die jeweiligen Kategorien ist, wie Sie sich vorstellen k\u00f6nnen, sehr unterschiedlich, weil es je nach z.B. Instrumentengruppe mehr oder weniger K\u00fcnstler\/innen gibt. Die Aufschl\u00fcsselung, wer in welchen Kategorien eingereicht hat, ist vertraulich. Wie viel Geb\u00fchren sind insgesamt eingegangen, wenn aktuell 50 Euro pro Vorschlag anfallen? Das &hellip;<\/p>\n","protected":false},"author":2,"featured_media":14403,"comment_status":"open","ping_status":"closed","sticky":false,"template":"","format":"standard","meta":{"_jetpack_memberships_contains_paid_content":false,"footnotes":"","jetpack_publicize_message":"","jetpack_publicize_feature_enabled":true,"jetpack_social_post_already_shared":false,"jetpack_social_options":{"image_generator_settings":{"template":"highway","default_image_id":0,"font":"","enabled":false},"version":2}},"categories":[82],"tags":[29,965,66,109,980,157,163,1481,1696,339,773,382,404,1502,449,1170,1186,961,731,572],"coauthors":[680],"class_list":["post-14400","post","type-post","status-publish","format-standard","has-post-thumbnail","hentry","category-blog","tag-act","tag-act-music","tag-berlin","tag-cd","tag-echo","tag-echo-jazz","tag-enja","tag-enja-records","tag-florian-druecke","tag-label","tag-mail","tag-matthias-winckelmann","tag-musikindustrie","tag-preis","tag-preise","tag-preistraeger","tag-rezension","tag-traumton","tag-traumton-records","tag-universal"],"yoast_head":"<!-- This site is optimized with the Yoast SEO plugin v27.5 - https:\/\/yoast.com\/product\/yoast-seo-wordpress\/ -->\n<title>F\u00fcnf Fragen zum ECHO Jazz und noch mehr Antworten - JazzZeitung<\/title>\n<meta name=\"robots\" content=\"index, follow, max-snippet:-1, max-image-preview:large, max-video-preview:-1\" \/>\n<link rel=\"canonical\" href=\"https:\/\/www.jazzzeitung.de\/cms\/2017\/11\/fuenf-fragen-zum-echo-jazz-und-noch-mehr-antworten\/\" \/>\n<meta property=\"og:locale\" content=\"de_DE\" \/>\n<meta property=\"og:type\" content=\"article\" \/>\n<meta property=\"og:title\" content=\"F\u00fcnf Fragen zum ECHO Jazz und noch mehr Antworten - JazzZeitung\" \/>\n<meta property=\"og:description\" content=\"Der ECHO Jazz ist ja beliebt und unbeliebt zugleich. Es gibt genug K\u00fcnstlerinnen, die ihre Mutter daf\u00fcr verkaufen w\u00fcrden und dann welche, die den Preis abgrundtief verachten. Ich habe ein paar kleine Fragen zum ECHO an den Bundesverband Musikindustrie vor einer Woche gestellt und umgehend darauf Antworten erhalten mit der Einladung zu einem Hintergrundgespr\u00e4ch. Letzteres ist vielleicht aktuell nicht so eilig. Wenn ich mal in Berlin bin, okay, dann will ich das gerne machen. Die Fragen kommen von mir, die Antworten von Dr. Florian Dr\u00fccke, dem Vorstandsvorsitzenden des BVMI. Wissen Sie, wie viele Einreichungen insgesamt und pro Kategorie bei den vergangenen ECHO Jazz-Ausschreibungen eingegangen sind \u2013 und wie viele durchschnittlich in den 19 zur Disposition stehenden Kategorien? In den vergangenen drei Jahren (2015, 2016, 2017) wurden zwischen 150-170 Produktionen von jeweils rund 50 verschiedenen Firmen eingereicht. Die Verteilung auf die jeweiligen Kategorien ist, wie Sie sich vorstellen k\u00f6nnen, sehr unterschiedlich, weil es je nach z.B. Instrumentengruppe mehr oder weniger K\u00fcnstler\/innen gibt. Die Aufschl\u00fcsselung, wer in welchen Kategorien eingereicht hat, ist vertraulich. Wie viel Geb\u00fchren sind insgesamt eingegangen, wenn aktuell 50 Euro pro Vorschlag anfallen? Das &hellip;\" \/>\n<meta property=\"og:url\" content=\"https:\/\/www.jazzzeitung.de\/cms\/2017\/11\/fuenf-fragen-zum-echo-jazz-und-noch-mehr-antworten\/\" \/>\n<meta property=\"og:site_name\" content=\"JazzZeitung\" \/>\n<meta property=\"article:publisher\" content=\"https:\/\/www.facebook.com\/JazzZeitung\/\" \/>\n<meta property=\"article:author\" content=\"https:\/\/www.facebook.com\/hufner\" \/>\n<meta property=\"article:published_time\" content=\"2017-11-28T19:06:33+00:00\" \/>\n<meta property=\"article:modified_time\" content=\"2017-11-28T21:09:23+00:00\" \/>\n<meta property=\"og:image\" content=\"https:\/\/i0.wp.com\/www.jazzzeitung.de\/cms\/wp-content\/uploads\/2017\/11\/Echojazz2017_show_c_bvmi_mo_wuestenhagen_241_4725_59f9cc311b7.jpg?fit=800%2C533&ssl=1\" \/>\n\t<meta property=\"og:image:width\" content=\"800\" \/>\n\t<meta property=\"og:image:height\" content=\"533\" \/>\n\t<meta property=\"og:image:type\" content=\"image\/jpeg\" \/>\n<meta name=\"author\" content=\"Huflaikhan\" \/>\n<script type=\"application\/ld+json\" class=\"yoast-schema-graph\">{\"@context\":\"https:\\\/\\\/schema.org\",\"@graph\":[{\"@type\":\"Article\",\"@id\":\"https:\\\/\\\/www.jazzzeitung.de\\\/cms\\\/2017\\\/11\\\/fuenf-fragen-zum-echo-jazz-und-noch-mehr-antworten\\\/#article\",\"isPartOf\":{\"@id\":\"https:\\\/\\\/www.jazzzeitung.de\\\/cms\\\/2017\\\/11\\\/fuenf-fragen-zum-echo-jazz-und-noch-mehr-antworten\\\/\"},\"author\":{\"name\":\"Huflaikhan\",\"@id\":\"https:\\\/\\\/www.jazzzeitung.de\\\/cms\\\/#\\\/schema\\\/person\\\/1ba404714b9455401502bc409a7df45e\"},\"headline\":\"F\u00fcnf Fragen zum ECHO Jazz und noch mehr Antworten\",\"datePublished\":\"2017-11-28T19:06:33+00:00\",\"dateModified\":\"2017-11-28T21:09:23+00:00\",\"mainEntityOfPage\":{\"@id\":\"https:\\\/\\\/www.jazzzeitung.de\\\/cms\\\/2017\\\/11\\\/fuenf-fragen-zum-echo-jazz-und-noch-mehr-antworten\\\/\"},\"wordCount\":850,\"commentCount\":0,\"publisher\":{\"@id\":\"https:\\\/\\\/www.jazzzeitung.de\\\/cms\\\/#organization\"},\"image\":{\"@id\":\"https:\\\/\\\/www.jazzzeitung.de\\\/cms\\\/2017\\\/11\\\/fuenf-fragen-zum-echo-jazz-und-noch-mehr-antworten\\\/#primaryimage\"},\"thumbnailUrl\":\"https:\\\/\\\/i0.wp.com\\\/www.jazzzeitung.de\\\/cms\\\/wp-content\\\/uploads\\\/2017\\\/11\\\/Echojazz2017_show_c_bvmi_mo_wuestenhagen_241_4725_59f9cc311b7.jpg?fit=800%2C533&ssl=1\",\"keywords\":[\"act\",\"ACT Music\",\"Berlin\",\"CD\",\"ECHO\",\"Echo Jazz\",\"enja\",\"Enja Records\",\"Florian Dr\u00fccke\",\"Label\",\"mail\",\"Matthias Winckelmann\",\"Musikindustrie\",\"Preis\",\"Preise\",\"Preistr\u00e4ger\",\"Rezension\",\"Traumton\",\"Traumton Records\",\"Universal\"],\"articleSection\":[\"Blog\"],\"inLanguage\":\"de\",\"potentialAction\":[{\"@type\":\"CommentAction\",\"name\":\"Comment\",\"target\":[\"https:\\\/\\\/www.jazzzeitung.de\\\/cms\\\/2017\\\/11\\\/fuenf-fragen-zum-echo-jazz-und-noch-mehr-antworten\\\/#respond\"]}]},{\"@type\":\"WebPage\",\"@id\":\"https:\\\/\\\/www.jazzzeitung.de\\\/cms\\\/2017\\\/11\\\/fuenf-fragen-zum-echo-jazz-und-noch-mehr-antworten\\\/\",\"url\":\"https:\\\/\\\/www.jazzzeitung.de\\\/cms\\\/2017\\\/11\\\/fuenf-fragen-zum-echo-jazz-und-noch-mehr-antworten\\\/\",\"name\":\"F\u00fcnf Fragen zum ECHO Jazz und noch mehr Antworten - JazzZeitung\",\"isPartOf\":{\"@id\":\"https:\\\/\\\/www.jazzzeitung.de\\\/cms\\\/#website\"},\"primaryImageOfPage\":{\"@id\":\"https:\\\/\\\/www.jazzzeitung.de\\\/cms\\\/2017\\\/11\\\/fuenf-fragen-zum-echo-jazz-und-noch-mehr-antworten\\\/#primaryimage\"},\"image\":{\"@id\":\"https:\\\/\\\/www.jazzzeitung.de\\\/cms\\\/2017\\\/11\\\/fuenf-fragen-zum-echo-jazz-und-noch-mehr-antworten\\\/#primaryimage\"},\"thumbnailUrl\":\"https:\\\/\\\/i0.wp.com\\\/www.jazzzeitung.de\\\/cms\\\/wp-content\\\/uploads\\\/2017\\\/11\\\/Echojazz2017_show_c_bvmi_mo_wuestenhagen_241_4725_59f9cc311b7.jpg?fit=800%2C533&ssl=1\",\"datePublished\":\"2017-11-28T19:06:33+00:00\",\"dateModified\":\"2017-11-28T21:09:23+00:00\",\"breadcrumb\":{\"@id\":\"https:\\\/\\\/www.jazzzeitung.de\\\/cms\\\/2017\\\/11\\\/fuenf-fragen-zum-echo-jazz-und-noch-mehr-antworten\\\/#breadcrumb\"},\"inLanguage\":\"de\",\"potentialAction\":[{\"@type\":\"ReadAction\",\"target\":[\"https:\\\/\\\/www.jazzzeitung.de\\\/cms\\\/2017\\\/11\\\/fuenf-fragen-zum-echo-jazz-und-noch-mehr-antworten\\\/\"]}]},{\"@type\":\"ImageObject\",\"inLanguage\":\"de\",\"@id\":\"https:\\\/\\\/www.jazzzeitung.de\\\/cms\\\/2017\\\/11\\\/fuenf-fragen-zum-echo-jazz-und-noch-mehr-antworten\\\/#primaryimage\",\"url\":\"https:\\\/\\\/i0.wp.com\\\/www.jazzzeitung.de\\\/cms\\\/wp-content\\\/uploads\\\/2017\\\/11\\\/Echojazz2017_show_c_bvmi_mo_wuestenhagen_241_4725_59f9cc311b7.jpg?fit=800%2C533&ssl=1\",\"contentUrl\":\"https:\\\/\\\/i0.wp.com\\\/www.jazzzeitung.de\\\/cms\\\/wp-content\\\/uploads\\\/2017\\\/11\\\/Echojazz2017_show_c_bvmi_mo_wuestenhagen_241_4725_59f9cc311b7.jpg?fit=800%2C533&ssl=1\",\"width\":800,\"height\":533,\"caption\":\"ECHO Jazz 2017 am 01.06.2017 bei Blohm+Voss in Hamburg \\\/\\\/\\\/ Foto: Mo W\u00fcstenhagen \\\/ BVMI\"},{\"@type\":\"BreadcrumbList\",\"@id\":\"https:\\\/\\\/www.jazzzeitung.de\\\/cms\\\/2017\\\/11\\\/fuenf-fragen-zum-echo-jazz-und-noch-mehr-antworten\\\/#breadcrumb\",\"itemListElement\":[{\"@type\":\"ListItem\",\"position\":1,\"name\":\"Startseite\",\"item\":\"https:\\\/\\\/www.jazzzeitung.de\\\/cms\\\/\"},{\"@type\":\"ListItem\",\"position\":2,\"name\":\"F\u00fcnf Fragen zum ECHO Jazz und noch mehr Antworten\"}]},{\"@type\":\"WebSite\",\"@id\":\"https:\\\/\\\/www.jazzzeitung.de\\\/cms\\\/#website\",\"url\":\"https:\\\/\\\/www.jazzzeitung.de\\\/cms\\\/\",\"name\":\"JazzZeitung\",\"description\":\"Jazz-News und Jazz-Kontroverses\",\"publisher\":{\"@id\":\"https:\\\/\\\/www.jazzzeitung.de\\\/cms\\\/#organization\"},\"potentialAction\":[{\"@type\":\"SearchAction\",\"target\":{\"@type\":\"EntryPoint\",\"urlTemplate\":\"https:\\\/\\\/www.jazzzeitung.de\\\/cms\\\/?s={search_term_string}\"},\"query-input\":{\"@type\":\"PropertyValueSpecification\",\"valueRequired\":true,\"valueName\":\"search_term_string\"}}],\"inLanguage\":\"de\"},{\"@type\":\"Organization\",\"@id\":\"https:\\\/\\\/www.jazzzeitung.de\\\/cms\\\/#organization\",\"name\":\"JazzZeitung online\",\"url\":\"https:\\\/\\\/www.jazzzeitung.de\\\/cms\\\/\",\"logo\":{\"@type\":\"ImageObject\",\"inLanguage\":\"de\",\"@id\":\"https:\\\/\\\/www.jazzzeitung.de\\\/cms\\\/#\\\/schema\\\/logo\\\/image\\\/\",\"url\":\"https:\\\/\\\/i0.wp.com\\\/www.jazzzeitung.de\\\/cms\\\/wp-content\\\/uploads\\\/2015\\\/08\\\/JAZZZEITUNGDE_Logo_Neu.png?fit=499%2C200&ssl=1\",\"contentUrl\":\"https:\\\/\\\/i0.wp.com\\\/www.jazzzeitung.de\\\/cms\\\/wp-content\\\/uploads\\\/2015\\\/08\\\/JAZZZEITUNGDE_Logo_Neu.png?fit=499%2C200&ssl=1\",\"width\":499,\"height\":200,\"caption\":\"JazzZeitung online\"},\"image\":{\"@id\":\"https:\\\/\\\/www.jazzzeitung.de\\\/cms\\\/#\\\/schema\\\/logo\\\/image\\\/\"},\"sameAs\":[\"https:\\\/\\\/www.facebook.com\\\/JazzZeitung\\\/\"]},{\"@type\":\"Person\",\"@id\":\"https:\\\/\\\/www.jazzzeitung.de\\\/cms\\\/#\\\/schema\\\/person\\\/1ba404714b9455401502bc409a7df45e\",\"name\":\"Huflaikhan\",\"image\":{\"@type\":\"ImageObject\",\"inLanguage\":\"de\",\"@id\":\"https:\\\/\\\/i0.wp.com\\\/www.jazzzeitung.de\\\/cms\\\/wp-content\\\/uploads\\\/2013\\\/11\\\/huf-06.jpg?resize=96%2C96&ssl=18afacd5aa7627f2840c013425f5a4164\",\"url\":\"https:\\\/\\\/i0.wp.com\\\/www.jazzzeitung.de\\\/cms\\\/wp-content\\\/uploads\\\/2013\\\/11\\\/huf-06.jpg?resize=96%2C96&ssl=1\",\"contentUrl\":\"https:\\\/\\\/i0.wp.com\\\/www.jazzzeitung.de\\\/cms\\\/wp-content\\\/uploads\\\/2013\\\/11\\\/huf-06.jpg?resize=96%2C96&ssl=1\",\"caption\":\"Huflaikhan\"},\"description\":\"Huflaikhan (aka Martin Hufner) hat Musikwissenschaft, Philosophie und Psychologie in Gie\u00dfen studiert und mit einer Arbeit \u00fcber Adorno und die Zw\u00f6lftontechnik promoviert. Seit 1995 ist er freiberuflich als Autor, Fotograf und Netzmacher unterwegs.\",\"sameAs\":[\"https:\\\/\\\/www.kritische-masse.de\\\/logbuch\",\"https:\\\/\\\/www.facebook.com\\\/hufner\"],\"url\":\"https:\\\/\\\/www.jazzzeitung.de\\\/cms\\\/author\\\/hufi\\\/\"}]}<\/script>\n<!-- \/ Yoast SEO plugin. -->","yoast_head_json":{"title":"F\u00fcnf Fragen zum ECHO Jazz und noch mehr Antworten - JazzZeitung","robots":{"index":"index","follow":"follow","max-snippet":"max-snippet:-1","max-image-preview":"max-image-preview:large","max-video-preview":"max-video-preview:-1"},"canonical":"https:\/\/www.jazzzeitung.de\/cms\/2017\/11\/fuenf-fragen-zum-echo-jazz-und-noch-mehr-antworten\/","og_locale":"de_DE","og_type":"article","og_title":"F\u00fcnf Fragen zum ECHO Jazz und noch mehr Antworten - JazzZeitung","og_description":"Der ECHO Jazz ist ja beliebt und unbeliebt zugleich. Es gibt genug K\u00fcnstlerinnen, die ihre Mutter daf\u00fcr verkaufen w\u00fcrden und dann welche, die den Preis abgrundtief verachten. Ich habe ein paar kleine Fragen zum ECHO an den Bundesverband Musikindustrie vor einer Woche gestellt und umgehend darauf Antworten erhalten mit der Einladung zu einem Hintergrundgespr\u00e4ch. Letzteres ist vielleicht aktuell nicht so eilig. Wenn ich mal in Berlin bin, okay, dann will ich das gerne machen. Die Fragen kommen von mir, die Antworten von Dr. Florian Dr\u00fccke, dem Vorstandsvorsitzenden des BVMI. Wissen Sie, wie viele Einreichungen insgesamt und pro Kategorie bei den vergangenen ECHO Jazz-Ausschreibungen eingegangen sind \u2013 und wie viele durchschnittlich in den 19 zur Disposition stehenden Kategorien? In den vergangenen drei Jahren (2015, 2016, 2017) wurden zwischen 150-170 Produktionen von jeweils rund 50 verschiedenen Firmen eingereicht. Die Verteilung auf die jeweiligen Kategorien ist, wie Sie sich vorstellen k\u00f6nnen, sehr unterschiedlich, weil es je nach z.B. Instrumentengruppe mehr oder weniger K\u00fcnstler\/innen gibt. Die Aufschl\u00fcsselung, wer in welchen Kategorien eingereicht hat, ist vertraulich. Wie viel Geb\u00fchren sind insgesamt eingegangen, wenn aktuell 50 Euro pro Vorschlag anfallen? Das &hellip;","og_url":"https:\/\/www.jazzzeitung.de\/cms\/2017\/11\/fuenf-fragen-zum-echo-jazz-und-noch-mehr-antworten\/","og_site_name":"JazzZeitung","article_publisher":"https:\/\/www.facebook.com\/JazzZeitung\/","article_author":"https:\/\/www.facebook.com\/hufner","article_published_time":"2017-11-28T19:06:33+00:00","article_modified_time":"2017-11-28T21:09:23+00:00","og_image":[{"width":800,"height":533,"url":"https:\/\/i0.wp.com\/www.jazzzeitung.de\/cms\/wp-content\/uploads\/2017\/11\/Echojazz2017_show_c_bvmi_mo_wuestenhagen_241_4725_59f9cc311b7.jpg?fit=800%2C533&ssl=1","type":"image\/jpeg"}],"author":"Huflaikhan","schema":{"@context":"https:\/\/schema.org","@graph":[{"@type":"Article","@id":"https:\/\/www.jazzzeitung.de\/cms\/2017\/11\/fuenf-fragen-zum-echo-jazz-und-noch-mehr-antworten\/#article","isPartOf":{"@id":"https:\/\/www.jazzzeitung.de\/cms\/2017\/11\/fuenf-fragen-zum-echo-jazz-und-noch-mehr-antworten\/"},"author":{"name":"Huflaikhan","@id":"https:\/\/www.jazzzeitung.de\/cms\/#\/schema\/person\/1ba404714b9455401502bc409a7df45e"},"headline":"F\u00fcnf Fragen zum ECHO Jazz und noch mehr Antworten","datePublished":"2017-11-28T19:06:33+00:00","dateModified":"2017-11-28T21:09:23+00:00","mainEntityOfPage":{"@id":"https:\/\/www.jazzzeitung.de\/cms\/2017\/11\/fuenf-fragen-zum-echo-jazz-und-noch-mehr-antworten\/"},"wordCount":850,"commentCount":0,"publisher":{"@id":"https:\/\/www.jazzzeitung.de\/cms\/#organization"},"image":{"@id":"https:\/\/www.jazzzeitung.de\/cms\/2017\/11\/fuenf-fragen-zum-echo-jazz-und-noch-mehr-antworten\/#primaryimage"},"thumbnailUrl":"https:\/\/i0.wp.com\/www.jazzzeitung.de\/cms\/wp-content\/uploads\/2017\/11\/Echojazz2017_show_c_bvmi_mo_wuestenhagen_241_4725_59f9cc311b7.jpg?fit=800%2C533&ssl=1","keywords":["act","ACT Music","Berlin","CD","ECHO","Echo Jazz","enja","Enja Records","Florian Dr\u00fccke","Label","mail","Matthias Winckelmann","Musikindustrie","Preis","Preise","Preistr\u00e4ger","Rezension","Traumton","Traumton Records","Universal"],"articleSection":["Blog"],"inLanguage":"de","potentialAction":[{"@type":"CommentAction","name":"Comment","target":["https:\/\/www.jazzzeitung.de\/cms\/2017\/11\/fuenf-fragen-zum-echo-jazz-und-noch-mehr-antworten\/#respond"]}]},{"@type":"WebPage","@id":"https:\/\/www.jazzzeitung.de\/cms\/2017\/11\/fuenf-fragen-zum-echo-jazz-und-noch-mehr-antworten\/","url":"https:\/\/www.jazzzeitung.de\/cms\/2017\/11\/fuenf-fragen-zum-echo-jazz-und-noch-mehr-antworten\/","name":"F\u00fcnf Fragen zum ECHO Jazz und noch mehr Antworten - JazzZeitung","isPartOf":{"@id":"https:\/\/www.jazzzeitung.de\/cms\/#website"},"primaryImageOfPage":{"@id":"https:\/\/www.jazzzeitung.de\/cms\/2017\/11\/fuenf-fragen-zum-echo-jazz-und-noch-mehr-antworten\/#primaryimage"},"image":{"@id":"https:\/\/www.jazzzeitung.de\/cms\/2017\/11\/fuenf-fragen-zum-echo-jazz-und-noch-mehr-antworten\/#primaryimage"},"thumbnailUrl":"https:\/\/i0.wp.com\/www.jazzzeitung.de\/cms\/wp-content\/uploads\/2017\/11\/Echojazz2017_show_c_bvmi_mo_wuestenhagen_241_4725_59f9cc311b7.jpg?fit=800%2C533&ssl=1","datePublished":"2017-11-28T19:06:33+00:00","dateModified":"2017-11-28T21:09:23+00:00","breadcrumb":{"@id":"https:\/\/www.jazzzeitung.de\/cms\/2017\/11\/fuenf-fragen-zum-echo-jazz-und-noch-mehr-antworten\/#breadcrumb"},"inLanguage":"de","potentialAction":[{"@type":"ReadAction","target":["https:\/\/www.jazzzeitung.de\/cms\/2017\/11\/fuenf-fragen-zum-echo-jazz-und-noch-mehr-antworten\/"]}]},{"@type":"ImageObject","inLanguage":"de","@id":"https:\/\/www.jazzzeitung.de\/cms\/2017\/11\/fuenf-fragen-zum-echo-jazz-und-noch-mehr-antworten\/#primaryimage","url":"https:\/\/i0.wp.com\/www.jazzzeitung.de\/cms\/wp-content\/uploads\/2017\/11\/Echojazz2017_show_c_bvmi_mo_wuestenhagen_241_4725_59f9cc311b7.jpg?fit=800%2C533&ssl=1","contentUrl":"https:\/\/i0.wp.com\/www.jazzzeitung.de\/cms\/wp-content\/uploads\/2017\/11\/Echojazz2017_show_c_bvmi_mo_wuestenhagen_241_4725_59f9cc311b7.jpg?fit=800%2C533&ssl=1","width":800,"height":533,"caption":"ECHO Jazz 2017 am 01.06.2017 bei Blohm+Voss in Hamburg \/\/\/ Foto: Mo W\u00fcstenhagen \/ BVMI"},{"@type":"BreadcrumbList","@id":"https:\/\/www.jazzzeitung.de\/cms\/2017\/11\/fuenf-fragen-zum-echo-jazz-und-noch-mehr-antworten\/#breadcrumb","itemListElement":[{"@type":"ListItem","position":1,"name":"Startseite","item":"https:\/\/www.jazzzeitung.de\/cms\/"},{"@type":"ListItem","position":2,"name":"F\u00fcnf Fragen zum ECHO Jazz und noch mehr Antworten"}]},{"@type":"WebSite","@id":"https:\/\/www.jazzzeitung.de\/cms\/#website","url":"https:\/\/www.jazzzeitung.de\/cms\/","name":"JazzZeitung","description":"Jazz-News und Jazz-Kontroverses","publisher":{"@id":"https:\/\/www.jazzzeitung.de\/cms\/#organization"},"potentialAction":[{"@type":"SearchAction","target":{"@type":"EntryPoint","urlTemplate":"https:\/\/www.jazzzeitung.de\/cms\/?s={search_term_string}"},"query-input":{"@type":"PropertyValueSpecification","valueRequired":true,"valueName":"search_term_string"}}],"inLanguage":"de"},{"@type":"Organization","@id":"https:\/\/www.jazzzeitung.de\/cms\/#organization","name":"JazzZeitung online","url":"https:\/\/www.jazzzeitung.de\/cms\/","logo":{"@type":"ImageObject","inLanguage":"de","@id":"https:\/\/www.jazzzeitung.de\/cms\/#\/schema\/logo\/image\/","url":"https:\/\/i0.wp.com\/www.jazzzeitung.de\/cms\/wp-content\/uploads\/2015\/08\/JAZZZEITUNGDE_Logo_Neu.png?fit=499%2C200&ssl=1","contentUrl":"https:\/\/i0.wp.com\/www.jazzzeitung.de\/cms\/wp-content\/uploads\/2015\/08\/JAZZZEITUNGDE_Logo_Neu.png?fit=499%2C200&ssl=1","width":499,"height":200,"caption":"JazzZeitung online"},"image":{"@id":"https:\/\/www.jazzzeitung.de\/cms\/#\/schema\/logo\/image\/"},"sameAs":["https:\/\/www.facebook.com\/JazzZeitung\/"]},{"@type":"Person","@id":"https:\/\/www.jazzzeitung.de\/cms\/#\/schema\/person\/1ba404714b9455401502bc409a7df45e","name":"Huflaikhan","image":{"@type":"ImageObject","inLanguage":"de","@id":"https:\/\/i0.wp.com\/www.jazzzeitung.de\/cms\/wp-content\/uploads\/2013\/11\/huf-06.jpg?resize=96%2C96&ssl=18afacd5aa7627f2840c013425f5a4164","url":"https:\/\/i0.wp.com\/www.jazzzeitung.de\/cms\/wp-content\/uploads\/2013\/11\/huf-06.jpg?resize=96%2C96&ssl=1","contentUrl":"https:\/\/i0.wp.com\/www.jazzzeitung.de\/cms\/wp-content\/uploads\/2013\/11\/huf-06.jpg?resize=96%2C96&ssl=1","caption":"Huflaikhan"},"description":"Huflaikhan (aka Martin Hufner) hat Musikwissenschaft, Philosophie und Psychologie in Gie\u00dfen studiert und mit einer Arbeit \u00fcber Adorno und die Zw\u00f6lftontechnik promoviert. Seit 1995 ist er freiberuflich als Autor, Fotograf und Netzmacher unterwegs.","sameAs":["https:\/\/www.kritische-masse.de\/logbuch","https:\/\/www.facebook.com\/hufner"],"url":"https:\/\/www.jazzzeitung.de\/cms\/author\/hufi\/"}]}},"wp-worthy-pixel":{"ignored":false,"public":"198ef622f0674a3db6ef5ce51058c5fa","server":"vg04.met.vgwort.de","url":"https:\/\/vg04.met.vgwort.de\/na\/198ef622f0674a3db6ef5ce51058c5fa"},"wp-worthy-type":"normal","jetpack_publicize_connections":[],"cc_featured_image_caption":{"caption_text":"ECHO Jazz 2017 am 01.06.2017 bei Blohm+Voss in Hamburg   \/\/\/   ","source_text":"Foto: Mo W\u00fcstenhagen \/ BVMI","source_url":""},"jetpack_featured_media_url":"https:\/\/i0.wp.com\/www.jazzzeitung.de\/cms\/wp-content\/uploads\/2017\/11\/Echojazz2017_show_c_bvmi_mo_wuestenhagen_241_4725_59f9cc311b7.jpg?fit=800%2C533&ssl=1","jetpack_shortlink":"https:\/\/wp.me\/p3KEcT-3Kg","jetpack-related-posts":[{"id":14258,"url":"https:\/\/www.jazzzeitung.de\/cms\/2017\/11\/echo-jazz-2018-start-des-einreichungszeitraums\/","url_meta":{"origin":14400,"position":0},"title":"ECHO JAZZ 2018: Start des Einreichungszeitraums","author":"Huflaikhan","date":"13. November 2017","format":false,"excerpt":"Es geht weiter mit dem Echo Jazz. Das meldet der Bundesverband Musikindustrie in seiner aktuellen Pressemitteilung: Heute startet der Einreichungszeitraum f\u00fcr den ECHO JAZZ 2018. Bis zum 1. Dezember k\u00f6nnen Musikfirmen Produktionen ihrer K\u00fcnstler \u00fcber das Online-Einreichungssystem f\u00fcr den ECHO JAZZ 2018 vorschlagen: http:\/\/www.echojazz.de\/jazz-einreichung. Wichtiges Einreichungskriterium ist unter anderem, dass\u2026","rel":"","context":"In &quot;News&quot;","block_context":{"text":"News","link":"https:\/\/www.jazzzeitung.de\/cms\/thema\/nachrichten\/"},"img":{"alt_text":"Florian Dr\u00fccke, seite heute Vorstandsvorsitzender des BVMI. Foto: Hufner","src":"https:\/\/i0.wp.com\/www.jazzzeitung.de\/cms\/wp-content\/uploads\/2017\/11\/florian_druecke_2015_c_hufner.jpg?fit=1200%2C752&ssl=1&resize=350%2C200","width":350,"height":200,"srcset":"https:\/\/i0.wp.com\/www.jazzzeitung.de\/cms\/wp-content\/uploads\/2017\/11\/florian_druecke_2015_c_hufner.jpg?fit=1200%2C752&ssl=1&resize=350%2C200 1x, https:\/\/i0.wp.com\/www.jazzzeitung.de\/cms\/wp-content\/uploads\/2017\/11\/florian_druecke_2015_c_hufner.jpg?fit=1200%2C752&ssl=1&resize=525%2C300 1.5x, https:\/\/i0.wp.com\/www.jazzzeitung.de\/cms\/wp-content\/uploads\/2017\/11\/florian_druecke_2015_c_hufner.jpg?fit=1200%2C752&ssl=1&resize=700%2C400 2x, https:\/\/i0.wp.com\/www.jazzzeitung.de\/cms\/wp-content\/uploads\/2017\/11\/florian_druecke_2015_c_hufner.jpg?fit=1200%2C752&ssl=1&resize=1050%2C600 3x"},"classes":[]},{"id":72,"url":"https:\/\/www.jazzzeitung.de\/cms\/2010\/05\/bundesverband-musikindustrie-wird-ambitioniert-und-zeitgenoessisch\/","url_meta":{"origin":14400,"position":1},"title":"Bundesverband Musikindustrie wird &#8222;ambitioniert&#8220; und &#8222;zeitgen\u00f6ssisch&#8220;","author":"felixfalk","date":"4. Mai 2010","format":false,"excerpt":"Wer noch vor wenigen Wochen \"Bundesverband Musikindustrie\" und \"Jazz\" in eine Suchmaschine tippte, fand alles - au\u00dfer sinnvolle Treffer. Doch pl\u00f6tzlich sieht das anders aus. In den letzten Jahren fiel der Verband mit seinem Vorstandsvorsitzenden Dieter Gorny eher durch unz\u00e4hlige Versuche auf, ilegale Downloads mit allen Mitteln verhindern zu wollen.\u2026","rel":"","context":"In &quot;Blog&quot;","block_context":{"text":"Blog","link":"https:\/\/www.jazzzeitung.de\/cms\/thema\/blog\/"},"img":{"alt_text":"","src":"","width":0,"height":0},"classes":[]},{"id":8976,"url":"https:\/\/www.jazzzeitung.de\/cms\/2016\/04\/newsdie-preistraeger-des-echo-jazz-2016-stehen-fest\/","url_meta":{"origin":14400,"position":2},"title":"Die Preistr\u00e4ger des ECHO Jazz 2016 stehen fest","author":"Redaktion JazzZeitung","date":"19. April 2016","format":false,"excerpt":"Die Preistr\u00e4ger des ECHO Jazz 2016 stehen fest. Wie die Deutsche Phono-Akademie, das Kulturinstitut des Bundesverbandes Musikindustrie (BVMI), heute .mitteilte, darf sich in der Kategorie \u201eEnsemble des Jahres national\" das Michael Wollny Trio \u00fcber eine .Auszeichnung f\u00fcr \u201eNacht-fahrten\" freuen, \u201eEnsemble des Jahres international\" ist das Jazz-Quartett James Farm um Saxophonist\u2026","rel":"","context":"In &quot;News&quot;","block_context":{"text":"News","link":"https:\/\/www.jazzzeitung.de\/cms\/thema\/nachrichten\/"},"img":{"alt_text":"ECHO Jazz 2013 am 23.04.2013 in der Fischauktionshalle Hamburg \/\/\/ Foto: Monique Wuestenhagen \/ BVMI","src":"https:\/\/i0.wp.com\/www.jazzzeitung.de\/cms\/wp-content\/uploads\/2016\/04\/wuestenhagen_echojazz2013_54901-150x150.jpg?resize=350%2C200","width":350,"height":200},"classes":[]},{"id":974,"url":"https:\/\/www.jazzzeitung.de\/cms\/2011\/05\/manfred-eicher-lehnt-echo-ab\/","url_meta":{"origin":14400,"position":3},"title":"Manfred Eicher lehnt ECHO ab","author":"Ursula Gaisa","date":"6. Mai 2011","format":false,"excerpt":"Eine interessante Meldung hat uns heute erreicht:\u00a0 Es sei \"sch\u00f6n zu lesen, welch wunderliche Preise Sie in Ihren Echo-Jurysitzungen hin und wieder hervorbringen und dann auch verleihen m\u00f6chten\", lie\u00df ECM-Labelgr\u00fcnder Manfred Eicherden Bundesverband Musikindustrie und die Deutsche Phono-Akademie wissen. Diese hatten dem ECM-Chef einen Echo in der Kategorie \"F\u00f6rderer des\u2026","rel":"","context":"In &quot;Blog&quot;","block_context":{"text":"Blog","link":"https:\/\/www.jazzzeitung.de\/cms\/thema\/blog\/"},"img":{"alt_text":"","src":"","width":0,"height":0},"classes":[]},{"id":14017,"url":"https:\/\/www.jazzzeitung.de\/cms\/2017\/10\/konzertierte-verantwortungslosigkeit-der-ndr-und-der-echo-jazz-2017\/","url_meta":{"origin":14400,"position":4},"title":"Konzertierte Verantwortungslosigkeit: Der NDR und der ECHO Jazz 2017","author":"Huflaikhan","date":"28. Oktober 2017","format":false,"excerpt":"Die Kontroverse um die Titelauswahl f\u00fcr den Auftritt Anna-Lena Schnabels bei Echo Jazz 2017 nimmt immer mehr Z\u00fcge der Absurdit\u00e4t an. Dabei sind die Dinge, die man wei\u00df und die Dinge, die man nicht wei\u00df mehr oder weniger bekannt. Im Konflikt sind Aussagen von Anna-Lena Schnabel, dem NDR, dem Bundesverband\u2026","rel":"","context":"In &quot;Blog&quot;","block_context":{"text":"Blog","link":"https:\/\/www.jazzzeitung.de\/cms\/thema\/blog\/"},"img":{"alt_text":"Wir m\u00fcssen drau\u00dfen bleiben. Jazz ohne Echo. Foto: Hufner","src":"https:\/\/i0.wp.com\/www.jazzzeitung.de\/cms\/wp-content\/uploads\/2017\/10\/alles_bio_qualitaet.jpg?fit=1200%2C783&ssl=1&resize=350%2C200","width":350,"height":200,"srcset":"https:\/\/i0.wp.com\/www.jazzzeitung.de\/cms\/wp-content\/uploads\/2017\/10\/alles_bio_qualitaet.jpg?fit=1200%2C783&ssl=1&resize=350%2C200 1x, https:\/\/i0.wp.com\/www.jazzzeitung.de\/cms\/wp-content\/uploads\/2017\/10\/alles_bio_qualitaet.jpg?fit=1200%2C783&ssl=1&resize=525%2C300 1.5x, https:\/\/i0.wp.com\/www.jazzzeitung.de\/cms\/wp-content\/uploads\/2017\/10\/alles_bio_qualitaet.jpg?fit=1200%2C783&ssl=1&resize=700%2C400 2x, https:\/\/i0.wp.com\/www.jazzzeitung.de\/cms\/wp-content\/uploads\/2017\/10\/alles_bio_qualitaet.jpg?fit=1200%2C783&ssl=1&resize=1050%2C600 3x"},"classes":[]},{"id":16133,"url":"https:\/\/www.jazzzeitung.de\/cms\/2018\/05\/schwer-getruebte-freude-der-echo-jazz-gewinnerinnen-in-diesem-jahr\/","url_meta":{"origin":14400,"position":5},"title":"Schwer getr\u00fcbte Freude der ECHO-Jazz-Gewinnerinnen in diesem Jahr","author":"Huflaikhan","date":"23. Mai 2018","format":false,"excerpt":"Neulich noch markte ich an, dass bei all dem Trubel um die letzte Echo-Verleihung aus dem Jazz-Bereich kaum Reaktionen zu vermelden waren. Weder in positiver noch in negativer Hinsicht. Es war einfach ruhig. Kaum jemand pflegte sich in Position zu spielen. Schon gar nicht aus dem Kreis derjenigen, die diesen\u2026","rel":"","context":"In &quot;Blog&quot;","block_context":{"text":"Blog","link":"https:\/\/www.jazzzeitung.de\/cms\/thema\/blog\/"},"img":{"alt_text":"ECHO Jazz ist tot. Foto: Hufner","src":"https:\/\/i0.wp.com\/www.jazzzeitung.de\/cms\/wp-content\/uploads\/2018\/05\/echo_jazz_tot.jpg?fit=1200%2C795&ssl=1&resize=350%2C200","width":350,"height":200,"srcset":"https:\/\/i0.wp.com\/www.jazzzeitung.de\/cms\/wp-content\/uploads\/2018\/05\/echo_jazz_tot.jpg?fit=1200%2C795&ssl=1&resize=350%2C200 1x, https:\/\/i0.wp.com\/www.jazzzeitung.de\/cms\/wp-content\/uploads\/2018\/05\/echo_jazz_tot.jpg?fit=1200%2C795&ssl=1&resize=525%2C300 1.5x, https:\/\/i0.wp.com\/www.jazzzeitung.de\/cms\/wp-content\/uploads\/2018\/05\/echo_jazz_tot.jpg?fit=1200%2C795&ssl=1&resize=700%2C400 2x, https:\/\/i0.wp.com\/www.jazzzeitung.de\/cms\/wp-content\/uploads\/2018\/05\/echo_jazz_tot.jpg?fit=1200%2C795&ssl=1&resize=1050%2C600 3x"},"classes":[]}],"jetpack_sharing_enabled":true,"_links":{"self":[{"href":"https:\/\/www.jazzzeitung.de\/cms\/wp-json\/wp\/v2\/posts\/14400","targetHints":{"allow":["GET"]}}],"collection":[{"href":"https:\/\/www.jazzzeitung.de\/cms\/wp-json\/wp\/v2\/posts"}],"about":[{"href":"https:\/\/www.jazzzeitung.de\/cms\/wp-json\/wp\/v2\/types\/post"}],"author":[{"embeddable":true,"href":"https:\/\/www.jazzzeitung.de\/cms\/wp-json\/wp\/v2\/users\/2"}],"replies":[{"embeddable":true,"href":"https:\/\/www.jazzzeitung.de\/cms\/wp-json\/wp\/v2\/comments?post=14400"}],"version-history":[{"count":6,"href":"https:\/\/www.jazzzeitung.de\/cms\/wp-json\/wp\/v2\/posts\/14400\/revisions"}],"predecessor-version":[{"id":14435,"href":"https:\/\/www.jazzzeitung.de\/cms\/wp-json\/wp\/v2\/posts\/14400\/revisions\/14435"}],"wp:featuredmedia":[{"embeddable":true,"href":"https:\/\/www.jazzzeitung.de\/cms\/wp-json\/wp\/v2\/media\/14403"}],"wp:attachment":[{"href":"https:\/\/www.jazzzeitung.de\/cms\/wp-json\/wp\/v2\/media?parent=14400"}],"wp:term":[{"taxonomy":"category","embeddable":true,"href":"https:\/\/www.jazzzeitung.de\/cms\/wp-json\/wp\/v2\/categories?post=14400"},{"taxonomy":"post_tag","embeddable":true,"href":"https:\/\/www.jazzzeitung.de\/cms\/wp-json\/wp\/v2\/tags?post=14400"},{"taxonomy":"author","embeddable":true,"href":"https:\/\/www.jazzzeitung.de\/cms\/wp-json\/wp\/v2\/coauthors?post=14400"}],"curies":[{"name":"wp","href":"https:\/\/api.w.org\/{rel}","templated":true}]}}