{"id":14373,"date":"2017-11-26T12:00:58","date_gmt":"2017-11-26T11:00:58","guid":{"rendered":"https:\/\/www.jazzzeitung.de\/cms\/?p=14373"},"modified":"2017-11-21T17:28:12","modified_gmt":"2017-11-21T16:28:12","slug":"die-jazz-radiowoche-vom-27-11-bis-03-12-2017","status":"publish","type":"post","link":"https:\/\/www.jazzzeitung.de\/cms\/2017\/11\/die-jazz-radiowoche-vom-27-11-bis-03-12-2017\/","title":{"rendered":"Die Jazz-Radiowoche vom 27.11. bis 03.12.2017"},"content":{"rendered":"<p>Ein subjektiver Blick in die Jazzwoche 48 im Radio. Unter anderem mit: Pedro Martins, Al Jarreau, Miles Davis\u2019 Capitol Orchestra, Neues aus den Niederlanden, Fred Frith, Gunter Hampel, SWR Jazzpreis 2017, Florian Ross Quintett, Lee Morgen Live at The Lighthouse, Yosuke Yamashita, Art Pepper, Jasper van\u00b4t Hof, Avishai Cohen, Chano Dominguez, Trygve Seims Helsinki Quartet, Lorenz Kellhuber, JazzLab, Scott DuBois Quartet, Jazz und der Recording Ban in den USA, Walter Becker und Steely Dan, Christian McBride, Bigband Urknall feat. Gilad Atzmon und NDR Bigband.<\/p>\n<ul>\n<li>Die \u00dcbersicht zum <a href=\"https:\/\/service.conbrio.de\/service\/download\/278\/\">Download als PDF<\/a>.<\/li>\n<\/ul>\n<p>Alle Angaben ohne Gew\u00e4hr.<\/p>\n<hr \/>\n<h2>Jazz im Radio (Fernsehen)<\/h2>\n<hr \/>\n<ul>\n<li><strong>SR2<\/strong> \u2013 <a href=\"http:\/\/www.sr.de\/sr\/sr2\/sendungen_a-z\/uebersicht\/jazznow\/index.html\">JazzNow<\/a> \u2013 Sonntags von 20.04 bis 22.30 Uhr<\/li>\n<li><strong>BR-KLASSIK \u2013 <\/strong><a href=\"https:\/\/www.br-klassik.de\/themen\/jazz-und-weltmusik\/jazztime-die-ganze-welt-des-jazz-100.html\">Jazztime<\/a><strong> \u2013 <\/strong>Von Montag bis Freitag t\u00e4glich um 23.05 Uhr<\/li>\n<li><strong>rbb-kulturradio<\/strong> \u2013 <a href=\"https:\/\/www.kulturradio.de\/programm\/schema\/sendungen\/late_night_jazz.html\">Late Night Jazz<\/a> \u2013 Sa und So 23:04 \u2013 24:00 Uhr<\/li>\n<li><strong>hr2-kultur<\/strong> \u2013 <a href=\"http:\/\/www.hr2.de\/musik\/jazz\/index.html\">Jazz in hr2-kultur<\/a> \u2013 t\u00e4glich<\/li>\n<li><strong>SWR2<\/strong> \u2013 <a href=\"https:\/\/www.swr.de\/swr2\/programm\/sendungen\/jazz\/startseite-mit-vorschau\/-\/id=659242\/did=13778140\/nid=659242\/13ttn4d\/index.html\">Jazz<\/a> \u2013 t\u00e4glich<\/li>\n<li><strong>WDR3<\/strong> \u2013 <a href=\"http:\/\/www1.wdr.de\/radio\/wdr3\/programm\/sendungen\/wdr3-jazz-world\/index.html\">JAZZ &amp; WORLD<\/a> \u2013 Improvisiertes zum Tagesausklang \u2013 Montag bis Freitag, 22.04 \u2013 0:00 Uhr<\/li>\n<li><strong>Deutschlandfunk<\/strong> \u2013 <a href=\"http:\/\/www.deutschlandfunk.de\/jazz.747.de.html\">Jazz (\u00dcberblick)<\/a> \u2013 <a href=\"http:\/\/www.deutschlandfunk.de\/jazz-live.822.de.html\">Jazz Live<\/a>, <a href=\"http:\/\/www.deutschlandfunk.de\/jazzfacts.824.de.html\">JazzFacts<\/a> und <a href=\"http:\/\/www.deutschlandfunk.de\/milestones.1805.de.html\">Milestones<\/a><\/li>\n<li><strong>Deutschlandfunk Kultur<\/strong> \u2013 <a href=\"http:\/\/www.deutschlandfunkkultur.de\/jazz.1142.de.html\">Jazz<\/a> \u2013 diverse Sendetermine<\/li>\n<li><strong>ARTE TV<\/strong> \u2013 <a href=\"https:\/\/www.arte.tv\/de\/videos\/arte-concert\/jazz\/?xtor=AD-6-%5bMV_CFR_ARTE_DE_Google_GEN_GDN%5d-%5bGDN_GEN_Arte_Concerts_Jazz%5d-C-%5bjazz%20musik%5d\">Jazz<\/a><\/li>\n<\/ul>\n<hr \/>\n<h2>27.11.2017<\/h2>\n<hr \/>\n<p>00:05 bis 02:00 | SWR 2<br \/>\n<strong>SWR2 Spezial: 50. SWR NEWJazz Meeting \u2013 Pedro Martins: Spider&#8217;s Egg<\/strong><\/p>\n<p style=\"padding-left: 30px;\">(Zeitversetzte \u00dcbertragung des Abschlusskonzerts aus dem Tollhaus Karlsruhe) Mit dem 24-j\u00e4hrigen brasilianischen Gitarristen Pedro Martins hat im Jahr 2017 erstmals ein Musiker aus S\u00fcdamerika das SWR NEWJazz Meeting kuratiert. F\u00fcr die Jubil\u00e4ums-Ausgabe des legend\u00e4ren Klanglabors f\u00fcr improvisierte Musik stellte er eine Wunsch-Band zusammen, die in dieser Besetzung noch nie zusammengespielt hat. \u201eSpider&#8217;s Egg\u201c nennt er das Sextett mit internationalen Improvisatorinnen und Improvisatoren, die eine Woche lang im Studio 2 in Baden-Baden experimentierten und ein Programm erarbeiteten. Anschlie\u00dfend ging die Formation auf Tour durchs Sendegebiet und stellte die Ergebnisse in Konzerten der \u00d6ffentlichkeit vor. Wir bringen heute den Mitschnitt vom abschlie\u00dfenden Konzert des 50. SWR NEWJazz Meetings aus dem Karlsruher Tollhaus.<\/p>\n<p style=\"padding-left: 30px;\">Pedro Martins: Spider&#8217;s Egg \u2013 Pedro Martins, Gitarre, Stimme; Genevieve Artadi, Stimme, Keyboards; David Binney, Altsaxofon; Sebastian Gille, Tenorsaxofon; Frederico Heliodoro, Elektrik Bass; Antonio Loureiro, Schlagzeug<\/p>\n<p>17:50 bis 18:00 | SWR 2<br \/>\n<strong>SWR2 Jazz vor Sechs \u2013 Craig Taborn<\/strong><\/p>\n<p>19:04 bis 20:00 | hr2-kultur<br \/>\n<strong>H\u00f6rbar: Musik grenzenlos<\/strong><\/p>\n<p>19:35 bis 20:00 | MDR Kultur<br \/>\n<strong>MDR KULTUR \u2013 Jazz Lounge: Al Jarreau, Vocal<\/strong><\/p>\n<p>20:05 bis 22:00 | MDR Kultur<br \/>\n<strong>MDR KULTUR im Konzert: MDR KULTUR \u2013 Theaterkahn<\/strong><\/p>\n<p style=\"padding-left: 30px;\">Anna Depenbusch pr\u00e4sentiert ihr Programm \u201eDas Alphabet der Anna Depenbusch\u201c solo und Erik Manouz stellt seine aktuelle CD \u201eTausend und ein Mensch\u201c vor. (Aufnahme vom 23.11.2017, Dresden, Theaterkahn)<\/p>\n<p>22:05 bis 23:00 | NDR Info<br \/>\n<strong>Play Jazz! Das Jazzmagazin \u2013 Mit Sarah Seidel<\/strong><\/p>\n<p style=\"padding-left: 30px;\">Das Magazin aus der Welt des Jazz. Auf dem Programm stehen aktuelle CDs (darunter das \u201eAlbum der Woche\u201c) und Klassiker, Portr\u00e4ts von K\u00fcnstlern und Plattenfirmen, Konzerte, B\u00fccher und Filme. Play Jazz! sp\u00fcrt Trends nach und erinnert in der Rubrik \u201eRemember\u201c an die gro\u00dfen Momente der Jazzgeschichte. Im \u201eFenster nach Europa\u201c gibt es regelm\u00e4\u00dfig H\u00f6hepunkte von allen bedeutenden europ\u00e4ischen Jazzfestivals. Play Jazz! blickt auf die Jazz Szene im Sendegebiet und informiert in Interviews und Reportagen \u00fcber die Arbeit von Clubs, Jazzinitiativen und Festivals in Norddeutschland.<\/p>\n<p>22:30 bis 23:00 | hr2-kultur<br \/>\n<strong>Jazz Now: Aus dem Dschungel der Neuver\u00f6ffentlichungen<\/strong><\/p>\n<p style=\"padding-left: 30px;\">Heute u.a. mit: Brian Blade &amp; The Fellowship Band | Acher \/ Enders \/ Oestreicher \/ Curtis |<\/p>\n<p>22:30 bis 00:00 | WDR 3<br \/>\n<strong>WDR 3 Jazz &amp; World: \u201e&#8230; differentiate the hot from the cool\u201c \u2013 Miles Davis\u2019 Capitol Orchestra<\/strong><\/p>\n<p>23:05 bis 00:00 | BR-KLASSIK<br \/>\n<strong>Jazztime: Jazztoday \u2013 Neues aus den Niederlanden<\/strong><\/p>\n<p style=\"padding-left: 30px;\">Aktuelle CDs von Sietske Roscam Abbing, Marc van Roon und Paul van Kemenade. Auswahl und Moderation: Henning Sieverts<\/p>\n<hr \/>\n<h2>28.11.2017<\/h2>\n<hr \/>\n<p>01:05 bis 05:00 | Deutschlandfunk Kultur<br \/>\n<strong>Tonart: Jazz<\/strong><\/p>\n<p>17:50 bis 18:00 | SWR 2<br \/>\n<strong>SWR2 Jazz vor Sechs<\/strong><\/p>\n<p>19:35 bis 20:00 | MDR Kultur<br \/>\n<strong>MDR KULTUR \u2013 Jazz Lounge<\/strong><\/p>\n<p>20:04 bis 22:00 | WDR 3<br \/>\n<strong>WDR 3 Konzert: European Jazz Legends \u2013 Fred Frith \/ Gunter Hampel<\/strong><\/p>\n<p style=\"padding-left: 30px;\">Fred Frith: Fred Frith, git; Lotte Anker, sax; Samuel D\u00fchler, dr \/ Gunter Hampel: Gunter Hampel, vib, bcl, p, fl, sax; Johannes Schleiermacher, sax, fl; Bernd Oezsevim, dr; Andreas Lang, b; Cavana Lee-Hampel, voc. Aufnahmen aus dem Theater G\u00fctersloh<\/p>\n<p>21:03 bis 22:00 | SWR 2<br \/>\n<strong>SWR2 Jazz Session: SWR Jazzpreis 2017: Impulsgeber<\/strong><\/p>\n<p style=\"padding-left: 30px;\">Der Schlagzeuger Christian Lillinger mit seinem Septett Grund und im Quartett Dell \/ Brecht \/ Lillinger \/ Westergaard. Mit Aufnahmen vom Preistr\u00e4gerkonzert beim Festival Enjoy Jazz. Am Mikrofon: Julia Neupert<\/p>\n<p style=\"padding-left: 30px;\">Dreimal schon war er nominiert, in diesem Jahr hat der Schlagzeuger Christian Lillinger ihn nun endlich bekommen \u2013 den gemeinsam vom Land Rheinland-Pfalz und dem SWR gestifteten \u00e4ltesten deutschen Jazzpreis. Geboren 1984 in L\u00fcbben, im Spreewald, hat Christian Lillinger an der Dresdner Hochschule f\u00fcr Musik studiert und seit seinem Umzug nach Berlin die dortige Szene ma\u00dfgeblich mitbestimmt. Obwohl er immer noch zu den Vertretern einer jungen Generation von Jazzmusikern z\u00e4hlt, hat sich Lillinger mittlerweile auch schon ein bemerkenswertes internationales Renommee erspielt. Beim Preistr\u00e4gerkonzert im Rahmen des Festivals Enjoy Jazz am 10. Oktober trat der Berliner Schlagzeuger im Ludwigsburger Kulturzentrum dasHaus mit seinem Septett Grund auf (Christian Lillinger, Pierre Borel, Tobias Delius, Achim Kaufmann, Christopher Dell, Robert Landfermann und Jonas Westergaard). Au\u00dferdem pr\u00e4sentierte er sich mit seinem neuen Quartett mit Christopher Dell, Johannes Brecht und Jonas Westergaard.<\/p>\n<p>21:05 bis 22:00 | Deutschlandfunk<br \/>\n<strong>Jazz Live: Florian Ross Quintett \u201eLines &amp; Crosscurrents\u201c<\/strong><\/p>\n<p style=\"padding-left: 30px;\">Florian Ross \u2013 Piano, Synthesizer; Markus Segschneider \u2013 Pedal Steel Guitar, E-Gitarre; Niels Klein \u2013 Klarinette, Tenorsaxofon, Elektronik; David Helm \u2013 Kontrabass; Fabian Arends \u2013 Schlagzeug. Jazzclub Karlsruhe im Kulturzentrum Tempel, 14.4.2016. Am Mikrofon: Harald Rehmann<\/p>\n<p style=\"padding-left: 30px;\">Ob Florian Ross seiner kreativen Fantasie auf dem Konzertfl\u00fcgel freien Lauf l\u00e4sst oder mit elektronischen Keyboards und Effekten experimentiert \u2013 stets offenbaren sich Entdeckergeist und Abenteuerlust des 45-J\u00e4hrigen auf verbl\u00fcffende Weise. Was auch immer der in K\u00f6ln lebende Pianist plant und realisiert, ger\u00e4t ausnahmslos zu Meisterst\u00fccken voller Originalit\u00e4t und \u00dcberraschungspotenzial. Sei es als unbegleiteter Solist, als Hammond-Organist, als Big-Band-Leiter oder mit seinen Combobesetzungen \u2013 immer bietet Florian Ross Allerfeinstes f\u00fcr Kopf und Gef\u00fchl. So bereichert auch das Quintettprojekt \u201aLines &amp; Crosscurrents&#8216; konventionelle H\u00f6rgewohnheiten um ausgefallene Noten. Die kommen in dem Fall von einem Instrument, das man im Jazz \u00fcberhaupt nicht vermutet: der Pedal Steel Guitar, die eher in Country &amp; Western zu Hause ist, sich hier aber wunderbar integriert.<\/p>\n<p style=\"padding-left: 30px;\">Wer Gefallen findet an perfekt zelebrierter Musik zwischen den Stilen, wird von Florian Ross und \u201aLines &amp; Crosscurrents&#8216; jedenfalls bestens bedient.<\/p>\n<p>22:00 bis 00:00 | Bremen Zwei<br \/>\n<strong>Jazz Grooves: Die ganz Welt des Jazz <\/strong><\/p>\n<p style=\"padding-left: 30px;\">Blue Note, Big Band, Neuerscheinungen und bekannte Stars \u2013 und Tipps zum Konzertgeschehen in Bremen und der Region.<\/p>\n<p>22:04 bis 00:00 | WDR 3<br \/>\n<strong>WDR 3 Jazz &amp; World: Lee Morgen Live at The Lighthouse<\/strong><\/p>\n<p style=\"padding-left: 30px;\">Lee Morgan, tr, flh; Bennie Maupin, fl, bcl, ts; Harold Mabern, p; Jymie Merritt, b; Jack DeJohnette und Mickey Roker, dr. Aufnahmen vom 10. bis 12. Juli 1970 aus Hermosa Beach<\/p>\n<p>22:05 bis 23:00 | NDR Info<br \/>\n<strong>Play Jazz! Das Jazzmagazin \u2013 Mit Sarah Seidel<\/strong><\/p>\n<p>22:30 bis 23:00 | hr2-kultur<br \/>\n<strong>Jazzgroove: An den R\u00e4ndern des Jazz | heute u.a. mit: Radio Citizen | Jazz Loves Disney 2: Jacob Collier |<\/strong><\/p>\n<p>23:05 bis 00:00 | BR-KLASSIK<br \/>\n<strong>Jazztime: Piano and straight \u2013 Der wandelbare Bilderst\u00fcrmer: Musik des Pianisten Yosuke Yamashita<\/strong><\/p>\n<hr \/>\n<h2>29.11.2017<\/h2>\n<hr \/>\n<p>17:50 bis 18:00 | SWR 2<br \/>\n<strong>SWR2 Jazz vor Sechs<\/strong><\/p>\n<p>19:05 bis 20:00 | BR-KLASSIK<br \/>\n<strong>Classic Sounds in Jazz: Blue autumn<\/strong><\/p>\n<p style=\"padding-left: 30px;\">Mit Musik von Chet Baker, Eric Clapton, Bill Evans, Cannonball Adderley und anderen. Moderation und Auswahl: Roland Spiegel<\/p>\n<p>19:35 bis 20:00 | MDR Kultur<br \/>\n<strong>MDR KULTUR \u2013 Jazz Lounge: Art Pepper, Saxophon<\/strong><\/p>\n<p>22:04 bis 00:00 | WDR 3<br \/>\n<strong>WDR 3 Jazz &amp; World: 50 Years on Stage \u2013 Der niederl\u00e4ndische Pianist Jasper van\u00b4t Hof<\/strong><\/p>\n<p>22:05 bis 23:00 | NDR Info<br \/>\n<strong>Play Jazz! Das Jazzmagazin \u2013 Mit Sarah Seidel<\/strong><\/p>\n<p>22:30 bis 23:00 | hr2-kultur<br \/>\n<strong>Jazzfacts<\/strong><\/p>\n<p>23:05 bis 00:00 | BR-KLASSIK<br \/>\n<strong>Jazztime: Jazz aus N\u00fcrnberg: Special \u2013 \u201eCross my palm with silver\u201c<\/strong><\/p>\n<p style=\"padding-left: 30px;\">Der israelisch-amerikanische Trompeter Avishai Cohen beim 5. NUEJAZZ Festival. Konzertmitschnitt vom 10. November 2017 im Staatstheater N\u00fcrnberg. Moderation und Auswahl: Beate Sampson<\/p>\n<hr \/>\n<h2>30.11.2017<\/h2>\n<hr \/>\n<p>17:50 bis 18:00 | SWR 2<br \/>\n<strong>SWR2 Jazz vor Sechs<\/strong><\/p>\n<p>19:35 bis 20:00 | MDR Kultur<br \/>\n<strong>MDR KULTUR \u2013 Jazz Lounge<\/strong><\/p>\n<p>21:00 bis 22:00 | MDR Kultur<br \/>\n<strong>MDR KULTUR \u2013 Jazz: Classics<\/strong><\/p>\n<p>21:05 bis 22:00 | Deutschlandfunk<br \/>\n<strong>JazzFacts: Andalum\u00e9rica \u2013 Der Flamenco-Jazz des Pianisten Chano Dominguez<\/strong><\/p>\n<p style=\"padding-left: 30px;\">Von Karsten M\u00fctzelfeldt. Geboren wurde er in der andalusischen Flamencohochburg C\u00e1diz, seine heutige Wahlheimat ist New York. Der spanische Pianist Chano Dominguez beherrscht Jazz und Flamenco gleicherma\u00dfen und vereint beide Musiksprachen wie kaum ein anderer. An der Beschw\u00f6rung der Gemeinsamkeiten hat es nie gemangelt. Der Flamenco wird gern als der iberische Blues bezeichnet, nicht minder leidenschaftlich, wie der Jazz ein Hybrid, der unterschiedlichste Einfl\u00fcsse in sich vereint und die popul\u00e4re Musik der letzten Jahrzehnte nachhaltig gepr\u00e4gt hat. Seine Protagonisten geh\u00f6ren \u2013 wie in den USA die Afro-Amerikaner \u2013 zu einer Minderheit. Und wer mag, darf noch die H\u00fcter \u00e4sthetischer Ordnung mit zu den Gemeinsamkeiten z\u00e4hlen: hier die Puristen der Jazzpolizei, dort die Puristen des Flamenco, stets bereit, ihr Urteil nach dem strengen Reinheitsgebot zu f\u00e4llen. Chano Dominguez ist derzeit die treibende Kraft dieser Fusion und derjenige, der zu den \u00fcberzeugendsten Resultaten gelangt.<\/p>\n<p>22:04 bis 00:00 | WDR 3<br \/>\n<strong>WDR 3 Jazz &amp; World: Szene NRW \u2013 Aktuelles aus der Region: Wuppertaler Aussichten<\/strong><\/p>\n<p>22:05 bis 23:00 | NDR Info<br \/>\n<strong>Play Jazz! Das Jazzmagazin \u2013 Mit Sarah Seidel<\/strong><\/p>\n<p>22:30 bis 23:00 | hr2-kultur<br \/>\n<strong>Jazz Now: Aus dem Dschungel der Neuver\u00f6ffentlichungen<\/strong><\/p>\n<p>23:03 bis 00:00 | SWR 2<br \/>\n<strong>SWR2 NOWJazz Session: Trygve Seims Helsinki Quartet im Tollhaus, Karlsruhe<\/strong><\/p>\n<p style=\"padding-left: 30px;\">Am Mikrofon: Tinka Koch. Der Saxofonist Trygve Seim ist ein vielseitiger Vertreter der lebendigen aktuellen norwegischen Jazzszene. Immer wieder neue Projekte und unterschiedlichste Formationen (unter anderem mit einer Operns\u00e4ngerin) zeugen von seiner musikalischen Neugierde und Offenheit. Diese Eigenschaften hat auch Seims Helsinki Quartet, das er als Hommage an seine Zeit in Helsinki gegr\u00fcndet hat, wo Seim im Rahmen der Finnischen Komponistengesellschaft Artist in Residence war. Mit diesem Quartett war Trygve Seim zu Gast im Tollhaus in Karlsruhe. Nordischen Charme brachten auch seine drei versierten Bandkollegen mit: der Estl\u00e4nder Kristjan Randalu am Klavier, der Norweger Mats Eilertsen am Kontrabass und der Finne Markku Ounaskari am Schlagzeug.<\/p>\n<p>23:05 bis 00:00 | BR-KLASSIK<br \/>\n<strong>Jazztime: All that Jazz \u2013 Der Pianist Lorenz Kellhuber<\/strong><\/p>\n<p style=\"padding-left: 30px;\">Moderation und Auswahl: Ssirus W. Pakzad. 2014 ging der junge deutsche Pianist Lorenz Kellhuber aus der \u201eParmigiani Montreux Jazz Solo Piano Competition\u201c als Sieger hervor. Es war nicht die erste, wohl aber bedeutendste Auszeichnung f\u00fcr den heute 27-J\u00e4hrigen. Der wuchs als Sohn zweier bekannter Kirchenmusiker in Regensburg auf, erhielt zun\u00e4chst eine klassische Ausbildung und entdeckte dann den Jazz f\u00fcr sich. Noch im Teenager-Alter studierte er bei Koryph\u00e4en wie Kurt Rosenwinkel, Hubert Nuss, Greg Cohen und John Hollenbeck in Berlin, wechselte aber zwischenzeitlich auch nach New York, um seinen Klavierk\u00fcnsten durch Lehrer wie Aaron Goldberg und Fred Hersch den letzten Schliff zu verleihen. Lorenz Kellhuber tritt als Solo-Pianist auf, betreibt ein Trio und steht seit 2015 auch dem Regensburger Uni-Jazzorchester vor.<\/p>\n<hr \/>\n<h2>01.12.2017<\/h2>\n<hr \/>\n<p>17:50 bis 18:00 | SWR 2<br \/>\n<strong>SWR2 Jazz vor Sechs<\/strong><\/p>\n<p>22:04 bis 00:00 | WDR 3<br \/>\n<strong>WDR 3 Jazz &amp; World: Can You Jazz? \u2013 Der Einfluss der Schwarzen Musik auf die K\u00f6lner Avantgarde-Band CAN<\/strong><\/p>\n<p>22:05 bis 23:00 | NDR Info<br \/>\n<strong>Jazz Special: JazzLab \u2013 Wenn Musiker sich eine Plattform bauen<\/strong><\/p>\n<p style=\"padding-left: 30px;\">Mit Felix Tenbaum. Die Hamburger Jazzszene ist bunt und vielf\u00e4ltig. Seit Jahren steigt die Zahl an Konzertreihen und Veranstaltungsorten. Entscheidenden Anteil an der hohen Qualit\u00e4t der Konzerte und Bands in der Hansestadt hat vor allem die junge Musikergeneration. Jahr f\u00fcr Jahr dr\u00e4ngen neue Talente in die Szene. Und die nehmen ihr Schicksal in die eigene Hand.<\/p>\n<p style=\"padding-left: 30px;\">Eine echte Erfolgsstory ist die von JazzLab. Rund 30 junge Musiker und Produzenten aus Hamburg sind in dem Kollektiv vernetzt. Sie schaffen sich damit nicht nur ein eigenes Label, auf dem sie ihre Musik ver\u00f6ffentlichen k\u00f6nnen. Sie vermarkten und managen sich auch und treten gemeinsam auf. Eine gleichnamige Konzertreihe findet au\u00dferdem im Hamburger Karoviertel statt. Im Technoclub \u201eVolt\u201c treffen lokale Bands und internationale Jazzgr\u00f6\u00dfen auf ein junges Publikum.<\/p>\n<p style=\"padding-left: 30px;\">JazzLab, das ist Musik, die sich mit der Frage nach dem urbanen Sound der Gro\u00dfstadt besch\u00e4ftigt. Hier experimentiert eine ganze Musikergeneration. Neugierig und ohne Genregrenzen \u2013 irgendwo zwischen modernem Jazz, elektronischer Musik und Rock.<\/p>\n<p>22:30 bis 23:00 | hr2-kultur<br \/>\n<strong>Swingtime: As time goes by \u2013 Am Mikrofon: Bill Ramsey<\/strong><\/p>\n<p>23:05 bis 00:00 | BR-KLASSIK<br \/>\n<strong>Jazztime: B\u00fchne frei im Studio 2 &#8230; f\u00fcr das Scott DuBois Quartet<\/strong><\/p>\n<p style=\"padding-left: 30px;\">Gebhard Ullman, Saxophon, Klarinette; Scott DuBois, Gitarre; Thomas Morgan, Bass; Kresten Osgood, Schlagzeug. Aufnahme vom 22. November 2017. Moderation und Auswahl: Beate Sampson<\/p>\n<p>23:30 bis 00:00 | SWR 2<br \/>\n<strong>SWR2 NOWJazz Update: Sonic Wilderness<\/strong><\/p>\n<p style=\"padding-left: 30px;\">Von Ulrich Kriest. Diese Reihe auf dem freit\u00e4glichen NOWJazz Update Sendeplatz f\u00fchrt in abenteuerliche Zwischenwelten des Jazz. Ob Improv, Electronica, Klangkunst, Noise oder Rock \u2013 f\u00fcr die atmosph\u00e4rischen Mixes mit Neuerscheinungen gibt es nur eine Regel: Die Lust am musikalischen Abenteuer muss h\u00f6rbar sein.<\/p>\n<hr \/>\n<h2>02.12.2017<\/h2>\n<hr \/>\n<p>17:05 bis 17:55 | Bayern 2<br \/>\n<strong>Jazz &amp; Politik: Politisches Feuilleton<\/strong><\/p>\n<p>18:05 bis 19:00 | BR-KLASSIK<br \/>\n<strong>Jazz und mehr: Die Klaren<\/strong><\/p>\n<p style=\"padding-left: 30px;\">Mit Musik von Anouar Brahem, Dave Holland, Lee Konitz, Marc-Andr\u00e9 Hamelin und anderen. Moderation und Auswahl: Roland Spiegel<\/p>\n<p>19:04 bis 20:00 | hr2-kultur<br \/>\n<strong>Live Jazz<\/strong><\/p>\n<p>19:30 bis 20:00 | MDR Kultur<br \/>\n<strong>MDR KULTUR \u2013 Jazz Lounge<\/strong><\/p>\n<p>20:15 bis 21:00 | NDR Info<br \/>\n<strong>Jazz Klassiker \u2013 Dezember 1947: Run auf die Studios: Jazz und der Recording Ban in den USA<\/strong><\/p>\n<p>22:03 bis 23:00 | SWR 2<br \/>\n<strong>SWR2 Jazztime: Home At Last \u2013 Die jazzaffinen Seiten von Walter Becker und Steely Dan<\/strong><\/p>\n<p style=\"padding-left: 30px;\">Von Michael R\u00fcsenberg. Steely Dan war die erfolgreichste unter den k\u00fcnstlerisch ambitionierten Rockbands. Walter Becker und Donald Fagen, die beiden Gr\u00fcnder, haben in Jahrzehnten in einzigartiges Werk geschaffen, in dem nur eine einzige Fremdkomposition auftaucht: \u201eEast St. Louis Toodle-Oo\u201c von Duke Ellington.\u2028Becker und Fagen waren beziehungsweise sind Jazzfans. Jazzelemente pr\u00e4gen ihre St\u00fccke, die gleichwohl Songs bleiben. Meisterwerke wie \u201eAja\u201c und \u201eGaucho\u201c w\u00e4ren ohne Wayne Shorter und Steve Gadd, ohne Joe Sample und Michael Brecker undenkbar gewesen. Walter Becker, Gitarrist, S\u00e4nger und gelegentlich Bassist bei Steely Dan, ist am 3. September 2017 im Alter von 67 Jahren verstorben. Wir nehmen dies zum Anlass, noch einmal die faszinierenden, jazzaffinen Seiten von ihm und von Steely Dan aufzubl\u00e4ttern.<\/p>\n<p>22:04 bis 00:00 | WDR 3<br \/>\n<strong>WDR 3 Open Sounds: Week-End Fest 2017 (1)<\/strong><\/p>\n<p style=\"padding-left: 30px;\">Holly Herndon, Laurel Halo und July Byrne. Aufnahme aus der Stadthalle K\u00f6ln-M\u00fclheim<\/p>\n<p>22:05 bis 23:00 | NDR Info<br \/>\n<strong>Jazz Konzert: Christian McBride beim Kunstflecken Neum\u00fcnster<\/strong><\/p>\n<p style=\"padding-left: 30px;\">Mit Felix Tenbaum. 2016 wurde der Bassist Christian McBride zum wiederholten Mal mit einem Grammy ausgezeichnet \u2013 f\u00fcr das beste improvisierte Jazzsolo. Dabei ist er eben erst 45 geworden. Im US-Radiosender NPR hat er eine eigene, w\u00f6chentliche Radio-Show, ist k\u00fcnstlerischer Leiter des Newport Jazz Festivals 2017 und der Jazzreihe der Los Angeles Philharmonics. Doch McBride ist kein Jazzvirtuose aus dem Elfenbeinturm. Auch Soul und R&amp;B sind Bestandteile seiner musikalischen DNA. Christian McBride ist ein offenherziger, dem Menschen zugewandter Verf\u00fchrer, der sein Publikum mitzurei\u00dfen versteht. In Neum\u00fcnster spielte er am 15. September 2017 mit seinem Quartett New Jawn: Marcus Strickland (Saxofone), Josh Evans (Trompete), Nasheet Waits (Drums) beim Kunstflecken.<\/p>\n<hr \/>\n<h2>03.12.2017<\/h2>\n<hr \/>\n<p>00:05 bis 04:58 | Bayern 2:<br \/>\n<strong>radioJazznacht extra \u2013 Aktuelle Live-Mitschnitte des BR<\/strong><\/p>\n<p style=\"padding-left: 30px;\">Highlights, Hintergr\u00fcnde, Impressionen. Moderation: Ulrich Habersetzer und Roland Spiegel<\/p>\n<p>19:04 bis 20:00 | hr2-kultur<br \/>\n<strong>hr-Bigband<\/strong><\/p>\n<p>20:04 bis 22:30 | SR2 KulturRadio<br \/>\n<strong>JazzNow: 27. Internationalen St. Wendeler Jazztage \u2013 35 Jahre Bigband Urknall feat. Gilad Atzmon<\/strong><\/p>\n<p style=\"padding-left: 30px;\">Mit Johannes Kloth. Aufnahme vom 17. September 2017 im Saalbau, St. Wendel<\/p>\n<p>22:05 bis 23:00 | NDR Info<br \/>\n<strong>Jazz NDR Bigband: NDR Bigband Magazin Vol. 2<\/strong><\/p>\n<p style=\"padding-left: 30px;\">Mit Henry Altmann. Was verbirgt sich hinter einer neuen CD? Welche Konzerte stehen im Kalender? Wer ist zu Gast bei der NDR Bigband und realisiert ein neues musikalisches Konzept? Einmal im Monat blickt Moderator Henry Altmann auf aktuelle und kommende Projekte, Konzerte und CD-Produktionen der NDR Bigband. Dazu spricht er mit Musikern, pr\u00e4sentiert frische Aufnahmen und berichtet \u00fcber Hintergr\u00fcnde, im NDR Bigband Magazin auf NDR Info.<\/p>\n","protected":false},"excerpt":{"rendered":"<p>Ein subjektiver Blick in die Jazzwoche 48 im Radio. Unter anderem mit: Pedro Martins, Al Jarreau, Miles Davis\u2019 Capitol Orchestra, Neues aus den Niederlanden, Fred Frith, Gunter Hampel, SWR Jazzpreis 2017, Florian Ross Quintett, Lee Morgen Live at The Lighthouse, Yosuke Yamashita, Art Pepper, Jasper van\u00b4t Hof, Avishai Cohen, Chano Dominguez, Trygve Seims Helsinki Quartet, Lorenz Kellhuber, JazzLab, Scott DuBois Quartet, Jazz und der Recording Ban in den USA, Walter Becker und Steely Dan, Christian McBride, Bigband Urknall feat. Gilad Atzmon und NDR Bigband. Die \u00dcbersicht zum Download als PDF. Alle Angaben ohne Gew\u00e4hr. Jazz im Radio (Fernsehen) SR2 \u2013 JazzNow \u2013 Sonntags von 20.04 bis 22.30 Uhr BR-KLASSIK \u2013 Jazztime \u2013 Von Montag bis Freitag t\u00e4glich um 23.05 Uhr rbb-kulturradio \u2013 Late Night Jazz \u2013 Sa und So 23:04 \u2013 24:00 Uhr hr2-kultur \u2013 Jazz in hr2-kultur \u2013 t\u00e4glich SWR2 \u2013 Jazz \u2013 t\u00e4glich WDR3 \u2013 JAZZ &amp; WORLD \u2013 Improvisiertes zum Tagesausklang \u2013 Montag bis Freitag, 22.04 \u2013 0:00 Uhr Deutschlandfunk \u2013 Jazz (\u00dcberblick) \u2013 Jazz Live, JazzFacts und Milestones Deutschlandfunk Kultur \u2013 Jazz \u2013 diverse Sendetermine ARTE TV \u2013 Jazz 27.11.2017 00:05 &hellip;<\/p>\n","protected":false},"author":1,"featured_media":13661,"comment_status":"open","ping_status":"closed","sticky":false,"template":"","format":"standard","meta":{"_jetpack_memberships_contains_paid_content":false,"footnotes":"","jetpack_publicize_message":"","jetpack_publicize_feature_enabled":true,"jetpack_social_post_already_shared":false,"jetpack_social_options":{"image_generator_settings":{"template":"highway","default_image_id":0,"font":"","enabled":false},"version":2}},"categories":[633,452],"tags":[878,1776,1778,1786,1779,1785,1773,1771,1772,1777,1629,1781,1774,1036,1770,1664,1769,1783,1782,1289,1780,1784,1775],"coauthors":[650],"class_list":["post-14373","post","type-post","status-publish","format-standard","has-post-thumbnail","hentry","category-nachrichten","category-radio","tag-al-jarreau","tag-art-pepper","tag-avishai-cohen","tag-bigband-urknall-feat-gilad-atzmon","tag-chano-dominguez","tag-christian-mcbride","tag-florian-ross-quintett","tag-fred-frith","tag-gunter-hampel","tag-jasper-vant-hof","tag-jazz-im-radio","tag-jazzlab","tag-lee-morgen","tag-lorenz-kellhuber","tag-miles-davis-capitol-orchestra","tag-ndr-bigband","tag-pedro-martins","tag-recording-ban","tag-scott-dubois-quartet","tag-swr-jazzpreis","tag-trygve-seims-helsinki-quartet","tag-walter-becker-und-steely-dan","tag-yosuke-yamashita"],"yoast_head":"<!-- This site is optimized with the Yoast SEO plugin v27.5 - https:\/\/yoast.com\/product\/yoast-seo-wordpress\/ -->\n<title>Die Jazz-Radiowoche vom 27.11. bis 03.12.2017 - JazzZeitung<\/title>\n<meta name=\"robots\" content=\"index, follow, max-snippet:-1, max-image-preview:large, max-video-preview:-1\" \/>\n<link rel=\"canonical\" href=\"https:\/\/www.jazzzeitung.de\/cms\/2017\/11\/die-jazz-radiowoche-vom-27-11-bis-03-12-2017\/\" \/>\n<meta property=\"og:locale\" content=\"de_DE\" \/>\n<meta property=\"og:type\" content=\"article\" \/>\n<meta property=\"og:title\" content=\"Die Jazz-Radiowoche vom 27.11. bis 03.12.2017 - JazzZeitung\" \/>\n<meta property=\"og:description\" content=\"Ein subjektiver Blick in die Jazzwoche 48 im Radio. Unter anderem mit: Pedro Martins, Al Jarreau, Miles Davis\u2019 Capitol Orchestra, Neues aus den Niederlanden, Fred Frith, Gunter Hampel, SWR Jazzpreis 2017, Florian Ross Quintett, Lee Morgen Live at The Lighthouse, Yosuke Yamashita, Art Pepper, Jasper van\u00b4t Hof, Avishai Cohen, Chano Dominguez, Trygve Seims Helsinki Quartet, Lorenz Kellhuber, JazzLab, Scott DuBois Quartet, Jazz und der Recording Ban in den USA, Walter Becker und Steely Dan, Christian McBride, Bigband Urknall feat. Gilad Atzmon und NDR Bigband. Die \u00dcbersicht zum Download als PDF. Alle Angaben ohne Gew\u00e4hr. Jazz im Radio (Fernsehen) SR2 \u2013 JazzNow \u2013 Sonntags von 20.04 bis 22.30 Uhr BR-KLASSIK \u2013 Jazztime \u2013 Von Montag bis Freitag t\u00e4glich um 23.05 Uhr rbb-kulturradio \u2013 Late Night Jazz \u2013 Sa und So 23:04 \u2013 24:00 Uhr hr2-kultur \u2013 Jazz in hr2-kultur \u2013 t\u00e4glich SWR2 \u2013 Jazz \u2013 t\u00e4glich WDR3 \u2013 JAZZ &amp; WORLD \u2013 Improvisiertes zum Tagesausklang \u2013 Montag bis Freitag, 22.04 \u2013 0:00 Uhr Deutschlandfunk \u2013 Jazz (\u00dcberblick) \u2013 Jazz Live, JazzFacts und Milestones Deutschlandfunk Kultur \u2013 Jazz \u2013 diverse Sendetermine ARTE TV \u2013 Jazz 27.11.2017 00:05 &hellip;\" \/>\n<meta property=\"og:url\" content=\"https:\/\/www.jazzzeitung.de\/cms\/2017\/11\/die-jazz-radiowoche-vom-27-11-bis-03-12-2017\/\" \/>\n<meta property=\"og:site_name\" content=\"JazzZeitung\" \/>\n<meta property=\"article:publisher\" content=\"https:\/\/www.facebook.com\/JazzZeitung\/\" \/>\n<meta property=\"article:author\" content=\"https:\/\/www.facebook.com\/hufner\" \/>\n<meta property=\"article:published_time\" content=\"2017-11-26T11:00:58+00:00\" \/>\n<meta property=\"og:image\" content=\"https:\/\/i0.wp.com\/www.jazzzeitung.de\/cms\/wp-content\/uploads\/2017\/10\/radio-jazz-neu.jpg?fit=2048%2C1536&ssl=1\" \/>\n\t<meta property=\"og:image:width\" content=\"2048\" \/>\n\t<meta property=\"og:image:height\" content=\"1536\" \/>\n\t<meta property=\"og:image:type\" content=\"image\/jpeg\" \/>\n<meta name=\"author\" content=\"Martin Hufner\" \/>\n<script type=\"application\/ld+json\" class=\"yoast-schema-graph\">{\"@context\":\"https:\\\/\\\/schema.org\",\"@graph\":[{\"@type\":\"Article\",\"@id\":\"https:\\\/\\\/www.jazzzeitung.de\\\/cms\\\/2017\\\/11\\\/die-jazz-radiowoche-vom-27-11-bis-03-12-2017\\\/#article\",\"isPartOf\":{\"@id\":\"https:\\\/\\\/www.jazzzeitung.de\\\/cms\\\/2017\\\/11\\\/die-jazz-radiowoche-vom-27-11-bis-03-12-2017\\\/\"},\"author\":{\"name\":\"Martin Hufner\",\"@id\":\"https:\\\/\\\/www.jazzzeitung.de\\\/cms\\\/#\\\/schema\\\/person\\\/b9a4e5ac765d94fb8f617bfa8f1fc5f7\"},\"headline\":\"Die Jazz-Radiowoche vom 27.11. bis 03.12.2017\",\"datePublished\":\"2017-11-26T11:00:58+00:00\",\"mainEntityOfPage\":{\"@id\":\"https:\\\/\\\/www.jazzzeitung.de\\\/cms\\\/2017\\\/11\\\/die-jazz-radiowoche-vom-27-11-bis-03-12-2017\\\/\"},\"wordCount\":2446,\"commentCount\":0,\"publisher\":{\"@id\":\"https:\\\/\\\/www.jazzzeitung.de\\\/cms\\\/#organization\"},\"image\":{\"@id\":\"https:\\\/\\\/www.jazzzeitung.de\\\/cms\\\/2017\\\/11\\\/die-jazz-radiowoche-vom-27-11-bis-03-12-2017\\\/#primaryimage\"},\"thumbnailUrl\":\"https:\\\/\\\/i0.wp.com\\\/www.jazzzeitung.de\\\/cms\\\/wp-content\\\/uploads\\\/2017\\\/10\\\/radio-jazz-neu.jpg?fit=2048%2C1536&ssl=1\",\"keywords\":[\"Al Jarreau\",\"Art Pepper\",\"Avishai Cohen\",\"Bigband Urknall feat. Gilad Atzmon\",\"Chano Dominguez\",\"Christian McBride\",\"Florian Ross Quintett\",\"Fred Frith\",\"Gunter Hampel\",\"Jasper van\u00b4t Hof\",\"Jazz im Radio\",\"JazzLab\",\"Lee Morgen\",\"Lorenz Kellhuber\",\"Miles Davis\u2019 Capitol Orchestra\",\"NDR Bigband\",\"Pedro Martins\",\"Recording Ban\",\"Scott DuBois Quartet\",\"SWR Jazzpreis\",\"Trygve Seims Helsinki Quartet\",\"Walter Becker und Steely Dan\",\"Yosuke Yamashita\"],\"articleSection\":[\"News\",\"Radio\"],\"inLanguage\":\"de\",\"potentialAction\":[{\"@type\":\"CommentAction\",\"name\":\"Comment\",\"target\":[\"https:\\\/\\\/www.jazzzeitung.de\\\/cms\\\/2017\\\/11\\\/die-jazz-radiowoche-vom-27-11-bis-03-12-2017\\\/#respond\"]}]},{\"@type\":\"WebPage\",\"@id\":\"https:\\\/\\\/www.jazzzeitung.de\\\/cms\\\/2017\\\/11\\\/die-jazz-radiowoche-vom-27-11-bis-03-12-2017\\\/\",\"url\":\"https:\\\/\\\/www.jazzzeitung.de\\\/cms\\\/2017\\\/11\\\/die-jazz-radiowoche-vom-27-11-bis-03-12-2017\\\/\",\"name\":\"Die Jazz-Radiowoche vom 27.11. bis 03.12.2017 - JazzZeitung\",\"isPartOf\":{\"@id\":\"https:\\\/\\\/www.jazzzeitung.de\\\/cms\\\/#website\"},\"primaryImageOfPage\":{\"@id\":\"https:\\\/\\\/www.jazzzeitung.de\\\/cms\\\/2017\\\/11\\\/die-jazz-radiowoche-vom-27-11-bis-03-12-2017\\\/#primaryimage\"},\"image\":{\"@id\":\"https:\\\/\\\/www.jazzzeitung.de\\\/cms\\\/2017\\\/11\\\/die-jazz-radiowoche-vom-27-11-bis-03-12-2017\\\/#primaryimage\"},\"thumbnailUrl\":\"https:\\\/\\\/i0.wp.com\\\/www.jazzzeitung.de\\\/cms\\\/wp-content\\\/uploads\\\/2017\\\/10\\\/radio-jazz-neu.jpg?fit=2048%2C1536&ssl=1\",\"datePublished\":\"2017-11-26T11:00:58+00:00\",\"breadcrumb\":{\"@id\":\"https:\\\/\\\/www.jazzzeitung.de\\\/cms\\\/2017\\\/11\\\/die-jazz-radiowoche-vom-27-11-bis-03-12-2017\\\/#breadcrumb\"},\"inLanguage\":\"de\",\"potentialAction\":[{\"@type\":\"ReadAction\",\"target\":[\"https:\\\/\\\/www.jazzzeitung.de\\\/cms\\\/2017\\\/11\\\/die-jazz-radiowoche-vom-27-11-bis-03-12-2017\\\/\"]}]},{\"@type\":\"ImageObject\",\"inLanguage\":\"de\",\"@id\":\"https:\\\/\\\/www.jazzzeitung.de\\\/cms\\\/2017\\\/11\\\/die-jazz-radiowoche-vom-27-11-bis-03-12-2017\\\/#primaryimage\",\"url\":\"https:\\\/\\\/i0.wp.com\\\/www.jazzzeitung.de\\\/cms\\\/wp-content\\\/uploads\\\/2017\\\/10\\\/radio-jazz-neu.jpg?fit=2048%2C1536&ssl=1\",\"contentUrl\":\"https:\\\/\\\/i0.wp.com\\\/www.jazzzeitung.de\\\/cms\\\/wp-content\\\/uploads\\\/2017\\\/10\\\/radio-jazz-neu.jpg?fit=2048%2C1536&ssl=1\",\"width\":2048,\"height\":1536,\"caption\":\"Jazz im Radio\"},{\"@type\":\"BreadcrumbList\",\"@id\":\"https:\\\/\\\/www.jazzzeitung.de\\\/cms\\\/2017\\\/11\\\/die-jazz-radiowoche-vom-27-11-bis-03-12-2017\\\/#breadcrumb\",\"itemListElement\":[{\"@type\":\"ListItem\",\"position\":1,\"name\":\"Startseite\",\"item\":\"https:\\\/\\\/www.jazzzeitung.de\\\/cms\\\/\"},{\"@type\":\"ListItem\",\"position\":2,\"name\":\"Die Jazz-Radiowoche vom 27.11. bis 03.12.2017\"}]},{\"@type\":\"WebSite\",\"@id\":\"https:\\\/\\\/www.jazzzeitung.de\\\/cms\\\/#website\",\"url\":\"https:\\\/\\\/www.jazzzeitung.de\\\/cms\\\/\",\"name\":\"JazzZeitung\",\"description\":\"Jazz-News und Jazz-Kontroverses\",\"publisher\":{\"@id\":\"https:\\\/\\\/www.jazzzeitung.de\\\/cms\\\/#organization\"},\"potentialAction\":[{\"@type\":\"SearchAction\",\"target\":{\"@type\":\"EntryPoint\",\"urlTemplate\":\"https:\\\/\\\/www.jazzzeitung.de\\\/cms\\\/?s={search_term_string}\"},\"query-input\":{\"@type\":\"PropertyValueSpecification\",\"valueRequired\":true,\"valueName\":\"search_term_string\"}}],\"inLanguage\":\"de\"},{\"@type\":\"Organization\",\"@id\":\"https:\\\/\\\/www.jazzzeitung.de\\\/cms\\\/#organization\",\"name\":\"JazzZeitung online\",\"url\":\"https:\\\/\\\/www.jazzzeitung.de\\\/cms\\\/\",\"logo\":{\"@type\":\"ImageObject\",\"inLanguage\":\"de\",\"@id\":\"https:\\\/\\\/www.jazzzeitung.de\\\/cms\\\/#\\\/schema\\\/logo\\\/image\\\/\",\"url\":\"https:\\\/\\\/i0.wp.com\\\/www.jazzzeitung.de\\\/cms\\\/wp-content\\\/uploads\\\/2015\\\/08\\\/JAZZZEITUNGDE_Logo_Neu.png?fit=499%2C200&ssl=1\",\"contentUrl\":\"https:\\\/\\\/i0.wp.com\\\/www.jazzzeitung.de\\\/cms\\\/wp-content\\\/uploads\\\/2015\\\/08\\\/JAZZZEITUNGDE_Logo_Neu.png?fit=499%2C200&ssl=1\",\"width\":499,\"height\":200,\"caption\":\"JazzZeitung online\"},\"image\":{\"@id\":\"https:\\\/\\\/www.jazzzeitung.de\\\/cms\\\/#\\\/schema\\\/logo\\\/image\\\/\"},\"sameAs\":[\"https:\\\/\\\/www.facebook.com\\\/JazzZeitung\\\/\"]},{\"@type\":\"Person\",\"@id\":\"https:\\\/\\\/www.jazzzeitung.de\\\/cms\\\/#\\\/schema\\\/person\\\/b9a4e5ac765d94fb8f617bfa8f1fc5f7\",\"name\":\"Martin Hufner\",\"image\":{\"@type\":\"ImageObject\",\"inLanguage\":\"de\",\"@id\":\"https:\\\/\\\/i0.wp.com\\\/www.jazzzeitung.de\\\/cms\\\/wp-content\\\/uploads\\\/2013\\\/07\\\/huf-06.jpg?resize=96%2C96&ssl=15fcc31aa94540751a3b804516452be00\",\"url\":\"https:\\\/\\\/i0.wp.com\\\/www.jazzzeitung.de\\\/cms\\\/wp-content\\\/uploads\\\/2013\\\/07\\\/huf-06.jpg?resize=96%2C96&ssl=1\",\"contentUrl\":\"https:\\\/\\\/i0.wp.com\\\/www.jazzzeitung.de\\\/cms\\\/wp-content\\\/uploads\\\/2013\\\/07\\\/huf-06.jpg?resize=96%2C96&ssl=1\",\"caption\":\"Martin Hufner\"},\"description\":\"Martin Hufner ist freier Autor der JazzZeitung.\",\"sameAs\":[\"https:\\\/\\\/www.kritische-masse.de\\\/logbuch\",\"https:\\\/\\\/www.facebook.com\\\/hufner\"],\"url\":\"https:\\\/\\\/www.jazzzeitung.de\\\/cms\\\/author\\\/admin\\\/\"}]}<\/script>\n<!-- \/ Yoast SEO plugin. -->","yoast_head_json":{"title":"Die Jazz-Radiowoche vom 27.11. bis 03.12.2017 - JazzZeitung","robots":{"index":"index","follow":"follow","max-snippet":"max-snippet:-1","max-image-preview":"max-image-preview:large","max-video-preview":"max-video-preview:-1"},"canonical":"https:\/\/www.jazzzeitung.de\/cms\/2017\/11\/die-jazz-radiowoche-vom-27-11-bis-03-12-2017\/","og_locale":"de_DE","og_type":"article","og_title":"Die Jazz-Radiowoche vom 27.11. bis 03.12.2017 - JazzZeitung","og_description":"Ein subjektiver Blick in die Jazzwoche 48 im Radio. Unter anderem mit: Pedro Martins, Al Jarreau, Miles Davis\u2019 Capitol Orchestra, Neues aus den Niederlanden, Fred Frith, Gunter Hampel, SWR Jazzpreis 2017, Florian Ross Quintett, Lee Morgen Live at The Lighthouse, Yosuke Yamashita, Art Pepper, Jasper van\u00b4t Hof, Avishai Cohen, Chano Dominguez, Trygve Seims Helsinki Quartet, Lorenz Kellhuber, JazzLab, Scott DuBois Quartet, Jazz und der Recording Ban in den USA, Walter Becker und Steely Dan, Christian McBride, Bigband Urknall feat. Gilad Atzmon und NDR Bigband. Die \u00dcbersicht zum Download als PDF. Alle Angaben ohne Gew\u00e4hr. Jazz im Radio (Fernsehen) SR2 \u2013 JazzNow \u2013 Sonntags von 20.04 bis 22.30 Uhr BR-KLASSIK \u2013 Jazztime \u2013 Von Montag bis Freitag t\u00e4glich um 23.05 Uhr rbb-kulturradio \u2013 Late Night Jazz \u2013 Sa und So 23:04 \u2013 24:00 Uhr hr2-kultur \u2013 Jazz in hr2-kultur \u2013 t\u00e4glich SWR2 \u2013 Jazz \u2013 t\u00e4glich WDR3 \u2013 JAZZ &amp; WORLD \u2013 Improvisiertes zum Tagesausklang \u2013 Montag bis Freitag, 22.04 \u2013 0:00 Uhr Deutschlandfunk \u2013 Jazz (\u00dcberblick) \u2013 Jazz Live, JazzFacts und Milestones Deutschlandfunk Kultur \u2013 Jazz \u2013 diverse Sendetermine ARTE TV \u2013 Jazz 27.11.2017 00:05 &hellip;","og_url":"https:\/\/www.jazzzeitung.de\/cms\/2017\/11\/die-jazz-radiowoche-vom-27-11-bis-03-12-2017\/","og_site_name":"JazzZeitung","article_publisher":"https:\/\/www.facebook.com\/JazzZeitung\/","article_author":"https:\/\/www.facebook.com\/hufner","article_published_time":"2017-11-26T11:00:58+00:00","og_image":[{"width":2048,"height":1536,"url":"https:\/\/i0.wp.com\/www.jazzzeitung.de\/cms\/wp-content\/uploads\/2017\/10\/radio-jazz-neu.jpg?fit=2048%2C1536&ssl=1","type":"image\/jpeg"}],"author":"Martin Hufner","schema":{"@context":"https:\/\/schema.org","@graph":[{"@type":"Article","@id":"https:\/\/www.jazzzeitung.de\/cms\/2017\/11\/die-jazz-radiowoche-vom-27-11-bis-03-12-2017\/#article","isPartOf":{"@id":"https:\/\/www.jazzzeitung.de\/cms\/2017\/11\/die-jazz-radiowoche-vom-27-11-bis-03-12-2017\/"},"author":{"name":"Martin Hufner","@id":"https:\/\/www.jazzzeitung.de\/cms\/#\/schema\/person\/b9a4e5ac765d94fb8f617bfa8f1fc5f7"},"headline":"Die Jazz-Radiowoche vom 27.11. bis 03.12.2017","datePublished":"2017-11-26T11:00:58+00:00","mainEntityOfPage":{"@id":"https:\/\/www.jazzzeitung.de\/cms\/2017\/11\/die-jazz-radiowoche-vom-27-11-bis-03-12-2017\/"},"wordCount":2446,"commentCount":0,"publisher":{"@id":"https:\/\/www.jazzzeitung.de\/cms\/#organization"},"image":{"@id":"https:\/\/www.jazzzeitung.de\/cms\/2017\/11\/die-jazz-radiowoche-vom-27-11-bis-03-12-2017\/#primaryimage"},"thumbnailUrl":"https:\/\/i0.wp.com\/www.jazzzeitung.de\/cms\/wp-content\/uploads\/2017\/10\/radio-jazz-neu.jpg?fit=2048%2C1536&ssl=1","keywords":["Al Jarreau","Art Pepper","Avishai Cohen","Bigband Urknall feat. Gilad Atzmon","Chano Dominguez","Christian McBride","Florian Ross Quintett","Fred Frith","Gunter Hampel","Jasper van\u00b4t Hof","Jazz im Radio","JazzLab","Lee Morgen","Lorenz Kellhuber","Miles Davis\u2019 Capitol Orchestra","NDR Bigband","Pedro Martins","Recording Ban","Scott DuBois Quartet","SWR Jazzpreis","Trygve Seims Helsinki Quartet","Walter Becker und Steely Dan","Yosuke Yamashita"],"articleSection":["News","Radio"],"inLanguage":"de","potentialAction":[{"@type":"CommentAction","name":"Comment","target":["https:\/\/www.jazzzeitung.de\/cms\/2017\/11\/die-jazz-radiowoche-vom-27-11-bis-03-12-2017\/#respond"]}]},{"@type":"WebPage","@id":"https:\/\/www.jazzzeitung.de\/cms\/2017\/11\/die-jazz-radiowoche-vom-27-11-bis-03-12-2017\/","url":"https:\/\/www.jazzzeitung.de\/cms\/2017\/11\/die-jazz-radiowoche-vom-27-11-bis-03-12-2017\/","name":"Die Jazz-Radiowoche vom 27.11. bis 03.12.2017 - JazzZeitung","isPartOf":{"@id":"https:\/\/www.jazzzeitung.de\/cms\/#website"},"primaryImageOfPage":{"@id":"https:\/\/www.jazzzeitung.de\/cms\/2017\/11\/die-jazz-radiowoche-vom-27-11-bis-03-12-2017\/#primaryimage"},"image":{"@id":"https:\/\/www.jazzzeitung.de\/cms\/2017\/11\/die-jazz-radiowoche-vom-27-11-bis-03-12-2017\/#primaryimage"},"thumbnailUrl":"https:\/\/i0.wp.com\/www.jazzzeitung.de\/cms\/wp-content\/uploads\/2017\/10\/radio-jazz-neu.jpg?fit=2048%2C1536&ssl=1","datePublished":"2017-11-26T11:00:58+00:00","breadcrumb":{"@id":"https:\/\/www.jazzzeitung.de\/cms\/2017\/11\/die-jazz-radiowoche-vom-27-11-bis-03-12-2017\/#breadcrumb"},"inLanguage":"de","potentialAction":[{"@type":"ReadAction","target":["https:\/\/www.jazzzeitung.de\/cms\/2017\/11\/die-jazz-radiowoche-vom-27-11-bis-03-12-2017\/"]}]},{"@type":"ImageObject","inLanguage":"de","@id":"https:\/\/www.jazzzeitung.de\/cms\/2017\/11\/die-jazz-radiowoche-vom-27-11-bis-03-12-2017\/#primaryimage","url":"https:\/\/i0.wp.com\/www.jazzzeitung.de\/cms\/wp-content\/uploads\/2017\/10\/radio-jazz-neu.jpg?fit=2048%2C1536&ssl=1","contentUrl":"https:\/\/i0.wp.com\/www.jazzzeitung.de\/cms\/wp-content\/uploads\/2017\/10\/radio-jazz-neu.jpg?fit=2048%2C1536&ssl=1","width":2048,"height":1536,"caption":"Jazz im Radio"},{"@type":"BreadcrumbList","@id":"https:\/\/www.jazzzeitung.de\/cms\/2017\/11\/die-jazz-radiowoche-vom-27-11-bis-03-12-2017\/#breadcrumb","itemListElement":[{"@type":"ListItem","position":1,"name":"Startseite","item":"https:\/\/www.jazzzeitung.de\/cms\/"},{"@type":"ListItem","position":2,"name":"Die Jazz-Radiowoche vom 27.11. bis 03.12.2017"}]},{"@type":"WebSite","@id":"https:\/\/www.jazzzeitung.de\/cms\/#website","url":"https:\/\/www.jazzzeitung.de\/cms\/","name":"JazzZeitung","description":"Jazz-News und Jazz-Kontroverses","publisher":{"@id":"https:\/\/www.jazzzeitung.de\/cms\/#organization"},"potentialAction":[{"@type":"SearchAction","target":{"@type":"EntryPoint","urlTemplate":"https:\/\/www.jazzzeitung.de\/cms\/?s={search_term_string}"},"query-input":{"@type":"PropertyValueSpecification","valueRequired":true,"valueName":"search_term_string"}}],"inLanguage":"de"},{"@type":"Organization","@id":"https:\/\/www.jazzzeitung.de\/cms\/#organization","name":"JazzZeitung online","url":"https:\/\/www.jazzzeitung.de\/cms\/","logo":{"@type":"ImageObject","inLanguage":"de","@id":"https:\/\/www.jazzzeitung.de\/cms\/#\/schema\/logo\/image\/","url":"https:\/\/i0.wp.com\/www.jazzzeitung.de\/cms\/wp-content\/uploads\/2015\/08\/JAZZZEITUNGDE_Logo_Neu.png?fit=499%2C200&ssl=1","contentUrl":"https:\/\/i0.wp.com\/www.jazzzeitung.de\/cms\/wp-content\/uploads\/2015\/08\/JAZZZEITUNGDE_Logo_Neu.png?fit=499%2C200&ssl=1","width":499,"height":200,"caption":"JazzZeitung online"},"image":{"@id":"https:\/\/www.jazzzeitung.de\/cms\/#\/schema\/logo\/image\/"},"sameAs":["https:\/\/www.facebook.com\/JazzZeitung\/"]},{"@type":"Person","@id":"https:\/\/www.jazzzeitung.de\/cms\/#\/schema\/person\/b9a4e5ac765d94fb8f617bfa8f1fc5f7","name":"Martin Hufner","image":{"@type":"ImageObject","inLanguage":"de","@id":"https:\/\/i0.wp.com\/www.jazzzeitung.de\/cms\/wp-content\/uploads\/2013\/07\/huf-06.jpg?resize=96%2C96&ssl=15fcc31aa94540751a3b804516452be00","url":"https:\/\/i0.wp.com\/www.jazzzeitung.de\/cms\/wp-content\/uploads\/2013\/07\/huf-06.jpg?resize=96%2C96&ssl=1","contentUrl":"https:\/\/i0.wp.com\/www.jazzzeitung.de\/cms\/wp-content\/uploads\/2013\/07\/huf-06.jpg?resize=96%2C96&ssl=1","caption":"Martin Hufner"},"description":"Martin Hufner ist freier Autor der JazzZeitung.","sameAs":["https:\/\/www.kritische-masse.de\/logbuch","https:\/\/www.facebook.com\/hufner"],"url":"https:\/\/www.jazzzeitung.de\/cms\/author\/admin\/"}]}},"wp-worthy-pixel":{"ignored":false,"public":null,"server":null,"url":null},"wp-worthy-type":"normal","jetpack_publicize_connections":[],"cc_featured_image_caption":{"caption_text":"Jazz im Radio.","source_text":"Foto und Montage: Martin Hufner","source_url":"https:\/\/www.musikkritik.org"},"jetpack_featured_media_url":"https:\/\/i0.wp.com\/www.jazzzeitung.de\/cms\/wp-content\/uploads\/2017\/10\/radio-jazz-neu.jpg?fit=2048%2C1536&ssl=1","jetpack_shortlink":"https:\/\/wp.me\/p3KEcT-3JP","jetpack-related-posts":[{"id":4323,"url":"https:\/\/www.jazzzeitung.de\/cms\/2014\/07\/lorenz-kellhuber-gewinnt-piano-solo-competition-des-montreux-jazz-festival\/","url_meta":{"origin":14373,"position":0},"title":"Lorenz Kellhuber gewinnt Piano Solo Competition des Montreux Jazz Festival","author":"Martin Hufner","date":"18. Juli 2014","format":false,"excerpt":"Lorenz Kellhuber konnte am Dienstag als erster Deutscher die Piano Solo Competition des Montreux Jazz Festival f\u00fcr sich entscheiden. Er setzte sich im Finale gegen acht weitere junge Talente aus der ganzen Welt durch. Zwei Tage zuvor spielte er noch beim Bayerischen Jazzweekend in Regensburg im Tobias-Meinhart-Quintett sowie der abendlichen\u2026","rel":"","context":"In &quot;News&quot;","block_context":{"text":"News","link":"https:\/\/www.jazzzeitung.de\/cms\/thema\/nachrichten\/"},"img":{"alt_text":"Lorenz Kellhuber in Regensburg 2014. Foto: Hufner","src":"https:\/\/i0.wp.com\/www.jazzzeitung.de\/cms\/wp-content\/uploads\/2014\/07\/lorenz_kellhuber_2014_c_hufner.jpg?fit=1200%2C901&ssl=1&resize=350%2C200","width":350,"height":200,"srcset":"https:\/\/i0.wp.com\/www.jazzzeitung.de\/cms\/wp-content\/uploads\/2014\/07\/lorenz_kellhuber_2014_c_hufner.jpg?fit=1200%2C901&ssl=1&resize=350%2C200 1x, https:\/\/i0.wp.com\/www.jazzzeitung.de\/cms\/wp-content\/uploads\/2014\/07\/lorenz_kellhuber_2014_c_hufner.jpg?fit=1200%2C901&ssl=1&resize=525%2C300 1.5x, https:\/\/i0.wp.com\/www.jazzzeitung.de\/cms\/wp-content\/uploads\/2014\/07\/lorenz_kellhuber_2014_c_hufner.jpg?fit=1200%2C901&ssl=1&resize=700%2C400 2x, https:\/\/i0.wp.com\/www.jazzzeitung.de\/cms\/wp-content\/uploads\/2014\/07\/lorenz_kellhuber_2014_c_hufner.jpg?fit=1200%2C901&ssl=1&resize=1050%2C600 3x"},"classes":[]},{"id":17067,"url":"https:\/\/www.jazzzeitung.de\/cms\/2018\/09\/die-jazz-radiowoche-vom-03-09-bis-09-09-2018\/","url_meta":{"origin":14373,"position":1},"title":"Die Jazz-Radiowoche vom 03.09. bis 09.09.2018","author":"Martin Hufner","date":"2. September 2018","format":false,"excerpt":"Ein kleiner Blick in die Jazzwoche 36 im Radio. Ab jetzt mit dem ARD Radiofestival 2018. Wochentags von 23:35 bis 00:00 auf hr2-kultur | MDR Kultur | NDR Kultur | Bremen Zwei | SR2 KulturRadio | SWR 2 | WDR 3. Die \u00dcbersicht zum Download als PDF. Alle Angaben ohne\u2026","rel":"","context":"In &quot;News&quot;","block_context":{"text":"News","link":"https:\/\/www.jazzzeitung.de\/cms\/thema\/nachrichten\/"},"img":{"alt_text":"Jazz im Radio. Foto\/Montage: Hufner","src":"https:\/\/i0.wp.com\/www.jazzzeitung.de\/cms\/wp-content\/uploads\/2018\/05\/radio-jazz_journalisten.jpg?fit=1200%2C900&ssl=1&resize=350%2C200","width":350,"height":200,"srcset":"https:\/\/i0.wp.com\/www.jazzzeitung.de\/cms\/wp-content\/uploads\/2018\/05\/radio-jazz_journalisten.jpg?fit=1200%2C900&ssl=1&resize=350%2C200 1x, https:\/\/i0.wp.com\/www.jazzzeitung.de\/cms\/wp-content\/uploads\/2018\/05\/radio-jazz_journalisten.jpg?fit=1200%2C900&ssl=1&resize=525%2C300 1.5x, https:\/\/i0.wp.com\/www.jazzzeitung.de\/cms\/wp-content\/uploads\/2018\/05\/radio-jazz_journalisten.jpg?fit=1200%2C900&ssl=1&resize=700%2C400 2x, https:\/\/i0.wp.com\/www.jazzzeitung.de\/cms\/wp-content\/uploads\/2018\/05\/radio-jazz_journalisten.jpg?fit=1200%2C900&ssl=1&resize=1050%2C600 3x"},"classes":[]},{"id":13923,"url":"https:\/\/www.jazzzeitung.de\/cms\/2017\/10\/lorenz-kellhuber-live-at-the-montreux-jazz-festival\/","url_meta":{"origin":14373,"position":2},"title":"Lorenz Kellhuber: Live at the Montreux Jazz Festival","author":"Thomas J. Krebs","date":"19. Oktober 2017","format":false,"excerpt":"Nach mittlerweile vier Trioalben legt Lorenz Kellhuber nun endlich ein Piano-Soloalbum vor, live aufgenommen beim 49. Montreux Jazzfestival 2015. Der in M\u00fcnchen geborene Kellhuber, mittlerweile 27 Jahre alt, kann auf eine bereits ansehnliche, stringente Biografie blicken. Sowohl mit seinem Trio, in dem eigene Kompositionen ausgelotet werden, als auch mit dem\u2026","rel":"","context":"In &quot;Rezension&quot;","block_context":{"text":"Rezension","link":"https:\/\/www.jazzzeitung.de\/cms\/thema\/rezension\/"},"img":{"alt_text":"Cover Lorenz Kellhuber - Live at the montreux festival","src":"https:\/\/i0.wp.com\/www.jazzzeitung.de\/cms\/wp-content\/uploads\/2017\/10\/Cover-Lorenz-Kellhuber-Live-at-the-montreux-festival.jpg?fit=500%2C500&ssl=1&resize=350%2C200","width":350,"height":200},"classes":[]},{"id":15685,"url":"https:\/\/www.jazzzeitung.de\/cms\/2018\/04\/wr-jazzpreis-2018-fuer-saxofonist-sebastian-gille-in-koeln-lebender-musiker-erhaelt-den-aeltesten-jazzpreis-deutschlands\/","url_meta":{"origin":14373,"position":3},"title":"SWR Jazzpreis 2018 f\u00fcr Saxofonist Sebastian Gille","author":"Redaktion JazzZeitung","date":"19. April 2018","format":false,"excerpt":"Der Saxofonist Sebastian Gille erh\u00e4lt den je zur H\u00e4lfte vom Land Rheinland-Pfalz und vom S\u00fcdwestrundfunk gestifteten SWR Jazzpreis 2018. Die Auszeichnung wird ihm am 15. Oktober 2018 beim Internationalen Festival \"Enjoy Jazz\" in Ludwigshafen \u00fcberreicht. Im Preistr\u00e4gerkonzert wird Sebastian Gille mit seinem Quartett (Elias Stemeseder, Klavier; Robert Landfermann, Kontrabass und\u2026","rel":"","context":"In &quot;Bericht&quot;","block_context":{"text":"Bericht","link":"https:\/\/www.jazzzeitung.de\/cms\/thema\/bericht\/"},"img":{"alt_text":"","src":"https:\/\/i0.wp.com\/www.jazzzeitung.de\/cms\/wp-content\/uploads\/2018\/04\/Gille_SWR_Jazzpreis_2018.jpg?fit=1200%2C792&ssl=1&resize=350%2C200","width":350,"height":200,"srcset":"https:\/\/i0.wp.com\/www.jazzzeitung.de\/cms\/wp-content\/uploads\/2018\/04\/Gille_SWR_Jazzpreis_2018.jpg?fit=1200%2C792&ssl=1&resize=350%2C200 1x, https:\/\/i0.wp.com\/www.jazzzeitung.de\/cms\/wp-content\/uploads\/2018\/04\/Gille_SWR_Jazzpreis_2018.jpg?fit=1200%2C792&ssl=1&resize=525%2C300 1.5x, https:\/\/i0.wp.com\/www.jazzzeitung.de\/cms\/wp-content\/uploads\/2018\/04\/Gille_SWR_Jazzpreis_2018.jpg?fit=1200%2C792&ssl=1&resize=700%2C400 2x, https:\/\/i0.wp.com\/www.jazzzeitung.de\/cms\/wp-content\/uploads\/2018\/04\/Gille_SWR_Jazzpreis_2018.jpg?fit=1200%2C792&ssl=1&resize=1050%2C600 3x"},"classes":[]},{"id":16114,"url":"https:\/\/www.jazzzeitung.de\/cms\/2018\/05\/die-jazz-radiowoche-vom-28-05-bis-03-06-2018\/","url_meta":{"origin":14373,"position":4},"title":"Die Jazz-Radiowoche vom 28.05. bis 03.06.2018","author":"Martin Hufner","date":"27. Mai 2018","format":false,"excerpt":"Ein kleiner Blick in die Jazzwoche 22 im Radio. Mit unserem besonderen Service: Frauen im Jazz \u2013 in dieser Woche wieder ganz bitter. Anderthalb Eintr\u00e4ge! 29\/05\/18 \u2013 21:03 bis 22:00 | SWR 2 SWR2 Jazz Session: Resist\u00eancia! M\u00f4nica Vasconcelos mit Protestliedern aus Brasilien beim Jazzfest Berlin 2017 30\/0518 \u2013 19:35\u2026","rel":"","context":"In &quot;News&quot;","block_context":{"text":"News","link":"https:\/\/www.jazzzeitung.de\/cms\/thema\/nachrichten\/"},"img":{"alt_text":"Jazz im Radio. Foto\/Montage: Hufner","src":"https:\/\/i0.wp.com\/www.jazzzeitung.de\/cms\/wp-content\/uploads\/2018\/05\/radio-jazz_journalisten.jpg?fit=1200%2C900&ssl=1&resize=350%2C200","width":350,"height":200,"srcset":"https:\/\/i0.wp.com\/www.jazzzeitung.de\/cms\/wp-content\/uploads\/2018\/05\/radio-jazz_journalisten.jpg?fit=1200%2C900&ssl=1&resize=350%2C200 1x, https:\/\/i0.wp.com\/www.jazzzeitung.de\/cms\/wp-content\/uploads\/2018\/05\/radio-jazz_journalisten.jpg?fit=1200%2C900&ssl=1&resize=525%2C300 1.5x, https:\/\/i0.wp.com\/www.jazzzeitung.de\/cms\/wp-content\/uploads\/2018\/05\/radio-jazz_journalisten.jpg?fit=1200%2C900&ssl=1&resize=700%2C400 2x, https:\/\/i0.wp.com\/www.jazzzeitung.de\/cms\/wp-content\/uploads\/2018\/05\/radio-jazz_journalisten.jpg?fit=1200%2C900&ssl=1&resize=1050%2C600 3x"},"classes":[]},{"id":27574,"url":"https:\/\/www.jazzzeitung.de\/cms\/2022\/06\/jazz-auf-schloss-hoefling-ein-sommerabend-der-ungewoehnlichen-art-mit-lorenz-kellhuber\/","url_meta":{"origin":14373,"position":5},"title":"Jazz auf Schloss H\u00f6fling &#8211; ein Sommerabend der ungew\u00f6hnlichen Art mit Lorenz Kellhuber","author":"Redaktion JazzZeitung","date":"22. Juni 2022","format":false,"excerpt":"Eine gute Mischung hat sich Hausherr Constantin Graf von Walderdorff f\u00fcr sein Openair im Schlosshof H\u00f6fling nahe Regensburg einfallen lassen. Der S\u00e4nger und Klarinettist, der sich vor f\u00fcnf Jahren aus seiner aktiven Musikerkarriere zur\u00fcckgezogen hat, kennt Axel Zwingenberger aus seinen Wiener Jahren. Der Boogie-Woogie-Star spielte am Freitag Abend, dem 17.\u2026","rel":"","context":"In &quot;Bericht&quot;","block_context":{"text":"Bericht","link":"https:\/\/www.jazzzeitung.de\/cms\/thema\/bericht\/"},"img":{"alt_text":"","src":"https:\/\/i0.wp.com\/www.jazzzeitung.de\/cms\/wp-content\/uploads\/2022\/06\/kellhuber_hoefling_gaisa-4-scaled.jpg?fit=1200%2C675&ssl=1&resize=350%2C200","width":350,"height":200,"srcset":"https:\/\/i0.wp.com\/www.jazzzeitung.de\/cms\/wp-content\/uploads\/2022\/06\/kellhuber_hoefling_gaisa-4-scaled.jpg?fit=1200%2C675&ssl=1&resize=350%2C200 1x, https:\/\/i0.wp.com\/www.jazzzeitung.de\/cms\/wp-content\/uploads\/2022\/06\/kellhuber_hoefling_gaisa-4-scaled.jpg?fit=1200%2C675&ssl=1&resize=525%2C300 1.5x, https:\/\/i0.wp.com\/www.jazzzeitung.de\/cms\/wp-content\/uploads\/2022\/06\/kellhuber_hoefling_gaisa-4-scaled.jpg?fit=1200%2C675&ssl=1&resize=700%2C400 2x, https:\/\/i0.wp.com\/www.jazzzeitung.de\/cms\/wp-content\/uploads\/2022\/06\/kellhuber_hoefling_gaisa-4-scaled.jpg?fit=1200%2C675&ssl=1&resize=1050%2C600 3x"},"classes":[]}],"jetpack_sharing_enabled":true,"_links":{"self":[{"href":"https:\/\/www.jazzzeitung.de\/cms\/wp-json\/wp\/v2\/posts\/14373","targetHints":{"allow":["GET"]}}],"collection":[{"href":"https:\/\/www.jazzzeitung.de\/cms\/wp-json\/wp\/v2\/posts"}],"about":[{"href":"https:\/\/www.jazzzeitung.de\/cms\/wp-json\/wp\/v2\/types\/post"}],"author":[{"embeddable":true,"href":"https:\/\/www.jazzzeitung.de\/cms\/wp-json\/wp\/v2\/users\/1"}],"replies":[{"embeddable":true,"href":"https:\/\/www.jazzzeitung.de\/cms\/wp-json\/wp\/v2\/comments?post=14373"}],"version-history":[{"count":1,"href":"https:\/\/www.jazzzeitung.de\/cms\/wp-json\/wp\/v2\/posts\/14373\/revisions"}],"predecessor-version":[{"id":14374,"href":"https:\/\/www.jazzzeitung.de\/cms\/wp-json\/wp\/v2\/posts\/14373\/revisions\/14374"}],"wp:featuredmedia":[{"embeddable":true,"href":"https:\/\/www.jazzzeitung.de\/cms\/wp-json\/wp\/v2\/media\/13661"}],"wp:attachment":[{"href":"https:\/\/www.jazzzeitung.de\/cms\/wp-json\/wp\/v2\/media?parent=14373"}],"wp:term":[{"taxonomy":"category","embeddable":true,"href":"https:\/\/www.jazzzeitung.de\/cms\/wp-json\/wp\/v2\/categories?post=14373"},{"taxonomy":"post_tag","embeddable":true,"href":"https:\/\/www.jazzzeitung.de\/cms\/wp-json\/wp\/v2\/tags?post=14373"},{"taxonomy":"author","embeddable":true,"href":"https:\/\/www.jazzzeitung.de\/cms\/wp-json\/wp\/v2\/coauthors?post=14373"}],"curies":[{"name":"wp","href":"https:\/\/api.w.org\/{rel}","templated":true}]}}