{"id":14243,"date":"2017-11-10T20:54:29","date_gmt":"2017-11-10T19:54:29","guid":{"rendered":"https:\/\/www.jazzzeitung.de\/cms\/?p=14243"},"modified":"2017-11-10T16:59:37","modified_gmt":"2017-11-10T15:59:37","slug":"der-hersch-kosmos","status":"publish","type":"post","link":"https:\/\/www.jazzzeitung.de\/cms\/2017\/11\/der-hersch-kosmos\/","title":{"rendered":"Der Hersch-Kosmos"},"content":{"rendered":"<p><strong>\u00a0<\/strong>Schlamperei kann \u00fcberraschende Folgen haben. Eric McPherson konnte seinen Pass nicht finden. Die amerikanischen Beh\u00f6rden kennen kein Pardon, und so musste er in USA bleiben. Fred Hersch und John Herbert allerdings waren schon auf dem Weg nach Deutschland zu einem der raren Europa-Konzerte in der M\u00fcnchner Unterfahrt. Ein Ersatz f\u00fcr McPherson musste her, Jeff Ballard hatte Zeit, konnte allerdings erst mit dem Abendflieger aus Paris kommen. Und so hatte das Publikum die seltene Gelegenheit, an einem Abend eigentlich zwei Konzerte zu h\u00f6ren. Denn die erste gute Stunde bestritt Fred Hersch allein am Fl\u00fcgel, erst zur zweiten H\u00e4lfte konnte Ballard dann direkt vom Taxi auf die B\u00fchne springen, um vollkommen das Trio zu vervollst\u00e4ndigen.<\/p>\n<div class=\"tiled-gallery type-rectangular tiled-gallery-unresized\" data-original-width=\"840\" data-carousel-extra='{&quot;blog_id&quot;:1,&quot;permalink&quot;:&quot;https:\\\/\\\/www.jazzzeitung.de\\\/cms\\\/2017\\\/11\\\/der-hersch-kosmos\\\/&quot;,&quot;likes_blog_id&quot;:55446655}' itemscope itemtype=\"http:\/\/schema.org\/ImageGallery\" > <div class=\"gallery-row\" style=\"width: 840px; height: 368px;\" data-original-width=\"840\" data-original-height=\"368\" > <div class=\"gallery-group images-1\" style=\"width: 563px; height: 368px;\" data-original-width=\"563\" data-original-height=\"368\" > <div class=\"tiled-gallery-item tiled-gallery-item-large\" itemprop=\"associatedMedia\" itemscope itemtype=\"http:\/\/schema.org\/ImageObject\"> <a href=\"https:\/\/www.jazzzeitung.de\/cms\/2017\/11\/der-hersch-kosmos\/fred-hersch-p-unterfahrt-muenchen-foto-ralf-dombrowski-2\/\" border=\"0\" itemprop=\"url\"> <meta itemprop=\"width\" content=\"559\"> <meta itemprop=\"height\" content=\"364\"> <img decoding=\"async\" class=\"\" data-attachment-id=\"14246\" data-orig-file=\"https:\/\/www.jazzzeitung.de\/cms\/wp-content\/uploads\/2017\/11\/0K3A8688-Hersch-dombr.jpg\" data-orig-size=\"1280,834\" data-comments-opened=\"1\" data-image-meta=\"{&quot;aperture&quot;:&quot;4&quot;,&quot;credit&quot;:&quot;&quot;,&quot;camera&quot;:&quot;Canon EOS 5D Mark III&quot;,&quot;caption&quot;:&quot;Fred Hersch (p), Unterfahrt M\\u00fcnchen, Foto Ralf Dombrowski&quot;,&quot;created_timestamp&quot;:&quot;1510098229&quot;,&quot;copyright&quot;:&quot;&quot;,&quot;focal_length&quot;:&quot;75&quot;,&quot;iso&quot;:&quot;6400&quot;,&quot;shutter_speed&quot;:&quot;0.01&quot;,&quot;title&quot;:&quot;Fred Hersch (p), Unterfahrt M\\u00fcnchen, Foto Ralf Dombrowski&quot;,&quot;orientation&quot;:&quot;1&quot;}\" data-image-title=\"Fred Hersch (p), Unterfahrt M\u00fcnchen, Foto Ralf Dombrowski\" data-image-description=\"\" data-medium-file=\"https:\/\/i0.wp.com\/www.jazzzeitung.de\/cms\/wp-content\/uploads\/2017\/11\/0K3A8688-Hersch-dombr.jpg?fit=300%2C195&#038;ssl=1\" data-large-file=\"https:\/\/i0.wp.com\/www.jazzzeitung.de\/cms\/wp-content\/uploads\/2017\/11\/0K3A8688-Hersch-dombr.jpg?fit=840%2C547&#038;ssl=1\" src=\"https:\/\/i0.wp.com\/www.jazzzeitung.de\/cms\/wp-content\/uploads\/2017\/11\/0K3A8688-Hersch-dombr.jpg?w=559&#038;h=364&#038;ssl=1\" srcset=\"https:\/\/i0.wp.com\/www.jazzzeitung.de\/cms\/wp-content\/uploads\/2017\/11\/0K3A8688-Hersch-dombr.jpg?w=1280&amp;ssl=1 1280w, https:\/\/i0.wp.com\/www.jazzzeitung.de\/cms\/wp-content\/uploads\/2017\/11\/0K3A8688-Hersch-dombr.jpg?resize=300%2C195&amp;ssl=1 300w, https:\/\/i0.wp.com\/www.jazzzeitung.de\/cms\/wp-content\/uploads\/2017\/11\/0K3A8688-Hersch-dombr.jpg?resize=768%2C500&amp;ssl=1 768w, https:\/\/i0.wp.com\/www.jazzzeitung.de\/cms\/wp-content\/uploads\/2017\/11\/0K3A8688-Hersch-dombr.jpg?resize=900%2C586&amp;ssl=1 900w, https:\/\/i0.wp.com\/www.jazzzeitung.de\/cms\/wp-content\/uploads\/2017\/11\/0K3A8688-Hersch-dombr.jpg?resize=600%2C391&amp;ssl=1 600w\" width=\"559\" height=\"364\" loading=\"lazy\" data-original-width=\"559\" data-original-height=\"364\" itemprop=\"http:\/\/schema.org\/image\" title=\"Fred Hersch (p), Unterfahrt M\u00fcnchen, Foto Ralf Dombrowski\" alt=\"Fred Hersch. Foto Ralf Dombrowski\" style=\"width: 559px; height: 364px;\" \/> <\/a> <div class=\"tiled-gallery-caption\" itemprop=\"caption description\"> Fred Hersch. Foto Ralf Dombrowski <\/div> <\/div> <\/div> <!-- close group --> <div class=\"gallery-group images-2\" style=\"width: 277px; height: 368px;\" data-original-width=\"277\" data-original-height=\"368\" > <div class=\"tiled-gallery-item tiled-gallery-item-large\" itemprop=\"associatedMedia\" itemscope itemtype=\"http:\/\/schema.org\/ImageObject\"> <a href=\"https:\/\/www.jazzzeitung.de\/cms\/2017\/11\/der-hersch-kosmos\/0k3a8693-herbert-hersch-dombr\/\" border=\"0\" itemprop=\"url\"> <meta itemprop=\"width\" content=\"273\"> <meta itemprop=\"height\" content=\"176\"> <img decoding=\"async\" class=\"\" data-attachment-id=\"14247\" data-orig-file=\"https:\/\/www.jazzzeitung.de\/cms\/wp-content\/uploads\/2017\/11\/0K3A8693-Herbert-Hersch-dombr.jpg\" data-orig-size=\"1280,827\" data-comments-opened=\"1\" data-image-meta=\"{&quot;aperture&quot;:&quot;4&quot;,&quot;credit&quot;:&quot;&quot;,&quot;camera&quot;:&quot;Canon EOS 5D Mark III&quot;,&quot;caption&quot;:&quot;Fred Hersch (p), John Herbert (b), Jeff Ballard (dr), Jazzclub Unterfahrt M\\u00fcnchen, Foto Ralf Dombrowski&quot;,&quot;created_timestamp&quot;:&quot;1510098360&quot;,&quot;copyright&quot;:&quot;&quot;,&quot;focal_length&quot;:&quot;105&quot;,&quot;iso&quot;:&quot;6400&quot;,&quot;shutter_speed&quot;:&quot;0.00625&quot;,&quot;title&quot;:&quot;&quot;,&quot;orientation&quot;:&quot;1&quot;}\" data-image-title=\"0K3A8693, Herbert, Hersch (dombr)\" data-image-description=\"\" data-medium-file=\"https:\/\/i0.wp.com\/www.jazzzeitung.de\/cms\/wp-content\/uploads\/2017\/11\/0K3A8693-Herbert-Hersch-dombr.jpg?fit=300%2C194&#038;ssl=1\" data-large-file=\"https:\/\/i0.wp.com\/www.jazzzeitung.de\/cms\/wp-content\/uploads\/2017\/11\/0K3A8693-Herbert-Hersch-dombr.jpg?fit=840%2C542&#038;ssl=1\" src=\"https:\/\/i0.wp.com\/www.jazzzeitung.de\/cms\/wp-content\/uploads\/2017\/11\/0K3A8693-Herbert-Hersch-dombr.jpg?w=273&#038;h=176&#038;ssl=1\" srcset=\"https:\/\/i0.wp.com\/www.jazzzeitung.de\/cms\/wp-content\/uploads\/2017\/11\/0K3A8693-Herbert-Hersch-dombr.jpg?w=1280&amp;ssl=1 1280w, https:\/\/i0.wp.com\/www.jazzzeitung.de\/cms\/wp-content\/uploads\/2017\/11\/0K3A8693-Herbert-Hersch-dombr.jpg?resize=300%2C194&amp;ssl=1 300w, https:\/\/i0.wp.com\/www.jazzzeitung.de\/cms\/wp-content\/uploads\/2017\/11\/0K3A8693-Herbert-Hersch-dombr.jpg?resize=768%2C496&amp;ssl=1 768w, https:\/\/i0.wp.com\/www.jazzzeitung.de\/cms\/wp-content\/uploads\/2017\/11\/0K3A8693-Herbert-Hersch-dombr.jpg?resize=900%2C581&amp;ssl=1 900w, https:\/\/i0.wp.com\/www.jazzzeitung.de\/cms\/wp-content\/uploads\/2017\/11\/0K3A8693-Herbert-Hersch-dombr.jpg?resize=600%2C388&amp;ssl=1 600w\" width=\"273\" height=\"176\" loading=\"lazy\" data-original-width=\"273\" data-original-height=\"176\" itemprop=\"http:\/\/schema.org\/image\" title=\"0K3A8693, Herbert, Hersch (dombr)\" alt=\"Fred Hersch und John Herbert. Foto Ralf Dombrowski\" style=\"width: 273px; height: 176px;\" \/> <\/a> <div class=\"tiled-gallery-caption\" itemprop=\"caption description\"> Fred Hersch und John Herbert. Foto Ralf Dombrowski <\/div> <\/div> <div class=\"tiled-gallery-item tiled-gallery-item-large\" itemprop=\"associatedMedia\" itemscope itemtype=\"http:\/\/schema.org\/ImageObject\"> <a href=\"https:\/\/www.jazzzeitung.de\/cms\/2017\/11\/der-hersch-kosmos\/0k3a8718-hersch-trio-dombr\/\" border=\"0\" itemprop=\"url\"> <meta itemprop=\"width\" content=\"273\"> <meta itemprop=\"height\" content=\"184\"> <img decoding=\"async\" class=\"\" data-attachment-id=\"14248\" data-orig-file=\"https:\/\/www.jazzzeitung.de\/cms\/wp-content\/uploads\/2017\/11\/0K3A8718-Hersch-Trio-dombr.jpg\" data-orig-size=\"1280,865\" data-comments-opened=\"1\" data-image-meta=\"{&quot;aperture&quot;:&quot;4&quot;,&quot;credit&quot;:&quot;&quot;,&quot;camera&quot;:&quot;Canon EOS 5D Mark III&quot;,&quot;caption&quot;:&quot;Fred Hersch (p), John Herbert (b), Jeff Ballard (dr), Jazzclub Unterfahrt M\\u00fcnchen, Foto Ralf Dombrowski&quot;,&quot;created_timestamp&quot;:&quot;1510098756&quot;,&quot;copyright&quot;:&quot;&quot;,&quot;focal_length&quot;:&quot;24&quot;,&quot;iso&quot;:&quot;6400&quot;,&quot;shutter_speed&quot;:&quot;0.00625&quot;,&quot;title&quot;:&quot;&quot;,&quot;orientation&quot;:&quot;1&quot;}\" data-image-title=\"0K3A8718, Hersch Trio (dombr)\" data-image-description=\"\" data-medium-file=\"https:\/\/i0.wp.com\/www.jazzzeitung.de\/cms\/wp-content\/uploads\/2017\/11\/0K3A8718-Hersch-Trio-dombr.jpg?fit=300%2C203&#038;ssl=1\" data-large-file=\"https:\/\/i0.wp.com\/www.jazzzeitung.de\/cms\/wp-content\/uploads\/2017\/11\/0K3A8718-Hersch-Trio-dombr.jpg?fit=840%2C568&#038;ssl=1\" src=\"https:\/\/i0.wp.com\/www.jazzzeitung.de\/cms\/wp-content\/uploads\/2017\/11\/0K3A8718-Hersch-Trio-dombr.jpg?w=273&#038;h=184&#038;ssl=1\" srcset=\"https:\/\/i0.wp.com\/www.jazzzeitung.de\/cms\/wp-content\/uploads\/2017\/11\/0K3A8718-Hersch-Trio-dombr.jpg?w=1280&amp;ssl=1 1280w, https:\/\/i0.wp.com\/www.jazzzeitung.de\/cms\/wp-content\/uploads\/2017\/11\/0K3A8718-Hersch-Trio-dombr.jpg?resize=300%2C203&amp;ssl=1 300w, https:\/\/i0.wp.com\/www.jazzzeitung.de\/cms\/wp-content\/uploads\/2017\/11\/0K3A8718-Hersch-Trio-dombr.jpg?resize=768%2C519&amp;ssl=1 768w, https:\/\/i0.wp.com\/www.jazzzeitung.de\/cms\/wp-content\/uploads\/2017\/11\/0K3A8718-Hersch-Trio-dombr.jpg?resize=888%2C600&amp;ssl=1 888w, https:\/\/i0.wp.com\/www.jazzzeitung.de\/cms\/wp-content\/uploads\/2017\/11\/0K3A8718-Hersch-Trio-dombr.jpg?resize=600%2C405&amp;ssl=1 600w, https:\/\/i0.wp.com\/www.jazzzeitung.de\/cms\/wp-content\/uploads\/2017\/11\/0K3A8718-Hersch-Trio-dombr.jpg?resize=120%2C80&amp;ssl=1 120w\" width=\"273\" height=\"184\" loading=\"lazy\" data-original-width=\"273\" data-original-height=\"184\" itemprop=\"http:\/\/schema.org\/image\" title=\"0K3A8718, Hersch Trio (dombr)\" alt=\"Fred Hersch (p), John Herbert (b), Jeff Ballard (dr), Jazzclub Unterfahrt M\u00fcnchen. Foto Ralf Dombrowski\" style=\"width: 273px; height: 184px;\" \/> <\/a> <div class=\"tiled-gallery-caption\" itemprop=\"caption description\"> Fred Hersch (p), John Herbert (b), Jeff Ballard (dr), Jazzclub Unterfahrt M\u00fcnchen. Foto Ralf Dombrowski <\/div> <\/div> <\/div> <!-- close group --> <\/div> <!-- close row --> <\/div>\n<p>F\u00fcr die Zuh\u00f6rer jedenfalls war es ein Fest, denn sie konnten den Hersch-Kosmos in seinen verschiedenen Farbigkeiten erleben. Solistisch spielte er eigene Songs wie \u201eSarabande\u201c, vor allem aber ein Bouquet seiner Lieblings-Standards von Jobim bis Monk und Jimmy Rowles bis Benny Golson. Er lie\u00df St\u00fccke zerfallen, fing die Einzelteile auf, kombinierte sie neu. Er lie\u00df Rhythmen br\u00f6ckeln, nur um sie dann in Gegenbewegungen vor allem der linken Hand in sich zu verschr\u00e4nken. Brasilianischer Frohsinn traf auf Monk\u2019schen Intellekt, der unter Herschs Leitung sich von der Schrulligkeit befreite, um eine umfassende, bei aller Kantigkeit flie\u00dfende Gestaltungskraft zu entwickeln. Es war kein Pr\u00e4ludium zum Trio, vielmehr ein in sich abgeschlossener Klangraum, der eigentlich die Grenzen des Jazz in Richtung improvisierende, an keinen Stilen mehr klebende Kammermusik hinter sich lie\u00df.<\/p>\n<p>Das Trio wiederum forderte den Einsteiger Ballard heraus. Denn Hersch pr\u00e4sentiert \u00fcberwiegend eigenen Kompositionen, mit vielen rhythmischen und motivischen Finessen, die der Schlagzeuger allerdings vom Blatt las, ohne sich die Anstrengung gesteigerter Konzentration anmerken zu lassen. Hersch wiederum genoss es, sich in einen rhythmisch pulsierenden Raum zur\u00fccklehnen zu k\u00f6nnen, den besonders John Herbert mit wuchtigem, perkussiven Ton und zwischen Groove und Freiheit changierendem Beat fundamentierte. Am Ende wurde es ein grandios vielseitiger Abend, auch wenn er eigentlich so nicht geplant war. Ein Dank auch an Eric McPherson!<\/p>\n<p>Ralf Dombrowski<\/p>\n","protected":false},"excerpt":{"rendered":"<p>\u00a0Schlamperei kann \u00fcberraschende Folgen haben. Eric McPherson konnte seinen Pass nicht finden. Die amerikanischen Beh\u00f6rden kennen kein Pardon, und so musste er in USA bleiben. Fred Hersch und John Herbert allerdings waren schon auf dem Weg nach Deutschland zu einem der raren Europa-Konzerte in der M\u00fcnchner Unterfahrt. Ein Ersatz f\u00fcr McPherson musste her, Jeff Ballard hatte Zeit, konnte allerdings erst mit dem Abendflieger aus Paris kommen. Und so hatte das Publikum die seltene Gelegenheit, an einem Abend eigentlich zwei Konzerte zu h\u00f6ren. Denn die erste gute Stunde bestritt Fred Hersch allein am Fl\u00fcgel, erst zur zweiten H\u00e4lfte konnte Ballard dann direkt vom Taxi auf die B\u00fchne springen, um vollkommen das Trio zu vervollst\u00e4ndigen. F\u00fcr die Zuh\u00f6rer jedenfalls war es ein Fest, denn sie konnten den Hersch-Kosmos in seinen verschiedenen Farbigkeiten erleben. Solistisch spielte er eigene Songs wie \u201eSarabande\u201c, vor allem aber ein Bouquet seiner Lieblings-Standards von Jobim bis Monk und Jimmy Rowles bis Benny Golson. Er lie\u00df St\u00fccke zerfallen, fing die Einzelteile auf, kombinierte sie neu. Er lie\u00df Rhythmen br\u00f6ckeln, nur um sie dann in Gegenbewegungen vor allem der linken Hand in sich zu verschr\u00e4nken. &hellip;<\/p>\n","protected":false},"author":18,"featured_media":14245,"comment_status":"open","ping_status":"closed","sticky":false,"template":"","format":"standard","meta":{"_jetpack_memberships_contains_paid_content":false,"footnotes":"","jetpack_publicize_message":"","jetpack_publicize_feature_enabled":true,"jetpack_social_post_already_shared":false,"jetpack_social_options":{"image_generator_settings":{"template":"highway","default_image_id":0,"font":"","enabled":false},"version":2}},"categories":[1053],"tags":[137,323,431,146,1356,573],"coauthors":[695],"class_list":["post-14243","post","type-post","status-publish","format-standard","has-post-thumbnail","hentry","category-bericht","tag-deutschland","tag-konzerte","tag-paris","tag-dombrowski","tag-trio","tag-unterfahrt"],"yoast_head":"<!-- This site is optimized with the Yoast SEO plugin v27.5 - https:\/\/yoast.com\/product\/yoast-seo-wordpress\/ -->\n<title>Der Hersch-Kosmos - JazzZeitung<\/title>\n<meta name=\"robots\" content=\"index, follow, max-snippet:-1, max-image-preview:large, max-video-preview:-1\" \/>\n<link rel=\"canonical\" href=\"https:\/\/www.jazzzeitung.de\/cms\/2017\/11\/der-hersch-kosmos\/\" \/>\n<meta property=\"og:locale\" content=\"de_DE\" \/>\n<meta property=\"og:type\" content=\"article\" \/>\n<meta property=\"og:title\" content=\"Der Hersch-Kosmos - JazzZeitung\" \/>\n<meta property=\"og:description\" content=\"\u00a0Schlamperei kann \u00fcberraschende Folgen haben. Eric McPherson konnte seinen Pass nicht finden. Die amerikanischen Beh\u00f6rden kennen kein Pardon, und so musste er in USA bleiben. Fred Hersch und John Herbert allerdings waren schon auf dem Weg nach Deutschland zu einem der raren Europa-Konzerte in der M\u00fcnchner Unterfahrt. Ein Ersatz f\u00fcr McPherson musste her, Jeff Ballard hatte Zeit, konnte allerdings erst mit dem Abendflieger aus Paris kommen. Und so hatte das Publikum die seltene Gelegenheit, an einem Abend eigentlich zwei Konzerte zu h\u00f6ren. Denn die erste gute Stunde bestritt Fred Hersch allein am Fl\u00fcgel, erst zur zweiten H\u00e4lfte konnte Ballard dann direkt vom Taxi auf die B\u00fchne springen, um vollkommen das Trio zu vervollst\u00e4ndigen. F\u00fcr die Zuh\u00f6rer jedenfalls war es ein Fest, denn sie konnten den Hersch-Kosmos in seinen verschiedenen Farbigkeiten erleben. Solistisch spielte er eigene Songs wie \u201eSarabande\u201c, vor allem aber ein Bouquet seiner Lieblings-Standards von Jobim bis Monk und Jimmy Rowles bis Benny Golson. Er lie\u00df St\u00fccke zerfallen, fing die Einzelteile auf, kombinierte sie neu. Er lie\u00df Rhythmen br\u00f6ckeln, nur um sie dann in Gegenbewegungen vor allem der linken Hand in sich zu verschr\u00e4nken. &hellip;\" \/>\n<meta property=\"og:url\" content=\"https:\/\/www.jazzzeitung.de\/cms\/2017\/11\/der-hersch-kosmos\/\" \/>\n<meta property=\"og:site_name\" content=\"JazzZeitung\" \/>\n<meta property=\"article:publisher\" content=\"https:\/\/www.facebook.com\/JazzZeitung\/\" \/>\n<meta property=\"article:published_time\" content=\"2017-11-10T19:54:29+00:00\" \/>\n<meta property=\"og:image\" content=\"https:\/\/i0.wp.com\/www.jazzzeitung.de\/cms\/wp-content\/uploads\/2017\/11\/0K3A8657-Hersch-sw-dombr.jpg?fit=1280%2C1280&ssl=1\" \/>\n\t<meta property=\"og:image:width\" content=\"1280\" \/>\n\t<meta property=\"og:image:height\" content=\"1280\" \/>\n\t<meta property=\"og:image:type\" content=\"image\/jpeg\" \/>\n<meta name=\"author\" content=\"Redaktion JazzZeitung\" \/>\n<script type=\"application\/ld+json\" class=\"yoast-schema-graph\">{\"@context\":\"https:\\\/\\\/schema.org\",\"@graph\":[{\"@type\":\"Article\",\"@id\":\"https:\\\/\\\/www.jazzzeitung.de\\\/cms\\\/2017\\\/11\\\/der-hersch-kosmos\\\/#article\",\"isPartOf\":{\"@id\":\"https:\\\/\\\/www.jazzzeitung.de\\\/cms\\\/2017\\\/11\\\/der-hersch-kosmos\\\/\"},\"author\":{\"name\":\"Redaktion JazzZeitung\",\"@id\":\"https:\\\/\\\/www.jazzzeitung.de\\\/cms\\\/#\\\/schema\\\/person\\\/2245b36b9cd1d24cea10f01c031fb92b\"},\"headline\":\"Der Hersch-Kosmos\",\"datePublished\":\"2017-11-10T19:54:29+00:00\",\"mainEntityOfPage\":{\"@id\":\"https:\\\/\\\/www.jazzzeitung.de\\\/cms\\\/2017\\\/11\\\/der-hersch-kosmos\\\/\"},\"wordCount\":354,\"commentCount\":0,\"publisher\":{\"@id\":\"https:\\\/\\\/www.jazzzeitung.de\\\/cms\\\/#organization\"},\"image\":{\"@id\":\"https:\\\/\\\/www.jazzzeitung.de\\\/cms\\\/2017\\\/11\\\/der-hersch-kosmos\\\/#primaryimage\"},\"thumbnailUrl\":\"https:\\\/\\\/i0.wp.com\\\/www.jazzzeitung.de\\\/cms\\\/wp-content\\\/uploads\\\/2017\\\/11\\\/0K3A8657-Hersch-sw-dombr.jpg?fit=1280%2C1280&ssl=1\",\"keywords\":[\"Deutschland\",\"Konzerte\",\"Paris\",\"Ralf Dombrowski\",\"trio\",\"Unterfahrt\"],\"articleSection\":[\"Bericht\"],\"inLanguage\":\"de\",\"potentialAction\":[{\"@type\":\"CommentAction\",\"name\":\"Comment\",\"target\":[\"https:\\\/\\\/www.jazzzeitung.de\\\/cms\\\/2017\\\/11\\\/der-hersch-kosmos\\\/#respond\"]}]},{\"@type\":\"WebPage\",\"@id\":\"https:\\\/\\\/www.jazzzeitung.de\\\/cms\\\/2017\\\/11\\\/der-hersch-kosmos\\\/\",\"url\":\"https:\\\/\\\/www.jazzzeitung.de\\\/cms\\\/2017\\\/11\\\/der-hersch-kosmos\\\/\",\"name\":\"Der Hersch-Kosmos - JazzZeitung\",\"isPartOf\":{\"@id\":\"https:\\\/\\\/www.jazzzeitung.de\\\/cms\\\/#website\"},\"primaryImageOfPage\":{\"@id\":\"https:\\\/\\\/www.jazzzeitung.de\\\/cms\\\/2017\\\/11\\\/der-hersch-kosmos\\\/#primaryimage\"},\"image\":{\"@id\":\"https:\\\/\\\/www.jazzzeitung.de\\\/cms\\\/2017\\\/11\\\/der-hersch-kosmos\\\/#primaryimage\"},\"thumbnailUrl\":\"https:\\\/\\\/i0.wp.com\\\/www.jazzzeitung.de\\\/cms\\\/wp-content\\\/uploads\\\/2017\\\/11\\\/0K3A8657-Hersch-sw-dombr.jpg?fit=1280%2C1280&ssl=1\",\"datePublished\":\"2017-11-10T19:54:29+00:00\",\"breadcrumb\":{\"@id\":\"https:\\\/\\\/www.jazzzeitung.de\\\/cms\\\/2017\\\/11\\\/der-hersch-kosmos\\\/#breadcrumb\"},\"inLanguage\":\"de\",\"potentialAction\":[{\"@type\":\"ReadAction\",\"target\":[\"https:\\\/\\\/www.jazzzeitung.de\\\/cms\\\/2017\\\/11\\\/der-hersch-kosmos\\\/\"]}]},{\"@type\":\"ImageObject\",\"inLanguage\":\"de\",\"@id\":\"https:\\\/\\\/www.jazzzeitung.de\\\/cms\\\/2017\\\/11\\\/der-hersch-kosmos\\\/#primaryimage\",\"url\":\"https:\\\/\\\/i0.wp.com\\\/www.jazzzeitung.de\\\/cms\\\/wp-content\\\/uploads\\\/2017\\\/11\\\/0K3A8657-Hersch-sw-dombr.jpg?fit=1280%2C1280&ssl=1\",\"contentUrl\":\"https:\\\/\\\/i0.wp.com\\\/www.jazzzeitung.de\\\/cms\\\/wp-content\\\/uploads\\\/2017\\\/11\\\/0K3A8657-Hersch-sw-dombr.jpg?fit=1280%2C1280&ssl=1\",\"width\":1280,\"height\":1280,\"caption\":\"Fred Hersch (p), Unterfahrt M\u00fcnchen. Foto: Ralf Dombrowski\"},{\"@type\":\"BreadcrumbList\",\"@id\":\"https:\\\/\\\/www.jazzzeitung.de\\\/cms\\\/2017\\\/11\\\/der-hersch-kosmos\\\/#breadcrumb\",\"itemListElement\":[{\"@type\":\"ListItem\",\"position\":1,\"name\":\"Startseite\",\"item\":\"https:\\\/\\\/www.jazzzeitung.de\\\/cms\\\/\"},{\"@type\":\"ListItem\",\"position\":2,\"name\":\"Der Hersch-Kosmos\"}]},{\"@type\":\"WebSite\",\"@id\":\"https:\\\/\\\/www.jazzzeitung.de\\\/cms\\\/#website\",\"url\":\"https:\\\/\\\/www.jazzzeitung.de\\\/cms\\\/\",\"name\":\"JazzZeitung\",\"description\":\"Jazz-News und Jazz-Kontroverses\",\"publisher\":{\"@id\":\"https:\\\/\\\/www.jazzzeitung.de\\\/cms\\\/#organization\"},\"potentialAction\":[{\"@type\":\"SearchAction\",\"target\":{\"@type\":\"EntryPoint\",\"urlTemplate\":\"https:\\\/\\\/www.jazzzeitung.de\\\/cms\\\/?s={search_term_string}\"},\"query-input\":{\"@type\":\"PropertyValueSpecification\",\"valueRequired\":true,\"valueName\":\"search_term_string\"}}],\"inLanguage\":\"de\"},{\"@type\":\"Organization\",\"@id\":\"https:\\\/\\\/www.jazzzeitung.de\\\/cms\\\/#organization\",\"name\":\"JazzZeitung online\",\"url\":\"https:\\\/\\\/www.jazzzeitung.de\\\/cms\\\/\",\"logo\":{\"@type\":\"ImageObject\",\"inLanguage\":\"de\",\"@id\":\"https:\\\/\\\/www.jazzzeitung.de\\\/cms\\\/#\\\/schema\\\/logo\\\/image\\\/\",\"url\":\"https:\\\/\\\/i0.wp.com\\\/www.jazzzeitung.de\\\/cms\\\/wp-content\\\/uploads\\\/2015\\\/08\\\/JAZZZEITUNGDE_Logo_Neu.png?fit=499%2C200&ssl=1\",\"contentUrl\":\"https:\\\/\\\/i0.wp.com\\\/www.jazzzeitung.de\\\/cms\\\/wp-content\\\/uploads\\\/2015\\\/08\\\/JAZZZEITUNGDE_Logo_Neu.png?fit=499%2C200&ssl=1\",\"width\":499,\"height\":200,\"caption\":\"JazzZeitung online\"},\"image\":{\"@id\":\"https:\\\/\\\/www.jazzzeitung.de\\\/cms\\\/#\\\/schema\\\/logo\\\/image\\\/\"},\"sameAs\":[\"https:\\\/\\\/www.facebook.com\\\/JazzZeitung\\\/\"]},{\"@type\":\"Person\",\"@id\":\"https:\\\/\\\/www.jazzzeitung.de\\\/cms\\\/#\\\/schema\\\/person\\\/2245b36b9cd1d24cea10f01c031fb92b\",\"name\":\"Redaktion JazzZeitung\",\"image\":{\"@type\":\"ImageObject\",\"inLanguage\":\"de\",\"@id\":\"https:\\\/\\\/i0.wp.com\\\/www.jazzzeitung.de\\\/cms\\\/wp-content\\\/uploads\\\/2015\\\/08\\\/JAZZZEITUNGDE_Logo_Neu.png?resize=96%2C96&ssl=159975dcacb611b5700bd619b5daf0a7a\",\"url\":\"https:\\\/\\\/i0.wp.com\\\/www.jazzzeitung.de\\\/cms\\\/wp-content\\\/uploads\\\/2015\\\/08\\\/JAZZZEITUNGDE_Logo_Neu.png?resize=96%2C96&ssl=1\",\"contentUrl\":\"https:\\\/\\\/i0.wp.com\\\/www.jazzzeitung.de\\\/cms\\\/wp-content\\\/uploads\\\/2015\\\/08\\\/JAZZZEITUNGDE_Logo_Neu.png?resize=96%2C96&ssl=1\",\"caption\":\"Redaktion JazzZeitung\"},\"description\":\"Artikel der Redaktion der JazzZeitung.\",\"sameAs\":[\"http:\\\/\\\/www.jazzzeitung.de\\\/cms\\\/\"],\"url\":\"https:\\\/\\\/www.jazzzeitung.de\\\/cms\\\/author\\\/redaktion\\\/\"}]}<\/script>\n<!-- \/ Yoast SEO plugin. -->","yoast_head_json":{"title":"Der Hersch-Kosmos - JazzZeitung","robots":{"index":"index","follow":"follow","max-snippet":"max-snippet:-1","max-image-preview":"max-image-preview:large","max-video-preview":"max-video-preview:-1"},"canonical":"https:\/\/www.jazzzeitung.de\/cms\/2017\/11\/der-hersch-kosmos\/","og_locale":"de_DE","og_type":"article","og_title":"Der Hersch-Kosmos - JazzZeitung","og_description":"\u00a0Schlamperei kann \u00fcberraschende Folgen haben. Eric McPherson konnte seinen Pass nicht finden. Die amerikanischen Beh\u00f6rden kennen kein Pardon, und so musste er in USA bleiben. Fred Hersch und John Herbert allerdings waren schon auf dem Weg nach Deutschland zu einem der raren Europa-Konzerte in der M\u00fcnchner Unterfahrt. Ein Ersatz f\u00fcr McPherson musste her, Jeff Ballard hatte Zeit, konnte allerdings erst mit dem Abendflieger aus Paris kommen. Und so hatte das Publikum die seltene Gelegenheit, an einem Abend eigentlich zwei Konzerte zu h\u00f6ren. Denn die erste gute Stunde bestritt Fred Hersch allein am Fl\u00fcgel, erst zur zweiten H\u00e4lfte konnte Ballard dann direkt vom Taxi auf die B\u00fchne springen, um vollkommen das Trio zu vervollst\u00e4ndigen. F\u00fcr die Zuh\u00f6rer jedenfalls war es ein Fest, denn sie konnten den Hersch-Kosmos in seinen verschiedenen Farbigkeiten erleben. Solistisch spielte er eigene Songs wie \u201eSarabande\u201c, vor allem aber ein Bouquet seiner Lieblings-Standards von Jobim bis Monk und Jimmy Rowles bis Benny Golson. Er lie\u00df St\u00fccke zerfallen, fing die Einzelteile auf, kombinierte sie neu. Er lie\u00df Rhythmen br\u00f6ckeln, nur um sie dann in Gegenbewegungen vor allem der linken Hand in sich zu verschr\u00e4nken. &hellip;","og_url":"https:\/\/www.jazzzeitung.de\/cms\/2017\/11\/der-hersch-kosmos\/","og_site_name":"JazzZeitung","article_publisher":"https:\/\/www.facebook.com\/JazzZeitung\/","article_published_time":"2017-11-10T19:54:29+00:00","og_image":[{"width":1280,"height":1280,"url":"https:\/\/i0.wp.com\/www.jazzzeitung.de\/cms\/wp-content\/uploads\/2017\/11\/0K3A8657-Hersch-sw-dombr.jpg?fit=1280%2C1280&ssl=1","type":"image\/jpeg"}],"author":"Redaktion JazzZeitung","schema":{"@context":"https:\/\/schema.org","@graph":[{"@type":"Article","@id":"https:\/\/www.jazzzeitung.de\/cms\/2017\/11\/der-hersch-kosmos\/#article","isPartOf":{"@id":"https:\/\/www.jazzzeitung.de\/cms\/2017\/11\/der-hersch-kosmos\/"},"author":{"name":"Redaktion JazzZeitung","@id":"https:\/\/www.jazzzeitung.de\/cms\/#\/schema\/person\/2245b36b9cd1d24cea10f01c031fb92b"},"headline":"Der Hersch-Kosmos","datePublished":"2017-11-10T19:54:29+00:00","mainEntityOfPage":{"@id":"https:\/\/www.jazzzeitung.de\/cms\/2017\/11\/der-hersch-kosmos\/"},"wordCount":354,"commentCount":0,"publisher":{"@id":"https:\/\/www.jazzzeitung.de\/cms\/#organization"},"image":{"@id":"https:\/\/www.jazzzeitung.de\/cms\/2017\/11\/der-hersch-kosmos\/#primaryimage"},"thumbnailUrl":"https:\/\/i0.wp.com\/www.jazzzeitung.de\/cms\/wp-content\/uploads\/2017\/11\/0K3A8657-Hersch-sw-dombr.jpg?fit=1280%2C1280&ssl=1","keywords":["Deutschland","Konzerte","Paris","Ralf Dombrowski","trio","Unterfahrt"],"articleSection":["Bericht"],"inLanguage":"de","potentialAction":[{"@type":"CommentAction","name":"Comment","target":["https:\/\/www.jazzzeitung.de\/cms\/2017\/11\/der-hersch-kosmos\/#respond"]}]},{"@type":"WebPage","@id":"https:\/\/www.jazzzeitung.de\/cms\/2017\/11\/der-hersch-kosmos\/","url":"https:\/\/www.jazzzeitung.de\/cms\/2017\/11\/der-hersch-kosmos\/","name":"Der Hersch-Kosmos - JazzZeitung","isPartOf":{"@id":"https:\/\/www.jazzzeitung.de\/cms\/#website"},"primaryImageOfPage":{"@id":"https:\/\/www.jazzzeitung.de\/cms\/2017\/11\/der-hersch-kosmos\/#primaryimage"},"image":{"@id":"https:\/\/www.jazzzeitung.de\/cms\/2017\/11\/der-hersch-kosmos\/#primaryimage"},"thumbnailUrl":"https:\/\/i0.wp.com\/www.jazzzeitung.de\/cms\/wp-content\/uploads\/2017\/11\/0K3A8657-Hersch-sw-dombr.jpg?fit=1280%2C1280&ssl=1","datePublished":"2017-11-10T19:54:29+00:00","breadcrumb":{"@id":"https:\/\/www.jazzzeitung.de\/cms\/2017\/11\/der-hersch-kosmos\/#breadcrumb"},"inLanguage":"de","potentialAction":[{"@type":"ReadAction","target":["https:\/\/www.jazzzeitung.de\/cms\/2017\/11\/der-hersch-kosmos\/"]}]},{"@type":"ImageObject","inLanguage":"de","@id":"https:\/\/www.jazzzeitung.de\/cms\/2017\/11\/der-hersch-kosmos\/#primaryimage","url":"https:\/\/i0.wp.com\/www.jazzzeitung.de\/cms\/wp-content\/uploads\/2017\/11\/0K3A8657-Hersch-sw-dombr.jpg?fit=1280%2C1280&ssl=1","contentUrl":"https:\/\/i0.wp.com\/www.jazzzeitung.de\/cms\/wp-content\/uploads\/2017\/11\/0K3A8657-Hersch-sw-dombr.jpg?fit=1280%2C1280&ssl=1","width":1280,"height":1280,"caption":"Fred Hersch (p), Unterfahrt M\u00fcnchen. Foto: Ralf Dombrowski"},{"@type":"BreadcrumbList","@id":"https:\/\/www.jazzzeitung.de\/cms\/2017\/11\/der-hersch-kosmos\/#breadcrumb","itemListElement":[{"@type":"ListItem","position":1,"name":"Startseite","item":"https:\/\/www.jazzzeitung.de\/cms\/"},{"@type":"ListItem","position":2,"name":"Der Hersch-Kosmos"}]},{"@type":"WebSite","@id":"https:\/\/www.jazzzeitung.de\/cms\/#website","url":"https:\/\/www.jazzzeitung.de\/cms\/","name":"JazzZeitung","description":"Jazz-News und Jazz-Kontroverses","publisher":{"@id":"https:\/\/www.jazzzeitung.de\/cms\/#organization"},"potentialAction":[{"@type":"SearchAction","target":{"@type":"EntryPoint","urlTemplate":"https:\/\/www.jazzzeitung.de\/cms\/?s={search_term_string}"},"query-input":{"@type":"PropertyValueSpecification","valueRequired":true,"valueName":"search_term_string"}}],"inLanguage":"de"},{"@type":"Organization","@id":"https:\/\/www.jazzzeitung.de\/cms\/#organization","name":"JazzZeitung online","url":"https:\/\/www.jazzzeitung.de\/cms\/","logo":{"@type":"ImageObject","inLanguage":"de","@id":"https:\/\/www.jazzzeitung.de\/cms\/#\/schema\/logo\/image\/","url":"https:\/\/i0.wp.com\/www.jazzzeitung.de\/cms\/wp-content\/uploads\/2015\/08\/JAZZZEITUNGDE_Logo_Neu.png?fit=499%2C200&ssl=1","contentUrl":"https:\/\/i0.wp.com\/www.jazzzeitung.de\/cms\/wp-content\/uploads\/2015\/08\/JAZZZEITUNGDE_Logo_Neu.png?fit=499%2C200&ssl=1","width":499,"height":200,"caption":"JazzZeitung online"},"image":{"@id":"https:\/\/www.jazzzeitung.de\/cms\/#\/schema\/logo\/image\/"},"sameAs":["https:\/\/www.facebook.com\/JazzZeitung\/"]},{"@type":"Person","@id":"https:\/\/www.jazzzeitung.de\/cms\/#\/schema\/person\/2245b36b9cd1d24cea10f01c031fb92b","name":"Redaktion JazzZeitung","image":{"@type":"ImageObject","inLanguage":"de","@id":"https:\/\/i0.wp.com\/www.jazzzeitung.de\/cms\/wp-content\/uploads\/2015\/08\/JAZZZEITUNGDE_Logo_Neu.png?resize=96%2C96&ssl=159975dcacb611b5700bd619b5daf0a7a","url":"https:\/\/i0.wp.com\/www.jazzzeitung.de\/cms\/wp-content\/uploads\/2015\/08\/JAZZZEITUNGDE_Logo_Neu.png?resize=96%2C96&ssl=1","contentUrl":"https:\/\/i0.wp.com\/www.jazzzeitung.de\/cms\/wp-content\/uploads\/2015\/08\/JAZZZEITUNGDE_Logo_Neu.png?resize=96%2C96&ssl=1","caption":"Redaktion JazzZeitung"},"description":"Artikel der Redaktion der JazzZeitung.","sameAs":["http:\/\/www.jazzzeitung.de\/cms\/"],"url":"https:\/\/www.jazzzeitung.de\/cms\/author\/redaktion\/"}]}},"wp-worthy-pixel":{"ignored":false,"public":null,"server":null,"url":null},"wp-worthy-type":"normal","jetpack_publicize_connections":[],"cc_featured_image_caption":{"caption_text":false,"source_text":false,"source_url":false},"jetpack_featured_media_url":"https:\/\/i0.wp.com\/www.jazzzeitung.de\/cms\/wp-content\/uploads\/2017\/11\/0K3A8657-Hersch-sw-dombr.jpg?fit=1280%2C1280&ssl=1","jetpack_shortlink":"https:\/\/wp.me\/p3KEcT-3HJ","jetpack-related-posts":[{"id":23352,"url":"https:\/\/www.jazzzeitung.de\/cms\/2020\/09\/newsjazzclub-unterfahrt-nimmt-regulaeren-spielbetrieb-wieder-aufherbst-konzerte-in-bayreuthgruendungsmitglieder-treffen-jazzdaygermany\/","url_meta":{"origin":14243,"position":0},"title":"+++News:+++Jazzclub Unterfahrt nimmt regul\u00e4ren Spielbetrieb wieder auf+++Herbst-Konzerte in Bayreuth+++Gr\u00fcndungsmitglieder-Treffen JazzDayGermany+++","author":"Redaktion JazzZeitung","date":"10. September 2020","format":false,"excerpt":"Jazzclub Unterfahrt nimmt regul\u00e4ren Spielbetrieb wieder auf Der M\u00fcnchner Jazzclub Unterfahrt ist seit 11. Juli 2020 wieder f\u00fcr Live-Konzerte zug\u00e4nglich. Nach einer langen Phase, in der ausschlie\u00dflich Konzerte gestreamt wurden, wurden Kabel verlegt, W\u00e4nde gestrichen und eine neue, gro\u00dfz\u00fcgige B\u00fchne in den Club gebaut. So konnte Anfang September musikalisch mit\u2026","rel":"","context":"In &quot;Galerie&quot;","block_context":{"text":"Galerie","link":"https:\/\/www.jazzzeitung.de\/cms\/thema\/galerie\/"},"img":{"alt_text":"","src":"https:\/\/i0.wp.com\/www.jazzzeitung.de\/cms\/wp-content\/uploads\/2020\/09\/Unterfahrt-Foto-TJ-Krebs.jpg?fit=1200%2C800&ssl=1&resize=350%2C200","width":350,"height":200,"srcset":"https:\/\/i0.wp.com\/www.jazzzeitung.de\/cms\/wp-content\/uploads\/2020\/09\/Unterfahrt-Foto-TJ-Krebs.jpg?fit=1200%2C800&ssl=1&resize=350%2C200 1x, https:\/\/i0.wp.com\/www.jazzzeitung.de\/cms\/wp-content\/uploads\/2020\/09\/Unterfahrt-Foto-TJ-Krebs.jpg?fit=1200%2C800&ssl=1&resize=525%2C300 1.5x, https:\/\/i0.wp.com\/www.jazzzeitung.de\/cms\/wp-content\/uploads\/2020\/09\/Unterfahrt-Foto-TJ-Krebs.jpg?fit=1200%2C800&ssl=1&resize=700%2C400 2x, https:\/\/i0.wp.com\/www.jazzzeitung.de\/cms\/wp-content\/uploads\/2020\/09\/Unterfahrt-Foto-TJ-Krebs.jpg?fit=1200%2C800&ssl=1&resize=1050%2C600 3x"},"classes":[]},{"id":9415,"url":"https:\/\/www.jazzzeitung.de\/cms\/2016\/05\/zwei-festivals-laeuten-den-juni-ein-events-berlin-und-salzburg\/","url_meta":{"origin":14243,"position":1},"title":"Zwei Festivals l\u00e4uten den Juni ein: Events in Berlin und Salzburg","author":"Redaktion JazzZeitung","date":"30. Mai 2016","format":false,"excerpt":"Den Anfang macht am 31. Mai Berlin mit dem Festival Jazzdor im Kesselhaus. Und es feiert Geburtstag: Zehn Jahre deutsch-franz\u00f6sische Musikabenteuer! Auch die Jubil\u00e4ums-Ausgabe bleibt dem Festival-Credo treu: Zu h\u00f6ren gibt es wieder einige Premieren deutsch-franz\u00f6sischer Projekte und das Neueste aus der franz\u00f6sischen Jazzszene. Ganz in der Tradition von Jazzdor\u2026","rel":"","context":"In &quot;Bericht&quot;","block_context":{"text":"Bericht","link":"https:\/\/www.jazzzeitung.de\/cms\/thema\/bericht\/"},"img":{"alt_text":"","src":"https:\/\/i0.wp.com\/www.jazzzeitung.de\/cms\/wp-content\/uploads\/2016\/05\/01.06._%C3%89mile-Parisien_1-c_SylvainGripoix.jpg?resize=350%2C200","width":350,"height":200},"classes":[]},{"id":23878,"url":"https:\/\/www.jazzzeitung.de\/cms\/2020\/11\/munichs-finest-jazz-organ-summit-zwei-tage-festival-im-jazzclub-unterfahrt\/","url_meta":{"origin":14243,"position":2},"title":"&#8222;Munich&#8217;s Finest\u201c &#8211; Jazz Organ Summit: Zwei Tage Festival im Jazzclub Unterfahrt","author":"Thomas J. Krebs","date":"27. November 2020","format":false,"excerpt":"Die von Laurens Hammond in den 1930er Jahren erfundene Hammondorgel erfreute sich in den 1960er und 1970er Jahren der wohl gr\u00f6\u00dften Popularit\u00e4t, gerade im Jazz. Der Hammondklassiker, das Modell B-3 in Verbindung mit einem Leslie-Lautsprechersystem, ist klanglich bis heute einzigartig unverwechselbar und hat sich nach wie vor im Jazz, aber\u2026","rel":"","context":"In &quot;Bericht&quot;","block_context":{"text":"Bericht","link":"https:\/\/www.jazzzeitung.de\/cms\/thema\/bericht\/"},"img":{"alt_text":"","src":"https:\/\/i0.wp.com\/www.jazzzeitung.de\/cms\/wp-content\/uploads\/2020\/11\/Titelbild-Farbe-P1918871-Bublath-Trio-Foto-TJ-Krebs.jpg?fit=1200%2C808&ssl=1&resize=350%2C200","width":350,"height":200,"srcset":"https:\/\/i0.wp.com\/www.jazzzeitung.de\/cms\/wp-content\/uploads\/2020\/11\/Titelbild-Farbe-P1918871-Bublath-Trio-Foto-TJ-Krebs.jpg?fit=1200%2C808&ssl=1&resize=350%2C200 1x, https:\/\/i0.wp.com\/www.jazzzeitung.de\/cms\/wp-content\/uploads\/2020\/11\/Titelbild-Farbe-P1918871-Bublath-Trio-Foto-TJ-Krebs.jpg?fit=1200%2C808&ssl=1&resize=525%2C300 1.5x, https:\/\/i0.wp.com\/www.jazzzeitung.de\/cms\/wp-content\/uploads\/2020\/11\/Titelbild-Farbe-P1918871-Bublath-Trio-Foto-TJ-Krebs.jpg?fit=1200%2C808&ssl=1&resize=700%2C400 2x, https:\/\/i0.wp.com\/www.jazzzeitung.de\/cms\/wp-content\/uploads\/2020\/11\/Titelbild-Farbe-P1918871-Bublath-Trio-Foto-TJ-Krebs.jpg?fit=1200%2C808&ssl=1&resize=1050%2C600 3x"},"classes":[]},{"id":5606,"url":"https:\/\/www.jazzzeitung.de\/cms\/2015\/02\/miss-unterfahrt-leidenschaft-zufaelle-und-viel-musik\/","url_meta":{"origin":14243,"position":3},"title":"&#8222;Miss Unterfahrt&#8220; &#8211; Leidenschaft, Zuf\u00e4lle und viel Musik","author":"Redaktion JazzZeitung","date":"28. Februar 2015","format":false,"excerpt":"Von Ralf Dombrowski - Als Nachschlag zu jahrzehntelangem Engagement f\u00fcr die M\u00fcnchner Jazzszene bekam Christiane B\u00f6hnke-Geisse von der Abendzeitung einen Stern verliehen. Das Club-Programm allerdings verantwortet inzwischen Gabor Simon. Was nicht hei\u00dft, dass die Chefin von einst sich aus der Szene zur\u00fcckzieht. Der R\u00fcckblick ist eine kurze Geschichte von Leidenschaft,\u2026","rel":"","context":"In &quot;Bericht&quot;","block_context":{"text":"Bericht","link":"https:\/\/www.jazzzeitung.de\/cms\/thema\/bericht\/"},"img":{"alt_text":"Christiane B\u00f6hnke-Geisse Foto: Ralf Dombrowski","src":"https:\/\/i0.wp.com\/www.jazzzeitung.de\/cms\/wp-content\/uploads\/2015\/02\/0K3A5307-Christiane-B%C3%B6hnke-Geisse-dombr-150x150.jpg?resize=350%2C200","width":350,"height":200},"classes":[]},{"id":10079,"url":"https:\/\/www.jazzzeitung.de\/cms\/2016\/09\/chico-freeman-svante-henryson-reto-weber-der-unterfahrt\/","url_meta":{"origin":14243,"position":4},"title":"Chico Freeman, Svante Henryson, Reto Weber in der Unterfahrt","author":"Redaktion JazzZeitung","date":"22. September 2016","format":false,"excerpt":"Chico Freeman verk\u00f6rpert als Saxofonist, Komponist und Produzent die Intentionen des neuen Jazz und ist stets auf der Suche nach neuen Wegen des Ausdrucks. Svante Henryson ist ein Virtuose auf gleich drei Instrumenten \u2013 dem Cello, Kontrabass und E-Bass. Dazu ist er ein Komponist, der alle musikalischen Sprachen beherrscht. Und\u2026","rel":"","context":"In &quot;Galerie&quot;","block_context":{"text":"Galerie","link":"https:\/\/www.jazzzeitung.de\/cms\/thema\/galerie\/"},"img":{"alt_text":"","src":"https:\/\/i0.wp.com\/www.jazzzeitung.de\/cms\/wp-content\/uploads\/2016\/09\/0K3A6940-Freeman-dombr.jpg?resize=350%2C200","width":350,"height":200,"srcset":"https:\/\/i0.wp.com\/www.jazzzeitung.de\/cms\/wp-content\/uploads\/2016\/09\/0K3A6940-Freeman-dombr.jpg?resize=350%2C200 1x, https:\/\/i0.wp.com\/www.jazzzeitung.de\/cms\/wp-content\/uploads\/2016\/09\/0K3A6940-Freeman-dombr.jpg?resize=525%2C300 1.5x, https:\/\/i0.wp.com\/www.jazzzeitung.de\/cms\/wp-content\/uploads\/2016\/09\/0K3A6940-Freeman-dombr.jpg?resize=700%2C400 2x"},"classes":[]},{"id":22481,"url":"https:\/\/www.jazzzeitung.de\/cms\/2020\/05\/local-heroes-live-stream-konzertreihe-aus-dem-jazzclub-unterfahrt\/","url_meta":{"origin":14243,"position":5},"title":"\u201eLocal Heroes\u201c: Live-Stream Konzertreihe aus dem Jazzclub Unterfahrt","author":"Thomas J. Krebs","date":"6. Mai 2020","format":false,"excerpt":"Auf den ersten Blick scheint alles normal zu sein, die 31 Stufen hinunter in den Keller des M\u00fcnchner Kulturzentrum Einstein, den langgezogenen Gang entlang zum Jazzclub Unterfahrt, aber dann - kein Licht am Ende des Tunnels! Alles ist dunkel und auch am Eingang des Clubs leere Plakatrahmen. Beim Betreten der\u2026","rel":"","context":"In &quot;Bericht&quot;","block_context":{"text":"Bericht","link":"https:\/\/www.jazzzeitung.de\/cms\/thema\/bericht\/"},"img":{"alt_text":"","src":"https:\/\/i0.wp.com\/www.jazzzeitung.de\/cms\/wp-content\/uploads\/2020\/05\/Br%C3%A4ndle-Schwager-May-Foto-TJ-Krebs.jpg?fit=1200%2C675&ssl=1&resize=350%2C200","width":350,"height":200,"srcset":"https:\/\/i0.wp.com\/www.jazzzeitung.de\/cms\/wp-content\/uploads\/2020\/05\/Br%C3%A4ndle-Schwager-May-Foto-TJ-Krebs.jpg?fit=1200%2C675&ssl=1&resize=350%2C200 1x, https:\/\/i0.wp.com\/www.jazzzeitung.de\/cms\/wp-content\/uploads\/2020\/05\/Br%C3%A4ndle-Schwager-May-Foto-TJ-Krebs.jpg?fit=1200%2C675&ssl=1&resize=525%2C300 1.5x, https:\/\/i0.wp.com\/www.jazzzeitung.de\/cms\/wp-content\/uploads\/2020\/05\/Br%C3%A4ndle-Schwager-May-Foto-TJ-Krebs.jpg?fit=1200%2C675&ssl=1&resize=700%2C400 2x, https:\/\/i0.wp.com\/www.jazzzeitung.de\/cms\/wp-content\/uploads\/2020\/05\/Br%C3%A4ndle-Schwager-May-Foto-TJ-Krebs.jpg?fit=1200%2C675&ssl=1&resize=1050%2C600 3x"},"classes":[]}],"jetpack_sharing_enabled":true,"_links":{"self":[{"href":"https:\/\/www.jazzzeitung.de\/cms\/wp-json\/wp\/v2\/posts\/14243","targetHints":{"allow":["GET"]}}],"collection":[{"href":"https:\/\/www.jazzzeitung.de\/cms\/wp-json\/wp\/v2\/posts"}],"about":[{"href":"https:\/\/www.jazzzeitung.de\/cms\/wp-json\/wp\/v2\/types\/post"}],"author":[{"embeddable":true,"href":"https:\/\/www.jazzzeitung.de\/cms\/wp-json\/wp\/v2\/users\/18"}],"replies":[{"embeddable":true,"href":"https:\/\/www.jazzzeitung.de\/cms\/wp-json\/wp\/v2\/comments?post=14243"}],"version-history":[{"count":4,"href":"https:\/\/www.jazzzeitung.de\/cms\/wp-json\/wp\/v2\/posts\/14243\/revisions"}],"predecessor-version":[{"id":14249,"href":"https:\/\/www.jazzzeitung.de\/cms\/wp-json\/wp\/v2\/posts\/14243\/revisions\/14249"}],"wp:featuredmedia":[{"embeddable":true,"href":"https:\/\/www.jazzzeitung.de\/cms\/wp-json\/wp\/v2\/media\/14245"}],"wp:attachment":[{"href":"https:\/\/www.jazzzeitung.de\/cms\/wp-json\/wp\/v2\/media?parent=14243"}],"wp:term":[{"taxonomy":"category","embeddable":true,"href":"https:\/\/www.jazzzeitung.de\/cms\/wp-json\/wp\/v2\/categories?post=14243"},{"taxonomy":"post_tag","embeddable":true,"href":"https:\/\/www.jazzzeitung.de\/cms\/wp-json\/wp\/v2\/tags?post=14243"},{"taxonomy":"author","embeddable":true,"href":"https:\/\/www.jazzzeitung.de\/cms\/wp-json\/wp\/v2\/coauthors?post=14243"}],"curies":[{"name":"wp","href":"https:\/\/api.w.org\/{rel}","templated":true}]}}