{"id":14101,"date":"2017-11-04T11:26:07","date_gmt":"2017-11-04T10:26:07","guid":{"rendered":"https:\/\/www.jazzzeitung.de\/cms\/?p=14101"},"modified":"2017-11-22T20:52:19","modified_gmt":"2017-11-22T19:52:19","slug":"nebensonnen-sonnenschein-jazzfest-berlin-2017-freitag","status":"publish","type":"post","link":"https:\/\/www.jazzzeitung.de\/cms\/2017\/11\/nebensonnen-sonnenschein-jazzfest-berlin-2017-freitag\/","title":{"rendered":"Nebensonnen, Sonnenschein \u2013 Jazzfest Berlin 2017 (Freitag)"},"content":{"rendered":"<p>\u2026 und es gibt Tage, da ist man gerne als Kritiker unterwegs. Denn es gibt viel Sch\u00f6nes zu berichten. Von einer Preistr\u00e4gerin und von einem grandiosen Klaviersolo. Angelika Niescier auf der einen Seite im Trio mit Tyshawn Sorey (dm) und Chris Tordini (b). Ja, den beiden aus dem gestrigen Trio. Aber was f\u00fcr ein Unterschied nun. Danach ein 65-Minuten Klaviersolo von Michael Wollny, das komplett die Zuh\u00f6rerinnen in den Bann schlug. Doch der Reihe nach.<\/p>\n<h2>Albert-Mangelsdorff-Preis der UdJ an Angelica Niescier<\/h2>\n<p>Alle zwei Jahre wird dieser von der Union der Jazzmusiker (UdJ) seit 1994 dieser \u201eDeutsche Jazzpreis\u201c in zweij\u00e4hrigem Turnus verliehen. Dieses Jahr ging die Auszeichnung an die Saxophonistin <strong>Angelika Niescier<\/strong>, die, wie man so sagt \u201eumtriebige\u201c, ruhelose Musikerin am Saxophon, Kuratorin, Komponistin, Arrangeurin, P\u00e4dagogin, Aktivistin. Reihenfolge mag man umstellen wie man m\u00f6chte, im Zentrum steht jedenfalls sie selbst mit ihrem Instrument und ihren Auftritten.<\/p>\n<p>Die UdJ erkannte ihr den Preis im Wert von 15.000 Euro also zu. Ein Preis, vergeben von einer unabh\u00e4ngigen Fachjury, finanziert von Deutschem Komponistenverband, GEMA und GVL. Ganz im Gegensatz zum fragw\u00fcrdigen und <a href=\"https:\/\/www.jazzzeitung.de\/cms\/2017\/10\/konzertierte-verantwortungslosigkeit-der-ndr-und-der-echo-jazz-2017\/\">inhaltsleeren Medienereignis des ECHO Jazz<\/a>, der mehr die W\u00fcrgung der Kunst als ihre W\u00fcrdigung im Zentrum hat. Im Jazzfest ist der Albert-Mangelsdorff-Preis nun auch endlich angekommen mit einem eigenen Konzert und mit Gru\u00dfworten und Laudatio (wunderbar von Thomas Kr\u00fcger, dem Pr\u00e4sidenten der Bundeszentrale f\u00fcr politische Bildung, zum besten gegeben) im gro\u00dfen Saal. Ein w\u00fcrdiges, ein ad\u00e4quates Ambiente, wenngleich der Ablauf der Veranstaltung selbst noch <a href=\"http:\/\/www.jazzcity.de\/index.php\/jazzpolizei\/1989-der-jazz-feiert\">verbesserungsw\u00fcrdig ist<\/a>.<\/p>\n<p>(Alle Fotos \u00a9 <strong>Petra Basche<\/strong>, HuPe-kollektiv)<\/p>\n<div class=\"tiled-gallery type-rectangular tiled-gallery-unresized\" data-original-width=\"840\" data-carousel-extra='{&quot;blog_id&quot;:1,&quot;permalink&quot;:&quot;https:\\\/\\\/www.jazzzeitung.de\\\/cms\\\/2017\\\/11\\\/nebensonnen-sonnenschein-jazzfest-berlin-2017-freitag\\\/&quot;,&quot;likes_blog_id&quot;:55446655}' itemscope itemtype=\"http:\/\/schema.org\/ImageGallery\" > <div class=\"gallery-row\" style=\"width: 840px; height: 387px;\" data-original-width=\"840\" data-original-height=\"387\" > <div class=\"gallery-group images-1\" style=\"width: 578px; height: 387px;\" data-original-width=\"578\" data-original-height=\"387\" > <div class=\"tiled-gallery-item tiled-gallery-item-large\" itemprop=\"associatedMedia\" itemscope itemtype=\"http:\/\/schema.org\/ImageObject\"> <a href=\"https:\/\/www.jazzzeitung.de\/cms\/2017\/11\/nebensonnen-sonnenschein-jazzfest-berlin-2017-freitag\/angelica-niescier-im-trio-und-alber-mangelsdorff-preis-der-udj-foto-petra-basche-3\/\" border=\"0\" itemprop=\"url\"> <meta itemprop=\"width\" content=\"574\"> <meta itemprop=\"height\" content=\"383\"> <img decoding=\"async\" class=\"\" data-attachment-id=\"14105\" data-orig-file=\"https:\/\/www.jazzzeitung.de\/cms\/wp-content\/uploads\/2017\/11\/Jazzfest-Berlin-2017_Mangelsdorff-Preis_0001-10.jpg\" data-orig-size=\"2200,1468\" data-comments-opened=\"1\" data-image-meta=\"{&quot;aperture&quot;:&quot;4&quot;,&quot;credit&quot;:&quot;Petra Basche&quot;,&quot;camera&quot;:&quot;NIKON D800&quot;,&quot;caption&quot;:&quot;Angelica Niescier im Trio und Alber Mangelsdorff Preis der UdJ. Foto: Petra Basche&quot;,&quot;created_timestamp&quot;:&quot;1509736121&quot;,&quot;copyright&quot;:&quot;\\u00a9 Petra Basche&quot;,&quot;focal_length&quot;:&quot;35&quot;,&quot;iso&quot;:&quot;3200&quot;,&quot;shutter_speed&quot;:&quot;0.00625&quot;,&quot;title&quot;:&quot;Angelica Niescier im Trio und Alber Mangelsdorff Preis der UdJ. Foto: Petra Basche&quot;,&quot;orientation&quot;:&quot;1&quot;}\" data-image-title=\"Angelika Niescier im Trio und Albert Mangelsdorff Preis der UdJ. Foto: Petra Basche\" data-image-description=\"&lt;p&gt;Angelica Niescier im Trio und Albert Mangelsdorff Preis der UdJ. Foto: Petra Basche&lt;\/p&gt; \" data-medium-file=\"https:\/\/i0.wp.com\/www.jazzzeitung.de\/cms\/wp-content\/uploads\/2017\/11\/Jazzfest-Berlin-2017_Mangelsdorff-Preis_0001-10.jpg?fit=300%2C200&#038;ssl=1\" data-large-file=\"https:\/\/i0.wp.com\/www.jazzzeitung.de\/cms\/wp-content\/uploads\/2017\/11\/Jazzfest-Berlin-2017_Mangelsdorff-Preis_0001-10.jpg?fit=840%2C560&#038;ssl=1\" src=\"https:\/\/i0.wp.com\/www.jazzzeitung.de\/cms\/wp-content\/uploads\/2017\/11\/Jazzfest-Berlin-2017_Mangelsdorff-Preis_0001-10.jpg?w=574&#038;h=383&#038;ssl=1\" srcset=\"https:\/\/i0.wp.com\/www.jazzzeitung.de\/cms\/wp-content\/uploads\/2017\/11\/Jazzfest-Berlin-2017_Mangelsdorff-Preis_0001-10.jpg?w=2200&amp;ssl=1 2200w, https:\/\/i0.wp.com\/www.jazzzeitung.de\/cms\/wp-content\/uploads\/2017\/11\/Jazzfest-Berlin-2017_Mangelsdorff-Preis_0001-10.jpg?resize=300%2C200&amp;ssl=1 300w, https:\/\/i0.wp.com\/www.jazzzeitung.de\/cms\/wp-content\/uploads\/2017\/11\/Jazzfest-Berlin-2017_Mangelsdorff-Preis_0001-10.jpg?resize=768%2C512&amp;ssl=1 768w, https:\/\/i0.wp.com\/www.jazzzeitung.de\/cms\/wp-content\/uploads\/2017\/11\/Jazzfest-Berlin-2017_Mangelsdorff-Preis_0001-10.jpg?resize=900%2C600&amp;ssl=1 900w, https:\/\/i0.wp.com\/www.jazzzeitung.de\/cms\/wp-content\/uploads\/2017\/11\/Jazzfest-Berlin-2017_Mangelsdorff-Preis_0001-10.jpg?resize=600%2C400&amp;ssl=1 600w, https:\/\/i0.wp.com\/www.jazzzeitung.de\/cms\/wp-content\/uploads\/2017\/11\/Jazzfest-Berlin-2017_Mangelsdorff-Preis_0001-10.jpg?resize=120%2C80&amp;ssl=1 120w, https:\/\/i0.wp.com\/www.jazzzeitung.de\/cms\/wp-content\/uploads\/2017\/11\/Jazzfest-Berlin-2017_Mangelsdorff-Preis_0001-10.jpg?w=1680&amp;ssl=1 1680w\" width=\"574\" height=\"383\" loading=\"lazy\" data-original-width=\"574\" data-original-height=\"383\" itemprop=\"http:\/\/schema.org\/image\" title=\"Angelika Niescier im Trio und Albert Mangelsdorff Preis der UdJ. Foto: Petra Basche\" alt=\"Angelika Niescier im Trio und Albert Mangelsdorff Preis der UdJ. Foto: Petra Basche\" style=\"width: 574px; height: 383px;\" \/> <\/a> <div class=\"tiled-gallery-caption\" itemprop=\"caption description\"> Angelica Niescier im Trio und Albert Mangelsdorff Preis der UdJ. Foto: Petra Basche <\/div> <\/div> <\/div> <!-- close group --> <div class=\"gallery-group images-2\" style=\"width: 262px; height: 387px;\" data-original-width=\"262\" data-original-height=\"387\" > <div class=\"tiled-gallery-item tiled-gallery-item-large\" itemprop=\"associatedMedia\" itemscope itemtype=\"http:\/\/schema.org\/ImageObject\"> <a href=\"https:\/\/www.jazzzeitung.de\/cms\/2017\/11\/nebensonnen-sonnenschein-jazzfest-berlin-2017-freitag\/angelica-niescier-im-trio-und-alber-mangelsdorff-preis-der-udj-foto-petra-basche\/\" border=\"0\" itemprop=\"url\"> <meta itemprop=\"width\" content=\"258\"> <meta itemprop=\"height\" content=\"207\"> <img decoding=\"async\" class=\"\" data-attachment-id=\"14103\" data-orig-file=\"https:\/\/www.jazzzeitung.de\/cms\/wp-content\/uploads\/2017\/11\/Jazzfest-Berlin-2017_Mangelsdorff-Preis_0001.jpg\" data-orig-size=\"2000,1600\" data-comments-opened=\"1\" data-image-meta=\"{&quot;aperture&quot;:&quot;3.5&quot;,&quot;credit&quot;:&quot;Petra Basche&quot;,&quot;camera&quot;:&quot;E-M5MarkII&quot;,&quot;caption&quot;:&quot;Angelica Niescier im Trio und Alber Mangelsdorff Preis der UdJ. Foto: Petra Basche&quot;,&quot;created_timestamp&quot;:&quot;1509734595&quot;,&quot;copyright&quot;:&quot;\\u00a9 Petra Basche&quot;,&quot;focal_length&quot;:&quot;40&quot;,&quot;iso&quot;:&quot;800&quot;,&quot;shutter_speed&quot;:&quot;0.04&quot;,&quot;title&quot;:&quot;Angelica Niescier im Trio und Alber Mangelsdorff Preis der UdJ. Foto: Petra Basche&quot;,&quot;orientation&quot;:&quot;1&quot;}\" data-image-title=\"Angelika Niescier im Trio und Albert Mangelsdorff Preis der UdJ. Foto: Petra Basche\" data-image-description=\"&lt;p&gt;Angelika Niescier im Trio und Albert Mangelsdorff Preis der UdJ. Foto: Petra Basche&lt;\/p&gt; \" data-medium-file=\"https:\/\/i0.wp.com\/www.jazzzeitung.de\/cms\/wp-content\/uploads\/2017\/11\/Jazzfest-Berlin-2017_Mangelsdorff-Preis_0001.jpg?fit=300%2C240&#038;ssl=1\" data-large-file=\"https:\/\/i0.wp.com\/www.jazzzeitung.de\/cms\/wp-content\/uploads\/2017\/11\/Jazzfest-Berlin-2017_Mangelsdorff-Preis_0001.jpg?fit=750%2C600&#038;ssl=1\" src=\"https:\/\/i0.wp.com\/www.jazzzeitung.de\/cms\/wp-content\/uploads\/2017\/11\/Jazzfest-Berlin-2017_Mangelsdorff-Preis_0001.jpg?w=258&#038;h=207&#038;ssl=1\" srcset=\"https:\/\/i0.wp.com\/www.jazzzeitung.de\/cms\/wp-content\/uploads\/2017\/11\/Jazzfest-Berlin-2017_Mangelsdorff-Preis_0001.jpg?w=2000&amp;ssl=1 2000w, https:\/\/i0.wp.com\/www.jazzzeitung.de\/cms\/wp-content\/uploads\/2017\/11\/Jazzfest-Berlin-2017_Mangelsdorff-Preis_0001.jpg?resize=300%2C240&amp;ssl=1 300w, https:\/\/i0.wp.com\/www.jazzzeitung.de\/cms\/wp-content\/uploads\/2017\/11\/Jazzfest-Berlin-2017_Mangelsdorff-Preis_0001.jpg?resize=768%2C614&amp;ssl=1 768w, https:\/\/i0.wp.com\/www.jazzzeitung.de\/cms\/wp-content\/uploads\/2017\/11\/Jazzfest-Berlin-2017_Mangelsdorff-Preis_0001.jpg?resize=750%2C600&amp;ssl=1 750w, https:\/\/i0.wp.com\/www.jazzzeitung.de\/cms\/wp-content\/uploads\/2017\/11\/Jazzfest-Berlin-2017_Mangelsdorff-Preis_0001.jpg?resize=600%2C480&amp;ssl=1 600w, https:\/\/i0.wp.com\/www.jazzzeitung.de\/cms\/wp-content\/uploads\/2017\/11\/Jazzfest-Berlin-2017_Mangelsdorff-Preis_0001.jpg?w=1680&amp;ssl=1 1680w\" width=\"258\" height=\"207\" loading=\"lazy\" data-original-width=\"258\" data-original-height=\"207\" itemprop=\"http:\/\/schema.org\/image\" title=\"Angelika Niescier im Trio und Albert Mangelsdorff Preis der UdJ. Foto: Petra Basche\" alt=\"Angelika Niescier im Trio und Albert Mangelsdorff Preis der UdJ. Foto: Petra Basche\" style=\"width: 258px; height: 207px;\" \/> <\/a> <div class=\"tiled-gallery-caption\" itemprop=\"caption description\"> Angelika Niescier im Trio und Albert Mangelsdorff Preis der UdJ. Foto: Petra Basche <\/div> <\/div> <div class=\"tiled-gallery-item tiled-gallery-item-large\" itemprop=\"associatedMedia\" itemscope itemtype=\"http:\/\/schema.org\/ImageObject\"> <a href=\"https:\/\/www.jazzzeitung.de\/cms\/2017\/11\/nebensonnen-sonnenschein-jazzfest-berlin-2017-freitag\/angelica-niescier-im-trio-und-alber-mangelsdorff-preis-der-udj-foto-petra-basche-8\/\" border=\"0\" itemprop=\"url\"> <meta itemprop=\"width\" content=\"258\"> <meta itemprop=\"height\" content=\"172\"> <img decoding=\"async\" class=\"\" data-attachment-id=\"14110\" data-orig-file=\"https:\/\/www.jazzzeitung.de\/cms\/wp-content\/uploads\/2017\/11\/Jazzfest-Berlin-2017_Niescier_Mangelsdorff-Preis_0001-25.jpg\" data-orig-size=\"2200,1468\" data-comments-opened=\"1\" data-image-meta=\"{&quot;aperture&quot;:&quot;2&quot;,&quot;credit&quot;:&quot;Petra Basche&quot;,&quot;camera&quot;:&quot;NIKON D800&quot;,&quot;caption&quot;:&quot;Angelica Niescier im Trio und Alber Mangelsdorff Preis der UdJ. Foto: Petra Basche&quot;,&quot;created_timestamp&quot;:&quot;1509740410&quot;,&quot;copyright&quot;:&quot;\\u00a9 Petra Basche&quot;,&quot;focal_length&quot;:&quot;85&quot;,&quot;iso&quot;:&quot;4000&quot;,&quot;shutter_speed&quot;:&quot;0.00625&quot;,&quot;title&quot;:&quot;Angelica Niescier im Trio und Alber Mangelsdorff Preis der UdJ. Foto: Petra Basche&quot;,&quot;orientation&quot;:&quot;1&quot;}\" data-image-title=\"Angelika Niescier im Trio und Albert Mangelsdorff Preis der UdJ. Foto: Petra Basche\" data-image-description=\"&lt;p&gt;Angelika Niescier im Trio und Albert Mangelsdorff Preis der UdJ. Foto: Petra Basche&lt;\/p&gt; \" data-medium-file=\"https:\/\/i0.wp.com\/www.jazzzeitung.de\/cms\/wp-content\/uploads\/2017\/11\/Jazzfest-Berlin-2017_Niescier_Mangelsdorff-Preis_0001-25.jpg?fit=300%2C200&#038;ssl=1\" data-large-file=\"https:\/\/i0.wp.com\/www.jazzzeitung.de\/cms\/wp-content\/uploads\/2017\/11\/Jazzfest-Berlin-2017_Niescier_Mangelsdorff-Preis_0001-25.jpg?fit=840%2C560&#038;ssl=1\" src=\"https:\/\/i0.wp.com\/www.jazzzeitung.de\/cms\/wp-content\/uploads\/2017\/11\/Jazzfest-Berlin-2017_Niescier_Mangelsdorff-Preis_0001-25.jpg?w=258&#038;h=172&#038;ssl=1\" srcset=\"https:\/\/i0.wp.com\/www.jazzzeitung.de\/cms\/wp-content\/uploads\/2017\/11\/Jazzfest-Berlin-2017_Niescier_Mangelsdorff-Preis_0001-25.jpg?w=2200&amp;ssl=1 2200w, https:\/\/i0.wp.com\/www.jazzzeitung.de\/cms\/wp-content\/uploads\/2017\/11\/Jazzfest-Berlin-2017_Niescier_Mangelsdorff-Preis_0001-25.jpg?resize=300%2C200&amp;ssl=1 300w, https:\/\/i0.wp.com\/www.jazzzeitung.de\/cms\/wp-content\/uploads\/2017\/11\/Jazzfest-Berlin-2017_Niescier_Mangelsdorff-Preis_0001-25.jpg?resize=768%2C512&amp;ssl=1 768w, https:\/\/i0.wp.com\/www.jazzzeitung.de\/cms\/wp-content\/uploads\/2017\/11\/Jazzfest-Berlin-2017_Niescier_Mangelsdorff-Preis_0001-25.jpg?resize=900%2C600&amp;ssl=1 900w, https:\/\/i0.wp.com\/www.jazzzeitung.de\/cms\/wp-content\/uploads\/2017\/11\/Jazzfest-Berlin-2017_Niescier_Mangelsdorff-Preis_0001-25.jpg?resize=600%2C400&amp;ssl=1 600w, https:\/\/i0.wp.com\/www.jazzzeitung.de\/cms\/wp-content\/uploads\/2017\/11\/Jazzfest-Berlin-2017_Niescier_Mangelsdorff-Preis_0001-25.jpg?resize=120%2C80&amp;ssl=1 120w, https:\/\/i0.wp.com\/www.jazzzeitung.de\/cms\/wp-content\/uploads\/2017\/11\/Jazzfest-Berlin-2017_Niescier_Mangelsdorff-Preis_0001-25.jpg?w=1680&amp;ssl=1 1680w\" width=\"258\" height=\"172\" loading=\"lazy\" data-original-width=\"258\" data-original-height=\"172\" itemprop=\"http:\/\/schema.org\/image\" title=\"Angelika Niescier im Trio und Albert Mangelsdorff Preis der UdJ. Foto: Petra Basche\" alt=\"Angelika Niescier im Trio und Albert Mangelsdorff Preis der UdJ. Foto: Petra Basche\" style=\"width: 258px; height: 172px;\" \/> <\/a> <div class=\"tiled-gallery-caption\" itemprop=\"caption description\"> Angelika Niescier im Trio und Albert Mangelsdorff Preis der UdJ. Foto: Petra Basche <\/div> <\/div> <\/div> <!-- close group --> <\/div> <!-- close row --> <div class=\"gallery-row\" style=\"width: 840px; height: 149px;\" data-original-width=\"840\" data-original-height=\"149\" > <div class=\"gallery-group images-1\" style=\"width: 198px; height: 149px;\" data-original-width=\"198\" data-original-height=\"149\" > <div class=\"tiled-gallery-item tiled-gallery-item-small\" itemprop=\"associatedMedia\" itemscope itemtype=\"http:\/\/schema.org\/ImageObject\"> <a href=\"https:\/\/www.jazzzeitung.de\/cms\/2017\/11\/nebensonnen-sonnenschein-jazzfest-berlin-2017-freitag\/angelica-niescier-im-trio-und-alber-mangelsdorff-preis-der-udj-foto-petra-basche-5\/\" border=\"0\" itemprop=\"url\"> <meta itemprop=\"width\" content=\"194\"> <meta itemprop=\"height\" content=\"145\"> <img decoding=\"async\" class=\"\" data-attachment-id=\"14107\" data-orig-file=\"https:\/\/www.jazzzeitung.de\/cms\/wp-content\/uploads\/2017\/11\/Jazzfest-Berlin-2017_Mangelsdorff-Preis_Williams0001.jpg\" data-orig-size=\"2133,1600\" data-comments-opened=\"1\" data-image-meta=\"{&quot;aperture&quot;:&quot;3.5&quot;,&quot;credit&quot;:&quot;Petra Basche&quot;,&quot;camera&quot;:&quot;E-M5MarkII&quot;,&quot;caption&quot;:&quot;Angelica Niescier im Trio und Alber Mangelsdorff Preis der UdJ. Foto: Petra Basche&quot;,&quot;created_timestamp&quot;:&quot;1509734440&quot;,&quot;copyright&quot;:&quot;\\u00a9 Petra Basche&quot;,&quot;focal_length&quot;:&quot;90&quot;,&quot;iso&quot;:&quot;800&quot;,&quot;shutter_speed&quot;:&quot;0.0125&quot;,&quot;title&quot;:&quot;Angelica Niescier im Trio und Alber Mangelsdorff Preis der UdJ. Foto: Petra Basche&quot;,&quot;orientation&quot;:&quot;1&quot;}\" data-image-title=\"Richard Williams. Foto: Petra Basche\" data-image-description=\"&lt;p&gt;Richard Williams. Foto: Petra Basche&lt;\/p&gt; \" data-medium-file=\"https:\/\/i0.wp.com\/www.jazzzeitung.de\/cms\/wp-content\/uploads\/2017\/11\/Jazzfest-Berlin-2017_Mangelsdorff-Preis_Williams0001.jpg?fit=300%2C225&#038;ssl=1\" data-large-file=\"https:\/\/i0.wp.com\/www.jazzzeitung.de\/cms\/wp-content\/uploads\/2017\/11\/Jazzfest-Berlin-2017_Mangelsdorff-Preis_Williams0001.jpg?fit=800%2C600&#038;ssl=1\" src=\"https:\/\/i0.wp.com\/www.jazzzeitung.de\/cms\/wp-content\/uploads\/2017\/11\/Jazzfest-Berlin-2017_Mangelsdorff-Preis_Williams0001.jpg?w=194&#038;h=145&#038;ssl=1\" srcset=\"https:\/\/i0.wp.com\/www.jazzzeitung.de\/cms\/wp-content\/uploads\/2017\/11\/Jazzfest-Berlin-2017_Mangelsdorff-Preis_Williams0001.jpg?w=2133&amp;ssl=1 2133w, https:\/\/i0.wp.com\/www.jazzzeitung.de\/cms\/wp-content\/uploads\/2017\/11\/Jazzfest-Berlin-2017_Mangelsdorff-Preis_Williams0001.jpg?resize=300%2C225&amp;ssl=1 300w, https:\/\/i0.wp.com\/www.jazzzeitung.de\/cms\/wp-content\/uploads\/2017\/11\/Jazzfest-Berlin-2017_Mangelsdorff-Preis_Williams0001.jpg?resize=768%2C576&amp;ssl=1 768w, https:\/\/i0.wp.com\/www.jazzzeitung.de\/cms\/wp-content\/uploads\/2017\/11\/Jazzfest-Berlin-2017_Mangelsdorff-Preis_Williams0001.jpg?resize=800%2C600&amp;ssl=1 800w, https:\/\/i0.wp.com\/www.jazzzeitung.de\/cms\/wp-content\/uploads\/2017\/11\/Jazzfest-Berlin-2017_Mangelsdorff-Preis_Williams0001.jpg?resize=600%2C450&amp;ssl=1 600w, https:\/\/i0.wp.com\/www.jazzzeitung.de\/cms\/wp-content\/uploads\/2017\/11\/Jazzfest-Berlin-2017_Mangelsdorff-Preis_Williams0001.jpg?w=1680&amp;ssl=1 1680w\" width=\"194\" height=\"145\" loading=\"lazy\" data-original-width=\"194\" data-original-height=\"145\" itemprop=\"http:\/\/schema.org\/image\" title=\"Richard Williams. Foto: Petra Basche\" alt=\"Richard Williams. Foto: Petra Basche\" style=\"width: 194px; height: 145px;\" \/> <\/a> <div class=\"tiled-gallery-caption\" itemprop=\"caption description\"> Richard Williams. Foto: Petra Basche <\/div> <\/div> <\/div> <!-- close group --> <div class=\"gallery-group images-1\" style=\"width: 222px; height: 149px;\" data-original-width=\"222\" data-original-height=\"149\" > <div class=\"tiled-gallery-item tiled-gallery-item-small\" itemprop=\"associatedMedia\" itemscope itemtype=\"http:\/\/schema.org\/ImageObject\"> <a href=\"https:\/\/www.jazzzeitung.de\/cms\/2017\/11\/nebensonnen-sonnenschein-jazzfest-berlin-2017-freitag\/angelica-niescier-im-trio-und-alber-mangelsdorff-preis-der-udj-foto-petra-basche-7\/\" border=\"0\" itemprop=\"url\"> <meta itemprop=\"width\" content=\"218\"> <meta itemprop=\"height\" content=\"145\"> <img decoding=\"async\" class=\"\" data-attachment-id=\"14109\" data-orig-file=\"https:\/\/www.jazzzeitung.de\/cms\/wp-content\/uploads\/2017\/11\/Jazzfest-Berlin-2017_Niescier_Mangelsdorff-Preis_0001-24.jpg\" data-orig-size=\"2200,1468\" data-comments-opened=\"1\" data-image-meta=\"{&quot;aperture&quot;:&quot;2&quot;,&quot;credit&quot;:&quot;Petra Basche&quot;,&quot;camera&quot;:&quot;NIKON D800&quot;,&quot;caption&quot;:&quot;Angelica Niescier im Trio und Alber Mangelsdorff Preis der UdJ. Foto: Petra Basche&quot;,&quot;created_timestamp&quot;:&quot;1509740400&quot;,&quot;copyright&quot;:&quot;\\u00a9 Petra Basche&quot;,&quot;focal_length&quot;:&quot;85&quot;,&quot;iso&quot;:&quot;4000&quot;,&quot;shutter_speed&quot;:&quot;0.00625&quot;,&quot;title&quot;:&quot;Angelica Niescier im Trio und Alber Mangelsdorff Preis der UdJ. Foto: Petra Basche&quot;,&quot;orientation&quot;:&quot;1&quot;}\" data-image-title=\"Angelika Niescier im Trio und Albert Mangelsdorff Preis der UdJ. Foto: Petra Basche\" data-image-description=\"&lt;p&gt;Angelika Niescier im Trio und Albert Mangelsdorff Preis der UdJ. Foto: Petra Basche&lt;\/p&gt; \" data-medium-file=\"https:\/\/i0.wp.com\/www.jazzzeitung.de\/cms\/wp-content\/uploads\/2017\/11\/Jazzfest-Berlin-2017_Niescier_Mangelsdorff-Preis_0001-24.jpg?fit=300%2C200&#038;ssl=1\" data-large-file=\"https:\/\/i0.wp.com\/www.jazzzeitung.de\/cms\/wp-content\/uploads\/2017\/11\/Jazzfest-Berlin-2017_Niescier_Mangelsdorff-Preis_0001-24.jpg?fit=840%2C560&#038;ssl=1\" src=\"https:\/\/i0.wp.com\/www.jazzzeitung.de\/cms\/wp-content\/uploads\/2017\/11\/Jazzfest-Berlin-2017_Niescier_Mangelsdorff-Preis_0001-24.jpg?w=218&#038;h=145&#038;ssl=1\" srcset=\"https:\/\/i0.wp.com\/www.jazzzeitung.de\/cms\/wp-content\/uploads\/2017\/11\/Jazzfest-Berlin-2017_Niescier_Mangelsdorff-Preis_0001-24.jpg?w=2200&amp;ssl=1 2200w, https:\/\/i0.wp.com\/www.jazzzeitung.de\/cms\/wp-content\/uploads\/2017\/11\/Jazzfest-Berlin-2017_Niescier_Mangelsdorff-Preis_0001-24.jpg?resize=300%2C200&amp;ssl=1 300w, https:\/\/i0.wp.com\/www.jazzzeitung.de\/cms\/wp-content\/uploads\/2017\/11\/Jazzfest-Berlin-2017_Niescier_Mangelsdorff-Preis_0001-24.jpg?resize=768%2C512&amp;ssl=1 768w, https:\/\/i0.wp.com\/www.jazzzeitung.de\/cms\/wp-content\/uploads\/2017\/11\/Jazzfest-Berlin-2017_Niescier_Mangelsdorff-Preis_0001-24.jpg?resize=900%2C600&amp;ssl=1 900w, https:\/\/i0.wp.com\/www.jazzzeitung.de\/cms\/wp-content\/uploads\/2017\/11\/Jazzfest-Berlin-2017_Niescier_Mangelsdorff-Preis_0001-24.jpg?resize=600%2C400&amp;ssl=1 600w, https:\/\/i0.wp.com\/www.jazzzeitung.de\/cms\/wp-content\/uploads\/2017\/11\/Jazzfest-Berlin-2017_Niescier_Mangelsdorff-Preis_0001-24.jpg?resize=120%2C80&amp;ssl=1 120w, https:\/\/i0.wp.com\/www.jazzzeitung.de\/cms\/wp-content\/uploads\/2017\/11\/Jazzfest-Berlin-2017_Niescier_Mangelsdorff-Preis_0001-24.jpg?w=1680&amp;ssl=1 1680w\" width=\"218\" height=\"145\" loading=\"lazy\" data-original-width=\"218\" data-original-height=\"145\" itemprop=\"http:\/\/schema.org\/image\" title=\"Angelika Niescier im Trio und Albert Mangelsdorff Preis der UdJ. Foto: Petra Basche\" alt=\"Angelika Niescier im Trio und Albert Mangelsdorff Preis der UdJ. Foto: Petra Basche\" style=\"width: 218px; height: 145px;\" \/> <\/a> <div class=\"tiled-gallery-caption\" itemprop=\"caption description\"> Angelika Niescier im Trio und Albert Mangelsdorff Preis der UdJ. Foto: Petra Basche <\/div> <\/div> <\/div> <!-- close group --> <div class=\"gallery-group images-1\" style=\"width: 198px; height: 149px;\" data-original-width=\"198\" data-original-height=\"149\" > <div class=\"tiled-gallery-item tiled-gallery-item-small\" itemprop=\"associatedMedia\" itemscope itemtype=\"http:\/\/schema.org\/ImageObject\"> <a href=\"https:\/\/www.jazzzeitung.de\/cms\/2017\/11\/nebensonnen-sonnenschein-jazzfest-berlin-2017-freitag\/angelica-niescier-im-trio-und-alber-mangelsdorff-preis-der-udj-foto-petra-basche-6\/\" border=\"0\" itemprop=\"url\"> <meta itemprop=\"width\" content=\"194\"> <meta itemprop=\"height\" content=\"145\"> <img decoding=\"async\" class=\"\" data-attachment-id=\"14108\" data-orig-file=\"https:\/\/www.jazzzeitung.de\/cms\/wp-content\/uploads\/2017\/11\/Jazzfest-Berlin-2017_Niescier_Mangelsdorff-Preis_0001-18.jpg\" data-orig-size=\"2133,1600\" data-comments-opened=\"1\" data-image-meta=\"{&quot;aperture&quot;:&quot;1.8&quot;,&quot;credit&quot;:&quot;Petra Basche&quot;,&quot;camera&quot;:&quot;E-M5MarkII&quot;,&quot;caption&quot;:&quot;Angelica Niescier im Trio und Alber Mangelsdorff Preis der UdJ. Foto: Petra Basche&quot;,&quot;created_timestamp&quot;:&quot;1509739810&quot;,&quot;copyright&quot;:&quot;\\u00a9 Petra Basche&quot;,&quot;focal_length&quot;:&quot;75&quot;,&quot;iso&quot;:&quot;1600&quot;,&quot;shutter_speed&quot;:&quot;0.008&quot;,&quot;title&quot;:&quot;Angelica Niescier im Trio und Alber Mangelsdorff Preis der UdJ. Foto: Petra Basche&quot;,&quot;orientation&quot;:&quot;1&quot;}\" data-image-title=\"Angelika Niescier im Trio und Albert Mangelsdorff Preis der UdJ. Foto: Petra Basche\" data-image-description=\"&lt;p&gt;Angelica Niescier im Trio und Albert Mangelsdorff Preis der UdJ. Foto: Petra Basche&lt;\/p&gt; \" data-medium-file=\"https:\/\/i0.wp.com\/www.jazzzeitung.de\/cms\/wp-content\/uploads\/2017\/11\/Jazzfest-Berlin-2017_Niescier_Mangelsdorff-Preis_0001-18.jpg?fit=300%2C225&#038;ssl=1\" data-large-file=\"https:\/\/i0.wp.com\/www.jazzzeitung.de\/cms\/wp-content\/uploads\/2017\/11\/Jazzfest-Berlin-2017_Niescier_Mangelsdorff-Preis_0001-18.jpg?fit=800%2C600&#038;ssl=1\" src=\"https:\/\/i0.wp.com\/www.jazzzeitung.de\/cms\/wp-content\/uploads\/2017\/11\/Jazzfest-Berlin-2017_Niescier_Mangelsdorff-Preis_0001-18.jpg?w=194&#038;h=145&#038;ssl=1\" srcset=\"https:\/\/i0.wp.com\/www.jazzzeitung.de\/cms\/wp-content\/uploads\/2017\/11\/Jazzfest-Berlin-2017_Niescier_Mangelsdorff-Preis_0001-18.jpg?w=2133&amp;ssl=1 2133w, https:\/\/i0.wp.com\/www.jazzzeitung.de\/cms\/wp-content\/uploads\/2017\/11\/Jazzfest-Berlin-2017_Niescier_Mangelsdorff-Preis_0001-18.jpg?resize=300%2C225&amp;ssl=1 300w, https:\/\/i0.wp.com\/www.jazzzeitung.de\/cms\/wp-content\/uploads\/2017\/11\/Jazzfest-Berlin-2017_Niescier_Mangelsdorff-Preis_0001-18.jpg?resize=768%2C576&amp;ssl=1 768w, https:\/\/i0.wp.com\/www.jazzzeitung.de\/cms\/wp-content\/uploads\/2017\/11\/Jazzfest-Berlin-2017_Niescier_Mangelsdorff-Preis_0001-18.jpg?resize=800%2C600&amp;ssl=1 800w, https:\/\/i0.wp.com\/www.jazzzeitung.de\/cms\/wp-content\/uploads\/2017\/11\/Jazzfest-Berlin-2017_Niescier_Mangelsdorff-Preis_0001-18.jpg?resize=600%2C450&amp;ssl=1 600w, https:\/\/i0.wp.com\/www.jazzzeitung.de\/cms\/wp-content\/uploads\/2017\/11\/Jazzfest-Berlin-2017_Niescier_Mangelsdorff-Preis_0001-18.jpg?w=1680&amp;ssl=1 1680w\" width=\"194\" height=\"145\" loading=\"lazy\" data-original-width=\"194\" data-original-height=\"145\" itemprop=\"http:\/\/schema.org\/image\" title=\"Angelika Niescier im Trio und Albert Mangelsdorff Preis der UdJ. Foto: Petra Basche\" alt=\"Angelika Niescier im Trio und Albert Mangelsdorff Preis der UdJ. Foto: Petra Basche\" style=\"width: 194px; height: 145px;\" \/> <\/a> <div class=\"tiled-gallery-caption\" itemprop=\"caption description\"> Angelika Niescier im Trio und Albert Mangelsdorff Preis der UdJ. Foto: Petra Basche <\/div> <\/div> <\/div> <!-- close group --> <div class=\"gallery-group images-1\" style=\"width: 222px; height: 149px;\" data-original-width=\"222\" data-original-height=\"149\" > <div class=\"tiled-gallery-item tiled-gallery-item-small\" itemprop=\"associatedMedia\" itemscope itemtype=\"http:\/\/schema.org\/ImageObject\"> <a href=\"https:\/\/www.jazzzeitung.de\/cms\/2017\/11\/nebensonnen-sonnenschein-jazzfest-berlin-2017-freitag\/angelica-niescier-im-trio-und-alber-mangelsdorff-preis-der-udj-foto-petra-basche-9\/\" border=\"0\" itemprop=\"url\"> <meta itemprop=\"width\" content=\"218\"> <meta itemprop=\"height\" content=\"145\"> <img decoding=\"async\" class=\"\" data-attachment-id=\"14111\" data-orig-file=\"https:\/\/www.jazzzeitung.de\/cms\/wp-content\/uploads\/2017\/11\/Jazzfest-Berlin-2017_Niescier_Mangelsdorff-Preis_0001-27.jpg\" data-orig-size=\"2200,1468\" data-comments-opened=\"1\" data-image-meta=\"{&quot;aperture&quot;:&quot;2&quot;,&quot;credit&quot;:&quot;Petra Basche&quot;,&quot;camera&quot;:&quot;NIKON D800&quot;,&quot;caption&quot;:&quot;Angelica Niescier im Trio und Alber Mangelsdorff Preis der UdJ. Foto: Petra Basche&quot;,&quot;created_timestamp&quot;:&quot;1509740851&quot;,&quot;copyright&quot;:&quot;\\u00a9 Petra Basche&quot;,&quot;focal_length&quot;:&quot;85&quot;,&quot;iso&quot;:&quot;6400&quot;,&quot;shutter_speed&quot;:&quot;0.00625&quot;,&quot;title&quot;:&quot;Angelica Niescier im Trio und Alber Mangelsdorff Preis der UdJ. Foto: Petra Basche&quot;,&quot;orientation&quot;:&quot;1&quot;}\" data-image-title=\"Der Kritiker im Gespr\u00e4ch mit einem Kritiker. Foto: Petra Basche\" data-image-description=\"&lt;p&gt;Der Kritiker im Gespr\u00e4ch mit einem Kritiker. Foto: Petra Basche&lt;\/p&gt; \" data-medium-file=\"https:\/\/i0.wp.com\/www.jazzzeitung.de\/cms\/wp-content\/uploads\/2017\/11\/Jazzfest-Berlin-2017_Niescier_Mangelsdorff-Preis_0001-27.jpg?fit=300%2C200&#038;ssl=1\" data-large-file=\"https:\/\/i0.wp.com\/www.jazzzeitung.de\/cms\/wp-content\/uploads\/2017\/11\/Jazzfest-Berlin-2017_Niescier_Mangelsdorff-Preis_0001-27.jpg?fit=840%2C560&#038;ssl=1\" src=\"https:\/\/i0.wp.com\/www.jazzzeitung.de\/cms\/wp-content\/uploads\/2017\/11\/Jazzfest-Berlin-2017_Niescier_Mangelsdorff-Preis_0001-27.jpg?w=218&#038;h=145&#038;ssl=1\" srcset=\"https:\/\/i0.wp.com\/www.jazzzeitung.de\/cms\/wp-content\/uploads\/2017\/11\/Jazzfest-Berlin-2017_Niescier_Mangelsdorff-Preis_0001-27.jpg?w=2200&amp;ssl=1 2200w, https:\/\/i0.wp.com\/www.jazzzeitung.de\/cms\/wp-content\/uploads\/2017\/11\/Jazzfest-Berlin-2017_Niescier_Mangelsdorff-Preis_0001-27.jpg?resize=300%2C200&amp;ssl=1 300w, https:\/\/i0.wp.com\/www.jazzzeitung.de\/cms\/wp-content\/uploads\/2017\/11\/Jazzfest-Berlin-2017_Niescier_Mangelsdorff-Preis_0001-27.jpg?resize=768%2C512&amp;ssl=1 768w, https:\/\/i0.wp.com\/www.jazzzeitung.de\/cms\/wp-content\/uploads\/2017\/11\/Jazzfest-Berlin-2017_Niescier_Mangelsdorff-Preis_0001-27.jpg?resize=900%2C600&amp;ssl=1 900w, https:\/\/i0.wp.com\/www.jazzzeitung.de\/cms\/wp-content\/uploads\/2017\/11\/Jazzfest-Berlin-2017_Niescier_Mangelsdorff-Preis_0001-27.jpg?resize=600%2C400&amp;ssl=1 600w, https:\/\/i0.wp.com\/www.jazzzeitung.de\/cms\/wp-content\/uploads\/2017\/11\/Jazzfest-Berlin-2017_Niescier_Mangelsdorff-Preis_0001-27.jpg?resize=120%2C80&amp;ssl=1 120w, https:\/\/i0.wp.com\/www.jazzzeitung.de\/cms\/wp-content\/uploads\/2017\/11\/Jazzfest-Berlin-2017_Niescier_Mangelsdorff-Preis_0001-27.jpg?w=1680&amp;ssl=1 1680w\" width=\"218\" height=\"145\" loading=\"lazy\" data-original-width=\"218\" data-original-height=\"145\" itemprop=\"http:\/\/schema.org\/image\" title=\"Der Kritiker im Gespr\u00e4ch mit einem Kritiker. Foto: Petra Basche\" alt=\"Der Kritiker im Gespr\u00e4ch mit einem Kritiker. Foto: Petra Basche\" style=\"width: 218px; height: 145px;\" \/> <\/a> <div class=\"tiled-gallery-caption\" itemprop=\"caption description\"> Der Kritiker im Gespr\u00e4ch mit einem Kritiker. Foto: Petra Basche <\/div> <\/div> <\/div> <!-- close group --> <\/div> <!-- close row --> <\/div>\n<p>Das sich daran anschlie\u00dfende Konzert des Trios mit <strong>Tyshawn Sorey<\/strong> und <strong>Chris Tordini<\/strong>: Grandios. Niescier spielt wie sie redet: Rasant! Krasse Kompositionen ohne Effekthascherei. Hier kongenial erg\u00e4nzt durch einen Sorey am Drumset, der im Gegensatz zu gestern an der Musik klebte, sie in sein Drumset verl\u00e4ngerte. Und der mit einer Wachheit agierte, die ihn nicht zum Gefolgsmann werden lie\u00df, sondern antizipatorische Z\u00fcge in Spielweise und -freude trug. So war das Trio immer in der Gleichzeitigkeit, gleichberechtigt \u2013 gef\u00fchlt im produktiven Freund\/Feind-Verh\u00e4ltnis. Mal pulsierte und rumorte es, mal rissen sich die Musikerinnen die Linien aus den (akustischen Fingern). Die Musikerinnen setzten sich permanent unter Druck. Ein andauerndes Feedbackgefeuere ohne \u00dcbersteuerung. So kann es gehen. Niemand ahnungslos, alle gefangen.<\/p>\n<p>Auch hier \u2013 nat\u00fcrlich in einer ruhigen Phase \u2013 klingelte ein Smartphone. Doch niemand nahm davon eine ver\u00e4rgerte Notiz. Weder die Musikerinnen, noch die Zuh\u00f6rerinnen. Die Energie b\u00fcndelte sich, sie stieb wieder auseinander. Und mitten drin die drei Musikerinnen. Ein umwerfender Auftritt. Wir gratulieren! Angelica Niescier ist eine verr\u00fcckte, hochsympathische, mitrei\u00dfende Preistr\u00e4gerin und ein Sonnenschein von Mensch, die man nicht f\u00fcr ihren Auftritt eigens in die Maske schicken muss; dies noch <a href=\"https:\/\/www.nmz.de\/artikel\/fake-culture\">einmal in Richtung ECHO Jazz geworfen<\/a>. Da wei\u00df man, woher der Wind weht.<\/p>\n<div class=\"tiled-gallery type-rectangular tiled-gallery-unresized\" data-original-width=\"840\" data-carousel-extra='{&quot;blog_id&quot;:1,&quot;permalink&quot;:&quot;https:\\\/\\\/www.jazzzeitung.de\\\/cms\\\/2017\\\/11\\\/nebensonnen-sonnenschein-jazzfest-berlin-2017-freitag\\\/&quot;,&quot;likes_blog_id&quot;:55446655}' itemscope itemtype=\"http:\/\/schema.org\/ImageGallery\" > <div class=\"gallery-row\" style=\"width: 840px; height: 733px;\" data-original-width=\"840\" data-original-height=\"733\" > <div class=\"gallery-group images-3\" style=\"width: 350px; height: 733px;\" data-original-width=\"350\" data-original-height=\"733\" > <div class=\"tiled-gallery-item tiled-gallery-item-large\" itemprop=\"associatedMedia\" itemscope itemtype=\"http:\/\/schema.org\/ImageObject\"> <a href=\"https:\/\/www.jazzzeitung.de\/cms\/2017\/11\/nebensonnen-sonnenschein-jazzfest-berlin-2017-freitag\/angelica-niescier-im-trio-und-alber-mangelsdorff-preis-der-udj-foto-petra-basche-4\/\" border=\"0\" itemprop=\"url\"> <meta itemprop=\"width\" content=\"346\"> <meta itemprop=\"height\" content=\"231\"> <img decoding=\"async\" class=\"\" data-attachment-id=\"14106\" data-orig-file=\"https:\/\/www.jazzzeitung.de\/cms\/wp-content\/uploads\/2017\/11\/Jazzfest-Berlin-2017_Mangelsdorff-Preis_0001-12.jpg\" data-orig-size=\"2200,1468\" data-comments-opened=\"1\" data-image-meta=\"{&quot;aperture&quot;:&quot;4&quot;,&quot;credit&quot;:&quot;Petra Basche&quot;,&quot;camera&quot;:&quot;NIKON D800&quot;,&quot;caption&quot;:&quot;Angelica Niescier im Trio und Alber Mangelsdorff Preis der UdJ. Foto: Petra Basche&quot;,&quot;created_timestamp&quot;:&quot;1509736297&quot;,&quot;copyright&quot;:&quot;\\u00a9 Petra Basche&quot;,&quot;focal_length&quot;:&quot;35&quot;,&quot;iso&quot;:&quot;6400&quot;,&quot;shutter_speed&quot;:&quot;0.005&quot;,&quot;title&quot;:&quot;Angelica Niescier im Trio und Alber Mangelsdorff Preis der UdJ. Foto: Petra Basche&quot;,&quot;orientation&quot;:&quot;1&quot;}\" data-image-title=\"Angelika Niescier im Trio und Albert Mangelsdorff Preis der UdJ. Foto: Petra Basche\" data-image-description=\"&lt;p&gt;Angelica Niescier im Trio und Albert Mangelsdorff Preis der UdJ. Foto: Petra Basche&lt;\/p&gt; \" data-medium-file=\"https:\/\/i0.wp.com\/www.jazzzeitung.de\/cms\/wp-content\/uploads\/2017\/11\/Jazzfest-Berlin-2017_Mangelsdorff-Preis_0001-12.jpg?fit=300%2C200&#038;ssl=1\" data-large-file=\"https:\/\/i0.wp.com\/www.jazzzeitung.de\/cms\/wp-content\/uploads\/2017\/11\/Jazzfest-Berlin-2017_Mangelsdorff-Preis_0001-12.jpg?fit=840%2C560&#038;ssl=1\" src=\"https:\/\/i0.wp.com\/www.jazzzeitung.de\/cms\/wp-content\/uploads\/2017\/11\/Jazzfest-Berlin-2017_Mangelsdorff-Preis_0001-12.jpg?w=346&#038;h=231&#038;ssl=1\" srcset=\"https:\/\/i0.wp.com\/www.jazzzeitung.de\/cms\/wp-content\/uploads\/2017\/11\/Jazzfest-Berlin-2017_Mangelsdorff-Preis_0001-12.jpg?w=2200&amp;ssl=1 2200w, https:\/\/i0.wp.com\/www.jazzzeitung.de\/cms\/wp-content\/uploads\/2017\/11\/Jazzfest-Berlin-2017_Mangelsdorff-Preis_0001-12.jpg?resize=300%2C200&amp;ssl=1 300w, https:\/\/i0.wp.com\/www.jazzzeitung.de\/cms\/wp-content\/uploads\/2017\/11\/Jazzfest-Berlin-2017_Mangelsdorff-Preis_0001-12.jpg?resize=768%2C512&amp;ssl=1 768w, https:\/\/i0.wp.com\/www.jazzzeitung.de\/cms\/wp-content\/uploads\/2017\/11\/Jazzfest-Berlin-2017_Mangelsdorff-Preis_0001-12.jpg?resize=900%2C600&amp;ssl=1 900w, https:\/\/i0.wp.com\/www.jazzzeitung.de\/cms\/wp-content\/uploads\/2017\/11\/Jazzfest-Berlin-2017_Mangelsdorff-Preis_0001-12.jpg?resize=600%2C400&amp;ssl=1 600w, https:\/\/i0.wp.com\/www.jazzzeitung.de\/cms\/wp-content\/uploads\/2017\/11\/Jazzfest-Berlin-2017_Mangelsdorff-Preis_0001-12.jpg?resize=120%2C80&amp;ssl=1 120w, https:\/\/i0.wp.com\/www.jazzzeitung.de\/cms\/wp-content\/uploads\/2017\/11\/Jazzfest-Berlin-2017_Mangelsdorff-Preis_0001-12.jpg?w=1680&amp;ssl=1 1680w\" width=\"346\" height=\"231\" loading=\"lazy\" data-original-width=\"346\" data-original-height=\"231\" itemprop=\"http:\/\/schema.org\/image\" title=\"Angelika Niescier im Trio und Albert Mangelsdorff Preis der UdJ. Foto: Petra Basche\" alt=\"Angelika Niescier im Trio und Albert Mangelsdorff Preis der UdJ. Foto: Petra Basche\" style=\"width: 346px; height: 231px;\" \/> <\/a> <div class=\"tiled-gallery-caption\" itemprop=\"caption description\"> Angelica Niescier im Trio und Albert Mangelsdorff Preis der UdJ. Foto: Petra Basche <\/div> <\/div> <div class=\"tiled-gallery-item tiled-gallery-item-large\" itemprop=\"associatedMedia\" itemscope itemtype=\"http:\/\/schema.org\/ImageObject\"> <a href=\"https:\/\/www.jazzzeitung.de\/cms\/2017\/11\/nebensonnen-sonnenschein-jazzfest-berlin-2017-freitag\/angelica-niescier-im-trio-und-alber-mangelsdorff-preis-der-udj-foto-petra-basche-19\/\" border=\"0\" itemprop=\"url\"> <meta itemprop=\"width\" content=\"346\"> <meta itemprop=\"height\" content=\"259\"> <img decoding=\"async\" class=\"\" data-attachment-id=\"14121\" data-orig-file=\"https:\/\/www.jazzzeitung.de\/cms\/wp-content\/uploads\/2017\/11\/Jazzfest-Berlin-2017_Niescier_Mangelsdorff-Preis_0001-12.jpg\" data-orig-size=\"2133,1600\" data-comments-opened=\"1\" data-image-meta=\"{&quot;aperture&quot;:&quot;4.5&quot;,&quot;credit&quot;:&quot;Petra Basche&quot;,&quot;camera&quot;:&quot;E-M5MarkII&quot;,&quot;caption&quot;:&quot;Angelica Niescier im Trio und Alber Mangelsdorff Preis der UdJ. Foto: Petra Basche&quot;,&quot;created_timestamp&quot;:&quot;1509738251&quot;,&quot;copyright&quot;:&quot;\\u00a9 Petra Basche&quot;,&quot;focal_length&quot;:&quot;40&quot;,&quot;iso&quot;:&quot;1600&quot;,&quot;shutter_speed&quot;:&quot;0.025&quot;,&quot;title&quot;:&quot;Angelica Niescier im Trio und Alber Mangelsdorff Preis der UdJ. Foto: Petra Basche&quot;,&quot;orientation&quot;:&quot;1&quot;}\" data-image-title=\"Angelika Niescier im Trio und Albert Mangelsdorff Preis der UdJ. Foto: Petra Basche\" data-image-description=\"&lt;p&gt;Angelika Niescier im Trio und Albert Mangelsdorff Preis der UdJ. Foto: Petra Basche&lt;\/p&gt; \" data-medium-file=\"https:\/\/i0.wp.com\/www.jazzzeitung.de\/cms\/wp-content\/uploads\/2017\/11\/Jazzfest-Berlin-2017_Niescier_Mangelsdorff-Preis_0001-12.jpg?fit=300%2C225&#038;ssl=1\" data-large-file=\"https:\/\/i0.wp.com\/www.jazzzeitung.de\/cms\/wp-content\/uploads\/2017\/11\/Jazzfest-Berlin-2017_Niescier_Mangelsdorff-Preis_0001-12.jpg?fit=800%2C600&#038;ssl=1\" src=\"https:\/\/i0.wp.com\/www.jazzzeitung.de\/cms\/wp-content\/uploads\/2017\/11\/Jazzfest-Berlin-2017_Niescier_Mangelsdorff-Preis_0001-12.jpg?w=346&#038;h=259&#038;ssl=1\" srcset=\"https:\/\/i0.wp.com\/www.jazzzeitung.de\/cms\/wp-content\/uploads\/2017\/11\/Jazzfest-Berlin-2017_Niescier_Mangelsdorff-Preis_0001-12.jpg?w=2133&amp;ssl=1 2133w, https:\/\/i0.wp.com\/www.jazzzeitung.de\/cms\/wp-content\/uploads\/2017\/11\/Jazzfest-Berlin-2017_Niescier_Mangelsdorff-Preis_0001-12.jpg?resize=300%2C225&amp;ssl=1 300w, https:\/\/i0.wp.com\/www.jazzzeitung.de\/cms\/wp-content\/uploads\/2017\/11\/Jazzfest-Berlin-2017_Niescier_Mangelsdorff-Preis_0001-12.jpg?resize=768%2C576&amp;ssl=1 768w, https:\/\/i0.wp.com\/www.jazzzeitung.de\/cms\/wp-content\/uploads\/2017\/11\/Jazzfest-Berlin-2017_Niescier_Mangelsdorff-Preis_0001-12.jpg?resize=800%2C600&amp;ssl=1 800w, https:\/\/i0.wp.com\/www.jazzzeitung.de\/cms\/wp-content\/uploads\/2017\/11\/Jazzfest-Berlin-2017_Niescier_Mangelsdorff-Preis_0001-12.jpg?resize=600%2C450&amp;ssl=1 600w, https:\/\/i0.wp.com\/www.jazzzeitung.de\/cms\/wp-content\/uploads\/2017\/11\/Jazzfest-Berlin-2017_Niescier_Mangelsdorff-Preis_0001-12.jpg?w=1680&amp;ssl=1 1680w\" width=\"346\" height=\"259\" loading=\"lazy\" data-original-width=\"346\" data-original-height=\"259\" itemprop=\"http:\/\/schema.org\/image\" title=\"Angelika Niescier im Trio und Albert Mangelsdorff Preis der UdJ. Foto: Petra Basche\" alt=\"Angelika Niescier im Trio und Albert Mangelsdorff Preis der UdJ. Foto: Petra Basche\" style=\"width: 346px; height: 259px;\" \/> <\/a> <div class=\"tiled-gallery-caption\" itemprop=\"caption description\"> Angelika Niescier im Trio und Albert Mangelsdorff Preis der UdJ. Foto: Petra Basche <\/div> <\/div> <div class=\"tiled-gallery-item tiled-gallery-item-large\" itemprop=\"associatedMedia\" itemscope itemtype=\"http:\/\/schema.org\/ImageObject\"> <a href=\"https:\/\/www.jazzzeitung.de\/cms\/2017\/11\/nebensonnen-sonnenschein-jazzfest-berlin-2017-freitag\/angelica-niescier-im-trio-und-alber-mangelsdorff-preis-der-udj-foto-petra-basche-12\/\" border=\"0\" itemprop=\"url\"> <meta itemprop=\"width\" content=\"346\"> <meta itemprop=\"height\" content=\"231\"> <img decoding=\"async\" class=\"\" data-attachment-id=\"14114\" data-orig-file=\"https:\/\/www.jazzzeitung.de\/cms\/wp-content\/uploads\/2017\/11\/Jazzfest-Berlin-2017_Niescier_Mangelsdorff-Preis_0001-3.jpg\" data-orig-size=\"2200,1468\" data-comments-opened=\"1\" data-image-meta=\"{&quot;aperture&quot;:&quot;5&quot;,&quot;credit&quot;:&quot;Petra Basche&quot;,&quot;camera&quot;:&quot;NIKON D800&quot;,&quot;caption&quot;:&quot;Angelica Niescier im Trio und Alber Mangelsdorff Preis der UdJ. Foto: Petra Basche&quot;,&quot;created_timestamp&quot;:&quot;1509736420&quot;,&quot;copyright&quot;:&quot;\\u00a9 Petra Basche&quot;,&quot;focal_length&quot;:&quot;85&quot;,&quot;iso&quot;:&quot;6400&quot;,&quot;shutter_speed&quot;:&quot;0.00625&quot;,&quot;title&quot;:&quot;Angelica Niescier im Trio und Alber Mangelsdorff Preis der UdJ. Foto: Petra Basche&quot;,&quot;orientation&quot;:&quot;1&quot;}\" data-image-title=\"Angelika Niescier im Trio und Albert Mangelsdorff Preis der UdJ. Foto: Petra Basche\" data-image-description=\"&lt;p&gt;Angelika Niescier im Trio und Albert Mangelsdorff Preis der UdJ. Foto: Petra Basche&lt;\/p&gt; \" data-medium-file=\"https:\/\/i0.wp.com\/www.jazzzeitung.de\/cms\/wp-content\/uploads\/2017\/11\/Jazzfest-Berlin-2017_Niescier_Mangelsdorff-Preis_0001-3.jpg?fit=300%2C200&#038;ssl=1\" data-large-file=\"https:\/\/i0.wp.com\/www.jazzzeitung.de\/cms\/wp-content\/uploads\/2017\/11\/Jazzfest-Berlin-2017_Niescier_Mangelsdorff-Preis_0001-3.jpg?fit=840%2C560&#038;ssl=1\" src=\"https:\/\/i0.wp.com\/www.jazzzeitung.de\/cms\/wp-content\/uploads\/2017\/11\/Jazzfest-Berlin-2017_Niescier_Mangelsdorff-Preis_0001-3.jpg?w=346&#038;h=231&#038;ssl=1\" srcset=\"https:\/\/i0.wp.com\/www.jazzzeitung.de\/cms\/wp-content\/uploads\/2017\/11\/Jazzfest-Berlin-2017_Niescier_Mangelsdorff-Preis_0001-3.jpg?w=2200&amp;ssl=1 2200w, https:\/\/i0.wp.com\/www.jazzzeitung.de\/cms\/wp-content\/uploads\/2017\/11\/Jazzfest-Berlin-2017_Niescier_Mangelsdorff-Preis_0001-3.jpg?resize=300%2C200&amp;ssl=1 300w, https:\/\/i0.wp.com\/www.jazzzeitung.de\/cms\/wp-content\/uploads\/2017\/11\/Jazzfest-Berlin-2017_Niescier_Mangelsdorff-Preis_0001-3.jpg?resize=768%2C512&amp;ssl=1 768w, https:\/\/i0.wp.com\/www.jazzzeitung.de\/cms\/wp-content\/uploads\/2017\/11\/Jazzfest-Berlin-2017_Niescier_Mangelsdorff-Preis_0001-3.jpg?resize=900%2C600&amp;ssl=1 900w, https:\/\/i0.wp.com\/www.jazzzeitung.de\/cms\/wp-content\/uploads\/2017\/11\/Jazzfest-Berlin-2017_Niescier_Mangelsdorff-Preis_0001-3.jpg?resize=600%2C400&amp;ssl=1 600w, https:\/\/i0.wp.com\/www.jazzzeitung.de\/cms\/wp-content\/uploads\/2017\/11\/Jazzfest-Berlin-2017_Niescier_Mangelsdorff-Preis_0001-3.jpg?resize=120%2C80&amp;ssl=1 120w, https:\/\/i0.wp.com\/www.jazzzeitung.de\/cms\/wp-content\/uploads\/2017\/11\/Jazzfest-Berlin-2017_Niescier_Mangelsdorff-Preis_0001-3.jpg?w=1680&amp;ssl=1 1680w\" width=\"346\" height=\"231\" loading=\"lazy\" data-original-width=\"346\" data-original-height=\"231\" itemprop=\"http:\/\/schema.org\/image\" title=\"Angelika Niescier im Trio und Albert Mangelsdorff Preis der UdJ. Foto: Petra Basche\" alt=\"Angelika Niescier im Trio und Albert Mangelsdorff Preis der UdJ. Foto: Petra Basche\" style=\"width: 346px; height: 231px;\" \/> <\/a> <div class=\"tiled-gallery-caption\" itemprop=\"caption description\"> Angelika Niescier im Trio und Albert Mangelsdorff Preis der UdJ. Foto: Petra Basche <\/div> <\/div> <\/div> <!-- close group --> <div class=\"gallery-group images-1\" style=\"width: 490px; height: 733px;\" data-original-width=\"490\" data-original-height=\"733\" > <div class=\"tiled-gallery-item tiled-gallery-item-large\" itemprop=\"associatedMedia\" itemscope itemtype=\"http:\/\/schema.org\/ImageObject\"> <a href=\"https:\/\/www.jazzzeitung.de\/cms\/2017\/11\/nebensonnen-sonnenschein-jazzfest-berlin-2017-freitag\/angelica-niescier-im-trio-und-alber-mangelsdorff-preis-der-udj-foto-petra-basche-10\/\" border=\"0\" itemprop=\"url\"> <meta itemprop=\"width\" content=\"486\"> <meta itemprop=\"height\" content=\"729\"> <img decoding=\"async\" class=\"\" data-attachment-id=\"14112\" data-orig-file=\"https:\/\/www.jazzzeitung.de\/cms\/wp-content\/uploads\/2017\/11\/Jazzfest-Berlin-2017_Niescier_Mangelsdorff-Preis_0001.jpg\" data-orig-size=\"1068,1600\" data-comments-opened=\"1\" data-image-meta=\"{&quot;aperture&quot;:&quot;5&quot;,&quot;credit&quot;:&quot;Petra Basche&quot;,&quot;camera&quot;:&quot;NIKON D800&quot;,&quot;caption&quot;:&quot;Angelica Niescier im Trio und Alber Mangelsdorff Preis der UdJ. Foto: Petra Basche&quot;,&quot;created_timestamp&quot;:&quot;1509736385&quot;,&quot;copyright&quot;:&quot;\\u00a9 Petra Basche&quot;,&quot;focal_length&quot;:&quot;85&quot;,&quot;iso&quot;:&quot;6400&quot;,&quot;shutter_speed&quot;:&quot;0.00625&quot;,&quot;title&quot;:&quot;Angelica Niescier im Trio und Alber Mangelsdorff Preis der UdJ. Foto: Petra Basche&quot;,&quot;orientation&quot;:&quot;1&quot;}\" data-image-title=\"Angelika Niescier im Trio und Albert Mangelsdorff Preis der UdJ. Foto: Petra Basche\" data-image-description=\"&lt;p&gt;Angelica Niescier im Trio und Albert Mangelsdorff Preis der UdJ. Foto: Petra Basche&lt;\/p&gt; \" data-medium-file=\"https:\/\/i0.wp.com\/www.jazzzeitung.de\/cms\/wp-content\/uploads\/2017\/11\/Jazzfest-Berlin-2017_Niescier_Mangelsdorff-Preis_0001.jpg?fit=200%2C300&#038;ssl=1\" data-large-file=\"https:\/\/i0.wp.com\/www.jazzzeitung.de\/cms\/wp-content\/uploads\/2017\/11\/Jazzfest-Berlin-2017_Niescier_Mangelsdorff-Preis_0001.jpg?fit=401%2C600&#038;ssl=1\" src=\"https:\/\/i0.wp.com\/www.jazzzeitung.de\/cms\/wp-content\/uploads\/2017\/11\/Jazzfest-Berlin-2017_Niescier_Mangelsdorff-Preis_0001.jpg?w=486&#038;h=729&#038;ssl=1\" srcset=\"https:\/\/i0.wp.com\/www.jazzzeitung.de\/cms\/wp-content\/uploads\/2017\/11\/Jazzfest-Berlin-2017_Niescier_Mangelsdorff-Preis_0001.jpg?w=1068&amp;ssl=1 1068w, https:\/\/i0.wp.com\/www.jazzzeitung.de\/cms\/wp-content\/uploads\/2017\/11\/Jazzfest-Berlin-2017_Niescier_Mangelsdorff-Preis_0001.jpg?resize=200%2C300&amp;ssl=1 200w, https:\/\/i0.wp.com\/www.jazzzeitung.de\/cms\/wp-content\/uploads\/2017\/11\/Jazzfest-Berlin-2017_Niescier_Mangelsdorff-Preis_0001.jpg?resize=768%2C1151&amp;ssl=1 768w, https:\/\/i0.wp.com\/www.jazzzeitung.de\/cms\/wp-content\/uploads\/2017\/11\/Jazzfest-Berlin-2017_Niescier_Mangelsdorff-Preis_0001.jpg?resize=600%2C899&amp;ssl=1 600w\" width=\"486\" height=\"729\" loading=\"lazy\" data-original-width=\"486\" data-original-height=\"729\" itemprop=\"http:\/\/schema.org\/image\" title=\"Angelika Niescier im Trio und Albert Mangelsdorff Preis der UdJ. Foto: Petra Basche\" alt=\"Angelika Niescier im Trio und Albert Mangelsdorff Preis der UdJ. Foto: Petra Basche\" style=\"width: 486px; height: 729px;\" \/> <\/a> <div class=\"tiled-gallery-caption\" itemprop=\"caption description\"> Angelica Niescier im Trio und Albert Mangelsdorff Preis der UdJ. Foto: Petra Basche <\/div> <\/div> <\/div> <!-- close group --> <\/div> <!-- close row --> <div class=\"gallery-row\" style=\"width: 840px; height: 388px;\" data-original-width=\"840\" data-original-height=\"388\" > <div class=\"gallery-group images-1\" style=\"width: 580px; height: 388px;\" data-original-width=\"580\" data-original-height=\"388\" > <div class=\"tiled-gallery-item tiled-gallery-item-large\" itemprop=\"associatedMedia\" itemscope itemtype=\"http:\/\/schema.org\/ImageObject\"> <a href=\"https:\/\/www.jazzzeitung.de\/cms\/2017\/11\/nebensonnen-sonnenschein-jazzfest-berlin-2017-freitag\/angelica-niescier-im-trio-und-alber-mangelsdorff-preis-der-udj-foto-petra-basche-14\/\" border=\"0\" itemprop=\"url\"> <meta itemprop=\"width\" content=\"576\"> <meta itemprop=\"height\" content=\"384\"> <img decoding=\"async\" class=\"\" data-attachment-id=\"14116\" data-orig-file=\"https:\/\/www.jazzzeitung.de\/cms\/wp-content\/uploads\/2017\/11\/Jazzfest-Berlin-2017_Niescier_Mangelsdorff-Preis_0001-5.jpg\" data-orig-size=\"2200,1467\" data-comments-opened=\"1\" data-image-meta=\"{&quot;aperture&quot;:&quot;6.3&quot;,&quot;credit&quot;:&quot;Petra Basche&quot;,&quot;camera&quot;:&quot;E-M5MarkII&quot;,&quot;caption&quot;:&quot;Angelica Niescier im Trio und Alber Mangelsdorff Preis der UdJ. Foto: Petra Basche&quot;,&quot;created_timestamp&quot;:&quot;1509736965&quot;,&quot;copyright&quot;:&quot;\\u00a9 Petra Basche&quot;,&quot;focal_length&quot;:&quot;79&quot;,&quot;iso&quot;:&quot;1600&quot;,&quot;shutter_speed&quot;:&quot;0.033333333333333&quot;,&quot;title&quot;:&quot;Angelica Niescier im Trio und Alber Mangelsdorff Preis der UdJ. Foto: Petra Basche&quot;,&quot;orientation&quot;:&quot;1&quot;}\" data-image-title=\"Angelika Niescier im Trio und Albert Mangelsdorff Preis der UdJ. Foto: Petra Basche\" data-image-description=\"&lt;p&gt;Angelika Niescier im Trio und Albert Mangelsdorff Preis der UdJ. Foto: Petra Basche&lt;\/p&gt; \" data-medium-file=\"https:\/\/i0.wp.com\/www.jazzzeitung.de\/cms\/wp-content\/uploads\/2017\/11\/Jazzfest-Berlin-2017_Niescier_Mangelsdorff-Preis_0001-5.jpg?fit=300%2C200&#038;ssl=1\" data-large-file=\"https:\/\/i0.wp.com\/www.jazzzeitung.de\/cms\/wp-content\/uploads\/2017\/11\/Jazzfest-Berlin-2017_Niescier_Mangelsdorff-Preis_0001-5.jpg?fit=840%2C560&#038;ssl=1\" src=\"https:\/\/i0.wp.com\/www.jazzzeitung.de\/cms\/wp-content\/uploads\/2017\/11\/Jazzfest-Berlin-2017_Niescier_Mangelsdorff-Preis_0001-5.jpg?w=576&#038;h=384&#038;ssl=1\" srcset=\"https:\/\/i0.wp.com\/www.jazzzeitung.de\/cms\/wp-content\/uploads\/2017\/11\/Jazzfest-Berlin-2017_Niescier_Mangelsdorff-Preis_0001-5.jpg?w=2200&amp;ssl=1 2200w, https:\/\/i0.wp.com\/www.jazzzeitung.de\/cms\/wp-content\/uploads\/2017\/11\/Jazzfest-Berlin-2017_Niescier_Mangelsdorff-Preis_0001-5.jpg?resize=300%2C200&amp;ssl=1 300w, https:\/\/i0.wp.com\/www.jazzzeitung.de\/cms\/wp-content\/uploads\/2017\/11\/Jazzfest-Berlin-2017_Niescier_Mangelsdorff-Preis_0001-5.jpg?resize=768%2C512&amp;ssl=1 768w, https:\/\/i0.wp.com\/www.jazzzeitung.de\/cms\/wp-content\/uploads\/2017\/11\/Jazzfest-Berlin-2017_Niescier_Mangelsdorff-Preis_0001-5.jpg?resize=900%2C600&amp;ssl=1 900w, https:\/\/i0.wp.com\/www.jazzzeitung.de\/cms\/wp-content\/uploads\/2017\/11\/Jazzfest-Berlin-2017_Niescier_Mangelsdorff-Preis_0001-5.jpg?resize=600%2C400&amp;ssl=1 600w, https:\/\/i0.wp.com\/www.jazzzeitung.de\/cms\/wp-content\/uploads\/2017\/11\/Jazzfest-Berlin-2017_Niescier_Mangelsdorff-Preis_0001-5.jpg?resize=120%2C80&amp;ssl=1 120w, https:\/\/i0.wp.com\/www.jazzzeitung.de\/cms\/wp-content\/uploads\/2017\/11\/Jazzfest-Berlin-2017_Niescier_Mangelsdorff-Preis_0001-5.jpg?w=1680&amp;ssl=1 1680w\" width=\"576\" height=\"384\" loading=\"lazy\" data-original-width=\"576\" data-original-height=\"384\" itemprop=\"http:\/\/schema.org\/image\" title=\"Angelika Niescier im Trio und Albert Mangelsdorff Preis der UdJ. Foto: Petra Basche\" alt=\"Angelika Niescier im Trio und Albert Mangelsdorff Preis der UdJ. Foto: Petra Basche\" style=\"width: 576px; height: 384px;\" \/> <\/a> <div class=\"tiled-gallery-caption\" itemprop=\"caption description\"> Angelika Niescier im Trio und Albert Mangelsdorff Preis der UdJ. Foto: Petra Basche <\/div> <\/div> <\/div> <!-- close group --> <div class=\"gallery-group images-1\" style=\"width: 260px; height: 388px;\" data-original-width=\"260\" data-original-height=\"388\" > <div class=\"tiled-gallery-item tiled-gallery-item-large\" itemprop=\"associatedMedia\" itemscope itemtype=\"http:\/\/schema.org\/ImageObject\"> <a href=\"https:\/\/www.jazzzeitung.de\/cms\/2017\/11\/nebensonnen-sonnenschein-jazzfest-berlin-2017-freitag\/angelica-niescier-im-trio-und-alber-mangelsdorff-preis-der-udj-foto-petra-basche-11\/\" border=\"0\" itemprop=\"url\"> <meta itemprop=\"width\" content=\"256\"> <meta itemprop=\"height\" content=\"384\"> <img decoding=\"async\" class=\"\" data-attachment-id=\"14113\" data-orig-file=\"https:\/\/www.jazzzeitung.de\/cms\/wp-content\/uploads\/2017\/11\/Jazzfest-Berlin-2017_Niescier_Mangelsdorff-Preis_0001-2.jpg\" data-orig-size=\"1068,1600\" data-comments-opened=\"1\" data-image-meta=\"{&quot;aperture&quot;:&quot;5&quot;,&quot;credit&quot;:&quot;Petra Basche&quot;,&quot;camera&quot;:&quot;NIKON D800&quot;,&quot;caption&quot;:&quot;Angelica Niescier im Trio und Alber Mangelsdorff Preis der UdJ. Foto: Petra Basche&quot;,&quot;created_timestamp&quot;:&quot;1509736402&quot;,&quot;copyright&quot;:&quot;\\u00a9 Petra Basche&quot;,&quot;focal_length&quot;:&quot;85&quot;,&quot;iso&quot;:&quot;6400&quot;,&quot;shutter_speed&quot;:&quot;0.00625&quot;,&quot;title&quot;:&quot;Angelica Niescier im Trio und Alber Mangelsdorff Preis der UdJ. Foto: Petra Basche&quot;,&quot;orientation&quot;:&quot;1&quot;}\" data-image-title=\"Angelika Niescier im Trio und Albert Mangelsdorff Preis der UdJ. Foto: Petra Basche\" data-image-description=\"&lt;p&gt;Angelica Niescier im Trio und Albert Mangelsdorff Preis der UdJ. Foto: Petra Basche&lt;\/p&gt; \" data-medium-file=\"https:\/\/i0.wp.com\/www.jazzzeitung.de\/cms\/wp-content\/uploads\/2017\/11\/Jazzfest-Berlin-2017_Niescier_Mangelsdorff-Preis_0001-2.jpg?fit=200%2C300&#038;ssl=1\" data-large-file=\"https:\/\/i0.wp.com\/www.jazzzeitung.de\/cms\/wp-content\/uploads\/2017\/11\/Jazzfest-Berlin-2017_Niescier_Mangelsdorff-Preis_0001-2.jpg?fit=401%2C600&#038;ssl=1\" src=\"https:\/\/i0.wp.com\/www.jazzzeitung.de\/cms\/wp-content\/uploads\/2017\/11\/Jazzfest-Berlin-2017_Niescier_Mangelsdorff-Preis_0001-2.jpg?w=256&#038;h=384&#038;ssl=1\" srcset=\"https:\/\/i0.wp.com\/www.jazzzeitung.de\/cms\/wp-content\/uploads\/2017\/11\/Jazzfest-Berlin-2017_Niescier_Mangelsdorff-Preis_0001-2.jpg?w=1068&amp;ssl=1 1068w, https:\/\/i0.wp.com\/www.jazzzeitung.de\/cms\/wp-content\/uploads\/2017\/11\/Jazzfest-Berlin-2017_Niescier_Mangelsdorff-Preis_0001-2.jpg?resize=200%2C300&amp;ssl=1 200w, https:\/\/i0.wp.com\/www.jazzzeitung.de\/cms\/wp-content\/uploads\/2017\/11\/Jazzfest-Berlin-2017_Niescier_Mangelsdorff-Preis_0001-2.jpg?resize=768%2C1151&amp;ssl=1 768w, https:\/\/i0.wp.com\/www.jazzzeitung.de\/cms\/wp-content\/uploads\/2017\/11\/Jazzfest-Berlin-2017_Niescier_Mangelsdorff-Preis_0001-2.jpg?resize=401%2C600&amp;ssl=1 401w, https:\/\/i0.wp.com\/www.jazzzeitung.de\/cms\/wp-content\/uploads\/2017\/11\/Jazzfest-Berlin-2017_Niescier_Mangelsdorff-Preis_0001-2.jpg?resize=600%2C899&amp;ssl=1 600w\" width=\"256\" height=\"384\" loading=\"lazy\" data-original-width=\"256\" data-original-height=\"384\" itemprop=\"http:\/\/schema.org\/image\" title=\"Angelika Niescier im Trio und Albert Mangelsdorff Preis der UdJ. Foto: Petra Basche\" alt=\"Angelika Niescier im Trio und Albert Mangelsdorff Preis der UdJ. Foto: Petra Basche\" style=\"width: 256px; height: 384px;\" \/> <\/a> <div class=\"tiled-gallery-caption\" itemprop=\"caption description\"> Angelika Niescier im Trio und Albert Mangelsdorff Preis der UdJ. Foto: Petra Basche <\/div> <\/div> <\/div> <!-- close group --> <\/div> <!-- close row --> <div class=\"gallery-row\" style=\"width: 840px; height: 403px;\" data-original-width=\"840\" data-original-height=\"403\" > <div class=\"gallery-group images-1\" style=\"width: 536px; height: 403px;\" data-original-width=\"536\" data-original-height=\"403\" > <div class=\"tiled-gallery-item tiled-gallery-item-large\" itemprop=\"associatedMedia\" itemscope itemtype=\"http:\/\/schema.org\/ImageObject\"> <a href=\"https:\/\/www.jazzzeitung.de\/cms\/2017\/11\/nebensonnen-sonnenschein-jazzfest-berlin-2017-freitag\/angelica-niescier-im-trio-und-alber-mangelsdorff-preis-der-udj-foto-petra-basche-13\/\" border=\"0\" itemprop=\"url\"> <meta itemprop=\"width\" content=\"532\"> <meta itemprop=\"height\" content=\"399\"> <img decoding=\"async\" class=\"\" data-attachment-id=\"14115\" data-orig-file=\"https:\/\/www.jazzzeitung.de\/cms\/wp-content\/uploads\/2017\/11\/Jazzfest-Berlin-2017_Niescier_Mangelsdorff-Preis_0001-4.jpg\" data-orig-size=\"2133,1600\" data-comments-opened=\"1\" data-image-meta=\"{&quot;aperture&quot;:&quot;3.5&quot;,&quot;credit&quot;:&quot;Petra Basche&quot;,&quot;camera&quot;:&quot;E-M5MarkII&quot;,&quot;caption&quot;:&quot;Angelica Niescier im Trio und Alber Mangelsdorff Preis der UdJ. Foto: Petra Basche&quot;,&quot;created_timestamp&quot;:&quot;1509736577&quot;,&quot;copyright&quot;:&quot;\\u00a9 Petra Basche&quot;,&quot;focal_length&quot;:&quot;150&quot;,&quot;iso&quot;:&quot;800&quot;,&quot;shutter_speed&quot;:&quot;0.0125&quot;,&quot;title&quot;:&quot;Angelica Niescier im Trio und Alber Mangelsdorff Preis der UdJ. Foto: Petra Basche&quot;,&quot;orientation&quot;:&quot;1&quot;}\" data-image-title=\"Angelika Niescier im Trio und Albert Mangelsdorff Preis der UdJ. Foto: Petra Basche\" data-image-description=\"&lt;p&gt;Angelika Niescier im Trio und Albert Mangelsdorff Preis der UdJ. Foto: Petra Basche&lt;\/p&gt; \" data-medium-file=\"https:\/\/i0.wp.com\/www.jazzzeitung.de\/cms\/wp-content\/uploads\/2017\/11\/Jazzfest-Berlin-2017_Niescier_Mangelsdorff-Preis_0001-4.jpg?fit=300%2C225&#038;ssl=1\" data-large-file=\"https:\/\/i0.wp.com\/www.jazzzeitung.de\/cms\/wp-content\/uploads\/2017\/11\/Jazzfest-Berlin-2017_Niescier_Mangelsdorff-Preis_0001-4.jpg?fit=800%2C600&#038;ssl=1\" src=\"https:\/\/i0.wp.com\/www.jazzzeitung.de\/cms\/wp-content\/uploads\/2017\/11\/Jazzfest-Berlin-2017_Niescier_Mangelsdorff-Preis_0001-4.jpg?w=532&#038;h=399&#038;ssl=1\" srcset=\"https:\/\/i0.wp.com\/www.jazzzeitung.de\/cms\/wp-content\/uploads\/2017\/11\/Jazzfest-Berlin-2017_Niescier_Mangelsdorff-Preis_0001-4.jpg?w=2133&amp;ssl=1 2133w, https:\/\/i0.wp.com\/www.jazzzeitung.de\/cms\/wp-content\/uploads\/2017\/11\/Jazzfest-Berlin-2017_Niescier_Mangelsdorff-Preis_0001-4.jpg?resize=300%2C225&amp;ssl=1 300w, https:\/\/i0.wp.com\/www.jazzzeitung.de\/cms\/wp-content\/uploads\/2017\/11\/Jazzfest-Berlin-2017_Niescier_Mangelsdorff-Preis_0001-4.jpg?resize=768%2C576&amp;ssl=1 768w, https:\/\/i0.wp.com\/www.jazzzeitung.de\/cms\/wp-content\/uploads\/2017\/11\/Jazzfest-Berlin-2017_Niescier_Mangelsdorff-Preis_0001-4.jpg?resize=800%2C600&amp;ssl=1 800w, https:\/\/i0.wp.com\/www.jazzzeitung.de\/cms\/wp-content\/uploads\/2017\/11\/Jazzfest-Berlin-2017_Niescier_Mangelsdorff-Preis_0001-4.jpg?resize=600%2C450&amp;ssl=1 600w, https:\/\/i0.wp.com\/www.jazzzeitung.de\/cms\/wp-content\/uploads\/2017\/11\/Jazzfest-Berlin-2017_Niescier_Mangelsdorff-Preis_0001-4.jpg?w=1680&amp;ssl=1 1680w\" width=\"532\" height=\"399\" loading=\"lazy\" data-original-width=\"532\" data-original-height=\"399\" itemprop=\"http:\/\/schema.org\/image\" title=\"Angelika Niescier im Trio und Albert Mangelsdorff Preis der UdJ. Foto: Petra Basche\" alt=\"Angelika Niescier im Trio und Albert Mangelsdorff Preis der UdJ. Foto: Petra Basche\" style=\"width: 532px; height: 399px;\" \/> <\/a> <div class=\"tiled-gallery-caption\" itemprop=\"caption description\"> Angelika Niescier im Trio und Albert Mangelsdorff Preis der UdJ. Foto: Petra Basche <\/div> <\/div> <\/div> <!-- close group --> <div class=\"gallery-group images-1\" style=\"width: 304px; height: 403px;\" data-original-width=\"304\" data-original-height=\"403\" > <div class=\"tiled-gallery-item tiled-gallery-item-large\" itemprop=\"associatedMedia\" itemscope itemtype=\"http:\/\/schema.org\/ImageObject\"> <a href=\"https:\/\/www.jazzzeitung.de\/cms\/2017\/11\/nebensonnen-sonnenschein-jazzfest-berlin-2017-freitag\/angelica-niescier-im-trio-und-alber-mangelsdorff-preis-der-udj-foto-petra-basche-16\/\" border=\"0\" itemprop=\"url\"> <meta itemprop=\"width\" content=\"300\"> <meta itemprop=\"height\" content=\"399\"> <img decoding=\"async\" class=\"\" data-attachment-id=\"14118\" data-orig-file=\"https:\/\/www.jazzzeitung.de\/cms\/wp-content\/uploads\/2017\/11\/Jazzfest-Berlin-2017_Niescier_Mangelsdorff-Preis_0001-7.jpg\" data-orig-size=\"1200,1600\" data-comments-opened=\"1\" data-image-meta=\"{&quot;aperture&quot;:&quot;3.5&quot;,&quot;credit&quot;:&quot;Petra Basche&quot;,&quot;camera&quot;:&quot;E-M5MarkII&quot;,&quot;caption&quot;:&quot;Angelica Niescier im Trio und Alber Mangelsdorff Preis der UdJ. Foto: Petra Basche&quot;,&quot;created_timestamp&quot;:&quot;1509737276&quot;,&quot;copyright&quot;:&quot;\\u00a9 Petra Basche&quot;,&quot;focal_length&quot;:&quot;150&quot;,&quot;iso&quot;:&quot;1600&quot;,&quot;shutter_speed&quot;:&quot;0.04&quot;,&quot;title&quot;:&quot;Angelica Niescier im Trio und Alber Mangelsdorff Preis der UdJ. Foto: Petra Basche&quot;,&quot;orientation&quot;:&quot;1&quot;}\" data-image-title=\"Angelika Niescier im Trio und Albert Mangelsdorff Preis der UdJ. Foto: Petra Basche\" data-image-description=\"&lt;p&gt;Angelika Niescier im Trio und Albert Mangelsdorff Preis der UdJ. Foto: Petra Basche&lt;\/p&gt; \" data-medium-file=\"https:\/\/i0.wp.com\/www.jazzzeitung.de\/cms\/wp-content\/uploads\/2017\/11\/Jazzfest-Berlin-2017_Niescier_Mangelsdorff-Preis_0001-7.jpg?fit=225%2C300&#038;ssl=1\" data-large-file=\"https:\/\/i0.wp.com\/www.jazzzeitung.de\/cms\/wp-content\/uploads\/2017\/11\/Jazzfest-Berlin-2017_Niescier_Mangelsdorff-Preis_0001-7.jpg?fit=450%2C600&#038;ssl=1\" src=\"https:\/\/i0.wp.com\/www.jazzzeitung.de\/cms\/wp-content\/uploads\/2017\/11\/Jazzfest-Berlin-2017_Niescier_Mangelsdorff-Preis_0001-7.jpg?w=300&#038;h=399&#038;ssl=1\" srcset=\"https:\/\/i0.wp.com\/www.jazzzeitung.de\/cms\/wp-content\/uploads\/2017\/11\/Jazzfest-Berlin-2017_Niescier_Mangelsdorff-Preis_0001-7.jpg?w=1200&amp;ssl=1 1200w, https:\/\/i0.wp.com\/www.jazzzeitung.de\/cms\/wp-content\/uploads\/2017\/11\/Jazzfest-Berlin-2017_Niescier_Mangelsdorff-Preis_0001-7.jpg?resize=225%2C300&amp;ssl=1 225w, https:\/\/i0.wp.com\/www.jazzzeitung.de\/cms\/wp-content\/uploads\/2017\/11\/Jazzfest-Berlin-2017_Niescier_Mangelsdorff-Preis_0001-7.jpg?resize=768%2C1024&amp;ssl=1 768w, https:\/\/i0.wp.com\/www.jazzzeitung.de\/cms\/wp-content\/uploads\/2017\/11\/Jazzfest-Berlin-2017_Niescier_Mangelsdorff-Preis_0001-7.jpg?resize=450%2C600&amp;ssl=1 450w, https:\/\/i0.wp.com\/www.jazzzeitung.de\/cms\/wp-content\/uploads\/2017\/11\/Jazzfest-Berlin-2017_Niescier_Mangelsdorff-Preis_0001-7.jpg?resize=600%2C800&amp;ssl=1 600w\" width=\"300\" height=\"399\" loading=\"lazy\" data-original-width=\"300\" data-original-height=\"399\" itemprop=\"http:\/\/schema.org\/image\" title=\"Angelika Niescier im Trio und Albert Mangelsdorff Preis der UdJ. Foto: Petra Basche\" alt=\"Angelika Niescier im Trio und Albert Mangelsdorff Preis der UdJ. Foto: Petra Basche\" style=\"width: 300px; height: 399px;\" \/> <\/a> <div class=\"tiled-gallery-caption\" itemprop=\"caption description\"> Angelika Niescier im Trio und Albert Mangelsdorff Preis der UdJ. Foto: Petra Basche <\/div> <\/div> <\/div> <!-- close group --> <\/div> <!-- close row --> <div class=\"gallery-row\" style=\"width: 840px; height: 224px;\" data-original-width=\"840\" data-original-height=\"224\" > <div class=\"gallery-group images-1\" style=\"width: 169px; height: 224px;\" data-original-width=\"169\" data-original-height=\"224\" > <div class=\"tiled-gallery-item tiled-gallery-item-small\" itemprop=\"associatedMedia\" itemscope itemtype=\"http:\/\/schema.org\/ImageObject\"> <a href=\"https:\/\/www.jazzzeitung.de\/cms\/2017\/11\/nebensonnen-sonnenschein-jazzfest-berlin-2017-freitag\/angelica-niescier-im-trio-und-alber-mangelsdorff-preis-der-udj-foto-petra-basche-17\/\" border=\"0\" itemprop=\"url\"> <meta itemprop=\"width\" content=\"165\"> <meta itemprop=\"height\" content=\"220\"> <img decoding=\"async\" class=\"\" data-attachment-id=\"14119\" data-orig-file=\"https:\/\/www.jazzzeitung.de\/cms\/wp-content\/uploads\/2017\/11\/Jazzfest-Berlin-2017_Niescier_Mangelsdorff-Preis_0001-9.jpg\" data-orig-size=\"1200,1600\" data-comments-opened=\"1\" data-image-meta=\"{&quot;aperture&quot;:&quot;3.5&quot;,&quot;credit&quot;:&quot;Petra Basche&quot;,&quot;camera&quot;:&quot;E-M5MarkII&quot;,&quot;caption&quot;:&quot;Angelica Niescier im Trio und Alber Mangelsdorff Preis der UdJ. Foto: Petra Basche&quot;,&quot;created_timestamp&quot;:&quot;1509737495&quot;,&quot;copyright&quot;:&quot;\\u00a9 Petra Basche&quot;,&quot;focal_length&quot;:&quot;97&quot;,&quot;iso&quot;:&quot;1600&quot;,&quot;shutter_speed&quot;:&quot;0.0125&quot;,&quot;title&quot;:&quot;Angelica Niescier im Trio und Alber Mangelsdorff Preis der UdJ. Foto: Petra Basche&quot;,&quot;orientation&quot;:&quot;1&quot;}\" data-image-title=\"Chris Tordini im Trio und Albert Mangelsdorff Preis der UdJ. Foto: Petra Basche\" data-image-description=\"&lt;p&gt;Angelica Niescier im Trio und Albert Mangelsdorff Preis der UdJ. Foto: Petra Basche&lt;\/p&gt; \" data-medium-file=\"https:\/\/i0.wp.com\/www.jazzzeitung.de\/cms\/wp-content\/uploads\/2017\/11\/Jazzfest-Berlin-2017_Niescier_Mangelsdorff-Preis_0001-9.jpg?fit=225%2C300&#038;ssl=1\" data-large-file=\"https:\/\/i0.wp.com\/www.jazzzeitung.de\/cms\/wp-content\/uploads\/2017\/11\/Jazzfest-Berlin-2017_Niescier_Mangelsdorff-Preis_0001-9.jpg?fit=450%2C600&#038;ssl=1\" src=\"https:\/\/i0.wp.com\/www.jazzzeitung.de\/cms\/wp-content\/uploads\/2017\/11\/Jazzfest-Berlin-2017_Niescier_Mangelsdorff-Preis_0001-9.jpg?w=165&#038;h=220&#038;ssl=1\" srcset=\"https:\/\/i0.wp.com\/www.jazzzeitung.de\/cms\/wp-content\/uploads\/2017\/11\/Jazzfest-Berlin-2017_Niescier_Mangelsdorff-Preis_0001-9.jpg?w=1200&amp;ssl=1 1200w, https:\/\/i0.wp.com\/www.jazzzeitung.de\/cms\/wp-content\/uploads\/2017\/11\/Jazzfest-Berlin-2017_Niescier_Mangelsdorff-Preis_0001-9.jpg?resize=225%2C300&amp;ssl=1 225w, https:\/\/i0.wp.com\/www.jazzzeitung.de\/cms\/wp-content\/uploads\/2017\/11\/Jazzfest-Berlin-2017_Niescier_Mangelsdorff-Preis_0001-9.jpg?resize=768%2C1024&amp;ssl=1 768w, https:\/\/i0.wp.com\/www.jazzzeitung.de\/cms\/wp-content\/uploads\/2017\/11\/Jazzfest-Berlin-2017_Niescier_Mangelsdorff-Preis_0001-9.jpg?resize=450%2C600&amp;ssl=1 450w, https:\/\/i0.wp.com\/www.jazzzeitung.de\/cms\/wp-content\/uploads\/2017\/11\/Jazzfest-Berlin-2017_Niescier_Mangelsdorff-Preis_0001-9.jpg?resize=600%2C800&amp;ssl=1 600w\" width=\"165\" height=\"220\" loading=\"lazy\" data-original-width=\"165\" data-original-height=\"220\" itemprop=\"http:\/\/schema.org\/image\" title=\"Chris Tordini im Trio und Albert Mangelsdorff Preis der UdJ. Foto: Petra Basche\" alt=\"Chris Tordini im Trio und Albert Mangelsdorff Preis der UdJ. Foto: Petra Basche\" style=\"width: 165px; height: 220px;\" \/> <\/a> <div class=\"tiled-gallery-caption\" itemprop=\"caption description\"> Angelica Niescier im Trio und Albert Mangelsdorff Preis der UdJ. Foto: Petra Basche <\/div> <\/div> <\/div> <!-- close group --> <div class=\"gallery-group images-1\" style=\"width: 169px; height: 224px;\" data-original-width=\"169\" data-original-height=\"224\" > <div class=\"tiled-gallery-item tiled-gallery-item-small\" itemprop=\"associatedMedia\" itemscope itemtype=\"http:\/\/schema.org\/ImageObject\"> <a href=\"https:\/\/www.jazzzeitung.de\/cms\/2017\/11\/nebensonnen-sonnenschein-jazzfest-berlin-2017-freitag\/angelica-niescier-im-trio-und-alber-mangelsdorff-preis-der-udj-foto-petra-basche-15\/\" border=\"0\" itemprop=\"url\"> <meta itemprop=\"width\" content=\"165\"> <meta itemprop=\"height\" content=\"220\"> <img decoding=\"async\" class=\"\" data-attachment-id=\"14117\" data-orig-file=\"https:\/\/www.jazzzeitung.de\/cms\/wp-content\/uploads\/2017\/11\/Jazzfest-Berlin-2017_Niescier_Mangelsdorff-Preis_0001-6.jpg\" data-orig-size=\"1200,1600\" data-comments-opened=\"1\" data-image-meta=\"{&quot;aperture&quot;:&quot;3.5&quot;,&quot;credit&quot;:&quot;Petra Basche&quot;,&quot;camera&quot;:&quot;E-M5MarkII&quot;,&quot;caption&quot;:&quot;Angelica Niescier im Trio und Alber Mangelsdorff Preis der UdJ. Foto: Petra Basche&quot;,&quot;created_timestamp&quot;:&quot;1509737271&quot;,&quot;copyright&quot;:&quot;\\u00a9 Petra Basche&quot;,&quot;focal_length&quot;:&quot;70&quot;,&quot;iso&quot;:&quot;1600&quot;,&quot;shutter_speed&quot;:&quot;0.01&quot;,&quot;title&quot;:&quot;Angelica Niescier im Trio und Alber Mangelsdorff Preis der UdJ. Foto: Petra Basche&quot;,&quot;orientation&quot;:&quot;1&quot;}\" data-image-title=\"Chris Tordini im Trio und Albert Mangelsdorff Preis der UdJ. Foto: Petra Basche\" data-image-description=\"&lt;p&gt;Chris Tordini im Trio und Albert Mangelsdorff Preis der UdJ. Foto: Petra Basche&lt;\/p&gt; \" data-medium-file=\"https:\/\/i0.wp.com\/www.jazzzeitung.de\/cms\/wp-content\/uploads\/2017\/11\/Jazzfest-Berlin-2017_Niescier_Mangelsdorff-Preis_0001-6.jpg?fit=225%2C300&#038;ssl=1\" data-large-file=\"https:\/\/i0.wp.com\/www.jazzzeitung.de\/cms\/wp-content\/uploads\/2017\/11\/Jazzfest-Berlin-2017_Niescier_Mangelsdorff-Preis_0001-6.jpg?fit=450%2C600&#038;ssl=1\" src=\"https:\/\/i0.wp.com\/www.jazzzeitung.de\/cms\/wp-content\/uploads\/2017\/11\/Jazzfest-Berlin-2017_Niescier_Mangelsdorff-Preis_0001-6.jpg?w=165&#038;h=220&#038;ssl=1\" srcset=\"https:\/\/i0.wp.com\/www.jazzzeitung.de\/cms\/wp-content\/uploads\/2017\/11\/Jazzfest-Berlin-2017_Niescier_Mangelsdorff-Preis_0001-6.jpg?w=1200&amp;ssl=1 1200w, https:\/\/i0.wp.com\/www.jazzzeitung.de\/cms\/wp-content\/uploads\/2017\/11\/Jazzfest-Berlin-2017_Niescier_Mangelsdorff-Preis_0001-6.jpg?resize=225%2C300&amp;ssl=1 225w, https:\/\/i0.wp.com\/www.jazzzeitung.de\/cms\/wp-content\/uploads\/2017\/11\/Jazzfest-Berlin-2017_Niescier_Mangelsdorff-Preis_0001-6.jpg?resize=768%2C1024&amp;ssl=1 768w, https:\/\/i0.wp.com\/www.jazzzeitung.de\/cms\/wp-content\/uploads\/2017\/11\/Jazzfest-Berlin-2017_Niescier_Mangelsdorff-Preis_0001-6.jpg?resize=450%2C600&amp;ssl=1 450w, https:\/\/i0.wp.com\/www.jazzzeitung.de\/cms\/wp-content\/uploads\/2017\/11\/Jazzfest-Berlin-2017_Niescier_Mangelsdorff-Preis_0001-6.jpg?resize=600%2C800&amp;ssl=1 600w\" width=\"165\" height=\"220\" loading=\"lazy\" data-original-width=\"165\" data-original-height=\"220\" itemprop=\"http:\/\/schema.org\/image\" title=\"Chris Tordini im Trio und Albert Mangelsdorff Preis der UdJ. Foto: Petra Basche\" alt=\"Chris Tordini im Trio und Albert Mangelsdorff Preis der UdJ. Foto: Petra Basche\" style=\"width: 165px; height: 220px;\" \/> <\/a> <div class=\"tiled-gallery-caption\" itemprop=\"caption description\"> Chris Tordini im Trio und Albert Mangelsdorff Preis der UdJ. Foto: Petra Basche <\/div> <\/div> <\/div> <!-- close group --> <div class=\"gallery-group images-1\" style=\"width: 169px; height: 224px;\" data-original-width=\"169\" data-original-height=\"224\" > <div class=\"tiled-gallery-item tiled-gallery-item-small\" itemprop=\"associatedMedia\" itemscope itemtype=\"http:\/\/schema.org\/ImageObject\"> <a href=\"https:\/\/www.jazzzeitung.de\/cms\/2017\/11\/nebensonnen-sonnenschein-jazzfest-berlin-2017-freitag\/angelica-niescier-im-trio-und-alber-mangelsdorff-preis-der-udj-foto-petra-basche-18\/\" border=\"0\" itemprop=\"url\"> <meta itemprop=\"width\" content=\"165\"> <meta itemprop=\"height\" content=\"220\"> <img decoding=\"async\" class=\"\" data-attachment-id=\"14120\" data-orig-file=\"https:\/\/www.jazzzeitung.de\/cms\/wp-content\/uploads\/2017\/11\/Jazzfest-Berlin-2017_Niescier_Mangelsdorff-Preis_0001-10.jpg\" data-orig-size=\"1200,1600\" data-comments-opened=\"1\" data-image-meta=\"{&quot;aperture&quot;:&quot;3.5&quot;,&quot;credit&quot;:&quot;Petra Basche&quot;,&quot;camera&quot;:&quot;E-M5MarkII&quot;,&quot;caption&quot;:&quot;Angelica Niescier im Trio und Alber Mangelsdorff Preis der UdJ. Foto: Petra Basche&quot;,&quot;created_timestamp&quot;:&quot;1509737523&quot;,&quot;copyright&quot;:&quot;\\u00a9 Petra Basche&quot;,&quot;focal_length&quot;:&quot;97&quot;,&quot;iso&quot;:&quot;1600&quot;,&quot;shutter_speed&quot;:&quot;0.02&quot;,&quot;title&quot;:&quot;Angelica Niescier im Trio und Alber Mangelsdorff Preis der UdJ. Foto: Petra Basche&quot;,&quot;orientation&quot;:&quot;1&quot;}\" data-image-title=\"Chris Tordini im Trio und Albert Mangelsdorff Preis der UdJ. Foto: Petra Basche\" data-image-description=\"&lt;p&gt;Chris Tordini im Trio und Albert Mangelsdorff Preis der UdJ. Foto: Petra Basche&lt;\/p&gt; \" data-medium-file=\"https:\/\/i0.wp.com\/www.jazzzeitung.de\/cms\/wp-content\/uploads\/2017\/11\/Jazzfest-Berlin-2017_Niescier_Mangelsdorff-Preis_0001-10.jpg?fit=225%2C300&#038;ssl=1\" data-large-file=\"https:\/\/i0.wp.com\/www.jazzzeitung.de\/cms\/wp-content\/uploads\/2017\/11\/Jazzfest-Berlin-2017_Niescier_Mangelsdorff-Preis_0001-10.jpg?fit=450%2C600&#038;ssl=1\" src=\"https:\/\/i0.wp.com\/www.jazzzeitung.de\/cms\/wp-content\/uploads\/2017\/11\/Jazzfest-Berlin-2017_Niescier_Mangelsdorff-Preis_0001-10.jpg?w=165&#038;h=220&#038;ssl=1\" srcset=\"https:\/\/i0.wp.com\/www.jazzzeitung.de\/cms\/wp-content\/uploads\/2017\/11\/Jazzfest-Berlin-2017_Niescier_Mangelsdorff-Preis_0001-10.jpg?w=1200&amp;ssl=1 1200w, https:\/\/i0.wp.com\/www.jazzzeitung.de\/cms\/wp-content\/uploads\/2017\/11\/Jazzfest-Berlin-2017_Niescier_Mangelsdorff-Preis_0001-10.jpg?resize=225%2C300&amp;ssl=1 225w, https:\/\/i0.wp.com\/www.jazzzeitung.de\/cms\/wp-content\/uploads\/2017\/11\/Jazzfest-Berlin-2017_Niescier_Mangelsdorff-Preis_0001-10.jpg?resize=768%2C1024&amp;ssl=1 768w, https:\/\/i0.wp.com\/www.jazzzeitung.de\/cms\/wp-content\/uploads\/2017\/11\/Jazzfest-Berlin-2017_Niescier_Mangelsdorff-Preis_0001-10.jpg?resize=450%2C600&amp;ssl=1 450w, https:\/\/i0.wp.com\/www.jazzzeitung.de\/cms\/wp-content\/uploads\/2017\/11\/Jazzfest-Berlin-2017_Niescier_Mangelsdorff-Preis_0001-10.jpg?resize=600%2C800&amp;ssl=1 600w\" width=\"165\" height=\"220\" loading=\"lazy\" data-original-width=\"165\" data-original-height=\"220\" itemprop=\"http:\/\/schema.org\/image\" title=\"Chris Tordini im Trio und Albert Mangelsdorff Preis der UdJ. Foto: Petra Basche\" alt=\"Chris Tordini im Trio und Albert Mangelsdorff Preis der UdJ. Foto: Petra Basche\" style=\"width: 165px; height: 220px;\" \/> <\/a> <div class=\"tiled-gallery-caption\" itemprop=\"caption description\"> Chris Tordini im Trio und Albert Mangelsdorff Preis der UdJ. Foto: Petra Basche <\/div> <\/div> <\/div> <!-- close group --> <div class=\"gallery-group images-1\" style=\"width: 333px; height: 224px;\" data-original-width=\"333\" data-original-height=\"224\" > <div class=\"tiled-gallery-item tiled-gallery-item-large\" itemprop=\"associatedMedia\" itemscope itemtype=\"http:\/\/schema.org\/ImageObject\"> <a href=\"https:\/\/www.jazzzeitung.de\/cms\/2017\/11\/nebensonnen-sonnenschein-jazzfest-berlin-2017-freitag\/angelica-niescier-im-trio-und-alber-mangelsdorff-preis-der-udj-foto-petra-basche-20\/\" border=\"0\" itemprop=\"url\"> <meta itemprop=\"width\" content=\"329\"> <meta itemprop=\"height\" content=\"220\"> <img decoding=\"async\" class=\"\" data-attachment-id=\"14122\" data-orig-file=\"https:\/\/www.jazzzeitung.de\/cms\/wp-content\/uploads\/2017\/11\/Jazzfest-Berlin-2017_Niescier_Mangelsdorff-Preis_0001-15.jpg\" data-orig-size=\"2200,1468\" data-comments-opened=\"1\" data-image-meta=\"{&quot;aperture&quot;:&quot;5&quot;,&quot;credit&quot;:&quot;Petra Basche&quot;,&quot;camera&quot;:&quot;NIKON D800&quot;,&quot;caption&quot;:&quot;Angelica Niescier im Trio und Alber Mangelsdorff Preis der UdJ. Foto: Petra Basche&quot;,&quot;created_timestamp&quot;:&quot;1509738812&quot;,&quot;copyright&quot;:&quot;\\u00a9 Petra Basche&quot;,&quot;focal_length&quot;:&quot;35&quot;,&quot;iso&quot;:&quot;6400&quot;,&quot;shutter_speed&quot;:&quot;0.00625&quot;,&quot;title&quot;:&quot;Angelica Niescier im Trio und Alber Mangelsdorff Preis der UdJ. Foto: Petra Basche&quot;,&quot;orientation&quot;:&quot;1&quot;}\" data-image-title=\"Chris Tordini im Trio und Albert Mangelsdorff Preis der UdJ. Foto: Petra Basche\" data-image-description=\"&lt;p&gt;Angelica Niescier im Trio und Albert Mangelsdorff Preis der UdJ. Foto: Petra Basche&lt;\/p&gt; \" data-medium-file=\"https:\/\/i0.wp.com\/www.jazzzeitung.de\/cms\/wp-content\/uploads\/2017\/11\/Jazzfest-Berlin-2017_Niescier_Mangelsdorff-Preis_0001-15.jpg?fit=300%2C200&#038;ssl=1\" data-large-file=\"https:\/\/i0.wp.com\/www.jazzzeitung.de\/cms\/wp-content\/uploads\/2017\/11\/Jazzfest-Berlin-2017_Niescier_Mangelsdorff-Preis_0001-15.jpg?fit=840%2C560&#038;ssl=1\" src=\"https:\/\/i0.wp.com\/www.jazzzeitung.de\/cms\/wp-content\/uploads\/2017\/11\/Jazzfest-Berlin-2017_Niescier_Mangelsdorff-Preis_0001-15.jpg?w=329&#038;h=220&#038;ssl=1\" srcset=\"https:\/\/i0.wp.com\/www.jazzzeitung.de\/cms\/wp-content\/uploads\/2017\/11\/Jazzfest-Berlin-2017_Niescier_Mangelsdorff-Preis_0001-15.jpg?w=2200&amp;ssl=1 2200w, https:\/\/i0.wp.com\/www.jazzzeitung.de\/cms\/wp-content\/uploads\/2017\/11\/Jazzfest-Berlin-2017_Niescier_Mangelsdorff-Preis_0001-15.jpg?resize=300%2C200&amp;ssl=1 300w, https:\/\/i0.wp.com\/www.jazzzeitung.de\/cms\/wp-content\/uploads\/2017\/11\/Jazzfest-Berlin-2017_Niescier_Mangelsdorff-Preis_0001-15.jpg?resize=768%2C512&amp;ssl=1 768w, https:\/\/i0.wp.com\/www.jazzzeitung.de\/cms\/wp-content\/uploads\/2017\/11\/Jazzfest-Berlin-2017_Niescier_Mangelsdorff-Preis_0001-15.jpg?resize=900%2C600&amp;ssl=1 900w, https:\/\/i0.wp.com\/www.jazzzeitung.de\/cms\/wp-content\/uploads\/2017\/11\/Jazzfest-Berlin-2017_Niescier_Mangelsdorff-Preis_0001-15.jpg?resize=600%2C400&amp;ssl=1 600w, https:\/\/i0.wp.com\/www.jazzzeitung.de\/cms\/wp-content\/uploads\/2017\/11\/Jazzfest-Berlin-2017_Niescier_Mangelsdorff-Preis_0001-15.jpg?resize=120%2C80&amp;ssl=1 120w, https:\/\/i0.wp.com\/www.jazzzeitung.de\/cms\/wp-content\/uploads\/2017\/11\/Jazzfest-Berlin-2017_Niescier_Mangelsdorff-Preis_0001-15.jpg?w=1680&amp;ssl=1 1680w\" width=\"329\" height=\"220\" loading=\"lazy\" data-original-width=\"329\" data-original-height=\"220\" itemprop=\"http:\/\/schema.org\/image\" title=\"Chris Tordini im Trio und Albert Mangelsdorff Preis der UdJ. Foto: Petra Basche\" alt=\"Chris Tordini im Trio und Albert Mangelsdorff Preis der UdJ. Foto: Petra Basche\" style=\"width: 329px; height: 220px;\" \/> <\/a> <div class=\"tiled-gallery-caption\" itemprop=\"caption description\"> Chris Tordini im Trio und Albert Mangelsdorff Preis der UdJ. Foto: Petra Basche <\/div> <\/div> <\/div> <!-- close group --> <\/div> <!-- close row --> <\/div>\n<h2>Nebensonnen \u2013 Michael Wollny solo<\/h2>\n<p>Es tritt danach auf die Festpielhaus-B\u00fchne beim Jazzfest Berlin 2017 Michael Wollny. Und greift sofort in seinen Fl\u00fcgel hinein, schl\u00e4gt die Saiten mit den H\u00e4nden. Zaubert sich ein Klanggebilde zusammen in das er dann sein Spiel an den Tasten einf\u00fcgt bis dieses sich selbst\u00e4ndig macht. Es folgen gut vierzig Minuten kaleidoskopartige Passagen durch Klaviertechnik, Musikgeschichte. Eine Abfolge von Paraphrasen \u00fcber mehr oder minder bekannte Musik- und Spielstile. War da nicht ein \u201eDies Irae\u201c irgendwo angedeutet. Oder hat es da geluthert? Obwohl, nein, keine Paraphrasen, Metaphrasen sind es \u2013 oder, ja, beides: Musik in Musik \u00fcber Musik in Musik.<\/p>\n<p>Eingewoben in ein harmonisches Spektrum das Ganze, bei dem sich reine aber querende Durakkorde \u00fcberlappen, Mixturen an Klangvorstellungen von Satie oder Debussy erinnern \u2013 wenn einem das zur akustischen Beschreibung helfen mag. Dazwischen mal ein extremes Grollen in den tiefen Registern, aber auch Passagen, bei denen die H\u00e4nde wie Flederm\u00e4use \u00fcber die Tasten flattern, sich selbst jagend.<\/p>\n<p>Mir stellte sich das manchmal dar wie die Begleitung eines \u201eMad Professor\u201c zu einer Lichtspielszene, also zu einem ebenso irren Film. Fehlte eigentlich nur, dass aus dem Fl\u00fcgel selbst Licht entfleuchte. Aber das h\u00e4tte keine Chance gehabt, dem Handwerk Wollnys zu entkommen. Er hat alles begriffslos im Griff.<\/p>\n<p>Wer sich davon nicht mitnehmen lie\u00df? Ich hatte den Eindruck: Niemand. Es war mucksm\u00e4uschenstill, kein H\u00fcsteln irgendwo und das war auch n\u00f6tig, denn es gab zahllose Stellen im pianissimo. Klavier \u00fcbrigens unverst\u00e4rkt, raumf\u00fcllend selbst in den leisesten Passagen, musikalische Pr\u00e4senz pur.<\/p>\n<div class=\"tiled-gallery type-rectangular tiled-gallery-unresized\" data-original-width=\"840\" data-carousel-extra='{&quot;blog_id&quot;:1,&quot;permalink&quot;:&quot;https:\\\/\\\/www.jazzzeitung.de\\\/cms\\\/2017\\\/11\\\/nebensonnen-sonnenschein-jazzfest-berlin-2017-freitag\\\/&quot;,&quot;likes_blog_id&quot;:55446655}' itemscope itemtype=\"http:\/\/schema.org\/ImageGallery\" > <div class=\"gallery-row\" style=\"width: 840px; height: 246px;\" data-original-width=\"840\" data-original-height=\"246\" > <div class=\"gallery-group images-1\" style=\"width: 327px; height: 246px;\" data-original-width=\"327\" data-original-height=\"246\" > <div class=\"tiled-gallery-item tiled-gallery-item-large\" itemprop=\"associatedMedia\" itemscope itemtype=\"http:\/\/schema.org\/ImageObject\"> <a href=\"https:\/\/www.jazzzeitung.de\/cms\/2017\/11\/nebensonnen-sonnenschein-jazzfest-berlin-2017-freitag\/michael-wollny-beim-jazzfest-berlin-2017-foto-petra-basche\/\" border=\"0\" itemprop=\"url\"> <meta itemprop=\"width\" content=\"323\"> <meta itemprop=\"height\" content=\"242\"> <img decoding=\"async\" class=\"\" data-attachment-id=\"14123\" data-orig-file=\"https:\/\/www.jazzzeitung.de\/cms\/wp-content\/uploads\/2017\/11\/Jazzfest-Berlin-2017_Wollny0001-2.jpg\" data-orig-size=\"2133,1600\" data-comments-opened=\"1\" data-image-meta=\"{&quot;aperture&quot;:&quot;2.8&quot;,&quot;credit&quot;:&quot;\\u00a9 Petra Basche&quot;,&quot;camera&quot;:&quot;E-M5MarkII&quot;,&quot;caption&quot;:&quot;Michael Wollny beim Jazzfest Berlin 2017. Foto: Petra Basche&quot;,&quot;created_timestamp&quot;:&quot;1509743779&quot;,&quot;copyright&quot;:&quot;\\u00a9 Petra Basche&quot;,&quot;focal_length&quot;:&quot;70&quot;,&quot;iso&quot;:&quot;4000&quot;,&quot;shutter_speed&quot;:&quot;0.025&quot;,&quot;title&quot;:&quot;Michael Wollny beim Jazzfest Berlin 2017. Foto: Petra Basche&quot;,&quot;orientation&quot;:&quot;1&quot;}\" data-image-title=\"Michael Wollny beim Jazzfest Berlin 2017. Foto: Petra Basche\" data-image-description=\"&lt;p&gt;Michael Wollny beim Jazzfest Berlin 2017. Foto: Petra Basche&lt;\/p&gt; \" data-medium-file=\"https:\/\/i0.wp.com\/www.jazzzeitung.de\/cms\/wp-content\/uploads\/2017\/11\/Jazzfest-Berlin-2017_Wollny0001-2.jpg?fit=300%2C225&#038;ssl=1\" data-large-file=\"https:\/\/i0.wp.com\/www.jazzzeitung.de\/cms\/wp-content\/uploads\/2017\/11\/Jazzfest-Berlin-2017_Wollny0001-2.jpg?fit=800%2C600&#038;ssl=1\" src=\"https:\/\/i0.wp.com\/www.jazzzeitung.de\/cms\/wp-content\/uploads\/2017\/11\/Jazzfest-Berlin-2017_Wollny0001-2.jpg?w=323&#038;h=242&#038;ssl=1\" srcset=\"https:\/\/i0.wp.com\/www.jazzzeitung.de\/cms\/wp-content\/uploads\/2017\/11\/Jazzfest-Berlin-2017_Wollny0001-2.jpg?w=2133&amp;ssl=1 2133w, https:\/\/i0.wp.com\/www.jazzzeitung.de\/cms\/wp-content\/uploads\/2017\/11\/Jazzfest-Berlin-2017_Wollny0001-2.jpg?resize=300%2C225&amp;ssl=1 300w, https:\/\/i0.wp.com\/www.jazzzeitung.de\/cms\/wp-content\/uploads\/2017\/11\/Jazzfest-Berlin-2017_Wollny0001-2.jpg?resize=768%2C576&amp;ssl=1 768w, https:\/\/i0.wp.com\/www.jazzzeitung.de\/cms\/wp-content\/uploads\/2017\/11\/Jazzfest-Berlin-2017_Wollny0001-2.jpg?resize=800%2C600&amp;ssl=1 800w, https:\/\/i0.wp.com\/www.jazzzeitung.de\/cms\/wp-content\/uploads\/2017\/11\/Jazzfest-Berlin-2017_Wollny0001-2.jpg?resize=600%2C450&amp;ssl=1 600w, https:\/\/i0.wp.com\/www.jazzzeitung.de\/cms\/wp-content\/uploads\/2017\/11\/Jazzfest-Berlin-2017_Wollny0001-2.jpg?w=1680&amp;ssl=1 1680w\" width=\"323\" height=\"242\" loading=\"lazy\" data-original-width=\"323\" data-original-height=\"242\" itemprop=\"http:\/\/schema.org\/image\" title=\"Michael Wollny beim Jazzfest Berlin 2017. Foto: Petra Basche\" alt=\"Michael Wollny beim Jazzfest Berlin 2017. Foto: Petra Basche\" style=\"width: 323px; height: 242px;\" \/> <\/a> <div class=\"tiled-gallery-caption\" itemprop=\"caption description\"> Michael Wollny beim Jazzfest Berlin 2017. Foto: Petra Basche <\/div> <\/div> <\/div> <!-- close group --> <div class=\"gallery-group images-1\" style=\"width: 186px; height: 246px;\" data-original-width=\"186\" data-original-height=\"246\" > <div class=\"tiled-gallery-item tiled-gallery-item-small\" itemprop=\"associatedMedia\" itemscope itemtype=\"http:\/\/schema.org\/ImageObject\"> <a href=\"https:\/\/www.jazzzeitung.de\/cms\/2017\/11\/nebensonnen-sonnenschein-jazzfest-berlin-2017-freitag\/michael-wollny-beim-jazzfest-berlin-2017-foto-petra-basche-5\/\" border=\"0\" itemprop=\"url\"> <meta itemprop=\"width\" content=\"182\"> <meta itemprop=\"height\" content=\"242\"> <img decoding=\"async\" class=\"\" data-attachment-id=\"14127\" data-orig-file=\"https:\/\/www.jazzzeitung.de\/cms\/wp-content\/uploads\/2017\/11\/Jazzfest-Berlin-2017_Wollny0001-6.jpg\" data-orig-size=\"1200,1600\" data-comments-opened=\"1\" data-image-meta=\"{&quot;aperture&quot;:&quot;4&quot;,&quot;credit&quot;:&quot;\\u00a9 Petra Basche&quot;,&quot;camera&quot;:&quot;E-M5MarkII&quot;,&quot;caption&quot;:&quot;Michael Wollny beim Jazzfest Berlin 2017. Foto: Petra Basche&quot;,&quot;created_timestamp&quot;:&quot;1509745324&quot;,&quot;copyright&quot;:&quot;\\u00a9 Petra Basche&quot;,&quot;focal_length&quot;:&quot;40&quot;,&quot;iso&quot;:&quot;2500&quot;,&quot;shutter_speed&quot;:&quot;0.02&quot;,&quot;title&quot;:&quot;Michael Wollny beim Jazzfest Berlin 2017. Foto: Petra Basche&quot;,&quot;orientation&quot;:&quot;1&quot;}\" data-image-title=\"Michael Wollny beim Jazzfest Berlin 2017. Foto: Petra Basche\" data-image-description=\"&lt;p&gt;Michael Wollny beim Jazzfest Berlin 2017. Foto: Petra Basche&lt;\/p&gt; \" data-medium-file=\"https:\/\/i0.wp.com\/www.jazzzeitung.de\/cms\/wp-content\/uploads\/2017\/11\/Jazzfest-Berlin-2017_Wollny0001-6.jpg?fit=225%2C300&#038;ssl=1\" data-large-file=\"https:\/\/i0.wp.com\/www.jazzzeitung.de\/cms\/wp-content\/uploads\/2017\/11\/Jazzfest-Berlin-2017_Wollny0001-6.jpg?fit=450%2C600&#038;ssl=1\" src=\"https:\/\/i0.wp.com\/www.jazzzeitung.de\/cms\/wp-content\/uploads\/2017\/11\/Jazzfest-Berlin-2017_Wollny0001-6.jpg?w=182&#038;h=242&#038;ssl=1\" srcset=\"https:\/\/i0.wp.com\/www.jazzzeitung.de\/cms\/wp-content\/uploads\/2017\/11\/Jazzfest-Berlin-2017_Wollny0001-6.jpg?w=1200&amp;ssl=1 1200w, https:\/\/i0.wp.com\/www.jazzzeitung.de\/cms\/wp-content\/uploads\/2017\/11\/Jazzfest-Berlin-2017_Wollny0001-6.jpg?resize=225%2C300&amp;ssl=1 225w, https:\/\/i0.wp.com\/www.jazzzeitung.de\/cms\/wp-content\/uploads\/2017\/11\/Jazzfest-Berlin-2017_Wollny0001-6.jpg?resize=768%2C1024&amp;ssl=1 768w, https:\/\/i0.wp.com\/www.jazzzeitung.de\/cms\/wp-content\/uploads\/2017\/11\/Jazzfest-Berlin-2017_Wollny0001-6.jpg?resize=450%2C600&amp;ssl=1 450w, https:\/\/i0.wp.com\/www.jazzzeitung.de\/cms\/wp-content\/uploads\/2017\/11\/Jazzfest-Berlin-2017_Wollny0001-6.jpg?resize=600%2C800&amp;ssl=1 600w\" width=\"182\" height=\"242\" loading=\"lazy\" data-original-width=\"182\" data-original-height=\"242\" itemprop=\"http:\/\/schema.org\/image\" title=\"Michael Wollny beim Jazzfest Berlin 2017. Foto: Petra Basche\" alt=\"Michael Wollny beim Jazzfest Berlin 2017. Foto: Petra Basche\" style=\"width: 182px; height: 242px;\" \/> <\/a> <div class=\"tiled-gallery-caption\" itemprop=\"caption description\"> Michael Wollny beim Jazzfest Berlin 2017. Foto: Petra Basche <\/div> <\/div> <\/div> <!-- close group --> <div class=\"gallery-group images-1\" style=\"width: 327px; height: 246px;\" data-original-width=\"327\" data-original-height=\"246\" > <div class=\"tiled-gallery-item tiled-gallery-item-large\" itemprop=\"associatedMedia\" itemscope itemtype=\"http:\/\/schema.org\/ImageObject\"> <a href=\"https:\/\/www.jazzzeitung.de\/cms\/2017\/11\/nebensonnen-sonnenschein-jazzfest-berlin-2017-freitag\/michael-wollny-beim-jazzfest-berlin-2017-foto-petra-basche-4\/\" border=\"0\" itemprop=\"url\"> <meta itemprop=\"width\" content=\"323\"> <meta itemprop=\"height\" content=\"242\"> <img decoding=\"async\" class=\"\" data-attachment-id=\"14126\" data-orig-file=\"https:\/\/www.jazzzeitung.de\/cms\/wp-content\/uploads\/2017\/11\/Jazzfest-Berlin-2017_Wollny0001-5.jpg\" data-orig-size=\"2133,1600\" data-comments-opened=\"1\" data-image-meta=\"{&quot;aperture&quot;:&quot;4&quot;,&quot;credit&quot;:&quot;\\u00a9 Petra Basche&quot;,&quot;camera&quot;:&quot;E-M5MarkII&quot;,&quot;caption&quot;:&quot;Michael Wollny beim Jazzfest Berlin 2017. Foto: Petra Basche&quot;,&quot;created_timestamp&quot;:&quot;1509744630&quot;,&quot;copyright&quot;:&quot;\\u00a9 Petra Basche&quot;,&quot;focal_length&quot;:&quot;150&quot;,&quot;iso&quot;:&quot;2500&quot;,&quot;shutter_speed&quot;:&quot;0.02&quot;,&quot;title&quot;:&quot;Michael Wollny beim Jazzfest Berlin 2017. Foto: Petra Basche&quot;,&quot;orientation&quot;:&quot;1&quot;}\" data-image-title=\"Michael Wollny beim Jazzfest Berlin 2017. Foto: Petra Basche\" data-image-description=\"&lt;p&gt;Michael Wollny beim Jazzfest Berlin 2017. Foto: Petra Basche&lt;\/p&gt; \" data-medium-file=\"https:\/\/i0.wp.com\/www.jazzzeitung.de\/cms\/wp-content\/uploads\/2017\/11\/Jazzfest-Berlin-2017_Wollny0001-5.jpg?fit=300%2C225&#038;ssl=1\" data-large-file=\"https:\/\/i0.wp.com\/www.jazzzeitung.de\/cms\/wp-content\/uploads\/2017\/11\/Jazzfest-Berlin-2017_Wollny0001-5.jpg?fit=800%2C600&#038;ssl=1\" src=\"https:\/\/i0.wp.com\/www.jazzzeitung.de\/cms\/wp-content\/uploads\/2017\/11\/Jazzfest-Berlin-2017_Wollny0001-5.jpg?w=323&#038;h=242&#038;ssl=1\" srcset=\"https:\/\/i0.wp.com\/www.jazzzeitung.de\/cms\/wp-content\/uploads\/2017\/11\/Jazzfest-Berlin-2017_Wollny0001-5.jpg?w=2133&amp;ssl=1 2133w, https:\/\/i0.wp.com\/www.jazzzeitung.de\/cms\/wp-content\/uploads\/2017\/11\/Jazzfest-Berlin-2017_Wollny0001-5.jpg?resize=300%2C225&amp;ssl=1 300w, https:\/\/i0.wp.com\/www.jazzzeitung.de\/cms\/wp-content\/uploads\/2017\/11\/Jazzfest-Berlin-2017_Wollny0001-5.jpg?resize=768%2C576&amp;ssl=1 768w, https:\/\/i0.wp.com\/www.jazzzeitung.de\/cms\/wp-content\/uploads\/2017\/11\/Jazzfest-Berlin-2017_Wollny0001-5.jpg?resize=800%2C600&amp;ssl=1 800w, https:\/\/i0.wp.com\/www.jazzzeitung.de\/cms\/wp-content\/uploads\/2017\/11\/Jazzfest-Berlin-2017_Wollny0001-5.jpg?resize=600%2C450&amp;ssl=1 600w, https:\/\/i0.wp.com\/www.jazzzeitung.de\/cms\/wp-content\/uploads\/2017\/11\/Jazzfest-Berlin-2017_Wollny0001-5.jpg?w=1680&amp;ssl=1 1680w\" width=\"323\" height=\"242\" loading=\"lazy\" data-original-width=\"323\" data-original-height=\"242\" itemprop=\"http:\/\/schema.org\/image\" title=\"Michael Wollny beim Jazzfest Berlin 2017. Foto: Petra Basche\" alt=\"Michael Wollny beim Jazzfest Berlin 2017. Foto: Petra Basche\" style=\"width: 323px; height: 242px;\" \/> <\/a> <div class=\"tiled-gallery-caption\" itemprop=\"caption description\"> Michael Wollny beim Jazzfest Berlin 2017. Foto: Petra Basche <\/div> <\/div> <\/div> <!-- close group --> <\/div> <!-- close row --> <div class=\"gallery-row\" style=\"width: 840px; height: 577px;\" data-original-width=\"840\" data-original-height=\"577\" > <div class=\"gallery-group images-2\" style=\"width: 406px; height: 577px;\" data-original-width=\"406\" data-original-height=\"577\" > <div class=\"tiled-gallery-item tiled-gallery-item-large\" itemprop=\"associatedMedia\" itemscope itemtype=\"http:\/\/schema.org\/ImageObject\"> <a href=\"https:\/\/www.jazzzeitung.de\/cms\/2017\/11\/nebensonnen-sonnenschein-jazzfest-berlin-2017-freitag\/michael-wollny-beim-jazzfest-berlin-2017-foto-petra-basche-3\/\" border=\"0\" itemprop=\"url\"> <meta itemprop=\"width\" content=\"402\"> <meta itemprop=\"height\" content=\"268\"> <img decoding=\"async\" class=\"\" data-attachment-id=\"14125\" data-orig-file=\"https:\/\/www.jazzzeitung.de\/cms\/wp-content\/uploads\/2017\/11\/Jazzfest-Berlin-2017_Wollny0001-4.jpg\" data-orig-size=\"2200,1467\" data-comments-opened=\"1\" data-image-meta=\"{&quot;aperture&quot;:&quot;4&quot;,&quot;credit&quot;:&quot;\\u00a9 Petra Basche&quot;,&quot;camera&quot;:&quot;E-M5MarkII&quot;,&quot;caption&quot;:&quot;Michael Wollny beim Jazzfest Berlin 2017. Foto: Petra Basche&quot;,&quot;created_timestamp&quot;:&quot;1509744432&quot;,&quot;copyright&quot;:&quot;\\u00a9 Petra Basche&quot;,&quot;focal_length&quot;:&quot;40&quot;,&quot;iso&quot;:&quot;2500&quot;,&quot;shutter_speed&quot;:&quot;0.05&quot;,&quot;title&quot;:&quot;Michael Wollny beim Jazzfest Berlin 2017. Foto: Petra Basche&quot;,&quot;orientation&quot;:&quot;1&quot;}\" data-image-title=\"Michael Wollny beim Jazzfest Berlin 2017. Foto: Petra Basche\" data-image-description=\"&lt;p&gt;Michael Wollny beim Jazzfest Berlin 2017. Foto: Petra Basche&lt;\/p&gt; \" data-medium-file=\"https:\/\/i0.wp.com\/www.jazzzeitung.de\/cms\/wp-content\/uploads\/2017\/11\/Jazzfest-Berlin-2017_Wollny0001-4.jpg?fit=300%2C200&#038;ssl=1\" data-large-file=\"https:\/\/i0.wp.com\/www.jazzzeitung.de\/cms\/wp-content\/uploads\/2017\/11\/Jazzfest-Berlin-2017_Wollny0001-4.jpg?fit=840%2C560&#038;ssl=1\" src=\"https:\/\/i0.wp.com\/www.jazzzeitung.de\/cms\/wp-content\/uploads\/2017\/11\/Jazzfest-Berlin-2017_Wollny0001-4.jpg?w=402&#038;h=268&#038;ssl=1\" srcset=\"https:\/\/i0.wp.com\/www.jazzzeitung.de\/cms\/wp-content\/uploads\/2017\/11\/Jazzfest-Berlin-2017_Wollny0001-4.jpg?w=2200&amp;ssl=1 2200w, https:\/\/i0.wp.com\/www.jazzzeitung.de\/cms\/wp-content\/uploads\/2017\/11\/Jazzfest-Berlin-2017_Wollny0001-4.jpg?resize=300%2C200&amp;ssl=1 300w, https:\/\/i0.wp.com\/www.jazzzeitung.de\/cms\/wp-content\/uploads\/2017\/11\/Jazzfest-Berlin-2017_Wollny0001-4.jpg?resize=768%2C512&amp;ssl=1 768w, https:\/\/i0.wp.com\/www.jazzzeitung.de\/cms\/wp-content\/uploads\/2017\/11\/Jazzfest-Berlin-2017_Wollny0001-4.jpg?resize=900%2C600&amp;ssl=1 900w, https:\/\/i0.wp.com\/www.jazzzeitung.de\/cms\/wp-content\/uploads\/2017\/11\/Jazzfest-Berlin-2017_Wollny0001-4.jpg?resize=600%2C400&amp;ssl=1 600w, https:\/\/i0.wp.com\/www.jazzzeitung.de\/cms\/wp-content\/uploads\/2017\/11\/Jazzfest-Berlin-2017_Wollny0001-4.jpg?resize=120%2C80&amp;ssl=1 120w, https:\/\/i0.wp.com\/www.jazzzeitung.de\/cms\/wp-content\/uploads\/2017\/11\/Jazzfest-Berlin-2017_Wollny0001-4.jpg?w=1680&amp;ssl=1 1680w\" width=\"402\" height=\"268\" loading=\"lazy\" data-original-width=\"402\" data-original-height=\"268\" itemprop=\"http:\/\/schema.org\/image\" title=\"Michael Wollny beim Jazzfest Berlin 2017. Foto: Petra Basche\" alt=\"Michael Wollny beim Jazzfest Berlin 2017. Foto: Petra Basche\" style=\"width: 402px; height: 268px;\" \/> <\/a> <div class=\"tiled-gallery-caption\" itemprop=\"caption description\"> Michael Wollny beim Jazzfest Berlin 2017. Foto: Petra Basche <\/div> <\/div> <div class=\"tiled-gallery-item tiled-gallery-item-large\" itemprop=\"associatedMedia\" itemscope itemtype=\"http:\/\/schema.org\/ImageObject\"> <a href=\"https:\/\/www.jazzzeitung.de\/cms\/2017\/11\/nebensonnen-sonnenschein-jazzfest-berlin-2017-freitag\/michael-wollny-beim-jazzfest-berlin-2017-foto-petra-basche-2\/\" border=\"0\" itemprop=\"url\"> <meta itemprop=\"width\" content=\"402\"> <meta itemprop=\"height\" content=\"301\"> <img decoding=\"async\" class=\"\" data-attachment-id=\"14124\" data-orig-file=\"https:\/\/www.jazzzeitung.de\/cms\/wp-content\/uploads\/2017\/11\/Jazzfest-Berlin-2017_Wollny0001-3.jpg\" data-orig-size=\"2133,1600\" data-comments-opened=\"1\" data-image-meta=\"{&quot;aperture&quot;:&quot;4&quot;,&quot;credit&quot;:&quot;\\u00a9 Petra Basche&quot;,&quot;camera&quot;:&quot;E-M5MarkII&quot;,&quot;caption&quot;:&quot;Michael Wollny beim Jazzfest Berlin 2017. Foto: Petra Basche&quot;,&quot;created_timestamp&quot;:&quot;1509744009&quot;,&quot;copyright&quot;:&quot;\\u00a9 Petra Basche&quot;,&quot;focal_length&quot;:&quot;40&quot;,&quot;iso&quot;:&quot;4000&quot;,&quot;shutter_speed&quot;:&quot;0.02&quot;,&quot;title&quot;:&quot;Michael Wollny beim Jazzfest Berlin 2017. Foto: Petra Basche&quot;,&quot;orientation&quot;:&quot;1&quot;}\" data-image-title=\"Michael Wollny beim Jazzfest Berlin 2017. Foto: Petra Basche\" data-image-description=\"&lt;p&gt;Michael Wollny beim Jazzfest Berlin 2017. Foto: Petra Basche&lt;\/p&gt; \" data-medium-file=\"https:\/\/i0.wp.com\/www.jazzzeitung.de\/cms\/wp-content\/uploads\/2017\/11\/Jazzfest-Berlin-2017_Wollny0001-3.jpg?fit=300%2C225&#038;ssl=1\" data-large-file=\"https:\/\/i0.wp.com\/www.jazzzeitung.de\/cms\/wp-content\/uploads\/2017\/11\/Jazzfest-Berlin-2017_Wollny0001-3.jpg?fit=800%2C600&#038;ssl=1\" src=\"https:\/\/i0.wp.com\/www.jazzzeitung.de\/cms\/wp-content\/uploads\/2017\/11\/Jazzfest-Berlin-2017_Wollny0001-3.jpg?w=402&#038;h=301&#038;ssl=1\" srcset=\"https:\/\/i0.wp.com\/www.jazzzeitung.de\/cms\/wp-content\/uploads\/2017\/11\/Jazzfest-Berlin-2017_Wollny0001-3.jpg?w=2133&amp;ssl=1 2133w, https:\/\/i0.wp.com\/www.jazzzeitung.de\/cms\/wp-content\/uploads\/2017\/11\/Jazzfest-Berlin-2017_Wollny0001-3.jpg?resize=300%2C225&amp;ssl=1 300w, https:\/\/i0.wp.com\/www.jazzzeitung.de\/cms\/wp-content\/uploads\/2017\/11\/Jazzfest-Berlin-2017_Wollny0001-3.jpg?resize=768%2C576&amp;ssl=1 768w, https:\/\/i0.wp.com\/www.jazzzeitung.de\/cms\/wp-content\/uploads\/2017\/11\/Jazzfest-Berlin-2017_Wollny0001-3.jpg?resize=800%2C600&amp;ssl=1 800w, https:\/\/i0.wp.com\/www.jazzzeitung.de\/cms\/wp-content\/uploads\/2017\/11\/Jazzfest-Berlin-2017_Wollny0001-3.jpg?resize=600%2C450&amp;ssl=1 600w, https:\/\/i0.wp.com\/www.jazzzeitung.de\/cms\/wp-content\/uploads\/2017\/11\/Jazzfest-Berlin-2017_Wollny0001-3.jpg?w=1680&amp;ssl=1 1680w\" width=\"402\" height=\"301\" loading=\"lazy\" data-original-width=\"402\" data-original-height=\"301\" itemprop=\"http:\/\/schema.org\/image\" title=\"Michael Wollny beim Jazzfest Berlin 2017. Foto: Petra Basche\" alt=\"Michael Wollny beim Jazzfest Berlin 2017. Foto: Petra Basche\" style=\"width: 402px; height: 301px;\" \/> <\/a> <div class=\"tiled-gallery-caption\" itemprop=\"caption description\"> Michael Wollny beim Jazzfest Berlin 2017. Foto: Petra Basche <\/div> <\/div> <\/div> <!-- close group --> <div class=\"gallery-group images-1\" style=\"width: 434px; height: 577px;\" data-original-width=\"434\" data-original-height=\"577\" > <div class=\"tiled-gallery-item tiled-gallery-item-large\" itemprop=\"associatedMedia\" itemscope itemtype=\"http:\/\/schema.org\/ImageObject\"> <a href=\"https:\/\/www.jazzzeitung.de\/cms\/2017\/11\/nebensonnen-sonnenschein-jazzfest-berlin-2017-freitag\/michael-wollny-beim-jazzfest-berlin-2017-foto-petra-basche-6\/\" border=\"0\" itemprop=\"url\"> <meta itemprop=\"width\" content=\"430\"> <meta itemprop=\"height\" content=\"573\"> <img decoding=\"async\" class=\"\" data-attachment-id=\"14128\" data-orig-file=\"https:\/\/www.jazzzeitung.de\/cms\/wp-content\/uploads\/2017\/11\/Jazzfest-Berlin-2017_Wollny0001-8.jpg\" data-orig-size=\"1200,1600\" data-comments-opened=\"1\" data-image-meta=\"{&quot;aperture&quot;:&quot;3.5&quot;,&quot;credit&quot;:&quot;\\u00a9 Petra Basche&quot;,&quot;camera&quot;:&quot;E-M5MarkII&quot;,&quot;caption&quot;:&quot;Michael Wollny beim Jazzfest Berlin 2017. Foto: Petra Basche&quot;,&quot;created_timestamp&quot;:&quot;1509745921&quot;,&quot;copyright&quot;:&quot;\\u00a9 Petra Basche&quot;,&quot;focal_length&quot;:&quot;52&quot;,&quot;iso&quot;:&quot;2500&quot;,&quot;shutter_speed&quot;:&quot;0.008&quot;,&quot;title&quot;:&quot;Michael Wollny beim Jazzfest Berlin 2017. Foto: Petra Basche&quot;,&quot;orientation&quot;:&quot;1&quot;}\" data-image-title=\"Michael Wollny beim Jazzfest Berlin 2017. Foto: Petra Basche\" data-image-description=\"&lt;p&gt;Michael Wollny beim Jazzfest Berlin 2017. Foto: Petra Basche&lt;\/p&gt; \" data-medium-file=\"https:\/\/i0.wp.com\/www.jazzzeitung.de\/cms\/wp-content\/uploads\/2017\/11\/Jazzfest-Berlin-2017_Wollny0001-8.jpg?fit=225%2C300&#038;ssl=1\" data-large-file=\"https:\/\/i0.wp.com\/www.jazzzeitung.de\/cms\/wp-content\/uploads\/2017\/11\/Jazzfest-Berlin-2017_Wollny0001-8.jpg?fit=450%2C600&#038;ssl=1\" src=\"https:\/\/i0.wp.com\/www.jazzzeitung.de\/cms\/wp-content\/uploads\/2017\/11\/Jazzfest-Berlin-2017_Wollny0001-8.jpg?w=430&#038;h=573&#038;ssl=1\" srcset=\"https:\/\/i0.wp.com\/www.jazzzeitung.de\/cms\/wp-content\/uploads\/2017\/11\/Jazzfest-Berlin-2017_Wollny0001-8.jpg?w=1200&amp;ssl=1 1200w, https:\/\/i0.wp.com\/www.jazzzeitung.de\/cms\/wp-content\/uploads\/2017\/11\/Jazzfest-Berlin-2017_Wollny0001-8.jpg?resize=225%2C300&amp;ssl=1 225w, https:\/\/i0.wp.com\/www.jazzzeitung.de\/cms\/wp-content\/uploads\/2017\/11\/Jazzfest-Berlin-2017_Wollny0001-8.jpg?resize=768%2C1024&amp;ssl=1 768w, https:\/\/i0.wp.com\/www.jazzzeitung.de\/cms\/wp-content\/uploads\/2017\/11\/Jazzfest-Berlin-2017_Wollny0001-8.jpg?resize=450%2C600&amp;ssl=1 450w, https:\/\/i0.wp.com\/www.jazzzeitung.de\/cms\/wp-content\/uploads\/2017\/11\/Jazzfest-Berlin-2017_Wollny0001-8.jpg?resize=600%2C800&amp;ssl=1 600w\" width=\"430\" height=\"573\" loading=\"lazy\" data-original-width=\"430\" data-original-height=\"573\" itemprop=\"http:\/\/schema.org\/image\" title=\"Michael Wollny beim Jazzfest Berlin 2017. Foto: Petra Basche\" alt=\"Michael Wollny beim Jazzfest Berlin 2017. Foto: Petra Basche\" style=\"width: 430px; height: 573px;\" \/> <\/a> <div class=\"tiled-gallery-caption\" itemprop=\"caption description\"> Michael Wollny beim Jazzfest Berlin 2017. Foto: Petra Basche <\/div> <\/div> <\/div> <!-- close group --> <\/div> <!-- close row --> <div class=\"gallery-row\" style=\"width: 840px; height: 245px;\" data-original-width=\"840\" data-original-height=\"245\" > <div class=\"gallery-group images-1\" style=\"width: 185px; height: 245px;\" data-original-width=\"185\" data-original-height=\"245\" > <div class=\"tiled-gallery-item tiled-gallery-item-small\" itemprop=\"associatedMedia\" itemscope itemtype=\"http:\/\/schema.org\/ImageObject\"> <a href=\"https:\/\/www.jazzzeitung.de\/cms\/2017\/11\/nebensonnen-sonnenschein-jazzfest-berlin-2017-freitag\/michael-wollny-beim-jazzfest-berlin-2017-foto-petra-basche-9\/\" border=\"0\" itemprop=\"url\"> <meta itemprop=\"width\" content=\"181\"> <meta itemprop=\"height\" content=\"241\"> <img decoding=\"async\" class=\"\" data-attachment-id=\"14131\" data-orig-file=\"https:\/\/www.jazzzeitung.de\/cms\/wp-content\/uploads\/2017\/11\/Jazzfest-Berlin-2017_Wollny0001-11.jpg\" data-orig-size=\"1200,1600\" data-comments-opened=\"1\" data-image-meta=\"{&quot;aperture&quot;:&quot;3.5&quot;,&quot;credit&quot;:&quot;\\u00a9 Petra Basche&quot;,&quot;camera&quot;:&quot;E-M5MarkII&quot;,&quot;caption&quot;:&quot;Michael Wollny beim Jazzfest Berlin 2017. Foto: Petra Basche&quot;,&quot;created_timestamp&quot;:&quot;1509746328&quot;,&quot;copyright&quot;:&quot;\\u00a9 Petra Basche&quot;,&quot;focal_length&quot;:&quot;40&quot;,&quot;iso&quot;:&quot;2500&quot;,&quot;shutter_speed&quot;:&quot;0.008&quot;,&quot;title&quot;:&quot;Michael Wollny beim Jazzfest Berlin 2017. Foto: Petra Basche&quot;,&quot;orientation&quot;:&quot;1&quot;}\" data-image-title=\"Michael Wollny beim Jazzfest Berlin 2017. Foto: Petra Basche\" data-image-description=\"&lt;p&gt;Michael Wollny beim Jazzfest Berlin 2017. Foto: Petra Basche&lt;\/p&gt; \" data-medium-file=\"https:\/\/i0.wp.com\/www.jazzzeitung.de\/cms\/wp-content\/uploads\/2017\/11\/Jazzfest-Berlin-2017_Wollny0001-11.jpg?fit=225%2C300&#038;ssl=1\" data-large-file=\"https:\/\/i0.wp.com\/www.jazzzeitung.de\/cms\/wp-content\/uploads\/2017\/11\/Jazzfest-Berlin-2017_Wollny0001-11.jpg?fit=450%2C600&#038;ssl=1\" src=\"https:\/\/i0.wp.com\/www.jazzzeitung.de\/cms\/wp-content\/uploads\/2017\/11\/Jazzfest-Berlin-2017_Wollny0001-11.jpg?w=181&#038;h=241&#038;ssl=1\" srcset=\"https:\/\/i0.wp.com\/www.jazzzeitung.de\/cms\/wp-content\/uploads\/2017\/11\/Jazzfest-Berlin-2017_Wollny0001-11.jpg?w=1200&amp;ssl=1 1200w, https:\/\/i0.wp.com\/www.jazzzeitung.de\/cms\/wp-content\/uploads\/2017\/11\/Jazzfest-Berlin-2017_Wollny0001-11.jpg?resize=225%2C300&amp;ssl=1 225w, https:\/\/i0.wp.com\/www.jazzzeitung.de\/cms\/wp-content\/uploads\/2017\/11\/Jazzfest-Berlin-2017_Wollny0001-11.jpg?resize=768%2C1024&amp;ssl=1 768w, https:\/\/i0.wp.com\/www.jazzzeitung.de\/cms\/wp-content\/uploads\/2017\/11\/Jazzfest-Berlin-2017_Wollny0001-11.jpg?resize=450%2C600&amp;ssl=1 450w, https:\/\/i0.wp.com\/www.jazzzeitung.de\/cms\/wp-content\/uploads\/2017\/11\/Jazzfest-Berlin-2017_Wollny0001-11.jpg?resize=600%2C800&amp;ssl=1 600w\" width=\"181\" height=\"241\" loading=\"lazy\" data-original-width=\"181\" data-original-height=\"241\" itemprop=\"http:\/\/schema.org\/image\" title=\"Michael Wollny beim Jazzfest Berlin 2017. Foto: Petra Basche\" alt=\"Michael Wollny beim Jazzfest Berlin 2017. Foto: Petra Basche\" style=\"width: 181px; height: 241px;\" \/> <\/a> <div class=\"tiled-gallery-caption\" itemprop=\"caption description\"> Michael Wollny beim Jazzfest Berlin 2017. Foto: Petra Basche <\/div> <\/div> <\/div> <!-- close group --> <div class=\"gallery-group images-1\" style=\"width: 165px; height: 245px;\" data-original-width=\"165\" data-original-height=\"245\" > <div class=\"tiled-gallery-item tiled-gallery-item-small\" itemprop=\"associatedMedia\" itemscope itemtype=\"http:\/\/schema.org\/ImageObject\"> <a href=\"https:\/\/www.jazzzeitung.de\/cms\/2017\/11\/nebensonnen-sonnenschein-jazzfest-berlin-2017-freitag\/michael-wollny-beim-jazzfest-berlin-2017-foto-petra-basche-7\/\" border=\"0\" itemprop=\"url\"> <meta itemprop=\"width\" content=\"161\"> <meta itemprop=\"height\" content=\"241\"> <img decoding=\"async\" class=\"\" data-attachment-id=\"14129\" data-orig-file=\"https:\/\/www.jazzzeitung.de\/cms\/wp-content\/uploads\/2017\/11\/Jazzfest-Berlin-2017_Wollny0001-9.jpg\" data-orig-size=\"1067,1600\" data-comments-opened=\"1\" data-image-meta=\"{&quot;aperture&quot;:&quot;3.5&quot;,&quot;credit&quot;:&quot;\\u00a9 Petra Basche&quot;,&quot;camera&quot;:&quot;E-M5MarkII&quot;,&quot;caption&quot;:&quot;Michael Wollny beim Jazzfest Berlin 2017. Foto: Petra Basche&quot;,&quot;created_timestamp&quot;:&quot;1509745999&quot;,&quot;copyright&quot;:&quot;\\u00a9 Petra Basche&quot;,&quot;focal_length&quot;:&quot;40&quot;,&quot;iso&quot;:&quot;2500&quot;,&quot;shutter_speed&quot;:&quot;0.02&quot;,&quot;title&quot;:&quot;Michael Wollny beim Jazzfest Berlin 2017. Foto: Petra Basche&quot;,&quot;orientation&quot;:&quot;1&quot;}\" data-image-title=\"Michael Wollny beim Jazzfest Berlin 2017. Foto: Petra Basche\" data-image-description=\"&lt;p&gt;Michael Wollny beim Jazzfest Berlin 2017. Foto: Petra Basche&lt;\/p&gt; \" data-medium-file=\"https:\/\/i0.wp.com\/www.jazzzeitung.de\/cms\/wp-content\/uploads\/2017\/11\/Jazzfest-Berlin-2017_Wollny0001-9.jpg?fit=200%2C300&#038;ssl=1\" data-large-file=\"https:\/\/i0.wp.com\/www.jazzzeitung.de\/cms\/wp-content\/uploads\/2017\/11\/Jazzfest-Berlin-2017_Wollny0001-9.jpg?fit=400%2C600&#038;ssl=1\" src=\"https:\/\/i0.wp.com\/www.jazzzeitung.de\/cms\/wp-content\/uploads\/2017\/11\/Jazzfest-Berlin-2017_Wollny0001-9.jpg?w=161&#038;h=241&#038;ssl=1\" srcset=\"https:\/\/i0.wp.com\/www.jazzzeitung.de\/cms\/wp-content\/uploads\/2017\/11\/Jazzfest-Berlin-2017_Wollny0001-9.jpg?w=1067&amp;ssl=1 1067w, https:\/\/i0.wp.com\/www.jazzzeitung.de\/cms\/wp-content\/uploads\/2017\/11\/Jazzfest-Berlin-2017_Wollny0001-9.jpg?resize=200%2C300&amp;ssl=1 200w, https:\/\/i0.wp.com\/www.jazzzeitung.de\/cms\/wp-content\/uploads\/2017\/11\/Jazzfest-Berlin-2017_Wollny0001-9.jpg?resize=768%2C1152&amp;ssl=1 768w, https:\/\/i0.wp.com\/www.jazzzeitung.de\/cms\/wp-content\/uploads\/2017\/11\/Jazzfest-Berlin-2017_Wollny0001-9.jpg?resize=400%2C600&amp;ssl=1 400w, https:\/\/i0.wp.com\/www.jazzzeitung.de\/cms\/wp-content\/uploads\/2017\/11\/Jazzfest-Berlin-2017_Wollny0001-9.jpg?resize=600%2C900&amp;ssl=1 600w\" width=\"161\" height=\"241\" loading=\"lazy\" data-original-width=\"161\" data-original-height=\"241\" itemprop=\"http:\/\/schema.org\/image\" title=\"Michael Wollny beim Jazzfest Berlin 2017. Foto: Petra Basche\" alt=\"Michael Wollny beim Jazzfest Berlin 2017. Foto: Petra Basche\" style=\"width: 161px; height: 241px;\" \/> <\/a> <div class=\"tiled-gallery-caption\" itemprop=\"caption description\"> Michael Wollny beim Jazzfest Berlin 2017. Foto: Petra Basche <\/div> <\/div> <\/div> <!-- close group --> <div class=\"gallery-group images-1\" style=\"width: 165px; height: 245px;\" data-original-width=\"165\" data-original-height=\"245\" > <div class=\"tiled-gallery-item tiled-gallery-item-small\" itemprop=\"associatedMedia\" itemscope itemtype=\"http:\/\/schema.org\/ImageObject\"> <a href=\"https:\/\/www.jazzzeitung.de\/cms\/2017\/11\/nebensonnen-sonnenschein-jazzfest-berlin-2017-freitag\/michael-wollny-beim-jazzfest-berlin-2017-foto-petra-basche-11\/\" border=\"0\" itemprop=\"url\"> <meta itemprop=\"width\" content=\"161\"> <meta itemprop=\"height\" content=\"241\"> <img decoding=\"async\" class=\"\" data-attachment-id=\"14133\" data-orig-file=\"https:\/\/www.jazzzeitung.de\/cms\/wp-content\/uploads\/2017\/11\/Jazzfest-Berlin-2017_Wollny0001-14.jpg\" data-orig-size=\"1068,1600\" data-comments-opened=\"1\" data-image-meta=\"{&quot;aperture&quot;:&quot;2.5&quot;,&quot;credit&quot;:&quot;\\u00a9 Petra Basche&quot;,&quot;camera&quot;:&quot;NIKON D800&quot;,&quot;caption&quot;:&quot;Michael Wollny beim Jazzfest Berlin 2017. Foto: Petra Basche&quot;,&quot;created_timestamp&quot;:&quot;1509746560&quot;,&quot;copyright&quot;:&quot;\\u00a9 Petra Basche&quot;,&quot;focal_length&quot;:&quot;85&quot;,&quot;iso&quot;:&quot;6400&quot;,&quot;shutter_speed&quot;:&quot;0.00625&quot;,&quot;title&quot;:&quot;Michael Wollny beim Jazzfest Berlin 2017. Foto: Petra Basche&quot;,&quot;orientation&quot;:&quot;1&quot;}\" data-image-title=\"Michael Wollny beim Jazzfest Berlin 2017. Foto: Petra Basche\" data-image-description=\"&lt;p&gt;Michael Wollny beim Jazzfest Berlin 2017. Foto: Petra Basche&lt;\/p&gt; \" data-medium-file=\"https:\/\/i0.wp.com\/www.jazzzeitung.de\/cms\/wp-content\/uploads\/2017\/11\/Jazzfest-Berlin-2017_Wollny0001-14.jpg?fit=200%2C300&#038;ssl=1\" data-large-file=\"https:\/\/i0.wp.com\/www.jazzzeitung.de\/cms\/wp-content\/uploads\/2017\/11\/Jazzfest-Berlin-2017_Wollny0001-14.jpg?fit=401%2C600&#038;ssl=1\" src=\"https:\/\/i0.wp.com\/www.jazzzeitung.de\/cms\/wp-content\/uploads\/2017\/11\/Jazzfest-Berlin-2017_Wollny0001-14.jpg?w=161&#038;h=241&#038;ssl=1\" srcset=\"https:\/\/i0.wp.com\/www.jazzzeitung.de\/cms\/wp-content\/uploads\/2017\/11\/Jazzfest-Berlin-2017_Wollny0001-14.jpg?w=1068&amp;ssl=1 1068w, https:\/\/i0.wp.com\/www.jazzzeitung.de\/cms\/wp-content\/uploads\/2017\/11\/Jazzfest-Berlin-2017_Wollny0001-14.jpg?resize=200%2C300&amp;ssl=1 200w, https:\/\/i0.wp.com\/www.jazzzeitung.de\/cms\/wp-content\/uploads\/2017\/11\/Jazzfest-Berlin-2017_Wollny0001-14.jpg?resize=768%2C1151&amp;ssl=1 768w, https:\/\/i0.wp.com\/www.jazzzeitung.de\/cms\/wp-content\/uploads\/2017\/11\/Jazzfest-Berlin-2017_Wollny0001-14.jpg?resize=401%2C600&amp;ssl=1 401w, https:\/\/i0.wp.com\/www.jazzzeitung.de\/cms\/wp-content\/uploads\/2017\/11\/Jazzfest-Berlin-2017_Wollny0001-14.jpg?resize=600%2C899&amp;ssl=1 600w\" width=\"161\" height=\"241\" loading=\"lazy\" data-original-width=\"161\" data-original-height=\"241\" itemprop=\"http:\/\/schema.org\/image\" title=\"Michael Wollny beim Jazzfest Berlin 2017. Foto: Petra Basche\" alt=\"Michael Wollny beim Jazzfest Berlin 2017. Foto: Petra Basche\" style=\"width: 161px; height: 241px;\" \/> <\/a> <div class=\"tiled-gallery-caption\" itemprop=\"caption description\"> Michael Wollny beim Jazzfest Berlin 2017. Foto: Petra Basche <\/div> <\/div> <\/div> <!-- close group --> <div class=\"gallery-group images-1\" style=\"width: 325px; height: 245px;\" data-original-width=\"325\" data-original-height=\"245\" > <div class=\"tiled-gallery-item tiled-gallery-item-large\" itemprop=\"associatedMedia\" itemscope itemtype=\"http:\/\/schema.org\/ImageObject\"> <a href=\"https:\/\/www.jazzzeitung.de\/cms\/2017\/11\/nebensonnen-sonnenschein-jazzfest-berlin-2017-freitag\/michael-wollny-beim-jazzfest-berlin-2017-foto-petra-basche-8\/\" border=\"0\" itemprop=\"url\"> <meta itemprop=\"width\" content=\"321\"> <meta itemprop=\"height\" content=\"241\"> <img decoding=\"async\" class=\"\" data-attachment-id=\"14130\" data-orig-file=\"https:\/\/www.jazzzeitung.de\/cms\/wp-content\/uploads\/2017\/11\/Jazzfest-Berlin-2017_Wollny0001-10.jpg\" data-orig-size=\"2133,1600\" data-comments-opened=\"1\" data-image-meta=\"{&quot;aperture&quot;:&quot;3.5&quot;,&quot;credit&quot;:&quot;\\u00a9 Petra Basche&quot;,&quot;camera&quot;:&quot;E-M5MarkII&quot;,&quot;caption&quot;:&quot;Michael Wollny beim Jazzfest Berlin 2017. Foto: Petra Basche&quot;,&quot;created_timestamp&quot;:&quot;1509746003&quot;,&quot;copyright&quot;:&quot;\\u00a9 Petra Basche&quot;,&quot;focal_length&quot;:&quot;40&quot;,&quot;iso&quot;:&quot;2500&quot;,&quot;shutter_speed&quot;:&quot;0.016666666666667&quot;,&quot;title&quot;:&quot;Michael Wollny beim Jazzfest Berlin 2017. Foto: Petra Basche&quot;,&quot;orientation&quot;:&quot;1&quot;}\" data-image-title=\"Michael Wollny beim Jazzfest Berlin 2017. Foto: Petra Basche\" data-image-description=\"&lt;p&gt;Michael Wollny beim Jazzfest Berlin 2017. Foto: Petra Basche&lt;\/p&gt; \" data-medium-file=\"https:\/\/i0.wp.com\/www.jazzzeitung.de\/cms\/wp-content\/uploads\/2017\/11\/Jazzfest-Berlin-2017_Wollny0001-10.jpg?fit=300%2C225&#038;ssl=1\" data-large-file=\"https:\/\/i0.wp.com\/www.jazzzeitung.de\/cms\/wp-content\/uploads\/2017\/11\/Jazzfest-Berlin-2017_Wollny0001-10.jpg?fit=800%2C600&#038;ssl=1\" src=\"https:\/\/i0.wp.com\/www.jazzzeitung.de\/cms\/wp-content\/uploads\/2017\/11\/Jazzfest-Berlin-2017_Wollny0001-10.jpg?w=321&#038;h=241&#038;ssl=1\" srcset=\"https:\/\/i0.wp.com\/www.jazzzeitung.de\/cms\/wp-content\/uploads\/2017\/11\/Jazzfest-Berlin-2017_Wollny0001-10.jpg?w=2133&amp;ssl=1 2133w, https:\/\/i0.wp.com\/www.jazzzeitung.de\/cms\/wp-content\/uploads\/2017\/11\/Jazzfest-Berlin-2017_Wollny0001-10.jpg?resize=300%2C225&amp;ssl=1 300w, https:\/\/i0.wp.com\/www.jazzzeitung.de\/cms\/wp-content\/uploads\/2017\/11\/Jazzfest-Berlin-2017_Wollny0001-10.jpg?resize=768%2C576&amp;ssl=1 768w, https:\/\/i0.wp.com\/www.jazzzeitung.de\/cms\/wp-content\/uploads\/2017\/11\/Jazzfest-Berlin-2017_Wollny0001-10.jpg?resize=800%2C600&amp;ssl=1 800w, https:\/\/i0.wp.com\/www.jazzzeitung.de\/cms\/wp-content\/uploads\/2017\/11\/Jazzfest-Berlin-2017_Wollny0001-10.jpg?resize=600%2C450&amp;ssl=1 600w, https:\/\/i0.wp.com\/www.jazzzeitung.de\/cms\/wp-content\/uploads\/2017\/11\/Jazzfest-Berlin-2017_Wollny0001-10.jpg?w=1680&amp;ssl=1 1680w\" width=\"321\" height=\"241\" loading=\"lazy\" data-original-width=\"321\" data-original-height=\"241\" itemprop=\"http:\/\/schema.org\/image\" title=\"Michael Wollny beim Jazzfest Berlin 2017. Foto: Petra Basche\" alt=\"Michael Wollny beim Jazzfest Berlin 2017. Foto: Petra Basche\" style=\"width: 321px; height: 241px;\" \/> <\/a> <div class=\"tiled-gallery-caption\" itemprop=\"caption description\"> Michael Wollny beim Jazzfest Berlin 2017. Foto: Petra Basche <\/div> <\/div> <\/div> <!-- close group --> <\/div> <!-- close row --> <div class=\"gallery-row\" style=\"width: 840px; height: 383px;\" data-original-width=\"840\" data-original-height=\"383\" > <div class=\"gallery-group images-1\" style=\"width: 572px; height: 383px;\" data-original-width=\"572\" data-original-height=\"383\" > <div class=\"tiled-gallery-item tiled-gallery-item-large\" itemprop=\"associatedMedia\" itemscope itemtype=\"http:\/\/schema.org\/ImageObject\"> <a href=\"https:\/\/www.jazzzeitung.de\/cms\/2017\/11\/nebensonnen-sonnenschein-jazzfest-berlin-2017-freitag\/michael-wollny-beim-jazzfest-berlin-2017-foto-petra-basche-10\/\" border=\"0\" itemprop=\"url\"> <meta itemprop=\"width\" content=\"568\"> <meta itemprop=\"height\" content=\"379\"> <img decoding=\"async\" class=\"\" data-attachment-id=\"14132\" data-orig-file=\"https:\/\/www.jazzzeitung.de\/cms\/wp-content\/uploads\/2017\/11\/Jazzfest-Berlin-2017_Wollny0001-13.jpg\" data-orig-size=\"2200,1468\" data-comments-opened=\"1\" data-image-meta=\"{&quot;aperture&quot;:&quot;2.5&quot;,&quot;credit&quot;:&quot;\\u00a9 Petra Basche&quot;,&quot;camera&quot;:&quot;NIKON D800&quot;,&quot;caption&quot;:&quot;Michael Wollny beim Jazzfest Berlin 2017. Foto: Petra Basche&quot;,&quot;created_timestamp&quot;:&quot;1509746406&quot;,&quot;copyright&quot;:&quot;\\u00a9 Petra Basche&quot;,&quot;focal_length&quot;:&quot;35&quot;,&quot;iso&quot;:&quot;6400&quot;,&quot;shutter_speed&quot;:&quot;0.00625&quot;,&quot;title&quot;:&quot;Michael Wollny beim Jazzfest Berlin 2017. Foto: Petra Basche&quot;,&quot;orientation&quot;:&quot;1&quot;}\" data-image-title=\"Michael Wollny beim Jazzfest Berlin 2017. Foto: Petra Basche\" data-image-description=\"&lt;p&gt;Michael Wollny beim Jazzfest Berlin 2017. Foto: Petra Basche&lt;\/p&gt; \" data-medium-file=\"https:\/\/i0.wp.com\/www.jazzzeitung.de\/cms\/wp-content\/uploads\/2017\/11\/Jazzfest-Berlin-2017_Wollny0001-13.jpg?fit=300%2C200&#038;ssl=1\" data-large-file=\"https:\/\/i0.wp.com\/www.jazzzeitung.de\/cms\/wp-content\/uploads\/2017\/11\/Jazzfest-Berlin-2017_Wollny0001-13.jpg?fit=840%2C560&#038;ssl=1\" src=\"https:\/\/i0.wp.com\/www.jazzzeitung.de\/cms\/wp-content\/uploads\/2017\/11\/Jazzfest-Berlin-2017_Wollny0001-13.jpg?w=568&#038;h=379&#038;ssl=1\" srcset=\"https:\/\/i0.wp.com\/www.jazzzeitung.de\/cms\/wp-content\/uploads\/2017\/11\/Jazzfest-Berlin-2017_Wollny0001-13.jpg?w=2200&amp;ssl=1 2200w, https:\/\/i0.wp.com\/www.jazzzeitung.de\/cms\/wp-content\/uploads\/2017\/11\/Jazzfest-Berlin-2017_Wollny0001-13.jpg?resize=300%2C200&amp;ssl=1 300w, https:\/\/i0.wp.com\/www.jazzzeitung.de\/cms\/wp-content\/uploads\/2017\/11\/Jazzfest-Berlin-2017_Wollny0001-13.jpg?resize=768%2C512&amp;ssl=1 768w, https:\/\/i0.wp.com\/www.jazzzeitung.de\/cms\/wp-content\/uploads\/2017\/11\/Jazzfest-Berlin-2017_Wollny0001-13.jpg?resize=900%2C600&amp;ssl=1 900w, https:\/\/i0.wp.com\/www.jazzzeitung.de\/cms\/wp-content\/uploads\/2017\/11\/Jazzfest-Berlin-2017_Wollny0001-13.jpg?resize=600%2C400&amp;ssl=1 600w, https:\/\/i0.wp.com\/www.jazzzeitung.de\/cms\/wp-content\/uploads\/2017\/11\/Jazzfest-Berlin-2017_Wollny0001-13.jpg?resize=120%2C80&amp;ssl=1 120w, https:\/\/i0.wp.com\/www.jazzzeitung.de\/cms\/wp-content\/uploads\/2017\/11\/Jazzfest-Berlin-2017_Wollny0001-13.jpg?w=1680&amp;ssl=1 1680w\" width=\"568\" height=\"379\" loading=\"lazy\" data-original-width=\"568\" data-original-height=\"379\" itemprop=\"http:\/\/schema.org\/image\" title=\"Michael Wollny beim Jazzfest Berlin 2017. Foto: Petra Basche\" alt=\"Michael Wollny beim Jazzfest Berlin 2017. Foto: Petra Basche\" style=\"width: 568px; height: 379px;\" \/> <\/a> <div class=\"tiled-gallery-caption\" itemprop=\"caption description\"> Michael Wollny beim Jazzfest Berlin 2017. Foto: Petra Basche <\/div> <\/div> <\/div> <!-- close group --> <div class=\"gallery-group images-2\" style=\"width: 268px; height: 383px;\" data-original-width=\"268\" data-original-height=\"383\" > <div class=\"tiled-gallery-item tiled-gallery-item-large\" itemprop=\"associatedMedia\" itemscope itemtype=\"http:\/\/schema.org\/ImageObject\"> <a href=\"https:\/\/www.jazzzeitung.de\/cms\/2017\/11\/nebensonnen-sonnenschein-jazzfest-berlin-2017-freitag\/michael-wollny-beim-jazzfest-berlin-2017-foto-petra-basche-13\/\" border=\"0\" itemprop=\"url\"> <meta itemprop=\"width\" content=\"264\"> <meta itemprop=\"height\" content=\"198\"> <img decoding=\"async\" class=\"\" data-attachment-id=\"14135\" data-orig-file=\"https:\/\/www.jazzzeitung.de\/cms\/wp-content\/uploads\/2017\/11\/Jazzfest-Berlin-2017_Wollny0001-16.jpg\" data-orig-size=\"2133,1600\" data-comments-opened=\"1\" data-image-meta=\"{&quot;aperture&quot;:&quot;3.5&quot;,&quot;credit&quot;:&quot;\\u00a9 Petra Basche&quot;,&quot;camera&quot;:&quot;E-M5MarkII&quot;,&quot;caption&quot;:&quot;Michael Wollny beim Jazzfest Berlin 2017. Foto: Petra Basche&quot;,&quot;created_timestamp&quot;:&quot;1509746879&quot;,&quot;copyright&quot;:&quot;\\u00a9 Petra Basche&quot;,&quot;focal_length&quot;:&quot;46&quot;,&quot;iso&quot;:&quot;2500&quot;,&quot;shutter_speed&quot;:&quot;0.0125&quot;,&quot;title&quot;:&quot;Michael Wollny beim Jazzfest Berlin 2017. Foto: Petra Basche&quot;,&quot;orientation&quot;:&quot;1&quot;}\" data-image-title=\"Michael Wollny beim Jazzfest Berlin 2017. Foto: Petra Basche\" data-image-description=\"&lt;p&gt;Michael Wollny beim Jazzfest Berlin 2017. Foto: Petra Basche&lt;\/p&gt; \" data-medium-file=\"https:\/\/i0.wp.com\/www.jazzzeitung.de\/cms\/wp-content\/uploads\/2017\/11\/Jazzfest-Berlin-2017_Wollny0001-16.jpg?fit=300%2C225&#038;ssl=1\" data-large-file=\"https:\/\/i0.wp.com\/www.jazzzeitung.de\/cms\/wp-content\/uploads\/2017\/11\/Jazzfest-Berlin-2017_Wollny0001-16.jpg?fit=800%2C600&#038;ssl=1\" src=\"https:\/\/i0.wp.com\/www.jazzzeitung.de\/cms\/wp-content\/uploads\/2017\/11\/Jazzfest-Berlin-2017_Wollny0001-16.jpg?w=264&#038;h=198&#038;ssl=1\" srcset=\"https:\/\/i0.wp.com\/www.jazzzeitung.de\/cms\/wp-content\/uploads\/2017\/11\/Jazzfest-Berlin-2017_Wollny0001-16.jpg?w=2133&amp;ssl=1 2133w, https:\/\/i0.wp.com\/www.jazzzeitung.de\/cms\/wp-content\/uploads\/2017\/11\/Jazzfest-Berlin-2017_Wollny0001-16.jpg?resize=300%2C225&amp;ssl=1 300w, https:\/\/i0.wp.com\/www.jazzzeitung.de\/cms\/wp-content\/uploads\/2017\/11\/Jazzfest-Berlin-2017_Wollny0001-16.jpg?resize=768%2C576&amp;ssl=1 768w, https:\/\/i0.wp.com\/www.jazzzeitung.de\/cms\/wp-content\/uploads\/2017\/11\/Jazzfest-Berlin-2017_Wollny0001-16.jpg?resize=800%2C600&amp;ssl=1 800w, https:\/\/i0.wp.com\/www.jazzzeitung.de\/cms\/wp-content\/uploads\/2017\/11\/Jazzfest-Berlin-2017_Wollny0001-16.jpg?resize=600%2C450&amp;ssl=1 600w, https:\/\/i0.wp.com\/www.jazzzeitung.de\/cms\/wp-content\/uploads\/2017\/11\/Jazzfest-Berlin-2017_Wollny0001-16.jpg?w=1680&amp;ssl=1 1680w\" width=\"264\" height=\"198\" loading=\"lazy\" data-original-width=\"264\" data-original-height=\"198\" itemprop=\"http:\/\/schema.org\/image\" title=\"Michael Wollny beim Jazzfest Berlin 2017. Foto: Petra Basche\" alt=\"Michael Wollny beim Jazzfest Berlin 2017. Foto: Petra Basche\" style=\"width: 264px; height: 198px;\" \/> <\/a> <div class=\"tiled-gallery-caption\" itemprop=\"caption description\"> Michael Wollny beim Jazzfest Berlin 2017. Foto: Petra Basche <\/div> <\/div> <div class=\"tiled-gallery-item tiled-gallery-item-large\" itemprop=\"associatedMedia\" itemscope itemtype=\"http:\/\/schema.org\/ImageObject\"> <a href=\"https:\/\/www.jazzzeitung.de\/cms\/2017\/11\/nebensonnen-sonnenschein-jazzfest-berlin-2017-freitag\/michael-wollny-beim-jazzfest-berlin-2017-foto-petra-basche-12\/\" border=\"0\" itemprop=\"url\"> <meta itemprop=\"width\" content=\"264\"> <meta itemprop=\"height\" content=\"177\"> <img decoding=\"async\" class=\"\" data-attachment-id=\"14134\" data-orig-file=\"https:\/\/www.jazzzeitung.de\/cms\/wp-content\/uploads\/2017\/11\/Jazzfest-Berlin-2017_Wollny0001-15.jpg\" data-orig-size=\"2200,1468\" data-comments-opened=\"1\" data-image-meta=\"{&quot;aperture&quot;:&quot;5&quot;,&quot;credit&quot;:&quot;\\u00a9 Petra Basche&quot;,&quot;camera&quot;:&quot;NIKON D800&quot;,&quot;caption&quot;:&quot;Michael Wollny beim Jazzfest Berlin 2017. Foto: Petra Basche&quot;,&quot;created_timestamp&quot;:&quot;1509746850&quot;,&quot;copyright&quot;:&quot;\\u00a9 Petra Basche&quot;,&quot;focal_length&quot;:&quot;85&quot;,&quot;iso&quot;:&quot;5000&quot;,&quot;shutter_speed&quot;:&quot;0.00625&quot;,&quot;title&quot;:&quot;Michael Wollny beim Jazzfest Berlin 2017. Foto: Petra Basche&quot;,&quot;orientation&quot;:&quot;1&quot;}\" data-image-title=\"Michael Wollny beim Jazzfest Berlin 2017. Foto: Petra Basche\" data-image-description=\"&lt;p&gt;Michael Wollny beim Jazzfest Berlin 2017. Foto: Petra Basche&lt;\/p&gt; \" data-medium-file=\"https:\/\/i0.wp.com\/www.jazzzeitung.de\/cms\/wp-content\/uploads\/2017\/11\/Jazzfest-Berlin-2017_Wollny0001-15.jpg?fit=300%2C200&#038;ssl=1\" data-large-file=\"https:\/\/i0.wp.com\/www.jazzzeitung.de\/cms\/wp-content\/uploads\/2017\/11\/Jazzfest-Berlin-2017_Wollny0001-15.jpg?fit=840%2C560&#038;ssl=1\" src=\"https:\/\/i0.wp.com\/www.jazzzeitung.de\/cms\/wp-content\/uploads\/2017\/11\/Jazzfest-Berlin-2017_Wollny0001-15.jpg?w=264&#038;h=177&#038;ssl=1\" srcset=\"https:\/\/i0.wp.com\/www.jazzzeitung.de\/cms\/wp-content\/uploads\/2017\/11\/Jazzfest-Berlin-2017_Wollny0001-15.jpg?w=2200&amp;ssl=1 2200w, https:\/\/i0.wp.com\/www.jazzzeitung.de\/cms\/wp-content\/uploads\/2017\/11\/Jazzfest-Berlin-2017_Wollny0001-15.jpg?resize=300%2C200&amp;ssl=1 300w, https:\/\/i0.wp.com\/www.jazzzeitung.de\/cms\/wp-content\/uploads\/2017\/11\/Jazzfest-Berlin-2017_Wollny0001-15.jpg?resize=768%2C512&amp;ssl=1 768w, https:\/\/i0.wp.com\/www.jazzzeitung.de\/cms\/wp-content\/uploads\/2017\/11\/Jazzfest-Berlin-2017_Wollny0001-15.jpg?resize=900%2C600&amp;ssl=1 900w, https:\/\/i0.wp.com\/www.jazzzeitung.de\/cms\/wp-content\/uploads\/2017\/11\/Jazzfest-Berlin-2017_Wollny0001-15.jpg?resize=600%2C400&amp;ssl=1 600w, https:\/\/i0.wp.com\/www.jazzzeitung.de\/cms\/wp-content\/uploads\/2017\/11\/Jazzfest-Berlin-2017_Wollny0001-15.jpg?resize=120%2C80&amp;ssl=1 120w, https:\/\/i0.wp.com\/www.jazzzeitung.de\/cms\/wp-content\/uploads\/2017\/11\/Jazzfest-Berlin-2017_Wollny0001-15.jpg?w=1680&amp;ssl=1 1680w\" width=\"264\" height=\"177\" loading=\"lazy\" data-original-width=\"264\" data-original-height=\"177\" itemprop=\"http:\/\/schema.org\/image\" title=\"Michael Wollny beim Jazzfest Berlin 2017. Foto: Petra Basche\" alt=\"Michael Wollny beim Jazzfest Berlin 2017. Foto: Petra Basche\" style=\"width: 264px; height: 177px;\" \/> <\/a> <div class=\"tiled-gallery-caption\" itemprop=\"caption description\"> Michael Wollny beim Jazzfest Berlin 2017. Foto: Petra Basche <\/div> <\/div> <\/div> <!-- close group --> <\/div> <!-- close row --> <div class=\"gallery-row\" style=\"width: 840px; height: 631px;\" data-original-width=\"840\" data-original-height=\"631\" > <div class=\"gallery-group images-1\" style=\"width: 840px; height: 631px;\" data-original-width=\"840\" data-original-height=\"631\" > <div class=\"tiled-gallery-item tiled-gallery-item-large\" itemprop=\"associatedMedia\" itemscope itemtype=\"http:\/\/schema.org\/ImageObject\"> <a href=\"https:\/\/www.jazzzeitung.de\/cms\/2017\/11\/nebensonnen-sonnenschein-jazzfest-berlin-2017-freitag\/jazzfest17-02-030010\/\" border=\"0\" itemprop=\"url\"> <meta itemprop=\"width\" content=\"836\"> <meta itemprop=\"height\" content=\"627\"> <img decoding=\"async\" class=\"\" data-attachment-id=\"14136\" data-orig-file=\"https:\/\/www.jazzzeitung.de\/cms\/wp-content\/uploads\/2017\/11\/jazzfest17-02-030010.jpg\" data-orig-size=\"2200,1650\" data-comments-opened=\"1\" data-image-meta=\"{&quot;aperture&quot;:&quot;0&quot;,&quot;credit&quot;:&quot;&quot;,&quot;camera&quot;:&quot;&quot;,&quot;caption&quot;:&quot;&quot;,&quot;created_timestamp&quot;:&quot;0&quot;,&quot;copyright&quot;:&quot;Martin Hufner&quot;,&quot;focal_length&quot;:&quot;0&quot;,&quot;iso&quot;:&quot;0&quot;,&quot;shutter_speed&quot;:&quot;0&quot;,&quot;title&quot;:&quot;&quot;,&quot;orientation&quot;:&quot;0&quot;}\" data-image-title=\"Michael Wollny auf der B\u00fchne. Foto: Hufner\" data-image-description=\"&lt;p&gt;Michael Wollny auf der B\u00fchne. Foto: Hufner&lt;\/p&gt; \" data-medium-file=\"https:\/\/i0.wp.com\/www.jazzzeitung.de\/cms\/wp-content\/uploads\/2017\/11\/jazzfest17-02-030010.jpg?fit=300%2C225&#038;ssl=1\" data-large-file=\"https:\/\/i0.wp.com\/www.jazzzeitung.de\/cms\/wp-content\/uploads\/2017\/11\/jazzfest17-02-030010.jpg?fit=800%2C600&#038;ssl=1\" src=\"https:\/\/i0.wp.com\/www.jazzzeitung.de\/cms\/wp-content\/uploads\/2017\/11\/jazzfest17-02-030010.jpg?w=836&#038;h=627&#038;ssl=1\" srcset=\"https:\/\/i0.wp.com\/www.jazzzeitung.de\/cms\/wp-content\/uploads\/2017\/11\/jazzfest17-02-030010.jpg?w=2200&amp;ssl=1 2200w, https:\/\/i0.wp.com\/www.jazzzeitung.de\/cms\/wp-content\/uploads\/2017\/11\/jazzfest17-02-030010.jpg?resize=300%2C225&amp;ssl=1 300w, https:\/\/i0.wp.com\/www.jazzzeitung.de\/cms\/wp-content\/uploads\/2017\/11\/jazzfest17-02-030010.jpg?resize=768%2C576&amp;ssl=1 768w, https:\/\/i0.wp.com\/www.jazzzeitung.de\/cms\/wp-content\/uploads\/2017\/11\/jazzfest17-02-030010.jpg?resize=800%2C600&amp;ssl=1 800w, https:\/\/i0.wp.com\/www.jazzzeitung.de\/cms\/wp-content\/uploads\/2017\/11\/jazzfest17-02-030010.jpg?resize=600%2C450&amp;ssl=1 600w, https:\/\/i0.wp.com\/www.jazzzeitung.de\/cms\/wp-content\/uploads\/2017\/11\/jazzfest17-02-030010.jpg?w=1680&amp;ssl=1 1680w\" width=\"836\" height=\"627\" loading=\"lazy\" data-original-width=\"836\" data-original-height=\"627\" itemprop=\"http:\/\/schema.org\/image\" title=\"Michael Wollny auf der B\u00fchne. Foto: Hufner\" alt=\"Michael Wollny auf der B\u00fchne. Foto: Hufner\" style=\"width: 836px; height: 627px;\" \/> <\/a> <div class=\"tiled-gallery-caption\" itemprop=\"caption description\"> Michael Wollny auf der B\u00fchne. Foto: Hufner <\/div> <\/div> <\/div> <!-- close group --> <\/div> <!-- close row --> <\/div>\n<p>Es ist schon fast nicht unmutig, Wollny das Podium anzubieten. Er macht fast alles zu musikalischem Gold. Und es blieben ihm ja noch 20 Minuten Spielzeit \u00fcbrig, die er mit seiner Version der Schubertschen \u201eNebensonnen\u201c f\u00fcllte.<\/p>\n<blockquote><p>Drei Sonnen sah ich am Himmel steh&#8217;n,<br \/>\nHab&#8216; lang und fest sie angeseh&#8217;n;<br \/>\nUnd sie auch standen da so stier,<br \/>\nAls wollten sie nicht weg von mir.<\/p>\n<p>Ach, meine Sonnen seid ihr nicht !<br \/>\nSchaut ander&#8217;n doch ins Angesicht !<br \/>\nJa, neulich hatt&#8216; ich auch wohl drei;<br \/>\nNun sind hinab die besten zwei.<\/p>\n<p>Ging nur die dritt&#8216; erst hinterdrein !<br \/>\nIm Dunkel wird mir wohler sein.<\/p><\/blockquote>\n<p>Man m\u00f6ge mir nachsehen, dass ich, ob dieses musikalischen Magnetismus\u2018, nicht mehr zum Notieren kam und mich ausnahmsweise einfach in die Rolle des Echtzeitzuh\u00f6rers fl\u00fcchtete. Ich antworte und gr\u00fc\u00dfe zur\u00fcck mit Paul Celans \u201eFadensonnen\u201c:<\/p>\n<blockquote><p>Fadensonnen \u00fcber der grauschwarzen \u00d6dnis.<br \/>\nEin baumhoher Gedanke greift sich den Lichtton:<br \/>\nEs sind noch Lieder zu singen<br \/>\njenseits der Menschen.<\/p><\/blockquote>\n<p>Erg\u00e4nzend: Wollny mit einer Zugabe von knapp f\u00fcnf Minuten, in das er den ersten Satz aus Einojuhani Rautavaaras \u201eCantus Arcticus\u201c irgendwie einband.<\/p>\n<h2>Nachschlag<\/h2>\n<p>Und ebenso mag man es nachsehen, wenn eine Fortsetzung des Abends musikalisch mir nicht angeraten schien. Ambrose Akinmusire mit seinem Ensemble wird es sicher verschmerzen. Die Eindr\u00fccke, die ich dann am Radio davon empfangen konnte waren zumindest weniger \u00fcberzeugend. Sicher eigen, sicher teils bluesges\u00e4ttigt, aber auch unentschieden im Nichtsogutgemachten, Nochnichtganzfertigen landend. Aber das w\u00e4re jetzt eben auch einfach nicht fair, diese Eindr\u00fccke f\u00fcr das Ganze zu nehmen.<\/p>\n<p>\u00dcberhaupt soll man in Distanz zu den hier verfassten Kritiken bleiben. Sie sind Kritikersprech, sie sind im Vertrauen auf die eigenen Ohren und das, von dem man vermutet, es sitze dazwischen, gefertigt.<\/p>\n<h2><strong>Keine Conclusio<\/strong><\/h2>\n<ul>\n<li>Doch.<\/li>\n<li>Niescier und Wollny.<\/li>\n<li>Gl\u00fcck.<\/li>\n<\/ul>\n<hr \/>\n<h2>Die Musikerinnen des Abends<\/h2>\n<ul>\n<li>Angelika Niescier saxophone<\/li>\n<li>Tyshawn Sorey drums<\/li>\n<li>Chris Tordini double bass<\/li>\n<li>Michael Wollny \u2013 piano solo<\/li>\n<\/ul>\n","protected":false},"excerpt":{"rendered":"<p>\u2026 und es gibt Tage, da ist man gerne als Kritiker unterwegs. Denn es gibt viel Sch\u00f6nes zu berichten. Von einer Preistr\u00e4gerin und von einem grandiosen Klaviersolo. Angelika Niescier auf der einen Seite im Trio mit Tyshawn Sorey (dm) und Chris Tordini (b). Ja, den beiden aus dem gestrigen Trio. Aber was f\u00fcr ein Unterschied nun. Danach ein 65-Minuten Klaviersolo von Michael Wollny, das komplett die Zuh\u00f6rerinnen in den Bann schlug. Doch der Reihe nach. Albert-Mangelsdorff-Preis der UdJ an Angelica Niescier Alle zwei Jahre wird dieser von der Union der Jazzmusiker (UdJ) seit 1994 dieser \u201eDeutsche Jazzpreis\u201c in zweij\u00e4hrigem Turnus verliehen. Dieses Jahr ging die Auszeichnung an die Saxophonistin Angelika Niescier, die, wie man so sagt \u201eumtriebige\u201c, ruhelose Musikerin am Saxophon, Kuratorin, Komponistin, Arrangeurin, P\u00e4dagogin, Aktivistin. Reihenfolge mag man umstellen wie man m\u00f6chte, im Zentrum steht jedenfalls sie selbst mit ihrem Instrument und ihren Auftritten. Die UdJ erkannte ihr den Preis im Wert von 15.000 Euro also zu. Ein Preis, vergeben von einer unabh\u00e4ngigen Fachjury, finanziert von Deutschem Komponistenverband, GEMA und GVL. Ganz im Gegensatz zum fragw\u00fcrdigen und inhaltsleeren Medienereignis des ECHO Jazz, der mehr &hellip;<\/p>\n","protected":false},"author":2,"featured_media":14121,"comment_status":"open","ping_status":"closed","sticky":false,"template":"","format":"standard","meta":{"_jetpack_memberships_contains_paid_content":false,"footnotes":"","jetpack_publicize_message":"","jetpack_publicize_feature_enabled":true,"jetpack_social_post_already_shared":false,"jetpack_social_options":{"image_generator_settings":{"template":"highway","default_image_id":0,"font":"","enabled":false},"version":2}},"categories":[82],"tags":[734,42,1663,157,272,1787,388,1661],"coauthors":[680],"class_list":["post-14101","post","type-post","status-publish","format-standard","has-post-thumbnail","hentry","category-blog","tag-albert-mangelsdorff-preis","tag-angelika-niescier","tag-chris-tordini","tag-echo-jazz","tag-jazzfest-berlin","tag-jazzfest-berlin-2017","tag-michael-wollny","tag-tyshawn-sorey"],"yoast_head":"<!-- This site is optimized with the Yoast SEO plugin v27.5 - https:\/\/yoast.com\/product\/yoast-seo-wordpress\/ -->\n<title>Nebensonnen, Sonnenschein \u2013 Jazzfest Berlin 2017 (Freitag) - JazzZeitung<\/title>\n<meta name=\"robots\" content=\"index, follow, max-snippet:-1, max-image-preview:large, max-video-preview:-1\" \/>\n<link rel=\"canonical\" href=\"https:\/\/www.jazzzeitung.de\/cms\/2017\/11\/nebensonnen-sonnenschein-jazzfest-berlin-2017-freitag\/\" \/>\n<meta property=\"og:locale\" content=\"de_DE\" \/>\n<meta property=\"og:type\" content=\"article\" \/>\n<meta property=\"og:title\" content=\"Nebensonnen, Sonnenschein \u2013 Jazzfest Berlin 2017 (Freitag) - JazzZeitung\" \/>\n<meta property=\"og:description\" content=\"\u2026 und es gibt Tage, da ist man gerne als Kritiker unterwegs. Denn es gibt viel Sch\u00f6nes zu berichten. Von einer Preistr\u00e4gerin und von einem grandiosen Klaviersolo. Angelika Niescier auf der einen Seite im Trio mit Tyshawn Sorey (dm) und Chris Tordini (b). Ja, den beiden aus dem gestrigen Trio. Aber was f\u00fcr ein Unterschied nun. Danach ein 65-Minuten Klaviersolo von Michael Wollny, das komplett die Zuh\u00f6rerinnen in den Bann schlug. Doch der Reihe nach. Albert-Mangelsdorff-Preis der UdJ an Angelica Niescier Alle zwei Jahre wird dieser von der Union der Jazzmusiker (UdJ) seit 1994 dieser \u201eDeutsche Jazzpreis\u201c in zweij\u00e4hrigem Turnus verliehen. Dieses Jahr ging die Auszeichnung an die Saxophonistin Angelika Niescier, die, wie man so sagt \u201eumtriebige\u201c, ruhelose Musikerin am Saxophon, Kuratorin, Komponistin, Arrangeurin, P\u00e4dagogin, Aktivistin. Reihenfolge mag man umstellen wie man m\u00f6chte, im Zentrum steht jedenfalls sie selbst mit ihrem Instrument und ihren Auftritten. Die UdJ erkannte ihr den Preis im Wert von 15.000 Euro also zu. Ein Preis, vergeben von einer unabh\u00e4ngigen Fachjury, finanziert von Deutschem Komponistenverband, GEMA und GVL. Ganz im Gegensatz zum fragw\u00fcrdigen und inhaltsleeren Medienereignis des ECHO Jazz, der mehr &hellip;\" \/>\n<meta property=\"og:url\" content=\"https:\/\/www.jazzzeitung.de\/cms\/2017\/11\/nebensonnen-sonnenschein-jazzfest-berlin-2017-freitag\/\" \/>\n<meta property=\"og:site_name\" content=\"JazzZeitung\" \/>\n<meta property=\"article:publisher\" content=\"https:\/\/www.facebook.com\/JazzZeitung\/\" \/>\n<meta property=\"article:author\" content=\"https:\/\/www.facebook.com\/hufner\" \/>\n<meta property=\"article:published_time\" content=\"2017-11-04T10:26:07+00:00\" \/>\n<meta property=\"article:modified_time\" content=\"2017-11-22T19:52:19+00:00\" \/>\n<meta property=\"og:image\" content=\"https:\/\/i0.wp.com\/www.jazzzeitung.de\/cms\/wp-content\/uploads\/2017\/11\/Jazzfest-Berlin-2017_Niescier_Mangelsdorff-Preis_0001-12.jpg?fit=2133%2C1600&ssl=1\" \/>\n\t<meta property=\"og:image:width\" content=\"2133\" \/>\n\t<meta property=\"og:image:height\" content=\"1600\" \/>\n\t<meta property=\"og:image:type\" content=\"image\/jpeg\" \/>\n<meta name=\"author\" content=\"Huflaikhan\" \/>\n<script type=\"application\/ld+json\" class=\"yoast-schema-graph\">{\"@context\":\"https:\\\/\\\/schema.org\",\"@graph\":[{\"@type\":\"Article\",\"@id\":\"https:\\\/\\\/www.jazzzeitung.de\\\/cms\\\/2017\\\/11\\\/nebensonnen-sonnenschein-jazzfest-berlin-2017-freitag\\\/#article\",\"isPartOf\":{\"@id\":\"https:\\\/\\\/www.jazzzeitung.de\\\/cms\\\/2017\\\/11\\\/nebensonnen-sonnenschein-jazzfest-berlin-2017-freitag\\\/\"},\"author\":{\"name\":\"Huflaikhan\",\"@id\":\"https:\\\/\\\/www.jazzzeitung.de\\\/cms\\\/#\\\/schema\\\/person\\\/1ba404714b9455401502bc409a7df45e\"},\"headline\":\"Nebensonnen, Sonnenschein \u2013 Jazzfest Berlin 2017 (Freitag)\",\"datePublished\":\"2017-11-04T10:26:07+00:00\",\"dateModified\":\"2017-11-22T19:52:19+00:00\",\"mainEntityOfPage\":{\"@id\":\"https:\\\/\\\/www.jazzzeitung.de\\\/cms\\\/2017\\\/11\\\/nebensonnen-sonnenschein-jazzfest-berlin-2017-freitag\\\/\"},\"wordCount\":1073,\"commentCount\":6,\"publisher\":{\"@id\":\"https:\\\/\\\/www.jazzzeitung.de\\\/cms\\\/#organization\"},\"image\":{\"@id\":\"https:\\\/\\\/www.jazzzeitung.de\\\/cms\\\/2017\\\/11\\\/nebensonnen-sonnenschein-jazzfest-berlin-2017-freitag\\\/#primaryimage\"},\"thumbnailUrl\":\"https:\\\/\\\/i0.wp.com\\\/www.jazzzeitung.de\\\/cms\\\/wp-content\\\/uploads\\\/2017\\\/11\\\/Jazzfest-Berlin-2017_Niescier_Mangelsdorff-Preis_0001-12.jpg?fit=2133%2C1600&ssl=1\",\"keywords\":[\"Albert-Mangelsdorff-Preis\",\"Angelika Niescier\",\"Chris Tordini\",\"Echo Jazz\",\"Jazzfest Berlin\",\"Jazzfest Berlin 2017\",\"Michael Wollny\",\"Tyshawn Sorey\"],\"articleSection\":[\"Blog\"],\"inLanguage\":\"de\",\"potentialAction\":[{\"@type\":\"CommentAction\",\"name\":\"Comment\",\"target\":[\"https:\\\/\\\/www.jazzzeitung.de\\\/cms\\\/2017\\\/11\\\/nebensonnen-sonnenschein-jazzfest-berlin-2017-freitag\\\/#respond\"]}]},{\"@type\":\"WebPage\",\"@id\":\"https:\\\/\\\/www.jazzzeitung.de\\\/cms\\\/2017\\\/11\\\/nebensonnen-sonnenschein-jazzfest-berlin-2017-freitag\\\/\",\"url\":\"https:\\\/\\\/www.jazzzeitung.de\\\/cms\\\/2017\\\/11\\\/nebensonnen-sonnenschein-jazzfest-berlin-2017-freitag\\\/\",\"name\":\"Nebensonnen, Sonnenschein \u2013 Jazzfest Berlin 2017 (Freitag) - JazzZeitung\",\"isPartOf\":{\"@id\":\"https:\\\/\\\/www.jazzzeitung.de\\\/cms\\\/#website\"},\"primaryImageOfPage\":{\"@id\":\"https:\\\/\\\/www.jazzzeitung.de\\\/cms\\\/2017\\\/11\\\/nebensonnen-sonnenschein-jazzfest-berlin-2017-freitag\\\/#primaryimage\"},\"image\":{\"@id\":\"https:\\\/\\\/www.jazzzeitung.de\\\/cms\\\/2017\\\/11\\\/nebensonnen-sonnenschein-jazzfest-berlin-2017-freitag\\\/#primaryimage\"},\"thumbnailUrl\":\"https:\\\/\\\/i0.wp.com\\\/www.jazzzeitung.de\\\/cms\\\/wp-content\\\/uploads\\\/2017\\\/11\\\/Jazzfest-Berlin-2017_Niescier_Mangelsdorff-Preis_0001-12.jpg?fit=2133%2C1600&ssl=1\",\"datePublished\":\"2017-11-04T10:26:07+00:00\",\"dateModified\":\"2017-11-22T19:52:19+00:00\",\"breadcrumb\":{\"@id\":\"https:\\\/\\\/www.jazzzeitung.de\\\/cms\\\/2017\\\/11\\\/nebensonnen-sonnenschein-jazzfest-berlin-2017-freitag\\\/#breadcrumb\"},\"inLanguage\":\"de\",\"potentialAction\":[{\"@type\":\"ReadAction\",\"target\":[\"https:\\\/\\\/www.jazzzeitung.de\\\/cms\\\/2017\\\/11\\\/nebensonnen-sonnenschein-jazzfest-berlin-2017-freitag\\\/\"]}]},{\"@type\":\"ImageObject\",\"inLanguage\":\"de\",\"@id\":\"https:\\\/\\\/www.jazzzeitung.de\\\/cms\\\/2017\\\/11\\\/nebensonnen-sonnenschein-jazzfest-berlin-2017-freitag\\\/#primaryimage\",\"url\":\"https:\\\/\\\/i0.wp.com\\\/www.jazzzeitung.de\\\/cms\\\/wp-content\\\/uploads\\\/2017\\\/11\\\/Jazzfest-Berlin-2017_Niescier_Mangelsdorff-Preis_0001-12.jpg?fit=2133%2C1600&ssl=1\",\"contentUrl\":\"https:\\\/\\\/i0.wp.com\\\/www.jazzzeitung.de\\\/cms\\\/wp-content\\\/uploads\\\/2017\\\/11\\\/Jazzfest-Berlin-2017_Niescier_Mangelsdorff-Preis_0001-12.jpg?fit=2133%2C1600&ssl=1\",\"width\":2133,\"height\":1600,\"caption\":\"Angelika Niescier im Trio und Albert Mangelsdorff Preis der UdJ. Foto: Petra Basche\"},{\"@type\":\"BreadcrumbList\",\"@id\":\"https:\\\/\\\/www.jazzzeitung.de\\\/cms\\\/2017\\\/11\\\/nebensonnen-sonnenschein-jazzfest-berlin-2017-freitag\\\/#breadcrumb\",\"itemListElement\":[{\"@type\":\"ListItem\",\"position\":1,\"name\":\"Startseite\",\"item\":\"https:\\\/\\\/www.jazzzeitung.de\\\/cms\\\/\"},{\"@type\":\"ListItem\",\"position\":2,\"name\":\"Nebensonnen, Sonnenschein \u2013 Jazzfest Berlin 2017 (Freitag)\"}]},{\"@type\":\"WebSite\",\"@id\":\"https:\\\/\\\/www.jazzzeitung.de\\\/cms\\\/#website\",\"url\":\"https:\\\/\\\/www.jazzzeitung.de\\\/cms\\\/\",\"name\":\"JazzZeitung\",\"description\":\"Jazz-News und Jazz-Kontroverses\",\"publisher\":{\"@id\":\"https:\\\/\\\/www.jazzzeitung.de\\\/cms\\\/#organization\"},\"potentialAction\":[{\"@type\":\"SearchAction\",\"target\":{\"@type\":\"EntryPoint\",\"urlTemplate\":\"https:\\\/\\\/www.jazzzeitung.de\\\/cms\\\/?s={search_term_string}\"},\"query-input\":{\"@type\":\"PropertyValueSpecification\",\"valueRequired\":true,\"valueName\":\"search_term_string\"}}],\"inLanguage\":\"de\"},{\"@type\":\"Organization\",\"@id\":\"https:\\\/\\\/www.jazzzeitung.de\\\/cms\\\/#organization\",\"name\":\"JazzZeitung online\",\"url\":\"https:\\\/\\\/www.jazzzeitung.de\\\/cms\\\/\",\"logo\":{\"@type\":\"ImageObject\",\"inLanguage\":\"de\",\"@id\":\"https:\\\/\\\/www.jazzzeitung.de\\\/cms\\\/#\\\/schema\\\/logo\\\/image\\\/\",\"url\":\"https:\\\/\\\/i0.wp.com\\\/www.jazzzeitung.de\\\/cms\\\/wp-content\\\/uploads\\\/2015\\\/08\\\/JAZZZEITUNGDE_Logo_Neu.png?fit=499%2C200&ssl=1\",\"contentUrl\":\"https:\\\/\\\/i0.wp.com\\\/www.jazzzeitung.de\\\/cms\\\/wp-content\\\/uploads\\\/2015\\\/08\\\/JAZZZEITUNGDE_Logo_Neu.png?fit=499%2C200&ssl=1\",\"width\":499,\"height\":200,\"caption\":\"JazzZeitung online\"},\"image\":{\"@id\":\"https:\\\/\\\/www.jazzzeitung.de\\\/cms\\\/#\\\/schema\\\/logo\\\/image\\\/\"},\"sameAs\":[\"https:\\\/\\\/www.facebook.com\\\/JazzZeitung\\\/\"]},{\"@type\":\"Person\",\"@id\":\"https:\\\/\\\/www.jazzzeitung.de\\\/cms\\\/#\\\/schema\\\/person\\\/1ba404714b9455401502bc409a7df45e\",\"name\":\"Huflaikhan\",\"image\":{\"@type\":\"ImageObject\",\"inLanguage\":\"de\",\"@id\":\"https:\\\/\\\/i0.wp.com\\\/www.jazzzeitung.de\\\/cms\\\/wp-content\\\/uploads\\\/2013\\\/11\\\/huf-06.jpg?resize=96%2C96&ssl=18afacd5aa7627f2840c013425f5a4164\",\"url\":\"https:\\\/\\\/i0.wp.com\\\/www.jazzzeitung.de\\\/cms\\\/wp-content\\\/uploads\\\/2013\\\/11\\\/huf-06.jpg?resize=96%2C96&ssl=1\",\"contentUrl\":\"https:\\\/\\\/i0.wp.com\\\/www.jazzzeitung.de\\\/cms\\\/wp-content\\\/uploads\\\/2013\\\/11\\\/huf-06.jpg?resize=96%2C96&ssl=1\",\"caption\":\"Huflaikhan\"},\"description\":\"Huflaikhan (aka Martin Hufner) hat Musikwissenschaft, Philosophie und Psychologie in Gie\u00dfen studiert und mit einer Arbeit \u00fcber Adorno und die Zw\u00f6lftontechnik promoviert. Seit 1995 ist er freiberuflich als Autor, Fotograf und Netzmacher unterwegs.\",\"sameAs\":[\"https:\\\/\\\/www.kritische-masse.de\\\/logbuch\",\"https:\\\/\\\/www.facebook.com\\\/hufner\"],\"url\":\"https:\\\/\\\/www.jazzzeitung.de\\\/cms\\\/author\\\/hufi\\\/\"}]}<\/script>\n<!-- \/ Yoast SEO plugin. -->","yoast_head_json":{"title":"Nebensonnen, Sonnenschein \u2013 Jazzfest Berlin 2017 (Freitag) - JazzZeitung","robots":{"index":"index","follow":"follow","max-snippet":"max-snippet:-1","max-image-preview":"max-image-preview:large","max-video-preview":"max-video-preview:-1"},"canonical":"https:\/\/www.jazzzeitung.de\/cms\/2017\/11\/nebensonnen-sonnenschein-jazzfest-berlin-2017-freitag\/","og_locale":"de_DE","og_type":"article","og_title":"Nebensonnen, Sonnenschein \u2013 Jazzfest Berlin 2017 (Freitag) - JazzZeitung","og_description":"\u2026 und es gibt Tage, da ist man gerne als Kritiker unterwegs. Denn es gibt viel Sch\u00f6nes zu berichten. Von einer Preistr\u00e4gerin und von einem grandiosen Klaviersolo. Angelika Niescier auf der einen Seite im Trio mit Tyshawn Sorey (dm) und Chris Tordini (b). Ja, den beiden aus dem gestrigen Trio. Aber was f\u00fcr ein Unterschied nun. Danach ein 65-Minuten Klaviersolo von Michael Wollny, das komplett die Zuh\u00f6rerinnen in den Bann schlug. Doch der Reihe nach. Albert-Mangelsdorff-Preis der UdJ an Angelica Niescier Alle zwei Jahre wird dieser von der Union der Jazzmusiker (UdJ) seit 1994 dieser \u201eDeutsche Jazzpreis\u201c in zweij\u00e4hrigem Turnus verliehen. Dieses Jahr ging die Auszeichnung an die Saxophonistin Angelika Niescier, die, wie man so sagt \u201eumtriebige\u201c, ruhelose Musikerin am Saxophon, Kuratorin, Komponistin, Arrangeurin, P\u00e4dagogin, Aktivistin. Reihenfolge mag man umstellen wie man m\u00f6chte, im Zentrum steht jedenfalls sie selbst mit ihrem Instrument und ihren Auftritten. Die UdJ erkannte ihr den Preis im Wert von 15.000 Euro also zu. Ein Preis, vergeben von einer unabh\u00e4ngigen Fachjury, finanziert von Deutschem Komponistenverband, GEMA und GVL. Ganz im Gegensatz zum fragw\u00fcrdigen und inhaltsleeren Medienereignis des ECHO Jazz, der mehr &hellip;","og_url":"https:\/\/www.jazzzeitung.de\/cms\/2017\/11\/nebensonnen-sonnenschein-jazzfest-berlin-2017-freitag\/","og_site_name":"JazzZeitung","article_publisher":"https:\/\/www.facebook.com\/JazzZeitung\/","article_author":"https:\/\/www.facebook.com\/hufner","article_published_time":"2017-11-04T10:26:07+00:00","article_modified_time":"2017-11-22T19:52:19+00:00","og_image":[{"width":2133,"height":1600,"url":"https:\/\/i0.wp.com\/www.jazzzeitung.de\/cms\/wp-content\/uploads\/2017\/11\/Jazzfest-Berlin-2017_Niescier_Mangelsdorff-Preis_0001-12.jpg?fit=2133%2C1600&ssl=1","type":"image\/jpeg"}],"author":"Huflaikhan","schema":{"@context":"https:\/\/schema.org","@graph":[{"@type":"Article","@id":"https:\/\/www.jazzzeitung.de\/cms\/2017\/11\/nebensonnen-sonnenschein-jazzfest-berlin-2017-freitag\/#article","isPartOf":{"@id":"https:\/\/www.jazzzeitung.de\/cms\/2017\/11\/nebensonnen-sonnenschein-jazzfest-berlin-2017-freitag\/"},"author":{"name":"Huflaikhan","@id":"https:\/\/www.jazzzeitung.de\/cms\/#\/schema\/person\/1ba404714b9455401502bc409a7df45e"},"headline":"Nebensonnen, Sonnenschein \u2013 Jazzfest Berlin 2017 (Freitag)","datePublished":"2017-11-04T10:26:07+00:00","dateModified":"2017-11-22T19:52:19+00:00","mainEntityOfPage":{"@id":"https:\/\/www.jazzzeitung.de\/cms\/2017\/11\/nebensonnen-sonnenschein-jazzfest-berlin-2017-freitag\/"},"wordCount":1073,"commentCount":6,"publisher":{"@id":"https:\/\/www.jazzzeitung.de\/cms\/#organization"},"image":{"@id":"https:\/\/www.jazzzeitung.de\/cms\/2017\/11\/nebensonnen-sonnenschein-jazzfest-berlin-2017-freitag\/#primaryimage"},"thumbnailUrl":"https:\/\/i0.wp.com\/www.jazzzeitung.de\/cms\/wp-content\/uploads\/2017\/11\/Jazzfest-Berlin-2017_Niescier_Mangelsdorff-Preis_0001-12.jpg?fit=2133%2C1600&ssl=1","keywords":["Albert-Mangelsdorff-Preis","Angelika Niescier","Chris Tordini","Echo Jazz","Jazzfest Berlin","Jazzfest Berlin 2017","Michael Wollny","Tyshawn Sorey"],"articleSection":["Blog"],"inLanguage":"de","potentialAction":[{"@type":"CommentAction","name":"Comment","target":["https:\/\/www.jazzzeitung.de\/cms\/2017\/11\/nebensonnen-sonnenschein-jazzfest-berlin-2017-freitag\/#respond"]}]},{"@type":"WebPage","@id":"https:\/\/www.jazzzeitung.de\/cms\/2017\/11\/nebensonnen-sonnenschein-jazzfest-berlin-2017-freitag\/","url":"https:\/\/www.jazzzeitung.de\/cms\/2017\/11\/nebensonnen-sonnenschein-jazzfest-berlin-2017-freitag\/","name":"Nebensonnen, Sonnenschein \u2013 Jazzfest Berlin 2017 (Freitag) - JazzZeitung","isPartOf":{"@id":"https:\/\/www.jazzzeitung.de\/cms\/#website"},"primaryImageOfPage":{"@id":"https:\/\/www.jazzzeitung.de\/cms\/2017\/11\/nebensonnen-sonnenschein-jazzfest-berlin-2017-freitag\/#primaryimage"},"image":{"@id":"https:\/\/www.jazzzeitung.de\/cms\/2017\/11\/nebensonnen-sonnenschein-jazzfest-berlin-2017-freitag\/#primaryimage"},"thumbnailUrl":"https:\/\/i0.wp.com\/www.jazzzeitung.de\/cms\/wp-content\/uploads\/2017\/11\/Jazzfest-Berlin-2017_Niescier_Mangelsdorff-Preis_0001-12.jpg?fit=2133%2C1600&ssl=1","datePublished":"2017-11-04T10:26:07+00:00","dateModified":"2017-11-22T19:52:19+00:00","breadcrumb":{"@id":"https:\/\/www.jazzzeitung.de\/cms\/2017\/11\/nebensonnen-sonnenschein-jazzfest-berlin-2017-freitag\/#breadcrumb"},"inLanguage":"de","potentialAction":[{"@type":"ReadAction","target":["https:\/\/www.jazzzeitung.de\/cms\/2017\/11\/nebensonnen-sonnenschein-jazzfest-berlin-2017-freitag\/"]}]},{"@type":"ImageObject","inLanguage":"de","@id":"https:\/\/www.jazzzeitung.de\/cms\/2017\/11\/nebensonnen-sonnenschein-jazzfest-berlin-2017-freitag\/#primaryimage","url":"https:\/\/i0.wp.com\/www.jazzzeitung.de\/cms\/wp-content\/uploads\/2017\/11\/Jazzfest-Berlin-2017_Niescier_Mangelsdorff-Preis_0001-12.jpg?fit=2133%2C1600&ssl=1","contentUrl":"https:\/\/i0.wp.com\/www.jazzzeitung.de\/cms\/wp-content\/uploads\/2017\/11\/Jazzfest-Berlin-2017_Niescier_Mangelsdorff-Preis_0001-12.jpg?fit=2133%2C1600&ssl=1","width":2133,"height":1600,"caption":"Angelika Niescier im Trio und Albert Mangelsdorff Preis der UdJ. Foto: Petra Basche"},{"@type":"BreadcrumbList","@id":"https:\/\/www.jazzzeitung.de\/cms\/2017\/11\/nebensonnen-sonnenschein-jazzfest-berlin-2017-freitag\/#breadcrumb","itemListElement":[{"@type":"ListItem","position":1,"name":"Startseite","item":"https:\/\/www.jazzzeitung.de\/cms\/"},{"@type":"ListItem","position":2,"name":"Nebensonnen, Sonnenschein \u2013 Jazzfest Berlin 2017 (Freitag)"}]},{"@type":"WebSite","@id":"https:\/\/www.jazzzeitung.de\/cms\/#website","url":"https:\/\/www.jazzzeitung.de\/cms\/","name":"JazzZeitung","description":"Jazz-News und Jazz-Kontroverses","publisher":{"@id":"https:\/\/www.jazzzeitung.de\/cms\/#organization"},"potentialAction":[{"@type":"SearchAction","target":{"@type":"EntryPoint","urlTemplate":"https:\/\/www.jazzzeitung.de\/cms\/?s={search_term_string}"},"query-input":{"@type":"PropertyValueSpecification","valueRequired":true,"valueName":"search_term_string"}}],"inLanguage":"de"},{"@type":"Organization","@id":"https:\/\/www.jazzzeitung.de\/cms\/#organization","name":"JazzZeitung online","url":"https:\/\/www.jazzzeitung.de\/cms\/","logo":{"@type":"ImageObject","inLanguage":"de","@id":"https:\/\/www.jazzzeitung.de\/cms\/#\/schema\/logo\/image\/","url":"https:\/\/i0.wp.com\/www.jazzzeitung.de\/cms\/wp-content\/uploads\/2015\/08\/JAZZZEITUNGDE_Logo_Neu.png?fit=499%2C200&ssl=1","contentUrl":"https:\/\/i0.wp.com\/www.jazzzeitung.de\/cms\/wp-content\/uploads\/2015\/08\/JAZZZEITUNGDE_Logo_Neu.png?fit=499%2C200&ssl=1","width":499,"height":200,"caption":"JazzZeitung online"},"image":{"@id":"https:\/\/www.jazzzeitung.de\/cms\/#\/schema\/logo\/image\/"},"sameAs":["https:\/\/www.facebook.com\/JazzZeitung\/"]},{"@type":"Person","@id":"https:\/\/www.jazzzeitung.de\/cms\/#\/schema\/person\/1ba404714b9455401502bc409a7df45e","name":"Huflaikhan","image":{"@type":"ImageObject","inLanguage":"de","@id":"https:\/\/i0.wp.com\/www.jazzzeitung.de\/cms\/wp-content\/uploads\/2013\/11\/huf-06.jpg?resize=96%2C96&ssl=18afacd5aa7627f2840c013425f5a4164","url":"https:\/\/i0.wp.com\/www.jazzzeitung.de\/cms\/wp-content\/uploads\/2013\/11\/huf-06.jpg?resize=96%2C96&ssl=1","contentUrl":"https:\/\/i0.wp.com\/www.jazzzeitung.de\/cms\/wp-content\/uploads\/2013\/11\/huf-06.jpg?resize=96%2C96&ssl=1","caption":"Huflaikhan"},"description":"Huflaikhan (aka Martin Hufner) hat Musikwissenschaft, Philosophie und Psychologie in Gie\u00dfen studiert und mit einer Arbeit \u00fcber Adorno und die Zw\u00f6lftontechnik promoviert. Seit 1995 ist er freiberuflich als Autor, Fotograf und Netzmacher unterwegs.","sameAs":["https:\/\/www.kritische-masse.de\/logbuch","https:\/\/www.facebook.com\/hufner"],"url":"https:\/\/www.jazzzeitung.de\/cms\/author\/hufi\/"}]}},"wp-worthy-pixel":{"ignored":false,"public":"e1b3031e266849b697f8ffcc624303a7","server":"vg04.met.vgwort.de","url":"https:\/\/vg04.met.vgwort.de\/na\/e1b3031e266849b697f8ffcc624303a7"},"wp-worthy-type":"normal","jetpack_publicize_connections":[],"cc_featured_image_caption":{"caption_text":false,"source_text":false,"source_url":false},"jetpack_featured_media_url":"https:\/\/i0.wp.com\/www.jazzzeitung.de\/cms\/wp-content\/uploads\/2017\/11\/Jazzfest-Berlin-2017_Niescier_Mangelsdorff-Preis_0001-12.jpg?fit=2133%2C1600&ssl=1","jetpack_shortlink":"https:\/\/wp.me\/p3KEcT-3Fr","jetpack-related-posts":[{"id":15775,"url":"https:\/\/www.jazzzeitung.de\/cms\/2018\/04\/radio-tipp-jazzfest-berlin-2017-albert-mangelsdorff-preis-fuer-angelika-niescier\/","url_meta":{"origin":14101,"position":0},"title":"Radio-Tipp: Jazzfest Berlin 2017 \u2013 Albert Mangelsdorff-Preis f\u00fcr Angelika Niescier","author":"Martin Hufner","date":"27. April 2018","format":false,"excerpt":"Im Zweijahres-Turnus vergibt die Union Deutscher Jazzmusiker (UDJ) seit 1994 den Deutschen Jazzpreis, benannt nach dem Posaunisten Albert Mangelsdorff. Gestiftet wird der mit 15.000 \u20ac dotierte Preis von der GEMA-Stiftung, der GVL, dem F\u00f6rderungs- und Hilfsfonds des Deutschen Komponistenverbands und dem F\u00f6rderkreis Jazz. Im Rahmen des Jazzfestes Berlin erhielt ihn\u2026","rel":"","context":"In &quot;Radio&quot;","block_context":{"text":"Radio","link":"https:\/\/www.jazzzeitung.de\/cms\/thema\/radio\/"},"img":{"alt_text":"Angelika Niescier im Trio und Albert Mangelsdorff Preis der UdJ. Foto: Petra Basche","src":"https:\/\/i0.wp.com\/www.jazzzeitung.de\/cms\/wp-content\/uploads\/2017\/11\/Jazzfest-Berlin-2017_Niescier_Mangelsdorff-Preis_0001-12.jpg?fit=1200%2C900&ssl=1&resize=350%2C200","width":350,"height":200,"srcset":"https:\/\/i0.wp.com\/www.jazzzeitung.de\/cms\/wp-content\/uploads\/2017\/11\/Jazzfest-Berlin-2017_Niescier_Mangelsdorff-Preis_0001-12.jpg?fit=1200%2C900&ssl=1&resize=350%2C200 1x, https:\/\/i0.wp.com\/www.jazzzeitung.de\/cms\/wp-content\/uploads\/2017\/11\/Jazzfest-Berlin-2017_Niescier_Mangelsdorff-Preis_0001-12.jpg?fit=1200%2C900&ssl=1&resize=525%2C300 1.5x, https:\/\/i0.wp.com\/www.jazzzeitung.de\/cms\/wp-content\/uploads\/2017\/11\/Jazzfest-Berlin-2017_Niescier_Mangelsdorff-Preis_0001-12.jpg?fit=1200%2C900&ssl=1&resize=700%2C400 2x, https:\/\/i0.wp.com\/www.jazzzeitung.de\/cms\/wp-content\/uploads\/2017\/11\/Jazzfest-Berlin-2017_Niescier_Mangelsdorff-Preis_0001-12.jpg?fit=1200%2C900&ssl=1&resize=1050%2C600 3x"},"classes":[]},{"id":14072,"url":"https:\/\/www.jazzzeitung.de\/cms\/2017\/11\/heimatabend-ohne-spirit-beim-jazzfest-berlin-2017-donnerstag\/","url_meta":{"origin":14101,"position":1},"title":"Heimatabend ohne Spirit beim Jazzfest Berlin 2017 (Donnerstag)","author":"Huflaikhan","date":"3. November 2017","format":false,"excerpt":"Nat\u00fcrlich l\u00e4uft das Jazzfest Berlin offiziell l\u00e4ngst seit man im Schlo\u00df Bellevue unter die Fittiche von Bundespr\u00e4sident Frank-Walter Steinmeier genommen wurde. Die ersten Konzerte auf der Festspiel-B\u00fchne fanden aber erst am Donnerstag statt. Zwei Ensembles, in Besetzung und Ansatz denkbar kontr\u00e4r, schlugen auf der Klangfl\u00e4che auf. Nicht immer gerade funkenspr\u00fchend\u2026","rel":"","context":"In &quot;Blog&quot;","block_context":{"text":"Blog","link":"https:\/\/www.jazzzeitung.de\/cms\/thema\/blog\/"},"img":{"alt_text":"Jazzfest Berlin 2017. Tyshawn Sorey. Foto: Petra Basche","src":"https:\/\/i0.wp.com\/www.jazzzeitung.de\/cms\/wp-content\/uploads\/2017\/11\/Jazzfest-Berlin-2017_Tyshan-Sorey__0001.jpg?fit=1200%2C801&ssl=1&resize=350%2C200","width":350,"height":200,"srcset":"https:\/\/i0.wp.com\/www.jazzzeitung.de\/cms\/wp-content\/uploads\/2017\/11\/Jazzfest-Berlin-2017_Tyshan-Sorey__0001.jpg?fit=1200%2C801&ssl=1&resize=350%2C200 1x, https:\/\/i0.wp.com\/www.jazzzeitung.de\/cms\/wp-content\/uploads\/2017\/11\/Jazzfest-Berlin-2017_Tyshan-Sorey__0001.jpg?fit=1200%2C801&ssl=1&resize=525%2C300 1.5x, https:\/\/i0.wp.com\/www.jazzzeitung.de\/cms\/wp-content\/uploads\/2017\/11\/Jazzfest-Berlin-2017_Tyshan-Sorey__0001.jpg?fit=1200%2C801&ssl=1&resize=700%2C400 2x, https:\/\/i0.wp.com\/www.jazzzeitung.de\/cms\/wp-content\/uploads\/2017\/11\/Jazzfest-Berlin-2017_Tyshan-Sorey__0001.jpg?fit=1200%2C801&ssl=1&resize=1050%2C600 3x"},"classes":[]},{"id":13624,"url":"https:\/\/www.jazzzeitung.de\/cms\/2017\/10\/jazzfest-berlin\/","url_meta":{"origin":14101,"position":2},"title":"Jazzfest Berlin 2017 blickt nach London und New York","author":"Redaktion JazzZeitung","date":"2. Oktober 2017","format":false,"excerpt":"Festivaler\u00f6ffnung mit Bands aus den USA und London im Lido in Kreuzberg. Erster Artist-in-Residence: Amerikanischer Musiker Tyshawn Sorey\u00a0 Die Verbindung der Berliner Musikszene mit den USA und London\u00a0ist eines der Themen\u00a0der dritten und letzten Festivalausgabe des k\u00fcnstlerischen Leiters, des britischen\u00a0Autors\u00a0Richard Williams.\u00a0Der US-amerikanische\u00a0Schlagzeuger und Komponist\u00a0Tyshawn Sorey ist der erste Artist-in-Residence des\u2026","rel":"","context":"In &quot;News&quot;","block_context":{"text":"News","link":"https:\/\/www.jazzzeitung.de\/cms\/thema\/nachrichten\/"},"img":{"alt_text":"Tyshawn Sorey. Copyright: Tyshawn Sorey","src":"https:\/\/i0.wp.com\/www.jazzzeitung.de\/cms\/wp-content\/uploads\/2017\/10\/jfb17_p_tyshawn_sorey_by_john_rogers_c_tyshawn_sorey_06.jpeg?fit=1200%2C800&ssl=1&resize=350%2C200","width":350,"height":200,"srcset":"https:\/\/i0.wp.com\/www.jazzzeitung.de\/cms\/wp-content\/uploads\/2017\/10\/jfb17_p_tyshawn_sorey_by_john_rogers_c_tyshawn_sorey_06.jpeg?fit=1200%2C800&ssl=1&resize=350%2C200 1x, https:\/\/i0.wp.com\/www.jazzzeitung.de\/cms\/wp-content\/uploads\/2017\/10\/jfb17_p_tyshawn_sorey_by_john_rogers_c_tyshawn_sorey_06.jpeg?fit=1200%2C800&ssl=1&resize=525%2C300 1.5x, https:\/\/i0.wp.com\/www.jazzzeitung.de\/cms\/wp-content\/uploads\/2017\/10\/jfb17_p_tyshawn_sorey_by_john_rogers_c_tyshawn_sorey_06.jpeg?fit=1200%2C800&ssl=1&resize=700%2C400 2x, https:\/\/i0.wp.com\/www.jazzzeitung.de\/cms\/wp-content\/uploads\/2017\/10\/jfb17_p_tyshawn_sorey_by_john_rogers_c_tyshawn_sorey_06.jpeg?fit=1200%2C800&ssl=1&resize=1050%2C600 3x"},"classes":[]},{"id":10815,"url":"https:\/\/www.jazzzeitung.de\/cms\/2016\/11\/jazzfest-berlin-2016-3-unter-groovekillern-spielen-und-kaputtspielen\/","url_meta":{"origin":14101,"position":3},"title":"Jazzfest Berlin 2016 (3) \u2013 Unter Groovekillern: Spielen und kaputtspielen","author":"Huflaikhan","date":"6. November 2016","format":false,"excerpt":"Eigentlich eine Dom\u00e4ne des europ\u00e4ischen Jazz, das Kaputtspielen \u2013 ganz aus den sp\u00e4ten 68ern heraus. So wie vorgestern beim Globe Unity Orchestra. Man kann die Dinge aber auch anders kaputtspielen: entweder wegen \u00dcberforderung oder durch ein aneinander vorbeispielen. Wird ja schon keiner merken \u2013 bei Profis oder gar Superstars der\u2026","rel":"","context":"In &quot;Bericht&quot;","block_context":{"text":"Bericht","link":"https:\/\/www.jazzzeitung.de\/cms\/thema\/bericht\/"},"img":{"alt_text":"Angelika Niescier \u2013 Florian Weber Quintet. Angelika Niescier. Foto: Petra Basche","src":"https:\/\/i0.wp.com\/www.jazzzeitung.de\/cms\/wp-content\/uploads\/2016\/11\/jazzfest_2016_Niescier_0030t2016.jpg?fit=1200%2C800&ssl=1&resize=350%2C200","width":350,"height":200,"srcset":"https:\/\/i0.wp.com\/www.jazzzeitung.de\/cms\/wp-content\/uploads\/2016\/11\/jazzfest_2016_Niescier_0030t2016.jpg?fit=1200%2C800&ssl=1&resize=350%2C200 1x, https:\/\/i0.wp.com\/www.jazzzeitung.de\/cms\/wp-content\/uploads\/2016\/11\/jazzfest_2016_Niescier_0030t2016.jpg?fit=1200%2C800&ssl=1&resize=525%2C300 1.5x, https:\/\/i0.wp.com\/www.jazzzeitung.de\/cms\/wp-content\/uploads\/2016\/11\/jazzfest_2016_Niescier_0030t2016.jpg?fit=1200%2C800&ssl=1&resize=700%2C400 2x, https:\/\/i0.wp.com\/www.jazzzeitung.de\/cms\/wp-content\/uploads\/2016\/11\/jazzfest_2016_Niescier_0030t2016.jpg?fit=1200%2C800&ssl=1&resize=1050%2C600 3x"},"classes":[]},{"id":14179,"url":"https:\/\/www.jazzzeitung.de\/cms\/2017\/11\/musikalische-hermeneutik-praktisch-jazzfest-berlin-2017-sonntag\/","url_meta":{"origin":14101,"position":4},"title":"Musikalische Hermeneutik, praktisch \u2013 Jazzfest Berlin 2017 (Sonntag)","author":"Huflaikhan","date":"6. November 2017","format":false,"excerpt":"Wenn dem aktuellen Jazzfest Berlin eines zu eigen war, dann: Kontraste, Dimensionen, Vielfalt \u2013 alles allerdings keine normativen Begriffe; sie garantieren von sich aus n\u00e4mlich gar nichts. Daher ist auch dieser Abend mit allem Wohl und Wehe zu betrachten. Tyshawn Sorey \u2013 Instant Composition Er hat uns einiges zugemutet, der\u2026","rel":"","context":"In &quot;Blog&quot;","block_context":{"text":"Blog","link":"https:\/\/www.jazzzeitung.de\/cms\/thema\/blog\/"},"img":{"alt_text":"Tyshawn Sorey mit Ensemble. Foto: Petra Basche","src":"https:\/\/i0.wp.com\/www.jazzzeitung.de\/cms\/wp-content\/uploads\/2017\/11\/tyshawn_sorey_JazzfestBerlin2017_c_pepa_basche_201746.jpg?fit=801%2C1200&ssl=1&resize=350%2C200","width":350,"height":200,"srcset":"https:\/\/i0.wp.com\/www.jazzzeitung.de\/cms\/wp-content\/uploads\/2017\/11\/tyshawn_sorey_JazzfestBerlin2017_c_pepa_basche_201746.jpg?fit=801%2C1200&ssl=1&resize=350%2C200 1x, https:\/\/i0.wp.com\/www.jazzzeitung.de\/cms\/wp-content\/uploads\/2017\/11\/tyshawn_sorey_JazzfestBerlin2017_c_pepa_basche_201746.jpg?fit=801%2C1200&ssl=1&resize=525%2C300 1.5x, https:\/\/i0.wp.com\/www.jazzzeitung.de\/cms\/wp-content\/uploads\/2017\/11\/tyshawn_sorey_JazzfestBerlin2017_c_pepa_basche_201746.jpg?fit=801%2C1200&ssl=1&resize=700%2C400 2x"},"classes":[]},{"id":29995,"url":"https:\/\/www.jazzzeitung.de\/cms\/2023\/09\/albert-mangelsdorff-preis-2023-geht-an-conny-bauer\/","url_meta":{"origin":14101,"position":5},"title":"Albert-Mangelsdorff-Preis 2023 geht an Conny Bauer","author":"Redaktion JazzZeitung","date":"5. September 2023","format":false,"excerpt":"Der Posaunist Conny Bauer wird von der Deutschen Jazzunion mit dem Albert-Mangelsdorff-Preis 2023 f\u00fcr sein Lebenswerk und seine Verdienste f\u00fcr den Jazz in Deutschland ausgezeichnet. Die Preisverleihung mit Konzert des Preistr\u00e4gers findet am 5. November 2023 im Rahmen von und in Kooperation mit dem Jazzfest Berlin statt. Aus der Jurybegr\u00fcndung:\u2026","rel":"","context":"In &quot;News&quot;","block_context":{"text":"News","link":"https:\/\/www.jazzzeitung.de\/cms\/thema\/nachrichten\/"},"img":{"alt_text":"","src":"https:\/\/i0.wp.com\/www.jazzzeitung.de\/cms\/wp-content\/uploads\/2023\/09\/Bauer_Conny_Portraet-c-Lena-Panzer-Selz-scaled.jpg?fit=1200%2C798&ssl=1&resize=350%2C200","width":350,"height":200,"srcset":"https:\/\/i0.wp.com\/www.jazzzeitung.de\/cms\/wp-content\/uploads\/2023\/09\/Bauer_Conny_Portraet-c-Lena-Panzer-Selz-scaled.jpg?fit=1200%2C798&ssl=1&resize=350%2C200 1x, https:\/\/i0.wp.com\/www.jazzzeitung.de\/cms\/wp-content\/uploads\/2023\/09\/Bauer_Conny_Portraet-c-Lena-Panzer-Selz-scaled.jpg?fit=1200%2C798&ssl=1&resize=525%2C300 1.5x, https:\/\/i0.wp.com\/www.jazzzeitung.de\/cms\/wp-content\/uploads\/2023\/09\/Bauer_Conny_Portraet-c-Lena-Panzer-Selz-scaled.jpg?fit=1200%2C798&ssl=1&resize=700%2C400 2x, https:\/\/i0.wp.com\/www.jazzzeitung.de\/cms\/wp-content\/uploads\/2023\/09\/Bauer_Conny_Portraet-c-Lena-Panzer-Selz-scaled.jpg?fit=1200%2C798&ssl=1&resize=1050%2C600 3x"},"classes":[]}],"jetpack_sharing_enabled":true,"_links":{"self":[{"href":"https:\/\/www.jazzzeitung.de\/cms\/wp-json\/wp\/v2\/posts\/14101","targetHints":{"allow":["GET"]}}],"collection":[{"href":"https:\/\/www.jazzzeitung.de\/cms\/wp-json\/wp\/v2\/posts"}],"about":[{"href":"https:\/\/www.jazzzeitung.de\/cms\/wp-json\/wp\/v2\/types\/post"}],"author":[{"embeddable":true,"href":"https:\/\/www.jazzzeitung.de\/cms\/wp-json\/wp\/v2\/users\/2"}],"replies":[{"embeddable":true,"href":"https:\/\/www.jazzzeitung.de\/cms\/wp-json\/wp\/v2\/comments?post=14101"}],"version-history":[{"count":10,"href":"https:\/\/www.jazzzeitung.de\/cms\/wp-json\/wp\/v2\/posts\/14101\/revisions"}],"predecessor-version":[{"id":14145,"href":"https:\/\/www.jazzzeitung.de\/cms\/wp-json\/wp\/v2\/posts\/14101\/revisions\/14145"}],"wp:featuredmedia":[{"embeddable":true,"href":"https:\/\/www.jazzzeitung.de\/cms\/wp-json\/wp\/v2\/media\/14121"}],"wp:attachment":[{"href":"https:\/\/www.jazzzeitung.de\/cms\/wp-json\/wp\/v2\/media?parent=14101"}],"wp:term":[{"taxonomy":"category","embeddable":true,"href":"https:\/\/www.jazzzeitung.de\/cms\/wp-json\/wp\/v2\/categories?post=14101"},{"taxonomy":"post_tag","embeddable":true,"href":"https:\/\/www.jazzzeitung.de\/cms\/wp-json\/wp\/v2\/tags?post=14101"},{"taxonomy":"author","embeddable":true,"href":"https:\/\/www.jazzzeitung.de\/cms\/wp-json\/wp\/v2\/coauthors?post=14101"}],"curies":[{"name":"wp","href":"https:\/\/api.w.org\/{rel}","templated":true}]}}