{"id":14041,"date":"2017-11-01T14:43:00","date_gmt":"2017-11-01T13:43:00","guid":{"rendered":"https:\/\/www.jazzzeitung.de\/cms\/?p=14041"},"modified":"2017-11-01T14:43:00","modified_gmt":"2017-11-01T13:43:00","slug":"jazzaffine-newsletter-mit-gehalt-jazzfestbln","status":"publish","type":"post","link":"https:\/\/www.jazzzeitung.de\/cms\/2017\/11\/jazzaffine-newsletter-mit-gehalt-jazzfestbln\/","title":{"rendered":"JazzAffine \u2013 Newsletter mit Gehalt | #jazzfestbln"},"content":{"rendered":"<p>Den meisten sicher l\u00e4ngst ein Begriff: <a href=\"http:\/\/www.jazzaffine.com\/\">Jazzaffine.com<\/a>, das unabh\u00e4ngige Onlinemagazin f\u00fcr Jazz und Improvisierte Musik. Dieses Jahr mit aktueller Berichterstattung in ihrem <a href=\"http:\/\/www.jazzaffine.com\/newsletter\/\">Newsletter<\/a> zum Jazzfest Berlin. Wer wissen m\u00f6chte, was er verpasst hat oder besser h\u00e4tte verpassen k\u00f6nnen, wird an dieser Stelle frisch und kritisch sowie unabh\u00e4ngig informiert.<!--more--><\/p>\n<p>Aber auch sonst wartet der Jazzaffine-Newsletter mit einigen Hintergrundinformationen zum Jazzleben in Berlin und drumherum sowie Kurzportraits und Rundfunktipps auf. In der Regel verantwortet den Inhalt seit langer Zeit Bettina Bohle &#8211; ob es immer noch so ist, geht aus dem Newsletter leider nicht hervor.<\/p>\n","protected":false},"excerpt":{"rendered":"<p>Den meisten sicher l\u00e4ngst ein Begriff: Jazzaffine.com, das unabh\u00e4ngige Onlinemagazin f\u00fcr Jazz und Improvisierte Musik. Dieses Jahr mit aktueller Berichterstattung in ihrem Newsletter zum Jazzfest Berlin. Wer wissen m\u00f6chte, was er verpasst hat oder besser h\u00e4tte verpassen k\u00f6nnen, wird an dieser Stelle frisch und kritisch sowie unabh\u00e4ngig informiert.<\/p>\n","protected":false},"author":2,"featured_media":14042,"comment_status":"open","ping_status":"closed","sticky":false,"template":"","format":"standard","meta":{"_jetpack_memberships_contains_paid_content":false,"footnotes":"","jetpack_publicize_message":"","jetpack_publicize_feature_enabled":true,"jetpack_social_post_already_shared":false,"jetpack_social_options":{"image_generator_settings":{"template":"highway","default_image_id":0,"font":"","enabled":false},"version":2}},"categories":[633],"tags":[1655,1654,1065,1653,272,1553],"coauthors":[680],"class_list":["post-14041","post","type-post","status-publish","format-standard","has-post-thumbnail","hentry","category-nachrichten","tag-jazzfestbln","tag-bettina-bohle","tag-improvisierte-musik","tag-jazzaffine","tag-jazzfest-berlin","tag-newsletter"],"yoast_head":"<!-- This site is optimized with the Yoast SEO plugin v27.5 - https:\/\/yoast.com\/product\/yoast-seo-wordpress\/ -->\n<title>JazzAffine \u2013 Newsletter mit Gehalt | #jazzfestbln - JazzZeitung<\/title>\n<meta name=\"robots\" content=\"index, follow, max-snippet:-1, max-image-preview:large, max-video-preview:-1\" \/>\n<link rel=\"canonical\" href=\"https:\/\/www.jazzzeitung.de\/cms\/2017\/11\/jazzaffine-newsletter-mit-gehalt-jazzfestbln\/\" \/>\n<meta property=\"og:locale\" content=\"de_DE\" \/>\n<meta property=\"og:type\" content=\"article\" \/>\n<meta property=\"og:title\" content=\"JazzAffine \u2013 Newsletter mit Gehalt | #jazzfestbln - JazzZeitung\" \/>\n<meta property=\"og:description\" content=\"Den meisten sicher l\u00e4ngst ein Begriff: Jazzaffine.com, das unabh\u00e4ngige Onlinemagazin f\u00fcr Jazz und Improvisierte Musik. Dieses Jahr mit aktueller Berichterstattung in ihrem Newsletter zum Jazzfest Berlin. Wer wissen m\u00f6chte, was er verpasst hat oder besser h\u00e4tte verpassen k\u00f6nnen, wird an dieser Stelle frisch und kritisch sowie unabh\u00e4ngig informiert.\" \/>\n<meta property=\"og:url\" content=\"https:\/\/www.jazzzeitung.de\/cms\/2017\/11\/jazzaffine-newsletter-mit-gehalt-jazzfestbln\/\" \/>\n<meta property=\"og:site_name\" content=\"JazzZeitung\" \/>\n<meta property=\"article:publisher\" content=\"https:\/\/www.facebook.com\/JazzZeitung\/\" \/>\n<meta property=\"article:author\" content=\"https:\/\/www.facebook.com\/hufner\" \/>\n<meta property=\"article:published_time\" content=\"2017-11-01T13:43:00+00:00\" \/>\n<meta property=\"og:image\" content=\"https:\/\/i0.wp.com\/www.jazzzeitung.de\/cms\/wp-content\/uploads\/2017\/11\/screenshot-www.jazzaffine.jpg?fit=1800%2C1285&ssl=1\" \/>\n\t<meta property=\"og:image:width\" content=\"1800\" \/>\n\t<meta property=\"og:image:height\" content=\"1285\" \/>\n\t<meta property=\"og:image:type\" content=\"image\/jpeg\" \/>\n<meta name=\"author\" content=\"Huflaikhan\" \/>\n<script type=\"application\/ld+json\" class=\"yoast-schema-graph\">{\"@context\":\"https:\\\/\\\/schema.org\",\"@graph\":[{\"@type\":\"Article\",\"@id\":\"https:\\\/\\\/www.jazzzeitung.de\\\/cms\\\/2017\\\/11\\\/jazzaffine-newsletter-mit-gehalt-jazzfestbln\\\/#article\",\"isPartOf\":{\"@id\":\"https:\\\/\\\/www.jazzzeitung.de\\\/cms\\\/2017\\\/11\\\/jazzaffine-newsletter-mit-gehalt-jazzfestbln\\\/\"},\"author\":{\"name\":\"Huflaikhan\",\"@id\":\"https:\\\/\\\/www.jazzzeitung.de\\\/cms\\\/#\\\/schema\\\/person\\\/1ba404714b9455401502bc409a7df45e\"},\"headline\":\"JazzAffine \u2013 Newsletter mit Gehalt | #jazzfestbln\",\"datePublished\":\"2017-11-01T13:43:00+00:00\",\"mainEntityOfPage\":{\"@id\":\"https:\\\/\\\/www.jazzzeitung.de\\\/cms\\\/2017\\\/11\\\/jazzaffine-newsletter-mit-gehalt-jazzfestbln\\\/\"},\"wordCount\":106,\"commentCount\":1,\"publisher\":{\"@id\":\"https:\\\/\\\/www.jazzzeitung.de\\\/cms\\\/#organization\"},\"image\":{\"@id\":\"https:\\\/\\\/www.jazzzeitung.de\\\/cms\\\/2017\\\/11\\\/jazzaffine-newsletter-mit-gehalt-jazzfestbln\\\/#primaryimage\"},\"thumbnailUrl\":\"https:\\\/\\\/i0.wp.com\\\/www.jazzzeitung.de\\\/cms\\\/wp-content\\\/uploads\\\/2017\\\/11\\\/screenshot-www.jazzaffine.jpg?fit=1800%2C1285&ssl=1\",\"keywords\":[\"#jazzfestbln\",\"Bettina Bohle\",\"Improvisierte Musik\",\"Jazzaffine\",\"Jazzfest Berlin\",\"Newsletter\"],\"articleSection\":[\"News\"],\"inLanguage\":\"de\",\"potentialAction\":[{\"@type\":\"CommentAction\",\"name\":\"Comment\",\"target\":[\"https:\\\/\\\/www.jazzzeitung.de\\\/cms\\\/2017\\\/11\\\/jazzaffine-newsletter-mit-gehalt-jazzfestbln\\\/#respond\"]}]},{\"@type\":\"WebPage\",\"@id\":\"https:\\\/\\\/www.jazzzeitung.de\\\/cms\\\/2017\\\/11\\\/jazzaffine-newsletter-mit-gehalt-jazzfestbln\\\/\",\"url\":\"https:\\\/\\\/www.jazzzeitung.de\\\/cms\\\/2017\\\/11\\\/jazzaffine-newsletter-mit-gehalt-jazzfestbln\\\/\",\"name\":\"JazzAffine \u2013 Newsletter mit Gehalt | #jazzfestbln - JazzZeitung\",\"isPartOf\":{\"@id\":\"https:\\\/\\\/www.jazzzeitung.de\\\/cms\\\/#website\"},\"primaryImageOfPage\":{\"@id\":\"https:\\\/\\\/www.jazzzeitung.de\\\/cms\\\/2017\\\/11\\\/jazzaffine-newsletter-mit-gehalt-jazzfestbln\\\/#primaryimage\"},\"image\":{\"@id\":\"https:\\\/\\\/www.jazzzeitung.de\\\/cms\\\/2017\\\/11\\\/jazzaffine-newsletter-mit-gehalt-jazzfestbln\\\/#primaryimage\"},\"thumbnailUrl\":\"https:\\\/\\\/i0.wp.com\\\/www.jazzzeitung.de\\\/cms\\\/wp-content\\\/uploads\\\/2017\\\/11\\\/screenshot-www.jazzaffine.jpg?fit=1800%2C1285&ssl=1\",\"datePublished\":\"2017-11-01T13:43:00+00:00\",\"breadcrumb\":{\"@id\":\"https:\\\/\\\/www.jazzzeitung.de\\\/cms\\\/2017\\\/11\\\/jazzaffine-newsletter-mit-gehalt-jazzfestbln\\\/#breadcrumb\"},\"inLanguage\":\"de\",\"potentialAction\":[{\"@type\":\"ReadAction\",\"target\":[\"https:\\\/\\\/www.jazzzeitung.de\\\/cms\\\/2017\\\/11\\\/jazzaffine-newsletter-mit-gehalt-jazzfestbln\\\/\"]}]},{\"@type\":\"ImageObject\",\"inLanguage\":\"de\",\"@id\":\"https:\\\/\\\/www.jazzzeitung.de\\\/cms\\\/2017\\\/11\\\/jazzaffine-newsletter-mit-gehalt-jazzfestbln\\\/#primaryimage\",\"url\":\"https:\\\/\\\/i0.wp.com\\\/www.jazzzeitung.de\\\/cms\\\/wp-content\\\/uploads\\\/2017\\\/11\\\/screenshot-www.jazzaffine.jpg?fit=1800%2C1285&ssl=1\",\"contentUrl\":\"https:\\\/\\\/i0.wp.com\\\/www.jazzzeitung.de\\\/cms\\\/wp-content\\\/uploads\\\/2017\\\/11\\\/screenshot-www.jazzaffine.jpg?fit=1800%2C1285&ssl=1\",\"width\":1800,\"height\":1285,\"caption\":\"Website: Jazzaffine.com Screenshot\"},{\"@type\":\"BreadcrumbList\",\"@id\":\"https:\\\/\\\/www.jazzzeitung.de\\\/cms\\\/2017\\\/11\\\/jazzaffine-newsletter-mit-gehalt-jazzfestbln\\\/#breadcrumb\",\"itemListElement\":[{\"@type\":\"ListItem\",\"position\":1,\"name\":\"Startseite\",\"item\":\"https:\\\/\\\/www.jazzzeitung.de\\\/cms\\\/\"},{\"@type\":\"ListItem\",\"position\":2,\"name\":\"JazzAffine \u2013 Newsletter mit Gehalt | #jazzfestbln\"}]},{\"@type\":\"WebSite\",\"@id\":\"https:\\\/\\\/www.jazzzeitung.de\\\/cms\\\/#website\",\"url\":\"https:\\\/\\\/www.jazzzeitung.de\\\/cms\\\/\",\"name\":\"JazzZeitung\",\"description\":\"Jazz-News und Jazz-Kontroverses\",\"publisher\":{\"@id\":\"https:\\\/\\\/www.jazzzeitung.de\\\/cms\\\/#organization\"},\"potentialAction\":[{\"@type\":\"SearchAction\",\"target\":{\"@type\":\"EntryPoint\",\"urlTemplate\":\"https:\\\/\\\/www.jazzzeitung.de\\\/cms\\\/?s={search_term_string}\"},\"query-input\":{\"@type\":\"PropertyValueSpecification\",\"valueRequired\":true,\"valueName\":\"search_term_string\"}}],\"inLanguage\":\"de\"},{\"@type\":\"Organization\",\"@id\":\"https:\\\/\\\/www.jazzzeitung.de\\\/cms\\\/#organization\",\"name\":\"JazzZeitung online\",\"url\":\"https:\\\/\\\/www.jazzzeitung.de\\\/cms\\\/\",\"logo\":{\"@type\":\"ImageObject\",\"inLanguage\":\"de\",\"@id\":\"https:\\\/\\\/www.jazzzeitung.de\\\/cms\\\/#\\\/schema\\\/logo\\\/image\\\/\",\"url\":\"https:\\\/\\\/i0.wp.com\\\/www.jazzzeitung.de\\\/cms\\\/wp-content\\\/uploads\\\/2015\\\/08\\\/JAZZZEITUNGDE_Logo_Neu.png?fit=499%2C200&ssl=1\",\"contentUrl\":\"https:\\\/\\\/i0.wp.com\\\/www.jazzzeitung.de\\\/cms\\\/wp-content\\\/uploads\\\/2015\\\/08\\\/JAZZZEITUNGDE_Logo_Neu.png?fit=499%2C200&ssl=1\",\"width\":499,\"height\":200,\"caption\":\"JazzZeitung online\"},\"image\":{\"@id\":\"https:\\\/\\\/www.jazzzeitung.de\\\/cms\\\/#\\\/schema\\\/logo\\\/image\\\/\"},\"sameAs\":[\"https:\\\/\\\/www.facebook.com\\\/JazzZeitung\\\/\"]},{\"@type\":\"Person\",\"@id\":\"https:\\\/\\\/www.jazzzeitung.de\\\/cms\\\/#\\\/schema\\\/person\\\/1ba404714b9455401502bc409a7df45e\",\"name\":\"Huflaikhan\",\"image\":{\"@type\":\"ImageObject\",\"inLanguage\":\"de\",\"@id\":\"https:\\\/\\\/i0.wp.com\\\/www.jazzzeitung.de\\\/cms\\\/wp-content\\\/uploads\\\/2013\\\/11\\\/huf-06.jpg?resize=96%2C96&ssl=18afacd5aa7627f2840c013425f5a4164\",\"url\":\"https:\\\/\\\/i0.wp.com\\\/www.jazzzeitung.de\\\/cms\\\/wp-content\\\/uploads\\\/2013\\\/11\\\/huf-06.jpg?resize=96%2C96&ssl=1\",\"contentUrl\":\"https:\\\/\\\/i0.wp.com\\\/www.jazzzeitung.de\\\/cms\\\/wp-content\\\/uploads\\\/2013\\\/11\\\/huf-06.jpg?resize=96%2C96&ssl=1\",\"caption\":\"Huflaikhan\"},\"description\":\"Huflaikhan (aka Martin Hufner) hat Musikwissenschaft, Philosophie und Psychologie in Gie\u00dfen studiert und mit einer Arbeit \u00fcber Adorno und die Zw\u00f6lftontechnik promoviert. Seit 1995 ist er freiberuflich als Autor, Fotograf und Netzmacher unterwegs.\",\"sameAs\":[\"https:\\\/\\\/www.kritische-masse.de\\\/logbuch\",\"https:\\\/\\\/www.facebook.com\\\/hufner\"],\"url\":\"https:\\\/\\\/www.jazzzeitung.de\\\/cms\\\/author\\\/hufi\\\/\"}]}<\/script>\n<!-- \/ Yoast SEO plugin. -->","yoast_head_json":{"title":"JazzAffine \u2013 Newsletter mit Gehalt | #jazzfestbln - JazzZeitung","robots":{"index":"index","follow":"follow","max-snippet":"max-snippet:-1","max-image-preview":"max-image-preview:large","max-video-preview":"max-video-preview:-1"},"canonical":"https:\/\/www.jazzzeitung.de\/cms\/2017\/11\/jazzaffine-newsletter-mit-gehalt-jazzfestbln\/","og_locale":"de_DE","og_type":"article","og_title":"JazzAffine \u2013 Newsletter mit Gehalt | #jazzfestbln - JazzZeitung","og_description":"Den meisten sicher l\u00e4ngst ein Begriff: Jazzaffine.com, das unabh\u00e4ngige Onlinemagazin f\u00fcr Jazz und Improvisierte Musik. Dieses Jahr mit aktueller Berichterstattung in ihrem Newsletter zum Jazzfest Berlin. Wer wissen m\u00f6chte, was er verpasst hat oder besser h\u00e4tte verpassen k\u00f6nnen, wird an dieser Stelle frisch und kritisch sowie unabh\u00e4ngig informiert.","og_url":"https:\/\/www.jazzzeitung.de\/cms\/2017\/11\/jazzaffine-newsletter-mit-gehalt-jazzfestbln\/","og_site_name":"JazzZeitung","article_publisher":"https:\/\/www.facebook.com\/JazzZeitung\/","article_author":"https:\/\/www.facebook.com\/hufner","article_published_time":"2017-11-01T13:43:00+00:00","og_image":[{"width":1800,"height":1285,"url":"https:\/\/i0.wp.com\/www.jazzzeitung.de\/cms\/wp-content\/uploads\/2017\/11\/screenshot-www.jazzaffine.jpg?fit=1800%2C1285&ssl=1","type":"image\/jpeg"}],"author":"Huflaikhan","schema":{"@context":"https:\/\/schema.org","@graph":[{"@type":"Article","@id":"https:\/\/www.jazzzeitung.de\/cms\/2017\/11\/jazzaffine-newsletter-mit-gehalt-jazzfestbln\/#article","isPartOf":{"@id":"https:\/\/www.jazzzeitung.de\/cms\/2017\/11\/jazzaffine-newsletter-mit-gehalt-jazzfestbln\/"},"author":{"name":"Huflaikhan","@id":"https:\/\/www.jazzzeitung.de\/cms\/#\/schema\/person\/1ba404714b9455401502bc409a7df45e"},"headline":"JazzAffine \u2013 Newsletter mit Gehalt | #jazzfestbln","datePublished":"2017-11-01T13:43:00+00:00","mainEntityOfPage":{"@id":"https:\/\/www.jazzzeitung.de\/cms\/2017\/11\/jazzaffine-newsletter-mit-gehalt-jazzfestbln\/"},"wordCount":106,"commentCount":1,"publisher":{"@id":"https:\/\/www.jazzzeitung.de\/cms\/#organization"},"image":{"@id":"https:\/\/www.jazzzeitung.de\/cms\/2017\/11\/jazzaffine-newsletter-mit-gehalt-jazzfestbln\/#primaryimage"},"thumbnailUrl":"https:\/\/i0.wp.com\/www.jazzzeitung.de\/cms\/wp-content\/uploads\/2017\/11\/screenshot-www.jazzaffine.jpg?fit=1800%2C1285&ssl=1","keywords":["#jazzfestbln","Bettina Bohle","Improvisierte Musik","Jazzaffine","Jazzfest Berlin","Newsletter"],"articleSection":["News"],"inLanguage":"de","potentialAction":[{"@type":"CommentAction","name":"Comment","target":["https:\/\/www.jazzzeitung.de\/cms\/2017\/11\/jazzaffine-newsletter-mit-gehalt-jazzfestbln\/#respond"]}]},{"@type":"WebPage","@id":"https:\/\/www.jazzzeitung.de\/cms\/2017\/11\/jazzaffine-newsletter-mit-gehalt-jazzfestbln\/","url":"https:\/\/www.jazzzeitung.de\/cms\/2017\/11\/jazzaffine-newsletter-mit-gehalt-jazzfestbln\/","name":"JazzAffine \u2013 Newsletter mit Gehalt | #jazzfestbln - JazzZeitung","isPartOf":{"@id":"https:\/\/www.jazzzeitung.de\/cms\/#website"},"primaryImageOfPage":{"@id":"https:\/\/www.jazzzeitung.de\/cms\/2017\/11\/jazzaffine-newsletter-mit-gehalt-jazzfestbln\/#primaryimage"},"image":{"@id":"https:\/\/www.jazzzeitung.de\/cms\/2017\/11\/jazzaffine-newsletter-mit-gehalt-jazzfestbln\/#primaryimage"},"thumbnailUrl":"https:\/\/i0.wp.com\/www.jazzzeitung.de\/cms\/wp-content\/uploads\/2017\/11\/screenshot-www.jazzaffine.jpg?fit=1800%2C1285&ssl=1","datePublished":"2017-11-01T13:43:00+00:00","breadcrumb":{"@id":"https:\/\/www.jazzzeitung.de\/cms\/2017\/11\/jazzaffine-newsletter-mit-gehalt-jazzfestbln\/#breadcrumb"},"inLanguage":"de","potentialAction":[{"@type":"ReadAction","target":["https:\/\/www.jazzzeitung.de\/cms\/2017\/11\/jazzaffine-newsletter-mit-gehalt-jazzfestbln\/"]}]},{"@type":"ImageObject","inLanguage":"de","@id":"https:\/\/www.jazzzeitung.de\/cms\/2017\/11\/jazzaffine-newsletter-mit-gehalt-jazzfestbln\/#primaryimage","url":"https:\/\/i0.wp.com\/www.jazzzeitung.de\/cms\/wp-content\/uploads\/2017\/11\/screenshot-www.jazzaffine.jpg?fit=1800%2C1285&ssl=1","contentUrl":"https:\/\/i0.wp.com\/www.jazzzeitung.de\/cms\/wp-content\/uploads\/2017\/11\/screenshot-www.jazzaffine.jpg?fit=1800%2C1285&ssl=1","width":1800,"height":1285,"caption":"Website: Jazzaffine.com Screenshot"},{"@type":"BreadcrumbList","@id":"https:\/\/www.jazzzeitung.de\/cms\/2017\/11\/jazzaffine-newsletter-mit-gehalt-jazzfestbln\/#breadcrumb","itemListElement":[{"@type":"ListItem","position":1,"name":"Startseite","item":"https:\/\/www.jazzzeitung.de\/cms\/"},{"@type":"ListItem","position":2,"name":"JazzAffine \u2013 Newsletter mit Gehalt | #jazzfestbln"}]},{"@type":"WebSite","@id":"https:\/\/www.jazzzeitung.de\/cms\/#website","url":"https:\/\/www.jazzzeitung.de\/cms\/","name":"JazzZeitung","description":"Jazz-News und Jazz-Kontroverses","publisher":{"@id":"https:\/\/www.jazzzeitung.de\/cms\/#organization"},"potentialAction":[{"@type":"SearchAction","target":{"@type":"EntryPoint","urlTemplate":"https:\/\/www.jazzzeitung.de\/cms\/?s={search_term_string}"},"query-input":{"@type":"PropertyValueSpecification","valueRequired":true,"valueName":"search_term_string"}}],"inLanguage":"de"},{"@type":"Organization","@id":"https:\/\/www.jazzzeitung.de\/cms\/#organization","name":"JazzZeitung online","url":"https:\/\/www.jazzzeitung.de\/cms\/","logo":{"@type":"ImageObject","inLanguage":"de","@id":"https:\/\/www.jazzzeitung.de\/cms\/#\/schema\/logo\/image\/","url":"https:\/\/i0.wp.com\/www.jazzzeitung.de\/cms\/wp-content\/uploads\/2015\/08\/JAZZZEITUNGDE_Logo_Neu.png?fit=499%2C200&ssl=1","contentUrl":"https:\/\/i0.wp.com\/www.jazzzeitung.de\/cms\/wp-content\/uploads\/2015\/08\/JAZZZEITUNGDE_Logo_Neu.png?fit=499%2C200&ssl=1","width":499,"height":200,"caption":"JazzZeitung online"},"image":{"@id":"https:\/\/www.jazzzeitung.de\/cms\/#\/schema\/logo\/image\/"},"sameAs":["https:\/\/www.facebook.com\/JazzZeitung\/"]},{"@type":"Person","@id":"https:\/\/www.jazzzeitung.de\/cms\/#\/schema\/person\/1ba404714b9455401502bc409a7df45e","name":"Huflaikhan","image":{"@type":"ImageObject","inLanguage":"de","@id":"https:\/\/i0.wp.com\/www.jazzzeitung.de\/cms\/wp-content\/uploads\/2013\/11\/huf-06.jpg?resize=96%2C96&ssl=18afacd5aa7627f2840c013425f5a4164","url":"https:\/\/i0.wp.com\/www.jazzzeitung.de\/cms\/wp-content\/uploads\/2013\/11\/huf-06.jpg?resize=96%2C96&ssl=1","contentUrl":"https:\/\/i0.wp.com\/www.jazzzeitung.de\/cms\/wp-content\/uploads\/2013\/11\/huf-06.jpg?resize=96%2C96&ssl=1","caption":"Huflaikhan"},"description":"Huflaikhan (aka Martin Hufner) hat Musikwissenschaft, Philosophie und Psychologie in Gie\u00dfen studiert und mit einer Arbeit \u00fcber Adorno und die Zw\u00f6lftontechnik promoviert. Seit 1995 ist er freiberuflich als Autor, Fotograf und Netzmacher unterwegs.","sameAs":["https:\/\/www.kritische-masse.de\/logbuch","https:\/\/www.facebook.com\/hufner"],"url":"https:\/\/www.jazzzeitung.de\/cms\/author\/hufi\/"}]}},"wp-worthy-pixel":{"ignored":false,"public":null,"server":null,"url":null},"wp-worthy-type":"normal","jetpack_publicize_connections":[],"cc_featured_image_caption":{"caption_text":false,"source_text":false,"source_url":false},"jetpack_featured_media_url":"https:\/\/i0.wp.com\/www.jazzzeitung.de\/cms\/wp-content\/uploads\/2017\/11\/screenshot-www.jazzaffine.jpg?fit=1800%2C1285&ssl=1","jetpack_shortlink":"https:\/\/wp.me\/p3KEcT-3Et","jetpack-related-posts":[{"id":14179,"url":"https:\/\/www.jazzzeitung.de\/cms\/2017\/11\/musikalische-hermeneutik-praktisch-jazzfest-berlin-2017-sonntag\/","url_meta":{"origin":14041,"position":0},"title":"Musikalische Hermeneutik, praktisch \u2013 Jazzfest Berlin 2017 (Sonntag)","author":"Huflaikhan","date":"6. November 2017","format":false,"excerpt":"Wenn dem aktuellen Jazzfest Berlin eines zu eigen war, dann: Kontraste, Dimensionen, Vielfalt \u2013 alles allerdings keine normativen Begriffe; sie garantieren von sich aus n\u00e4mlich gar nichts. Daher ist auch dieser Abend mit allem Wohl und Wehe zu betrachten. Tyshawn Sorey \u2013 Instant Composition Er hat uns einiges zugemutet, der\u2026","rel":"","context":"In &quot;Blog&quot;","block_context":{"text":"Blog","link":"https:\/\/www.jazzzeitung.de\/cms\/thema\/blog\/"},"img":{"alt_text":"Tyshawn Sorey mit Ensemble. Foto: Petra Basche","src":"https:\/\/i0.wp.com\/www.jazzzeitung.de\/cms\/wp-content\/uploads\/2017\/11\/tyshawn_sorey_JazzfestBerlin2017_c_pepa_basche_201746.jpg?fit=801%2C1200&ssl=1&resize=350%2C200","width":350,"height":200,"srcset":"https:\/\/i0.wp.com\/www.jazzzeitung.de\/cms\/wp-content\/uploads\/2017\/11\/tyshawn_sorey_JazzfestBerlin2017_c_pepa_basche_201746.jpg?fit=801%2C1200&ssl=1&resize=350%2C200 1x, https:\/\/i0.wp.com\/www.jazzzeitung.de\/cms\/wp-content\/uploads\/2017\/11\/tyshawn_sorey_JazzfestBerlin2017_c_pepa_basche_201746.jpg?fit=801%2C1200&ssl=1&resize=525%2C300 1.5x, https:\/\/i0.wp.com\/www.jazzzeitung.de\/cms\/wp-content\/uploads\/2017\/11\/tyshawn_sorey_JazzfestBerlin2017_c_pepa_basche_201746.jpg?fit=801%2C1200&ssl=1&resize=700%2C400 2x"},"classes":[]},{"id":10550,"url":"https:\/\/www.jazzzeitung.de\/cms\/2016\/10\/wie-offen-gleichberechtigt-und-divers-ist-der-jazz-heute-wirklich\/","url_meta":{"origin":14041,"position":1},"title":"Jazzfest Berlin 2016 fragt: \u201eWie offen, gleichberechtigt und divers ist der Jazz heute wirklich?\u201c","author":"Martin Hufner","date":"17. Oktober 2016","format":false,"excerpt":"Pr\u00e4ludium zum Jazzfest Berlin 2016: Diskussion und Programmvorstellung mit Musik am Dienstag, 18. Oktober um 19.00 Uhr im Haus der Berliner Festspiele. Live\u00fcbertragung der Diskussion zum Thema via Facebook und Periscope. Musik von und mit Eve Risser, Alexander von Schlippenbach und Axel D\u00f6rner. Eintritt frei. Ist die freieste der Musikformen\u2026","rel":"","context":"In &quot;News&quot;","block_context":{"text":"News","link":"https:\/\/www.jazzzeitung.de\/cms\/thema\/nachrichten\/"},"img":{"alt_text":"Pr\u00e4ludium hinter den Kulissen. Foto: Hufner","src":"https:\/\/i0.wp.com\/www.jazzzeitung.de\/cms\/wp-content\/uploads\/2016\/10\/jf2015-praeludium-160125.jpg?fit=1200%2C900&ssl=1&resize=350%2C200","width":350,"height":200,"srcset":"https:\/\/i0.wp.com\/www.jazzzeitung.de\/cms\/wp-content\/uploads\/2016\/10\/jf2015-praeludium-160125.jpg?fit=1200%2C900&ssl=1&resize=350%2C200 1x, https:\/\/i0.wp.com\/www.jazzzeitung.de\/cms\/wp-content\/uploads\/2016\/10\/jf2015-praeludium-160125.jpg?fit=1200%2C900&ssl=1&resize=525%2C300 1.5x, https:\/\/i0.wp.com\/www.jazzzeitung.de\/cms\/wp-content\/uploads\/2016\/10\/jf2015-praeludium-160125.jpg?fit=1200%2C900&ssl=1&resize=700%2C400 2x, https:\/\/i0.wp.com\/www.jazzzeitung.de\/cms\/wp-content\/uploads\/2016\/10\/jf2015-praeludium-160125.jpg?fit=1200%2C900&ssl=1&resize=1050%2C600 3x"},"classes":[]},{"id":30866,"url":"https:\/\/www.jazzzeitung.de\/cms\/2024\/04\/wechsel-in-vorstand-und-geschaeftsfuehrung-der-deutschen-jazzunion\/","url_meta":{"origin":14041,"position":2},"title":"Wechsel in Vorstand und Gesch\u00e4ftsf\u00fchrung der Deutschen Jazzunion","author":"Redaktion JazzZeitung","date":"17. April 2024","format":false,"excerpt":"Doppelte Stabs\u00fcbergabe beim Sprachrohr der Jazzmusiker*innen in Deutschland: im Rahmen der jazzahead! in Bremen wurden Gesch\u00e4ftsf\u00fchrer Urs Johnen und Vorstandsmitglied Nikolaus Neuser verabschiedet. Ihnen folgen Camille Buscot und Michael Griener nach. Die Vorsitzenden der Deutschen Jazzunion Anette von Eichel und Felix Falk w\u00fcrdigten Johnens Verdienste auf einer Mitgliederversammlung mit einem\u2026","rel":"","context":"In &quot;News&quot;","block_context":{"text":"News","link":"https:\/\/www.jazzzeitung.de\/cms\/thema\/nachrichten\/"},"img":{"alt_text":"Stabswechel bei der Deutschen Jazzunion (v.l.n.r., hinten: Johanna Schneider, Camille Buscot, Michael Griener, Urs Johnen, Anette von Eichel; vorne: Felix Falk, Janning Trumann, Robert Lucaciu \u00a9 Julia Tornier","src":"https:\/\/i0.wp.com\/www.jazzzeitung.de\/cms\/wp-content\/uploads\/2024\/04\/2024-04-13_VerabschiedungUrsJohnen_VorstandCamilleUrs-scaled.jpg?fit=1200%2C900&ssl=1&resize=350%2C200","width":350,"height":200,"srcset":"https:\/\/i0.wp.com\/www.jazzzeitung.de\/cms\/wp-content\/uploads\/2024\/04\/2024-04-13_VerabschiedungUrsJohnen_VorstandCamilleUrs-scaled.jpg?fit=1200%2C900&ssl=1&resize=350%2C200 1x, https:\/\/i0.wp.com\/www.jazzzeitung.de\/cms\/wp-content\/uploads\/2024\/04\/2024-04-13_VerabschiedungUrsJohnen_VorstandCamilleUrs-scaled.jpg?fit=1200%2C900&ssl=1&resize=525%2C300 1.5x, https:\/\/i0.wp.com\/www.jazzzeitung.de\/cms\/wp-content\/uploads\/2024\/04\/2024-04-13_VerabschiedungUrsJohnen_VorstandCamilleUrs-scaled.jpg?fit=1200%2C900&ssl=1&resize=700%2C400 2x, https:\/\/i0.wp.com\/www.jazzzeitung.de\/cms\/wp-content\/uploads\/2024\/04\/2024-04-13_VerabschiedungUrsJohnen_VorstandCamilleUrs-scaled.jpg?fit=1200%2C900&ssl=1&resize=1050%2C600 3x"},"classes":[]},{"id":7664,"url":"https:\/\/www.jazzzeitung.de\/cms\/2015\/11\/jazzfest-berlin-2015-diwan-der-kontinente-louis-moholo-moholo-quartet-und-ambrose-akinmusire-quartet-mit-theo-bleckmann\/","url_meta":{"origin":14041,"position":3},"title":"Jazzfest Berlin 2015 \u2013 Diwan der Kontinente, Louis Moholo-Moholo Quartet und Ambrose Akinmusire Quartet mit Theo Bleckmann","author":"Huflaikhan","date":"9. November 2015","format":false,"excerpt":"Ulf Drechsel er\u00f6ffnete den letzten Tag des 52. Jazzfests Berlin mit einem Hinweis auf die Situation der Fl\u00fcchtlingsbewegungen der Gegenwart. Er verwies auf die Mitverantwortung des Westens daran, was sich an Trag\u00f6dien abspielt. Jazz steht auch in politischer Verantwortung. Danke f\u00fcr diese Worte, Ulf Drechsel. Damit konnte er \u00fcberleiten zum\u2026","rel":"","context":"In &quot;Bericht&quot;","block_context":{"text":"Bericht","link":"https:\/\/www.jazzzeitung.de\/cms\/thema\/bericht\/"},"img":{"alt_text":"Louis Moholo-Moholo Quartet. 51. Jazzfest Berlin. Foto: Petra Basche","src":"https:\/\/i0.wp.com\/www.jazzzeitung.de\/cms\/wp-content\/uploads\/2015\/11\/jazzfest2015_pepa_moholo_162.jpg?fit=1200%2C801&ssl=1&resize=350%2C200","width":350,"height":200,"srcset":"https:\/\/i0.wp.com\/www.jazzzeitung.de\/cms\/wp-content\/uploads\/2015\/11\/jazzfest2015_pepa_moholo_162.jpg?fit=1200%2C801&ssl=1&resize=350%2C200 1x, https:\/\/i0.wp.com\/www.jazzzeitung.de\/cms\/wp-content\/uploads\/2015\/11\/jazzfest2015_pepa_moholo_162.jpg?fit=1200%2C801&ssl=1&resize=525%2C300 1.5x, https:\/\/i0.wp.com\/www.jazzzeitung.de\/cms\/wp-content\/uploads\/2015\/11\/jazzfest2015_pepa_moholo_162.jpg?fit=1200%2C801&ssl=1&resize=700%2C400 2x, https:\/\/i0.wp.com\/www.jazzzeitung.de\/cms\/wp-content\/uploads\/2015\/11\/jazzfest2015_pepa_moholo_162.jpg?fit=1200%2C801&ssl=1&resize=1050%2C600 3x"},"classes":[]},{"id":14560,"url":"https:\/\/www.jazzzeitung.de\/cms\/2017\/12\/jazzzeitung-de-top-20-beitraege-in-2017\/","url_meta":{"origin":14041,"position":4},"title":"JazzZeitung.de: Top 20-Beitr\u00e4ge in 2017","author":"Huflaikhan","date":"15. Dezember 2017","format":false,"excerpt":"Ein kleiner R\u00fcckblick auf das jahr 2017. Was waren die am h\u00e4ufigsten abgerufenen Beitr\u00e4ge aus diesem Jahr. Unsere Liste: Pat Metheny 2017 auf Welttournee Born To Be Blue: ein Chet-Baker-Film im Kino TV-Tipp: Der Preis der Anna-Lena Schnabel (3sat) \u2013 und ein medienpolitisches \u00c4rgernis Konzertierte Verantwortungslosigkeit: Der NDR und der\u2026","rel":"","context":"In &quot;Blog&quot;","block_context":{"text":"Blog","link":"https:\/\/www.jazzzeitung.de\/cms\/thema\/blog\/"},"img":{"alt_text":"JazzZeitung top 20 2017","src":"https:\/\/i0.wp.com\/www.jazzzeitung.de\/cms\/wp-content\/uploads\/2017\/12\/2017_top20_jazzzeitung.jpg?fit=1200%2C725&ssl=1&resize=350%2C200","width":350,"height":200,"srcset":"https:\/\/i0.wp.com\/www.jazzzeitung.de\/cms\/wp-content\/uploads\/2017\/12\/2017_top20_jazzzeitung.jpg?fit=1200%2C725&ssl=1&resize=350%2C200 1x, https:\/\/i0.wp.com\/www.jazzzeitung.de\/cms\/wp-content\/uploads\/2017\/12\/2017_top20_jazzzeitung.jpg?fit=1200%2C725&ssl=1&resize=525%2C300 1.5x, https:\/\/i0.wp.com\/www.jazzzeitung.de\/cms\/wp-content\/uploads\/2017\/12\/2017_top20_jazzzeitung.jpg?fit=1200%2C725&ssl=1&resize=700%2C400 2x, https:\/\/i0.wp.com\/www.jazzzeitung.de\/cms\/wp-content\/uploads\/2017\/12\/2017_top20_jazzzeitung.jpg?fit=1200%2C725&ssl=1&resize=1050%2C600 3x"},"classes":[]},{"id":23943,"url":"https:\/\/www.jazzzeitung.de\/cms\/2020\/12\/deutscher-jazzpreis-der-initiative-musik-feiert-2021-seine-premiere\/","url_meta":{"origin":14041,"position":5},"title":"Deutscher Jazzpreis der Initiative Musik feiert 2021 seine Premiere","author":"Redaktion JazzZeitung","date":"8. Dezember 2020","format":false,"excerpt":"Pressemitteilung der Initiative Musik: Der Deutsche Jazzpreis wird im Juni 2021 erstmals von Kulturstaatsministerin Monika Gr\u00fctters verliehen: \u201eJazz ist eine markante Gattung in unserer vielf\u00e4ltigen Musiklandschaft. Aus diesem Grund f\u00f6rdert der Bund die Jazzkultur in Deutschland auf unterschiedliche Weise, zum Beispiel mit der Schaffung eines Zentrums f\u00fcr Jazz und improvisierte\u2026","rel":"","context":"In &quot;News&quot;","block_context":{"text":"News","link":"https:\/\/www.jazzzeitung.de\/cms\/thema\/nachrichten\/"},"img":{"alt_text":"jazz_news. Motiv. Foto: Hufner","src":"https:\/\/i0.wp.com\/www.jazzzeitung.de\/cms\/wp-content\/uploads\/2017\/10\/jazz_news.jpg?fit=1200%2C873&ssl=1&resize=350%2C200","width":350,"height":200,"srcset":"https:\/\/i0.wp.com\/www.jazzzeitung.de\/cms\/wp-content\/uploads\/2017\/10\/jazz_news.jpg?fit=1200%2C873&ssl=1&resize=350%2C200 1x, https:\/\/i0.wp.com\/www.jazzzeitung.de\/cms\/wp-content\/uploads\/2017\/10\/jazz_news.jpg?fit=1200%2C873&ssl=1&resize=525%2C300 1.5x, https:\/\/i0.wp.com\/www.jazzzeitung.de\/cms\/wp-content\/uploads\/2017\/10\/jazz_news.jpg?fit=1200%2C873&ssl=1&resize=700%2C400 2x, https:\/\/i0.wp.com\/www.jazzzeitung.de\/cms\/wp-content\/uploads\/2017\/10\/jazz_news.jpg?fit=1200%2C873&ssl=1&resize=1050%2C600 3x"},"classes":[]}],"jetpack_sharing_enabled":true,"_links":{"self":[{"href":"https:\/\/www.jazzzeitung.de\/cms\/wp-json\/wp\/v2\/posts\/14041","targetHints":{"allow":["GET"]}}],"collection":[{"href":"https:\/\/www.jazzzeitung.de\/cms\/wp-json\/wp\/v2\/posts"}],"about":[{"href":"https:\/\/www.jazzzeitung.de\/cms\/wp-json\/wp\/v2\/types\/post"}],"author":[{"embeddable":true,"href":"https:\/\/www.jazzzeitung.de\/cms\/wp-json\/wp\/v2\/users\/2"}],"replies":[{"embeddable":true,"href":"https:\/\/www.jazzzeitung.de\/cms\/wp-json\/wp\/v2\/comments?post=14041"}],"version-history":[{"count":2,"href":"https:\/\/www.jazzzeitung.de\/cms\/wp-json\/wp\/v2\/posts\/14041\/revisions"}],"predecessor-version":[{"id":14044,"href":"https:\/\/www.jazzzeitung.de\/cms\/wp-json\/wp\/v2\/posts\/14041\/revisions\/14044"}],"wp:featuredmedia":[{"embeddable":true,"href":"https:\/\/www.jazzzeitung.de\/cms\/wp-json\/wp\/v2\/media\/14042"}],"wp:attachment":[{"href":"https:\/\/www.jazzzeitung.de\/cms\/wp-json\/wp\/v2\/media?parent=14041"}],"wp:term":[{"taxonomy":"category","embeddable":true,"href":"https:\/\/www.jazzzeitung.de\/cms\/wp-json\/wp\/v2\/categories?post=14041"},{"taxonomy":"post_tag","embeddable":true,"href":"https:\/\/www.jazzzeitung.de\/cms\/wp-json\/wp\/v2\/tags?post=14041"},{"taxonomy":"author","embeddable":true,"href":"https:\/\/www.jazzzeitung.de\/cms\/wp-json\/wp\/v2\/coauthors?post=14041"}],"curies":[{"name":"wp","href":"https:\/\/api.w.org\/{rel}","templated":true}]}}