{"id":14003,"date":"2017-10-27T09:40:56","date_gmt":"2017-10-27T07:40:56","guid":{"rendered":"https:\/\/www.jazzzeitung.de\/cms\/?p=14003"},"modified":"2017-11-09T17:41:37","modified_gmt":"2017-11-09T16:41:37","slug":"craig-taborn-quartett-daylight-ghosts-live-in-der-unterfahrt","status":"publish","type":"post","link":"https:\/\/www.jazzzeitung.de\/cms\/2017\/10\/craig-taborn-quartett-daylight-ghosts-live-in-der-unterfahrt\/","title":{"rendered":"Craig Taborn Quartett: \u201eDaylight Ghosts\u201c live in der Unterfahrt"},"content":{"rendered":"<p>Ein ganz besonderes Konzert, mit einer diesmal speziellen, sehr pers\u00f6nlichen Fotostrecke, die ausschlie\u00dflich Aufnahmen vom Soundcheck umfasst.<\/p>\n<div class=\"tiled-gallery type-rectangular tiled-gallery-unresized\" data-original-width=\"840\" data-carousel-extra='{&quot;blog_id&quot;:1,&quot;permalink&quot;:&quot;https:\\\/\\\/www.jazzzeitung.de\\\/cms\\\/2017\\\/10\\\/craig-taborn-quartett-daylight-ghosts-live-in-der-unterfahrt\\\/&quot;,&quot;likes_blog_id&quot;:55446655}' itemscope itemtype=\"http:\/\/schema.org\/ImageGallery\" > <div class=\"gallery-row\" style=\"width: 840px; height: 721px;\" data-original-width=\"840\" data-original-height=\"721\" > <div class=\"gallery-group images-3\" style=\"width: 358px; height: 721px;\" data-original-width=\"358\" data-original-height=\"721\" > <div class=\"tiled-gallery-item tiled-gallery-item-large\" itemprop=\"associatedMedia\" itemscope itemtype=\"http:\/\/schema.org\/ImageObject\"> <a href=\"https:\/\/www.jazzzeitung.de\/cms\/2017\/10\/craig-taborn-quartett-daylight-ghosts-live-in-der-unterfahrt\/taborn-quartett-foto-tj-krebs-jazzphotoagencyweb-de\/\" border=\"0\" itemprop=\"url\"> <meta itemprop=\"width\" content=\"354\"> <meta itemprop=\"height\" content=\"237\"> <img decoding=\"async\" class=\"\" data-attachment-id=\"14010\" data-orig-file=\"https:\/\/www.jazzzeitung.de\/cms\/wp-content\/uploads\/2017\/10\/Taborn-Quartett-Foto-TJ-Krebs-jazzphotoagency@web.de_.jpg\" data-orig-size=\"2600,1733\" data-comments-opened=\"1\" data-image-meta=\"{&quot;aperture&quot;:&quot;0&quot;,&quot;credit&quot;:&quot;&quot;,&quot;camera&quot;:&quot;&quot;,&quot;caption&quot;:&quot;&quot;,&quot;created_timestamp&quot;:&quot;0&quot;,&quot;copyright&quot;:&quot;&quot;,&quot;focal_length&quot;:&quot;0&quot;,&quot;iso&quot;:&quot;0&quot;,&quot;shutter_speed&quot;:&quot;0&quot;,&quot;title&quot;:&quot;&quot;,&quot;orientation&quot;:&quot;0&quot;}\" data-image-title=\"Taborn Quartett &amp;#8211; Foto TJ Krebs jazzphotoagency@web.de\" data-image-description=\"\" data-medium-file=\"https:\/\/i0.wp.com\/www.jazzzeitung.de\/cms\/wp-content\/uploads\/2017\/10\/Taborn-Quartett-Foto-TJ-Krebs-jazzphotoagency%40web.de_.jpg?fit=300%2C200&#038;ssl=1\" data-large-file=\"https:\/\/i0.wp.com\/www.jazzzeitung.de\/cms\/wp-content\/uploads\/2017\/10\/Taborn-Quartett-Foto-TJ-Krebs-jazzphotoagency%40web.de_.jpg?fit=840%2C560&#038;ssl=1\" src=\"https:\/\/i0.wp.com\/www.jazzzeitung.de\/cms\/wp-content\/uploads\/2017\/10\/Taborn-Quartett-Foto-TJ-Krebs-jazzphotoagency%40web.de_.jpg?w=354&#038;h=237&#038;ssl=1\" width=\"354\" height=\"237\" loading=\"lazy\" data-original-width=\"354\" data-original-height=\"237\" itemprop=\"http:\/\/schema.org\/image\" title=\"Taborn Quartett - Foto TJ Krebs jazzphotoagency@web.de\" alt=\"Craig Taborn Quartet. Foto: Thomas J. Krebs\" style=\"width: 354px; height: 237px;\" \/> <\/a> <div class=\"tiled-gallery-caption\" itemprop=\"caption description\"> Craig Taborn Quartet. Foto: Thomas J. Krebs <\/div> <\/div> <div class=\"tiled-gallery-item tiled-gallery-item-large\" itemprop=\"associatedMedia\" itemscope itemtype=\"http:\/\/schema.org\/ImageObject\"> <a href=\"https:\/\/www.jazzzeitung.de\/cms\/2017\/10\/craig-taborn-quartett-daylight-ghosts-live-in-der-unterfahrt\/david-king-haende-foto-tj-krebs-jazzphotoagencyweb-de\/\" border=\"0\" itemprop=\"url\"> <meta itemprop=\"width\" content=\"354\"> <meta itemprop=\"height\" content=\"236\"> <img decoding=\"async\" class=\"\" data-attachment-id=\"14009\" data-orig-file=\"https:\/\/www.jazzzeitung.de\/cms\/wp-content\/uploads\/2017\/10\/David-King-H\u00e4nde-Foto-TJ-Krebs-jazzphotoagency@web.de_.jpg\" data-orig-size=\"2600,1733\" data-comments-opened=\"1\" data-image-meta=\"{&quot;aperture&quot;:&quot;0&quot;,&quot;credit&quot;:&quot;&quot;,&quot;camera&quot;:&quot;&quot;,&quot;caption&quot;:&quot;&quot;,&quot;created_timestamp&quot;:&quot;0&quot;,&quot;copyright&quot;:&quot;&quot;,&quot;focal_length&quot;:&quot;0&quot;,&quot;iso&quot;:&quot;0&quot;,&quot;shutter_speed&quot;:&quot;0&quot;,&quot;title&quot;:&quot;&quot;,&quot;orientation&quot;:&quot;0&quot;}\" data-image-title=\"David King H\u00e4nde &amp;#8211; Foto TJ Krebs jazzphotoagency@web.de\" data-image-description=\"\" data-medium-file=\"https:\/\/i0.wp.com\/www.jazzzeitung.de\/cms\/wp-content\/uploads\/2017\/10\/David-King-H%C3%A4nde-Foto-TJ-Krebs-jazzphotoagency%40web.de_.jpg?fit=300%2C200&#038;ssl=1\" data-large-file=\"https:\/\/i0.wp.com\/www.jazzzeitung.de\/cms\/wp-content\/uploads\/2017\/10\/David-King-H%C3%A4nde-Foto-TJ-Krebs-jazzphotoagency%40web.de_.jpg?fit=840%2C560&#038;ssl=1\" src=\"https:\/\/i0.wp.com\/www.jazzzeitung.de\/cms\/wp-content\/uploads\/2017\/10\/David-King-H%C3%A4nde-Foto-TJ-Krebs-jazzphotoagency%40web.de_.jpg?w=354&#038;h=236&#038;ssl=1\" width=\"354\" height=\"236\" loading=\"lazy\" data-original-width=\"354\" data-original-height=\"236\" itemprop=\"http:\/\/schema.org\/image\" title=\"David King H\u00e4nde - Foto TJ Krebs jazzphotoagency@web.de\" alt=\"David King. Foto: Thomas J. Krebs\" style=\"width: 354px; height: 236px;\" \/> <\/a> <div class=\"tiled-gallery-caption\" itemprop=\"caption description\"> David King. Foto: Thomas J. Krebs <\/div> <\/div> <div class=\"tiled-gallery-item tiled-gallery-item-large\" itemprop=\"associatedMedia\" itemscope itemtype=\"http:\/\/schema.org\/ImageObject\"> <a href=\"https:\/\/www.jazzzeitung.de\/cms\/2017\/10\/craig-taborn-quartett-daylight-ghosts-live-in-der-unterfahrt\/david-king-foto-tj-krebs-jazzphotoagencyweb-de\/\" border=\"0\" itemprop=\"url\"> <meta itemprop=\"width\" content=\"354\"> <meta itemprop=\"height\" content=\"236\"> <img decoding=\"async\" class=\"\" data-attachment-id=\"14008\" data-orig-file=\"https:\/\/www.jazzzeitung.de\/cms\/wp-content\/uploads\/2017\/10\/David-King-Foto-TJ-Krebs-jazzphotoagency@web.de_.jpg\" data-orig-size=\"2600,1733\" data-comments-opened=\"1\" data-image-meta=\"{&quot;aperture&quot;:&quot;0&quot;,&quot;credit&quot;:&quot;&quot;,&quot;camera&quot;:&quot;&quot;,&quot;caption&quot;:&quot;&quot;,&quot;created_timestamp&quot;:&quot;0&quot;,&quot;copyright&quot;:&quot;&quot;,&quot;focal_length&quot;:&quot;0&quot;,&quot;iso&quot;:&quot;0&quot;,&quot;shutter_speed&quot;:&quot;0&quot;,&quot;title&quot;:&quot;&quot;,&quot;orientation&quot;:&quot;0&quot;}\" data-image-title=\"David King &amp;#8211; Foto TJ Krebs jazzphotoagency@web.de\" data-image-description=\"\" data-medium-file=\"https:\/\/i0.wp.com\/www.jazzzeitung.de\/cms\/wp-content\/uploads\/2017\/10\/David-King-Foto-TJ-Krebs-jazzphotoagency%40web.de_.jpg?fit=300%2C200&#038;ssl=1\" data-large-file=\"https:\/\/i0.wp.com\/www.jazzzeitung.de\/cms\/wp-content\/uploads\/2017\/10\/David-King-Foto-TJ-Krebs-jazzphotoagency%40web.de_.jpg?fit=840%2C560&#038;ssl=1\" src=\"https:\/\/i0.wp.com\/www.jazzzeitung.de\/cms\/wp-content\/uploads\/2017\/10\/David-King-Foto-TJ-Krebs-jazzphotoagency%40web.de_.jpg?w=354&#038;h=236&#038;ssl=1\" width=\"354\" height=\"236\" loading=\"lazy\" data-original-width=\"354\" data-original-height=\"236\" itemprop=\"http:\/\/schema.org\/image\" title=\"David King - Foto TJ Krebs jazzphotoagency@web.de\" alt=\"David King. Foto: Thomas J. Krebs\" style=\"width: 354px; height: 236px;\" \/> <\/a> <div class=\"tiled-gallery-caption\" itemprop=\"caption description\"> David King. Foto: Thomas J. Krebs <\/div> <\/div> <\/div> <!-- close group --> <div class=\"gallery-group images-1\" style=\"width: 482px; height: 721px;\" data-original-width=\"482\" data-original-height=\"721\" > <div class=\"tiled-gallery-item tiled-gallery-item-large\" itemprop=\"associatedMedia\" itemscope itemtype=\"http:\/\/schema.org\/ImageObject\"> <a href=\"https:\/\/www.jazzzeitung.de\/cms\/2017\/10\/craig-taborn-quartett-daylight-ghosts-live-in-der-unterfahrt\/craig-taborn-foto-tj-krebs-jazzphotoagencyweb-de\/\" border=\"0\" itemprop=\"url\"> <meta itemprop=\"width\" content=\"478\"> <meta itemprop=\"height\" content=\"717\"> <img decoding=\"async\" class=\"\" data-attachment-id=\"14007\" data-orig-file=\"https:\/\/www.jazzzeitung.de\/cms\/wp-content\/uploads\/2017\/10\/Craig-Taborn-Foto-TJ-Krebs-jazzphotoagency@web.de_.jpg\" data-orig-size=\"1733,2600\" data-comments-opened=\"1\" data-image-meta=\"{&quot;aperture&quot;:&quot;0&quot;,&quot;credit&quot;:&quot;&quot;,&quot;camera&quot;:&quot;&quot;,&quot;caption&quot;:&quot;&quot;,&quot;created_timestamp&quot;:&quot;0&quot;,&quot;copyright&quot;:&quot;&quot;,&quot;focal_length&quot;:&quot;0&quot;,&quot;iso&quot;:&quot;0&quot;,&quot;shutter_speed&quot;:&quot;0&quot;,&quot;title&quot;:&quot;&quot;,&quot;orientation&quot;:&quot;0&quot;}\" data-image-title=\"Craig Taborn &amp;#8211; Foto TJ Krebs jazzphotoagency@web.de\" data-image-description=\"\" data-medium-file=\"https:\/\/i0.wp.com\/www.jazzzeitung.de\/cms\/wp-content\/uploads\/2017\/10\/Craig-Taborn-Foto-TJ-Krebs-jazzphotoagency%40web.de_.jpg?fit=200%2C300&#038;ssl=1\" data-large-file=\"https:\/\/i0.wp.com\/www.jazzzeitung.de\/cms\/wp-content\/uploads\/2017\/10\/Craig-Taborn-Foto-TJ-Krebs-jazzphotoagency%40web.de_.jpg?fit=400%2C600&#038;ssl=1\" src=\"https:\/\/i0.wp.com\/www.jazzzeitung.de\/cms\/wp-content\/uploads\/2017\/10\/Craig-Taborn-Foto-TJ-Krebs-jazzphotoagency%40web.de_.jpg?w=478&#038;h=717&#038;ssl=1\" width=\"478\" height=\"717\" loading=\"lazy\" data-original-width=\"478\" data-original-height=\"717\" itemprop=\"http:\/\/schema.org\/image\" title=\"Craig Taborn - Foto TJ Krebs jazzphotoagency@web.de\" alt=\"Bandleader Craig Taborn. Foto: Thomas J. Krebs\" style=\"width: 478px; height: 717px;\" \/> <\/a> <div class=\"tiled-gallery-caption\" itemprop=\"caption description\"> Bandleader Craig Taborn. Foto: Thomas J. Krebs <\/div> <\/div> <\/div> <!-- close group --> <\/div> <!-- close row --> <div class=\"gallery-row\" style=\"width: 840px; height: 388px;\" data-original-width=\"840\" data-original-height=\"388\" > <div class=\"gallery-group images-1\" style=\"width: 260px; height: 388px;\" data-original-width=\"260\" data-original-height=\"388\" > <div class=\"tiled-gallery-item tiled-gallery-item-large\" itemprop=\"associatedMedia\" itemscope itemtype=\"http:\/\/schema.org\/ImageObject\"> <a href=\"https:\/\/www.jazzzeitung.de\/cms\/2017\/10\/craig-taborn-quartett-daylight-ghosts-live-in-der-unterfahrt\/chris-speed-foto-tj-krebs-jazzphotoagencyweb-de\/\" border=\"0\" itemprop=\"url\"> <meta itemprop=\"width\" content=\"256\"> <meta itemprop=\"height\" content=\"384\"> <img decoding=\"async\" class=\"\" data-attachment-id=\"14006\" data-orig-file=\"https:\/\/www.jazzzeitung.de\/cms\/wp-content\/uploads\/2017\/10\/Chris-Speed-Foto-TJ-Krebs-jazzphotoagency@web.de_.jpg\" data-orig-size=\"1667,2500\" data-comments-opened=\"1\" data-image-meta=\"{&quot;aperture&quot;:&quot;0&quot;,&quot;credit&quot;:&quot;&quot;,&quot;camera&quot;:&quot;&quot;,&quot;caption&quot;:&quot;&quot;,&quot;created_timestamp&quot;:&quot;0&quot;,&quot;copyright&quot;:&quot;&quot;,&quot;focal_length&quot;:&quot;0&quot;,&quot;iso&quot;:&quot;0&quot;,&quot;shutter_speed&quot;:&quot;0&quot;,&quot;title&quot;:&quot;&quot;,&quot;orientation&quot;:&quot;0&quot;}\" data-image-title=\"Chris Speed &amp;#8211; Foto TJ Krebs jazzphotoagency@web.de\" data-image-description=\"\" data-medium-file=\"https:\/\/i0.wp.com\/www.jazzzeitung.de\/cms\/wp-content\/uploads\/2017\/10\/Chris-Speed-Foto-TJ-Krebs-jazzphotoagency%40web.de_.jpg?fit=200%2C300&#038;ssl=1\" data-large-file=\"https:\/\/i0.wp.com\/www.jazzzeitung.de\/cms\/wp-content\/uploads\/2017\/10\/Chris-Speed-Foto-TJ-Krebs-jazzphotoagency%40web.de_.jpg?fit=400%2C600&#038;ssl=1\" src=\"https:\/\/i0.wp.com\/www.jazzzeitung.de\/cms\/wp-content\/uploads\/2017\/10\/Chris-Speed-Foto-TJ-Krebs-jazzphotoagency%40web.de_.jpg?w=256&#038;h=384&#038;ssl=1\" width=\"256\" height=\"384\" loading=\"lazy\" data-original-width=\"256\" data-original-height=\"384\" itemprop=\"http:\/\/schema.org\/image\" title=\"Chris Speed - Foto TJ Krebs jazzphotoagency@web.de\" alt=\"Chris Speed. Foto: Thomas J. Krebs\" style=\"width: 256px; height: 384px;\" \/> <\/a> <div class=\"tiled-gallery-caption\" itemprop=\"caption description\"> Chris Speed. Foto: Thomas J. Krebs <\/div> <\/div> <\/div> <!-- close group --> <div class=\"gallery-group images-1\" style=\"width: 580px; height: 388px;\" data-original-width=\"580\" data-original-height=\"388\" > <div class=\"tiled-gallery-item tiled-gallery-item-large\" itemprop=\"associatedMedia\" itemscope itemtype=\"http:\/\/schema.org\/ImageObject\"> <a href=\"https:\/\/www.jazzzeitung.de\/cms\/2017\/10\/craig-taborn-quartett-daylight-ghosts-live-in-der-unterfahrt\/chris-lightcap-foto-tj-krebs-jazzphotoagencyweb-de\/\" border=\"0\" itemprop=\"url\"> <meta itemprop=\"width\" content=\"576\"> <meta itemprop=\"height\" content=\"384\"> <img decoding=\"async\" class=\"\" data-attachment-id=\"14005\" data-orig-file=\"https:\/\/www.jazzzeitung.de\/cms\/wp-content\/uploads\/2017\/10\/Chris-Lightcap-Foto-TJ-Krebs-jazzphotoagency@web.de_.jpg\" data-orig-size=\"2600,1733\" data-comments-opened=\"1\" data-image-meta=\"{&quot;aperture&quot;:&quot;0&quot;,&quot;credit&quot;:&quot;&quot;,&quot;camera&quot;:&quot;&quot;,&quot;caption&quot;:&quot;&quot;,&quot;created_timestamp&quot;:&quot;0&quot;,&quot;copyright&quot;:&quot;&quot;,&quot;focal_length&quot;:&quot;0&quot;,&quot;iso&quot;:&quot;0&quot;,&quot;shutter_speed&quot;:&quot;0&quot;,&quot;title&quot;:&quot;&quot;,&quot;orientation&quot;:&quot;0&quot;}\" data-image-title=\"Chris Lightcap &amp;#8211; Foto TJ Krebs jazzphotoagency@web.de\" data-image-description=\"\" data-medium-file=\"https:\/\/i0.wp.com\/www.jazzzeitung.de\/cms\/wp-content\/uploads\/2017\/10\/Chris-Lightcap-Foto-TJ-Krebs-jazzphotoagency%40web.de_.jpg?fit=300%2C200&#038;ssl=1\" data-large-file=\"https:\/\/i0.wp.com\/www.jazzzeitung.de\/cms\/wp-content\/uploads\/2017\/10\/Chris-Lightcap-Foto-TJ-Krebs-jazzphotoagency%40web.de_.jpg?fit=840%2C560&#038;ssl=1\" src=\"https:\/\/i0.wp.com\/www.jazzzeitung.de\/cms\/wp-content\/uploads\/2017\/10\/Chris-Lightcap-Foto-TJ-Krebs-jazzphotoagency%40web.de_.jpg?w=576&#038;h=384&#038;ssl=1\" width=\"576\" height=\"384\" loading=\"lazy\" data-original-width=\"576\" data-original-height=\"384\" itemprop=\"http:\/\/schema.org\/image\" title=\"Chris Lightcap - Foto TJ Krebs jazzphotoagency@web.de\" alt=\"Chris Lightcap. Foto: Thomas J. Krebs\" style=\"width: 576px; height: 384px;\" \/> <\/a> <div class=\"tiled-gallery-caption\" itemprop=\"caption description\"> Chris Lightcap. Foto: Thomas J. Krebs <\/div> <\/div> <\/div> <!-- close group --> <\/div> <!-- close row --> <\/div>\n<p>Das Quartett um den Pianisten Craig Taborn, mit Chris Lightcap am Bass, dem Drummer David King und Chris Speed an Saxophon &amp; Klarinette spielten in der M\u00fcnchner Unterfahrt mit inspiriertem Drive und boten eine hochkomplexe Mischung aus abstrakten, unterschwelligen Sounds, die sich letztlich dann harmonisch, mit feinf\u00fchligem, intelligenten Rhythmusspiel aufl\u00f6sten. Sagenhafte Kompositionen, die da aufgefahren wurden, unkonventionell und frisch: \u201eDaylight Ghosts\u201c &#8211; Nomen est Omen. Schn\u00f6rkellos und unpr\u00e4tenti\u00f6s offenbarte sich die Band dem Publikum, und f\u00fchrte mit ihrem Spiel den Jazz in neue Sph\u00e4ren. Gl\u00fccklich, wer mit dabei sein konnte!<\/p>\n<p>Die gleichnamige CD ist bei ECM Records erschienen.<\/p>\n<p>Text &amp; Fotos: Thomas J. Krebs<\/p>\n","protected":false},"excerpt":{"rendered":"<p>Ein ganz besonderes Konzert, mit einer diesmal speziellen, sehr pers\u00f6nlichen Fotostrecke, die ausschlie\u00dflich Aufnahmen vom Soundcheck umfasst. Das Quartett um den Pianisten Craig Taborn, mit Chris Lightcap am Bass, dem Drummer David King und Chris Speed an Saxophon &amp; Klarinette spielten in der M\u00fcnchner Unterfahrt mit inspiriertem Drive und boten eine hochkomplexe Mischung aus abstrakten, unterschwelligen Sounds, die sich letztlich dann harmonisch, mit feinf\u00fchligem, intelligenten Rhythmusspiel aufl\u00f6sten. Sagenhafte Kompositionen, die da aufgefahren wurden, unkonventionell und frisch: \u201eDaylight Ghosts\u201c &#8211; Nomen est Omen. Schn\u00f6rkellos und unpr\u00e4tenti\u00f6s offenbarte sich die Band dem Publikum, und f\u00fchrte mit ihrem Spiel den Jazz in neue Sph\u00e4ren. Gl\u00fccklich, wer mit dabei sein konnte! Die gleichnamige CD ist bei ECM Records erschienen. Text &amp; Fotos: Thomas J. Krebs<\/p>\n","protected":false},"author":18,"featured_media":14010,"comment_status":"open","ping_status":"closed","sticky":false,"template":"","format":"standard","meta":{"_jetpack_memberships_contains_paid_content":false,"footnotes":"","jetpack_publicize_message":"","jetpack_publicize_feature_enabled":true,"jetpack_social_post_already_shared":false,"jetpack_social_options":{"image_generator_settings":{"template":"highway","default_image_id":0,"font":"","enabled":false},"version":2}},"categories":[1053],"tags":[109,158,182,322,1418,1672,1260,573],"coauthors":[695],"class_list":["post-14003","post","type-post","status-publish","format-standard","has-post-thumbnail","hentry","category-bericht","tag-cd","tag-ecm","tag-fotostrecke","tag-konzert-2","tag-krebs","tag-live","tag-thomas-j-krebs","tag-unterfahrt"],"yoast_head":"<!-- This site is optimized with the Yoast SEO plugin v27.5 - https:\/\/yoast.com\/product\/yoast-seo-wordpress\/ -->\n<title>Craig Taborn Quartett: \u201eDaylight Ghosts\u201c live in der Unterfahrt - JazzZeitung<\/title>\n<meta name=\"robots\" content=\"index, follow, max-snippet:-1, max-image-preview:large, max-video-preview:-1\" \/>\n<link rel=\"canonical\" href=\"https:\/\/www.jazzzeitung.de\/cms\/2017\/10\/craig-taborn-quartett-daylight-ghosts-live-in-der-unterfahrt\/\" \/>\n<meta property=\"og:locale\" content=\"de_DE\" \/>\n<meta property=\"og:type\" content=\"article\" \/>\n<meta property=\"og:title\" content=\"Craig Taborn Quartett: \u201eDaylight Ghosts\u201c live in der Unterfahrt - JazzZeitung\" \/>\n<meta property=\"og:description\" content=\"Ein ganz besonderes Konzert, mit einer diesmal speziellen, sehr pers\u00f6nlichen Fotostrecke, die ausschlie\u00dflich Aufnahmen vom Soundcheck umfasst. Das Quartett um den Pianisten Craig Taborn, mit Chris Lightcap am Bass, dem Drummer David King und Chris Speed an Saxophon &amp; Klarinette spielten in der M\u00fcnchner Unterfahrt mit inspiriertem Drive und boten eine hochkomplexe Mischung aus abstrakten, unterschwelligen Sounds, die sich letztlich dann harmonisch, mit feinf\u00fchligem, intelligenten Rhythmusspiel aufl\u00f6sten. Sagenhafte Kompositionen, die da aufgefahren wurden, unkonventionell und frisch: \u201eDaylight Ghosts\u201c &#8211; Nomen est Omen. Schn\u00f6rkellos und unpr\u00e4tenti\u00f6s offenbarte sich die Band dem Publikum, und f\u00fchrte mit ihrem Spiel den Jazz in neue Sph\u00e4ren. Gl\u00fccklich, wer mit dabei sein konnte! Die gleichnamige CD ist bei ECM Records erschienen. Text &amp; Fotos: Thomas J. Krebs\" \/>\n<meta property=\"og:url\" content=\"https:\/\/www.jazzzeitung.de\/cms\/2017\/10\/craig-taborn-quartett-daylight-ghosts-live-in-der-unterfahrt\/\" \/>\n<meta property=\"og:site_name\" content=\"JazzZeitung\" \/>\n<meta property=\"article:publisher\" content=\"https:\/\/www.facebook.com\/JazzZeitung\/\" \/>\n<meta property=\"article:published_time\" content=\"2017-10-27T07:40:56+00:00\" \/>\n<meta property=\"article:modified_time\" content=\"2017-11-09T16:41:37+00:00\" \/>\n<meta property=\"og:image\" content=\"https:\/\/i0.wp.com\/www.jazzzeitung.de\/cms\/wp-content\/uploads\/2017\/10\/Taborn-Quartett-Foto-TJ-Krebs-jazzphotoagency@web.de_.jpg?fit=2600%2C1733&ssl=1\" \/>\n\t<meta property=\"og:image:width\" content=\"2600\" \/>\n\t<meta property=\"og:image:height\" content=\"1733\" \/>\n\t<meta property=\"og:image:type\" content=\"image\/jpeg\" \/>\n<meta name=\"author\" content=\"Redaktion JazzZeitung\" \/>\n<script type=\"application\/ld+json\" class=\"yoast-schema-graph\">{\"@context\":\"https:\\\/\\\/schema.org\",\"@graph\":[{\"@type\":\"Article\",\"@id\":\"https:\\\/\\\/www.jazzzeitung.de\\\/cms\\\/2017\\\/10\\\/craig-taborn-quartett-daylight-ghosts-live-in-der-unterfahrt\\\/#article\",\"isPartOf\":{\"@id\":\"https:\\\/\\\/www.jazzzeitung.de\\\/cms\\\/2017\\\/10\\\/craig-taborn-quartett-daylight-ghosts-live-in-der-unterfahrt\\\/\"},\"author\":{\"name\":\"Redaktion JazzZeitung\",\"@id\":\"https:\\\/\\\/www.jazzzeitung.de\\\/cms\\\/#\\\/schema\\\/person\\\/2245b36b9cd1d24cea10f01c031fb92b\"},\"headline\":\"Craig Taborn Quartett: \u201eDaylight Ghosts\u201c live in der Unterfahrt\",\"datePublished\":\"2017-10-27T07:40:56+00:00\",\"dateModified\":\"2017-11-09T16:41:37+00:00\",\"mainEntityOfPage\":{\"@id\":\"https:\\\/\\\/www.jazzzeitung.de\\\/cms\\\/2017\\\/10\\\/craig-taborn-quartett-daylight-ghosts-live-in-der-unterfahrt\\\/\"},\"wordCount\":145,\"commentCount\":0,\"publisher\":{\"@id\":\"https:\\\/\\\/www.jazzzeitung.de\\\/cms\\\/#organization\"},\"image\":{\"@id\":\"https:\\\/\\\/www.jazzzeitung.de\\\/cms\\\/2017\\\/10\\\/craig-taborn-quartett-daylight-ghosts-live-in-der-unterfahrt\\\/#primaryimage\"},\"thumbnailUrl\":\"https:\\\/\\\/i0.wp.com\\\/www.jazzzeitung.de\\\/cms\\\/wp-content\\\/uploads\\\/2017\\\/10\\\/Taborn-Quartett-Foto-TJ-Krebs-jazzphotoagency%40web.de_.jpg?fit=2600%2C1733&ssl=1\",\"keywords\":[\"CD\",\"ECM\",\"Fotostrecke\",\"Konzert\",\"krebs\",\"Live\",\"Thomas J. Krebs\",\"Unterfahrt\"],\"articleSection\":[\"Bericht\"],\"inLanguage\":\"de\",\"potentialAction\":[{\"@type\":\"CommentAction\",\"name\":\"Comment\",\"target\":[\"https:\\\/\\\/www.jazzzeitung.de\\\/cms\\\/2017\\\/10\\\/craig-taborn-quartett-daylight-ghosts-live-in-der-unterfahrt\\\/#respond\"]}]},{\"@type\":\"WebPage\",\"@id\":\"https:\\\/\\\/www.jazzzeitung.de\\\/cms\\\/2017\\\/10\\\/craig-taborn-quartett-daylight-ghosts-live-in-der-unterfahrt\\\/\",\"url\":\"https:\\\/\\\/www.jazzzeitung.de\\\/cms\\\/2017\\\/10\\\/craig-taborn-quartett-daylight-ghosts-live-in-der-unterfahrt\\\/\",\"name\":\"Craig Taborn Quartett: \u201eDaylight Ghosts\u201c live in der Unterfahrt - JazzZeitung\",\"isPartOf\":{\"@id\":\"https:\\\/\\\/www.jazzzeitung.de\\\/cms\\\/#website\"},\"primaryImageOfPage\":{\"@id\":\"https:\\\/\\\/www.jazzzeitung.de\\\/cms\\\/2017\\\/10\\\/craig-taborn-quartett-daylight-ghosts-live-in-der-unterfahrt\\\/#primaryimage\"},\"image\":{\"@id\":\"https:\\\/\\\/www.jazzzeitung.de\\\/cms\\\/2017\\\/10\\\/craig-taborn-quartett-daylight-ghosts-live-in-der-unterfahrt\\\/#primaryimage\"},\"thumbnailUrl\":\"https:\\\/\\\/i0.wp.com\\\/www.jazzzeitung.de\\\/cms\\\/wp-content\\\/uploads\\\/2017\\\/10\\\/Taborn-Quartett-Foto-TJ-Krebs-jazzphotoagency%40web.de_.jpg?fit=2600%2C1733&ssl=1\",\"datePublished\":\"2017-10-27T07:40:56+00:00\",\"dateModified\":\"2017-11-09T16:41:37+00:00\",\"breadcrumb\":{\"@id\":\"https:\\\/\\\/www.jazzzeitung.de\\\/cms\\\/2017\\\/10\\\/craig-taborn-quartett-daylight-ghosts-live-in-der-unterfahrt\\\/#breadcrumb\"},\"inLanguage\":\"de\",\"potentialAction\":[{\"@type\":\"ReadAction\",\"target\":[\"https:\\\/\\\/www.jazzzeitung.de\\\/cms\\\/2017\\\/10\\\/craig-taborn-quartett-daylight-ghosts-live-in-der-unterfahrt\\\/\"]}]},{\"@type\":\"ImageObject\",\"inLanguage\":\"de\",\"@id\":\"https:\\\/\\\/www.jazzzeitung.de\\\/cms\\\/2017\\\/10\\\/craig-taborn-quartett-daylight-ghosts-live-in-der-unterfahrt\\\/#primaryimage\",\"url\":\"https:\\\/\\\/i0.wp.com\\\/www.jazzzeitung.de\\\/cms\\\/wp-content\\\/uploads\\\/2017\\\/10\\\/Taborn-Quartett-Foto-TJ-Krebs-jazzphotoagency%40web.de_.jpg?fit=2600%2C1733&ssl=1\",\"contentUrl\":\"https:\\\/\\\/i0.wp.com\\\/www.jazzzeitung.de\\\/cms\\\/wp-content\\\/uploads\\\/2017\\\/10\\\/Taborn-Quartett-Foto-TJ-Krebs-jazzphotoagency%40web.de_.jpg?fit=2600%2C1733&ssl=1\",\"width\":2600,\"height\":1733,\"caption\":\"Craig Taborn Quartet. Foto: Thomas J. Krebs\"},{\"@type\":\"BreadcrumbList\",\"@id\":\"https:\\\/\\\/www.jazzzeitung.de\\\/cms\\\/2017\\\/10\\\/craig-taborn-quartett-daylight-ghosts-live-in-der-unterfahrt\\\/#breadcrumb\",\"itemListElement\":[{\"@type\":\"ListItem\",\"position\":1,\"name\":\"Startseite\",\"item\":\"https:\\\/\\\/www.jazzzeitung.de\\\/cms\\\/\"},{\"@type\":\"ListItem\",\"position\":2,\"name\":\"Craig Taborn Quartett: \u201eDaylight Ghosts\u201c live in der Unterfahrt\"}]},{\"@type\":\"WebSite\",\"@id\":\"https:\\\/\\\/www.jazzzeitung.de\\\/cms\\\/#website\",\"url\":\"https:\\\/\\\/www.jazzzeitung.de\\\/cms\\\/\",\"name\":\"JazzZeitung\",\"description\":\"Jazz-News und Jazz-Kontroverses\",\"publisher\":{\"@id\":\"https:\\\/\\\/www.jazzzeitung.de\\\/cms\\\/#organization\"},\"potentialAction\":[{\"@type\":\"SearchAction\",\"target\":{\"@type\":\"EntryPoint\",\"urlTemplate\":\"https:\\\/\\\/www.jazzzeitung.de\\\/cms\\\/?s={search_term_string}\"},\"query-input\":{\"@type\":\"PropertyValueSpecification\",\"valueRequired\":true,\"valueName\":\"search_term_string\"}}],\"inLanguage\":\"de\"},{\"@type\":\"Organization\",\"@id\":\"https:\\\/\\\/www.jazzzeitung.de\\\/cms\\\/#organization\",\"name\":\"JazzZeitung online\",\"url\":\"https:\\\/\\\/www.jazzzeitung.de\\\/cms\\\/\",\"logo\":{\"@type\":\"ImageObject\",\"inLanguage\":\"de\",\"@id\":\"https:\\\/\\\/www.jazzzeitung.de\\\/cms\\\/#\\\/schema\\\/logo\\\/image\\\/\",\"url\":\"https:\\\/\\\/i0.wp.com\\\/www.jazzzeitung.de\\\/cms\\\/wp-content\\\/uploads\\\/2015\\\/08\\\/JAZZZEITUNGDE_Logo_Neu.png?fit=499%2C200&ssl=1\",\"contentUrl\":\"https:\\\/\\\/i0.wp.com\\\/www.jazzzeitung.de\\\/cms\\\/wp-content\\\/uploads\\\/2015\\\/08\\\/JAZZZEITUNGDE_Logo_Neu.png?fit=499%2C200&ssl=1\",\"width\":499,\"height\":200,\"caption\":\"JazzZeitung online\"},\"image\":{\"@id\":\"https:\\\/\\\/www.jazzzeitung.de\\\/cms\\\/#\\\/schema\\\/logo\\\/image\\\/\"},\"sameAs\":[\"https:\\\/\\\/www.facebook.com\\\/JazzZeitung\\\/\"]},{\"@type\":\"Person\",\"@id\":\"https:\\\/\\\/www.jazzzeitung.de\\\/cms\\\/#\\\/schema\\\/person\\\/2245b36b9cd1d24cea10f01c031fb92b\",\"name\":\"Redaktion JazzZeitung\",\"image\":{\"@type\":\"ImageObject\",\"inLanguage\":\"de\",\"@id\":\"https:\\\/\\\/i0.wp.com\\\/www.jazzzeitung.de\\\/cms\\\/wp-content\\\/uploads\\\/2015\\\/08\\\/JAZZZEITUNGDE_Logo_Neu.png?resize=96%2C96&ssl=159975dcacb611b5700bd619b5daf0a7a\",\"url\":\"https:\\\/\\\/i0.wp.com\\\/www.jazzzeitung.de\\\/cms\\\/wp-content\\\/uploads\\\/2015\\\/08\\\/JAZZZEITUNGDE_Logo_Neu.png?resize=96%2C96&ssl=1\",\"contentUrl\":\"https:\\\/\\\/i0.wp.com\\\/www.jazzzeitung.de\\\/cms\\\/wp-content\\\/uploads\\\/2015\\\/08\\\/JAZZZEITUNGDE_Logo_Neu.png?resize=96%2C96&ssl=1\",\"caption\":\"Redaktion JazzZeitung\"},\"description\":\"Artikel der Redaktion der JazzZeitung.\",\"sameAs\":[\"http:\\\/\\\/www.jazzzeitung.de\\\/cms\\\/\"],\"url\":\"https:\\\/\\\/www.jazzzeitung.de\\\/cms\\\/author\\\/redaktion\\\/\"}]}<\/script>\n<!-- \/ Yoast SEO plugin. -->","yoast_head_json":{"title":"Craig Taborn Quartett: \u201eDaylight Ghosts\u201c live in der Unterfahrt - JazzZeitung","robots":{"index":"index","follow":"follow","max-snippet":"max-snippet:-1","max-image-preview":"max-image-preview:large","max-video-preview":"max-video-preview:-1"},"canonical":"https:\/\/www.jazzzeitung.de\/cms\/2017\/10\/craig-taborn-quartett-daylight-ghosts-live-in-der-unterfahrt\/","og_locale":"de_DE","og_type":"article","og_title":"Craig Taborn Quartett: \u201eDaylight Ghosts\u201c live in der Unterfahrt - JazzZeitung","og_description":"Ein ganz besonderes Konzert, mit einer diesmal speziellen, sehr pers\u00f6nlichen Fotostrecke, die ausschlie\u00dflich Aufnahmen vom Soundcheck umfasst. Das Quartett um den Pianisten Craig Taborn, mit Chris Lightcap am Bass, dem Drummer David King und Chris Speed an Saxophon &amp; Klarinette spielten in der M\u00fcnchner Unterfahrt mit inspiriertem Drive und boten eine hochkomplexe Mischung aus abstrakten, unterschwelligen Sounds, die sich letztlich dann harmonisch, mit feinf\u00fchligem, intelligenten Rhythmusspiel aufl\u00f6sten. Sagenhafte Kompositionen, die da aufgefahren wurden, unkonventionell und frisch: \u201eDaylight Ghosts\u201c &#8211; Nomen est Omen. Schn\u00f6rkellos und unpr\u00e4tenti\u00f6s offenbarte sich die Band dem Publikum, und f\u00fchrte mit ihrem Spiel den Jazz in neue Sph\u00e4ren. Gl\u00fccklich, wer mit dabei sein konnte! Die gleichnamige CD ist bei ECM Records erschienen. Text &amp; Fotos: Thomas J. Krebs","og_url":"https:\/\/www.jazzzeitung.de\/cms\/2017\/10\/craig-taborn-quartett-daylight-ghosts-live-in-der-unterfahrt\/","og_site_name":"JazzZeitung","article_publisher":"https:\/\/www.facebook.com\/JazzZeitung\/","article_published_time":"2017-10-27T07:40:56+00:00","article_modified_time":"2017-11-09T16:41:37+00:00","og_image":[{"width":2600,"height":1733,"url":"https:\/\/i0.wp.com\/www.jazzzeitung.de\/cms\/wp-content\/uploads\/2017\/10\/Taborn-Quartett-Foto-TJ-Krebs-jazzphotoagency@web.de_.jpg?fit=2600%2C1733&ssl=1","type":"image\/jpeg"}],"author":"Redaktion JazzZeitung","schema":{"@context":"https:\/\/schema.org","@graph":[{"@type":"Article","@id":"https:\/\/www.jazzzeitung.de\/cms\/2017\/10\/craig-taborn-quartett-daylight-ghosts-live-in-der-unterfahrt\/#article","isPartOf":{"@id":"https:\/\/www.jazzzeitung.de\/cms\/2017\/10\/craig-taborn-quartett-daylight-ghosts-live-in-der-unterfahrt\/"},"author":{"name":"Redaktion JazzZeitung","@id":"https:\/\/www.jazzzeitung.de\/cms\/#\/schema\/person\/2245b36b9cd1d24cea10f01c031fb92b"},"headline":"Craig Taborn Quartett: \u201eDaylight Ghosts\u201c live in der Unterfahrt","datePublished":"2017-10-27T07:40:56+00:00","dateModified":"2017-11-09T16:41:37+00:00","mainEntityOfPage":{"@id":"https:\/\/www.jazzzeitung.de\/cms\/2017\/10\/craig-taborn-quartett-daylight-ghosts-live-in-der-unterfahrt\/"},"wordCount":145,"commentCount":0,"publisher":{"@id":"https:\/\/www.jazzzeitung.de\/cms\/#organization"},"image":{"@id":"https:\/\/www.jazzzeitung.de\/cms\/2017\/10\/craig-taborn-quartett-daylight-ghosts-live-in-der-unterfahrt\/#primaryimage"},"thumbnailUrl":"https:\/\/i0.wp.com\/www.jazzzeitung.de\/cms\/wp-content\/uploads\/2017\/10\/Taborn-Quartett-Foto-TJ-Krebs-jazzphotoagency%40web.de_.jpg?fit=2600%2C1733&ssl=1","keywords":["CD","ECM","Fotostrecke","Konzert","krebs","Live","Thomas J. Krebs","Unterfahrt"],"articleSection":["Bericht"],"inLanguage":"de","potentialAction":[{"@type":"CommentAction","name":"Comment","target":["https:\/\/www.jazzzeitung.de\/cms\/2017\/10\/craig-taborn-quartett-daylight-ghosts-live-in-der-unterfahrt\/#respond"]}]},{"@type":"WebPage","@id":"https:\/\/www.jazzzeitung.de\/cms\/2017\/10\/craig-taborn-quartett-daylight-ghosts-live-in-der-unterfahrt\/","url":"https:\/\/www.jazzzeitung.de\/cms\/2017\/10\/craig-taborn-quartett-daylight-ghosts-live-in-der-unterfahrt\/","name":"Craig Taborn Quartett: \u201eDaylight Ghosts\u201c live in der Unterfahrt - JazzZeitung","isPartOf":{"@id":"https:\/\/www.jazzzeitung.de\/cms\/#website"},"primaryImageOfPage":{"@id":"https:\/\/www.jazzzeitung.de\/cms\/2017\/10\/craig-taborn-quartett-daylight-ghosts-live-in-der-unterfahrt\/#primaryimage"},"image":{"@id":"https:\/\/www.jazzzeitung.de\/cms\/2017\/10\/craig-taborn-quartett-daylight-ghosts-live-in-der-unterfahrt\/#primaryimage"},"thumbnailUrl":"https:\/\/i0.wp.com\/www.jazzzeitung.de\/cms\/wp-content\/uploads\/2017\/10\/Taborn-Quartett-Foto-TJ-Krebs-jazzphotoagency%40web.de_.jpg?fit=2600%2C1733&ssl=1","datePublished":"2017-10-27T07:40:56+00:00","dateModified":"2017-11-09T16:41:37+00:00","breadcrumb":{"@id":"https:\/\/www.jazzzeitung.de\/cms\/2017\/10\/craig-taborn-quartett-daylight-ghosts-live-in-der-unterfahrt\/#breadcrumb"},"inLanguage":"de","potentialAction":[{"@type":"ReadAction","target":["https:\/\/www.jazzzeitung.de\/cms\/2017\/10\/craig-taborn-quartett-daylight-ghosts-live-in-der-unterfahrt\/"]}]},{"@type":"ImageObject","inLanguage":"de","@id":"https:\/\/www.jazzzeitung.de\/cms\/2017\/10\/craig-taborn-quartett-daylight-ghosts-live-in-der-unterfahrt\/#primaryimage","url":"https:\/\/i0.wp.com\/www.jazzzeitung.de\/cms\/wp-content\/uploads\/2017\/10\/Taborn-Quartett-Foto-TJ-Krebs-jazzphotoagency%40web.de_.jpg?fit=2600%2C1733&ssl=1","contentUrl":"https:\/\/i0.wp.com\/www.jazzzeitung.de\/cms\/wp-content\/uploads\/2017\/10\/Taborn-Quartett-Foto-TJ-Krebs-jazzphotoagency%40web.de_.jpg?fit=2600%2C1733&ssl=1","width":2600,"height":1733,"caption":"Craig Taborn Quartet. Foto: Thomas J. Krebs"},{"@type":"BreadcrumbList","@id":"https:\/\/www.jazzzeitung.de\/cms\/2017\/10\/craig-taborn-quartett-daylight-ghosts-live-in-der-unterfahrt\/#breadcrumb","itemListElement":[{"@type":"ListItem","position":1,"name":"Startseite","item":"https:\/\/www.jazzzeitung.de\/cms\/"},{"@type":"ListItem","position":2,"name":"Craig Taborn Quartett: \u201eDaylight Ghosts\u201c live in der Unterfahrt"}]},{"@type":"WebSite","@id":"https:\/\/www.jazzzeitung.de\/cms\/#website","url":"https:\/\/www.jazzzeitung.de\/cms\/","name":"JazzZeitung","description":"Jazz-News und Jazz-Kontroverses","publisher":{"@id":"https:\/\/www.jazzzeitung.de\/cms\/#organization"},"potentialAction":[{"@type":"SearchAction","target":{"@type":"EntryPoint","urlTemplate":"https:\/\/www.jazzzeitung.de\/cms\/?s={search_term_string}"},"query-input":{"@type":"PropertyValueSpecification","valueRequired":true,"valueName":"search_term_string"}}],"inLanguage":"de"},{"@type":"Organization","@id":"https:\/\/www.jazzzeitung.de\/cms\/#organization","name":"JazzZeitung online","url":"https:\/\/www.jazzzeitung.de\/cms\/","logo":{"@type":"ImageObject","inLanguage":"de","@id":"https:\/\/www.jazzzeitung.de\/cms\/#\/schema\/logo\/image\/","url":"https:\/\/i0.wp.com\/www.jazzzeitung.de\/cms\/wp-content\/uploads\/2015\/08\/JAZZZEITUNGDE_Logo_Neu.png?fit=499%2C200&ssl=1","contentUrl":"https:\/\/i0.wp.com\/www.jazzzeitung.de\/cms\/wp-content\/uploads\/2015\/08\/JAZZZEITUNGDE_Logo_Neu.png?fit=499%2C200&ssl=1","width":499,"height":200,"caption":"JazzZeitung online"},"image":{"@id":"https:\/\/www.jazzzeitung.de\/cms\/#\/schema\/logo\/image\/"},"sameAs":["https:\/\/www.facebook.com\/JazzZeitung\/"]},{"@type":"Person","@id":"https:\/\/www.jazzzeitung.de\/cms\/#\/schema\/person\/2245b36b9cd1d24cea10f01c031fb92b","name":"Redaktion JazzZeitung","image":{"@type":"ImageObject","inLanguage":"de","@id":"https:\/\/i0.wp.com\/www.jazzzeitung.de\/cms\/wp-content\/uploads\/2015\/08\/JAZZZEITUNGDE_Logo_Neu.png?resize=96%2C96&ssl=159975dcacb611b5700bd619b5daf0a7a","url":"https:\/\/i0.wp.com\/www.jazzzeitung.de\/cms\/wp-content\/uploads\/2015\/08\/JAZZZEITUNGDE_Logo_Neu.png?resize=96%2C96&ssl=1","contentUrl":"https:\/\/i0.wp.com\/www.jazzzeitung.de\/cms\/wp-content\/uploads\/2015\/08\/JAZZZEITUNGDE_Logo_Neu.png?resize=96%2C96&ssl=1","caption":"Redaktion JazzZeitung"},"description":"Artikel der Redaktion der JazzZeitung.","sameAs":["http:\/\/www.jazzzeitung.de\/cms\/"],"url":"https:\/\/www.jazzzeitung.de\/cms\/author\/redaktion\/"}]}},"wp-worthy-pixel":{"ignored":false,"public":null,"server":null,"url":null},"wp-worthy-type":"normal","jetpack_publicize_connections":[],"cc_featured_image_caption":{"caption_text":false,"source_text":false,"source_url":false},"jetpack_featured_media_url":"https:\/\/i0.wp.com\/www.jazzzeitung.de\/cms\/wp-content\/uploads\/2017\/10\/Taborn-Quartett-Foto-TJ-Krebs-jazzphotoagency%40web.de_.jpg?fit=2600%2C1733&ssl=1","jetpack_shortlink":"https:\/\/wp.me\/p3KEcT-3DR","jetpack-related-posts":[{"id":18055,"url":"https:\/\/www.jazzzeitung.de\/cms\/2018\/12\/das-trio-escape-argot-im-jazzclub-unterfahrt\/","url_meta":{"origin":14003,"position":0},"title":"Das Trio &#8222;Escape Argot&#8220; im Jazzclub Unterfahrt","author":"Redaktion JazzZeitung","date":"9. Dezember 2018","format":false,"excerpt":"Da wird sich so manch einer im Nachhinein \u00e4rgern, diesen fantastischen Gig verpasst zu haben. Die Schweiz zu Gast im M\u00fcnchner Jazzclub Unterfahrt: der Schlagzeuger Christoph Steiner (\u201eHildegard lernt fliegen\u201c) entwickelt mit dem Trio \"Escape Argot\" zusammen mit Pianist Florian Favre und Christoph Grab am Saxophon eine eigene Klangsprache. Favre\u2026","rel":"","context":"In &quot;Bericht&quot;","block_context":{"text":"Bericht","link":"https:\/\/www.jazzzeitung.de\/cms\/thema\/bericht\/"},"img":{"alt_text":"","src":"https:\/\/i0.wp.com\/www.jazzzeitung.de\/cms\/wp-content\/uploads\/2018\/12\/Florian-Favre-H%C3%A4nde-Foto-TJ-Krebs-jazzphotoagency%40web.de_.jpg?fit=1200%2C800&ssl=1&resize=350%2C200","width":350,"height":200,"srcset":"https:\/\/i0.wp.com\/www.jazzzeitung.de\/cms\/wp-content\/uploads\/2018\/12\/Florian-Favre-H%C3%A4nde-Foto-TJ-Krebs-jazzphotoagency%40web.de_.jpg?fit=1200%2C800&ssl=1&resize=350%2C200 1x, https:\/\/i0.wp.com\/www.jazzzeitung.de\/cms\/wp-content\/uploads\/2018\/12\/Florian-Favre-H%C3%A4nde-Foto-TJ-Krebs-jazzphotoagency%40web.de_.jpg?fit=1200%2C800&ssl=1&resize=525%2C300 1.5x, https:\/\/i0.wp.com\/www.jazzzeitung.de\/cms\/wp-content\/uploads\/2018\/12\/Florian-Favre-H%C3%A4nde-Foto-TJ-Krebs-jazzphotoagency%40web.de_.jpg?fit=1200%2C800&ssl=1&resize=700%2C400 2x, https:\/\/i0.wp.com\/www.jazzzeitung.de\/cms\/wp-content\/uploads\/2018\/12\/Florian-Favre-H%C3%A4nde-Foto-TJ-Krebs-jazzphotoagency%40web.de_.jpg?fit=1200%2C800&ssl=1&resize=1050%2C600 3x"},"classes":[]},{"id":18412,"url":"https:\/\/www.jazzzeitung.de\/cms\/2019\/02\/news-jochen-rueckert-quartett-feat-mark-turner-in-der-unterfahrt\/","url_meta":{"origin":14003,"position":1},"title":"Fotogalerie: Jochen R\u00fcckert Quartett feat. Mark Turner im Jazzclub Unterfahrt","author":"Redaktion JazzZeitung","date":"4. Februar 2019","format":false,"excerpt":"Das Jochen R\u00fcckert Quartett gastierte mit\u00a0 internationaler Besetzung im Jazzclub Unterfahrt. Der K\u00f6lner Schlagzeuger hat sich mit seinem K\u00f6nnen und Durchhalteverm\u00f6gen internationalen Ruf erarbeitet und erntet nun die Fr\u00fcchte seiner Arbeit. Was R\u00fcckert gemeinsam mit dem gro\u00dfartigen Mark Turner am Tenorsaxophon, dem Gitarristen Lage Lund und Matt Penman am Bass\u2026","rel":"","context":"In &quot;Galerie&quot;","block_context":{"text":"Galerie","link":"https:\/\/www.jazzzeitung.de\/cms\/thema\/galerie\/"},"img":{"alt_text":"","src":"https:\/\/i0.wp.com\/www.jazzzeitung.de\/cms\/wp-content\/uploads\/2019\/01\/Mark-Turner-H%C3%A4nde-Foto-TJ-Krebs.jpg?fit=1200%2C800&ssl=1&resize=350%2C200","width":350,"height":200,"srcset":"https:\/\/i0.wp.com\/www.jazzzeitung.de\/cms\/wp-content\/uploads\/2019\/01\/Mark-Turner-H%C3%A4nde-Foto-TJ-Krebs.jpg?fit=1200%2C800&ssl=1&resize=350%2C200 1x, https:\/\/i0.wp.com\/www.jazzzeitung.de\/cms\/wp-content\/uploads\/2019\/01\/Mark-Turner-H%C3%A4nde-Foto-TJ-Krebs.jpg?fit=1200%2C800&ssl=1&resize=525%2C300 1.5x, https:\/\/i0.wp.com\/www.jazzzeitung.de\/cms\/wp-content\/uploads\/2019\/01\/Mark-Turner-H%C3%A4nde-Foto-TJ-Krebs.jpg?fit=1200%2C800&ssl=1&resize=700%2C400 2x, https:\/\/i0.wp.com\/www.jazzzeitung.de\/cms\/wp-content\/uploads\/2019\/01\/Mark-Turner-H%C3%A4nde-Foto-TJ-Krebs.jpg?fit=1200%2C800&ssl=1&resize=1050%2C600 3x"},"classes":[]},{"id":14506,"url":"https:\/\/www.jazzzeitung.de\/cms\/2017\/12\/marius-nesets-circle-of-chimes-in-der-unterfahrt\/","url_meta":{"origin":14003,"position":2},"title":"Marius Nesets \u201eCircle of Chimes\u201c in der Unterfahrt","author":"Thomas J. Krebs","date":"12. Dezember 2017","format":false,"excerpt":"\u201eBefore the storm\u201c - so betitelt Thomas J. Krebs seine Fotostrecke, die er w\u00e4hrend der Proben des Marius Neset Quintetts aufgenommen hat.\u00a0Ungest\u00fcm und kraftvoll war dann auch das vom Publikum bejubelte Konzert im Jazzclub Unterfahrt, bei der die Band ihr aktuelles, beim Label ACT, ver\u00f6ffentlichtes Album \u201eCircle of Chimes\u201c vorstellte.\u2026","rel":"","context":"In &quot;Galerie&quot;","block_context":{"text":"Galerie","link":"https:\/\/www.jazzzeitung.de\/cms\/thema\/galerie\/"},"img":{"alt_text":"","src":"https:\/\/i0.wp.com\/www.jazzzeitung.de\/cms\/wp-content\/uploads\/2017\/12\/Marius-Neset-Foto-TJ-Krebs-jazzphotoagency%40web.de_.jpg?fit=1200%2C800&ssl=1&resize=350%2C200","width":350,"height":200,"srcset":"https:\/\/i0.wp.com\/www.jazzzeitung.de\/cms\/wp-content\/uploads\/2017\/12\/Marius-Neset-Foto-TJ-Krebs-jazzphotoagency%40web.de_.jpg?fit=1200%2C800&ssl=1&resize=350%2C200 1x, https:\/\/i0.wp.com\/www.jazzzeitung.de\/cms\/wp-content\/uploads\/2017\/12\/Marius-Neset-Foto-TJ-Krebs-jazzphotoagency%40web.de_.jpg?fit=1200%2C800&ssl=1&resize=525%2C300 1.5x, https:\/\/i0.wp.com\/www.jazzzeitung.de\/cms\/wp-content\/uploads\/2017\/12\/Marius-Neset-Foto-TJ-Krebs-jazzphotoagency%40web.de_.jpg?fit=1200%2C800&ssl=1&resize=700%2C400 2x, https:\/\/i0.wp.com\/www.jazzzeitung.de\/cms\/wp-content\/uploads\/2017\/12\/Marius-Neset-Foto-TJ-Krebs-jazzphotoagency%40web.de_.jpg?fit=1200%2C800&ssl=1&resize=1050%2C600 3x"},"classes":[]},{"id":17041,"url":"https:\/\/www.jazzzeitung.de\/cms\/2018\/08\/fotostrecke-guido-may-extravaganza-feat-jason-rebello-und-pee-wee-ellis-bei-der-munich-jazz-summer-week\/","url_meta":{"origin":14003,"position":3},"title":"Fotostrecke: Guido May &#8222;Groove Extravaganza&#8220; feat. Pee Wee Ellis bei der Munich Jazz Summer Week","author":"Redaktion JazzZeitung","date":"29. August 2018","format":false,"excerpt":"Guido May feierte bei der Munich Jazz Summer Week seinen 50. Geburtstag! Daf\u00fcr trommelte der international gefragte Schlagzeuger aus Bad Reichenhall am 24. und 25. August im M\u00fcncher Jazzclub Unterfahrt seine Formation \"Groove Extravaganza\" zusammen. Deren Altsaxophonist James Morton spielte bereits mit Fred Wesley und The Herbaliser, w\u00e4hrend Tony Remy\u2026","rel":"","context":"In &quot;Galerie&quot;","block_context":{"text":"Galerie","link":"https:\/\/www.jazzzeitung.de\/cms\/thema\/galerie\/"},"img":{"alt_text":"","src":"https:\/\/i0.wp.com\/www.jazzzeitung.de\/cms\/wp-content\/uploads\/2018\/08\/P1346701-Guido-May-Groove-Extravaganza-on-stage-Foto-TJ-Krebs-jazzphotoagency%40web.de_.jpg?fit=1200%2C800&ssl=1&resize=350%2C200","width":350,"height":200,"srcset":"https:\/\/i0.wp.com\/www.jazzzeitung.de\/cms\/wp-content\/uploads\/2018\/08\/P1346701-Guido-May-Groove-Extravaganza-on-stage-Foto-TJ-Krebs-jazzphotoagency%40web.de_.jpg?fit=1200%2C800&ssl=1&resize=350%2C200 1x, https:\/\/i0.wp.com\/www.jazzzeitung.de\/cms\/wp-content\/uploads\/2018\/08\/P1346701-Guido-May-Groove-Extravaganza-on-stage-Foto-TJ-Krebs-jazzphotoagency%40web.de_.jpg?fit=1200%2C800&ssl=1&resize=525%2C300 1.5x, https:\/\/i0.wp.com\/www.jazzzeitung.de\/cms\/wp-content\/uploads\/2018\/08\/P1346701-Guido-May-Groove-Extravaganza-on-stage-Foto-TJ-Krebs-jazzphotoagency%40web.de_.jpg?fit=1200%2C800&ssl=1&resize=700%2C400 2x, https:\/\/i0.wp.com\/www.jazzzeitung.de\/cms\/wp-content\/uploads\/2018\/08\/P1346701-Guido-May-Groove-Extravaganza-on-stage-Foto-TJ-Krebs-jazzphotoagency%40web.de_.jpg?fit=1200%2C800&ssl=1&resize=1050%2C600 3x"},"classes":[]},{"id":30610,"url":"https:\/\/www.jazzzeitung.de\/cms\/2024\/02\/gelungene-alternative-zur-faschingswoche-im-jazzclub-unterfahrt\/","url_meta":{"origin":14003,"position":4},"title":"Gelungene Alternative zur Faschingswoche im Jazzclub Unterfahrt","author":"Thomas J. Krebs","date":"15. Februar 2024","format":false,"excerpt":"Der Fasching hat in M\u00fcnchen eine lange Tradition. Zwischen Weiberfasching und Faschingsdienstag steht die Metropole Kopf, unz\u00e4hlige Veranstaltungen locken \u201eN\u00e4rrinnen und Narrhalesen\". Wer dem bunten Treiben und Trubel entgehen will, dem bieten sich eine Vielzahl an Alternativen: zum Beispiel Fasching feiern mit abgefahrenen Jazzkonzerten im M\u00fcnchner Jazzclub Unterfahrt. An Weiberfasching\u2026","rel":"","context":"In &quot;Bericht&quot;","block_context":{"text":"Bericht","link":"https:\/\/www.jazzzeitung.de\/cms\/thema\/bericht\/"},"img":{"alt_text":"","src":"https:\/\/i0.wp.com\/www.jazzzeitung.de\/cms\/wp-content\/uploads\/2024\/02\/P2824904-Nilssen-Trio-Foto-TJ-Krebs.jpg?fit=1200%2C800&ssl=1&resize=350%2C200","width":350,"height":200,"srcset":"https:\/\/i0.wp.com\/www.jazzzeitung.de\/cms\/wp-content\/uploads\/2024\/02\/P2824904-Nilssen-Trio-Foto-TJ-Krebs.jpg?fit=1200%2C800&ssl=1&resize=350%2C200 1x, https:\/\/i0.wp.com\/www.jazzzeitung.de\/cms\/wp-content\/uploads\/2024\/02\/P2824904-Nilssen-Trio-Foto-TJ-Krebs.jpg?fit=1200%2C800&ssl=1&resize=525%2C300 1.5x, https:\/\/i0.wp.com\/www.jazzzeitung.de\/cms\/wp-content\/uploads\/2024\/02\/P2824904-Nilssen-Trio-Foto-TJ-Krebs.jpg?fit=1200%2C800&ssl=1&resize=700%2C400 2x, https:\/\/i0.wp.com\/www.jazzzeitung.de\/cms\/wp-content\/uploads\/2024\/02\/P2824904-Nilssen-Trio-Foto-TJ-Krebs.jpg?fit=1200%2C800&ssl=1&resize=1050%2C600 3x"},"classes":[]},{"id":14407,"url":"https:\/\/www.jazzzeitung.de\/cms\/2017\/11\/dave-douglas-chet-doxas-riverside-mit-carla-bley-auf-tour-und-im-jazzclub-unterfahrt\/","url_meta":{"origin":14003,"position":5},"title":"Dave Douglas &#038; Chet Doxas: \u201eRiverside\u201c mit Carla Bley im Jazzclub Unterfahrt","author":"Thomas J. Krebs","date":"25. November 2017","format":false,"excerpt":"Nach einem Tribute f\u00fcr Jimmy Giuffre \u00fcberlegten sich Dave Douglas und Chet Doxas f\u00fcr ihr Bandprojekt \u201eRiverside\u201c einem weiteren musikalischen Vorbild zu huldigen: Carla Bley! Als Carla Bley \u00fcber ihren Partner Steve Swallow, gleichzeitig der Bassist des Riverside-Quartetts, davon erfuhr, beteiligte sie sich spontan mit ein paar Eigenkompositionen f\u00fcr die\u2026","rel":"","context":"In &quot;Bericht&quot;","block_context":{"text":"Bericht","link":"https:\/\/www.jazzzeitung.de\/cms\/thema\/bericht\/"},"img":{"alt_text":"","src":"https:\/\/i0.wp.com\/www.jazzzeitung.de\/cms\/wp-content\/uploads\/2017\/11\/P1680683-Bley-Foto-TJ-Krebs-jazzphotoagency%40web.de_.jpg?fit=1200%2C800&ssl=1&resize=350%2C200","width":350,"height":200,"srcset":"https:\/\/i0.wp.com\/www.jazzzeitung.de\/cms\/wp-content\/uploads\/2017\/11\/P1680683-Bley-Foto-TJ-Krebs-jazzphotoagency%40web.de_.jpg?fit=1200%2C800&ssl=1&resize=350%2C200 1x, https:\/\/i0.wp.com\/www.jazzzeitung.de\/cms\/wp-content\/uploads\/2017\/11\/P1680683-Bley-Foto-TJ-Krebs-jazzphotoagency%40web.de_.jpg?fit=1200%2C800&ssl=1&resize=525%2C300 1.5x, https:\/\/i0.wp.com\/www.jazzzeitung.de\/cms\/wp-content\/uploads\/2017\/11\/P1680683-Bley-Foto-TJ-Krebs-jazzphotoagency%40web.de_.jpg?fit=1200%2C800&ssl=1&resize=700%2C400 2x, https:\/\/i0.wp.com\/www.jazzzeitung.de\/cms\/wp-content\/uploads\/2017\/11\/P1680683-Bley-Foto-TJ-Krebs-jazzphotoagency%40web.de_.jpg?fit=1200%2C800&ssl=1&resize=1050%2C600 3x"},"classes":[]}],"jetpack_sharing_enabled":true,"_links":{"self":[{"href":"https:\/\/www.jazzzeitung.de\/cms\/wp-json\/wp\/v2\/posts\/14003","targetHints":{"allow":["GET"]}}],"collection":[{"href":"https:\/\/www.jazzzeitung.de\/cms\/wp-json\/wp\/v2\/posts"}],"about":[{"href":"https:\/\/www.jazzzeitung.de\/cms\/wp-json\/wp\/v2\/types\/post"}],"author":[{"embeddable":true,"href":"https:\/\/www.jazzzeitung.de\/cms\/wp-json\/wp\/v2\/users\/18"}],"replies":[{"embeddable":true,"href":"https:\/\/www.jazzzeitung.de\/cms\/wp-json\/wp\/v2\/comments?post=14003"}],"version-history":[{"count":4,"href":"https:\/\/www.jazzzeitung.de\/cms\/wp-json\/wp\/v2\/posts\/14003\/revisions"}],"predecessor-version":[{"id":14011,"href":"https:\/\/www.jazzzeitung.de\/cms\/wp-json\/wp\/v2\/posts\/14003\/revisions\/14011"}],"wp:featuredmedia":[{"embeddable":true,"href":"https:\/\/www.jazzzeitung.de\/cms\/wp-json\/wp\/v2\/media\/14010"}],"wp:attachment":[{"href":"https:\/\/www.jazzzeitung.de\/cms\/wp-json\/wp\/v2\/media?parent=14003"}],"wp:term":[{"taxonomy":"category","embeddable":true,"href":"https:\/\/www.jazzzeitung.de\/cms\/wp-json\/wp\/v2\/categories?post=14003"},{"taxonomy":"post_tag","embeddable":true,"href":"https:\/\/www.jazzzeitung.de\/cms\/wp-json\/wp\/v2\/tags?post=14003"},{"taxonomy":"author","embeddable":true,"href":"https:\/\/www.jazzzeitung.de\/cms\/wp-json\/wp\/v2\/coauthors?post=14003"}],"curies":[{"name":"wp","href":"https:\/\/api.w.org\/{rel}","templated":true}]}}