{"id":13945,"date":"2017-10-21T21:22:58","date_gmt":"2017-10-21T19:22:58","guid":{"rendered":"https:\/\/www.jazzzeitung.de\/cms\/?p=13945"},"modified":"2017-10-21T21:51:46","modified_gmt":"2017-10-21T19:51:46","slug":"tv-tipp-der-preis-der-anna-lena-schnabel-3sat","status":"publish","type":"post","link":"https:\/\/www.jazzzeitung.de\/cms\/2017\/10\/tv-tipp-der-preis-der-anna-lena-schnabel-3sat\/","title":{"rendered":"TV-Tipp: Der Preis der Anna-Lena Schnabel (3sat) \u2013 und ein medienpolitisches \u00c4rgernis"},"content":{"rendered":"<p>Heute abend auf 3sat ab 22:05.<\/p>\n<blockquote><p>Als die hochbegabte Saxophonistin Anna-Lena Schnabel den &#8222;Echo Jazz&#8220; 2017 erh\u00e4lt, erlebt sie den prinzipiellen Konflikt zwischen Authentizit\u00e4t und Erfolg im Musikbusiness. Anna-Lena Schnabel w\u00e4chst in einfachen Verh\u00e4ltnissen auf, dank ihrer Hochbegabung macht sie ihr Abitur mit Eins. Eine sichere Zukunft steht ihr offen, w\u00e4re da nicht die Leidenschaft f\u00fcr Musik: Statt Psychologie, Jura oder Lehramt zu studieren, wird sie professionelle Jazzsaxophonistin und m\u00f6chte nur von ihrer Musik leben. Freunde, Familie, selbst Jazzmusiker warnen sie, denn als Frau hat man es doppelt schwer, sich in der traditionell m\u00e4nnlich gepr\u00e4gten Szene durchzusetzen. Dank Stipendien und Preisen l\u00e4uft es jedoch erstmal, Mitmusiker und Medien sind beeindruckt. So virtuos, facettenreich und vor allem so schonungslos ehrlich gibt sonst niemand sein Innerstes musikalisch preis.<\/p>\n<p>Doch ausgerechnet dieses Markenzeichen steht Schnabel bei ihrem Ziel, vom Jazz zu leben, im Weg &#8211; denn ihre Musik ist nicht gef\u00e4llig und verbiegen l\u00e4sst sie sich nicht. Als die junge Musikerin 2017 den renommierten Musikpreis &#8222;Echo Jazz&#8220; erh\u00e4lt, sieht sie die Chance, mehr Menschen zu erreichen. Denn die Veranstaltung wird im Fernsehen \u00fcbertragen. Doch die Umst\u00e4nde der Preisverleihung stellen sie vor eine entscheidende Frage: Muss sie Kompromisse eingehen, um von ihrer Musik leben zu k\u00f6nnen?<\/p><\/blockquote>\n<p><span class=\"article_link_text\"><a href=\"http:\/\/www.3sat.de\/page\/?source=\/musik\/194584\/index.html\">Film von Jan B\u00e4umer<\/a>. Hoffentlich in der Mediathek. [<a href=\"http:\/\/www.3sat.de\/mediathek\/?mode=play&amp;obj=69548\">Ja, hier<\/a>]<br \/>\n<\/span><\/p>\n<p>Ulrich Stock hat dazu \u00fcbrigens in der ZEIT ein paar <a href=\"http:\/\/www.zeit.de\/kultur\/musik\/2017-10\/der-preis-der-anna-lena-schnabel-jan-baeumer-film\">b\u00f6se Worte verloren<\/a>. Also nicht zu dem Film, den er f\u00fcr eine Sternstunde h\u00e4lt, sondern die unglaubliche Affigkeit der Sender NDR und der Veranstalter vom ECHO Jazz. Zitat:<\/p>\n<blockquote><p>Ein surrealer H\u00f6hepunkt ist das Interview, das eine NDR-Journalistin mit der Preistr\u00e4gerin macht. Sie fragt vor laufender Kamera f\u00fcr den Bericht am n\u00e4chsten Tag: &#8222;Was h\u00f6ren wir denn von dir heute Abend?&#8220; \u2013 &#8222;Leider kein St\u00fcck von mir&#8220;, antwortet Anna-Lena Schnabel, &#8222;das hat mir der NDR verboten.&#8220; \u2013 &#8222;Das k\u00f6nnen wir leider nicht reinnehmen morgen&#8220;, sagt die NDR-Journalistin entschuldigend. \u2013 &#8222;Das wundert mich nicht&#8220;, sagt die Preistr\u00e4gerin.<\/p><\/blockquote>\n<p>Eine Peinlichkeit sondergleichen. Nein, eine Unversch\u00e4mtheit und das leider wahre Gesicht von derlei Veranstaltungen. Ein lesenswertes St\u00fcck vom Ulrich Stock allemal. Man sch\u00e4mt sich in Grund und Boden. Aber es ist zugleich ja leider auch keine Neuigkeit. Vergesst den ECHO (Jazz, Klassik, Pop). Aber denkt daran, dass zum Beispiel jemand, der bis vor ganz kurzem den Verband der Musikindustrie gef\u00fchrt hat, der den ECHO Jazz im Rahmen seines &#8222;Kulturprogramms&#8220; ausrichtet, n\u00e4mlich Dieter Gorny, gerade heute mal wieder ins Pr\u00e4sidium des Deutschen Musikrates gew\u00e4hlt worden ist. Und das spricht wiederum nicht f\u00fcr den Zustand dieses Gremiums.<\/p>\n<p>Passend dazu Gornys Impulsvortrag \u201eWieviel \u00d6konomie braucht die Musik?\u201c &#8211; schwammgleich vorgetragen. Und das Thema treffend an der Kultur vorbei. Miese Sache. Auf die Nachfrage von Ulrich Rademacher: &#8222;Wieviel \u00d6konomie vertr\u00e4gt die Musik?&#8220; ist man nat\u00fcrlich nicht eingegangen.<\/p>\n<p>Ich zitiere aus dem Artikel von Ulrich Stock, der Anna-Lena Schnabel zitiert:<\/p>\n<blockquote><p>&#8222;Ich dachte, es ist die Aufgabe des \u00d6ffentlichen-Rechtlichen, Dinge zu zeigen, die das Private nicht zeigen kann&#8220;, sagt sie. Tats\u00e4chlich werde die Kunst heute aber einer &#8222;Wirtschaftszensur&#8220; unterworfen, &#8222;da geht es nur noch um Geld, Einschaltquoten und Popularit\u00e4t und nicht um irgendwelche Ideale&#8220;.<\/p><\/blockquote>\n<p>Traurige, leider dauerhafte Erkenntnis.<\/p>\n","protected":false},"excerpt":{"rendered":"<p>Heute abend auf 3sat ab 22:05. Als die hochbegabte Saxophonistin Anna-Lena Schnabel den &#8222;Echo Jazz&#8220; 2017 erh\u00e4lt, erlebt sie den prinzipiellen Konflikt zwischen Authentizit\u00e4t und Erfolg im Musikbusiness. Anna-Lena Schnabel w\u00e4chst in einfachen Verh\u00e4ltnissen auf, dank ihrer Hochbegabung macht sie ihr Abitur mit Eins. Eine sichere Zukunft steht ihr offen, w\u00e4re da nicht die Leidenschaft f\u00fcr Musik: Statt Psychologie, Jura oder Lehramt zu studieren, wird sie professionelle Jazzsaxophonistin und m\u00f6chte nur von ihrer Musik leben. Freunde, Familie, selbst Jazzmusiker warnen sie, denn als Frau hat man es doppelt schwer, sich in der traditionell m\u00e4nnlich gepr\u00e4gten Szene durchzusetzen. Dank Stipendien und Preisen l\u00e4uft es jedoch erstmal, Mitmusiker und Medien sind beeindruckt. So virtuos, facettenreich und vor allem so schonungslos ehrlich gibt sonst niemand sein Innerstes musikalisch preis. Doch ausgerechnet dieses Markenzeichen steht Schnabel bei ihrem Ziel, vom Jazz zu leben, im Weg &#8211; denn ihre Musik ist nicht gef\u00e4llig und verbiegen l\u00e4sst sie sich nicht. Als die junge Musikerin 2017 den renommierten Musikpreis &#8222;Echo Jazz&#8220; erh\u00e4lt, sieht sie die Chance, mehr Menschen zu erreichen. Denn die Veranstaltung wird im Fernsehen \u00fcbertragen. Doch die Umst\u00e4nde der Preisverleihung &hellip;<\/p>\n","protected":false},"author":2,"featured_media":13946,"comment_status":"open","ping_status":"closed","sticky":false,"template":"","format":"standard","meta":{"_jetpack_memberships_contains_paid_content":false,"footnotes":"","jetpack_publicize_message":"","jetpack_publicize_feature_enabled":true,"jetpack_social_post_already_shared":false,"jetpack_social_options":{"image_generator_settings":{"template":"highway","default_image_id":0,"font":"","enabled":false},"version":2}},"categories":[82],"tags":[1325,1610,157,281,404,562],"coauthors":[680],"class_list":["post-13945","post","type-post","status-publish","format-standard","has-post-thumbnail","hentry","category-blog","tag-anna-lena-schnabel","tag-dieter-gorny","tag-echo-jazz","tag-jazzmusiker","tag-musikindustrie","tag-tv"],"yoast_head":"<!-- This site is optimized with the Yoast SEO plugin v27.5 - https:\/\/yoast.com\/product\/yoast-seo-wordpress\/ -->\n<title>TV-Tipp: Der Preis der Anna-Lena Schnabel (3sat) \u2013 und ein medienpolitisches \u00c4rgernis - JazzZeitung<\/title>\n<meta name=\"robots\" content=\"index, follow, max-snippet:-1, max-image-preview:large, max-video-preview:-1\" \/>\n<link rel=\"canonical\" href=\"https:\/\/www.jazzzeitung.de\/cms\/2017\/10\/tv-tipp-der-preis-der-anna-lena-schnabel-3sat\/\" \/>\n<meta property=\"og:locale\" content=\"de_DE\" \/>\n<meta property=\"og:type\" content=\"article\" \/>\n<meta property=\"og:title\" content=\"TV-Tipp: Der Preis der Anna-Lena Schnabel (3sat) \u2013 und ein medienpolitisches \u00c4rgernis - JazzZeitung\" \/>\n<meta property=\"og:description\" content=\"Heute abend auf 3sat ab 22:05. Als die hochbegabte Saxophonistin Anna-Lena Schnabel den &#8222;Echo Jazz&#8220; 2017 erh\u00e4lt, erlebt sie den prinzipiellen Konflikt zwischen Authentizit\u00e4t und Erfolg im Musikbusiness. Anna-Lena Schnabel w\u00e4chst in einfachen Verh\u00e4ltnissen auf, dank ihrer Hochbegabung macht sie ihr Abitur mit Eins. Eine sichere Zukunft steht ihr offen, w\u00e4re da nicht die Leidenschaft f\u00fcr Musik: Statt Psychologie, Jura oder Lehramt zu studieren, wird sie professionelle Jazzsaxophonistin und m\u00f6chte nur von ihrer Musik leben. Freunde, Familie, selbst Jazzmusiker warnen sie, denn als Frau hat man es doppelt schwer, sich in der traditionell m\u00e4nnlich gepr\u00e4gten Szene durchzusetzen. Dank Stipendien und Preisen l\u00e4uft es jedoch erstmal, Mitmusiker und Medien sind beeindruckt. So virtuos, facettenreich und vor allem so schonungslos ehrlich gibt sonst niemand sein Innerstes musikalisch preis. Doch ausgerechnet dieses Markenzeichen steht Schnabel bei ihrem Ziel, vom Jazz zu leben, im Weg &#8211; denn ihre Musik ist nicht gef\u00e4llig und verbiegen l\u00e4sst sie sich nicht. Als die junge Musikerin 2017 den renommierten Musikpreis &#8222;Echo Jazz&#8220; erh\u00e4lt, sieht sie die Chance, mehr Menschen zu erreichen. Denn die Veranstaltung wird im Fernsehen \u00fcbertragen. Doch die Umst\u00e4nde der Preisverleihung &hellip;\" \/>\n<meta property=\"og:url\" content=\"https:\/\/www.jazzzeitung.de\/cms\/2017\/10\/tv-tipp-der-preis-der-anna-lena-schnabel-3sat\/\" \/>\n<meta property=\"og:site_name\" content=\"JazzZeitung\" \/>\n<meta property=\"article:publisher\" content=\"https:\/\/www.facebook.com\/JazzZeitung\/\" \/>\n<meta property=\"article:author\" content=\"https:\/\/www.facebook.com\/hufner\" \/>\n<meta property=\"article:published_time\" content=\"2017-10-21T19:22:58+00:00\" \/>\n<meta property=\"article:modified_time\" content=\"2017-10-21T19:51:46+00:00\" \/>\n<meta property=\"og:image\" content=\"https:\/\/i0.wp.com\/www.jazzzeitung.de\/cms\/wp-content\/uploads\/2017\/10\/bujazzo-schnabel_c_hufner.jpg?fit=2200%2C1650&ssl=1\" \/>\n\t<meta property=\"og:image:width\" content=\"2200\" \/>\n\t<meta property=\"og:image:height\" content=\"1650\" \/>\n\t<meta property=\"og:image:type\" content=\"image\/jpeg\" \/>\n<meta name=\"author\" content=\"Huflaikhan\" \/>\n<script type=\"application\/ld+json\" class=\"yoast-schema-graph\">{\"@context\":\"https:\\\/\\\/schema.org\",\"@graph\":[{\"@type\":\"Article\",\"@id\":\"https:\\\/\\\/www.jazzzeitung.de\\\/cms\\\/2017\\\/10\\\/tv-tipp-der-preis-der-anna-lena-schnabel-3sat\\\/#article\",\"isPartOf\":{\"@id\":\"https:\\\/\\\/www.jazzzeitung.de\\\/cms\\\/2017\\\/10\\\/tv-tipp-der-preis-der-anna-lena-schnabel-3sat\\\/\"},\"author\":{\"name\":\"Huflaikhan\",\"@id\":\"https:\\\/\\\/www.jazzzeitung.de\\\/cms\\\/#\\\/schema\\\/person\\\/1ba404714b9455401502bc409a7df45e\"},\"headline\":\"TV-Tipp: Der Preis der Anna-Lena Schnabel (3sat) \u2013 und ein medienpolitisches \u00c4rgernis\",\"datePublished\":\"2017-10-21T19:22:58+00:00\",\"dateModified\":\"2017-10-21T19:51:46+00:00\",\"mainEntityOfPage\":{\"@id\":\"https:\\\/\\\/www.jazzzeitung.de\\\/cms\\\/2017\\\/10\\\/tv-tipp-der-preis-der-anna-lena-schnabel-3sat\\\/\"},\"wordCount\":553,\"commentCount\":1,\"publisher\":{\"@id\":\"https:\\\/\\\/www.jazzzeitung.de\\\/cms\\\/#organization\"},\"image\":{\"@id\":\"https:\\\/\\\/www.jazzzeitung.de\\\/cms\\\/2017\\\/10\\\/tv-tipp-der-preis-der-anna-lena-schnabel-3sat\\\/#primaryimage\"},\"thumbnailUrl\":\"https:\\\/\\\/i0.wp.com\\\/www.jazzzeitung.de\\\/cms\\\/wp-content\\\/uploads\\\/2017\\\/10\\\/bujazzo-schnabel_c_hufner.jpg?fit=2200%2C1650&ssl=1\",\"keywords\":[\"Anna-Lena Schnabel\",\"Dieter Gorny\",\"Echo Jazz\",\"Jazzmusiker\",\"Musikindustrie\",\"TV\"],\"articleSection\":[\"Blog\"],\"inLanguage\":\"de\",\"potentialAction\":[{\"@type\":\"CommentAction\",\"name\":\"Comment\",\"target\":[\"https:\\\/\\\/www.jazzzeitung.de\\\/cms\\\/2017\\\/10\\\/tv-tipp-der-preis-der-anna-lena-schnabel-3sat\\\/#respond\"]}]},{\"@type\":\"WebPage\",\"@id\":\"https:\\\/\\\/www.jazzzeitung.de\\\/cms\\\/2017\\\/10\\\/tv-tipp-der-preis-der-anna-lena-schnabel-3sat\\\/\",\"url\":\"https:\\\/\\\/www.jazzzeitung.de\\\/cms\\\/2017\\\/10\\\/tv-tipp-der-preis-der-anna-lena-schnabel-3sat\\\/\",\"name\":\"TV-Tipp: Der Preis der Anna-Lena Schnabel (3sat) \u2013 und ein medienpolitisches \u00c4rgernis - JazzZeitung\",\"isPartOf\":{\"@id\":\"https:\\\/\\\/www.jazzzeitung.de\\\/cms\\\/#website\"},\"primaryImageOfPage\":{\"@id\":\"https:\\\/\\\/www.jazzzeitung.de\\\/cms\\\/2017\\\/10\\\/tv-tipp-der-preis-der-anna-lena-schnabel-3sat\\\/#primaryimage\"},\"image\":{\"@id\":\"https:\\\/\\\/www.jazzzeitung.de\\\/cms\\\/2017\\\/10\\\/tv-tipp-der-preis-der-anna-lena-schnabel-3sat\\\/#primaryimage\"},\"thumbnailUrl\":\"https:\\\/\\\/i0.wp.com\\\/www.jazzzeitung.de\\\/cms\\\/wp-content\\\/uploads\\\/2017\\\/10\\\/bujazzo-schnabel_c_hufner.jpg?fit=2200%2C1650&ssl=1\",\"datePublished\":\"2017-10-21T19:22:58+00:00\",\"dateModified\":\"2017-10-21T19:51:46+00:00\",\"breadcrumb\":{\"@id\":\"https:\\\/\\\/www.jazzzeitung.de\\\/cms\\\/2017\\\/10\\\/tv-tipp-der-preis-der-anna-lena-schnabel-3sat\\\/#breadcrumb\"},\"inLanguage\":\"de\",\"potentialAction\":[{\"@type\":\"ReadAction\",\"target\":[\"https:\\\/\\\/www.jazzzeitung.de\\\/cms\\\/2017\\\/10\\\/tv-tipp-der-preis-der-anna-lena-schnabel-3sat\\\/\"]}]},{\"@type\":\"ImageObject\",\"inLanguage\":\"de\",\"@id\":\"https:\\\/\\\/www.jazzzeitung.de\\\/cms\\\/2017\\\/10\\\/tv-tipp-der-preis-der-anna-lena-schnabel-3sat\\\/#primaryimage\",\"url\":\"https:\\\/\\\/i0.wp.com\\\/www.jazzzeitung.de\\\/cms\\\/wp-content\\\/uploads\\\/2017\\\/10\\\/bujazzo-schnabel_c_hufner.jpg?fit=2200%2C1650&ssl=1\",\"contentUrl\":\"https:\\\/\\\/i0.wp.com\\\/www.jazzzeitung.de\\\/cms\\\/wp-content\\\/uploads\\\/2017\\\/10\\\/bujazzo-schnabel_c_hufner.jpg?fit=2200%2C1650&ssl=1\",\"width\":2200,\"height\":1650,\"caption\":\"Anna-Lena Schnabel 2014 mit dem Bujazzo. Foto: Hufner\"},{\"@type\":\"BreadcrumbList\",\"@id\":\"https:\\\/\\\/www.jazzzeitung.de\\\/cms\\\/2017\\\/10\\\/tv-tipp-der-preis-der-anna-lena-schnabel-3sat\\\/#breadcrumb\",\"itemListElement\":[{\"@type\":\"ListItem\",\"position\":1,\"name\":\"Startseite\",\"item\":\"https:\\\/\\\/www.jazzzeitung.de\\\/cms\\\/\"},{\"@type\":\"ListItem\",\"position\":2,\"name\":\"TV-Tipp: Der Preis der Anna-Lena Schnabel (3sat) \u2013 und ein medienpolitisches \u00c4rgernis\"}]},{\"@type\":\"WebSite\",\"@id\":\"https:\\\/\\\/www.jazzzeitung.de\\\/cms\\\/#website\",\"url\":\"https:\\\/\\\/www.jazzzeitung.de\\\/cms\\\/\",\"name\":\"JazzZeitung\",\"description\":\"Jazz-News und Jazz-Kontroverses\",\"publisher\":{\"@id\":\"https:\\\/\\\/www.jazzzeitung.de\\\/cms\\\/#organization\"},\"potentialAction\":[{\"@type\":\"SearchAction\",\"target\":{\"@type\":\"EntryPoint\",\"urlTemplate\":\"https:\\\/\\\/www.jazzzeitung.de\\\/cms\\\/?s={search_term_string}\"},\"query-input\":{\"@type\":\"PropertyValueSpecification\",\"valueRequired\":true,\"valueName\":\"search_term_string\"}}],\"inLanguage\":\"de\"},{\"@type\":\"Organization\",\"@id\":\"https:\\\/\\\/www.jazzzeitung.de\\\/cms\\\/#organization\",\"name\":\"JazzZeitung online\",\"url\":\"https:\\\/\\\/www.jazzzeitung.de\\\/cms\\\/\",\"logo\":{\"@type\":\"ImageObject\",\"inLanguage\":\"de\",\"@id\":\"https:\\\/\\\/www.jazzzeitung.de\\\/cms\\\/#\\\/schema\\\/logo\\\/image\\\/\",\"url\":\"https:\\\/\\\/i0.wp.com\\\/www.jazzzeitung.de\\\/cms\\\/wp-content\\\/uploads\\\/2015\\\/08\\\/JAZZZEITUNGDE_Logo_Neu.png?fit=499%2C200&ssl=1\",\"contentUrl\":\"https:\\\/\\\/i0.wp.com\\\/www.jazzzeitung.de\\\/cms\\\/wp-content\\\/uploads\\\/2015\\\/08\\\/JAZZZEITUNGDE_Logo_Neu.png?fit=499%2C200&ssl=1\",\"width\":499,\"height\":200,\"caption\":\"JazzZeitung online\"},\"image\":{\"@id\":\"https:\\\/\\\/www.jazzzeitung.de\\\/cms\\\/#\\\/schema\\\/logo\\\/image\\\/\"},\"sameAs\":[\"https:\\\/\\\/www.facebook.com\\\/JazzZeitung\\\/\"]},{\"@type\":\"Person\",\"@id\":\"https:\\\/\\\/www.jazzzeitung.de\\\/cms\\\/#\\\/schema\\\/person\\\/1ba404714b9455401502bc409a7df45e\",\"name\":\"Huflaikhan\",\"image\":{\"@type\":\"ImageObject\",\"inLanguage\":\"de\",\"@id\":\"https:\\\/\\\/i0.wp.com\\\/www.jazzzeitung.de\\\/cms\\\/wp-content\\\/uploads\\\/2013\\\/11\\\/huf-06.jpg?resize=96%2C96&ssl=18afacd5aa7627f2840c013425f5a4164\",\"url\":\"https:\\\/\\\/i0.wp.com\\\/www.jazzzeitung.de\\\/cms\\\/wp-content\\\/uploads\\\/2013\\\/11\\\/huf-06.jpg?resize=96%2C96&ssl=1\",\"contentUrl\":\"https:\\\/\\\/i0.wp.com\\\/www.jazzzeitung.de\\\/cms\\\/wp-content\\\/uploads\\\/2013\\\/11\\\/huf-06.jpg?resize=96%2C96&ssl=1\",\"caption\":\"Huflaikhan\"},\"description\":\"Huflaikhan (aka Martin Hufner) hat Musikwissenschaft, Philosophie und Psychologie in Gie\u00dfen studiert und mit einer Arbeit \u00fcber Adorno und die Zw\u00f6lftontechnik promoviert. Seit 1995 ist er freiberuflich als Autor, Fotograf und Netzmacher unterwegs.\",\"sameAs\":[\"https:\\\/\\\/www.kritische-masse.de\\\/logbuch\",\"https:\\\/\\\/www.facebook.com\\\/hufner\"],\"url\":\"https:\\\/\\\/www.jazzzeitung.de\\\/cms\\\/author\\\/hufi\\\/\"}]}<\/script>\n<!-- \/ Yoast SEO plugin. -->","yoast_head_json":{"title":"TV-Tipp: Der Preis der Anna-Lena Schnabel (3sat) \u2013 und ein medienpolitisches \u00c4rgernis - JazzZeitung","robots":{"index":"index","follow":"follow","max-snippet":"max-snippet:-1","max-image-preview":"max-image-preview:large","max-video-preview":"max-video-preview:-1"},"canonical":"https:\/\/www.jazzzeitung.de\/cms\/2017\/10\/tv-tipp-der-preis-der-anna-lena-schnabel-3sat\/","og_locale":"de_DE","og_type":"article","og_title":"TV-Tipp: Der Preis der Anna-Lena Schnabel (3sat) \u2013 und ein medienpolitisches \u00c4rgernis - JazzZeitung","og_description":"Heute abend auf 3sat ab 22:05. Als die hochbegabte Saxophonistin Anna-Lena Schnabel den &#8222;Echo Jazz&#8220; 2017 erh\u00e4lt, erlebt sie den prinzipiellen Konflikt zwischen Authentizit\u00e4t und Erfolg im Musikbusiness. Anna-Lena Schnabel w\u00e4chst in einfachen Verh\u00e4ltnissen auf, dank ihrer Hochbegabung macht sie ihr Abitur mit Eins. Eine sichere Zukunft steht ihr offen, w\u00e4re da nicht die Leidenschaft f\u00fcr Musik: Statt Psychologie, Jura oder Lehramt zu studieren, wird sie professionelle Jazzsaxophonistin und m\u00f6chte nur von ihrer Musik leben. Freunde, Familie, selbst Jazzmusiker warnen sie, denn als Frau hat man es doppelt schwer, sich in der traditionell m\u00e4nnlich gepr\u00e4gten Szene durchzusetzen. Dank Stipendien und Preisen l\u00e4uft es jedoch erstmal, Mitmusiker und Medien sind beeindruckt. So virtuos, facettenreich und vor allem so schonungslos ehrlich gibt sonst niemand sein Innerstes musikalisch preis. Doch ausgerechnet dieses Markenzeichen steht Schnabel bei ihrem Ziel, vom Jazz zu leben, im Weg &#8211; denn ihre Musik ist nicht gef\u00e4llig und verbiegen l\u00e4sst sie sich nicht. Als die junge Musikerin 2017 den renommierten Musikpreis &#8222;Echo Jazz&#8220; erh\u00e4lt, sieht sie die Chance, mehr Menschen zu erreichen. Denn die Veranstaltung wird im Fernsehen \u00fcbertragen. Doch die Umst\u00e4nde der Preisverleihung &hellip;","og_url":"https:\/\/www.jazzzeitung.de\/cms\/2017\/10\/tv-tipp-der-preis-der-anna-lena-schnabel-3sat\/","og_site_name":"JazzZeitung","article_publisher":"https:\/\/www.facebook.com\/JazzZeitung\/","article_author":"https:\/\/www.facebook.com\/hufner","article_published_time":"2017-10-21T19:22:58+00:00","article_modified_time":"2017-10-21T19:51:46+00:00","og_image":[{"width":2200,"height":1650,"url":"https:\/\/i0.wp.com\/www.jazzzeitung.de\/cms\/wp-content\/uploads\/2017\/10\/bujazzo-schnabel_c_hufner.jpg?fit=2200%2C1650&ssl=1","type":"image\/jpeg"}],"author":"Huflaikhan","schema":{"@context":"https:\/\/schema.org","@graph":[{"@type":"Article","@id":"https:\/\/www.jazzzeitung.de\/cms\/2017\/10\/tv-tipp-der-preis-der-anna-lena-schnabel-3sat\/#article","isPartOf":{"@id":"https:\/\/www.jazzzeitung.de\/cms\/2017\/10\/tv-tipp-der-preis-der-anna-lena-schnabel-3sat\/"},"author":{"name":"Huflaikhan","@id":"https:\/\/www.jazzzeitung.de\/cms\/#\/schema\/person\/1ba404714b9455401502bc409a7df45e"},"headline":"TV-Tipp: Der Preis der Anna-Lena Schnabel (3sat) \u2013 und ein medienpolitisches \u00c4rgernis","datePublished":"2017-10-21T19:22:58+00:00","dateModified":"2017-10-21T19:51:46+00:00","mainEntityOfPage":{"@id":"https:\/\/www.jazzzeitung.de\/cms\/2017\/10\/tv-tipp-der-preis-der-anna-lena-schnabel-3sat\/"},"wordCount":553,"commentCount":1,"publisher":{"@id":"https:\/\/www.jazzzeitung.de\/cms\/#organization"},"image":{"@id":"https:\/\/www.jazzzeitung.de\/cms\/2017\/10\/tv-tipp-der-preis-der-anna-lena-schnabel-3sat\/#primaryimage"},"thumbnailUrl":"https:\/\/i0.wp.com\/www.jazzzeitung.de\/cms\/wp-content\/uploads\/2017\/10\/bujazzo-schnabel_c_hufner.jpg?fit=2200%2C1650&ssl=1","keywords":["Anna-Lena Schnabel","Dieter Gorny","Echo Jazz","Jazzmusiker","Musikindustrie","TV"],"articleSection":["Blog"],"inLanguage":"de","potentialAction":[{"@type":"CommentAction","name":"Comment","target":["https:\/\/www.jazzzeitung.de\/cms\/2017\/10\/tv-tipp-der-preis-der-anna-lena-schnabel-3sat\/#respond"]}]},{"@type":"WebPage","@id":"https:\/\/www.jazzzeitung.de\/cms\/2017\/10\/tv-tipp-der-preis-der-anna-lena-schnabel-3sat\/","url":"https:\/\/www.jazzzeitung.de\/cms\/2017\/10\/tv-tipp-der-preis-der-anna-lena-schnabel-3sat\/","name":"TV-Tipp: Der Preis der Anna-Lena Schnabel (3sat) \u2013 und ein medienpolitisches \u00c4rgernis - JazzZeitung","isPartOf":{"@id":"https:\/\/www.jazzzeitung.de\/cms\/#website"},"primaryImageOfPage":{"@id":"https:\/\/www.jazzzeitung.de\/cms\/2017\/10\/tv-tipp-der-preis-der-anna-lena-schnabel-3sat\/#primaryimage"},"image":{"@id":"https:\/\/www.jazzzeitung.de\/cms\/2017\/10\/tv-tipp-der-preis-der-anna-lena-schnabel-3sat\/#primaryimage"},"thumbnailUrl":"https:\/\/i0.wp.com\/www.jazzzeitung.de\/cms\/wp-content\/uploads\/2017\/10\/bujazzo-schnabel_c_hufner.jpg?fit=2200%2C1650&ssl=1","datePublished":"2017-10-21T19:22:58+00:00","dateModified":"2017-10-21T19:51:46+00:00","breadcrumb":{"@id":"https:\/\/www.jazzzeitung.de\/cms\/2017\/10\/tv-tipp-der-preis-der-anna-lena-schnabel-3sat\/#breadcrumb"},"inLanguage":"de","potentialAction":[{"@type":"ReadAction","target":["https:\/\/www.jazzzeitung.de\/cms\/2017\/10\/tv-tipp-der-preis-der-anna-lena-schnabel-3sat\/"]}]},{"@type":"ImageObject","inLanguage":"de","@id":"https:\/\/www.jazzzeitung.de\/cms\/2017\/10\/tv-tipp-der-preis-der-anna-lena-schnabel-3sat\/#primaryimage","url":"https:\/\/i0.wp.com\/www.jazzzeitung.de\/cms\/wp-content\/uploads\/2017\/10\/bujazzo-schnabel_c_hufner.jpg?fit=2200%2C1650&ssl=1","contentUrl":"https:\/\/i0.wp.com\/www.jazzzeitung.de\/cms\/wp-content\/uploads\/2017\/10\/bujazzo-schnabel_c_hufner.jpg?fit=2200%2C1650&ssl=1","width":2200,"height":1650,"caption":"Anna-Lena Schnabel 2014 mit dem Bujazzo. Foto: Hufner"},{"@type":"BreadcrumbList","@id":"https:\/\/www.jazzzeitung.de\/cms\/2017\/10\/tv-tipp-der-preis-der-anna-lena-schnabel-3sat\/#breadcrumb","itemListElement":[{"@type":"ListItem","position":1,"name":"Startseite","item":"https:\/\/www.jazzzeitung.de\/cms\/"},{"@type":"ListItem","position":2,"name":"TV-Tipp: Der Preis der Anna-Lena Schnabel (3sat) \u2013 und ein medienpolitisches \u00c4rgernis"}]},{"@type":"WebSite","@id":"https:\/\/www.jazzzeitung.de\/cms\/#website","url":"https:\/\/www.jazzzeitung.de\/cms\/","name":"JazzZeitung","description":"Jazz-News und Jazz-Kontroverses","publisher":{"@id":"https:\/\/www.jazzzeitung.de\/cms\/#organization"},"potentialAction":[{"@type":"SearchAction","target":{"@type":"EntryPoint","urlTemplate":"https:\/\/www.jazzzeitung.de\/cms\/?s={search_term_string}"},"query-input":{"@type":"PropertyValueSpecification","valueRequired":true,"valueName":"search_term_string"}}],"inLanguage":"de"},{"@type":"Organization","@id":"https:\/\/www.jazzzeitung.de\/cms\/#organization","name":"JazzZeitung online","url":"https:\/\/www.jazzzeitung.de\/cms\/","logo":{"@type":"ImageObject","inLanguage":"de","@id":"https:\/\/www.jazzzeitung.de\/cms\/#\/schema\/logo\/image\/","url":"https:\/\/i0.wp.com\/www.jazzzeitung.de\/cms\/wp-content\/uploads\/2015\/08\/JAZZZEITUNGDE_Logo_Neu.png?fit=499%2C200&ssl=1","contentUrl":"https:\/\/i0.wp.com\/www.jazzzeitung.de\/cms\/wp-content\/uploads\/2015\/08\/JAZZZEITUNGDE_Logo_Neu.png?fit=499%2C200&ssl=1","width":499,"height":200,"caption":"JazzZeitung online"},"image":{"@id":"https:\/\/www.jazzzeitung.de\/cms\/#\/schema\/logo\/image\/"},"sameAs":["https:\/\/www.facebook.com\/JazzZeitung\/"]},{"@type":"Person","@id":"https:\/\/www.jazzzeitung.de\/cms\/#\/schema\/person\/1ba404714b9455401502bc409a7df45e","name":"Huflaikhan","image":{"@type":"ImageObject","inLanguage":"de","@id":"https:\/\/i0.wp.com\/www.jazzzeitung.de\/cms\/wp-content\/uploads\/2013\/11\/huf-06.jpg?resize=96%2C96&ssl=18afacd5aa7627f2840c013425f5a4164","url":"https:\/\/i0.wp.com\/www.jazzzeitung.de\/cms\/wp-content\/uploads\/2013\/11\/huf-06.jpg?resize=96%2C96&ssl=1","contentUrl":"https:\/\/i0.wp.com\/www.jazzzeitung.de\/cms\/wp-content\/uploads\/2013\/11\/huf-06.jpg?resize=96%2C96&ssl=1","caption":"Huflaikhan"},"description":"Huflaikhan (aka Martin Hufner) hat Musikwissenschaft, Philosophie und Psychologie in Gie\u00dfen studiert und mit einer Arbeit \u00fcber Adorno und die Zw\u00f6lftontechnik promoviert. Seit 1995 ist er freiberuflich als Autor, Fotograf und Netzmacher unterwegs.","sameAs":["https:\/\/www.kritische-masse.de\/logbuch","https:\/\/www.facebook.com\/hufner"],"url":"https:\/\/www.jazzzeitung.de\/cms\/author\/hufi\/"}]}},"wp-worthy-pixel":{"ignored":false,"public":"86730816fd8349f292c806d17319e5eb","server":"vg04.met.vgwort.de","url":"https:\/\/vg04.met.vgwort.de\/na\/86730816fd8349f292c806d17319e5eb"},"wp-worthy-type":"normal","jetpack_publicize_connections":[],"cc_featured_image_caption":{"caption_text":false,"source_text":false,"source_url":false},"jetpack_featured_media_url":"https:\/\/i0.wp.com\/www.jazzzeitung.de\/cms\/wp-content\/uploads\/2017\/10\/bujazzo-schnabel_c_hufner.jpg?fit=2200%2C1650&ssl=1","jetpack_shortlink":"https:\/\/wp.me\/p3KEcT-3CV","jetpack-related-posts":[{"id":12408,"url":"https:\/\/www.jazzzeitung.de\/cms\/2017\/05\/ib-sh-jazzaward-2017-an-anna-lena-schnabel\/","url_meta":{"origin":13945,"position":0},"title":"IB.SH-JazzAward 2017 an Anna-Lena Schnabel","author":"Redaktion JazzZeitung","date":"15. Mai 2017","format":false,"excerpt":"Preistr\u00e4gerin des diesj\u00e4hrigen IB.SH-JazzAward ist die Altsaxophonistin, Fl\u00f6tistin und Komponistin Anna-Lena Schnabel. Der von der Investitionsbank Schleswig-Holstein (IB.SH) gestiftete Geldpreis in H\u00f6he von 3.000 Euro wird im Rahmen von JazzBaltica 2017 verliehen. Seit 2008 wird der IB.SH-JazzAward als Auszeichnung an junge, aufstrebende Jazzmusiker vergeben. Die Verleihung des mit 3.000 Euro\u2026","rel":"","context":"In &quot;News&quot;","block_context":{"text":"News","link":"https:\/\/www.jazzzeitung.de\/cms\/thema\/nachrichten\/"},"img":{"alt_text":"","src":"https:\/\/i0.wp.com\/www.jazzzeitung.de\/cms\/wp-content\/uploads\/2017\/05\/Anna-Lena-Schnabel_Foto-Haberland-1-150x150.jpg?resize=350%2C200&ssl=1","width":350,"height":200},"classes":[]},{"id":14560,"url":"https:\/\/www.jazzzeitung.de\/cms\/2017\/12\/jazzzeitung-de-top-20-beitraege-in-2017\/","url_meta":{"origin":13945,"position":1},"title":"JazzZeitung.de: Top 20-Beitr\u00e4ge in 2017","author":"Huflaikhan","date":"15. Dezember 2017","format":false,"excerpt":"Ein kleiner R\u00fcckblick auf das jahr 2017. Was waren die am h\u00e4ufigsten abgerufenen Beitr\u00e4ge aus diesem Jahr. Unsere Liste: Pat Metheny 2017 auf Welttournee Born To Be Blue: ein Chet-Baker-Film im Kino TV-Tipp: Der Preis der Anna-Lena Schnabel (3sat) \u2013 und ein medienpolitisches \u00c4rgernis Konzertierte Verantwortungslosigkeit: Der NDR und der\u2026","rel":"","context":"In &quot;Blog&quot;","block_context":{"text":"Blog","link":"https:\/\/www.jazzzeitung.de\/cms\/thema\/blog\/"},"img":{"alt_text":"JazzZeitung top 20 2017","src":"https:\/\/i0.wp.com\/www.jazzzeitung.de\/cms\/wp-content\/uploads\/2017\/12\/2017_top20_jazzzeitung.jpg?fit=1200%2C725&ssl=1&resize=350%2C200","width":350,"height":200,"srcset":"https:\/\/i0.wp.com\/www.jazzzeitung.de\/cms\/wp-content\/uploads\/2017\/12\/2017_top20_jazzzeitung.jpg?fit=1200%2C725&ssl=1&resize=350%2C200 1x, https:\/\/i0.wp.com\/www.jazzzeitung.de\/cms\/wp-content\/uploads\/2017\/12\/2017_top20_jazzzeitung.jpg?fit=1200%2C725&ssl=1&resize=525%2C300 1.5x, https:\/\/i0.wp.com\/www.jazzzeitung.de\/cms\/wp-content\/uploads\/2017\/12\/2017_top20_jazzzeitung.jpg?fit=1200%2C725&ssl=1&resize=700%2C400 2x, https:\/\/i0.wp.com\/www.jazzzeitung.de\/cms\/wp-content\/uploads\/2017\/12\/2017_top20_jazzzeitung.jpg?fit=1200%2C725&ssl=1&resize=1050%2C600 3x"},"classes":[]},{"id":14017,"url":"https:\/\/www.jazzzeitung.de\/cms\/2017\/10\/konzertierte-verantwortungslosigkeit-der-ndr-und-der-echo-jazz-2017\/","url_meta":{"origin":13945,"position":2},"title":"Konzertierte Verantwortungslosigkeit: Der NDR und der ECHO Jazz 2017","author":"Huflaikhan","date":"28. Oktober 2017","format":false,"excerpt":"Die Kontroverse um die Titelauswahl f\u00fcr den Auftritt Anna-Lena Schnabels bei Echo Jazz 2017 nimmt immer mehr Z\u00fcge der Absurdit\u00e4t an. Dabei sind die Dinge, die man wei\u00df und die Dinge, die man nicht wei\u00df mehr oder weniger bekannt. Im Konflikt sind Aussagen von Anna-Lena Schnabel, dem NDR, dem Bundesverband\u2026","rel":"","context":"In &quot;Blog&quot;","block_context":{"text":"Blog","link":"https:\/\/www.jazzzeitung.de\/cms\/thema\/blog\/"},"img":{"alt_text":"Wir m\u00fcssen drau\u00dfen bleiben. Jazz ohne Echo. Foto: Hufner","src":"https:\/\/i0.wp.com\/www.jazzzeitung.de\/cms\/wp-content\/uploads\/2017\/10\/alles_bio_qualitaet.jpg?fit=1200%2C783&ssl=1&resize=350%2C200","width":350,"height":200,"srcset":"https:\/\/i0.wp.com\/www.jazzzeitung.de\/cms\/wp-content\/uploads\/2017\/10\/alles_bio_qualitaet.jpg?fit=1200%2C783&ssl=1&resize=350%2C200 1x, https:\/\/i0.wp.com\/www.jazzzeitung.de\/cms\/wp-content\/uploads\/2017\/10\/alles_bio_qualitaet.jpg?fit=1200%2C783&ssl=1&resize=525%2C300 1.5x, https:\/\/i0.wp.com\/www.jazzzeitung.de\/cms\/wp-content\/uploads\/2017\/10\/alles_bio_qualitaet.jpg?fit=1200%2C783&ssl=1&resize=700%2C400 2x, https:\/\/i0.wp.com\/www.jazzzeitung.de\/cms\/wp-content\/uploads\/2017\/10\/alles_bio_qualitaet.jpg?fit=1200%2C783&ssl=1&resize=1050%2C600 3x"},"classes":[]},{"id":11694,"url":"https:\/\/www.jazzzeitung.de\/cms\/2017\/02\/swr-jazzpreis-2017-fuer-christian-lillinger\/","url_meta":{"origin":13945,"position":3},"title":"SWR Jazzpreis 2017 f\u00fcr Christian Lillinger","author":"Redaktion JazzZeitung","date":"15. Februar 2017","format":false,"excerpt":"Christian Lillinger erh\u00e4lt den je zur H\u00e4lfte vom Land Rheinland-Pfalz und vom S\u00fcdwestrundfunk gestifteten SWR Jazzpreis 2017. Dem 1984 in L\u00fcbben geborenen Schlagzeuger wird die Auszeichnung im kommenden Herbst beim Internationalen Festival \u201eEnjoy Jazz\u201c in Ludwigshafen \u00fcberreicht. Ebenfalls nominiert f\u00fcr den SWR Jazzpreis waren der Pianist Simon Nabatov, die Cellistin\u2026","rel":"","context":"In &quot;News&quot;","block_context":{"text":"News","link":"https:\/\/www.jazzzeitung.de\/cms\/thema\/nachrichten\/"},"img":{"alt_text":"","src":"https:\/\/i0.wp.com\/www.jazzzeitung.de\/cms\/wp-content\/uploads\/2017\/02\/1_SWR_Jazzpreis_2017-Christian-Lillinger.jpg?resize=350%2C200","width":350,"height":200,"srcset":"https:\/\/i0.wp.com\/www.jazzzeitung.de\/cms\/wp-content\/uploads\/2017\/02\/1_SWR_Jazzpreis_2017-Christian-Lillinger.jpg?resize=350%2C200 1x, https:\/\/i0.wp.com\/www.jazzzeitung.de\/cms\/wp-content\/uploads\/2017\/02\/1_SWR_Jazzpreis_2017-Christian-Lillinger.jpg?resize=525%2C300 1.5x, https:\/\/i0.wp.com\/www.jazzzeitung.de\/cms\/wp-content\/uploads\/2017\/02\/1_SWR_Jazzpreis_2017-Christian-Lillinger.jpg?resize=700%2C400 2x, https:\/\/i0.wp.com\/www.jazzzeitung.de\/cms\/wp-content\/uploads\/2017\/02\/1_SWR_Jazzpreis_2017-Christian-Lillinger.jpg?resize=1050%2C600 3x, https:\/\/i0.wp.com\/www.jazzzeitung.de\/cms\/wp-content\/uploads\/2017\/02\/1_SWR_Jazzpreis_2017-Christian-Lillinger.jpg?resize=1400%2C800 4x"},"classes":[]},{"id":14622,"url":"https:\/\/www.jazzzeitung.de\/cms\/2017\/12\/das-jazzahead-2018-showcase-programm-steht-fest\/","url_meta":{"origin":13945,"position":4},"title":"Das jazzahead! 2018 Showcase Programm steht fest","author":"Redaktion JazzZeitung","date":"27. Dezember 2017","format":false,"excerpt":"Aus insgesamt 609 Bewerbungen aus 49 L\u00e4ndern w\u00e4hlten die Jurys die 40 Acts, die vom 19.-22. April im Rahmen der internationalen Jazz-Fachmesse auf der B\u00fchne stehen werden. In den Modulen Polish Night, European Jazz Meeting, German Jazz Expo und Overseas Night pr\u00e4sentieren sich die Bands auf drei B\u00fchnen, zwei in\u2026","rel":"","context":"In &quot;News&quot;","block_context":{"text":"News","link":"https:\/\/www.jazzzeitung.de\/cms\/thema\/nachrichten\/"},"img":{"alt_text":"German Jazz Expo: Anna-Lena Schnabel Quartett. Foto: Sven Haberland","src":"https:\/\/i0.wp.com\/www.jazzzeitung.de\/cms\/wp-content\/uploads\/2017\/12\/jazz18_GJE_Anna-Lena_Schnabel_Quartett_c_Sven_Haberland.jpg?fit=1200%2C800&ssl=1&resize=350%2C200","width":350,"height":200,"srcset":"https:\/\/i0.wp.com\/www.jazzzeitung.de\/cms\/wp-content\/uploads\/2017\/12\/jazz18_GJE_Anna-Lena_Schnabel_Quartett_c_Sven_Haberland.jpg?fit=1200%2C800&ssl=1&resize=350%2C200 1x, https:\/\/i0.wp.com\/www.jazzzeitung.de\/cms\/wp-content\/uploads\/2017\/12\/jazz18_GJE_Anna-Lena_Schnabel_Quartett_c_Sven_Haberland.jpg?fit=1200%2C800&ssl=1&resize=525%2C300 1.5x, https:\/\/i0.wp.com\/www.jazzzeitung.de\/cms\/wp-content\/uploads\/2017\/12\/jazz18_GJE_Anna-Lena_Schnabel_Quartett_c_Sven_Haberland.jpg?fit=1200%2C800&ssl=1&resize=700%2C400 2x, https:\/\/i0.wp.com\/www.jazzzeitung.de\/cms\/wp-content\/uploads\/2017\/12\/jazz18_GJE_Anna-Lena_Schnabel_Quartett_c_Sven_Haberland.jpg?fit=1200%2C800&ssl=1&resize=1050%2C600 3x"},"classes":[]},{"id":13720,"url":"https:\/\/www.jazzzeitung.de\/cms\/2017\/10\/die-jazz-radio-woche-vom-16-10-bis-22-10-2017\/","url_meta":{"origin":13945,"position":5},"title":"Die Jazz-Radio-Woche vom 16.10. bis 22.10.2017","author":"Martin Hufner","date":"15. Oktober 2017","format":false,"excerpt":"Ein subjektiver Blick in die Jazzkalenderwoche 42 im Radio. Unter anderem feiert Dizzy Gillespie seinen 100. Geburtstag, an Geri Allen erinnert Karl Lippegaus. Ansonsten: Jazz Meets India bei den Donaueschinger Musiktagen 1967, S\u00e4ngerin Sarah Vaughan, Anna-Lena Schnabel & Florian Weber, Orchester Kurt Edelhagen, Shirley Horn, Tony Allen, Shabaka Hutchings, Johannes\u2026","rel":"","context":"In &quot;Radio&quot;","block_context":{"text":"Radio","link":"https:\/\/www.jazzzeitung.de\/cms\/thema\/radio\/"},"img":{"alt_text":"Jazz im Radio","src":"https:\/\/i0.wp.com\/www.jazzzeitung.de\/cms\/wp-content\/uploads\/2017\/10\/radio-jazz-neu.jpg?fit=1200%2C900&ssl=1&resize=350%2C200","width":350,"height":200,"srcset":"https:\/\/i0.wp.com\/www.jazzzeitung.de\/cms\/wp-content\/uploads\/2017\/10\/radio-jazz-neu.jpg?fit=1200%2C900&ssl=1&resize=350%2C200 1x, https:\/\/i0.wp.com\/www.jazzzeitung.de\/cms\/wp-content\/uploads\/2017\/10\/radio-jazz-neu.jpg?fit=1200%2C900&ssl=1&resize=525%2C300 1.5x, https:\/\/i0.wp.com\/www.jazzzeitung.de\/cms\/wp-content\/uploads\/2017\/10\/radio-jazz-neu.jpg?fit=1200%2C900&ssl=1&resize=700%2C400 2x, https:\/\/i0.wp.com\/www.jazzzeitung.de\/cms\/wp-content\/uploads\/2017\/10\/radio-jazz-neu.jpg?fit=1200%2C900&ssl=1&resize=1050%2C600 3x"},"classes":[]}],"jetpack_sharing_enabled":true,"_links":{"self":[{"href":"https:\/\/www.jazzzeitung.de\/cms\/wp-json\/wp\/v2\/posts\/13945","targetHints":{"allow":["GET"]}}],"collection":[{"href":"https:\/\/www.jazzzeitung.de\/cms\/wp-json\/wp\/v2\/posts"}],"about":[{"href":"https:\/\/www.jazzzeitung.de\/cms\/wp-json\/wp\/v2\/types\/post"}],"author":[{"embeddable":true,"href":"https:\/\/www.jazzzeitung.de\/cms\/wp-json\/wp\/v2\/users\/2"}],"replies":[{"embeddable":true,"href":"https:\/\/www.jazzzeitung.de\/cms\/wp-json\/wp\/v2\/comments?post=13945"}],"version-history":[{"count":6,"href":"https:\/\/www.jazzzeitung.de\/cms\/wp-json\/wp\/v2\/posts\/13945\/revisions"}],"predecessor-version":[{"id":13953,"href":"https:\/\/www.jazzzeitung.de\/cms\/wp-json\/wp\/v2\/posts\/13945\/revisions\/13953"}],"wp:featuredmedia":[{"embeddable":true,"href":"https:\/\/www.jazzzeitung.de\/cms\/wp-json\/wp\/v2\/media\/13946"}],"wp:attachment":[{"href":"https:\/\/www.jazzzeitung.de\/cms\/wp-json\/wp\/v2\/media?parent=13945"}],"wp:term":[{"taxonomy":"category","embeddable":true,"href":"https:\/\/www.jazzzeitung.de\/cms\/wp-json\/wp\/v2\/categories?post=13945"},{"taxonomy":"post_tag","embeddable":true,"href":"https:\/\/www.jazzzeitung.de\/cms\/wp-json\/wp\/v2\/tags?post=13945"},{"taxonomy":"author","embeddable":true,"href":"https:\/\/www.jazzzeitung.de\/cms\/wp-json\/wp\/v2\/coauthors?post=13945"}],"curies":[{"name":"wp","href":"https:\/\/api.w.org\/{rel}","templated":true}]}}