{"id":13916,"date":"2017-10-18T08:56:19","date_gmt":"2017-10-18T06:56:19","guid":{"rendered":"https:\/\/www.jazzzeitung.de\/cms\/?p=13916"},"modified":"2017-10-18T09:04:57","modified_gmt":"2017-10-18T07:04:57","slug":"doku-planet-9-on-composing-feminism-and-human-rights","status":"publish","type":"post","link":"https:\/\/www.jazzzeitung.de\/cms\/2017\/10\/doku-planet-9-on-composing-feminism-and-human-rights\/","title":{"rendered":"Doku: Planet 9 \u2013 ON COMPOSING, FEMINISM AND HUMAN RIGHTS"},"content":{"rendered":"<p>Mit einem <a href=\"https:\/\/www.udk-berlin.de\/universitaet\/mediathek\/imagefilme\/dokumentation\/planet-9-on-composing-feminism-and-human-rights\/\">Selbstportrait hat das Jazz-Kollektiv Planet 9<\/a> (vom Jazz-Institut Berlin) seine T\u00e4tigkeit in einem 30-min\u00fctigen Film dokumentiert. Unter anderem diskutieren Julia H\u00fclsmann und die Studierende Mia Knop Jacobsen die Rolle von Frauen in der Jazzszene vor allem auch in der Ausbildung sowie den Zusammenhang von Geschlecht und Karriere. Unter anderem erw\u00e4hnt Julia H\u00fclsmann beispielsweise, dass es an deutschen Hochschulen zur Zeit im Bereich Jazz\/Instrumentalausbildung keine einzige Professorin gibt. Im weiteren Verlauf des Filmes werden weitere vier Planet9-Teilnehmerinnen vorgestellt.<!--more--><\/p>\n<p>Ein bisschen problematisch ist, dass der Film nur im Flashformat vorliegt \u2013 einem Format, das mittlerweile auf zahlreichen Rechner, Smartphones \u2026 aus Gr\u00fcnden der Unsicherheit nicht mehr abgespielt wird. Daf\u00fcr ist die Doku wahlweise englisch oder deutsch untertitelt. Schade auch, dass f\u00fcr die Verbreitung nicht weitere Plattformen wie beispielsweise YouTube oder Vimeo gew\u00e4hlt worden sind.<\/p>\n<p>Zum Projekt selbst darf man auf der <a href=\"https:\/\/www.udk-berlin.de\/universitaet\/mediathek\/imagefilme\/dokumentation\/planet-9-on-composing-feminism-and-human-rights\/\">Website folgende Erl\u00e4uterungen lesen<\/a>:<\/p>\n<blockquote><p>Der Film Planet 9. ON COMPOSING, FEMINISM AND HUMAN RIGHTS dokumentiert Stimmen des gleichnamigen Jazz-Kollektivs, das 2016\/17 von den studentischen Frauenbeauftragten des Jazz-Instituts Berlin an der UdK Berlin initiiert wurde.<\/p>\n<p>Julia H\u00fclsmann, die k\u00fcnstlerische Leiterin des Projektes und Mia Knop Jacobsen werfen einen kritischen Blick auf die m\u00e4nnliche Dominanz in der heutigen Jazzszene und vier weitere Komponistinnen geben Einblicke in ihre k\u00fcnstlerische Arbeit.<\/p>\n<p>Dieser Film entstand 2017 im Rahmen des vom Berliner ChancengleichheitsProgramm BCP gef\u00f6rderten Projektes \u201eChancengleichheit sichtbar machen!\u201c<\/p><\/blockquote>\n<ul>\n<li>Regie: Vicky Kiefer<\/li>\n<li>Kamera: Manuela Conti<\/li>\n<li>Produktionsassistentin: Stephi Meyer<\/li>\n<\/ul>\n<p><a href=\"https:\/\/www.udk-berlin.de\/universitaet\/mediathek\/imagefilme\/dokumentation\/planet-9-on-composing-feminism-and-human-rights\/\">https:\/\/www.udk-berlin.de\/universitaet\/mediathek\/imagefilme\/dokumentation\/planet-9-on-composing-feminism-and-human-rights\/<\/a><\/p>\n<hr \/>\n<p style=\"padding-left: 30px;\"><strong>CD-Info Planet 9:<\/strong> \u201eDas <a href=\"http:\/\/www.jazz-institut-berlin.de\/\" target=\"blank\">Jazz-Institut Berlin<\/a> (JIB) pr\u00e4sentiert studentische Eigenkompositionen zu den Themen Feminismus, Menschenrechte und Gender Equality. Das am Jazz-Institut Berlin entstandene Projekt &#8222;Planet 9&#8220; greift die j\u00fcngste Entdeckung des Planeten Nummer 9 auf und setzt ein musikalisches Statement, das sich Geh\u00f6r f\u00fcr Vielfalt verschafft und strukturelle H\u00fcrden \u00fcberwindet. Unter der k\u00fcnstlerischen Leitung der Jazz-Pianistin und Komponistin Julia H\u00fclsmann entwickelten 14 Studentinnen ihre Kompositionen und spielten sie f\u00fcr dieses Album ein.\u201c (<a href=\"https:\/\/www.udk-berlin.de\/universitaet\/betont-das-label-der-udk-berlin\/katalog\/jazz-betont\/jazz-institut-berlin-planet-9\/\">Info- und Bestellseite<\/a>)<\/p>\n","protected":false},"excerpt":{"rendered":"<p>Mit einem Selbstportrait hat das Jazz-Kollektiv Planet 9 (vom Jazz-Institut Berlin) seine T\u00e4tigkeit in einem 30-min\u00fctigen Film dokumentiert. Unter anderem diskutieren Julia H\u00fclsmann und die Studierende Mia Knop Jacobsen die Rolle von Frauen in der Jazzszene vor allem auch in der Ausbildung sowie den Zusammenhang von Geschlecht und Karriere. Unter anderem erw\u00e4hnt Julia H\u00fclsmann beispielsweise, dass es an deutschen Hochschulen zur Zeit im Bereich Jazz\/Instrumentalausbildung keine einzige Professorin gibt. Im weiteren Verlauf des Filmes werden weitere vier Planet9-Teilnehmerinnen vorgestellt.<\/p>\n","protected":false},"author":18,"featured_media":13917,"comment_status":"open","ping_status":"closed","sticky":false,"template":"","format":"standard","meta":{"_jetpack_memberships_contains_paid_content":false,"footnotes":"","jetpack_publicize_message":"","jetpack_publicize_feature_enabled":true,"jetpack_social_post_already_shared":false,"jetpack_social_options":{"image_generator_settings":{"template":"highway","default_image_id":0,"font":"","enabled":false},"version":2}},"categories":[1063],"tags":[1236,1351,1595,306,1594,1593,1198],"coauthors":[695],"class_list":["post-13916","post","type-post","status-publish","format-standard","has-post-thumbnail","hentry","category-portrait","tag-dokumentation","tag-film","tag-jazz-institut-berlin","tag-julia-huelsmann","tag-mia-knop-jacobsen","tag-planet-9","tag-portrait"],"yoast_head":"<!-- This site is optimized with the Yoast SEO plugin v27.5 - https:\/\/yoast.com\/product\/yoast-seo-wordpress\/ -->\n<title>Doku: Planet 9 \u2013 ON COMPOSING, FEMINISM AND HUMAN RIGHTS - JazzZeitung<\/title>\n<meta name=\"robots\" content=\"index, follow, max-snippet:-1, max-image-preview:large, max-video-preview:-1\" \/>\n<link rel=\"canonical\" href=\"https:\/\/www.jazzzeitung.de\/cms\/2017\/10\/doku-planet-9-on-composing-feminism-and-human-rights\/\" \/>\n<meta property=\"og:locale\" content=\"de_DE\" \/>\n<meta property=\"og:type\" content=\"article\" \/>\n<meta property=\"og:title\" content=\"Doku: Planet 9 \u2013 ON COMPOSING, FEMINISM AND HUMAN RIGHTS - JazzZeitung\" \/>\n<meta property=\"og:description\" content=\"Mit einem Selbstportrait hat das Jazz-Kollektiv Planet 9 (vom Jazz-Institut Berlin) seine T\u00e4tigkeit in einem 30-min\u00fctigen Film dokumentiert. Unter anderem diskutieren Julia H\u00fclsmann und die Studierende Mia Knop Jacobsen die Rolle von Frauen in der Jazzszene vor allem auch in der Ausbildung sowie den Zusammenhang von Geschlecht und Karriere. Unter anderem erw\u00e4hnt Julia H\u00fclsmann beispielsweise, dass es an deutschen Hochschulen zur Zeit im Bereich Jazz\/Instrumentalausbildung keine einzige Professorin gibt. Im weiteren Verlauf des Filmes werden weitere vier Planet9-Teilnehmerinnen vorgestellt.\" \/>\n<meta property=\"og:url\" content=\"https:\/\/www.jazzzeitung.de\/cms\/2017\/10\/doku-planet-9-on-composing-feminism-and-human-rights\/\" \/>\n<meta property=\"og:site_name\" content=\"JazzZeitung\" \/>\n<meta property=\"article:publisher\" content=\"https:\/\/www.facebook.com\/JazzZeitung\/\" \/>\n<meta property=\"article:published_time\" content=\"2017-10-18T06:56:19+00:00\" \/>\n<meta property=\"article:modified_time\" content=\"2017-10-18T07:04:57+00:00\" \/>\n<meta property=\"og:image\" content=\"https:\/\/i0.wp.com\/www.jazzzeitung.de\/cms\/wp-content\/uploads\/2017\/10\/planet9_still.jpg?fit=1680%2C1050&ssl=1\" \/>\n\t<meta property=\"og:image:width\" content=\"1680\" \/>\n\t<meta property=\"og:image:height\" content=\"1050\" \/>\n\t<meta property=\"og:image:type\" content=\"image\/jpeg\" \/>\n<meta name=\"author\" content=\"Redaktion JazzZeitung\" \/>\n<script type=\"application\/ld+json\" class=\"yoast-schema-graph\">{\"@context\":\"https:\\\/\\\/schema.org\",\"@graph\":[{\"@type\":\"Article\",\"@id\":\"https:\\\/\\\/www.jazzzeitung.de\\\/cms\\\/2017\\\/10\\\/doku-planet-9-on-composing-feminism-and-human-rights\\\/#article\",\"isPartOf\":{\"@id\":\"https:\\\/\\\/www.jazzzeitung.de\\\/cms\\\/2017\\\/10\\\/doku-planet-9-on-composing-feminism-and-human-rights\\\/\"},\"author\":{\"name\":\"Redaktion JazzZeitung\",\"@id\":\"https:\\\/\\\/www.jazzzeitung.de\\\/cms\\\/#\\\/schema\\\/person\\\/2245b36b9cd1d24cea10f01c031fb92b\"},\"headline\":\"Doku: Planet 9 \u2013 ON COMPOSING, FEMINISM AND HUMAN RIGHTS\",\"datePublished\":\"2017-10-18T06:56:19+00:00\",\"dateModified\":\"2017-10-18T07:04:57+00:00\",\"mainEntityOfPage\":{\"@id\":\"https:\\\/\\\/www.jazzzeitung.de\\\/cms\\\/2017\\\/10\\\/doku-planet-9-on-composing-feminism-and-human-rights\\\/\"},\"wordCount\":341,\"commentCount\":0,\"publisher\":{\"@id\":\"https:\\\/\\\/www.jazzzeitung.de\\\/cms\\\/#organization\"},\"image\":{\"@id\":\"https:\\\/\\\/www.jazzzeitung.de\\\/cms\\\/2017\\\/10\\\/doku-planet-9-on-composing-feminism-and-human-rights\\\/#primaryimage\"},\"thumbnailUrl\":\"https:\\\/\\\/i0.wp.com\\\/www.jazzzeitung.de\\\/cms\\\/wp-content\\\/uploads\\\/2017\\\/10\\\/planet9_still.jpg?fit=1680%2C1050&ssl=1\",\"keywords\":[\"Dokumentation\",\"Film\",\"Jazz-Institut Berlin\",\"Julia H\u00fclsmann\",\"Mia Knop Jacobsen\",\"Planet 9\",\"Portrait\"],\"articleSection\":[\"Portrait\"],\"inLanguage\":\"de\",\"potentialAction\":[{\"@type\":\"CommentAction\",\"name\":\"Comment\",\"target\":[\"https:\\\/\\\/www.jazzzeitung.de\\\/cms\\\/2017\\\/10\\\/doku-planet-9-on-composing-feminism-and-human-rights\\\/#respond\"]}]},{\"@type\":\"WebPage\",\"@id\":\"https:\\\/\\\/www.jazzzeitung.de\\\/cms\\\/2017\\\/10\\\/doku-planet-9-on-composing-feminism-and-human-rights\\\/\",\"url\":\"https:\\\/\\\/www.jazzzeitung.de\\\/cms\\\/2017\\\/10\\\/doku-planet-9-on-composing-feminism-and-human-rights\\\/\",\"name\":\"Doku: Planet 9 \u2013 ON COMPOSING, FEMINISM AND HUMAN RIGHTS - JazzZeitung\",\"isPartOf\":{\"@id\":\"https:\\\/\\\/www.jazzzeitung.de\\\/cms\\\/#website\"},\"primaryImageOfPage\":{\"@id\":\"https:\\\/\\\/www.jazzzeitung.de\\\/cms\\\/2017\\\/10\\\/doku-planet-9-on-composing-feminism-and-human-rights\\\/#primaryimage\"},\"image\":{\"@id\":\"https:\\\/\\\/www.jazzzeitung.de\\\/cms\\\/2017\\\/10\\\/doku-planet-9-on-composing-feminism-and-human-rights\\\/#primaryimage\"},\"thumbnailUrl\":\"https:\\\/\\\/i0.wp.com\\\/www.jazzzeitung.de\\\/cms\\\/wp-content\\\/uploads\\\/2017\\\/10\\\/planet9_still.jpg?fit=1680%2C1050&ssl=1\",\"datePublished\":\"2017-10-18T06:56:19+00:00\",\"dateModified\":\"2017-10-18T07:04:57+00:00\",\"breadcrumb\":{\"@id\":\"https:\\\/\\\/www.jazzzeitung.de\\\/cms\\\/2017\\\/10\\\/doku-planet-9-on-composing-feminism-and-human-rights\\\/#breadcrumb\"},\"inLanguage\":\"de\",\"potentialAction\":[{\"@type\":\"ReadAction\",\"target\":[\"https:\\\/\\\/www.jazzzeitung.de\\\/cms\\\/2017\\\/10\\\/doku-planet-9-on-composing-feminism-and-human-rights\\\/\"]}]},{\"@type\":\"ImageObject\",\"inLanguage\":\"de\",\"@id\":\"https:\\\/\\\/www.jazzzeitung.de\\\/cms\\\/2017\\\/10\\\/doku-planet-9-on-composing-feminism-and-human-rights\\\/#primaryimage\",\"url\":\"https:\\\/\\\/i0.wp.com\\\/www.jazzzeitung.de\\\/cms\\\/wp-content\\\/uploads\\\/2017\\\/10\\\/planet9_still.jpg?fit=1680%2C1050&ssl=1\",\"contentUrl\":\"https:\\\/\\\/i0.wp.com\\\/www.jazzzeitung.de\\\/cms\\\/wp-content\\\/uploads\\\/2017\\\/10\\\/planet9_still.jpg?fit=1680%2C1050&ssl=1\",\"width\":1680,\"height\":1050,\"caption\":\"Still aus dem Film: Planet 9. ON COMPOSING, FEMINISM AND HUMAN RIGHTS\"},{\"@type\":\"BreadcrumbList\",\"@id\":\"https:\\\/\\\/www.jazzzeitung.de\\\/cms\\\/2017\\\/10\\\/doku-planet-9-on-composing-feminism-and-human-rights\\\/#breadcrumb\",\"itemListElement\":[{\"@type\":\"ListItem\",\"position\":1,\"name\":\"Startseite\",\"item\":\"https:\\\/\\\/www.jazzzeitung.de\\\/cms\\\/\"},{\"@type\":\"ListItem\",\"position\":2,\"name\":\"Doku: Planet 9 \u2013 ON COMPOSING, FEMINISM AND HUMAN RIGHTS\"}]},{\"@type\":\"WebSite\",\"@id\":\"https:\\\/\\\/www.jazzzeitung.de\\\/cms\\\/#website\",\"url\":\"https:\\\/\\\/www.jazzzeitung.de\\\/cms\\\/\",\"name\":\"JazzZeitung\",\"description\":\"Jazz-News und Jazz-Kontroverses\",\"publisher\":{\"@id\":\"https:\\\/\\\/www.jazzzeitung.de\\\/cms\\\/#organization\"},\"potentialAction\":[{\"@type\":\"SearchAction\",\"target\":{\"@type\":\"EntryPoint\",\"urlTemplate\":\"https:\\\/\\\/www.jazzzeitung.de\\\/cms\\\/?s={search_term_string}\"},\"query-input\":{\"@type\":\"PropertyValueSpecification\",\"valueRequired\":true,\"valueName\":\"search_term_string\"}}],\"inLanguage\":\"de\"},{\"@type\":\"Organization\",\"@id\":\"https:\\\/\\\/www.jazzzeitung.de\\\/cms\\\/#organization\",\"name\":\"JazzZeitung online\",\"url\":\"https:\\\/\\\/www.jazzzeitung.de\\\/cms\\\/\",\"logo\":{\"@type\":\"ImageObject\",\"inLanguage\":\"de\",\"@id\":\"https:\\\/\\\/www.jazzzeitung.de\\\/cms\\\/#\\\/schema\\\/logo\\\/image\\\/\",\"url\":\"https:\\\/\\\/i0.wp.com\\\/www.jazzzeitung.de\\\/cms\\\/wp-content\\\/uploads\\\/2015\\\/08\\\/JAZZZEITUNGDE_Logo_Neu.png?fit=499%2C200&ssl=1\",\"contentUrl\":\"https:\\\/\\\/i0.wp.com\\\/www.jazzzeitung.de\\\/cms\\\/wp-content\\\/uploads\\\/2015\\\/08\\\/JAZZZEITUNGDE_Logo_Neu.png?fit=499%2C200&ssl=1\",\"width\":499,\"height\":200,\"caption\":\"JazzZeitung online\"},\"image\":{\"@id\":\"https:\\\/\\\/www.jazzzeitung.de\\\/cms\\\/#\\\/schema\\\/logo\\\/image\\\/\"},\"sameAs\":[\"https:\\\/\\\/www.facebook.com\\\/JazzZeitung\\\/\"]},{\"@type\":\"Person\",\"@id\":\"https:\\\/\\\/www.jazzzeitung.de\\\/cms\\\/#\\\/schema\\\/person\\\/2245b36b9cd1d24cea10f01c031fb92b\",\"name\":\"Redaktion JazzZeitung\",\"image\":{\"@type\":\"ImageObject\",\"inLanguage\":\"de\",\"@id\":\"https:\\\/\\\/i0.wp.com\\\/www.jazzzeitung.de\\\/cms\\\/wp-content\\\/uploads\\\/2015\\\/08\\\/JAZZZEITUNGDE_Logo_Neu.png?resize=96%2C96&ssl=159975dcacb611b5700bd619b5daf0a7a\",\"url\":\"https:\\\/\\\/i0.wp.com\\\/www.jazzzeitung.de\\\/cms\\\/wp-content\\\/uploads\\\/2015\\\/08\\\/JAZZZEITUNGDE_Logo_Neu.png?resize=96%2C96&ssl=1\",\"contentUrl\":\"https:\\\/\\\/i0.wp.com\\\/www.jazzzeitung.de\\\/cms\\\/wp-content\\\/uploads\\\/2015\\\/08\\\/JAZZZEITUNGDE_Logo_Neu.png?resize=96%2C96&ssl=1\",\"caption\":\"Redaktion JazzZeitung\"},\"description\":\"Artikel der Redaktion der JazzZeitung.\",\"sameAs\":[\"http:\\\/\\\/www.jazzzeitung.de\\\/cms\\\/\"],\"url\":\"https:\\\/\\\/www.jazzzeitung.de\\\/cms\\\/author\\\/redaktion\\\/\"}]}<\/script>\n<!-- \/ Yoast SEO plugin. -->","yoast_head_json":{"title":"Doku: Planet 9 \u2013 ON COMPOSING, FEMINISM AND HUMAN RIGHTS - JazzZeitung","robots":{"index":"index","follow":"follow","max-snippet":"max-snippet:-1","max-image-preview":"max-image-preview:large","max-video-preview":"max-video-preview:-1"},"canonical":"https:\/\/www.jazzzeitung.de\/cms\/2017\/10\/doku-planet-9-on-composing-feminism-and-human-rights\/","og_locale":"de_DE","og_type":"article","og_title":"Doku: Planet 9 \u2013 ON COMPOSING, FEMINISM AND HUMAN RIGHTS - JazzZeitung","og_description":"Mit einem Selbstportrait hat das Jazz-Kollektiv Planet 9 (vom Jazz-Institut Berlin) seine T\u00e4tigkeit in einem 30-min\u00fctigen Film dokumentiert. Unter anderem diskutieren Julia H\u00fclsmann und die Studierende Mia Knop Jacobsen die Rolle von Frauen in der Jazzszene vor allem auch in der Ausbildung sowie den Zusammenhang von Geschlecht und Karriere. Unter anderem erw\u00e4hnt Julia H\u00fclsmann beispielsweise, dass es an deutschen Hochschulen zur Zeit im Bereich Jazz\/Instrumentalausbildung keine einzige Professorin gibt. Im weiteren Verlauf des Filmes werden weitere vier Planet9-Teilnehmerinnen vorgestellt.","og_url":"https:\/\/www.jazzzeitung.de\/cms\/2017\/10\/doku-planet-9-on-composing-feminism-and-human-rights\/","og_site_name":"JazzZeitung","article_publisher":"https:\/\/www.facebook.com\/JazzZeitung\/","article_published_time":"2017-10-18T06:56:19+00:00","article_modified_time":"2017-10-18T07:04:57+00:00","og_image":[{"width":1680,"height":1050,"url":"https:\/\/i0.wp.com\/www.jazzzeitung.de\/cms\/wp-content\/uploads\/2017\/10\/planet9_still.jpg?fit=1680%2C1050&ssl=1","type":"image\/jpeg"}],"author":"Redaktion JazzZeitung","schema":{"@context":"https:\/\/schema.org","@graph":[{"@type":"Article","@id":"https:\/\/www.jazzzeitung.de\/cms\/2017\/10\/doku-planet-9-on-composing-feminism-and-human-rights\/#article","isPartOf":{"@id":"https:\/\/www.jazzzeitung.de\/cms\/2017\/10\/doku-planet-9-on-composing-feminism-and-human-rights\/"},"author":{"name":"Redaktion JazzZeitung","@id":"https:\/\/www.jazzzeitung.de\/cms\/#\/schema\/person\/2245b36b9cd1d24cea10f01c031fb92b"},"headline":"Doku: Planet 9 \u2013 ON COMPOSING, FEMINISM AND HUMAN RIGHTS","datePublished":"2017-10-18T06:56:19+00:00","dateModified":"2017-10-18T07:04:57+00:00","mainEntityOfPage":{"@id":"https:\/\/www.jazzzeitung.de\/cms\/2017\/10\/doku-planet-9-on-composing-feminism-and-human-rights\/"},"wordCount":341,"commentCount":0,"publisher":{"@id":"https:\/\/www.jazzzeitung.de\/cms\/#organization"},"image":{"@id":"https:\/\/www.jazzzeitung.de\/cms\/2017\/10\/doku-planet-9-on-composing-feminism-and-human-rights\/#primaryimage"},"thumbnailUrl":"https:\/\/i0.wp.com\/www.jazzzeitung.de\/cms\/wp-content\/uploads\/2017\/10\/planet9_still.jpg?fit=1680%2C1050&ssl=1","keywords":["Dokumentation","Film","Jazz-Institut Berlin","Julia H\u00fclsmann","Mia Knop Jacobsen","Planet 9","Portrait"],"articleSection":["Portrait"],"inLanguage":"de","potentialAction":[{"@type":"CommentAction","name":"Comment","target":["https:\/\/www.jazzzeitung.de\/cms\/2017\/10\/doku-planet-9-on-composing-feminism-and-human-rights\/#respond"]}]},{"@type":"WebPage","@id":"https:\/\/www.jazzzeitung.de\/cms\/2017\/10\/doku-planet-9-on-composing-feminism-and-human-rights\/","url":"https:\/\/www.jazzzeitung.de\/cms\/2017\/10\/doku-planet-9-on-composing-feminism-and-human-rights\/","name":"Doku: Planet 9 \u2013 ON COMPOSING, FEMINISM AND HUMAN RIGHTS - JazzZeitung","isPartOf":{"@id":"https:\/\/www.jazzzeitung.de\/cms\/#website"},"primaryImageOfPage":{"@id":"https:\/\/www.jazzzeitung.de\/cms\/2017\/10\/doku-planet-9-on-composing-feminism-and-human-rights\/#primaryimage"},"image":{"@id":"https:\/\/www.jazzzeitung.de\/cms\/2017\/10\/doku-planet-9-on-composing-feminism-and-human-rights\/#primaryimage"},"thumbnailUrl":"https:\/\/i0.wp.com\/www.jazzzeitung.de\/cms\/wp-content\/uploads\/2017\/10\/planet9_still.jpg?fit=1680%2C1050&ssl=1","datePublished":"2017-10-18T06:56:19+00:00","dateModified":"2017-10-18T07:04:57+00:00","breadcrumb":{"@id":"https:\/\/www.jazzzeitung.de\/cms\/2017\/10\/doku-planet-9-on-composing-feminism-and-human-rights\/#breadcrumb"},"inLanguage":"de","potentialAction":[{"@type":"ReadAction","target":["https:\/\/www.jazzzeitung.de\/cms\/2017\/10\/doku-planet-9-on-composing-feminism-and-human-rights\/"]}]},{"@type":"ImageObject","inLanguage":"de","@id":"https:\/\/www.jazzzeitung.de\/cms\/2017\/10\/doku-planet-9-on-composing-feminism-and-human-rights\/#primaryimage","url":"https:\/\/i0.wp.com\/www.jazzzeitung.de\/cms\/wp-content\/uploads\/2017\/10\/planet9_still.jpg?fit=1680%2C1050&ssl=1","contentUrl":"https:\/\/i0.wp.com\/www.jazzzeitung.de\/cms\/wp-content\/uploads\/2017\/10\/planet9_still.jpg?fit=1680%2C1050&ssl=1","width":1680,"height":1050,"caption":"Still aus dem Film: Planet 9. ON COMPOSING, FEMINISM AND HUMAN RIGHTS"},{"@type":"BreadcrumbList","@id":"https:\/\/www.jazzzeitung.de\/cms\/2017\/10\/doku-planet-9-on-composing-feminism-and-human-rights\/#breadcrumb","itemListElement":[{"@type":"ListItem","position":1,"name":"Startseite","item":"https:\/\/www.jazzzeitung.de\/cms\/"},{"@type":"ListItem","position":2,"name":"Doku: Planet 9 \u2013 ON COMPOSING, FEMINISM AND HUMAN RIGHTS"}]},{"@type":"WebSite","@id":"https:\/\/www.jazzzeitung.de\/cms\/#website","url":"https:\/\/www.jazzzeitung.de\/cms\/","name":"JazzZeitung","description":"Jazz-News und Jazz-Kontroverses","publisher":{"@id":"https:\/\/www.jazzzeitung.de\/cms\/#organization"},"potentialAction":[{"@type":"SearchAction","target":{"@type":"EntryPoint","urlTemplate":"https:\/\/www.jazzzeitung.de\/cms\/?s={search_term_string}"},"query-input":{"@type":"PropertyValueSpecification","valueRequired":true,"valueName":"search_term_string"}}],"inLanguage":"de"},{"@type":"Organization","@id":"https:\/\/www.jazzzeitung.de\/cms\/#organization","name":"JazzZeitung online","url":"https:\/\/www.jazzzeitung.de\/cms\/","logo":{"@type":"ImageObject","inLanguage":"de","@id":"https:\/\/www.jazzzeitung.de\/cms\/#\/schema\/logo\/image\/","url":"https:\/\/i0.wp.com\/www.jazzzeitung.de\/cms\/wp-content\/uploads\/2015\/08\/JAZZZEITUNGDE_Logo_Neu.png?fit=499%2C200&ssl=1","contentUrl":"https:\/\/i0.wp.com\/www.jazzzeitung.de\/cms\/wp-content\/uploads\/2015\/08\/JAZZZEITUNGDE_Logo_Neu.png?fit=499%2C200&ssl=1","width":499,"height":200,"caption":"JazzZeitung online"},"image":{"@id":"https:\/\/www.jazzzeitung.de\/cms\/#\/schema\/logo\/image\/"},"sameAs":["https:\/\/www.facebook.com\/JazzZeitung\/"]},{"@type":"Person","@id":"https:\/\/www.jazzzeitung.de\/cms\/#\/schema\/person\/2245b36b9cd1d24cea10f01c031fb92b","name":"Redaktion JazzZeitung","image":{"@type":"ImageObject","inLanguage":"de","@id":"https:\/\/i0.wp.com\/www.jazzzeitung.de\/cms\/wp-content\/uploads\/2015\/08\/JAZZZEITUNGDE_Logo_Neu.png?resize=96%2C96&ssl=159975dcacb611b5700bd619b5daf0a7a","url":"https:\/\/i0.wp.com\/www.jazzzeitung.de\/cms\/wp-content\/uploads\/2015\/08\/JAZZZEITUNGDE_Logo_Neu.png?resize=96%2C96&ssl=1","contentUrl":"https:\/\/i0.wp.com\/www.jazzzeitung.de\/cms\/wp-content\/uploads\/2015\/08\/JAZZZEITUNGDE_Logo_Neu.png?resize=96%2C96&ssl=1","caption":"Redaktion JazzZeitung"},"description":"Artikel der Redaktion der JazzZeitung.","sameAs":["http:\/\/www.jazzzeitung.de\/cms\/"],"url":"https:\/\/www.jazzzeitung.de\/cms\/author\/redaktion\/"}]}},"wp-worthy-pixel":{"ignored":false,"public":null,"server":null,"url":null},"wp-worthy-type":"normal","jetpack_publicize_connections":[],"cc_featured_image_caption":{"caption_text":false,"source_text":false,"source_url":false},"jetpack_featured_media_url":"https:\/\/i0.wp.com\/www.jazzzeitung.de\/cms\/wp-content\/uploads\/2017\/10\/planet9_still.jpg?fit=1680%2C1050&ssl=1","jetpack_shortlink":"https:\/\/wp.me\/p3KEcT-3Cs","jetpack-related-posts":[{"id":12151,"url":"https:\/\/www.jazzzeitung.de\/cms\/2017\/04\/jazz-kompositionen-zu-feminismus-und-diversitaet-konzertabend-am-25-april-in-berlin\/","url_meta":{"origin":13916,"position":0},"title":"Jazz-Kompositionen zu Feminismus und Diversit\u00e4t  Konzertabend am 25. April in Berlin","author":"Redaktion JazzZeitung","date":"20. April 2017","format":false,"excerpt":"Anders l\u00e4sst es sich nicht sagen: Der Jazz ist noch immer eine M\u00e4nnerdom\u00e4ne und k\u00f6nnte weitaus vielf\u00e4ltiger sein. Daher gibt das Jazz-Institut Berlin seinen Nachwuchskomponistinnen beim Konzertabend \u201ePlanet 9\u201c am 25. April 2017 unter der Schirmherrschaft des Bundespr\u00e4sidenten, Dr. Frank-Walter Steinmeier, gezielt eine B\u00fchne. Auf Initiative von Mia Knop Jacobsen\u2026","rel":"","context":"In &quot;News&quot;","block_context":{"text":"News","link":"https:\/\/www.jazzzeitung.de\/cms\/thema\/nachrichten\/"},"img":{"alt_text":"","src":"https:\/\/i0.wp.com\/www.jazzzeitung.de\/cms\/wp-content\/uploads\/2017\/04\/Planet9_Jazz-Konzertabend_Feminismus_Copyright_Anna_Sitnikowa-150x150.jpg?resize=350%2C200","width":350,"height":200},"classes":[]},{"id":28948,"url":"https:\/\/www.jazzzeitung.de\/cms\/2023\/01\/jazz-festival-sparks-vision-feiert-premiere\/","url_meta":{"origin":13916,"position":1},"title":"Jazz-Festival &#8222;Sparks &#038; Vision&#8220; feiert Premiere","author":"Redaktion JazzZeitung","date":"24. Januar 2023","format":false,"excerpt":"Heute vor einem Monat war Heiligabend \u2013 auf ein ganz besonderes Geschenk warten wir aber noch immer. \u00d6ffnen, bzw. er\u00f6ffnen wird es am Freitag von Julia H\u00fclsmann (piano) im Stadttheater Regensburg. Und sie legt gleich noch ein Geschenk oben drauf: das Debut von \u201eHeaven Steps to Seven\u201c, ihrem neuen Septett\u2026","rel":"","context":"In &quot;News&quot;","block_context":{"text":"News","link":"https:\/\/www.jazzzeitung.de\/cms\/thema\/nachrichten\/"},"img":{"alt_text":"","src":"https:\/\/i0.wp.com\/www.jazzzeitung.de\/cms\/wp-content\/uploads\/2023\/01\/2022-03-24_SOS_306136_FotoPaelSosnowski-scaled.jpg?fit=1200%2C800&ssl=1&resize=350%2C200","width":350,"height":200,"srcset":"https:\/\/i0.wp.com\/www.jazzzeitung.de\/cms\/wp-content\/uploads\/2023\/01\/2022-03-24_SOS_306136_FotoPaelSosnowski-scaled.jpg?fit=1200%2C800&ssl=1&resize=350%2C200 1x, https:\/\/i0.wp.com\/www.jazzzeitung.de\/cms\/wp-content\/uploads\/2023\/01\/2022-03-24_SOS_306136_FotoPaelSosnowski-scaled.jpg?fit=1200%2C800&ssl=1&resize=525%2C300 1.5x, https:\/\/i0.wp.com\/www.jazzzeitung.de\/cms\/wp-content\/uploads\/2023\/01\/2022-03-24_SOS_306136_FotoPaelSosnowski-scaled.jpg?fit=1200%2C800&ssl=1&resize=700%2C400 2x, https:\/\/i0.wp.com\/www.jazzzeitung.de\/cms\/wp-content\/uploads\/2023\/01\/2022-03-24_SOS_306136_FotoPaelSosnowski-scaled.jpg?fit=1200%2C800&ssl=1&resize=1050%2C600 3x"},"classes":[]},{"id":1096,"url":"https:\/\/www.jazzzeitung.de\/cms\/2011\/06\/nmz-tv-buehne-hochsubventionierte-klassik-unterbezahlter-pop-und-jazz\/","url_meta":{"origin":13916,"position":2},"title":"nmz-TV-B\u00fchne: Hochsubventionierte Klassik &#8211; unterbezahlter Pop und Jazz?","author":"J\u00f6rg Lichtinger","date":"18. Juni 2011","format":false,"excerpt":"In unserem Post \"Wo bleibt der deutsche Jazz\" \u00fcber den ZEIT-Online-Artikel zur Deutschen Jazzszene kam k\u00fcrzlich wieder die Situation des deutschen Jazz zur Sprache. Im genannten Artikel hat unter anderem Felix Falk von Mo' Blow die fehlende Exportf\u00f6rderung f\u00fcr deutsche Bands beklagt, die es zum Beispiel in skandinavischen L\u00e4ndern sehr\u2026","rel":"","context":"In &quot;Blog&quot;","block_context":{"text":"Blog","link":"https:\/\/www.jazzzeitung.de\/cms\/thema\/blog\/"},"img":{"alt_text":"v.l.n.r.: Udo Dahmen, Ina Ke\u00dfler, Ursula Gaisa, Julia H\u00fclsmann, Peter Ortmann. Foto: nmzMedia","src":"https:\/\/i0.wp.com\/www.jazzzeitung.de\/cms\/wp-content\/uploads\/2011\/06\/M5_Subventionen_0-300x168.jpg?resize=350%2C200","width":350,"height":200},"classes":[]},{"id":1347,"url":"https:\/\/www.jazzzeitung.de\/cms\/2011\/10\/jazz-talk-in-berlin-musiker-im-gesprach-mit-der-bundespolitik\/","url_meta":{"origin":13916,"position":3},"title":"Jazz-Talk in Berlin: Musiker im Gespr\u00e4ch mit der Bundespolitik","author":"J\u00f6rg Lichtinger","date":"18. Oktober 2011","format":false,"excerpt":"Bundeskonferenz Jazz, Jazzinstitut Darmstadt und die Hessische Landesvertretung in Berlin laden ein: KONZERT \/ TALK: JAZZ TRIFFT POLITIK ... nur f\u00fcr den politischen Fr\u00fchschoppen? Gespr\u00e4ch zwischen Jazzmusikern und Bundespolitik Durch eine gro\u00dfe Anfrage der SPD-Fraktion im Bundestag zur \u201eMusikf\u00f6rderung des Bundes\u201c im April dieses Jahres und die inzwischen vorliegende Antwort\u2026","rel":"","context":"In &quot;Blog&quot;","block_context":{"text":"Blog","link":"https:\/\/www.jazzzeitung.de\/cms\/thema\/blog\/"},"img":{"alt_text":"","src":"","width":0,"height":0},"classes":[]},{"id":12198,"url":"https:\/\/www.jazzzeitung.de\/cms\/2017\/05\/12198\/","url_meta":{"origin":13916,"position":4},"title":"jazzahead in Bremen: Wenn das Showcase zum Erlebnis wird","author":"Redaktion JazzZeitung","date":"1. Mai 2017","format":false,"excerpt":"Das Abschlusswochenende der Jazzahead begann mit kulturpolitischen Diskussionen: Musiker und Musikerinnen sprachen \u00fcber das Thema Gleichberechtigung im Jazz, Vertreter von Goethe-Institut, Initiative Musik und dem neugegr\u00fcndeten Musikfond e.V. stellten ihre F\u00f6rderprogramme vor. In Conference-S\u00e4len und bei den Ausstellern herrschte reges Treiben. Sobald aber die Showcase-Konzerte begannen, gab es f\u00fcr das\u2026","rel":"","context":"In &quot;Bericht&quot;","block_context":{"text":"Bericht","link":"https:\/\/www.jazzzeitung.de\/cms\/thema\/bericht\/"},"img":{"alt_text":"","src":"https:\/\/i0.wp.com\/www.jazzzeitung.de\/cms\/wp-content\/uploads\/2017\/05\/Julia-Hlsmann_Foto-van-Loon.jpg?fit=1200%2C800&ssl=1&resize=350%2C200","width":350,"height":200,"srcset":"https:\/\/i0.wp.com\/www.jazzzeitung.de\/cms\/wp-content\/uploads\/2017\/05\/Julia-Hlsmann_Foto-van-Loon.jpg?fit=1200%2C800&ssl=1&resize=350%2C200 1x, https:\/\/i0.wp.com\/www.jazzzeitung.de\/cms\/wp-content\/uploads\/2017\/05\/Julia-Hlsmann_Foto-van-Loon.jpg?fit=1200%2C800&ssl=1&resize=525%2C300 1.5x, https:\/\/i0.wp.com\/www.jazzzeitung.de\/cms\/wp-content\/uploads\/2017\/05\/Julia-Hlsmann_Foto-van-Loon.jpg?fit=1200%2C800&ssl=1&resize=700%2C400 2x, https:\/\/i0.wp.com\/www.jazzzeitung.de\/cms\/wp-content\/uploads\/2017\/05\/Julia-Hlsmann_Foto-van-Loon.jpg?fit=1200%2C800&ssl=1&resize=1050%2C600 3x"},"classes":[]},{"id":26844,"url":"https:\/\/www.jazzzeitung.de\/cms\/2022\/03\/julia-huelsmann-trio-eroeffnet-die-12-konzert-competition-bmw-welt-jazz-award\/","url_meta":{"origin":13916,"position":5},"title":"Julia H\u00fclsmann Trio er\u00f6ffnet die 12. Konzert-Competition BMW Welt Jazz Award","author":"Redaktion JazzZeitung","date":"9. M\u00e4rz 2022","format":false,"excerpt":"Mit viel Liebe zum motivischen Detail er\u00f6ffnete das Julia H\u00fclsmann Trio die neue Runde des BMW-Welt Jazz Award. Nach der Corona-Zwangspause wollte man 2022 befreit wieder neustarten, die aktuelle politische Lage sorgte allerdings f\u00fcr eine entsprechend ged\u00e4mpfte Stimmung bei allen Teilnehmern. Das Konzert war gut besucht, die ber\u00fchmte Schlange vor\u2026","rel":"","context":"In &quot;Bericht&quot;","block_context":{"text":"Bericht","link":"https:\/\/www.jazzzeitung.de\/cms\/thema\/bericht\/"},"img":{"alt_text":"","src":"https:\/\/i0.wp.com\/www.jazzzeitung.de\/cms\/wp-content\/uploads\/2022\/03\/P1688409-Huelsman-Trio-Foto-TJ-Krebs.jpg?fit=1200%2C800&ssl=1&resize=350%2C200","width":350,"height":200,"srcset":"https:\/\/i0.wp.com\/www.jazzzeitung.de\/cms\/wp-content\/uploads\/2022\/03\/P1688409-Huelsman-Trio-Foto-TJ-Krebs.jpg?fit=1200%2C800&ssl=1&resize=350%2C200 1x, https:\/\/i0.wp.com\/www.jazzzeitung.de\/cms\/wp-content\/uploads\/2022\/03\/P1688409-Huelsman-Trio-Foto-TJ-Krebs.jpg?fit=1200%2C800&ssl=1&resize=525%2C300 1.5x, https:\/\/i0.wp.com\/www.jazzzeitung.de\/cms\/wp-content\/uploads\/2022\/03\/P1688409-Huelsman-Trio-Foto-TJ-Krebs.jpg?fit=1200%2C800&ssl=1&resize=700%2C400 2x, https:\/\/i0.wp.com\/www.jazzzeitung.de\/cms\/wp-content\/uploads\/2022\/03\/P1688409-Huelsman-Trio-Foto-TJ-Krebs.jpg?fit=1200%2C800&ssl=1&resize=1050%2C600 3x"},"classes":[]}],"jetpack_sharing_enabled":true,"_links":{"self":[{"href":"https:\/\/www.jazzzeitung.de\/cms\/wp-json\/wp\/v2\/posts\/13916","targetHints":{"allow":["GET"]}}],"collection":[{"href":"https:\/\/www.jazzzeitung.de\/cms\/wp-json\/wp\/v2\/posts"}],"about":[{"href":"https:\/\/www.jazzzeitung.de\/cms\/wp-json\/wp\/v2\/types\/post"}],"author":[{"embeddable":true,"href":"https:\/\/www.jazzzeitung.de\/cms\/wp-json\/wp\/v2\/users\/18"}],"replies":[{"embeddable":true,"href":"https:\/\/www.jazzzeitung.de\/cms\/wp-json\/wp\/v2\/comments?post=13916"}],"version-history":[{"count":4,"href":"https:\/\/www.jazzzeitung.de\/cms\/wp-json\/wp\/v2\/posts\/13916\/revisions"}],"predecessor-version":[{"id":13921,"href":"https:\/\/www.jazzzeitung.de\/cms\/wp-json\/wp\/v2\/posts\/13916\/revisions\/13921"}],"wp:featuredmedia":[{"embeddable":true,"href":"https:\/\/www.jazzzeitung.de\/cms\/wp-json\/wp\/v2\/media\/13917"}],"wp:attachment":[{"href":"https:\/\/www.jazzzeitung.de\/cms\/wp-json\/wp\/v2\/media?parent=13916"}],"wp:term":[{"taxonomy":"category","embeddable":true,"href":"https:\/\/www.jazzzeitung.de\/cms\/wp-json\/wp\/v2\/categories?post=13916"},{"taxonomy":"post_tag","embeddable":true,"href":"https:\/\/www.jazzzeitung.de\/cms\/wp-json\/wp\/v2\/tags?post=13916"},{"taxonomy":"author","embeddable":true,"href":"https:\/\/www.jazzzeitung.de\/cms\/wp-json\/wp\/v2\/coauthors?post=13916"}],"curies":[{"name":"wp","href":"https:\/\/api.w.org\/{rel}","templated":true}]}}