{"id":13797,"date":"2017-10-13T06:30:14","date_gmt":"2017-10-13T04:30:14","guid":{"rendered":"https:\/\/www.jazzzeitung.de\/cms\/?p=13797"},"modified":"2017-10-12T20:43:48","modified_gmt":"2017-10-12T18:43:48","slug":"rolling-stoned-die-tippitoppi-100-jazz-alben","status":"publish","type":"post","link":"https:\/\/www.jazzzeitung.de\/cms\/2017\/10\/rolling-stoned-die-tippitoppi-100-jazz-alben\/","title":{"rendered":"Rolling Stoned? Die Tippitoppi 100-Jazz-Alben"},"content":{"rendered":"<p>Der <a href=\"https:\/\/www.rollingstone.de\/rolling-stone-hat-gewaehlt-das-sind-die-100-besten-jazz-alben-1356759\/\">Rolling Stone hat es wieder getan<\/a>. Seit der letzten Liste mit den angeblich 100 besten Jazz-Alben stehen diejenigen f\u00fcr 2017 fest. Eine \u201eExpertenjury\u201c hat gew\u00e4hlt. Die Abweichungen zum Jahr 2013 sind irgendwie marginal. Und dann stellt man fest: Es gibt gar keine. Hat sich in den letzten vier Jahren also nichts getan? Oder sind die Experten erstaunlicherweise zu genau dem gleichen Ergebnis gekommen wie vor vier Jahren?<\/p>\n<p>N\u00f6! Der Rolling Stone w\u00e4rmt die alte Suppe von 2013 nur als den neuesten hei\u00dfen Schei\u00df wieder auf. Angeblich waren die Top 1000 am 10. Oktober dieses Jahres eine besondere Meldung wert \u2026<\/p>\n<figure id=\"attachment_13800\" aria-describedby=\"caption-attachment-13800\" style=\"width: 655px\" class=\"wp-caption aligncenter\"><a href=\"https:\/\/i0.wp.com\/www.jazzzeitung.de\/cms\/wp-content\/uploads\/2017\/10\/screenshot-www.rollingstone.de-2017-10-12-11-36-20.png?ssl=1\"><img data-recalc-dims=\"1\" loading=\"lazy\" decoding=\"async\" data-attachment-id=\"13800\" data-permalink=\"https:\/\/www.jazzzeitung.de\/cms\/2017\/10\/rolling-stoned-die-tippitoppi-100-jazz-alben\/screenshot-www-rollingstone-de-2017-10-12-11-36-20\/\" data-orig-file=\"https:\/\/i0.wp.com\/www.jazzzeitung.de\/cms\/wp-content\/uploads\/2017\/10\/screenshot-www.rollingstone.de-2017-10-12-11-36-20.png?fit=655%2C411&amp;ssl=1\" data-orig-size=\"655,411\" data-comments-opened=\"1\" data-image-meta=\"{&quot;aperture&quot;:&quot;0&quot;,&quot;credit&quot;:&quot;&quot;,&quot;camera&quot;:&quot;&quot;,&quot;caption&quot;:&quot;&quot;,&quot;created_timestamp&quot;:&quot;0&quot;,&quot;copyright&quot;:&quot;&quot;,&quot;focal_length&quot;:&quot;0&quot;,&quot;iso&quot;:&quot;0&quot;,&quot;shutter_speed&quot;:&quot;0&quot;,&quot;title&quot;:&quot;&quot;,&quot;orientation&quot;:&quot;0&quot;}\" data-image-title=\"screenshot: www.rollingstone.de-2017-10-12-11-36-20\" data-image-description=\"&lt;p&gt;screenshot: www.rollingstone.de-2017-10-12-11-36-20&lt;\/p&gt;\n\" data-image-caption=\"&lt;p&gt;screenshot: www.rollingstone.de-2017-10-12-11-36-20&lt;\/p&gt;\n\" data-large-file=\"https:\/\/i0.wp.com\/www.jazzzeitung.de\/cms\/wp-content\/uploads\/2017\/10\/screenshot-www.rollingstone.de-2017-10-12-11-36-20.png?fit=655%2C411&amp;ssl=1\" class=\"size-full wp-image-13800\" src=\"https:\/\/i0.wp.com\/www.jazzzeitung.de\/cms\/wp-content\/uploads\/2017\/10\/screenshot-www.rollingstone.de-2017-10-12-11-36-20.png?resize=655%2C411&#038;ssl=1\" alt=\"screenshot: www.rollingstone.de-2017-10-12-11-36-20\" width=\"655\" height=\"411\" srcset=\"https:\/\/i0.wp.com\/www.jazzzeitung.de\/cms\/wp-content\/uploads\/2017\/10\/screenshot-www.rollingstone.de-2017-10-12-11-36-20.png?w=655&amp;ssl=1 655w, https:\/\/i0.wp.com\/www.jazzzeitung.de\/cms\/wp-content\/uploads\/2017\/10\/screenshot-www.rollingstone.de-2017-10-12-11-36-20.png?resize=300%2C188&amp;ssl=1 300w, https:\/\/i0.wp.com\/www.jazzzeitung.de\/cms\/wp-content\/uploads\/2017\/10\/screenshot-www.rollingstone.de-2017-10-12-11-36-20.png?resize=600%2C376&amp;ssl=1 600w, https:\/\/i0.wp.com\/www.jazzzeitung.de\/cms\/wp-content\/uploads\/2017\/10\/screenshot-www.rollingstone.de-2017-10-12-11-36-20.png?resize=400%2C250&amp;ssl=1 400w\" sizes=\"auto, (max-width: 655px) 100vw, 655px\" \/><\/a><figcaption id=\"caption-attachment-13800\" class=\"wp-caption-text\">screenshot: www.rollingstone.de-2017-10-12-11-36-20<\/figcaption><\/figure>\n<p>\u2026 aber dann verlinkt man auf die Erkl\u00e4rb\u00e4rfotostrecke, so landet man schlie\u00dflich auf dem Eintrag der Website vom 19. November 2013.<\/p>\n<figure id=\"attachment_13799\" aria-describedby=\"caption-attachment-13799\" style=\"width: 625px\" class=\"wp-caption aligncenter\"><a href=\"https:\/\/i0.wp.com\/www.jazzzeitung.de\/cms\/wp-content\/uploads\/2017\/10\/screenshot-www.rollingstone.de-2017-10-12-11-37-31.png?ssl=1\"><img data-recalc-dims=\"1\" loading=\"lazy\" decoding=\"async\" data-attachment-id=\"13799\" data-permalink=\"https:\/\/www.jazzzeitung.de\/cms\/2017\/10\/rolling-stoned-die-tippitoppi-100-jazz-alben\/screenshot-www-rollingstone-de-2017-10-12-11-37-31\/\" data-orig-file=\"https:\/\/i0.wp.com\/www.jazzzeitung.de\/cms\/wp-content\/uploads\/2017\/10\/screenshot-www.rollingstone.de-2017-10-12-11-37-31.png?fit=1034%2C993&amp;ssl=1\" data-orig-size=\"1034,993\" data-comments-opened=\"1\" data-image-meta=\"{&quot;aperture&quot;:&quot;0&quot;,&quot;credit&quot;:&quot;&quot;,&quot;camera&quot;:&quot;&quot;,&quot;caption&quot;:&quot;&quot;,&quot;created_timestamp&quot;:&quot;0&quot;,&quot;copyright&quot;:&quot;&quot;,&quot;focal_length&quot;:&quot;0&quot;,&quot;iso&quot;:&quot;0&quot;,&quot;shutter_speed&quot;:&quot;0&quot;,&quot;title&quot;:&quot;&quot;,&quot;orientation&quot;:&quot;0&quot;}\" data-image-title=\"screenshot: www.rollingstone.de-2017-10-12-11-37-31\" data-image-description=\"&lt;p&gt;screenshot: www.rollingstone.de-2017-10-12-11-37-31&lt;\/p&gt;\n\" data-image-caption=\"&lt;p&gt;screenshot: www.rollingstone.de-2017-10-12-11-37-31&lt;\/p&gt;\n\" data-large-file=\"https:\/\/i0.wp.com\/www.jazzzeitung.de\/cms\/wp-content\/uploads\/2017\/10\/screenshot-www.rollingstone.de-2017-10-12-11-37-31.png?fit=625%2C600&amp;ssl=1\" class=\"size-large wp-image-13799\" src=\"https:\/\/i0.wp.com\/www.jazzzeitung.de\/cms\/wp-content\/uploads\/2017\/10\/screenshot-www.rollingstone.de-2017-10-12-11-37-31.png?resize=625%2C600&#038;ssl=1\" alt=\"screenshot: www.rollingstone.de-2017-10-12-11-37-31\" width=\"625\" height=\"600\" srcset=\"https:\/\/i0.wp.com\/www.jazzzeitung.de\/cms\/wp-content\/uploads\/2017\/10\/screenshot-www.rollingstone.de-2017-10-12-11-37-31.png?resize=625%2C600&amp;ssl=1 625w, https:\/\/i0.wp.com\/www.jazzzeitung.de\/cms\/wp-content\/uploads\/2017\/10\/screenshot-www.rollingstone.de-2017-10-12-11-37-31.png?resize=300%2C288&amp;ssl=1 300w, https:\/\/i0.wp.com\/www.jazzzeitung.de\/cms\/wp-content\/uploads\/2017\/10\/screenshot-www.rollingstone.de-2017-10-12-11-37-31.png?resize=768%2C738&amp;ssl=1 768w, https:\/\/i0.wp.com\/www.jazzzeitung.de\/cms\/wp-content\/uploads\/2017\/10\/screenshot-www.rollingstone.de-2017-10-12-11-37-31.png?resize=600%2C576&amp;ssl=1 600w, https:\/\/i0.wp.com\/www.jazzzeitung.de\/cms\/wp-content\/uploads\/2017\/10\/screenshot-www.rollingstone.de-2017-10-12-11-37-31.png?resize=24%2C24&amp;ssl=1 24w, https:\/\/i0.wp.com\/www.jazzzeitung.de\/cms\/wp-content\/uploads\/2017\/10\/screenshot-www.rollingstone.de-2017-10-12-11-37-31.png?resize=36%2C36&amp;ssl=1 36w, https:\/\/i0.wp.com\/www.jazzzeitung.de\/cms\/wp-content\/uploads\/2017\/10\/screenshot-www.rollingstone.de-2017-10-12-11-37-31.png?resize=32%2C32&amp;ssl=1 32w, https:\/\/i0.wp.com\/www.jazzzeitung.de\/cms\/wp-content\/uploads\/2017\/10\/screenshot-www.rollingstone.de-2017-10-12-11-37-31.png?w=1034&amp;ssl=1 1034w\" sizes=\"auto, (max-width: 625px) 100vw, 625px\" \/><\/a><figcaption id=\"caption-attachment-13799\" class=\"wp-caption-text\">screenshot: www.rollingstone.de-2017-10-12-11-37-31<\/figcaption><\/figure>\n<p>Neues von Vorgestern wird hier hochgekocht. Denn man wei\u00df ja, solche Listen kommen gut und gerne an, zumal weil man mit abweichenden Ergebnissen der Leserinnenschaft zu rechnen hat. Im Jazz gilt das gleiche, was auch f\u00fcr den Fussball gilt: Jede ist Expertin, alle wissen immer alles besser.<\/p>\n<p>Noch immer nicht dahinter gekommen bin ich, wie sich denn nun die Expertenjury zusammensetzt. Bleibt wohl geheim und ist auch nicht so dolle wichtig. Geht man die Liste f\u00e4llt der die Hochzeit des Jazz einfach in die Jahre 1955 bis 1972 (gef\u00fchlte 90 Prozent aller Eintr\u00e4ge) und ist im wesentlichen amerikanisch gepr\u00e4gt.<\/p>\n<p>Ausnahmen (Kommentare dazu stammen von der Rolling-Stone-Website):<\/p>\n<ul>\n<li>Peter Br\u00f6tzmann &#8211; Machine Gun (1968). Als wahrlich transnationale Kollaboration ist \u201eMachine Gun\u201c nicht nur ein Monument des europ\u00e4ischen Free Jazz aus der Fr\u00fchphase seiner Emanzipation vom afroamerikanischen Vorbild. Aufgenommen im Mai 1968, steigert die Platte vor allem die Gewalt in den Strukturen, K\u00e4mpfen und Aktionen jener Zeit ins Unermessliche. Jeder Ton schreit: Vietnam! Polizeigewalt!! Aufstand!!! OK<\/li>\n<li>Jan Johansson &#8211; Jazz P\u00c5 Svenska (1964). Schwedische Folksongs im Jazz-Arrangement.<\/li>\n<li>OM &#8211; OM With Dom Um Romao (1978). Die Schweizer Jazzrocker mit dem brasilianischen Perkussionisten Romao.<\/li>\n<li>Nils Petter Molv\u00e6r &#8211; Khmer (1998). Jazz trifft House und Drum\u2019n\u2019Bass.<\/li>\n<\/ul>\n<p>Das wars auch schon. Davon unabh\u00e4ngig: Selbst ein Art Ensemble Of Chicago, nicht mal Charlie Parker oder Count Basie, kein Ulrich Gumpert, kein John Harriot oder irgendein arabischer Musiker, kein Abdullah Ibrahim, all das findet nirgends seinen Platz. Spiegelt das irgendwas wirklich wieder, l\u00e4sst sich \u00fcberhaupt au\u00dferhalb des historischen Kontextes so etwas wie eine Top100 erstellen. Das Jazz-Gen mutiert doch schlie\u00dflich an- und ausdauernd. Und es gilt immer wieder als tot. Dazu mehr im n\u00e4chsten Beitrag.<\/p>\n<p>Was wollte ich eigentlich sagen? Achja: Ziemlich durchtriebene Aktion vom Rolling Stone \u2013 dislike.<\/p>\n","protected":false},"excerpt":{"rendered":"<p>Der Rolling Stone hat es wieder getan. Seit der letzten Liste mit den angeblich 100 besten Jazz-Alben stehen diejenigen f\u00fcr 2017 fest. Eine \u201eExpertenjury\u201c hat gew\u00e4hlt. Die Abweichungen zum Jahr 2013 sind irgendwie marginal. Und dann stellt man fest: Es gibt gar keine. Hat sich in den letzten vier Jahren also nichts getan? Oder sind die Experten erstaunlicherweise zu genau dem gleichen Ergebnis gekommen wie vor vier Jahren? N\u00f6! Der Rolling Stone w\u00e4rmt die alte Suppe von 2013 nur als den neuesten hei\u00dfen Schei\u00df wieder auf. Angeblich waren die Top 1000 am 10. Oktober dieses Jahres eine besondere Meldung wert \u2026 \u2026 aber dann verlinkt man auf die Erkl\u00e4rb\u00e4rfotostrecke, so landet man schlie\u00dflich auf dem Eintrag der Website vom 19. November 2013. Neues von Vorgestern wird hier hochgekocht. Denn man wei\u00df ja, solche Listen kommen gut und gerne an, zumal weil man mit abweichenden Ergebnissen der Leserinnenschaft zu rechnen hat. Im Jazz gilt das gleiche, was auch f\u00fcr den Fussball gilt: Jede ist Expertin, alle wissen immer alles besser. Noch immer nicht dahinter gekommen bin ich, wie sich denn nun die Expertenjury zusammensetzt. Bleibt wohl &hellip;<\/p>\n","protected":false},"author":2,"featured_media":13798,"comment_status":"open","ping_status":"open","sticky":false,"template":"","format":"standard","meta":{"_jetpack_memberships_contains_paid_content":false,"footnotes":"","jetpack_publicize_message":"","jetpack_publicize_feature_enabled":true,"jetpack_social_post_already_shared":false,"jetpack_social_options":{"image_generator_settings":{"template":"highway","default_image_id":0,"font":"","enabled":false},"version":2}},"categories":[82],"tags":[26,111,112,754,1439,1077],"coauthors":[680],"class_list":["post-13797","post","type-post","status-publish","format-standard","has-post-thumbnail","hentry","category-blog","tag-abdullah-ibrahim","tag-charlie-parker","tag-chicago","tag-free-jazz","tag-tot","tag-ulrich-gumpert"],"yoast_head":"<!-- This site is optimized with the Yoast SEO plugin v27.5 - https:\/\/yoast.com\/product\/yoast-seo-wordpress\/ -->\n<title>Rolling Stoned? Die Tippitoppi 100-Jazz-Alben - JazzZeitung<\/title>\n<meta name=\"robots\" content=\"index, follow, max-snippet:-1, max-image-preview:large, max-video-preview:-1\" \/>\n<link rel=\"canonical\" href=\"https:\/\/www.jazzzeitung.de\/cms\/2017\/10\/rolling-stoned-die-tippitoppi-100-jazz-alben\/\" \/>\n<meta property=\"og:locale\" content=\"de_DE\" \/>\n<meta property=\"og:type\" content=\"article\" \/>\n<meta property=\"og:title\" content=\"Rolling Stoned? Die Tippitoppi 100-Jazz-Alben - JazzZeitung\" \/>\n<meta property=\"og:description\" content=\"Der Rolling Stone hat es wieder getan. Seit der letzten Liste mit den angeblich 100 besten Jazz-Alben stehen diejenigen f\u00fcr 2017 fest. Eine \u201eExpertenjury\u201c hat gew\u00e4hlt. Die Abweichungen zum Jahr 2013 sind irgendwie marginal. Und dann stellt man fest: Es gibt gar keine. Hat sich in den letzten vier Jahren also nichts getan? Oder sind die Experten erstaunlicherweise zu genau dem gleichen Ergebnis gekommen wie vor vier Jahren? N\u00f6! Der Rolling Stone w\u00e4rmt die alte Suppe von 2013 nur als den neuesten hei\u00dfen Schei\u00df wieder auf. Angeblich waren die Top 1000 am 10. Oktober dieses Jahres eine besondere Meldung wert \u2026 \u2026 aber dann verlinkt man auf die Erkl\u00e4rb\u00e4rfotostrecke, so landet man schlie\u00dflich auf dem Eintrag der Website vom 19. November 2013. Neues von Vorgestern wird hier hochgekocht. Denn man wei\u00df ja, solche Listen kommen gut und gerne an, zumal weil man mit abweichenden Ergebnissen der Leserinnenschaft zu rechnen hat. Im Jazz gilt das gleiche, was auch f\u00fcr den Fussball gilt: Jede ist Expertin, alle wissen immer alles besser. Noch immer nicht dahinter gekommen bin ich, wie sich denn nun die Expertenjury zusammensetzt. Bleibt wohl &hellip;\" \/>\n<meta property=\"og:url\" content=\"https:\/\/www.jazzzeitung.de\/cms\/2017\/10\/rolling-stoned-die-tippitoppi-100-jazz-alben\/\" \/>\n<meta property=\"og:site_name\" content=\"JazzZeitung\" \/>\n<meta property=\"article:publisher\" content=\"https:\/\/www.facebook.com\/JazzZeitung\/\" \/>\n<meta property=\"article:author\" content=\"https:\/\/www.facebook.com\/hufner\" \/>\n<meta property=\"article:published_time\" content=\"2017-10-13T04:30:14+00:00\" \/>\n<meta property=\"og:image\" content=\"https:\/\/i0.wp.com\/www.jazzzeitung.de\/cms\/wp-content\/uploads\/2017\/10\/rolling_stone_c_hufner.jpg?fit=2200%2C1525&ssl=1\" \/>\n\t<meta property=\"og:image:width\" content=\"2200\" \/>\n\t<meta property=\"og:image:height\" content=\"1525\" \/>\n\t<meta property=\"og:image:type\" content=\"image\/jpeg\" \/>\n<meta name=\"author\" content=\"Huflaikhan\" \/>\n<script type=\"application\/ld+json\" class=\"yoast-schema-graph\">{\"@context\":\"https:\\\/\\\/schema.org\",\"@graph\":[{\"@type\":\"Article\",\"@id\":\"https:\\\/\\\/www.jazzzeitung.de\\\/cms\\\/2017\\\/10\\\/rolling-stoned-die-tippitoppi-100-jazz-alben\\\/#article\",\"isPartOf\":{\"@id\":\"https:\\\/\\\/www.jazzzeitung.de\\\/cms\\\/2017\\\/10\\\/rolling-stoned-die-tippitoppi-100-jazz-alben\\\/\"},\"author\":{\"name\":\"Huflaikhan\",\"@id\":\"https:\\\/\\\/www.jazzzeitung.de\\\/cms\\\/#\\\/schema\\\/person\\\/1ba404714b9455401502bc409a7df45e\"},\"headline\":\"Rolling Stoned? Die Tippitoppi 100-Jazz-Alben\",\"datePublished\":\"2017-10-13T04:30:14+00:00\",\"mainEntityOfPage\":{\"@id\":\"https:\\\/\\\/www.jazzzeitung.de\\\/cms\\\/2017\\\/10\\\/rolling-stoned-die-tippitoppi-100-jazz-alben\\\/\"},\"wordCount\":455,\"commentCount\":0,\"publisher\":{\"@id\":\"https:\\\/\\\/www.jazzzeitung.de\\\/cms\\\/#organization\"},\"image\":{\"@id\":\"https:\\\/\\\/www.jazzzeitung.de\\\/cms\\\/2017\\\/10\\\/rolling-stoned-die-tippitoppi-100-jazz-alben\\\/#primaryimage\"},\"thumbnailUrl\":\"https:\\\/\\\/i0.wp.com\\\/www.jazzzeitung.de\\\/cms\\\/wp-content\\\/uploads\\\/2017\\\/10\\\/rolling_stone_c_hufner.jpg?fit=2200%2C1525&ssl=1\",\"keywords\":[\"Abdullah Ibrahim\",\"Charlie Parker\",\"Chicago\",\"Free Jazz\",\"tot\",\"Ulrich Gumpert\"],\"articleSection\":[\"Blog\"],\"inLanguage\":\"de\",\"potentialAction\":[{\"@type\":\"CommentAction\",\"name\":\"Comment\",\"target\":[\"https:\\\/\\\/www.jazzzeitung.de\\\/cms\\\/2017\\\/10\\\/rolling-stoned-die-tippitoppi-100-jazz-alben\\\/#respond\"]}]},{\"@type\":\"WebPage\",\"@id\":\"https:\\\/\\\/www.jazzzeitung.de\\\/cms\\\/2017\\\/10\\\/rolling-stoned-die-tippitoppi-100-jazz-alben\\\/\",\"url\":\"https:\\\/\\\/www.jazzzeitung.de\\\/cms\\\/2017\\\/10\\\/rolling-stoned-die-tippitoppi-100-jazz-alben\\\/\",\"name\":\"Rolling Stoned? Die Tippitoppi 100-Jazz-Alben - JazzZeitung\",\"isPartOf\":{\"@id\":\"https:\\\/\\\/www.jazzzeitung.de\\\/cms\\\/#website\"},\"primaryImageOfPage\":{\"@id\":\"https:\\\/\\\/www.jazzzeitung.de\\\/cms\\\/2017\\\/10\\\/rolling-stoned-die-tippitoppi-100-jazz-alben\\\/#primaryimage\"},\"image\":{\"@id\":\"https:\\\/\\\/www.jazzzeitung.de\\\/cms\\\/2017\\\/10\\\/rolling-stoned-die-tippitoppi-100-jazz-alben\\\/#primaryimage\"},\"thumbnailUrl\":\"https:\\\/\\\/i0.wp.com\\\/www.jazzzeitung.de\\\/cms\\\/wp-content\\\/uploads\\\/2017\\\/10\\\/rolling_stone_c_hufner.jpg?fit=2200%2C1525&ssl=1\",\"datePublished\":\"2017-10-13T04:30:14+00:00\",\"breadcrumb\":{\"@id\":\"https:\\\/\\\/www.jazzzeitung.de\\\/cms\\\/2017\\\/10\\\/rolling-stoned-die-tippitoppi-100-jazz-alben\\\/#breadcrumb\"},\"inLanguage\":\"de\",\"potentialAction\":[{\"@type\":\"ReadAction\",\"target\":[\"https:\\\/\\\/www.jazzzeitung.de\\\/cms\\\/2017\\\/10\\\/rolling-stoned-die-tippitoppi-100-jazz-alben\\\/\"]}]},{\"@type\":\"ImageObject\",\"inLanguage\":\"de\",\"@id\":\"https:\\\/\\\/www.jazzzeitung.de\\\/cms\\\/2017\\\/10\\\/rolling-stoned-die-tippitoppi-100-jazz-alben\\\/#primaryimage\",\"url\":\"https:\\\/\\\/i0.wp.com\\\/www.jazzzeitung.de\\\/cms\\\/wp-content\\\/uploads\\\/2017\\\/10\\\/rolling_stone_c_hufner.jpg?fit=2200%2C1525&ssl=1\",\"contentUrl\":\"https:\\\/\\\/i0.wp.com\\\/www.jazzzeitung.de\\\/cms\\\/wp-content\\\/uploads\\\/2017\\\/10\\\/rolling_stone_c_hufner.jpg?fit=2200%2C1525&ssl=1\",\"width\":2200,\"height\":1525,\"caption\":\"Rolling Stone. Foto: Hufner\"},{\"@type\":\"BreadcrumbList\",\"@id\":\"https:\\\/\\\/www.jazzzeitung.de\\\/cms\\\/2017\\\/10\\\/rolling-stoned-die-tippitoppi-100-jazz-alben\\\/#breadcrumb\",\"itemListElement\":[{\"@type\":\"ListItem\",\"position\":1,\"name\":\"Startseite\",\"item\":\"https:\\\/\\\/www.jazzzeitung.de\\\/cms\\\/\"},{\"@type\":\"ListItem\",\"position\":2,\"name\":\"Rolling Stoned? Die Tippitoppi 100-Jazz-Alben\"}]},{\"@type\":\"WebSite\",\"@id\":\"https:\\\/\\\/www.jazzzeitung.de\\\/cms\\\/#website\",\"url\":\"https:\\\/\\\/www.jazzzeitung.de\\\/cms\\\/\",\"name\":\"JazzZeitung\",\"description\":\"Jazz-News und Jazz-Kontroverses\",\"publisher\":{\"@id\":\"https:\\\/\\\/www.jazzzeitung.de\\\/cms\\\/#organization\"},\"potentialAction\":[{\"@type\":\"SearchAction\",\"target\":{\"@type\":\"EntryPoint\",\"urlTemplate\":\"https:\\\/\\\/www.jazzzeitung.de\\\/cms\\\/?s={search_term_string}\"},\"query-input\":{\"@type\":\"PropertyValueSpecification\",\"valueRequired\":true,\"valueName\":\"search_term_string\"}}],\"inLanguage\":\"de\"},{\"@type\":\"Organization\",\"@id\":\"https:\\\/\\\/www.jazzzeitung.de\\\/cms\\\/#organization\",\"name\":\"JazzZeitung online\",\"url\":\"https:\\\/\\\/www.jazzzeitung.de\\\/cms\\\/\",\"logo\":{\"@type\":\"ImageObject\",\"inLanguage\":\"de\",\"@id\":\"https:\\\/\\\/www.jazzzeitung.de\\\/cms\\\/#\\\/schema\\\/logo\\\/image\\\/\",\"url\":\"https:\\\/\\\/i0.wp.com\\\/www.jazzzeitung.de\\\/cms\\\/wp-content\\\/uploads\\\/2015\\\/08\\\/JAZZZEITUNGDE_Logo_Neu.png?fit=499%2C200&ssl=1\",\"contentUrl\":\"https:\\\/\\\/i0.wp.com\\\/www.jazzzeitung.de\\\/cms\\\/wp-content\\\/uploads\\\/2015\\\/08\\\/JAZZZEITUNGDE_Logo_Neu.png?fit=499%2C200&ssl=1\",\"width\":499,\"height\":200,\"caption\":\"JazzZeitung online\"},\"image\":{\"@id\":\"https:\\\/\\\/www.jazzzeitung.de\\\/cms\\\/#\\\/schema\\\/logo\\\/image\\\/\"},\"sameAs\":[\"https:\\\/\\\/www.facebook.com\\\/JazzZeitung\\\/\"]},{\"@type\":\"Person\",\"@id\":\"https:\\\/\\\/www.jazzzeitung.de\\\/cms\\\/#\\\/schema\\\/person\\\/1ba404714b9455401502bc409a7df45e\",\"name\":\"Huflaikhan\",\"image\":{\"@type\":\"ImageObject\",\"inLanguage\":\"de\",\"@id\":\"https:\\\/\\\/i0.wp.com\\\/www.jazzzeitung.de\\\/cms\\\/wp-content\\\/uploads\\\/2013\\\/11\\\/huf-06.jpg?resize=96%2C96&ssl=18afacd5aa7627f2840c013425f5a4164\",\"url\":\"https:\\\/\\\/i0.wp.com\\\/www.jazzzeitung.de\\\/cms\\\/wp-content\\\/uploads\\\/2013\\\/11\\\/huf-06.jpg?resize=96%2C96&ssl=1\",\"contentUrl\":\"https:\\\/\\\/i0.wp.com\\\/www.jazzzeitung.de\\\/cms\\\/wp-content\\\/uploads\\\/2013\\\/11\\\/huf-06.jpg?resize=96%2C96&ssl=1\",\"caption\":\"Huflaikhan\"},\"description\":\"Huflaikhan (aka Martin Hufner) hat Musikwissenschaft, Philosophie und Psychologie in Gie\u00dfen studiert und mit einer Arbeit \u00fcber Adorno und die Zw\u00f6lftontechnik promoviert. Seit 1995 ist er freiberuflich als Autor, Fotograf und Netzmacher unterwegs.\",\"sameAs\":[\"https:\\\/\\\/www.kritische-masse.de\\\/logbuch\",\"https:\\\/\\\/www.facebook.com\\\/hufner\"],\"url\":\"https:\\\/\\\/www.jazzzeitung.de\\\/cms\\\/author\\\/hufi\\\/\"}]}<\/script>\n<!-- \/ Yoast SEO plugin. -->","yoast_head_json":{"title":"Rolling Stoned? Die Tippitoppi 100-Jazz-Alben - JazzZeitung","robots":{"index":"index","follow":"follow","max-snippet":"max-snippet:-1","max-image-preview":"max-image-preview:large","max-video-preview":"max-video-preview:-1"},"canonical":"https:\/\/www.jazzzeitung.de\/cms\/2017\/10\/rolling-stoned-die-tippitoppi-100-jazz-alben\/","og_locale":"de_DE","og_type":"article","og_title":"Rolling Stoned? Die Tippitoppi 100-Jazz-Alben - JazzZeitung","og_description":"Der Rolling Stone hat es wieder getan. Seit der letzten Liste mit den angeblich 100 besten Jazz-Alben stehen diejenigen f\u00fcr 2017 fest. Eine \u201eExpertenjury\u201c hat gew\u00e4hlt. Die Abweichungen zum Jahr 2013 sind irgendwie marginal. Und dann stellt man fest: Es gibt gar keine. Hat sich in den letzten vier Jahren also nichts getan? Oder sind die Experten erstaunlicherweise zu genau dem gleichen Ergebnis gekommen wie vor vier Jahren? N\u00f6! Der Rolling Stone w\u00e4rmt die alte Suppe von 2013 nur als den neuesten hei\u00dfen Schei\u00df wieder auf. Angeblich waren die Top 1000 am 10. Oktober dieses Jahres eine besondere Meldung wert \u2026 \u2026 aber dann verlinkt man auf die Erkl\u00e4rb\u00e4rfotostrecke, so landet man schlie\u00dflich auf dem Eintrag der Website vom 19. November 2013. Neues von Vorgestern wird hier hochgekocht. Denn man wei\u00df ja, solche Listen kommen gut und gerne an, zumal weil man mit abweichenden Ergebnissen der Leserinnenschaft zu rechnen hat. Im Jazz gilt das gleiche, was auch f\u00fcr den Fussball gilt: Jede ist Expertin, alle wissen immer alles besser. Noch immer nicht dahinter gekommen bin ich, wie sich denn nun die Expertenjury zusammensetzt. Bleibt wohl &hellip;","og_url":"https:\/\/www.jazzzeitung.de\/cms\/2017\/10\/rolling-stoned-die-tippitoppi-100-jazz-alben\/","og_site_name":"JazzZeitung","article_publisher":"https:\/\/www.facebook.com\/JazzZeitung\/","article_author":"https:\/\/www.facebook.com\/hufner","article_published_time":"2017-10-13T04:30:14+00:00","og_image":[{"width":2200,"height":1525,"url":"https:\/\/i0.wp.com\/www.jazzzeitung.de\/cms\/wp-content\/uploads\/2017\/10\/rolling_stone_c_hufner.jpg?fit=2200%2C1525&ssl=1","type":"image\/jpeg"}],"author":"Huflaikhan","schema":{"@context":"https:\/\/schema.org","@graph":[{"@type":"Article","@id":"https:\/\/www.jazzzeitung.de\/cms\/2017\/10\/rolling-stoned-die-tippitoppi-100-jazz-alben\/#article","isPartOf":{"@id":"https:\/\/www.jazzzeitung.de\/cms\/2017\/10\/rolling-stoned-die-tippitoppi-100-jazz-alben\/"},"author":{"name":"Huflaikhan","@id":"https:\/\/www.jazzzeitung.de\/cms\/#\/schema\/person\/1ba404714b9455401502bc409a7df45e"},"headline":"Rolling Stoned? Die Tippitoppi 100-Jazz-Alben","datePublished":"2017-10-13T04:30:14+00:00","mainEntityOfPage":{"@id":"https:\/\/www.jazzzeitung.de\/cms\/2017\/10\/rolling-stoned-die-tippitoppi-100-jazz-alben\/"},"wordCount":455,"commentCount":0,"publisher":{"@id":"https:\/\/www.jazzzeitung.de\/cms\/#organization"},"image":{"@id":"https:\/\/www.jazzzeitung.de\/cms\/2017\/10\/rolling-stoned-die-tippitoppi-100-jazz-alben\/#primaryimage"},"thumbnailUrl":"https:\/\/i0.wp.com\/www.jazzzeitung.de\/cms\/wp-content\/uploads\/2017\/10\/rolling_stone_c_hufner.jpg?fit=2200%2C1525&ssl=1","keywords":["Abdullah Ibrahim","Charlie Parker","Chicago","Free Jazz","tot","Ulrich Gumpert"],"articleSection":["Blog"],"inLanguage":"de","potentialAction":[{"@type":"CommentAction","name":"Comment","target":["https:\/\/www.jazzzeitung.de\/cms\/2017\/10\/rolling-stoned-die-tippitoppi-100-jazz-alben\/#respond"]}]},{"@type":"WebPage","@id":"https:\/\/www.jazzzeitung.de\/cms\/2017\/10\/rolling-stoned-die-tippitoppi-100-jazz-alben\/","url":"https:\/\/www.jazzzeitung.de\/cms\/2017\/10\/rolling-stoned-die-tippitoppi-100-jazz-alben\/","name":"Rolling Stoned? Die Tippitoppi 100-Jazz-Alben - JazzZeitung","isPartOf":{"@id":"https:\/\/www.jazzzeitung.de\/cms\/#website"},"primaryImageOfPage":{"@id":"https:\/\/www.jazzzeitung.de\/cms\/2017\/10\/rolling-stoned-die-tippitoppi-100-jazz-alben\/#primaryimage"},"image":{"@id":"https:\/\/www.jazzzeitung.de\/cms\/2017\/10\/rolling-stoned-die-tippitoppi-100-jazz-alben\/#primaryimage"},"thumbnailUrl":"https:\/\/i0.wp.com\/www.jazzzeitung.de\/cms\/wp-content\/uploads\/2017\/10\/rolling_stone_c_hufner.jpg?fit=2200%2C1525&ssl=1","datePublished":"2017-10-13T04:30:14+00:00","breadcrumb":{"@id":"https:\/\/www.jazzzeitung.de\/cms\/2017\/10\/rolling-stoned-die-tippitoppi-100-jazz-alben\/#breadcrumb"},"inLanguage":"de","potentialAction":[{"@type":"ReadAction","target":["https:\/\/www.jazzzeitung.de\/cms\/2017\/10\/rolling-stoned-die-tippitoppi-100-jazz-alben\/"]}]},{"@type":"ImageObject","inLanguage":"de","@id":"https:\/\/www.jazzzeitung.de\/cms\/2017\/10\/rolling-stoned-die-tippitoppi-100-jazz-alben\/#primaryimage","url":"https:\/\/i0.wp.com\/www.jazzzeitung.de\/cms\/wp-content\/uploads\/2017\/10\/rolling_stone_c_hufner.jpg?fit=2200%2C1525&ssl=1","contentUrl":"https:\/\/i0.wp.com\/www.jazzzeitung.de\/cms\/wp-content\/uploads\/2017\/10\/rolling_stone_c_hufner.jpg?fit=2200%2C1525&ssl=1","width":2200,"height":1525,"caption":"Rolling Stone. Foto: Hufner"},{"@type":"BreadcrumbList","@id":"https:\/\/www.jazzzeitung.de\/cms\/2017\/10\/rolling-stoned-die-tippitoppi-100-jazz-alben\/#breadcrumb","itemListElement":[{"@type":"ListItem","position":1,"name":"Startseite","item":"https:\/\/www.jazzzeitung.de\/cms\/"},{"@type":"ListItem","position":2,"name":"Rolling Stoned? Die Tippitoppi 100-Jazz-Alben"}]},{"@type":"WebSite","@id":"https:\/\/www.jazzzeitung.de\/cms\/#website","url":"https:\/\/www.jazzzeitung.de\/cms\/","name":"JazzZeitung","description":"Jazz-News und Jazz-Kontroverses","publisher":{"@id":"https:\/\/www.jazzzeitung.de\/cms\/#organization"},"potentialAction":[{"@type":"SearchAction","target":{"@type":"EntryPoint","urlTemplate":"https:\/\/www.jazzzeitung.de\/cms\/?s={search_term_string}"},"query-input":{"@type":"PropertyValueSpecification","valueRequired":true,"valueName":"search_term_string"}}],"inLanguage":"de"},{"@type":"Organization","@id":"https:\/\/www.jazzzeitung.de\/cms\/#organization","name":"JazzZeitung online","url":"https:\/\/www.jazzzeitung.de\/cms\/","logo":{"@type":"ImageObject","inLanguage":"de","@id":"https:\/\/www.jazzzeitung.de\/cms\/#\/schema\/logo\/image\/","url":"https:\/\/i0.wp.com\/www.jazzzeitung.de\/cms\/wp-content\/uploads\/2015\/08\/JAZZZEITUNGDE_Logo_Neu.png?fit=499%2C200&ssl=1","contentUrl":"https:\/\/i0.wp.com\/www.jazzzeitung.de\/cms\/wp-content\/uploads\/2015\/08\/JAZZZEITUNGDE_Logo_Neu.png?fit=499%2C200&ssl=1","width":499,"height":200,"caption":"JazzZeitung online"},"image":{"@id":"https:\/\/www.jazzzeitung.de\/cms\/#\/schema\/logo\/image\/"},"sameAs":["https:\/\/www.facebook.com\/JazzZeitung\/"]},{"@type":"Person","@id":"https:\/\/www.jazzzeitung.de\/cms\/#\/schema\/person\/1ba404714b9455401502bc409a7df45e","name":"Huflaikhan","image":{"@type":"ImageObject","inLanguage":"de","@id":"https:\/\/i0.wp.com\/www.jazzzeitung.de\/cms\/wp-content\/uploads\/2013\/11\/huf-06.jpg?resize=96%2C96&ssl=18afacd5aa7627f2840c013425f5a4164","url":"https:\/\/i0.wp.com\/www.jazzzeitung.de\/cms\/wp-content\/uploads\/2013\/11\/huf-06.jpg?resize=96%2C96&ssl=1","contentUrl":"https:\/\/i0.wp.com\/www.jazzzeitung.de\/cms\/wp-content\/uploads\/2013\/11\/huf-06.jpg?resize=96%2C96&ssl=1","caption":"Huflaikhan"},"description":"Huflaikhan (aka Martin Hufner) hat Musikwissenschaft, Philosophie und Psychologie in Gie\u00dfen studiert und mit einer Arbeit \u00fcber Adorno und die Zw\u00f6lftontechnik promoviert. Seit 1995 ist er freiberuflich als Autor, Fotograf und Netzmacher unterwegs.","sameAs":["https:\/\/www.kritische-masse.de\/logbuch","https:\/\/www.facebook.com\/hufner"],"url":"https:\/\/www.jazzzeitung.de\/cms\/author\/hufi\/"}]}},"wp-worthy-pixel":{"ignored":false,"public":"cee40044131e43078bd8bc7611b494c5","server":"vg04.met.vgwort.de","url":"https:\/\/vg04.met.vgwort.de\/na\/cee40044131e43078bd8bc7611b494c5"},"wp-worthy-type":"normal","jetpack_publicize_connections":[],"cc_featured_image_caption":{"caption_text":false,"source_text":false,"source_url":false},"jetpack_featured_media_url":"https:\/\/i0.wp.com\/www.jazzzeitung.de\/cms\/wp-content\/uploads\/2017\/10\/rolling_stone_c_hufner.jpg?fit=2200%2C1525&ssl=1","jetpack_shortlink":"https:\/\/wp.me\/p3KEcT-3Ax","jetpack-related-posts":[{"id":25795,"url":"https:\/\/www.jazzzeitung.de\/cms\/2021\/09\/take5-jazz-am-hellweg-nach-eineinhalb-jahren-corona-wieder-stark-am-start\/","url_meta":{"origin":13797,"position":0},"title":"Take5 \u2013 Jazz am Hellweg nach eineinhalb Jahren Corona wieder stark am Start","author":"Redaktion JazzZeitung","date":"16. September 2021","format":false,"excerpt":"\u00a0Das gr\u00f6\u00dfte Jazzfestival Westfalens, das Festival \u201eTake5 Jazz am Hellweg\u201c geht in eine neue Runde und bietet vom 16. September bis zum 27. Dezember wieder einmal in gewohnter Manier aktuellen Jazz . Live gespielter Jazz steht wieder auf dem Programm und auf den B\u00fchnen mit G\u00f6tz Alsmann, Iiro Rantala und\u2026","rel":"","context":"In &quot;News&quot;","block_context":{"text":"News","link":"https:\/\/www.jazzzeitung.de\/cms\/thema\/nachrichten\/"},"img":{"alt_text":"","src":"https:\/\/i0.wp.com\/www.jazzzeitung.de\/cms\/wp-content\/uploads\/2021\/09\/alsmann1279_onlineJensKoch.jpg?fit=1200%2C800&ssl=1&resize=350%2C200","width":350,"height":200,"srcset":"https:\/\/i0.wp.com\/www.jazzzeitung.de\/cms\/wp-content\/uploads\/2021\/09\/alsmann1279_onlineJensKoch.jpg?fit=1200%2C800&ssl=1&resize=350%2C200 1x, https:\/\/i0.wp.com\/www.jazzzeitung.de\/cms\/wp-content\/uploads\/2021\/09\/alsmann1279_onlineJensKoch.jpg?fit=1200%2C800&ssl=1&resize=525%2C300 1.5x, https:\/\/i0.wp.com\/www.jazzzeitung.de\/cms\/wp-content\/uploads\/2021\/09\/alsmann1279_onlineJensKoch.jpg?fit=1200%2C800&ssl=1&resize=700%2C400 2x, https:\/\/i0.wp.com\/www.jazzzeitung.de\/cms\/wp-content\/uploads\/2021\/09\/alsmann1279_onlineJensKoch.jpg?fit=1200%2C800&ssl=1&resize=1050%2C600 3x"},"classes":[]},{"id":30280,"url":"https:\/\/www.jazzzeitung.de\/cms\/2023\/11\/ingolstaedter-jazztage-partys-feierlaune-bei-jazz-in-den-kneipen\/","url_meta":{"origin":13797,"position":1},"title":"Ingolst\u00e4dter Jazztage: Partys &#038; Feierlaune bei Jazz in den Kneipen","author":"Redaktion JazzZeitung","date":"14. November 2023","format":false,"excerpt":"Die Ingolst\u00e4dter Jazztage dieses Jahr mit ihrer 40. Ausgabe. Das ist in vielerlei Hinsicht beachtenswert. Zum einen, weil die Veranstaltungen nun zum letzten Mal unter der Leitung von Jan Rottau stattfanden, zum anderen weil ein bew\u00e4hrtes Konzept mal wieder aufgegangen ist. Bleibt abzuwarten, wie sich die Jazztage in der Zukunft\u2026","rel":"","context":"In &quot;Bericht&quot;","block_context":{"text":"Bericht","link":"https:\/\/www.jazzzeitung.de\/cms\/thema\/bericht\/"},"img":{"alt_text":"","src":"https:\/\/i0.wp.com\/www.jazzzeitung.de\/cms\/wp-content\/uploads\/2023\/11\/P2680803-Yellowjackets-Foto-TJ-Krebs.jpg?fit=1200%2C800&ssl=1&resize=350%2C200","width":350,"height":200,"srcset":"https:\/\/i0.wp.com\/www.jazzzeitung.de\/cms\/wp-content\/uploads\/2023\/11\/P2680803-Yellowjackets-Foto-TJ-Krebs.jpg?fit=1200%2C800&ssl=1&resize=350%2C200 1x, https:\/\/i0.wp.com\/www.jazzzeitung.de\/cms\/wp-content\/uploads\/2023\/11\/P2680803-Yellowjackets-Foto-TJ-Krebs.jpg?fit=1200%2C800&ssl=1&resize=525%2C300 1.5x, https:\/\/i0.wp.com\/www.jazzzeitung.de\/cms\/wp-content\/uploads\/2023\/11\/P2680803-Yellowjackets-Foto-TJ-Krebs.jpg?fit=1200%2C800&ssl=1&resize=700%2C400 2x, https:\/\/i0.wp.com\/www.jazzzeitung.de\/cms\/wp-content\/uploads\/2023\/11\/P2680803-Yellowjackets-Foto-TJ-Krebs.jpg?fit=1200%2C800&ssl=1&resize=1050%2C600 3x"},"classes":[]},{"id":11518,"url":"https:\/\/www.jazzzeitung.de\/cms\/2017\/01\/start-des-bmw-welt-jazz-award-2017-bass-erstaunt\/","url_meta":{"origin":13797,"position":2},"title":"Start des BMW Welt Jazz Award 2017 &#8211; \u201eBass erstaunt\u201c","author":"Redaktion JazzZeitung","date":"16. Januar 2017","format":false,"excerpt":"Mit zwei skandinavischen G\u00e4sten startet der BMW Welt Jazz Award 2017 in seine neunte Saison. Chris Minh Doky & New Nordic Jazz werden am 22. Januar im BMW Welt Doppelkegel zeigen, warum im d\u00e4nischen Jazz Kontrabassisten die wahren Bandleader sind. Der Schwede Lars Danielsson wird am 5. Februar erstmalig mit\u2026","rel":"","context":"In &quot;News&quot;","block_context":{"text":"News","link":"https:\/\/www.jazzzeitung.de\/cms\/thema\/nachrichten\/"},"img":{"alt_text":"","src":"https:\/\/i0.wp.com\/www.jazzzeitung.de\/cms\/wp-content\/uploads\/2017\/01\/BMW-Welt_Jazz-Award-2017-c-BMW-AG-150x150.jpg?resize=350%2C200","width":350,"height":200},"classes":[]},{"id":6820,"url":"https:\/\/www.jazzzeitung.de\/cms\/2015\/08\/michael-wollnys-herbstliche-jazznaechte\/","url_meta":{"origin":13797,"position":3},"title":"Mit Michael Wollny durch herbstliche Jazzn\u00e4chte","author":"Redaktion JazzZeitung","date":"11. August 2015","format":false,"excerpt":"Mit 36 Jahren ist Michael Wollny bereits gelungen, wof\u00fcr andere Jazzmusiker erst zu biblischem Alter gelangen mussten. Der Pianist z\u00e4hlt zu den meist geh\u00f6rten, am lautesten bewunderten und, in seinem Genre mittlerweile selten gewordenes Attribut, auffallend hei\u00df diskutierten K\u00fcnstlern. Seine Alben \"Hexentanz\", \"Wunderkammer\" und \"Weltentraum\" gelten als zukunftsweisend vor allem\u2026","rel":"","context":"In &quot;Blog&quot;","block_context":{"text":"Blog","link":"https:\/\/www.jazzzeitung.de\/cms\/thema\/blog\/"},"img":{"alt_text":"Michael Wollny geht auf Herbsttour","src":"https:\/\/i0.wp.com\/www.jazzzeitung.de\/cms\/wp-content\/uploads\/2015\/08\/Wollny-150x150.jpg?resize=350%2C200","width":350,"height":200},"classes":[]},{"id":28372,"url":"https:\/\/www.jazzzeitung.de\/cms\/2022\/09\/verkoerperte-experimentierlust-zum-tod-des-saxophonisten-pharoah-sanders\/","url_meta":{"origin":13797,"position":4},"title":"Verk\u00f6rperte Experimentierlust \u2013 zum Tod des Saxophonisten Pharoah Sanders","author":"Redaktion JazzZeitung","date":"30. September 2022","format":false,"excerpt":"\"Music is the healing force of the universe\", urteilte der US-amerikanische Jazzmusiker \u00fcber sein Wirkungsfeld. Ein starkes Interesse entwickelter er dann auch in der Musik zu Fragen bez\u00fcglich der Kraft des Universums, des spirituellen Seins. Am 24. September ist Farrell \u201ePharoah\u201c Sanders im Alter von 81 Jahren in Los Angeles\u2026","rel":"","context":"In &quot;News&quot;","block_context":{"text":"News","link":"https:\/\/www.jazzzeitung.de\/cms\/thema\/nachrichten\/"},"img":{"alt_text":"","src":"https:\/\/i0.wp.com\/www.jazzzeitung.de\/cms\/wp-content\/uploads\/2022\/09\/Sanders.jpg?fit=1200%2C806&ssl=1&resize=350%2C200","width":350,"height":200,"srcset":"https:\/\/i0.wp.com\/www.jazzzeitung.de\/cms\/wp-content\/uploads\/2022\/09\/Sanders.jpg?fit=1200%2C806&ssl=1&resize=350%2C200 1x, https:\/\/i0.wp.com\/www.jazzzeitung.de\/cms\/wp-content\/uploads\/2022\/09\/Sanders.jpg?fit=1200%2C806&ssl=1&resize=525%2C300 1.5x, https:\/\/i0.wp.com\/www.jazzzeitung.de\/cms\/wp-content\/uploads\/2022\/09\/Sanders.jpg?fit=1200%2C806&ssl=1&resize=700%2C400 2x, https:\/\/i0.wp.com\/www.jazzzeitung.de\/cms\/wp-content\/uploads\/2022\/09\/Sanders.jpg?fit=1200%2C806&ssl=1&resize=1050%2C600 3x"},"classes":[]},{"id":19307,"url":"https:\/\/www.jazzzeitung.de\/cms\/2019\/04\/news-100-konzert-der-jazzit-reihe-in-germering-night-club-im-mai-new-york-im-bayerischen-hof\/","url_meta":{"origin":13797,"position":5},"title":"+++ news +++ 100. Konzert der JazzIt! Reihe in Germering +++ Night Club im Mai: New York im Bayerischen Hof +++","author":"Redaktion JazzZeitung","date":"27. April 2019","format":false,"excerpt":"Am 6. Juni 2019 feiert die Konzertreihe \u201eJazzIt!\u201c in Germering ihr 100. Konzert mit dem israelischen Pianisten Omer Klein. Neben Modern Jazz l\u00e4sst er auch Elemente aus der traditionellen Musik seiner Heimat in seine Musik einflie\u00dfen. \u201eJazzIt!\u201c wurde 2007 von der Stadthalle Germering ins Leben gerufen. In sieben Konzerten pro\u2026","rel":"","context":"In &quot;News&quot;","block_context":{"text":"News","link":"https:\/\/www.jazzzeitung.de\/cms\/thema\/nachrichten\/"},"img":{"alt_text":"","src":"https:\/\/i0.wp.com\/www.jazzzeitung.de\/cms\/wp-content\/uploads\/2019\/04\/P1325226-sw-Cornelius-Claudio-Kreusch-Foto-TJ-Krebs-jazzphotoagency%40web.de_.jpg?fit=1200%2C800&ssl=1&resize=350%2C200","width":350,"height":200,"srcset":"https:\/\/i0.wp.com\/www.jazzzeitung.de\/cms\/wp-content\/uploads\/2019\/04\/P1325226-sw-Cornelius-Claudio-Kreusch-Foto-TJ-Krebs-jazzphotoagency%40web.de_.jpg?fit=1200%2C800&ssl=1&resize=350%2C200 1x, https:\/\/i0.wp.com\/www.jazzzeitung.de\/cms\/wp-content\/uploads\/2019\/04\/P1325226-sw-Cornelius-Claudio-Kreusch-Foto-TJ-Krebs-jazzphotoagency%40web.de_.jpg?fit=1200%2C800&ssl=1&resize=525%2C300 1.5x, https:\/\/i0.wp.com\/www.jazzzeitung.de\/cms\/wp-content\/uploads\/2019\/04\/P1325226-sw-Cornelius-Claudio-Kreusch-Foto-TJ-Krebs-jazzphotoagency%40web.de_.jpg?fit=1200%2C800&ssl=1&resize=700%2C400 2x, https:\/\/i0.wp.com\/www.jazzzeitung.de\/cms\/wp-content\/uploads\/2019\/04\/P1325226-sw-Cornelius-Claudio-Kreusch-Foto-TJ-Krebs-jazzphotoagency%40web.de_.jpg?fit=1200%2C800&ssl=1&resize=1050%2C600 3x"},"classes":[]}],"jetpack_sharing_enabled":true,"_links":{"self":[{"href":"https:\/\/www.jazzzeitung.de\/cms\/wp-json\/wp\/v2\/posts\/13797","targetHints":{"allow":["GET"]}}],"collection":[{"href":"https:\/\/www.jazzzeitung.de\/cms\/wp-json\/wp\/v2\/posts"}],"about":[{"href":"https:\/\/www.jazzzeitung.de\/cms\/wp-json\/wp\/v2\/types\/post"}],"author":[{"embeddable":true,"href":"https:\/\/www.jazzzeitung.de\/cms\/wp-json\/wp\/v2\/users\/2"}],"replies":[{"embeddable":true,"href":"https:\/\/www.jazzzeitung.de\/cms\/wp-json\/wp\/v2\/comments?post=13797"}],"version-history":[{"count":4,"href":"https:\/\/www.jazzzeitung.de\/cms\/wp-json\/wp\/v2\/posts\/13797\/revisions"}],"predecessor-version":[{"id":13807,"href":"https:\/\/www.jazzzeitung.de\/cms\/wp-json\/wp\/v2\/posts\/13797\/revisions\/13807"}],"wp:featuredmedia":[{"embeddable":true,"href":"https:\/\/www.jazzzeitung.de\/cms\/wp-json\/wp\/v2\/media\/13798"}],"wp:attachment":[{"href":"https:\/\/www.jazzzeitung.de\/cms\/wp-json\/wp\/v2\/media?parent=13797"}],"wp:term":[{"taxonomy":"category","embeddable":true,"href":"https:\/\/www.jazzzeitung.de\/cms\/wp-json\/wp\/v2\/categories?post=13797"},{"taxonomy":"post_tag","embeddable":true,"href":"https:\/\/www.jazzzeitung.de\/cms\/wp-json\/wp\/v2\/tags?post=13797"},{"taxonomy":"author","embeddable":true,"href":"https:\/\/www.jazzzeitung.de\/cms\/wp-json\/wp\/v2\/coauthors?post=13797"}],"curies":[{"name":"wp","href":"https:\/\/api.w.org\/{rel}","templated":true}]}}