{"id":13773,"date":"2017-10-12T12:10:38","date_gmt":"2017-10-12T10:10:38","guid":{"rendered":"https:\/\/www.jazzzeitung.de\/cms\/?p=13773"},"modified":"2017-10-12T11:06:33","modified_gmt":"2017-10-12T09:06:33","slug":"leipziger-jazznachwuchspreis-2017-geht-an-schlagzeuger-philipp-scholz","status":"publish","type":"post","link":"https:\/\/www.jazzzeitung.de\/cms\/2017\/10\/leipziger-jazznachwuchspreis-2017-geht-an-schlagzeuger-philipp-scholz\/","title":{"rendered":"Leipziger Jazznachwuchspreis 2017 geht an Schlagzeuger Philipp Scholz"},"content":{"rendered":"<p>Der Leipziger Jazznachwuchspreis 2017 geht an den Schlagzeuger Philipp Scholz. Er wird ihm im Rahmen der 41. Leipziger Jazztage am Dienstag, dem 17. Oktober, 20 Uhr, im UT Connewitz durch Kulturb\u00fcrgermeisterin Skadi Jennicke verliehen. Organisator ist der Jazzclub Leipzig e.V. in Zusammenarbeit mit dem Kulturamt. Der durch die Marion Ermer Stiftung gestiftete Preis ist auf 6.500 Euro dotiert. Im Anschluss an die Verleihung k\u00f6nnen sich Besucher vom au\u00dfergew\u00f6hnlichen musikalischen Talent des Preistr\u00e4gers in einem Konzert \u00fcberzeugen.<\/p>\n<p><!--more--><\/p>\n<p>Philipp Scholz besuchte von 2004 bis 2008 das S\u00e4chsische Landesgymnasium f\u00fcr Musik. Ab 2008 studierte er Jazzschlagzeug an der Hochschule f\u00fcr Musik und Theater \u201eFelix Mendelssohn Bartholdy\u201c. Er geh\u00f6rte 2010 und 2011 dem Bundesjazzorchester an und wurde mit mehreren Nachwuchspreisen, unter anderem 2007 mit dem des S\u00e4chsischen Staatministeriums f\u00fcr Wissenschaft und Kunst,\u00a0ausgezeichnet.<\/p>\n<p>Die namhafte Jury, welche aus Eva Kruse, Rolf K\u00fchn und Bert Noglik bestand, k\u00fcrte den Preistr\u00e4ger aus 13 g\u00fcltigen Bewerbungen. In der Begr\u00fcndung f\u00fcr die Preisvergabe hei\u00dft es: \u201ePhilipp Scholz gelang es, eine hochdifferenzierte Musiksprache auf dem Schlagzeug zu entwickeln, mit der er in unterschiedlichen Kontexten kreative Impulse zu geben vermag.<\/p>\n<p>Der 26-J\u00e4hrige, der an der Leipziger Musikhochschule studierte, ist mit einer ganze Reihe von Bands aktiv. Dabei beweist er einen hohen Grad an musikalischer Flexibilit\u00e4t und \u00fcberzeugt zugleich mit einer individuellen, unverwechselbaren Spielweise. Mit seiner Band <span class=\"caps\">FLAM<\/span> transformiert er seine k\u00fcnstlerischen Vorstellungen in ein von ihm gepr\u00e4gtes, aber stets interaktives und gruppenbezogenes Musizieren. Innovative Wege, fernab der konventionellen Muster von Jazz und Lyrik, beschreitet Philipp Scholz in der Zusammenarbeit mit der Ingeborg-Bachmann-Preistr\u00e4gerin Nora Gomringer.<\/p>\n<p><span class=\"embed-youtube\" style=\"text-align:center; display: block;\"><iframe loading=\"lazy\" class=\"youtube-player\" width=\"840\" height=\"473\" src=\"https:\/\/www.youtube.com\/embed\/LhAuA59-UZY?version=3&#038;rel=1&#038;showsearch=0&#038;showinfo=1&#038;iv_load_policy=1&#038;fs=1&#038;hl=de-DE&#038;autohide=2&#038;wmode=transparent\" allowfullscreen=\"true\" style=\"border:0;\" sandbox=\"allow-scripts allow-same-origin allow-popups allow-presentation allow-popups-to-escape-sandbox\"><\/iframe><\/span><\/p>\n<p>Im spannungsreichen, ebenso ernsthaften wie lustvollen Miteinander von Sprache und Schlagzeugspiel &#8211; &#8222;Wort Drum Dran&#8220; &#8211; werden neue Ausdrucksbereiche erschlossen. Als Mitinitiator der gemeinsam mit dem Jazzclub Leipzig organisierten Konzertreihe &#8222;Reihe 2&#8220; stellt Philipp Scholz Verbindungen zu anderen Szenen her und wirkt zugleich integrierend.\u201c<\/p>\n<ul>\n<li><strong>Website:<\/strong> <a href=\"http:\/\/www.philipp-scholz.info\/\">Philipp Scholz<\/a><\/li>\n<\/ul>\n<hr \/>\n<p><a href=\"https:\/\/www.nmz.de\/kiz\/nachrichten\/leipziger-jazznachwuchspreis-2017-geht-an-schlagzeuger-philipp-scholz\">\u00dcbernahme<\/a> aus dem <a href=\"http:\/\/www.nmz.de\/kiz\">KIZ der nmz<\/a><\/p>\n","protected":false},"excerpt":{"rendered":"<p>Der Leipziger Jazznachwuchspreis 2017 geht an den Schlagzeuger Philipp Scholz. Er wird ihm im Rahmen der 41. Leipziger Jazztage am Dienstag, dem 17. Oktober, 20 Uhr, im UT Connewitz durch Kulturb\u00fcrgermeisterin Skadi Jennicke verliehen. Organisator ist der Jazzclub Leipzig e.V. in Zusammenarbeit mit dem Kulturamt. Der durch die Marion Ermer Stiftung gestiftete Preis ist auf 6.500 Euro dotiert. Im Anschluss an die Verleihung k\u00f6nnen sich Besucher vom au\u00dfergew\u00f6hnlichen musikalischen Talent des Preistr\u00e4gers in einem Konzert \u00fcberzeugen.<\/p>\n","protected":false},"author":18,"featured_media":13774,"comment_status":"open","ping_status":"open","sticky":false,"template":"","format":"standard","meta":{"_jetpack_memberships_contains_paid_content":false,"footnotes":"","jetpack_publicize_message":"","jetpack_publicize_feature_enabled":true,"jetpack_social_post_already_shared":false,"jetpack_social_options":{"image_generator_settings":{"template":"highway","default_image_id":0,"font":"","enabled":false},"version":2}},"categories":[633],"tags":[1108,1519,170,226,271,1380,1264,322,326,349,350,870,421,1563,1502,1170,474,1564],"coauthors":[695],"class_list":["post-13773","post","type-post","status-publish","format-standard","has-post-thumbnail","hentry","category-nachrichten","tag-bert-noglik","tag-bundesjazzorchester","tag-eva-kruse","tag-hochschule-fuer-musik-und-theater","tag-jazzclub","tag-jazzclub-leipzig","tag-jazztage","tag-konzert-2","tag-kruse","tag-leipzig","tag-leipziger-jazztage","tag-nachwuchspreis","tag-nmz","tag-philipp-scholz","tag-preis","tag-preistraeger","tag-rolf-kuehn","tag-schlagzeug"],"yoast_head":"<!-- This site is optimized with the Yoast SEO plugin v27.5 - https:\/\/yoast.com\/product\/yoast-seo-wordpress\/ -->\n<title>Leipziger Jazznachwuchspreis 2017 geht an Schlagzeuger Philipp Scholz - JazzZeitung<\/title>\n<meta name=\"robots\" content=\"index, follow, max-snippet:-1, max-image-preview:large, max-video-preview:-1\" \/>\n<link rel=\"canonical\" href=\"https:\/\/www.jazzzeitung.de\/cms\/2017\/10\/leipziger-jazznachwuchspreis-2017-geht-an-schlagzeuger-philipp-scholz\/\" \/>\n<meta property=\"og:locale\" content=\"de_DE\" \/>\n<meta property=\"og:type\" content=\"article\" \/>\n<meta property=\"og:title\" content=\"Leipziger Jazznachwuchspreis 2017 geht an Schlagzeuger Philipp Scholz - JazzZeitung\" \/>\n<meta property=\"og:description\" content=\"Der Leipziger Jazznachwuchspreis 2017 geht an den Schlagzeuger Philipp Scholz. Er wird ihm im Rahmen der 41. Leipziger Jazztage am Dienstag, dem 17. Oktober, 20 Uhr, im UT Connewitz durch Kulturb\u00fcrgermeisterin Skadi Jennicke verliehen. Organisator ist der Jazzclub Leipzig e.V. in Zusammenarbeit mit dem Kulturamt. Der durch die Marion Ermer Stiftung gestiftete Preis ist auf 6.500 Euro dotiert. Im Anschluss an die Verleihung k\u00f6nnen sich Besucher vom au\u00dfergew\u00f6hnlichen musikalischen Talent des Preistr\u00e4gers in einem Konzert \u00fcberzeugen.\" \/>\n<meta property=\"og:url\" content=\"https:\/\/www.jazzzeitung.de\/cms\/2017\/10\/leipziger-jazznachwuchspreis-2017-geht-an-schlagzeuger-philipp-scholz\/\" \/>\n<meta property=\"og:site_name\" content=\"JazzZeitung\" \/>\n<meta property=\"article:publisher\" content=\"https:\/\/www.facebook.com\/JazzZeitung\/\" \/>\n<meta property=\"article:published_time\" content=\"2017-10-12T10:10:38+00:00\" \/>\n<meta property=\"og:image\" content=\"https:\/\/i0.wp.com\/www.jazzzeitung.de\/cms\/wp-content\/uploads\/2017\/10\/philipp-scholz-by-antje-kroeger-5-von-34-768x512.jpg?fit=768%2C512&ssl=1\" \/>\n\t<meta property=\"og:image:width\" content=\"768\" \/>\n\t<meta property=\"og:image:height\" content=\"512\" \/>\n\t<meta property=\"og:image:type\" content=\"image\/jpeg\" \/>\n<meta name=\"author\" content=\"Redaktion JazzZeitung\" \/>\n<script type=\"application\/ld+json\" class=\"yoast-schema-graph\">{\"@context\":\"https:\\\/\\\/schema.org\",\"@graph\":[{\"@type\":\"Article\",\"@id\":\"https:\\\/\\\/www.jazzzeitung.de\\\/cms\\\/2017\\\/10\\\/leipziger-jazznachwuchspreis-2017-geht-an-schlagzeuger-philipp-scholz\\\/#article\",\"isPartOf\":{\"@id\":\"https:\\\/\\\/www.jazzzeitung.de\\\/cms\\\/2017\\\/10\\\/leipziger-jazznachwuchspreis-2017-geht-an-schlagzeuger-philipp-scholz\\\/\"},\"author\":{\"name\":\"Redaktion JazzZeitung\",\"@id\":\"https:\\\/\\\/www.jazzzeitung.de\\\/cms\\\/#\\\/schema\\\/person\\\/2245b36b9cd1d24cea10f01c031fb92b\"},\"headline\":\"Leipziger Jazznachwuchspreis 2017 geht an Schlagzeuger Philipp Scholz\",\"datePublished\":\"2017-10-12T10:10:38+00:00\",\"mainEntityOfPage\":{\"@id\":\"https:\\\/\\\/www.jazzzeitung.de\\\/cms\\\/2017\\\/10\\\/leipziger-jazznachwuchspreis-2017-geht-an-schlagzeuger-philipp-scholz\\\/\"},\"wordCount\":330,\"commentCount\":0,\"publisher\":{\"@id\":\"https:\\\/\\\/www.jazzzeitung.de\\\/cms\\\/#organization\"},\"image\":{\"@id\":\"https:\\\/\\\/www.jazzzeitung.de\\\/cms\\\/2017\\\/10\\\/leipziger-jazznachwuchspreis-2017-geht-an-schlagzeuger-philipp-scholz\\\/#primaryimage\"},\"thumbnailUrl\":\"https:\\\/\\\/i0.wp.com\\\/www.jazzzeitung.de\\\/cms\\\/wp-content\\\/uploads\\\/2017\\\/10\\\/philipp-scholz-by-antje-kroeger-5-von-34-768x512.jpg?fit=768%2C512&ssl=1\",\"keywords\":[\"Bert Noglik\",\"Bundesjazzorchester\",\"Eva Kruse\",\"Hochschule f\u00fcr Musik und Theater\",\"Jazzclub\",\"Jazzclub Leipzig\",\"Jazztage\",\"Konzert\",\"Kruse\",\"Leipzig\",\"Leipziger Jazztage\",\"Nachwuchspreis\",\"nmz\",\"Philipp Scholz\",\"Preis\",\"Preistr\u00e4ger\",\"Rolf K\u00fchn\",\"Schlagzeug\"],\"articleSection\":[\"News\"],\"inLanguage\":\"de\",\"potentialAction\":[{\"@type\":\"CommentAction\",\"name\":\"Comment\",\"target\":[\"https:\\\/\\\/www.jazzzeitung.de\\\/cms\\\/2017\\\/10\\\/leipziger-jazznachwuchspreis-2017-geht-an-schlagzeuger-philipp-scholz\\\/#respond\"]}]},{\"@type\":\"WebPage\",\"@id\":\"https:\\\/\\\/www.jazzzeitung.de\\\/cms\\\/2017\\\/10\\\/leipziger-jazznachwuchspreis-2017-geht-an-schlagzeuger-philipp-scholz\\\/\",\"url\":\"https:\\\/\\\/www.jazzzeitung.de\\\/cms\\\/2017\\\/10\\\/leipziger-jazznachwuchspreis-2017-geht-an-schlagzeuger-philipp-scholz\\\/\",\"name\":\"Leipziger Jazznachwuchspreis 2017 geht an Schlagzeuger Philipp Scholz - JazzZeitung\",\"isPartOf\":{\"@id\":\"https:\\\/\\\/www.jazzzeitung.de\\\/cms\\\/#website\"},\"primaryImageOfPage\":{\"@id\":\"https:\\\/\\\/www.jazzzeitung.de\\\/cms\\\/2017\\\/10\\\/leipziger-jazznachwuchspreis-2017-geht-an-schlagzeuger-philipp-scholz\\\/#primaryimage\"},\"image\":{\"@id\":\"https:\\\/\\\/www.jazzzeitung.de\\\/cms\\\/2017\\\/10\\\/leipziger-jazznachwuchspreis-2017-geht-an-schlagzeuger-philipp-scholz\\\/#primaryimage\"},\"thumbnailUrl\":\"https:\\\/\\\/i0.wp.com\\\/www.jazzzeitung.de\\\/cms\\\/wp-content\\\/uploads\\\/2017\\\/10\\\/philipp-scholz-by-antje-kroeger-5-von-34-768x512.jpg?fit=768%2C512&ssl=1\",\"datePublished\":\"2017-10-12T10:10:38+00:00\",\"breadcrumb\":{\"@id\":\"https:\\\/\\\/www.jazzzeitung.de\\\/cms\\\/2017\\\/10\\\/leipziger-jazznachwuchspreis-2017-geht-an-schlagzeuger-philipp-scholz\\\/#breadcrumb\"},\"inLanguage\":\"de\",\"potentialAction\":[{\"@type\":\"ReadAction\",\"target\":[\"https:\\\/\\\/www.jazzzeitung.de\\\/cms\\\/2017\\\/10\\\/leipziger-jazznachwuchspreis-2017-geht-an-schlagzeuger-philipp-scholz\\\/\"]}]},{\"@type\":\"ImageObject\",\"inLanguage\":\"de\",\"@id\":\"https:\\\/\\\/www.jazzzeitung.de\\\/cms\\\/2017\\\/10\\\/leipziger-jazznachwuchspreis-2017-geht-an-schlagzeuger-philipp-scholz\\\/#primaryimage\",\"url\":\"https:\\\/\\\/i0.wp.com\\\/www.jazzzeitung.de\\\/cms\\\/wp-content\\\/uploads\\\/2017\\\/10\\\/philipp-scholz-by-antje-kroeger-5-von-34-768x512.jpg?fit=768%2C512&ssl=1\",\"contentUrl\":\"https:\\\/\\\/i0.wp.com\\\/www.jazzzeitung.de\\\/cms\\\/wp-content\\\/uploads\\\/2017\\\/10\\\/philipp-scholz-by-antje-kroeger-5-von-34-768x512.jpg?fit=768%2C512&ssl=1\",\"width\":768,\"height\":512,\"caption\":\"philipp scholz. Photo: \u00a9 by Antje Kroeger\"},{\"@type\":\"BreadcrumbList\",\"@id\":\"https:\\\/\\\/www.jazzzeitung.de\\\/cms\\\/2017\\\/10\\\/leipziger-jazznachwuchspreis-2017-geht-an-schlagzeuger-philipp-scholz\\\/#breadcrumb\",\"itemListElement\":[{\"@type\":\"ListItem\",\"position\":1,\"name\":\"Startseite\",\"item\":\"https:\\\/\\\/www.jazzzeitung.de\\\/cms\\\/\"},{\"@type\":\"ListItem\",\"position\":2,\"name\":\"Leipziger Jazznachwuchspreis 2017 geht an Schlagzeuger Philipp Scholz\"}]},{\"@type\":\"WebSite\",\"@id\":\"https:\\\/\\\/www.jazzzeitung.de\\\/cms\\\/#website\",\"url\":\"https:\\\/\\\/www.jazzzeitung.de\\\/cms\\\/\",\"name\":\"JazzZeitung\",\"description\":\"Jazz-News und Jazz-Kontroverses\",\"publisher\":{\"@id\":\"https:\\\/\\\/www.jazzzeitung.de\\\/cms\\\/#organization\"},\"potentialAction\":[{\"@type\":\"SearchAction\",\"target\":{\"@type\":\"EntryPoint\",\"urlTemplate\":\"https:\\\/\\\/www.jazzzeitung.de\\\/cms\\\/?s={search_term_string}\"},\"query-input\":{\"@type\":\"PropertyValueSpecification\",\"valueRequired\":true,\"valueName\":\"search_term_string\"}}],\"inLanguage\":\"de\"},{\"@type\":\"Organization\",\"@id\":\"https:\\\/\\\/www.jazzzeitung.de\\\/cms\\\/#organization\",\"name\":\"JazzZeitung online\",\"url\":\"https:\\\/\\\/www.jazzzeitung.de\\\/cms\\\/\",\"logo\":{\"@type\":\"ImageObject\",\"inLanguage\":\"de\",\"@id\":\"https:\\\/\\\/www.jazzzeitung.de\\\/cms\\\/#\\\/schema\\\/logo\\\/image\\\/\",\"url\":\"https:\\\/\\\/i0.wp.com\\\/www.jazzzeitung.de\\\/cms\\\/wp-content\\\/uploads\\\/2015\\\/08\\\/JAZZZEITUNGDE_Logo_Neu.png?fit=499%2C200&ssl=1\",\"contentUrl\":\"https:\\\/\\\/i0.wp.com\\\/www.jazzzeitung.de\\\/cms\\\/wp-content\\\/uploads\\\/2015\\\/08\\\/JAZZZEITUNGDE_Logo_Neu.png?fit=499%2C200&ssl=1\",\"width\":499,\"height\":200,\"caption\":\"JazzZeitung online\"},\"image\":{\"@id\":\"https:\\\/\\\/www.jazzzeitung.de\\\/cms\\\/#\\\/schema\\\/logo\\\/image\\\/\"},\"sameAs\":[\"https:\\\/\\\/www.facebook.com\\\/JazzZeitung\\\/\"]},{\"@type\":\"Person\",\"@id\":\"https:\\\/\\\/www.jazzzeitung.de\\\/cms\\\/#\\\/schema\\\/person\\\/2245b36b9cd1d24cea10f01c031fb92b\",\"name\":\"Redaktion JazzZeitung\",\"image\":{\"@type\":\"ImageObject\",\"inLanguage\":\"de\",\"@id\":\"https:\\\/\\\/i0.wp.com\\\/www.jazzzeitung.de\\\/cms\\\/wp-content\\\/uploads\\\/2015\\\/08\\\/JAZZZEITUNGDE_Logo_Neu.png?resize=96%2C96&ssl=159975dcacb611b5700bd619b5daf0a7a\",\"url\":\"https:\\\/\\\/i0.wp.com\\\/www.jazzzeitung.de\\\/cms\\\/wp-content\\\/uploads\\\/2015\\\/08\\\/JAZZZEITUNGDE_Logo_Neu.png?resize=96%2C96&ssl=1\",\"contentUrl\":\"https:\\\/\\\/i0.wp.com\\\/www.jazzzeitung.de\\\/cms\\\/wp-content\\\/uploads\\\/2015\\\/08\\\/JAZZZEITUNGDE_Logo_Neu.png?resize=96%2C96&ssl=1\",\"caption\":\"Redaktion JazzZeitung\"},\"description\":\"Artikel der Redaktion der JazzZeitung.\",\"sameAs\":[\"http:\\\/\\\/www.jazzzeitung.de\\\/cms\\\/\"],\"url\":\"https:\\\/\\\/www.jazzzeitung.de\\\/cms\\\/author\\\/redaktion\\\/\"}]}<\/script>\n<!-- \/ Yoast SEO plugin. -->","yoast_head_json":{"title":"Leipziger Jazznachwuchspreis 2017 geht an Schlagzeuger Philipp Scholz - JazzZeitung","robots":{"index":"index","follow":"follow","max-snippet":"max-snippet:-1","max-image-preview":"max-image-preview:large","max-video-preview":"max-video-preview:-1"},"canonical":"https:\/\/www.jazzzeitung.de\/cms\/2017\/10\/leipziger-jazznachwuchspreis-2017-geht-an-schlagzeuger-philipp-scholz\/","og_locale":"de_DE","og_type":"article","og_title":"Leipziger Jazznachwuchspreis 2017 geht an Schlagzeuger Philipp Scholz - JazzZeitung","og_description":"Der Leipziger Jazznachwuchspreis 2017 geht an den Schlagzeuger Philipp Scholz. Er wird ihm im Rahmen der 41. Leipziger Jazztage am Dienstag, dem 17. Oktober, 20 Uhr, im UT Connewitz durch Kulturb\u00fcrgermeisterin Skadi Jennicke verliehen. Organisator ist der Jazzclub Leipzig e.V. in Zusammenarbeit mit dem Kulturamt. Der durch die Marion Ermer Stiftung gestiftete Preis ist auf 6.500 Euro dotiert. Im Anschluss an die Verleihung k\u00f6nnen sich Besucher vom au\u00dfergew\u00f6hnlichen musikalischen Talent des Preistr\u00e4gers in einem Konzert \u00fcberzeugen.","og_url":"https:\/\/www.jazzzeitung.de\/cms\/2017\/10\/leipziger-jazznachwuchspreis-2017-geht-an-schlagzeuger-philipp-scholz\/","og_site_name":"JazzZeitung","article_publisher":"https:\/\/www.facebook.com\/JazzZeitung\/","article_published_time":"2017-10-12T10:10:38+00:00","og_image":[{"width":768,"height":512,"url":"https:\/\/i0.wp.com\/www.jazzzeitung.de\/cms\/wp-content\/uploads\/2017\/10\/philipp-scholz-by-antje-kroeger-5-von-34-768x512.jpg?fit=768%2C512&ssl=1","type":"image\/jpeg"}],"author":"Redaktion JazzZeitung","schema":{"@context":"https:\/\/schema.org","@graph":[{"@type":"Article","@id":"https:\/\/www.jazzzeitung.de\/cms\/2017\/10\/leipziger-jazznachwuchspreis-2017-geht-an-schlagzeuger-philipp-scholz\/#article","isPartOf":{"@id":"https:\/\/www.jazzzeitung.de\/cms\/2017\/10\/leipziger-jazznachwuchspreis-2017-geht-an-schlagzeuger-philipp-scholz\/"},"author":{"name":"Redaktion JazzZeitung","@id":"https:\/\/www.jazzzeitung.de\/cms\/#\/schema\/person\/2245b36b9cd1d24cea10f01c031fb92b"},"headline":"Leipziger Jazznachwuchspreis 2017 geht an Schlagzeuger Philipp Scholz","datePublished":"2017-10-12T10:10:38+00:00","mainEntityOfPage":{"@id":"https:\/\/www.jazzzeitung.de\/cms\/2017\/10\/leipziger-jazznachwuchspreis-2017-geht-an-schlagzeuger-philipp-scholz\/"},"wordCount":330,"commentCount":0,"publisher":{"@id":"https:\/\/www.jazzzeitung.de\/cms\/#organization"},"image":{"@id":"https:\/\/www.jazzzeitung.de\/cms\/2017\/10\/leipziger-jazznachwuchspreis-2017-geht-an-schlagzeuger-philipp-scholz\/#primaryimage"},"thumbnailUrl":"https:\/\/i0.wp.com\/www.jazzzeitung.de\/cms\/wp-content\/uploads\/2017\/10\/philipp-scholz-by-antje-kroeger-5-von-34-768x512.jpg?fit=768%2C512&ssl=1","keywords":["Bert Noglik","Bundesjazzorchester","Eva Kruse","Hochschule f\u00fcr Musik und Theater","Jazzclub","Jazzclub Leipzig","Jazztage","Konzert","Kruse","Leipzig","Leipziger Jazztage","Nachwuchspreis","nmz","Philipp Scholz","Preis","Preistr\u00e4ger","Rolf K\u00fchn","Schlagzeug"],"articleSection":["News"],"inLanguage":"de","potentialAction":[{"@type":"CommentAction","name":"Comment","target":["https:\/\/www.jazzzeitung.de\/cms\/2017\/10\/leipziger-jazznachwuchspreis-2017-geht-an-schlagzeuger-philipp-scholz\/#respond"]}]},{"@type":"WebPage","@id":"https:\/\/www.jazzzeitung.de\/cms\/2017\/10\/leipziger-jazznachwuchspreis-2017-geht-an-schlagzeuger-philipp-scholz\/","url":"https:\/\/www.jazzzeitung.de\/cms\/2017\/10\/leipziger-jazznachwuchspreis-2017-geht-an-schlagzeuger-philipp-scholz\/","name":"Leipziger Jazznachwuchspreis 2017 geht an Schlagzeuger Philipp Scholz - JazzZeitung","isPartOf":{"@id":"https:\/\/www.jazzzeitung.de\/cms\/#website"},"primaryImageOfPage":{"@id":"https:\/\/www.jazzzeitung.de\/cms\/2017\/10\/leipziger-jazznachwuchspreis-2017-geht-an-schlagzeuger-philipp-scholz\/#primaryimage"},"image":{"@id":"https:\/\/www.jazzzeitung.de\/cms\/2017\/10\/leipziger-jazznachwuchspreis-2017-geht-an-schlagzeuger-philipp-scholz\/#primaryimage"},"thumbnailUrl":"https:\/\/i0.wp.com\/www.jazzzeitung.de\/cms\/wp-content\/uploads\/2017\/10\/philipp-scholz-by-antje-kroeger-5-von-34-768x512.jpg?fit=768%2C512&ssl=1","datePublished":"2017-10-12T10:10:38+00:00","breadcrumb":{"@id":"https:\/\/www.jazzzeitung.de\/cms\/2017\/10\/leipziger-jazznachwuchspreis-2017-geht-an-schlagzeuger-philipp-scholz\/#breadcrumb"},"inLanguage":"de","potentialAction":[{"@type":"ReadAction","target":["https:\/\/www.jazzzeitung.de\/cms\/2017\/10\/leipziger-jazznachwuchspreis-2017-geht-an-schlagzeuger-philipp-scholz\/"]}]},{"@type":"ImageObject","inLanguage":"de","@id":"https:\/\/www.jazzzeitung.de\/cms\/2017\/10\/leipziger-jazznachwuchspreis-2017-geht-an-schlagzeuger-philipp-scholz\/#primaryimage","url":"https:\/\/i0.wp.com\/www.jazzzeitung.de\/cms\/wp-content\/uploads\/2017\/10\/philipp-scholz-by-antje-kroeger-5-von-34-768x512.jpg?fit=768%2C512&ssl=1","contentUrl":"https:\/\/i0.wp.com\/www.jazzzeitung.de\/cms\/wp-content\/uploads\/2017\/10\/philipp-scholz-by-antje-kroeger-5-von-34-768x512.jpg?fit=768%2C512&ssl=1","width":768,"height":512,"caption":"philipp scholz. Photo: \u00a9 by Antje Kroeger"},{"@type":"BreadcrumbList","@id":"https:\/\/www.jazzzeitung.de\/cms\/2017\/10\/leipziger-jazznachwuchspreis-2017-geht-an-schlagzeuger-philipp-scholz\/#breadcrumb","itemListElement":[{"@type":"ListItem","position":1,"name":"Startseite","item":"https:\/\/www.jazzzeitung.de\/cms\/"},{"@type":"ListItem","position":2,"name":"Leipziger Jazznachwuchspreis 2017 geht an Schlagzeuger Philipp Scholz"}]},{"@type":"WebSite","@id":"https:\/\/www.jazzzeitung.de\/cms\/#website","url":"https:\/\/www.jazzzeitung.de\/cms\/","name":"JazzZeitung","description":"Jazz-News und Jazz-Kontroverses","publisher":{"@id":"https:\/\/www.jazzzeitung.de\/cms\/#organization"},"potentialAction":[{"@type":"SearchAction","target":{"@type":"EntryPoint","urlTemplate":"https:\/\/www.jazzzeitung.de\/cms\/?s={search_term_string}"},"query-input":{"@type":"PropertyValueSpecification","valueRequired":true,"valueName":"search_term_string"}}],"inLanguage":"de"},{"@type":"Organization","@id":"https:\/\/www.jazzzeitung.de\/cms\/#organization","name":"JazzZeitung online","url":"https:\/\/www.jazzzeitung.de\/cms\/","logo":{"@type":"ImageObject","inLanguage":"de","@id":"https:\/\/www.jazzzeitung.de\/cms\/#\/schema\/logo\/image\/","url":"https:\/\/i0.wp.com\/www.jazzzeitung.de\/cms\/wp-content\/uploads\/2015\/08\/JAZZZEITUNGDE_Logo_Neu.png?fit=499%2C200&ssl=1","contentUrl":"https:\/\/i0.wp.com\/www.jazzzeitung.de\/cms\/wp-content\/uploads\/2015\/08\/JAZZZEITUNGDE_Logo_Neu.png?fit=499%2C200&ssl=1","width":499,"height":200,"caption":"JazzZeitung online"},"image":{"@id":"https:\/\/www.jazzzeitung.de\/cms\/#\/schema\/logo\/image\/"},"sameAs":["https:\/\/www.facebook.com\/JazzZeitung\/"]},{"@type":"Person","@id":"https:\/\/www.jazzzeitung.de\/cms\/#\/schema\/person\/2245b36b9cd1d24cea10f01c031fb92b","name":"Redaktion JazzZeitung","image":{"@type":"ImageObject","inLanguage":"de","@id":"https:\/\/i0.wp.com\/www.jazzzeitung.de\/cms\/wp-content\/uploads\/2015\/08\/JAZZZEITUNGDE_Logo_Neu.png?resize=96%2C96&ssl=159975dcacb611b5700bd619b5daf0a7a","url":"https:\/\/i0.wp.com\/www.jazzzeitung.de\/cms\/wp-content\/uploads\/2015\/08\/JAZZZEITUNGDE_Logo_Neu.png?resize=96%2C96&ssl=1","contentUrl":"https:\/\/i0.wp.com\/www.jazzzeitung.de\/cms\/wp-content\/uploads\/2015\/08\/JAZZZEITUNGDE_Logo_Neu.png?resize=96%2C96&ssl=1","caption":"Redaktion JazzZeitung"},"description":"Artikel der Redaktion der JazzZeitung.","sameAs":["http:\/\/www.jazzzeitung.de\/cms\/"],"url":"https:\/\/www.jazzzeitung.de\/cms\/author\/redaktion\/"}]}},"wp-worthy-pixel":{"ignored":false,"public":null,"server":null,"url":null},"wp-worthy-type":"normal","jetpack_publicize_connections":[],"cc_featured_image_caption":{"caption_text":false,"source_text":false,"source_url":false},"jetpack_featured_media_url":"https:\/\/i0.wp.com\/www.jazzzeitung.de\/cms\/wp-content\/uploads\/2017\/10\/philipp-scholz-by-antje-kroeger-5-von-34-768x512.jpg?fit=768%2C512&ssl=1","jetpack_shortlink":"https:\/\/wp.me\/p3KEcT-3A9","jetpack-related-posts":[{"id":9625,"url":"https:\/\/www.jazzzeitung.de\/cms\/2016\/07\/schoene-kuenste-zum-40-jubilaeum-der-leipziger-jazztage\/","url_meta":{"origin":13773,"position":0},"title":"\u201eSch\u00f6ne K\u00fcnste\u201c zum 40. Jubil\u00e4um der Leipziger Jazztage","author":"Redaktion JazzZeitung","date":"5. Juli 2016","format":false,"excerpt":"Jazz und Tanz \u2013 Jazz und Poesie \u2013 Jazz und Malerei: Die Leipziger Jazztage stehen in ihrer 40. Ausgabe vom 29. September bis 8. Oktober 2016 im Zeichen der \u201eSch\u00f6nen K\u00fcnste\u201c. Unter der Schirmherrschaft von Leipzigs Oberb\u00fcrgermeister Burkhard Jung pr\u00e4sentiert der Jazzclub Leipzig zahlreiche Eigenproduktionen und Auftragsarbeiten mit internationalen Stars,\u2026","rel":"","context":"In &quot;News&quot;","block_context":{"text":"News","link":"https:\/\/www.jazzzeitung.de\/cms\/thema\/nachrichten\/"},"img":{"alt_text":"leipzig","src":"https:\/\/i0.wp.com\/www.jazzzeitung.de\/cms\/wp-content\/uploads\/2016\/07\/leipzig-150x150.jpg?resize=350%2C200","width":350,"height":200},"classes":[]},{"id":2268,"url":"https:\/\/www.jazzzeitung.de\/cms\/2013\/09\/einer-woche-gehts-los-37-leipziger-jazztage\/","url_meta":{"origin":13773,"position":1},"title":"In einer Woche geht&#8217;s los: 37. Leipziger Jazztage","author":"Redaktion JazzZeitung","date":"23. September 2013","format":false,"excerpt":"Die 37. Leipziger Jazztage blicken vom 27. September bis 6. Oktober 2013 mit einem musikalischen Augenzwinkern auf Richard Wagner. Anlass daf\u00fcr geben der 200. Geburtstag Wagners und der 20. Todestag Zappas, dessen parodistischer Umgang mit Wagner Ausgangspunkt f\u00fcr die Programmgestaltung war. So tritt hier der gr\u00f6\u00dfte Held der deutschen Sp\u00e4tromantik,\u2026","rel":"","context":"In &quot;News&quot;","block_context":{"text":"News","link":"https:\/\/www.jazzzeitung.de\/cms\/thema\/nachrichten\/"},"img":{"alt_text":"hai'leipzig","src":"https:\/\/i0.wp.com\/www.jazzzeitung.de\/cms\/wp-content\/uploads\/2013\/09\/haileipzig-150x150.jpg?resize=350%2C200","width":350,"height":200},"classes":[]},{"id":7129,"url":"https:\/\/www.jazzzeitung.de\/cms\/2015\/09\/news-jazz-federation-hamburg-phronesis-spielt-im-cascadas\/","url_meta":{"origin":13773,"position":2},"title":"+++ News +++ Jazz Federation Hamburg pr\u00e4sentiert: Phronesis im Cascadas +++ Jazzclub Leipzig: Termine im Oktober +++ 23. Jazzfest Kassel +++","author":"Redaktion JazzZeitung","date":"22. September 2015","format":false,"excerpt":"+++ Phronesis \u2013 Piano-Trio der internationalen Spitzenklasse im Cascadas +++ Brillanz, Einfallsreichtum und Dynamik, Individualismus, Kennerschaft und Konstanz kennzeichnen das internationale Piano-Trio Phronesis um den d\u00e4nischen Kontrabassisten Jasper Hoiby, den schwedischen Schlagzeuger Anton Eger und den englischen Pianisten Ivo Neame. Diese aufregende Band gastiert am Freitag, 9. Oktober, im Rahmen\u2026","rel":"","context":"In &quot;News&quot;","block_context":{"text":"News","link":"https:\/\/www.jazzzeitung.de\/cms\/thema\/nachrichten\/"},"img":{"alt_text":"Phronesis. Foto: http:\/\/editionrecords.com\/artists\/phronesis\/","src":"https:\/\/i0.wp.com\/www.jazzzeitung.de\/cms\/wp-content\/uploads\/2015\/09\/Phronesis_7847_medium-1024x683-150x150.jpg?resize=350%2C200","width":350,"height":200},"classes":[]},{"id":13876,"url":"https:\/\/www.jazzzeitung.de\/cms\/2017\/10\/wo-der-jazz-tanzt-die-41-leipziger-jazztage-haben-begonnen\/","url_meta":{"origin":13773,"position":3},"title":"Wo der Jazz tanzt: die 41. Leipziger Jazztage haben begonnen","author":"Redaktion JazzZeitung","date":"16. Oktober 2017","format":false,"excerpt":"Mit ihrem Konzept verfolgen die Leipziger Jazztage eine kluge Doppelstrategie: Neue Spielst\u00e4tten im gesamten Stadtgebiet erweitern die Wahrnehmbarkeit des Traditionsfestivals und erschlie\u00dfen neue Publika. Trotz lokaler Auspr\u00e4gung mutieren die Jazztage deswegen aber nicht zum harmlosen Stadtfest, sondern bieten das gewohnte \u2013 und auch erwartete \u2013 Qualit\u00e4tsprogramm erster G\u00fcte. Auf den\u2026","rel":"","context":"In &quot;Bericht&quot;","block_context":{"text":"Bericht","link":"https:\/\/www.jazzzeitung.de\/cms\/thema\/bericht\/"},"img":{"alt_text":"","src":"https:\/\/i0.wp.com\/www.jazzzeitung.de\/cms\/wp-content\/uploads\/2017\/10\/014-Electro-Deluxe-Foto-van-Loon.jpg?fit=1200%2C801&ssl=1&resize=350%2C200","width":350,"height":200,"srcset":"https:\/\/i0.wp.com\/www.jazzzeitung.de\/cms\/wp-content\/uploads\/2017\/10\/014-Electro-Deluxe-Foto-van-Loon.jpg?fit=1200%2C801&ssl=1&resize=350%2C200 1x, https:\/\/i0.wp.com\/www.jazzzeitung.de\/cms\/wp-content\/uploads\/2017\/10\/014-Electro-Deluxe-Foto-van-Loon.jpg?fit=1200%2C801&ssl=1&resize=525%2C300 1.5x, https:\/\/i0.wp.com\/www.jazzzeitung.de\/cms\/wp-content\/uploads\/2017\/10\/014-Electro-Deluxe-Foto-van-Loon.jpg?fit=1200%2C801&ssl=1&resize=700%2C400 2x, https:\/\/i0.wp.com\/www.jazzzeitung.de\/cms\/wp-content\/uploads\/2017\/10\/014-Electro-Deluxe-Foto-van-Loon.jpg?fit=1200%2C801&ssl=1&resize=1050%2C600 3x"},"classes":[]},{"id":23317,"url":"https:\/\/www.jazzzeitung.de\/cms\/2020\/09\/newseroeffnung-des-jazzclub-erfurt44-leipziger-jazztage\/","url_meta":{"origin":13773,"position":4},"title":"+++News:+++Er\u00f6ffnung des Jazzclub Erfurt+++44. Leipziger Jazztage+++","author":"Redaktion JazzZeitung","date":"3. September 2020","format":false,"excerpt":"Er\u00f6ffnungswochenende des Jazzclub Erfurt Der Jazzclub Erfurt musste nach fast 39-j\u00e4hriger Geschichte Ende des Jahres 2019 seine R\u00e4umlichkeiten unter dem Gildehaus am Fischmarkt aufgeben. Der seit 1998 verwendete Jazzkeller wurde durch die Handwerkskammer Th\u00fcringen gek\u00fcndigt. Mit Hilfe der Stadt Erfurt wurde nun eine neue Spielst\u00e4tte in den R\u00e4umen des Th\u00fcringer\u2026","rel":"","context":"In &quot;Galerie&quot;","block_context":{"text":"Galerie","link":"https:\/\/www.jazzzeitung.de\/cms\/thema\/galerie\/"},"img":{"alt_text":"","src":"https:\/\/i0.wp.com\/www.jazzzeitung.de\/cms\/wp-content\/uploads\/2020\/09\/Sachse-Reinhardt_22-e1599126813279.jpg?fit=782%2C656&ssl=1&resize=350%2C200","width":350,"height":200,"srcset":"https:\/\/i0.wp.com\/www.jazzzeitung.de\/cms\/wp-content\/uploads\/2020\/09\/Sachse-Reinhardt_22-e1599126813279.jpg?fit=782%2C656&ssl=1&resize=350%2C200 1x, https:\/\/i0.wp.com\/www.jazzzeitung.de\/cms\/wp-content\/uploads\/2020\/09\/Sachse-Reinhardt_22-e1599126813279.jpg?fit=782%2C656&ssl=1&resize=525%2C300 1.5x, https:\/\/i0.wp.com\/www.jazzzeitung.de\/cms\/wp-content\/uploads\/2020\/09\/Sachse-Reinhardt_22-e1599126813279.jpg?fit=782%2C656&ssl=1&resize=700%2C400 2x"},"classes":[]},{"id":24040,"url":"https:\/\/www.jazzzeitung.de\/cms\/2021\/01\/stadt-leipzig-schreibt-jazznachwuchspreis-2021-aus\/","url_meta":{"origin":13773,"position":5},"title":"Stadt Leipzig schreibt Jazznachwuchspreis 2021 aus","author":"Martin Hufner","date":"6. Januar 2021","format":false,"excerpt":"Die Stadt Leipzig vergibt auch im Jahr 2021 den Jazznachwuchspreis. Das Preisgeld betr\u00e4gt 6.500 Euro. Um den Preis k\u00f6nnen sich Musikerinnen, Musiker und Ensembles bewerben, die auf dem Gebiet des Jazz t\u00e4tig sind und eine besondere k\u00fcnstlerische Entwicklung erwarten lassen. Die Bewerber sollen bis zum 31.03.2021 noch unter 30 Jahre\u2026","rel":"","context":"In &quot;News&quot;","block_context":{"text":"News","link":"https:\/\/www.jazzzeitung.de\/cms\/thema\/nachrichten\/"},"img":{"alt_text":"Jury Wettbewerb. Foto: Hufner","src":"https:\/\/i0.wp.com\/www.jazzzeitung.de\/cms\/wp-content\/uploads\/2021\/01\/kiz-jury_c_hufner.jpg?fit=1200%2C795&ssl=1&resize=350%2C200","width":350,"height":200,"srcset":"https:\/\/i0.wp.com\/www.jazzzeitung.de\/cms\/wp-content\/uploads\/2021\/01\/kiz-jury_c_hufner.jpg?fit=1200%2C795&ssl=1&resize=350%2C200 1x, https:\/\/i0.wp.com\/www.jazzzeitung.de\/cms\/wp-content\/uploads\/2021\/01\/kiz-jury_c_hufner.jpg?fit=1200%2C795&ssl=1&resize=525%2C300 1.5x, https:\/\/i0.wp.com\/www.jazzzeitung.de\/cms\/wp-content\/uploads\/2021\/01\/kiz-jury_c_hufner.jpg?fit=1200%2C795&ssl=1&resize=700%2C400 2x, https:\/\/i0.wp.com\/www.jazzzeitung.de\/cms\/wp-content\/uploads\/2021\/01\/kiz-jury_c_hufner.jpg?fit=1200%2C795&ssl=1&resize=1050%2C600 3x"},"classes":[]}],"jetpack_sharing_enabled":true,"_links":{"self":[{"href":"https:\/\/www.jazzzeitung.de\/cms\/wp-json\/wp\/v2\/posts\/13773","targetHints":{"allow":["GET"]}}],"collection":[{"href":"https:\/\/www.jazzzeitung.de\/cms\/wp-json\/wp\/v2\/posts"}],"about":[{"href":"https:\/\/www.jazzzeitung.de\/cms\/wp-json\/wp\/v2\/types\/post"}],"author":[{"embeddable":true,"href":"https:\/\/www.jazzzeitung.de\/cms\/wp-json\/wp\/v2\/users\/18"}],"replies":[{"embeddable":true,"href":"https:\/\/www.jazzzeitung.de\/cms\/wp-json\/wp\/v2\/comments?post=13773"}],"version-history":[{"count":4,"href":"https:\/\/www.jazzzeitung.de\/cms\/wp-json\/wp\/v2\/posts\/13773\/revisions"}],"predecessor-version":[{"id":13778,"href":"https:\/\/www.jazzzeitung.de\/cms\/wp-json\/wp\/v2\/posts\/13773\/revisions\/13778"}],"wp:featuredmedia":[{"embeddable":true,"href":"https:\/\/www.jazzzeitung.de\/cms\/wp-json\/wp\/v2\/media\/13774"}],"wp:attachment":[{"href":"https:\/\/www.jazzzeitung.de\/cms\/wp-json\/wp\/v2\/media?parent=13773"}],"wp:term":[{"taxonomy":"category","embeddable":true,"href":"https:\/\/www.jazzzeitung.de\/cms\/wp-json\/wp\/v2\/categories?post=13773"},{"taxonomy":"post_tag","embeddable":true,"href":"https:\/\/www.jazzzeitung.de\/cms\/wp-json\/wp\/v2\/tags?post=13773"},{"taxonomy":"author","embeddable":true,"href":"https:\/\/www.jazzzeitung.de\/cms\/wp-json\/wp\/v2\/coauthors?post=13773"}],"curies":[{"name":"wp","href":"https:\/\/api.w.org\/{rel}","templated":true}]}}