{"id":13705,"date":"2017-10-11T09:25:01","date_gmt":"2017-10-11T07:25:01","guid":{"rendered":"https:\/\/www.jazzzeitung.de\/cms\/?p=13705"},"modified":"2017-10-10T12:37:39","modified_gmt":"2017-10-10T10:37:39","slug":"bericht-gerd-dudek-spielte-sich-ins-80-lebensjahr-hinein","status":"publish","type":"post","link":"https:\/\/www.jazzzeitung.de\/cms\/2017\/10\/bericht-gerd-dudek-spielte-sich-ins-80-lebensjahr-hinein\/","title":{"rendered":"Bericht: Gerd Dudek spielte sich ins 80. Lebensjahr hinein"},"content":{"rendered":"<p><strong>Das Recklingh\u00e4user Szenelokal Altstadtschmiede mit ihren w\u00f6chentlichen Sessions steht f\u00fcr eine hohe Best\u00e4ndigkeit im Jazz, wie sie auch und gerade jenseits der gro\u00dfen B\u00fchnen lebt. Vorausgesetzt man pflegt sie mit so viel Herzblut wie der Gitarrist Ingo Marmulla, der vor Jahrzehnten diese Reihe ins Leben rief \u2013 und heute \u00fcber genug Kontakt in der Szene verf\u00fcgt, um jede Woche aufs Neue die kleine B\u00fchne voll zu bekommen. Auff\u00e4llig ist, dass hier auch viel junges Publikum das Klischee von der in W\u00fcrde ergrauenden Jazzgemeinde fr\u00f6hlich konterkariert.<\/strong><\/p>\n<div class=\"tiled-gallery type-rectangular tiled-gallery-unresized\" data-original-width=\"840\" data-carousel-extra='{&quot;blog_id&quot;:1,&quot;permalink&quot;:&quot;https:\\\/\\\/www.jazzzeitung.de\\\/cms\\\/2017\\\/10\\\/bericht-gerd-dudek-spielte-sich-ins-80-lebensjahr-hinein\\\/&quot;,&quot;likes_blog_id&quot;:55446655}' itemscope itemtype=\"http:\/\/schema.org\/ImageGallery\" > <div class=\"gallery-row\" style=\"width: 840px; height: 218px;\" data-original-width=\"840\" data-original-height=\"218\" > <div class=\"gallery-group images-1\" style=\"width: 218px; height: 218px;\" data-original-width=\"218\" data-original-height=\"218\" > <div class=\"tiled-gallery-item tiled-gallery-item-small\" itemprop=\"associatedMedia\" itemscope itemtype=\"http:\/\/schema.org\/ImageObject\"> <a href=\"https:\/\/www.jazzzeitung.de\/cms\/2017\/10\/bericht-gerd-dudek-spielte-sich-ins-80-lebensjahr-hinein\/dsc06439dudek\/\" border=\"0\" itemprop=\"url\"> <meta itemprop=\"width\" content=\"214\"> <meta itemprop=\"height\" content=\"214\"> <img decoding=\"async\" class=\"\" data-attachment-id=\"13706\" data-orig-file=\"https:\/\/www.jazzzeitung.de\/cms\/wp-content\/uploads\/2017\/10\/DSC06439dudek.jpg\" data-orig-size=\"1821,1825\" data-comments-opened=\"1\" data-image-meta=\"{&quot;aperture&quot;:&quot;0&quot;,&quot;credit&quot;:&quot;Picasa&quot;,&quot;camera&quot;:&quot;&quot;,&quot;caption&quot;:&quot;&quot;,&quot;created_timestamp&quot;:&quot;1507278711&quot;,&quot;copyright&quot;:&quot;&quot;,&quot;focal_length&quot;:&quot;0&quot;,&quot;iso&quot;:&quot;0&quot;,&quot;shutter_speed&quot;:&quot;0&quot;,&quot;title&quot;:&quot;&quot;,&quot;orientation&quot;:&quot;0&quot;}\" data-image-title=\"DSC06439dudek\" data-image-description=\"\" data-medium-file=\"https:\/\/i0.wp.com\/www.jazzzeitung.de\/cms\/wp-content\/uploads\/2017\/10\/DSC06439dudek.jpg?fit=300%2C300&#038;ssl=1\" data-large-file=\"https:\/\/i0.wp.com\/www.jazzzeitung.de\/cms\/wp-content\/uploads\/2017\/10\/DSC06439dudek.jpg?fit=599%2C600&#038;ssl=1\" src=\"https:\/\/i0.wp.com\/www.jazzzeitung.de\/cms\/wp-content\/uploads\/2017\/10\/DSC06439dudek.jpg?w=214&#038;h=214&#038;crop=1&#038;ssl=1\" srcset=\"https:\/\/i0.wp.com\/www.jazzzeitung.de\/cms\/wp-content\/uploads\/2017\/10\/DSC06439dudek.jpg?w=1821&amp;ssl=1 1821w, https:\/\/i0.wp.com\/www.jazzzeitung.de\/cms\/wp-content\/uploads\/2017\/10\/DSC06439dudek.jpg?resize=150%2C150&amp;ssl=1 150w, https:\/\/i0.wp.com\/www.jazzzeitung.de\/cms\/wp-content\/uploads\/2017\/10\/DSC06439dudek.jpg?resize=300%2C300&amp;ssl=1 300w, https:\/\/i0.wp.com\/www.jazzzeitung.de\/cms\/wp-content\/uploads\/2017\/10\/DSC06439dudek.jpg?resize=768%2C770&amp;ssl=1 768w, https:\/\/i0.wp.com\/www.jazzzeitung.de\/cms\/wp-content\/uploads\/2017\/10\/DSC06439dudek.jpg?resize=599%2C600&amp;ssl=1 599w, https:\/\/i0.wp.com\/www.jazzzeitung.de\/cms\/wp-content\/uploads\/2017\/10\/DSC06439dudek.jpg?resize=600%2C601&amp;ssl=1 600w, https:\/\/i0.wp.com\/www.jazzzeitung.de\/cms\/wp-content\/uploads\/2017\/10\/DSC06439dudek.jpg?resize=144%2C144&amp;ssl=1 144w, https:\/\/i0.wp.com\/www.jazzzeitung.de\/cms\/wp-content\/uploads\/2017\/10\/DSC06439dudek.jpg?resize=96%2C96&amp;ssl=1 96w, https:\/\/i0.wp.com\/www.jazzzeitung.de\/cms\/wp-content\/uploads\/2017\/10\/DSC06439dudek.jpg?resize=24%2C24&amp;ssl=1 24w, https:\/\/i0.wp.com\/www.jazzzeitung.de\/cms\/wp-content\/uploads\/2017\/10\/DSC06439dudek.jpg?resize=36%2C36&amp;ssl=1 36w, https:\/\/i0.wp.com\/www.jazzzeitung.de\/cms\/wp-content\/uploads\/2017\/10\/DSC06439dudek.jpg?resize=48%2C48&amp;ssl=1 48w, https:\/\/i0.wp.com\/www.jazzzeitung.de\/cms\/wp-content\/uploads\/2017\/10\/DSC06439dudek.jpg?resize=64%2C64&amp;ssl=1 64w, https:\/\/i0.wp.com\/www.jazzzeitung.de\/cms\/wp-content\/uploads\/2017\/10\/DSC06439dudek.jpg?resize=32%2C32&amp;ssl=1 32w, https:\/\/i0.wp.com\/www.jazzzeitung.de\/cms\/wp-content\/uploads\/2017\/10\/DSC06439dudek.jpg?resize=50%2C50&amp;ssl=1 50w, https:\/\/i0.wp.com\/www.jazzzeitung.de\/cms\/wp-content\/uploads\/2017\/10\/DSC06439dudek.jpg?resize=128%2C128&amp;ssl=1 128w, https:\/\/i0.wp.com\/www.jazzzeitung.de\/cms\/wp-content\/uploads\/2017\/10\/DSC06439dudek.jpg?w=1680&amp;ssl=1 1680w\" width=\"214\" height=\"214\" loading=\"lazy\" data-original-width=\"214\" data-original-height=\"214\" itemprop=\"http:\/\/schema.org\/image\" title=\"DSC06439dudek\" alt=\"DSC06439dudek\" style=\"width: 214px; height: 214px;\" \/> <\/a> <\/div> <\/div> <!-- close group --> <div class=\"gallery-group images-1\" style=\"width: 186px; height: 218px;\" data-original-width=\"186\" data-original-height=\"218\" > <div class=\"tiled-gallery-item tiled-gallery-item-small\" itemprop=\"associatedMedia\" itemscope itemtype=\"http:\/\/schema.org\/ImageObject\"> <a href=\"https:\/\/www.jazzzeitung.de\/cms\/2017\/10\/bericht-gerd-dudek-spielte-sich-ins-80-lebensjahr-hinein\/dsc06442\/\" border=\"0\" itemprop=\"url\"> <meta itemprop=\"width\" content=\"182\"> <meta itemprop=\"height\" content=\"214\"> <img decoding=\"async\" class=\"\" data-attachment-id=\"13707\" data-orig-file=\"https:\/\/www.jazzzeitung.de\/cms\/wp-content\/uploads\/2017\/10\/DSC06442.jpg\" data-orig-size=\"3640,4270\" data-comments-opened=\"1\" data-image-meta=\"{&quot;aperture&quot;:&quot;2.8&quot;,&quot;credit&quot;:&quot;Picasa&quot;,&quot;camera&quot;:&quot;DSC-RX10&quot;,&quot;caption&quot;:&quot;&quot;,&quot;created_timestamp&quot;:&quot;1507068215&quot;,&quot;copyright&quot;:&quot;&quot;,&quot;focal_length&quot;:&quot;35.3&quot;,&quot;iso&quot;:&quot;3200&quot;,&quot;shutter_speed&quot;:&quot;0.02&quot;,&quot;title&quot;:&quot;&quot;,&quot;orientation&quot;:&quot;0&quot;}\" data-image-title=\"DSC06442\" data-image-description=\"\" data-medium-file=\"https:\/\/i0.wp.com\/www.jazzzeitung.de\/cms\/wp-content\/uploads\/2017\/10\/DSC06442.jpg?fit=256%2C300&#038;ssl=1\" data-large-file=\"https:\/\/i0.wp.com\/www.jazzzeitung.de\/cms\/wp-content\/uploads\/2017\/10\/DSC06442.jpg?fit=511%2C600&#038;ssl=1\" src=\"https:\/\/i0.wp.com\/www.jazzzeitung.de\/cms\/wp-content\/uploads\/2017\/10\/DSC06442.jpg?w=182&#038;h=214&#038;ssl=1\" srcset=\"https:\/\/i0.wp.com\/www.jazzzeitung.de\/cms\/wp-content\/uploads\/2017\/10\/DSC06442.jpg?w=3640&amp;ssl=1 3640w, https:\/\/i0.wp.com\/www.jazzzeitung.de\/cms\/wp-content\/uploads\/2017\/10\/DSC06442.jpg?resize=256%2C300&amp;ssl=1 256w, https:\/\/i0.wp.com\/www.jazzzeitung.de\/cms\/wp-content\/uploads\/2017\/10\/DSC06442.jpg?resize=768%2C901&amp;ssl=1 768w, https:\/\/i0.wp.com\/www.jazzzeitung.de\/cms\/wp-content\/uploads\/2017\/10\/DSC06442.jpg?resize=511%2C600&amp;ssl=1 511w, https:\/\/i0.wp.com\/www.jazzzeitung.de\/cms\/wp-content\/uploads\/2017\/10\/DSC06442.jpg?resize=600%2C704&amp;ssl=1 600w, https:\/\/i0.wp.com\/www.jazzzeitung.de\/cms\/wp-content\/uploads\/2017\/10\/DSC06442.jpg?w=1680&amp;ssl=1 1680w, https:\/\/i0.wp.com\/www.jazzzeitung.de\/cms\/wp-content\/uploads\/2017\/10\/DSC06442.jpg?w=2520&amp;ssl=1 2520w\" width=\"182\" height=\"214\" loading=\"lazy\" data-original-width=\"182\" data-original-height=\"214\" itemprop=\"http:\/\/schema.org\/image\" title=\"DSC06442\" alt=\"DSC06442\" style=\"width: 182px; height: 214px;\" \/> <\/a> <\/div> <\/div> <!-- close group --> <div class=\"gallery-group images-1\" style=\"width: 218px; height: 218px;\" data-original-width=\"218\" data-original-height=\"218\" > <div class=\"tiled-gallery-item tiled-gallery-item-small\" itemprop=\"associatedMedia\" itemscope itemtype=\"http:\/\/schema.org\/ImageObject\"> <a href=\"https:\/\/www.jazzzeitung.de\/cms\/2017\/10\/bericht-gerd-dudek-spielte-sich-ins-80-lebensjahr-hinein\/dsc06471\/\" border=\"0\" itemprop=\"url\"> <meta itemprop=\"width\" content=\"214\"> <meta itemprop=\"height\" content=\"214\"> <img decoding=\"async\" class=\"\" data-attachment-id=\"13708\" data-orig-file=\"https:\/\/www.jazzzeitung.de\/cms\/wp-content\/uploads\/2017\/10\/DSC06471.jpg\" data-orig-size=\"3648,3651\" data-comments-opened=\"1\" data-image-meta=\"{&quot;aperture&quot;:&quot;2.8&quot;,&quot;credit&quot;:&quot;Picasa&quot;,&quot;camera&quot;:&quot;DSC-RX10&quot;,&quot;caption&quot;:&quot;&quot;,&quot;created_timestamp&quot;:&quot;1507068439&quot;,&quot;copyright&quot;:&quot;&quot;,&quot;focal_length&quot;:&quot;31.27&quot;,&quot;iso&quot;:&quot;2500&quot;,&quot;shutter_speed&quot;:&quot;0.01&quot;,&quot;title&quot;:&quot;&quot;,&quot;orientation&quot;:&quot;0&quot;}\" data-image-title=\"DSC06471\" data-image-description=\"\" data-medium-file=\"https:\/\/i0.wp.com\/www.jazzzeitung.de\/cms\/wp-content\/uploads\/2017\/10\/DSC06471.jpg?fit=300%2C300&#038;ssl=1\" data-large-file=\"https:\/\/i0.wp.com\/www.jazzzeitung.de\/cms\/wp-content\/uploads\/2017\/10\/DSC06471.jpg?fit=600%2C600&#038;ssl=1\" src=\"https:\/\/i0.wp.com\/www.jazzzeitung.de\/cms\/wp-content\/uploads\/2017\/10\/DSC06471.jpg?w=214&#038;h=214&#038;crop=1&#038;ssl=1\" srcset=\"https:\/\/i0.wp.com\/www.jazzzeitung.de\/cms\/wp-content\/uploads\/2017\/10\/DSC06471.jpg?w=3648&amp;ssl=1 3648w, https:\/\/i0.wp.com\/www.jazzzeitung.de\/cms\/wp-content\/uploads\/2017\/10\/DSC06471.jpg?resize=150%2C150&amp;ssl=1 150w, https:\/\/i0.wp.com\/www.jazzzeitung.de\/cms\/wp-content\/uploads\/2017\/10\/DSC06471.jpg?resize=300%2C300&amp;ssl=1 300w, https:\/\/i0.wp.com\/www.jazzzeitung.de\/cms\/wp-content\/uploads\/2017\/10\/DSC06471.jpg?resize=768%2C769&amp;ssl=1 768w, https:\/\/i0.wp.com\/www.jazzzeitung.de\/cms\/wp-content\/uploads\/2017\/10\/DSC06471.jpg?resize=600%2C600&amp;ssl=1 600w, https:\/\/i0.wp.com\/www.jazzzeitung.de\/cms\/wp-content\/uploads\/2017\/10\/DSC06471.jpg?resize=144%2C144&amp;ssl=1 144w, https:\/\/i0.wp.com\/www.jazzzeitung.de\/cms\/wp-content\/uploads\/2017\/10\/DSC06471.jpg?resize=96%2C96&amp;ssl=1 96w, https:\/\/i0.wp.com\/www.jazzzeitung.de\/cms\/wp-content\/uploads\/2017\/10\/DSC06471.jpg?resize=24%2C24&amp;ssl=1 24w, https:\/\/i0.wp.com\/www.jazzzeitung.de\/cms\/wp-content\/uploads\/2017\/10\/DSC06471.jpg?resize=36%2C36&amp;ssl=1 36w, https:\/\/i0.wp.com\/www.jazzzeitung.de\/cms\/wp-content\/uploads\/2017\/10\/DSC06471.jpg?resize=48%2C48&amp;ssl=1 48w, https:\/\/i0.wp.com\/www.jazzzeitung.de\/cms\/wp-content\/uploads\/2017\/10\/DSC06471.jpg?resize=64%2C64&amp;ssl=1 64w, https:\/\/i0.wp.com\/www.jazzzeitung.de\/cms\/wp-content\/uploads\/2017\/10\/DSC06471.jpg?resize=32%2C32&amp;ssl=1 32w, https:\/\/i0.wp.com\/www.jazzzeitung.de\/cms\/wp-content\/uploads\/2017\/10\/DSC06471.jpg?resize=50%2C50&amp;ssl=1 50w, https:\/\/i0.wp.com\/www.jazzzeitung.de\/cms\/wp-content\/uploads\/2017\/10\/DSC06471.jpg?resize=128%2C128&amp;ssl=1 128w, https:\/\/i0.wp.com\/www.jazzzeitung.de\/cms\/wp-content\/uploads\/2017\/10\/DSC06471.jpg?w=1680&amp;ssl=1 1680w, https:\/\/i0.wp.com\/www.jazzzeitung.de\/cms\/wp-content\/uploads\/2017\/10\/DSC06471.jpg?w=2520&amp;ssl=1 2520w\" width=\"214\" height=\"214\" loading=\"lazy\" data-original-width=\"214\" data-original-height=\"214\" itemprop=\"http:\/\/schema.org\/image\" title=\"DSC06471\" alt=\"DSC06471\" style=\"width: 214px; height: 214px;\" \/> <\/a> <\/div> <\/div> <!-- close group --> <div class=\"gallery-group images-1\" style=\"width: 218px; height: 218px;\" data-original-width=\"218\" data-original-height=\"218\" > <div class=\"tiled-gallery-item tiled-gallery-item-small\" itemprop=\"associatedMedia\" itemscope itemtype=\"http:\/\/schema.org\/ImageObject\"> <a href=\"https:\/\/www.jazzzeitung.de\/cms\/2017\/10\/bericht-gerd-dudek-spielte-sich-ins-80-lebensjahr-hinein\/dsc06488\/\" border=\"0\" itemprop=\"url\"> <meta itemprop=\"width\" content=\"214\"> <meta itemprop=\"height\" content=\"214\"> <img decoding=\"async\" class=\"\" data-attachment-id=\"13709\" data-orig-file=\"https:\/\/www.jazzzeitung.de\/cms\/wp-content\/uploads\/2017\/10\/DSC06488.jpg\" data-orig-size=\"3633,3643\" data-comments-opened=\"1\" data-image-meta=\"{&quot;aperture&quot;:&quot;2.8&quot;,&quot;credit&quot;:&quot;Picasa&quot;,&quot;camera&quot;:&quot;DSC-RX10&quot;,&quot;caption&quot;:&quot;&quot;,&quot;created_timestamp&quot;:&quot;1507068521&quot;,&quot;copyright&quot;:&quot;&quot;,&quot;focal_length&quot;:&quot;16.76&quot;,&quot;iso&quot;:&quot;2500&quot;,&quot;shutter_speed&quot;:&quot;0.02&quot;,&quot;title&quot;:&quot;&quot;,&quot;orientation&quot;:&quot;0&quot;}\" data-image-title=\"DSC06488\" data-image-description=\"\" data-medium-file=\"https:\/\/i0.wp.com\/www.jazzzeitung.de\/cms\/wp-content\/uploads\/2017\/10\/DSC06488.jpg?fit=300%2C300&#038;ssl=1\" data-large-file=\"https:\/\/i0.wp.com\/www.jazzzeitung.de\/cms\/wp-content\/uploads\/2017\/10\/DSC06488.jpg?fit=598%2C600&#038;ssl=1\" src=\"https:\/\/i0.wp.com\/www.jazzzeitung.de\/cms\/wp-content\/uploads\/2017\/10\/DSC06488.jpg?w=214&#038;h=214&#038;crop=1&#038;ssl=1\" srcset=\"https:\/\/i0.wp.com\/www.jazzzeitung.de\/cms\/wp-content\/uploads\/2017\/10\/DSC06488.jpg?w=3633&amp;ssl=1 3633w, https:\/\/i0.wp.com\/www.jazzzeitung.de\/cms\/wp-content\/uploads\/2017\/10\/DSC06488.jpg?resize=150%2C150&amp;ssl=1 150w, https:\/\/i0.wp.com\/www.jazzzeitung.de\/cms\/wp-content\/uploads\/2017\/10\/DSC06488.jpg?resize=300%2C300&amp;ssl=1 300w, https:\/\/i0.wp.com\/www.jazzzeitung.de\/cms\/wp-content\/uploads\/2017\/10\/DSC06488.jpg?resize=768%2C770&amp;ssl=1 768w, https:\/\/i0.wp.com\/www.jazzzeitung.de\/cms\/wp-content\/uploads\/2017\/10\/DSC06488.jpg?resize=598%2C600&amp;ssl=1 598w, https:\/\/i0.wp.com\/www.jazzzeitung.de\/cms\/wp-content\/uploads\/2017\/10\/DSC06488.jpg?resize=600%2C602&amp;ssl=1 600w, https:\/\/i0.wp.com\/www.jazzzeitung.de\/cms\/wp-content\/uploads\/2017\/10\/DSC06488.jpg?resize=144%2C144&amp;ssl=1 144w, https:\/\/i0.wp.com\/www.jazzzeitung.de\/cms\/wp-content\/uploads\/2017\/10\/DSC06488.jpg?resize=96%2C96&amp;ssl=1 96w, https:\/\/i0.wp.com\/www.jazzzeitung.de\/cms\/wp-content\/uploads\/2017\/10\/DSC06488.jpg?resize=24%2C24&amp;ssl=1 24w, https:\/\/i0.wp.com\/www.jazzzeitung.de\/cms\/wp-content\/uploads\/2017\/10\/DSC06488.jpg?resize=36%2C36&amp;ssl=1 36w, https:\/\/i0.wp.com\/www.jazzzeitung.de\/cms\/wp-content\/uploads\/2017\/10\/DSC06488.jpg?resize=48%2C48&amp;ssl=1 48w, https:\/\/i0.wp.com\/www.jazzzeitung.de\/cms\/wp-content\/uploads\/2017\/10\/DSC06488.jpg?resize=64%2C64&amp;ssl=1 64w, https:\/\/i0.wp.com\/www.jazzzeitung.de\/cms\/wp-content\/uploads\/2017\/10\/DSC06488.jpg?resize=32%2C32&amp;ssl=1 32w, https:\/\/i0.wp.com\/www.jazzzeitung.de\/cms\/wp-content\/uploads\/2017\/10\/DSC06488.jpg?resize=50%2C50&amp;ssl=1 50w, https:\/\/i0.wp.com\/www.jazzzeitung.de\/cms\/wp-content\/uploads\/2017\/10\/DSC06488.jpg?resize=128%2C128&amp;ssl=1 128w, https:\/\/i0.wp.com\/www.jazzzeitung.de\/cms\/wp-content\/uploads\/2017\/10\/DSC06488.jpg?w=1680&amp;ssl=1 1680w, https:\/\/i0.wp.com\/www.jazzzeitung.de\/cms\/wp-content\/uploads\/2017\/10\/DSC06488.jpg?w=2520&amp;ssl=1 2520w\" width=\"214\" height=\"214\" loading=\"lazy\" data-original-width=\"214\" data-original-height=\"214\" itemprop=\"http:\/\/schema.org\/image\" title=\"DSC06488\" alt=\"DSC06488\" style=\"width: 214px; height: 214px;\" \/> <\/a> <\/div> <\/div> <!-- close group --> <\/div> <!-- close row --> <\/div>\n<p>Erwartungsgem\u00e4\u00df voll wurde es, als hier mal wieder ein legend\u00e4rer Spieler auf der B\u00fchne stand: Der Saxofonist Gerd Dudek improvisierte und solierte sich abendf\u00fcllend in sein 80. Lebensjahr hinein. An seiner Seite agierte eine gro\u00dfe, spontan zusammengew\u00fcrftelte Band, und auch die vereint jung und alt in ihren Reihen! Am untersten Ende der Altersskala der gro\u00df besetzten Combo auf der kleinen B\u00fchne rangiert Jerry Lu, der \u201ejugend jazzt\u201c und \u201ejugend musiziert\u201c erfolgreich meisterte und jetzt in K\u00f6ln Jazzpiano studiert. Durch nichts l\u00e4sst sich dessen ruhig pulsierendes Spiel aus der Ruhe bringen. Das beweist er bei dieser improvisierten Spontan-Combo wie sonst auch beim Jugendjazzorchester NRW. Die F\u00e4den zieht Ingo Marmulla, der immer auf neue die Leute zusammenbringt. Er koordiniert w\u00e4hrend des Spiels den Ablauf der Changes, Soli und Chorusse &#8211; auf dass alles wie in einer gut ge\u00f6lten Maschine vorw\u00e4rts geht! Oft verl\u00e4sst er an diesem Abend die B\u00fchne, um s\u00e4mtliche Musiker noch zus\u00e4tzlich anzufeuern.<\/p>\n<p>Mit Leidenschaft, aber ohne Exzentrik und daf\u00fcr umso mehr stilsicherer Erfahrung wird den Gro\u00dftaten im Jazz Respekt gezollt: Voller Bluesfeeling und sattem Swing sind die Hommagen etwa an Count Basie, Duke Ellington oder John Coltrane. Ewige Statements, die hier im Glanz der Gegenwart erstrahlen! Und man darf den gro\u00dfen Gerd Dudek auf seinem Tenor als gef\u00fchlvollen Geschichtenerz\u00e4hler erleben, der sich in allen Registern und Tonlagen bestens zuhause f\u00fchlt. Oft wird es richtig orchestral wie in einer kleinen Bigband. Stefan Werni l\u00e4sst den Bass wie einen gleichm\u00e4\u00dfig getakteten Motor pulsieren. Eckhard Koltermann auf der Bassklarinette sch\u00f6pft aus gro\u00dfen Tonumf\u00e4ngen. Bernd Westerhoff l\u00e4sst seine flammenden Trompetensoli erstrahlen. Schlie\u00dflich nimmt der ber\u00fchmte \u201eA-Trane\u201c m\u00e4chtig, aber ohne jede Hektik Fahrt auf. Billy Strayhorns und durch Duke Ellington bekannt gewordenes St\u00fcck wurde geschrieben, als Gerd Dudek gerade ein Jahr alt war. Aber es klingt in der Behandlung durch diese Musiker so frisch, als w\u00fcrde es aus dem Heute kommen. Denn an diesem Abend wird mit Leidenschaft und ohne M\u00e4tzchen einfach nur ehrliche Musik gemacht.<\/p>\n<p>Text und Fotos von Stefan Pieper<\/p>\n<p>&nbsp;<\/p>\n","protected":false},"excerpt":{"rendered":"<p>Das Recklingh\u00e4user Szenelokal Altstadtschmiede mit ihren w\u00f6chentlichen Sessions steht f\u00fcr eine hohe Best\u00e4ndigkeit im Jazz, wie sie auch und gerade jenseits der gro\u00dfen B\u00fchnen lebt. Vorausgesetzt man pflegt sie mit so viel Herzblut wie der Gitarrist Ingo Marmulla, der vor Jahrzehnten diese Reihe ins Leben rief \u2013 und heute \u00fcber genug Kontakt in der Szene verf\u00fcgt, um jede Woche aufs Neue die kleine B\u00fchne voll zu bekommen. Auff\u00e4llig ist, dass hier auch viel junges Publikum das Klischee von der in W\u00fcrde ergrauenden Jazzgemeinde fr\u00f6hlich konterkariert. Erwartungsgem\u00e4\u00df voll wurde es, als hier mal wieder ein legend\u00e4rer Spieler auf der B\u00fchne stand: Der Saxofonist Gerd Dudek improvisierte und solierte sich abendf\u00fcllend in sein 80. Lebensjahr hinein. An seiner Seite agierte eine gro\u00dfe, spontan zusammengew\u00fcrftelte Band, und auch die vereint jung und alt in ihren Reihen! Am untersten Ende der Altersskala der gro\u00df besetzten Combo auf der kleinen B\u00fchne rangiert Jerry Lu, der \u201ejugend jazzt\u201c und \u201ejugend musiziert\u201c erfolgreich meisterte und jetzt in K\u00f6ln Jazzpiano studiert. Durch nichts l\u00e4sst sich dessen ruhig pulsierendes Spiel aus der Ruhe bringen. Das beweist er bei dieser improvisierten Spontan-Combo wie sonst auch &hellip;<\/p>\n","protected":false},"author":18,"featured_media":13709,"comment_status":"open","ping_status":"closed","sticky":false,"template":"","format":"standard","meta":{"_jetpack_memberships_contains_paid_content":false,"footnotes":"","jetpack_publicize_message":"","jetpack_publicize_feature_enabled":true,"jetpack_social_post_already_shared":false,"jetpack_social_options":{"image_generator_settings":{"template":"highway","default_image_id":0,"font":"","enabled":false},"version":2}},"categories":[1053],"tags":[1197,73,283,305,1425,852,1176,1129,535],"coauthors":[695],"class_list":["post-13705","post","type-post","status-publish","format-standard","has-post-thumbnail","hentry","category-bericht","tag-bericht","tag-bigband","tag-jazzpiano","tag-jugend-jazzt","tag-jung","tag-koeln","tag-soli","tag-stefan-pieper","tag-swing"],"yoast_head":"<!-- This site is optimized with the Yoast SEO plugin v27.5 - https:\/\/yoast.com\/product\/yoast-seo-wordpress\/ -->\n<title>Bericht: Gerd Dudek spielte sich ins 80. Lebensjahr hinein - JazzZeitung<\/title>\n<meta name=\"robots\" content=\"index, follow, max-snippet:-1, max-image-preview:large, max-video-preview:-1\" \/>\n<link rel=\"canonical\" href=\"https:\/\/www.jazzzeitung.de\/cms\/2017\/10\/bericht-gerd-dudek-spielte-sich-ins-80-lebensjahr-hinein\/\" \/>\n<meta property=\"og:locale\" content=\"de_DE\" \/>\n<meta property=\"og:type\" content=\"article\" \/>\n<meta property=\"og:title\" content=\"Bericht: Gerd Dudek spielte sich ins 80. Lebensjahr hinein - JazzZeitung\" \/>\n<meta property=\"og:description\" content=\"Das Recklingh\u00e4user Szenelokal Altstadtschmiede mit ihren w\u00f6chentlichen Sessions steht f\u00fcr eine hohe Best\u00e4ndigkeit im Jazz, wie sie auch und gerade jenseits der gro\u00dfen B\u00fchnen lebt. Vorausgesetzt man pflegt sie mit so viel Herzblut wie der Gitarrist Ingo Marmulla, der vor Jahrzehnten diese Reihe ins Leben rief \u2013 und heute \u00fcber genug Kontakt in der Szene verf\u00fcgt, um jede Woche aufs Neue die kleine B\u00fchne voll zu bekommen. Auff\u00e4llig ist, dass hier auch viel junges Publikum das Klischee von der in W\u00fcrde ergrauenden Jazzgemeinde fr\u00f6hlich konterkariert. Erwartungsgem\u00e4\u00df voll wurde es, als hier mal wieder ein legend\u00e4rer Spieler auf der B\u00fchne stand: Der Saxofonist Gerd Dudek improvisierte und solierte sich abendf\u00fcllend in sein 80. Lebensjahr hinein. An seiner Seite agierte eine gro\u00dfe, spontan zusammengew\u00fcrftelte Band, und auch die vereint jung und alt in ihren Reihen! Am untersten Ende der Altersskala der gro\u00df besetzten Combo auf der kleinen B\u00fchne rangiert Jerry Lu, der \u201ejugend jazzt\u201c und \u201ejugend musiziert\u201c erfolgreich meisterte und jetzt in K\u00f6ln Jazzpiano studiert. Durch nichts l\u00e4sst sich dessen ruhig pulsierendes Spiel aus der Ruhe bringen. Das beweist er bei dieser improvisierten Spontan-Combo wie sonst auch &hellip;\" \/>\n<meta property=\"og:url\" content=\"https:\/\/www.jazzzeitung.de\/cms\/2017\/10\/bericht-gerd-dudek-spielte-sich-ins-80-lebensjahr-hinein\/\" \/>\n<meta property=\"og:site_name\" content=\"JazzZeitung\" \/>\n<meta property=\"article:publisher\" content=\"https:\/\/www.facebook.com\/JazzZeitung\/\" \/>\n<meta property=\"article:published_time\" content=\"2017-10-11T07:25:01+00:00\" \/>\n<meta property=\"og:image\" content=\"https:\/\/www.jazzzeitung.de\/cms\/wp-content\/uploads\/2017\/10\/DSC06488-598x600.jpg\" \/>\n\t<meta property=\"og:image:width\" content=\"598\" \/>\n\t<meta property=\"og:image:height\" content=\"600\" \/>\n\t<meta property=\"og:image:type\" content=\"image\/jpeg\" \/>\n<meta name=\"author\" content=\"Redaktion JazzZeitung\" \/>\n<script type=\"application\/ld+json\" class=\"yoast-schema-graph\">{\"@context\":\"https:\\\/\\\/schema.org\",\"@graph\":[{\"@type\":\"Article\",\"@id\":\"https:\\\/\\\/www.jazzzeitung.de\\\/cms\\\/2017\\\/10\\\/bericht-gerd-dudek-spielte-sich-ins-80-lebensjahr-hinein\\\/#article\",\"isPartOf\":{\"@id\":\"https:\\\/\\\/www.jazzzeitung.de\\\/cms\\\/2017\\\/10\\\/bericht-gerd-dudek-spielte-sich-ins-80-lebensjahr-hinein\\\/\"},\"author\":{\"name\":\"Redaktion JazzZeitung\",\"@id\":\"https:\\\/\\\/www.jazzzeitung.de\\\/cms\\\/#\\\/schema\\\/person\\\/2245b36b9cd1d24cea10f01c031fb92b\"},\"headline\":\"Bericht: Gerd Dudek spielte sich ins 80. Lebensjahr hinein\",\"datePublished\":\"2017-10-11T07:25:01+00:00\",\"mainEntityOfPage\":{\"@id\":\"https:\\\/\\\/www.jazzzeitung.de\\\/cms\\\/2017\\\/10\\\/bericht-gerd-dudek-spielte-sich-ins-80-lebensjahr-hinein\\\/\"},\"wordCount\":469,\"commentCount\":0,\"publisher\":{\"@id\":\"https:\\\/\\\/www.jazzzeitung.de\\\/cms\\\/#organization\"},\"image\":{\"@id\":\"https:\\\/\\\/www.jazzzeitung.de\\\/cms\\\/2017\\\/10\\\/bericht-gerd-dudek-spielte-sich-ins-80-lebensjahr-hinein\\\/#primaryimage\"},\"thumbnailUrl\":\"https:\\\/\\\/i0.wp.com\\\/www.jazzzeitung.de\\\/cms\\\/wp-content\\\/uploads\\\/2017\\\/10\\\/DSC06488.jpg?fit=3633%2C3643&ssl=1\",\"keywords\":[\"Bericht\",\"Bigband\",\"Jazzpiano\",\"Jugend jazzt\",\"Jung\",\"K\u00f6ln\",\"Soli\",\"Stefan Pieper\",\"Swing\"],\"articleSection\":[\"Bericht\"],\"inLanguage\":\"de\",\"potentialAction\":[{\"@type\":\"CommentAction\",\"name\":\"Comment\",\"target\":[\"https:\\\/\\\/www.jazzzeitung.de\\\/cms\\\/2017\\\/10\\\/bericht-gerd-dudek-spielte-sich-ins-80-lebensjahr-hinein\\\/#respond\"]}]},{\"@type\":\"WebPage\",\"@id\":\"https:\\\/\\\/www.jazzzeitung.de\\\/cms\\\/2017\\\/10\\\/bericht-gerd-dudek-spielte-sich-ins-80-lebensjahr-hinein\\\/\",\"url\":\"https:\\\/\\\/www.jazzzeitung.de\\\/cms\\\/2017\\\/10\\\/bericht-gerd-dudek-spielte-sich-ins-80-lebensjahr-hinein\\\/\",\"name\":\"Bericht: Gerd Dudek spielte sich ins 80. Lebensjahr hinein - JazzZeitung\",\"isPartOf\":{\"@id\":\"https:\\\/\\\/www.jazzzeitung.de\\\/cms\\\/#website\"},\"primaryImageOfPage\":{\"@id\":\"https:\\\/\\\/www.jazzzeitung.de\\\/cms\\\/2017\\\/10\\\/bericht-gerd-dudek-spielte-sich-ins-80-lebensjahr-hinein\\\/#primaryimage\"},\"image\":{\"@id\":\"https:\\\/\\\/www.jazzzeitung.de\\\/cms\\\/2017\\\/10\\\/bericht-gerd-dudek-spielte-sich-ins-80-lebensjahr-hinein\\\/#primaryimage\"},\"thumbnailUrl\":\"https:\\\/\\\/i0.wp.com\\\/www.jazzzeitung.de\\\/cms\\\/wp-content\\\/uploads\\\/2017\\\/10\\\/DSC06488.jpg?fit=3633%2C3643&ssl=1\",\"datePublished\":\"2017-10-11T07:25:01+00:00\",\"breadcrumb\":{\"@id\":\"https:\\\/\\\/www.jazzzeitung.de\\\/cms\\\/2017\\\/10\\\/bericht-gerd-dudek-spielte-sich-ins-80-lebensjahr-hinein\\\/#breadcrumb\"},\"inLanguage\":\"de\",\"potentialAction\":[{\"@type\":\"ReadAction\",\"target\":[\"https:\\\/\\\/www.jazzzeitung.de\\\/cms\\\/2017\\\/10\\\/bericht-gerd-dudek-spielte-sich-ins-80-lebensjahr-hinein\\\/\"]}]},{\"@type\":\"ImageObject\",\"inLanguage\":\"de\",\"@id\":\"https:\\\/\\\/www.jazzzeitung.de\\\/cms\\\/2017\\\/10\\\/bericht-gerd-dudek-spielte-sich-ins-80-lebensjahr-hinein\\\/#primaryimage\",\"url\":\"https:\\\/\\\/i0.wp.com\\\/www.jazzzeitung.de\\\/cms\\\/wp-content\\\/uploads\\\/2017\\\/10\\\/DSC06488.jpg?fit=3633%2C3643&ssl=1\",\"contentUrl\":\"https:\\\/\\\/i0.wp.com\\\/www.jazzzeitung.de\\\/cms\\\/wp-content\\\/uploads\\\/2017\\\/10\\\/DSC06488.jpg?fit=3633%2C3643&ssl=1\",\"width\":3633,\"height\":3643},{\"@type\":\"BreadcrumbList\",\"@id\":\"https:\\\/\\\/www.jazzzeitung.de\\\/cms\\\/2017\\\/10\\\/bericht-gerd-dudek-spielte-sich-ins-80-lebensjahr-hinein\\\/#breadcrumb\",\"itemListElement\":[{\"@type\":\"ListItem\",\"position\":1,\"name\":\"Startseite\",\"item\":\"https:\\\/\\\/www.jazzzeitung.de\\\/cms\\\/\"},{\"@type\":\"ListItem\",\"position\":2,\"name\":\"Bericht: Gerd Dudek spielte sich ins 80. Lebensjahr hinein\"}]},{\"@type\":\"WebSite\",\"@id\":\"https:\\\/\\\/www.jazzzeitung.de\\\/cms\\\/#website\",\"url\":\"https:\\\/\\\/www.jazzzeitung.de\\\/cms\\\/\",\"name\":\"JazzZeitung\",\"description\":\"Jazz-News und Jazz-Kontroverses\",\"publisher\":{\"@id\":\"https:\\\/\\\/www.jazzzeitung.de\\\/cms\\\/#organization\"},\"potentialAction\":[{\"@type\":\"SearchAction\",\"target\":{\"@type\":\"EntryPoint\",\"urlTemplate\":\"https:\\\/\\\/www.jazzzeitung.de\\\/cms\\\/?s={search_term_string}\"},\"query-input\":{\"@type\":\"PropertyValueSpecification\",\"valueRequired\":true,\"valueName\":\"search_term_string\"}}],\"inLanguage\":\"de\"},{\"@type\":\"Organization\",\"@id\":\"https:\\\/\\\/www.jazzzeitung.de\\\/cms\\\/#organization\",\"name\":\"JazzZeitung online\",\"url\":\"https:\\\/\\\/www.jazzzeitung.de\\\/cms\\\/\",\"logo\":{\"@type\":\"ImageObject\",\"inLanguage\":\"de\",\"@id\":\"https:\\\/\\\/www.jazzzeitung.de\\\/cms\\\/#\\\/schema\\\/logo\\\/image\\\/\",\"url\":\"https:\\\/\\\/i0.wp.com\\\/www.jazzzeitung.de\\\/cms\\\/wp-content\\\/uploads\\\/2015\\\/08\\\/JAZZZEITUNGDE_Logo_Neu.png?fit=499%2C200&ssl=1\",\"contentUrl\":\"https:\\\/\\\/i0.wp.com\\\/www.jazzzeitung.de\\\/cms\\\/wp-content\\\/uploads\\\/2015\\\/08\\\/JAZZZEITUNGDE_Logo_Neu.png?fit=499%2C200&ssl=1\",\"width\":499,\"height\":200,\"caption\":\"JazzZeitung online\"},\"image\":{\"@id\":\"https:\\\/\\\/www.jazzzeitung.de\\\/cms\\\/#\\\/schema\\\/logo\\\/image\\\/\"},\"sameAs\":[\"https:\\\/\\\/www.facebook.com\\\/JazzZeitung\\\/\"]},{\"@type\":\"Person\",\"@id\":\"https:\\\/\\\/www.jazzzeitung.de\\\/cms\\\/#\\\/schema\\\/person\\\/2245b36b9cd1d24cea10f01c031fb92b\",\"name\":\"Redaktion JazzZeitung\",\"image\":{\"@type\":\"ImageObject\",\"inLanguage\":\"de\",\"@id\":\"https:\\\/\\\/i0.wp.com\\\/www.jazzzeitung.de\\\/cms\\\/wp-content\\\/uploads\\\/2015\\\/08\\\/JAZZZEITUNGDE_Logo_Neu.png?resize=96%2C96&ssl=159975dcacb611b5700bd619b5daf0a7a\",\"url\":\"https:\\\/\\\/i0.wp.com\\\/www.jazzzeitung.de\\\/cms\\\/wp-content\\\/uploads\\\/2015\\\/08\\\/JAZZZEITUNGDE_Logo_Neu.png?resize=96%2C96&ssl=1\",\"contentUrl\":\"https:\\\/\\\/i0.wp.com\\\/www.jazzzeitung.de\\\/cms\\\/wp-content\\\/uploads\\\/2015\\\/08\\\/JAZZZEITUNGDE_Logo_Neu.png?resize=96%2C96&ssl=1\",\"caption\":\"Redaktion JazzZeitung\"},\"description\":\"Artikel der Redaktion der JazzZeitung.\",\"sameAs\":[\"http:\\\/\\\/www.jazzzeitung.de\\\/cms\\\/\"],\"url\":\"https:\\\/\\\/www.jazzzeitung.de\\\/cms\\\/author\\\/redaktion\\\/\"}]}<\/script>\n<!-- \/ Yoast SEO plugin. -->","yoast_head_json":{"title":"Bericht: Gerd Dudek spielte sich ins 80. Lebensjahr hinein - JazzZeitung","robots":{"index":"index","follow":"follow","max-snippet":"max-snippet:-1","max-image-preview":"max-image-preview:large","max-video-preview":"max-video-preview:-1"},"canonical":"https:\/\/www.jazzzeitung.de\/cms\/2017\/10\/bericht-gerd-dudek-spielte-sich-ins-80-lebensjahr-hinein\/","og_locale":"de_DE","og_type":"article","og_title":"Bericht: Gerd Dudek spielte sich ins 80. Lebensjahr hinein - JazzZeitung","og_description":"Das Recklingh\u00e4user Szenelokal Altstadtschmiede mit ihren w\u00f6chentlichen Sessions steht f\u00fcr eine hohe Best\u00e4ndigkeit im Jazz, wie sie auch und gerade jenseits der gro\u00dfen B\u00fchnen lebt. Vorausgesetzt man pflegt sie mit so viel Herzblut wie der Gitarrist Ingo Marmulla, der vor Jahrzehnten diese Reihe ins Leben rief \u2013 und heute \u00fcber genug Kontakt in der Szene verf\u00fcgt, um jede Woche aufs Neue die kleine B\u00fchne voll zu bekommen. Auff\u00e4llig ist, dass hier auch viel junges Publikum das Klischee von der in W\u00fcrde ergrauenden Jazzgemeinde fr\u00f6hlich konterkariert. Erwartungsgem\u00e4\u00df voll wurde es, als hier mal wieder ein legend\u00e4rer Spieler auf der B\u00fchne stand: Der Saxofonist Gerd Dudek improvisierte und solierte sich abendf\u00fcllend in sein 80. Lebensjahr hinein. An seiner Seite agierte eine gro\u00dfe, spontan zusammengew\u00fcrftelte Band, und auch die vereint jung und alt in ihren Reihen! Am untersten Ende der Altersskala der gro\u00df besetzten Combo auf der kleinen B\u00fchne rangiert Jerry Lu, der \u201ejugend jazzt\u201c und \u201ejugend musiziert\u201c erfolgreich meisterte und jetzt in K\u00f6ln Jazzpiano studiert. Durch nichts l\u00e4sst sich dessen ruhig pulsierendes Spiel aus der Ruhe bringen. Das beweist er bei dieser improvisierten Spontan-Combo wie sonst auch &hellip;","og_url":"https:\/\/www.jazzzeitung.de\/cms\/2017\/10\/bericht-gerd-dudek-spielte-sich-ins-80-lebensjahr-hinein\/","og_site_name":"JazzZeitung","article_publisher":"https:\/\/www.facebook.com\/JazzZeitung\/","article_published_time":"2017-10-11T07:25:01+00:00","og_image":[{"width":598,"height":600,"url":"https:\/\/www.jazzzeitung.de\/cms\/wp-content\/uploads\/2017\/10\/DSC06488-598x600.jpg","type":"image\/jpeg"}],"author":"Redaktion JazzZeitung","schema":{"@context":"https:\/\/schema.org","@graph":[{"@type":"Article","@id":"https:\/\/www.jazzzeitung.de\/cms\/2017\/10\/bericht-gerd-dudek-spielte-sich-ins-80-lebensjahr-hinein\/#article","isPartOf":{"@id":"https:\/\/www.jazzzeitung.de\/cms\/2017\/10\/bericht-gerd-dudek-spielte-sich-ins-80-lebensjahr-hinein\/"},"author":{"name":"Redaktion JazzZeitung","@id":"https:\/\/www.jazzzeitung.de\/cms\/#\/schema\/person\/2245b36b9cd1d24cea10f01c031fb92b"},"headline":"Bericht: Gerd Dudek spielte sich ins 80. Lebensjahr hinein","datePublished":"2017-10-11T07:25:01+00:00","mainEntityOfPage":{"@id":"https:\/\/www.jazzzeitung.de\/cms\/2017\/10\/bericht-gerd-dudek-spielte-sich-ins-80-lebensjahr-hinein\/"},"wordCount":469,"commentCount":0,"publisher":{"@id":"https:\/\/www.jazzzeitung.de\/cms\/#organization"},"image":{"@id":"https:\/\/www.jazzzeitung.de\/cms\/2017\/10\/bericht-gerd-dudek-spielte-sich-ins-80-lebensjahr-hinein\/#primaryimage"},"thumbnailUrl":"https:\/\/i0.wp.com\/www.jazzzeitung.de\/cms\/wp-content\/uploads\/2017\/10\/DSC06488.jpg?fit=3633%2C3643&ssl=1","keywords":["Bericht","Bigband","Jazzpiano","Jugend jazzt","Jung","K\u00f6ln","Soli","Stefan Pieper","Swing"],"articleSection":["Bericht"],"inLanguage":"de","potentialAction":[{"@type":"CommentAction","name":"Comment","target":["https:\/\/www.jazzzeitung.de\/cms\/2017\/10\/bericht-gerd-dudek-spielte-sich-ins-80-lebensjahr-hinein\/#respond"]}]},{"@type":"WebPage","@id":"https:\/\/www.jazzzeitung.de\/cms\/2017\/10\/bericht-gerd-dudek-spielte-sich-ins-80-lebensjahr-hinein\/","url":"https:\/\/www.jazzzeitung.de\/cms\/2017\/10\/bericht-gerd-dudek-spielte-sich-ins-80-lebensjahr-hinein\/","name":"Bericht: Gerd Dudek spielte sich ins 80. Lebensjahr hinein - JazzZeitung","isPartOf":{"@id":"https:\/\/www.jazzzeitung.de\/cms\/#website"},"primaryImageOfPage":{"@id":"https:\/\/www.jazzzeitung.de\/cms\/2017\/10\/bericht-gerd-dudek-spielte-sich-ins-80-lebensjahr-hinein\/#primaryimage"},"image":{"@id":"https:\/\/www.jazzzeitung.de\/cms\/2017\/10\/bericht-gerd-dudek-spielte-sich-ins-80-lebensjahr-hinein\/#primaryimage"},"thumbnailUrl":"https:\/\/i0.wp.com\/www.jazzzeitung.de\/cms\/wp-content\/uploads\/2017\/10\/DSC06488.jpg?fit=3633%2C3643&ssl=1","datePublished":"2017-10-11T07:25:01+00:00","breadcrumb":{"@id":"https:\/\/www.jazzzeitung.de\/cms\/2017\/10\/bericht-gerd-dudek-spielte-sich-ins-80-lebensjahr-hinein\/#breadcrumb"},"inLanguage":"de","potentialAction":[{"@type":"ReadAction","target":["https:\/\/www.jazzzeitung.de\/cms\/2017\/10\/bericht-gerd-dudek-spielte-sich-ins-80-lebensjahr-hinein\/"]}]},{"@type":"ImageObject","inLanguage":"de","@id":"https:\/\/www.jazzzeitung.de\/cms\/2017\/10\/bericht-gerd-dudek-spielte-sich-ins-80-lebensjahr-hinein\/#primaryimage","url":"https:\/\/i0.wp.com\/www.jazzzeitung.de\/cms\/wp-content\/uploads\/2017\/10\/DSC06488.jpg?fit=3633%2C3643&ssl=1","contentUrl":"https:\/\/i0.wp.com\/www.jazzzeitung.de\/cms\/wp-content\/uploads\/2017\/10\/DSC06488.jpg?fit=3633%2C3643&ssl=1","width":3633,"height":3643},{"@type":"BreadcrumbList","@id":"https:\/\/www.jazzzeitung.de\/cms\/2017\/10\/bericht-gerd-dudek-spielte-sich-ins-80-lebensjahr-hinein\/#breadcrumb","itemListElement":[{"@type":"ListItem","position":1,"name":"Startseite","item":"https:\/\/www.jazzzeitung.de\/cms\/"},{"@type":"ListItem","position":2,"name":"Bericht: Gerd Dudek spielte sich ins 80. Lebensjahr hinein"}]},{"@type":"WebSite","@id":"https:\/\/www.jazzzeitung.de\/cms\/#website","url":"https:\/\/www.jazzzeitung.de\/cms\/","name":"JazzZeitung","description":"Jazz-News und Jazz-Kontroverses","publisher":{"@id":"https:\/\/www.jazzzeitung.de\/cms\/#organization"},"potentialAction":[{"@type":"SearchAction","target":{"@type":"EntryPoint","urlTemplate":"https:\/\/www.jazzzeitung.de\/cms\/?s={search_term_string}"},"query-input":{"@type":"PropertyValueSpecification","valueRequired":true,"valueName":"search_term_string"}}],"inLanguage":"de"},{"@type":"Organization","@id":"https:\/\/www.jazzzeitung.de\/cms\/#organization","name":"JazzZeitung online","url":"https:\/\/www.jazzzeitung.de\/cms\/","logo":{"@type":"ImageObject","inLanguage":"de","@id":"https:\/\/www.jazzzeitung.de\/cms\/#\/schema\/logo\/image\/","url":"https:\/\/i0.wp.com\/www.jazzzeitung.de\/cms\/wp-content\/uploads\/2015\/08\/JAZZZEITUNGDE_Logo_Neu.png?fit=499%2C200&ssl=1","contentUrl":"https:\/\/i0.wp.com\/www.jazzzeitung.de\/cms\/wp-content\/uploads\/2015\/08\/JAZZZEITUNGDE_Logo_Neu.png?fit=499%2C200&ssl=1","width":499,"height":200,"caption":"JazzZeitung online"},"image":{"@id":"https:\/\/www.jazzzeitung.de\/cms\/#\/schema\/logo\/image\/"},"sameAs":["https:\/\/www.facebook.com\/JazzZeitung\/"]},{"@type":"Person","@id":"https:\/\/www.jazzzeitung.de\/cms\/#\/schema\/person\/2245b36b9cd1d24cea10f01c031fb92b","name":"Redaktion JazzZeitung","image":{"@type":"ImageObject","inLanguage":"de","@id":"https:\/\/i0.wp.com\/www.jazzzeitung.de\/cms\/wp-content\/uploads\/2015\/08\/JAZZZEITUNGDE_Logo_Neu.png?resize=96%2C96&ssl=159975dcacb611b5700bd619b5daf0a7a","url":"https:\/\/i0.wp.com\/www.jazzzeitung.de\/cms\/wp-content\/uploads\/2015\/08\/JAZZZEITUNGDE_Logo_Neu.png?resize=96%2C96&ssl=1","contentUrl":"https:\/\/i0.wp.com\/www.jazzzeitung.de\/cms\/wp-content\/uploads\/2015\/08\/JAZZZEITUNGDE_Logo_Neu.png?resize=96%2C96&ssl=1","caption":"Redaktion JazzZeitung"},"description":"Artikel der Redaktion der JazzZeitung.","sameAs":["http:\/\/www.jazzzeitung.de\/cms\/"],"url":"https:\/\/www.jazzzeitung.de\/cms\/author\/redaktion\/"}]}},"wp-worthy-pixel":{"ignored":false,"public":null,"server":null,"url":null},"wp-worthy-type":"normal","jetpack_publicize_connections":[],"cc_featured_image_caption":{"caption_text":false,"source_text":false,"source_url":false},"jetpack_featured_media_url":"https:\/\/i0.wp.com\/www.jazzzeitung.de\/cms\/wp-content\/uploads\/2017\/10\/DSC06488.jpg?fit=3633%2C3643&ssl=1","jetpack_shortlink":"https:\/\/wp.me\/p3KEcT-3z3","jetpack-related-posts":[{"id":26239,"url":"https:\/\/www.jazzzeitung.de\/cms\/2021\/11\/transatlantisch-das-progressive-chamber-music-festival-2021-im-milla-club\/","url_meta":{"origin":13705,"position":0},"title":"Transatlantisch: das Progressive Chamber Music Festival 2021 im Milla Club","author":"Redaktion JazzZeitung","date":"30. November 2021","format":false,"excerpt":"Till Hoffmann f\u00e4hrt mit der Sohle \u00fcber den Boden. \u201eDa rutscht nichts\u201c, meint der M\u00fcnchner Veranstalter, der mit seinem Eulenspiegel Flying Circus \u00fcber Pandemie-Monate hinweg bayernweit Konzerte erm\u00f6glichte und au\u00dferdem schon 2012 zum Gr\u00fcndungsteam des Milla Clubs geh\u00f6rte. \u201eVielleicht fast ein bisschen zu viel Grip,\u201c erkl\u00e4rt er weiter, \u201eaber wir\u2026","rel":"","context":"In &quot;Bericht&quot;","block_context":{"text":"Bericht","link":"https:\/\/www.jazzzeitung.de\/cms\/thema\/bericht\/"},"img":{"alt_text":"","src":"https:\/\/i0.wp.com\/www.jazzzeitung.de\/cms\/wp-content\/uploads\/2021\/11\/DSC06816.jpg?fit=1200%2C800&ssl=1&resize=350%2C200","width":350,"height":200,"srcset":"https:\/\/i0.wp.com\/www.jazzzeitung.de\/cms\/wp-content\/uploads\/2021\/11\/DSC06816.jpg?fit=1200%2C800&ssl=1&resize=350%2C200 1x, https:\/\/i0.wp.com\/www.jazzzeitung.de\/cms\/wp-content\/uploads\/2021\/11\/DSC06816.jpg?fit=1200%2C800&ssl=1&resize=525%2C300 1.5x, https:\/\/i0.wp.com\/www.jazzzeitung.de\/cms\/wp-content\/uploads\/2021\/11\/DSC06816.jpg?fit=1200%2C800&ssl=1&resize=700%2C400 2x, https:\/\/i0.wp.com\/www.jazzzeitung.de\/cms\/wp-content\/uploads\/2021\/11\/DSC06816.jpg?fit=1200%2C800&ssl=1&resize=1050%2C600 3x"},"classes":[]},{"id":25340,"url":"https:\/\/www.jazzzeitung.de\/cms\/2021\/08\/was-bleiben-wird-inntoene-und-outreach-zwei-oesterreichische-jazzfestivals-demonstrieren-dass-in-der-corona-krise-auch-chancen-liegen\/","url_meta":{"origin":13705,"position":1},"title":"Was bleiben wird: \u201eInnt\u00f6ne\u201c und \u201eOutreach\u201c \u2013 zwei \u00f6sterreichische Jazzfestivals demonstrieren, dass in der Corona-Krise auch Chancen liegen","author":"Redaktion JazzZeitung","date":"17. August 2021","format":false,"excerpt":"\u201e3000 Besucher feiern das Leben\u201c \u00fcberschrieb die Passauer Neue Presse ihren Bericht von den diesj\u00e4hrigen \u201eInnt\u00f6nen\u201c. In der Tat war der \u201eJazz auf dem Bauernhof\u201c, wie Paul Zauner sein Festival auf dem elterlichen Hof in Diersbach nahe Sch\u00e4rding seit jeher treffend untertitelt, eine begl\u00fcckende Erfahrung. Was im vergangenen Jahr aus\u2026","rel":"","context":"In &quot;Bericht&quot;","block_context":{"text":"Bericht","link":"https:\/\/www.jazzzeitung.de\/cms\/thema\/bericht\/"},"img":{"alt_text":"","src":"https:\/\/i0.wp.com\/www.jazzzeitung.de\/cms\/wp-content\/uploads\/2021\/08\/DSC08785.jpg?fit=1200%2C800&ssl=1&resize=350%2C200","width":350,"height":200,"srcset":"https:\/\/i0.wp.com\/www.jazzzeitung.de\/cms\/wp-content\/uploads\/2021\/08\/DSC08785.jpg?fit=1200%2C800&ssl=1&resize=350%2C200 1x, https:\/\/i0.wp.com\/www.jazzzeitung.de\/cms\/wp-content\/uploads\/2021\/08\/DSC08785.jpg?fit=1200%2C800&ssl=1&resize=525%2C300 1.5x, https:\/\/i0.wp.com\/www.jazzzeitung.de\/cms\/wp-content\/uploads\/2021\/08\/DSC08785.jpg?fit=1200%2C800&ssl=1&resize=700%2C400 2x, https:\/\/i0.wp.com\/www.jazzzeitung.de\/cms\/wp-content\/uploads\/2021\/08\/DSC08785.jpg?fit=1200%2C800&ssl=1&resize=1050%2C600 3x"},"classes":[]},{"id":19629,"url":"https:\/\/www.jazzzeitung.de\/cms\/2019\/05\/gefuehl-von-zimt-ohne-zucker-hannah-koepf-mit-neuem-album-cinnamon\/","url_meta":{"origin":13705,"position":2},"title":"Gef\u00fchl von \u201eZimt ohne Zucker\u201c \u2013 Hannah K\u00f6pf mit neuem Album \u201eCinnamon\u201c","author":"Michael Scheiner","date":"31. Mai 2019","format":false,"excerpt":"Zart, fast gl\u00e4sern singt diese Stimme vom Werden und Vergehen, \u201eGolden Leaves (that turn to brown)\u201c. Dabei, und das ist vielleicht das Besondere an dem wunderbar weichen Mezzosopran von Hannah K\u00f6pf, keine Spur zerbrechlich. Immer ist da auch eine stabile Best\u00e4ndigkeit, die verspricht, abends nicht einfach verschwunden zu sein, wenn\u2026","rel":"","context":"In &quot;Rezension&quot;","block_context":{"text":"Rezension","link":"https:\/\/www.jazzzeitung.de\/cms\/thema\/rezension\/"},"img":{"alt_text":"","src":"https:\/\/i0.wp.com\/www.jazzzeitung.de\/cms\/wp-content\/uploads\/2019\/05\/Koepf-Hannah_2019_3.jpeg?fit=545%2C363&ssl=1&resize=350%2C200","width":350,"height":200,"srcset":"https:\/\/i0.wp.com\/www.jazzzeitung.de\/cms\/wp-content\/uploads\/2019\/05\/Koepf-Hannah_2019_3.jpeg?fit=545%2C363&ssl=1&resize=350%2C200 1x, https:\/\/i0.wp.com\/www.jazzzeitung.de\/cms\/wp-content\/uploads\/2019\/05\/Koepf-Hannah_2019_3.jpeg?fit=545%2C363&ssl=1&resize=525%2C300 1.5x"},"classes":[]},{"id":32089,"url":"https:\/\/www.jazzzeitung.de\/cms\/2025\/01\/nica-foerderrunde-wege-in-die-zukunft\/","url_meta":{"origin":13705,"position":3},"title":"NICA-F\u00f6rderrunde: Wege in die Zukunft","author":"Redaktion JazzZeitung","date":"18. Januar 2025","format":false,"excerpt":"(Text\/Fotos: Stefan Pieper)\u00a0Wenn Pflanzen gut gedeihen wollen, brauchen sie einen N\u00e4hrboden. Im Falle von Musikerinnen und Musikern ist dies gleich ein ganzes Biotop von weichen Faktoren rund ums eigentliche Spielen und Komponieren: Networking, Marketing und vieles mehr. Gl\u00fccklich sch\u00e4tzen darf sich hier, wer in den Fokus des NICA Artist Development\u2026","rel":"","context":"In &quot;Bericht&quot;","block_context":{"text":"Bericht","link":"https:\/\/www.jazzzeitung.de\/cms\/thema\/bericht\/"},"img":{"alt_text":"","src":"https:\/\/i0.wp.com\/www.jazzzeitung.de\/cms\/wp-content\/uploads\/2025\/01\/Shabnam-Pavaresh.jpg?fit=567%2C377&ssl=1&resize=350%2C200","width":350,"height":200,"srcset":"https:\/\/i0.wp.com\/www.jazzzeitung.de\/cms\/wp-content\/uploads\/2025\/01\/Shabnam-Pavaresh.jpg?fit=567%2C377&ssl=1&resize=350%2C200 1x, https:\/\/i0.wp.com\/www.jazzzeitung.de\/cms\/wp-content\/uploads\/2025\/01\/Shabnam-Pavaresh.jpg?fit=567%2C377&ssl=1&resize=525%2C300 1.5x"},"classes":[]},{"id":25336,"url":"https:\/\/www.jazzzeitung.de\/cms\/2021\/08\/news-vorverkaufsstart-fuer-das-52-deutsche-jazzfestival-frankfurt-rhythm-saves-the-world-25-hildener-jazztage-jazzclub-muelheim-benefiz-jazzfestival-fuer-flutopfer\/","url_meta":{"origin":13705,"position":4},"title":"+++ news +++ Vorverkaufsstart f\u00fcr das 52. Deutsche Jazzfestival Frankfurt +++ Rhythm saves the world &#8211; 25. Hildener Jazztage +++ Jazzclub M\u00fclheim Benefiz-Jazzfestival f\u00fcr Flutopfer","author":"Redaktion JazzZeitung","date":"11. August 2021","format":false,"excerpt":"Vorverkaufsstart f\u00fcr das 52. Deutsche Jazzfestival Frankfurt (Frankfurt a. M.) Am Mittwoch, 27. Oktober, er\u00f6ffnet die amerikanische Jazzs\u00e4ngerin Jazzmeia Horn (unser Beitragsbild\/Foto: HR\/Emmanuel Afolab) gemeinsam mit ihrem Quartett und der hr-Bigband das 52. Deutsche Jazzfestival Frankfurt. Mit dabei sind in diesem Jahr an vier Abenden im hr-Sendesaal Andreas Schaerer, Antonio\u2026","rel":"","context":"In &quot;News&quot;","block_context":{"text":"News","link":"https:\/\/www.jazzzeitung.de\/cms\/thema\/nachrichten\/"},"img":{"alt_text":"","src":"https:\/\/i0.wp.com\/www.jazzzeitung.de\/cms\/wp-content\/uploads\/2021\/08\/Jazzmeia-Horn.jpg?fit=992%2C434&ssl=1&resize=350%2C200","width":350,"height":200,"srcset":"https:\/\/i0.wp.com\/www.jazzzeitung.de\/cms\/wp-content\/uploads\/2021\/08\/Jazzmeia-Horn.jpg?fit=992%2C434&ssl=1&resize=350%2C200 1x, https:\/\/i0.wp.com\/www.jazzzeitung.de\/cms\/wp-content\/uploads\/2021\/08\/Jazzmeia-Horn.jpg?fit=992%2C434&ssl=1&resize=525%2C300 1.5x, https:\/\/i0.wp.com\/www.jazzzeitung.de\/cms\/wp-content\/uploads\/2021\/08\/Jazzmeia-Horn.jpg?fit=992%2C434&ssl=1&resize=700%2C400 2x"},"classes":[]},{"id":4540,"url":"https:\/\/www.jazzzeitung.de\/cms\/2014\/09\/bericht-vom-smooth-jazz-festival-augsburg-2014\/","url_meta":{"origin":13705,"position":5},"title":"Bericht vom Smooth Jazz Festival Augsburg 2014","author":"Redaktion JazzZeitung","date":"16. September 2014","format":false,"excerpt":"Fotos und Text von Caro Kirsch. Zum f\u00fcnften Mal veranstaltete die smooth entertainment GmbH vom 11. bis 14. September das Smooth Jazz Festival in Augsburg. Das Team um Christian B\u00f6\u00dfner lud diesmal zu drei Konzertabenden mit insgesamt acht internationalen Stars der Jazz-, Soul- und Funkszene. Beherbergt wird das Festival wie\u2026","rel":"","context":"In &quot;Bericht&quot;","block_context":{"text":"Bericht","link":"https:\/\/www.jazzzeitung.de\/cms\/thema\/bericht\/"},"img":{"alt_text":"Logo","src":"https:\/\/i0.wp.com\/www.jazzzeitung.de\/cms\/wp-content\/uploads\/2014\/09\/Logo-150x150.jpg?resize=350%2C200","width":350,"height":200},"classes":[]}],"jetpack_sharing_enabled":true,"_links":{"self":[{"href":"https:\/\/www.jazzzeitung.de\/cms\/wp-json\/wp\/v2\/posts\/13705","targetHints":{"allow":["GET"]}}],"collection":[{"href":"https:\/\/www.jazzzeitung.de\/cms\/wp-json\/wp\/v2\/posts"}],"about":[{"href":"https:\/\/www.jazzzeitung.de\/cms\/wp-json\/wp\/v2\/types\/post"}],"author":[{"embeddable":true,"href":"https:\/\/www.jazzzeitung.de\/cms\/wp-json\/wp\/v2\/users\/18"}],"replies":[{"embeddable":true,"href":"https:\/\/www.jazzzeitung.de\/cms\/wp-json\/wp\/v2\/comments?post=13705"}],"version-history":[{"count":3,"href":"https:\/\/www.jazzzeitung.de\/cms\/wp-json\/wp\/v2\/posts\/13705\/revisions"}],"predecessor-version":[{"id":13718,"href":"https:\/\/www.jazzzeitung.de\/cms\/wp-json\/wp\/v2\/posts\/13705\/revisions\/13718"}],"wp:featuredmedia":[{"embeddable":true,"href":"https:\/\/www.jazzzeitung.de\/cms\/wp-json\/wp\/v2\/media\/13709"}],"wp:attachment":[{"href":"https:\/\/www.jazzzeitung.de\/cms\/wp-json\/wp\/v2\/media?parent=13705"}],"wp:term":[{"taxonomy":"category","embeddable":true,"href":"https:\/\/www.jazzzeitung.de\/cms\/wp-json\/wp\/v2\/categories?post=13705"},{"taxonomy":"post_tag","embeddable":true,"href":"https:\/\/www.jazzzeitung.de\/cms\/wp-json\/wp\/v2\/tags?post=13705"},{"taxonomy":"author","embeddable":true,"href":"https:\/\/www.jazzzeitung.de\/cms\/wp-json\/wp\/v2\/coauthors?post=13705"}],"curies":[{"name":"wp","href":"https:\/\/api.w.org\/{rel}","templated":true}]}}