{"id":13670,"date":"2017-10-05T15:48:44","date_gmt":"2017-10-05T13:48:44","guid":{"rendered":"https:\/\/www.jazzzeitung.de\/cms\/?p=13670"},"modified":"2017-10-15T14:16:18","modified_gmt":"2017-10-15T12:16:18","slug":"save-the-date-der-jazzclub-regensburg-wird-30","status":"publish","type":"post","link":"https:\/\/www.jazzzeitung.de\/cms\/2017\/10\/save-the-date-der-jazzclub-regensburg-wird-30\/","title":{"rendered":"Save the date: der Jazzclub Regensburg wird 30"},"content":{"rendered":"<p><strong><a href=\"https:\/\/i0.wp.com\/www.jazzzeitung.de\/cms\/wp-content\/uploads\/2017\/10\/Pablo-Held-Trio-Wald-73423.jpg?ssl=1\"><img data-recalc-dims=\"1\" loading=\"lazy\" decoding=\"async\" data-attachment-id=\"13671\" data-permalink=\"https:\/\/www.jazzzeitung.de\/cms\/2017\/10\/save-the-date-der-jazzclub-regensburg-wird-30\/pablo-held-trio-wald-73423\/\" data-orig-file=\"https:\/\/i0.wp.com\/www.jazzzeitung.de\/cms\/wp-content\/uploads\/2017\/10\/Pablo-Held-Trio-Wald-73423.jpg?fit=2953%2C1969&amp;ssl=1\" data-orig-size=\"2953,1969\" data-comments-opened=\"1\" data-image-meta=\"{&quot;aperture&quot;:&quot;0&quot;,&quot;credit&quot;:&quot;&quot;,&quot;camera&quot;:&quot;&quot;,&quot;caption&quot;:&quot;&quot;,&quot;created_timestamp&quot;:&quot;0&quot;,&quot;copyright&quot;:&quot;&quot;,&quot;focal_length&quot;:&quot;0&quot;,&quot;iso&quot;:&quot;0&quot;,&quot;shutter_speed&quot;:&quot;0&quot;,&quot;title&quot;:&quot;&quot;,&quot;orientation&quot;:&quot;1&quot;}\" data-image-title=\"Pablo-Held-Trio-Wald-#73423\" data-image-description=\"\" data-image-caption=\"\" data-large-file=\"https:\/\/i0.wp.com\/www.jazzzeitung.de\/cms\/wp-content\/uploads\/2017\/10\/Pablo-Held-Trio-Wald-73423.jpg?fit=840%2C560&amp;ssl=1\" class=\"alignright size-thumbnail wp-image-13671\" src=\"https:\/\/i0.wp.com\/www.jazzzeitung.de\/cms\/wp-content\/uploads\/2017\/10\/Pablo-Held-Trio-Wald-73423.jpg?resize=150%2C150&#038;ssl=1\" alt=\"\" width=\"150\" height=\"150\" srcset=\"https:\/\/i0.wp.com\/www.jazzzeitung.de\/cms\/wp-content\/uploads\/2017\/10\/Pablo-Held-Trio-Wald-73423.jpg?resize=150%2C150&amp;ssl=1 150w, https:\/\/i0.wp.com\/www.jazzzeitung.de\/cms\/wp-content\/uploads\/2017\/10\/Pablo-Held-Trio-Wald-73423.jpg?resize=144%2C144&amp;ssl=1 144w, https:\/\/i0.wp.com\/www.jazzzeitung.de\/cms\/wp-content\/uploads\/2017\/10\/Pablo-Held-Trio-Wald-73423.jpg?resize=96%2C96&amp;ssl=1 96w, https:\/\/i0.wp.com\/www.jazzzeitung.de\/cms\/wp-content\/uploads\/2017\/10\/Pablo-Held-Trio-Wald-73423.jpg?resize=24%2C24&amp;ssl=1 24w, https:\/\/i0.wp.com\/www.jazzzeitung.de\/cms\/wp-content\/uploads\/2017\/10\/Pablo-Held-Trio-Wald-73423.jpg?resize=36%2C36&amp;ssl=1 36w, https:\/\/i0.wp.com\/www.jazzzeitung.de\/cms\/wp-content\/uploads\/2017\/10\/Pablo-Held-Trio-Wald-73423.jpg?resize=48%2C48&amp;ssl=1 48w, https:\/\/i0.wp.com\/www.jazzzeitung.de\/cms\/wp-content\/uploads\/2017\/10\/Pablo-Held-Trio-Wald-73423.jpg?resize=64%2C64&amp;ssl=1 64w, https:\/\/i0.wp.com\/www.jazzzeitung.de\/cms\/wp-content\/uploads\/2017\/10\/Pablo-Held-Trio-Wald-73423.jpg?resize=32%2C32&amp;ssl=1 32w, https:\/\/i0.wp.com\/www.jazzzeitung.de\/cms\/wp-content\/uploads\/2017\/10\/Pablo-Held-Trio-Wald-73423.jpg?resize=50%2C50&amp;ssl=1 50w, https:\/\/i0.wp.com\/www.jazzzeitung.de\/cms\/wp-content\/uploads\/2017\/10\/Pablo-Held-Trio-Wald-73423.jpg?resize=128%2C128&amp;ssl=1 128w, https:\/\/i0.wp.com\/www.jazzzeitung.de\/cms\/wp-content\/uploads\/2017\/10\/Pablo-Held-Trio-Wald-73423.jpg?zoom=2&amp;resize=150%2C150&amp;ssl=1 300w, https:\/\/i0.wp.com\/www.jazzzeitung.de\/cms\/wp-content\/uploads\/2017\/10\/Pablo-Held-Trio-Wald-73423.jpg?zoom=3&amp;resize=150%2C150&amp;ssl=1 450w\" sizes=\"auto, (max-width: 150px) 100vw, 150px\" \/><\/a>Seit 30 Jahren steht der Jazzclub Regensburg f\u00fcr ein genauso hochkar\u00e4tiges, wie abwechslungsreiches Live-Programm. In diesem Herbst wird die bayerische Musikinstitution 30 Jahre alt \u2013 gefeiert wird im November. Seit 1987 hat der Jazz in Regensburg ein Zuhause \u2013im Jazzclub Regensburg, angesiedelt im historischen Gem\u00e4uer des Kulturzentrums \u201eLeerer Beutel\u201c (Bertoldstra\u00dfe 9). Rund 2.000 Konzerte fanden seit der Gr\u00fcndung vor 30 Jahren statt. Dazu geh\u00f6ren Auftritte von nationalen und internationalen Acts, von Stars, Legenden und Newcomern. Darunter finden sich so klangvolle Namen wie Rebecca Bakken, Barbara Thompson, Peter Herbolzheimer, Til Br\u00f6nner, Albert Mangelsdorff, Art Farmer, Cecil Taylor und Jan Gabarek.<\/strong><\/p>\n<p>Derzeit stellt das Jazzclub-Team pro Jahr rund 70 Konzerte auf die Beine. Da die allermeisten Konzerte auf zufriedenstellenden bis sehr guten Zuschauerzuspruch sto\u00dfen, kann man sagen: Regensburg ist eine echte Jazz-Stadt \u2013 nicht zuletzt durch den Jazzclub Regensburg. Anita Keuchl, die als 2. Vorstand f\u00fcr die Finanzen und das Rech-nungswesen zust\u00e4ndig ist, stellt fest: \u201eMit konstant um die 750 Mitgliedern ist der Jazzclub Regensburg einer der gr\u00f6\u00dften in Deutschland. Die ehrenamtlich geleisteten ca. 5.000 Stunden pro Jahr sowie eine solide finanzielle Basis bei Ums\u00e4tzen im sechsstelligen Bereich garantieren die Zukunft des Clubs.\u201c<\/p>\n<p>Das sieht auch Winfried Freisleben so. Der Wirt des ebenfalls im historischen \u201eLeeren Beutel\u201c angesiedelten gleichnamigen Restaurants ist seit Beginn Vorstand des Jazzclub-Regensburg-Vereins: \u201eWir setzen mit unserem Programm ganz eindeutig musikalische Impulse in der Stadt. Das macht sich auch im musikalischen Nachwuchs bemerkbar. Ich denke, dass es nur wenige St\u00e4dte in Deutschland gibt, die \u00fcber so viele Musikertalente wie in Regensburg verf\u00fcgen.\u201c<\/p>\n<p>Bernhard Lindner, der dritte Vorstand des Jazzclubs Regensburgs: \u201eUnsere mit zahlreichen jungen Talenten gespickte Szene beweist, dass der Jazz durchaus eine Zukunft hat. Es geht darum, dem Genre ein Forum zu bieten \u2013 und das tun wir.\u201c Das zeigt sich auch beim offiziellen Jubil\u00e4ums-Wochenende am 24. und 25. November. Bei der Geburtstagsparty im Leeren Beutel wird die Regensburger Jazz-Szene im Mittelpunkt stehen. Viele regionale Musiker haben bereits ihre Mitwirkung zugesagt. Und am Samstag geh\u00f6rt neben einem \u00dcberraschungs-Act der Newcomer-Band \u201ePablo Held Trio\u201c die B\u00fchne.<\/p>\n","protected":false},"excerpt":{"rendered":"<p>Seit 30 Jahren steht der Jazzclub Regensburg f\u00fcr ein genauso hochkar\u00e4tiges, wie abwechslungsreiches Live-Programm. In diesem Herbst wird die bayerische Musikinstitution 30 Jahre alt \u2013 gefeiert wird im November. Seit 1987 hat der Jazz in Regensburg ein Zuhause \u2013im Jazzclub Regensburg, angesiedelt im historischen Gem\u00e4uer des Kulturzentrums \u201eLeerer Beutel\u201c (Bertoldstra\u00dfe 9). Rund 2.000 Konzerte fanden seit der Gr\u00fcndung vor 30 Jahren statt. Dazu geh\u00f6ren Auftritte von nationalen und internationalen Acts, von Stars, Legenden und Newcomern. Darunter finden sich so klangvolle Namen wie Rebecca Bakken, Barbara Thompson, Peter Herbolzheimer, Til Br\u00f6nner, Albert Mangelsdorff, Art Farmer, Cecil Taylor und Jan Gabarek. Derzeit stellt das Jazzclub-Team pro Jahr rund 70 Konzerte auf die Beine. Da die allermeisten Konzerte auf zufriedenstellenden bis sehr guten Zuschauerzuspruch sto\u00dfen, kann man sagen: Regensburg ist eine echte Jazz-Stadt \u2013 nicht zuletzt durch den Jazzclub Regensburg. Anita Keuchl, die als 2. Vorstand f\u00fcr die Finanzen und das Rech-nungswesen zust\u00e4ndig ist, stellt fest: \u201eMit konstant um die 750 Mitgliedern ist der Jazzclub Regensburg einer der gr\u00f6\u00dften in Deutschland. Die ehrenamtlich geleisteten ca. 5.000 Stunden pro Jahr sowie eine solide finanzielle Basis bei Ums\u00e4tzen im sechsstelligen &hellip;<\/p>\n","protected":false},"author":18,"featured_media":13671,"comment_status":"open","ping_status":"closed","sticky":false,"template":"","format":"standard","meta":{"_jetpack_memberships_contains_paid_content":false,"footnotes":"","jetpack_publicize_message":"","jetpack_publicize_feature_enabled":true,"jetpack_social_post_already_shared":false,"jetpack_social_options":{"image_generator_settings":{"template":"highway","default_image_id":0,"font":"","enabled":false},"version":2}},"categories":[633],"tags":[29,1192,137,271,737,928,323,787,732,438,1797,1356],"coauthors":[695],"class_list":["post-13670","post","type-post","status-publish","format-standard","has-post-thumbnail","hentry","category-nachrichten","tag-act","tag-clubs","tag-deutschland","tag-jazzclub","tag-jazzclub-regensburg","tag-jazzclubs","tag-konzerte","tag-leerer-beutel","tag-newcomer-2","tag-peter-herbolzheimer","tag-regensburg","tag-trio"],"yoast_head":"<!-- This site is optimized with the Yoast SEO plugin v27.5 - https:\/\/yoast.com\/product\/yoast-seo-wordpress\/ -->\n<title>Save the date: der Jazzclub Regensburg wird 30 - JazzZeitung<\/title>\n<meta name=\"robots\" content=\"index, follow, max-snippet:-1, max-image-preview:large, max-video-preview:-1\" \/>\n<link rel=\"canonical\" href=\"https:\/\/www.jazzzeitung.de\/cms\/2017\/10\/save-the-date-der-jazzclub-regensburg-wird-30\/\" \/>\n<meta property=\"og:locale\" content=\"de_DE\" \/>\n<meta property=\"og:type\" content=\"article\" \/>\n<meta property=\"og:title\" content=\"Save the date: der Jazzclub Regensburg wird 30 - JazzZeitung\" \/>\n<meta property=\"og:description\" content=\"Seit 30 Jahren steht der Jazzclub Regensburg f\u00fcr ein genauso hochkar\u00e4tiges, wie abwechslungsreiches Live-Programm. In diesem Herbst wird die bayerische Musikinstitution 30 Jahre alt \u2013 gefeiert wird im November. Seit 1987 hat der Jazz in Regensburg ein Zuhause \u2013im Jazzclub Regensburg, angesiedelt im historischen Gem\u00e4uer des Kulturzentrums \u201eLeerer Beutel\u201c (Bertoldstra\u00dfe 9). Rund 2.000 Konzerte fanden seit der Gr\u00fcndung vor 30 Jahren statt. Dazu geh\u00f6ren Auftritte von nationalen und internationalen Acts, von Stars, Legenden und Newcomern. Darunter finden sich so klangvolle Namen wie Rebecca Bakken, Barbara Thompson, Peter Herbolzheimer, Til Br\u00f6nner, Albert Mangelsdorff, Art Farmer, Cecil Taylor und Jan Gabarek. Derzeit stellt das Jazzclub-Team pro Jahr rund 70 Konzerte auf die Beine. Da die allermeisten Konzerte auf zufriedenstellenden bis sehr guten Zuschauerzuspruch sto\u00dfen, kann man sagen: Regensburg ist eine echte Jazz-Stadt \u2013 nicht zuletzt durch den Jazzclub Regensburg. Anita Keuchl, die als 2. Vorstand f\u00fcr die Finanzen und das Rech-nungswesen zust\u00e4ndig ist, stellt fest: \u201eMit konstant um die 750 Mitgliedern ist der Jazzclub Regensburg einer der gr\u00f6\u00dften in Deutschland. Die ehrenamtlich geleisteten ca. 5.000 Stunden pro Jahr sowie eine solide finanzielle Basis bei Ums\u00e4tzen im sechsstelligen &hellip;\" \/>\n<meta property=\"og:url\" content=\"https:\/\/www.jazzzeitung.de\/cms\/2017\/10\/save-the-date-der-jazzclub-regensburg-wird-30\/\" \/>\n<meta property=\"og:site_name\" content=\"JazzZeitung\" \/>\n<meta property=\"article:publisher\" content=\"https:\/\/www.facebook.com\/JazzZeitung\/\" \/>\n<meta property=\"article:published_time\" content=\"2017-10-05T13:48:44+00:00\" \/>\n<meta property=\"article:modified_time\" content=\"2017-10-15T12:16:18+00:00\" \/>\n<meta property=\"og:image\" content=\"https:\/\/i0.wp.com\/www.jazzzeitung.de\/cms\/wp-content\/uploads\/2017\/10\/Pablo-Held-Trio-Wald-73423.jpg?fit=2953%2C1969&ssl=1\" \/>\n\t<meta property=\"og:image:width\" content=\"2953\" \/>\n\t<meta property=\"og:image:height\" content=\"1969\" \/>\n\t<meta property=\"og:image:type\" content=\"image\/jpeg\" \/>\n<meta name=\"author\" content=\"Redaktion JazzZeitung\" \/>\n<script type=\"application\/ld+json\" class=\"yoast-schema-graph\">{\"@context\":\"https:\\\/\\\/schema.org\",\"@graph\":[{\"@type\":\"Article\",\"@id\":\"https:\\\/\\\/www.jazzzeitung.de\\\/cms\\\/2017\\\/10\\\/save-the-date-der-jazzclub-regensburg-wird-30\\\/#article\",\"isPartOf\":{\"@id\":\"https:\\\/\\\/www.jazzzeitung.de\\\/cms\\\/2017\\\/10\\\/save-the-date-der-jazzclub-regensburg-wird-30\\\/\"},\"author\":{\"name\":\"Redaktion JazzZeitung\",\"@id\":\"https:\\\/\\\/www.jazzzeitung.de\\\/cms\\\/#\\\/schema\\\/person\\\/2245b36b9cd1d24cea10f01c031fb92b\"},\"headline\":\"Save the date: der Jazzclub Regensburg wird 30\",\"datePublished\":\"2017-10-05T13:48:44+00:00\",\"dateModified\":\"2017-10-15T12:16:18+00:00\",\"mainEntityOfPage\":{\"@id\":\"https:\\\/\\\/www.jazzzeitung.de\\\/cms\\\/2017\\\/10\\\/save-the-date-der-jazzclub-regensburg-wird-30\\\/\"},\"wordCount\":346,\"commentCount\":0,\"publisher\":{\"@id\":\"https:\\\/\\\/www.jazzzeitung.de\\\/cms\\\/#organization\"},\"image\":{\"@id\":\"https:\\\/\\\/www.jazzzeitung.de\\\/cms\\\/2017\\\/10\\\/save-the-date-der-jazzclub-regensburg-wird-30\\\/#primaryimage\"},\"thumbnailUrl\":\"https:\\\/\\\/i0.wp.com\\\/www.jazzzeitung.de\\\/cms\\\/wp-content\\\/uploads\\\/2017\\\/10\\\/Pablo-Held-Trio-Wald-73423.jpg?fit=2953%2C1969&ssl=1\",\"keywords\":[\"act\",\"Clubs\",\"Deutschland\",\"Jazzclub\",\"Jazzclub Regensburg\",\"Jazzclubs\",\"Konzerte\",\"Leerer Beutel\",\"Newcomer\",\"Peter Herbolzheimer\",\"Regensburg\",\"trio\"],\"articleSection\":[\"News\"],\"inLanguage\":\"de\",\"potentialAction\":[{\"@type\":\"CommentAction\",\"name\":\"Comment\",\"target\":[\"https:\\\/\\\/www.jazzzeitung.de\\\/cms\\\/2017\\\/10\\\/save-the-date-der-jazzclub-regensburg-wird-30\\\/#respond\"]}]},{\"@type\":\"WebPage\",\"@id\":\"https:\\\/\\\/www.jazzzeitung.de\\\/cms\\\/2017\\\/10\\\/save-the-date-der-jazzclub-regensburg-wird-30\\\/\",\"url\":\"https:\\\/\\\/www.jazzzeitung.de\\\/cms\\\/2017\\\/10\\\/save-the-date-der-jazzclub-regensburg-wird-30\\\/\",\"name\":\"Save the date: der Jazzclub Regensburg wird 30 - JazzZeitung\",\"isPartOf\":{\"@id\":\"https:\\\/\\\/www.jazzzeitung.de\\\/cms\\\/#website\"},\"primaryImageOfPage\":{\"@id\":\"https:\\\/\\\/www.jazzzeitung.de\\\/cms\\\/2017\\\/10\\\/save-the-date-der-jazzclub-regensburg-wird-30\\\/#primaryimage\"},\"image\":{\"@id\":\"https:\\\/\\\/www.jazzzeitung.de\\\/cms\\\/2017\\\/10\\\/save-the-date-der-jazzclub-regensburg-wird-30\\\/#primaryimage\"},\"thumbnailUrl\":\"https:\\\/\\\/i0.wp.com\\\/www.jazzzeitung.de\\\/cms\\\/wp-content\\\/uploads\\\/2017\\\/10\\\/Pablo-Held-Trio-Wald-73423.jpg?fit=2953%2C1969&ssl=1\",\"datePublished\":\"2017-10-05T13:48:44+00:00\",\"dateModified\":\"2017-10-15T12:16:18+00:00\",\"breadcrumb\":{\"@id\":\"https:\\\/\\\/www.jazzzeitung.de\\\/cms\\\/2017\\\/10\\\/save-the-date-der-jazzclub-regensburg-wird-30\\\/#breadcrumb\"},\"inLanguage\":\"de\",\"potentialAction\":[{\"@type\":\"ReadAction\",\"target\":[\"https:\\\/\\\/www.jazzzeitung.de\\\/cms\\\/2017\\\/10\\\/save-the-date-der-jazzclub-regensburg-wird-30\\\/\"]}]},{\"@type\":\"ImageObject\",\"inLanguage\":\"de\",\"@id\":\"https:\\\/\\\/www.jazzzeitung.de\\\/cms\\\/2017\\\/10\\\/save-the-date-der-jazzclub-regensburg-wird-30\\\/#primaryimage\",\"url\":\"https:\\\/\\\/i0.wp.com\\\/www.jazzzeitung.de\\\/cms\\\/wp-content\\\/uploads\\\/2017\\\/10\\\/Pablo-Held-Trio-Wald-73423.jpg?fit=2953%2C1969&ssl=1\",\"contentUrl\":\"https:\\\/\\\/i0.wp.com\\\/www.jazzzeitung.de\\\/cms\\\/wp-content\\\/uploads\\\/2017\\\/10\\\/Pablo-Held-Trio-Wald-73423.jpg?fit=2953%2C1969&ssl=1\",\"width\":2953,\"height\":1969},{\"@type\":\"BreadcrumbList\",\"@id\":\"https:\\\/\\\/www.jazzzeitung.de\\\/cms\\\/2017\\\/10\\\/save-the-date-der-jazzclub-regensburg-wird-30\\\/#breadcrumb\",\"itemListElement\":[{\"@type\":\"ListItem\",\"position\":1,\"name\":\"Startseite\",\"item\":\"https:\\\/\\\/www.jazzzeitung.de\\\/cms\\\/\"},{\"@type\":\"ListItem\",\"position\":2,\"name\":\"Save the date: der Jazzclub Regensburg wird 30\"}]},{\"@type\":\"WebSite\",\"@id\":\"https:\\\/\\\/www.jazzzeitung.de\\\/cms\\\/#website\",\"url\":\"https:\\\/\\\/www.jazzzeitung.de\\\/cms\\\/\",\"name\":\"JazzZeitung\",\"description\":\"Jazz-News und Jazz-Kontroverses\",\"publisher\":{\"@id\":\"https:\\\/\\\/www.jazzzeitung.de\\\/cms\\\/#organization\"},\"potentialAction\":[{\"@type\":\"SearchAction\",\"target\":{\"@type\":\"EntryPoint\",\"urlTemplate\":\"https:\\\/\\\/www.jazzzeitung.de\\\/cms\\\/?s={search_term_string}\"},\"query-input\":{\"@type\":\"PropertyValueSpecification\",\"valueRequired\":true,\"valueName\":\"search_term_string\"}}],\"inLanguage\":\"de\"},{\"@type\":\"Organization\",\"@id\":\"https:\\\/\\\/www.jazzzeitung.de\\\/cms\\\/#organization\",\"name\":\"JazzZeitung online\",\"url\":\"https:\\\/\\\/www.jazzzeitung.de\\\/cms\\\/\",\"logo\":{\"@type\":\"ImageObject\",\"inLanguage\":\"de\",\"@id\":\"https:\\\/\\\/www.jazzzeitung.de\\\/cms\\\/#\\\/schema\\\/logo\\\/image\\\/\",\"url\":\"https:\\\/\\\/i0.wp.com\\\/www.jazzzeitung.de\\\/cms\\\/wp-content\\\/uploads\\\/2015\\\/08\\\/JAZZZEITUNGDE_Logo_Neu.png?fit=499%2C200&ssl=1\",\"contentUrl\":\"https:\\\/\\\/i0.wp.com\\\/www.jazzzeitung.de\\\/cms\\\/wp-content\\\/uploads\\\/2015\\\/08\\\/JAZZZEITUNGDE_Logo_Neu.png?fit=499%2C200&ssl=1\",\"width\":499,\"height\":200,\"caption\":\"JazzZeitung online\"},\"image\":{\"@id\":\"https:\\\/\\\/www.jazzzeitung.de\\\/cms\\\/#\\\/schema\\\/logo\\\/image\\\/\"},\"sameAs\":[\"https:\\\/\\\/www.facebook.com\\\/JazzZeitung\\\/\"]},{\"@type\":\"Person\",\"@id\":\"https:\\\/\\\/www.jazzzeitung.de\\\/cms\\\/#\\\/schema\\\/person\\\/2245b36b9cd1d24cea10f01c031fb92b\",\"name\":\"Redaktion JazzZeitung\",\"image\":{\"@type\":\"ImageObject\",\"inLanguage\":\"de\",\"@id\":\"https:\\\/\\\/i0.wp.com\\\/www.jazzzeitung.de\\\/cms\\\/wp-content\\\/uploads\\\/2015\\\/08\\\/JAZZZEITUNGDE_Logo_Neu.png?resize=96%2C96&ssl=159975dcacb611b5700bd619b5daf0a7a\",\"url\":\"https:\\\/\\\/i0.wp.com\\\/www.jazzzeitung.de\\\/cms\\\/wp-content\\\/uploads\\\/2015\\\/08\\\/JAZZZEITUNGDE_Logo_Neu.png?resize=96%2C96&ssl=1\",\"contentUrl\":\"https:\\\/\\\/i0.wp.com\\\/www.jazzzeitung.de\\\/cms\\\/wp-content\\\/uploads\\\/2015\\\/08\\\/JAZZZEITUNGDE_Logo_Neu.png?resize=96%2C96&ssl=1\",\"caption\":\"Redaktion JazzZeitung\"},\"description\":\"Artikel der Redaktion der JazzZeitung.\",\"sameAs\":[\"http:\\\/\\\/www.jazzzeitung.de\\\/cms\\\/\"],\"url\":\"https:\\\/\\\/www.jazzzeitung.de\\\/cms\\\/author\\\/redaktion\\\/\"}]}<\/script>\n<!-- \/ Yoast SEO plugin. -->","yoast_head_json":{"title":"Save the date: der Jazzclub Regensburg wird 30 - JazzZeitung","robots":{"index":"index","follow":"follow","max-snippet":"max-snippet:-1","max-image-preview":"max-image-preview:large","max-video-preview":"max-video-preview:-1"},"canonical":"https:\/\/www.jazzzeitung.de\/cms\/2017\/10\/save-the-date-der-jazzclub-regensburg-wird-30\/","og_locale":"de_DE","og_type":"article","og_title":"Save the date: der Jazzclub Regensburg wird 30 - JazzZeitung","og_description":"Seit 30 Jahren steht der Jazzclub Regensburg f\u00fcr ein genauso hochkar\u00e4tiges, wie abwechslungsreiches Live-Programm. In diesem Herbst wird die bayerische Musikinstitution 30 Jahre alt \u2013 gefeiert wird im November. Seit 1987 hat der Jazz in Regensburg ein Zuhause \u2013im Jazzclub Regensburg, angesiedelt im historischen Gem\u00e4uer des Kulturzentrums \u201eLeerer Beutel\u201c (Bertoldstra\u00dfe 9). Rund 2.000 Konzerte fanden seit der Gr\u00fcndung vor 30 Jahren statt. Dazu geh\u00f6ren Auftritte von nationalen und internationalen Acts, von Stars, Legenden und Newcomern. Darunter finden sich so klangvolle Namen wie Rebecca Bakken, Barbara Thompson, Peter Herbolzheimer, Til Br\u00f6nner, Albert Mangelsdorff, Art Farmer, Cecil Taylor und Jan Gabarek. Derzeit stellt das Jazzclub-Team pro Jahr rund 70 Konzerte auf die Beine. Da die allermeisten Konzerte auf zufriedenstellenden bis sehr guten Zuschauerzuspruch sto\u00dfen, kann man sagen: Regensburg ist eine echte Jazz-Stadt \u2013 nicht zuletzt durch den Jazzclub Regensburg. Anita Keuchl, die als 2. Vorstand f\u00fcr die Finanzen und das Rech-nungswesen zust\u00e4ndig ist, stellt fest: \u201eMit konstant um die 750 Mitgliedern ist der Jazzclub Regensburg einer der gr\u00f6\u00dften in Deutschland. Die ehrenamtlich geleisteten ca. 5.000 Stunden pro Jahr sowie eine solide finanzielle Basis bei Ums\u00e4tzen im sechsstelligen &hellip;","og_url":"https:\/\/www.jazzzeitung.de\/cms\/2017\/10\/save-the-date-der-jazzclub-regensburg-wird-30\/","og_site_name":"JazzZeitung","article_publisher":"https:\/\/www.facebook.com\/JazzZeitung\/","article_published_time":"2017-10-05T13:48:44+00:00","article_modified_time":"2017-10-15T12:16:18+00:00","og_image":[{"width":2953,"height":1969,"url":"https:\/\/i0.wp.com\/www.jazzzeitung.de\/cms\/wp-content\/uploads\/2017\/10\/Pablo-Held-Trio-Wald-73423.jpg?fit=2953%2C1969&ssl=1","type":"image\/jpeg"}],"author":"Redaktion JazzZeitung","schema":{"@context":"https:\/\/schema.org","@graph":[{"@type":"Article","@id":"https:\/\/www.jazzzeitung.de\/cms\/2017\/10\/save-the-date-der-jazzclub-regensburg-wird-30\/#article","isPartOf":{"@id":"https:\/\/www.jazzzeitung.de\/cms\/2017\/10\/save-the-date-der-jazzclub-regensburg-wird-30\/"},"author":{"name":"Redaktion JazzZeitung","@id":"https:\/\/www.jazzzeitung.de\/cms\/#\/schema\/person\/2245b36b9cd1d24cea10f01c031fb92b"},"headline":"Save the date: der Jazzclub Regensburg wird 30","datePublished":"2017-10-05T13:48:44+00:00","dateModified":"2017-10-15T12:16:18+00:00","mainEntityOfPage":{"@id":"https:\/\/www.jazzzeitung.de\/cms\/2017\/10\/save-the-date-der-jazzclub-regensburg-wird-30\/"},"wordCount":346,"commentCount":0,"publisher":{"@id":"https:\/\/www.jazzzeitung.de\/cms\/#organization"},"image":{"@id":"https:\/\/www.jazzzeitung.de\/cms\/2017\/10\/save-the-date-der-jazzclub-regensburg-wird-30\/#primaryimage"},"thumbnailUrl":"https:\/\/i0.wp.com\/www.jazzzeitung.de\/cms\/wp-content\/uploads\/2017\/10\/Pablo-Held-Trio-Wald-73423.jpg?fit=2953%2C1969&ssl=1","keywords":["act","Clubs","Deutschland","Jazzclub","Jazzclub Regensburg","Jazzclubs","Konzerte","Leerer Beutel","Newcomer","Peter Herbolzheimer","Regensburg","trio"],"articleSection":["News"],"inLanguage":"de","potentialAction":[{"@type":"CommentAction","name":"Comment","target":["https:\/\/www.jazzzeitung.de\/cms\/2017\/10\/save-the-date-der-jazzclub-regensburg-wird-30\/#respond"]}]},{"@type":"WebPage","@id":"https:\/\/www.jazzzeitung.de\/cms\/2017\/10\/save-the-date-der-jazzclub-regensburg-wird-30\/","url":"https:\/\/www.jazzzeitung.de\/cms\/2017\/10\/save-the-date-der-jazzclub-regensburg-wird-30\/","name":"Save the date: der Jazzclub Regensburg wird 30 - JazzZeitung","isPartOf":{"@id":"https:\/\/www.jazzzeitung.de\/cms\/#website"},"primaryImageOfPage":{"@id":"https:\/\/www.jazzzeitung.de\/cms\/2017\/10\/save-the-date-der-jazzclub-regensburg-wird-30\/#primaryimage"},"image":{"@id":"https:\/\/www.jazzzeitung.de\/cms\/2017\/10\/save-the-date-der-jazzclub-regensburg-wird-30\/#primaryimage"},"thumbnailUrl":"https:\/\/i0.wp.com\/www.jazzzeitung.de\/cms\/wp-content\/uploads\/2017\/10\/Pablo-Held-Trio-Wald-73423.jpg?fit=2953%2C1969&ssl=1","datePublished":"2017-10-05T13:48:44+00:00","dateModified":"2017-10-15T12:16:18+00:00","breadcrumb":{"@id":"https:\/\/www.jazzzeitung.de\/cms\/2017\/10\/save-the-date-der-jazzclub-regensburg-wird-30\/#breadcrumb"},"inLanguage":"de","potentialAction":[{"@type":"ReadAction","target":["https:\/\/www.jazzzeitung.de\/cms\/2017\/10\/save-the-date-der-jazzclub-regensburg-wird-30\/"]}]},{"@type":"ImageObject","inLanguage":"de","@id":"https:\/\/www.jazzzeitung.de\/cms\/2017\/10\/save-the-date-der-jazzclub-regensburg-wird-30\/#primaryimage","url":"https:\/\/i0.wp.com\/www.jazzzeitung.de\/cms\/wp-content\/uploads\/2017\/10\/Pablo-Held-Trio-Wald-73423.jpg?fit=2953%2C1969&ssl=1","contentUrl":"https:\/\/i0.wp.com\/www.jazzzeitung.de\/cms\/wp-content\/uploads\/2017\/10\/Pablo-Held-Trio-Wald-73423.jpg?fit=2953%2C1969&ssl=1","width":2953,"height":1969},{"@type":"BreadcrumbList","@id":"https:\/\/www.jazzzeitung.de\/cms\/2017\/10\/save-the-date-der-jazzclub-regensburg-wird-30\/#breadcrumb","itemListElement":[{"@type":"ListItem","position":1,"name":"Startseite","item":"https:\/\/www.jazzzeitung.de\/cms\/"},{"@type":"ListItem","position":2,"name":"Save the date: der Jazzclub Regensburg wird 30"}]},{"@type":"WebSite","@id":"https:\/\/www.jazzzeitung.de\/cms\/#website","url":"https:\/\/www.jazzzeitung.de\/cms\/","name":"JazzZeitung","description":"Jazz-News und Jazz-Kontroverses","publisher":{"@id":"https:\/\/www.jazzzeitung.de\/cms\/#organization"},"potentialAction":[{"@type":"SearchAction","target":{"@type":"EntryPoint","urlTemplate":"https:\/\/www.jazzzeitung.de\/cms\/?s={search_term_string}"},"query-input":{"@type":"PropertyValueSpecification","valueRequired":true,"valueName":"search_term_string"}}],"inLanguage":"de"},{"@type":"Organization","@id":"https:\/\/www.jazzzeitung.de\/cms\/#organization","name":"JazzZeitung online","url":"https:\/\/www.jazzzeitung.de\/cms\/","logo":{"@type":"ImageObject","inLanguage":"de","@id":"https:\/\/www.jazzzeitung.de\/cms\/#\/schema\/logo\/image\/","url":"https:\/\/i0.wp.com\/www.jazzzeitung.de\/cms\/wp-content\/uploads\/2015\/08\/JAZZZEITUNGDE_Logo_Neu.png?fit=499%2C200&ssl=1","contentUrl":"https:\/\/i0.wp.com\/www.jazzzeitung.de\/cms\/wp-content\/uploads\/2015\/08\/JAZZZEITUNGDE_Logo_Neu.png?fit=499%2C200&ssl=1","width":499,"height":200,"caption":"JazzZeitung online"},"image":{"@id":"https:\/\/www.jazzzeitung.de\/cms\/#\/schema\/logo\/image\/"},"sameAs":["https:\/\/www.facebook.com\/JazzZeitung\/"]},{"@type":"Person","@id":"https:\/\/www.jazzzeitung.de\/cms\/#\/schema\/person\/2245b36b9cd1d24cea10f01c031fb92b","name":"Redaktion JazzZeitung","image":{"@type":"ImageObject","inLanguage":"de","@id":"https:\/\/i0.wp.com\/www.jazzzeitung.de\/cms\/wp-content\/uploads\/2015\/08\/JAZZZEITUNGDE_Logo_Neu.png?resize=96%2C96&ssl=159975dcacb611b5700bd619b5daf0a7a","url":"https:\/\/i0.wp.com\/www.jazzzeitung.de\/cms\/wp-content\/uploads\/2015\/08\/JAZZZEITUNGDE_Logo_Neu.png?resize=96%2C96&ssl=1","contentUrl":"https:\/\/i0.wp.com\/www.jazzzeitung.de\/cms\/wp-content\/uploads\/2015\/08\/JAZZZEITUNGDE_Logo_Neu.png?resize=96%2C96&ssl=1","caption":"Redaktion JazzZeitung"},"description":"Artikel der Redaktion der JazzZeitung.","sameAs":["http:\/\/www.jazzzeitung.de\/cms\/"],"url":"https:\/\/www.jazzzeitung.de\/cms\/author\/redaktion\/"}]}},"wp-worthy-pixel":{"ignored":false,"public":null,"server":null,"url":null},"wp-worthy-type":"normal","jetpack_publicize_connections":[],"cc_featured_image_caption":{"caption_text":false,"source_text":false,"source_url":false},"jetpack_featured_media_url":"https:\/\/i0.wp.com\/www.jazzzeitung.de\/cms\/wp-content\/uploads\/2017\/10\/Pablo-Held-Trio-Wald-73423.jpg?fit=2953%2C1969&ssl=1","jetpack_shortlink":"https:\/\/wp.me\/p3KEcT-3yu","jetpack-related-posts":[{"id":29211,"url":"https:\/\/www.jazzzeitung.de\/cms\/2023\/03\/news-regensburg-huerth-ljjo-baden-wuerttemberg\/","url_meta":{"origin":13670,"position":0},"title":"News: +++ Regensburg +++ H\u00fcrth +++ LJJO Baden-W\u00fcrttemberg +++","author":"Redaktion JazzZeitung","date":"14. M\u00e4rz 2023","format":false,"excerpt":"+++ Highlight-April im Regensburger Jazzclub +++ Neben dem allmonatlichen Jazz-Brunch im Degginger (diesen Monat Yankee Meier Organ Trio, Sonntag 23. April 2023) und der Session im Leeren Beutel (Sessionleiter: Danube in Blue, 3. April 2023), veranstaltet der Regensburger Jazzclub wiederholt hochkar\u00e4tige Konzerte im Leeren Beutel und im Caf\u00e9 Degginger. Das\u2026","rel":"","context":"In &quot;News&quot;","block_context":{"text":"News","link":"https:\/\/www.jazzzeitung.de\/cms\/thema\/nachrichten\/"},"img":{"alt_text":"","src":"https:\/\/i0.wp.com\/www.jazzzeitung.de\/cms\/wp-content\/uploads\/2023\/03\/jc-20230404-Tobias-Meinhart-The-Painter%C2%A9-Mariana-Meraz_Jazzclub-Regensburg.jpg?fit=1200%2C801&ssl=1&resize=350%2C200","width":350,"height":200,"srcset":"https:\/\/i0.wp.com\/www.jazzzeitung.de\/cms\/wp-content\/uploads\/2023\/03\/jc-20230404-Tobias-Meinhart-The-Painter%C2%A9-Mariana-Meraz_Jazzclub-Regensburg.jpg?fit=1200%2C801&ssl=1&resize=350%2C200 1x, https:\/\/i0.wp.com\/www.jazzzeitung.de\/cms\/wp-content\/uploads\/2023\/03\/jc-20230404-Tobias-Meinhart-The-Painter%C2%A9-Mariana-Meraz_Jazzclub-Regensburg.jpg?fit=1200%2C801&ssl=1&resize=525%2C300 1.5x, https:\/\/i0.wp.com\/www.jazzzeitung.de\/cms\/wp-content\/uploads\/2023\/03\/jc-20230404-Tobias-Meinhart-The-Painter%C2%A9-Mariana-Meraz_Jazzclub-Regensburg.jpg?fit=1200%2C801&ssl=1&resize=700%2C400 2x, https:\/\/i0.wp.com\/www.jazzzeitung.de\/cms\/wp-content\/uploads\/2023\/03\/jc-20230404-Tobias-Meinhart-The-Painter%C2%A9-Mariana-Meraz_Jazzclub-Regensburg.jpg?fit=1200%2C801&ssl=1&resize=1050%2C600 3x"},"classes":[]},{"id":28546,"url":"https:\/\/www.jazzzeitung.de\/cms\/2022\/10\/iiro-rantalas-flock-gestern-in-der-muenchener-unterfahrt-heute-im-jazzclub-leerer-beutel-in-regensburg\/","url_meta":{"origin":13670,"position":1},"title":"Iiro Rantala\u2019s FLOCK &#8211; gestern in der M\u00fcnchener Unterfahrt, heute im Jazzclub Leerer Beutel in Regensburg","author":"Redaktion JazzZeitung","date":"27. Oktober 2022","format":false,"excerpt":"Veranstalten wird immer mehr zum Abenteuer. Der Vorverkauf zum Beispiel erweist sich inzwischen als Auslaufmodell. Zuschauer:innen entschlie\u00dfen sich immer kurzfristiger zum Kulturgenuss, mal abgesehen vom Partysegment. Die Kalkulierbarkeit von Tourneen nimmt ab, der Geldwert auch, es hagelt bereits Absagen zugunsten der Streaming-Couch. Reisen wird schwieriger, von Flugscham bis zur Versp\u00e4tungslotterie\u2026","rel":"","context":"In &quot;Bericht&quot;","block_context":{"text":"Bericht","link":"https:\/\/www.jazzzeitung.de\/cms\/thema\/bericht\/"},"img":{"alt_text":"","src":"https:\/\/i0.wp.com\/www.jazzzeitung.de\/cms\/wp-content\/uploads\/2022\/10\/DSC00944.jpg?fit=1200%2C800&ssl=1&resize=350%2C200","width":350,"height":200,"srcset":"https:\/\/i0.wp.com\/www.jazzzeitung.de\/cms\/wp-content\/uploads\/2022\/10\/DSC00944.jpg?fit=1200%2C800&ssl=1&resize=350%2C200 1x, https:\/\/i0.wp.com\/www.jazzzeitung.de\/cms\/wp-content\/uploads\/2022\/10\/DSC00944.jpg?fit=1200%2C800&ssl=1&resize=525%2C300 1.5x, https:\/\/i0.wp.com\/www.jazzzeitung.de\/cms\/wp-content\/uploads\/2022\/10\/DSC00944.jpg?fit=1200%2C800&ssl=1&resize=700%2C400 2x, https:\/\/i0.wp.com\/www.jazzzeitung.de\/cms\/wp-content\/uploads\/2022\/10\/DSC00944.jpg?fit=1200%2C800&ssl=1&resize=1050%2C600 3x"},"classes":[]},{"id":29366,"url":"https:\/\/www.jazzzeitung.de\/cms\/2023\/04\/poetische-jazzsongs-mit-humor-und-tiefe\/","url_meta":{"origin":13670,"position":2},"title":"Poetische Jazzsongs mit Humor und Tiefe","author":"Michael Scheiner","date":"25. April 2023","format":false,"excerpt":"Konzert. Um ein Haar w\u00e4re der gro\u00dfartige Auftritt von S\u00e4ngerin Efrat Alony Covid zum Opfer gefallen. \u00a0 Regensburg. Nach au\u00dfen schrill, nach innen poetisch, tr\u00e4umerisch und oft alles andere als geradlinig. Efrat Alonys Songs besch\u00e4ftigen sich auf vielf\u00e4ltige Weise mit Eindr\u00fccken und ihrer Sicht auf die Welt um sie herum\u2026","rel":"","context":"In &quot;Bericht&quot;","block_context":{"text":"Bericht","link":"https:\/\/www.jazzzeitung.de\/cms\/thema\/bericht\/"},"img":{"alt_text":"","src":"https:\/\/i0.wp.com\/www.jazzzeitung.de\/cms\/wp-content\/uploads\/2023\/04\/alony-band_12.jpg?fit=1200%2C769&ssl=1&resize=350%2C200","width":350,"height":200,"srcset":"https:\/\/i0.wp.com\/www.jazzzeitung.de\/cms\/wp-content\/uploads\/2023\/04\/alony-band_12.jpg?fit=1200%2C769&ssl=1&resize=350%2C200 1x, https:\/\/i0.wp.com\/www.jazzzeitung.de\/cms\/wp-content\/uploads\/2023\/04\/alony-band_12.jpg?fit=1200%2C769&ssl=1&resize=525%2C300 1.5x, https:\/\/i0.wp.com\/www.jazzzeitung.de\/cms\/wp-content\/uploads\/2023\/04\/alony-band_12.jpg?fit=1200%2C769&ssl=1&resize=700%2C400 2x, https:\/\/i0.wp.com\/www.jazzzeitung.de\/cms\/wp-content\/uploads\/2023\/04\/alony-band_12.jpg?fit=1200%2C769&ssl=1&resize=1050%2C600 3x"},"classes":[]},{"id":3016,"url":"https:\/\/www.jazzzeitung.de\/cms\/2013\/11\/jazzclub-des-monats-november-der-jazzclub-regensburg\/","url_meta":{"origin":13670,"position":3},"title":"Jazzclub des Monats November: Der Jazzclub Regensburg","author":"Redaktion JazzZeitung","date":"14. November 2013","format":false,"excerpt":"Der Jazzclub Regensburg wurde vom Staatsminister f\u00fcr Kultur und Medien mit dem Spielst\u00e4ttenprogrammpreis 2013 ausgezeichnet. Aus 320 Einsendungen w\u00e4hlte eine Fachjury 55 Preistr\u00e4ger in drei Kategorien aus. Damit z\u00e4hlt der Jazzclub Regensburg zu insgesamt noch 12 ausgezeichneten Clubs aus Bayern. Unsere Mitarbeiterin Caro Kirsch hat sich den Club n\u00e4her angeschaut.\u2026","rel":"","context":"In &quot;Jazzclub des Monats&quot;","block_context":{"text":"Jazzclub des Monats","link":"https:\/\/www.jazzzeitung.de\/cms\/thema\/clubs\/jazzclub-des-monats\/"},"img":{"alt_text":"Winnie Freisleben nimmt den Spielst\u00e4ttenprogrammpreis aus den H\u00e4nden von Bernd Neumann entgegen","src":"https:\/\/i0.wp.com\/www.jazzzeitung.de\/cms\/wp-content\/uploads\/2013\/11\/61InitiativeMusikgGmbH2013_y-kaufmann-150x150.jpg?resize=350%2C200","width":350,"height":200},"classes":[]},{"id":33044,"url":"https:\/\/www.jazzzeitung.de\/cms\/2025\/09\/news-jazzahead-april-2026-ab-sofort-startet-die-registrierung-und-die-bewerbungsphase-fuer-die-38-showcase-konzerte-albert-mangelsdorff-preis-2025-geht-an-lauren-newton-jazzclub-reg\/","url_meta":{"origin":13670,"position":4},"title":"+++ News: +++ jazzahead! April 2026: Ab sofort startet die Registrierung und die Bewerbungsphase f\u00fcr die 38 Showcase-Konzerte +++ Albert-Mangelsdorff-Preis 2025 geht an Lauren Newton +++ Jazzclub Regensburg \u00fcbernimmt den Saal in des st\u00e4dtischen Kulturhauses Leerer Beutels in Eigenregie+++","author":"Andreas Kolb","date":"2. September 2025","format":false,"excerpt":"+++ Albert-Mangelsdorff-Preis 2025 geht an Lauren Newton +++ Zum 17. Mal wird der Albert-Mangelsdorff-Preis in Anerkennung f\u00fcr Jazz- und Improvisationsmusiker:innen vergeben Die US-amerikanische und in Deutschland aktive Vokalistin Lauren Newton wird in diesem Jahr mit dem Albert-Mangelsdorff-Preis geehrt. Er gilt als bedeutende Auszeichnung f\u00fcr Jazzmusiker*innen in Deutschland und wird seit\u2026","rel":"","context":"In &quot;News&quot;","block_context":{"text":"News","link":"https:\/\/www.jazzzeitung.de\/cms\/thema\/nachrichten\/"},"img":{"alt_text":"","src":"https:\/\/i0.wp.com\/www.jazzzeitung.de\/cms\/wp-content\/uploads\/2021\/11\/lauren-newton3.jpg?fit=1200%2C675&ssl=1&resize=350%2C200","width":350,"height":200,"srcset":"https:\/\/i0.wp.com\/www.jazzzeitung.de\/cms\/wp-content\/uploads\/2021\/11\/lauren-newton3.jpg?fit=1200%2C675&ssl=1&resize=350%2C200 1x, https:\/\/i0.wp.com\/www.jazzzeitung.de\/cms\/wp-content\/uploads\/2021\/11\/lauren-newton3.jpg?fit=1200%2C675&ssl=1&resize=525%2C300 1.5x, https:\/\/i0.wp.com\/www.jazzzeitung.de\/cms\/wp-content\/uploads\/2021\/11\/lauren-newton3.jpg?fit=1200%2C675&ssl=1&resize=700%2C400 2x, https:\/\/i0.wp.com\/www.jazzzeitung.de\/cms\/wp-content\/uploads\/2021\/11\/lauren-newton3.jpg?fit=1200%2C675&ssl=1&resize=1050%2C600 3x"},"classes":[]},{"id":14054,"url":"https:\/\/www.jazzzeitung.de\/cms\/2017\/11\/lyambiko-im-jazzclub-regensburg-relaxte-swingsongs-ueber-die-liebe\/","url_meta":{"origin":13670,"position":5},"title":"Lyambiko im Jazzclub Regensburg: Relaxte Swingsongs \u00fcber die Liebe","author":"Michael Scheiner","date":"2. November 2017","format":false,"excerpt":"An den Fl\u00fcgel gelehnt, sang sie als Zugabe \u201eM\u00fctterlein\u201c. Ohne Mikro, nur mit der Kraft ihrer wandlungsf\u00e4higen Stimme. Freilich nicht in der deutschen Originalversion von Fred Rauch und Gerhard Winkler, sondern in der englischen Interpretation \u201eAnswer Me (My Love)\u201c von Carl Sigman. Damit landete der gro\u00dfe Nat King Cole 1954\u2026","rel":"","context":"In &quot;Bericht&quot;","block_context":{"text":"Bericht","link":"https:\/\/www.jazzzeitung.de\/cms\/thema\/bericht\/"},"img":{"alt_text":"Lyambiko mit Band im Jazzclub Leerer beutel. Foto: Michael Scheiner","src":"https:\/\/i0.wp.com\/www.jazzzeitung.de\/cms\/wp-content\/uploads\/2017\/11\/Lyambiko-Band_86.jpg?fit=1200%2C795&ssl=1&resize=350%2C200","width":350,"height":200,"srcset":"https:\/\/i0.wp.com\/www.jazzzeitung.de\/cms\/wp-content\/uploads\/2017\/11\/Lyambiko-Band_86.jpg?fit=1200%2C795&ssl=1&resize=350%2C200 1x, https:\/\/i0.wp.com\/www.jazzzeitung.de\/cms\/wp-content\/uploads\/2017\/11\/Lyambiko-Band_86.jpg?fit=1200%2C795&ssl=1&resize=525%2C300 1.5x, https:\/\/i0.wp.com\/www.jazzzeitung.de\/cms\/wp-content\/uploads\/2017\/11\/Lyambiko-Band_86.jpg?fit=1200%2C795&ssl=1&resize=700%2C400 2x, https:\/\/i0.wp.com\/www.jazzzeitung.de\/cms\/wp-content\/uploads\/2017\/11\/Lyambiko-Band_86.jpg?fit=1200%2C795&ssl=1&resize=1050%2C600 3x"},"classes":[]}],"jetpack_sharing_enabled":true,"_links":{"self":[{"href":"https:\/\/www.jazzzeitung.de\/cms\/wp-json\/wp\/v2\/posts\/13670","targetHints":{"allow":["GET"]}}],"collection":[{"href":"https:\/\/www.jazzzeitung.de\/cms\/wp-json\/wp\/v2\/posts"}],"about":[{"href":"https:\/\/www.jazzzeitung.de\/cms\/wp-json\/wp\/v2\/types\/post"}],"author":[{"embeddable":true,"href":"https:\/\/www.jazzzeitung.de\/cms\/wp-json\/wp\/v2\/users\/18"}],"replies":[{"embeddable":true,"href":"https:\/\/www.jazzzeitung.de\/cms\/wp-json\/wp\/v2\/comments?post=13670"}],"version-history":[{"count":2,"href":"https:\/\/www.jazzzeitung.de\/cms\/wp-json\/wp\/v2\/posts\/13670\/revisions"}],"predecessor-version":[{"id":13858,"href":"https:\/\/www.jazzzeitung.de\/cms\/wp-json\/wp\/v2\/posts\/13670\/revisions\/13858"}],"wp:featuredmedia":[{"embeddable":true,"href":"https:\/\/www.jazzzeitung.de\/cms\/wp-json\/wp\/v2\/media\/13671"}],"wp:attachment":[{"href":"https:\/\/www.jazzzeitung.de\/cms\/wp-json\/wp\/v2\/media?parent=13670"}],"wp:term":[{"taxonomy":"category","embeddable":true,"href":"https:\/\/www.jazzzeitung.de\/cms\/wp-json\/wp\/v2\/categories?post=13670"},{"taxonomy":"post_tag","embeddable":true,"href":"https:\/\/www.jazzzeitung.de\/cms\/wp-json\/wp\/v2\/tags?post=13670"},{"taxonomy":"author","embeddable":true,"href":"https:\/\/www.jazzzeitung.de\/cms\/wp-json\/wp\/v2\/coauthors?post=13670"}],"curies":[{"name":"wp","href":"https:\/\/api.w.org\/{rel}","templated":true}]}}